{"id":43120,"date":"2016-07-24T08:20:07","date_gmt":"2016-07-24T06:20:07","guid":{"rendered":"http:\/\/somos.vicencianos.org\/blog\/2011\/06\/espiritualidad-vicenciana-perdon\/"},"modified":"2016-07-24T08:20:07","modified_gmt":"2016-07-24T06:20:07","slug":"espiritualidad-vicenciana-perdon","status":"publish","type":"post","link":"https:\/\/vincentians.com\/es\/espiritualidad-vicenciana-perdon\/","title":{"rendered":"Espiritualidad vicenciana: Perd\u00f3n"},"content":{"rendered":"<p><img data-recalc-dims=\"1\" loading=\"lazy\" decoding=\"async\" class=\"alignnone size-medium wp-image-387591 alignleft\" src=\"https:\/\/i0.wp.com\/vicencianos.org\/wp-content\/uploads\/2011\/06\/asd-3-300x138.jpg?resize=300%2C138\" alt=\"asd\" width=\"300\" height=\"138\" \/>En el rito sacramental de la Reconciliaci\u00f3n po\u00addemos escuchar las palabras pronunciadas sobre nosotros: \u00abQue Dios te conceda el perd\u00f3n y la paz\u00bb. En cierto sentido se podr\u00eda decir que toda la fuerza de san Vicente en el ministerio estaba en mediar el perd\u00f3n de Dios para todos los que entraban en contacto con \u00e9l. As\u00ed como vemos sus tareas y trabajos como manifestaci\u00f3n de la misericordia del Se\u00f1or, miramos tambi\u00e9n sus pa\u00adlabras y ense\u00f1anzas con la misma finalidad.<\/p>\n<p>Sus orientaciones a los misioneros los ex\u00adhortan a predicar el arrepentimiento y a o\u00edr las confesiones (RC CM 1, 2).<\/p>\n<p>Un gran motivo para la mansedumbre es que por esta virtud se anima al pueblo a volver al Se\u00ad\u00f1or (ib. II, 6 cf. P\u00e9rez Flores-Orcajo, <em>El camino de san Vicente es nuestro camino, <\/em>CEME, Salaman\u00adca 1986, 128-130).<\/p>\n<p>El profundo sentido que tiene san Vicente de la salvaci\u00f3n de Dios le condujo a tener un gran deseo de extender el abrazo de la misericordia a m\u00e1s y m\u00e1s gente, especialmente a los pobres marginados. Urge y organiza a sus seguidores imaginando que Jes\u00fas mismo les est\u00e1 llamando para salir y predicar a los otros, porque <em>\u00abquiz\u00e1s su salvaci\u00f3n depende de vuestra predicaci\u00f3n y ca\u00adtequesis\u00bb <\/em>(X1, 56). El Santo es consciente de que llevar la redenci\u00f3n y el perd\u00f3n al pr\u00f3jimo puede ser muy costoso. T\u00edpicamente invoca aqu\u00ed el ejem\u00adplo de Jes\u00fas, que sufri\u00f3 tan horriblemente y lle\u00adv\u00f3 una corona de espinas para salvarnos (XI, 58).<\/p>\n<p>Cuando Vicente cuenta una y otra vez el ori\u00adgen de la Congregaci\u00f3n en la Iglesia, pone un gozoso sentimiento de c\u00f3mo la compasi\u00f3n de Dios ha sido llevada a los pobres por los sacer\u00addotes de la Misi\u00f3n. Con esta ocasi\u00f3n contempla la posibilidad de ampliar esta buena influencia, y el Fundador pide perd\u00f3n por sus propias faltas y por las de los misioneros (X1, 94ss).<\/p>\n<p>En la experiencia ministerial de san Vicente se puede ver claramente una fuerte prueba del per\u00add\u00f3n de Dios. \u00c9l fue testigo personal en la confe\u00adsi\u00f3n de un hombre en Gannes, Picard\u00eda. Esto dej\u00f3 una profunda impresi\u00f3n en \u00e9l al ver la nece\u00adsidad de la gracia del perd\u00f3n entre la gente aban\u00addonada del campo. De hecho, el penitente hizo a continuaci\u00f3n una confesi\u00f3n p\u00fablica de sus peca\u00addos y c\u00f3mo los hab\u00eda venido ocultando durante mu\u00adchos a\u00f1os. \u00c9ste y otros episodios similares esti\u00admularon a una noble se\u00f1ora, la Se\u00f1ora de Gondi, a pedir al joven sacerdote que fundara una co\u00admunidad de buenos sacerdotes con el prop\u00f3sito de compartir la misericordia de Dios con los po\u00adbres (X1, 698s; cf. Maloney, <em>El camino de Vicente de Pa\u00fal. <\/em>CEME, Salamanca 1993, 27-32). Poco des\u00adpu\u00e9s, el 25 de enero de 1617, Vicente dio el fa\u00admoso primer serm\u00f3n de misi\u00f3n en Folleville, en la misma regi\u00f3n, exhortando a los habitantes a la confesi\u00f3n general (X1, 700). Sus palabras fueron bendecidas por el Se\u00f1or de tal modo que ven\u00eda can\u00adtidad de gente para ser perdonadas en la confe\u00adsi\u00f3n, y debieron invitar a los jesuitas de Amiens para echar una mano a los confesores. De all\u00ed se ampli\u00f3 el movimiento arrollando los pueblos ve\u00adcinos, como una gran oleada de bondad, <em>\u00abpor el poder de la misericordia de Dios\u00bb <\/em>(XI, 700).<\/p>\n<p>Desde el comienzo, dar la gracia del perd\u00f3n a trav\u00e9s de la confesi\u00f3n iba de mano con la predicaci\u00f3n y la catequesis en este nuevo mo\u00advimiento de misi\u00f3n (ib.). Vicente estaba tan con\u00advencido del valor de ofrecer la misericordia divi\u00adna a los pecadores, que se preocup\u00f3 tambi\u00e9n por la condici\u00f3n del clero, algunos de cuyos miembros no sab\u00edan siquiera las palabras de la absoluci\u00f3n (XI, 95).<\/p>\n<p>As\u00ed fue avanzando gradualmente hasta esta\u00adblecer una comunidad para la misi\u00f3n con la fina\u00adlidad de liberar una corriente de perd\u00f3n de Dios para los pobres, el pueblo necesitado de su tiem\u00adpo, y ayudar a formar otros sacerdotes para ad\u00administrar los sacramentos dignamente (X1, 96). De igual manera, el mismo var\u00f3n prof\u00e9tico inici\u00f3 el trabajo de los retiros en la casa-madre y en otros lugares. En m\u00e1s de una ocasi\u00f3n tuvo raz\u00f3n al de\u00adfender este ministerio en varios terrenos, no me\u00adnos que la potencial conversi\u00f3n de las personas a atender, <em>\u00aba las que el Se\u00f1or podr\u00eda convertir\u00bb. <\/em>(Rom\u00e1n, <em>San Vicente de Pa\u00fal. Biograf\u00eda., <\/em>BAC, Ma\u00addrid 1981, 364, tom\u00e1ndolo de Abelly).<\/p>\n<p>En la historia de los comienzos y efectos del Jansenismo, san Vicente jug\u00f3 un papel impor\u00adtante como opuesto a esta herej\u00eda. L\u00f3gicamente el evangelizador de los pobres, el olvidado pue\u00adblo, vio en esta elitista, pero pesimista, doctrina una total ant\u00edtesis a su fuerte impulso por reno\u00advar la Iglesia. La opini\u00f3n jansenista, relacionada con la de Lutero sobre la virtual corrupci\u00f3n de la naturaleza humana, era como una restricci\u00f3n del poder de salvaci\u00f3n. La clara incapacidad para escapar de la condenaci\u00f3n para algunos y el re\u00adchazo ampliamente extendido de la comuni\u00f3n frecuente no eran de ning\u00fan modo bienvistos por Vicente de Pa\u00fal, que era un tipo tan incondicio\u00adnal en invocar el amor misericordioso de Dios co\u00admo contrario a la fr\u00eda austeridad jansenista (Rom\u00e1n, <em>o. c., <\/em>598ss; Coste, <em>El se\u00f1or Vicente. El gran san\u00adto\u2026 <\/em>CEME, Salamanca 1992, III, 103-128). La prue\u00adba de sus enormes esfuerzos a este respecto es el hecho de que los jansenistas vieron en \u00e9l un adversario que no pudieron ignorar f\u00e1cilmente (Coste, <em>o. c., <\/em>III, 127). El breve estudio que el mis\u00admo Santo escribi\u00f3 sobre el tema de la gracia re\u00adfuta claramente las pretensiones jansenistas, y muestra que la voluntad salv\u00edfica de Dios abarca a toda la gente. Dios da gracia suficiente, pero no\u00adsotros debemos tambi\u00e9n comprometernos a ha\u00adcer nuestra parte. San Vicente expresa esto de este modo en el trabajo referido: <em>\u00abToda la gloria se debe a Dios, lo mismo que el maestro que to\u00adma y gu\u00eda la mano del ni\u00f1o para hacerle escribir\u00bb <\/em>(X, 197).<\/p>\n<p>Respecto a la confesi\u00f3n sacramental como gran parte de la evangelizaci\u00f3n vicenciana, uno puede ver el avanzado sentido en el cual se en\u00adtendi\u00f3. Una de las conferencias del Fundador a las Hijas de la Caridad est\u00e1 dedicada a este sacramento (IX, 506ss). En ella encontramos los me\u00addios para un crecimiento personal, junto al perd\u00f3n de los pecados. El tratamiento adoptado es el de una amplia catequesis llena de sabidur\u00eda, con una fuerte afirmaci\u00f3n concluyente para subrayar la doctrina: <em>\u00ab\u00c9sta <\/em>(una buena confesi\u00f3n) <em>es la base de la perfecci\u00f3n, y quiero creer que, si obr\u00e1is de esta manera, Dios os colmar\u00e1 de sus gracias\u00bb <\/em>(IX, 515).<\/p>\n<p>El perd\u00f3n que nosotros recibimos de Dios de\u00adber\u00edamos extenderlo a aquellos que han podido ofendernos. San Vicente expone este profundo imperativo cristiano en el contexto de la reconci\u00adliaci\u00f3n personal con los otros. Tambi\u00e9n alude al texto de Ef. 4, 26 sobre no dejar que el sol se pon\u00adga sobre vuestra ira (IX, 1023). Hay una nota particularmente fuerte de \u00edntima conversi\u00f3n y dulzura en la manera en que describe este pro\u00adceso. Nos vemos conducidos a una actitud de agradecimiento a Dios por este don: \u00abY <em>como to\u00addos nosotros somos pobres pecadores, d\u00e9mos\u00adle gracias a Dios por habernos dado un medio tan f\u00e1cil para reconciliarnos unos con otros\u00bb <\/em>(IX, 1026). Este examen de la experiencia y men\u00adsaje de san Vicente sobre el perd\u00f3n de Dios, nos muestra cu\u00e1n central es en el modelo de su vi\u00adsi\u00f3n misionera.<\/p>\n<p><strong>Evaluaci\u00f3n<\/strong><\/p>\n<p>El tenor del pensamiento vicenciano sobre el perd\u00f3n est\u00e1 enfocado predominantemente en la direcci\u00f3n de la misericordia de Dios. Hay, es cier\u00adto, algunas referencias a la justicia divina y al te\u00admor de Dios (v. g. XI, 272. 434. 657); pero Vicente no enfatiza el uso del castigo como motivaci\u00f3n, cosa muy en boga, por otra parte, en los tiempos postridentinos.<\/p>\n<p>La teolog\u00eda moderna en el esp\u00edritu del Vatica\u00adno II, pone el \u00e9nfasis en el amor a Dios como incentivo supremo para la conversi\u00f3n y el cre\u00adcimiento en la virtud cristiana. Esto se basa en un s\u00f3lido fundamento escritur\u00edstico (cf. X. Le\u00f3n-Du\u00adfour, <em>Vocabulario de Teolog\u00eda b\u00edblica, <\/em>HERDER, Bar\u00adcelona, v. <em>Penitencia, conversi\u00f3n), <\/em>particularmente evidente en los evangelios, donde Jes\u00fas salva a los pecadores en muchos encuentros c\u00e9lebres. El amor del Padre llama interiormente al hijo pr\u00f3\u00addigo, que, por supuesto, debe luego decidir per\u00adsonalmente aceptar aquel amor y avanzar hacia el perd\u00f3n ofrecido (Lc. 15). Puede haber pecado m\u00e1s o menos grave, pero el Se\u00f1or perdonador en\u00adsancha el toque curativo del perd\u00f3n (V. Mona-mara, <em>The Truth in Love, <\/em>Dublin 1988, p. 172ss). La perspectiva vicenciana armoniza con todo es\u00adto, y todav\u00eda ser\u00eda muy bien vista por nuestra mentalidad contempor\u00e1nea en cuanto compro\u00admetida con la persona en su totalidad. El Funda\u00addor deseaba que sus sacerdotes de la Misi\u00f3n evi\u00ad taran como una plaga cierta especie de severidad con los pecadores (RC CM XII, 11).<\/p>\n<p>Parece que Vicente comparte la opini\u00f3n pre\u00advalente en la escol\u00e1stica de que la salvaci\u00f3n re\u00adquiere el conocimiento expl\u00edcito de los misterios de la Trinidad y la Encarnaci\u00f3n. Esto podr\u00eda ser muy bien una espuela para el celo y la miseri\u00adcordia hacia los ignorantes (cf. v. g. (X, 919). En este aspecto, sin embargo, la actitud de hoy es m\u00e1s benigna, siguiendo la doctrina del Vaticano II sobre la voluntad salv\u00edfica universal de Dios y la disponibilidad de su gracia para toda persona de buena voluntad, fuera incluso de los l\u00edmites de la condici\u00f3n espec\u00edficamente cristiana de miem\u00adbros de la Iglesia <em>(Lumen Gentium, <\/em>16).<\/p>\n<p>En nuestra valoraci\u00f3n de su doctrina sobre el perd\u00f3n, no podemos olvidar la influencia de la propia conversi\u00f3n de Vicente y la compasi\u00f3n del Se\u00f1or que la rode\u00f3. \u00c9l lleg\u00f3 a ver la grandeza de su llamada y la mezquindad de sus pasados des\u00adlices en la adolescencia y joven adultez. Pero unos cuatro a\u00f1os antes de 1612, fue moldeado con los definitivos perfiles del hombre nuevo, en con\u00adtraste con su propio pasado (R. Stafford Pool, en <em>Vincentiana <\/em>28 (1984) 435ss). La frecuentemen\u00adte repetida manifestaci\u00f3n de su capacidad de pe\u00adcar (sin duda exagerada por humildad) refleja impl\u00edcitamente la convicci\u00f3n maduramente for\u00admada de que la gracia del Dios perdonador est\u00e1 grabada indeleblemente en su persona. El hom\u00adbre que ha recibido mucho perd\u00f3n puede ser realmente un testigo cre\u00edble del mismo en su pro\u00adpia vida y sus palabras. Este testimonio vivo tie\u00adne gran peso en estos tiempos.<\/p>\n<p>La gran Buena Nueva de Cristo comienza y si\u00adgue con el chorro de perd\u00f3n y de paz como com\u00adpa\u00f1era. El pecador puede alegrarse y mirar hacia adelante hacia una nueva vida de cumplimiento real cada d\u00eda. Vicente de Pa\u00fal se aferra a la esen\u00adcia de esta verdad evang\u00e9lica. Con su fecunda vi\u00adda y sus palabras la comparte abundantemente con nosotros.<\/p>\n","protected":false},"excerpt":{"rendered":"<p>En el rito sacramental de la Reconciliaci\u00f3n po\u00addemos escuchar las palabras pronunciadas sobre nosotros: \u00abQue Dios te conceda el perd\u00f3n y la paz\u00bb. En cierto sentido se podr\u00eda decir que toda la fuerza de san &#8230; <a href=\"https:\/\/vincentians.com\/es\/espiritualidad-vicenciana-perdon\/\" class=\"more-link\">Read More<\/a><\/p>\n","protected":false},"author":4,"featured_media":388395,"comment_status":"open","ping_status":"open","sticky":false,"template":"","format":"standard","meta":{"jetpack_post_was_ever_published":false,"_jetpack_newsletter_access":"","_jetpack_dont_email_post_to_subs":false,"_jetpack_newsletter_tier_id":0,"_jetpack_memberships_contains_paywalled_content":false,"_jetpack_memberships_contains_paid_content":false,"footnotes":"","jetpack_publicize_message":"","jetpack_publicize_feature_enabled":true,"jetpack_social_post_already_shared":true,"jetpack_social_options":{"image_generator_settings":{"template":"highway","default_image_id":0,"font":"","enabled":false},"version":2}},"categories":[226],"tags":[218,175,145,119,120],"class_list":["post-43120","post","type-post","status-publish","format-standard","has-post-thumbnail","hentry","category-espiritualidad-vicenciana","tag-abelly","tag-folleville","tag-gannes","tag-gondi","tag-senora-de-gondi"],"yoast_head":"<!-- This site is optimized with the Yoast SEO plugin v26.3 - https:\/\/yoast.com\/wordpress\/plugins\/seo\/ -->\n<title>Espiritualidad vicenciana: Perd\u00f3n - Somos Vicencianos<\/title>\n<meta name=\"robots\" content=\"index, follow, max-snippet:-1, max-image-preview:large, max-video-preview:-1\" \/>\n<link rel=\"canonical\" href=\"https:\/\/vincentians.com\/es\/espiritualidad-vicenciana-perdon\/\" \/>\n<meta property=\"og:locale\" content=\"es_ES\" \/>\n<meta property=\"og:type\" content=\"article\" \/>\n<meta property=\"og:title\" content=\"Espiritualidad vicenciana: Perd\u00f3n - Somos Vicencianos\" \/>\n<meta property=\"og:description\" content=\"En el rito sacramental de la Reconciliaci\u00f3n po\u00addemos escuchar las palabras pronunciadas sobre nosotros: \u00abQue Dios te conceda el perd\u00f3n y la paz\u00bb. En cierto sentido se podr\u00eda decir que toda la fuerza de san ... Read More\" \/>\n<meta property=\"og:url\" content=\"https:\/\/vincentians.com\/es\/espiritualidad-vicenciana-perdon\/\" \/>\n<meta property=\"og:site_name\" content=\"Somos Vicencianos\" \/>\n<meta property=\"article:publisher\" content=\"https:\/\/www.facebook.com\/WeAreVincentians\/\" \/>\n<meta property=\"article:author\" content=\"https:\/\/www.facebook.com\/JavierChento\" \/>\n<meta property=\"article:published_time\" content=\"2016-07-24T06:20:07+00:00\" \/>\n<meta property=\"og:image\" content=\"https:\/\/i0.wp.com\/vincentians.com\/es\/wp-content\/uploads\/sites\/11\/2016\/07\/espiritualidad-vicenciana.jpg?fit=1200%2C630&ssl=1\" \/>\n\t<meta property=\"og:image:width\" content=\"1200\" \/>\n\t<meta property=\"og:image:height\" content=\"630\" \/>\n\t<meta property=\"og:image:type\" content=\"image\/jpeg\" \/>\n<meta name=\"author\" content=\"Francisco Javier Fern\u00e1ndez Chento\" \/>\n<meta name=\"twitter:card\" content=\"summary_large_image\" \/>\n<meta name=\"twitter:creator\" content=\"@https:\/\/twitter.com\/javierchento\" \/>\n<meta name=\"twitter:site\" content=\"@WeVincentians\" \/>\n<meta name=\"twitter:label1\" content=\"Escrito por\" \/>\n\t<meta name=\"twitter:data1\" content=\"Francisco Javier Fern\u00e1ndez Chento\" \/>\n\t<meta name=\"twitter:label2\" content=\"Tiempo de lectura\" \/>\n\t<meta name=\"twitter:data2\" content=\"10 minutos\" \/>\n<script type=\"application\/ld+json\" class=\"yoast-schema-graph\">{\"@context\":\"https:\/\/schema.org\",\"@graph\":[{\"@type\":\"Article\",\"@id\":\"https:\/\/vincentians.com\/es\/espiritualidad-vicenciana-perdon\/#article\",\"isPartOf\":{\"@id\":\"https:\/\/vincentians.com\/es\/espiritualidad-vicenciana-perdon\/\"},\"author\":{\"name\":\"Francisco Javier Fern\u00e1ndez Chento\",\"@id\":\"http:\/\/vincentians.com\/es\/#\/schema\/person\/9623ef4d9aa3b2dfb8c061f1499288f2\"},\"headline\":\"Espiritualidad vicenciana: Perd\u00f3n\",\"datePublished\":\"2016-07-24T06:20:07+00:00\",\"mainEntityOfPage\":{\"@id\":\"https:\/\/vincentians.com\/es\/espiritualidad-vicenciana-perdon\/\"},\"wordCount\":1948,\"commentCount\":0,\"publisher\":{\"@id\":\"http:\/\/vincentians.com\/es\/#organization\"},\"image\":{\"@id\":\"https:\/\/vincentians.com\/es\/espiritualidad-vicenciana-perdon\/#primaryimage\"},\"thumbnailUrl\":\"https:\/\/i0.wp.com\/vincentians.com\/es\/wp-content\/uploads\/sites\/11\/2016\/07\/espiritualidad-vicenciana.jpg?fit=1200%2C630&ssl=1\",\"keywords\":[\"Abelly\",\"Folleville\",\"Gannes\",\"Gondi\",\"Se\u00f1ora de Gondi\"],\"articleSection\":[\"Espiritualidad vicenciana\"],\"inLanguage\":\"es\",\"potentialAction\":[{\"@type\":\"CommentAction\",\"name\":\"Comment\",\"target\":[\"https:\/\/vincentians.com\/es\/espiritualidad-vicenciana-perdon\/#respond\"]}]},{\"@type\":\"WebPage\",\"@id\":\"https:\/\/vincentians.com\/es\/espiritualidad-vicenciana-perdon\/\",\"url\":\"https:\/\/vincentians.com\/es\/espiritualidad-vicenciana-perdon\/\",\"name\":\"Espiritualidad vicenciana: Perd\u00f3n - Somos Vicencianos\",\"isPartOf\":{\"@id\":\"http:\/\/vincentians.com\/es\/#website\"},\"primaryImageOfPage\":{\"@id\":\"https:\/\/vincentians.com\/es\/espiritualidad-vicenciana-perdon\/#primaryimage\"},\"image\":{\"@id\":\"https:\/\/vincentians.com\/es\/espiritualidad-vicenciana-perdon\/#primaryimage\"},\"thumbnailUrl\":\"https:\/\/i0.wp.com\/vincentians.com\/es\/wp-content\/uploads\/sites\/11\/2016\/07\/espiritualidad-vicenciana.jpg?fit=1200%2C630&ssl=1\",\"datePublished\":\"2016-07-24T06:20:07+00:00\",\"breadcrumb\":{\"@id\":\"https:\/\/vincentians.com\/es\/espiritualidad-vicenciana-perdon\/#breadcrumb\"},\"inLanguage\":\"es\",\"potentialAction\":[{\"@type\":\"ReadAction\",\"target\":[\"https:\/\/vincentians.com\/es\/espiritualidad-vicenciana-perdon\/\"]}]},{\"@type\":\"ImageObject\",\"inLanguage\":\"es\",\"@id\":\"https:\/\/vincentians.com\/es\/espiritualidad-vicenciana-perdon\/#primaryimage\",\"url\":\"https:\/\/i0.wp.com\/vincentians.com\/es\/wp-content\/uploads\/sites\/11\/2016\/07\/espiritualidad-vicenciana.jpg?fit=1200%2C630&ssl=1\",\"contentUrl\":\"https:\/\/i0.wp.com\/vincentians.com\/es\/wp-content\/uploads\/sites\/11\/2016\/07\/espiritualidad-vicenciana.jpg?fit=1200%2C630&ssl=1\",\"width\":1200,\"height\":630},{\"@type\":\"BreadcrumbList\",\"@id\":\"https:\/\/vincentians.com\/es\/espiritualidad-vicenciana-perdon\/#breadcrumb\",\"itemListElement\":[{\"@type\":\"ListItem\",\"position\":1,\"name\":\"Portada\",\"item\":\"http:\/\/vincentians.com\/es\/\"},{\"@type\":\"ListItem\",\"position\":2,\"name\":\"Espiritualidad vicenciana: Perd\u00f3n\"}]},{\"@type\":\"WebSite\",\"@id\":\"http:\/\/vincentians.com\/es\/#website\",\"url\":\"http:\/\/vincentians.com\/es\/\",\"name\":\"Somos Vicencianos\",\"description\":\"Know more to serve more\",\"publisher\":{\"@id\":\"http:\/\/vincentians.com\/es\/#organization\"},\"potentialAction\":[{\"@type\":\"SearchAction\",\"target\":{\"@type\":\"EntryPoint\",\"urlTemplate\":\"http:\/\/vincentians.com\/es\/?s={search_term_string}\"},\"query-input\":{\"@type\":\"PropertyValueSpecification\",\"valueRequired\":true,\"valueName\":\"search_term_string\"}}],\"inLanguage\":\"es\"},{\"@type\":\"Organization\",\"@id\":\"http:\/\/vincentians.com\/es\/#organization\",\"name\":\"The Vincentian Network\",\"url\":\"http:\/\/vincentians.com\/es\/\",\"logo\":{\"@type\":\"ImageObject\",\"inLanguage\":\"es\",\"@id\":\"http:\/\/vincentians.com\/es\/#\/schema\/logo\/image\/\",\"url\":\"https:\/\/i1.wp.com\/vincentians.com\/es\/wp-content\/uploads\/sites\/11\/2016\/06\/Vincentian-Network-logo-big.png?fit=778%2C778\",\"contentUrl\":\"https:\/\/i1.wp.com\/vincentians.com\/es\/wp-content\/uploads\/sites\/11\/2016\/06\/Vincentian-Network-logo-big.png?fit=778%2C778\",\"width\":778,\"height\":778,\"caption\":\"The Vincentian Network\"},\"image\":{\"@id\":\"http:\/\/vincentians.com\/es\/#\/schema\/logo\/image\/\"},\"sameAs\":[\"https:\/\/www.facebook.com\/WeAreVincentians\/\",\"https:\/\/x.com\/WeVincentians\"]},{\"@type\":\"Person\",\"@id\":\"http:\/\/vincentians.com\/es\/#\/schema\/person\/9623ef4d9aa3b2dfb8c061f1499288f2\",\"name\":\"Francisco Javier Fern\u00e1ndez Chento\",\"image\":{\"@type\":\"ImageObject\",\"inLanguage\":\"es\",\"@id\":\"http:\/\/vincentians.com\/es\/#\/schema\/person\/image\/\",\"url\":\"https:\/\/secure.gravatar.com\/avatar\/497d5cde87b4c3d097d0315953521681ba2cd523ee66e5077c3711f7021e65de?s=96&d=mm&r=g\",\"contentUrl\":\"https:\/\/secure.gravatar.com\/avatar\/497d5cde87b4c3d097d0315953521681ba2cd523ee66e5077c3711f7021e65de?s=96&d=mm&r=g\",\"caption\":\"Francisco Javier Fern\u00e1ndez Chento\"},\"description\":\"Director General y cofundador de La Red de Formaci\u00f3n Vicenciana. Javier es laico vicenciano, afiliado a la Congregaci\u00f3n de la Misi\u00f3n y miembro del Equipo de Misiones Populares de la provincia can\u00f3nica de Zaragoza (Espa\u00f1a) de la Congregaci\u00f3n de la Misi\u00f3n. Graduado en la Universidad Oberta de Catalunya con cuatro grados (Asistente de direcci\u00f3n, Gesti\u00f3n Administrativa, Recursos Humanos y Contabilidad Avanzada). Bil\u00edng\u00fce Espa\u00f1ol\/Ingl\u00e9s. gestiona y mantiene varias p\u00e1ginas web cristianas y vicencianas, incluida including La Red de Formaci\u00f3n Vicenciana, de la que es cofundador. Actualmente es responsable del \u00e1rea de Espa\u00f1ol de .famvin, la Red de Noticias de la Familia Vicenciana. Tambi\u00e9n es m\u00fasico cat\u00f3lico y ha editado varios discos. Es Director General y cofundador de Trovador, una reconocida compa\u00f1\u00eda discogr\u00e1fica critiana de Espa\u00f1a. Trabaja en las Tecnolog\u00edas de la Informaci\u00f3n, ofreciendo servicios de alojamiento, dise\u00f1o y mantenimiento Web, as\u00ed como asesoramiento, formaci\u00f3n y soluciones inform\u00e1ticas, gesti\u00f3n documental y digitalizaci\u00f3n de textos, edici\u00f3n y maquetaci\u00f3n de libros, revistas, flyers, etc.\",\"sameAs\":[\"http:\/\/chento.org\",\"https:\/\/www.facebook.com\/JavierChento\",\"https:\/\/x.com\/https:\/\/twitter.com\/javierchento\"],\"url\":\"https:\/\/vincentians.com\/es\/author\/chento\/\"}]}<\/script>\n<!-- \/ Yoast SEO plugin. -->","yoast_head_json":{"title":"Espiritualidad vicenciana: Perd\u00f3n - Somos Vicencianos","robots":{"index":"index","follow":"follow","max-snippet":"max-snippet:-1","max-image-preview":"max-image-preview:large","max-video-preview":"max-video-preview:-1"},"canonical":"https:\/\/vincentians.com\/es\/espiritualidad-vicenciana-perdon\/","og_locale":"es_ES","og_type":"article","og_title":"Espiritualidad vicenciana: Perd\u00f3n - Somos Vicencianos","og_description":"En el rito sacramental de la Reconciliaci\u00f3n po\u00addemos escuchar las palabras pronunciadas sobre nosotros: \u00abQue Dios te conceda el perd\u00f3n y la paz\u00bb. En cierto sentido se podr\u00eda decir que toda la fuerza de san ... Read More","og_url":"https:\/\/vincentians.com\/es\/espiritualidad-vicenciana-perdon\/","og_site_name":"Somos Vicencianos","article_publisher":"https:\/\/www.facebook.com\/WeAreVincentians\/","article_author":"https:\/\/www.facebook.com\/JavierChento","article_published_time":"2016-07-24T06:20:07+00:00","og_image":[{"width":1200,"height":630,"url":"https:\/\/i0.wp.com\/vincentians.com\/es\/wp-content\/uploads\/sites\/11\/2016\/07\/espiritualidad-vicenciana.jpg?fit=1200%2C630&ssl=1","type":"image\/jpeg"}],"author":"Francisco Javier Fern\u00e1ndez Chento","twitter_card":"summary_large_image","twitter_creator":"@https:\/\/twitter.com\/javierchento","twitter_site":"@WeVincentians","twitter_misc":{"Escrito por":"Francisco Javier Fern\u00e1ndez Chento","Tiempo de lectura":"10 minutos"},"schema":{"@context":"https:\/\/schema.org","@graph":[{"@type":"Article","@id":"https:\/\/vincentians.com\/es\/espiritualidad-vicenciana-perdon\/#article","isPartOf":{"@id":"https:\/\/vincentians.com\/es\/espiritualidad-vicenciana-perdon\/"},"author":{"name":"Francisco Javier Fern\u00e1ndez Chento","@id":"http:\/\/vincentians.com\/es\/#\/schema\/person\/9623ef4d9aa3b2dfb8c061f1499288f2"},"headline":"Espiritualidad vicenciana: Perd\u00f3n","datePublished":"2016-07-24T06:20:07+00:00","mainEntityOfPage":{"@id":"https:\/\/vincentians.com\/es\/espiritualidad-vicenciana-perdon\/"},"wordCount":1948,"commentCount":0,"publisher":{"@id":"http:\/\/vincentians.com\/es\/#organization"},"image":{"@id":"https:\/\/vincentians.com\/es\/espiritualidad-vicenciana-perdon\/#primaryimage"},"thumbnailUrl":"https:\/\/i0.wp.com\/vincentians.com\/es\/wp-content\/uploads\/sites\/11\/2016\/07\/espiritualidad-vicenciana.jpg?fit=1200%2C630&ssl=1","keywords":["Abelly","Folleville","Gannes","Gondi","Se\u00f1ora de Gondi"],"articleSection":["Espiritualidad vicenciana"],"inLanguage":"es","potentialAction":[{"@type":"CommentAction","name":"Comment","target":["https:\/\/vincentians.com\/es\/espiritualidad-vicenciana-perdon\/#respond"]}]},{"@type":"WebPage","@id":"https:\/\/vincentians.com\/es\/espiritualidad-vicenciana-perdon\/","url":"https:\/\/vincentians.com\/es\/espiritualidad-vicenciana-perdon\/","name":"Espiritualidad vicenciana: Perd\u00f3n - Somos Vicencianos","isPartOf":{"@id":"http:\/\/vincentians.com\/es\/#website"},"primaryImageOfPage":{"@id":"https:\/\/vincentians.com\/es\/espiritualidad-vicenciana-perdon\/#primaryimage"},"image":{"@id":"https:\/\/vincentians.com\/es\/espiritualidad-vicenciana-perdon\/#primaryimage"},"thumbnailUrl":"https:\/\/i0.wp.com\/vincentians.com\/es\/wp-content\/uploads\/sites\/11\/2016\/07\/espiritualidad-vicenciana.jpg?fit=1200%2C630&ssl=1","datePublished":"2016-07-24T06:20:07+00:00","breadcrumb":{"@id":"https:\/\/vincentians.com\/es\/espiritualidad-vicenciana-perdon\/#breadcrumb"},"inLanguage":"es","potentialAction":[{"@type":"ReadAction","target":["https:\/\/vincentians.com\/es\/espiritualidad-vicenciana-perdon\/"]}]},{"@type":"ImageObject","inLanguage":"es","@id":"https:\/\/vincentians.com\/es\/espiritualidad-vicenciana-perdon\/#primaryimage","url":"https:\/\/i0.wp.com\/vincentians.com\/es\/wp-content\/uploads\/sites\/11\/2016\/07\/espiritualidad-vicenciana.jpg?fit=1200%2C630&ssl=1","contentUrl":"https:\/\/i0.wp.com\/vincentians.com\/es\/wp-content\/uploads\/sites\/11\/2016\/07\/espiritualidad-vicenciana.jpg?fit=1200%2C630&ssl=1","width":1200,"height":630},{"@type":"BreadcrumbList","@id":"https:\/\/vincentians.com\/es\/espiritualidad-vicenciana-perdon\/#breadcrumb","itemListElement":[{"@type":"ListItem","position":1,"name":"Portada","item":"http:\/\/vincentians.com\/es\/"},{"@type":"ListItem","position":2,"name":"Espiritualidad vicenciana: Perd\u00f3n"}]},{"@type":"WebSite","@id":"http:\/\/vincentians.com\/es\/#website","url":"http:\/\/vincentians.com\/es\/","name":"Somos Vicencianos","description":"Know more to serve more","publisher":{"@id":"http:\/\/vincentians.com\/es\/#organization"},"potentialAction":[{"@type":"SearchAction","target":{"@type":"EntryPoint","urlTemplate":"http:\/\/vincentians.com\/es\/?s={search_term_string}"},"query-input":{"@type":"PropertyValueSpecification","valueRequired":true,"valueName":"search_term_string"}}],"inLanguage":"es"},{"@type":"Organization","@id":"http:\/\/vincentians.com\/es\/#organization","name":"The Vincentian Network","url":"http:\/\/vincentians.com\/es\/","logo":{"@type":"ImageObject","inLanguage":"es","@id":"http:\/\/vincentians.com\/es\/#\/schema\/logo\/image\/","url":"https:\/\/i1.wp.com\/vincentians.com\/es\/wp-content\/uploads\/sites\/11\/2016\/06\/Vincentian-Network-logo-big.png?fit=778%2C778","contentUrl":"https:\/\/i1.wp.com\/vincentians.com\/es\/wp-content\/uploads\/sites\/11\/2016\/06\/Vincentian-Network-logo-big.png?fit=778%2C778","width":778,"height":778,"caption":"The Vincentian Network"},"image":{"@id":"http:\/\/vincentians.com\/es\/#\/schema\/logo\/image\/"},"sameAs":["https:\/\/www.facebook.com\/WeAreVincentians\/","https:\/\/x.com\/WeVincentians"]},{"@type":"Person","@id":"http:\/\/vincentians.com\/es\/#\/schema\/person\/9623ef4d9aa3b2dfb8c061f1499288f2","name":"Francisco Javier Fern\u00e1ndez Chento","image":{"@type":"ImageObject","inLanguage":"es","@id":"http:\/\/vincentians.com\/es\/#\/schema\/person\/image\/","url":"https:\/\/secure.gravatar.com\/avatar\/497d5cde87b4c3d097d0315953521681ba2cd523ee66e5077c3711f7021e65de?s=96&d=mm&r=g","contentUrl":"https:\/\/secure.gravatar.com\/avatar\/497d5cde87b4c3d097d0315953521681ba2cd523ee66e5077c3711f7021e65de?s=96&d=mm&r=g","caption":"Francisco Javier Fern\u00e1ndez Chento"},"description":"Director General y cofundador de La Red de Formaci\u00f3n Vicenciana. Javier es laico vicenciano, afiliado a la Congregaci\u00f3n de la Misi\u00f3n y miembro del Equipo de Misiones Populares de la provincia can\u00f3nica de Zaragoza (Espa\u00f1a) de la Congregaci\u00f3n de la Misi\u00f3n. Graduado en la Universidad Oberta de Catalunya con cuatro grados (Asistente de direcci\u00f3n, Gesti\u00f3n Administrativa, Recursos Humanos y Contabilidad Avanzada). Bil\u00edng\u00fce Espa\u00f1ol\/Ingl\u00e9s. gestiona y mantiene varias p\u00e1ginas web cristianas y vicencianas, incluida including La Red de Formaci\u00f3n Vicenciana, de la que es cofundador. Actualmente es responsable del \u00e1rea de Espa\u00f1ol de .famvin, la Red de Noticias de la Familia Vicenciana. Tambi\u00e9n es m\u00fasico cat\u00f3lico y ha editado varios discos. Es Director General y cofundador de Trovador, una reconocida compa\u00f1\u00eda discogr\u00e1fica critiana de Espa\u00f1a. Trabaja en las Tecnolog\u00edas de la Informaci\u00f3n, ofreciendo servicios de alojamiento, dise\u00f1o y mantenimiento Web, as\u00ed como asesoramiento, formaci\u00f3n y soluciones inform\u00e1ticas, gesti\u00f3n documental y digitalizaci\u00f3n de textos, edici\u00f3n y maquetaci\u00f3n de libros, revistas, flyers, etc.","sameAs":["http:\/\/chento.org","https:\/\/www.facebook.com\/JavierChento","https:\/\/x.com\/https:\/\/twitter.com\/javierchento"],"url":"https:\/\/vincentians.com\/es\/author\/chento\/"}]}},"jetpack_publicize_connections":[],"jetpack_featured_media_url":"https:\/\/i0.wp.com\/vincentians.com\/es\/wp-content\/uploads\/sites\/11\/2016\/07\/espiritualidad-vicenciana.jpg?fit=1200%2C630&ssl=1","jetpack_sharing_enabled":true,"jetpack_shortlink":"https:\/\/wp.me\/p7ETMF-bdu","jetpack-related-posts":[{"id":387854,"url":"https:\/\/vincentians.com\/es\/san-vicente-amigo-de-los-pobres-anos-de-busqueda-1613-1617\/","url_meta":{"origin":43120,"position":0},"title":"San Vicente: Amigo de los pobres: a\u00f1os de b\u00fasqueda (1613-1617)","author":"Mitxel Olabu\u00e9naga","date":"12\/10\/2016","format":false,"excerpt":"El se\u00f1or Vicente abandona Clichy El pueblo de Clichy guard\u00f3 siempre un grato recuerdo del mejor de sus p\u00e1rrocos. Pero, cuando m\u00e1s entusiasmado estaba \u00e9ste en sus proyectos, le lleg\u00f3 una carta de Berulle: Deb\u00eda cam\u00adbiar sus actividades. El director espiritual le ped\u00eda que volviera a Par\u00eds. Argumenta\u00adba que ser\u00eda\u2026","rel":"","context":"En \u00abFormaci\u00f3n Vicenciana\u00bb","block_context":{"text":"Formaci\u00f3n Vicenciana","link":"https:\/\/vincentians.com\/es\/category\/formacion-vicenciana\/"},"img":{"alt_text":"","src":"https:\/\/i0.wp.com\/vincentians.com\/es\/wp-content\/uploads\/sites\/11\/2016\/07\/st-vincent-de-paul.jpg?fit=1200%2C630&ssl=1&resize=350%2C200","width":350,"height":200,"srcset":"https:\/\/i0.wp.com\/vincentians.com\/es\/wp-content\/uploads\/sites\/11\/2016\/07\/st-vincent-de-paul.jpg?fit=1200%2C630&ssl=1&resize=350%2C200 1x, https:\/\/i0.wp.com\/vincentians.com\/es\/wp-content\/uploads\/sites\/11\/2016\/07\/st-vincent-de-paul.jpg?fit=1200%2C630&ssl=1&resize=525%2C300 1.5x, https:\/\/i0.wp.com\/vincentians.com\/es\/wp-content\/uploads\/sites\/11\/2016\/07\/st-vincent-de-paul.jpg?fit=1200%2C630&ssl=1&resize=700%2C400 2x, https:\/\/i0.wp.com\/vincentians.com\/es\/wp-content\/uploads\/sites\/11\/2016\/07\/st-vincent-de-paul.jpg?fit=1200%2C630&ssl=1&resize=1050%2C600 3x"},"classes":[]},{"id":124193,"url":"https:\/\/vincentians.com\/es\/vicente-de-paul-la-fe-del-hombre-maduro\/","url_meta":{"origin":43120,"position":1},"title":"Vicente de Pa\u00fal: La Fe de un hombre maduro","author":"Francisco Javier Fern\u00e1ndez Chento","date":"23\/02\/2023","format":false,"excerpt":"UN NOVICIADO Cuando Vicente lleg\u00f3 a Par\u00eds empez\u00f3 a ocuparse de su vida espiritual. Comprendi\u00f3 que aunque no hab\u00eda sido malo, hab\u00eda v\u00edvido su vida a lo mundano prestando poca atenci\u00f3n a su fe. Al iniciar su peregrinaci\u00f3n a Roma, un a\u00f1o despu\u00e9s de su ordenaci\u00f3n, se hab\u00eda dado cuenta\u2026","rel":"","context":"En \u00abVicente de Pa\u00fal\u00bb","block_context":{"text":"Vicente de Pa\u00fal","link":"https:\/\/vincentians.com\/es\/category\/la-familia-vicenciana\/fundadores\/vicente-de-paul\/"},"img":{"alt_text":"","src":"https:\/\/i0.wp.com\/vincentians.com\/es\/wp-content\/uploads\/sites\/11\/2015\/02\/St_Vincent_De_Paul_-bible-1.jpg?fit=1200%2C630&ssl=1&resize=350%2C200","width":350,"height":200,"srcset":"https:\/\/i0.wp.com\/vincentians.com\/es\/wp-content\/uploads\/sites\/11\/2015\/02\/St_Vincent_De_Paul_-bible-1.jpg?fit=1200%2C630&ssl=1&resize=350%2C200 1x, https:\/\/i0.wp.com\/vincentians.com\/es\/wp-content\/uploads\/sites\/11\/2015\/02\/St_Vincent_De_Paul_-bible-1.jpg?fit=1200%2C630&ssl=1&resize=525%2C300 1.5x, https:\/\/i0.wp.com\/vincentians.com\/es\/wp-content\/uploads\/sites\/11\/2015\/02\/St_Vincent_De_Paul_-bible-1.jpg?fit=1200%2C630&ssl=1&resize=700%2C400 2x, https:\/\/i0.wp.com\/vincentians.com\/es\/wp-content\/uploads\/sites\/11\/2015\/02\/St_Vincent_De_Paul_-bible-1.jpg?fit=1200%2C630&ssl=1&resize=1050%2C600 3x"},"classes":[]},{"id":141143,"url":"https:\/\/vincentians.com\/es\/correccion-fraterna-y-perdon-mutuo\/","url_meta":{"origin":43120,"position":2},"title":"Correcci\u00f3n fraterna y perd\u00f3n mutuo","author":"Francisco Javier Fern\u00e1ndez Chento","date":"10\/03\/2015","format":false,"excerpt":"\u00abUnos con otros sed agradables y de buen coraz\u00f3n, per\u00addon\u00e1ndoos mutuamente como Dios os perdon\u00f3 por Cristo\u00bb. (Ef 5,32). \u00abPractiquemos, en fin, con delicadeza, la correcci\u00f3n fraterna, otorg\u00e1ndonos mutuamente el perd\u00f3n\u00bb. (C 24,3). La correcci\u00f3n fraterna y el perd\u00f3n mutuo, ense\u00f1ados por Jesucristo en el Evangelio, contribuyen a reforzar los\u2026","rel":"","context":"En \u00abEspiritualidad vicenciana\u00bb","block_context":{"text":"Espiritualidad vicenciana","link":"https:\/\/vincentians.com\/es\/category\/espiritualidad\/espiritualidad-vicenciana\/"},"img":{"alt_text":"correccion fraterna","src":"https:\/\/i0.wp.com\/vicencianos.org\/wp-content\/2015\/03\/correccion-fraterna-224x300.jpg?resize=350%2C200","width":350,"height":200},"classes":[]},{"id":116232,"url":"https:\/\/vincentians.com\/es\/la-fe-de-san-vicente\/","url_meta":{"origin":43120,"position":3},"title":"La Fe de san Vicente","author":"Francisco Javier Fern\u00e1ndez Chento","date":"14\/10\/2018","format":false,"excerpt":"I. San Vicente: un creyente Para abordar cualquier tema referente a San Vicente, el m\u00e9todo m\u00e1s seguro siempre es el de volver a la experiencia y al recorrido del Fundador. Por temperamento y por formaci\u00f3n, Vicente de Pa\u00fal fue siem\u00adpre un hombre que concedi\u00f3 gran importancia a la vida, al\u2026","rel":"","context":"En \u00abFormaci\u00f3n Vicenciana\u00bb","block_context":{"text":"Formaci\u00f3n Vicenciana","link":"https:\/\/vincentians.com\/es\/category\/formacion-vicenciana\/"},"img":{"alt_text":"","src":"","width":0,"height":0},"classes":[]},{"id":122934,"url":"https:\/\/vincentians.com\/es\/introduccion-a-la-espiritualidad-vicenciana-laical\/","url_meta":{"origin":43120,"position":4},"title":"Introducci\u00f3n a la espiritualidad vicenciana laical","author":"Francisco Javier Fern\u00e1ndez Chento","date":"24\/06\/2015","format":false,"excerpt":"1. Lo que pretendo De momento, en este trabajo, no pretendo ofre\u00adcer un tratado perfecto y acabado de la espiritua\u00adlidad vicenciana laical, sino m\u00e1s bien asentar unos principios a modo de introducci\u00f3n. El pro\u00adyecto es ofrecer algunos criterios que puedan ayudar al laico vicenciano a vivir su condici\u00f3n de cristiano,\u2026","rel":"","context":"En \u00abEspiritualidad vicenciana\u00bb","block_context":{"text":"Espiritualidad vicenciana","link":"https:\/\/vincentians.com\/es\/category\/espiritualidad\/espiritualidad-vicenciana\/"},"img":{"alt_text":"sanvi_famvi","src":"https:\/\/i0.wp.com\/vicencianos.org\/wp-content\/2010\/12\/sanvi_famvi-300x296.jpg?resize=350%2C200","width":350,"height":200},"classes":[]},{"id":125796,"url":"https:\/\/vincentians.com\/es\/el-rostro-maternal-de-dios-una-nota-sobre-san-vicente-de-paul\/","url_meta":{"origin":43120,"position":5},"title":"El rostro maternal de Dios. Una nota sobre San Vicente de Pa\u00fal","author":"Francisco Javier Fern\u00e1ndez Chento","date":"03\/05\/2015","format":false,"excerpt":"Podr\u00edamos decir muchas cosas sobre el trato que san Vicente tuvo con las mujeres. Entre sus m\u00e1s \u00edntimos amigos y colaboradores, se en\u00adcontraban dos mujeres santas: Juana Francisca de Chantal y Luisa de Marillac. Otras mujeres jugaron tambi\u00e9n un papel importante en su vida, y san Vicente en la de\u2026","rel":"","context":"En \u00abEspiritualidad vicenciana\u00bb","block_context":{"text":"Espiritualidad vicenciana","link":"https:\/\/vincentians.com\/es\/category\/espiritualidad\/espiritualidad-vicenciana\/"},"img":{"alt_text":"rostro maternal de Dios","src":"https:\/\/i0.wp.com\/vicencianos.org\/wp-content\/2013\/12\/rostro-maternal-de-Dios-300x300.jpg?resize=350%2C200","width":350,"height":200},"classes":[]}],"_links":{"self":[{"href":"https:\/\/vincentians.com\/es\/wp-json\/wp\/v2\/posts\/43120","targetHints":{"allow":["GET"]}}],"collection":[{"href":"https:\/\/vincentians.com\/es\/wp-json\/wp\/v2\/posts"}],"about":[{"href":"https:\/\/vincentians.com\/es\/wp-json\/wp\/v2\/types\/post"}],"author":[{"embeddable":true,"href":"https:\/\/vincentians.com\/es\/wp-json\/wp\/v2\/users\/4"}],"replies":[{"embeddable":true,"href":"https:\/\/vincentians.com\/es\/wp-json\/wp\/v2\/comments?post=43120"}],"version-history":[{"count":0,"href":"https:\/\/vincentians.com\/es\/wp-json\/wp\/v2\/posts\/43120\/revisions"}],"wp:featuredmedia":[{"embeddable":true,"href":"https:\/\/vincentians.com\/es\/wp-json\/wp\/v2\/media\/388395"}],"wp:attachment":[{"href":"https:\/\/vincentians.com\/es\/wp-json\/wp\/v2\/media?parent=43120"}],"wp:term":[{"taxonomy":"category","embeddable":true,"href":"https:\/\/vincentians.com\/es\/wp-json\/wp\/v2\/categories?post=43120"},{"taxonomy":"post_tag","embeddable":true,"href":"https:\/\/vincentians.com\/es\/wp-json\/wp\/v2\/tags?post=43120"}],"curies":[{"name":"wp","href":"https:\/\/api.w.org\/{rel}","templated":true}]}}