{"id":42380,"date":"2021-05-10T07:59:51","date_gmt":"2021-05-10T05:59:51","guid":{"rendered":"http:\/\/somos.vicencianos.org\/blog\/2011\/06\/lucia-roge-se-es-hija-de-la-caridad-toda-la-vida\/"},"modified":"2020-12-15T20:04:30","modified_gmt":"2020-12-15T19:04:30","slug":"lucia-roge-se-es-hija-de-la-caridad-toda-la-vida","status":"publish","type":"post","link":"https:\/\/vincentians.com\/es\/lucia-roge-se-es-hija-de-la-caridad-toda-la-vida\/","title":{"rendered":"Luc\u00eda Rog\u00e9: Se es Hija de la Caridad toda la vida"},"content":{"rendered":"<p>Par\u00eds, 21 de octubre de 1979<\/p>\n<p>Cuando se habla de \u00abjubilaci\u00f3n\u00bb hay que tener en cuenta que dicha expresi\u00f3n no se refiere m\u00e1s que a un aspecto del servicio de las Hijas de la Caridad. En efecto, el mismo san Vicente define ese servicio como corporal, es decir, concreto, materializado, profesionalizado, pero tam\u00adbi\u00e9n como espiritual.<\/p>\n<p>Cuando las exigencias legales o sociol\u00f3gicas o la capacidad de resistencia f\u00edsica requiere el cese en una actividad determinada, s\u00f3lo por analog\u00eda con una vida profesional, se puede hablar entre nosotras de jubilaci\u00f3n, \u00e9sta, en parte al menos, es impropia de una Hija de la Caridad que, en ning\u00fan momento, puede retirarse o jubilarse de las obli\u00adgaciones de su servicio espiritual.<\/p>\n<p>Seg\u00fan san Vicente, este aspecto del servicio es el m\u00e1s importante. Cu\u00e1ntas veces dice a las Hermanas: \u00abSi s\u00f3lo hab\u00e9is llevado comida, \u00bfqu\u00e9 hab\u00e9is hecho?\u00bb. Y en otro lugar: \u00abNo est\u00e1is encargadas solamente del cuerpo, sino del alma\u00bb.<span id='easy-footnote-1-42380' class='easy-footnote-margin-adjust'><\/span><span class='easy-footnote'><a href='https:\/\/vincentians.com\/es\/lucia-roge-se-es-hija-de-la-caridad-toda-la-vida\/#easy-footnote-bottom-1-42380' title='IX, 447.'><sup>1<\/sup><\/a><\/span> Es necesario revalorizar el servicio espiri\u00adtual, sobre todo, cuando llega la hora de retirarse, porque es una parte importante del servicio a los pobres.<\/p>\n<p><strong>1. \u00bfQU\u00c9 LUGAR OCUPAN EN LA COMPA\u00d1\u00cdA LAS HERMANAS MAYORES?<\/strong><\/p>\n<p>En el conjunto de las Provincias son num\u00e9ricamente las m\u00e1s impor\u00adtantes. Hay que hacerles tomar conciencia de ello, precisamente en relaci\u00f3n con el servicio espiritual. Si llegaran a descuidarlo, \u00a1qu\u00e9 p\u00e9rdi\u00adda ser\u00eda para los pobres y qu\u00e9 p\u00e9rdida para la Compa\u00f1\u00eda!<\/p>\n<p>No tengo mucha experiencia de las casas para Hermanas mayores; pero cuando visito las Provincias, suelo consagrarles bastante tiempo. Para acentuar la responsabilidad de estas Hermanas frente a su servi\u00adcio espiritual, creo que podr\u00eda d\u00e1rseles una l\u00ednea de orientaci\u00f3n, propo\u00adnerles algo as\u00ed como una especializaci\u00f3n.<\/p>\n<p>Por ejemplo, con relaci\u00f3n a una determinada categor\u00eda de pobres. Una Hermana podr\u00eda ocuparse, en su oraci\u00f3n, de los drogados; otra, de los presos o de los delincuentes j\u00f3venes m\u00e1s o menos abandonados. Esto puede contemplarse, si es posible, buscando en los peri\u00f3dicos u otros medios de comunicaci\u00f3n, la informaci\u00f3n necesaria para entrar m\u00e1s de lleno en lo que es la vida de esos marginados. De lo contrario, se corre el riesgo de que las Hermanas mayores pierdan el contacto con lo real y lo concreto; hay que volverlas a introducir en la existencia coti\u00addiana por medio de la lectura y de contactos con Hermanas que est\u00e1n relacionadas con ese tipo de pobres.<\/p>\n<div>\n<p>Propondr\u00eda tambi\u00e9n en la misma l\u00ednea, repartir las Provincias de la Compa\u00f1\u00eda entre las Hermanas mayores. Un grupo puede pedir por China (las Hermanas de China existen todav\u00eda y hemos tenido noticias suyas). Se mantienen fieles. Un grupo, pues, podr\u00eda tomar como inten\u00adci\u00f3n de sus oraciones la perseverancia, la fidelidad de las Hermanas de China que sufren de tantas formas. Otro grupo se encargar\u00eda de Ruma\u00adn\u00eda, otro de Hungr\u00eda y de tantos pa\u00edses devastados, uno por ciclones, v\u00edctimas otros de una revoluci\u00f3n. En estos casos, es la Iglesia la que llama nuestra atenci\u00f3n en favor de los pobres. \u00bfHan pensado ustedes en nuestras Hermanas de Nicaragua? \u00bfEn las del Salvador?<\/p>\n<p>Que las oraciones de las Hermanas mayores, que su servicio espi\u00adritual est\u00e9 polarizado, se concrete en algo que les llegue al coraz\u00f3n. Tambi\u00e9n en ese caso puede completarse con una documentaci\u00f3n. \u00bfC\u00f3mo son esos pa\u00edses? \u00bfC\u00f3mo viven en ellos las Hermanas?<\/p>\n<p>Los acontecimientos de la Compa\u00f1\u00eda deben tambi\u00e9n concentrar fuerzas en la oraci\u00f3n y la ofrenda. Esta Comuni\u00f3n de los Santos, que es uno de los dogmas m\u00e1s consoladores de la fe cristiana, puede sostener a las Hermanas de manera insospechada.<\/p>\n<p>Tenemos por otra parte, las vocaciones y la formaci\u00f3n. La marejada del 68 suprimi\u00f3 todas las novenas. Es verdad que eran muchas. Pero antes ped\u00edamos todos los meses buenas y santas vocaciones. Hoy, \u00bfqu\u00e9 hacemos por ellas?<\/p>\n<p><strong>2. \u00bfC\u00d3MO FOMENTAR EL DINAMISMO DE VIDA EN LAS HERMANAS MAYORES?<\/strong><\/p>\n<p>Me parece que no se puede estar al servicio de las Hermanas mayo\u00adres y mantener en ellas cierto dinamismo de vida (de vida misionera, por\u00adque es lo que nos interesa, es para lo que hemos venido a la Compa\u00f1\u00eda) sin acercarnos a ellas con una profunda humildad. No digo respeto, por\u00adque \u00e9ste brotar\u00e1 naturalmente de aqu\u00e9lla; digo con profunda humildad.<\/p>\n<\/div>\n<div>\n<p>Ah\u00ed las tenemos, agradables o dif\u00edciles. Creo que debemos presen\u00adtarnos con una gran pobreza ante ellas y ante el misterio que represen\u00adtan, el misterio de su relaci\u00f3n personal con Dios. Porque si las tenemos ah\u00ed, efectivamente, es porque han sido fieles. \u00bfQu\u00e9 sabemos de sus pruebas, de su victorias, de sus luchas, para permitirnos juzgarlas? Juz\u00adgarlas revela una actitud de ricos; el rico juzga, clasifica, pretende cono\u00adcer inmediatamente a una persona.<\/p>\n<p>Si queremos comunicarles un dinamismo de vida, tenemos que amar\u00adlas gratuitamente. Y amarlas gratuitamente exige ante todo, tratar de cono\u00adcerlas, escucharlas, aunque esto nos lleve tiempo. Escuch\u00e1ndolas, descu\u00adbrir\u00e1n ustedes todo lo que han tenido que vencer en su vida para defender su amor a Dios y a los pobres; todo lo que han tenido que superar, acaso con inmenso dolor, para estar hoy ah\u00ed, fieles al Se\u00f1or y a la Compa\u00f1\u00eda<\/p>\n<p>Tienen cincuenta, sesenta a\u00f1os de vocaci\u00f3n; las tentaciones con que han tropezado a lo largo de su vida ten\u00edan modalidades distintas a nuestras dificultades de hoy, pero lo cierto es que las han tenido, porque la naturaleza humana es la misma y el diablo sigue \u00abrondando como le\u00f3n rugiente que busca a quien devorar\u00bb. Ya lo dice san Vicente: \u00abComo no hay \u00e1rbol que se vea libre de gusanos, tampoco hay una Hija de la Cari\u00addad que no est\u00e9 sujeta a las tentaciones\u00bb.<span id='easy-footnote-2-42380' class='easy-footnote-margin-adjust'><\/span><span class='easy-footnote'><a href='https:\/\/vincentians.com\/es\/lucia-roge-se-es-hija-de-la-caridad-toda-la-vida\/#easy-footnote-bottom-2-42380' title='IX, 615.'><sup>2<\/sup><\/a><\/span>\n<p>Nuestro afecto respetuoso debe reconocer que han sido eslab\u00f3n indis\u00adpensable en la Compa\u00f1\u00eda. Gracias a ellas se nos ha transmitido un cierto estilo, un cierto sabor del amor a los pobres. Del mismo modo que tenemos que aprender de las primeras Hijas de la Caridad, tambi\u00e9n tenemos que aprender de cada una de nuestras Hermanas mayores. Sepamos desCubrir en lo que dicen y repiten, lo que ha caracterizado su relaci\u00f3n con Dios. Cada una recibe de Dios una percepci\u00f3n particular para reconocerlo y amarlo en los pobres. Tratemos de descubrir el peque\u00f1o carisma particular que han tenido nuestras Hermanas para \u00abir a los pobres\u00bb. A partir de ah\u00ed es como podremos construir con ellas un nuevo dinamismo para la Misi\u00f3n, porque podremos observar los aspectos m\u00e1s destacados de su espirituali\u00addad y tratar de conectarlos con la Misi\u00f3n de hoy.<\/p>\n<\/div>\n<p>Por supuesto, hay que dar tiempo al tiempo. Pero sus conversacio\u00adnes tantas veces repetidas, nos ir\u00e1n revelando lo que m\u00e1s han querido en su vida. Ya s\u00e9 que no faltar\u00e1n los obst\u00e1culos, que hay Hermanas reconcentradas en s\u00ed mismas y que sufren; que algunas viven este nuevo per\u00edodo de su vida como una espera de la muerte. Pero \u00bfno puede convertirse en espera del encuentro?<\/p>\n<p>\u00a1Cuidado! Hay que tratarlas como a personas adultas, llegadas a la plenitud, y con una experiencia propia. Conc\u00e9danles toda su dimensi\u00f3n en el plano espiritual, aunque tengan que prestarles cuidados materiales. No las traten como a ni\u00f1as, sino como a Hermanas, o incluso tengan aten\u00adciones filiales con ellas; el esp\u00edritu filial va envuelto siempre de respeto.<\/p>\n<div>\n<p>Est\u00e1 claro que, mientras sostienen ustedes el dinamismo de las Her\u00admanas mayores con miras a la Misi\u00f3n, est\u00e1n sosteniendo el dinamismo de toda la Compa\u00f1\u00eda. Tienen ustedes, por lo tanto, una gran responsa\u00adbilidad porque saben muy bien que en la Misi\u00f3n, en las cosas de Dios, lo que vale no es lo que se ve, lo espectacular, lo verdaderamente importante es la acci\u00f3n del Esp\u00edritu. Y muy a menudo los caminos del Esp\u00edritu no son los nuestros. La senda que ahora como siempre, sigue siendo muy eficaz, es la de la Cruz, el camino del Calvario, que es pre\u00adcisamente lo que est\u00e1n viviendo nuestras Hermanas mayores. No se trata de dramatizar, pero s\u00ed de hacerles comprender que ellas son (a la luz de la fe, evidentemente) la parte m\u00e1s militante y misionera de la Compa\u00f1\u00eda. Se lo digo porque lo creo as\u00ed, porque estoy convencida de ello.<\/p>\n<p>No se contenten con tener a sus Hermanas limpias, cuidadas, bien alimentadas. Tienen que hacerlo, porque, en la medida en que su cuer\u00adpo no les cause preocupaci\u00f3n, estar\u00e1n m\u00e1s disponibles para darse a Dios; ay\u00fadenlas, s\u00ed, a sobrellevar ese cuerpo que se ha hecho m\u00e1s pe\u00adsado y exigente. Pero, sobre todo, h\u00e1ganlas conectar con algo m\u00e1s que con el cuidado y la comida.<\/p>\n<p>Por \u00faltimo, cuiden ustedes tambi\u00e9n de que sigan manteniendo el di\u00e1logo con las otras generaciones. Temen la segregaci\u00f3n. A ustedes les corresponde, pues, abrir de par en par las Casas de retiro, las Resi\u00addencias de Hermanas ancianas a las m\u00e1s j\u00f3venes, establecer la corrien\u00adte espiritual que permitir\u00e1 a las generaciones diferentes comprenderse, asegurar la comunicaci\u00f3n en beneficio de todas, para un mejor servicio a Cristo en los pobres.<\/p>\n<\/div>\n","protected":false},"excerpt":{"rendered":"<p>Par\u00eds, 21 de octubre de 1979 Cuando se habla de \u00abjubilaci\u00f3n\u00bb hay que tener en cuenta que dicha expresi\u00f3n no se refiere m\u00e1s que a un aspecto del servicio de las Hijas de la Caridad. &#8230; <a href=\"https:\/\/vincentians.com\/es\/lucia-roge-se-es-hija-de-la-caridad-toda-la-vida\/\" class=\"more-link\">Read More<\/a><\/p>\n","protected":false},"author":4,"featured_media":398623,"comment_status":"open","ping_status":"open","sticky":false,"template":"","format":"standard","meta":{"jetpack_post_was_ever_published":false,"_jetpack_newsletter_access":"","_jetpack_dont_email_post_to_subs":false,"_jetpack_newsletter_tier_id":0,"_jetpack_memberships_contains_paywalled_content":false,"_jetpack_memberships_contains_paid_content":false,"footnotes":"","jetpack_publicize_message":"","jetpack_publicize_feature_enabled":true,"jetpack_social_post_already_shared":true,"jetpack_social_options":{"image_generator_settings":{"template":"highway","default_image_id":0,"font":"","enabled":false},"version":2}},"categories":[276],"tags":[],"class_list":["post-42380","post","type-post","status-publish","format-standard","has-post-thumbnail","hentry","category-escritos-de-lucia-roge"],"yoast_head":"<!-- This site is optimized with the Yoast SEO plugin v26.3 - https:\/\/yoast.com\/wordpress\/plugins\/seo\/ -->\n<title>Luc\u00eda Rog\u00e9: Se es Hija de la Caridad toda la vida - Somos Vicencianos<\/title>\n<meta name=\"robots\" content=\"index, follow, max-snippet:-1, max-image-preview:large, max-video-preview:-1\" \/>\n<link rel=\"canonical\" href=\"https:\/\/vincentians.com\/es\/lucia-roge-se-es-hija-de-la-caridad-toda-la-vida\/\" \/>\n<meta property=\"og:locale\" content=\"es_ES\" \/>\n<meta property=\"og:type\" content=\"article\" \/>\n<meta property=\"og:title\" content=\"Luc\u00eda Rog\u00e9: Se es Hija de la Caridad toda la vida - Somos Vicencianos\" \/>\n<meta property=\"og:description\" content=\"Par\u00eds, 21 de octubre de 1979 Cuando se habla de \u00abjubilaci\u00f3n\u00bb hay que tener en cuenta que dicha expresi\u00f3n no se refiere m\u00e1s que a un aspecto del servicio de las Hijas de la Caridad. ... Read More\" \/>\n<meta property=\"og:url\" content=\"https:\/\/vincentians.com\/es\/lucia-roge-se-es-hija-de-la-caridad-toda-la-vida\/\" \/>\n<meta property=\"og:site_name\" content=\"Somos Vicencianos\" \/>\n<meta property=\"article:publisher\" content=\"https:\/\/www.facebook.com\/WeAreVincentians\/\" \/>\n<meta property=\"article:author\" content=\"https:\/\/www.facebook.com\/JavierChento\" \/>\n<meta property=\"article:published_time\" content=\"2021-05-10T05:59:51+00:00\" \/>\n<meta property=\"og:image\" content=\"https:\/\/i0.wp.com\/vincentians.com\/es\/wp-content\/uploads\/sites\/11\/2016\/07\/escritos-lucia-roge.jpg?fit=1200%2C630&ssl=1\" \/>\n\t<meta property=\"og:image:width\" content=\"1200\" \/>\n\t<meta property=\"og:image:height\" content=\"630\" \/>\n\t<meta property=\"og:image:type\" content=\"image\/jpeg\" \/>\n<meta name=\"author\" content=\"Francisco Javier Fern\u00e1ndez Chento\" \/>\n<meta name=\"twitter:card\" content=\"summary_large_image\" \/>\n<meta name=\"twitter:creator\" content=\"@https:\/\/twitter.com\/javierchento\" \/>\n<meta name=\"twitter:site\" content=\"@WeVincentians\" \/>\n<meta name=\"twitter:label1\" content=\"Escrito por\" \/>\n\t<meta name=\"twitter:data1\" content=\"Francisco Javier Fern\u00e1ndez Chento\" \/>\n\t<meta name=\"twitter:label2\" content=\"Tiempo de lectura\" \/>\n\t<meta name=\"twitter:data2\" content=\"8 minutos\" \/>\n<script type=\"application\/ld+json\" class=\"yoast-schema-graph\">{\"@context\":\"https:\/\/schema.org\",\"@graph\":[{\"@type\":\"Article\",\"@id\":\"https:\/\/vincentians.com\/es\/lucia-roge-se-es-hija-de-la-caridad-toda-la-vida\/#article\",\"isPartOf\":{\"@id\":\"https:\/\/vincentians.com\/es\/lucia-roge-se-es-hija-de-la-caridad-toda-la-vida\/\"},\"author\":{\"name\":\"Francisco Javier Fern\u00e1ndez Chento\",\"@id\":\"http:\/\/vincentians.com\/es\/#\/schema\/person\/9623ef4d9aa3b2dfb8c061f1499288f2\"},\"headline\":\"Luc\u00eda Rog\u00e9: Se es Hija de la Caridad toda la vida\",\"datePublished\":\"2021-05-10T05:59:51+00:00\",\"mainEntityOfPage\":{\"@id\":\"https:\/\/vincentians.com\/es\/lucia-roge-se-es-hija-de-la-caridad-toda-la-vida\/\"},\"wordCount\":1618,\"commentCount\":0,\"publisher\":{\"@id\":\"http:\/\/vincentians.com\/es\/#organization\"},\"image\":{\"@id\":\"https:\/\/vincentians.com\/es\/lucia-roge-se-es-hija-de-la-caridad-toda-la-vida\/#primaryimage\"},\"thumbnailUrl\":\"https:\/\/i0.wp.com\/vincentians.com\/es\/wp-content\/uploads\/sites\/11\/2016\/07\/escritos-lucia-roge.jpg?fit=1200%2C630&ssl=1\",\"articleSection\":[\"Escritos de Luc\u00eda Rog\u00e9\"],\"inLanguage\":\"es\",\"potentialAction\":[{\"@type\":\"CommentAction\",\"name\":\"Comment\",\"target\":[\"https:\/\/vincentians.com\/es\/lucia-roge-se-es-hija-de-la-caridad-toda-la-vida\/#respond\"]}]},{\"@type\":\"WebPage\",\"@id\":\"https:\/\/vincentians.com\/es\/lucia-roge-se-es-hija-de-la-caridad-toda-la-vida\/\",\"url\":\"https:\/\/vincentians.com\/es\/lucia-roge-se-es-hija-de-la-caridad-toda-la-vida\/\",\"name\":\"Luc\u00eda Rog\u00e9: Se es Hija de la Caridad toda la vida - Somos Vicencianos\",\"isPartOf\":{\"@id\":\"http:\/\/vincentians.com\/es\/#website\"},\"primaryImageOfPage\":{\"@id\":\"https:\/\/vincentians.com\/es\/lucia-roge-se-es-hija-de-la-caridad-toda-la-vida\/#primaryimage\"},\"image\":{\"@id\":\"https:\/\/vincentians.com\/es\/lucia-roge-se-es-hija-de-la-caridad-toda-la-vida\/#primaryimage\"},\"thumbnailUrl\":\"https:\/\/i0.wp.com\/vincentians.com\/es\/wp-content\/uploads\/sites\/11\/2016\/07\/escritos-lucia-roge.jpg?fit=1200%2C630&ssl=1\",\"datePublished\":\"2021-05-10T05:59:51+00:00\",\"breadcrumb\":{\"@id\":\"https:\/\/vincentians.com\/es\/lucia-roge-se-es-hija-de-la-caridad-toda-la-vida\/#breadcrumb\"},\"inLanguage\":\"es\",\"potentialAction\":[{\"@type\":\"ReadAction\",\"target\":[\"https:\/\/vincentians.com\/es\/lucia-roge-se-es-hija-de-la-caridad-toda-la-vida\/\"]}]},{\"@type\":\"ImageObject\",\"inLanguage\":\"es\",\"@id\":\"https:\/\/vincentians.com\/es\/lucia-roge-se-es-hija-de-la-caridad-toda-la-vida\/#primaryimage\",\"url\":\"https:\/\/i0.wp.com\/vincentians.com\/es\/wp-content\/uploads\/sites\/11\/2016\/07\/escritos-lucia-roge.jpg?fit=1200%2C630&ssl=1\",\"contentUrl\":\"https:\/\/i0.wp.com\/vincentians.com\/es\/wp-content\/uploads\/sites\/11\/2016\/07\/escritos-lucia-roge.jpg?fit=1200%2C630&ssl=1\",\"width\":1200,\"height\":630},{\"@type\":\"BreadcrumbList\",\"@id\":\"https:\/\/vincentians.com\/es\/lucia-roge-se-es-hija-de-la-caridad-toda-la-vida\/#breadcrumb\",\"itemListElement\":[{\"@type\":\"ListItem\",\"position\":1,\"name\":\"Portada\",\"item\":\"http:\/\/vincentians.com\/es\/\"},{\"@type\":\"ListItem\",\"position\":2,\"name\":\"Luc\u00eda Rog\u00e9: Se es Hija de la Caridad toda la vida\"}]},{\"@type\":\"WebSite\",\"@id\":\"http:\/\/vincentians.com\/es\/#website\",\"url\":\"http:\/\/vincentians.com\/es\/\",\"name\":\"Somos Vicencianos\",\"description\":\"Know more to serve more\",\"publisher\":{\"@id\":\"http:\/\/vincentians.com\/es\/#organization\"},\"potentialAction\":[{\"@type\":\"SearchAction\",\"target\":{\"@type\":\"EntryPoint\",\"urlTemplate\":\"http:\/\/vincentians.com\/es\/?s={search_term_string}\"},\"query-input\":{\"@type\":\"PropertyValueSpecification\",\"valueRequired\":true,\"valueName\":\"search_term_string\"}}],\"inLanguage\":\"es\"},{\"@type\":\"Organization\",\"@id\":\"http:\/\/vincentians.com\/es\/#organization\",\"name\":\"The Vincentian Network\",\"url\":\"http:\/\/vincentians.com\/es\/\",\"logo\":{\"@type\":\"ImageObject\",\"inLanguage\":\"es\",\"@id\":\"http:\/\/vincentians.com\/es\/#\/schema\/logo\/image\/\",\"url\":\"https:\/\/i1.wp.com\/vincentians.com\/es\/wp-content\/uploads\/sites\/11\/2016\/06\/Vincentian-Network-logo-big.png?fit=778%2C778\",\"contentUrl\":\"https:\/\/i1.wp.com\/vincentians.com\/es\/wp-content\/uploads\/sites\/11\/2016\/06\/Vincentian-Network-logo-big.png?fit=778%2C778\",\"width\":778,\"height\":778,\"caption\":\"The Vincentian Network\"},\"image\":{\"@id\":\"http:\/\/vincentians.com\/es\/#\/schema\/logo\/image\/\"},\"sameAs\":[\"https:\/\/www.facebook.com\/WeAreVincentians\/\",\"https:\/\/x.com\/WeVincentians\"]},{\"@type\":\"Person\",\"@id\":\"http:\/\/vincentians.com\/es\/#\/schema\/person\/9623ef4d9aa3b2dfb8c061f1499288f2\",\"name\":\"Francisco Javier Fern\u00e1ndez Chento\",\"image\":{\"@type\":\"ImageObject\",\"inLanguage\":\"es\",\"@id\":\"http:\/\/vincentians.com\/es\/#\/schema\/person\/image\/\",\"url\":\"https:\/\/secure.gravatar.com\/avatar\/497d5cde87b4c3d097d0315953521681ba2cd523ee66e5077c3711f7021e65de?s=96&d=mm&r=g\",\"contentUrl\":\"https:\/\/secure.gravatar.com\/avatar\/497d5cde87b4c3d097d0315953521681ba2cd523ee66e5077c3711f7021e65de?s=96&d=mm&r=g\",\"caption\":\"Francisco Javier Fern\u00e1ndez Chento\"},\"description\":\"Director General y cofundador de La Red de Formaci\u00f3n Vicenciana. Javier es laico vicenciano, afiliado a la Congregaci\u00f3n de la Misi\u00f3n y miembro del Equipo de Misiones Populares de la provincia can\u00f3nica de Zaragoza (Espa\u00f1a) de la Congregaci\u00f3n de la Misi\u00f3n. Graduado en la Universidad Oberta de Catalunya con cuatro grados (Asistente de direcci\u00f3n, Gesti\u00f3n Administrativa, Recursos Humanos y Contabilidad Avanzada). Bil\u00edng\u00fce Espa\u00f1ol\/Ingl\u00e9s. gestiona y mantiene varias p\u00e1ginas web cristianas y vicencianas, incluida including La Red de Formaci\u00f3n Vicenciana, de la que es cofundador. Actualmente es responsable del \u00e1rea de Espa\u00f1ol de .famvin, la Red de Noticias de la Familia Vicenciana. Tambi\u00e9n es m\u00fasico cat\u00f3lico y ha editado varios discos. Es Director General y cofundador de Trovador, una reconocida compa\u00f1\u00eda discogr\u00e1fica critiana de Espa\u00f1a. Trabaja en las Tecnolog\u00edas de la Informaci\u00f3n, ofreciendo servicios de alojamiento, dise\u00f1o y mantenimiento Web, as\u00ed como asesoramiento, formaci\u00f3n y soluciones inform\u00e1ticas, gesti\u00f3n documental y digitalizaci\u00f3n de textos, edici\u00f3n y maquetaci\u00f3n de libros, revistas, flyers, etc.\",\"sameAs\":[\"http:\/\/chento.org\",\"https:\/\/www.facebook.com\/JavierChento\",\"https:\/\/x.com\/https:\/\/twitter.com\/javierchento\"],\"url\":\"https:\/\/vincentians.com\/es\/author\/chento\/\"}]}<\/script>\n<!-- \/ Yoast SEO plugin. -->","yoast_head_json":{"title":"Luc\u00eda Rog\u00e9: Se es Hija de la Caridad toda la vida - Somos Vicencianos","robots":{"index":"index","follow":"follow","max-snippet":"max-snippet:-1","max-image-preview":"max-image-preview:large","max-video-preview":"max-video-preview:-1"},"canonical":"https:\/\/vincentians.com\/es\/lucia-roge-se-es-hija-de-la-caridad-toda-la-vida\/","og_locale":"es_ES","og_type":"article","og_title":"Luc\u00eda Rog\u00e9: Se es Hija de la Caridad toda la vida - Somos Vicencianos","og_description":"Par\u00eds, 21 de octubre de 1979 Cuando se habla de \u00abjubilaci\u00f3n\u00bb hay que tener en cuenta que dicha expresi\u00f3n no se refiere m\u00e1s que a un aspecto del servicio de las Hijas de la Caridad. ... Read More","og_url":"https:\/\/vincentians.com\/es\/lucia-roge-se-es-hija-de-la-caridad-toda-la-vida\/","og_site_name":"Somos Vicencianos","article_publisher":"https:\/\/www.facebook.com\/WeAreVincentians\/","article_author":"https:\/\/www.facebook.com\/JavierChento","article_published_time":"2021-05-10T05:59:51+00:00","og_image":[{"width":1200,"height":630,"url":"https:\/\/i0.wp.com\/vincentians.com\/es\/wp-content\/uploads\/sites\/11\/2016\/07\/escritos-lucia-roge.jpg?fit=1200%2C630&ssl=1","type":"image\/jpeg"}],"author":"Francisco Javier Fern\u00e1ndez Chento","twitter_card":"summary_large_image","twitter_creator":"@https:\/\/twitter.com\/javierchento","twitter_site":"@WeVincentians","twitter_misc":{"Escrito por":"Francisco Javier Fern\u00e1ndez Chento","Tiempo de lectura":"8 minutos"},"schema":{"@context":"https:\/\/schema.org","@graph":[{"@type":"Article","@id":"https:\/\/vincentians.com\/es\/lucia-roge-se-es-hija-de-la-caridad-toda-la-vida\/#article","isPartOf":{"@id":"https:\/\/vincentians.com\/es\/lucia-roge-se-es-hija-de-la-caridad-toda-la-vida\/"},"author":{"name":"Francisco Javier Fern\u00e1ndez Chento","@id":"http:\/\/vincentians.com\/es\/#\/schema\/person\/9623ef4d9aa3b2dfb8c061f1499288f2"},"headline":"Luc\u00eda Rog\u00e9: Se es Hija de la Caridad toda la vida","datePublished":"2021-05-10T05:59:51+00:00","mainEntityOfPage":{"@id":"https:\/\/vincentians.com\/es\/lucia-roge-se-es-hija-de-la-caridad-toda-la-vida\/"},"wordCount":1618,"commentCount":0,"publisher":{"@id":"http:\/\/vincentians.com\/es\/#organization"},"image":{"@id":"https:\/\/vincentians.com\/es\/lucia-roge-se-es-hija-de-la-caridad-toda-la-vida\/#primaryimage"},"thumbnailUrl":"https:\/\/i0.wp.com\/vincentians.com\/es\/wp-content\/uploads\/sites\/11\/2016\/07\/escritos-lucia-roge.jpg?fit=1200%2C630&ssl=1","articleSection":["Escritos de Luc\u00eda Rog\u00e9"],"inLanguage":"es","potentialAction":[{"@type":"CommentAction","name":"Comment","target":["https:\/\/vincentians.com\/es\/lucia-roge-se-es-hija-de-la-caridad-toda-la-vida\/#respond"]}]},{"@type":"WebPage","@id":"https:\/\/vincentians.com\/es\/lucia-roge-se-es-hija-de-la-caridad-toda-la-vida\/","url":"https:\/\/vincentians.com\/es\/lucia-roge-se-es-hija-de-la-caridad-toda-la-vida\/","name":"Luc\u00eda Rog\u00e9: Se es Hija de la Caridad toda la vida - Somos Vicencianos","isPartOf":{"@id":"http:\/\/vincentians.com\/es\/#website"},"primaryImageOfPage":{"@id":"https:\/\/vincentians.com\/es\/lucia-roge-se-es-hija-de-la-caridad-toda-la-vida\/#primaryimage"},"image":{"@id":"https:\/\/vincentians.com\/es\/lucia-roge-se-es-hija-de-la-caridad-toda-la-vida\/#primaryimage"},"thumbnailUrl":"https:\/\/i0.wp.com\/vincentians.com\/es\/wp-content\/uploads\/sites\/11\/2016\/07\/escritos-lucia-roge.jpg?fit=1200%2C630&ssl=1","datePublished":"2021-05-10T05:59:51+00:00","breadcrumb":{"@id":"https:\/\/vincentians.com\/es\/lucia-roge-se-es-hija-de-la-caridad-toda-la-vida\/#breadcrumb"},"inLanguage":"es","potentialAction":[{"@type":"ReadAction","target":["https:\/\/vincentians.com\/es\/lucia-roge-se-es-hija-de-la-caridad-toda-la-vida\/"]}]},{"@type":"ImageObject","inLanguage":"es","@id":"https:\/\/vincentians.com\/es\/lucia-roge-se-es-hija-de-la-caridad-toda-la-vida\/#primaryimage","url":"https:\/\/i0.wp.com\/vincentians.com\/es\/wp-content\/uploads\/sites\/11\/2016\/07\/escritos-lucia-roge.jpg?fit=1200%2C630&ssl=1","contentUrl":"https:\/\/i0.wp.com\/vincentians.com\/es\/wp-content\/uploads\/sites\/11\/2016\/07\/escritos-lucia-roge.jpg?fit=1200%2C630&ssl=1","width":1200,"height":630},{"@type":"BreadcrumbList","@id":"https:\/\/vincentians.com\/es\/lucia-roge-se-es-hija-de-la-caridad-toda-la-vida\/#breadcrumb","itemListElement":[{"@type":"ListItem","position":1,"name":"Portada","item":"http:\/\/vincentians.com\/es\/"},{"@type":"ListItem","position":2,"name":"Luc\u00eda Rog\u00e9: Se es Hija de la Caridad toda la vida"}]},{"@type":"WebSite","@id":"http:\/\/vincentians.com\/es\/#website","url":"http:\/\/vincentians.com\/es\/","name":"Somos Vicencianos","description":"Know more to serve more","publisher":{"@id":"http:\/\/vincentians.com\/es\/#organization"},"potentialAction":[{"@type":"SearchAction","target":{"@type":"EntryPoint","urlTemplate":"http:\/\/vincentians.com\/es\/?s={search_term_string}"},"query-input":{"@type":"PropertyValueSpecification","valueRequired":true,"valueName":"search_term_string"}}],"inLanguage":"es"},{"@type":"Organization","@id":"http:\/\/vincentians.com\/es\/#organization","name":"The Vincentian Network","url":"http:\/\/vincentians.com\/es\/","logo":{"@type":"ImageObject","inLanguage":"es","@id":"http:\/\/vincentians.com\/es\/#\/schema\/logo\/image\/","url":"https:\/\/i1.wp.com\/vincentians.com\/es\/wp-content\/uploads\/sites\/11\/2016\/06\/Vincentian-Network-logo-big.png?fit=778%2C778","contentUrl":"https:\/\/i1.wp.com\/vincentians.com\/es\/wp-content\/uploads\/sites\/11\/2016\/06\/Vincentian-Network-logo-big.png?fit=778%2C778","width":778,"height":778,"caption":"The Vincentian Network"},"image":{"@id":"http:\/\/vincentians.com\/es\/#\/schema\/logo\/image\/"},"sameAs":["https:\/\/www.facebook.com\/WeAreVincentians\/","https:\/\/x.com\/WeVincentians"]},{"@type":"Person","@id":"http:\/\/vincentians.com\/es\/#\/schema\/person\/9623ef4d9aa3b2dfb8c061f1499288f2","name":"Francisco Javier Fern\u00e1ndez Chento","image":{"@type":"ImageObject","inLanguage":"es","@id":"http:\/\/vincentians.com\/es\/#\/schema\/person\/image\/","url":"https:\/\/secure.gravatar.com\/avatar\/497d5cde87b4c3d097d0315953521681ba2cd523ee66e5077c3711f7021e65de?s=96&d=mm&r=g","contentUrl":"https:\/\/secure.gravatar.com\/avatar\/497d5cde87b4c3d097d0315953521681ba2cd523ee66e5077c3711f7021e65de?s=96&d=mm&r=g","caption":"Francisco Javier Fern\u00e1ndez Chento"},"description":"Director General y cofundador de La Red de Formaci\u00f3n Vicenciana. Javier es laico vicenciano, afiliado a la Congregaci\u00f3n de la Misi\u00f3n y miembro del Equipo de Misiones Populares de la provincia can\u00f3nica de Zaragoza (Espa\u00f1a) de la Congregaci\u00f3n de la Misi\u00f3n. Graduado en la Universidad Oberta de Catalunya con cuatro grados (Asistente de direcci\u00f3n, Gesti\u00f3n Administrativa, Recursos Humanos y Contabilidad Avanzada). Bil\u00edng\u00fce Espa\u00f1ol\/Ingl\u00e9s. gestiona y mantiene varias p\u00e1ginas web cristianas y vicencianas, incluida including La Red de Formaci\u00f3n Vicenciana, de la que es cofundador. Actualmente es responsable del \u00e1rea de Espa\u00f1ol de .famvin, la Red de Noticias de la Familia Vicenciana. Tambi\u00e9n es m\u00fasico cat\u00f3lico y ha editado varios discos. Es Director General y cofundador de Trovador, una reconocida compa\u00f1\u00eda discogr\u00e1fica critiana de Espa\u00f1a. Trabaja en las Tecnolog\u00edas de la Informaci\u00f3n, ofreciendo servicios de alojamiento, dise\u00f1o y mantenimiento Web, as\u00ed como asesoramiento, formaci\u00f3n y soluciones inform\u00e1ticas, gesti\u00f3n documental y digitalizaci\u00f3n de textos, edici\u00f3n y maquetaci\u00f3n de libros, revistas, flyers, etc.","sameAs":["http:\/\/chento.org","https:\/\/www.facebook.com\/JavierChento","https:\/\/x.com\/https:\/\/twitter.com\/javierchento"],"url":"https:\/\/vincentians.com\/es\/author\/chento\/"}]}},"jetpack_publicize_connections":[],"jetpack_featured_media_url":"https:\/\/i0.wp.com\/vincentians.com\/es\/wp-content\/uploads\/sites\/11\/2016\/07\/escritos-lucia-roge.jpg?fit=1200%2C630&ssl=1","jetpack_sharing_enabled":true,"jetpack_shortlink":"https:\/\/wp.me\/p7ETMF-b1y","jetpack-related-posts":[{"id":42376,"url":"https:\/\/vincentians.com\/es\/lucia-roge-la-vida-de-la-hija-de-la-caridad\/","url_meta":{"origin":42380,"position":0},"title":"Luc\u00eda Rog\u00e9: La vida de la Hija de la Caridad","author":"Francisco Javier Fern\u00e1ndez Chento","date":"28\/03\/2021","format":false,"excerpt":"Sor Luc\u00eda Rog\u00e9, H.C.Tenerife, marzo de 1977 Veo el futuro de la Compa\u00f1\u00eda con gran esperanza misionera y coin\u00adcidente con el camino de la misi\u00f3n que nos ense\u00f1aron nuestros santos Fundadores, la misi\u00f3n que tenemos que emprender hoy. Para entrar por ese camino, san Vicente nos indica tres l\u00edneas espirituales:\u2026","rel":"","context":"En \u00abEscritos de Luc\u00eda Rog\u00e9\u00bb","block_context":{"text":"Escritos de Luc\u00eda Rog\u00e9","link":"https:\/\/vincentians.com\/es\/category\/escritos\/escritos-de-lucia-roge\/"},"img":{"alt_text":"","src":"https:\/\/i0.wp.com\/vincentians.com\/es\/wp-content\/uploads\/sites\/11\/2016\/07\/escritos-lucia-roge.jpg?fit=1200%2C630&ssl=1&resize=350%2C200","width":350,"height":200,"srcset":"https:\/\/i0.wp.com\/vincentians.com\/es\/wp-content\/uploads\/sites\/11\/2016\/07\/escritos-lucia-roge.jpg?fit=1200%2C630&ssl=1&resize=350%2C200 1x, https:\/\/i0.wp.com\/vincentians.com\/es\/wp-content\/uploads\/sites\/11\/2016\/07\/escritos-lucia-roge.jpg?fit=1200%2C630&ssl=1&resize=525%2C300 1.5x, https:\/\/i0.wp.com\/vincentians.com\/es\/wp-content\/uploads\/sites\/11\/2016\/07\/escritos-lucia-roge.jpg?fit=1200%2C630&ssl=1&resize=700%2C400 2x, https:\/\/i0.wp.com\/vincentians.com\/es\/wp-content\/uploads\/sites\/11\/2016\/07\/escritos-lucia-roge.jpg?fit=1200%2C630&ssl=1&resize=1050%2C600 3x"},"classes":[]},{"id":39921,"url":"https:\/\/vincentians.com\/es\/lucia-roge-respuesta-de-sor-lucia-roge-a-unas-preguntas\/","url_meta":{"origin":42380,"position":1},"title":"Luc\u00eda Rog\u00e9: Respuesta de Sor Luc\u00eda Rog\u00e9 a unas preguntas","author":"Francisco Javier Fern\u00e1ndez Chento","date":"23\/05\/2011","format":false,"excerpt":"Abril, 1979 Durante las Jornadas internacionales de hermanas j\u00f3venes 1. S\u00ed, la alegr\u00eda es importante para el servicio. Es expresi\u00f3n de liber\u00adtad interior y de un amor colmado. Los pobres necesitan el testimonio de nuestra alegr\u00eda, no de una alegr\u00eda bulliciosa, sino de una especie de sere\u00adnidad interior que lleva\u2026","rel":"","context":"En \u00abEscritos de Luc\u00eda Rog\u00e9\u00bb","block_context":{"text":"Escritos de Luc\u00eda Rog\u00e9","link":"https:\/\/vincentians.com\/es\/category\/escritos\/escritos-de-lucia-roge\/"},"img":{"alt_text":"","src":"https:\/\/i0.wp.com\/vincentians.com\/es\/wp-content\/uploads\/sites\/11\/2016\/07\/escritos-lucia-roge.jpg?fit=1200%2C630&ssl=1&resize=350%2C200","width":350,"height":200,"srcset":"https:\/\/i0.wp.com\/vincentians.com\/es\/wp-content\/uploads\/sites\/11\/2016\/07\/escritos-lucia-roge.jpg?fit=1200%2C630&ssl=1&resize=350%2C200 1x, https:\/\/i0.wp.com\/vincentians.com\/es\/wp-content\/uploads\/sites\/11\/2016\/07\/escritos-lucia-roge.jpg?fit=1200%2C630&ssl=1&resize=525%2C300 1.5x, https:\/\/i0.wp.com\/vincentians.com\/es\/wp-content\/uploads\/sites\/11\/2016\/07\/escritos-lucia-roge.jpg?fit=1200%2C630&ssl=1&resize=700%2C400 2x, https:\/\/i0.wp.com\/vincentians.com\/es\/wp-content\/uploads\/sites\/11\/2016\/07\/escritos-lucia-roge.jpg?fit=1200%2C630&ssl=1&resize=1050%2C600 3x"},"classes":[]},{"id":45063,"url":"https:\/\/vincentians.com\/es\/lucia-roge-testamento-de-sor-lucia-roge\/","url_meta":{"origin":42380,"position":2},"title":"Luc\u00eda Rog\u00e9: Testamento de Sor Luc\u00eda Rog\u00e9","author":"Francisco Javier Fern\u00e1ndez Chento","date":"11\/07\/2011","format":false,"excerpt":"Sor Luc\u00eda Rog\u00e9, H.C. \u00c9ste es mi testamento... Perd\u00f3n por todo lo que han tenido que sufrir, unos y otros, a trav\u00e9s de lo que ha sido mi pobre vida. Perd\u00f3n, especialmente, por esos once a\u00f1os de servicio, en la Casa Madre, a toda la Compa\u00f1\u00eda, durante los cuales la\u2026","rel":"","context":"En \u00abEscritos de Luc\u00eda Rog\u00e9\u00bb","block_context":{"text":"Escritos de Luc\u00eda Rog\u00e9","link":"https:\/\/vincentians.com\/es\/category\/escritos\/escritos-de-lucia-roge\/"},"img":{"alt_text":"","src":"https:\/\/i0.wp.com\/vincentians.com\/es\/wp-content\/uploads\/sites\/11\/2016\/07\/escritos-lucia-roge.jpg?fit=1200%2C630&ssl=1&resize=350%2C200","width":350,"height":200,"srcset":"https:\/\/i0.wp.com\/vincentians.com\/es\/wp-content\/uploads\/sites\/11\/2016\/07\/escritos-lucia-roge.jpg?fit=1200%2C630&ssl=1&resize=350%2C200 1x, https:\/\/i0.wp.com\/vincentians.com\/es\/wp-content\/uploads\/sites\/11\/2016\/07\/escritos-lucia-roge.jpg?fit=1200%2C630&ssl=1&resize=525%2C300 1.5x, https:\/\/i0.wp.com\/vincentians.com\/es\/wp-content\/uploads\/sites\/11\/2016\/07\/escritos-lucia-roge.jpg?fit=1200%2C630&ssl=1&resize=700%2C400 2x, https:\/\/i0.wp.com\/vincentians.com\/es\/wp-content\/uploads\/sites\/11\/2016\/07\/escritos-lucia-roge.jpg?fit=1200%2C630&ssl=1&resize=1050%2C600 3x"},"classes":[]},{"id":42381,"url":"https:\/\/vincentians.com\/es\/lucia-roge-la-verdad-de-nuestras-vidas\/","url_meta":{"origin":42380,"position":3},"title":"Luc\u00eda Rog\u00e9: La verdad de nuestras vidas","author":"Francisco Javier Fern\u00e1ndez Chento","date":"25\/06\/2011","format":false,"excerpt":"Par\u00eds, octubre de 1979 Nuestra Madre Guillemin, en una instrucci\u00f3n sobre las caracter\u00eds\u00adticas de nuestro esp\u00edritu propuso este paralelismo: HUMILDAD - SENCILLEZ - CARIDAD POBREZA - VERDAD - CARIDAD Este punto de la verdad me ha venido a la mente al leer esta frase de Juan Pablo II: \"Se encuentra\u2026","rel":"","context":"En \u00abEscritos de Luc\u00eda Rog\u00e9\u00bb","block_context":{"text":"Escritos de Luc\u00eda Rog\u00e9","link":"https:\/\/vincentians.com\/es\/category\/escritos\/escritos-de-lucia-roge\/"},"img":{"alt_text":"","src":"https:\/\/i0.wp.com\/vincentians.com\/es\/wp-content\/uploads\/sites\/11\/2016\/07\/escritos-lucia-roge.jpg?fit=1200%2C630&ssl=1&resize=350%2C200","width":350,"height":200,"srcset":"https:\/\/i0.wp.com\/vincentians.com\/es\/wp-content\/uploads\/sites\/11\/2016\/07\/escritos-lucia-roge.jpg?fit=1200%2C630&ssl=1&resize=350%2C200 1x, https:\/\/i0.wp.com\/vincentians.com\/es\/wp-content\/uploads\/sites\/11\/2016\/07\/escritos-lucia-roge.jpg?fit=1200%2C630&ssl=1&resize=525%2C300 1.5x, https:\/\/i0.wp.com\/vincentians.com\/es\/wp-content\/uploads\/sites\/11\/2016\/07\/escritos-lucia-roge.jpg?fit=1200%2C630&ssl=1&resize=700%2C400 2x, https:\/\/i0.wp.com\/vincentians.com\/es\/wp-content\/uploads\/sites\/11\/2016\/07\/escritos-lucia-roge.jpg?fit=1200%2C630&ssl=1&resize=1050%2C600 3x"},"classes":[]},{"id":39927,"url":"https:\/\/vincentians.com\/es\/lucia-roge-el-carisma-de-los-fundadores\/","url_meta":{"origin":42380,"position":4},"title":"Luc\u00eda Rog\u00e9: El carisma de los Fundadores","author":"Francisco Javier Fern\u00e1ndez Chento","date":"23\/10\/2014","format":false,"excerpt":"Par\u00eds, junio 1976 Hemos de afrontar, juntas, las diferencias del actual estado de cosas. Hasta 1980, nos encontraremos en una etapa de actualizaci\u00f3n, a trav\u00e9s de los inevitables tanteos de algunas realizaciones apost\u00f3licas. Sin embargo, en esta fase de b\u00fasqueda continua, hay algo que sigue siendo esencial, el carisma vicenciano,\u2026","rel":"","context":"En \u00abEscritos de Luc\u00eda Rog\u00e9\u00bb","block_context":{"text":"Escritos de Luc\u00eda Rog\u00e9","link":"https:\/\/vincentians.com\/es\/category\/escritos\/escritos-de-lucia-roge\/"},"img":{"alt_text":"","src":"https:\/\/i0.wp.com\/vincentians.com\/es\/wp-content\/uploads\/sites\/11\/2016\/07\/escritos-lucia-roge.jpg?fit=1200%2C630&ssl=1&resize=350%2C200","width":350,"height":200,"srcset":"https:\/\/i0.wp.com\/vincentians.com\/es\/wp-content\/uploads\/sites\/11\/2016\/07\/escritos-lucia-roge.jpg?fit=1200%2C630&ssl=1&resize=350%2C200 1x, https:\/\/i0.wp.com\/vincentians.com\/es\/wp-content\/uploads\/sites\/11\/2016\/07\/escritos-lucia-roge.jpg?fit=1200%2C630&ssl=1&resize=525%2C300 1.5x, https:\/\/i0.wp.com\/vincentians.com\/es\/wp-content\/uploads\/sites\/11\/2016\/07\/escritos-lucia-roge.jpg?fit=1200%2C630&ssl=1&resize=700%2C400 2x, https:\/\/i0.wp.com\/vincentians.com\/es\/wp-content\/uploads\/sites\/11\/2016\/07\/escritos-lucia-roge.jpg?fit=1200%2C630&ssl=1&resize=1050%2C600 3x"},"classes":[]},{"id":39926,"url":"https:\/\/vincentians.com\/es\/lucia-roge-actualidad-de-san-vicente\/","url_meta":{"origin":42380,"position":5},"title":"Luc\u00eda Rog\u00e9: Actualidad de san Vicente","author":"Francisco Javier Fern\u00e1ndez Chento","date":"17\/10\/2014","format":false,"excerpt":"Mayo de 1975 El trabajo de la Asamblea ha puesto de manifiesto la actualidad de san Vicente, la actualidad de su doctrina, y la actualidad de su acci\u00f3n. Con estas palabras, quisiera subrayar sencillamente algunos puntos que les har\u00e1n ver c\u00f3mo intentamos, a lo largo de la Asamblea, penetrar en\u2026","rel":"","context":"En \u00abEscritos de Luc\u00eda Rog\u00e9\u00bb","block_context":{"text":"Escritos de Luc\u00eda Rog\u00e9","link":"https:\/\/vincentians.com\/es\/category\/escritos\/escritos-de-lucia-roge\/"},"img":{"alt_text":"","src":"https:\/\/i0.wp.com\/vincentians.com\/es\/wp-content\/uploads\/sites\/11\/2016\/07\/escritos-lucia-roge.jpg?fit=1200%2C630&ssl=1&resize=350%2C200","width":350,"height":200,"srcset":"https:\/\/i0.wp.com\/vincentians.com\/es\/wp-content\/uploads\/sites\/11\/2016\/07\/escritos-lucia-roge.jpg?fit=1200%2C630&ssl=1&resize=350%2C200 1x, https:\/\/i0.wp.com\/vincentians.com\/es\/wp-content\/uploads\/sites\/11\/2016\/07\/escritos-lucia-roge.jpg?fit=1200%2C630&ssl=1&resize=525%2C300 1.5x, https:\/\/i0.wp.com\/vincentians.com\/es\/wp-content\/uploads\/sites\/11\/2016\/07\/escritos-lucia-roge.jpg?fit=1200%2C630&ssl=1&resize=700%2C400 2x, https:\/\/i0.wp.com\/vincentians.com\/es\/wp-content\/uploads\/sites\/11\/2016\/07\/escritos-lucia-roge.jpg?fit=1200%2C630&ssl=1&resize=1050%2C600 3x"},"classes":[]}],"_links":{"self":[{"href":"https:\/\/vincentians.com\/es\/wp-json\/wp\/v2\/posts\/42380","targetHints":{"allow":["GET"]}}],"collection":[{"href":"https:\/\/vincentians.com\/es\/wp-json\/wp\/v2\/posts"}],"about":[{"href":"https:\/\/vincentians.com\/es\/wp-json\/wp\/v2\/types\/post"}],"author":[{"embeddable":true,"href":"https:\/\/vincentians.com\/es\/wp-json\/wp\/v2\/users\/4"}],"replies":[{"embeddable":true,"href":"https:\/\/vincentians.com\/es\/wp-json\/wp\/v2\/comments?post=42380"}],"version-history":[{"count":1,"href":"https:\/\/vincentians.com\/es\/wp-json\/wp\/v2\/posts\/42380\/revisions"}],"predecessor-version":[{"id":403459,"href":"https:\/\/vincentians.com\/es\/wp-json\/wp\/v2\/posts\/42380\/revisions\/403459"}],"wp:featuredmedia":[{"embeddable":true,"href":"https:\/\/vincentians.com\/es\/wp-json\/wp\/v2\/media\/398623"}],"wp:attachment":[{"href":"https:\/\/vincentians.com\/es\/wp-json\/wp\/v2\/media?parent=42380"}],"wp:term":[{"taxonomy":"category","embeddable":true,"href":"https:\/\/vincentians.com\/es\/wp-json\/wp\/v2\/categories?post=42380"},{"taxonomy":"post_tag","embeddable":true,"href":"https:\/\/vincentians.com\/es\/wp-json\/wp\/v2\/tags?post=42380"}],"curies":[{"name":"wp","href":"https:\/\/api.w.org\/{rel}","templated":true}]}}