{"id":42379,"date":"2021-05-02T07:59:51","date_gmt":"2021-05-02T05:59:51","guid":{"rendered":"http:\/\/somos.vicencianos.org\/blog\/2011\/06\/lucia-roge-la-oracion-en-nuestras-vidas\/"},"modified":"2020-12-15T20:00:47","modified_gmt":"2020-12-15T19:00:47","slug":"lucia-roge-la-oracion-en-nuestras-vidas","status":"publish","type":"post","link":"https:\/\/vincentians.com\/es\/lucia-roge-la-oracion-en-nuestras-vidas\/","title":{"rendered":"Luc\u00eda Rog\u00e9: La oraci\u00f3n en nuestras vidas"},"content":{"rendered":"<div>\n<p>Par\u00eds, octubre de 1978Hace unos quince d\u00edas, en la homil\u00eda de la celebraci\u00f3n eucar\u00edstica que precede al Consejo General, el Padre Director nos dijo: \u00abNo oramos bastante, las Hijas de la Caridad no oran bastante\u00bb.<\/p>\n<p>Estas palabras fueron una fuerte interpelaci\u00f3n para cada uno de los miembros del Consejo. Las Hijas de la Caridad no oran bastante. Y tuvimos que reconocer, a partir de nuestra experiencia personal, que era verdad.<\/p>\n<p>No se ora bastante, y no se trata \u00fanicamente de una observaci\u00f3n de car\u00e1cter cuantitativo, es decir, referida a la comprobaci\u00f3n del tiempo que se dedica a la oraci\u00f3n, tal como lo precisan nuestras Constitucio\u00adnes, sino de esa actitud de oraci\u00f3n, de uni\u00f3n con Dios, de que habla san Vicente; actitud de oraci\u00f3n que \u00abno la dejemos nunca, y no dejemos pasar un minuto de tiempo sin estar en oraci\u00f3n\u00bb, nos dice.<span id='easy-footnote-1-42379' class='easy-footnote-margin-adjust'><\/span><span class='easy-footnote'><a href='https:\/\/vincentians.com\/es\/lucia-roge-la-oracion-en-nuestras-vidas\/#easy-footnote-bottom-1-42379' title='IX, 386.'><sup>1<\/sup><\/a><\/span>\n<p>Para san Vicente, de la oraci\u00f3n nace el vigor de nuestra b\u00fasqueda de Dios, de nuestro deseo de encontrarlo en el pobre, de reconocerlo y de amarlo.<\/p>\n<p>Orar, para la Hija de la Caridad, es desear estar en la presencia de Dios y tambi\u00e9n tener presentes a los pobres, a todos los oprimidos del mundo actual. Ambas presencias se relacionan mutuamente, una llama a la otra y crecen juntas en intensidad, no se puede vivir el carisma vicenciano sin traducir el amor de estas dos formas. Es dejar a Dios por Dios, es instaurar en la vida cotidiana la familiaridad con Dios, de modo que todo se convierta en oraci\u00f3n, en di\u00e1logo con el Se\u00f1or.<\/p>\n<\/div>\n<p>Me viene a la memoria a este prop\u00f3sito el recuerdo de una Her\u00admana anciana, Sor Mar\u00eda. En el servicio de cirug\u00eda de un hospital tra\u00adbajaban dos Hermanas. Una de ellas, mayor ya, aseaba a\u00fan a algunos enfermos, ayudaba a comer a otros, iba a recados, los entreten\u00eda y, sobre todo, los escuchaba. Un d\u00eda llega un paciente habitual, ya que, estando bebido, se hab\u00eda roto una pierna y magullado la cara. Sor Mar\u00eda, compasiva, trata de consolarlo y recibe a cambio un mont\u00f3n de injurias. Sor Mar\u00eda no insiste, se retira sonriendo y se la oye murmurar: \u00abEs igual Se\u00f1or, \u00a1qu\u00e9 representantes tan curiosos eliges!\u00bb<\/p>\n<p>No estoy lejos de pensar que esta manera de reaccionar, vol\u00advi\u00e9ndose inmediatamente hacia el Se\u00f1or, tiene mucho de oraci\u00f3n. Es como una oraci\u00f3n jaculatoria, \u00abSe\u00f1or, te he reconocido por la fe y por el amor\u00bb. Es una oraci\u00f3n a lo san Vicente, un impulso del coraz\u00f3n como los que \u00e9l recomendaba a las Hermanas el 31 de julio de 1634: \u00abDios m\u00edo, t\u00fa eres mi Dios\u00bb.<span id='easy-footnote-2-42379' class='easy-footnote-margin-adjust'><\/span><span class='easy-footnote'><a href='https:\/\/vincentians.com\/es\/lucia-roge-la-oracion-en-nuestras-vidas\/#easy-footnote-bottom-2-42379' title='IX,\u00a0 25.'><sup>2<\/sup><\/a><\/span> De hecho es la expresi\u00f3n de un di\u00e1logo con Dios, es la visi\u00f3n de fe del Dios presente de que hablan las Cons\u00adtituciones y del que dec\u00eda san Vicente: \u00abEst\u00e1s presente en todo lugar, penetrando \u00edntimamente todas las cosas e incluso en nuestro cora\u00adzones; y esto es todav\u00eda m\u00e1s cierto que el que estamos todas pre\u00adsentes aqu\u00ed\u00bb.<span id='easy-footnote-3-42379' class='easy-footnote-margin-adjust'><\/span><span class='easy-footnote'><a href='https:\/\/vincentians.com\/es\/lucia-roge-la-oracion-en-nuestras-vidas\/#easy-footnote-bottom-3-42379' title='IX, 23.'><sup>3<\/sup><\/a><\/span>\n<div>\n<p>El di\u00e1logo permanente con Dios implica tiempos de mayor intensi\u00addad en la oraci\u00f3n, de una mayor intimidad, en los que Dios se deja o\u00edr, se hace comprender, permite que nos acerquemos a \u00c9l. No se trata de pasar para cumplir una f\u00f3rmula un cierto n\u00famero de minutos en oraci\u00f3n, en los que se mira discretamente el reloj, como en una visita en la que no se sabe qu\u00e9 decir, esperando que transcurran los minutos reglamen\u00adtarios. \u00abSe trata, dec\u00eda nuestra M. Guillemin, de ponernos ante el Se\u00f1or en estado de oraci\u00f3n, de anhelo, de espera, de renovar la conversaci\u00f3n tal vez interrumpida, de contemplar a la luz de la fe\u00bb.<\/p>\n<p>Es tambi\u00e9n tiempo de interrogantes, como se plantean a las perso\u00adnas a quienes se ama. Se\u00f1or, \u00bfte he sabido reconocer hoy? \u00bfhe descu\u00adbierto, como Sor Mar\u00eda, que eras T\u00fa quien me hac\u00eda se\u00f1ales? \u00bfhe com\u00adprendido lo que quer\u00edas hacerme captar con tal acontecimiento, con esa calumnia, con aquella delicadeza, aquel gesto de ayuda, aquella pala\u00adbra compasiva o aquella sonrisa?<\/p>\n<p>\u00a1Qu\u00e9 alcance misionero ha tenido la sonrisa de Juan Pablo I, que respond\u00eda directamente a lo que el mundo espera, porque hablaba directamente de la ternura de Dios, de que Dios es amor!<\/p>\n<p>S\u00ed, rezar, meditar, es el camino de una vida aut\u00e9ntica de oraci\u00f3n inin\u00adterrumpida. Es el camino para buscar a Dios y, transformada nuestra mirada, tratar de reconocerlo, operante en todos y por todas partes, en lo cotidiano de la existencia. Esto no minimiza la importancia de nues\u00adtras oraciones vocales comunitarias; hay d\u00edas en que necesitamos ab\u00adsolutamente el apoyo de las muletas de las palabras. Entonces nos ayudan los salmos, Laudes y V\u00edsperas o, por ejemplo, la oraci\u00f3n del Angelus, con todo lo que comporta:<\/p>\n<ul>\n<li>de proclamaci\u00f3n de que hacemos nuestro \u00abel ser la esclava\u00bb,<\/li>\n<li>de adhesi\u00f3n por amor, \u00abh\u00e1gase en m\u00ed&#8230;\u00bb,<\/li>\n<li>de convicci\u00f3n en la fe, \u00abhabit\u00f3 entre nosotros\u00bb. Habita siempre entre nosotros.<\/li>\n<\/ul>\n<\/div>\n<div>\n<p>As\u00ed, quien ora verdaderamente, quien trata de hacer la voluntad del Padre, seg\u00fan el Esp\u00edritu de Jes\u00fas, es decir, quien trata de impregnar su vida del esp\u00edritu del evangelio, se reconocer\u00e1 como persona de oraci\u00f3n.<\/p>\n<p>La oraci\u00f3n se traduce en la vida, influye en nuestra actitud o no es oraci\u00f3n aut\u00e9ntica. Es la oraci\u00f3n la que nos ayuda a vivir de fe, a reco\u00adnocer a Cristo en los dem\u00e1s, a aceptar a los dem\u00e1s en Cristo, a entrar en comuni\u00f3n con ellos. Quien ora no destila aqu\u00ed y all\u00e1 juicios duros y severos que conducen a la divisi\u00f3n, porque est\u00e1 unida a Dios, que es amor. No es desagradable, ni ruda, ni se a\u00edsla en su torre de marfil. Par\u00adticipa, comparte, sostiene, soporta.<\/p>\n<p>Tiene experiencia personal de Dios-Amor. La que ora est\u00e1 atenta a los dem\u00e1s, a sus penas y a sus alegr\u00edas, realiza su parte de trabajo coti\u00addiano. La oraci\u00f3n no es un refugio para ella. S\u00ed, quien ora es persona de comuni\u00f3n, es decir de uni\u00f3n, de paz, de lealtad en sus relaciones, de alegr\u00eda porque vive pr\u00f3xima a Dios, que es amor y verdad, que es alegr\u00eda, \u00abporque todo en \u00e9l es don\u00bb (Pablo VI). No oramos bastante, y lo demuestra el que faltemos tan a menudo a la caridad, a la verdad; lo demuestra nuestra falta de alegr\u00eda.<\/p>\n<p>Quiz\u00e1 no nos esforcemos bastante para orar. Nuestra Madre Guille\u00admin dec\u00eda que, salvo en ciertos momentos privilegiados, la oraci\u00f3n requiere esfuerzo. \u00abHay que querer hacer oraci\u00f3n\u00bb, dec\u00eda. Querer hacer oraci\u00f3n, el amor impulsando nuestra voluntad.<\/p>\n<p>Querer hacer oraci\u00f3n implica tambi\u00e9n prepararse para hacerla, es decir, ponerse en las condiciones que la oraci\u00f3n, el di\u00e1logo con Dios, requiere. Una actitud de silencio y de sinceridad, evita el rumor interior de las cosas superficiales a que tan f\u00e1cilmente nos dejamos arrastrar. Hay que acudir a Dios con sencillez, casi con la familiaridad, que encon\u00adtramos en la Sagrada Escritura: \u00abSe\u00f1or, vengo a Ti. Creo, es verdad, pero ayuda mi incredulidad\u00bb.<span id='easy-footnote-4-42379' class='easy-footnote-margin-adjust'><\/span><span class='easy-footnote'><a href='https:\/\/vincentians.com\/es\/lucia-roge-la-oracion-en-nuestras-vidas\/#easy-footnote-bottom-4-42379' title='Mt, 9,24.'><sup>4<\/sup><\/a><\/span>\n<p>De ah\u00ed la absoluta necesidad de la lectura espiritual, de leer el evan\u00adgelio. Aliment\u00e9monos del evangelio. Pensemos que mucha gente s\u00f3lo podr\u00e1 conocerlo a trav\u00e9s de nuestra vida. No se puede pasar de la lec\u00adtura de una novela follet\u00f3n, de una revista, de ver telefilmes sentimenta\u00adles en la televisi\u00f3n a distinguir los signos de los tiempos y a comprender la acci\u00f3n de Dios en el mundo.<\/p>\n<\/div>\n<div>\n<p>Hay que ir a la oraci\u00f3n con alma de pobre que se presenta ante su Dios. Recordemos la par\u00e1bola del fariseo y del publicano; evoquemos tambi\u00e9n la actitud de Mar\u00eda en Can\u00e1; presenta la situaci\u00f3n y espera la respuesta, la luz. El verdadero pobre no es imperioso, no es impacien\u00adte, es humilde y atento. El retraso de Dios, el tiempo de espera que nos propone, es tiempo de fe;<\/p>\n<ul>\n<li>de que la fe prospere, esperar en la incertidumbre;<\/li>\n<li>de que la fe arraigue, esperar solamente en Dios;<\/li>\n<li>de que la fe se haga m\u00e1s profunda, tener la seguridad que una espera prolongada o un silencio son tambi\u00e9n amor.<\/li>\n<\/ul>\n<p>UNA HIJA DE LA CARIDAD NUNCA EST\u00c1 SOLA ANTE DIOS<\/p>\n<ul>\n<li>Est\u00e1 all\u00ed con los pobres, est\u00e1 all\u00ed en su nombre.<span id='easy-footnote-5-42379' class='easy-footnote-margin-adjust'><\/span><span class='easy-footnote'><a href='https:\/\/vincentians.com\/es\/lucia-roge-la-oracion-en-nuestras-vidas\/#easy-footnote-bottom-5-42379' title='C. 31. Ed. de 1975.'><sup>5<\/sup><\/a><\/span><\/li>\n<li>Est\u00e1 con la Compa\u00f1\u00eda y con todos los pobres del mundo entero a los que las Hijas de la Caridad sirven y quieren servir, con todos los sufrimientos de las Hermanas de los pa\u00edses oprimidos.<\/li>\n<li>Est\u00e1 con la Iglesia, de la que es una min\u00fascula parte; en uni\u00f3n con la Iglesia, la oraci\u00f3n alcanza su plenitud.<\/li>\n<li>Est\u00e1 en la oraci\u00f3n con Jesucristo; ruega como Cristo nos ense\u00f1\u00f3 a orar, con un sentimiento filial, Padre Nuestro.<\/li>\n<\/ul>\n<p>La que verdaderamente hace oraci\u00f3n se sit\u00faa en verdad ante Dios, se despoja de todo personaje. Descansa en la verdad ante su Se\u00f1or, confes\u00e1ndose a s\u00ed misma sus flaquezas y sus faltas, y reconoci\u00e9ndose pecador ante \u00c9l, \u00a1ten piedad de m\u00ed, Se\u00f1or! Los salmos contienen gritos magn\u00edficos de pobreza reconocida y confesada, que se aplican a cada una de nosotras. No los recitemos de cualquier manera, captemos el mensaje. Pero, paralelamente, al tomar conciencia de que los dones de Dios permanecen siempre, de que las gracias de Dios se suceden a lo largo de las horas, nos sentimos provocadas a la acci\u00f3n de gracias. \u00a1Te doy gracias, oh Se\u00f1or! T\u00fa est\u00e1s presente en el m\u00e1s peque\u00f1o hecho de mi vida. No existe la m\u00e1s min\u00fascula alegr\u00eda que no sea claridad de tu amor. No hay dificultad que no sea provocaci\u00f3n al amor.<\/p>\n<p>La fidelidad a la oraci\u00f3n se prueba en la perseverancia, y la gratui\u00addad, en una purificaci\u00f3n progresiva, lo que hac\u00eda decir a san Vicente que: \u00abLa mortificaci\u00f3n y la oraci\u00f3n son como dos hermanas tan estrechamente unidas que nunca van separadas. La mortificaci\u00f3n va pri\u00admero y la oraci\u00f3n la sigue\u00bb.<span id='easy-footnote-6-42379' class='easy-footnote-margin-adjust'><\/span><span class='easy-footnote'><a href='https:\/\/vincentians.com\/es\/lucia-roge-la-oracion-en-nuestras-vidas\/#easy-footnote-bottom-6-42379' title='IX, 391.'><sup>6<\/sup><\/a><\/span>\n<\/div>\n<div>\n<p>Era ya el pensamiento de san Pedro Cris\u00f3logo: \u00abOraci\u00f3n, misericordia, ayuno; los tres no forman m\u00e1s que uno y se dan mutuamente la vida. Que nadie los divida; los tres no pueden separarse. El que ora debe ayunar (y hay muchas maneras de ayunar). El que ayuna debe tener piedad. Que escuche al hombre que pide (que no pide s\u00f3lo pan o dinero, sino tambi\u00e9n que se reconozca su existencia, su dignidad, la justicia que se le debe, etc.), y que al pedir, solicita que se lo escuche. Dios escucha al que no rehusa escuchar a los dem\u00e1s cuando suplican. El que practica el ayuno debe sim\u00adpatizar con el que tiene hambre, si quiere que Dios simpatice con su propia hambre; debe tener misericordia el que espera obtener misericordia. El que quiere beneficiarse de la bondad debe practicarla, el que quiere que se le d\u00e9, tambi\u00e9n debe dar. Solicita insolentemente el que pide para s\u00ed mismo lo que rehusa a otro\u00bb. He aqu\u00ed el verdadero camino de la oraci\u00f3n.<\/p>\n<p>No se ruega bastante. El comportamiento que se ve en la vida per\u00admite hacer esta afirmaci\u00f3n: quien no ora bastante pierde el contacto con Dios y entra en la alternativa de las equivalencias de los diversos encuentros, de compromisos m\u00faltiples presentados como si tuvieran el mismo valor de la oraci\u00f3n. La acci\u00f3n se convierte as\u00ed en compensa\u00adci\u00f3n a una cierta aridez en la oraci\u00f3n, la aridez de nuestra tierra seca. Poco a poco, la intenci\u00f3n que dirige nuestras actividades se modifica; uno se habit\u00faa a vivir con prisa, en la superficie de s\u00ed mismo, viendo por encima los verdaderos problemas sin posibilidad de detenerse para pensar delante de Dios. El silencio se convierte en vac\u00edo. Quiz\u00e1 por esto lo soportamos tan mal, cuando, nuestro silencio, lejos de alejarnos de los dem\u00e1s les da la posibilidad de expresarse y nos permite prestar atenci\u00f3n, escuchar. As\u00ed, este silencio, \u00abhecho para hablar a Dios\u00bb, dice san Vicente, nos prepara al verdadero di\u00e1logo con los dem\u00e1s.<\/p>\n<p>La plegaria, tiempo de oraci\u00f3n, expresa en cierta manera el amor pre\u00adferencial que se da a Dios sobre las dem\u00e1s ocupaciones. El mismo san Vicente, desde 1643, concreta su pensar respecto a la oraci\u00f3n y al servi\u00adcio. Se trata de dejar a Dios por Dios en las necesidades acuciantes de los enfermos, pero siempre que se trate de una verdadera necesidad, y vuelve muchas veces sobre esta noci\u00f3n de verdad en la raz\u00f3n de \u00abdejar\u00bb.<\/p>\n<p>Porque la oraci\u00f3n nos env\u00eda hacia el servicio de los pobres, pero con un coraz\u00f3n y una mirada renovada. La oraci\u00f3n hace de nosotras verda\u00adderas siervas, disponibles, en perfecto acuerdo con la voluntad de Dios, cercanas a los pobres, a sus aspiraciones personales y colectivas. La oraci\u00f3n hace a la verdadera misionera (santa Teresa del Ni\u00f1o Jes\u00fas) y nos permite superar nuestra impotencia humana. En el mismo punto en que nos descubrimos completamente incapaces, podemos ser \u00fatiles a los dem\u00e1s y sostenerlos por la oraci\u00f3n.<\/p>\n<\/div>\n<div>\n<p>Gracias a la oraci\u00f3n, encontramos de nuevo nuestra libertad interior ante Dios, resistimos ante las distintas presiones que pesan sobre noso\u00adtras d\u00eda tras d\u00eda. El acto de fe que la oraci\u00f3n hace brotar da a las difi\u00adcultades su verdadera dimensi\u00f3n y hace nacer en nosotras, aun a nues\u00adtro pesar, los discernimientos necesarios para la acci\u00f3n. \u00bfQui\u00e9n de nosotras no se ha sentido sorprendida de haber dicho lo que el Esp\u00edritu Santo le inspiraba en el momento mismo en que era necesario, sin haber pensado en ello en el minuto precedente?<\/p>\n<p>Ayud\u00e9monos mutuamente en esta fidelidad a la oraci\u00f3n. Gustemos de orar juntas. Lo necesitamos, especialmente en este tiempo de pre\u00adparaci\u00f3n de la Asamblea General, en la que deberemos discernir en com\u00fan los designios de Dios para el futuro de la Compa\u00f1\u00eda. \u00a1Cu\u00e1ntas veces nos dijo san Vicente cuando hab\u00eda que obtener una gracia: \u00a1\u00bbLo primero es ped\u00edrselo a Dios\u00bb!.<span id='easy-footnote-7-42379' class='easy-footnote-margin-adjust'><\/span><span class='easy-footnote'><a href='https:\/\/vincentians.com\/es\/lucia-roge-la-oracion-en-nuestras-vidas\/#easy-footnote-bottom-7-42379' title='IX, 33,38.'><sup>7<\/sup><\/a><\/span>\n<p>Ped\u00edrsela a Dios por intercesi\u00f3n de Mar\u00eda, nuestra \u00fanica Madre, nuestra maestra en la vida espiritual, la que tanto ama a la comunidad, que nos muestra la aut\u00e9ntica fidelidad en el servicio. Orar por interce\u00adsi\u00f3n de Mar\u00eda, especialmente por el rosario, oraci\u00f3n de contemplaci\u00f3n de Jes\u00fas, su Hijo, cuyo amor sin l\u00edmites descubrimos en ella. Rogar jun\u00adtas en Iglesia, en la Eucarist\u00eda, donde nuestra participaci\u00f3n exige que nos entreguemos tambi\u00e9n en sacrificio para realizar nuestro servicio.<\/p>\n<p>En este tiempo de preparaci\u00f3n para la Asamblea General, tomemos resoluciones respecto a la oraci\u00f3n. Oraci\u00f3n de adoraci\u00f3n, de perd\u00f3n, de alabanza y de acci\u00f3n. Oraci\u00f3n de petici\u00f3n humilde que se asemeje a la vida de los pobres, a sus esperanzas y a sus expectativas, present\u00e1ndo\u00adlas a Dios; tambi\u00e9n ah\u00ed seguimos siendo siervas suyas. Oraci\u00f3n que obtie\u00adne una gracia de discernimiento para los problemas de evangelizaci\u00f3n de los pobres, para servirlos hoy. Oraci\u00f3n para crecer en la caridad.<\/p>\n<\/div>\n<p>Cualquiera que sea la clase de oraci\u00f3n, \u00absigue siendo eternamente cierto que la mejor, es aqu\u00e9lla que encierra m\u00e1s amor\u00bb (Carlos de Fou\u00adcauld). Pongamos mucho amor en rogar por la Iglesia, la paz del mundo, la evangelizaci\u00f3n de los pobres y por la fidelidad de la Compa\u00f1\u00eda a los signos de Dios sobre ella.<\/p>\n","protected":false},"excerpt":{"rendered":"<p>Par\u00eds, octubre de 1978Hace unos quince d\u00edas, en la homil\u00eda de la celebraci\u00f3n eucar\u00edstica que precede al Consejo General, el Padre Director nos dijo: \u00abNo oramos bastante, las Hijas de la Caridad no oran bastante\u00bb. &#8230; <a href=\"https:\/\/vincentians.com\/es\/lucia-roge-la-oracion-en-nuestras-vidas\/\" class=\"more-link\">Read More<\/a><\/p>\n","protected":false},"author":4,"featured_media":398623,"comment_status":"open","ping_status":"open","sticky":false,"template":"","format":"standard","meta":{"jetpack_post_was_ever_published":false,"_jetpack_newsletter_access":"","_jetpack_dont_email_post_to_subs":false,"_jetpack_newsletter_tier_id":0,"_jetpack_memberships_contains_paywalled_content":false,"_jetpack_memberships_contains_paid_content":false,"footnotes":"","jetpack_publicize_message":"","jetpack_publicize_feature_enabled":true,"jetpack_social_post_already_shared":true,"jetpack_social_options":{"image_generator_settings":{"template":"highway","default_image_id":0,"font":"","enabled":false},"version":2}},"categories":[276],"tags":[],"class_list":["post-42379","post","type-post","status-publish","format-standard","has-post-thumbnail","hentry","category-escritos-de-lucia-roge"],"yoast_head":"<!-- This site is optimized with the Yoast SEO plugin v26.3 - https:\/\/yoast.com\/wordpress\/plugins\/seo\/ -->\n<title>Luc\u00eda Rog\u00e9: La oraci\u00f3n en nuestras vidas - Somos Vicencianos<\/title>\n<meta name=\"robots\" content=\"index, follow, max-snippet:-1, max-image-preview:large, max-video-preview:-1\" \/>\n<link rel=\"canonical\" href=\"https:\/\/vincentians.com\/es\/lucia-roge-la-oracion-en-nuestras-vidas\/\" \/>\n<meta property=\"og:locale\" content=\"es_ES\" \/>\n<meta property=\"og:type\" content=\"article\" \/>\n<meta property=\"og:title\" content=\"Luc\u00eda Rog\u00e9: La oraci\u00f3n en nuestras vidas - Somos Vicencianos\" \/>\n<meta property=\"og:description\" content=\"Par\u00eds, octubre de 1978Hace unos quince d\u00edas, en la homil\u00eda de la celebraci\u00f3n eucar\u00edstica que precede al Consejo General, el Padre Director nos dijo: \u00abNo oramos bastante, las Hijas de la Caridad no oran bastante\u00bb. ... Read More\" \/>\n<meta property=\"og:url\" content=\"https:\/\/vincentians.com\/es\/lucia-roge-la-oracion-en-nuestras-vidas\/\" \/>\n<meta property=\"og:site_name\" content=\"Somos Vicencianos\" \/>\n<meta property=\"article:publisher\" content=\"https:\/\/www.facebook.com\/WeAreVincentians\/\" \/>\n<meta property=\"article:author\" content=\"https:\/\/www.facebook.com\/JavierChento\" \/>\n<meta property=\"article:published_time\" content=\"2021-05-02T05:59:51+00:00\" \/>\n<meta property=\"og:image\" content=\"https:\/\/i0.wp.com\/vincentians.com\/es\/wp-content\/uploads\/sites\/11\/2016\/07\/escritos-lucia-roge.jpg?fit=1200%2C630&ssl=1\" \/>\n\t<meta property=\"og:image:width\" content=\"1200\" \/>\n\t<meta property=\"og:image:height\" content=\"630\" \/>\n\t<meta property=\"og:image:type\" content=\"image\/jpeg\" \/>\n<meta name=\"author\" content=\"Francisco Javier Fern\u00e1ndez Chento\" \/>\n<meta name=\"twitter:card\" content=\"summary_large_image\" \/>\n<meta name=\"twitter:creator\" content=\"@https:\/\/twitter.com\/javierchento\" \/>\n<meta name=\"twitter:site\" content=\"@WeVincentians\" \/>\n<meta name=\"twitter:label1\" content=\"Escrito por\" \/>\n\t<meta name=\"twitter:data1\" content=\"Francisco Javier Fern\u00e1ndez Chento\" \/>\n\t<meta name=\"twitter:label2\" content=\"Tiempo de lectura\" \/>\n\t<meta name=\"twitter:data2\" content=\"14 minutos\" \/>\n<script type=\"application\/ld+json\" class=\"yoast-schema-graph\">{\"@context\":\"https:\/\/schema.org\",\"@graph\":[{\"@type\":\"Article\",\"@id\":\"https:\/\/vincentians.com\/es\/lucia-roge-la-oracion-en-nuestras-vidas\/#article\",\"isPartOf\":{\"@id\":\"https:\/\/vincentians.com\/es\/lucia-roge-la-oracion-en-nuestras-vidas\/\"},\"author\":{\"name\":\"Francisco Javier Fern\u00e1ndez Chento\",\"@id\":\"http:\/\/vincentians.com\/es\/#\/schema\/person\/9623ef4d9aa3b2dfb8c061f1499288f2\"},\"headline\":\"Luc\u00eda Rog\u00e9: La oraci\u00f3n en nuestras vidas\",\"datePublished\":\"2021-05-02T05:59:51+00:00\",\"mainEntityOfPage\":{\"@id\":\"https:\/\/vincentians.com\/es\/lucia-roge-la-oracion-en-nuestras-vidas\/\"},\"wordCount\":2738,\"commentCount\":0,\"publisher\":{\"@id\":\"http:\/\/vincentians.com\/es\/#organization\"},\"image\":{\"@id\":\"https:\/\/vincentians.com\/es\/lucia-roge-la-oracion-en-nuestras-vidas\/#primaryimage\"},\"thumbnailUrl\":\"https:\/\/i0.wp.com\/vincentians.com\/es\/wp-content\/uploads\/sites\/11\/2016\/07\/escritos-lucia-roge.jpg?fit=1200%2C630&ssl=1\",\"articleSection\":[\"Escritos de Luc\u00eda Rog\u00e9\"],\"inLanguage\":\"es\",\"potentialAction\":[{\"@type\":\"CommentAction\",\"name\":\"Comment\",\"target\":[\"https:\/\/vincentians.com\/es\/lucia-roge-la-oracion-en-nuestras-vidas\/#respond\"]}]},{\"@type\":\"WebPage\",\"@id\":\"https:\/\/vincentians.com\/es\/lucia-roge-la-oracion-en-nuestras-vidas\/\",\"url\":\"https:\/\/vincentians.com\/es\/lucia-roge-la-oracion-en-nuestras-vidas\/\",\"name\":\"Luc\u00eda Rog\u00e9: La oraci\u00f3n en nuestras vidas - Somos Vicencianos\",\"isPartOf\":{\"@id\":\"http:\/\/vincentians.com\/es\/#website\"},\"primaryImageOfPage\":{\"@id\":\"https:\/\/vincentians.com\/es\/lucia-roge-la-oracion-en-nuestras-vidas\/#primaryimage\"},\"image\":{\"@id\":\"https:\/\/vincentians.com\/es\/lucia-roge-la-oracion-en-nuestras-vidas\/#primaryimage\"},\"thumbnailUrl\":\"https:\/\/i0.wp.com\/vincentians.com\/es\/wp-content\/uploads\/sites\/11\/2016\/07\/escritos-lucia-roge.jpg?fit=1200%2C630&ssl=1\",\"datePublished\":\"2021-05-02T05:59:51+00:00\",\"breadcrumb\":{\"@id\":\"https:\/\/vincentians.com\/es\/lucia-roge-la-oracion-en-nuestras-vidas\/#breadcrumb\"},\"inLanguage\":\"es\",\"potentialAction\":[{\"@type\":\"ReadAction\",\"target\":[\"https:\/\/vincentians.com\/es\/lucia-roge-la-oracion-en-nuestras-vidas\/\"]}]},{\"@type\":\"ImageObject\",\"inLanguage\":\"es\",\"@id\":\"https:\/\/vincentians.com\/es\/lucia-roge-la-oracion-en-nuestras-vidas\/#primaryimage\",\"url\":\"https:\/\/i0.wp.com\/vincentians.com\/es\/wp-content\/uploads\/sites\/11\/2016\/07\/escritos-lucia-roge.jpg?fit=1200%2C630&ssl=1\",\"contentUrl\":\"https:\/\/i0.wp.com\/vincentians.com\/es\/wp-content\/uploads\/sites\/11\/2016\/07\/escritos-lucia-roge.jpg?fit=1200%2C630&ssl=1\",\"width\":1200,\"height\":630},{\"@type\":\"BreadcrumbList\",\"@id\":\"https:\/\/vincentians.com\/es\/lucia-roge-la-oracion-en-nuestras-vidas\/#breadcrumb\",\"itemListElement\":[{\"@type\":\"ListItem\",\"position\":1,\"name\":\"Portada\",\"item\":\"http:\/\/vincentians.com\/es\/\"},{\"@type\":\"ListItem\",\"position\":2,\"name\":\"Luc\u00eda Rog\u00e9: La oraci\u00f3n en nuestras vidas\"}]},{\"@type\":\"WebSite\",\"@id\":\"http:\/\/vincentians.com\/es\/#website\",\"url\":\"http:\/\/vincentians.com\/es\/\",\"name\":\"Somos Vicencianos\",\"description\":\"Know more to serve more\",\"publisher\":{\"@id\":\"http:\/\/vincentians.com\/es\/#organization\"},\"potentialAction\":[{\"@type\":\"SearchAction\",\"target\":{\"@type\":\"EntryPoint\",\"urlTemplate\":\"http:\/\/vincentians.com\/es\/?s={search_term_string}\"},\"query-input\":{\"@type\":\"PropertyValueSpecification\",\"valueRequired\":true,\"valueName\":\"search_term_string\"}}],\"inLanguage\":\"es\"},{\"@type\":\"Organization\",\"@id\":\"http:\/\/vincentians.com\/es\/#organization\",\"name\":\"The Vincentian Network\",\"url\":\"http:\/\/vincentians.com\/es\/\",\"logo\":{\"@type\":\"ImageObject\",\"inLanguage\":\"es\",\"@id\":\"http:\/\/vincentians.com\/es\/#\/schema\/logo\/image\/\",\"url\":\"https:\/\/i1.wp.com\/vincentians.com\/es\/wp-content\/uploads\/sites\/11\/2016\/06\/Vincentian-Network-logo-big.png?fit=778%2C778\",\"contentUrl\":\"https:\/\/i1.wp.com\/vincentians.com\/es\/wp-content\/uploads\/sites\/11\/2016\/06\/Vincentian-Network-logo-big.png?fit=778%2C778\",\"width\":778,\"height\":778,\"caption\":\"The Vincentian Network\"},\"image\":{\"@id\":\"http:\/\/vincentians.com\/es\/#\/schema\/logo\/image\/\"},\"sameAs\":[\"https:\/\/www.facebook.com\/WeAreVincentians\/\",\"https:\/\/x.com\/WeVincentians\"]},{\"@type\":\"Person\",\"@id\":\"http:\/\/vincentians.com\/es\/#\/schema\/person\/9623ef4d9aa3b2dfb8c061f1499288f2\",\"name\":\"Francisco Javier Fern\u00e1ndez Chento\",\"image\":{\"@type\":\"ImageObject\",\"inLanguage\":\"es\",\"@id\":\"http:\/\/vincentians.com\/es\/#\/schema\/person\/image\/\",\"url\":\"https:\/\/secure.gravatar.com\/avatar\/497d5cde87b4c3d097d0315953521681ba2cd523ee66e5077c3711f7021e65de?s=96&d=mm&r=g\",\"contentUrl\":\"https:\/\/secure.gravatar.com\/avatar\/497d5cde87b4c3d097d0315953521681ba2cd523ee66e5077c3711f7021e65de?s=96&d=mm&r=g\",\"caption\":\"Francisco Javier Fern\u00e1ndez Chento\"},\"description\":\"Director General y cofundador de La Red de Formaci\u00f3n Vicenciana. Javier es laico vicenciano, afiliado a la Congregaci\u00f3n de la Misi\u00f3n y miembro del Equipo de Misiones Populares de la provincia can\u00f3nica de Zaragoza (Espa\u00f1a) de la Congregaci\u00f3n de la Misi\u00f3n. Graduado en la Universidad Oberta de Catalunya con cuatro grados (Asistente de direcci\u00f3n, Gesti\u00f3n Administrativa, Recursos Humanos y Contabilidad Avanzada). Bil\u00edng\u00fce Espa\u00f1ol\/Ingl\u00e9s. gestiona y mantiene varias p\u00e1ginas web cristianas y vicencianas, incluida including La Red de Formaci\u00f3n Vicenciana, de la que es cofundador. Actualmente es responsable del \u00e1rea de Espa\u00f1ol de .famvin, la Red de Noticias de la Familia Vicenciana. Tambi\u00e9n es m\u00fasico cat\u00f3lico y ha editado varios discos. Es Director General y cofundador de Trovador, una reconocida compa\u00f1\u00eda discogr\u00e1fica critiana de Espa\u00f1a. Trabaja en las Tecnolog\u00edas de la Informaci\u00f3n, ofreciendo servicios de alojamiento, dise\u00f1o y mantenimiento Web, as\u00ed como asesoramiento, formaci\u00f3n y soluciones inform\u00e1ticas, gesti\u00f3n documental y digitalizaci\u00f3n de textos, edici\u00f3n y maquetaci\u00f3n de libros, revistas, flyers, etc.\",\"sameAs\":[\"http:\/\/chento.org\",\"https:\/\/www.facebook.com\/JavierChento\",\"https:\/\/x.com\/https:\/\/twitter.com\/javierchento\"],\"url\":\"https:\/\/vincentians.com\/es\/author\/chento\/\"}]}<\/script>\n<!-- \/ Yoast SEO plugin. -->","yoast_head_json":{"title":"Luc\u00eda Rog\u00e9: La oraci\u00f3n en nuestras vidas - Somos Vicencianos","robots":{"index":"index","follow":"follow","max-snippet":"max-snippet:-1","max-image-preview":"max-image-preview:large","max-video-preview":"max-video-preview:-1"},"canonical":"https:\/\/vincentians.com\/es\/lucia-roge-la-oracion-en-nuestras-vidas\/","og_locale":"es_ES","og_type":"article","og_title":"Luc\u00eda Rog\u00e9: La oraci\u00f3n en nuestras vidas - Somos Vicencianos","og_description":"Par\u00eds, octubre de 1978Hace unos quince d\u00edas, en la homil\u00eda de la celebraci\u00f3n eucar\u00edstica que precede al Consejo General, el Padre Director nos dijo: \u00abNo oramos bastante, las Hijas de la Caridad no oran bastante\u00bb. ... Read More","og_url":"https:\/\/vincentians.com\/es\/lucia-roge-la-oracion-en-nuestras-vidas\/","og_site_name":"Somos Vicencianos","article_publisher":"https:\/\/www.facebook.com\/WeAreVincentians\/","article_author":"https:\/\/www.facebook.com\/JavierChento","article_published_time":"2021-05-02T05:59:51+00:00","og_image":[{"width":1200,"height":630,"url":"https:\/\/i0.wp.com\/vincentians.com\/es\/wp-content\/uploads\/sites\/11\/2016\/07\/escritos-lucia-roge.jpg?fit=1200%2C630&ssl=1","type":"image\/jpeg"}],"author":"Francisco Javier Fern\u00e1ndez Chento","twitter_card":"summary_large_image","twitter_creator":"@https:\/\/twitter.com\/javierchento","twitter_site":"@WeVincentians","twitter_misc":{"Escrito por":"Francisco Javier Fern\u00e1ndez Chento","Tiempo de lectura":"14 minutos"},"schema":{"@context":"https:\/\/schema.org","@graph":[{"@type":"Article","@id":"https:\/\/vincentians.com\/es\/lucia-roge-la-oracion-en-nuestras-vidas\/#article","isPartOf":{"@id":"https:\/\/vincentians.com\/es\/lucia-roge-la-oracion-en-nuestras-vidas\/"},"author":{"name":"Francisco Javier Fern\u00e1ndez Chento","@id":"http:\/\/vincentians.com\/es\/#\/schema\/person\/9623ef4d9aa3b2dfb8c061f1499288f2"},"headline":"Luc\u00eda Rog\u00e9: La oraci\u00f3n en nuestras vidas","datePublished":"2021-05-02T05:59:51+00:00","mainEntityOfPage":{"@id":"https:\/\/vincentians.com\/es\/lucia-roge-la-oracion-en-nuestras-vidas\/"},"wordCount":2738,"commentCount":0,"publisher":{"@id":"http:\/\/vincentians.com\/es\/#organization"},"image":{"@id":"https:\/\/vincentians.com\/es\/lucia-roge-la-oracion-en-nuestras-vidas\/#primaryimage"},"thumbnailUrl":"https:\/\/i0.wp.com\/vincentians.com\/es\/wp-content\/uploads\/sites\/11\/2016\/07\/escritos-lucia-roge.jpg?fit=1200%2C630&ssl=1","articleSection":["Escritos de Luc\u00eda Rog\u00e9"],"inLanguage":"es","potentialAction":[{"@type":"CommentAction","name":"Comment","target":["https:\/\/vincentians.com\/es\/lucia-roge-la-oracion-en-nuestras-vidas\/#respond"]}]},{"@type":"WebPage","@id":"https:\/\/vincentians.com\/es\/lucia-roge-la-oracion-en-nuestras-vidas\/","url":"https:\/\/vincentians.com\/es\/lucia-roge-la-oracion-en-nuestras-vidas\/","name":"Luc\u00eda Rog\u00e9: La oraci\u00f3n en nuestras vidas - Somos Vicencianos","isPartOf":{"@id":"http:\/\/vincentians.com\/es\/#website"},"primaryImageOfPage":{"@id":"https:\/\/vincentians.com\/es\/lucia-roge-la-oracion-en-nuestras-vidas\/#primaryimage"},"image":{"@id":"https:\/\/vincentians.com\/es\/lucia-roge-la-oracion-en-nuestras-vidas\/#primaryimage"},"thumbnailUrl":"https:\/\/i0.wp.com\/vincentians.com\/es\/wp-content\/uploads\/sites\/11\/2016\/07\/escritos-lucia-roge.jpg?fit=1200%2C630&ssl=1","datePublished":"2021-05-02T05:59:51+00:00","breadcrumb":{"@id":"https:\/\/vincentians.com\/es\/lucia-roge-la-oracion-en-nuestras-vidas\/#breadcrumb"},"inLanguage":"es","potentialAction":[{"@type":"ReadAction","target":["https:\/\/vincentians.com\/es\/lucia-roge-la-oracion-en-nuestras-vidas\/"]}]},{"@type":"ImageObject","inLanguage":"es","@id":"https:\/\/vincentians.com\/es\/lucia-roge-la-oracion-en-nuestras-vidas\/#primaryimage","url":"https:\/\/i0.wp.com\/vincentians.com\/es\/wp-content\/uploads\/sites\/11\/2016\/07\/escritos-lucia-roge.jpg?fit=1200%2C630&ssl=1","contentUrl":"https:\/\/i0.wp.com\/vincentians.com\/es\/wp-content\/uploads\/sites\/11\/2016\/07\/escritos-lucia-roge.jpg?fit=1200%2C630&ssl=1","width":1200,"height":630},{"@type":"BreadcrumbList","@id":"https:\/\/vincentians.com\/es\/lucia-roge-la-oracion-en-nuestras-vidas\/#breadcrumb","itemListElement":[{"@type":"ListItem","position":1,"name":"Portada","item":"http:\/\/vincentians.com\/es\/"},{"@type":"ListItem","position":2,"name":"Luc\u00eda Rog\u00e9: La oraci\u00f3n en nuestras vidas"}]},{"@type":"WebSite","@id":"http:\/\/vincentians.com\/es\/#website","url":"http:\/\/vincentians.com\/es\/","name":"Somos Vicencianos","description":"Know more to serve more","publisher":{"@id":"http:\/\/vincentians.com\/es\/#organization"},"potentialAction":[{"@type":"SearchAction","target":{"@type":"EntryPoint","urlTemplate":"http:\/\/vincentians.com\/es\/?s={search_term_string}"},"query-input":{"@type":"PropertyValueSpecification","valueRequired":true,"valueName":"search_term_string"}}],"inLanguage":"es"},{"@type":"Organization","@id":"http:\/\/vincentians.com\/es\/#organization","name":"The Vincentian Network","url":"http:\/\/vincentians.com\/es\/","logo":{"@type":"ImageObject","inLanguage":"es","@id":"http:\/\/vincentians.com\/es\/#\/schema\/logo\/image\/","url":"https:\/\/i1.wp.com\/vincentians.com\/es\/wp-content\/uploads\/sites\/11\/2016\/06\/Vincentian-Network-logo-big.png?fit=778%2C778","contentUrl":"https:\/\/i1.wp.com\/vincentians.com\/es\/wp-content\/uploads\/sites\/11\/2016\/06\/Vincentian-Network-logo-big.png?fit=778%2C778","width":778,"height":778,"caption":"The Vincentian Network"},"image":{"@id":"http:\/\/vincentians.com\/es\/#\/schema\/logo\/image\/"},"sameAs":["https:\/\/www.facebook.com\/WeAreVincentians\/","https:\/\/x.com\/WeVincentians"]},{"@type":"Person","@id":"http:\/\/vincentians.com\/es\/#\/schema\/person\/9623ef4d9aa3b2dfb8c061f1499288f2","name":"Francisco Javier Fern\u00e1ndez Chento","image":{"@type":"ImageObject","inLanguage":"es","@id":"http:\/\/vincentians.com\/es\/#\/schema\/person\/image\/","url":"https:\/\/secure.gravatar.com\/avatar\/497d5cde87b4c3d097d0315953521681ba2cd523ee66e5077c3711f7021e65de?s=96&d=mm&r=g","contentUrl":"https:\/\/secure.gravatar.com\/avatar\/497d5cde87b4c3d097d0315953521681ba2cd523ee66e5077c3711f7021e65de?s=96&d=mm&r=g","caption":"Francisco Javier Fern\u00e1ndez Chento"},"description":"Director General y cofundador de La Red de Formaci\u00f3n Vicenciana. Javier es laico vicenciano, afiliado a la Congregaci\u00f3n de la Misi\u00f3n y miembro del Equipo de Misiones Populares de la provincia can\u00f3nica de Zaragoza (Espa\u00f1a) de la Congregaci\u00f3n de la Misi\u00f3n. Graduado en la Universidad Oberta de Catalunya con cuatro grados (Asistente de direcci\u00f3n, Gesti\u00f3n Administrativa, Recursos Humanos y Contabilidad Avanzada). Bil\u00edng\u00fce Espa\u00f1ol\/Ingl\u00e9s. gestiona y mantiene varias p\u00e1ginas web cristianas y vicencianas, incluida including La Red de Formaci\u00f3n Vicenciana, de la que es cofundador. Actualmente es responsable del \u00e1rea de Espa\u00f1ol de .famvin, la Red de Noticias de la Familia Vicenciana. Tambi\u00e9n es m\u00fasico cat\u00f3lico y ha editado varios discos. Es Director General y cofundador de Trovador, una reconocida compa\u00f1\u00eda discogr\u00e1fica critiana de Espa\u00f1a. Trabaja en las Tecnolog\u00edas de la Informaci\u00f3n, ofreciendo servicios de alojamiento, dise\u00f1o y mantenimiento Web, as\u00ed como asesoramiento, formaci\u00f3n y soluciones inform\u00e1ticas, gesti\u00f3n documental y digitalizaci\u00f3n de textos, edici\u00f3n y maquetaci\u00f3n de libros, revistas, flyers, etc.","sameAs":["http:\/\/chento.org","https:\/\/www.facebook.com\/JavierChento","https:\/\/x.com\/https:\/\/twitter.com\/javierchento"],"url":"https:\/\/vincentians.com\/es\/author\/chento\/"}]}},"jetpack_publicize_connections":[],"jetpack_featured_media_url":"https:\/\/i0.wp.com\/vincentians.com\/es\/wp-content\/uploads\/sites\/11\/2016\/07\/escritos-lucia-roge.jpg?fit=1200%2C630&ssl=1","jetpack_sharing_enabled":true,"jetpack_shortlink":"https:\/\/wp.me\/p7ETMF-b1x","jetpack-related-posts":[{"id":125542,"url":"https:\/\/vincentians.com\/es\/novena-a-la-virgen-milagrosa-2013-dia-septimo\/","url_meta":{"origin":42379,"position":0},"title":"Novena a la Virgen Milagrosa 2013: D\u00eda s\u00e9ptimo","author":"Francisco Javier Fern\u00e1ndez Chento","date":"25\/11\/2013","format":false,"excerpt":"Recu\u00e9rdanos que quien cree no est\u00e1 nunca solo. (La comunidad y la Iglesia) MONICI\u00d3N DE ENTRADA Bienvenidos a la celebraci\u00f3n de este s\u00e9ptimo d\u00eda de la novena, en el que meditaremos sobre nuestra fe en comunidad, en la Iglesia. No podemos vivir la fe en solitario, en la intimidad de\u2026","rel":"","context":"En \u00abVirgen Mar\u00eda\u00bb","block_context":{"text":"Virgen Mar\u00eda","link":"https:\/\/vincentians.com\/es\/category\/espiritualidad\/virgen-maria\/"},"img":{"alt_text":"Milagrosa_Pamplona_2013","src":"https:\/\/i0.wp.com\/vicencianos.org\/wp-content\/2012\/11\/Milagrosa_Pamplona_2013-201x300.jpg?resize=350%2C200","width":350,"height":200},"classes":[]},{"id":117272,"url":"https:\/\/vincentians.com\/es\/la-oracion-mas-sublime\/","url_meta":{"origin":42379,"position":1},"title":"La oraci\u00f3n m\u00e1s sublime","author":"Francisco Javier Fern\u00e1ndez Chento","date":"05\/11\/2018","format":false,"excerpt":"Existe una oraci\u00f3n m\u00e1s sublime: la contemplaci\u00f3n. Quieta el alma en presencia de Dios, recibe lo que Dios regala, pues apenas si el alma hace nada, pero el Se\u00f1or le inspira m\u00e1s de cuanto podr\u00eda buscar. Hijas m\u00edas, \u00bfno hab\u00e9is saboreado esta oraci\u00f3n cuando, extra\u00f1adas, sin m\u00e9rito de vuestra parte,\u2026","rel":"","context":"En \u00abOraci\u00f3n\u00bb","block_context":{"text":"Oraci\u00f3n","link":"https:\/\/vincentians.com\/es\/category\/espiritualidad\/oracion\/"},"img":{"alt_text":"","src":"https:\/\/i0.wp.com\/vincentians.com\/es\/wp-content\/uploads\/sites\/11\/2011\/11\/HIjas-Caridad.jpg?fit=1200%2C600&ssl=1&resize=350%2C200","width":350,"height":200,"srcset":"https:\/\/i0.wp.com\/vincentians.com\/es\/wp-content\/uploads\/sites\/11\/2011\/11\/HIjas-Caridad.jpg?fit=1200%2C600&ssl=1&resize=350%2C200 1x, https:\/\/i0.wp.com\/vincentians.com\/es\/wp-content\/uploads\/sites\/11\/2011\/11\/HIjas-Caridad.jpg?fit=1200%2C600&ssl=1&resize=525%2C300 1.5x, https:\/\/i0.wp.com\/vincentians.com\/es\/wp-content\/uploads\/sites\/11\/2011\/11\/HIjas-Caridad.jpg?fit=1200%2C600&ssl=1&resize=700%2C400 2x, https:\/\/i0.wp.com\/vincentians.com\/es\/wp-content\/uploads\/sites\/11\/2011\/11\/HIjas-Caridad.jpg?fit=1200%2C600&ssl=1&resize=1050%2C600 3x"},"classes":[]},{"id":125224,"url":"https:\/\/vincentians.com\/es\/novena-a-la-virgen-milagrosa-2013-dia-tercero\/","url_meta":{"origin":42379,"position":2},"title":"Novena a la Virgen Milagrosa 2013: D\u00eda tercero","author":"Francisco Javier Fern\u00e1ndez Chento","date":"21\/11\/2013","format":false,"excerpt":"Aviva en nosotros el deseo de SEGUIR LOS PASOS DE JES\u00daS, saliendo de nuestra tierra y confiando en su promesa. (Dificultades para seguir la vocaci\u00f3n) MONICI\u00d3N DE ENTRADA Bienvenidos al pie de este altar. Si ayer la oraci\u00f3n del Papa nos llevaba a escuchar la Palabra y la Llamada, hoy\u2026","rel":"","context":"En \u00abVirgen Mar\u00eda\u00bb","block_context":{"text":"Virgen Mar\u00eda","link":"https:\/\/vincentians.com\/es\/category\/espiritualidad\/virgen-maria\/"},"img":{"alt_text":"Milagrosa_Pamplona_2013","src":"https:\/\/i0.wp.com\/vicencianos.org\/wp-content\/2012\/11\/Milagrosa_Pamplona_2013-201x300.jpg?resize=350%2C200","width":350,"height":200},"classes":[]},{"id":102582,"url":"https:\/\/vincentians.com\/es\/luisa-de-marillac-carta-0628-a-mi-querida-sor-lorenza-dubois\/","url_meta":{"origin":42379,"position":3},"title":"Luisa de Marillac, Carta 0628: A mi querida Sor Lorenza Dubois","author":"Francisco Javier Fern\u00e1ndez Chento","date":"04\/09\/2012","format":false,"excerpt":"Hija de la Caridad, Sierva de los Pobres Enfermos Bernay Normand\u00eda Hoy,17 de abril de 1658 Mi querida Hermana: He quedado muy extra\u00f1ada con lo que me dice de la enfermedad de Sor Mar\u00eda, y Si no fuera porque estoy segura de que ha ejercido usted con ella toda la\u2026","rel":"","context":"En \u00abEscritos de Luisa de Marillac\u00bb","block_context":{"text":"Escritos de Luisa de Marillac","link":"https:\/\/vincentians.com\/es\/category\/escritos\/escritos-de-luisa-de-marillac\/"},"img":{"alt_text":"","src":"https:\/\/i0.wp.com\/vincentians.com\/es\/wp-content\/uploads\/sites\/11\/2016\/07\/escritos-luisa-de-marillac.jpg?fit=1200%2C630&ssl=1&resize=350%2C200","width":350,"height":200,"srcset":"https:\/\/i0.wp.com\/vincentians.com\/es\/wp-content\/uploads\/sites\/11\/2016\/07\/escritos-luisa-de-marillac.jpg?fit=1200%2C630&ssl=1&resize=350%2C200 1x, https:\/\/i0.wp.com\/vincentians.com\/es\/wp-content\/uploads\/sites\/11\/2016\/07\/escritos-luisa-de-marillac.jpg?fit=1200%2C630&ssl=1&resize=525%2C300 1.5x, https:\/\/i0.wp.com\/vincentians.com\/es\/wp-content\/uploads\/sites\/11\/2016\/07\/escritos-luisa-de-marillac.jpg?fit=1200%2C630&ssl=1&resize=700%2C400 2x, https:\/\/i0.wp.com\/vincentians.com\/es\/wp-content\/uploads\/sites\/11\/2016\/07\/escritos-luisa-de-marillac.jpg?fit=1200%2C630&ssl=1&resize=1050%2C600 3x"},"classes":[]},{"id":114699,"url":"https:\/\/vincentians.com\/es\/novena-a-la-virgen-milagrosa-2012-dia-5o\/","url_meta":{"origin":42379,"position":4},"title":"Novena a la Virgen Milagrosa 2012: D\u00eda 5\u00ba","author":"Francisco Javier Fern\u00e1ndez Chento","date":"23\/11\/2012","format":false,"excerpt":"Todo Concilio es una hora de Dios para el mundo MONICI\u00d3N DE ENTRADA Bienvenidos a nuestra celebraci\u00f3n convocados tambi\u00e9n hoy por la Virgen de la Medalla Milagrosa. En el Concilio Vaticano II hubo tres tendencias sobre la Virgen: como una creyente m\u00e1s del Pueblo de Dios; como una persona aut\u00f3noma\u2026","rel":"","context":"En \u00abVirgen Mar\u00eda\u00bb","block_context":{"text":"Virgen Mar\u00eda","link":"https:\/\/vincentians.com\/es\/category\/espiritualidad\/virgen-maria\/"},"img":{"alt_text":"","src":"https:\/\/i0.wp.com\/vicencianos.org\/wp-content\/2012\/11\/novena_milagrosa_2012_portada-211x300.jpg?resize=350%2C200","width":350,"height":200},"classes":[]},{"id":120300,"url":"https:\/\/vincentians.com\/es\/vicente-de-paul-la-fe-que-dio-sentido-a-su-vida-iv-amemos-a-dios-hermanos-mios-amemos-a-dios\/","url_meta":{"origin":42379,"position":5},"title":"Vicente de Pa\u00fal: la fe que dio sentido a su vida. IV. \u00a1Amemos a Dios, hermanos m\u00edos, amemos a Dios!","author":"Francisco Javier Fern\u00e1ndez Chento","date":"03\/01\/2015","format":false,"excerpt":"IV. \u00a1Amemos a Dios, hermanos m\u00edos, amemos a Dios! El descubrimiento de la bondad de Dios no deja a Vi\u00adcente maravillado e inactivo; est\u00e1 en el origen de un dina\u00admismo asombroso que da impulso a toda su vida. Vi\u00e9ndole recomendar la disponibilidad para con la divina Providen\u00adcia, podr\u00edan imaginarse algunos\u2026","rel":"","context":"En \u00abEspiritualidad vicenciana\u00bb","block_context":{"text":"Espiritualidad vicenciana","link":"https:\/\/vincentians.com\/es\/category\/espiritualidad\/espiritualidad-vicenciana\/"},"img":{"alt_text":"Vincent-de-Paul-and-bible-alternate","src":"https:\/\/i0.wp.com\/vicencianos.org\/wp-content\/2013\/04\/Vincent-de-Paul-and-bible-alternate-216x300.jpg?resize=350%2C200","width":350,"height":200},"classes":[]}],"_links":{"self":[{"href":"https:\/\/vincentians.com\/es\/wp-json\/wp\/v2\/posts\/42379","targetHints":{"allow":["GET"]}}],"collection":[{"href":"https:\/\/vincentians.com\/es\/wp-json\/wp\/v2\/posts"}],"about":[{"href":"https:\/\/vincentians.com\/es\/wp-json\/wp\/v2\/types\/post"}],"author":[{"embeddable":true,"href":"https:\/\/vincentians.com\/es\/wp-json\/wp\/v2\/users\/4"}],"replies":[{"embeddable":true,"href":"https:\/\/vincentians.com\/es\/wp-json\/wp\/v2\/comments?post=42379"}],"version-history":[{"count":1,"href":"https:\/\/vincentians.com\/es\/wp-json\/wp\/v2\/posts\/42379\/revisions"}],"predecessor-version":[{"id":403455,"href":"https:\/\/vincentians.com\/es\/wp-json\/wp\/v2\/posts\/42379\/revisions\/403455"}],"wp:featuredmedia":[{"embeddable":true,"href":"https:\/\/vincentians.com\/es\/wp-json\/wp\/v2\/media\/398623"}],"wp:attachment":[{"href":"https:\/\/vincentians.com\/es\/wp-json\/wp\/v2\/media?parent=42379"}],"wp:term":[{"taxonomy":"category","embeddable":true,"href":"https:\/\/vincentians.com\/es\/wp-json\/wp\/v2\/categories?post=42379"},{"taxonomy":"post_tag","embeddable":true,"href":"https:\/\/vincentians.com\/es\/wp-json\/wp\/v2\/tags?post=42379"}],"curies":[{"name":"wp","href":"https:\/\/api.w.org\/{rel}","templated":true}]}}