{"id":42378,"date":"2021-04-10T07:59:51","date_gmt":"2021-04-10T05:59:51","guid":{"rendered":"http:\/\/somos.vicencianos.org\/blog\/2011\/06\/lucia-roge-la-hija-de-la-caridad-en-el-mundo-de-los-enfermos\/"},"modified":"2020-12-15T19:56:13","modified_gmt":"2020-12-15T18:56:13","slug":"lucia-roge-la-hija-de-la-caridad-en-el-mundo-de-los-enfermos","status":"publish","type":"post","link":"https:\/\/vincentians.com\/es\/lucia-roge-la-hija-de-la-caridad-en-el-mundo-de-los-enfermos\/","title":{"rendered":"Luc\u00eda Rog\u00e9: La Hija de la Caridad en el mundo de los enfermos"},"content":{"rendered":"<p>Salamanca, 22 de octubre de 1977<\/p>\n<p>A la vez que les pido me disculpen por no hablar en espa\u00f1ol, quie\u00adro hacer constar mi alegr\u00eda por haber vivido esta \u00abSemana Vicenciana\u00bb y haber tenido la oportunidad de orar con todas ustedes.<\/p>\n<p>He podido apreciar con especial complacencia:<\/p>\n<ul>\n<li>la seriedad del trabajo,<\/li>\n<li>la objetividad de los an\u00e1lisis de situaciones y la subsiguiente acti\u00adtud de revisi\u00f3n,<\/li>\n<li>el entusiasmo por emprender una renovaci\u00f3n en la l\u00ednea del esp\u00ed\u00adritu de los Fundadores.<\/li>\n<\/ul>\n<p>Las sencillas observaciones que voy a hacer se basan en lo que \u00abhe cre\u00eddo\u00bb comprender y tambi\u00e9n en las experiencias similares de la evolu\u00adci\u00f3n de otras Provincias de la Compa\u00f1\u00eda.<\/p>\n<p>Aunque se ha dicho todo y se ha dicho muy bien, tratar\u00e9 en primer lugar, brevemente, de poner de relieve la importancia que para san Vicente ten\u00eda el cuidado de los enfermos; despu\u00e9s tratar\u00e9 de subrayar algunos puntos claves de la evoluci\u00f3n que se ha producido en el mundo sanitario, en raz\u00f3n de las repercusiones que tiene en nuestra vida; y por \u00faltimo, de se\u00f1alar algunas pistas de orientaci\u00f3n para las Hijas de la Caridad insertas en ese mundo sanitario, en constante mutaci\u00f3n.<\/p>\n<p>1. El mundo de los \u00abpobres enfermos\u00bb ocup\u00f3 un amplio lugar entre las preocupaciones de san Vicente, hasta el punto de que, para \u00e9l, toda Hija de la Caridad, aunque preparada para otra actividad, era suscepti\u00adble de transformarse en \u00absierva de los pobres enfermos, a domicilio\u00bb, tal es el caso de Margarita Naseau&#8230; Tres a\u00f1os despu\u00e9s de la fundaci\u00f3n de la Compa\u00f1\u00eda (1633), se arriesga a enviar a sus hijas a un hospital. A su muerte, las dejar\u00e1 en quince hospitales.<\/p>\n<p>2. Este es el punto de partida. Veamos la evoluci\u00f3n, por ejemplo, en el campo hospitalario, tomando un caso concreto: el Hospital de Angers: en 1639: 8 Hermanas 100 camas en 1793: 38 Hermanas 180 camas en 1960: 40 Hermanas 1.600 camas<\/p>\n<div>\n<p>Hoy, en 1977:<\/p>\n<ul>\n<li>24 Hermanas 2.000 camas<\/li>\n<li>400 enfermeras seglares<\/li>\n<li>1.689 empleados<\/li>\n<li>A\u00f1\u00e1dase el equipo m\u00e9dico con sus subgrupos y el equipo administrativo.<\/li>\n<\/ul>\n<p>Tal evoluci\u00f3n num\u00e9rica es elocuente por lo que se refiere a la situa\u00adci\u00f3n de las Hermanas:<\/p>\n<p>En otros tiempos eran ellas solas, o poco menos, las que asum\u00edan responsabilidades junto a los enfermos, siguiendo las l\u00edneas de un regla\u00admento que no ha variado por espacio de tres siglos.<\/p>\n<p>Hoy, la Hermana hospitalaria pasa de una situaci\u00f3n de \u00abhija de casa\u00bb, que coopera en una actividad asumida por toda la comunidad, a una situaci\u00f3n de inserci\u00f3n en el conjunto del mundo sanitario, supertec\u00adnificado, para el que la palabra clave es con frecuencia, en los <em>grandes <\/em><em>centros: <\/em>eficacia y, a veces, rentabilidad.<\/p>\n<p>Otra observaci\u00f3n: la Hermana pertenece en adelante, a una profe\u00adsi\u00f3n que, como la de los m\u00e9dicos, se jerarquiza, se organiza, cuenta con dos asociaciones internacionales, una neutra y otra cat\u00f3lica, ambas integradas en la superestructura de la O.M.S., y por lo que se refiere al C.I.C.I.A.M.S en las O.I.C. A\u00f1adamos a \u00e9stas las Federaciones de Religiosas.<\/p>\n<p>Para poner m\u00e1s \u00e9nfasis en esta evoluci\u00f3n de la profesi\u00f3n, quisiera citar un p\u00e1rrafo del informe de la Presidenta Internacional, en el Con\u00adgreso de Tokio, de junio de 1977:<\/p>\n<p>\u00abDel mismo modo que las enfermeras desempe\u00f1an un papel cada vez m\u00e1s importante y asumen responsabilidades cada vez m\u00e1s grandes en el campo de la enfermer\u00eda, junto a los pacientes, tambi\u00e9n su competencia debe ser tenida en cuenta y utilizada en los m\u00e1s altos niveles de gobierno, por lo que respecta a las decisiones a tomar en este terreno\u00bb.<\/p>\n<p>Vivimos con nuestras colegas seglares en este clima de promoci\u00f3n femenina y profesional. Ellas esperan de nosotras sinceridad, lealtad en nuestra integraci\u00f3n en la profesi\u00f3n y en el acatamiento de sus leyes: <em>\u00abSomos todas iguales\u00bb, <\/em>se nos dec\u00eda el jueves. Se trata de vivir una jus\u00adticia profesional y esto supone:<\/p>\n<\/div>\n<div>\n<ul>\n<li>a un mismo t\u00edtulo corresponden: las mismas funciones, el mismo ho\u00adrario, los mismos emolumentos, a menos de aparecer como gozan\u00addo de una situaci\u00f3n de privilegio, como tantas veces hemos o\u00eddo.<\/li>\n<li>Tenemos que vivir en las condiciones sociol\u00f3gicas de nuestro tiempo, muy especialmente en el aspecto de la profesi\u00f3n. \u00bfEstamos preparadas para ello?<\/li>\n<li>En la hipertrofia del grupo de un Hospital Cl\u00ednico, por ejemplo, en el di\u00e1logo con otros intervienen frecuentemente,<\/li>\n<li>la relaci\u00f3n estrecha entre lo pol\u00edtico y lo social, lo pol\u00edtico y la fe.<\/li>\n<\/ul>\n<p>En este nuevo contexto de relaciones, \u00bfc\u00f3mo situar \u00abel anuncio de Jesucristo\u00bb?<\/p>\n<p>El estudio llevado a cabo estos d\u00edas prueba que est\u00e1n atentas y aun preocupadas por la evoluci\u00f3n del clima que rodea al enfermo hoy. Por\u00adque no s\u00f3lo, como se ha se\u00f1alado muy bien, la influencia de la t\u00e9cnica, de la especializaci\u00f3n, tienden a deformar, qui\u00e9rase o no, nuestra visi\u00f3n del hombre, a materializarlo de cierto modo, sino que tambi\u00e9n el enfer\u00admo se convierte en el punto de aplicaci\u00f3n de una ciencia de la que no siempre se pueden prever los efectos.<\/p>\n<p>A\u00f1adamos que cada descubrimiento t\u00e9cnico, biol\u00f3gico y qu\u00edmico lleva consigo un problema humano y moral. Los ejemplos son numerosos. Pensemos en los comas superados, en los transplantes de \u00f3rganos, etc&#8230; El respeto a la persona, a su integridad, a su libertad, a su derecho a la vida, a su derecho a la muerte, se ve interpretado por otros. El enfermo, desvalorizado, es m\u00e1s o menos manipulado psicol\u00f3gicamente.<\/p>\n<p>\u00bfEstamos preparadas para adoptar, a veces solas, la postura evan\u00adg\u00e9lica que ha de tomar la defensa de los derechos del enfermo, de su dignidad? \u00bfEstamos preparadas?<\/p>\n<p>El hospital de nuestros d\u00edas, a poco que tenga cierto volumen, se nos presenta como la confluencia de diferentes corrientes de vida:<\/p>\n<ul>\n<li>vida de sufrimiento, de incertidumbre, de ansiedad, de pobreza&#8230; de los enfermos;<\/li>\n<li>vida cient\u00edfica, t\u00e9cnica, del cuerpo sanitario,<\/li>\n<li>vida administrativa de organizaci\u00f3n financiera y legal,<\/li>\n<li>vida sindical cada vez m\u00e1s fuerte y politizada.<\/li>\n<\/ul>\n<p>La presencia de las Hermanas se sit\u00faa o debiera situarse, como la corriente de vida consagrada a Dios y a los pobres, de vida evang\u00e9lica en uni\u00f3n con los dem\u00e1s cristianos.<\/p>\n<\/div>\n<p>\u00bfEstamos preparadas para hacer que circule esa corriente?<\/p>\n<div>\n<p>Junto a sus interrogantes de Hijas de la Caridad, la mesa redonda en torno al trabajo de grupos ha presentado con honradez sus preocu\u00adpaciones fundamentales y tambi\u00e9n las dificultades con que tropiezan y sus propias deficiencias.<\/p>\n<p>La segunda mesa redonda nos ha dado sugerencias para situacio\u00adnes concretas y sobre todo una ilustraci\u00f3n vicenciana con las interven\u00adciones del P. Flores.<\/p>\n<p>La evoluci\u00f3n de las formas de presencia plantea cuestiones. Pue\u00adden darse tres situaciones:<\/p>\n<ol>\n<li>La comunidad constituida por cierto n\u00famero de Hermanas, resi\u00adde en el hospital, mediante un contrato suscrito entre la comuni\u00addad y la administraci\u00f3n del establecimiento, con sujeci\u00f3n a las normas profesionales.<\/li>\n<li>La comunidad con residencia fuera del hospital, pero trabajando en el mismo como tal comunidad.<\/li>\n<li>Las Hermanas trabajan en el hospital con un contrato individual.<\/li>\n<\/ol>\n<p>Estas modalidades corresponden a situaciones diferentes y no pue\u00adden darse m\u00e1s soluciones uniformes: el trabajo de discernimiento del Consejo Provincial ser\u00e1 el llamado a orientar la decisi\u00f3n. Por ejemplo, las exigencias de los hospitales universitarios pueden aconsejar vivir fuera, mientras que la comunidad con residencia en el mismo hospital queda plenamente justificada en un ambiente rural o semirural. Se trata, por nuestra parte, de dar una respuesta desde la vida, \u00abdentro de la pastoral de conjunto\u00bb, dicen las Constituciones, seg\u00fan el carisma vicenciano, es decir, a partir de las necesidades de los m\u00e1s pobres y <em>no de nosotras.<\/em><\/p>\n<p>3. \u00bfC\u00f3mo vivir el \u00abtotalmente entregadas a Dios para el servicio de los pobres enfermos\u00bb, ya dentro del hospital, ya fuera, ya, si es preciso, con contrato individual? \u00bfC\u00f3mo vivir esa inserci\u00f3n leal en la profesi\u00f3n sin diluirnos en el laicado, sino por el contrario, centr\u00e1ndonos m\u00e1s en nues\u00adtra identidad vicenciana?<\/p>\n<p>En nuestra solidaridad con todos los que laboran en el campo sani\u00adtario, tenemos que dar un testimonio eclesial, es decir, unidas a los dem\u00e1s cristianos, pero con una mayor radicalidad de lo absoluto de Dios en nuestras vidas, seg\u00fan el carisma vicenciano. Nuestra presencia debe ser ante todo, una actitud y funci\u00f3n de siervas de los m\u00e1s peque\u00ad\u00f1os, los m\u00e1s desprovistos, los m\u00e1s desafortunados, los m\u00e1s pobres. Ser \u00ablas criadas\u00bb de Jesucristo.<\/p>\n<\/div>\n<p>Mostrar lo absoluto de Dios en nosotras es, primordialmente, vivir nuestra consagraci\u00f3n con la misma lealtad \u00aben cualquiera de las situa\u00adciones\u00bb en que podemos encontrarnos. Es vivir la <em>pobreza, <\/em>interrogarnos acerca de nuestras posesiones interiores y de c\u00f3mo nos dejamos escla\u00advizar por el consumo, que nos envuelve como a los dem\u00e1s. Es vivir la <em>obe\u00ad<\/em><em>diencia <\/em>y la aceptaci\u00f3n de una dependencia, de una entrega de s\u00ed a otro, a Jesucristo, a trav\u00e9s de medios humanos, deficientes a veces, en una lealtad total, una gran fidelidad al proyecto de la Compa\u00f1\u00eda, las Constitu\u00adciones. Es vivir la <em>castidad <\/em>en alegr\u00eda, acogiendo a los dem\u00e1s en nuestras vidas, sin perder de vista nuestra vulnerabilidad y no creyendo que pode\u00admos permit\u00edrnoslo todo; vivir la mortificaci\u00f3n dando preferencia a Dios sobre todas las dem\u00e1s cosas y todos los dem\u00e1s seres. Entonces, con esta perspectiva, ning\u00fan detalle es m\u00ednimo. Por \u00faltimo, es orar, no dejar nunca la oraci\u00f3n, dec\u00eda san Vicente, dirigir de continuo nuestra mirada interior hacia \u00c9l. <em>\u00abDios m\u00edo, sois mi Dios\u00bb, <\/em>dec\u00eda el Fundador ense\u00f1ando a las pri\u00admeras Hermanas a hacer oraci\u00f3n. Es recurrir a Mar\u00eda con una sencillez filial. Lo absoluto de Dios en nosotras es la contemplaci\u00f3n en la acci\u00f3n, la visi\u00f3n de fe que acompa\u00f1a el gesto de caridad y de amor.<\/p>\n<div>\n<p>Pero la <em>identidad <\/em>de las Hijas de la Caridad requiere que todo esto se haga con un esp\u00edritu de pobreza interior, es decir, de humildad que puede llegar hasta <em>amar el desprecio, <\/em>en frase de san Vicente, porque as\u00ed la vivi\u00f3 el Hijo de Dios. Es \u00e9ste un esp\u00edritu de sencillez que coincide con la pobreza. Una Hija de la Caridad es sencilla en su esp\u00edritu, que ve a Dios en todo, personas y acontecimientos; profesa un culto a la Provi\u00addencia y gusta de ponerse bajo la dependencia de Dios. Es sencilla en sus pensamientos, sus palabras, su comportamiento, sin afectaci\u00f3n de ninguna clase. Es sencilla en su trabajo y disponible, sencilla en toda su vida, se contenta con poco.<\/p>\n<p>San Vicente, para hablar de disponibilidad, emplea la palabra indiferencia. Contestando a una pregunta que \u00e9l le hace, santa Luisa dice: \u00abEstar siempre dispuestas a ir a cualquier sitio y con cualquier hermana\u00bb.<span id='easy-footnote-1-42378' class='easy-footnote-margin-adjust'><\/span><span class='easy-footnote'><a href='https:\/\/vincentians.com\/es\/lucia-roge-la-hija-de-la-caridad-en-el-mundo-de-los-enfermos\/#easy-footnote-bottom-1-42378' title='IX, 465.'><sup>1<\/sup><\/a><\/span>\n<p>Esforzarnos por vivir nuestra vocaci\u00f3n vicenciana en toda su exigencia, es aceptar el riesgo de enfrentarse valientemente con incomprensiones y cr\u00edticas, tanto a nivel individual como al de la Compa\u00f1\u00eda. No podemos dejar de vivir ciertas diferencias, ciertas rupturas, a cambio de permanecer fieles al Evangelio y a Cristo. Asumamos en la fe, la contradicci\u00f3n de \u00abestar en el mundo\u00bb sin ser en todos los puntos como el mundo.<\/p>\n<\/div>\n<p>Por \u00faltimo, demos tambi\u00e9n el signo de la unidad: \u00abDios nos ha reu\u00adnido\u00bb. Nuestra vida fraterna en com\u00fan forma tambi\u00e9n parte de nuestra vocaci\u00f3n, de lo que constituye uno de los puntos esenciales. Debe ser un testimonio de unidad, en apoyo a la Misi\u00f3n.<\/p>\n<div>\n<p>Por eso, cualquier evoluci\u00f3n de las formas de presencia que perju\u00addique o distorsione nuestra vida de comunidad y nuestros lazos de uni\u00f3n fraterna debe ser objeto de una seria reflexi\u00f3n. Cualquier modifi\u00adcaci\u00f3n del estilo de vida que se oponga al esp\u00edritu de sencillez, de humildad, de pobreza, debe inquietarnos y llevarnos a revisarla comu\u00adnitariamente, porque tenemos que desear y buscar una proximidad inte\u00adrior y exterior con los pobres.<\/p>\n<p>Nuestra participaci\u00f3n en la Misi\u00f3n se sit\u00faa en la b\u00fasqueda de una fide\u00adlidad activa y responsable a nuestra propia identidad. De ah\u00ed nace la impor\u00adtancia que para una comunidad hospitalaria tiene el <em>proyecto comunitario <\/em><em>local. <\/em>En el fondo no es otra cosa que el \u00abreglamento con sus peque\u00f1as diferencias\u00bb, de que habla san Vicente. Por medio de ese proyecto, demos una respuesta a las necesidades de los pobres, a las llamadas que a tra\u00adv\u00e9s de ellos nos dirige Jesucristo. Pero que no sea una respuesta de pura f\u00f3rmula, que se queda en el papel, sino un verdadero compromiso de vida, que revisemos comunitariamente dos veces al a\u00f1o. Esas dos ocasiones, verdaderos tiempos fuertes, diferentes del retiro mensual, son ocasiones de revisi\u00f3n apost\u00f3lica y revisi\u00f3n comunitaria que nos obligan a ponernos en situaci\u00f3n de pobreza y humildad y a centrar de nuevo nuestra vida en el <em>revest\u00edos de Jesucristo <\/em>de san Vicente. Nos ayudan tambi\u00e9n a la construc\u00adci\u00f3n de esa \u00abcomunidad-comuni\u00f3n\u00bb de que se nos ha hablado.<\/p>\n<p>Todo lo que hemos o\u00eddo en esta semana, muestra tambi\u00e9n la impor\u00adtancia de la <em>formaci\u00f3n continua: <\/em>precisamente esta Semana Vicenciana representa una de sus mejores realizaciones. Los a\u00f1os de formaci\u00f3n t\u00e9cnica no bastan, lo sabemos. Pero cu\u00e1nto m\u00e1s urgente todav\u00eda es hoy una formaci\u00f3n doctrinal, una profundizaci\u00f3n en la fe, una formaci\u00f3n catequ\u00e9tica para el ambiente hospitalario. Esta catequesis especial, que se dirige al hombre doliente, supone en casi todos los casos, una etapa de pre-catequesis, cuyos preliminares son un clima de fe a nivel de cada servicio hospitalario, servicio en que se ha de respirar justicia y verdad en las relaciones, bondad y humildad en los cuidados, paz y amistad. Todo esto ha de servir de base a una pre-catequesis, pero no puede hacerse la catequesis si no se prepara. Esperemos que el S\u00ednodo nos d\u00e9 tambi\u00e9n orientaciones para la catequesis hospitalaria.<\/p>\n<p>Porque la evoluci\u00f3n del mundo de la sanidad requiere tambi\u00e9n la renovaci\u00f3n de nuestro enfoque apost\u00f3lico. Nuestra formaci\u00f3n anterior nos orienta muy exclusivamente hacia el enfermo, del que, por mucho tiempo, fuimos las \u00fanicas en ocuparnos. Ahora bien, ese enfermo, por una parte, ha cambiado mucho. Acusa nuestra \u00e9poca con sus presiones socio-pol\u00edticas, se ha convertido en un sujeto de derechos.<\/p>\n<\/div>\n<div>\n<p>Por otra, se sit\u00faa o deber\u00eda situarse en el centro de un equipo, cuya \u00fanica raz\u00f3n de ser es \u00e9l. Sin perder de vista la evangelizaci\u00f3n del enfermo, tenemos que tener presente el conjunto del mundo hospitalario. Fij\u00e9monos de manera especial en los inferiores de este mundo, las limpiadoras, los obreros de todo tipo, los que pertenecen realmente al mundo de los pobres. Lejos de dejarnos influir por el sistema de la jerarquizaci\u00f3n, situ\u00e9monos muy cerca de ellos, con verdaderos lazos de amistad. Por vocaci\u00f3n somos de su misma condici\u00f3n, condici\u00f3n de siervas.<\/p>\n<p>Por \u00faltimo, se trata tambi\u00e9n de sintonizar con todos los miembros de la Iglesia que colaboran en el hospital y todo esto pide conocimiento mutuo e intercambios organizados.<\/p>\n<p>Si cuanto acabo de decir parece dirigirse m\u00e1s especialmente a las hospitalarias, no olvido por ello a las que van a prestar sus cuidados a domicilio. Desde los tiempos de san Vicente, ese servicio es una de las formas m\u00e1s aptas para llegar hasta los pobres en su propia casa, para comprenderlos mejor, para ganar su amistad, primer paso de toda pre\u00adcatequesis, como tambi\u00e9n de toda promoci\u00f3n humana.<\/p>\n<p>La vocaci\u00f3n de Hija de la Caridad, sierva de los pobres enfermos, ads\u00adcrita o no a una instituci\u00f3n, se halla verdaderamente en la misma trama del carisma, porque la enfermedad constituye un grado m\u00e1s en la dependen\u00adcia e inseguridad del pobre. Toda la profesi\u00f3n en s\u00ed y en cada uno de sus niveles est\u00e1 por completo, al servicio del hombre que sufre, a trav\u00e9s de un trabajo penoso, a veces agotador, compartido con muchas otras perso\u00adnas, servicio que se prolonga hasta la misma familia del enfermo.<\/p>\n<p>Por lo que contemplamos en otras Provincias de la Compa\u00f1\u00eda, vemos que el mundo de la sanidad ocupa el segundo lugar, despu\u00e9s de los j\u00f3venes y la ense\u00f1anza, en la ambici\u00f3n de los que quieren eliminar a los religiosos. Con esto queda dicho la importancia de la presencia de la Iglesia en este sector. Parece claro que todos los problemas se redu\u00adcen a uno s\u00f3lo, la necesidad de plantear interrogantes al mundo hospi\u00adtalario y de poder dar respuesta a los interrogantes, ya mudos, ya expl\u00ed\u00adcitos, mediante una fe ilustrada y fuerte y una autenticidad de vida evang\u00e9lica, una verdadera vida de Hija de la Caridad, \u00abtotalmente entre\u00adgada a Dios\u00bb y a su servicio en los pobres.<\/p>\n<p>Me llevo de esta Semana Vicenciana una gran esperanza. Se han puesto ustedes en situaci\u00f3n de sinceridad, en b\u00fasqueda de verdad para poder anunciar a Jesucristo seg\u00fan su vocaci\u00f3n peculiar de siervas de los pobres. \u00a1Qu\u00e9 magn\u00edfica intervenci\u00f3n del Esp\u00edritu estamos vivien\u00addo en la Compa\u00f1\u00eda! No dejemos sin eco su invitaci\u00f3n que nos urge a la conversi\u00f3n, sobre todo, en la l\u00ednea de la pobreza.<\/p>\n<\/div>\n<div>\n<p>Acojamos estas convergencias que se dan en medio de nuestras diversidades, como una gracia particular que Dios otorga a la Compa\u00f1\u00eda. \u00a1Que sirva para sostener nuestros esfuerzos, seguras como lo estamos de que tal gracia se nos concede por la intercesi\u00f3n vigilante de san Vicente y santa Luisa! Nuestros Fundadores nos instan para que reen\u00adcontremos la savia primitiva y un amor ardiente \u00abal que nada se le hace dif\u00edcil\u00bb para anunciar la Buena Nueva a los pobres y a los m\u00e1s pobres. La buena nueva del amor de Dios y de la salvaci\u00f3n en Jesucristo.<\/p>\n<\/div>\n","protected":false},"excerpt":{"rendered":"<p>Salamanca, 22 de octubre de 1977 A la vez que les pido me disculpen por no hablar en espa\u00f1ol, quie\u00adro hacer constar mi alegr\u00eda por haber vivido esta \u00abSemana Vicenciana\u00bb y haber tenido la oportunidad &#8230; <a href=\"https:\/\/vincentians.com\/es\/lucia-roge-la-hija-de-la-caridad-en-el-mundo-de-los-enfermos\/\" class=\"more-link\">Read More<\/a><\/p>\n","protected":false},"author":4,"featured_media":398623,"comment_status":"open","ping_status":"open","sticky":false,"template":"","format":"standard","meta":{"jetpack_post_was_ever_published":false,"_jetpack_newsletter_access":"","_jetpack_dont_email_post_to_subs":false,"_jetpack_newsletter_tier_id":0,"_jetpack_memberships_contains_paywalled_content":false,"_jetpack_memberships_contains_paid_content":false,"footnotes":"","jetpack_publicize_message":"","jetpack_publicize_feature_enabled":true,"jetpack_social_post_already_shared":true,"jetpack_social_options":{"image_generator_settings":{"template":"highway","default_image_id":0,"font":"","enabled":false},"version":2}},"categories":[276],"tags":[],"class_list":["post-42378","post","type-post","status-publish","format-standard","has-post-thumbnail","hentry","category-escritos-de-lucia-roge"],"yoast_head":"<!-- This site is optimized with the Yoast SEO plugin v26.3 - https:\/\/yoast.com\/wordpress\/plugins\/seo\/ -->\n<title>Luc\u00eda Rog\u00e9: La Hija de la Caridad en el mundo de los enfermos - Somos Vicencianos<\/title>\n<meta name=\"robots\" content=\"index, follow, max-snippet:-1, max-image-preview:large, max-video-preview:-1\" \/>\n<link rel=\"canonical\" href=\"https:\/\/vincentians.com\/es\/lucia-roge-la-hija-de-la-caridad-en-el-mundo-de-los-enfermos\/\" \/>\n<meta property=\"og:locale\" content=\"es_ES\" \/>\n<meta property=\"og:type\" content=\"article\" \/>\n<meta property=\"og:title\" content=\"Luc\u00eda Rog\u00e9: La Hija de la Caridad en el mundo de los enfermos - Somos Vicencianos\" \/>\n<meta property=\"og:description\" content=\"Salamanca, 22 de octubre de 1977 A la vez que les pido me disculpen por no hablar en espa\u00f1ol, quie\u00adro hacer constar mi alegr\u00eda por haber vivido esta \u00abSemana Vicenciana\u00bb y haber tenido la oportunidad ... Read More\" \/>\n<meta property=\"og:url\" content=\"https:\/\/vincentians.com\/es\/lucia-roge-la-hija-de-la-caridad-en-el-mundo-de-los-enfermos\/\" \/>\n<meta property=\"og:site_name\" content=\"Somos Vicencianos\" \/>\n<meta property=\"article:publisher\" content=\"https:\/\/www.facebook.com\/WeAreVincentians\/\" \/>\n<meta property=\"article:author\" content=\"https:\/\/www.facebook.com\/JavierChento\" \/>\n<meta property=\"article:published_time\" content=\"2021-04-10T05:59:51+00:00\" \/>\n<meta property=\"og:image\" content=\"https:\/\/i0.wp.com\/vincentians.com\/es\/wp-content\/uploads\/sites\/11\/2016\/07\/escritos-lucia-roge.jpg?fit=1200%2C630&ssl=1\" \/>\n\t<meta property=\"og:image:width\" content=\"1200\" \/>\n\t<meta property=\"og:image:height\" content=\"630\" \/>\n\t<meta property=\"og:image:type\" content=\"image\/jpeg\" \/>\n<meta name=\"author\" content=\"Francisco Javier Fern\u00e1ndez Chento\" \/>\n<meta name=\"twitter:card\" content=\"summary_large_image\" \/>\n<meta name=\"twitter:creator\" content=\"@https:\/\/twitter.com\/javierchento\" \/>\n<meta name=\"twitter:site\" content=\"@WeVincentians\" \/>\n<meta name=\"twitter:label1\" content=\"Escrito por\" \/>\n\t<meta name=\"twitter:data1\" content=\"Francisco Javier Fern\u00e1ndez Chento\" \/>\n\t<meta name=\"twitter:label2\" content=\"Tiempo de lectura\" \/>\n\t<meta name=\"twitter:data2\" content=\"15 minutos\" \/>\n<script type=\"application\/ld+json\" class=\"yoast-schema-graph\">{\"@context\":\"https:\/\/schema.org\",\"@graph\":[{\"@type\":\"Article\",\"@id\":\"https:\/\/vincentians.com\/es\/lucia-roge-la-hija-de-la-caridad-en-el-mundo-de-los-enfermos\/#article\",\"isPartOf\":{\"@id\":\"https:\/\/vincentians.com\/es\/lucia-roge-la-hija-de-la-caridad-en-el-mundo-de-los-enfermos\/\"},\"author\":{\"name\":\"Francisco Javier Fern\u00e1ndez Chento\",\"@id\":\"http:\/\/vincentians.com\/es\/#\/schema\/person\/9623ef4d9aa3b2dfb8c061f1499288f2\"},\"headline\":\"Luc\u00eda Rog\u00e9: La Hija de la Caridad en el mundo de los enfermos\",\"datePublished\":\"2021-04-10T05:59:51+00:00\",\"mainEntityOfPage\":{\"@id\":\"https:\/\/vincentians.com\/es\/lucia-roge-la-hija-de-la-caridad-en-el-mundo-de-los-enfermos\/\"},\"wordCount\":3103,\"commentCount\":0,\"publisher\":{\"@id\":\"http:\/\/vincentians.com\/es\/#organization\"},\"image\":{\"@id\":\"https:\/\/vincentians.com\/es\/lucia-roge-la-hija-de-la-caridad-en-el-mundo-de-los-enfermos\/#primaryimage\"},\"thumbnailUrl\":\"https:\/\/i0.wp.com\/vincentians.com\/es\/wp-content\/uploads\/sites\/11\/2016\/07\/escritos-lucia-roge.jpg?fit=1200%2C630&ssl=1\",\"articleSection\":[\"Escritos de Luc\u00eda Rog\u00e9\"],\"inLanguage\":\"es\",\"potentialAction\":[{\"@type\":\"CommentAction\",\"name\":\"Comment\",\"target\":[\"https:\/\/vincentians.com\/es\/lucia-roge-la-hija-de-la-caridad-en-el-mundo-de-los-enfermos\/#respond\"]}]},{\"@type\":\"WebPage\",\"@id\":\"https:\/\/vincentians.com\/es\/lucia-roge-la-hija-de-la-caridad-en-el-mundo-de-los-enfermos\/\",\"url\":\"https:\/\/vincentians.com\/es\/lucia-roge-la-hija-de-la-caridad-en-el-mundo-de-los-enfermos\/\",\"name\":\"Luc\u00eda Rog\u00e9: La Hija de la Caridad en el mundo de los enfermos - Somos Vicencianos\",\"isPartOf\":{\"@id\":\"http:\/\/vincentians.com\/es\/#website\"},\"primaryImageOfPage\":{\"@id\":\"https:\/\/vincentians.com\/es\/lucia-roge-la-hija-de-la-caridad-en-el-mundo-de-los-enfermos\/#primaryimage\"},\"image\":{\"@id\":\"https:\/\/vincentians.com\/es\/lucia-roge-la-hija-de-la-caridad-en-el-mundo-de-los-enfermos\/#primaryimage\"},\"thumbnailUrl\":\"https:\/\/i0.wp.com\/vincentians.com\/es\/wp-content\/uploads\/sites\/11\/2016\/07\/escritos-lucia-roge.jpg?fit=1200%2C630&ssl=1\",\"datePublished\":\"2021-04-10T05:59:51+00:00\",\"breadcrumb\":{\"@id\":\"https:\/\/vincentians.com\/es\/lucia-roge-la-hija-de-la-caridad-en-el-mundo-de-los-enfermos\/#breadcrumb\"},\"inLanguage\":\"es\",\"potentialAction\":[{\"@type\":\"ReadAction\",\"target\":[\"https:\/\/vincentians.com\/es\/lucia-roge-la-hija-de-la-caridad-en-el-mundo-de-los-enfermos\/\"]}]},{\"@type\":\"ImageObject\",\"inLanguage\":\"es\",\"@id\":\"https:\/\/vincentians.com\/es\/lucia-roge-la-hija-de-la-caridad-en-el-mundo-de-los-enfermos\/#primaryimage\",\"url\":\"https:\/\/i0.wp.com\/vincentians.com\/es\/wp-content\/uploads\/sites\/11\/2016\/07\/escritos-lucia-roge.jpg?fit=1200%2C630&ssl=1\",\"contentUrl\":\"https:\/\/i0.wp.com\/vincentians.com\/es\/wp-content\/uploads\/sites\/11\/2016\/07\/escritos-lucia-roge.jpg?fit=1200%2C630&ssl=1\",\"width\":1200,\"height\":630},{\"@type\":\"BreadcrumbList\",\"@id\":\"https:\/\/vincentians.com\/es\/lucia-roge-la-hija-de-la-caridad-en-el-mundo-de-los-enfermos\/#breadcrumb\",\"itemListElement\":[{\"@type\":\"ListItem\",\"position\":1,\"name\":\"Portada\",\"item\":\"http:\/\/vincentians.com\/es\/\"},{\"@type\":\"ListItem\",\"position\":2,\"name\":\"Luc\u00eda Rog\u00e9: La Hija de la Caridad en el mundo de los enfermos\"}]},{\"@type\":\"WebSite\",\"@id\":\"http:\/\/vincentians.com\/es\/#website\",\"url\":\"http:\/\/vincentians.com\/es\/\",\"name\":\"Somos Vicencianos\",\"description\":\"Know more to serve more\",\"publisher\":{\"@id\":\"http:\/\/vincentians.com\/es\/#organization\"},\"potentialAction\":[{\"@type\":\"SearchAction\",\"target\":{\"@type\":\"EntryPoint\",\"urlTemplate\":\"http:\/\/vincentians.com\/es\/?s={search_term_string}\"},\"query-input\":{\"@type\":\"PropertyValueSpecification\",\"valueRequired\":true,\"valueName\":\"search_term_string\"}}],\"inLanguage\":\"es\"},{\"@type\":\"Organization\",\"@id\":\"http:\/\/vincentians.com\/es\/#organization\",\"name\":\"The Vincentian Network\",\"url\":\"http:\/\/vincentians.com\/es\/\",\"logo\":{\"@type\":\"ImageObject\",\"inLanguage\":\"es\",\"@id\":\"http:\/\/vincentians.com\/es\/#\/schema\/logo\/image\/\",\"url\":\"https:\/\/i1.wp.com\/vincentians.com\/es\/wp-content\/uploads\/sites\/11\/2016\/06\/Vincentian-Network-logo-big.png?fit=778%2C778\",\"contentUrl\":\"https:\/\/i1.wp.com\/vincentians.com\/es\/wp-content\/uploads\/sites\/11\/2016\/06\/Vincentian-Network-logo-big.png?fit=778%2C778\",\"width\":778,\"height\":778,\"caption\":\"The Vincentian Network\"},\"image\":{\"@id\":\"http:\/\/vincentians.com\/es\/#\/schema\/logo\/image\/\"},\"sameAs\":[\"https:\/\/www.facebook.com\/WeAreVincentians\/\",\"https:\/\/x.com\/WeVincentians\"]},{\"@type\":\"Person\",\"@id\":\"http:\/\/vincentians.com\/es\/#\/schema\/person\/9623ef4d9aa3b2dfb8c061f1499288f2\",\"name\":\"Francisco Javier Fern\u00e1ndez Chento\",\"image\":{\"@type\":\"ImageObject\",\"inLanguage\":\"es\",\"@id\":\"http:\/\/vincentians.com\/es\/#\/schema\/person\/image\/\",\"url\":\"https:\/\/secure.gravatar.com\/avatar\/497d5cde87b4c3d097d0315953521681ba2cd523ee66e5077c3711f7021e65de?s=96&d=mm&r=g\",\"contentUrl\":\"https:\/\/secure.gravatar.com\/avatar\/497d5cde87b4c3d097d0315953521681ba2cd523ee66e5077c3711f7021e65de?s=96&d=mm&r=g\",\"caption\":\"Francisco Javier Fern\u00e1ndez Chento\"},\"description\":\"Director General y cofundador de La Red de Formaci\u00f3n Vicenciana. Javier es laico vicenciano, afiliado a la Congregaci\u00f3n de la Misi\u00f3n y miembro del Equipo de Misiones Populares de la provincia can\u00f3nica de Zaragoza (Espa\u00f1a) de la Congregaci\u00f3n de la Misi\u00f3n. Graduado en la Universidad Oberta de Catalunya con cuatro grados (Asistente de direcci\u00f3n, Gesti\u00f3n Administrativa, Recursos Humanos y Contabilidad Avanzada). Bil\u00edng\u00fce Espa\u00f1ol\/Ingl\u00e9s. gestiona y mantiene varias p\u00e1ginas web cristianas y vicencianas, incluida including La Red de Formaci\u00f3n Vicenciana, de la que es cofundador. Actualmente es responsable del \u00e1rea de Espa\u00f1ol de .famvin, la Red de Noticias de la Familia Vicenciana. Tambi\u00e9n es m\u00fasico cat\u00f3lico y ha editado varios discos. Es Director General y cofundador de Trovador, una reconocida compa\u00f1\u00eda discogr\u00e1fica critiana de Espa\u00f1a. Trabaja en las Tecnolog\u00edas de la Informaci\u00f3n, ofreciendo servicios de alojamiento, dise\u00f1o y mantenimiento Web, as\u00ed como asesoramiento, formaci\u00f3n y soluciones inform\u00e1ticas, gesti\u00f3n documental y digitalizaci\u00f3n de textos, edici\u00f3n y maquetaci\u00f3n de libros, revistas, flyers, etc.\",\"sameAs\":[\"http:\/\/chento.org\",\"https:\/\/www.facebook.com\/JavierChento\",\"https:\/\/x.com\/https:\/\/twitter.com\/javierchento\"],\"url\":\"https:\/\/vincentians.com\/es\/author\/chento\/\"}]}<\/script>\n<!-- \/ Yoast SEO plugin. -->","yoast_head_json":{"title":"Luc\u00eda Rog\u00e9: La Hija de la Caridad en el mundo de los enfermos - Somos Vicencianos","robots":{"index":"index","follow":"follow","max-snippet":"max-snippet:-1","max-image-preview":"max-image-preview:large","max-video-preview":"max-video-preview:-1"},"canonical":"https:\/\/vincentians.com\/es\/lucia-roge-la-hija-de-la-caridad-en-el-mundo-de-los-enfermos\/","og_locale":"es_ES","og_type":"article","og_title":"Luc\u00eda Rog\u00e9: La Hija de la Caridad en el mundo de los enfermos - Somos Vicencianos","og_description":"Salamanca, 22 de octubre de 1977 A la vez que les pido me disculpen por no hablar en espa\u00f1ol, quie\u00adro hacer constar mi alegr\u00eda por haber vivido esta \u00abSemana Vicenciana\u00bb y haber tenido la oportunidad ... Read More","og_url":"https:\/\/vincentians.com\/es\/lucia-roge-la-hija-de-la-caridad-en-el-mundo-de-los-enfermos\/","og_site_name":"Somos Vicencianos","article_publisher":"https:\/\/www.facebook.com\/WeAreVincentians\/","article_author":"https:\/\/www.facebook.com\/JavierChento","article_published_time":"2021-04-10T05:59:51+00:00","og_image":[{"width":1200,"height":630,"url":"https:\/\/i0.wp.com\/vincentians.com\/es\/wp-content\/uploads\/sites\/11\/2016\/07\/escritos-lucia-roge.jpg?fit=1200%2C630&ssl=1","type":"image\/jpeg"}],"author":"Francisco Javier Fern\u00e1ndez Chento","twitter_card":"summary_large_image","twitter_creator":"@https:\/\/twitter.com\/javierchento","twitter_site":"@WeVincentians","twitter_misc":{"Escrito por":"Francisco Javier Fern\u00e1ndez Chento","Tiempo de lectura":"15 minutos"},"schema":{"@context":"https:\/\/schema.org","@graph":[{"@type":"Article","@id":"https:\/\/vincentians.com\/es\/lucia-roge-la-hija-de-la-caridad-en-el-mundo-de-los-enfermos\/#article","isPartOf":{"@id":"https:\/\/vincentians.com\/es\/lucia-roge-la-hija-de-la-caridad-en-el-mundo-de-los-enfermos\/"},"author":{"name":"Francisco Javier Fern\u00e1ndez Chento","@id":"http:\/\/vincentians.com\/es\/#\/schema\/person\/9623ef4d9aa3b2dfb8c061f1499288f2"},"headline":"Luc\u00eda Rog\u00e9: La Hija de la Caridad en el mundo de los enfermos","datePublished":"2021-04-10T05:59:51+00:00","mainEntityOfPage":{"@id":"https:\/\/vincentians.com\/es\/lucia-roge-la-hija-de-la-caridad-en-el-mundo-de-los-enfermos\/"},"wordCount":3103,"commentCount":0,"publisher":{"@id":"http:\/\/vincentians.com\/es\/#organization"},"image":{"@id":"https:\/\/vincentians.com\/es\/lucia-roge-la-hija-de-la-caridad-en-el-mundo-de-los-enfermos\/#primaryimage"},"thumbnailUrl":"https:\/\/i0.wp.com\/vincentians.com\/es\/wp-content\/uploads\/sites\/11\/2016\/07\/escritos-lucia-roge.jpg?fit=1200%2C630&ssl=1","articleSection":["Escritos de Luc\u00eda Rog\u00e9"],"inLanguage":"es","potentialAction":[{"@type":"CommentAction","name":"Comment","target":["https:\/\/vincentians.com\/es\/lucia-roge-la-hija-de-la-caridad-en-el-mundo-de-los-enfermos\/#respond"]}]},{"@type":"WebPage","@id":"https:\/\/vincentians.com\/es\/lucia-roge-la-hija-de-la-caridad-en-el-mundo-de-los-enfermos\/","url":"https:\/\/vincentians.com\/es\/lucia-roge-la-hija-de-la-caridad-en-el-mundo-de-los-enfermos\/","name":"Luc\u00eda Rog\u00e9: La Hija de la Caridad en el mundo de los enfermos - Somos Vicencianos","isPartOf":{"@id":"http:\/\/vincentians.com\/es\/#website"},"primaryImageOfPage":{"@id":"https:\/\/vincentians.com\/es\/lucia-roge-la-hija-de-la-caridad-en-el-mundo-de-los-enfermos\/#primaryimage"},"image":{"@id":"https:\/\/vincentians.com\/es\/lucia-roge-la-hija-de-la-caridad-en-el-mundo-de-los-enfermos\/#primaryimage"},"thumbnailUrl":"https:\/\/i0.wp.com\/vincentians.com\/es\/wp-content\/uploads\/sites\/11\/2016\/07\/escritos-lucia-roge.jpg?fit=1200%2C630&ssl=1","datePublished":"2021-04-10T05:59:51+00:00","breadcrumb":{"@id":"https:\/\/vincentians.com\/es\/lucia-roge-la-hija-de-la-caridad-en-el-mundo-de-los-enfermos\/#breadcrumb"},"inLanguage":"es","potentialAction":[{"@type":"ReadAction","target":["https:\/\/vincentians.com\/es\/lucia-roge-la-hija-de-la-caridad-en-el-mundo-de-los-enfermos\/"]}]},{"@type":"ImageObject","inLanguage":"es","@id":"https:\/\/vincentians.com\/es\/lucia-roge-la-hija-de-la-caridad-en-el-mundo-de-los-enfermos\/#primaryimage","url":"https:\/\/i0.wp.com\/vincentians.com\/es\/wp-content\/uploads\/sites\/11\/2016\/07\/escritos-lucia-roge.jpg?fit=1200%2C630&ssl=1","contentUrl":"https:\/\/i0.wp.com\/vincentians.com\/es\/wp-content\/uploads\/sites\/11\/2016\/07\/escritos-lucia-roge.jpg?fit=1200%2C630&ssl=1","width":1200,"height":630},{"@type":"BreadcrumbList","@id":"https:\/\/vincentians.com\/es\/lucia-roge-la-hija-de-la-caridad-en-el-mundo-de-los-enfermos\/#breadcrumb","itemListElement":[{"@type":"ListItem","position":1,"name":"Portada","item":"http:\/\/vincentians.com\/es\/"},{"@type":"ListItem","position":2,"name":"Luc\u00eda Rog\u00e9: La Hija de la Caridad en el mundo de los enfermos"}]},{"@type":"WebSite","@id":"http:\/\/vincentians.com\/es\/#website","url":"http:\/\/vincentians.com\/es\/","name":"Somos Vicencianos","description":"Know more to serve more","publisher":{"@id":"http:\/\/vincentians.com\/es\/#organization"},"potentialAction":[{"@type":"SearchAction","target":{"@type":"EntryPoint","urlTemplate":"http:\/\/vincentians.com\/es\/?s={search_term_string}"},"query-input":{"@type":"PropertyValueSpecification","valueRequired":true,"valueName":"search_term_string"}}],"inLanguage":"es"},{"@type":"Organization","@id":"http:\/\/vincentians.com\/es\/#organization","name":"The Vincentian Network","url":"http:\/\/vincentians.com\/es\/","logo":{"@type":"ImageObject","inLanguage":"es","@id":"http:\/\/vincentians.com\/es\/#\/schema\/logo\/image\/","url":"https:\/\/i1.wp.com\/vincentians.com\/es\/wp-content\/uploads\/sites\/11\/2016\/06\/Vincentian-Network-logo-big.png?fit=778%2C778","contentUrl":"https:\/\/i1.wp.com\/vincentians.com\/es\/wp-content\/uploads\/sites\/11\/2016\/06\/Vincentian-Network-logo-big.png?fit=778%2C778","width":778,"height":778,"caption":"The Vincentian Network"},"image":{"@id":"http:\/\/vincentians.com\/es\/#\/schema\/logo\/image\/"},"sameAs":["https:\/\/www.facebook.com\/WeAreVincentians\/","https:\/\/x.com\/WeVincentians"]},{"@type":"Person","@id":"http:\/\/vincentians.com\/es\/#\/schema\/person\/9623ef4d9aa3b2dfb8c061f1499288f2","name":"Francisco Javier Fern\u00e1ndez Chento","image":{"@type":"ImageObject","inLanguage":"es","@id":"http:\/\/vincentians.com\/es\/#\/schema\/person\/image\/","url":"https:\/\/secure.gravatar.com\/avatar\/497d5cde87b4c3d097d0315953521681ba2cd523ee66e5077c3711f7021e65de?s=96&d=mm&r=g","contentUrl":"https:\/\/secure.gravatar.com\/avatar\/497d5cde87b4c3d097d0315953521681ba2cd523ee66e5077c3711f7021e65de?s=96&d=mm&r=g","caption":"Francisco Javier Fern\u00e1ndez Chento"},"description":"Director General y cofundador de La Red de Formaci\u00f3n Vicenciana. Javier es laico vicenciano, afiliado a la Congregaci\u00f3n de la Misi\u00f3n y miembro del Equipo de Misiones Populares de la provincia can\u00f3nica de Zaragoza (Espa\u00f1a) de la Congregaci\u00f3n de la Misi\u00f3n. Graduado en la Universidad Oberta de Catalunya con cuatro grados (Asistente de direcci\u00f3n, Gesti\u00f3n Administrativa, Recursos Humanos y Contabilidad Avanzada). Bil\u00edng\u00fce Espa\u00f1ol\/Ingl\u00e9s. gestiona y mantiene varias p\u00e1ginas web cristianas y vicencianas, incluida including La Red de Formaci\u00f3n Vicenciana, de la que es cofundador. Actualmente es responsable del \u00e1rea de Espa\u00f1ol de .famvin, la Red de Noticias de la Familia Vicenciana. Tambi\u00e9n es m\u00fasico cat\u00f3lico y ha editado varios discos. Es Director General y cofundador de Trovador, una reconocida compa\u00f1\u00eda discogr\u00e1fica critiana de Espa\u00f1a. Trabaja en las Tecnolog\u00edas de la Informaci\u00f3n, ofreciendo servicios de alojamiento, dise\u00f1o y mantenimiento Web, as\u00ed como asesoramiento, formaci\u00f3n y soluciones inform\u00e1ticas, gesti\u00f3n documental y digitalizaci\u00f3n de textos, edici\u00f3n y maquetaci\u00f3n de libros, revistas, flyers, etc.","sameAs":["http:\/\/chento.org","https:\/\/www.facebook.com\/JavierChento","https:\/\/x.com\/https:\/\/twitter.com\/javierchento"],"url":"https:\/\/vincentians.com\/es\/author\/chento\/"}]}},"jetpack_publicize_connections":[],"jetpack_featured_media_url":"https:\/\/i0.wp.com\/vincentians.com\/es\/wp-content\/uploads\/sites\/11\/2016\/07\/escritos-lucia-roge.jpg?fit=1200%2C630&ssl=1","jetpack_sharing_enabled":true,"jetpack_shortlink":"https:\/\/wp.me\/p7ETMF-b1w","jetpack-related-posts":[{"id":45063,"url":"https:\/\/vincentians.com\/es\/lucia-roge-testamento-de-sor-lucia-roge\/","url_meta":{"origin":42378,"position":0},"title":"Luc\u00eda Rog\u00e9: Testamento de Sor Luc\u00eda Rog\u00e9","author":"Francisco Javier Fern\u00e1ndez Chento","date":"11\/07\/2011","format":false,"excerpt":"Sor Luc\u00eda Rog\u00e9, H.C. \u00c9ste es mi testamento... Perd\u00f3n por todo lo que han tenido que sufrir, unos y otros, a trav\u00e9s de lo que ha sido mi pobre vida. Perd\u00f3n, especialmente, por esos once a\u00f1os de servicio, en la Casa Madre, a toda la Compa\u00f1\u00eda, durante los cuales la\u2026","rel":"","context":"En \u00abEscritos de Luc\u00eda Rog\u00e9\u00bb","block_context":{"text":"Escritos de Luc\u00eda Rog\u00e9","link":"https:\/\/vincentians.com\/es\/category\/escritos\/escritos-de-lucia-roge\/"},"img":{"alt_text":"","src":"https:\/\/i0.wp.com\/vincentians.com\/es\/wp-content\/uploads\/sites\/11\/2016\/07\/escritos-lucia-roge.jpg?fit=1200%2C630&ssl=1&resize=350%2C200","width":350,"height":200,"srcset":"https:\/\/i0.wp.com\/vincentians.com\/es\/wp-content\/uploads\/sites\/11\/2016\/07\/escritos-lucia-roge.jpg?fit=1200%2C630&ssl=1&resize=350%2C200 1x, https:\/\/i0.wp.com\/vincentians.com\/es\/wp-content\/uploads\/sites\/11\/2016\/07\/escritos-lucia-roge.jpg?fit=1200%2C630&ssl=1&resize=525%2C300 1.5x, https:\/\/i0.wp.com\/vincentians.com\/es\/wp-content\/uploads\/sites\/11\/2016\/07\/escritos-lucia-roge.jpg?fit=1200%2C630&ssl=1&resize=700%2C400 2x, https:\/\/i0.wp.com\/vincentians.com\/es\/wp-content\/uploads\/sites\/11\/2016\/07\/escritos-lucia-roge.jpg?fit=1200%2C630&ssl=1&resize=1050%2C600 3x"},"classes":[]},{"id":39204,"url":"https:\/\/vincentians.com\/es\/lucia-roge-envio-a-mision\/","url_meta":{"origin":42378,"position":1},"title":"Luc\u00eda Rog\u00e9: Env\u00edo a misi\u00f3n","author":"Francisco Javier Fern\u00e1ndez Chento","date":"04\/10\/2020","format":false,"excerpt":"27 de septiembre de 1975 Una etapa de su vida se acaba, la del Seminario, acaban de expre\u00adsar el deseo de ir m\u00e1s all\u00e1. Este deseo, respuesta a una llamada, las invade con la seguridad y el gozo de haber sido miradas por Cristo con amor, a pesar de su\u2026","rel":"","context":"En \u00abEscritos de Luc\u00eda Rog\u00e9\u00bb","block_context":{"text":"Escritos de Luc\u00eda Rog\u00e9","link":"https:\/\/vincentians.com\/es\/category\/escritos\/escritos-de-lucia-roge\/"},"img":{"alt_text":"","src":"https:\/\/i0.wp.com\/vincentians.com\/es\/wp-content\/uploads\/sites\/11\/2016\/07\/escritos-lucia-roge.jpg?fit=1200%2C630&ssl=1&resize=350%2C200","width":350,"height":200,"srcset":"https:\/\/i0.wp.com\/vincentians.com\/es\/wp-content\/uploads\/sites\/11\/2016\/07\/escritos-lucia-roge.jpg?fit=1200%2C630&ssl=1&resize=350%2C200 1x, https:\/\/i0.wp.com\/vincentians.com\/es\/wp-content\/uploads\/sites\/11\/2016\/07\/escritos-lucia-roge.jpg?fit=1200%2C630&ssl=1&resize=525%2C300 1.5x, https:\/\/i0.wp.com\/vincentians.com\/es\/wp-content\/uploads\/sites\/11\/2016\/07\/escritos-lucia-roge.jpg?fit=1200%2C630&ssl=1&resize=700%2C400 2x, https:\/\/i0.wp.com\/vincentians.com\/es\/wp-content\/uploads\/sites\/11\/2016\/07\/escritos-lucia-roge.jpg?fit=1200%2C630&ssl=1&resize=1050%2C600 3x"},"classes":[]},{"id":39205,"url":"https:\/\/vincentians.com\/es\/lucia-roge-apertura-del-seminario-interprovincial-en-roma\/","url_meta":{"origin":42378,"position":2},"title":"Luc\u00eda Rog\u00e9: Apertura del seminario interprovincial en Roma","author":"Francisco Javier Fern\u00e1ndez Chento","date":"20\/05\/2011","format":false,"excerpt":"8 de diciembre de 1976 La apertura de este Seminario Interprovincial es un aconteci\u00admiento en la historia de la Compa\u00f1\u00eda, que ha trabajado siempre en conseguir la uni\u00f3n, por eso nos sentimos tan felices al mostrar todas juntas nuestra gratitud al Se\u00f1or. Puestas bajo la protecci\u00f3n particular de la Virgen\u2026","rel":"","context":"En \u00abEscritos de Luc\u00eda Rog\u00e9\u00bb","block_context":{"text":"Escritos de Luc\u00eda Rog\u00e9","link":"https:\/\/vincentians.com\/es\/category\/escritos\/escritos-de-lucia-roge\/"},"img":{"alt_text":"","src":"https:\/\/i0.wp.com\/vincentians.com\/es\/wp-content\/uploads\/sites\/11\/2016\/07\/escritos-lucia-roge.jpg?fit=1200%2C630&ssl=1&resize=350%2C200","width":350,"height":200,"srcset":"https:\/\/i0.wp.com\/vincentians.com\/es\/wp-content\/uploads\/sites\/11\/2016\/07\/escritos-lucia-roge.jpg?fit=1200%2C630&ssl=1&resize=350%2C200 1x, https:\/\/i0.wp.com\/vincentians.com\/es\/wp-content\/uploads\/sites\/11\/2016\/07\/escritos-lucia-roge.jpg?fit=1200%2C630&ssl=1&resize=525%2C300 1.5x, https:\/\/i0.wp.com\/vincentians.com\/es\/wp-content\/uploads\/sites\/11\/2016\/07\/escritos-lucia-roge.jpg?fit=1200%2C630&ssl=1&resize=700%2C400 2x, https:\/\/i0.wp.com\/vincentians.com\/es\/wp-content\/uploads\/sites\/11\/2016\/07\/escritos-lucia-roge.jpg?fit=1200%2C630&ssl=1&resize=1050%2C600 3x"},"classes":[]},{"id":39206,"url":"https:\/\/vincentians.com\/es\/lucia-roge-a-las-hermanas-del-seminario\/","url_meta":{"origin":42378,"position":3},"title":"Luc\u00eda Rog\u00e9: A las Hermanas del Seminario","author":"Francisco Javier Fern\u00e1ndez Chento","date":"21\/05\/2011","format":false,"excerpt":"Canarias, 28 de marzo de 1977 Como el tiempo del Seminario es un tiempo de formaci\u00f3n, aqu\u00ed tie\u00adnen a la Virgen para contemplarla e imitarla. Una comunidad Mariana como la nuestra, ha de vibrar en deseos de vivir como la Virgen en uni\u00f3n con Cristo. Les voy a indicar tres\u2026","rel":"","context":"En \u00abEscritos de Luc\u00eda Rog\u00e9\u00bb","block_context":{"text":"Escritos de Luc\u00eda Rog\u00e9","link":"https:\/\/vincentians.com\/es\/category\/escritos\/escritos-de-lucia-roge\/"},"img":{"alt_text":"","src":"https:\/\/i0.wp.com\/vincentians.com\/es\/wp-content\/uploads\/sites\/11\/2016\/07\/escritos-lucia-roge.jpg?fit=1200%2C630&ssl=1&resize=350%2C200","width":350,"height":200,"srcset":"https:\/\/i0.wp.com\/vincentians.com\/es\/wp-content\/uploads\/sites\/11\/2016\/07\/escritos-lucia-roge.jpg?fit=1200%2C630&ssl=1&resize=350%2C200 1x, https:\/\/i0.wp.com\/vincentians.com\/es\/wp-content\/uploads\/sites\/11\/2016\/07\/escritos-lucia-roge.jpg?fit=1200%2C630&ssl=1&resize=525%2C300 1.5x, https:\/\/i0.wp.com\/vincentians.com\/es\/wp-content\/uploads\/sites\/11\/2016\/07\/escritos-lucia-roge.jpg?fit=1200%2C630&ssl=1&resize=700%2C400 2x, https:\/\/i0.wp.com\/vincentians.com\/es\/wp-content\/uploads\/sites\/11\/2016\/07\/escritos-lucia-roge.jpg?fit=1200%2C630&ssl=1&resize=1050%2C600 3x"},"classes":[]},{"id":39921,"url":"https:\/\/vincentians.com\/es\/lucia-roge-respuesta-de-sor-lucia-roge-a-unas-preguntas\/","url_meta":{"origin":42378,"position":4},"title":"Luc\u00eda Rog\u00e9: Respuesta de Sor Luc\u00eda Rog\u00e9 a unas preguntas","author":"Francisco Javier Fern\u00e1ndez Chento","date":"23\/05\/2011","format":false,"excerpt":"Abril, 1979 Durante las Jornadas internacionales de hermanas j\u00f3venes 1. S\u00ed, la alegr\u00eda es importante para el servicio. Es expresi\u00f3n de liber\u00adtad interior y de un amor colmado. Los pobres necesitan el testimonio de nuestra alegr\u00eda, no de una alegr\u00eda bulliciosa, sino de una especie de sere\u00adnidad interior que lleva\u2026","rel":"","context":"En \u00abEscritos de Luc\u00eda Rog\u00e9\u00bb","block_context":{"text":"Escritos de Luc\u00eda Rog\u00e9","link":"https:\/\/vincentians.com\/es\/category\/escritos\/escritos-de-lucia-roge\/"},"img":{"alt_text":"","src":"https:\/\/i0.wp.com\/vincentians.com\/es\/wp-content\/uploads\/sites\/11\/2016\/07\/escritos-lucia-roge.jpg?fit=1200%2C630&ssl=1&resize=350%2C200","width":350,"height":200,"srcset":"https:\/\/i0.wp.com\/vincentians.com\/es\/wp-content\/uploads\/sites\/11\/2016\/07\/escritos-lucia-roge.jpg?fit=1200%2C630&ssl=1&resize=350%2C200 1x, https:\/\/i0.wp.com\/vincentians.com\/es\/wp-content\/uploads\/sites\/11\/2016\/07\/escritos-lucia-roge.jpg?fit=1200%2C630&ssl=1&resize=525%2C300 1.5x, https:\/\/i0.wp.com\/vincentians.com\/es\/wp-content\/uploads\/sites\/11\/2016\/07\/escritos-lucia-roge.jpg?fit=1200%2C630&ssl=1&resize=700%2C400 2x, https:\/\/i0.wp.com\/vincentians.com\/es\/wp-content\/uploads\/sites\/11\/2016\/07\/escritos-lucia-roge.jpg?fit=1200%2C630&ssl=1&resize=1050%2C600 3x"},"classes":[]},{"id":35315,"url":"https:\/\/vincentians.com\/es\/lucia-roge-hace-diez-anos-nuestra-madre-guillemin\/","url_meta":{"origin":42378,"position":5},"title":"Luc\u00eda Rog\u00e9: Hace diez a\u00f1os&#8230; nuestra Madre Guillemin","author":"Francisco Javier Fern\u00e1ndez Chento","date":"27\/07\/2020","format":false,"excerpt":"Marzo de 1978 Hace diez a\u00f1os, Nuestra Madre GUILLEMIN nos dejaba... No me resig\u00adno a que este aniversario transcurra en el silencio. Su vida y su muerte \u00a1fueron de tal densidad humana y espiritual para la Compa\u00f1\u00eda...! \"Pose\u00eda, realmente, el carisma de los profetas y lo compart\u00eda con toda sencillez...\u2026","rel":"","context":"En \u00abEscritos de Luc\u00eda Rog\u00e9\u00bb","block_context":{"text":"Escritos de Luc\u00eda Rog\u00e9","link":"https:\/\/vincentians.com\/es\/category\/escritos\/escritos-de-lucia-roge\/"},"img":{"alt_text":"","src":"https:\/\/i0.wp.com\/vincentians.com\/es\/wp-content\/uploads\/sites\/11\/2016\/07\/escritos-lucia-roge.jpg?fit=1200%2C630&ssl=1&resize=350%2C200","width":350,"height":200,"srcset":"https:\/\/i0.wp.com\/vincentians.com\/es\/wp-content\/uploads\/sites\/11\/2016\/07\/escritos-lucia-roge.jpg?fit=1200%2C630&ssl=1&resize=350%2C200 1x, https:\/\/i0.wp.com\/vincentians.com\/es\/wp-content\/uploads\/sites\/11\/2016\/07\/escritos-lucia-roge.jpg?fit=1200%2C630&ssl=1&resize=525%2C300 1.5x, https:\/\/i0.wp.com\/vincentians.com\/es\/wp-content\/uploads\/sites\/11\/2016\/07\/escritos-lucia-roge.jpg?fit=1200%2C630&ssl=1&resize=700%2C400 2x, https:\/\/i0.wp.com\/vincentians.com\/es\/wp-content\/uploads\/sites\/11\/2016\/07\/escritos-lucia-roge.jpg?fit=1200%2C630&ssl=1&resize=1050%2C600 3x"},"classes":[]}],"_links":{"self":[{"href":"https:\/\/vincentians.com\/es\/wp-json\/wp\/v2\/posts\/42378","targetHints":{"allow":["GET"]}}],"collection":[{"href":"https:\/\/vincentians.com\/es\/wp-json\/wp\/v2\/posts"}],"about":[{"href":"https:\/\/vincentians.com\/es\/wp-json\/wp\/v2\/types\/post"}],"author":[{"embeddable":true,"href":"https:\/\/vincentians.com\/es\/wp-json\/wp\/v2\/users\/4"}],"replies":[{"embeddable":true,"href":"https:\/\/vincentians.com\/es\/wp-json\/wp\/v2\/comments?post=42378"}],"version-history":[{"count":1,"href":"https:\/\/vincentians.com\/es\/wp-json\/wp\/v2\/posts\/42378\/revisions"}],"predecessor-version":[{"id":403449,"href":"https:\/\/vincentians.com\/es\/wp-json\/wp\/v2\/posts\/42378\/revisions\/403449"}],"wp:featuredmedia":[{"embeddable":true,"href":"https:\/\/vincentians.com\/es\/wp-json\/wp\/v2\/media\/398623"}],"wp:attachment":[{"href":"https:\/\/vincentians.com\/es\/wp-json\/wp\/v2\/media?parent=42378"}],"wp:term":[{"taxonomy":"category","embeddable":true,"href":"https:\/\/vincentians.com\/es\/wp-json\/wp\/v2\/categories?post=42378"},{"taxonomy":"post_tag","embeddable":true,"href":"https:\/\/vincentians.com\/es\/wp-json\/wp\/v2\/tags?post=42378"}],"curies":[{"name":"wp","href":"https:\/\/api.w.org\/{rel}","templated":true}]}}