{"id":42377,"date":"2021-04-10T07:59:51","date_gmt":"2021-04-10T05:59:51","guid":{"rendered":"http:\/\/somos.vicencianos.org\/blog\/2011\/06\/lucia-roge-audacia-y-prudencia\/"},"modified":"2020-12-15T19:52:04","modified_gmt":"2020-12-15T18:52:04","slug":"lucia-roge-audacia-y-prudencia","status":"publish","type":"post","link":"https:\/\/vincentians.com\/es\/lucia-roge-audacia-y-prudencia\/","title":{"rendered":"Luc\u00eda Rog\u00e9: Audacia y prudencia"},"content":{"rendered":"<p>Septiembre, 1977<\/p>\n<p>Comenzamos hoy, una nueva etapa de cuatro d\u00edas. Los hemos llamado espont\u00e1neamente, LOS D\u00cdAS VICENCIANOS.<\/p>\n<p>Hay, en efecto, en la vida de los Fundadores y de las primeras Her\u00admanas m\u00e1s que suficiente coraje l\u00facido y generosa creatividad para res\u00adponder a las llamadas de los pobres, de los m\u00e1s pobres, para que, nosotras a nuestra vez, no nos sintamos interpeladas. El an\u00e1lisis cr\u00edtico de las instituciones, as\u00ed como las nuevas necesidades que hay que des\u00adcubrir, son otros tantos acicates para hacernos volver resueltamente hacia la Misi\u00f3n de hoy y de ma\u00f1ana. \u00abCaritas Christi urget nos\u00bb traduce muy bien la urgencia misionera percibida por san Vicente. No podemos contentarnos con estar a gusto dentro de nuestras costumbres, hemos de estar presentes all\u00ed donde los pobres sufren. Ah\u00ed, est\u00e1 la verdadera vocaci\u00f3n vicenciana, en fidelidad al misterio de la Encarnaci\u00f3n.<\/p>\n<p>Nos ha parecido que el medio m\u00e1s apto para comprender mejor el carisma de san Vicente y de santa Luisa era situarlos y dejarles hablar, dejar penetrar en nosotras su mensaje, por una interiorizaci\u00f3n manteni\u00adda, y dejar que se abra camino en nosotras, en cada una de nosotras, la autenticidad de su testimonio. Si bien las modalidades han cambiado, la evangelizaci\u00f3n sigue siendo todav\u00eda como ayer, la primera de las tare\u00adas. La \u00e9poca de los Fundadores era, finalmente, tan inquietante como la nuestra. \u00bfY les impidi\u00f3 \u00e9sta servir a los pobres de parte de Dios y hac\u00e9r\u00adselo presente?<\/p>\n<p>El mundo de nuestro tiempo espera una respuesta y una participa\u00adci\u00f3n en los problemas de justicia y de hambre, de ense\u00f1anza, de sani\u00addad y de educaci\u00f3n, en definitiva, de promoci\u00f3n del hombre en su tota\u00adlidad. Su llamada es permanente, a menudo angustiada o desenga\u00f1ada en los j\u00f3venes. En la meditaci\u00f3n y en la reflexi\u00f3n exigente de los textos de los Fundadores, en la oraci\u00f3n al Esp\u00edritu Santo, discerniremos las res\u00adpuestas. \u00bfD\u00f3nde est\u00e1 lo esencial? \u00bfD\u00f3nde est\u00e1n las opciones de Hijas de la Caridad? La verdadera audacia no es temeridad, ni la verdadera prudencia, timidez o seguridad, sino que las dos juntas brotan de la fe y traducen, seg\u00fan san Vicente, nuestra plena confianza en Dios, Salvador nuestro.<\/p>\n<p>Me parece, sin embargo, que hablando de sus realizaciones, san Vicente y santa Luisa no utilizar\u00edan las mismas palabras que nosotras. Ellos no dir\u00edan audacia y prudencia, sino fe y humildad.<\/p>\n<div>\n<p>Es la fe la que nos hace reconocer la llamada de Dios a trav\u00e9s de los pobres y de la Iglesia, en una sucesi\u00f3n de acontecimientos, y la que da la audacia para comenzar algo nuevo. De hecho, la prudencia de san Vicente es todo lo contrario de una prudencia humana (por ejemplo, env\u00eda Hermanas a Calais, despu\u00e9s de la muerte de las cuatro prece\u00addentes), es actitud de verdad y de humildad para discernir la voluntad de Dios, en funci\u00f3n de los medios que nos da en todos los terrenos, f\u00edsi\u00adco, psicol\u00f3gico y de fortaleza espiritual. Las Hermanas pod\u00edan ir a la muerte, ten\u00edan generosidad para ello. Por el contrario, san Vicente va a pedir que se retire a las Hermanas de Chars y de Nantes, pese a que los pobres son numerosos, porque las dificultades por ambas partes destrozan a las Hermanas y a la Misi\u00f3n.<\/p>\n<p>La fe es la que da fuerza para emprender, la humildad ayuda al dis\u00adcernimiento, desarrolla la confianza y permite aceptar, de antemano, la eventualidad de un fracaso. Fe y humildad son los soportes de la acci\u00f3n misionera vicenciana, cuya meta entusiasta es el servicio a Cristo en los pobres.<\/p>\n<\/div>\n","protected":false},"excerpt":{"rendered":"<p>Septiembre, 1977 Comenzamos hoy, una nueva etapa de cuatro d\u00edas. Los hemos llamado espont\u00e1neamente, LOS D\u00cdAS VICENCIANOS. Hay, en efecto, en la vida de los Fundadores y de las primeras Her\u00admanas m\u00e1s que suficiente coraje &#8230; <a href=\"https:\/\/vincentians.com\/es\/lucia-roge-audacia-y-prudencia\/\" class=\"more-link\">Read More<\/a><\/p>\n","protected":false},"author":4,"featured_media":398623,"comment_status":"open","ping_status":"open","sticky":false,"template":"","format":"standard","meta":{"jetpack_post_was_ever_published":false,"_jetpack_newsletter_access":"","_jetpack_dont_email_post_to_subs":false,"_jetpack_newsletter_tier_id":0,"_jetpack_memberships_contains_paywalled_content":false,"_jetpack_memberships_contains_paid_content":false,"footnotes":"","jetpack_publicize_message":"","jetpack_publicize_feature_enabled":true,"jetpack_social_post_already_shared":true,"jetpack_social_options":{"image_generator_settings":{"template":"highway","default_image_id":0,"font":"","enabled":false},"version":2}},"categories":[276],"tags":[],"class_list":["post-42377","post","type-post","status-publish","format-standard","has-post-thumbnail","hentry","category-escritos-de-lucia-roge"],"yoast_head":"<!-- This site is optimized with the Yoast SEO plugin v26.3 - https:\/\/yoast.com\/wordpress\/plugins\/seo\/ -->\n<title>Luc\u00eda Rog\u00e9: Audacia y prudencia - Somos Vicencianos<\/title>\n<meta name=\"robots\" content=\"index, follow, max-snippet:-1, max-image-preview:large, max-video-preview:-1\" \/>\n<link rel=\"canonical\" href=\"https:\/\/vincentians.com\/es\/lucia-roge-audacia-y-prudencia\/\" \/>\n<meta property=\"og:locale\" content=\"es_ES\" \/>\n<meta property=\"og:type\" content=\"article\" \/>\n<meta property=\"og:title\" content=\"Luc\u00eda Rog\u00e9: Audacia y prudencia - Somos Vicencianos\" \/>\n<meta property=\"og:description\" content=\"Septiembre, 1977 Comenzamos hoy, una nueva etapa de cuatro d\u00edas. Los hemos llamado espont\u00e1neamente, LOS D\u00cdAS VICENCIANOS. Hay, en efecto, en la vida de los Fundadores y de las primeras Her\u00admanas m\u00e1s que suficiente coraje ... Read More\" \/>\n<meta property=\"og:url\" content=\"https:\/\/vincentians.com\/es\/lucia-roge-audacia-y-prudencia\/\" \/>\n<meta property=\"og:site_name\" content=\"Somos Vicencianos\" \/>\n<meta property=\"article:publisher\" content=\"https:\/\/www.facebook.com\/WeAreVincentians\/\" \/>\n<meta property=\"article:author\" content=\"https:\/\/www.facebook.com\/JavierChento\" \/>\n<meta property=\"article:published_time\" content=\"2021-04-10T05:59:51+00:00\" \/>\n<meta property=\"og:image\" content=\"https:\/\/i0.wp.com\/vincentians.com\/es\/wp-content\/uploads\/sites\/11\/2016\/07\/escritos-lucia-roge.jpg?fit=1200%2C630&ssl=1\" \/>\n\t<meta property=\"og:image:width\" content=\"1200\" \/>\n\t<meta property=\"og:image:height\" content=\"630\" \/>\n\t<meta property=\"og:image:type\" content=\"image\/jpeg\" \/>\n<meta name=\"author\" content=\"Francisco Javier Fern\u00e1ndez Chento\" \/>\n<meta name=\"twitter:card\" content=\"summary_large_image\" \/>\n<meta name=\"twitter:creator\" content=\"@https:\/\/twitter.com\/javierchento\" \/>\n<meta name=\"twitter:site\" content=\"@WeVincentians\" \/>\n<meta name=\"twitter:label1\" content=\"Escrito por\" \/>\n\t<meta name=\"twitter:data1\" content=\"Francisco Javier Fern\u00e1ndez Chento\" \/>\n\t<meta name=\"twitter:label2\" content=\"Tiempo de lectura\" \/>\n\t<meta name=\"twitter:data2\" content=\"3 minutos\" \/>\n<script type=\"application\/ld+json\" class=\"yoast-schema-graph\">{\"@context\":\"https:\/\/schema.org\",\"@graph\":[{\"@type\":\"Article\",\"@id\":\"https:\/\/vincentians.com\/es\/lucia-roge-audacia-y-prudencia\/#article\",\"isPartOf\":{\"@id\":\"https:\/\/vincentians.com\/es\/lucia-roge-audacia-y-prudencia\/\"},\"author\":{\"name\":\"Francisco Javier Fern\u00e1ndez Chento\",\"@id\":\"http:\/\/vincentians.com\/es\/#\/schema\/person\/9623ef4d9aa3b2dfb8c061f1499288f2\"},\"headline\":\"Luc\u00eda Rog\u00e9: Audacia y prudencia\",\"datePublished\":\"2021-04-10T05:59:51+00:00\",\"mainEntityOfPage\":{\"@id\":\"https:\/\/vincentians.com\/es\/lucia-roge-audacia-y-prudencia\/\"},\"wordCount\":643,\"commentCount\":0,\"publisher\":{\"@id\":\"http:\/\/vincentians.com\/es\/#organization\"},\"image\":{\"@id\":\"https:\/\/vincentians.com\/es\/lucia-roge-audacia-y-prudencia\/#primaryimage\"},\"thumbnailUrl\":\"https:\/\/i0.wp.com\/vincentians.com\/es\/wp-content\/uploads\/sites\/11\/2016\/07\/escritos-lucia-roge.jpg?fit=1200%2C630&ssl=1\",\"articleSection\":[\"Escritos de Luc\u00eda Rog\u00e9\"],\"inLanguage\":\"es\",\"potentialAction\":[{\"@type\":\"CommentAction\",\"name\":\"Comment\",\"target\":[\"https:\/\/vincentians.com\/es\/lucia-roge-audacia-y-prudencia\/#respond\"]}]},{\"@type\":\"WebPage\",\"@id\":\"https:\/\/vincentians.com\/es\/lucia-roge-audacia-y-prudencia\/\",\"url\":\"https:\/\/vincentians.com\/es\/lucia-roge-audacia-y-prudencia\/\",\"name\":\"Luc\u00eda Rog\u00e9: Audacia y prudencia - Somos Vicencianos\",\"isPartOf\":{\"@id\":\"http:\/\/vincentians.com\/es\/#website\"},\"primaryImageOfPage\":{\"@id\":\"https:\/\/vincentians.com\/es\/lucia-roge-audacia-y-prudencia\/#primaryimage\"},\"image\":{\"@id\":\"https:\/\/vincentians.com\/es\/lucia-roge-audacia-y-prudencia\/#primaryimage\"},\"thumbnailUrl\":\"https:\/\/i0.wp.com\/vincentians.com\/es\/wp-content\/uploads\/sites\/11\/2016\/07\/escritos-lucia-roge.jpg?fit=1200%2C630&ssl=1\",\"datePublished\":\"2021-04-10T05:59:51+00:00\",\"breadcrumb\":{\"@id\":\"https:\/\/vincentians.com\/es\/lucia-roge-audacia-y-prudencia\/#breadcrumb\"},\"inLanguage\":\"es\",\"potentialAction\":[{\"@type\":\"ReadAction\",\"target\":[\"https:\/\/vincentians.com\/es\/lucia-roge-audacia-y-prudencia\/\"]}]},{\"@type\":\"ImageObject\",\"inLanguage\":\"es\",\"@id\":\"https:\/\/vincentians.com\/es\/lucia-roge-audacia-y-prudencia\/#primaryimage\",\"url\":\"https:\/\/i0.wp.com\/vincentians.com\/es\/wp-content\/uploads\/sites\/11\/2016\/07\/escritos-lucia-roge.jpg?fit=1200%2C630&ssl=1\",\"contentUrl\":\"https:\/\/i0.wp.com\/vincentians.com\/es\/wp-content\/uploads\/sites\/11\/2016\/07\/escritos-lucia-roge.jpg?fit=1200%2C630&ssl=1\",\"width\":1200,\"height\":630},{\"@type\":\"BreadcrumbList\",\"@id\":\"https:\/\/vincentians.com\/es\/lucia-roge-audacia-y-prudencia\/#breadcrumb\",\"itemListElement\":[{\"@type\":\"ListItem\",\"position\":1,\"name\":\"Portada\",\"item\":\"http:\/\/vincentians.com\/es\/\"},{\"@type\":\"ListItem\",\"position\":2,\"name\":\"Luc\u00eda Rog\u00e9: Audacia y prudencia\"}]},{\"@type\":\"WebSite\",\"@id\":\"http:\/\/vincentians.com\/es\/#website\",\"url\":\"http:\/\/vincentians.com\/es\/\",\"name\":\"Somos Vicencianos\",\"description\":\"Know more to serve more\",\"publisher\":{\"@id\":\"http:\/\/vincentians.com\/es\/#organization\"},\"potentialAction\":[{\"@type\":\"SearchAction\",\"target\":{\"@type\":\"EntryPoint\",\"urlTemplate\":\"http:\/\/vincentians.com\/es\/?s={search_term_string}\"},\"query-input\":{\"@type\":\"PropertyValueSpecification\",\"valueRequired\":true,\"valueName\":\"search_term_string\"}}],\"inLanguage\":\"es\"},{\"@type\":\"Organization\",\"@id\":\"http:\/\/vincentians.com\/es\/#organization\",\"name\":\"The Vincentian Network\",\"url\":\"http:\/\/vincentians.com\/es\/\",\"logo\":{\"@type\":\"ImageObject\",\"inLanguage\":\"es\",\"@id\":\"http:\/\/vincentians.com\/es\/#\/schema\/logo\/image\/\",\"url\":\"https:\/\/i1.wp.com\/vincentians.com\/es\/wp-content\/uploads\/sites\/11\/2016\/06\/Vincentian-Network-logo-big.png?fit=778%2C778\",\"contentUrl\":\"https:\/\/i1.wp.com\/vincentians.com\/es\/wp-content\/uploads\/sites\/11\/2016\/06\/Vincentian-Network-logo-big.png?fit=778%2C778\",\"width\":778,\"height\":778,\"caption\":\"The Vincentian Network\"},\"image\":{\"@id\":\"http:\/\/vincentians.com\/es\/#\/schema\/logo\/image\/\"},\"sameAs\":[\"https:\/\/www.facebook.com\/WeAreVincentians\/\",\"https:\/\/x.com\/WeVincentians\"]},{\"@type\":\"Person\",\"@id\":\"http:\/\/vincentians.com\/es\/#\/schema\/person\/9623ef4d9aa3b2dfb8c061f1499288f2\",\"name\":\"Francisco Javier Fern\u00e1ndez Chento\",\"image\":{\"@type\":\"ImageObject\",\"inLanguage\":\"es\",\"@id\":\"http:\/\/vincentians.com\/es\/#\/schema\/person\/image\/\",\"url\":\"https:\/\/secure.gravatar.com\/avatar\/497d5cde87b4c3d097d0315953521681ba2cd523ee66e5077c3711f7021e65de?s=96&d=mm&r=g\",\"contentUrl\":\"https:\/\/secure.gravatar.com\/avatar\/497d5cde87b4c3d097d0315953521681ba2cd523ee66e5077c3711f7021e65de?s=96&d=mm&r=g\",\"caption\":\"Francisco Javier Fern\u00e1ndez Chento\"},\"description\":\"Director General y cofundador de La Red de Formaci\u00f3n Vicenciana. Javier es laico vicenciano, afiliado a la Congregaci\u00f3n de la Misi\u00f3n y miembro del Equipo de Misiones Populares de la provincia can\u00f3nica de Zaragoza (Espa\u00f1a) de la Congregaci\u00f3n de la Misi\u00f3n. Graduado en la Universidad Oberta de Catalunya con cuatro grados (Asistente de direcci\u00f3n, Gesti\u00f3n Administrativa, Recursos Humanos y Contabilidad Avanzada). Bil\u00edng\u00fce Espa\u00f1ol\/Ingl\u00e9s. gestiona y mantiene varias p\u00e1ginas web cristianas y vicencianas, incluida including La Red de Formaci\u00f3n Vicenciana, de la que es cofundador. Actualmente es responsable del \u00e1rea de Espa\u00f1ol de .famvin, la Red de Noticias de la Familia Vicenciana. Tambi\u00e9n es m\u00fasico cat\u00f3lico y ha editado varios discos. Es Director General y cofundador de Trovador, una reconocida compa\u00f1\u00eda discogr\u00e1fica critiana de Espa\u00f1a. Trabaja en las Tecnolog\u00edas de la Informaci\u00f3n, ofreciendo servicios de alojamiento, dise\u00f1o y mantenimiento Web, as\u00ed como asesoramiento, formaci\u00f3n y soluciones inform\u00e1ticas, gesti\u00f3n documental y digitalizaci\u00f3n de textos, edici\u00f3n y maquetaci\u00f3n de libros, revistas, flyers, etc.\",\"sameAs\":[\"http:\/\/chento.org\",\"https:\/\/www.facebook.com\/JavierChento\",\"https:\/\/x.com\/https:\/\/twitter.com\/javierchento\"],\"url\":\"https:\/\/vincentians.com\/es\/author\/chento\/\"}]}<\/script>\n<!-- \/ Yoast SEO plugin. -->","yoast_head_json":{"title":"Luc\u00eda Rog\u00e9: Audacia y prudencia - Somos Vicencianos","robots":{"index":"index","follow":"follow","max-snippet":"max-snippet:-1","max-image-preview":"max-image-preview:large","max-video-preview":"max-video-preview:-1"},"canonical":"https:\/\/vincentians.com\/es\/lucia-roge-audacia-y-prudencia\/","og_locale":"es_ES","og_type":"article","og_title":"Luc\u00eda Rog\u00e9: Audacia y prudencia - Somos Vicencianos","og_description":"Septiembre, 1977 Comenzamos hoy, una nueva etapa de cuatro d\u00edas. Los hemos llamado espont\u00e1neamente, LOS D\u00cdAS VICENCIANOS. Hay, en efecto, en la vida de los Fundadores y de las primeras Her\u00admanas m\u00e1s que suficiente coraje ... Read More","og_url":"https:\/\/vincentians.com\/es\/lucia-roge-audacia-y-prudencia\/","og_site_name":"Somos Vicencianos","article_publisher":"https:\/\/www.facebook.com\/WeAreVincentians\/","article_author":"https:\/\/www.facebook.com\/JavierChento","article_published_time":"2021-04-10T05:59:51+00:00","og_image":[{"width":1200,"height":630,"url":"https:\/\/i0.wp.com\/vincentians.com\/es\/wp-content\/uploads\/sites\/11\/2016\/07\/escritos-lucia-roge.jpg?fit=1200%2C630&ssl=1","type":"image\/jpeg"}],"author":"Francisco Javier Fern\u00e1ndez Chento","twitter_card":"summary_large_image","twitter_creator":"@https:\/\/twitter.com\/javierchento","twitter_site":"@WeVincentians","twitter_misc":{"Escrito por":"Francisco Javier Fern\u00e1ndez Chento","Tiempo de lectura":"3 minutos"},"schema":{"@context":"https:\/\/schema.org","@graph":[{"@type":"Article","@id":"https:\/\/vincentians.com\/es\/lucia-roge-audacia-y-prudencia\/#article","isPartOf":{"@id":"https:\/\/vincentians.com\/es\/lucia-roge-audacia-y-prudencia\/"},"author":{"name":"Francisco Javier Fern\u00e1ndez Chento","@id":"http:\/\/vincentians.com\/es\/#\/schema\/person\/9623ef4d9aa3b2dfb8c061f1499288f2"},"headline":"Luc\u00eda Rog\u00e9: Audacia y prudencia","datePublished":"2021-04-10T05:59:51+00:00","mainEntityOfPage":{"@id":"https:\/\/vincentians.com\/es\/lucia-roge-audacia-y-prudencia\/"},"wordCount":643,"commentCount":0,"publisher":{"@id":"http:\/\/vincentians.com\/es\/#organization"},"image":{"@id":"https:\/\/vincentians.com\/es\/lucia-roge-audacia-y-prudencia\/#primaryimage"},"thumbnailUrl":"https:\/\/i0.wp.com\/vincentians.com\/es\/wp-content\/uploads\/sites\/11\/2016\/07\/escritos-lucia-roge.jpg?fit=1200%2C630&ssl=1","articleSection":["Escritos de Luc\u00eda Rog\u00e9"],"inLanguage":"es","potentialAction":[{"@type":"CommentAction","name":"Comment","target":["https:\/\/vincentians.com\/es\/lucia-roge-audacia-y-prudencia\/#respond"]}]},{"@type":"WebPage","@id":"https:\/\/vincentians.com\/es\/lucia-roge-audacia-y-prudencia\/","url":"https:\/\/vincentians.com\/es\/lucia-roge-audacia-y-prudencia\/","name":"Luc\u00eda Rog\u00e9: Audacia y prudencia - Somos Vicencianos","isPartOf":{"@id":"http:\/\/vincentians.com\/es\/#website"},"primaryImageOfPage":{"@id":"https:\/\/vincentians.com\/es\/lucia-roge-audacia-y-prudencia\/#primaryimage"},"image":{"@id":"https:\/\/vincentians.com\/es\/lucia-roge-audacia-y-prudencia\/#primaryimage"},"thumbnailUrl":"https:\/\/i0.wp.com\/vincentians.com\/es\/wp-content\/uploads\/sites\/11\/2016\/07\/escritos-lucia-roge.jpg?fit=1200%2C630&ssl=1","datePublished":"2021-04-10T05:59:51+00:00","breadcrumb":{"@id":"https:\/\/vincentians.com\/es\/lucia-roge-audacia-y-prudencia\/#breadcrumb"},"inLanguage":"es","potentialAction":[{"@type":"ReadAction","target":["https:\/\/vincentians.com\/es\/lucia-roge-audacia-y-prudencia\/"]}]},{"@type":"ImageObject","inLanguage":"es","@id":"https:\/\/vincentians.com\/es\/lucia-roge-audacia-y-prudencia\/#primaryimage","url":"https:\/\/i0.wp.com\/vincentians.com\/es\/wp-content\/uploads\/sites\/11\/2016\/07\/escritos-lucia-roge.jpg?fit=1200%2C630&ssl=1","contentUrl":"https:\/\/i0.wp.com\/vincentians.com\/es\/wp-content\/uploads\/sites\/11\/2016\/07\/escritos-lucia-roge.jpg?fit=1200%2C630&ssl=1","width":1200,"height":630},{"@type":"BreadcrumbList","@id":"https:\/\/vincentians.com\/es\/lucia-roge-audacia-y-prudencia\/#breadcrumb","itemListElement":[{"@type":"ListItem","position":1,"name":"Portada","item":"http:\/\/vincentians.com\/es\/"},{"@type":"ListItem","position":2,"name":"Luc\u00eda Rog\u00e9: Audacia y prudencia"}]},{"@type":"WebSite","@id":"http:\/\/vincentians.com\/es\/#website","url":"http:\/\/vincentians.com\/es\/","name":"Somos Vicencianos","description":"Know more to serve more","publisher":{"@id":"http:\/\/vincentians.com\/es\/#organization"},"potentialAction":[{"@type":"SearchAction","target":{"@type":"EntryPoint","urlTemplate":"http:\/\/vincentians.com\/es\/?s={search_term_string}"},"query-input":{"@type":"PropertyValueSpecification","valueRequired":true,"valueName":"search_term_string"}}],"inLanguage":"es"},{"@type":"Organization","@id":"http:\/\/vincentians.com\/es\/#organization","name":"The Vincentian Network","url":"http:\/\/vincentians.com\/es\/","logo":{"@type":"ImageObject","inLanguage":"es","@id":"http:\/\/vincentians.com\/es\/#\/schema\/logo\/image\/","url":"https:\/\/i1.wp.com\/vincentians.com\/es\/wp-content\/uploads\/sites\/11\/2016\/06\/Vincentian-Network-logo-big.png?fit=778%2C778","contentUrl":"https:\/\/i1.wp.com\/vincentians.com\/es\/wp-content\/uploads\/sites\/11\/2016\/06\/Vincentian-Network-logo-big.png?fit=778%2C778","width":778,"height":778,"caption":"The Vincentian Network"},"image":{"@id":"http:\/\/vincentians.com\/es\/#\/schema\/logo\/image\/"},"sameAs":["https:\/\/www.facebook.com\/WeAreVincentians\/","https:\/\/x.com\/WeVincentians"]},{"@type":"Person","@id":"http:\/\/vincentians.com\/es\/#\/schema\/person\/9623ef4d9aa3b2dfb8c061f1499288f2","name":"Francisco Javier Fern\u00e1ndez Chento","image":{"@type":"ImageObject","inLanguage":"es","@id":"http:\/\/vincentians.com\/es\/#\/schema\/person\/image\/","url":"https:\/\/secure.gravatar.com\/avatar\/497d5cde87b4c3d097d0315953521681ba2cd523ee66e5077c3711f7021e65de?s=96&d=mm&r=g","contentUrl":"https:\/\/secure.gravatar.com\/avatar\/497d5cde87b4c3d097d0315953521681ba2cd523ee66e5077c3711f7021e65de?s=96&d=mm&r=g","caption":"Francisco Javier Fern\u00e1ndez Chento"},"description":"Director General y cofundador de La Red de Formaci\u00f3n Vicenciana. Javier es laico vicenciano, afiliado a la Congregaci\u00f3n de la Misi\u00f3n y miembro del Equipo de Misiones Populares de la provincia can\u00f3nica de Zaragoza (Espa\u00f1a) de la Congregaci\u00f3n de la Misi\u00f3n. Graduado en la Universidad Oberta de Catalunya con cuatro grados (Asistente de direcci\u00f3n, Gesti\u00f3n Administrativa, Recursos Humanos y Contabilidad Avanzada). Bil\u00edng\u00fce Espa\u00f1ol\/Ingl\u00e9s. gestiona y mantiene varias p\u00e1ginas web cristianas y vicencianas, incluida including La Red de Formaci\u00f3n Vicenciana, de la que es cofundador. Actualmente es responsable del \u00e1rea de Espa\u00f1ol de .famvin, la Red de Noticias de la Familia Vicenciana. Tambi\u00e9n es m\u00fasico cat\u00f3lico y ha editado varios discos. Es Director General y cofundador de Trovador, una reconocida compa\u00f1\u00eda discogr\u00e1fica critiana de Espa\u00f1a. Trabaja en las Tecnolog\u00edas de la Informaci\u00f3n, ofreciendo servicios de alojamiento, dise\u00f1o y mantenimiento Web, as\u00ed como asesoramiento, formaci\u00f3n y soluciones inform\u00e1ticas, gesti\u00f3n documental y digitalizaci\u00f3n de textos, edici\u00f3n y maquetaci\u00f3n de libros, revistas, flyers, etc.","sameAs":["http:\/\/chento.org","https:\/\/www.facebook.com\/JavierChento","https:\/\/x.com\/https:\/\/twitter.com\/javierchento"],"url":"https:\/\/vincentians.com\/es\/author\/chento\/"}]}},"jetpack_publicize_connections":[],"jetpack_featured_media_url":"https:\/\/i0.wp.com\/vincentians.com\/es\/wp-content\/uploads\/sites\/11\/2016\/07\/escritos-lucia-roge.jpg?fit=1200%2C630&ssl=1","jetpack_sharing_enabled":true,"jetpack_shortlink":"https:\/\/wp.me\/p7ETMF-b1v","jetpack-related-posts":[{"id":45063,"url":"https:\/\/vincentians.com\/es\/lucia-roge-testamento-de-sor-lucia-roge\/","url_meta":{"origin":42377,"position":0},"title":"Luc\u00eda Rog\u00e9: Testamento de Sor Luc\u00eda Rog\u00e9","author":"Francisco Javier Fern\u00e1ndez Chento","date":"11\/07\/2011","format":false,"excerpt":"Sor Luc\u00eda Rog\u00e9, H.C. \u00c9ste es mi testamento... Perd\u00f3n por todo lo que han tenido que sufrir, unos y otros, a trav\u00e9s de lo que ha sido mi pobre vida. Perd\u00f3n, especialmente, por esos once a\u00f1os de servicio, en la Casa Madre, a toda la Compa\u00f1\u00eda, durante los cuales la\u2026","rel":"","context":"En \u00abEscritos de Luc\u00eda Rog\u00e9\u00bb","block_context":{"text":"Escritos de Luc\u00eda Rog\u00e9","link":"https:\/\/vincentians.com\/es\/category\/escritos\/escritos-de-lucia-roge\/"},"img":{"alt_text":"","src":"https:\/\/i0.wp.com\/vincentians.com\/es\/wp-content\/uploads\/sites\/11\/2016\/07\/escritos-lucia-roge.jpg?fit=1200%2C630&ssl=1&resize=350%2C200","width":350,"height":200,"srcset":"https:\/\/i0.wp.com\/vincentians.com\/es\/wp-content\/uploads\/sites\/11\/2016\/07\/escritos-lucia-roge.jpg?fit=1200%2C630&ssl=1&resize=350%2C200 1x, https:\/\/i0.wp.com\/vincentians.com\/es\/wp-content\/uploads\/sites\/11\/2016\/07\/escritos-lucia-roge.jpg?fit=1200%2C630&ssl=1&resize=525%2C300 1.5x, https:\/\/i0.wp.com\/vincentians.com\/es\/wp-content\/uploads\/sites\/11\/2016\/07\/escritos-lucia-roge.jpg?fit=1200%2C630&ssl=1&resize=700%2C400 2x, https:\/\/i0.wp.com\/vincentians.com\/es\/wp-content\/uploads\/sites\/11\/2016\/07\/escritos-lucia-roge.jpg?fit=1200%2C630&ssl=1&resize=1050%2C600 3x"},"classes":[]},{"id":45059,"url":"https:\/\/vincentians.com\/es\/lucia-roge-el-centro-internacional-misionero\/","url_meta":{"origin":42377,"position":1},"title":"Luc\u00eda Rog\u00e9: El centro internacional misionero","author":"Francisco Javier Fern\u00e1ndez Chento","date":"07\/07\/2011","format":false,"excerpt":"Sor Luc\u00eda Rog\u00e9, H.C. Roma, mayo de 1985 El Centro Misionero fue creado durante la Asamblea General de 1968-1969 para responder a las orientaciones dadas por la Iglesia en el decreto \"Ad Gentes\". \"Todos los misioneros han de prepararse y formar\u00adse, cada uno seg\u00fan su condici\u00f3n, para que no se\u2026","rel":"","context":"En \u00abEscritos de Luc\u00eda Rog\u00e9\u00bb","block_context":{"text":"Escritos de Luc\u00eda Rog\u00e9","link":"https:\/\/vincentians.com\/es\/category\/escritos\/escritos-de-lucia-roge\/"},"img":{"alt_text":"","src":"https:\/\/i0.wp.com\/vincentians.com\/es\/wp-content\/uploads\/sites\/11\/2016\/07\/escritos-lucia-roge.jpg?fit=1200%2C630&ssl=1&resize=350%2C200","width":350,"height":200,"srcset":"https:\/\/i0.wp.com\/vincentians.com\/es\/wp-content\/uploads\/sites\/11\/2016\/07\/escritos-lucia-roge.jpg?fit=1200%2C630&ssl=1&resize=350%2C200 1x, https:\/\/i0.wp.com\/vincentians.com\/es\/wp-content\/uploads\/sites\/11\/2016\/07\/escritos-lucia-roge.jpg?fit=1200%2C630&ssl=1&resize=525%2C300 1.5x, https:\/\/i0.wp.com\/vincentians.com\/es\/wp-content\/uploads\/sites\/11\/2016\/07\/escritos-lucia-roge.jpg?fit=1200%2C630&ssl=1&resize=700%2C400 2x, https:\/\/i0.wp.com\/vincentians.com\/es\/wp-content\/uploads\/sites\/11\/2016\/07\/escritos-lucia-roge.jpg?fit=1200%2C630&ssl=1&resize=1050%2C600 3x"},"classes":[]},{"id":39205,"url":"https:\/\/vincentians.com\/es\/lucia-roge-apertura-del-seminario-interprovincial-en-roma\/","url_meta":{"origin":42377,"position":2},"title":"Luc\u00eda Rog\u00e9: Apertura del seminario interprovincial en Roma","author":"Francisco Javier Fern\u00e1ndez Chento","date":"20\/05\/2011","format":false,"excerpt":"8 de diciembre de 1976 La apertura de este Seminario Interprovincial es un aconteci\u00admiento en la historia de la Compa\u00f1\u00eda, que ha trabajado siempre en conseguir la uni\u00f3n, por eso nos sentimos tan felices al mostrar todas juntas nuestra gratitud al Se\u00f1or. Puestas bajo la protecci\u00f3n particular de la Virgen\u2026","rel":"","context":"En \u00abEscritos de Luc\u00eda Rog\u00e9\u00bb","block_context":{"text":"Escritos de Luc\u00eda Rog\u00e9","link":"https:\/\/vincentians.com\/es\/category\/escritos\/escritos-de-lucia-roge\/"},"img":{"alt_text":"","src":"https:\/\/i0.wp.com\/vincentians.com\/es\/wp-content\/uploads\/sites\/11\/2016\/07\/escritos-lucia-roge.jpg?fit=1200%2C630&ssl=1&resize=350%2C200","width":350,"height":200,"srcset":"https:\/\/i0.wp.com\/vincentians.com\/es\/wp-content\/uploads\/sites\/11\/2016\/07\/escritos-lucia-roge.jpg?fit=1200%2C630&ssl=1&resize=350%2C200 1x, https:\/\/i0.wp.com\/vincentians.com\/es\/wp-content\/uploads\/sites\/11\/2016\/07\/escritos-lucia-roge.jpg?fit=1200%2C630&ssl=1&resize=525%2C300 1.5x, https:\/\/i0.wp.com\/vincentians.com\/es\/wp-content\/uploads\/sites\/11\/2016\/07\/escritos-lucia-roge.jpg?fit=1200%2C630&ssl=1&resize=700%2C400 2x, https:\/\/i0.wp.com\/vincentians.com\/es\/wp-content\/uploads\/sites\/11\/2016\/07\/escritos-lucia-roge.jpg?fit=1200%2C630&ssl=1&resize=1050%2C600 3x"},"classes":[]},{"id":35314,"url":"https:\/\/vincentians.com\/es\/lucia-roge-aniversario-de-la-consagracion-de-la-compania-a-nuestra-senora-de-chartres\/","url_meta":{"origin":42377,"position":3},"title":"Luc\u00eda Rog\u00e9: Aniversario de la Consagraci\u00f3n de la Compa\u00f1ia a Nuestra Se\u00f1ora de Chartres","author":"Francisco Javier Fern\u00e1ndez Chento","date":"20\/07\/2020","format":false,"excerpt":"Par\u00eds 17 de octubre de 1977 Queridas Hermanas: En el transcurso de la \"reuni\u00f3n de Visitadoras\", del pasado septiem\u00adbre, sentimos el deseo de hacerles llegar a cada una personalmente una carta, con los ecos de aquella etapa de vida de la Compa\u00f1\u00eda. Se trata, efectivamente, de una etapa, es decir,\u2026","rel":"","context":"En \u00abEscritos de Luc\u00eda Rog\u00e9\u00bb","block_context":{"text":"Escritos de Luc\u00eda Rog\u00e9","link":"https:\/\/vincentians.com\/es\/category\/escritos\/escritos-de-lucia-roge\/"},"img":{"alt_text":"","src":"https:\/\/i0.wp.com\/vincentians.com\/es\/wp-content\/uploads\/sites\/11\/2016\/07\/escritos-lucia-roge.jpg?fit=1200%2C630&ssl=1&resize=350%2C200","width":350,"height":200,"srcset":"https:\/\/i0.wp.com\/vincentians.com\/es\/wp-content\/uploads\/sites\/11\/2016\/07\/escritos-lucia-roge.jpg?fit=1200%2C630&ssl=1&resize=350%2C200 1x, https:\/\/i0.wp.com\/vincentians.com\/es\/wp-content\/uploads\/sites\/11\/2016\/07\/escritos-lucia-roge.jpg?fit=1200%2C630&ssl=1&resize=525%2C300 1.5x, https:\/\/i0.wp.com\/vincentians.com\/es\/wp-content\/uploads\/sites\/11\/2016\/07\/escritos-lucia-roge.jpg?fit=1200%2C630&ssl=1&resize=700%2C400 2x, https:\/\/i0.wp.com\/vincentians.com\/es\/wp-content\/uploads\/sites\/11\/2016\/07\/escritos-lucia-roge.jpg?fit=1200%2C630&ssl=1&resize=1050%2C600 3x"},"classes":[]},{"id":39206,"url":"https:\/\/vincentians.com\/es\/lucia-roge-a-las-hermanas-del-seminario\/","url_meta":{"origin":42377,"position":4},"title":"Luc\u00eda Rog\u00e9: A las Hermanas del Seminario","author":"Francisco Javier Fern\u00e1ndez Chento","date":"21\/05\/2011","format":false,"excerpt":"Canarias, 28 de marzo de 1977 Como el tiempo del Seminario es un tiempo de formaci\u00f3n, aqu\u00ed tie\u00adnen a la Virgen para contemplarla e imitarla. Una comunidad Mariana como la nuestra, ha de vibrar en deseos de vivir como la Virgen en uni\u00f3n con Cristo. Les voy a indicar tres\u2026","rel":"","context":"En \u00abEscritos de Luc\u00eda Rog\u00e9\u00bb","block_context":{"text":"Escritos de Luc\u00eda Rog\u00e9","link":"https:\/\/vincentians.com\/es\/category\/escritos\/escritos-de-lucia-roge\/"},"img":{"alt_text":"","src":"https:\/\/i0.wp.com\/vincentians.com\/es\/wp-content\/uploads\/sites\/11\/2016\/07\/escritos-lucia-roge.jpg?fit=1200%2C630&ssl=1&resize=350%2C200","width":350,"height":200,"srcset":"https:\/\/i0.wp.com\/vincentians.com\/es\/wp-content\/uploads\/sites\/11\/2016\/07\/escritos-lucia-roge.jpg?fit=1200%2C630&ssl=1&resize=350%2C200 1x, https:\/\/i0.wp.com\/vincentians.com\/es\/wp-content\/uploads\/sites\/11\/2016\/07\/escritos-lucia-roge.jpg?fit=1200%2C630&ssl=1&resize=525%2C300 1.5x, https:\/\/i0.wp.com\/vincentians.com\/es\/wp-content\/uploads\/sites\/11\/2016\/07\/escritos-lucia-roge.jpg?fit=1200%2C630&ssl=1&resize=700%2C400 2x, https:\/\/i0.wp.com\/vincentians.com\/es\/wp-content\/uploads\/sites\/11\/2016\/07\/escritos-lucia-roge.jpg?fit=1200%2C630&ssl=1&resize=1050%2C600 3x"},"classes":[]},{"id":39921,"url":"https:\/\/vincentians.com\/es\/lucia-roge-respuesta-de-sor-lucia-roge-a-unas-preguntas\/","url_meta":{"origin":42377,"position":5},"title":"Luc\u00eda Rog\u00e9: Respuesta de Sor Luc\u00eda Rog\u00e9 a unas preguntas","author":"Francisco Javier Fern\u00e1ndez Chento","date":"23\/05\/2011","format":false,"excerpt":"Abril, 1979 Durante las Jornadas internacionales de hermanas j\u00f3venes 1. S\u00ed, la alegr\u00eda es importante para el servicio. Es expresi\u00f3n de liber\u00adtad interior y de un amor colmado. Los pobres necesitan el testimonio de nuestra alegr\u00eda, no de una alegr\u00eda bulliciosa, sino de una especie de sere\u00adnidad interior que lleva\u2026","rel":"","context":"En \u00abEscritos de Luc\u00eda Rog\u00e9\u00bb","block_context":{"text":"Escritos de Luc\u00eda Rog\u00e9","link":"https:\/\/vincentians.com\/es\/category\/escritos\/escritos-de-lucia-roge\/"},"img":{"alt_text":"","src":"https:\/\/i0.wp.com\/vincentians.com\/es\/wp-content\/uploads\/sites\/11\/2016\/07\/escritos-lucia-roge.jpg?fit=1200%2C630&ssl=1&resize=350%2C200","width":350,"height":200,"srcset":"https:\/\/i0.wp.com\/vincentians.com\/es\/wp-content\/uploads\/sites\/11\/2016\/07\/escritos-lucia-roge.jpg?fit=1200%2C630&ssl=1&resize=350%2C200 1x, https:\/\/i0.wp.com\/vincentians.com\/es\/wp-content\/uploads\/sites\/11\/2016\/07\/escritos-lucia-roge.jpg?fit=1200%2C630&ssl=1&resize=525%2C300 1.5x, https:\/\/i0.wp.com\/vincentians.com\/es\/wp-content\/uploads\/sites\/11\/2016\/07\/escritos-lucia-roge.jpg?fit=1200%2C630&ssl=1&resize=700%2C400 2x, https:\/\/i0.wp.com\/vincentians.com\/es\/wp-content\/uploads\/sites\/11\/2016\/07\/escritos-lucia-roge.jpg?fit=1200%2C630&ssl=1&resize=1050%2C600 3x"},"classes":[]}],"_links":{"self":[{"href":"https:\/\/vincentians.com\/es\/wp-json\/wp\/v2\/posts\/42377","targetHints":{"allow":["GET"]}}],"collection":[{"href":"https:\/\/vincentians.com\/es\/wp-json\/wp\/v2\/posts"}],"about":[{"href":"https:\/\/vincentians.com\/es\/wp-json\/wp\/v2\/types\/post"}],"author":[{"embeddable":true,"href":"https:\/\/vincentians.com\/es\/wp-json\/wp\/v2\/users\/4"}],"replies":[{"embeddable":true,"href":"https:\/\/vincentians.com\/es\/wp-json\/wp\/v2\/comments?post=42377"}],"version-history":[{"count":1,"href":"https:\/\/vincentians.com\/es\/wp-json\/wp\/v2\/posts\/42377\/revisions"}],"predecessor-version":[{"id":403444,"href":"https:\/\/vincentians.com\/es\/wp-json\/wp\/v2\/posts\/42377\/revisions\/403444"}],"wp:featuredmedia":[{"embeddable":true,"href":"https:\/\/vincentians.com\/es\/wp-json\/wp\/v2\/media\/398623"}],"wp:attachment":[{"href":"https:\/\/vincentians.com\/es\/wp-json\/wp\/v2\/media?parent=42377"}],"wp:term":[{"taxonomy":"category","embeddable":true,"href":"https:\/\/vincentians.com\/es\/wp-json\/wp\/v2\/categories?post=42377"},{"taxonomy":"post_tag","embeddable":true,"href":"https:\/\/vincentians.com\/es\/wp-json\/wp\/v2\/tags?post=42377"}],"curies":[{"name":"wp","href":"https:\/\/api.w.org\/{rel}","templated":true}]}}