{"id":42373,"date":"2011-06-17T02:59:51","date_gmt":"2011-06-17T00:59:51","guid":{"rendered":"http:\/\/somos.vicencianos.org\/blog\/2011\/06\/lucia-roge-ascesis-mortificacion\/"},"modified":"2011-06-17T02:59:51","modified_gmt":"2011-06-17T00:59:51","slug":"lucia-roge-ascesis-mortificacion","status":"publish","type":"post","link":"https:\/\/vincentians.com\/es\/lucia-roge-ascesis-mortificacion\/","title":{"rendered":"Luc\u00eda Rog\u00e9: Ascesis-Mortificaci\u00f3n"},"content":{"rendered":"<div id=\"attachment_34760\" style=\"width: 259px\" class=\"wp-caption alignright\"><span style=\"text-decoration: underline\"><a href=\"https:\/\/i0.wp.com\/vicencianos.org\/wp-content\/2011\/04\/Lucia_Roge.jpg\"><img data-recalc-dims=\"1\" loading=\"lazy\" decoding=\"async\" aria-describedby=\"caption-attachment-34760\" class=\"size-medium wp-image-34760\" title=\"Sor Luc\u00eda Rog\u00e9, H.C.\" src=\"https:\/\/i0.wp.com\/vicencianos.org\/wp-content\/2011\/04\/Lucia_Roge-249x300.jpg?resize=249%2C300\" alt=\"Sor Luc\u00eda Rog\u00e9, H.C.\" width=\"249\" height=\"300\" \/><\/a><\/span><p id=\"caption-attachment-34760\" class=\"wp-caption-text\">Sor Luc\u00eda Rog\u00e9, H.C.<\/p><\/div>\n<p>Par\u00eds, 3 de marzo 1976<\/p>\n<p>Como ustedes ya sabr\u00e1n sin duda, acabo de llegar de Marruecos. La impresi\u00f3n que traigo de all\u00ed, as\u00ed como el tiempo lit\u00fargico de cuares\u00adma, me inducen a que les hable y a que reflexionemos, juntas, sobre la ascesis, ese esfuerzo exigente, pero liberador, que nos debe abrir al llamamiento del Se\u00f1or, as\u00ed como al de la comunidad humana.<\/p>\n<p>Las Constituciones (C. 12) nos recuerdan la necesidad de la ascesis. \u00bfC\u00f3mo va en este punto nuestra vida de Hijas de la Caridad?<\/p>\n<p>En primer lugar \u00bfqu\u00e9 significa para nosotras ascesis y mortificaci\u00f3n? Realmente, el matiz que pueda haber entre las dos palabras reside sobre todo, en el vocabulario. La idea esencial es la misma, su fin \u00faltimo es la uni\u00f3n con Dios. Es la lucha contra todo lo que nos aleja de Dios, por parte de nuestros sentidos exteriores o interiores y de las facultades superiores, es decir, tanto la vista, o\u00eddo y palabra, como la imaginaci\u00f3n, memoria, inteligencia y voluntad. Tal vez la idea de ascesis lleva consi\u00adgo una noci\u00f3n de repetici\u00f3n y de continuidad met\u00f3dica que afectan al conjunto de la vida. De lo que se trata pues, para nosotras es de vivir unidas verdaderamente a Cristo, de hacernos agradables a Dios, repri\u00admiendo todo lo que se oponga a ello.<\/p>\n<p>San Vicente nos habl\u00f3 con frecuencia de la mortificaci\u00f3n. En una conferencia de 1659 dice: \u00ab\u00bfQu\u00e9 hacemos cuando nos situamos en la mortificaci\u00f3n? Situamos en nosotros a Jesucristo\u00bb.<span id='easy-footnote-1-42373' class='easy-footnote-margin-adjust'><\/span><span class='easy-footnote'><a href='https:\/\/vincentians.com\/es\/lucia-roge-ascesis-mortificacion\/#easy-footnote-bottom-1-42373' title='XI, 522.'><sup>1<\/sup><\/a><\/span> Y tambi\u00e9n: \u00abLa se\u00f1al para conocer si uno sigue a nuestro Se\u00f1or es ver si se mortifica continuamente\u00bb.<span id='easy-footnote-2-42373' class='easy-footnote-margin-adjust'><\/span><span class='easy-footnote'><a href='https:\/\/vincentians.com\/es\/lucia-roge-ascesis-mortificacion\/#easy-footnote-bottom-2-42373' title='XI, 523.'><sup>2<\/sup><\/a><\/span> Y san Vicente concreta, pide tres o cuatro actos de mortificaci\u00f3n al d\u00eda. Si fue santo es porque record\u00f3 lo que dice san Mateo en el Evangelio: \u00abSi alguien quiere venir en pos de m\u00ed, que se nie\u00adgue a s\u00ed mismo, que coja su cruz y me siga\u00bb.<span id='easy-footnote-3-42373' class='easy-footnote-margin-adjust'><\/span><span class='easy-footnote'><a href='https:\/\/vincentians.com\/es\/lucia-roge-ascesis-mortificacion\/#easy-footnote-bottom-3-42373' title='Mt 16,24.'><sup>3<\/sup><\/a><\/span>\n<p>Insisto una vez m\u00e1s, el fin de la ascesis o de la mortificaci\u00f3n no es la mutilaci\u00f3n, sino la uni\u00f3n con Dios. Mortificarse es lograr, mediante actos concretos de renunciamiento, de privaci\u00f3n, de austeridad, una especie de liberaci\u00f3n de uno mismo, de su coraz\u00f3n, de toda su vida. \u00bfPara qu\u00e9? Para dejar lugar a Dios, a su palabra, al evangelio, y para acoger a los dem\u00e1s, especialmente a los pobres. Tambi\u00e9n es preparar\u00adse a recibir la gracia divina. Recordemos la par\u00e1bola del sembrador, la tierra sobre la que va a caer la semilla. La ascesis nos facilita el camino para estar m\u00e1s atentos a lo que Dios nos pide, y nos dispone a vivir mejor su amor y a abordar a los dem\u00e1s con benevolencia. Es pues, en definitiva, amar m\u00e1s y servir mejor, coparticipar verdaderamente, y final\u00admente alabar a Dios con todo el coraz\u00f3n. Es, como dice san Vicente, hacernos cada vez m\u00e1s semejantes a Jesucristo. Escuchemos su ora\u00adci\u00f3n. \u00abSe\u00f1or m\u00edo, \u00bfqu\u00e9 otra cosa hiciste t\u00fa durante toda tu vida? \u00bfCum\u00adpl\u00edas alguna vez tu voluntad, segu\u00edas alguna vez tu juicio, escuchabas alguna vez a la sensualidad?\u00bb.<span id='easy-footnote-4-42373' class='easy-footnote-margin-adjust'><\/span><span class='easy-footnote'><a href='https:\/\/vincentians.com\/es\/lucia-roge-ascesis-mortificacion\/#easy-footnote-bottom-4-42373' title='XI, 523.'><sup>4<\/sup><\/a><\/span> Esta profunda meditaci\u00f3n de san Vicen\u00adte sobre nuestro Se\u00f1or nos muestra hasta qu\u00e9 punto hac\u00eda suyas las m\u00e1ximas del evangelio: \u00abAs\u00ed pues, cualquiera de vosotros que no renun\u00adcie a todos sus bienes no puede ser mi disc\u00edpulo\u00bb.<span id='easy-footnote-5-42373' class='easy-footnote-margin-adjust'><\/span><span class='easy-footnote'><a href='https:\/\/vincentians.com\/es\/lucia-roge-ascesis-mortificacion\/#easy-footnote-bottom-5-42373' title='Lc 14, 33.'><sup>5<\/sup><\/a><\/span> Es una ecuaci\u00f3n, o se es disc\u00edpulo de Jesucristo y se renuncia a todo, o bien se reserva uno algo y entonces s\u00f3lo en apariencia se es disc\u00edpulo de Cristo.<\/p>\n<div>\n<p>Me parece que la ascesis para una Hija de la Caridad puede tener dos aspectos:<\/p>\n<ul>\n<li>un aspecto de aceptaci\u00f3n, de adhesi\u00f3n a la voluntad de Dios a lo largo de todas las horas del d\u00eda,<\/li>\n<li>un aspecto de amor, de dar preferencia a Dios.<\/li>\n<\/ul>\n<h2>1. Aceptaci\u00f3n, adhesi\u00f3n a la voluntad de Dios<\/h2>\n<p>La ascesis ha de ser simult\u00e1neamente exterior e interior. Recuerden nuestras santas Reglas: \u00abLas mortificaciones exteriores sirven de poco si no van acompa\u00f1adas de las interiores, que consisten en someter el propio juicio y voluntad\u00bb.<span id='easy-footnote-6-42373' class='easy-footnote-margin-adjust'><\/span><span class='easy-footnote'><a href='https:\/\/vincentians.com\/es\/lucia-roge-ascesis-mortificacion\/#easy-footnote-bottom-6-42373' title='Reglas Comunes, c. 3, n.11.'><sup>6<\/sup><\/a><\/span> Podemos decir que la ascesis debe ser dis\u00adcreta, secreta incluso; humilde, aut\u00e9ntica y alegre.<\/p>\n<p>Esta ascesis de aceptaci\u00f3n, de adhesi\u00f3n continua debe empezar a practicarle en nuestra manera de vivir. Debemos hacer un uso racional y moderado de todos los bienes materiales, en general, cuya primera condici\u00f3n es el servicio a los pobres.<\/p>\n<p>As\u00ed que, de acuerdo con san Vicente, toda nuestra vida debe estar marcada con el sello de la sobriedad -\u00e9l la llamaba frugalidad- tanto en el plano de la comida como en el uso de la televisi\u00f3n, en las lecturas, en las visitas, en las largas conversaciones, que no querr\u00eda calificar, pero que van en detrimento del tiempo dedicado a los pobres. Son las con\u00addiciones de una verdadera vida misionera. Vivimos con un c\u00famulo de cosas y somos esclavas tambi\u00e9n de las incitaciones de una publicidad de la que no sabemos defendernos, porque en nuestra \u00e9poca, toda pri\u00advaci\u00f3n parece anormal y, por miedo a parecer anormales, cedemos. Es necesario decirlo, en cuanto se aleja uno de la pobreza, la idea de pri\u00advarse de algo disminuye y retrocede. Fij\u00e9monos en los pobres, que son nuestros verdaderos maestros.<\/p>\n<\/div>\n<div>\n<p>En el transcurso de mi visita a Marruecos me dec\u00eda yo a m\u00ed misma: son ellos los que viven la mortificaci\u00f3n continua del hambre, del fr\u00edo, de las incomodidades, de las humillaciones, de las privaciones de toda clase que encuentran en las separaciones dolorosas de la emigraci\u00f3n. Los que no son pobres rechazan toda restricci\u00f3n, los pobres las experimentan.<\/p>\n<p>Tal vez, con lealtad, tengamos que decir hoy que la ascesis y la mor\u00adtificaci\u00f3n han disminuido notablemente en nuestra vida. Poco a poco hemos ido suprimiendo h\u00e1bitos, l\u00edneas de conducta que nos conduc\u00edan a ella, porque nos parec\u00eda que dec\u00edan muy poco, porque estaban des\u00advitalizadas del amor que deb\u00eda mantenerlas. \u00bfQu\u00e9 ascesis introducimos en nuestra vida, en el cumplimiento de las obligaciones profesionales que nos exige el servicio a los pobres, en los compromisos de la vida consagrada y de la vida comunitaria?<\/p>\n<p>\u00bfEn qu\u00e9 punto est\u00e1 nuestra aceptaci\u00f3n concreta de la pobreza y de la obediencia, nuestra prudencia en las lecturas, distracciones y realizaciones que nos pide la castidad?<\/p>\n<p>\u00bfD\u00f3nde estamos en cuanto a aceptaci\u00f3n del cansancio y las difi\u00adcultades que se encuentran en el servicio de los pobres?<\/p>\n<p>\u00bfEn qu\u00e9 grado estamos en cuanto a esforzarnos por la caridad frater\u00adna, por ese soportarse mutuamente que san Vicente tanto recomendaba?<\/p>\n<p>Ascesis es renunciar a todo lo que reduce en nosotros la capacidad de mantener nuestros compromisos. Tengamos el valor de hacer un ver\u00addadero examen de conciencia.<\/p>\n<p>Nuestra ascesis de aceptaci\u00f3n y adhesi\u00f3n a la voluntad de Dios, d\u00eda tras d\u00eda, es el camino de la libertad interior. Por tanto, tratemos de liberar-nos de la excesiva atenci\u00f3n que prestamos a las exigencias de nuestro cuerpo en la vida diaria. Tratemos de liberarnos de todo lo que condi\u00adciona nuestro esp\u00edritu, esa esclavitud de la televisi\u00f3n, el tiempo perdido en lecturas in\u00fatiles, en visitas innecesarias para el servicio de los pobres, en largas discusiones que no conducen a resoluciones concre\u00adtas de acci\u00f3n apost\u00f3lica.<\/p>\n<\/div>\n<h2>2. Lo que el Se\u00f1or espera de nosotras es el deseo de amarlo con un amor de preferencia<\/h2>\n<div>\n<p>Es ante todo, la actitud interior y exterior de una ascesis de prefe\u00adrencia: preferencia dada a Dios sobre nosotras para estar prestas a des\u00adcubrir su voluntad y a responder a sus deseos. Esa ascesis, esa mortifi\u00adcaci\u00f3n as\u00ed orientada, es el camino misionero aut\u00e9ntico y no ilusorio, pues nos dispondr\u00e1 al servicio, a compartir, a la confianza y al amor.<\/p>\n<p>Me parece que deb\u00edamos tratar de renunciar a todo lo que perjudica el servicio, el proyecto comunitario local, provincial o general, que est\u00e9 en funci\u00f3n de la Misi\u00f3n. Esto significa que, en mi vida personal, voy a pasar por encima de mis propias opciones para adherirme a las de la Misi\u00f3n. Voy a combatir mi pereza, a permanecer serena ante las contradicciones y los contradictores. En las relaciones interpersonales; en esas relaciones de colaboraci\u00f3n que son dif\u00edciles, me esforzar\u00e9 por practicar el respeto a los dem\u00e1s, en ser fiel a la justicia, en vivir con paciencia y humildad. En mi vida de relaci\u00f3n con Dios, tendr\u00e9 la firme voluntad de combatir la fan\u00adtas\u00eda y deseos personales para reservarme el tiempo clave de intimidad con el Se\u00f1or, de interiorizar en m\u00ed el Misterio Pascual, sin lo cual mi vida es pura ilusi\u00f3n. Son momentos en los que, mediante la fe y la confianza, tratar\u00e9 de superar todo lo que la vida me presenta como dificultad y cruz, para entregarme totalmente al amor de Dios. Cuando se piensa en esto se recuerda a los grandes m\u00edsticos, como san Juan de la Cruz que nos dice: \u00abEntreg\u00e1ndome al amor, resolv\u00ed perderlo todo y he ganado todo\u00bb.<\/p>\n<p>Esta ascesis, puesto que hemos resuelto perderlo todo, nos facilita el compartir. Realmente, la ascesis se convierte en colaboraci\u00f3n. Dios es nuestro Padre com\u00fan y todos, individual y colectivamente, son hermanos m\u00edos. Me siento y quiero ser solidaria de todos y, por tanto, voy a renunciar a mi parte, para participar voluntariamente en la pobreza en que involunta\u00adriamente han de vivir, para suplir lo que les falta. Sus necesidades y llama\u00addas repercuten en m\u00ed no solamente como reacci\u00f3n sentimental aislada, a ra\u00edz de una cat\u00e1strofe, sino continuamente. Voy pues, a orientar mi vida, res\u00adtringiendo mis necesidades personales, para compartir con los pobres.<\/p>\n<p>Por esta ascesis de confianza y amor, dejo que Dios se posesione de m\u00ed cada vez m\u00e1s. Acepto cada una de las penas y dificultades, pensan\u00addo que esa acci\u00f3n de Dios en m\u00ed tiene un valor de purificaci\u00f3n. El evan\u00adgelio adquiere verdadera resonancia: \u00abTodo sarmiento que en m\u00ed no lleve fruto, lo cortar\u00e9; y todo el que d\u00e9 fruto, lo podar\u00e9, para que d\u00e9 m\u00e1s fruto\u00bb.<span id='easy-footnote-7-42373' class='easy-footnote-margin-adjust'><\/span><span class='easy-footnote'><a href='https:\/\/vincentians.com\/es\/lucia-roge-ascesis-mortificacion\/#easy-footnote-bottom-7-42373' title='Jn 15, 2.'><sup>7<\/sup><\/a><\/span>\n<p>S\u00ed, cada vez que me encuentre con la Cruz, pensar\u00e9 sencillamente en la certeza del amor que Dios me tiene. El Se\u00f1or me poda para que d\u00e9 m\u00e1s fruto misionero. Si dejara un lugar a Dios, cada vez mayor en mi vida, \u00bfno se transformar\u00edan las exigencias del evangelio en realidad con\u00adcreta para m\u00ed?<\/p>\n<\/div>\n<div>\n<p>\u00abAprended de m\u00ed, dice el Se\u00f1or, que soy manso y humilde de cora\u00adz\u00f3n\u00bb.<span id='easy-footnote-8-42373' class='easy-footnote-margin-adjust'><\/span><span class='easy-footnote'><a href='https:\/\/vincentians.com\/es\/lucia-roge-ascesis-mortificacion\/#easy-footnote-bottom-8-42373' title='Mt 11, 29.'><sup>8<\/sup><\/a><\/span> \u00bfTrato realmente de asimilar la humildad de Jes\u00fas? Y me planteo esta pregunta: este retroceso en la mortificaci\u00f3n, en la ascesis, \u00bfno pro\u00adviene de que perdemos de vista en nuestra vida, la pr\u00e1ctica de la humil\u00addad como lo pide san Vicente? El olvido de nuestra flaqueza, de nues\u00adtra tendencia a dejar a Dios, es decir, a pecar, \u00bfno es la respuesta de un orgullo de esp\u00edritu que se va introduciendo de forma general en toda la Compa\u00f1\u00eda de Hijas de la Caridad? \u00bfNo hemos abandonado el deseo de ser las humildes hijas del se\u00f1or Vicente, las humildes Hijas de la Cari\u00addad que, contemplando el crucifijo, han comprendido lo que significa el pecado y que, viendo al Se\u00f1or en la Cruz, est\u00e1n convencidas del cami\u00adno que hay que seguir para alcanzar a Cristo?<\/p>\n<p>Ascesis de confianza y de amor, de preferencia dada a Dios. Dejo de centrarme en m\u00ed misma, permaneciendo indiferente en lo que a m\u00ed se refiere y, al morir a m\u00ed misma, puedo estar m\u00e1s abierta a Dios y a los dem\u00e1s.<\/p>\n<p>Es el \u00abtodo para todos\u00bb de san Pablo; eso quiere decir que excluyo lo m\u00e1s posible centrar en m\u00ed las penas y alegr\u00edas; velar sobre la guarda del coraz\u00f3n, para que la imaginaci\u00f3n se libere de todo lo que no est\u00e1 en rela\u00adci\u00f3n con Dios y la misi\u00f3n confiada. Porque, con mucha frecuencia, mi ima\u00adginaci\u00f3n es como el hall de un aeropuerto o una pantalla de televisi\u00f3n.<\/p>\n<p>Y velar tambi\u00e9n, sobre la voluntad para estar disponible a las Her\u00admanas y a los pobres, conservando esa actitud interior de desprendi\u00admiento, que permite purificar en m\u00ed todo lo que me irrita f\u00e1cilmente, inclu\u00adso la agresividad en mis relaciones con unos y otros.<\/p>\n<p>Finalmente, es restablecer en mi vida, la prioridad de Dios; cada vez que he faltado a ella me he alejado de \u00c9l; voy pues, a enmendar, a entrar en esa reparaci\u00f3n de amor para restablecer la uni\u00f3n con Dios y reafir\u00admar en mi vida la prioridad que debe tener. Para ello, \u00bfrecurro con fre\u00adcuencia al sacramento de la penitencia que me permite participar en el misterio de morir al pecado y resucitar con Cristo? Porque no ignoro que la fidelidad al sacramento y la ascesis de reparaci\u00f3n me hacen crecer en la libertad interior. De este modo contrapongo la esclavitud del acondicionamiento exterior que influye sobre m\u00ed, me libero y me vuelvo a dar una posibilidad cr\u00edtica, rechazando la facilidad.<\/p>\n<\/div>\n<div>\n<p>Por tanto, la ascesis es ante todo, una actitud de amor, humildad y vigilancia, como nos dice el evangelio. Estar presto y preparado para acoger a Dios: \u00abVelad y orad\u00bb. Con frecuencia, \u00bfno somos centinelas adormecidas?<\/p>\n<p>Estos pensamientos ven\u00edan a mi mente en el transcurso de las jor\u00adnadas que he pasado en Marruecos. Cinco o seis veces al d\u00eda, empe\u00adzando desde las cuatro o cinco de la ma\u00f1ana, el almuec\u00edn llama a los musulmanes para la oraci\u00f3n. \u00a1Qu\u00e9 preferencia de Dios en su vida!<\/p>\n<p>Sin duda, muchas de nuestras dificultades para orar vienen de nues\u00adtra falta de mortificaci\u00f3n. \u00abLa mortificaci\u00f3n y la oraci\u00f3n, dice san Vicente, \u00abson dos hermanas tan estrechamente unidas que nunca van separadas. La mortificaci\u00f3n va primero y la oraci\u00f3n la sigue\u00bb,<span id='easy-footnote-9-42373' class='easy-footnote-margin-adjust'><\/span><span class='easy-footnote'><a href='https:\/\/vincentians.com\/es\/lucia-roge-ascesis-mortificacion\/#easy-footnote-bottom-9-42373' title='IX, 391.'><sup>9<\/sup><\/a><\/span> porque la mortificaci\u00f3n proviene de la humildad y la humildad nos hace ver c\u00f3mo Dios nos obtie\u00adne su gracia, actuando su misterio en cada uno de nosotros.<\/p>\n<p>Les aconsejo que lean de nuevo la conferencia del 6 de enero de 1657, donde san Vicente nos da las razones para mortificarnos. En la conferencia del siguiente mes de junio, d\u00eda 17, san Vicente recuerda que es necesario empezar por la voluntad: \u00abUna hermana que sigue su pro\u00adpia voluntad y ve con disgusto lo que se le ordena; o se molesta cuan\u00addo le niegan alguna cosa; \u00a1Salvador m\u00edo!, \u00a1en qu\u00e9 estado tan desgra\u00adciado se encuentra! \u00a1Pobre Compa\u00f1\u00eda de la Caridad, qu\u00e9 pronto llegar\u00edas a tu fin si te encontraras en tan deplorable estado!\u00bb.<span id='easy-footnote-10-42373' class='easy-footnote-margin-adjust'><\/span><span class='easy-footnote'><a href='https:\/\/vincentians.com\/es\/lucia-roge-ascesis-mortificacion\/#easy-footnote-bottom-10-42373' title='IX, 875.'><sup>10<\/sup><\/a><\/span>\n<p>Nuestra propia voluntad \u00bfno interviene cada vez m\u00e1s en nuestra vida? \u00bfNo tenemos tendencia, por ejemplo, a preferir nuestras miras apost\u00f3licas a las que propone la Compa\u00f1\u00eda?<\/p>\n<p>Porque si es verdad que, sin ascesis, no hay vida de oraci\u00f3n, ni de relaci\u00f3n con Dios que pueda ser mantenida, finalmente, tampoco hay vida misionera. \u00abSi el grano de trigo que cae en la tierra no muere, que\u00addar\u00e1 solo\u00bb.<span id='easy-footnote-11-42373' class='easy-footnote-margin-adjust'><\/span><span class='easy-footnote'><a href='https:\/\/vincentians.com\/es\/lucia-roge-ascesis-mortificacion\/#easy-footnote-bottom-11-42373' title='Jn 12, 24.'><sup>11<\/sup><\/a><\/span> Esta frase del evangelio nos plantea un grave interrogante. Vemos mermar nuestras filas, disminuir las vocaciones, somos cons\u00adcientes de que, a veces, nuestra acci\u00f3n misionera es poco brillante \u00bfTenemos en cuenta ese punto del evangelio? Si el grano de trigo que cae en la tierra no muere. San Pablo comenta: \u00abDe manera que en noso\u00adtros obra la muerte; en vosotros la vida\u00bb.<span id='easy-footnote-12-42373' class='easy-footnote-margin-adjust'><\/span><span class='easy-footnote'><a href='https:\/\/vincentians.com\/es\/lucia-roge-ascesis-mortificacion\/#easy-footnote-bottom-12-42373' title='2Cor 4, 12.'><sup>12<\/sup><\/a><\/span> No es, pues, la muerte por la muerte, es un morir para resucitar, para vivir. El Santo Padre, en su exhortaci\u00f3n sobre la Evangelizaci\u00f3n, nos recuerda que esta evangeliza\u00adci\u00f3n del mundo es ante todo, dar un testimonio de fidelidad al Se\u00f1or, vivido en la pobreza, desprendimiento y libertad frente a los poderes del mundo: \u00abEl mundo, dice, reclama y espera de nosotros sencillez de vida, esp\u00edritu de oraci\u00f3n, caridad con todos, especialmente con los humildes y con los pobres, obediencia y humildad, desprendimiento de nosotros mismos y renunciamiento\u00bb.<span id='easy-footnote-13-42373' class='easy-footnote-margin-adjust'><\/span><span class='easy-footnote'><a href='https:\/\/vincentians.com\/es\/lucia-roge-ascesis-mortificacion\/#easy-footnote-bottom-13-42373' title='EN.'><sup>13<\/sup><\/a><\/span> \u00a1Un buen programa de vida!<\/p>\n<\/div>\n<p>Para terminar, querr\u00eda dejarles esta convicci\u00f3n. La ascesis cristiana va acompa\u00f1ada de alegr\u00eda. \u00abPerf\u00famate la cabeza y lava tu cara\u00bb.<span id='easy-footnote-14-42373' class='easy-footnote-margin-adjust'><\/span><span class='easy-footnote'><a href='https:\/\/vincentians.com\/es\/lucia-roge-ascesis-mortificacion\/#easy-footnote-bottom-14-42373' title='Mt 6, 17.'><sup>14<\/sup><\/a><\/span> Conocen tambi\u00e9n lo que dice san Pablo: \u00abSobreabundo de gozo en medio de mis tribulaciones\u00bb.<span id='easy-footnote-15-42373' class='easy-footnote-margin-adjust'><\/span><span class='easy-footnote'><a href='https:\/\/vincentians.com\/es\/lucia-roge-ascesis-mortificacion\/#easy-footnote-bottom-15-42373' title='2Cor 7,4.'><sup>15<\/sup><\/a><\/span> Y santa Teresa del Ni\u00f1o Jes\u00fas, que todas conocen muy bien: \u00abDesde que me renuncio en todo, llevo la vida m\u00e1s feliz que uno pude imaginarse\u00bb. La verdad es que podemos tener una vida dura, exigente, dolorosa; pero cuando se tiene la seguridad de que nada nos puede separar del amor de Cristo, permanecemos gozosas, en medio de una alegr\u00eda profunda. Es lo que les deseo a todas.<\/p>\n","protected":false},"excerpt":{"rendered":"<p>Par\u00eds, 3 de marzo 1976 Como ustedes ya sabr\u00e1n sin duda, acabo de llegar de Marruecos. La impresi\u00f3n que traigo de all\u00ed, as\u00ed como el tiempo lit\u00fargico de cuares\u00adma, me inducen a que les hable &#8230; <a href=\"https:\/\/vincentians.com\/es\/lucia-roge-ascesis-mortificacion\/\" class=\"more-link\">Read More<\/a><\/p>\n","protected":false},"author":4,"featured_media":398623,"comment_status":"open","ping_status":"open","sticky":false,"template":"","format":"standard","meta":{"jetpack_post_was_ever_published":false,"_jetpack_newsletter_access":"","_jetpack_dont_email_post_to_subs":false,"_jetpack_newsletter_tier_id":0,"_jetpack_memberships_contains_paywalled_content":false,"_jetpack_memberships_contains_paid_content":false,"footnotes":"","jetpack_publicize_message":"","jetpack_publicize_feature_enabled":true,"jetpack_social_post_already_shared":true,"jetpack_social_options":{"image_generator_settings":{"template":"highway","default_image_id":0,"font":"","enabled":false},"version":2}},"categories":[276],"tags":[280],"class_list":["post-42373","post","type-post","status-publish","format-standard","has-post-thumbnail","hentry","category-escritos-de-lucia-roge","tag-san-juan-de-la-cruz"],"yoast_head":"<!-- This site is optimized with the Yoast SEO plugin v26.3 - https:\/\/yoast.com\/wordpress\/plugins\/seo\/ -->\n<title>Luc\u00eda Rog\u00e9: Ascesis-Mortificaci\u00f3n - Somos Vicencianos<\/title>\n<meta name=\"robots\" content=\"index, follow, max-snippet:-1, max-image-preview:large, max-video-preview:-1\" \/>\n<link rel=\"canonical\" href=\"https:\/\/vincentians.com\/es\/lucia-roge-ascesis-mortificacion\/\" \/>\n<meta property=\"og:locale\" content=\"es_ES\" \/>\n<meta property=\"og:type\" content=\"article\" \/>\n<meta property=\"og:title\" content=\"Luc\u00eda Rog\u00e9: Ascesis-Mortificaci\u00f3n - Somos Vicencianos\" \/>\n<meta property=\"og:description\" content=\"Par\u00eds, 3 de marzo 1976 Como ustedes ya sabr\u00e1n sin duda, acabo de llegar de Marruecos. La impresi\u00f3n que traigo de all\u00ed, as\u00ed como el tiempo lit\u00fargico de cuares\u00adma, me inducen a que les hable ... Read More\" \/>\n<meta property=\"og:url\" content=\"https:\/\/vincentians.com\/es\/lucia-roge-ascesis-mortificacion\/\" \/>\n<meta property=\"og:site_name\" content=\"Somos Vicencianos\" \/>\n<meta property=\"article:publisher\" content=\"https:\/\/www.facebook.com\/WeAreVincentians\/\" \/>\n<meta property=\"article:author\" content=\"https:\/\/www.facebook.com\/JavierChento\" \/>\n<meta property=\"article:published_time\" content=\"2011-06-17T00:59:51+00:00\" \/>\n<meta property=\"og:image\" content=\"https:\/\/i0.wp.com\/vincentians.com\/es\/wp-content\/uploads\/sites\/11\/2016\/07\/escritos-lucia-roge.jpg?fit=1200%2C630&ssl=1\" \/>\n\t<meta property=\"og:image:width\" content=\"1200\" \/>\n\t<meta property=\"og:image:height\" content=\"630\" \/>\n\t<meta property=\"og:image:type\" content=\"image\/jpeg\" \/>\n<meta name=\"author\" content=\"Francisco Javier Fern\u00e1ndez Chento\" \/>\n<meta name=\"twitter:card\" content=\"summary_large_image\" \/>\n<meta name=\"twitter:creator\" content=\"@https:\/\/twitter.com\/javierchento\" \/>\n<meta name=\"twitter:site\" content=\"@WeVincentians\" \/>\n<meta name=\"twitter:label1\" content=\"Escrito por\" \/>\n\t<meta name=\"twitter:data1\" content=\"Francisco Javier Fern\u00e1ndez Chento\" \/>\n\t<meta name=\"twitter:label2\" content=\"Tiempo de lectura\" \/>\n\t<meta name=\"twitter:data2\" content=\"15 minutos\" \/>\n<script type=\"application\/ld+json\" class=\"yoast-schema-graph\">{\"@context\":\"https:\/\/schema.org\",\"@graph\":[{\"@type\":\"Article\",\"@id\":\"https:\/\/vincentians.com\/es\/lucia-roge-ascesis-mortificacion\/#article\",\"isPartOf\":{\"@id\":\"https:\/\/vincentians.com\/es\/lucia-roge-ascesis-mortificacion\/\"},\"author\":{\"name\":\"Francisco Javier Fern\u00e1ndez Chento\",\"@id\":\"http:\/\/vincentians.com\/es\/#\/schema\/person\/9623ef4d9aa3b2dfb8c061f1499288f2\"},\"headline\":\"Luc\u00eda Rog\u00e9: Ascesis-Mortificaci\u00f3n\",\"datePublished\":\"2011-06-17T00:59:51+00:00\",\"mainEntityOfPage\":{\"@id\":\"https:\/\/vincentians.com\/es\/lucia-roge-ascesis-mortificacion\/\"},\"wordCount\":2948,\"commentCount\":0,\"publisher\":{\"@id\":\"http:\/\/vincentians.com\/es\/#organization\"},\"image\":{\"@id\":\"https:\/\/vincentians.com\/es\/lucia-roge-ascesis-mortificacion\/#primaryimage\"},\"thumbnailUrl\":\"https:\/\/i0.wp.com\/vincentians.com\/es\/wp-content\/uploads\/sites\/11\/2016\/07\/escritos-lucia-roge.jpg?fit=1200%2C630&ssl=1\",\"keywords\":[\"San Juan de la Cruz\"],\"articleSection\":[\"Escritos de Luc\u00eda Rog\u00e9\"],\"inLanguage\":\"es\",\"potentialAction\":[{\"@type\":\"CommentAction\",\"name\":\"Comment\",\"target\":[\"https:\/\/vincentians.com\/es\/lucia-roge-ascesis-mortificacion\/#respond\"]}]},{\"@type\":\"WebPage\",\"@id\":\"https:\/\/vincentians.com\/es\/lucia-roge-ascesis-mortificacion\/\",\"url\":\"https:\/\/vincentians.com\/es\/lucia-roge-ascesis-mortificacion\/\",\"name\":\"Luc\u00eda Rog\u00e9: Ascesis-Mortificaci\u00f3n - Somos Vicencianos\",\"isPartOf\":{\"@id\":\"http:\/\/vincentians.com\/es\/#website\"},\"primaryImageOfPage\":{\"@id\":\"https:\/\/vincentians.com\/es\/lucia-roge-ascesis-mortificacion\/#primaryimage\"},\"image\":{\"@id\":\"https:\/\/vincentians.com\/es\/lucia-roge-ascesis-mortificacion\/#primaryimage\"},\"thumbnailUrl\":\"https:\/\/i0.wp.com\/vincentians.com\/es\/wp-content\/uploads\/sites\/11\/2016\/07\/escritos-lucia-roge.jpg?fit=1200%2C630&ssl=1\",\"datePublished\":\"2011-06-17T00:59:51+00:00\",\"breadcrumb\":{\"@id\":\"https:\/\/vincentians.com\/es\/lucia-roge-ascesis-mortificacion\/#breadcrumb\"},\"inLanguage\":\"es\",\"potentialAction\":[{\"@type\":\"ReadAction\",\"target\":[\"https:\/\/vincentians.com\/es\/lucia-roge-ascesis-mortificacion\/\"]}]},{\"@type\":\"ImageObject\",\"inLanguage\":\"es\",\"@id\":\"https:\/\/vincentians.com\/es\/lucia-roge-ascesis-mortificacion\/#primaryimage\",\"url\":\"https:\/\/i0.wp.com\/vincentians.com\/es\/wp-content\/uploads\/sites\/11\/2016\/07\/escritos-lucia-roge.jpg?fit=1200%2C630&ssl=1\",\"contentUrl\":\"https:\/\/i0.wp.com\/vincentians.com\/es\/wp-content\/uploads\/sites\/11\/2016\/07\/escritos-lucia-roge.jpg?fit=1200%2C630&ssl=1\",\"width\":1200,\"height\":630},{\"@type\":\"BreadcrumbList\",\"@id\":\"https:\/\/vincentians.com\/es\/lucia-roge-ascesis-mortificacion\/#breadcrumb\",\"itemListElement\":[{\"@type\":\"ListItem\",\"position\":1,\"name\":\"Portada\",\"item\":\"http:\/\/vincentians.com\/es\/\"},{\"@type\":\"ListItem\",\"position\":2,\"name\":\"Luc\u00eda Rog\u00e9: Ascesis-Mortificaci\u00f3n\"}]},{\"@type\":\"WebSite\",\"@id\":\"http:\/\/vincentians.com\/es\/#website\",\"url\":\"http:\/\/vincentians.com\/es\/\",\"name\":\"Somos Vicencianos\",\"description\":\"Know more to serve more\",\"publisher\":{\"@id\":\"http:\/\/vincentians.com\/es\/#organization\"},\"potentialAction\":[{\"@type\":\"SearchAction\",\"target\":{\"@type\":\"EntryPoint\",\"urlTemplate\":\"http:\/\/vincentians.com\/es\/?s={search_term_string}\"},\"query-input\":{\"@type\":\"PropertyValueSpecification\",\"valueRequired\":true,\"valueName\":\"search_term_string\"}}],\"inLanguage\":\"es\"},{\"@type\":\"Organization\",\"@id\":\"http:\/\/vincentians.com\/es\/#organization\",\"name\":\"The Vincentian Network\",\"url\":\"http:\/\/vincentians.com\/es\/\",\"logo\":{\"@type\":\"ImageObject\",\"inLanguage\":\"es\",\"@id\":\"http:\/\/vincentians.com\/es\/#\/schema\/logo\/image\/\",\"url\":\"https:\/\/i1.wp.com\/vincentians.com\/es\/wp-content\/uploads\/sites\/11\/2016\/06\/Vincentian-Network-logo-big.png?fit=778%2C778\",\"contentUrl\":\"https:\/\/i1.wp.com\/vincentians.com\/es\/wp-content\/uploads\/sites\/11\/2016\/06\/Vincentian-Network-logo-big.png?fit=778%2C778\",\"width\":778,\"height\":778,\"caption\":\"The Vincentian Network\"},\"image\":{\"@id\":\"http:\/\/vincentians.com\/es\/#\/schema\/logo\/image\/\"},\"sameAs\":[\"https:\/\/www.facebook.com\/WeAreVincentians\/\",\"https:\/\/x.com\/WeVincentians\"]},{\"@type\":\"Person\",\"@id\":\"http:\/\/vincentians.com\/es\/#\/schema\/person\/9623ef4d9aa3b2dfb8c061f1499288f2\",\"name\":\"Francisco Javier Fern\u00e1ndez Chento\",\"image\":{\"@type\":\"ImageObject\",\"inLanguage\":\"es\",\"@id\":\"http:\/\/vincentians.com\/es\/#\/schema\/person\/image\/\",\"url\":\"https:\/\/secure.gravatar.com\/avatar\/497d5cde87b4c3d097d0315953521681ba2cd523ee66e5077c3711f7021e65de?s=96&d=mm&r=g\",\"contentUrl\":\"https:\/\/secure.gravatar.com\/avatar\/497d5cde87b4c3d097d0315953521681ba2cd523ee66e5077c3711f7021e65de?s=96&d=mm&r=g\",\"caption\":\"Francisco Javier Fern\u00e1ndez Chento\"},\"description\":\"Director General y cofundador de La Red de Formaci\u00f3n Vicenciana. Javier es laico vicenciano, afiliado a la Congregaci\u00f3n de la Misi\u00f3n y miembro del Equipo de Misiones Populares de la provincia can\u00f3nica de Zaragoza (Espa\u00f1a) de la Congregaci\u00f3n de la Misi\u00f3n. Graduado en la Universidad Oberta de Catalunya con cuatro grados (Asistente de direcci\u00f3n, Gesti\u00f3n Administrativa, Recursos Humanos y Contabilidad Avanzada). Bil\u00edng\u00fce Espa\u00f1ol\/Ingl\u00e9s. gestiona y mantiene varias p\u00e1ginas web cristianas y vicencianas, incluida including La Red de Formaci\u00f3n Vicenciana, de la que es cofundador. Actualmente es responsable del \u00e1rea de Espa\u00f1ol de .famvin, la Red de Noticias de la Familia Vicenciana. Tambi\u00e9n es m\u00fasico cat\u00f3lico y ha editado varios discos. Es Director General y cofundador de Trovador, una reconocida compa\u00f1\u00eda discogr\u00e1fica critiana de Espa\u00f1a. Trabaja en las Tecnolog\u00edas de la Informaci\u00f3n, ofreciendo servicios de alojamiento, dise\u00f1o y mantenimiento Web, as\u00ed como asesoramiento, formaci\u00f3n y soluciones inform\u00e1ticas, gesti\u00f3n documental y digitalizaci\u00f3n de textos, edici\u00f3n y maquetaci\u00f3n de libros, revistas, flyers, etc.\",\"sameAs\":[\"http:\/\/chento.org\",\"https:\/\/www.facebook.com\/JavierChento\",\"https:\/\/x.com\/https:\/\/twitter.com\/javierchento\"],\"url\":\"https:\/\/vincentians.com\/es\/author\/chento\/\"}]}<\/script>\n<!-- \/ Yoast SEO plugin. -->","yoast_head_json":{"title":"Luc\u00eda Rog\u00e9: Ascesis-Mortificaci\u00f3n - Somos Vicencianos","robots":{"index":"index","follow":"follow","max-snippet":"max-snippet:-1","max-image-preview":"max-image-preview:large","max-video-preview":"max-video-preview:-1"},"canonical":"https:\/\/vincentians.com\/es\/lucia-roge-ascesis-mortificacion\/","og_locale":"es_ES","og_type":"article","og_title":"Luc\u00eda Rog\u00e9: Ascesis-Mortificaci\u00f3n - Somos Vicencianos","og_description":"Par\u00eds, 3 de marzo 1976 Como ustedes ya sabr\u00e1n sin duda, acabo de llegar de Marruecos. La impresi\u00f3n que traigo de all\u00ed, as\u00ed como el tiempo lit\u00fargico de cuares\u00adma, me inducen a que les hable ... Read More","og_url":"https:\/\/vincentians.com\/es\/lucia-roge-ascesis-mortificacion\/","og_site_name":"Somos Vicencianos","article_publisher":"https:\/\/www.facebook.com\/WeAreVincentians\/","article_author":"https:\/\/www.facebook.com\/JavierChento","article_published_time":"2011-06-17T00:59:51+00:00","og_image":[{"width":1200,"height":630,"url":"https:\/\/i0.wp.com\/vincentians.com\/es\/wp-content\/uploads\/sites\/11\/2016\/07\/escritos-lucia-roge.jpg?fit=1200%2C630&ssl=1","type":"image\/jpeg"}],"author":"Francisco Javier Fern\u00e1ndez Chento","twitter_card":"summary_large_image","twitter_creator":"@https:\/\/twitter.com\/javierchento","twitter_site":"@WeVincentians","twitter_misc":{"Escrito por":"Francisco Javier Fern\u00e1ndez Chento","Tiempo de lectura":"15 minutos"},"schema":{"@context":"https:\/\/schema.org","@graph":[{"@type":"Article","@id":"https:\/\/vincentians.com\/es\/lucia-roge-ascesis-mortificacion\/#article","isPartOf":{"@id":"https:\/\/vincentians.com\/es\/lucia-roge-ascesis-mortificacion\/"},"author":{"name":"Francisco Javier Fern\u00e1ndez Chento","@id":"http:\/\/vincentians.com\/es\/#\/schema\/person\/9623ef4d9aa3b2dfb8c061f1499288f2"},"headline":"Luc\u00eda Rog\u00e9: Ascesis-Mortificaci\u00f3n","datePublished":"2011-06-17T00:59:51+00:00","mainEntityOfPage":{"@id":"https:\/\/vincentians.com\/es\/lucia-roge-ascesis-mortificacion\/"},"wordCount":2948,"commentCount":0,"publisher":{"@id":"http:\/\/vincentians.com\/es\/#organization"},"image":{"@id":"https:\/\/vincentians.com\/es\/lucia-roge-ascesis-mortificacion\/#primaryimage"},"thumbnailUrl":"https:\/\/i0.wp.com\/vincentians.com\/es\/wp-content\/uploads\/sites\/11\/2016\/07\/escritos-lucia-roge.jpg?fit=1200%2C630&ssl=1","keywords":["San Juan de la Cruz"],"articleSection":["Escritos de Luc\u00eda Rog\u00e9"],"inLanguage":"es","potentialAction":[{"@type":"CommentAction","name":"Comment","target":["https:\/\/vincentians.com\/es\/lucia-roge-ascesis-mortificacion\/#respond"]}]},{"@type":"WebPage","@id":"https:\/\/vincentians.com\/es\/lucia-roge-ascesis-mortificacion\/","url":"https:\/\/vincentians.com\/es\/lucia-roge-ascesis-mortificacion\/","name":"Luc\u00eda Rog\u00e9: Ascesis-Mortificaci\u00f3n - Somos Vicencianos","isPartOf":{"@id":"http:\/\/vincentians.com\/es\/#website"},"primaryImageOfPage":{"@id":"https:\/\/vincentians.com\/es\/lucia-roge-ascesis-mortificacion\/#primaryimage"},"image":{"@id":"https:\/\/vincentians.com\/es\/lucia-roge-ascesis-mortificacion\/#primaryimage"},"thumbnailUrl":"https:\/\/i0.wp.com\/vincentians.com\/es\/wp-content\/uploads\/sites\/11\/2016\/07\/escritos-lucia-roge.jpg?fit=1200%2C630&ssl=1","datePublished":"2011-06-17T00:59:51+00:00","breadcrumb":{"@id":"https:\/\/vincentians.com\/es\/lucia-roge-ascesis-mortificacion\/#breadcrumb"},"inLanguage":"es","potentialAction":[{"@type":"ReadAction","target":["https:\/\/vincentians.com\/es\/lucia-roge-ascesis-mortificacion\/"]}]},{"@type":"ImageObject","inLanguage":"es","@id":"https:\/\/vincentians.com\/es\/lucia-roge-ascesis-mortificacion\/#primaryimage","url":"https:\/\/i0.wp.com\/vincentians.com\/es\/wp-content\/uploads\/sites\/11\/2016\/07\/escritos-lucia-roge.jpg?fit=1200%2C630&ssl=1","contentUrl":"https:\/\/i0.wp.com\/vincentians.com\/es\/wp-content\/uploads\/sites\/11\/2016\/07\/escritos-lucia-roge.jpg?fit=1200%2C630&ssl=1","width":1200,"height":630},{"@type":"BreadcrumbList","@id":"https:\/\/vincentians.com\/es\/lucia-roge-ascesis-mortificacion\/#breadcrumb","itemListElement":[{"@type":"ListItem","position":1,"name":"Portada","item":"http:\/\/vincentians.com\/es\/"},{"@type":"ListItem","position":2,"name":"Luc\u00eda Rog\u00e9: Ascesis-Mortificaci\u00f3n"}]},{"@type":"WebSite","@id":"http:\/\/vincentians.com\/es\/#website","url":"http:\/\/vincentians.com\/es\/","name":"Somos Vicencianos","description":"Know more to serve more","publisher":{"@id":"http:\/\/vincentians.com\/es\/#organization"},"potentialAction":[{"@type":"SearchAction","target":{"@type":"EntryPoint","urlTemplate":"http:\/\/vincentians.com\/es\/?s={search_term_string}"},"query-input":{"@type":"PropertyValueSpecification","valueRequired":true,"valueName":"search_term_string"}}],"inLanguage":"es"},{"@type":"Organization","@id":"http:\/\/vincentians.com\/es\/#organization","name":"The Vincentian Network","url":"http:\/\/vincentians.com\/es\/","logo":{"@type":"ImageObject","inLanguage":"es","@id":"http:\/\/vincentians.com\/es\/#\/schema\/logo\/image\/","url":"https:\/\/i1.wp.com\/vincentians.com\/es\/wp-content\/uploads\/sites\/11\/2016\/06\/Vincentian-Network-logo-big.png?fit=778%2C778","contentUrl":"https:\/\/i1.wp.com\/vincentians.com\/es\/wp-content\/uploads\/sites\/11\/2016\/06\/Vincentian-Network-logo-big.png?fit=778%2C778","width":778,"height":778,"caption":"The Vincentian Network"},"image":{"@id":"http:\/\/vincentians.com\/es\/#\/schema\/logo\/image\/"},"sameAs":["https:\/\/www.facebook.com\/WeAreVincentians\/","https:\/\/x.com\/WeVincentians"]},{"@type":"Person","@id":"http:\/\/vincentians.com\/es\/#\/schema\/person\/9623ef4d9aa3b2dfb8c061f1499288f2","name":"Francisco Javier Fern\u00e1ndez Chento","image":{"@type":"ImageObject","inLanguage":"es","@id":"http:\/\/vincentians.com\/es\/#\/schema\/person\/image\/","url":"https:\/\/secure.gravatar.com\/avatar\/497d5cde87b4c3d097d0315953521681ba2cd523ee66e5077c3711f7021e65de?s=96&d=mm&r=g","contentUrl":"https:\/\/secure.gravatar.com\/avatar\/497d5cde87b4c3d097d0315953521681ba2cd523ee66e5077c3711f7021e65de?s=96&d=mm&r=g","caption":"Francisco Javier Fern\u00e1ndez Chento"},"description":"Director General y cofundador de La Red de Formaci\u00f3n Vicenciana. Javier es laico vicenciano, afiliado a la Congregaci\u00f3n de la Misi\u00f3n y miembro del Equipo de Misiones Populares de la provincia can\u00f3nica de Zaragoza (Espa\u00f1a) de la Congregaci\u00f3n de la Misi\u00f3n. Graduado en la Universidad Oberta de Catalunya con cuatro grados (Asistente de direcci\u00f3n, Gesti\u00f3n Administrativa, Recursos Humanos y Contabilidad Avanzada). Bil\u00edng\u00fce Espa\u00f1ol\/Ingl\u00e9s. gestiona y mantiene varias p\u00e1ginas web cristianas y vicencianas, incluida including La Red de Formaci\u00f3n Vicenciana, de la que es cofundador. Actualmente es responsable del \u00e1rea de Espa\u00f1ol de .famvin, la Red de Noticias de la Familia Vicenciana. Tambi\u00e9n es m\u00fasico cat\u00f3lico y ha editado varios discos. Es Director General y cofundador de Trovador, una reconocida compa\u00f1\u00eda discogr\u00e1fica critiana de Espa\u00f1a. Trabaja en las Tecnolog\u00edas de la Informaci\u00f3n, ofreciendo servicios de alojamiento, dise\u00f1o y mantenimiento Web, as\u00ed como asesoramiento, formaci\u00f3n y soluciones inform\u00e1ticas, gesti\u00f3n documental y digitalizaci\u00f3n de textos, edici\u00f3n y maquetaci\u00f3n de libros, revistas, flyers, etc.","sameAs":["http:\/\/chento.org","https:\/\/www.facebook.com\/JavierChento","https:\/\/x.com\/https:\/\/twitter.com\/javierchento"],"url":"https:\/\/vincentians.com\/es\/author\/chento\/"}]}},"jetpack_publicize_connections":[],"jetpack_featured_media_url":"https:\/\/i0.wp.com\/vincentians.com\/es\/wp-content\/uploads\/sites\/11\/2016\/07\/escritos-lucia-roge.jpg?fit=1200%2C630&ssl=1","jetpack_sharing_enabled":true,"jetpack_shortlink":"https:\/\/wp.me\/p7ETMF-b1r","jetpack-related-posts":[{"id":39202,"url":"https:\/\/vincentians.com\/es\/lucia-roge-las-constituciones-y-la-vida\/","url_meta":{"origin":42373,"position":0},"title":"Luc\u00eda Rog\u00e9: Las constituciones y la vida","author":"Francisco Javier Fern\u00e1ndez Chento","date":"25\/09\/2020","format":false,"excerpt":"Par\u00eds, septiembre de 1984 Me gustar\u00eda meditar con ustedes la visita que hice en el mes de agosto a unas Hermanas nuestras, quienes, como toda Hija de la Cari\u00addad, enfocan su vida a la luz de las Constituciones. Entregadas a Dios para el servicio de los pobres Ah\u00ed, radica toda\u2026","rel":"","context":"En \u00abEscritos de Luc\u00eda Rog\u00e9\u00bb","block_context":{"text":"Escritos de Luc\u00eda Rog\u00e9","link":"https:\/\/vincentians.com\/es\/category\/escritos\/escritos-de-lucia-roge\/"},"img":{"alt_text":"","src":"https:\/\/i0.wp.com\/vincentians.com\/es\/wp-content\/uploads\/sites\/11\/2016\/07\/escritos-lucia-roge.jpg?fit=1200%2C630&ssl=1&resize=350%2C200","width":350,"height":200,"srcset":"https:\/\/i0.wp.com\/vincentians.com\/es\/wp-content\/uploads\/sites\/11\/2016\/07\/escritos-lucia-roge.jpg?fit=1200%2C630&ssl=1&resize=350%2C200 1x, https:\/\/i0.wp.com\/vincentians.com\/es\/wp-content\/uploads\/sites\/11\/2016\/07\/escritos-lucia-roge.jpg?fit=1200%2C630&ssl=1&resize=525%2C300 1.5x, https:\/\/i0.wp.com\/vincentians.com\/es\/wp-content\/uploads\/sites\/11\/2016\/07\/escritos-lucia-roge.jpg?fit=1200%2C630&ssl=1&resize=700%2C400 2x, https:\/\/i0.wp.com\/vincentians.com\/es\/wp-content\/uploads\/sites\/11\/2016\/07\/escritos-lucia-roge.jpg?fit=1200%2C630&ssl=1&resize=1050%2C600 3x"},"classes":[]},{"id":119152,"url":"https:\/\/vincentians.com\/es\/la-mortificacion-una-hoz-en-su-mochila-xi-522\/","url_meta":{"origin":42373,"position":1},"title":"La Mortificaci\u00f3n: una hoz en su mochila (XI, 522)","author":"Francisco Javier Fern\u00e1ndez Chento","date":"18\/03\/2015","format":false,"excerpt":"Lo que entendemos por mortificaci\u00f3n Castigo mi cuerpo y lo reduzco a servidumbre (1Cor 9, 27). 1) La palabra mortificaci\u00f3n es otra de las palabras tradicionales del len\u00adguaje espiritual, que hoy no se acepta de buen grado. El diccionario de la Real Academia, al dar el significado del t\u00e9rmino mortificaci\u00f3n,\u2026","rel":"","context":"En \u00abEspiritualidad vicenciana\u00bb","block_context":{"text":"Espiritualidad vicenciana","link":"https:\/\/vincentians.com\/es\/category\/espiritualidad\/espiritualidad-vicenciana\/"},"img":{"alt_text":"llevar-la-cruz","src":"https:\/\/i0.wp.com\/vicencianos.org\/wp-content\/2013\/04\/llevar-la-cruz-300x195.jpg?resize=350%2C200","width":350,"height":200},"classes":[]},{"id":36844,"url":"https:\/\/vincentians.com\/es\/lucia-roge-asamblea-1978\/","url_meta":{"origin":42373,"position":2},"title":"Luc\u00eda Rog\u00e9: Asamblea (1978)","author":"Francisco Javier Fern\u00e1ndez Chento","date":"02\/05\/2011","format":false,"excerpt":"Cagliari, 13 de abril de 1978 Estoy contenta, de tener esta ocasi\u00f3n de conocerlas mejor, porque cuanto m\u00e1s se conoce, m\u00e1s se ama, y cuanto m\u00e1s se ama, mejor se sirve. Estoy contenta tambi\u00e9n porque, como ustedes saben, Dios nos ha enco\u00admendado un trabajo importante que hemos de realizar juntas,\u2026","rel":"","context":"En \u00abEscritos de Luc\u00eda Rog\u00e9\u00bb","block_context":{"text":"Escritos de Luc\u00eda Rog\u00e9","link":"https:\/\/vincentians.com\/es\/category\/escritos\/escritos-de-lucia-roge\/"},"img":{"alt_text":"","src":"https:\/\/i0.wp.com\/vincentians.com\/es\/wp-content\/uploads\/sites\/11\/2016\/07\/escritos-lucia-roge.jpg?fit=1200%2C630&ssl=1&resize=350%2C200","width":350,"height":200,"srcset":"https:\/\/i0.wp.com\/vincentians.com\/es\/wp-content\/uploads\/sites\/11\/2016\/07\/escritos-lucia-roge.jpg?fit=1200%2C630&ssl=1&resize=350%2C200 1x, https:\/\/i0.wp.com\/vincentians.com\/es\/wp-content\/uploads\/sites\/11\/2016\/07\/escritos-lucia-roge.jpg?fit=1200%2C630&ssl=1&resize=525%2C300 1.5x, https:\/\/i0.wp.com\/vincentians.com\/es\/wp-content\/uploads\/sites\/11\/2016\/07\/escritos-lucia-roge.jpg?fit=1200%2C630&ssl=1&resize=700%2C400 2x, https:\/\/i0.wp.com\/vincentians.com\/es\/wp-content\/uploads\/sites\/11\/2016\/07\/escritos-lucia-roge.jpg?fit=1200%2C630&ssl=1&resize=1050%2C600 3x"},"classes":[]},{"id":119624,"url":"https:\/\/vincentians.com\/es\/mirada-de-fe-del-itinerario-espiritual-de-luisa-de-marillac\/","url_meta":{"origin":42373,"position":3},"title":"Mirada de fe del itinerario espiritual de Luisa de Marillac","author":"Francisco Javier Fern\u00e1ndez Chento","date":"12\/04\/2013","format":false,"excerpt":"Introducci\u00f3n La mirada de fe es un hecho humano fundamental que nos orienta hacia Dios y nos invita a vivir de su Esp\u00edritu. La presencia de los Santos es un recuerdo continuo de las cosas del cielo. La Iglesia nos ense\u00f1a que los santos son inseparables de la plenitud de\u2026","rel":"","context":"En \u00abEspiritualidad vicenciana\u00bb","block_context":{"text":"Espiritualidad vicenciana","link":"https:\/\/vincentians.com\/es\/category\/espiritualidad\/espiritualidad-vicenciana\/"},"img":{"alt_text":"Luisa de Marillac","src":"https:\/\/i0.wp.com\/vicencianos.org\/wp-content\/2011\/02\/luisa_marillac-181x300.jpg?resize=350%2C200","width":350,"height":200},"classes":[]},{"id":387828,"url":"https:\/\/vincentians.com\/es\/si-alguien-quiere-venir-en-pos-de-mi\/","url_meta":{"origin":42373,"position":4},"title":"Si alguien quiere venir en pos de m\u00ed\u2026","author":"Mitxel Olabu\u00e9naga","date":"23\/09\/2016","format":false,"excerpt":"La llamada de Jes\u00fas a seguirle implica muchas y radica\u00adles renuncias: negaci\u00f3n de .s\u00ed mismo, ruptura total con la ideolog\u00eda del mundo, desprendimiento efectivo de la familia, aceptaci\u00f3n ge\u00adnerosa de la cruz de cada d\u00eda. El Se\u00f1or nos invita a participar en su vida y muerte, para ser con \u00e9l\u2026","rel":"","context":"En \u00abFormaci\u00f3n Vicenciana sin categorizar\u00bb","block_context":{"text":"Formaci\u00f3n Vicenciana sin categorizar","link":"https:\/\/vincentians.com\/es\/category\/formacion-vicenciana\/formacion-vicenciana-sin-categorizar\/"},"img":{"alt_text":"asd","src":"https:\/\/i0.wp.com\/vicencianos.org\/wp-content\/uploads\/2016\/07\/asd-6-300x215.jpg?resize=350%2C200","width":350,"height":200},"classes":[]},{"id":42374,"url":"https:\/\/vincentians.com\/es\/lucia-roge-la-fidelidad\/","url_meta":{"origin":42373,"position":5},"title":"Luc\u00eda Rog\u00e9: La fidelidad","author":"Francisco Javier Fern\u00e1ndez Chento","date":"18\/06\/2011","format":false,"excerpt":"Melilla, marzo de 1976Para nosotras, Hijas de la Caridad, la fidelidad consiste en perma\u00adnecer en esa decisi\u00f3n primera de aceptaci\u00f3n del proyecto que nos dio san Vicente: \"Las Hijas de la Caridad, en fidelidad a su bautismo y en respuesta a una llamada divina, se consagran enteramente y en comu\u00adnidad\u2026","rel":"","context":"En \u00abEscritos de Luc\u00eda Rog\u00e9\u00bb","block_context":{"text":"Escritos de Luc\u00eda Rog\u00e9","link":"https:\/\/vincentians.com\/es\/category\/escritos\/escritos-de-lucia-roge\/"},"img":{"alt_text":"","src":"https:\/\/i0.wp.com\/vincentians.com\/es\/wp-content\/uploads\/sites\/11\/2016\/07\/escritos-lucia-roge.jpg?fit=1200%2C630&ssl=1&resize=350%2C200","width":350,"height":200,"srcset":"https:\/\/i0.wp.com\/vincentians.com\/es\/wp-content\/uploads\/sites\/11\/2016\/07\/escritos-lucia-roge.jpg?fit=1200%2C630&ssl=1&resize=350%2C200 1x, https:\/\/i0.wp.com\/vincentians.com\/es\/wp-content\/uploads\/sites\/11\/2016\/07\/escritos-lucia-roge.jpg?fit=1200%2C630&ssl=1&resize=525%2C300 1.5x, https:\/\/i0.wp.com\/vincentians.com\/es\/wp-content\/uploads\/sites\/11\/2016\/07\/escritos-lucia-roge.jpg?fit=1200%2C630&ssl=1&resize=700%2C400 2x, https:\/\/i0.wp.com\/vincentians.com\/es\/wp-content\/uploads\/sites\/11\/2016\/07\/escritos-lucia-roge.jpg?fit=1200%2C630&ssl=1&resize=1050%2C600 3x"},"classes":[]}],"_links":{"self":[{"href":"https:\/\/vincentians.com\/es\/wp-json\/wp\/v2\/posts\/42373","targetHints":{"allow":["GET"]}}],"collection":[{"href":"https:\/\/vincentians.com\/es\/wp-json\/wp\/v2\/posts"}],"about":[{"href":"https:\/\/vincentians.com\/es\/wp-json\/wp\/v2\/types\/post"}],"author":[{"embeddable":true,"href":"https:\/\/vincentians.com\/es\/wp-json\/wp\/v2\/users\/4"}],"replies":[{"embeddable":true,"href":"https:\/\/vincentians.com\/es\/wp-json\/wp\/v2\/comments?post=42373"}],"version-history":[{"count":0,"href":"https:\/\/vincentians.com\/es\/wp-json\/wp\/v2\/posts\/42373\/revisions"}],"wp:featuredmedia":[{"embeddable":true,"href":"https:\/\/vincentians.com\/es\/wp-json\/wp\/v2\/media\/398623"}],"wp:attachment":[{"href":"https:\/\/vincentians.com\/es\/wp-json\/wp\/v2\/media?parent=42373"}],"wp:term":[{"taxonomy":"category","embeddable":true,"href":"https:\/\/vincentians.com\/es\/wp-json\/wp\/v2\/categories?post=42373"},{"taxonomy":"post_tag","embeddable":true,"href":"https:\/\/vincentians.com\/es\/wp-json\/wp\/v2\/tags?post=42373"}],"curies":[{"name":"wp","href":"https:\/\/api.w.org\/{rel}","templated":true}]}}