{"id":42372,"date":"2021-03-12T07:59:51","date_gmt":"2021-03-12T06:59:51","guid":{"rendered":"http:\/\/somos.vicencianos.org\/blog\/2011\/06\/lucia-roge-la-humildad\/"},"modified":"2020-12-13T11:58:56","modified_gmt":"2020-12-13T10:58:56","slug":"lucia-roge-la-humildad","status":"publish","type":"post","link":"https:\/\/vincentians.com\/es\/lucia-roge-la-humildad\/","title":{"rendered":"Luc\u00eda Rog\u00e9: La humildad"},"content":{"rendered":"<p>Par\u00eds, mayo 1975<\/p>\n<p>Estoy muy contenta de saludarlas, ya que las he tenido abandona\u00addas durante todos los Ejercicios, pero ya conocen las razones por las que no me ha sido posible dedicarles m\u00e1s tiempo.<\/p>\n<p>Se han reunido los Consejos Provinciales de Francia, para, siguien\u00addo los surcos trazados por la Asamblea General, profundizar en los pun\u00adtos principales de las nuevas Constituciones.<\/p>\n<p>Estamos ahora en una segunda etapa. Ya ha terminado la de infor\u00admaci\u00f3n general. Ahora, entramos en el de la profundizaci\u00f3n de los pun\u00adtos m\u00e1s destacados o que se han se\u00f1alado a la atenci\u00f3n de las Visita\u00addoras, con un matiz especial.<\/p>\n<p>Esta reuni\u00f3n hab\u00eda tenido ya un precedente en Espa\u00f1a, donde tuve la alegr\u00eda de poder ir a finales del a\u00f1o pasado, lo mismo que el P. Jamet, y cuyos consejos Provinciales se reunieron en la Provincia de Gij\u00f3n. En Italia, durante esos mismos d\u00edas, se ha celebrado una reuni\u00f3n de Visita\u00addoras y Directores.<\/p>\n<p>Vean este gran movimiento de convergencia en la Compa\u00f1\u00eda, que trata de profundizar en lo que el Se\u00f1or le pide. Nuestro Superior Gene\u00adral ha participado en dos de estas reuniones, la de Francia y la de Italia.<\/p>\n<p>A prop\u00f3sito de las Constituciones, temo que esta palabra se inter\u00adprete en el sentido que se le daba en tiempos pasados.<\/p>\n<p>Ustedes saben que, para 1968, las Constituciones eran, en cierta manera, la parte jur\u00eddica de la vida de la Compa\u00f1\u00eda y que, junto a ellas, ten\u00edamos las santas Reglas. Cuando ahora, hablamos de \u00abConstitucio\u00adnes\u00bb queremos expresar las Reglas actuales. Contienen tambi\u00e9n una parte jur\u00eddica, pero las Constituciones de 1975 son las Reglas. El supe\u00adrior General insiste mucho en ella, en la carta, que ver\u00e1n al principio de esta segunda edici\u00f3n.<\/p>\n<p>\u00abTienen el valor de normas obligatorias, constituyen nuestro c\u00f3digo de vida\u00bb.<\/p>\n<p>Las Constituciones, hasta 1968, se le\u00edan para recordar, por ejemplo, c\u00f3mo se eleg\u00eda la Madre General, c\u00f3mo se constitu\u00eda una Provincia, etc. Se le\u00edan s\u00f3lo dos veces al a\u00f1o, el 15 de marzo y el 27 de septiembre.<\/p>\n<p>Mientras que las Reglas, se le\u00edan todos los meses, eran el alimento de nuestra vida y de nuestro pensamiento. Ahora, las actuales Constitucio\u00adnes ocupan el lugar de las santas Reglas.<\/p>\n<div>\n<p>Estas nuevas Constituciones, que la comisi\u00f3n internacional acaba de terminar, ser\u00e1n para nosotras lo obligatorio en conciencia, si quere\u00admos vivir como verdaderas Hijas de la Caridad. Creo que, en la Asam\u00adblea de 1980, habr\u00e1 que hacer muy pocas modificaciones. Tenemos un texto s\u00f3lido, din\u00e1mico, puntualizado con citas de san Vicente y de las Reglas antiguas, que debe alimentar nuestra meditaci\u00f3n siempre y de forma particular en estos primeros tiempos en que acabamos de recibirlas.<\/p>\n<p>En esta nueva edici\u00f3n, encontrar\u00e1n reafirmado un punto de nuestro esp\u00edritu sobre el que breve, pero intensamente, quiero llamar su atenci\u00f3n hoy. Son las tres virtudes evang\u00e9licas de humildad, sencillez y caridad. Me gustar\u00eda insistir sobre la humildad, haciendo alusi\u00f3n a la conferencia que pronunci\u00f3 san Vicente el 9 de febrero de 1653, hace casi 322 a\u00f1os, d\u00eda por d\u00eda.<\/p>\n<p>En efecto, en esta Conferencia, san Vicente responde a una pseu\u00addoprotesta de las Hermanas, a prop\u00f3sito de esas virtudes. Imita el inte\u00adrrogante que podr\u00eda plantear una Hermana: \u00ab\u00bfNo tienen que ser tam\u00adbi\u00e9n los cristianos humildes, sencillos y caritativos?\u00bb A lo que san Vicente responde: \u00abLas Hijas de la Caridad est\u00e1n obligadas a ello de una manera especial\u00bb.<span id='easy-footnote-1-42372' class='easy-footnote-margin-adjust'><\/span><span class='easy-footnote'><a href='https:\/\/vincentians.com\/es\/lucia-roge-la-humildad\/#easy-footnote-bottom-1-42372' title='IX, 537.'><sup>1<\/sup><\/a><\/span> Y continuando ese di\u00e1logo imaginario, a\u00f1ade: \u00abEstamos obligados a practicar todas las virtudes no solamente la humildad, la sencillez y la caridad, pero estas tres de una manera especial\u00bb.<span id='easy-footnote-2-42372' class='easy-footnote-margin-adjust'><\/span><span class='easy-footnote'><a href='https:\/\/vincentians.com\/es\/lucia-roge-la-humildad\/#easy-footnote-bottom-2-42372' title='Ib\u00eddem.'><sup>2<\/sup><\/a><\/span>\n<p>Para esto, da dos medios:<\/p>\n<ul>\n<li>La oraci\u00f3n: Hay que pedir la gracia de ser humilde.<\/li>\n<li>La revisi\u00f3n de vida. Seg\u00fan san Vicente, debe ser casi continua. Cuando hagamos algo, pregunt\u00e9monos: \u00ab\u00bfHago esta acci\u00f3n con bas\u00adtante humildad y sencillez?\u00bb. En la revisi\u00f3n de la noche, en el examen de conciencia, pregunt\u00e9monos: \u00abSe\u00f1or, \u00bfhe imitado hoy bastante vuestra actitud permanente de humildad desde la Encarnaci\u00f3n?\u00bb.<\/li>\n<\/ul>\n<p>En la pr\u00e1ctica de la humildad, querr\u00eda insistir, y hacerlo con fuerza, sobre un punto particular: el de la humildad en la vida fraterna y com\u00fan.<\/p>\n<p>La vida fraterna y com\u00fan, como ha proclamado de nuevo la \u00faltima Asamblea, y que la \u00faltima edici\u00f3n de las Constituciones destaca, es base fundamental de cada c\u00e9lula de la Compa\u00f1\u00eda, representada por cada comunidad local.<\/p>\n<\/div>\n<div>\n<p>Para ser Hija de la Caridad, entre otras obligaciones, hay que vivir en \u00abcomunidad fraterna\u00bb. Las excepciones son por tiempo limitado, estando justificadas por motivos de caridad o de servicio apost\u00f3lico, pero son siempre transitorias. A partir de la \u00faltima Asamblea, ya no se aceptan razones personales para vivir fuera de una comunidad. Ya no se aceptan, ni siquiera las razones de orden psicol\u00f3gico, debido a que se ha proclamado que, para ser Hija de la Caridad, es necesario vivir en comunidad de vida fraterna.<\/p>\n<p>Sin humildad, en efecto, la vida fraterna no puede realmente existir. Pero all\u00ed, donde cada Hermana se esfuerza por vivir la humildad esa pobreza interior profunda, la vida fraterna existe, resiste e irradia.<\/p>\n<p>Existen hoy d\u00eda, entre nosotras, numerosas fuentes de diferencias que pueden fomentar las tensiones:<\/p>\n<ul>\n<li>diferencias entre generaciones,<\/li>\n<li>diferentes experiencias apost\u00f3licas,<\/li>\n<li>incluso, diferencia de lenguaje, por la que las palabras ya no encierran una misma realidad.<\/li>\n<\/ul>\n<p>Ni siquiera en materia de evangelizaci\u00f3n, porque ya no tenemos la misma visi\u00f3n, no vemos igual las cosas, las unas y las otras. Porque no enfocamos lo mismo el mundo que nos rodea, ni el trabajo que tratamos de hacer, ni la manera de hacerlo, ni la Compa\u00f1\u00eda, cuyas \u00faltimas Asam\u00adbleas modificaron un poco la forma de vivir, ni la Iglesia, en donde el Concilio suscit\u00f3 las naturales efervescencias que, a veces, nos deso\u00adrientan.<\/p>\n<p>Pero no importa si cada una dice que su visi\u00f3n tiene limitaciones, y que hay muchas razones para que su punto de vista no sea exacta\u00admente el mismo de su Hermana. Lo verdaderamente importante para una y para otra, es encontrarse en la manera vicenciana de presentar a Cristo al mundo.<\/p>\n<p>Esas diferencias de enfoque de la misi\u00f3n, proviene de nuestros tem\u00adperamentos, de nuestra edad, de nuestra mentalidad. Pero lo que nos une, es esa espiritualidad, espec\u00edficamente vicenciana, de la contem\u00adplaci\u00f3n de Cristo en el pobre, y la seguridad de que, sirviendo al pobre, servimos a Cristo.<\/p>\n<p>Es la puesta en pr\u00e1ctica del \u00abtotalmente entregada a Dios para el servicio de los pobres\u00bb.<\/p>\n<\/div>\n<ul>\n<li>Lo que nos une es, por consiguiente, una misma apertura para la misi\u00f3n con los pobres, en esp\u00edritu de humilde servicio.<\/li>\n<li>Lo que nos une lo encontraremos en la conferencia del 9 de febre\u00adro de 1653, y es el mismo san Vicente quien habla: \u00abEs ese esp\u00edritu que consiste en el amor a nuestro Se\u00f1or, el amor a los pobres, vuestro amor mutuo, la humildad y la sencillez\u00bb.<span id='easy-footnote-3-42372' class='easy-footnote-margin-adjust'><\/span><span class='easy-footnote'><a href='https:\/\/vincentians.com\/es\/lucia-roge-la-humildad\/#easy-footnote-bottom-3-42372' title='IX, 537.'><sup>3<\/sup><\/a><\/span> Esto es lo que nos une.<\/li>\n<\/ul>\n<div>\n<p>Esa humildad ser\u00e1 garant\u00eda de nuestra vida fraterna, es la toma de conciencia de nuestra pobreza personal. Ser\u00e1, pues, la que sostendr\u00e1 nuestras actitudes de reconciliaci\u00f3n todos los d\u00edas. Nada m\u00e1s evang\u00e9li\u00adco que la sugerencia de san Vicente en las primeras Reglas: \u00abno dej\u00e9is que el sol se oculte teniendo entre vosotras un malentendido, una frial\u00addad o con m\u00e1s raz\u00f3n una resistencia\u00bb.<span id='easy-footnote-4-42372' class='easy-footnote-margin-adjust'><\/span><span class='easy-footnote'><a href='https:\/\/vincentians.com\/es\/lucia-roge-la-humildad\/#easy-footnote-bottom-4-42372' title='Cfr. IX, 128,218.'><sup>4<\/sup><\/a><\/span> En efecto, al ir a la celebraci\u00f3n eucar\u00edstica, al d\u00eda siguiente, nos acordemos de la recomendaci\u00f3n del evangelio: \u00abSi te acuerdas que tu hermano tiene algo contra ti, etc. &#8230;\u00bb<\/p>\n<p>Una vez m\u00e1s, como en tantas otras b\u00fasquedas que para estar m\u00e1s dentro de nuestra vocaci\u00f3n, una vez m\u00e1s, pobres. Su sensibilidad per\u00adsonal es muy diferente de la nuestra, de lo que se nos resiste. Los pobres buscan lo esencial para vivir, buscan una mayor justicia, m\u00e1s respeto y m\u00e1s libertad. \u00bfCu\u00e1les son nuestras reivindicaciones al lado de las de los pobres? Todo, como toda nuestra persona, se lo hemos entre\u00adgado libremente al Se\u00f1or para que \u00e9l disponga de ello como quiera.<\/p>\n<p>Para una Hija de la Caridad, el servicio de los pobres no puede separarse del amor a Dios y del amor a sus Hermanas, pero el amor mutuo de las Hermanas supone la pr\u00e1ctica cotidiana del perd\u00f3n, la pr\u00e1ctica constante de la humildad.<\/p>\n<p>Si no nos decidimos a practicar la humildad, veremos deteriorarse nuestra vida comunitaria. Ahora bien, sabemos perfectamente que lo que nos bloquea espiritualmente son nuestras resistencias a la gracia, que nos hacen alejarnos unas de otras.<\/p>\n<p>Debemos unirnos dirigiendo nuestra mirada en una \u00fanica y misma direcci\u00f3n. Se trata, como lo pide san Vicente, de contemplar a Cristo que nos ha dicho: \u00abAprended de m\u00ed, que soy manso y humilde de coraz\u00f3n\u00bb.<span id='easy-footnote-5-42372' class='easy-footnote-margin-adjust'><\/span><span class='easy-footnote'><a href='https:\/\/vincentians.com\/es\/lucia-roge-la-humildad\/#easy-footnote-bottom-5-42372' title='Mt 11, 29.'><sup>5<\/sup><\/a><\/span>\n<p>Si centramos nuestros esfuerzos en la humildad, ella nos llevar\u00e1 a perdonarnos mutuamente. La humildad en la caridad crea ese clima de amistad que, aunque no resuelve todos los problemas, permite al menos que todas se expresen con confianza, se conozcan y se comprendan para acabar por amarse.<\/p>\n<p>Plante\u00e9monos la cuesti\u00f3n: el criterio de la caridad fraterna, entre nosotras, \u00bfno radicar\u00e1 un poco en la manera de aceptar humildemente nuestras diferencias en comunidad? El esp\u00edritu de riqueza es el que nos hace sentirnos seguras de nosotras mismas, de que tenemos raz\u00f3n. De que estamos en lo cierto, cuando, en realidad, nuestra \u00fanica seguridad, la \u00fanica que estamos ciertas que no ha de fallarnos, es Dios, su amor y su gracia.<\/p>\n<\/div>\n<div>\n<p>Si realmente hici\u00e9ramos ese esfuerzo de humildad, abandonando nuestras obstinaciones, abandonando nuestras suficiencias, los pobres percibir\u00edan un reflejo de la bondad y de la ternura de quien nos ha enviado hacia ellos.<\/p>\n<p>Y, para terminar, querr\u00eda citar otra vez a san Vicente. Nos dice: \u00abEl amor efectivo no est\u00e1 completo sin el amor afectivo\u00bb, que es \u00abla ternura en el amor\u00bb.<span id='easy-footnote-6-42372' class='easy-footnote-margin-adjust'><\/span><span class='easy-footnote'><a href='https:\/\/vincentians.com\/es\/lucia-roge-la-humildad\/#easy-footnote-bottom-6-42372' title='IX,\u00a0 534.'><sup>6<\/sup><\/a><\/span>\n<p>Ese fruto, esa ternura en el amor, no puede venir nada m\u00e1s que de la humildad de quien sabe que no posee gran cosa, que no es gran cosa, pero que todo se lo ha entregado al Se\u00f1or para que de todo dis\u00adponga como quiera.<\/p>\n<\/div>\n","protected":false},"excerpt":{"rendered":"<p>Par\u00eds, mayo 1975 Estoy muy contenta de saludarlas, ya que las he tenido abandona\u00addas durante todos los Ejercicios, pero ya conocen las razones por las que no me ha sido posible dedicarles m\u00e1s tiempo. Se &#8230; <a href=\"https:\/\/vincentians.com\/es\/lucia-roge-la-humildad\/\" class=\"more-link\">Read More<\/a><\/p>\n","protected":false},"author":4,"featured_media":398623,"comment_status":"open","ping_status":"open","sticky":false,"template":"","format":"standard","meta":{"jetpack_post_was_ever_published":false,"_jetpack_newsletter_access":"","_jetpack_dont_email_post_to_subs":false,"_jetpack_newsletter_tier_id":0,"_jetpack_memberships_contains_paywalled_content":false,"_jetpack_memberships_contains_paid_content":false,"footnotes":"","jetpack_publicize_message":"","jetpack_publicize_feature_enabled":true,"jetpack_social_post_already_shared":true,"jetpack_social_options":{"image_generator_settings":{"template":"highway","default_image_id":0,"font":"","enabled":false},"version":2}},"categories":[276],"tags":[],"class_list":["post-42372","post","type-post","status-publish","format-standard","has-post-thumbnail","hentry","category-escritos-de-lucia-roge"],"yoast_head":"<!-- This site is optimized with the Yoast SEO plugin v26.3 - https:\/\/yoast.com\/wordpress\/plugins\/seo\/ -->\n<title>Luc\u00eda Rog\u00e9: La humildad - Somos Vicencianos<\/title>\n<meta name=\"robots\" content=\"index, follow, max-snippet:-1, max-image-preview:large, max-video-preview:-1\" \/>\n<link rel=\"canonical\" href=\"https:\/\/vincentians.com\/es\/lucia-roge-la-humildad\/\" \/>\n<meta property=\"og:locale\" content=\"es_ES\" \/>\n<meta property=\"og:type\" content=\"article\" \/>\n<meta property=\"og:title\" content=\"Luc\u00eda Rog\u00e9: La humildad - Somos Vicencianos\" \/>\n<meta property=\"og:description\" content=\"Par\u00eds, mayo 1975 Estoy muy contenta de saludarlas, ya que las he tenido abandona\u00addas durante todos los Ejercicios, pero ya conocen las razones por las que no me ha sido posible dedicarles m\u00e1s tiempo. Se ... Read More\" \/>\n<meta property=\"og:url\" content=\"https:\/\/vincentians.com\/es\/lucia-roge-la-humildad\/\" \/>\n<meta property=\"og:site_name\" content=\"Somos Vicencianos\" \/>\n<meta property=\"article:publisher\" content=\"https:\/\/www.facebook.com\/WeAreVincentians\/\" \/>\n<meta property=\"article:author\" content=\"https:\/\/www.facebook.com\/JavierChento\" \/>\n<meta property=\"article:published_time\" content=\"2021-03-12T06:59:51+00:00\" \/>\n<meta property=\"og:image\" content=\"https:\/\/i0.wp.com\/vincentians.com\/es\/wp-content\/uploads\/sites\/11\/2016\/07\/escritos-lucia-roge.jpg?fit=1200%2C630&ssl=1\" \/>\n\t<meta property=\"og:image:width\" content=\"1200\" \/>\n\t<meta property=\"og:image:height\" content=\"630\" \/>\n\t<meta property=\"og:image:type\" content=\"image\/jpeg\" \/>\n<meta name=\"author\" content=\"Francisco Javier Fern\u00e1ndez Chento\" \/>\n<meta name=\"twitter:card\" content=\"summary_large_image\" \/>\n<meta name=\"twitter:creator\" content=\"@https:\/\/twitter.com\/javierchento\" \/>\n<meta name=\"twitter:site\" content=\"@WeVincentians\" \/>\n<meta name=\"twitter:label1\" content=\"Escrito por\" \/>\n\t<meta name=\"twitter:data1\" content=\"Francisco Javier Fern\u00e1ndez Chento\" \/>\n\t<meta name=\"twitter:label2\" content=\"Tiempo de lectura\" \/>\n\t<meta name=\"twitter:data2\" content=\"9 minutos\" \/>\n<script type=\"application\/ld+json\" class=\"yoast-schema-graph\">{\"@context\":\"https:\/\/schema.org\",\"@graph\":[{\"@type\":\"Article\",\"@id\":\"https:\/\/vincentians.com\/es\/lucia-roge-la-humildad\/#article\",\"isPartOf\":{\"@id\":\"https:\/\/vincentians.com\/es\/lucia-roge-la-humildad\/\"},\"author\":{\"name\":\"Francisco Javier Fern\u00e1ndez Chento\",\"@id\":\"http:\/\/vincentians.com\/es\/#\/schema\/person\/9623ef4d9aa3b2dfb8c061f1499288f2\"},\"headline\":\"Luc\u00eda Rog\u00e9: La humildad\",\"datePublished\":\"2021-03-12T06:59:51+00:00\",\"mainEntityOfPage\":{\"@id\":\"https:\/\/vincentians.com\/es\/lucia-roge-la-humildad\/\"},\"wordCount\":1798,\"commentCount\":0,\"publisher\":{\"@id\":\"http:\/\/vincentians.com\/es\/#organization\"},\"image\":{\"@id\":\"https:\/\/vincentians.com\/es\/lucia-roge-la-humildad\/#primaryimage\"},\"thumbnailUrl\":\"https:\/\/i0.wp.com\/vincentians.com\/es\/wp-content\/uploads\/sites\/11\/2016\/07\/escritos-lucia-roge.jpg?fit=1200%2C630&ssl=1\",\"articleSection\":[\"Escritos de Luc\u00eda Rog\u00e9\"],\"inLanguage\":\"es\",\"potentialAction\":[{\"@type\":\"CommentAction\",\"name\":\"Comment\",\"target\":[\"https:\/\/vincentians.com\/es\/lucia-roge-la-humildad\/#respond\"]}]},{\"@type\":\"WebPage\",\"@id\":\"https:\/\/vincentians.com\/es\/lucia-roge-la-humildad\/\",\"url\":\"https:\/\/vincentians.com\/es\/lucia-roge-la-humildad\/\",\"name\":\"Luc\u00eda Rog\u00e9: La humildad - Somos Vicencianos\",\"isPartOf\":{\"@id\":\"http:\/\/vincentians.com\/es\/#website\"},\"primaryImageOfPage\":{\"@id\":\"https:\/\/vincentians.com\/es\/lucia-roge-la-humildad\/#primaryimage\"},\"image\":{\"@id\":\"https:\/\/vincentians.com\/es\/lucia-roge-la-humildad\/#primaryimage\"},\"thumbnailUrl\":\"https:\/\/i0.wp.com\/vincentians.com\/es\/wp-content\/uploads\/sites\/11\/2016\/07\/escritos-lucia-roge.jpg?fit=1200%2C630&ssl=1\",\"datePublished\":\"2021-03-12T06:59:51+00:00\",\"breadcrumb\":{\"@id\":\"https:\/\/vincentians.com\/es\/lucia-roge-la-humildad\/#breadcrumb\"},\"inLanguage\":\"es\",\"potentialAction\":[{\"@type\":\"ReadAction\",\"target\":[\"https:\/\/vincentians.com\/es\/lucia-roge-la-humildad\/\"]}]},{\"@type\":\"ImageObject\",\"inLanguage\":\"es\",\"@id\":\"https:\/\/vincentians.com\/es\/lucia-roge-la-humildad\/#primaryimage\",\"url\":\"https:\/\/i0.wp.com\/vincentians.com\/es\/wp-content\/uploads\/sites\/11\/2016\/07\/escritos-lucia-roge.jpg?fit=1200%2C630&ssl=1\",\"contentUrl\":\"https:\/\/i0.wp.com\/vincentians.com\/es\/wp-content\/uploads\/sites\/11\/2016\/07\/escritos-lucia-roge.jpg?fit=1200%2C630&ssl=1\",\"width\":1200,\"height\":630},{\"@type\":\"BreadcrumbList\",\"@id\":\"https:\/\/vincentians.com\/es\/lucia-roge-la-humildad\/#breadcrumb\",\"itemListElement\":[{\"@type\":\"ListItem\",\"position\":1,\"name\":\"Portada\",\"item\":\"http:\/\/vincentians.com\/es\/\"},{\"@type\":\"ListItem\",\"position\":2,\"name\":\"Luc\u00eda Rog\u00e9: La humildad\"}]},{\"@type\":\"WebSite\",\"@id\":\"http:\/\/vincentians.com\/es\/#website\",\"url\":\"http:\/\/vincentians.com\/es\/\",\"name\":\"Somos Vicencianos\",\"description\":\"Know more to serve more\",\"publisher\":{\"@id\":\"http:\/\/vincentians.com\/es\/#organization\"},\"potentialAction\":[{\"@type\":\"SearchAction\",\"target\":{\"@type\":\"EntryPoint\",\"urlTemplate\":\"http:\/\/vincentians.com\/es\/?s={search_term_string}\"},\"query-input\":{\"@type\":\"PropertyValueSpecification\",\"valueRequired\":true,\"valueName\":\"search_term_string\"}}],\"inLanguage\":\"es\"},{\"@type\":\"Organization\",\"@id\":\"http:\/\/vincentians.com\/es\/#organization\",\"name\":\"The Vincentian Network\",\"url\":\"http:\/\/vincentians.com\/es\/\",\"logo\":{\"@type\":\"ImageObject\",\"inLanguage\":\"es\",\"@id\":\"http:\/\/vincentians.com\/es\/#\/schema\/logo\/image\/\",\"url\":\"https:\/\/i1.wp.com\/vincentians.com\/es\/wp-content\/uploads\/sites\/11\/2016\/06\/Vincentian-Network-logo-big.png?fit=778%2C778\",\"contentUrl\":\"https:\/\/i1.wp.com\/vincentians.com\/es\/wp-content\/uploads\/sites\/11\/2016\/06\/Vincentian-Network-logo-big.png?fit=778%2C778\",\"width\":778,\"height\":778,\"caption\":\"The Vincentian Network\"},\"image\":{\"@id\":\"http:\/\/vincentians.com\/es\/#\/schema\/logo\/image\/\"},\"sameAs\":[\"https:\/\/www.facebook.com\/WeAreVincentians\/\",\"https:\/\/x.com\/WeVincentians\"]},{\"@type\":\"Person\",\"@id\":\"http:\/\/vincentians.com\/es\/#\/schema\/person\/9623ef4d9aa3b2dfb8c061f1499288f2\",\"name\":\"Francisco Javier Fern\u00e1ndez Chento\",\"image\":{\"@type\":\"ImageObject\",\"inLanguage\":\"es\",\"@id\":\"http:\/\/vincentians.com\/es\/#\/schema\/person\/image\/\",\"url\":\"https:\/\/secure.gravatar.com\/avatar\/497d5cde87b4c3d097d0315953521681ba2cd523ee66e5077c3711f7021e65de?s=96&d=mm&r=g\",\"contentUrl\":\"https:\/\/secure.gravatar.com\/avatar\/497d5cde87b4c3d097d0315953521681ba2cd523ee66e5077c3711f7021e65de?s=96&d=mm&r=g\",\"caption\":\"Francisco Javier Fern\u00e1ndez Chento\"},\"description\":\"Director General y cofundador de La Red de Formaci\u00f3n Vicenciana. Javier es laico vicenciano, afiliado a la Congregaci\u00f3n de la Misi\u00f3n y miembro del Equipo de Misiones Populares de la provincia can\u00f3nica de Zaragoza (Espa\u00f1a) de la Congregaci\u00f3n de la Misi\u00f3n. Graduado en la Universidad Oberta de Catalunya con cuatro grados (Asistente de direcci\u00f3n, Gesti\u00f3n Administrativa, Recursos Humanos y Contabilidad Avanzada). Bil\u00edng\u00fce Espa\u00f1ol\/Ingl\u00e9s. gestiona y mantiene varias p\u00e1ginas web cristianas y vicencianas, incluida including La Red de Formaci\u00f3n Vicenciana, de la que es cofundador. Actualmente es responsable del \u00e1rea de Espa\u00f1ol de .famvin, la Red de Noticias de la Familia Vicenciana. Tambi\u00e9n es m\u00fasico cat\u00f3lico y ha editado varios discos. Es Director General y cofundador de Trovador, una reconocida compa\u00f1\u00eda discogr\u00e1fica critiana de Espa\u00f1a. Trabaja en las Tecnolog\u00edas de la Informaci\u00f3n, ofreciendo servicios de alojamiento, dise\u00f1o y mantenimiento Web, as\u00ed como asesoramiento, formaci\u00f3n y soluciones inform\u00e1ticas, gesti\u00f3n documental y digitalizaci\u00f3n de textos, edici\u00f3n y maquetaci\u00f3n de libros, revistas, flyers, etc.\",\"sameAs\":[\"http:\/\/chento.org\",\"https:\/\/www.facebook.com\/JavierChento\",\"https:\/\/x.com\/https:\/\/twitter.com\/javierchento\"],\"url\":\"https:\/\/vincentians.com\/es\/author\/chento\/\"}]}<\/script>\n<!-- \/ Yoast SEO plugin. -->","yoast_head_json":{"title":"Luc\u00eda Rog\u00e9: La humildad - Somos Vicencianos","robots":{"index":"index","follow":"follow","max-snippet":"max-snippet:-1","max-image-preview":"max-image-preview:large","max-video-preview":"max-video-preview:-1"},"canonical":"https:\/\/vincentians.com\/es\/lucia-roge-la-humildad\/","og_locale":"es_ES","og_type":"article","og_title":"Luc\u00eda Rog\u00e9: La humildad - Somos Vicencianos","og_description":"Par\u00eds, mayo 1975 Estoy muy contenta de saludarlas, ya que las he tenido abandona\u00addas durante todos los Ejercicios, pero ya conocen las razones por las que no me ha sido posible dedicarles m\u00e1s tiempo. Se ... Read More","og_url":"https:\/\/vincentians.com\/es\/lucia-roge-la-humildad\/","og_site_name":"Somos Vicencianos","article_publisher":"https:\/\/www.facebook.com\/WeAreVincentians\/","article_author":"https:\/\/www.facebook.com\/JavierChento","article_published_time":"2021-03-12T06:59:51+00:00","og_image":[{"width":1200,"height":630,"url":"https:\/\/i0.wp.com\/vincentians.com\/es\/wp-content\/uploads\/sites\/11\/2016\/07\/escritos-lucia-roge.jpg?fit=1200%2C630&ssl=1","type":"image\/jpeg"}],"author":"Francisco Javier Fern\u00e1ndez Chento","twitter_card":"summary_large_image","twitter_creator":"@https:\/\/twitter.com\/javierchento","twitter_site":"@WeVincentians","twitter_misc":{"Escrito por":"Francisco Javier Fern\u00e1ndez Chento","Tiempo de lectura":"9 minutos"},"schema":{"@context":"https:\/\/schema.org","@graph":[{"@type":"Article","@id":"https:\/\/vincentians.com\/es\/lucia-roge-la-humildad\/#article","isPartOf":{"@id":"https:\/\/vincentians.com\/es\/lucia-roge-la-humildad\/"},"author":{"name":"Francisco Javier Fern\u00e1ndez Chento","@id":"http:\/\/vincentians.com\/es\/#\/schema\/person\/9623ef4d9aa3b2dfb8c061f1499288f2"},"headline":"Luc\u00eda Rog\u00e9: La humildad","datePublished":"2021-03-12T06:59:51+00:00","mainEntityOfPage":{"@id":"https:\/\/vincentians.com\/es\/lucia-roge-la-humildad\/"},"wordCount":1798,"commentCount":0,"publisher":{"@id":"http:\/\/vincentians.com\/es\/#organization"},"image":{"@id":"https:\/\/vincentians.com\/es\/lucia-roge-la-humildad\/#primaryimage"},"thumbnailUrl":"https:\/\/i0.wp.com\/vincentians.com\/es\/wp-content\/uploads\/sites\/11\/2016\/07\/escritos-lucia-roge.jpg?fit=1200%2C630&ssl=1","articleSection":["Escritos de Luc\u00eda Rog\u00e9"],"inLanguage":"es","potentialAction":[{"@type":"CommentAction","name":"Comment","target":["https:\/\/vincentians.com\/es\/lucia-roge-la-humildad\/#respond"]}]},{"@type":"WebPage","@id":"https:\/\/vincentians.com\/es\/lucia-roge-la-humildad\/","url":"https:\/\/vincentians.com\/es\/lucia-roge-la-humildad\/","name":"Luc\u00eda Rog\u00e9: La humildad - Somos Vicencianos","isPartOf":{"@id":"http:\/\/vincentians.com\/es\/#website"},"primaryImageOfPage":{"@id":"https:\/\/vincentians.com\/es\/lucia-roge-la-humildad\/#primaryimage"},"image":{"@id":"https:\/\/vincentians.com\/es\/lucia-roge-la-humildad\/#primaryimage"},"thumbnailUrl":"https:\/\/i0.wp.com\/vincentians.com\/es\/wp-content\/uploads\/sites\/11\/2016\/07\/escritos-lucia-roge.jpg?fit=1200%2C630&ssl=1","datePublished":"2021-03-12T06:59:51+00:00","breadcrumb":{"@id":"https:\/\/vincentians.com\/es\/lucia-roge-la-humildad\/#breadcrumb"},"inLanguage":"es","potentialAction":[{"@type":"ReadAction","target":["https:\/\/vincentians.com\/es\/lucia-roge-la-humildad\/"]}]},{"@type":"ImageObject","inLanguage":"es","@id":"https:\/\/vincentians.com\/es\/lucia-roge-la-humildad\/#primaryimage","url":"https:\/\/i0.wp.com\/vincentians.com\/es\/wp-content\/uploads\/sites\/11\/2016\/07\/escritos-lucia-roge.jpg?fit=1200%2C630&ssl=1","contentUrl":"https:\/\/i0.wp.com\/vincentians.com\/es\/wp-content\/uploads\/sites\/11\/2016\/07\/escritos-lucia-roge.jpg?fit=1200%2C630&ssl=1","width":1200,"height":630},{"@type":"BreadcrumbList","@id":"https:\/\/vincentians.com\/es\/lucia-roge-la-humildad\/#breadcrumb","itemListElement":[{"@type":"ListItem","position":1,"name":"Portada","item":"http:\/\/vincentians.com\/es\/"},{"@type":"ListItem","position":2,"name":"Luc\u00eda Rog\u00e9: La humildad"}]},{"@type":"WebSite","@id":"http:\/\/vincentians.com\/es\/#website","url":"http:\/\/vincentians.com\/es\/","name":"Somos Vicencianos","description":"Know more to serve more","publisher":{"@id":"http:\/\/vincentians.com\/es\/#organization"},"potentialAction":[{"@type":"SearchAction","target":{"@type":"EntryPoint","urlTemplate":"http:\/\/vincentians.com\/es\/?s={search_term_string}"},"query-input":{"@type":"PropertyValueSpecification","valueRequired":true,"valueName":"search_term_string"}}],"inLanguage":"es"},{"@type":"Organization","@id":"http:\/\/vincentians.com\/es\/#organization","name":"The Vincentian Network","url":"http:\/\/vincentians.com\/es\/","logo":{"@type":"ImageObject","inLanguage":"es","@id":"http:\/\/vincentians.com\/es\/#\/schema\/logo\/image\/","url":"https:\/\/i1.wp.com\/vincentians.com\/es\/wp-content\/uploads\/sites\/11\/2016\/06\/Vincentian-Network-logo-big.png?fit=778%2C778","contentUrl":"https:\/\/i1.wp.com\/vincentians.com\/es\/wp-content\/uploads\/sites\/11\/2016\/06\/Vincentian-Network-logo-big.png?fit=778%2C778","width":778,"height":778,"caption":"The Vincentian Network"},"image":{"@id":"http:\/\/vincentians.com\/es\/#\/schema\/logo\/image\/"},"sameAs":["https:\/\/www.facebook.com\/WeAreVincentians\/","https:\/\/x.com\/WeVincentians"]},{"@type":"Person","@id":"http:\/\/vincentians.com\/es\/#\/schema\/person\/9623ef4d9aa3b2dfb8c061f1499288f2","name":"Francisco Javier Fern\u00e1ndez Chento","image":{"@type":"ImageObject","inLanguage":"es","@id":"http:\/\/vincentians.com\/es\/#\/schema\/person\/image\/","url":"https:\/\/secure.gravatar.com\/avatar\/497d5cde87b4c3d097d0315953521681ba2cd523ee66e5077c3711f7021e65de?s=96&d=mm&r=g","contentUrl":"https:\/\/secure.gravatar.com\/avatar\/497d5cde87b4c3d097d0315953521681ba2cd523ee66e5077c3711f7021e65de?s=96&d=mm&r=g","caption":"Francisco Javier Fern\u00e1ndez Chento"},"description":"Director General y cofundador de La Red de Formaci\u00f3n Vicenciana. Javier es laico vicenciano, afiliado a la Congregaci\u00f3n de la Misi\u00f3n y miembro del Equipo de Misiones Populares de la provincia can\u00f3nica de Zaragoza (Espa\u00f1a) de la Congregaci\u00f3n de la Misi\u00f3n. Graduado en la Universidad Oberta de Catalunya con cuatro grados (Asistente de direcci\u00f3n, Gesti\u00f3n Administrativa, Recursos Humanos y Contabilidad Avanzada). Bil\u00edng\u00fce Espa\u00f1ol\/Ingl\u00e9s. gestiona y mantiene varias p\u00e1ginas web cristianas y vicencianas, incluida including La Red de Formaci\u00f3n Vicenciana, de la que es cofundador. Actualmente es responsable del \u00e1rea de Espa\u00f1ol de .famvin, la Red de Noticias de la Familia Vicenciana. Tambi\u00e9n es m\u00fasico cat\u00f3lico y ha editado varios discos. Es Director General y cofundador de Trovador, una reconocida compa\u00f1\u00eda discogr\u00e1fica critiana de Espa\u00f1a. Trabaja en las Tecnolog\u00edas de la Informaci\u00f3n, ofreciendo servicios de alojamiento, dise\u00f1o y mantenimiento Web, as\u00ed como asesoramiento, formaci\u00f3n y soluciones inform\u00e1ticas, gesti\u00f3n documental y digitalizaci\u00f3n de textos, edici\u00f3n y maquetaci\u00f3n de libros, revistas, flyers, etc.","sameAs":["http:\/\/chento.org","https:\/\/www.facebook.com\/JavierChento","https:\/\/x.com\/https:\/\/twitter.com\/javierchento"],"url":"https:\/\/vincentians.com\/es\/author\/chento\/"}]}},"jetpack_publicize_connections":[],"jetpack_featured_media_url":"https:\/\/i0.wp.com\/vincentians.com\/es\/wp-content\/uploads\/sites\/11\/2016\/07\/escritos-lucia-roge.jpg?fit=1200%2C630&ssl=1","jetpack_sharing_enabled":true,"jetpack_shortlink":"https:\/\/wp.me\/p7ETMF-b1q","jetpack-related-posts":[{"id":36849,"url":"https:\/\/vincentians.com\/es\/lucia-roge-asamblea-general-1985\/","url_meta":{"origin":42372,"position":0},"title":"Luc\u00eda Rog\u00e9: Asamblea General (1985)","author":"Francisco Javier Fern\u00e1ndez Chento","date":"07\/05\/2011","format":false,"excerpt":"23 de noviembre de 1984 La petici\u00f3n que la mayor\u00eda de ustedes me dirigen en estos mo\u00admentos es espont\u00e1neamente, h\u00e1blenos de la Asamblea. En efecto, ahora, ya est\u00e1 pr\u00f3xima y nos interesa a todas y a cada una. Hemos vivido la fase preparatoria, Asambleas Dom\u00e9sticas, primero, luego, Asambleas Provinciales. En\u2026","rel":"","context":"En \u00abEscritos de Luc\u00eda Rog\u00e9\u00bb","block_context":{"text":"Escritos de Luc\u00eda Rog\u00e9","link":"https:\/\/vincentians.com\/es\/category\/escritos\/escritos-de-lucia-roge\/"},"img":{"alt_text":"","src":"https:\/\/i0.wp.com\/vincentians.com\/es\/wp-content\/uploads\/sites\/11\/2016\/07\/escritos-lucia-roge.jpg?fit=1200%2C630&ssl=1&resize=350%2C200","width":350,"height":200,"srcset":"https:\/\/i0.wp.com\/vincentians.com\/es\/wp-content\/uploads\/sites\/11\/2016\/07\/escritos-lucia-roge.jpg?fit=1200%2C630&ssl=1&resize=350%2C200 1x, https:\/\/i0.wp.com\/vincentians.com\/es\/wp-content\/uploads\/sites\/11\/2016\/07\/escritos-lucia-roge.jpg?fit=1200%2C630&ssl=1&resize=525%2C300 1.5x, https:\/\/i0.wp.com\/vincentians.com\/es\/wp-content\/uploads\/sites\/11\/2016\/07\/escritos-lucia-roge.jpg?fit=1200%2C630&ssl=1&resize=700%2C400 2x, https:\/\/i0.wp.com\/vincentians.com\/es\/wp-content\/uploads\/sites\/11\/2016\/07\/escritos-lucia-roge.jpg?fit=1200%2C630&ssl=1&resize=1050%2C600 3x"},"classes":[]},{"id":36842,"url":"https:\/\/vincentians.com\/es\/lucia-roge-preparacion-de-la-asamblea-1978\/","url_meta":{"origin":42372,"position":1},"title":"Luc\u00eda Rog\u00e9: Preparaci\u00f3n de la Asamblea (1978)","author":"Francisco Javier Fern\u00e1ndez Chento","date":"01\/05\/2011","format":false,"excerpt":"Brasil, febrero de 1978 Conozco desde hace mucho tiempo la Provincia de Fortaleza y el mismo nombre de Fortaleza resulta para m\u00ed representativo de toda una misteriosa presencia de la Compa\u00f1\u00eda en este inmenso Brasil. Siento una gran alegr\u00eda de estar aqu\u00ed. Cada vez que nos encontramos en comuni\u00addad, en\u2026","rel":"","context":"En \u00abEscritos de Luc\u00eda Rog\u00e9\u00bb","block_context":{"text":"Escritos de Luc\u00eda Rog\u00e9","link":"https:\/\/vincentians.com\/es\/category\/escritos\/escritos-de-lucia-roge\/"},"img":{"alt_text":"","src":"https:\/\/i0.wp.com\/vincentians.com\/es\/wp-content\/uploads\/sites\/11\/2016\/07\/escritos-lucia-roge.jpg?fit=1200%2C630&ssl=1&resize=350%2C200","width":350,"height":200,"srcset":"https:\/\/i0.wp.com\/vincentians.com\/es\/wp-content\/uploads\/sites\/11\/2016\/07\/escritos-lucia-roge.jpg?fit=1200%2C630&ssl=1&resize=350%2C200 1x, https:\/\/i0.wp.com\/vincentians.com\/es\/wp-content\/uploads\/sites\/11\/2016\/07\/escritos-lucia-roge.jpg?fit=1200%2C630&ssl=1&resize=525%2C300 1.5x, https:\/\/i0.wp.com\/vincentians.com\/es\/wp-content\/uploads\/sites\/11\/2016\/07\/escritos-lucia-roge.jpg?fit=1200%2C630&ssl=1&resize=700%2C400 2x, https:\/\/i0.wp.com\/vincentians.com\/es\/wp-content\/uploads\/sites\/11\/2016\/07\/escritos-lucia-roge.jpg?fit=1200%2C630&ssl=1&resize=1050%2C600 3x"},"classes":[]},{"id":44272,"url":"https:\/\/vincentians.com\/es\/lucia-roge-cursillo-mariano-internacional-acogida\/","url_meta":{"origin":42372,"position":2},"title":"Luc\u00eda Rog\u00e9: Cursillo Mariano Internacional, acogida","author":"Francisco Javier Fern\u00e1ndez Chento","date":"02\/07\/2011","format":false,"excerpt":"Sor Luc\u00eda Rog\u00e9, H.C. 1 de julio de 1981 Me complazco, en nombre de la Virgen Mar\u00eda, \u00fanica Madre de la Compa\u00f1\u00eda, en acogerlas en esta su casa. Es un gran gozo para todos los miembros del Consejo General el verlas aqu\u00ed reunidas, procedentes de m\u00e1s de 70 Provincias. Van\u2026","rel":"","context":"En \u00abEscritos de Luc\u00eda Rog\u00e9\u00bb","block_context":{"text":"Escritos de Luc\u00eda Rog\u00e9","link":"https:\/\/vincentians.com\/es\/category\/escritos\/escritos-de-lucia-roge\/"},"img":{"alt_text":"","src":"https:\/\/i0.wp.com\/vincentians.com\/es\/wp-content\/uploads\/sites\/11\/2016\/07\/escritos-lucia-roge.jpg?fit=1200%2C630&ssl=1&resize=350%2C200","width":350,"height":200,"srcset":"https:\/\/i0.wp.com\/vincentians.com\/es\/wp-content\/uploads\/sites\/11\/2016\/07\/escritos-lucia-roge.jpg?fit=1200%2C630&ssl=1&resize=350%2C200 1x, https:\/\/i0.wp.com\/vincentians.com\/es\/wp-content\/uploads\/sites\/11\/2016\/07\/escritos-lucia-roge.jpg?fit=1200%2C630&ssl=1&resize=525%2C300 1.5x, https:\/\/i0.wp.com\/vincentians.com\/es\/wp-content\/uploads\/sites\/11\/2016\/07\/escritos-lucia-roge.jpg?fit=1200%2C630&ssl=1&resize=700%2C400 2x, https:\/\/i0.wp.com\/vincentians.com\/es\/wp-content\/uploads\/sites\/11\/2016\/07\/escritos-lucia-roge.jpg?fit=1200%2C630&ssl=1&resize=1050%2C600 3x"},"classes":[]},{"id":35316,"url":"https:\/\/vincentians.com\/es\/lucia-roge-clausura-de-la-asamblea-1974\/","url_meta":{"origin":42372,"position":3},"title":"Luc\u00eda Rog\u00e9: Clausura de la Asamblea (1974)","author":"Francisco Javier Fern\u00e1ndez Chento","date":"29\/04\/2011","format":false,"excerpt":"Roma, 30 julio de 1974 Al terminar esta Asamblea, parece conveniente que reflexionemos juntas sobre el camino recorrido durante estos dos meses, las realidades que han acompa\u00f1ado nuestra marcha y algunos puntos sobresalientes que descubrimos hoy, al t\u00e9rmino de este caminar, a veces doloroso. Marcadas por los s\u00edntomas de un\u2026","rel":"","context":"En \u00abEscritos de Luc\u00eda Rog\u00e9\u00bb","block_context":{"text":"Escritos de Luc\u00eda Rog\u00e9","link":"https:\/\/vincentians.com\/es\/category\/escritos\/escritos-de-lucia-roge\/"},"img":{"alt_text":"","src":"https:\/\/i0.wp.com\/vincentians.com\/es\/wp-content\/uploads\/sites\/11\/2016\/07\/escritos-lucia-roge.jpg?fit=1200%2C630&ssl=1&resize=350%2C200","width":350,"height":200,"srcset":"https:\/\/i0.wp.com\/vincentians.com\/es\/wp-content\/uploads\/sites\/11\/2016\/07\/escritos-lucia-roge.jpg?fit=1200%2C630&ssl=1&resize=350%2C200 1x, https:\/\/i0.wp.com\/vincentians.com\/es\/wp-content\/uploads\/sites\/11\/2016\/07\/escritos-lucia-roge.jpg?fit=1200%2C630&ssl=1&resize=525%2C300 1.5x, https:\/\/i0.wp.com\/vincentians.com\/es\/wp-content\/uploads\/sites\/11\/2016\/07\/escritos-lucia-roge.jpg?fit=1200%2C630&ssl=1&resize=700%2C400 2x, https:\/\/i0.wp.com\/vincentians.com\/es\/wp-content\/uploads\/sites\/11\/2016\/07\/escritos-lucia-roge.jpg?fit=1200%2C630&ssl=1&resize=1050%2C600 3x"},"classes":[]},{"id":404983,"url":"https:\/\/vincentians.com\/es\/la-fidelidad-de-las-hijas-de-la-caridad-xiv\/","url_meta":{"origin":42372,"position":4},"title":"La fidelidad de las Hijas de la Caridad (XIV)","author":"Mitxel Olabu\u00e9naga","date":"10\/10\/2023","format":false,"excerpt":"3.13. Las Constituciones provisionales de 1970: apost\u00f3lica y misionera La vigencia de las Constituciones de 1954 fue muy corta en el tiempo. La Compa\u00f1\u00eda celebr\u00f3 Asamblea general en 1965, poco antes de que concluyera el Concilio Vaticano II. La Madre Guillemin, que participaba como auditora en el Concilio, era consciente\u2026","rel":"","context":"En \u00abFormaci\u00f3n Vicenciana\u00bb","block_context":{"text":"Formaci\u00f3n Vicenciana","link":"https:\/\/vincentians.com\/es\/category\/formacion-vicenciana\/"},"img":{"alt_text":"","src":"","width":0,"height":0},"classes":[]},{"id":45059,"url":"https:\/\/vincentians.com\/es\/lucia-roge-el-centro-internacional-misionero\/","url_meta":{"origin":42372,"position":5},"title":"Luc\u00eda Rog\u00e9: El centro internacional misionero","author":"Francisco Javier Fern\u00e1ndez Chento","date":"07\/07\/2011","format":false,"excerpt":"Sor Luc\u00eda Rog\u00e9, H.C. Roma, mayo de 1985 El Centro Misionero fue creado durante la Asamblea General de 1968-1969 para responder a las orientaciones dadas por la Iglesia en el decreto \"Ad Gentes\". \"Todos los misioneros han de prepararse y formar\u00adse, cada uno seg\u00fan su condici\u00f3n, para que no se\u2026","rel":"","context":"En \u00abEscritos de Luc\u00eda Rog\u00e9\u00bb","block_context":{"text":"Escritos de Luc\u00eda Rog\u00e9","link":"https:\/\/vincentians.com\/es\/category\/escritos\/escritos-de-lucia-roge\/"},"img":{"alt_text":"","src":"https:\/\/i0.wp.com\/vincentians.com\/es\/wp-content\/uploads\/sites\/11\/2016\/07\/escritos-lucia-roge.jpg?fit=1200%2C630&ssl=1&resize=350%2C200","width":350,"height":200,"srcset":"https:\/\/i0.wp.com\/vincentians.com\/es\/wp-content\/uploads\/sites\/11\/2016\/07\/escritos-lucia-roge.jpg?fit=1200%2C630&ssl=1&resize=350%2C200 1x, https:\/\/i0.wp.com\/vincentians.com\/es\/wp-content\/uploads\/sites\/11\/2016\/07\/escritos-lucia-roge.jpg?fit=1200%2C630&ssl=1&resize=525%2C300 1.5x, https:\/\/i0.wp.com\/vincentians.com\/es\/wp-content\/uploads\/sites\/11\/2016\/07\/escritos-lucia-roge.jpg?fit=1200%2C630&ssl=1&resize=700%2C400 2x, https:\/\/i0.wp.com\/vincentians.com\/es\/wp-content\/uploads\/sites\/11\/2016\/07\/escritos-lucia-roge.jpg?fit=1200%2C630&ssl=1&resize=1050%2C600 3x"},"classes":[]}],"_links":{"self":[{"href":"https:\/\/vincentians.com\/es\/wp-json\/wp\/v2\/posts\/42372","targetHints":{"allow":["GET"]}}],"collection":[{"href":"https:\/\/vincentians.com\/es\/wp-json\/wp\/v2\/posts"}],"about":[{"href":"https:\/\/vincentians.com\/es\/wp-json\/wp\/v2\/types\/post"}],"author":[{"embeddable":true,"href":"https:\/\/vincentians.com\/es\/wp-json\/wp\/v2\/users\/4"}],"replies":[{"embeddable":true,"href":"https:\/\/vincentians.com\/es\/wp-json\/wp\/v2\/comments?post=42372"}],"version-history":[{"count":1,"href":"https:\/\/vincentians.com\/es\/wp-json\/wp\/v2\/posts\/42372\/revisions"}],"predecessor-version":[{"id":403371,"href":"https:\/\/vincentians.com\/es\/wp-json\/wp\/v2\/posts\/42372\/revisions\/403371"}],"wp:featuredmedia":[{"embeddable":true,"href":"https:\/\/vincentians.com\/es\/wp-json\/wp\/v2\/media\/398623"}],"wp:attachment":[{"href":"https:\/\/vincentians.com\/es\/wp-json\/wp\/v2\/media?parent=42372"}],"wp:term":[{"taxonomy":"category","embeddable":true,"href":"https:\/\/vincentians.com\/es\/wp-json\/wp\/v2\/categories?post=42372"},{"taxonomy":"post_tag","embeddable":true,"href":"https:\/\/vincentians.com\/es\/wp-json\/wp\/v2\/tags?post=42372"}],"curies":[{"name":"wp","href":"https:\/\/api.w.org\/{rel}","templated":true}]}}