{"id":42367,"date":"2021-02-22T07:59:51","date_gmt":"2021-02-22T06:59:51","guid":{"rendered":"http:\/\/somos.vicencianos.org\/blog\/2011\/06\/lucia-roge\/"},"modified":"2020-12-13T11:50:00","modified_gmt":"2020-12-13T10:50:00","slug":"lucia-roge","status":"publish","type":"post","link":"https:\/\/vincentians.com\/es\/lucia-roge\/","title":{"rendered":"Luc\u00eda Rog\u00e9: Un servicio de amor"},"content":{"rendered":"<p>24 de marzo, 1985<\/p>\n<p>En su alocuci\u00f3n a los sacerdotes y religiosos de Venezuela, el Santo Padre les dijo: \u00abVuestra vida es un servicio de amor\u00bb. Esta frase ha reso\u00adnado sin cesar en m\u00ed, durante las oraciones preparatorias a la Renova\u00adci\u00f3n. Me ha parecido que era una palabra para las Hijas de la Caridad que, siguiendo el ejemplo de la Sant\u00edsima Virgen y desde situaciones tan diversas a trav\u00e9s del mundo, ma\u00f1ana van a repetir: \u00abHe aqu\u00ed la esclava del Se\u00f1or\u00bb. Ser la esclava del Se\u00f1or es, en verdad, hacer de la propia vida un servicio de amor.<\/p>\n<p>Estos d\u00edas de retiro se nos ofrecen para que, de una u otra manera, hagamos una revisi\u00f3n de nuestra vida de amor. \u00bfEstamos (y \u00e9ste ser\u00e1 quiz\u00e1 el primer acto de amor), estamos maravilladas ante la obra de la gra\u00adcia en nosotras y a nuestro alrededor? Dios est\u00e1 constantemente presente en nuestra vida, y lo que llamamos nuestras cruces son otras tantas posi\u00adbilidades que se nos brindan para amarle m\u00e1s, para entrar en comuni\u00f3n con \u00c9l, para acompa\u00f1arle por el camino del Calvario. La oraci\u00f3n colecta de esta ma\u00f1ana pon\u00eda en nuestros labios esta s\u00faplica: \u00abQue tu gracia nos ayude para que vivamos siempre con alegr\u00eda, de aquel mismo amor que movi\u00f3 a tu Hijo a entregarse a la muerte, por la salvaci\u00f3n del mundo\u00bb.<\/p>\n<p>Hacer de la propia vida un servicio de amor es indudablemente entre\u00adgarla. Esto es lo que hemos prometido y lo que nos disponemos a prome\u00adter de nuevo ma\u00f1ana. \u00c9se es el compromiso que deseamos renovar.<\/p>\n<p>\u00abLa Regla de las Hijas de la Caridad, es Cristo\u00bb, nos dicen las Cons\u00adtituciones. Esto quiere decir que, con \u00c9l y como \u00c9l, por el camino que nos lleva al Padre, queremos entregar nuestra vida por amor al mundo y especialmente por amor a los pobres.<\/p>\n<p>Pero esta entrega pasa por determinadas exigencias: las de la <em>cas\u00adtidad, <\/em>es decir, del Reino de Dios en nuestro coraz\u00f3n, coraz\u00f3n que tene\u00admos que liberar todos los d\u00edas para que Dios encuentre en \u00e9l su lugar, todo el lugar que a \u00c9l le corresponde. Que la visibilidad de nuestra pure\u00adza de coraz\u00f3n se manifieste en la alegr\u00eda y la espontaneidad con las que refiramos a \u00c9l los hechos de nuestra vida, nuestras motivaciones en el obrar, nuestros deseos.<\/p>\n<p>Las exigencias de la entrega son tambi\u00e9n las de la <em>pobreza, <\/em>querida, buscada en sus dos dimensiones, la material y la espiritual. La aceptaci\u00f3n desprendida y gozosa (la alegr\u00eda, signo del amor) de las renuncias, de la reducci\u00f3n voluntaria de nuestras necesidades. La pobreza espiri\u00adtual que procede del amor nos hace recurrir con una confianza humilde y sencilla a la gracia de Dios. Esa gracia de estado, cualquiera que sea nuestro estado, se les da todos los d\u00edas a las que la piden con sencillez y con un coraz\u00f3n que lo espera todo de aqu\u00e9l a quien ama, el Se\u00f1or nuestro Dios. La petici\u00f3n del pan nuestro de cada d\u00eda va unida a la de la gracia de cada d\u00eda tambi\u00e9n.<\/p>\n<div>\n<p>\u00abHacer de la propia vida un servicio de amor\u00bb.<\/p>\n<p>Pero las consecuencias de nuestro voto de obediencia nos asustan, nos encuentran a veces reticentes, sin humildad de juicio. Nuestra vida, un servicio de amor, cualquiera que sea ese servicio. Eso es lo que vamos a prometer ma\u00f1ana al Se\u00f1or, tu voluntad, Se\u00f1or, a veces tan dif\u00ed\u00adcil de descifrar, de comprender, ya nos llegue por uno u otro interme\u00addiario, queremos vivirla \u00abcomo servicio de amor\u00bb.<\/p>\n<p>El Santo Padre prosigui\u00f3 su exhortaci\u00f3n insistiendo en estas pala\u00adbras: \u00abSois servidores y servidoras del amor, por amor a Cristo. Sois pues, realizaci\u00f3n de esa humanidad madura que ofrece su propia liber\u00adtad a Dios y la emplea en su servicio\u00bb.<\/p>\n<p>S\u00ed, ma\u00f1ana, todas volveremos a ofrecer de nuevo nuestra libertad a Dios para el servicio a los pobres y a los m\u00e1s pobres, y cada una nos pro\u00adponemos realizarlo gracias al amor que debe impregnar nuestra vida.<\/p>\n<p>Porque el compromiso de servicio de amor es tambi\u00e9n la ofrenda libre, l\u00facida, confiada, de los achaques, de las limitaciones f\u00edsicas, de la edad o de la enfermedad. Servicio de amor es igualmente la ofrenda silenciosa y oculta, en los pa\u00edses en que reina la persecuci\u00f3n o la de los trabajos corrientes, no vistosos, de la vida general de la Compa\u00f1\u00eda.<\/p>\n<p>Nuestra vida, servicio de amor es indudablemente, y quiz\u00e1 sobre todo, la oraci\u00f3n por tantos pobres y en nombre de ellos, de esos pobres creados por la violencia, el desempleo, la guerra, el odio, el hambre. Esos pobres, faltos de porvenir y de esperanza que fabrica nuestra \u00e9poca. La oraci\u00f3n es el primer servicio de amor que podemos prestarles para que persista en ellos en medio de la inmensa tribulaci\u00f3n que oprime a todos los hombres de hoy la esperanza de que alguien los ama.<\/p>\n<p>Para ser en verdad, siervas del amor como Hijas de la Caridad, tene\u00admos que a\u00f1adir la nota de humildad permanente en el servicio. La gran santa Teresa dec\u00eda que no pod\u00eda concebir el amor sin humildad. Lo mismo pensaban nuestros dos Fundadores.<\/p>\n<p>As\u00ed, pues, en humildad, humildemente, nos disponemos a renovar ma\u00ad\u00f1ana nuestros compromisos. Bien nos prueba la experiencia nuestra fragilidad ante los obst\u00e1culos y nuestras vacilaciones ante los esfuerzos nece\u00adsarios. Pero una etapa nueva se nos presenta, la fe nos hace descubrir que de lo que se trata es de proseguir nuestro camino con Jesucristo, al servi\u00adcio del amor humilde. Vayamos a buscar la humildad junto a aqu\u00e9l que nos ha dicho: \u00abAprended de m\u00ed que soy manso y humilde de coraz\u00f3n\u00bb.<\/p>\n<\/div>\n<div>\n<p>Aqu\u00e9l que se dej\u00f3 conducir en silencio, como un cordero, a manos de sus verdugos. Esta dimensi\u00f3n esencial del verdadero amor, la humil\u00addad, no consiste \u00fanicamente en los actos de humildad que podamos hacer, es tambi\u00e9n esa disposici\u00f3n del coraz\u00f3n que nos hace aceptar las humillaciones, las contestaciones, incomprensiones y rechazos en pos de Cristo y en comuni\u00f3n de vida con los pobres.<\/p>\n<p>La humildad del amor verdadero se escuda en el silencio y no toma parte ni presta su apoyo a los comentarios desagradables, a las cr\u00edticas destructivas, a las medias palabras llenas de ambig\u00fcedad. Los esfuer\u00adzos vividos de esta manera llegan a ser tambi\u00e9n servicio de amor.<\/p>\n<p>La Renovaci\u00f3n de ma\u00f1ana nos une a cada una de nuestras Herma\u00adnas que hacen y quieren vivir el mismo compromiso de amor. Este lazo fuerte con el Se\u00f1or y con los pobres es tambi\u00e9n un lazo entre nosotras, renovado bajo la mirada de la Sant\u00edsima Virgen, la \u00fanica Madre de todas. Cuanto hagamos por impedir que las faltas de caridad fraterna destruyan este lazo, ser\u00e1 tambi\u00e9n servicio de amor.<\/p>\n<p>El Se\u00f1or nos ha llamado a un don absoluto, siguiendo las huellas de Mar\u00eda. Como hizo con ella, su mirada se ha fijado en nosotras desde la primera llamada, y podemos decir que el Se\u00f1or nos va acompa\u00f1ando de Renovaci\u00f3n en Renovaci\u00f3n. En respuesta y mediante nuestro amor, podemos hacerlo presente en el mundo de los pobres, especialmente, de los m\u00e1s pobres, ya que \u00e9sa es nuestra vocaci\u00f3n. Pero sin ruido, sin apartarnos de la realidad de las necesidades de los que nos esperan. S\u00f3lo el amor es significativo, s\u00f3lo el amor puede preparar la venida del Salvador a un coraz\u00f3n.<\/p>\n<p>\u00abHa mirado la humillaci\u00f3n de su esclava\u00bb, y la Salvaci\u00f3n ha llegado hasta nosotras. Seamos verdaderamente, a lo largo de este nuevo a\u00f1o de entrega al Se\u00f1or, a lo largo de toda nuestra vida, la esclava del Se\u00f1or, con\u00adsagrada a su amor. Tomemos con empe\u00f1o nuestros compromisos para que se conviertan aut\u00e9nticamente en un servicio de amor por amor a Cristo.<\/p>\n<p>Que toda nuestra vida, dentro de la humildad, llegue a ser, seg\u00fan las palabras del Santo Padre, servicio de amor. Que nuestra entrega, como la de la Sant\u00edsima Virgen, sea, aun en medio de las pruebas, fidelidad gozosa y fecunda: \u00abProclama mi alma la grandeza del Se\u00f1or&#8230; Porque ha mirado la humillaci\u00f3n de su esclava\u00bb.<\/p>\n<\/div>\n","protected":false},"excerpt":{"rendered":"<p>24 de marzo, 1985 En su alocuci\u00f3n a los sacerdotes y religiosos de Venezuela, el Santo Padre les dijo: \u00abVuestra vida es un servicio de amor\u00bb. Esta frase ha reso\u00adnado sin cesar en m\u00ed, durante &#8230; <a href=\"https:\/\/vincentians.com\/es\/lucia-roge\/\" class=\"more-link\">Read More<\/a><\/p>\n","protected":false},"author":4,"featured_media":398623,"comment_status":"open","ping_status":"open","sticky":false,"template":"","format":"standard","meta":{"jetpack_post_was_ever_published":false,"_jetpack_newsletter_access":"","_jetpack_dont_email_post_to_subs":false,"_jetpack_newsletter_tier_id":0,"_jetpack_memberships_contains_paywalled_content":false,"_jetpack_memberships_contains_paid_content":false,"footnotes":"","jetpack_publicize_message":"","jetpack_publicize_feature_enabled":true,"jetpack_social_post_already_shared":true,"jetpack_social_options":{"image_generator_settings":{"template":"highway","default_image_id":0,"font":"","enabled":false},"version":2}},"categories":[276],"tags":[],"class_list":["post-42367","post","type-post","status-publish","format-standard","has-post-thumbnail","hentry","category-escritos-de-lucia-roge"],"yoast_head":"<!-- This site is optimized with the Yoast SEO plugin v26.3 - https:\/\/yoast.com\/wordpress\/plugins\/seo\/ -->\n<title>Luc\u00eda Rog\u00e9: Un servicio de amor - Somos Vicencianos<\/title>\n<meta name=\"robots\" content=\"index, follow, max-snippet:-1, max-image-preview:large, max-video-preview:-1\" \/>\n<link rel=\"canonical\" href=\"https:\/\/vincentians.com\/es\/lucia-roge\/\" \/>\n<meta property=\"og:locale\" content=\"es_ES\" \/>\n<meta property=\"og:type\" content=\"article\" \/>\n<meta property=\"og:title\" content=\"Luc\u00eda Rog\u00e9: Un servicio de amor - Somos Vicencianos\" \/>\n<meta property=\"og:description\" content=\"24 de marzo, 1985 En su alocuci\u00f3n a los sacerdotes y religiosos de Venezuela, el Santo Padre les dijo: \u00abVuestra vida es un servicio de amor\u00bb. Esta frase ha reso\u00adnado sin cesar en m\u00ed, durante ... Read More\" \/>\n<meta property=\"og:url\" content=\"https:\/\/vincentians.com\/es\/lucia-roge\/\" \/>\n<meta property=\"og:site_name\" content=\"Somos Vicencianos\" \/>\n<meta property=\"article:publisher\" content=\"https:\/\/www.facebook.com\/WeAreVincentians\/\" \/>\n<meta property=\"article:author\" content=\"https:\/\/www.facebook.com\/JavierChento\" \/>\n<meta property=\"article:published_time\" content=\"2021-02-22T06:59:51+00:00\" \/>\n<meta property=\"og:image\" content=\"https:\/\/i0.wp.com\/vincentians.com\/es\/wp-content\/uploads\/sites\/11\/2016\/07\/escritos-lucia-roge.jpg?fit=1200%2C630&ssl=1\" \/>\n\t<meta property=\"og:image:width\" content=\"1200\" \/>\n\t<meta property=\"og:image:height\" content=\"630\" \/>\n\t<meta property=\"og:image:type\" content=\"image\/jpeg\" \/>\n<meta name=\"author\" content=\"Francisco Javier Fern\u00e1ndez Chento\" \/>\n<meta name=\"twitter:card\" content=\"summary_large_image\" \/>\n<meta name=\"twitter:creator\" content=\"@https:\/\/twitter.com\/javierchento\" \/>\n<meta name=\"twitter:site\" content=\"@WeVincentians\" \/>\n<meta name=\"twitter:label1\" content=\"Escrito por\" \/>\n\t<meta name=\"twitter:data1\" content=\"Francisco Javier Fern\u00e1ndez Chento\" \/>\n\t<meta name=\"twitter:label2\" content=\"Tiempo de lectura\" \/>\n\t<meta name=\"twitter:data2\" content=\"7 minutos\" \/>\n<script type=\"application\/ld+json\" class=\"yoast-schema-graph\">{\"@context\":\"https:\/\/schema.org\",\"@graph\":[{\"@type\":\"Article\",\"@id\":\"https:\/\/vincentians.com\/es\/lucia-roge\/#article\",\"isPartOf\":{\"@id\":\"https:\/\/vincentians.com\/es\/lucia-roge\/\"},\"author\":{\"name\":\"Francisco Javier Fern\u00e1ndez Chento\",\"@id\":\"http:\/\/vincentians.com\/es\/#\/schema\/person\/9623ef4d9aa3b2dfb8c061f1499288f2\"},\"headline\":\"Luc\u00eda Rog\u00e9: Un servicio de amor\",\"datePublished\":\"2021-02-22T06:59:51+00:00\",\"mainEntityOfPage\":{\"@id\":\"https:\/\/vincentians.com\/es\/lucia-roge\/\"},\"wordCount\":1442,\"commentCount\":0,\"publisher\":{\"@id\":\"http:\/\/vincentians.com\/es\/#organization\"},\"image\":{\"@id\":\"https:\/\/vincentians.com\/es\/lucia-roge\/#primaryimage\"},\"thumbnailUrl\":\"https:\/\/i0.wp.com\/vincentians.com\/es\/wp-content\/uploads\/sites\/11\/2016\/07\/escritos-lucia-roge.jpg?fit=1200%2C630&ssl=1\",\"articleSection\":[\"Escritos de Luc\u00eda Rog\u00e9\"],\"inLanguage\":\"es\",\"potentialAction\":[{\"@type\":\"CommentAction\",\"name\":\"Comment\",\"target\":[\"https:\/\/vincentians.com\/es\/lucia-roge\/#respond\"]}]},{\"@type\":\"WebPage\",\"@id\":\"https:\/\/vincentians.com\/es\/lucia-roge\/\",\"url\":\"https:\/\/vincentians.com\/es\/lucia-roge\/\",\"name\":\"Luc\u00eda Rog\u00e9: Un servicio de amor - Somos Vicencianos\",\"isPartOf\":{\"@id\":\"http:\/\/vincentians.com\/es\/#website\"},\"primaryImageOfPage\":{\"@id\":\"https:\/\/vincentians.com\/es\/lucia-roge\/#primaryimage\"},\"image\":{\"@id\":\"https:\/\/vincentians.com\/es\/lucia-roge\/#primaryimage\"},\"thumbnailUrl\":\"https:\/\/i0.wp.com\/vincentians.com\/es\/wp-content\/uploads\/sites\/11\/2016\/07\/escritos-lucia-roge.jpg?fit=1200%2C630&ssl=1\",\"datePublished\":\"2021-02-22T06:59:51+00:00\",\"breadcrumb\":{\"@id\":\"https:\/\/vincentians.com\/es\/lucia-roge\/#breadcrumb\"},\"inLanguage\":\"es\",\"potentialAction\":[{\"@type\":\"ReadAction\",\"target\":[\"https:\/\/vincentians.com\/es\/lucia-roge\/\"]}]},{\"@type\":\"ImageObject\",\"inLanguage\":\"es\",\"@id\":\"https:\/\/vincentians.com\/es\/lucia-roge\/#primaryimage\",\"url\":\"https:\/\/i0.wp.com\/vincentians.com\/es\/wp-content\/uploads\/sites\/11\/2016\/07\/escritos-lucia-roge.jpg?fit=1200%2C630&ssl=1\",\"contentUrl\":\"https:\/\/i0.wp.com\/vincentians.com\/es\/wp-content\/uploads\/sites\/11\/2016\/07\/escritos-lucia-roge.jpg?fit=1200%2C630&ssl=1\",\"width\":1200,\"height\":630},{\"@type\":\"BreadcrumbList\",\"@id\":\"https:\/\/vincentians.com\/es\/lucia-roge\/#breadcrumb\",\"itemListElement\":[{\"@type\":\"ListItem\",\"position\":1,\"name\":\"Portada\",\"item\":\"http:\/\/vincentians.com\/es\/\"},{\"@type\":\"ListItem\",\"position\":2,\"name\":\"Luc\u00eda Rog\u00e9: Un servicio de amor\"}]},{\"@type\":\"WebSite\",\"@id\":\"http:\/\/vincentians.com\/es\/#website\",\"url\":\"http:\/\/vincentians.com\/es\/\",\"name\":\"Somos Vicencianos\",\"description\":\"Know more to serve more\",\"publisher\":{\"@id\":\"http:\/\/vincentians.com\/es\/#organization\"},\"potentialAction\":[{\"@type\":\"SearchAction\",\"target\":{\"@type\":\"EntryPoint\",\"urlTemplate\":\"http:\/\/vincentians.com\/es\/?s={search_term_string}\"},\"query-input\":{\"@type\":\"PropertyValueSpecification\",\"valueRequired\":true,\"valueName\":\"search_term_string\"}}],\"inLanguage\":\"es\"},{\"@type\":\"Organization\",\"@id\":\"http:\/\/vincentians.com\/es\/#organization\",\"name\":\"The Vincentian Network\",\"url\":\"http:\/\/vincentians.com\/es\/\",\"logo\":{\"@type\":\"ImageObject\",\"inLanguage\":\"es\",\"@id\":\"http:\/\/vincentians.com\/es\/#\/schema\/logo\/image\/\",\"url\":\"https:\/\/i1.wp.com\/vincentians.com\/es\/wp-content\/uploads\/sites\/11\/2016\/06\/Vincentian-Network-logo-big.png?fit=778%2C778\",\"contentUrl\":\"https:\/\/i1.wp.com\/vincentians.com\/es\/wp-content\/uploads\/sites\/11\/2016\/06\/Vincentian-Network-logo-big.png?fit=778%2C778\",\"width\":778,\"height\":778,\"caption\":\"The Vincentian Network\"},\"image\":{\"@id\":\"http:\/\/vincentians.com\/es\/#\/schema\/logo\/image\/\"},\"sameAs\":[\"https:\/\/www.facebook.com\/WeAreVincentians\/\",\"https:\/\/x.com\/WeVincentians\"]},{\"@type\":\"Person\",\"@id\":\"http:\/\/vincentians.com\/es\/#\/schema\/person\/9623ef4d9aa3b2dfb8c061f1499288f2\",\"name\":\"Francisco Javier Fern\u00e1ndez Chento\",\"image\":{\"@type\":\"ImageObject\",\"inLanguage\":\"es\",\"@id\":\"http:\/\/vincentians.com\/es\/#\/schema\/person\/image\/\",\"url\":\"https:\/\/secure.gravatar.com\/avatar\/497d5cde87b4c3d097d0315953521681ba2cd523ee66e5077c3711f7021e65de?s=96&d=mm&r=g\",\"contentUrl\":\"https:\/\/secure.gravatar.com\/avatar\/497d5cde87b4c3d097d0315953521681ba2cd523ee66e5077c3711f7021e65de?s=96&d=mm&r=g\",\"caption\":\"Francisco Javier Fern\u00e1ndez Chento\"},\"description\":\"Director General y cofundador de La Red de Formaci\u00f3n Vicenciana. Javier es laico vicenciano, afiliado a la Congregaci\u00f3n de la Misi\u00f3n y miembro del Equipo de Misiones Populares de la provincia can\u00f3nica de Zaragoza (Espa\u00f1a) de la Congregaci\u00f3n de la Misi\u00f3n. Graduado en la Universidad Oberta de Catalunya con cuatro grados (Asistente de direcci\u00f3n, Gesti\u00f3n Administrativa, Recursos Humanos y Contabilidad Avanzada). Bil\u00edng\u00fce Espa\u00f1ol\/Ingl\u00e9s. gestiona y mantiene varias p\u00e1ginas web cristianas y vicencianas, incluida including La Red de Formaci\u00f3n Vicenciana, de la que es cofundador. Actualmente es responsable del \u00e1rea de Espa\u00f1ol de .famvin, la Red de Noticias de la Familia Vicenciana. Tambi\u00e9n es m\u00fasico cat\u00f3lico y ha editado varios discos. Es Director General y cofundador de Trovador, una reconocida compa\u00f1\u00eda discogr\u00e1fica critiana de Espa\u00f1a. Trabaja en las Tecnolog\u00edas de la Informaci\u00f3n, ofreciendo servicios de alojamiento, dise\u00f1o y mantenimiento Web, as\u00ed como asesoramiento, formaci\u00f3n y soluciones inform\u00e1ticas, gesti\u00f3n documental y digitalizaci\u00f3n de textos, edici\u00f3n y maquetaci\u00f3n de libros, revistas, flyers, etc.\",\"sameAs\":[\"http:\/\/chento.org\",\"https:\/\/www.facebook.com\/JavierChento\",\"https:\/\/x.com\/https:\/\/twitter.com\/javierchento\"],\"url\":\"https:\/\/vincentians.com\/es\/author\/chento\/\"}]}<\/script>\n<!-- \/ Yoast SEO plugin. -->","yoast_head_json":{"title":"Luc\u00eda Rog\u00e9: Un servicio de amor - Somos Vicencianos","robots":{"index":"index","follow":"follow","max-snippet":"max-snippet:-1","max-image-preview":"max-image-preview:large","max-video-preview":"max-video-preview:-1"},"canonical":"https:\/\/vincentians.com\/es\/lucia-roge\/","og_locale":"es_ES","og_type":"article","og_title":"Luc\u00eda Rog\u00e9: Un servicio de amor - Somos Vicencianos","og_description":"24 de marzo, 1985 En su alocuci\u00f3n a los sacerdotes y religiosos de Venezuela, el Santo Padre les dijo: \u00abVuestra vida es un servicio de amor\u00bb. Esta frase ha reso\u00adnado sin cesar en m\u00ed, durante ... Read More","og_url":"https:\/\/vincentians.com\/es\/lucia-roge\/","og_site_name":"Somos Vicencianos","article_publisher":"https:\/\/www.facebook.com\/WeAreVincentians\/","article_author":"https:\/\/www.facebook.com\/JavierChento","article_published_time":"2021-02-22T06:59:51+00:00","og_image":[{"width":1200,"height":630,"url":"https:\/\/i0.wp.com\/vincentians.com\/es\/wp-content\/uploads\/sites\/11\/2016\/07\/escritos-lucia-roge.jpg?fit=1200%2C630&ssl=1","type":"image\/jpeg"}],"author":"Francisco Javier Fern\u00e1ndez Chento","twitter_card":"summary_large_image","twitter_creator":"@https:\/\/twitter.com\/javierchento","twitter_site":"@WeVincentians","twitter_misc":{"Escrito por":"Francisco Javier Fern\u00e1ndez Chento","Tiempo de lectura":"7 minutos"},"schema":{"@context":"https:\/\/schema.org","@graph":[{"@type":"Article","@id":"https:\/\/vincentians.com\/es\/lucia-roge\/#article","isPartOf":{"@id":"https:\/\/vincentians.com\/es\/lucia-roge\/"},"author":{"name":"Francisco Javier Fern\u00e1ndez Chento","@id":"http:\/\/vincentians.com\/es\/#\/schema\/person\/9623ef4d9aa3b2dfb8c061f1499288f2"},"headline":"Luc\u00eda Rog\u00e9: Un servicio de amor","datePublished":"2021-02-22T06:59:51+00:00","mainEntityOfPage":{"@id":"https:\/\/vincentians.com\/es\/lucia-roge\/"},"wordCount":1442,"commentCount":0,"publisher":{"@id":"http:\/\/vincentians.com\/es\/#organization"},"image":{"@id":"https:\/\/vincentians.com\/es\/lucia-roge\/#primaryimage"},"thumbnailUrl":"https:\/\/i0.wp.com\/vincentians.com\/es\/wp-content\/uploads\/sites\/11\/2016\/07\/escritos-lucia-roge.jpg?fit=1200%2C630&ssl=1","articleSection":["Escritos de Luc\u00eda Rog\u00e9"],"inLanguage":"es","potentialAction":[{"@type":"CommentAction","name":"Comment","target":["https:\/\/vincentians.com\/es\/lucia-roge\/#respond"]}]},{"@type":"WebPage","@id":"https:\/\/vincentians.com\/es\/lucia-roge\/","url":"https:\/\/vincentians.com\/es\/lucia-roge\/","name":"Luc\u00eda Rog\u00e9: Un servicio de amor - Somos Vicencianos","isPartOf":{"@id":"http:\/\/vincentians.com\/es\/#website"},"primaryImageOfPage":{"@id":"https:\/\/vincentians.com\/es\/lucia-roge\/#primaryimage"},"image":{"@id":"https:\/\/vincentians.com\/es\/lucia-roge\/#primaryimage"},"thumbnailUrl":"https:\/\/i0.wp.com\/vincentians.com\/es\/wp-content\/uploads\/sites\/11\/2016\/07\/escritos-lucia-roge.jpg?fit=1200%2C630&ssl=1","datePublished":"2021-02-22T06:59:51+00:00","breadcrumb":{"@id":"https:\/\/vincentians.com\/es\/lucia-roge\/#breadcrumb"},"inLanguage":"es","potentialAction":[{"@type":"ReadAction","target":["https:\/\/vincentians.com\/es\/lucia-roge\/"]}]},{"@type":"ImageObject","inLanguage":"es","@id":"https:\/\/vincentians.com\/es\/lucia-roge\/#primaryimage","url":"https:\/\/i0.wp.com\/vincentians.com\/es\/wp-content\/uploads\/sites\/11\/2016\/07\/escritos-lucia-roge.jpg?fit=1200%2C630&ssl=1","contentUrl":"https:\/\/i0.wp.com\/vincentians.com\/es\/wp-content\/uploads\/sites\/11\/2016\/07\/escritos-lucia-roge.jpg?fit=1200%2C630&ssl=1","width":1200,"height":630},{"@type":"BreadcrumbList","@id":"https:\/\/vincentians.com\/es\/lucia-roge\/#breadcrumb","itemListElement":[{"@type":"ListItem","position":1,"name":"Portada","item":"http:\/\/vincentians.com\/es\/"},{"@type":"ListItem","position":2,"name":"Luc\u00eda Rog\u00e9: Un servicio de amor"}]},{"@type":"WebSite","@id":"http:\/\/vincentians.com\/es\/#website","url":"http:\/\/vincentians.com\/es\/","name":"Somos Vicencianos","description":"Know more to serve more","publisher":{"@id":"http:\/\/vincentians.com\/es\/#organization"},"potentialAction":[{"@type":"SearchAction","target":{"@type":"EntryPoint","urlTemplate":"http:\/\/vincentians.com\/es\/?s={search_term_string}"},"query-input":{"@type":"PropertyValueSpecification","valueRequired":true,"valueName":"search_term_string"}}],"inLanguage":"es"},{"@type":"Organization","@id":"http:\/\/vincentians.com\/es\/#organization","name":"The Vincentian Network","url":"http:\/\/vincentians.com\/es\/","logo":{"@type":"ImageObject","inLanguage":"es","@id":"http:\/\/vincentians.com\/es\/#\/schema\/logo\/image\/","url":"https:\/\/i1.wp.com\/vincentians.com\/es\/wp-content\/uploads\/sites\/11\/2016\/06\/Vincentian-Network-logo-big.png?fit=778%2C778","contentUrl":"https:\/\/i1.wp.com\/vincentians.com\/es\/wp-content\/uploads\/sites\/11\/2016\/06\/Vincentian-Network-logo-big.png?fit=778%2C778","width":778,"height":778,"caption":"The Vincentian Network"},"image":{"@id":"http:\/\/vincentians.com\/es\/#\/schema\/logo\/image\/"},"sameAs":["https:\/\/www.facebook.com\/WeAreVincentians\/","https:\/\/x.com\/WeVincentians"]},{"@type":"Person","@id":"http:\/\/vincentians.com\/es\/#\/schema\/person\/9623ef4d9aa3b2dfb8c061f1499288f2","name":"Francisco Javier Fern\u00e1ndez Chento","image":{"@type":"ImageObject","inLanguage":"es","@id":"http:\/\/vincentians.com\/es\/#\/schema\/person\/image\/","url":"https:\/\/secure.gravatar.com\/avatar\/497d5cde87b4c3d097d0315953521681ba2cd523ee66e5077c3711f7021e65de?s=96&d=mm&r=g","contentUrl":"https:\/\/secure.gravatar.com\/avatar\/497d5cde87b4c3d097d0315953521681ba2cd523ee66e5077c3711f7021e65de?s=96&d=mm&r=g","caption":"Francisco Javier Fern\u00e1ndez Chento"},"description":"Director General y cofundador de La Red de Formaci\u00f3n Vicenciana. Javier es laico vicenciano, afiliado a la Congregaci\u00f3n de la Misi\u00f3n y miembro del Equipo de Misiones Populares de la provincia can\u00f3nica de Zaragoza (Espa\u00f1a) de la Congregaci\u00f3n de la Misi\u00f3n. Graduado en la Universidad Oberta de Catalunya con cuatro grados (Asistente de direcci\u00f3n, Gesti\u00f3n Administrativa, Recursos Humanos y Contabilidad Avanzada). Bil\u00edng\u00fce Espa\u00f1ol\/Ingl\u00e9s. gestiona y mantiene varias p\u00e1ginas web cristianas y vicencianas, incluida including La Red de Formaci\u00f3n Vicenciana, de la que es cofundador. Actualmente es responsable del \u00e1rea de Espa\u00f1ol de .famvin, la Red de Noticias de la Familia Vicenciana. Tambi\u00e9n es m\u00fasico cat\u00f3lico y ha editado varios discos. Es Director General y cofundador de Trovador, una reconocida compa\u00f1\u00eda discogr\u00e1fica critiana de Espa\u00f1a. Trabaja en las Tecnolog\u00edas de la Informaci\u00f3n, ofreciendo servicios de alojamiento, dise\u00f1o y mantenimiento Web, as\u00ed como asesoramiento, formaci\u00f3n y soluciones inform\u00e1ticas, gesti\u00f3n documental y digitalizaci\u00f3n de textos, edici\u00f3n y maquetaci\u00f3n de libros, revistas, flyers, etc.","sameAs":["http:\/\/chento.org","https:\/\/www.facebook.com\/JavierChento","https:\/\/x.com\/https:\/\/twitter.com\/javierchento"],"url":"https:\/\/vincentians.com\/es\/author\/chento\/"}]}},"jetpack_publicize_connections":[],"jetpack_featured_media_url":"https:\/\/i0.wp.com\/vincentians.com\/es\/wp-content\/uploads\/sites\/11\/2016\/07\/escritos-lucia-roge.jpg?fit=1200%2C630&ssl=1","jetpack_sharing_enabled":true,"jetpack_shortlink":"https:\/\/wp.me\/p7ETMF-b1l","jetpack-related-posts":[{"id":44000,"url":"https:\/\/vincentians.com\/es\/lucia-roge-contemplar-a-maria\/","url_meta":{"origin":42367,"position":0},"title":"Luc\u00eda Rog\u00e9: Contemplar a Mar\u00eda","author":"Francisco Javier Fern\u00e1ndez Chento","date":"01\/07\/2011","format":false,"excerpt":"Sor Luc\u00eda Rog\u00e9, H.C.Par\u00eds, marzo de 1979 El a\u00f1o 1980 ser\u00e1, como ustedes saben, el a\u00f1o del 150 aniversario de la manifestaci\u00f3n de la Sant\u00edsima Virgen a santa Catalina Labour\u00e9. En ese mismo a\u00f1o 1980, la Asamblea General terminar\u00e1 el trabajo de las Constituciones. Estos dos acontecimientos coinciden. Una vez\u2026","rel":"","context":"En \u00abEscritos de Luc\u00eda Rog\u00e9\u00bb","block_context":{"text":"Escritos de Luc\u00eda Rog\u00e9","link":"https:\/\/vincentians.com\/es\/category\/escritos\/escritos-de-lucia-roge\/"},"img":{"alt_text":"","src":"https:\/\/i0.wp.com\/vincentians.com\/es\/wp-content\/uploads\/sites\/11\/2016\/07\/escritos-lucia-roge.jpg?fit=1200%2C630&ssl=1&resize=350%2C200","width":350,"height":200,"srcset":"https:\/\/i0.wp.com\/vincentians.com\/es\/wp-content\/uploads\/sites\/11\/2016\/07\/escritos-lucia-roge.jpg?fit=1200%2C630&ssl=1&resize=350%2C200 1x, https:\/\/i0.wp.com\/vincentians.com\/es\/wp-content\/uploads\/sites\/11\/2016\/07\/escritos-lucia-roge.jpg?fit=1200%2C630&ssl=1&resize=525%2C300 1.5x, https:\/\/i0.wp.com\/vincentians.com\/es\/wp-content\/uploads\/sites\/11\/2016\/07\/escritos-lucia-roge.jpg?fit=1200%2C630&ssl=1&resize=700%2C400 2x, https:\/\/i0.wp.com\/vincentians.com\/es\/wp-content\/uploads\/sites\/11\/2016\/07\/escritos-lucia-roge.jpg?fit=1200%2C630&ssl=1&resize=1050%2C600 3x"},"classes":[]},{"id":34808,"url":"https:\/\/vincentians.com\/es\/lucia-roge-circular-de-ano-nuevo-1977\/","url_meta":{"origin":42367,"position":1},"title":"Luc\u00eda Rog\u00e9: Circular de A\u00f1o nuevo, 1977","author":"Francisco Javier Fern\u00e1ndez Chento","date":"05\/06\/2020","format":false,"excerpt":"TESTIMONIO DE LA FE Par\u00eds, 1 de enero de 1977 Queridas Hermanas: Sus cartas, expresi\u00f3n fiel de la uni\u00f3n de esp\u00edritus y corazones, van llegando de cada Provincia. Ellas me traen la seguridad que espero de sus oraciones y tambi\u00e9n de sus mejores deseos para la Compa\u00f1\u00eda. Les agradezco que\u2026","rel":"","context":"En \u00abEscritos de Luc\u00eda Rog\u00e9\u00bb","block_context":{"text":"Escritos de Luc\u00eda Rog\u00e9","link":"https:\/\/vincentians.com\/es\/category\/escritos\/escritos-de-lucia-roge\/"},"img":{"alt_text":"","src":"https:\/\/i0.wp.com\/vincentians.com\/es\/wp-content\/uploads\/sites\/11\/2016\/07\/escritos-lucia-roge.jpg?fit=1200%2C630&ssl=1&resize=350%2C200","width":350,"height":200,"srcset":"https:\/\/i0.wp.com\/vincentians.com\/es\/wp-content\/uploads\/sites\/11\/2016\/07\/escritos-lucia-roge.jpg?fit=1200%2C630&ssl=1&resize=350%2C200 1x, https:\/\/i0.wp.com\/vincentians.com\/es\/wp-content\/uploads\/sites\/11\/2016\/07\/escritos-lucia-roge.jpg?fit=1200%2C630&ssl=1&resize=525%2C300 1.5x, https:\/\/i0.wp.com\/vincentians.com\/es\/wp-content\/uploads\/sites\/11\/2016\/07\/escritos-lucia-roge.jpg?fit=1200%2C630&ssl=1&resize=700%2C400 2x, https:\/\/i0.wp.com\/vincentians.com\/es\/wp-content\/uploads\/sites\/11\/2016\/07\/escritos-lucia-roge.jpg?fit=1200%2C630&ssl=1&resize=1050%2C600 3x"},"classes":[]},{"id":41567,"url":"https:\/\/vincentians.com\/es\/lucia-roge-ser-siervas-de-los-pobres\/","url_meta":{"origin":42367,"position":2},"title":"Luc\u00eda Rog\u00e9: Ser \u00absiervas de los pobres\u00bb","author":"Francisco Javier Fern\u00e1ndez Chento","date":"06\/06\/2011","format":false,"excerpt":"Sor Luc\u00eda Rog\u00e9, H.C. Par\u00eds, 7 de septiembre de 1981 En la vida de la Compa\u00f1\u00eda, al igual que en la vida de las personas, hay tiempos decisivos, tiempos en que el Se\u00f1or nos interpela. Tenemos que reconocer la conversi\u00f3n a la que provocan y a la vez corresponder a\u2026","rel":"","context":"En \u00abEscritos de Luc\u00eda Rog\u00e9\u00bb","block_context":{"text":"Escritos de Luc\u00eda Rog\u00e9","link":"https:\/\/vincentians.com\/es\/category\/escritos\/escritos-de-lucia-roge\/"},"img":{"alt_text":"","src":"https:\/\/i0.wp.com\/vincentians.com\/es\/wp-content\/uploads\/sites\/11\/2016\/07\/escritos-lucia-roge.jpg?fit=1200%2C630&ssl=1&resize=350%2C200","width":350,"height":200,"srcset":"https:\/\/i0.wp.com\/vincentians.com\/es\/wp-content\/uploads\/sites\/11\/2016\/07\/escritos-lucia-roge.jpg?fit=1200%2C630&ssl=1&resize=350%2C200 1x, https:\/\/i0.wp.com\/vincentians.com\/es\/wp-content\/uploads\/sites\/11\/2016\/07\/escritos-lucia-roge.jpg?fit=1200%2C630&ssl=1&resize=525%2C300 1.5x, https:\/\/i0.wp.com\/vincentians.com\/es\/wp-content\/uploads\/sites\/11\/2016\/07\/escritos-lucia-roge.jpg?fit=1200%2C630&ssl=1&resize=700%2C400 2x, https:\/\/i0.wp.com\/vincentians.com\/es\/wp-content\/uploads\/sites\/11\/2016\/07\/escritos-lucia-roge.jpg?fit=1200%2C630&ssl=1&resize=1050%2C600 3x"},"classes":[]},{"id":39204,"url":"https:\/\/vincentians.com\/es\/lucia-roge-envio-a-mision\/","url_meta":{"origin":42367,"position":3},"title":"Luc\u00eda Rog\u00e9: Env\u00edo a misi\u00f3n","author":"Francisco Javier Fern\u00e1ndez Chento","date":"04\/10\/2020","format":false,"excerpt":"27 de septiembre de 1975 Una etapa de su vida se acaba, la del Seminario, acaban de expre\u00adsar el deseo de ir m\u00e1s all\u00e1. Este deseo, respuesta a una llamada, las invade con la seguridad y el gozo de haber sido miradas por Cristo con amor, a pesar de su\u2026","rel":"","context":"En \u00abEscritos de Luc\u00eda Rog\u00e9\u00bb","block_context":{"text":"Escritos de Luc\u00eda Rog\u00e9","link":"https:\/\/vincentians.com\/es\/category\/escritos\/escritos-de-lucia-roge\/"},"img":{"alt_text":"","src":"https:\/\/i0.wp.com\/vincentians.com\/es\/wp-content\/uploads\/sites\/11\/2016\/07\/escritos-lucia-roge.jpg?fit=1200%2C630&ssl=1&resize=350%2C200","width":350,"height":200,"srcset":"https:\/\/i0.wp.com\/vincentians.com\/es\/wp-content\/uploads\/sites\/11\/2016\/07\/escritos-lucia-roge.jpg?fit=1200%2C630&ssl=1&resize=350%2C200 1x, https:\/\/i0.wp.com\/vincentians.com\/es\/wp-content\/uploads\/sites\/11\/2016\/07\/escritos-lucia-roge.jpg?fit=1200%2C630&ssl=1&resize=525%2C300 1.5x, https:\/\/i0.wp.com\/vincentians.com\/es\/wp-content\/uploads\/sites\/11\/2016\/07\/escritos-lucia-roge.jpg?fit=1200%2C630&ssl=1&resize=700%2C400 2x, https:\/\/i0.wp.com\/vincentians.com\/es\/wp-content\/uploads\/sites\/11\/2016\/07\/escritos-lucia-roge.jpg?fit=1200%2C630&ssl=1&resize=1050%2C600 3x"},"classes":[]},{"id":42376,"url":"https:\/\/vincentians.com\/es\/lucia-roge-la-vida-de-la-hija-de-la-caridad\/","url_meta":{"origin":42367,"position":4},"title":"Luc\u00eda Rog\u00e9: La vida de la Hija de la Caridad","author":"Francisco Javier Fern\u00e1ndez Chento","date":"28\/03\/2021","format":false,"excerpt":"Sor Luc\u00eda Rog\u00e9, H.C.Tenerife, marzo de 1977 Veo el futuro de la Compa\u00f1\u00eda con gran esperanza misionera y coin\u00adcidente con el camino de la misi\u00f3n que nos ense\u00f1aron nuestros santos Fundadores, la misi\u00f3n que tenemos que emprender hoy. Para entrar por ese camino, san Vicente nos indica tres l\u00edneas espirituales:\u2026","rel":"","context":"En \u00abEscritos de Luc\u00eda Rog\u00e9\u00bb","block_context":{"text":"Escritos de Luc\u00eda Rog\u00e9","link":"https:\/\/vincentians.com\/es\/category\/escritos\/escritos-de-lucia-roge\/"},"img":{"alt_text":"","src":"https:\/\/i0.wp.com\/vincentians.com\/es\/wp-content\/uploads\/sites\/11\/2016\/07\/escritos-lucia-roge.jpg?fit=1200%2C630&ssl=1&resize=350%2C200","width":350,"height":200,"srcset":"https:\/\/i0.wp.com\/vincentians.com\/es\/wp-content\/uploads\/sites\/11\/2016\/07\/escritos-lucia-roge.jpg?fit=1200%2C630&ssl=1&resize=350%2C200 1x, https:\/\/i0.wp.com\/vincentians.com\/es\/wp-content\/uploads\/sites\/11\/2016\/07\/escritos-lucia-roge.jpg?fit=1200%2C630&ssl=1&resize=525%2C300 1.5x, https:\/\/i0.wp.com\/vincentians.com\/es\/wp-content\/uploads\/sites\/11\/2016\/07\/escritos-lucia-roge.jpg?fit=1200%2C630&ssl=1&resize=700%2C400 2x, https:\/\/i0.wp.com\/vincentians.com\/es\/wp-content\/uploads\/sites\/11\/2016\/07\/escritos-lucia-roge.jpg?fit=1200%2C630&ssl=1&resize=1050%2C600 3x"},"classes":[]},{"id":41063,"url":"https:\/\/vincentians.com\/es\/lucia-roge-ser-siervas\/","url_meta":{"origin":42367,"position":5},"title":"Luc\u00eda Rog\u00e9: Ser siervas","author":"Francisco Javier Fern\u00e1ndez Chento","date":"18\/11\/2014","format":false,"excerpt":"Par\u00eds, marzo de 1979 La Asamblea General 1979-1980 marca una hora importante para la Compa\u00f1\u00eda, la de la afirmaci\u00f3n de nuestra fidelidad a san Vicente y a santa Luisa, es decir, al pensamiento de Dios sobre la Compa\u00f1\u00eda. Desde los or\u00edgenes, tenemos una identidad espiritual en la Iglesia, identidad dada\u2026","rel":"","context":"En \u00abEscritos de Luc\u00eda Rog\u00e9\u00bb","block_context":{"text":"Escritos de Luc\u00eda Rog\u00e9","link":"https:\/\/vincentians.com\/es\/category\/escritos\/escritos-de-lucia-roge\/"},"img":{"alt_text":"","src":"https:\/\/i0.wp.com\/vincentians.com\/es\/wp-content\/uploads\/sites\/11\/2016\/07\/escritos-lucia-roge.jpg?fit=1200%2C630&ssl=1&resize=350%2C200","width":350,"height":200,"srcset":"https:\/\/i0.wp.com\/vincentians.com\/es\/wp-content\/uploads\/sites\/11\/2016\/07\/escritos-lucia-roge.jpg?fit=1200%2C630&ssl=1&resize=350%2C200 1x, https:\/\/i0.wp.com\/vincentians.com\/es\/wp-content\/uploads\/sites\/11\/2016\/07\/escritos-lucia-roge.jpg?fit=1200%2C630&ssl=1&resize=525%2C300 1.5x, https:\/\/i0.wp.com\/vincentians.com\/es\/wp-content\/uploads\/sites\/11\/2016\/07\/escritos-lucia-roge.jpg?fit=1200%2C630&ssl=1&resize=700%2C400 2x, https:\/\/i0.wp.com\/vincentians.com\/es\/wp-content\/uploads\/sites\/11\/2016\/07\/escritos-lucia-roge.jpg?fit=1200%2C630&ssl=1&resize=1050%2C600 3x"},"classes":[]}],"_links":{"self":[{"href":"https:\/\/vincentians.com\/es\/wp-json\/wp\/v2\/posts\/42367","targetHints":{"allow":["GET"]}}],"collection":[{"href":"https:\/\/vincentians.com\/es\/wp-json\/wp\/v2\/posts"}],"about":[{"href":"https:\/\/vincentians.com\/es\/wp-json\/wp\/v2\/types\/post"}],"author":[{"embeddable":true,"href":"https:\/\/vincentians.com\/es\/wp-json\/wp\/v2\/users\/4"}],"replies":[{"embeddable":true,"href":"https:\/\/vincentians.com\/es\/wp-json\/wp\/v2\/comments?post=42367"}],"version-history":[{"count":1,"href":"https:\/\/vincentians.com\/es\/wp-json\/wp\/v2\/posts\/42367\/revisions"}],"predecessor-version":[{"id":403361,"href":"https:\/\/vincentians.com\/es\/wp-json\/wp\/v2\/posts\/42367\/revisions\/403361"}],"wp:featuredmedia":[{"embeddable":true,"href":"https:\/\/vincentians.com\/es\/wp-json\/wp\/v2\/media\/398623"}],"wp:attachment":[{"href":"https:\/\/vincentians.com\/es\/wp-json\/wp\/v2\/media?parent=42367"}],"wp:term":[{"taxonomy":"category","embeddable":true,"href":"https:\/\/vincentians.com\/es\/wp-json\/wp\/v2\/categories?post=42367"},{"taxonomy":"post_tag","embeddable":true,"href":"https:\/\/vincentians.com\/es\/wp-json\/wp\/v2\/tags?post=42367"}],"curies":[{"name":"wp","href":"https:\/\/api.w.org\/{rel}","templated":true}]}}