{"id":42244,"date":"2014-03-25T02:32:37","date_gmt":"2014-03-25T01:32:37","guid":{"rendered":"http:\/\/somos.vicencianos.org\/blog\/2011\/06\/el-senor-vicente-visto-por-su-secretario-luis-robineau-articulos-271-al-275\/"},"modified":"2014-03-25T02:32:37","modified_gmt":"2014-03-25T01:32:37","slug":"el-senor-vicente-visto-por-su-secretario-luis-robineau-articulos-271-al-275","status":"publish","type":"post","link":"https:\/\/vincentians.com\/es\/el-senor-vicente-visto-por-su-secretario-luis-robineau-articulos-271-al-275\/","title":{"rendered":"El se\u00f1or Vicente visto por su secretario, Luis Robineau. Art\u00edculos 271 al 275"},"content":{"rendered":"<h2><em>271.<\/em><strong><em> La Fundaci\u00f3n del Asilo del Nombre de Jes\u00fas.<\/em><\/strong><\/h2>\n<p>El aprecio que se ten\u00eda de su virtud y, sobre todo, de su gran caridad hac\u00eda que hubiera personas que le pon\u00edan en sus manos cantidades considerables de dinero, como entre otras cierta persona burguesa de Par\u00eds, cuyo nombre desconozco: le entreg\u00f3 una cantidad de cien mil libras de una vez para fundar el Asilo del Nombre de Jes\u00fas en el arrabal de Saint-Martin. El hecho sucedi\u00f3 el mi\u00e9rcoles 29 de octubre de 1653. Y alg\u00fan tiempo m\u00e1s adelante, le entreg\u00f3 adem\u00e1s para el mismo fin cerca de treinta mil libras.<\/p>\n<blockquote><p><strong>Notas del P. Dodin:<\/strong><\/p>\n<p>Fundaci\u00f3n del hospicio del Nombre de Jes\u00fas (1653-1657). (Abelly, 1.211-218; J.B. Pemartin, <strong>R\u00e9\u00e9dition de L. Abelly, 1981,t.I,p.311, n<sup>2<\/sup>1). <\/strong>El hospicio del Nombre de Jes\u00fas sobrevive a los estragos de la Revoluci\u00f3n, que lo transform\u00f3 sin destruirlo. Se convirti\u00f3 en el hospi\u00adcio de los Incurables en el barrio de Saint-Martin. Ha sido trasladado a Ivry. (Coste, <strong>P.: Monsieur Vincent, <\/strong>II.485-496).<\/p><\/blockquote>\n<h2><em>272. El Se\u00f1or Vicente recibe una donaci\u00f3n de 6.000 libras para las misiones (1658).<\/em><\/h2>\n<p>El Se\u00f1or Guillon, consejero de la Gran C\u00e1mara del Parlamento de Par\u00eds, orden\u00f3 a su ejecutor testamentario por medio de un codicilo del a\u00f1o 1658, que se le entregara al Se\u00f1or Vicente una cantidad de 6.000 libras, para que las empleara en dar misiones, sin otra condici\u00f3n que la que el Se\u00f1or Vicente juzgara que fuera la mejor.<\/p>\n<p><em>Nota: cf. el cuaderno del Celo, j 3.<\/em><\/p>\n<blockquote>\n<h3>Notas del P. Dodin:<\/h3>\n<p><strong> <\/strong><\/p>\n<p>Donaci\u00f3n de 2.000 libras por el Sr. Guillon, omitido por L. Abelly.<\/p><\/blockquote>\n<h2><em><strong>273. El Se\u00f1or Vicente recibe de la Reina Ana de Austria unos pendientes.<\/strong><\/em><\/h2>\n<p>Su caridad obtuvo de la Reina Madre del Rey, actualmente reinan\u00adte, seis pendientes que val\u00edan mucho, y como alguno de nuestros Her\u00admanos ha hablado mucho de ellos, aqu\u00ed no dir\u00e9 nada m\u00e1s, y como se omiti\u00f3 una circunstancia dir\u00e9 sobre eso alguna palabra en el Cuader\u00adno del Celo, 3 (Abelly, III. 126).<\/p>\n<blockquote>\n<h3>Notas del P. Dodin:<\/h3>\n<p>Ana de Austria da sus pendientes al Sr. Vicente. (Abelly,III.126).<\/p><\/blockquote>\n<h2><em><strong>274.<\/strong><\/em><em><strong> <\/strong>La Caridad de Montmirail.<\/em><\/h2>\n<p>Nos han escrito desde Montmirail con fecha del 2 de febrero de 1661, que el tiempo que estuvo residiendo en Montmirail en casa de la difunta Se\u00f1ora Generala de las Galeras, el Celo del Se\u00f1or Vicente, tanto para la asistencia de los pobres como para la asistencia de la juventud, no hab\u00eda tenido l\u00edmites, y que sol\u00eda ir con dicha Se\u00f1ora a la casa de los pobres vergonzantes y ayudaba a aquella piadosa Se\u00f1ora a darles la comida, que les llevaban.<\/p>\n<p><em>En nota: tres Hermanas lo recibieron.<\/em><\/p>\n<blockquote>\n<h3>Notas del P. Dodin:<\/h3>\n<p>Celo de la Se\u00f1ora de Gondi y del Se\u00f1or Vicente en Montmirail. Omitido por L.Abelly.<\/p><\/blockquote>\n<h2><em>275.<\/em><strong><em> Pide que se le env\u00ede su propio solideo a un Hermano que solicitaba uno.<\/em><\/strong><\/h2>\n<p>Un d\u00eda, que tuve el honor de estar con \u00e9l en su habitaci\u00f3n, le fueron a decir que un Hermano coadjutor nuestro, que est\u00e1 en Champa\u00f1a asistiendo a los pobres de aquella Provincia, ped\u00eda que le enviaran un solideo, pero que en aquel momento no hab\u00eda ninguno en casa. Cuan\u00addo vio eso, el Se\u00f1or Vicente se quit\u00f3 el suyo de la cabeza, y luego se lo entreg\u00f3 al Hermano que vino a decirle el encargo, y le dijo: \u00abTenga, Hermano; env\u00edele el nuestro\u00bb. Y como le indicamos que ya lo com\u00adprar\u00eda: \u00abNo, Hermano, se lo ruego, env\u00edele \u00e9ste\u00bb. Y si no llegamos a indicarle que aqu\u00e9l pudiera no valerle, porque era demasiado ancho, le hubiera obligado a mand\u00e1rselo; tan decidido estaba.<\/p>\n<blockquote>\n<h3>Notas del P. Dodin:<\/h3>\n<p>El Sr. Vicente env\u00eda su solideo personal a un Hermano. (Abelly,III.167-168, que no pone el fin de la charla).<\/p><\/blockquote>\n","protected":false},"excerpt":{"rendered":"<p>271. La Fundaci\u00f3n del Asilo del Nombre de Jes\u00fas. El aprecio que se ten\u00eda de su virtud y, sobre todo, de su gran caridad hac\u00eda que hubiera personas que le pon\u00edan en sus manos cantidades &#8230; <a href=\"https:\/\/vincentians.com\/es\/el-senor-vicente-visto-por-su-secretario-luis-robineau-articulos-271-al-275\/\" class=\"more-link\">Read More<\/a><\/p>\n","protected":false},"author":4,"featured_media":27211,"comment_status":"open","ping_status":"open","sticky":false,"template":"","format":"standard","meta":{"jetpack_post_was_ever_published":false,"_jetpack_newsletter_access":"","_jetpack_dont_email_post_to_subs":false,"_jetpack_newsletter_tier_id":0,"_jetpack_memberships_contains_paywalled_content":false,"_jetpack_memberships_contains_paid_content":false,"footnotes":"","jetpack_publicize_message":"","jetpack_publicize_feature_enabled":true,"jetpack_social_post_already_shared":true,"jetpack_social_options":{"image_generator_settings":{"template":"highway","default_image_id":0,"font":"","enabled":false},"version":2}},"categories":[311],"tags":[218,119,131,166,120],"class_list":["post-42244","post","type-post","status-publish","format-standard","has-post-thumbnail","hentry","category-escritos-de-luis-robineau","tag-abelly","tag-gondi","tag-montmirail","tag-robineau","tag-senora-de-gondi"],"yoast_head":"<!-- This site is optimized with the Yoast SEO plugin v26.3 - https:\/\/yoast.com\/wordpress\/plugins\/seo\/ -->\n<title>El se\u00f1or Vicente visto por su secretario, Luis Robineau. Art\u00edculos 271 al 275 - Somos Vicencianos<\/title>\n<meta name=\"robots\" content=\"index, follow, max-snippet:-1, max-image-preview:large, max-video-preview:-1\" \/>\n<link rel=\"canonical\" href=\"https:\/\/vincentians.com\/es\/el-senor-vicente-visto-por-su-secretario-luis-robineau-articulos-271-al-275\/\" \/>\n<meta property=\"og:locale\" content=\"es_ES\" \/>\n<meta property=\"og:type\" content=\"article\" \/>\n<meta property=\"og:title\" content=\"El se\u00f1or Vicente visto por su secretario, Luis Robineau. Art\u00edculos 271 al 275 - Somos Vicencianos\" \/>\n<meta property=\"og:description\" content=\"271. La Fundaci\u00f3n del Asilo del Nombre de Jes\u00fas. El aprecio que se ten\u00eda de su virtud y, sobre todo, de su gran caridad hac\u00eda que hubiera personas que le pon\u00edan en sus manos cantidades ... Read More\" \/>\n<meta property=\"og:url\" content=\"https:\/\/vincentians.com\/es\/el-senor-vicente-visto-por-su-secretario-luis-robineau-articulos-271-al-275\/\" \/>\n<meta property=\"og:site_name\" content=\"Somos Vicencianos\" \/>\n<meta property=\"article:publisher\" content=\"https:\/\/www.facebook.com\/WeAreVincentians\/\" \/>\n<meta property=\"article:author\" content=\"https:\/\/www.facebook.com\/JavierChento\" \/>\n<meta property=\"article:published_time\" content=\"2014-03-25T01:32:37+00:00\" \/>\n<meta name=\"author\" content=\"Francisco Javier Fern\u00e1ndez Chento\" \/>\n<meta name=\"twitter:card\" content=\"summary_large_image\" \/>\n<meta name=\"twitter:creator\" content=\"@https:\/\/twitter.com\/javierchento\" \/>\n<meta name=\"twitter:site\" content=\"@WeVincentians\" \/>\n<meta name=\"twitter:label1\" content=\"Escrito por\" \/>\n\t<meta name=\"twitter:data1\" content=\"Francisco Javier Fern\u00e1ndez Chento\" \/>\n\t<meta name=\"twitter:label2\" content=\"Tiempo de lectura\" \/>\n\t<meta name=\"twitter:data2\" content=\"3 minutos\" \/>\n<script type=\"application\/ld+json\" class=\"yoast-schema-graph\">{\"@context\":\"https:\/\/schema.org\",\"@graph\":[{\"@type\":\"Article\",\"@id\":\"https:\/\/vincentians.com\/es\/el-senor-vicente-visto-por-su-secretario-luis-robineau-articulos-271-al-275\/#article\",\"isPartOf\":{\"@id\":\"https:\/\/vincentians.com\/es\/el-senor-vicente-visto-por-su-secretario-luis-robineau-articulos-271-al-275\/\"},\"author\":{\"name\":\"Francisco Javier Fern\u00e1ndez Chento\",\"@id\":\"http:\/\/vincentians.com\/es\/#\/schema\/person\/9623ef4d9aa3b2dfb8c061f1499288f2\"},\"headline\":\"El se\u00f1or Vicente visto por su secretario, Luis Robineau. Art\u00edculos 271 al 275\",\"datePublished\":\"2014-03-25T01:32:37+00:00\",\"mainEntityOfPage\":{\"@id\":\"https:\/\/vincentians.com\/es\/el-senor-vicente-visto-por-su-secretario-luis-robineau-articulos-271-al-275\/\"},\"wordCount\":669,\"commentCount\":0,\"publisher\":{\"@id\":\"http:\/\/vincentians.com\/es\/#organization\"},\"image\":{\"@id\":\"https:\/\/vincentians.com\/es\/el-senor-vicente-visto-por-su-secretario-luis-robineau-articulos-271-al-275\/#primaryimage\"},\"thumbnailUrl\":\"\",\"keywords\":[\"Abelly\",\"Gondi\",\"Montmirail\",\"Robineau\",\"Se\u00f1ora de Gondi\"],\"articleSection\":[\"Escritos de Luis Robineau\"],\"inLanguage\":\"es\",\"potentialAction\":[{\"@type\":\"CommentAction\",\"name\":\"Comment\",\"target\":[\"https:\/\/vincentians.com\/es\/el-senor-vicente-visto-por-su-secretario-luis-robineau-articulos-271-al-275\/#respond\"]}]},{\"@type\":\"WebPage\",\"@id\":\"https:\/\/vincentians.com\/es\/el-senor-vicente-visto-por-su-secretario-luis-robineau-articulos-271-al-275\/\",\"url\":\"https:\/\/vincentians.com\/es\/el-senor-vicente-visto-por-su-secretario-luis-robineau-articulos-271-al-275\/\",\"name\":\"El se\u00f1or Vicente visto por su secretario, Luis Robineau. Art\u00edculos 271 al 275 - Somos Vicencianos\",\"isPartOf\":{\"@id\":\"http:\/\/vincentians.com\/es\/#website\"},\"primaryImageOfPage\":{\"@id\":\"https:\/\/vincentians.com\/es\/el-senor-vicente-visto-por-su-secretario-luis-robineau-articulos-271-al-275\/#primaryimage\"},\"image\":{\"@id\":\"https:\/\/vincentians.com\/es\/el-senor-vicente-visto-por-su-secretario-luis-robineau-articulos-271-al-275\/#primaryimage\"},\"thumbnailUrl\":\"\",\"datePublished\":\"2014-03-25T01:32:37+00:00\",\"breadcrumb\":{\"@id\":\"https:\/\/vincentians.com\/es\/el-senor-vicente-visto-por-su-secretario-luis-robineau-articulos-271-al-275\/#breadcrumb\"},\"inLanguage\":\"es\",\"potentialAction\":[{\"@type\":\"ReadAction\",\"target\":[\"https:\/\/vincentians.com\/es\/el-senor-vicente-visto-por-su-secretario-luis-robineau-articulos-271-al-275\/\"]}]},{\"@type\":\"ImageObject\",\"inLanguage\":\"es\",\"@id\":\"https:\/\/vincentians.com\/es\/el-senor-vicente-visto-por-su-secretario-luis-robineau-articulos-271-al-275\/#primaryimage\",\"url\":\"\",\"contentUrl\":\"\"},{\"@type\":\"BreadcrumbList\",\"@id\":\"https:\/\/vincentians.com\/es\/el-senor-vicente-visto-por-su-secretario-luis-robineau-articulos-271-al-275\/#breadcrumb\",\"itemListElement\":[{\"@type\":\"ListItem\",\"position\":1,\"name\":\"Portada\",\"item\":\"http:\/\/vincentians.com\/es\/\"},{\"@type\":\"ListItem\",\"position\":2,\"name\":\"El se\u00f1or Vicente visto por su secretario, Luis Robineau. Art\u00edculos 271 al 275\"}]},{\"@type\":\"WebSite\",\"@id\":\"http:\/\/vincentians.com\/es\/#website\",\"url\":\"http:\/\/vincentians.com\/es\/\",\"name\":\"Somos Vicencianos\",\"description\":\"Know more to serve more\",\"publisher\":{\"@id\":\"http:\/\/vincentians.com\/es\/#organization\"},\"potentialAction\":[{\"@type\":\"SearchAction\",\"target\":{\"@type\":\"EntryPoint\",\"urlTemplate\":\"http:\/\/vincentians.com\/es\/?s={search_term_string}\"},\"query-input\":{\"@type\":\"PropertyValueSpecification\",\"valueRequired\":true,\"valueName\":\"search_term_string\"}}],\"inLanguage\":\"es\"},{\"@type\":\"Organization\",\"@id\":\"http:\/\/vincentians.com\/es\/#organization\",\"name\":\"The Vincentian Network\",\"url\":\"http:\/\/vincentians.com\/es\/\",\"logo\":{\"@type\":\"ImageObject\",\"inLanguage\":\"es\",\"@id\":\"http:\/\/vincentians.com\/es\/#\/schema\/logo\/image\/\",\"url\":\"https:\/\/i1.wp.com\/vincentians.com\/es\/wp-content\/uploads\/sites\/11\/2016\/06\/Vincentian-Network-logo-big.png?fit=778%2C778\",\"contentUrl\":\"https:\/\/i1.wp.com\/vincentians.com\/es\/wp-content\/uploads\/sites\/11\/2016\/06\/Vincentian-Network-logo-big.png?fit=778%2C778\",\"width\":778,\"height\":778,\"caption\":\"The Vincentian Network\"},\"image\":{\"@id\":\"http:\/\/vincentians.com\/es\/#\/schema\/logo\/image\/\"},\"sameAs\":[\"https:\/\/www.facebook.com\/WeAreVincentians\/\",\"https:\/\/x.com\/WeVincentians\"]},{\"@type\":\"Person\",\"@id\":\"http:\/\/vincentians.com\/es\/#\/schema\/person\/9623ef4d9aa3b2dfb8c061f1499288f2\",\"name\":\"Francisco Javier Fern\u00e1ndez Chento\",\"image\":{\"@type\":\"ImageObject\",\"inLanguage\":\"es\",\"@id\":\"http:\/\/vincentians.com\/es\/#\/schema\/person\/image\/\",\"url\":\"https:\/\/secure.gravatar.com\/avatar\/497d5cde87b4c3d097d0315953521681ba2cd523ee66e5077c3711f7021e65de?s=96&d=mm&r=g\",\"contentUrl\":\"https:\/\/secure.gravatar.com\/avatar\/497d5cde87b4c3d097d0315953521681ba2cd523ee66e5077c3711f7021e65de?s=96&d=mm&r=g\",\"caption\":\"Francisco Javier Fern\u00e1ndez Chento\"},\"description\":\"Director General y cofundador de La Red de Formaci\u00f3n Vicenciana. Javier es laico vicenciano, afiliado a la Congregaci\u00f3n de la Misi\u00f3n y miembro del Equipo de Misiones Populares de la provincia can\u00f3nica de Zaragoza (Espa\u00f1a) de la Congregaci\u00f3n de la Misi\u00f3n. Graduado en la Universidad Oberta de Catalunya con cuatro grados (Asistente de direcci\u00f3n, Gesti\u00f3n Administrativa, Recursos Humanos y Contabilidad Avanzada). Bil\u00edng\u00fce Espa\u00f1ol\/Ingl\u00e9s. gestiona y mantiene varias p\u00e1ginas web cristianas y vicencianas, incluida including La Red de Formaci\u00f3n Vicenciana, de la que es cofundador. Actualmente es responsable del \u00e1rea de Espa\u00f1ol de .famvin, la Red de Noticias de la Familia Vicenciana. Tambi\u00e9n es m\u00fasico cat\u00f3lico y ha editado varios discos. Es Director General y cofundador de Trovador, una reconocida compa\u00f1\u00eda discogr\u00e1fica critiana de Espa\u00f1a. Trabaja en las Tecnolog\u00edas de la Informaci\u00f3n, ofreciendo servicios de alojamiento, dise\u00f1o y mantenimiento Web, as\u00ed como asesoramiento, formaci\u00f3n y soluciones inform\u00e1ticas, gesti\u00f3n documental y digitalizaci\u00f3n de textos, edici\u00f3n y maquetaci\u00f3n de libros, revistas, flyers, etc.\",\"sameAs\":[\"http:\/\/chento.org\",\"https:\/\/www.facebook.com\/JavierChento\",\"https:\/\/x.com\/https:\/\/twitter.com\/javierchento\"],\"url\":\"https:\/\/vincentians.com\/es\/author\/chento\/\"}]}<\/script>\n<!-- \/ Yoast SEO plugin. -->","yoast_head_json":{"title":"El se\u00f1or Vicente visto por su secretario, Luis Robineau. Art\u00edculos 271 al 275 - Somos Vicencianos","robots":{"index":"index","follow":"follow","max-snippet":"max-snippet:-1","max-image-preview":"max-image-preview:large","max-video-preview":"max-video-preview:-1"},"canonical":"https:\/\/vincentians.com\/es\/el-senor-vicente-visto-por-su-secretario-luis-robineau-articulos-271-al-275\/","og_locale":"es_ES","og_type":"article","og_title":"El se\u00f1or Vicente visto por su secretario, Luis Robineau. Art\u00edculos 271 al 275 - Somos Vicencianos","og_description":"271. La Fundaci\u00f3n del Asilo del Nombre de Jes\u00fas. El aprecio que se ten\u00eda de su virtud y, sobre todo, de su gran caridad hac\u00eda que hubiera personas que le pon\u00edan en sus manos cantidades ... Read More","og_url":"https:\/\/vincentians.com\/es\/el-senor-vicente-visto-por-su-secretario-luis-robineau-articulos-271-al-275\/","og_site_name":"Somos Vicencianos","article_publisher":"https:\/\/www.facebook.com\/WeAreVincentians\/","article_author":"https:\/\/www.facebook.com\/JavierChento","article_published_time":"2014-03-25T01:32:37+00:00","author":"Francisco Javier Fern\u00e1ndez Chento","twitter_card":"summary_large_image","twitter_creator":"@https:\/\/twitter.com\/javierchento","twitter_site":"@WeVincentians","twitter_misc":{"Escrito por":"Francisco Javier Fern\u00e1ndez Chento","Tiempo de lectura":"3 minutos"},"schema":{"@context":"https:\/\/schema.org","@graph":[{"@type":"Article","@id":"https:\/\/vincentians.com\/es\/el-senor-vicente-visto-por-su-secretario-luis-robineau-articulos-271-al-275\/#article","isPartOf":{"@id":"https:\/\/vincentians.com\/es\/el-senor-vicente-visto-por-su-secretario-luis-robineau-articulos-271-al-275\/"},"author":{"name":"Francisco Javier Fern\u00e1ndez Chento","@id":"http:\/\/vincentians.com\/es\/#\/schema\/person\/9623ef4d9aa3b2dfb8c061f1499288f2"},"headline":"El se\u00f1or Vicente visto por su secretario, Luis Robineau. Art\u00edculos 271 al 275","datePublished":"2014-03-25T01:32:37+00:00","mainEntityOfPage":{"@id":"https:\/\/vincentians.com\/es\/el-senor-vicente-visto-por-su-secretario-luis-robineau-articulos-271-al-275\/"},"wordCount":669,"commentCount":0,"publisher":{"@id":"http:\/\/vincentians.com\/es\/#organization"},"image":{"@id":"https:\/\/vincentians.com\/es\/el-senor-vicente-visto-por-su-secretario-luis-robineau-articulos-271-al-275\/#primaryimage"},"thumbnailUrl":"","keywords":["Abelly","Gondi","Montmirail","Robineau","Se\u00f1ora de Gondi"],"articleSection":["Escritos de Luis Robineau"],"inLanguage":"es","potentialAction":[{"@type":"CommentAction","name":"Comment","target":["https:\/\/vincentians.com\/es\/el-senor-vicente-visto-por-su-secretario-luis-robineau-articulos-271-al-275\/#respond"]}]},{"@type":"WebPage","@id":"https:\/\/vincentians.com\/es\/el-senor-vicente-visto-por-su-secretario-luis-robineau-articulos-271-al-275\/","url":"https:\/\/vincentians.com\/es\/el-senor-vicente-visto-por-su-secretario-luis-robineau-articulos-271-al-275\/","name":"El se\u00f1or Vicente visto por su secretario, Luis Robineau. Art\u00edculos 271 al 275 - Somos Vicencianos","isPartOf":{"@id":"http:\/\/vincentians.com\/es\/#website"},"primaryImageOfPage":{"@id":"https:\/\/vincentians.com\/es\/el-senor-vicente-visto-por-su-secretario-luis-robineau-articulos-271-al-275\/#primaryimage"},"image":{"@id":"https:\/\/vincentians.com\/es\/el-senor-vicente-visto-por-su-secretario-luis-robineau-articulos-271-al-275\/#primaryimage"},"thumbnailUrl":"","datePublished":"2014-03-25T01:32:37+00:00","breadcrumb":{"@id":"https:\/\/vincentians.com\/es\/el-senor-vicente-visto-por-su-secretario-luis-robineau-articulos-271-al-275\/#breadcrumb"},"inLanguage":"es","potentialAction":[{"@type":"ReadAction","target":["https:\/\/vincentians.com\/es\/el-senor-vicente-visto-por-su-secretario-luis-robineau-articulos-271-al-275\/"]}]},{"@type":"ImageObject","inLanguage":"es","@id":"https:\/\/vincentians.com\/es\/el-senor-vicente-visto-por-su-secretario-luis-robineau-articulos-271-al-275\/#primaryimage","url":"","contentUrl":""},{"@type":"BreadcrumbList","@id":"https:\/\/vincentians.com\/es\/el-senor-vicente-visto-por-su-secretario-luis-robineau-articulos-271-al-275\/#breadcrumb","itemListElement":[{"@type":"ListItem","position":1,"name":"Portada","item":"http:\/\/vincentians.com\/es\/"},{"@type":"ListItem","position":2,"name":"El se\u00f1or Vicente visto por su secretario, Luis Robineau. Art\u00edculos 271 al 275"}]},{"@type":"WebSite","@id":"http:\/\/vincentians.com\/es\/#website","url":"http:\/\/vincentians.com\/es\/","name":"Somos Vicencianos","description":"Know more to serve more","publisher":{"@id":"http:\/\/vincentians.com\/es\/#organization"},"potentialAction":[{"@type":"SearchAction","target":{"@type":"EntryPoint","urlTemplate":"http:\/\/vincentians.com\/es\/?s={search_term_string}"},"query-input":{"@type":"PropertyValueSpecification","valueRequired":true,"valueName":"search_term_string"}}],"inLanguage":"es"},{"@type":"Organization","@id":"http:\/\/vincentians.com\/es\/#organization","name":"The Vincentian Network","url":"http:\/\/vincentians.com\/es\/","logo":{"@type":"ImageObject","inLanguage":"es","@id":"http:\/\/vincentians.com\/es\/#\/schema\/logo\/image\/","url":"https:\/\/i1.wp.com\/vincentians.com\/es\/wp-content\/uploads\/sites\/11\/2016\/06\/Vincentian-Network-logo-big.png?fit=778%2C778","contentUrl":"https:\/\/i1.wp.com\/vincentians.com\/es\/wp-content\/uploads\/sites\/11\/2016\/06\/Vincentian-Network-logo-big.png?fit=778%2C778","width":778,"height":778,"caption":"The Vincentian Network"},"image":{"@id":"http:\/\/vincentians.com\/es\/#\/schema\/logo\/image\/"},"sameAs":["https:\/\/www.facebook.com\/WeAreVincentians\/","https:\/\/x.com\/WeVincentians"]},{"@type":"Person","@id":"http:\/\/vincentians.com\/es\/#\/schema\/person\/9623ef4d9aa3b2dfb8c061f1499288f2","name":"Francisco Javier Fern\u00e1ndez Chento","image":{"@type":"ImageObject","inLanguage":"es","@id":"http:\/\/vincentians.com\/es\/#\/schema\/person\/image\/","url":"https:\/\/secure.gravatar.com\/avatar\/497d5cde87b4c3d097d0315953521681ba2cd523ee66e5077c3711f7021e65de?s=96&d=mm&r=g","contentUrl":"https:\/\/secure.gravatar.com\/avatar\/497d5cde87b4c3d097d0315953521681ba2cd523ee66e5077c3711f7021e65de?s=96&d=mm&r=g","caption":"Francisco Javier Fern\u00e1ndez Chento"},"description":"Director General y cofundador de La Red de Formaci\u00f3n Vicenciana. Javier es laico vicenciano, afiliado a la Congregaci\u00f3n de la Misi\u00f3n y miembro del Equipo de Misiones Populares de la provincia can\u00f3nica de Zaragoza (Espa\u00f1a) de la Congregaci\u00f3n de la Misi\u00f3n. Graduado en la Universidad Oberta de Catalunya con cuatro grados (Asistente de direcci\u00f3n, Gesti\u00f3n Administrativa, Recursos Humanos y Contabilidad Avanzada). Bil\u00edng\u00fce Espa\u00f1ol\/Ingl\u00e9s. gestiona y mantiene varias p\u00e1ginas web cristianas y vicencianas, incluida including La Red de Formaci\u00f3n Vicenciana, de la que es cofundador. Actualmente es responsable del \u00e1rea de Espa\u00f1ol de .famvin, la Red de Noticias de la Familia Vicenciana. Tambi\u00e9n es m\u00fasico cat\u00f3lico y ha editado varios discos. Es Director General y cofundador de Trovador, una reconocida compa\u00f1\u00eda discogr\u00e1fica critiana de Espa\u00f1a. Trabaja en las Tecnolog\u00edas de la Informaci\u00f3n, ofreciendo servicios de alojamiento, dise\u00f1o y mantenimiento Web, as\u00ed como asesoramiento, formaci\u00f3n y soluciones inform\u00e1ticas, gesti\u00f3n documental y digitalizaci\u00f3n de textos, edici\u00f3n y maquetaci\u00f3n de libros, revistas, flyers, etc.","sameAs":["http:\/\/chento.org","https:\/\/www.facebook.com\/JavierChento","https:\/\/x.com\/https:\/\/twitter.com\/javierchento"],"url":"https:\/\/vincentians.com\/es\/author\/chento\/"}]}},"jetpack_publicize_connections":[],"jetpack_featured_media_url":"","jetpack_sharing_enabled":true,"jetpack_shortlink":"https:\/\/wp.me\/p7ETMF-aZm","jetpack-related-posts":[{"id":115059,"url":"https:\/\/vincentians.com\/es\/casas-de-las-hijas-de-la-caridad-en-paris-en-tiempos-de-san-vicente-iii\/","url_meta":{"origin":42244,"position":0},"title":"Casas de las Hijas de la Caridad en Par\u00eds en tiempos de San Vicente (III)","author":"Mitxel Olabu\u00e9naga","date":"21\/02\/2019","format":false,"excerpt":"2) Otras casas en Par\u00eds a) Hospicio de Quinze-Vingts (15 x 20 = 300) (II, 425) Era un hospicio para ciegos. Fundado entre 1254 y 1261 por el rey San Luis en recuerdo de la mutilaci\u00f3n de 300 cruzados a quienes les sacaron los ojos en Tierra Santa. Era un\u2026","rel":"","context":"En \u00abEn tiempos de Vicente de Pa\u00fal\u00bb","block_context":{"text":"En tiempos de Vicente de Pa\u00fal","link":"https:\/\/vincentians.com\/es\/category\/historia-de-la-familia-vicenciana\/en-tiempos-de-vicente-de-paul\/"},"img":{"alt_text":"","src":"https:\/\/i0.wp.com\/vincentians.com\/es\/wp-content\/uploads\/sites\/11\/2016\/08\/con-damas-de-la-caridad.jpg?fit=1200%2C630&ssl=1&resize=350%2C200","width":350,"height":200,"srcset":"https:\/\/i0.wp.com\/vincentians.com\/es\/wp-content\/uploads\/sites\/11\/2016\/08\/con-damas-de-la-caridad.jpg?fit=1200%2C630&ssl=1&resize=350%2C200 1x, https:\/\/i0.wp.com\/vincentians.com\/es\/wp-content\/uploads\/sites\/11\/2016\/08\/con-damas-de-la-caridad.jpg?fit=1200%2C630&ssl=1&resize=525%2C300 1.5x, https:\/\/i0.wp.com\/vincentians.com\/es\/wp-content\/uploads\/sites\/11\/2016\/08\/con-damas-de-la-caridad.jpg?fit=1200%2C630&ssl=1&resize=700%2C400 2x, https:\/\/i0.wp.com\/vincentians.com\/es\/wp-content\/uploads\/sites\/11\/2016\/08\/con-damas-de-la-caridad.jpg?fit=1200%2C630&ssl=1&resize=1050%2C600 3x"},"classes":[]},{"id":103909,"url":"https:\/\/vincentians.com\/es\/luisa-de-marillac-carta-0643-al-senor-vicente\/","url_meta":{"origin":42244,"position":1},"title":"Luisa de Marillac, Carta 0643: Al se\u00f1or Vicente","author":"Francisco Javier Fern\u00e1ndez Chento","date":"19\/09\/2012","format":false,"excerpt":"[septiembre 1658] Necesito consolarme con su caridad, mi muy Honorable Padre, de la p\u00e9rdida de nuestra pobre Sor Juana Bautista, por mi culpa, al no haberme atrevido a hablarle claro de la mala conducta en lo que ha pasado en el nombre de Jes\u00fas, de lo que ella ha sufrido\u2026","rel":"","context":"En \u00abEscritos de Luisa de Marillac\u00bb","block_context":{"text":"Escritos de Luisa de Marillac","link":"https:\/\/vincentians.com\/es\/category\/escritos\/escritos-de-luisa-de-marillac\/"},"img":{"alt_text":"","src":"https:\/\/i0.wp.com\/vincentians.com\/es\/wp-content\/uploads\/sites\/11\/2016\/07\/escritos-luisa-de-marillac.jpg?fit=1200%2C630&ssl=1&resize=350%2C200","width":350,"height":200,"srcset":"https:\/\/i0.wp.com\/vincentians.com\/es\/wp-content\/uploads\/sites\/11\/2016\/07\/escritos-luisa-de-marillac.jpg?fit=1200%2C630&ssl=1&resize=350%2C200 1x, https:\/\/i0.wp.com\/vincentians.com\/es\/wp-content\/uploads\/sites\/11\/2016\/07\/escritos-luisa-de-marillac.jpg?fit=1200%2C630&ssl=1&resize=525%2C300 1.5x, https:\/\/i0.wp.com\/vincentians.com\/es\/wp-content\/uploads\/sites\/11\/2016\/07\/escritos-luisa-de-marillac.jpg?fit=1200%2C630&ssl=1&resize=700%2C400 2x, https:\/\/i0.wp.com\/vincentians.com\/es\/wp-content\/uploads\/sites\/11\/2016\/07\/escritos-luisa-de-marillac.jpg?fit=1200%2C630&ssl=1&resize=1050%2C600 3x"},"classes":[]},{"id":37724,"url":"https:\/\/vincentians.com\/es\/el-senor-vicente-visto-por-su-secretario-luis-robineau-articulos-156-al-160\/","url_meta":{"origin":42244,"position":2},"title":"El se\u00f1or Vicente visto por su secretario, Luis Robineau. Art\u00edculos 156 al 160","author":"Francisco Javier Fern\u00e1ndez Chento","date":"02\/03\/2014","format":false,"excerpt":"156. Aut\u00e9ntico cristiano el que est\u00e1 dispuesto a perderlo todo por Jesucristo. No seremos \u2014dec\u00eda\u2014 verdaderos cristianos hasta que no estemos dispuestos a perder todo por el amor de Dios y a dar nuestra vida por Jesucristo. Notas del P. Dodin: Definici\u00f3n ausente en Abelly (III). 157. Dispuesto a sufrir\u2026","rel":"","context":"En \u00abEscritos de Luis Robineau\u00bb","block_context":{"text":"Escritos de Luis Robineau","link":"https:\/\/vincentians.com\/es\/category\/escritos\/escritos-de-luis-robineau\/"},"img":{"alt_text":"","src":"","width":0,"height":0},"classes":[]},{"id":40141,"url":"https:\/\/vincentians.com\/es\/el-senor-vicente-visto-por-su-secretario-luis-robineau-articulos-201-al-205\/","url_meta":{"origin":42244,"position":3},"title":"El se\u00f1or Vicente visto por su secretario, Luis Robineau. Art\u00edculos 201 al 205","author":"Francisco Javier Fern\u00e1ndez Chento","date":"11\/03\/2014","format":false,"excerpt":"201. Agua el vino. Era muy sobrio en la bebida y en la comida, y aguaba mucho el vino que beb\u00eda. Notas del P. Dodin: Anotaci\u00f3n omitida por L. Abelly. 202. Nombramiento para los beneficios. Siempre estaba conforme con lo que ve\u00eda que era para mayor glo\u00adria de Dios y\u2026","rel":"","context":"En \u00abEscritos de Luis Robineau\u00bb","block_context":{"text":"Escritos de Luis Robineau","link":"https:\/\/vincentians.com\/es\/category\/escritos\/escritos-de-luis-robineau\/"},"img":{"alt_text":"","src":"","width":0,"height":0},"classes":[]},{"id":129802,"url":"https:\/\/vincentians.com\/es\/los-pobres-molestan-a-la-sociedad\/","url_meta":{"origin":42244,"position":4},"title":"Los pobres molestan a la sociedad","author":"Francisco Javier Fern\u00e1ndez Chento","date":"11\/03\/2014","format":false,"excerpt":"Encerrarlos Al llegar al final de su vida, Luisa ten\u00eda que cumplir enteramente su destino; como di\u00adr\u00eda ella, cumplir totalmente el designio eterno de Dios sobre ella. Al carisma que se le ma\u00adnifest\u00f3, todav\u00eda incipiente, cuando viv\u00eda su marido, le faltaba ocuparse de los pobres mar\u00adginados y despreciados, a los\u2026","rel":"","context":"En \u00abFormaci\u00f3n Vicenciana\u00bb","block_context":{"text":"Formaci\u00f3n Vicenciana","link":"https:\/\/vincentians.com\/es\/category\/formacion-vicenciana\/"},"img":{"alt_text":"cartel","src":"https:\/\/i0.wp.com\/vicencianos.org\/wp-content\/2014\/02\/cartel.jpg?resize=350%2C200","width":350,"height":200},"classes":[]},{"id":41568,"url":"https:\/\/vincentians.com\/es\/el-senor-vicente-visto-por-su-secretario-luis-robineau-articulos-236-al-240\/","url_meta":{"origin":42244,"position":5},"title":"El se\u00f1or Vicente visto por su secretario, Luis Robineau. Art\u00edculos 236 al 240","author":"Francisco Javier Fern\u00e1ndez Chento","date":"18\/03\/2014","format":false,"excerpt":"236. Su alegr\u00eda al anunciarse que se hab\u00eda restablecido la libertad de conciencia en Inglaterra. En el mes de octubre del a\u00f1o .1650, el Se\u00f1or Portavoz oficial de Par\u00eds le comunic\u00f3 que se hab\u00eda concedido la libertad de conciencia en Inglaterra. Ese hecho movi\u00f3 al Se\u00f1or Vicente a decir, con\u2026","rel":"","context":"En \u00abEscritos de Luis Robineau\u00bb","block_context":{"text":"Escritos de Luis Robineau","link":"https:\/\/vincentians.com\/es\/category\/escritos\/escritos-de-luis-robineau\/"},"img":{"alt_text":"","src":"","width":0,"height":0},"classes":[]}],"_links":{"self":[{"href":"https:\/\/vincentians.com\/es\/wp-json\/wp\/v2\/posts\/42244","targetHints":{"allow":["GET"]}}],"collection":[{"href":"https:\/\/vincentians.com\/es\/wp-json\/wp\/v2\/posts"}],"about":[{"href":"https:\/\/vincentians.com\/es\/wp-json\/wp\/v2\/types\/post"}],"author":[{"embeddable":true,"href":"https:\/\/vincentians.com\/es\/wp-json\/wp\/v2\/users\/4"}],"replies":[{"embeddable":true,"href":"https:\/\/vincentians.com\/es\/wp-json\/wp\/v2\/comments?post=42244"}],"version-history":[{"count":0,"href":"https:\/\/vincentians.com\/es\/wp-json\/wp\/v2\/posts\/42244\/revisions"}],"wp:featuredmedia":[{"embeddable":true,"href":"https:\/\/vincentians.com\/es\/wp-json\/"}],"wp:attachment":[{"href":"https:\/\/vincentians.com\/es\/wp-json\/wp\/v2\/media?parent=42244"}],"wp:term":[{"taxonomy":"category","embeddable":true,"href":"https:\/\/vincentians.com\/es\/wp-json\/wp\/v2\/categories?post=42244"},{"taxonomy":"post_tag","embeddable":true,"href":"https:\/\/vincentians.com\/es\/wp-json\/wp\/v2\/tags?post=42244"}],"curies":[{"name":"wp","href":"https:\/\/api.w.org\/{rel}","templated":true}]}}