{"id":42242,"date":"2014-03-23T01:32:37","date_gmt":"2014-03-23T00:32:37","guid":{"rendered":"http:\/\/somos.vicencianos.org\/blog\/2011\/06\/el-senor-vicente-visto-por-su-secretario-luis-robineau-articulos-261-al-265\/"},"modified":"2014-03-23T01:32:37","modified_gmt":"2014-03-23T00:32:37","slug":"el-senor-vicente-visto-por-su-secretario-luis-robineau-articulos-261-al-265","status":"publish","type":"post","link":"https:\/\/vincentians.com\/es\/el-senor-vicente-visto-por-su-secretario-luis-robineau-articulos-261-al-265\/","title":{"rendered":"El se\u00f1or Vicente visto por su secretario, Luis Robineau. Art\u00edculos 261 al 265"},"content":{"rendered":"<h2><em>261.<\/em><strong><em> Los misioneros dedicados a la distribuci\u00f3n de las limosnas son los mejores testigos.<\/em><\/strong><\/h2>\n<p>Como varias personas de la Compa\u00f1\u00eda han estado empleadas en repartir limosnas tanto en Lorena, Champa\u00f1a, Picard\u00eda, como en otros sitios del Reino y por medio de la fundaci\u00f3n de las Cofrad\u00edas de la Caridad, por eso sabr\u00e1n mucho mejor y con m\u00e1s detalles y, en con\u00adcreto, describir los actos de esta virtud que el difunto Se\u00f1or Vicente ha practicado en tales ocasiones, que no yo. Y por esa raz\u00f3n tambi\u00e9n, me contentar\u00eda con decir de antemano, en general, que esa virtud parec\u00eda nacida con \u00e9l y que era la de m\u00e1s a\u00f1os de todas las virtudes, de las que estaba dotada su alma, porque&#8230;<\/p>\n<blockquote><p><strong>Notas del P. Dodin:<\/strong><\/p>\n<p>Los misioneros fueron los mejores testigos de las limosnas distribu\u00eddas. Treinta y dos Relaciones dan cuenta de lo que repartie\u00adron en las regiones devastadas por la guerra, la enfermedad, el ham\u00adbre (cf. B.N. 4<sup><\/sup>\u00ba Lb 37-34 A).<\/p><\/blockquote>\n<h2><em>262.<\/em><strong><em> Siendo ni\u00f1o, reparte la harina a los pobres.<\/em><\/strong><\/h2>\n<p>Se ha sabido de \u00e9l mismo, que, cuando todav\u00eda era un ni\u00f1o, su difun\u00adto padre, que era un labrador de la aldea de Pouy, en la di\u00f3cess de Dax, en Gascu\u00f1a, lo mandaba a veces al molino, para que llevara a moler trigo, y daba harina a los pobres, lo cual era un gran presagio de todas las caridades y limosnas que deb\u00eda hacer y procurar alg\u00fan d\u00eda a un n\u00famero incontable de personas pobres.<\/p>\n<blockquote>\n<h3>Notas del P. Dodin:<\/h3>\n<p><strong> <\/strong><\/p>\n<p>Siendo ni\u00f1o da limosna.<\/p>\n<p>L. Abelly (I.9) trae la an\u00e9cdota conservada en las Memorias del can\u00f3nigo Saint-Mart\u00edn.<\/p><\/blockquote>\n<h2><em><strong>263.<\/strong><\/em><em><strong> <\/strong>Socorre a Lorena.<\/em><\/h2>\n<p>Lorena puede gloriarse bien de no haber tenido desde hace mucho tiempo, y quiz\u00e1s nunca, un limosnero tan grande, ni que haya atendido mejor a las carencias y necesidades de sus s\u00fabditos y habitantes re\u00adducidos en su mayor parte a la extrema miseria durante un espacio de veinte a\u00f1os, m\u00e1s o menos, por la desgracia de los des\u00f3rdenes y de las guerras, como lo hizo el Se\u00f1or Vicente.<\/p>\n<blockquote>\n<h3>Notas del P. Dodin:<\/h3>\n<p>Ayuda a Lorena durante veinte a\u00f1os (L. Abelly,II.272-391).<\/p><\/blockquote>\n<h2><em><strong>264.<\/strong><strong> <\/strong>Socorre a Champa\u00f1a y Picard\u00eda.<\/em><\/h2>\n<p>Champa\u00f1a y Picard\u00eda no le son, en absoluto, menos deudoras que Lorena por haberles procurado y enviado grandes cantidades de di\u00adnero, un gran n\u00famero de prendas de vestir, herramientas y otras co\u00adsas necesarias para la vida corporal y para ganarla, pero tambi\u00e9n para la conservaci\u00f3n de la vida espiritual por medio de varios sacer\u00addotes de la Compa\u00f1\u00eda y de otras personas, que \u00e9l mand\u00f3 all\u00ed para asistir a los pobres, y, particularmente los cat\u00f3licos pobres de la ciu\u00addad de Sedan han experimentado durante varios a\u00f1os los efettos de su caridad; igualmente muchos ingleses pobres, escoceses, irlande\u00adses y extranjeros desterrados de sus tierras por la fe y refugiados en Francia.<\/p>\n<blockquote>\n<h3>Notas del P. Dodin:<\/h3>\n<p>Ayuda a Champa\u00f1a y Picard\u00eda (L. Abelly, II.391-408).<\/p><\/blockquote>\n<h2><em>265. Enfriamiento de la Caridad en Par\u00eds.<\/em><\/h2>\n<p>Un d\u00eda nos hizo el honor de decirnos acerca de las Caridades, que se hab\u00edan enfriado mucho en Par\u00eds: \u00e9l antes sol\u00eda volver de la ciudad cargado de dinero, y a veces llegaba a traer hasta 1.000 escudos. \u00abY mira por donde \u2014dec\u00eda\u2014 pensando que le hab\u00eda aconsejado bien a una se\u00f1ora que acabo de verla, esperando que me dar\u00eda una cantidad notable, sin embargo, s\u00f3lo me ha dado cuatro escudos blancos (de plata). \u00a1Mire lo que es esto!\u00bb. Y despu\u00e9s a\u00f1adi\u00f3: \u00abTengo que decir la Santa Misa y las Damas de la Caridad deben comulgar para pedir a Dios que tenga la bondad de conmover los corazones de las personas ricas y caritativas\u00bb.<\/p>\n<p>Por ah\u00ed se ve c\u00f3mo usaba los medios divinos y humanos para pro\u00adcurar asistir a los pobres.<\/p>\n<blockquote>\n<h3>Notas del P. Dodin:<\/h3>\n<p>Contrariedad del Sr. Vicente.<\/p>\n<p>No se menciona en ninguna biograf\u00eda, pues s\u00f3lo consignan los \u00ab\u00e9xi\u00adtos\u00bb. L. Robineau destaca la tristeza del Sr. Vicente, que pensaba recibir una cantidad importante, m\u00e1s o menos, 1.000 escudos y no consigue m\u00e1s que 4 escudos blancos (moneda de plata).<\/p><\/blockquote>\n","protected":false},"excerpt":{"rendered":"<p>261. Los misioneros dedicados a la distribuci\u00f3n de las limosnas son los mejores testigos. Como varias personas de la Compa\u00f1\u00eda han estado empleadas en repartir limosnas tanto en Lorena, Champa\u00f1a, Picard\u00eda, como en otros sitios &#8230; <a href=\"https:\/\/vincentians.com\/es\/el-senor-vicente-visto-por-su-secretario-luis-robineau-articulos-261-al-265\/\" class=\"more-link\">Read More<\/a><\/p>\n","protected":false},"author":4,"featured_media":27211,"comment_status":"open","ping_status":"open","sticky":false,"template":"","format":"standard","meta":{"jetpack_post_was_ever_published":false,"_jetpack_newsletter_access":"","_jetpack_dont_email_post_to_subs":false,"_jetpack_newsletter_tier_id":0,"_jetpack_memberships_contains_paywalled_content":false,"_jetpack_memberships_contains_paid_content":false,"footnotes":"","jetpack_publicize_message":"","jetpack_publicize_feature_enabled":true,"jetpack_social_post_already_shared":true,"jetpack_social_options":{"image_generator_settings":{"template":"highway","default_image_id":0,"font":"","enabled":false},"version":2}},"categories":[311],"tags":[218,117,166],"class_list":["post-42242","post","type-post","status-publish","format-standard","has-post-thumbnail","hentry","category-escritos-de-luis-robineau","tag-abelly","tag-pouy","tag-robineau"],"yoast_head":"<!-- This site is optimized with the Yoast SEO plugin v26.3 - https:\/\/yoast.com\/wordpress\/plugins\/seo\/ -->\n<title>El se\u00f1or Vicente visto por su secretario, Luis Robineau. Art\u00edculos 261 al 265 - Somos Vicencianos<\/title>\n<meta name=\"robots\" content=\"index, follow, max-snippet:-1, max-image-preview:large, max-video-preview:-1\" \/>\n<link rel=\"canonical\" href=\"https:\/\/vincentians.com\/es\/el-senor-vicente-visto-por-su-secretario-luis-robineau-articulos-261-al-265\/\" \/>\n<meta property=\"og:locale\" content=\"es_ES\" \/>\n<meta property=\"og:type\" content=\"article\" \/>\n<meta property=\"og:title\" content=\"El se\u00f1or Vicente visto por su secretario, Luis Robineau. Art\u00edculos 261 al 265 - Somos Vicencianos\" \/>\n<meta property=\"og:description\" content=\"261. Los misioneros dedicados a la distribuci\u00f3n de las limosnas son los mejores testigos. Como varias personas de la Compa\u00f1\u00eda han estado empleadas en repartir limosnas tanto en Lorena, Champa\u00f1a, Picard\u00eda, como en otros sitios ... Read More\" \/>\n<meta property=\"og:url\" content=\"https:\/\/vincentians.com\/es\/el-senor-vicente-visto-por-su-secretario-luis-robineau-articulos-261-al-265\/\" \/>\n<meta property=\"og:site_name\" content=\"Somos Vicencianos\" \/>\n<meta property=\"article:publisher\" content=\"https:\/\/www.facebook.com\/WeAreVincentians\/\" \/>\n<meta property=\"article:author\" content=\"https:\/\/www.facebook.com\/JavierChento\" \/>\n<meta property=\"article:published_time\" content=\"2014-03-23T00:32:37+00:00\" \/>\n<meta name=\"author\" content=\"Francisco Javier Fern\u00e1ndez Chento\" \/>\n<meta name=\"twitter:card\" content=\"summary_large_image\" \/>\n<meta name=\"twitter:creator\" content=\"@https:\/\/twitter.com\/javierchento\" \/>\n<meta name=\"twitter:site\" content=\"@WeVincentians\" \/>\n<meta name=\"twitter:label1\" content=\"Escrito por\" \/>\n\t<meta name=\"twitter:data1\" content=\"Francisco Javier Fern\u00e1ndez Chento\" \/>\n\t<meta name=\"twitter:label2\" content=\"Tiempo de lectura\" \/>\n\t<meta name=\"twitter:data2\" content=\"4 minutos\" \/>\n<script type=\"application\/ld+json\" class=\"yoast-schema-graph\">{\"@context\":\"https:\/\/schema.org\",\"@graph\":[{\"@type\":\"Article\",\"@id\":\"https:\/\/vincentians.com\/es\/el-senor-vicente-visto-por-su-secretario-luis-robineau-articulos-261-al-265\/#article\",\"isPartOf\":{\"@id\":\"https:\/\/vincentians.com\/es\/el-senor-vicente-visto-por-su-secretario-luis-robineau-articulos-261-al-265\/\"},\"author\":{\"name\":\"Francisco Javier Fern\u00e1ndez Chento\",\"@id\":\"http:\/\/vincentians.com\/es\/#\/schema\/person\/9623ef4d9aa3b2dfb8c061f1499288f2\"},\"headline\":\"El se\u00f1or Vicente visto por su secretario, Luis Robineau. Art\u00edculos 261 al 265\",\"datePublished\":\"2014-03-23T00:32:37+00:00\",\"mainEntityOfPage\":{\"@id\":\"https:\/\/vincentians.com\/es\/el-senor-vicente-visto-por-su-secretario-luis-robineau-articulos-261-al-265\/\"},\"wordCount\":748,\"commentCount\":0,\"publisher\":{\"@id\":\"http:\/\/vincentians.com\/es\/#organization\"},\"image\":{\"@id\":\"https:\/\/vincentians.com\/es\/el-senor-vicente-visto-por-su-secretario-luis-robineau-articulos-261-al-265\/#primaryimage\"},\"thumbnailUrl\":\"\",\"keywords\":[\"Abelly\",\"Pouy\",\"Robineau\"],\"articleSection\":[\"Escritos de Luis Robineau\"],\"inLanguage\":\"es\",\"potentialAction\":[{\"@type\":\"CommentAction\",\"name\":\"Comment\",\"target\":[\"https:\/\/vincentians.com\/es\/el-senor-vicente-visto-por-su-secretario-luis-robineau-articulos-261-al-265\/#respond\"]}]},{\"@type\":\"WebPage\",\"@id\":\"https:\/\/vincentians.com\/es\/el-senor-vicente-visto-por-su-secretario-luis-robineau-articulos-261-al-265\/\",\"url\":\"https:\/\/vincentians.com\/es\/el-senor-vicente-visto-por-su-secretario-luis-robineau-articulos-261-al-265\/\",\"name\":\"El se\u00f1or Vicente visto por su secretario, Luis Robineau. Art\u00edculos 261 al 265 - Somos Vicencianos\",\"isPartOf\":{\"@id\":\"http:\/\/vincentians.com\/es\/#website\"},\"primaryImageOfPage\":{\"@id\":\"https:\/\/vincentians.com\/es\/el-senor-vicente-visto-por-su-secretario-luis-robineau-articulos-261-al-265\/#primaryimage\"},\"image\":{\"@id\":\"https:\/\/vincentians.com\/es\/el-senor-vicente-visto-por-su-secretario-luis-robineau-articulos-261-al-265\/#primaryimage\"},\"thumbnailUrl\":\"\",\"datePublished\":\"2014-03-23T00:32:37+00:00\",\"breadcrumb\":{\"@id\":\"https:\/\/vincentians.com\/es\/el-senor-vicente-visto-por-su-secretario-luis-robineau-articulos-261-al-265\/#breadcrumb\"},\"inLanguage\":\"es\",\"potentialAction\":[{\"@type\":\"ReadAction\",\"target\":[\"https:\/\/vincentians.com\/es\/el-senor-vicente-visto-por-su-secretario-luis-robineau-articulos-261-al-265\/\"]}]},{\"@type\":\"ImageObject\",\"inLanguage\":\"es\",\"@id\":\"https:\/\/vincentians.com\/es\/el-senor-vicente-visto-por-su-secretario-luis-robineau-articulos-261-al-265\/#primaryimage\",\"url\":\"\",\"contentUrl\":\"\"},{\"@type\":\"BreadcrumbList\",\"@id\":\"https:\/\/vincentians.com\/es\/el-senor-vicente-visto-por-su-secretario-luis-robineau-articulos-261-al-265\/#breadcrumb\",\"itemListElement\":[{\"@type\":\"ListItem\",\"position\":1,\"name\":\"Portada\",\"item\":\"http:\/\/vincentians.com\/es\/\"},{\"@type\":\"ListItem\",\"position\":2,\"name\":\"El se\u00f1or Vicente visto por su secretario, Luis Robineau. Art\u00edculos 261 al 265\"}]},{\"@type\":\"WebSite\",\"@id\":\"http:\/\/vincentians.com\/es\/#website\",\"url\":\"http:\/\/vincentians.com\/es\/\",\"name\":\"Somos Vicencianos\",\"description\":\"Know more to serve more\",\"publisher\":{\"@id\":\"http:\/\/vincentians.com\/es\/#organization\"},\"potentialAction\":[{\"@type\":\"SearchAction\",\"target\":{\"@type\":\"EntryPoint\",\"urlTemplate\":\"http:\/\/vincentians.com\/es\/?s={search_term_string}\"},\"query-input\":{\"@type\":\"PropertyValueSpecification\",\"valueRequired\":true,\"valueName\":\"search_term_string\"}}],\"inLanguage\":\"es\"},{\"@type\":\"Organization\",\"@id\":\"http:\/\/vincentians.com\/es\/#organization\",\"name\":\"The Vincentian Network\",\"url\":\"http:\/\/vincentians.com\/es\/\",\"logo\":{\"@type\":\"ImageObject\",\"inLanguage\":\"es\",\"@id\":\"http:\/\/vincentians.com\/es\/#\/schema\/logo\/image\/\",\"url\":\"https:\/\/i1.wp.com\/vincentians.com\/es\/wp-content\/uploads\/sites\/11\/2016\/06\/Vincentian-Network-logo-big.png?fit=778%2C778\",\"contentUrl\":\"https:\/\/i1.wp.com\/vincentians.com\/es\/wp-content\/uploads\/sites\/11\/2016\/06\/Vincentian-Network-logo-big.png?fit=778%2C778\",\"width\":778,\"height\":778,\"caption\":\"The Vincentian Network\"},\"image\":{\"@id\":\"http:\/\/vincentians.com\/es\/#\/schema\/logo\/image\/\"},\"sameAs\":[\"https:\/\/www.facebook.com\/WeAreVincentians\/\",\"https:\/\/x.com\/WeVincentians\"]},{\"@type\":\"Person\",\"@id\":\"http:\/\/vincentians.com\/es\/#\/schema\/person\/9623ef4d9aa3b2dfb8c061f1499288f2\",\"name\":\"Francisco Javier Fern\u00e1ndez Chento\",\"image\":{\"@type\":\"ImageObject\",\"inLanguage\":\"es\",\"@id\":\"http:\/\/vincentians.com\/es\/#\/schema\/person\/image\/\",\"url\":\"https:\/\/secure.gravatar.com\/avatar\/497d5cde87b4c3d097d0315953521681ba2cd523ee66e5077c3711f7021e65de?s=96&d=mm&r=g\",\"contentUrl\":\"https:\/\/secure.gravatar.com\/avatar\/497d5cde87b4c3d097d0315953521681ba2cd523ee66e5077c3711f7021e65de?s=96&d=mm&r=g\",\"caption\":\"Francisco Javier Fern\u00e1ndez Chento\"},\"description\":\"Director General y cofundador de La Red de Formaci\u00f3n Vicenciana. Javier es laico vicenciano, afiliado a la Congregaci\u00f3n de la Misi\u00f3n y miembro del Equipo de Misiones Populares de la provincia can\u00f3nica de Zaragoza (Espa\u00f1a) de la Congregaci\u00f3n de la Misi\u00f3n. Graduado en la Universidad Oberta de Catalunya con cuatro grados (Asistente de direcci\u00f3n, Gesti\u00f3n Administrativa, Recursos Humanos y Contabilidad Avanzada). Bil\u00edng\u00fce Espa\u00f1ol\/Ingl\u00e9s. gestiona y mantiene varias p\u00e1ginas web cristianas y vicencianas, incluida including La Red de Formaci\u00f3n Vicenciana, de la que es cofundador. Actualmente es responsable del \u00e1rea de Espa\u00f1ol de .famvin, la Red de Noticias de la Familia Vicenciana. Tambi\u00e9n es m\u00fasico cat\u00f3lico y ha editado varios discos. Es Director General y cofundador de Trovador, una reconocida compa\u00f1\u00eda discogr\u00e1fica critiana de Espa\u00f1a. Trabaja en las Tecnolog\u00edas de la Informaci\u00f3n, ofreciendo servicios de alojamiento, dise\u00f1o y mantenimiento Web, as\u00ed como asesoramiento, formaci\u00f3n y soluciones inform\u00e1ticas, gesti\u00f3n documental y digitalizaci\u00f3n de textos, edici\u00f3n y maquetaci\u00f3n de libros, revistas, flyers, etc.\",\"sameAs\":[\"http:\/\/chento.org\",\"https:\/\/www.facebook.com\/JavierChento\",\"https:\/\/x.com\/https:\/\/twitter.com\/javierchento\"],\"url\":\"https:\/\/vincentians.com\/es\/author\/chento\/\"}]}<\/script>\n<!-- \/ Yoast SEO plugin. -->","yoast_head_json":{"title":"El se\u00f1or Vicente visto por su secretario, Luis Robineau. Art\u00edculos 261 al 265 - Somos Vicencianos","robots":{"index":"index","follow":"follow","max-snippet":"max-snippet:-1","max-image-preview":"max-image-preview:large","max-video-preview":"max-video-preview:-1"},"canonical":"https:\/\/vincentians.com\/es\/el-senor-vicente-visto-por-su-secretario-luis-robineau-articulos-261-al-265\/","og_locale":"es_ES","og_type":"article","og_title":"El se\u00f1or Vicente visto por su secretario, Luis Robineau. Art\u00edculos 261 al 265 - Somos Vicencianos","og_description":"261. Los misioneros dedicados a la distribuci\u00f3n de las limosnas son los mejores testigos. Como varias personas de la Compa\u00f1\u00eda han estado empleadas en repartir limosnas tanto en Lorena, Champa\u00f1a, Picard\u00eda, como en otros sitios ... Read More","og_url":"https:\/\/vincentians.com\/es\/el-senor-vicente-visto-por-su-secretario-luis-robineau-articulos-261-al-265\/","og_site_name":"Somos Vicencianos","article_publisher":"https:\/\/www.facebook.com\/WeAreVincentians\/","article_author":"https:\/\/www.facebook.com\/JavierChento","article_published_time":"2014-03-23T00:32:37+00:00","author":"Francisco Javier Fern\u00e1ndez Chento","twitter_card":"summary_large_image","twitter_creator":"@https:\/\/twitter.com\/javierchento","twitter_site":"@WeVincentians","twitter_misc":{"Escrito por":"Francisco Javier Fern\u00e1ndez Chento","Tiempo de lectura":"4 minutos"},"schema":{"@context":"https:\/\/schema.org","@graph":[{"@type":"Article","@id":"https:\/\/vincentians.com\/es\/el-senor-vicente-visto-por-su-secretario-luis-robineau-articulos-261-al-265\/#article","isPartOf":{"@id":"https:\/\/vincentians.com\/es\/el-senor-vicente-visto-por-su-secretario-luis-robineau-articulos-261-al-265\/"},"author":{"name":"Francisco Javier Fern\u00e1ndez Chento","@id":"http:\/\/vincentians.com\/es\/#\/schema\/person\/9623ef4d9aa3b2dfb8c061f1499288f2"},"headline":"El se\u00f1or Vicente visto por su secretario, Luis Robineau. Art\u00edculos 261 al 265","datePublished":"2014-03-23T00:32:37+00:00","mainEntityOfPage":{"@id":"https:\/\/vincentians.com\/es\/el-senor-vicente-visto-por-su-secretario-luis-robineau-articulos-261-al-265\/"},"wordCount":748,"commentCount":0,"publisher":{"@id":"http:\/\/vincentians.com\/es\/#organization"},"image":{"@id":"https:\/\/vincentians.com\/es\/el-senor-vicente-visto-por-su-secretario-luis-robineau-articulos-261-al-265\/#primaryimage"},"thumbnailUrl":"","keywords":["Abelly","Pouy","Robineau"],"articleSection":["Escritos de Luis Robineau"],"inLanguage":"es","potentialAction":[{"@type":"CommentAction","name":"Comment","target":["https:\/\/vincentians.com\/es\/el-senor-vicente-visto-por-su-secretario-luis-robineau-articulos-261-al-265\/#respond"]}]},{"@type":"WebPage","@id":"https:\/\/vincentians.com\/es\/el-senor-vicente-visto-por-su-secretario-luis-robineau-articulos-261-al-265\/","url":"https:\/\/vincentians.com\/es\/el-senor-vicente-visto-por-su-secretario-luis-robineau-articulos-261-al-265\/","name":"El se\u00f1or Vicente visto por su secretario, Luis Robineau. Art\u00edculos 261 al 265 - Somos Vicencianos","isPartOf":{"@id":"http:\/\/vincentians.com\/es\/#website"},"primaryImageOfPage":{"@id":"https:\/\/vincentians.com\/es\/el-senor-vicente-visto-por-su-secretario-luis-robineau-articulos-261-al-265\/#primaryimage"},"image":{"@id":"https:\/\/vincentians.com\/es\/el-senor-vicente-visto-por-su-secretario-luis-robineau-articulos-261-al-265\/#primaryimage"},"thumbnailUrl":"","datePublished":"2014-03-23T00:32:37+00:00","breadcrumb":{"@id":"https:\/\/vincentians.com\/es\/el-senor-vicente-visto-por-su-secretario-luis-robineau-articulos-261-al-265\/#breadcrumb"},"inLanguage":"es","potentialAction":[{"@type":"ReadAction","target":["https:\/\/vincentians.com\/es\/el-senor-vicente-visto-por-su-secretario-luis-robineau-articulos-261-al-265\/"]}]},{"@type":"ImageObject","inLanguage":"es","@id":"https:\/\/vincentians.com\/es\/el-senor-vicente-visto-por-su-secretario-luis-robineau-articulos-261-al-265\/#primaryimage","url":"","contentUrl":""},{"@type":"BreadcrumbList","@id":"https:\/\/vincentians.com\/es\/el-senor-vicente-visto-por-su-secretario-luis-robineau-articulos-261-al-265\/#breadcrumb","itemListElement":[{"@type":"ListItem","position":1,"name":"Portada","item":"http:\/\/vincentians.com\/es\/"},{"@type":"ListItem","position":2,"name":"El se\u00f1or Vicente visto por su secretario, Luis Robineau. Art\u00edculos 261 al 265"}]},{"@type":"WebSite","@id":"http:\/\/vincentians.com\/es\/#website","url":"http:\/\/vincentians.com\/es\/","name":"Somos Vicencianos","description":"Know more to serve more","publisher":{"@id":"http:\/\/vincentians.com\/es\/#organization"},"potentialAction":[{"@type":"SearchAction","target":{"@type":"EntryPoint","urlTemplate":"http:\/\/vincentians.com\/es\/?s={search_term_string}"},"query-input":{"@type":"PropertyValueSpecification","valueRequired":true,"valueName":"search_term_string"}}],"inLanguage":"es"},{"@type":"Organization","@id":"http:\/\/vincentians.com\/es\/#organization","name":"The Vincentian Network","url":"http:\/\/vincentians.com\/es\/","logo":{"@type":"ImageObject","inLanguage":"es","@id":"http:\/\/vincentians.com\/es\/#\/schema\/logo\/image\/","url":"https:\/\/i1.wp.com\/vincentians.com\/es\/wp-content\/uploads\/sites\/11\/2016\/06\/Vincentian-Network-logo-big.png?fit=778%2C778","contentUrl":"https:\/\/i1.wp.com\/vincentians.com\/es\/wp-content\/uploads\/sites\/11\/2016\/06\/Vincentian-Network-logo-big.png?fit=778%2C778","width":778,"height":778,"caption":"The Vincentian Network"},"image":{"@id":"http:\/\/vincentians.com\/es\/#\/schema\/logo\/image\/"},"sameAs":["https:\/\/www.facebook.com\/WeAreVincentians\/","https:\/\/x.com\/WeVincentians"]},{"@type":"Person","@id":"http:\/\/vincentians.com\/es\/#\/schema\/person\/9623ef4d9aa3b2dfb8c061f1499288f2","name":"Francisco Javier Fern\u00e1ndez Chento","image":{"@type":"ImageObject","inLanguage":"es","@id":"http:\/\/vincentians.com\/es\/#\/schema\/person\/image\/","url":"https:\/\/secure.gravatar.com\/avatar\/497d5cde87b4c3d097d0315953521681ba2cd523ee66e5077c3711f7021e65de?s=96&d=mm&r=g","contentUrl":"https:\/\/secure.gravatar.com\/avatar\/497d5cde87b4c3d097d0315953521681ba2cd523ee66e5077c3711f7021e65de?s=96&d=mm&r=g","caption":"Francisco Javier Fern\u00e1ndez Chento"},"description":"Director General y cofundador de La Red de Formaci\u00f3n Vicenciana. Javier es laico vicenciano, afiliado a la Congregaci\u00f3n de la Misi\u00f3n y miembro del Equipo de Misiones Populares de la provincia can\u00f3nica de Zaragoza (Espa\u00f1a) de la Congregaci\u00f3n de la Misi\u00f3n. Graduado en la Universidad Oberta de Catalunya con cuatro grados (Asistente de direcci\u00f3n, Gesti\u00f3n Administrativa, Recursos Humanos y Contabilidad Avanzada). Bil\u00edng\u00fce Espa\u00f1ol\/Ingl\u00e9s. gestiona y mantiene varias p\u00e1ginas web cristianas y vicencianas, incluida including La Red de Formaci\u00f3n Vicenciana, de la que es cofundador. Actualmente es responsable del \u00e1rea de Espa\u00f1ol de .famvin, la Red de Noticias de la Familia Vicenciana. Tambi\u00e9n es m\u00fasico cat\u00f3lico y ha editado varios discos. Es Director General y cofundador de Trovador, una reconocida compa\u00f1\u00eda discogr\u00e1fica critiana de Espa\u00f1a. Trabaja en las Tecnolog\u00edas de la Informaci\u00f3n, ofreciendo servicios de alojamiento, dise\u00f1o y mantenimiento Web, as\u00ed como asesoramiento, formaci\u00f3n y soluciones inform\u00e1ticas, gesti\u00f3n documental y digitalizaci\u00f3n de textos, edici\u00f3n y maquetaci\u00f3n de libros, revistas, flyers, etc.","sameAs":["http:\/\/chento.org","https:\/\/www.facebook.com\/JavierChento","https:\/\/x.com\/https:\/\/twitter.com\/javierchento"],"url":"https:\/\/vincentians.com\/es\/author\/chento\/"}]}},"jetpack_publicize_connections":[],"jetpack_featured_media_url":"","jetpack_sharing_enabled":true,"jetpack_shortlink":"https:\/\/wp.me\/p7ETMF-aZk","jetpack-related-posts":[{"id":42247,"url":"https:\/\/vincentians.com\/es\/el-senor-vicente-visto-por-su-secretario-luis-robineau-articulos-286-al-290\/","url_meta":{"origin":42242,"position":0},"title":"El se\u00f1or Vicente visto por su secretario, Luis Robineau. Art\u00edculos 286 al 290","author":"Francisco Javier Fern\u00e1ndez Chento","date":"28\/03\/2014","format":false,"excerpt":"286. Preocupaci\u00f3n por los enfermos y los difuntos. Tambi\u00e9n sol\u00eda hacer aparecer su Caridad al visitar los enfermos, que iba a verlos con frecuencia, y ten\u00eda un cuidado maravilloso en encomendarles a las oraciones de la Compa\u00f1\u00eda. Caridad, que era muy delicado en practicar con los fundadores y bienhechores de\u2026","rel":"","context":"En \u00abEscritos de Luis Robineau\u00bb","block_context":{"text":"Escritos de Luis Robineau","link":"https:\/\/vincentians.com\/es\/category\/escritos\/escritos-de-luis-robineau\/"},"img":{"alt_text":"","src":"","width":0,"height":0},"classes":[]},{"id":42243,"url":"https:\/\/vincentians.com\/es\/el-senor-vicente-visto-por-su-secretario-luis-robineau-articulos-266-al-270\/","url_meta":{"origin":42242,"position":1},"title":"El se\u00f1or Vicente visto por su secretario, Luis Robineau. Art\u00edculos 266 al 270","author":"Francisco Javier Fern\u00e1ndez Chento","date":"24\/03\/2014","format":false,"excerpt":"266. Socorros a \u00c9tampes y Palaiseau. La ciudad de \u00c9tampes ha experimentado tambi\u00e9n el socorro de las Caridades durante el a\u00f1o de 1652, cuando levantaron el asedio de la ciudad, que le debe la vida de dos de sus mejores hijos, que murieron socorriendo a los pobres tanto de su\u2026","rel":"","context":"En \u00abEscritos de Luis Robineau\u00bb","block_context":{"text":"Escritos de Luis Robineau","link":"https:\/\/vincentians.com\/es\/category\/escritos\/escritos-de-luis-robineau\/"},"img":{"alt_text":"","src":"","width":0,"height":0},"classes":[]},{"id":16684,"url":"https:\/\/vincentians.com\/es\/el-senor-vicente-visto-por-su-secretario-luis-robineau-articulos-011-al-015\/","url_meta":{"origin":42242,"position":2},"title":"El se\u00f1or Vicente visto por su secretario, Luis Robineau. Art\u00edculos 011 al 015","author":"Francisco Javier Fern\u00e1ndez Chento","date":"27\/10\/2024","format":false,"excerpt":"011. Oraci\u00f3n para que el esp\u00edritu de humildad sea la caracter\u00edstica de la Compa\u00f1\u00eda. \"Pido a Dios \u2014dec\u00eda a menudo\u2014 que conceda a la Compa\u00f1\u00eda la virtud de la humildad\", y en ocasiones a\u00f1ad\u00eda \"y que ella sea su por\u00adci\u00f3n; en cuanto a las dem\u00e1s Compa\u00f1\u00edas, que \u00c9l les d\u00e9\u2026","rel":"","context":"En \u00abEscritos de Luis Robineau\u00bb","block_context":{"text":"Escritos de Luis Robineau","link":"https:\/\/vincentians.com\/es\/category\/escritos\/escritos-de-luis-robineau\/"},"img":{"alt_text":"","src":"https:\/\/i0.wp.com\/vincentians.com\/es\/wp-content\/uploads\/sites\/11\/2013\/04\/f-8-scaled.jpg?fit=1200%2C570&ssl=1&resize=350%2C200","width":350,"height":200,"srcset":"https:\/\/i0.wp.com\/vincentians.com\/es\/wp-content\/uploads\/sites\/11\/2013\/04\/f-8-scaled.jpg?fit=1200%2C570&ssl=1&resize=350%2C200 1x, https:\/\/i0.wp.com\/vincentians.com\/es\/wp-content\/uploads\/sites\/11\/2013\/04\/f-8-scaled.jpg?fit=1200%2C570&ssl=1&resize=525%2C300 1.5x, https:\/\/i0.wp.com\/vincentians.com\/es\/wp-content\/uploads\/sites\/11\/2013\/04\/f-8-scaled.jpg?fit=1200%2C570&ssl=1&resize=700%2C400 2x, https:\/\/i0.wp.com\/vincentians.com\/es\/wp-content\/uploads\/sites\/11\/2013\/04\/f-8-scaled.jpg?fit=1200%2C570&ssl=1&resize=1050%2C600 3x"},"classes":[]},{"id":404588,"url":"https:\/\/vincentians.com\/es\/san-vicente-un-hombre-de-humildad-i\/","url_meta":{"origin":42242,"position":3},"title":"San Vicente, un hombre de humildad (I)","author":"Mitxel Olabu\u00e9naga","date":"22\/02\/2023","format":false,"excerpt":"Las biograf\u00edas de san Vicente de Pa\u00fal se refieren con frecuen\u00adcia a su humildad, pero sin llegar a sistematizar su experien\u00adcia. En los planes de formaci\u00f3n, as\u00ed como en las publicaciones sobre nuestra espiritualidad, al describir las actitudes fundamentales del comportamiento vicenciano, suele presentarse, sobre todo, el pensamiento de san\u2026","rel":"","context":"En \u00abEspiritualidad vicenciana\u00bb","block_context":{"text":"Espiritualidad vicenciana","link":"https:\/\/vincentians.com\/es\/category\/espiritualidad\/espiritualidad-vicenciana\/"},"img":{"alt_text":"","src":"https:\/\/i0.wp.com\/vincentians.com\/es\/wp-content\/uploads\/sites\/11\/2013\/05\/d.jpg?fit=1200%2C799&ssl=1&resize=350%2C200","width":350,"height":200,"srcset":"https:\/\/i0.wp.com\/vincentians.com\/es\/wp-content\/uploads\/sites\/11\/2013\/05\/d.jpg?fit=1200%2C799&ssl=1&resize=350%2C200 1x, https:\/\/i0.wp.com\/vincentians.com\/es\/wp-content\/uploads\/sites\/11\/2013\/05\/d.jpg?fit=1200%2C799&ssl=1&resize=525%2C300 1.5x, https:\/\/i0.wp.com\/vincentians.com\/es\/wp-content\/uploads\/sites\/11\/2013\/05\/d.jpg?fit=1200%2C799&ssl=1&resize=700%2C400 2x, https:\/\/i0.wp.com\/vincentians.com\/es\/wp-content\/uploads\/sites\/11\/2013\/05\/d.jpg?fit=1200%2C799&ssl=1&resize=1050%2C600 3x"},"classes":[]},{"id":42239,"url":"https:\/\/vincentians.com\/es\/el-senor-vicente-visto-por-su-secretario-luis-robineau-articulos-251-al-255\/","url_meta":{"origin":42242,"position":4},"title":"El se\u00f1or Vicente visto por su secretario, Luis Robineau. Art\u00edculos 251 al 255","author":"Francisco Javier Fern\u00e1ndez Chento","date":"21\/03\/2014","format":false,"excerpt":"251. Dos contrariedades del Se\u00f1or Vicente: las faltas de la Compa\u00f1\u00eda, la insuficiencia de socorros. Dos cosas, nos dec\u00eda, le causaban pena a causa del cargo, que ten\u00eda en la Compa\u00f1\u00eda y del que deb\u00eda dar cuenta a Dios, a saber: las faltas, primero, que se han deslizado dentro de\u2026","rel":"","context":"En \u00abEscritos de Luis Robineau\u00bb","block_context":{"text":"Escritos de Luis Robineau","link":"https:\/\/vincentians.com\/es\/category\/escritos\/escritos-de-luis-robineau\/"},"img":{"alt_text":"","src":"","width":0,"height":0},"classes":[]},{"id":40141,"url":"https:\/\/vincentians.com\/es\/el-senor-vicente-visto-por-su-secretario-luis-robineau-articulos-201-al-205\/","url_meta":{"origin":42242,"position":5},"title":"El se\u00f1or Vicente visto por su secretario, Luis Robineau. Art\u00edculos 201 al 205","author":"Francisco Javier Fern\u00e1ndez Chento","date":"11\/03\/2014","format":false,"excerpt":"201. Agua el vino. Era muy sobrio en la bebida y en la comida, y aguaba mucho el vino que beb\u00eda. Notas del P. Dodin: Anotaci\u00f3n omitida por L. Abelly. 202. Nombramiento para los beneficios. Siempre estaba conforme con lo que ve\u00eda que era para mayor glo\u00adria de Dios y\u2026","rel":"","context":"En \u00abEscritos de Luis Robineau\u00bb","block_context":{"text":"Escritos de Luis Robineau","link":"https:\/\/vincentians.com\/es\/category\/escritos\/escritos-de-luis-robineau\/"},"img":{"alt_text":"","src":"","width":0,"height":0},"classes":[]}],"_links":{"self":[{"href":"https:\/\/vincentians.com\/es\/wp-json\/wp\/v2\/posts\/42242","targetHints":{"allow":["GET"]}}],"collection":[{"href":"https:\/\/vincentians.com\/es\/wp-json\/wp\/v2\/posts"}],"about":[{"href":"https:\/\/vincentians.com\/es\/wp-json\/wp\/v2\/types\/post"}],"author":[{"embeddable":true,"href":"https:\/\/vincentians.com\/es\/wp-json\/wp\/v2\/users\/4"}],"replies":[{"embeddable":true,"href":"https:\/\/vincentians.com\/es\/wp-json\/wp\/v2\/comments?post=42242"}],"version-history":[{"count":0,"href":"https:\/\/vincentians.com\/es\/wp-json\/wp\/v2\/posts\/42242\/revisions"}],"wp:featuredmedia":[{"embeddable":true,"href":"https:\/\/vincentians.com\/es\/wp-json\/"}],"wp:attachment":[{"href":"https:\/\/vincentians.com\/es\/wp-json\/wp\/v2\/media?parent=42242"}],"wp:term":[{"taxonomy":"category","embeddable":true,"href":"https:\/\/vincentians.com\/es\/wp-json\/wp\/v2\/categories?post=42242"},{"taxonomy":"post_tag","embeddable":true,"href":"https:\/\/vincentians.com\/es\/wp-json\/wp\/v2\/tags?post=42242"}],"curies":[{"name":"wp","href":"https:\/\/api.w.org\/{rel}","templated":true}]}}