{"id":42071,"date":"2014-12-16T05:47:46","date_gmt":"2014-12-16T04:47:46","guid":{"rendered":"http:\/\/somos.vicencianos.org\/?p=42071"},"modified":"2016-07-26T19:18:01","modified_gmt":"2016-07-26T17:18:01","slug":"vincentiana-1957-2009","status":"publish","type":"post","link":"https:\/\/vincentians.com\/es\/vincentiana-1957-2009\/","title":{"rendered":"Vincentiana 1957-2009"},"content":{"rendered":"<p style=\"padding-left: 30px\"><a href=\"https:\/\/i0.wp.com\/vicencianos.org\/wp-content\/2011\/06\/Vincentiana.jpg\"><img data-recalc-dims=\"1\" loading=\"lazy\" decoding=\"async\" class=\"alignright size-medium wp-image-42090\" title=\"Vincentiana\" src=\"https:\/\/i0.wp.com\/vicencianos.org\/wp-content\/2011\/06\/Vincentiana-300x166.jpg?resize=300%2C166\" alt=\"\" width=\"300\" height=\"166\" \/><\/a>A requerimiento del Superior General, en comunicado del 12\/03\/2009, Julio Suescun Olcoz, C.M., Director de VINCEN\u00adTIANA presenta en el Tiempo Fuerte del 22-26 de Junio de 2009, el siguiente estudio, redactado desde la revisi\u00f3n del material existente en el almac\u00e9n de VINCENTIANA, en la Casa de la Curia, en Roma.<\/p>\n<p style=\"padding-left: 30px\"><em>\u00abEl Consejo ha pedido a Julio que incluya esta relaci\u00f3n<\/em> <em>documentada, en uno de los n\u00fameros de VINCENTIANA,<\/em> <em>dado su inter\u00e9s y valor hist\u00f3rico\u00bb<\/em> (cf. la Circular del Superior General, 9 de Julio de 2009).<\/p>\n<h2><strong>I. Evoluci\u00f3n de Vincentiana<\/strong><\/h2>\n<p>VINCENTIANA nace con la idea de servir como medio de trans\u00admisi\u00f3n de las noticias de la congregaci\u00f3n a todas sus provincias. Res\u00adponde al deseo formulado en la AG-1955, en el siguiente decreto: <em>\u00abConficiatur Commentarium Congregationis latine exaratum, in quo<\/em> <em>edantur documenta et art\u00edculi de disciplina nostra, de historia et de<\/em> <em>ministeriis Congregationis nostrae, de vita spirituali et his similibus\u00bb<\/em> (Sessio VII,<em> Conventus Generalis<\/em> XXXII, 30 Junii &#8211; 14 Julii, 1955).<\/p>\n<h3><strong>1\u00aa Etapa: 1957-1958 &#8211; Roma, Colegio Leoniano<\/strong> <strong>P. Annibale Bugnini<\/strong><\/h3>\n<p>En enero de 1957, el P. A. Bugnini, desde el Leoniano, comienza la publicaci\u00f3n de VINCENTIANA, que subtitula justamente \u00abNuntia Congregationis Missionis\u00bb. En el n\u00famero siguiente, febrero de 1957 se incluye una carta del Superior General P. Slatery, al P. Bugnini, en la que afirma que la publicaci\u00f3n responde a los deseos de la \u00faltima Asamblea General, hace votos por la prosperidad de VINCEN\u00adTIANA y pide colaboradores para la empresa iniciada.<\/p>\n<p>De ese a\u00f1o 1957 han llegado hasta nosotros 9 vol\u00famenes,<span id='easy-footnote-1-42071' class='easy-footnote-margin-adjust'><\/span><span class='easy-footnote'><a href='https:\/\/vincentians.com\/es\/vincentiana-1957-2009\/#easy-footnote-bottom-1-42071' title='Damos el nombre de volumen al conjunto de p\u00e1ginas grapadas juntas, a\u00fan sin encuadernar, en las que se incluyen uno o varios n\u00fameros de la naciente publicaci\u00f3n.'><sup>1<\/sup><\/a><\/span> distri\u00adbuidos as\u00ed: un volumen por cada uno de los meses de enero a junio inclusive (total 6), el volumen de agosto, marcado con el n\u00famero 7, y que contin\u00faa la numeraci\u00f3n de las p\u00e1ginas del n.6 (quiere decir que en julio no se public\u00f3), el volumen correspondiente a Octubre, mar\u00adcado con los n\u00fameros 9-10, pero siguiendo la serie de p\u00e1ginas del n\u00famero 7 (lo que quiere decir que el n\u00famero 8 no existi\u00f3) y el volu\u00admen de diciembre, marcado con los n\u00fameros 11-12. En total 9 vol\u00fa\u00admenes conteniendo 12 n\u00fameros o sus equivalentes.<\/p>\n<p>La revista se configura con tres partes m\u00e1s o menos definidas. Hay una parte Oficial, que s\u00f3lo aparecer\u00e1 con tal nombre en el volu\u00admen de Mayo 1957 y que contiene comunicados de la Santa Sede, una segunda parte que contiene noticias de la Curia General y otra tercera parte que contiene noticias de las provincias, generalmente agrupadas por continentes.<\/p>\n<p>Parece que se quiere responder a los deseos manifestados en la Asamblea General de 1955, de tener un instrumento de comunica\u00adci\u00f3n menos voluminoso que los Anales de la Casa Madre de Par\u00eds, de car\u00e1cter m\u00e1s period\u00edstico, que llegue las misioneros con mayor frecuencia que la tradicional comunicaci\u00f3n anual de noticias que se adjuntaba como segunda parte de la Carta del Superior General a primeros de a\u00f1o.<\/p>\n<p>Los vol\u00famenes aparecen sin encuadernar, en un formato igual al actual de VINCENTIANA, y contienen unas 10 pgs. Cada uno, sin que importe los n\u00fameros que abarquen.<\/p>\n<p>Con estas mismas caracter\u00edsticas se publican en 1958 tres vol\u00fame\u00adnes, correspondientes a Enero, Febrero y Marzo, marcados con los n\u00fameros 1, 2 y 3 y que corresponder\u00edan a los vol\u00famenes 10, 11 y 12.<\/p>\n<p>Es importante notar que al final de 1957 aparece ya un primer \u00edndice de cuatro p\u00e1ginas sobre las 106 que componen la totalidad del a\u00f1o. Se\u00f1al inequ\u00edvoca que se pensaba en VINCENTIANA como archivo f\u00e1cilmente accesible en todas las casas.<\/p>\n<h3><strong>2\u00aa Etapa: 1958-1963 &#8211; Par\u00eds, Casa Madre &#8211; P. Jean Gonthier<\/strong><\/h3>\n<p>El volumen 13 de VINCENTIANA aparece marcado con los n\u00fame-ros 4.5.6.7 y tiene 16 p\u00e1ginas. Sin duda fue impreso en junio de 1958, con intenci\u00f3n de que cubriera tambi\u00e9n hasta agosto, porque se anun-cian como pr\u00f3ximos los aniversarios a celebrar en julio y agosto. Este volumen marca el inicio de una nueva etapa de VINCENTIANA, que ofrece algunas caracter\u00edsticas dignas de nota:<\/p>\n<ol>\n<li>Una carta del P. Slatery justifica el retraso en la salida de VIN-CENTIANA por el cambio de direcci\u00f3n de la misma. El P. Joanne Gonthier, que reside en la Casa Madre de Par\u00eds, sustituye al P. Bugnini que debido a sus m\u00faltiples ocupaciones, ha presen-tado su dimisi\u00f3n al P. Slatery.<\/li>\n<li>VINCENTIANA no saldr\u00e1 ya desde el Leoniano, en Roma, sino desde la Casa Madre, en Par\u00eds.<\/li>\n<li>El subt\u00edtulo de VINCENTIANA ya no ser\u00e1 m\u00e1s \u00abNuntia Congre-gationis Missionis\u00bb, sino \u00abCommentarium Congregationis Mis-sionis \u00ab, m\u00e1s en conformidad con la letra del decreto de la Asamblea General, antes citado.<\/li>\n<li>La revista tiene dos partes: Parte Oficial, que comprende los Documentos de la Santa Sede referentes a la C.M. y los actos de R\u00e9gimen de la Congregaci\u00f3n, y una Parte No-Oficial, as\u00ed llamada por primera vez en este volumen 13, que contiene las noticias de las provincias, da cuenta de algunos libros escritos por los misio-neros y pide que se env\u00eden a la Cada Madre los que en adelante se escriban para poder formar una Biblioteca de los Nuestros. Es el primer apunte de VINCENTIANA hacia una secci\u00f3n de estudios.<\/li>\n<li>El n\u00famero de p\u00e1ginas aumenta a 16 por n\u00famero. En algunos se incluyen fotograf\u00edas de casas o de algunos misioneros distingui-dos, pero el n\u00famero de p\u00e1ginas se mantiene en 16.<\/li>\n<li>A partir del volumen 14, 1958, se reproducen en las contraporta-das de los n\u00fameros, siempre en papel, aunque de un color dife-rente a las p\u00e1ginas del interior, los t\u00edtulos de todas las noticias publicadas en la etapa anterior (vol\u00famenes 1-12).<\/li>\n<li>El a\u00f1o 1958 se completa con un volumen m\u00e1s, el 15. Con \u00e9l son tres los vol\u00famenes publicados desde Par\u00eds, que unidos a los tres ya publicados por el P. Bugnini, desde Roma, forman un total de 6 vol\u00famenes para 1958.<\/li>\n<li>En el volumen 17, el segundo de 1959, se inicia por primera vez una Secci\u00f3n titulada Studia Vicentiana. Ciertamente estos se reducen cuando m\u00e1s, a un art\u00edculo o dos, de dos p\u00e1ginas, con temas como el lugar que nos corresponde a los Misioneros y a las Hijas de la Caridad en la Iglesia o si nos hemos de llamar vicen\u00adtinos o vicencianos. Pero a partir de este volumen 17, la revista tendr\u00e1 ya tres secciones: Acta Vincentiana, que incluir\u00e1 documen\u00adtos de la Santa Sede y del R\u00e9gimen de la Congregaci\u00f3n, Studia Vincentiana y Nuntia Vincentiana. En este volumen aparece por primera vez el nombre del Director de VINCENTIANA, en la con\u00adtraportada del volumen: \u00abDirector: JEAN GONTHIER\u00bb.<\/li>\n<li>A partir de volumen 16 el \u00abComentarium \u00ab, que es VINCEN\u00adTIANA, viene dici\u00e9ndose<em> \u00abmensuale\u00bb.<\/em> Uno apenas logra alcanzar cu\u00e1l sea la intenci\u00f3n del director al designarlo as\u00ed. Para el a\u00f1o 1959 los vol\u00famenes publicados son siete, del 16 al 22 ambos inclusive, lo que no corresponde a una frecuencia mensual. Y as\u00ed m\u00e1s o menos en los a\u00f1os sucesivos<\/li>\n<li>Para el tricentenario de la muerte de San Vicente y de Santa Luisa, VINCENTIANA se viste de gala, y los vol\u00famenes 21-22, todav\u00eda en 1959, y los vol\u00famenes 23-28 ambos inclusive, ya en 1960, se adornan con cubiertas a todo color, con cuadros referen\u00adtes a los fundadores. Crece ligeramente el n\u00famero de p\u00e1ginas de cada volumen, m\u00e1s por gracia de las fotograf\u00edas que se incluyen que por la letra del contenido, si bien la secci\u00f3n de estudios, regularmente reducida a un estudio se extiende, a veces, un po\u00adquito. A lo largo de 1960 se publican 6 vol\u00famenes, que con los dos del a\u00f1o anterior, con portadas a todo color, suman un total de 8 vol\u00famenes que de alg\u00fan modo recuerdan que estamos en el tricentenario.<\/li>\n<li>Con id\u00e9nticas caracter\u00edsticas, pero ya sin cubiertas a todo color, aunque s\u00ed con una cartulina m\u00e1s consistente que el papel de las p\u00e1ginas interiores, se siguen editando los vol\u00famenes 29-39, un to\u00adtal de once, que cubren los dos a\u00f1os 1961-1962, para un<em> \u00abComen\u00ad<\/em><em>tarium \u00ab<\/em> que ya en el n\u00famero 36, a\u00f1o 1962, dej\u00f3 de decirse<em> \u00abmen\u00ad<\/em><em>suale \u00ab.<\/em> Y aqu\u00ed acaba la \u00e9poca del P. Jean GONTHIER que ha llenado 560 p\u00e1ginas en seis a\u00f1os.<\/li>\n<\/ol>\n<h3><strong>3\u00aa Etapa: 1964-1973 &#8211; Roma, Curia en el Leoniano<\/strong> <strong>P. Angelo Coppo<\/strong><\/h3>\n<p>Es la \u00e9poca del P. A. Coppo. abarca desde le primer n\u00famero de 1964 hasta el n\u00famero 4-5, 1973 en que se presenta el P. Emilio Cid. Caracterizan esta \u00e9poca los siguientes datos:<\/p>\n<ol>\n<li>VINCENTIANA vuelve a editarse en Roma, en la Curia General, situada entonces en el Colegio Leoniano, Via Pompeo Magno 21.<\/li>\n<li>VINCENTIANA sale ordenadamente en meses alternos, como se indica en su portada. Se presenta en vol\u00famenes encuadernados en cartulina blanca, como siguir\u00e1 haci\u00e9ndose hasta 1994 en que la cubierta cambia de color. S\u00f3lo a partir de 1998 aparecer\u00e1 con una fotograf\u00eda en color. Cada Volumen consta de unas 30 p\u00e1ginas por t\u00e9rmino medio, unas 170\/180 al a\u00f1o.<\/li>\n<li>El primer n\u00famero, Enero\/Febrero 1964, est\u00e1 dedicado a la XXXIII Asamblea General. No ofrece otra novedad que el ma\u00adyor n\u00famero de fotograf\u00edas, debido sin duda a la audiencia que Pablo VI concedi\u00f3 a los asambleistas, lo que hace subir el n\u00famero de p\u00e1ginas a 44.<\/li>\n<li>Hasta 1967 se incluye, como un n\u00famero, la Carta Anual del Supe\u00adrior General, con las dos partes tradicionales, una primera doctrinal-exhortativa y una segunda con noticias sobre el estado de la C.M. en las distintas provincias.<\/li>\n<li>Hay que se\u00f1alar que se desarrolla notablemente la parte de noti\u00adcias, escritas por corresponsales propios del lugar y casi siempre en su lengua propia, dejando el lat\u00edn, la lengua en que hab\u00eda nacido VINCENTIANA, para las comunicaciones oficiales.<\/li>\n<li>El desarrollo de las noticias se hace a costa de la supresi\u00f3n de los peque\u00f1os amagos de estudio que ven\u00edan apareciendo en la \u00e9poca anterior. Bien es verdad que en esta \u00e9poca se producen comuni\u00adcaciones oficiales de gran calado, tanto por parte de la Iglesia como de la Congregaci\u00f3n, que tienen por lo general, cabida en VINCENTIANA. Es la \u00e9poca de la \u00faltima sesi\u00f3n del Concilio y de la Asamblea General del 1968-1969. VINCENTIANA se configura en esta \u00e9poca, sobre todo como un archivo de documentos oficia\u00adles y un NOTICIERO sobre la C.M. en las provincias, escrito ordi\u00adnariamente en la lengua del corresponsal que env\u00eda la noticia.<\/li>\n<li>El P. Angelo Coppo muere en Roma, el 9 de Agosto de 1973.<\/li>\n<\/ol>\n<h3><strong>4\u00aa Etapa: 1973-1979 &#8211; P. Emilio Cid (\u2020 14\/02\/1980)<\/strong><\/h3>\n<p>Desde el n\u00famero 6 de 1973 figura como \u00abDirector ac Sponsor\u00bb el P. Giuseppe Tamagnone, y s\u00f3lo en el \u00faltimo numero de 1974 se dice que<em> todo lo referente a la redacci\u00f3n y administraci\u00f3n de VIN\u00ad<\/em><em>CENTIANA debe dirigirse a Emilio Cid que tiene el cargo de principal<\/em> <em>redactor.<\/em><\/p>\n<p>Ya en el n\u00famero 4-5, 1973 se presenta el P. Emilio Cid, diciendo que no tiene<em> todav\u00eda ning\u00fan plan elaborado, sino unas cuantas ideas muy rudimentarias para orientarme en mi nueva tarea.<\/em> Y estas ideas <em>\u00abrudimentarias\u00bb<\/em> pueden catalogarse as\u00ed:<\/p>\n<ol>\n<li>Comienza el P. Cid solicitando que se le env\u00eden los Boletines pro-vinciales, confesando su voluntad de hacer circular las noticias que parezcan m\u00e1s interesantes para toda la familia vicenciana. Se acent\u00faa de nuevo el car\u00e1cter informativo de VINCENTIANA.<\/li>\n<li>Se intenta que la informaci\u00f3n oficial ocupe un m\u00ednimo de espacio. Podr\u00e1 contener los documentos oficiales de la Curia, los documen-tos de la Santa Sede con especial inter\u00e9s para nosotros, los nom-bramientos, la necrolog\u00eda con notas de los misioneros que vayan falleciendo. Los dem\u00e1s documentos de la Santa Sede, se pueden tener antes y mejor en las revistas especializadas en esta infor-maci\u00f3n.<\/li>\n<li>La parte m\u00e1s importante estar\u00e1 dedicada a la informaci\u00f3n y al di\u00e1logo interno as\u00ed como a los estudios vicencianos. El P. General intenta, dice el P. Cid, que este bolet\u00edn, a parte de la informaci\u00f3n oficial, sea un instrumento de di\u00e1logo y de reflexi\u00f3n de toda la Congregaci\u00f3n.<em> Espero que cualquier cohermano de cualquier parte<\/em> <em>del mundo y de cualquier mentalidad se sienta con libertad para<\/em> <em>exponer sus puntos de vista en las p\u00e1ginas de VINCENTIANA.<\/em><\/li>\n<li>Los n\u00fameros que dirigi\u00f3 el P. Emilio Cid marchan por estas rutas. Ya el primer volumen, ns. 4-5 de 1973, todo \u00e9l se polariza en torno al problema de las vocaciones y de la formaci\u00f3n de los nues-tros. Puede considerarse como un anticipo de la pr\u00e1ctica posterior de agrupar la mayor parte de las colaboraciones en dossiers. Pero tan importante como esto, es que el P. Cid se manifiesta fiel a la preocupaci\u00f3n por el di\u00e1logo, por la participaci\u00f3n de todos en la informaci\u00f3n que hace circular VINCENTIANA. Y as\u00ed, en este volu-men aparece informaci\u00f3n sobre c\u00f3mo est\u00e1 la formaci\u00f3n en muchas de nuestras provincias.<\/li>\n<li>Y fiel a esta preocupaci\u00f3n por el di\u00e1logo e intercambio de parece-res, en el segundo n\u00famero, el P. Cid lanza una pregunta compro-metedora a los diez componentes de la Comisi\u00f3n Preparatoria de la Asamblea General de 1980, GEPAG-80: \u00bfCu\u00e1les son a tu pare-cer los cinco problemas m\u00e1s graves con los que hoy se enfrenta la Congregaci\u00f3n? Respondieron 8 de los diez preguntados. Aparecen organizadas sus respuestas. El P. Cid termina con un comentario que concluye as\u00ed:<em> Nuestro problema no est\u00e1 en el orden de los prin-cipios, que los conocemos; todos necesitamos una conversi\u00f3n per-sonal, todos podemos contribuir a la creaci\u00f3n del nuevo esp\u00edritu<\/em> <em>vicenciano; necesitamos urgentemente resolver el problema de las<\/em> <em>vocaciones para que no se rompa la continuidad; necesitamos pro-gramas de acci\u00f3n y medios pr\u00e1cticos para realizarlos.<\/em><\/li>\n<li>El m\u00e9todo se va aplicando, en n\u00fameros sucesivos, a distintos temas: La Comunicaci\u00f3n en la C.M. (n. 3, 1974); la evaluaci\u00f3n de las Declaraciones de la Asamblea General; la revisi\u00f3n de las pro\u00advincias (ocupan varios n\u00fameros); las misiones populares (n. 5, 1975 y ns. 1-2, 1976). No hay problema de traducciones. Cada uno escribe en la lengua que sabe. Unas veces se incluyen peque\u00f1os sumarios en las otras lenguas, incluido el lat\u00edn; otras veces los t\u00edtulos van en lat\u00edn o en una de las lenguas vern\u00e1culas y el cuerpo del p\u00e1rrafo en otra lengua&#8230;<\/li>\n<li>La funci\u00f3n de archivo de la revista, oblig\u00f3 al P. Cid a dedicar los tres \u00faltimos n\u00fameros de 1974 a la Asamblea General y sus docu\u00admentos: n\u00b0 4 Los trabajos de la Comisi\u00f3n preparatoria; n\u00b0 5 Decla\u00adraciones de la AG 74, Texto de las Constituciones y Estatutos aprobado por la AG del 68 y revisado por la AG 74, Reglas Comu\u00adnes de la C.M.; y n\u00b0 6 Cr\u00f3nica y comentarios de la AG 74. Como nota curiosa, en la contracubierta del n\u00b0 5 (Declaraciones, Consti\u00adtuciones y Reglas Comunes) se dice:<em> De este n\u00famero se imprimie\u00ad<\/em><em>ron 2.000 ejemplares, de los que 1.000 quedan en el dep\u00f3sito de<\/em> <em>VINCENCIANA a disposici\u00f3n de los misioneros que los deseen al<\/em> <em>precio de 1.500 liras.<\/em><\/li>\n<li>En General, podemos decir que en esta etapa crece la preocupa\u00adci\u00f3n por la reflexi\u00f3n y el di\u00e1logo. La participaci\u00f3n, no siempre respondi\u00f3 a la programaci\u00f3n del director. No me resisto a dejar de copiar este comentario del P. Jos\u00e9 Oriol Baylac, sucesor del P. Cid. Comentaban juntos, pocos d\u00edas antes de morir el P. Cid, un cuaderno que \u00e9ste \u00faltimo hab\u00eda escrito para su sucesor. El P. Baylac asegura que le escuchaba embelesado:<em> m\u00e9tete en la<\/em> <em>cabeza que VINCENTIANA no es un informativo para suministrar<\/em> <em>noticias frescas, sino para dejar constancia de las oficiales de la<\/em> <em>Congregaci\u00f3n y de aquellas de tipo general, que puedan estimular a<\/em> <em>los cohermanos; para informarse r\u00e1pidamente existen otros canales:<\/em> <em>circulares, boletines provinciales de varios tipos&#8230;<\/em> Pero y los corres\u00adponsales, pregunt\u00e9:<em> \u00a1Dios te ampare! Reci\u00e9n llegado aqu\u00ed hice el<\/em> <em>recorrido; seg\u00fan las contestaciones que me llegaron de las provin\u00ad<\/em><em>cias, todo ir\u00eda a pedir de boca; la realidad fue otra; tendr\u00e1s que echar<\/em> <em>mano de otros recursos.<\/em> Y \u00bflos art\u00edculos de fondo?<em> Con estos, ojo y<\/em> <em>tino. Los que quisieras, te constara sudores conseguirlos, si los con\u00ad<\/em><em>sigues; y no te faltar\u00e1n algunos que no podr\u00e1s publicar; te encon\u00ad<\/em><em>trar\u00e1s en situaciones poco confortables.<\/em><\/li>\n<li>La Revista ha adquirido ya un volumen de al menos 100 pgs. por n\u00famero simple, que ya no disminuir\u00e1.<\/li>\n<\/ol>\n<h3><strong>5\u00aa Etapa: 1980-1989 &#8211; P. Jos\u00e9 Oriol Baylac<\/strong><\/h3>\n<p>El P. Cid muere el 14 de Febrero de 1980. Le sucede, ya en el primer n\u00famero de este a\u00f1o, el P. Jos\u00e9 Oriol Baylac, catal\u00e1n de la provincia de Per\u00fa. Son nueve a\u00f1os los que aguanta el P. Baylac con el peso de VINCENTIANA sobre su responsabilidad. Es una \u00e9poca que se caracteriza por:<\/p>\n<ol>\n<li>Una mayor atenci\u00f3n y extensi\u00f3n de las noticias provenientes de las provincias, redactadas en la lengua del redactor de las mismas.<\/li>\n<li>Una profusi\u00f3n de tablas y estudios estad\u00edsticos, mayormente obra del mismo P. Jos\u00e9 Oriol Baylac, sobre los distintos oficios de la Curia General, sobre los visitadores de la C.M., sobre los ministe\u00adrios etc.<\/li>\n<li>En 1982 se publican s\u00f3lo tres vol\u00famenes de dos n\u00fameros cada uno, ocupando uno de estos vol\u00famenes de dos n\u00fameros, los \u00edndi\u00adces de los vol\u00famenes XVIII al XXIV. El total de p\u00e1ginas del a\u00f1o es de 288. Y en los a\u00f1os siguientes, los acontecimientos de la C.M. proporcionan material suficiente.<\/li>\n<li>Frente a una aparente mayor pobreza de art\u00edculos de estudio en los n\u00fameros ordinarios, destacan en este tiempo los n\u00fameros especiales dedicados a documentos oficiales, meses de estudio y acontecimientos de relieve en la C.M. El Coloquio sobre el Cristo de San Vicente, organizado por el SIEV en 1986 y dos de los meses vicencianos preparados por el SIEV pertenecen a este periodo. Asimismo se publica la Ratio<em> Formationis Seminarii<\/em> <em>Interni.<\/em> La Asamblea de 1986, con su Documentum Laboris, Cele\u00adbraci\u00f3n y Documentos de la Asamblea, as\u00ed como la celebraci\u00f3n del 350 aniversario de la fundaci\u00f3n de las Hijas de la Caridad, dan material para otros tantos n\u00fameros muy valiosos.<\/li>\n<li>En VINCENTIANA, A\u00f1o 1988, N. 1, en la Secci\u00f3n de Estudios, el Director P. Jos\u00e9 Oriol Baylac, C.M., publica un art\u00edculo titulado \u00abVINCENTIANA cumple 31 a\u00f1os al servicio de la C.M.\u00bb. El art\u00ed\u00adculo relata minuciosamente los pormenores previos al nacimiento de VINCENTIANA, describe con meticulosidad hasta los m\u00e1s m\u00ednimos detalles de los cambios que ha tenido en su historia hasta 1988 y valora la tarea de los cinco directores que ha tenido en ese tiempo, con particular atenci\u00f3n a su tiempo de direcci\u00f3n y a la del P. Cid, que \u00e9l ha conocido personalmente. Puede leerse para confirmaci\u00f3n y complemento de lo que aqu\u00ed se dice.<\/li>\n<li>El \u00edndice de VINCENTIANA publicado por el P. John de los R\u00edos en 1993 y que abarca los a\u00f1os de 1981-1990, casi coincidentes con el tiempo de direcci\u00f3n del P. Jos\u00e9 Oriol Baylac, ofrece una buena sistematizaci\u00f3n de los estudios y documentos publicados en ese tiempo y que constituyen un cuerpo de doctrina vicenciana muy considerable. No menos de 300 art\u00edculos se contabilizan en la sec\u00adci\u00f3n de estudios, en el citado \u00edndice.<\/li>\n<li>A esta etapa pertenece el nacimiento de NUNTIA C.M. como noti\u00adciero informativo. En carta dirigida a los Visitadores, el 11 de Febrero de 1982, Fiesta de N&#8217;.S&#8217;. de Lourdes, el Superior Ge\u00adneral, P. McCullen, presenta NUNTIA como una Hoja Informal, que espera poder enviar a los Visitadores algunas veces al a\u00f1o, con el ruego de que cada Visitador haga copias para todas las comunidades de su provincia. Es una pr\u00e1ctica informativa que el P. McCullen dice retomar del mismo San Vicente que en sus car\u00adtas a algunos misioneros inclu\u00eda noticias que hab\u00eda recibido de otros y as\u00ed procuraba que toda la Congregaci\u00f3n estuviera intere\u00adsada por los trabajos de todos.<\/li>\n<li>En la actualidad, NUNTIA \u2014<em> Bolet\u00edn de Noticias desde la Curia<\/em> <em>General de la C.M.<\/em> \u2014 se env\u00eda mensualmente, y desde 2006 \u00fanica\u00admente por correo electr\u00f3nico, a todas las provincias y viceprovin\u00adcias, as\u00ed como a todos los miembros de la Curia General, y a cuantos interesados lo solicitan personalmente. Se env\u00eda desde la Curia, ya desde sus or\u00edgenes, en las tres lenguas oficiales, pero nos consta que hoy, en algunas provincias, se traduce NUNTIA a la lengua propia de los misioneros de la provincia: italiano, polaco, eslovaco&#8230; Desde Mayo de 2007 se viene colgando, en las tres len\u00adguas, tambi\u00e9n en http:\/\/cmglobal.org<\/li>\n<\/ol>\n<h3><strong>6\u00aa Etapa: 1989-1994 &#8211; P. John de los R\u00edos<\/strong><\/h3>\n<p>Comienza su oficio el P. John de los R\u00edos el 11 de Agosto de 1989 y termina, en 1994, con la publicaci\u00f3n de los \u00edndices correspondien\u00adtes a los a\u00f1os 1981-1990. En la presentaci\u00f3n de estos \u00edndices queda clara la idea de revista que ha venido presidiendo los a\u00f1os de trabajo del P. John de los R\u00edos.<\/p>\n<ol>\n<li>Como Revista de \u00abarchivo\u00bb casi m\u00e1s que de lectura,<em> porque tiene<\/em> <em>unos condicionamientos internos, dice, que no le permiten salir<\/em> <em>cuando otros Boletines o Revistas ya le han sacado la delantera en<\/em> <em>noticias, necesita \u00edndices muy completos de sus contenidos.<\/em><\/li>\n<li>En los \u00edndices<em> quiz\u00e1 lo que menos interese,<\/em> sigue diciendo,<em> sean los<\/em> <em>nombramientos y confirmaciones, que por lo dem\u00e1s pueden ser<\/em> <em>encontrados en los cat\u00e1logos y otros archivos de la Curia. Por eso<\/em> <em>no acced\u00ed a la sugerencia del P. Baylac de que trabajara sobre todo<\/em> <em>los nombres de los cohermanos, en la convicci\u00f3n de que estos datos<\/em> <em>son incompletos y adem\u00e1s in\u00fatiles.<\/em><\/li>\n<li>As\u00ed pues, seg\u00fan su testimonio, \u00e9l organiza sus \u00edndices conforme a las secciones que ya son familiares a los lectores de la revista:<em> Acta<\/em> <em>Sanct\u00e6 Sedis, Studia, Spiritualitas, Vitae Congregationis, In Memo-<\/em><em>riam, Bibliographica,<\/em> con las modificaciones que le impone el tra-bajo de indexaci\u00f3n.<\/li>\n<\/ol>\n<h3><strong>7\u00aa Etapa: 1994 &#8211; Transici\u00f3n &#8211; P. Emeric Amyot D\u2019Inville<\/strong><\/h3>\n<p>El primer volumen de 1994, n\u00famero doble, de 104 pgs. se abre con una nota de agradecimiento al P. John de los R\u00edos, firmada por la Redacci\u00f3n, la misma que le ha venido asistiendo en su labor y que ahora, presidida por el P. Emeric Amyot D\u2019Inville, Secretario Gene-ral, se compromete<em> \u00abacogiendo la invitaci\u00f3n del Superior General y su<\/em> <em>Consejo, a proseguir la Secci\u00f3n de VINCENTIANA, en la parte oficial de<\/em> <em>la publicaci\u00f3n de Documentos y la de los Estudios y Noticias de mayor<\/em> <em>inter\u00e9s internacional\u00bb.<\/em><\/p>\n<ol>\n<li>VINCENTIANA, sigue diciendo, que se publica en meses alternos. En este a\u00f1o s\u00f3lo se publican cuatro vol\u00famenes, dos de ellos dobles, con un total de 460 p\u00e1ginas. Cambia el color de las cartu-linas, que ya no ser\u00e1n blancas, para cubrir las p\u00e1ginas escritas.<\/li>\n<li>Se sigue fielmente la clasificaci\u00f3n del trabajo conforme a las sec-ciones ya expuestas por el P. John de los R\u00edos en su \u00cdndice 1981- 1990: Curia, Statistica, Studia, Spiritualitas, Vita Congregationis, In Memoriam, Bibliographica.<\/li>\n<li>Los art\u00edculos aparecen cada uno en la lengua original en que fue-ron escritos.<\/li>\n<li>Desde el n\u00famero 2 de este a\u00f1o 1994, VINCENTIANA, que se ven\u00eda imprimiendo en Arti Grafiche F.lli Palombi, Roma, Via dei Grac-chi 183, comienza a imprimirse en la Tipografia Ugo Detti, Roma, Via Girolamo Savonarola 1. Es el actual impresor.<\/li>\n<li>Desde 1.990 en que termina el \u00cdndice del P. John de los R\u00edos, hasta la llegada de VINCENTIANA en tres lenguas, se publican 59 art\u00edculos sobre temas que se refieren a la historia, vida y misi\u00f3n de la Congregaci\u00f3n. A esta \u00e9poca pertenecen tambi\u00e9n los siguientes n\u00fameros especiales:\n<ol>\n<li>XXXVIII Asamblea General 1992 (4-5\/1992).<\/li>\n<li>Mes Vicenciano 1993: \u00abNouvelle Evangelisation, Hommes Nouveau, Communaut\u00e9s renouvelles\u00bb (4-5\/1993).<\/li>\n<li>Documento emanado del Consejo General: \u00abHermanos para la Misi\u00f3n\u00bb (2\/1991).<\/li>\n<\/ol>\n<\/li>\n<\/ol>\n<h3><strong><a href=\"https:\/\/i0.wp.com\/vicencianos.org\/wp-content\/2014\/12\/Vincentiana1.jpg\"><img data-recalc-dims=\"1\" loading=\"lazy\" decoding=\"async\" class=\"alignright size-medium wp-image-132804\" src=\"https:\/\/i0.wp.com\/vicencianos.org\/wp-content\/2014\/12\/Vincentiana1-300x294.jpg?resize=300%2C294\" alt=\"Vincentiana1\" width=\"300\" height=\"294\" \/><\/a>8\u00aa Etapa: 1995-2009 &#8211; VINCENTIANA Bimensual, en tres lenguas<\/strong><\/h3>\n<ol>\n<li>En el primer n\u00famero de VINCENTIANA, en 1.995 aparece un Pr\u00f3logo, firmado por su director, P. Amyot d\u2019Inville, del que des\u00adtacamos:\n<ol>\n<li>Con el \u00abtriling\u00fcismo\u00bb de la revista, se pretende llegar directa\u00admente al 70% de los misioneros. Dificultades pr\u00e1cticas que se juzgan insuperables, sobre todo el aumento del costo econ\u00f3\u00admico, han impedido ampliar el n\u00famero de lenguas. Se ad\u00advierte que si un art\u00edculo viene escrito en otra lengua distinta de las tres oficiales, se incluir\u00e1 una copia del mismo, en la lengua original, con los n\u00fameros de la revista que se enviar\u00e1n al pa\u00eds en que se hable dicho idioma. No consta que esto se haya cumplido. Y no deja de ser extra\u00f1o que un autor, diga\u00admos italiano, tenga que leer su art\u00edculo en VINCENTIANA, traducido a una lengua que no es la suya.<\/li>\n<li>Se apunta hacia un contenido que se quiere<em> \u00abm\u00e1s cercano a la<\/em> <em>vida de la congregaci\u00f3n\u00bb, \u00abun alimento intelectual y espiritual<\/em> <em>que sea verdaderamente \u00fatil a los cohermanos\u00bb.<\/em> Pero la \u00fanica novedad que encontramos en las secciones, que se anuncian casi id\u00e9nticas a las que ya conocen los lectores, es la referente al \u00abdossier\u00bb<em> \u00abes decir una cuesti\u00f3n importante de nuestra vida<\/em> <em>y misi\u00f3n que ser\u00e1 abordada bajo diversos aspectos en varios<\/em> <em>art\u00edculos\u00bb.<\/em><\/li>\n<li>El Consejo de redacci\u00f3n de la revista continua integrado por tres misioneros de la Curia: el Director, P. Amyot d\u2019Inville, Secretario General, Jos\u00e9 Ignacio Fern\u00e1ndez H. de Mendoza, y Thomas Davitt, Archivero de la Curia. De este \u00faltimo se dice que<em> \u00abda su orientaci\u00f3n a la revista, decide los art\u00edculos que<\/em> <em>se han de pedir, o la publicaci\u00f3n de los que llegan directamente<\/em> <em>a la Curia y los textos a traducir\u00bb.<\/em> Es pues, el verdadero direc\u00adtor ejecutivo.<\/li>\n<\/ol>\n<\/li>\n<li>Durante los 14 a\u00f1os que lleva esta experiencia del \u00abtriling\u00fcismo\u00bb han desfilado cinco directores: Amyot d\u2019Inville (Thomas Davitt) (1.995-1.999), Jos\u00e9 M\u00aa Nieto Varas (1.999-2.000), Orlando Escobar (2.001-2.004), Alfredo Becerra (2.005-2.006), Julio Suescun (2.007- 2.009). Teniendo en cuenta que en los 38 a\u00f1os anteriores s\u00f3lo hab\u00edan desfilado seis directores, resulta que en los a\u00f1os de \u00abtri\u00adling\u00fcismo\u00bb, los directores duran menos de la mitad de tiempo; una media de 3 a\u00f1os frente a una media de 6,3 a\u00f1os de la \u00e9poca anterior.<\/li>\n<li>Los t\u00edtulos de los dossiers muestran un amplio campo de la his\u00adtoria, de la vida y de la acci\u00f3n de la Congregaci\u00f3n de la Misi\u00f3n.\n<ul>\n<li>\n<ul>\n<li><strong>1.995-1.999:<\/strong>\n<ol>\n<li>La C.M. en la hora del S\u00ednodo Africano (1\/1.995)<\/li>\n<li>La C.M. en los pa\u00edses de la Europa excomunista (2\/1.995)<\/li>\n<li>La C.M. y el Islam (3\/1.995)<\/li>\n<li>El Laicado Vicenciano (4-5\/1.995)<\/li>\n<li>Servir espiritual y corporalmente a los pobres (6\/1.995)<\/li>\n<li>Juan Gabriel Perboyre (2\/1.996)<\/li>\n<li>La Misi\u00f3n ad Gentes (3\/1.996)<\/li>\n<li>La Canonizaci\u00f3n de Juan Gabriel Perboyre (6\/1.996)<\/li>\n<li>Formadores del clero (1\/1.997)<\/li>\n<li>La Formaci\u00f3n de los nuestros (2\/1.997)<\/li>\n<li>Federico Ozanam (3\/1.997)<\/li>\n<li>La Beatificaci\u00f3n de Federico Ozanam (6\/1.997)<\/li>\n<li>Ecos de la Familia Vicenciana (1\/1.998)<\/li>\n<li>Seis proyectos comunes de la Familia Vicenciana (2\/1.998)<\/li>\n<li>Misi\u00f3n en Am\u00e9rica Latina (3\/1.998)<\/li>\n<li>Perspectivas vicencianas en Asia (6\/1.998)<\/li>\n<li>Los M\u00e1rtires de la Familia Vicenciana en el siglo XX (1\/1999)<\/li>\n<\/ol>\n<\/li>\n<\/ul>\n<ul>\n<li><strong>1.999-.2000:<\/strong>\n<ol>\n<li>Asociar grupos y personas con la Congregaci\u00f3n (1\/1.999)<\/li>\n<li>Los desaf\u00edos que nos lanza la Asamblea General del \u201998 (2\/1.999)<\/li>\n<li>El Gran Jubileo del 2.000 (3\/1.999)<\/li>\n<li>Evangelizar Europa (1\/2.000)<\/li>\n<li>El reto de la formaci\u00f3n (2\/2.000)<\/li>\n<li>San Vicente sacerdote (3\/2.000)<\/li>\n<li>San Justino de Jacobis (4\/2.000)<\/li>\n<\/ol>\n<\/li>\n<\/ul>\n<ul>\n<li><strong>2.001-2.004:<\/strong>\n<ol>\n<li>San Francisco Regis Clet (1\/2.001)<\/li>\n<li>La C.M. en los Estados Unidos (3\/2.001)<\/li>\n<li>El Obispo, servidor del Evangelio de Jesucristo para la espe\u00adranza del mundo (6\/2.001)<\/li>\n<li>Experiencias del carisma de la C.M. hoy (2\/2.002)<\/li>\n<li>Encuentro de Visitadores. Animaci\u00f3n de las Comunidades Locales (3\/2.002)<\/li>\n<li>San Juan Gabriel Perboyre (5\/2.002)<\/li>\n<li>Encuentro de Ec\u00f3nomos Provinciales (1\/2.003)<\/li>\n<li>El Beato Marco Antonio Durando (2\/2.003)<\/li>\n<li>Las Conferencias de Visitadores de la C.M. (3\/2.003)<\/li>\n<li>Santuarios y Misi\u00f3n Vicenciana (4\/2.003)<\/li>\n<li>Guillaume Pouget (1\/2.004)<\/li>\n<li>Experiencias de apostolado entre los pobres (2\/2.004)<\/li>\n<li>\u00abNuevas Misiones\u00bb de la C.M. (3\/2.004)<\/li>\n<li>Algunos cohermanos \u00abmenos conocidos\u00bb (I) (6\/2.004)<\/li>\n<\/ol>\n<\/li>\n<\/ul>\n<ul>\n<li><strong>2.005-2.006:<\/strong>\n<ol>\n<li>Una reflexi\u00f3n vicentina sobre la Eucarist\u00eda (1\/2.005)<\/li>\n<li>La Formaci\u00f3n Permanente Vicentina (2\/2.005)<\/li>\n<li>Ecos de la Asamblea General 2004 (3\/2.005)<\/li>\n<li>Las cinco virtudes vicentinas hoy (4-6\/2.005)<\/li>\n<li>La Carta Enc\u00edclica \u00abDeus Caritas est\u00bb y el Carisma Vicen\u00adtino\u00bb (1-2\/2.006)<\/li>\n<li>Directorio del Director Provincial de las Hijas de la Caridad (3\/2.006)<\/li>\n<li>La Familia Vicenciana (4\/2.004)<\/li>\n<li>Algunos cohermanos menos conocidos (II) 5\/2.006)<\/li>\n<\/ol>\n<\/li>\n<\/ul>\n<ul>\n<li><strong>2.007-2.008:<\/strong>\n<ol>\n<li>Apoyar la Fidelidad de los Misioneros en toda ocasi\u00f3n (1-2\/2007)<\/li>\n<li>La Formaci\u00f3n Continua del Misionero, hoy (M\u00e9xico 2007) (3\/2.007)<\/li>\n<li>Inculturaci\u00f3n del Carisma Vicenciano en el Mundo (4\/2.007)<\/li>\n<li>Las Misiones Vicencianas (5\/2.007)<\/li>\n<li>La Gran Familia Vicenciana (6\/2.007)<\/li>\n<li>Solidaridad Vicenciana (1-2\/2.008)<\/li>\n<li>Pervivencia de las Reglas Comunes (3\/2.008)<\/li>\n<li>Caridad Pol\u00edtica (4\/2.008)<\/li>\n<li>Doctrina Social (5\/2.009)<\/li>\n<li>Frutos de la Misi\u00f3n (6\/2.008)<\/li>\n<\/ol>\n<\/li>\n<\/ul>\n<ul>\n<li><strong>2.009:<\/strong>\n<ol>\n<li>Colloquium del SIEV (Para J\u00f3venes Investigadores Vicen\u00adcianos) (1-2\/2009)<\/li>\n<li>Pablo de Tarso \u2013 Vicente de Pa\u00fal en el Bimilenario del naci\u00admiento de Pablo (3\/2009)<\/li>\n<li>Autoridad y Obediencia (4\/2009)<\/li>\n<li>Vicente de Pa\u00fal \u2013 Luisa de Marillac, 350 Aniversario de su muerte (5\/2009)<\/li>\n<li>La Asociaci\u00f3n de la Medalla Milagrosa. Centenario de su Aprobaci\u00f3n. Pontificia (6\/2009)<\/li>\n<\/ol>\n<\/li>\n<\/ul>\n<\/li>\n<\/ul>\n<\/li>\n<li>En esta etapa (1995 hasta 2009) se han publicado tambi\u00e9n m\u00e1s de 50 estudios referentes a la vida, espiritualidad y misi\u00f3n de la C.M. fuera del dossier del n\u00famero correspondiente. El P. Amyot d\u2019Inville public\u00f3 en un suplemento al n. 6\/1998, el \u00cdndice General de los a\u00f1os 1991-1998. A partir de 1.999 se publica, en el \u00faltimo n\u00famero de cada a\u00f1o, el \u00cdndice General del A\u00f1o.<\/li>\n<li>Tambi\u00e9n en esta etapa se han publicado 13 N\u00fameros Especiales que normalmente han ocupado dos n\u00fameros de la revista y con-siguientemente tienen un mayor n\u00famero de p\u00e1ginas:\n<ol>\n<li>La Familia Vicenciana. Suplemento al n. 6\/1.995<\/li>\n<li>Instructi\u00f3n sobre la Estabilidad, Castidad, Pobreza y Obe-diencia en la C.M. (1\/1.996)<\/li>\n<li>Reuni\u00f3n de los Visitadores. Salamanca (4-5\/1.996)<\/li>\n<li>Mes Vicenciano. La Misi\u00f3n Popular (4-5\/1.997)<\/li>\n<li>XXXIX Asamblea General (4-5\/1.998)<\/li>\n<li>Los M\u00e1rtires de la Familia Vicenciana en el siglo XX (1\/1.999)<\/li>\n<li>Nuestro Apostolado en el Mundo Musulm\u00e1n (4-5\/1.999)<\/li>\n<li>La Nuevas Constituciones. 20 A\u00f1os de Vida (4-5\/2.000)<\/li>\n<li>Mes Vicenciano. Directores de las Hijas de la Caridad (4-5\/2.001)<\/li>\n<li>Ratio Missionum (1\/2.001)<\/li>\n<li>Mes Vicenciano. Asesores y Asesoras de la Familia Vicen-ciana (4-5\/2.002)<\/li>\n<li>Gu\u00eda del Superior Local (4\/2.003)<\/li>\n<li>XL Asamblea General (4-5\/2.004)<\/li>\n<\/ol>\n<\/li>\n<\/ol>\n<h2><strong>II. Algunas anotaciones al hilo de esta exposici\u00f3n<\/strong><\/h2>\n<ol>\n<li>VINCENTIANA ha resultado, sin duda, el instrumento colectivo m\u00e1s serio y ordenado, para la reflexi\u00f3n y estudio en la Congrega-ci\u00f3n de la Misi\u00f3n, a lo largo de toda su Historia.<\/li>\n<li>La funci\u00f3n de archivo se ha mantenido hasta hoy, si bien se observa que muchas cosas a las que se les prestaba atenci\u00f3n meti-culosa, poco a poco se van dejando para otros \u00fatiles de archivo que se revelan m\u00e1s eficaces y r\u00e1pidos. Por ejemplo lo que se refiere a nombramientos y notas necrol\u00f3gicas o biogr\u00e1ficas en general, de los individuos. \u00c9stas notas se guardan en una base de datos informatizada, en la Secretar\u00eda General de la C.M. o en los Boletines de las respectivas provincias.<\/li>\n<li>La misi\u00f3n de noticiario, en la misma medida en que se han desa\u00adrrollado otros medios de comunicaci\u00f3n, tambi\u00e9n en la Congrega\u00adci\u00f3n, ha ido perdiendo inter\u00e9s. La aparici\u00f3n de NUNTIA, en 1982 demuestra que VINCENTIANA no ten\u00eda la movilidad suficiente de un veh\u00edculo veloz para la transmisi\u00f3n noticias de inter\u00e9s com\u00fan a toda la Congregaci\u00f3n.<\/li>\n<li>La idea de escribir en cada n\u00famero un dossier, integrado por varios art\u00edculos sobre un mismo tema, sin desaparecer la secci\u00f3n de estudios varios, que en los primeros a\u00f1os de la etapa en que nace la idea se observa con toda precisi\u00f3n, se va desdibujando poco a poco. Aun cuando a veces se mantiene el t\u00edtulo, da la impresi\u00f3n de que los distintos directores van agrupando los art\u00ed\u00adculos, en torno s\u00ed a un t\u00edtulo, pero sin una distinci\u00f3n clara entre lo que responde al dossier, normalmente se\u00f1alado en el t\u00edtulo, y los art\u00edculos de estudio. As\u00ed en los cuatro primeros a\u00f1os se publican 17 dossier y 26 estudios fuera de dossier; mientras que en los nue\u00adve a\u00f1os siguientes, m\u00e1s del doble de tiempo, se publican 39 dos\u00adsier y s\u00f3lo 24 estudios fuera de dossier.<\/li>\n<li>Esta pr\u00e1ctica del dossier tiene la ventaja de poder programar los n\u00fameros con mucho tiempo, pero tiene el inconveniente de que estando ocupadas pr\u00e1cticamente todas las p\u00e1ginas con los art\u00edcu\u00adlos encargados, no queda espacio para las colaboraciones espon\u00adt\u00e1neas, que pueden ver retrasada su publicaci\u00f3n o incluso elimi\u00adnada, a no ser que se dejaran disponibles unas p\u00e1ginas que tal vez no llegaran a llenarse. Se puede haber ido creando la idea (y m\u00e1s la pr\u00e1ctica) de que en VINCENTIANA s\u00f3lo escriben aquellos a quienes se les ha pedido hacerlo.<\/li>\n<li>El \u00abtriling\u00fcismo\u00bb ciertamente ha multiplicado el trabajo. \u00bfHa mul\u00adtiplicado igualmente los lectores? Carecemos de un instrumento cient\u00edfico que nos demuestre que nos hemos acercado al 70% de los misioneros a los que se pretend\u00eda llegar directamente. S\u00ed sabe\u00admos, como hemos notado antes, que los directores duran menos en su cargo.<\/li>\n<li>No se puede decir que el \u00abtriling\u00fcismo\u00bb haya enriquecido la par\u00adticipaci\u00f3n, ni en n\u00famero, ni en calidad de los escritores. Quiz\u00e1 la mayor altura de la participaci\u00f3n haya que situarla en los a\u00f1os de \u00abaggiornamento\u00bb postconciliar y en torno a los n\u00fameros especia\u00adles, centrados en los acontecimientos m\u00e1s salientes en la vida de la Congregaci\u00f3n o en las sesiones de estudio vicenciano.<\/li>\n<li>Tampoco se puede afirmar a la ligera que el contenido sea<em> cercano<\/em> <em>a la vida de la Congregaci\u00f3n<\/em> ni<em> un alimento intelectual y espiritual<\/em> <em>que sea verdaderamente \u00fatil a los cohermanos,<\/em> m\u00e1s que el de las \u00e9pocas anteriores, como se apuntaba en el pr\u00f3logo del primer n\u00famero de esta etapa.<\/li>\n<\/ol>\n<h2><strong>III. Situaci\u00f3n actual<\/strong><\/h2>\n<ol>\n<li>VINCENCIANA publica seis n\u00fameros al a\u00f1o, en cinco vol\u00famenes, con un total de 500 p\u00e1ginas anuales aproximadamente. Se im\u00adprime en tres lenguas: 430 ejemplares en espa\u00f1ol, 370 en ingl\u00e9s y 330 en franc\u00e9s.<\/li>\n<li>VINCENTIANA sigue conservando su funci\u00f3n de archivo, en lo que se refiere a los documentos emanados de la Curia para la Congregaci\u00f3n de la Misi\u00f3n. Se ha transferido a NUNTIA, ya desde hace a\u00f1os, la publicaci\u00f3n de lo referente a nombramientos y necrolog\u00eda, porque este bolet\u00edn se publica con m\u00e1s frecuencia que VINCENTIANA.<\/li>\n<li>La secci\u00f3n de estudios se mantiene tanto en el dossier bimensual como en los estudios que le acompa\u00f1an, si los hay. Se da prefe\u00adrencia a los acontecimientos de la Compa\u00f1\u00eda que tienen repercu\u00adsi\u00f3n universal: Asambleas, Reuni\u00f3n de Visitadores, sesiones de estudio&#8230; A fin de a\u00f1o, se publica una relaci\u00f3n bibliogr\u00e1fica de todos los estudios que se han hecho en la Congregaci\u00f3n, y que han llegado al conocimiento de la Curia.<\/li>\n<li>La funci\u00f3n de noticiero, pr\u00e1cticamente ha desaparecido. El dis\u00adtanciamiento en la publicaci\u00f3n de los n\u00fameros, no permite com\u00adpetir con otros medios de comunicaci\u00f3n m\u00e1s r\u00e1pidos, ya en uso en la Congregaci\u00f3n. Esto se hac\u00eda ya notar, como se ha dicho, en los tiempos del P. Cid y m\u00e1s, del P. John de los R\u00edos.<\/li>\n<li>VINCENTIANA hoy no responde a la necesidad para la que naci\u00f3, ni es necesario que lo haga. Para la informaci\u00f3n y el intercambio de noticias hoy disponemos de medios m\u00e1s r\u00e1pidos y eficaces. VINCENTIANA ha venido a ser pr\u00e1cticamente una revista de estu\u00addios vicencianos. Este car\u00e1cter, que no estaba claramente en el origen, lo ha venido adquiriendo a lo largo de su historia.<\/li>\n<li>La publicaci\u00f3n de VINCENTIANA ha supuesto en el pasado a\u00f1o de 2008, \u00faltimo ejercicio completado, incluidos los gastos de env\u00edo, un total de USD 54.587,74 (\u20ac 37.294,87) Si es mucho o poco, habr\u00e1 de juzgarse desde la valoraci\u00f3n que se haga de su utilidad.<\/li>\n<li>Las suscripciones de VINCENTIANA se distribuyen as\u00ed:\n<ol>\n<li>Pago Autom\u00e1tico = 726<\/li>\n<li>Individuales = 107 (Padres, Hermanas, Laicos)<\/li>\n<li>Gratuitas = 65<\/li>\n<\/ol>\n<\/li>\n<li>Aunque no es f\u00e1cil encontrar escritores de estudios, el cap\u00edtulo de las dificultades est\u00e1 sobre todo en las traducciones. Suponen siempre repetidos mensajes y vivir muchas veces en la zozobra de qu\u00e9 habr\u00e1 sucedido con los mensajes enviados y si se podr\u00e1 dis\u00adponer de las traducciones a tiempo.<\/li>\n<li>Han desaparecido muchos de los escritores vicencianos que ali\u00admentaban VINCENTIANA. Y casi podr\u00edamos decir otro tanto de los traductores que hac\u00edan este servicio. Los que quedan, dispo\u00adnen m\u00e1s de buena voluntad que de tiempo. No hemos llegado a entender, en la pr\u00e1ctica, que \u00e9ste sea un servicio, como otros muchos, a trav\u00e9s del cual, en la obediencia, se contribuye al fin de la Congregaci\u00f3n.<\/li>\n<\/ol>\n<h2><strong>IV. En adelante<\/strong><\/h2>\n<p>El Informe precedente fue acompa\u00f1ado de una serie de sugeren\u00adcias del Director de VINCENTIANA y del Consejo de Redacci\u00f3n. Recibidas y agradecidas las mismas, el Superior General con su Con\u00adsejo determin\u00f3:<\/p>\n<ol>\n<li>Mantener VINCENTIANA como una forma de estimular la refle\u00adxi\u00f3n sobre el carisma vicenciano.<\/li>\n<li>Preparar n\u00fameros especiales que afecten a toda la Congregaci\u00f3n de la Misi\u00f3n o a alguna de las Conferencias de Visitadores.<\/li>\n<li>Cambiar la frecuencia de VINCENTIANA de seis a cuatro n\u00fa\u00admeros al a\u00f1o. Habr\u00e1 de ajustarse el precio de la suscripci\u00f3n al costo real.<\/li>\n<li>VINCENTIANA se publicar\u00e1 en las tres lenguas oficiales de la C.M. Se anima a los posibles traductores en su prestaci\u00f3n para este trabajo.<\/li>\n<li>Adem\u00e1s de la edici\u00f3n impresa, VINCENTIANA seguir\u00e1 public\u00e1n\u00addose en INTERNET.<\/li>\n<\/ol>\n<p>(Cf. la Circular del Superior General, 9 de Julio de 2009)<\/p>\n","protected":false},"excerpt":{"rendered":"<p>A requerimiento del Superior General, en comunicado del 12\/03\/2009, Julio Suescun Olcoz, C.M., Director de VINCEN\u00adTIANA presenta en el Tiempo Fuerte del 22-26 de Junio de 2009, el siguiente estudio, redactado desde la revisi\u00f3n del &#8230; <a href=\"https:\/\/vincentians.com\/es\/vincentiana-1957-2009\/\" class=\"more-link\">Read More<\/a><\/p>\n","protected":false},"author":4,"featured_media":132804,"comment_status":"open","ping_status":"open","sticky":false,"template":"","format":"standard","meta":{"jetpack_post_was_ever_published":false,"_jetpack_newsletter_access":"","_jetpack_dont_email_post_to_subs":false,"_jetpack_newsletter_tier_id":0,"_jetpack_memberships_contains_paywalled_content":false,"_jetpack_memberships_contains_paid_content":false,"footnotes":"","jetpack_publicize_message":"","jetpack_publicize_feature_enabled":true,"jetpack_social_post_already_shared":true,"jetpack_social_options":{"image_generator_settings":{"template":"highway","default_image_id":0,"font":"","enabled":false},"version":2}},"categories":[28],"tags":[174,176,196,172,323],"class_list":["post-42071","post","type-post","status-publish","format-standard","has-post-thumbnail","hentry","category-formacion-vicenciana","tag-durando","tag-misiones-populares","tag-perboyre","tag-pobreza","tag-vicentiana"],"yoast_head":"<!-- This site is optimized with the Yoast SEO plugin v26.3 - https:\/\/yoast.com\/wordpress\/plugins\/seo\/ -->\n<title>Vincentiana 1957-2009 - Somos Vicencianos<\/title>\n<meta name=\"robots\" content=\"index, follow, max-snippet:-1, max-image-preview:large, max-video-preview:-1\" \/>\n<link rel=\"canonical\" href=\"https:\/\/vincentians.com\/es\/vincentiana-1957-2009\/\" \/>\n<meta property=\"og:locale\" content=\"es_ES\" \/>\n<meta property=\"og:type\" content=\"article\" \/>\n<meta property=\"og:title\" content=\"Vincentiana 1957-2009 - Somos Vicencianos\" \/>\n<meta property=\"og:description\" content=\"A requerimiento del Superior General, en comunicado del 12\/03\/2009, Julio Suescun Olcoz, C.M., Director de VINCEN\u00adTIANA presenta en el Tiempo Fuerte del 22-26 de Junio de 2009, el siguiente estudio, redactado desde la revisi\u00f3n del ... Read More\" \/>\n<meta property=\"og:url\" content=\"https:\/\/vincentians.com\/es\/vincentiana-1957-2009\/\" \/>\n<meta property=\"og:site_name\" content=\"Somos Vicencianos\" \/>\n<meta property=\"article:publisher\" content=\"https:\/\/www.facebook.com\/WeAreVincentians\/\" \/>\n<meta property=\"article:author\" content=\"https:\/\/www.facebook.com\/JavierChento\" \/>\n<meta property=\"article:published_time\" content=\"2014-12-16T04:47:46+00:00\" \/>\n<meta property=\"article:modified_time\" content=\"2016-07-26T17:18:01+00:00\" \/>\n<meta name=\"author\" content=\"Francisco Javier Fern\u00e1ndez Chento\" \/>\n<meta name=\"twitter:card\" content=\"summary_large_image\" \/>\n<meta name=\"twitter:creator\" content=\"@https:\/\/twitter.com\/javierchento\" \/>\n<meta name=\"twitter:site\" content=\"@WeVincentians\" \/>\n<meta name=\"twitter:label1\" content=\"Escrito por\" \/>\n\t<meta name=\"twitter:data1\" content=\"Francisco Javier Fern\u00e1ndez Chento\" \/>\n\t<meta name=\"twitter:label2\" content=\"Tiempo de lectura\" \/>\n\t<meta name=\"twitter:data2\" content=\"32 minutos\" \/>\n<script type=\"application\/ld+json\" class=\"yoast-schema-graph\">{\"@context\":\"https:\/\/schema.org\",\"@graph\":[{\"@type\":\"Article\",\"@id\":\"https:\/\/vincentians.com\/es\/vincentiana-1957-2009\/#article\",\"isPartOf\":{\"@id\":\"https:\/\/vincentians.com\/es\/vincentiana-1957-2009\/\"},\"author\":{\"name\":\"Francisco Javier Fern\u00e1ndez Chento\",\"@id\":\"http:\/\/vincentians.com\/es\/#\/schema\/person\/9623ef4d9aa3b2dfb8c061f1499288f2\"},\"headline\":\"Vincentiana 1957-2009\",\"datePublished\":\"2014-12-16T04:47:46+00:00\",\"dateModified\":\"2016-07-26T17:18:01+00:00\",\"mainEntityOfPage\":{\"@id\":\"https:\/\/vincentians.com\/es\/vincentiana-1957-2009\/\"},\"wordCount\":6373,\"commentCount\":0,\"publisher\":{\"@id\":\"http:\/\/vincentians.com\/es\/#organization\"},\"image\":{\"@id\":\"https:\/\/vincentians.com\/es\/vincentiana-1957-2009\/#primaryimage\"},\"thumbnailUrl\":\"\",\"keywords\":[\"Durando\",\"Misiones Populares\",\"Perboyre\",\"Pobreza\",\"Vicentiana\"],\"articleSection\":[\"Formaci\u00f3n Vicenciana\"],\"inLanguage\":\"es\",\"potentialAction\":[{\"@type\":\"CommentAction\",\"name\":\"Comment\",\"target\":[\"https:\/\/vincentians.com\/es\/vincentiana-1957-2009\/#respond\"]}]},{\"@type\":\"WebPage\",\"@id\":\"https:\/\/vincentians.com\/es\/vincentiana-1957-2009\/\",\"url\":\"https:\/\/vincentians.com\/es\/vincentiana-1957-2009\/\",\"name\":\"Vincentiana 1957-2009 - Somos Vicencianos\",\"isPartOf\":{\"@id\":\"http:\/\/vincentians.com\/es\/#website\"},\"primaryImageOfPage\":{\"@id\":\"https:\/\/vincentians.com\/es\/vincentiana-1957-2009\/#primaryimage\"},\"image\":{\"@id\":\"https:\/\/vincentians.com\/es\/vincentiana-1957-2009\/#primaryimage\"},\"thumbnailUrl\":\"\",\"datePublished\":\"2014-12-16T04:47:46+00:00\",\"dateModified\":\"2016-07-26T17:18:01+00:00\",\"breadcrumb\":{\"@id\":\"https:\/\/vincentians.com\/es\/vincentiana-1957-2009\/#breadcrumb\"},\"inLanguage\":\"es\",\"potentialAction\":[{\"@type\":\"ReadAction\",\"target\":[\"https:\/\/vincentians.com\/es\/vincentiana-1957-2009\/\"]}]},{\"@type\":\"ImageObject\",\"inLanguage\":\"es\",\"@id\":\"https:\/\/vincentians.com\/es\/vincentiana-1957-2009\/#primaryimage\",\"url\":\"\",\"contentUrl\":\"\"},{\"@type\":\"BreadcrumbList\",\"@id\":\"https:\/\/vincentians.com\/es\/vincentiana-1957-2009\/#breadcrumb\",\"itemListElement\":[{\"@type\":\"ListItem\",\"position\":1,\"name\":\"Portada\",\"item\":\"http:\/\/vincentians.com\/es\/\"},{\"@type\":\"ListItem\",\"position\":2,\"name\":\"Vincentiana 1957-2009\"}]},{\"@type\":\"WebSite\",\"@id\":\"http:\/\/vincentians.com\/es\/#website\",\"url\":\"http:\/\/vincentians.com\/es\/\",\"name\":\"Somos Vicencianos\",\"description\":\"Know more to serve more\",\"publisher\":{\"@id\":\"http:\/\/vincentians.com\/es\/#organization\"},\"potentialAction\":[{\"@type\":\"SearchAction\",\"target\":{\"@type\":\"EntryPoint\",\"urlTemplate\":\"http:\/\/vincentians.com\/es\/?s={search_term_string}\"},\"query-input\":{\"@type\":\"PropertyValueSpecification\",\"valueRequired\":true,\"valueName\":\"search_term_string\"}}],\"inLanguage\":\"es\"},{\"@type\":\"Organization\",\"@id\":\"http:\/\/vincentians.com\/es\/#organization\",\"name\":\"The Vincentian Network\",\"url\":\"http:\/\/vincentians.com\/es\/\",\"logo\":{\"@type\":\"ImageObject\",\"inLanguage\":\"es\",\"@id\":\"http:\/\/vincentians.com\/es\/#\/schema\/logo\/image\/\",\"url\":\"https:\/\/i1.wp.com\/vincentians.com\/es\/wp-content\/uploads\/sites\/11\/2016\/06\/Vincentian-Network-logo-big.png?fit=778%2C778\",\"contentUrl\":\"https:\/\/i1.wp.com\/vincentians.com\/es\/wp-content\/uploads\/sites\/11\/2016\/06\/Vincentian-Network-logo-big.png?fit=778%2C778\",\"width\":778,\"height\":778,\"caption\":\"The Vincentian Network\"},\"image\":{\"@id\":\"http:\/\/vincentians.com\/es\/#\/schema\/logo\/image\/\"},\"sameAs\":[\"https:\/\/www.facebook.com\/WeAreVincentians\/\",\"https:\/\/x.com\/WeVincentians\"]},{\"@type\":\"Person\",\"@id\":\"http:\/\/vincentians.com\/es\/#\/schema\/person\/9623ef4d9aa3b2dfb8c061f1499288f2\",\"name\":\"Francisco Javier Fern\u00e1ndez Chento\",\"image\":{\"@type\":\"ImageObject\",\"inLanguage\":\"es\",\"@id\":\"http:\/\/vincentians.com\/es\/#\/schema\/person\/image\/\",\"url\":\"https:\/\/secure.gravatar.com\/avatar\/497d5cde87b4c3d097d0315953521681ba2cd523ee66e5077c3711f7021e65de?s=96&d=mm&r=g\",\"contentUrl\":\"https:\/\/secure.gravatar.com\/avatar\/497d5cde87b4c3d097d0315953521681ba2cd523ee66e5077c3711f7021e65de?s=96&d=mm&r=g\",\"caption\":\"Francisco Javier Fern\u00e1ndez Chento\"},\"description\":\"Director General y cofundador de La Red de Formaci\u00f3n Vicenciana. Javier es laico vicenciano, afiliado a la Congregaci\u00f3n de la Misi\u00f3n y miembro del Equipo de Misiones Populares de la provincia can\u00f3nica de Zaragoza (Espa\u00f1a) de la Congregaci\u00f3n de la Misi\u00f3n. Graduado en la Universidad Oberta de Catalunya con cuatro grados (Asistente de direcci\u00f3n, Gesti\u00f3n Administrativa, Recursos Humanos y Contabilidad Avanzada). Bil\u00edng\u00fce Espa\u00f1ol\/Ingl\u00e9s. gestiona y mantiene varias p\u00e1ginas web cristianas y vicencianas, incluida including La Red de Formaci\u00f3n Vicenciana, de la que es cofundador. Actualmente es responsable del \u00e1rea de Espa\u00f1ol de .famvin, la Red de Noticias de la Familia Vicenciana. Tambi\u00e9n es m\u00fasico cat\u00f3lico y ha editado varios discos. Es Director General y cofundador de Trovador, una reconocida compa\u00f1\u00eda discogr\u00e1fica critiana de Espa\u00f1a. Trabaja en las Tecnolog\u00edas de la Informaci\u00f3n, ofreciendo servicios de alojamiento, dise\u00f1o y mantenimiento Web, as\u00ed como asesoramiento, formaci\u00f3n y soluciones inform\u00e1ticas, gesti\u00f3n documental y digitalizaci\u00f3n de textos, edici\u00f3n y maquetaci\u00f3n de libros, revistas, flyers, etc.\",\"sameAs\":[\"http:\/\/chento.org\",\"https:\/\/www.facebook.com\/JavierChento\",\"https:\/\/x.com\/https:\/\/twitter.com\/javierchento\"],\"url\":\"https:\/\/vincentians.com\/es\/author\/chento\/\"}]}<\/script>\n<!-- \/ Yoast SEO plugin. -->","yoast_head_json":{"title":"Vincentiana 1957-2009 - Somos Vicencianos","robots":{"index":"index","follow":"follow","max-snippet":"max-snippet:-1","max-image-preview":"max-image-preview:large","max-video-preview":"max-video-preview:-1"},"canonical":"https:\/\/vincentians.com\/es\/vincentiana-1957-2009\/","og_locale":"es_ES","og_type":"article","og_title":"Vincentiana 1957-2009 - Somos Vicencianos","og_description":"A requerimiento del Superior General, en comunicado del 12\/03\/2009, Julio Suescun Olcoz, C.M., Director de VINCEN\u00adTIANA presenta en el Tiempo Fuerte del 22-26 de Junio de 2009, el siguiente estudio, redactado desde la revisi\u00f3n del ... Read More","og_url":"https:\/\/vincentians.com\/es\/vincentiana-1957-2009\/","og_site_name":"Somos Vicencianos","article_publisher":"https:\/\/www.facebook.com\/WeAreVincentians\/","article_author":"https:\/\/www.facebook.com\/JavierChento","article_published_time":"2014-12-16T04:47:46+00:00","article_modified_time":"2016-07-26T17:18:01+00:00","author":"Francisco Javier Fern\u00e1ndez Chento","twitter_card":"summary_large_image","twitter_creator":"@https:\/\/twitter.com\/javierchento","twitter_site":"@WeVincentians","twitter_misc":{"Escrito por":"Francisco Javier Fern\u00e1ndez Chento","Tiempo de lectura":"32 minutos"},"schema":{"@context":"https:\/\/schema.org","@graph":[{"@type":"Article","@id":"https:\/\/vincentians.com\/es\/vincentiana-1957-2009\/#article","isPartOf":{"@id":"https:\/\/vincentians.com\/es\/vincentiana-1957-2009\/"},"author":{"name":"Francisco Javier Fern\u00e1ndez Chento","@id":"http:\/\/vincentians.com\/es\/#\/schema\/person\/9623ef4d9aa3b2dfb8c061f1499288f2"},"headline":"Vincentiana 1957-2009","datePublished":"2014-12-16T04:47:46+00:00","dateModified":"2016-07-26T17:18:01+00:00","mainEntityOfPage":{"@id":"https:\/\/vincentians.com\/es\/vincentiana-1957-2009\/"},"wordCount":6373,"commentCount":0,"publisher":{"@id":"http:\/\/vincentians.com\/es\/#organization"},"image":{"@id":"https:\/\/vincentians.com\/es\/vincentiana-1957-2009\/#primaryimage"},"thumbnailUrl":"","keywords":["Durando","Misiones Populares","Perboyre","Pobreza","Vicentiana"],"articleSection":["Formaci\u00f3n Vicenciana"],"inLanguage":"es","potentialAction":[{"@type":"CommentAction","name":"Comment","target":["https:\/\/vincentians.com\/es\/vincentiana-1957-2009\/#respond"]}]},{"@type":"WebPage","@id":"https:\/\/vincentians.com\/es\/vincentiana-1957-2009\/","url":"https:\/\/vincentians.com\/es\/vincentiana-1957-2009\/","name":"Vincentiana 1957-2009 - Somos Vicencianos","isPartOf":{"@id":"http:\/\/vincentians.com\/es\/#website"},"primaryImageOfPage":{"@id":"https:\/\/vincentians.com\/es\/vincentiana-1957-2009\/#primaryimage"},"image":{"@id":"https:\/\/vincentians.com\/es\/vincentiana-1957-2009\/#primaryimage"},"thumbnailUrl":"","datePublished":"2014-12-16T04:47:46+00:00","dateModified":"2016-07-26T17:18:01+00:00","breadcrumb":{"@id":"https:\/\/vincentians.com\/es\/vincentiana-1957-2009\/#breadcrumb"},"inLanguage":"es","potentialAction":[{"@type":"ReadAction","target":["https:\/\/vincentians.com\/es\/vincentiana-1957-2009\/"]}]},{"@type":"ImageObject","inLanguage":"es","@id":"https:\/\/vincentians.com\/es\/vincentiana-1957-2009\/#primaryimage","url":"","contentUrl":""},{"@type":"BreadcrumbList","@id":"https:\/\/vincentians.com\/es\/vincentiana-1957-2009\/#breadcrumb","itemListElement":[{"@type":"ListItem","position":1,"name":"Portada","item":"http:\/\/vincentians.com\/es\/"},{"@type":"ListItem","position":2,"name":"Vincentiana 1957-2009"}]},{"@type":"WebSite","@id":"http:\/\/vincentians.com\/es\/#website","url":"http:\/\/vincentians.com\/es\/","name":"Somos Vicencianos","description":"Know more to serve more","publisher":{"@id":"http:\/\/vincentians.com\/es\/#organization"},"potentialAction":[{"@type":"SearchAction","target":{"@type":"EntryPoint","urlTemplate":"http:\/\/vincentians.com\/es\/?s={search_term_string}"},"query-input":{"@type":"PropertyValueSpecification","valueRequired":true,"valueName":"search_term_string"}}],"inLanguage":"es"},{"@type":"Organization","@id":"http:\/\/vincentians.com\/es\/#organization","name":"The Vincentian Network","url":"http:\/\/vincentians.com\/es\/","logo":{"@type":"ImageObject","inLanguage":"es","@id":"http:\/\/vincentians.com\/es\/#\/schema\/logo\/image\/","url":"https:\/\/i1.wp.com\/vincentians.com\/es\/wp-content\/uploads\/sites\/11\/2016\/06\/Vincentian-Network-logo-big.png?fit=778%2C778","contentUrl":"https:\/\/i1.wp.com\/vincentians.com\/es\/wp-content\/uploads\/sites\/11\/2016\/06\/Vincentian-Network-logo-big.png?fit=778%2C778","width":778,"height":778,"caption":"The Vincentian Network"},"image":{"@id":"http:\/\/vincentians.com\/es\/#\/schema\/logo\/image\/"},"sameAs":["https:\/\/www.facebook.com\/WeAreVincentians\/","https:\/\/x.com\/WeVincentians"]},{"@type":"Person","@id":"http:\/\/vincentians.com\/es\/#\/schema\/person\/9623ef4d9aa3b2dfb8c061f1499288f2","name":"Francisco Javier Fern\u00e1ndez Chento","image":{"@type":"ImageObject","inLanguage":"es","@id":"http:\/\/vincentians.com\/es\/#\/schema\/person\/image\/","url":"https:\/\/secure.gravatar.com\/avatar\/497d5cde87b4c3d097d0315953521681ba2cd523ee66e5077c3711f7021e65de?s=96&d=mm&r=g","contentUrl":"https:\/\/secure.gravatar.com\/avatar\/497d5cde87b4c3d097d0315953521681ba2cd523ee66e5077c3711f7021e65de?s=96&d=mm&r=g","caption":"Francisco Javier Fern\u00e1ndez Chento"},"description":"Director General y cofundador de La Red de Formaci\u00f3n Vicenciana. Javier es laico vicenciano, afiliado a la Congregaci\u00f3n de la Misi\u00f3n y miembro del Equipo de Misiones Populares de la provincia can\u00f3nica de Zaragoza (Espa\u00f1a) de la Congregaci\u00f3n de la Misi\u00f3n. Graduado en la Universidad Oberta de Catalunya con cuatro grados (Asistente de direcci\u00f3n, Gesti\u00f3n Administrativa, Recursos Humanos y Contabilidad Avanzada). Bil\u00edng\u00fce Espa\u00f1ol\/Ingl\u00e9s. gestiona y mantiene varias p\u00e1ginas web cristianas y vicencianas, incluida including La Red de Formaci\u00f3n Vicenciana, de la que es cofundador. Actualmente es responsable del \u00e1rea de Espa\u00f1ol de .famvin, la Red de Noticias de la Familia Vicenciana. Tambi\u00e9n es m\u00fasico cat\u00f3lico y ha editado varios discos. Es Director General y cofundador de Trovador, una reconocida compa\u00f1\u00eda discogr\u00e1fica critiana de Espa\u00f1a. Trabaja en las Tecnolog\u00edas de la Informaci\u00f3n, ofreciendo servicios de alojamiento, dise\u00f1o y mantenimiento Web, as\u00ed como asesoramiento, formaci\u00f3n y soluciones inform\u00e1ticas, gesti\u00f3n documental y digitalizaci\u00f3n de textos, edici\u00f3n y maquetaci\u00f3n de libros, revistas, flyers, etc.","sameAs":["http:\/\/chento.org","https:\/\/www.facebook.com\/JavierChento","https:\/\/x.com\/https:\/\/twitter.com\/javierchento"],"url":"https:\/\/vincentians.com\/es\/author\/chento\/"}]}},"jetpack_publicize_connections":[],"jetpack_featured_media_url":"","jetpack_sharing_enabled":true,"jetpack_shortlink":"https:\/\/wp.me\/p7ETMF-aWz","jetpack-related-posts":[{"id":140032,"url":"https:\/\/vincentians.com\/es\/las-asambleas-generales-en-la-congregacion-de-la-mision-historia-y-resultados\/","url_meta":{"origin":42071,"position":0},"title":"Las Asambleas Generales en la Congregaci\u00f3n de la Misi\u00f3n: Historia y Resultados","author":"Mitxel Olabu\u00e9naga","date":"20\/02\/2015","format":false,"excerpt":"Introducci\u00f3n La autoridad suprema en la Congregaci\u00f3n, su asamblea general, ha sido crucial para su desarrollo y direcci\u00f3n. En su casi cuatro siglos de existencia, la Congregaci\u00f3n ha celebrado cuarenta y uno de estos encuentros, el primero fue en 1661. Vicente mismo, sin embargo, celebr\u00f3 asambleas preliminares en 1642 y\u2026","rel":"","context":"En \u00abHistoria de la Congregaci\u00f3n de la Misi\u00f3n\u00bb","block_context":{"text":"Historia de la Congregaci\u00f3n de la Misi\u00f3n","link":"https:\/\/vincentians.com\/es\/category\/historia-de-la-familia-vicenciana\/historia-de-la-congregacion-de-la-mision\/"},"img":{"alt_text":"logocm","src":"https:\/\/i0.wp.com\/vicencianos.org\/wp-content\/2011\/12\/logocm-245x300.png?resize=350%2C200","width":350,"height":200},"classes":[]},{"id":398637,"url":"https:\/\/vincentians.com\/es\/aportacion-del-carisma-vicenciano-la-mision-la-iglesia-1\/","url_meta":{"origin":42071,"position":1},"title":"Aportaci\u00f3n del carisma vicenciano a la Misi\u00f3n de la Iglesia (1)","author":"Francisco Javier Fern\u00e1ndez Chento","date":"04\/08\/2016","format":false,"excerpt":"Introducci\u00f3n: Al reflexionar sobre la aportaci\u00f3n del carisma vicenciano a la Misi\u00f3n de la Iglesia, me parece necesario formular previamente algunas precisiones. 1.- Cuando hablamos de carisma vicenciano, nos referimos al don del Esp\u00edritu suscitado por Dios en su Iglesia en las personas de Vicente de Pa\u00fal y de Luisa\u2026","rel":"","context":"En \u00abFormaci\u00f3n Vicenciana\u00bb","block_context":{"text":"Formaci\u00f3n Vicenciana","link":"https:\/\/vincentians.com\/es\/category\/formacion-vicenciana\/"},"img":{"alt_text":"","src":"https:\/\/i0.wp.com\/vincentians.com\/es\/wp-content\/uploads\/sites\/11\/2016\/06\/contributions-charism.jpg?fit=1200%2C630&ssl=1&resize=350%2C200","width":350,"height":200,"srcset":"https:\/\/i0.wp.com\/vincentians.com\/es\/wp-content\/uploads\/sites\/11\/2016\/06\/contributions-charism.jpg?fit=1200%2C630&ssl=1&resize=350%2C200 1x, https:\/\/i0.wp.com\/vincentians.com\/es\/wp-content\/uploads\/sites\/11\/2016\/06\/contributions-charism.jpg?fit=1200%2C630&ssl=1&resize=525%2C300 1.5x, https:\/\/i0.wp.com\/vincentians.com\/es\/wp-content\/uploads\/sites\/11\/2016\/06\/contributions-charism.jpg?fit=1200%2C630&ssl=1&resize=700%2C400 2x, https:\/\/i0.wp.com\/vincentians.com\/es\/wp-content\/uploads\/sites\/11\/2016\/06\/contributions-charism.jpg?fit=1200%2C630&ssl=1&resize=1050%2C600 3x"},"classes":[]},{"id":37367,"url":"https:\/\/vincentians.com\/es\/de-las-constituciones-de-1954-a-las-de-1980-ultima-parte\/","url_meta":{"origin":42071,"position":2},"title":"De las Constituciones de 1954 a las de 1980 (\u00faltima parte)","author":"Mitxel Olabu\u00e9naga","date":"21\/12\/2022","format":false,"excerpt":"12. Los a\u00f1os preconciliares En 1955 se tiene la primera Asamblea general, despu\u00e9s de la promulgaci\u00f3n de las nuevas Const. Leyendo las actas y los decretos de esta Asamblea, parece que todo va como siempre. S\u00f3lo un tema llama la atenci\u00f3n: el traslado de la Curia general de Par\u00eds a\u2026","rel":"","context":"En \u00abHistoria de la Congregaci\u00f3n de la Misi\u00f3n\u00bb","block_context":{"text":"Historia de la Congregaci\u00f3n de la Misi\u00f3n","link":"https:\/\/vincentians.com\/es\/category\/historia-de-la-familia-vicenciana\/historia-de-la-congregacion-de-la-mision\/"},"img":{"alt_text":"","src":"https:\/\/i0.wp.com\/vincentians.com\/es\/wp-content\/uploads\/sites\/11\/2016\/10\/ranquines.jpg?fit=1200%2C630&ssl=1&resize=350%2C200","width":350,"height":200,"srcset":"https:\/\/i0.wp.com\/vincentians.com\/es\/wp-content\/uploads\/sites\/11\/2016\/10\/ranquines.jpg?fit=1200%2C630&ssl=1&resize=350%2C200 1x, https:\/\/i0.wp.com\/vincentians.com\/es\/wp-content\/uploads\/sites\/11\/2016\/10\/ranquines.jpg?fit=1200%2C630&ssl=1&resize=525%2C300 1.5x, https:\/\/i0.wp.com\/vincentians.com\/es\/wp-content\/uploads\/sites\/11\/2016\/10\/ranquines.jpg?fit=1200%2C630&ssl=1&resize=700%2C400 2x, https:\/\/i0.wp.com\/vincentians.com\/es\/wp-content\/uploads\/sites\/11\/2016\/10\/ranquines.jpg?fit=1200%2C630&ssl=1&resize=1050%2C600 3x"},"classes":[]},{"id":398645,"url":"https:\/\/vincentians.com\/es\/aportacion-del-carisma-vicenciano-la-mision-la-iglesia-9\/","url_meta":{"origin":42071,"position":3},"title":"Aportaci\u00f3n del carisma vicenciano a la Misi\u00f3n de la Iglesia (9)","author":"Francisco Javier Fern\u00e1ndez Chento","date":"12\/08\/2016","format":false,"excerpt":"9.- La creatividad Hemos recordado m\u00e1s arriba que para San Vicente de Pa\u00fal \u201cel acontecimiento es el signo de Dios y, de manera privilegiada, cuando concierne directamente a los pobres. El acontecimiento le indica la voluntad de Dios\u201d. La creatividad, aportaci\u00f3n del carisma vicenciano a la Misi\u00f3n de la Iglesia,\u2026","rel":"","context":"En \u00abFormaci\u00f3n Vicenciana\u00bb","block_context":{"text":"Formaci\u00f3n Vicenciana","link":"https:\/\/vincentians.com\/es\/category\/formacion-vicenciana\/"},"img":{"alt_text":"","src":"https:\/\/i0.wp.com\/vincentians.com\/es\/wp-content\/uploads\/sites\/11\/2016\/06\/contributions-charism.jpg?fit=1200%2C630&ssl=1&resize=350%2C200","width":350,"height":200,"srcset":"https:\/\/i0.wp.com\/vincentians.com\/es\/wp-content\/uploads\/sites\/11\/2016\/06\/contributions-charism.jpg?fit=1200%2C630&ssl=1&resize=350%2C200 1x, https:\/\/i0.wp.com\/vincentians.com\/es\/wp-content\/uploads\/sites\/11\/2016\/06\/contributions-charism.jpg?fit=1200%2C630&ssl=1&resize=525%2C300 1.5x, https:\/\/i0.wp.com\/vincentians.com\/es\/wp-content\/uploads\/sites\/11\/2016\/06\/contributions-charism.jpg?fit=1200%2C630&ssl=1&resize=700%2C400 2x, https:\/\/i0.wp.com\/vincentians.com\/es\/wp-content\/uploads\/sites\/11\/2016\/06\/contributions-charism.jpg?fit=1200%2C630&ssl=1&resize=1050%2C600 3x"},"classes":[]},{"id":43225,"url":"https:\/\/vincentians.com\/es\/plus-y-deficits-de-la-historiografia-vicenciana\/","url_meta":{"origin":42071,"position":4},"title":"Plus y d\u00e9ficits de la historiograf\u00eda vicenciana","author":"Francisco Javier Fern\u00e1ndez Chento","date":"17\/03\/2022","format":false,"excerpt":"1. Tres sumarios de historiograf\u00eda vicenciana (hasta 1987) El primer sumario de historiograf\u00eda vicenciana es de 1981 y se debe a A. DODIN, \"Etat des etudes vincentiennes... \" (Actes du Colloque International d\u2019Etudes Vincentiennes, Paris 1981 - Roma, Edizioni Vincenziane, 1983, pp. 115-128). Dodin resume de la siguiente manera las\u2026","rel":"","context":"En \u00abFormaci\u00f3n Vicenciana\u00bb","block_context":{"text":"Formaci\u00f3n Vicenciana","link":"https:\/\/vincentians.com\/es\/category\/formacion-vicenciana\/"},"img":{"alt_text":"","src":"https:\/\/i0.wp.com\/vincentians.com\/es\/wp-content\/uploads\/sites\/11\/2016\/08\/historiografia.jpg?fit=1200%2C630&ssl=1&resize=350%2C200","width":350,"height":200,"srcset":"https:\/\/i0.wp.com\/vincentians.com\/es\/wp-content\/uploads\/sites\/11\/2016\/08\/historiografia.jpg?fit=1200%2C630&ssl=1&resize=350%2C200 1x, https:\/\/i0.wp.com\/vincentians.com\/es\/wp-content\/uploads\/sites\/11\/2016\/08\/historiografia.jpg?fit=1200%2C630&ssl=1&resize=525%2C300 1.5x, https:\/\/i0.wp.com\/vincentians.com\/es\/wp-content\/uploads\/sites\/11\/2016\/08\/historiografia.jpg?fit=1200%2C630&ssl=1&resize=700%2C400 2x, https:\/\/i0.wp.com\/vincentians.com\/es\/wp-content\/uploads\/sites\/11\/2016\/08\/historiografia.jpg?fit=1200%2C630&ssl=1&resize=1050%2C600 3x"},"classes":[]},{"id":119696,"url":"https:\/\/vincentians.com\/es\/el-senor-vicente-relee-su-vida-en-casa-de-la-reina-margot\/","url_meta":{"origin":42071,"position":5},"title":"El Se\u00f1or Vicente relee su vida: En Casa de la Reina Margot","author":"Francisco Javier Fern\u00e1ndez Chento","date":"07\/02\/2022","format":false,"excerpt":"Por casualidad, era \"cerca del hotel de la reina Margarita\", la famosa Reina Margot, cuyo matrimonio con Enrique IV hab\u00eda sido declarado nulo, pero que conservaba un palacio en el que llevaba un gran tren de vida. Yo no ten\u00eda m\u00e1s que atravesar la calle para mezclarme con gentes de\u2026","rel":"","context":"En \u00abVicente de Pa\u00fal\u00bb","block_context":{"text":"Vicente de Pa\u00fal","link":"https:\/\/vincentians.com\/es\/category\/la-familia-vicenciana\/fundadores\/vicente-de-paul\/"},"img":{"alt_text":"","src":"https:\/\/i0.wp.com\/vincentians.com\/es\/wp-content\/uploads\/sites\/11\/2013\/04\/f-1-scaled.jpg?fit=1200%2C570&ssl=1&resize=350%2C200","width":350,"height":200,"srcset":"https:\/\/i0.wp.com\/vincentians.com\/es\/wp-content\/uploads\/sites\/11\/2013\/04\/f-1-scaled.jpg?fit=1200%2C570&ssl=1&resize=350%2C200 1x, https:\/\/i0.wp.com\/vincentians.com\/es\/wp-content\/uploads\/sites\/11\/2013\/04\/f-1-scaled.jpg?fit=1200%2C570&ssl=1&resize=525%2C300 1.5x, https:\/\/i0.wp.com\/vincentians.com\/es\/wp-content\/uploads\/sites\/11\/2013\/04\/f-1-scaled.jpg?fit=1200%2C570&ssl=1&resize=700%2C400 2x, https:\/\/i0.wp.com\/vincentians.com\/es\/wp-content\/uploads\/sites\/11\/2013\/04\/f-1-scaled.jpg?fit=1200%2C570&ssl=1&resize=1050%2C600 3x"},"classes":[]}],"_links":{"self":[{"href":"https:\/\/vincentians.com\/es\/wp-json\/wp\/v2\/posts\/42071","targetHints":{"allow":["GET"]}}],"collection":[{"href":"https:\/\/vincentians.com\/es\/wp-json\/wp\/v2\/posts"}],"about":[{"href":"https:\/\/vincentians.com\/es\/wp-json\/wp\/v2\/types\/post"}],"author":[{"embeddable":true,"href":"https:\/\/vincentians.com\/es\/wp-json\/wp\/v2\/users\/4"}],"replies":[{"embeddable":true,"href":"https:\/\/vincentians.com\/es\/wp-json\/wp\/v2\/comments?post=42071"}],"version-history":[{"count":0,"href":"https:\/\/vincentians.com\/es\/wp-json\/wp\/v2\/posts\/42071\/revisions"}],"wp:featuredmedia":[{"embeddable":true,"href":"https:\/\/vincentians.com\/es\/wp-json\/"}],"wp:attachment":[{"href":"https:\/\/vincentians.com\/es\/wp-json\/wp\/v2\/media?parent=42071"}],"wp:term":[{"taxonomy":"category","embeddable":true,"href":"https:\/\/vincentians.com\/es\/wp-json\/wp\/v2\/categories?post=42071"},{"taxonomy":"post_tag","embeddable":true,"href":"https:\/\/vincentians.com\/es\/wp-json\/wp\/v2\/tags?post=42071"}],"curies":[{"name":"wp","href":"https:\/\/api.w.org\/{rel}","templated":true}]}}