{"id":42007,"date":"2013-07-10T03:52:16","date_gmt":"2013-07-10T01:52:16","guid":{"rendered":"http:\/\/somos.vicencianos.org\/?p=42007"},"modified":"2016-07-27T12:13:08","modified_gmt":"2016-07-27T10:13:08","slug":"el-carisma-vicenciano-en-norteamerica","status":"publish","type":"post","link":"https:\/\/vincentians.com\/es\/el-carisma-vicenciano-en-norteamerica\/","title":{"rendered":"El carisma vicenciano en Norteam\u00e9rica"},"content":{"rendered":"<p>&nbsp;<\/p>\n<p>Al considerar la evoluci\u00f3n del carisma vicentino, surge un pro\u00adblema metodol\u00f3gico: \u00bfPuede ser genuino el carisma vicentino fuera de Francia? La cuesti\u00f3n no es balad\u00ed, como veremos, aunque para San Vicente no era ning\u00fan problema, ya que durante su vida, la Con\u00adgregaci\u00f3n se estableci\u00f3 en Italia y en Polonia, y \u00e9l envi\u00f3 a sus coher\u00admanos a trabajar en otras naciones.<\/p>\n<h2><strong>Uniformidad versus Adaptaci\u00f3n<\/strong><\/h2>\n<p>En los a\u00f1os que siguieron poco despu\u00e9s al fallecimiento de San Vicente de Pa\u00fal, a los ideales de uniformidad dentro de la Congrega\u00adci\u00f3n y adaptaci\u00f3n a las circunstancias, hab\u00eda que darles una soluci\u00f3n. Ren\u00e9 Almer\u00e1s, por ejemplo, emiti\u00f3 una apremiante carta circular, que no se ha publicado, sobre las razones para cambiar la hora de la comida del mediod\u00eda, en San L\u00e1zaro, de las 10.30 a las 11 a.m.<span id='easy-footnote-1-42007' class='easy-footnote-margin-adjust'><\/span><span class='easy-footnote'><a href='https:\/\/vincentians.com\/es\/el-carisma-vicenciano-en-norteamerica\/#easy-footnote-bottom-1-42007' title='Circular, 16 de marzo 1663 in ACMP, Alm\u00e9ras papeles (copia).'><sup>1<\/sup><\/a><\/span> \u00c9l confiaba en que los cohermanos no se inquietar\u00edan demasiado y les invit\u00f3 a considerar el cambio. En otra carta, s\u00f3lo de mala gana, permiti\u00f3 a sus cohermanos llevar guantes de cuero en invierno, a\u00fan en Polonia, a pesar de que San Vicente no los us\u00f3.<span id='easy-footnote-2-42007' class='easy-footnote-margin-adjust'><\/span><span class='easy-footnote'><a href='https:\/\/vincentians.com\/es\/el-carisma-vicenciano-en-norteamerica\/#easy-footnote-bottom-2-42007' title='Circular de Jolly, a nombre de Almer\u00e1s, 28 de septiembre 1667, Archi\u00advos CM, Cracovia, Circulares, original.'><sup>2<\/sup><\/a><\/span>\n<p><a href=\"https:\/\/i0.wp.com\/vicencianos.org\/wp-content\/2011\/06\/bandera_usa.jpg\"><img data-recalc-dims=\"1\" loading=\"lazy\" decoding=\"async\" class=\"alignright size-medium wp-image-42010\" title=\"bandera_usa\" alt=\"\" src=\"https:\/\/i0.wp.com\/vicencianos.org\/wp-content\/2011\/06\/bandera_usa-300x225.jpg?resize=300%2C225\" width=\"300\" height=\"225\" \/><\/a>La uniformidad fue el ideal presentado con frecuencia en las car\u00adtas circulares de los superiores generales y en los decretos de las asambleas generales de la Congregaci\u00f3n, pero en la practica fue apli\u00adcado con poca exactitud. Despu\u00e9s de la Revoluci\u00f3n y de la restaura\u00adci\u00f3n de la Compa\u00f1\u00eda en Francia, creci\u00f3 la presi\u00f3n por la centraliza\u00adci\u00f3n y la uniformidad. Los primeros superiores generales hicieron de la uniformidad parte de su programa, pero ninguno como Jean Bap\u00adtiste Etienne. \u00c9l insisti\u00f3 una y otra vez, en que se mantuviese con rigor la uniformidad en los principios y en los usos, algo que no fue capaz de conseguir, como \u00e9l mismo lo reconoci\u00f3.<\/p>\n<p>En sus visitas a otras provincias fuera de Francia, particularmente a Italia y a Irlanda, Etienne trabaj\u00f3 por mantener la uniformidad. \u00c9l sab\u00eda que los misioneros que estaban fuera de Europa, particularmente en China, en Etiopia y en los Estados Unidos de Am\u00e9rica, hab\u00edan adaptado la vida vicentina a las costumbres locales. El ideal de Etienne eran grandes casas centrales con una vida comunitaria muy regulada, como se hac\u00eda en Francia, por eso apremi\u00f3 a los cohermanos chinos y a sus hermanos europeos a moverse en esa direcci\u00f3n. \u00c9l critic\u00f3 p\u00fablicamente a Justino de Jacobis, el primer vicentino canonizado despu\u00e9s de San Vicente de Pa\u00fal, por no haber sido capaz de fundar una casa en Etiopia.<span id='easy-footnote-3-42007' class='easy-footnote-margin-adjust'><\/span><span class='easy-footnote'><a href='https:\/\/vincentians.com\/es\/el-carisma-vicenciano-en-norteamerica\/#easy-footnote-bottom-3-42007' title='Alocuci\u00f3n en la apertura de la Asamblea General, 27 de julio de 1861 \u00ab&amp;#8230; sans laissez aucune institution, aucune \u0153uvre et pour ainsi dire, d\u2019autre trace de son passaage \u00e0 travers les vastes contr\u00e8es qu, il a parcourues, que la bonne odeur d\u2019\u00e9dification qu\u00edl n\u2019a cess\u00e9 de repandre\u00bb.'><sup>3<\/sup><\/a><\/span> Lo expres\u00f3 de la siguiente forma:<em> Justino no dej\u00f3 ninguna fundaci\u00f3n, ni trabajo, y a\u00fan dir\u00eda nin<\/em><em>guna huella de su paso por los dilatados territorios que cruz\u00f3, a no ser<\/em><em> <\/em><em>el buen olor de edificaci\u00f3n que \u00e9l nunca ceso de esparcir.<\/em> Etienne supo tambi\u00e9n que muchos cohermanos americanos se ve\u00edan obligados a vivir fuera de las casas de la Congregaci\u00f3n, debido a necesidades pastorales. Adem\u00e1s, en varios pa\u00edses, exist\u00edan severas restricciones impuestas a los vicentinos que les imped\u00edan mantener cualquier contacto oficial con Francia. N\u00e1poles, durante muchos a\u00f1os, manej\u00f3 sus propios asuntos, como lo hizo Portugal y despu\u00e9s Brasil, y tambi\u00e9n Lituania. El lugar en el que la Congregaci\u00f3n estuvo m\u00e1s cerca de un cisma fue Italia y tambi\u00e9n Espa\u00f1a, debido a su manera de abordar el tema de la uniformidad impuesta por el centralismo de Par\u00eds. Para superar este problema, Etienne al principio ide\u00f3 tener un \u00fanico seminario interno (noviciado) para toda la Congregaci\u00f3n, pero cuando vio que esto no era posible, dese\u00f3 que al menos los directores de los seminarios internos pasasen alg\u00fan tiempo en Par\u00eds. Pero nada de esto se llev\u00f3 a efecto.<\/p>\n<p>Este conflicto de ideales entre uniformidad y adaptaci\u00f3n, entre poder central y administraci\u00f3n local, ha sido un problema en la vida vicentina a lo largo de su historia. Las Constituciones de 1984 sacralizan, sin explicar el modo, la necesidad de adaptar los principios vicentinos a la cultura de los pueblos donde trabajamos, adem\u00e1s de mantener el control en cada una de las provincias.<\/p>\n<p>Alguien, por consiguiente, puede f\u00e1cilmente sospechar de la autenticidad del carisma vicentino vivido en diferentes \u00e1mbitos culturales. Esa suspicacia aflor\u00f3, sobre todo, durante las dif\u00edciles y acaloradas discusiones preparatorias a la asamblea general extraordinaria de 1968-1969 y a las siguientes asambleas. Como he participado en varias de esas discusiones, puedo atestiguar la falta de comprensi\u00f3n intelectual y de aprecio de las diferencias de visi\u00f3n, entre las Provincias. Algunos cohermanos parec\u00eda que quer\u00edan decir que quien no aceptaba su forma de entender el tema no era aut\u00e9ntico vicentino. Esto se vio claramente al tratar el tema del fin de la Congregaci\u00f3n. Los asamble\u00edstas de 1980 se esforzaron por presentar sus posturas, y gracias a una intervenci\u00f3n, en el \u00faltimo minuto, se consensu\u00f3 finalmente el texto que dice:<em> El fin de la Congregaci\u00f3n de la Misi\u00f3n es<\/em><em> <\/em><em>seguir a Cristo evangelizador de los pobres.<\/em> A pesar de la afirmaci\u00f3n de un \u00fanico fin, la declaraci\u00f3n oficial de la Iglesia propone dos fines y objetivos:<em> La Congregaci\u00f3n de la misi\u00f3n, fundada por San Vicente de<\/em><em> <\/em><em>Pa\u00fal, tiene como fin apost\u00f3lico espec\u00edfico evangelizar a los pobres y pro<\/em><em>mover la formaci\u00f3n del clero<\/em>.<span id='easy-footnote-4-42007' class='easy-footnote-margin-adjust'><\/span><span class='easy-footnote'><a href='https:\/\/vincentians.com\/es\/el-carisma-vicenciano-en-norteamerica\/#easy-footnote-bottom-4-42007' title='Sagrado Congregaci\u00f3n para los Religiosos e Institutos Seculares. Decreto 19 de junio de 1984, Constitutiones, 1984. Edic. Ceme, p. 9.'><sup>4<\/sup><\/a><\/span> Por tanto, la dicotom\u00eda negociada con tanto cuidado y oraci\u00f3n a lo largo de las asambleas, permanece.<\/p>\n<h2><strong>La experiencia americana<\/strong><strong>. <\/strong><strong>Universidades, seminarios, misiones<\/strong><strong> <\/strong><\/h2>\n<p>En 1816, la Congregaci\u00f3n de la Misi\u00f3n lleg\u00f3 a los reci\u00e9n independizados Estados Unidos de Norteam\u00e9rica para dirigir un seminario en el oeste de la nueva naci\u00f3n, en Louisiana, comprada a Francia en 1803. Al mismo tiempo, los primeros cohermanos llegados de Europa, fieles al carisma vicentino, se dedicaron a predicar misiones parroquiales. Pero descubrieron que hab\u00eda muy pocas parroquias y que la Iglesia no necesitaba misiones parroquiales, sino p\u00e1rrocos, debido a que la naci\u00f3n crec\u00eda r\u00e1pidamente por la inmigraci\u00f3n. Adem\u00e1s, no todos los que acud\u00edan a las parroquias eran cat\u00f3licos. En los comienzos de la Rep\u00fablica, cat\u00f3licos y protestantes acud\u00edan a menudo a las iglesias s\u00f3lo por curiosidad, para o\u00edr alg\u00fan serm\u00f3n y para entenderse mejor con los vecinos.<\/p>\n<p>Como consecuencia. los vicentinos americanos no se dedicaron a las misiones parroquiales. Apreciaron el problema y a veces hablaban de fundar y de apoyar nuevas parroquias como una forma de misi\u00f3n permanente, pero no era esto lo que San Vicente hab\u00eda ideado.<\/p>\n<p>Adem\u00e1s de los seminarios, los misioneros desempe\u00f1aron otros trabajos, descritos en varios estudios en la revista Vicenciana<span id='easy-footnote-5-42007' class='easy-footnote-margin-adjust'><\/span><span class='easy-footnote'><a href='https:\/\/vincentians.com\/es\/el-carisma-vicenciano-en-norteamerica\/#easy-footnote-bottom-5-42007' title='Ver en concreto&lt;em&gt; Vincentiana&lt;\/em&gt; 45:3 (2001), para varios art\u00edculos sobre este tema.'><sup>5<\/sup><\/a><\/span> y en otras partes. Pero nuestra intenci\u00f3n aqu\u00ed, es concentrarnos en la educaci\u00f3n superior a nivel de universidad y de seminarios y de misiones populares. La fundaci\u00f3n de universidades cat\u00f3licas independientes es en muchos aspectos una empresa espec\u00edficamente americana. La raz\u00f3n est\u00e1 en que en otras muchas naciones, el sistema de la educaci\u00f3n universitaria, o est\u00e1 fuertemente controlada por el Estado o ha existido durante siglos, hasta tal punto, que la fundaci\u00f3n de universidades auspiciadas por los cat\u00f3licos ser\u00eda extra\u00f1o y dif\u00edcil. Los vicentinos americanos no empezaron con la idea de fundar universidades. Las tres universidades actualmente bajo la direcci\u00f3n de los vicentinos, empezaron como colegios de secundaria o como seminarios y s\u00f3lo gradualmente se convirtieron en grandes instituciones,<span id='easy-footnote-6-42007' class='easy-footnote-margin-adjust'><\/span><span class='easy-footnote'><a href='https:\/\/vincentians.com\/es\/el-carisma-vicenciano-en-norteamerica\/#easy-footnote-bottom-6-42007' title='V\u00e9ase STAFFORD POOLE,&lt;em&gt; \u00abThe Educational apostolote: Colleges, Universi&lt;\/em&gt;&lt;em&gt;ties, and Secondary Schools\u00bb,&lt;\/em&gt; en JOHN RYBOLT (ed.),&lt;em&gt; The American Vincentians,&lt;\/em&gt;&lt;em&gt; &lt;\/em&gt;New York, 1988, pp. 291-346.'><sup>6<\/sup><\/a><\/span> en respuesta a las llamadas de las Iglesias locales.<\/p>\n<p>A lo largo de los a\u00f1os, por tanto, las tres universidades vicentinas crecieron en tama\u00f1o e importancia en la Iglesia de Am\u00e9rica. Las nuevas Constituciones, particularmente, el Estatuto 11, 1,3, ayud\u00f3 a estas instituciones a enfocar su atenci\u00f3n en la dimensi\u00f3n vicentina de la universidad:<em> 1. Reconociendo la gran importancia de la educaci\u00f3n<\/em><em> <\/em><em>tanto de j\u00f3venes como de adultos, los nuestros asumir\u00e1n la funci\u00f3n<\/em><em> <\/em><em>docente y educativa donde sea necesario para conseguir el fin de la Con<\/em><em>gregaci\u00f3n. 3. De acuerdo con las circunstancias locales, las escuelas,<\/em><em> <\/em><em>los colegios y las universidades, acojan a los pobres para contribuir a<\/em><em> <\/em><em>su promoci\u00f3n. Afirmando, pues, el valor de la educaci\u00f3n cristiana<\/em><em> <\/em><em>inc\u00falquese en los alumnos el sentido del pobre seg\u00fan el esp\u00edritu del<\/em><em> <\/em><em>Fundador.<\/em> Esta declaraci\u00f3n providencial surgi\u00f3 a ra\u00edz de una propuesta durante la asamblea de 1980, que si se aprobaba hubiese conducido al abandono de estas instituciones. Pero, los asamble\u00edstas se convencieron de la utilidad apost\u00f3lica de estas y de parecidas instituciones para llevar a cabo la misi\u00f3n de la Congregaci\u00f3n. Adem\u00e1s, estad\u00edsticas que se han elaborado en Estados Unidos, han demostrado que uno de los medios m\u00e1s eficaces para romper el c\u00edrculo de la pobreza es la educaci\u00f3n universitaria.<\/p>\n<p>Como consecuencia, estudiantes graduados en las universidades de Niagara, de Saint John y de De Paul, al mejorar su situaci\u00f3n, se han imbuido de la sensibilidad vicentina hacia el pobre. En efecto, continuamente se elaboran en estas universidades, nuevos m\u00e9todos para formar a los miembros de la Facultad universitaria y de la Administraci\u00f3n, en el carisma vicentino, y, de hecho, existen muchos programas ya en marcha en cada instituci\u00f3n para reclutar estudiantes pobres, en particular, a aquellos cuyas familias nunca recibieron una educaci\u00f3n universitaria y tambi\u00e9n para ayudarles econ\u00f3micamente a lo largo de sus a\u00f1os de formaci\u00f3n hasta su graduaci\u00f3n y a\u00fan despu\u00e9s. Los valores que forman el meollo de la educaci\u00f3n vicentina han sido, en resumen, descritos de la siguiente manera: es una educaci\u00f3n global, integradora, creativa, flexible, orientada hacia la persona, en colaboraci\u00f3n y bien centrada.<span id='easy-footnote-7-42007' class='easy-footnote-margin-adjust'><\/span><span class='easy-footnote'><a href='https:\/\/vincentians.com\/es\/el-carisma-vicenciano-en-norteamerica\/#easy-footnote-bottom-7-42007' title='LOUISE SULLIVAN,&lt;em&gt; The Core Vakues if Vincentian Edacation,&lt;\/em&gt; Ni\u00e1gara University, 1997; reprinted Chicago, 1997, p. 43.'><sup>7<\/sup><\/a><\/span>\n<p>El profesorado vicentino de estas universidades tambi\u00e9n recibi\u00f3 una notable formaci\u00f3n personal. Algunos se convirtieron en renombrados expertos en sus especialidades y en investigaci\u00f3n, otros sirvieron a la Iglesia con su competencia en la administraci\u00f3n. Muchos de ellos, adem\u00e1s, vivieron una profunda conversi\u00f3n en aquel tiempo de grandes cambios y revisiones que sigui\u00f3 al Concilio Vaticano II y a la promulgaci\u00f3n de las nuevas Constituciones de la Congregaci\u00f3n.<span id='easy-footnote-8-42007' class='easy-footnote-margin-adjust'><\/span><span class='easy-footnote'><a href='https:\/\/vincentians.com\/es\/el-carisma-vicenciano-en-norteamerica\/#easy-footnote-bottom-8-42007' title='DENNIS H. HOLTSCHNEIDER &amp;#8211; EDGARD R. UDOVIC,&lt;em&gt; The Vincentian Higher&lt;\/em&gt;&lt;em&gt; Education Appostolate in the United Status,&lt;\/em&gt; Chicago, 2001.'><sup>8<\/sup><\/a><\/span>\n<p>Junto a la evoluci\u00f3n de las universidades cat\u00f3licas, que matriculan a muchos estudiantes no cat\u00f3licos y que tienen en sus claustros profesores y administradores no cat\u00f3licos y a\u00fan no cristianos, los vicentinos americanos han visto en los \u00faltimos a\u00f1os declinar su ministerio en los seminarios diocesanos. Surge f\u00e1cilmente una pregunta: \u00bfHemos abandonado los seminarios o los seminarios nos han abandonado? Es dif\u00edcil responder a esta pregunta, ya que la situaci\u00f3n hist\u00f3rica actual es compleja. En algunos casos, la Congregaci\u00f3n s\u00ed ha dejado alg\u00fan seminario, por la falta de vocaciones en alguna di\u00f3cesis o porque la comunidad carec\u00eda de personal o de medios para continuar prestando ese servicio. En otros casos, ha sido el clero diocesano quien se ha hecho cargo, poco apoco, de sus instituciones. Las Provincias nunca decidieron abandonar los seminarios, como parte de una planificaci\u00f3n provincial. Uno tras otro, o se cerraron o pasaron a manos de sacerdotes que hab\u00edan sido formados, en gran parte, por los vicentinos.<\/p>\n<p>Una pregunta parecida puede f\u00e1cilmente formularse, pero dif\u00edcilmente responderse, en relaci\u00f3n con las parroquias o las misiones populares. \u00bfAbandonamos las misiones o las misiones nos abandonaron? La realidad es que, a pesar de los muchos intentos, a lo largo de los a\u00f1os, las misiones parroquiales en los Estados Unidos, nunca obtuvieron categor\u00eda superior en las Provincias de Am\u00e9rica. A per\u00edodos de avance, en los que muchos misioneros estaban dedicados a predicar varios estilos de misiones (principalmente novenas a la Inmaculada de la Medalla Milagrosa), siguieron otros de decadencia y de extinci\u00f3n. Aunque todav\u00eda se dan algunas misiones y \u00e9stas son apreciadas, las iglesias locales no invitan de forma continuada a la Congregaci\u00f3n para desempe\u00f1ar este ministerio. Y como la situaci\u00f3n de las parroquias americanas es totalmente diferente de c\u00f3mo eran las parroquias francesas en el siglo XVII, este hecho va en contra de los intentos de imponer las misiones tradicionales en nuestro escenario actual. Ha habido cambios de formato y de enfoque, pero las misiones no son consideradas por los obispos y los p\u00e1rrocos como algo esencial, sino como algo extr\u00ednseco.<\/p>\n<h2><strong>El contexto americano<\/strong><\/h2>\n<p>\u00bfEn qu\u00e9 sentido es diferente la situaci\u00f3n de Am\u00e9rica? Nuestra naci\u00f3n est\u00e1 formada por inmigrantes, y la inmigraci\u00f3n a Estados Unidos contin\u00faa en n\u00fameros record, tanto de inmigrantes con pape\u00adles o documentados (legales), como de sin papeles o indocumentados (ilegales), hasta alcanzar la cifra de un mill\u00f3n cada a\u00f1o, en los \u00falti\u00admos diez o quince a\u00f1os. Este aumento de la inmigraci\u00f3n est\u00e1 suce\u00addiendo tan r\u00e1pidamente que nuestras parroquias y otros servicios encuentran dificultad en ajustarse a las nuevas culturas y gentes.<\/p>\n<p>Por otra parte, los Estados Unidos nunca han experimentado per\u00edodos de persecuci\u00f3n oficial contra la Iglesia. Aunque los cat\u00f3licos padecieron debido a prejuicios y a la marginaci\u00f3n, la Iglesia nunca fue suprimida aqu\u00ed como lo fue en otros muchos pa\u00edses. Adem\u00e1s, desde 1812, ninguna guerra exterior se ha combatido en suelo ame\u00adricano, con las sequelas de refugiados y desplazados. Los Estados Unidos nunca han tenido una clase social de campesinos, como ha habido en otros pa\u00edses. Sin duda, los que trabajan en la actualidad la tierra son con frecuencia ricos y empresarios y s\u00f3lo un peque\u00f1o por\u00adcentaje de americanos vive actualmente en el campo para producir alimentos u otros productos.<\/p>\n<p>El progreso de la gran mayor\u00eda del pueblo americano se explica por su cultura, que pone el \u00e9nfasis en la libertad, la igualdad, el tra\u00adbajo duro y la iniciativa personal. Esta cultura rechaza la uniformi\u00addad sin preguntas. Estos ideales norteamericanos fueron refrendados por muchos documentos emitidos por el Concilio Vaticano II y por posteriores declaraciones y legislaciones. La Iglesia, en otras pala\u00adbras, ha reconocido las diferencias culturales y la Congregaci\u00f3n ha seguido el mismo camino.<\/p>\n<p>Gracias al clima favorable geopol\u00edtico y econ\u00f3mico, los Estados Unidos no han dejado de crecer en poblaci\u00f3n (estimada en 300 millo\u00adnes), en riqueza e influencia. Para gran sorpresa de muchos, su poblaci\u00f3n cat\u00f3lica est\u00e1 entre la mejor formada, la m\u00e1s respetada y la m\u00e1s rica. Muchos cat\u00f3licos han entrado en pol\u00edtica y est\u00e1n represen\u00adtados en el Congreso Federal, en las Asambleas legislativas y en la Judicatura. Otros son dirigentes de grandes empresas y universidades o est\u00e1n a la cabeza en sus respectivas profesiones.<\/p>\n<p>De todas estas consideraciones, surge la pregunta de c\u00f3mo debiera la Congregaci\u00f3n de la Misi\u00f3n, ejercer su misi\u00f3n en esta naci\u00f3n. El servicio directo al pobre es siempre central en nuestras planificaciones,<span id='easy-footnote-9-42007' class='easy-footnote-margin-adjust'><\/span><span class='easy-footnote'><a href='https:\/\/vincentians.com\/es\/el-carisma-vicenciano-en-norteamerica\/#easy-footnote-bottom-9-42007' title='Vease \u00abRatio Missionum Congregationis Missionis\u00bb,&lt;em&gt; Vincentiana,&lt;\/em&gt; 46:1 (2002) 7.'><sup>9<\/sup><\/a><\/span> a pesar de que los pobres entre nosotros con fre\u00adcuencia (aunque no exclusivamente) no son cat\u00f3licos. Otro hecho que diferencia la vida pastoral en Am\u00e9rica es que hay gentes sin iglesia, protestantes y miembros de religiones no cristianas. Precisamente por ello, esta realidad ha impulsado a las universidades y parroquias a dirigir su atenci\u00f3n a estos grupos de personas. En primer lugar, en la actualidad, est\u00e1n los hispanos, principalmente los que han inmigrado recientemente. Muchos servicios vicentinos se mantienen para asistir a estos hermanos y hermanas nuestras, como: ayuda financiera directa, ayuda legal ante problemas con la Inmigraci\u00f3n, ofrecimiento para que participen en comunidades eclesiales para el culto y la socializaci\u00f3n, planificaci\u00f3n y organizaci\u00f3n, acceso a servicios p\u00fablicos de todas clases. Esta realidad, ha impulsado a muchos cohermanos de las Provincias americanas a aprender el espa\u00f1ol y otras lenguas para mejorar su ministerio. Adem\u00e1s, los cohermanos, para multiplicar la eficacia de su entrega, trabajan asiduamente por implicar en este apostolado a los seglares, especialmente a l\u00edderes laicos que muestran gran deseo de actuar como voluntarios en trabajos vicentinos.<\/p>\n<h2><strong>La contribuci\u00f3n americana<\/strong><\/h2>\n<p>Hablando en general, \u00bfqu\u00e9 han aportado los vicentinos americanos a la Congregaci\u00f3n de la Misi\u00f3n? En primer lugar,<em> \u00abel principio de<\/em><em> <\/em><em>la democracia participativa\u00bb,<\/em> tan querida a nuestros conciudadanos. Es por esto, que se nos hace muy dif\u00edcil a los vicentinos americanos concebir una Congregaci\u00f3n cuyos miembros tienen poca o ninguna voz en la planificaci\u00f3n y en el gobierno. Otro principio es el<em> \u00abactuar<\/em><em> <\/em><em>seg\u00fan las reglas del juego\u00bb.<\/em> Se ha visto muchas veces en las Asambleas Generales de la Congregaci\u00f3n que la apreciaci\u00f3n de las Constituciones y Estatutos no es uniforme. Para ciertas culturas, las Constituciones son un conjunto de ideales que uno se esfuerza por alcanzar alg\u00fan d\u00eda, pero para la mentalidad constitucional americana, las constituciones son fundamentales y obligatorias. Por este motivo, les es dif\u00edcil a los norteamericanos comprender que se hagan cambios en las Constituciones y Estatutos para ajustarse a situaciones transitorias o que se las considere como meras exhortaciones. Una tercera contribuci\u00f3n es<em> \u00abla generosidad emparejada con la apertura hacia los<\/em><em> <\/em><em>dem\u00e1s\u00bb,<\/em> manifestada en gran medida, por la ayuda financiera y personal a otras Provincias, sea a cohermanos en particular o a Provincias en general.<\/p>\n<div id=\"attachment_42009\" style=\"width: 490px\" class=\"wp-caption aligncenter\"><a href=\"https:\/\/i0.wp.com\/vicencianos.org\/wp-content\/2011\/06\/encuentro_nigeria.jpg\"><img data-recalc-dims=\"1\" loading=\"lazy\" decoding=\"async\" aria-describedby=\"caption-attachment-42009\" class=\"size-full wp-image-42009\" title=\"Encuentro de Formaci\u00f3n Permanente de la Vice-Provincia de Nigeria, 2-4 de mayo de 2007\" alt=\"Encuentro de Formaci\u00f3n Permanente de la Vice-Provincia de Nigeria, 2-4 de mayo de 2007\" src=\"https:\/\/i0.wp.com\/vicencianos.org\/wp-content\/2011\/06\/encuentro_nigeria.jpg?resize=480%2C320\" width=\"480\" height=\"320\" \/><\/a><p id=\"caption-attachment-42009\" class=\"wp-caption-text\">Encuentro de Formaci\u00f3n Permanente de la Vice-Provincia de Nigeria, 2-4 de mayo de 2007<\/p><\/div>\n<p>Adem\u00e1s de principios, las Provincias americanas han contribuido tambi\u00e9n con dirigentes para la Congregaci\u00f3n, en concreto, en los \u00faltimos a\u00f1os, con cuatro superiores generales: Los Padres Slattery, Richardson, Maloney y Gay. Han contribuido tambi\u00e9n con otros misioneros con capacidad y preparaci\u00f3n para la organizaci\u00f3n y el liderazgo que han participado en varios proyectos de la Congregaci\u00f3n. Recientemente, por ejemplo, el Vincentian Studies Institute, con sede en la universidad de De Paul que lo patrocina, se ha convertido en una fuente, a nivel internacional, de conocimientos e investigaci\u00f3n vicentina. Los vicentinos americanos tambi\u00e9n han contribuido, a lo largo de los a\u00f1os, a la apertura de la Congregaci\u00f3n a las naciones extranjeras, sobre todo a Panam\u00e1 y a China. Tengo que a\u00f1adir hoy, la misi\u00f3n de Kenia, con el acento puesto en la formaci\u00f3n del clero nativo tan floreciente y en la atenci\u00f3n a los pobres. Misi\u00f3n que se mantiene gustosamente y con gran esfuerzo por parte de la Congregaci\u00f3n, en personal, dinero y organizaci\u00f3n, como suele ser com\u00fan con las misiones.<\/p>\n<h2><strong>Conclusi\u00f3n<\/strong><\/h2>\n<p>Este estudio naci\u00f3 de una invitaci\u00f3n que se me hizo de exponer la situaci\u00f3n de la vivencia del carisma vicentino en Norteam\u00e9rica. Estoy convencido de que se necesita entender la situaci\u00f3n para analizar la evoluci\u00f3n de la Congregaci\u00f3n en los Estados Unidos, no s\u00f3lo en sus obras sino tambi\u00e9n en los principios que las sustentan. Para conseguirlo, es necesario tambi\u00e9n estudiar el modelo de Congregaci\u00f3n de la Misi\u00f3n, sea como rama de un \u00fanico \u00e1rbol, o como comuni\u00f3n de Provincias aut\u00f3nomas. Este art\u00edculo prueba que s\u00ed, que el genuino carisma vicentino se vive en Norteam\u00e9rica, a pesar de que su materializaci\u00f3n ha adquirido un distintivo estilo americano.<\/p>\n","protected":false},"excerpt":{"rendered":"<p>&nbsp; Al considerar la evoluci\u00f3n del carisma vicentino, surge un pro\u00adblema metodol\u00f3gico: \u00bfPuede ser genuino el carisma vicentino fuera de Francia? La cuesti\u00f3n no es balad\u00ed, como veremos, aunque para San Vicente no era ning\u00fan &#8230; <a href=\"https:\/\/vincentians.com\/es\/el-carisma-vicenciano-en-norteamerica\/\" class=\"more-link\">Read More<\/a><\/p>\n","protected":false},"author":5,"featured_media":42011,"comment_status":"open","ping_status":"open","sticky":false,"template":"","format":"standard","meta":{"jetpack_post_was_ever_published":false,"_jetpack_newsletter_access":"","_jetpack_dont_email_post_to_subs":false,"_jetpack_newsletter_tier_id":0,"_jetpack_memberships_contains_paywalled_content":false,"_jetpack_memberships_contains_paid_content":false,"footnotes":"","jetpack_publicize_message":"","jetpack_publicize_feature_enabled":true,"jetpack_social_post_already_shared":true,"jetpack_social_options":{"image_generator_settings":{"template":"highway","default_image_id":0,"font":"","enabled":false},"version":2}},"categories":[214],"tags":[230,161,177,176,172,143],"class_list":["post-42007","post","type-post","status-publish","format-standard","has-post-thumbnail","hentry","category-historia-de-la-congregacion-de-la-mision","tag-almeras","tag-etienne","tag-jolly","tag-misiones-populares","tag-pobreza","tag-san-lazaro"],"yoast_head":"<!-- This site is optimized with the Yoast SEO plugin v26.3 - https:\/\/yoast.com\/wordpress\/plugins\/seo\/ -->\n<title>El carisma vicenciano en Norteam\u00e9rica - Somos Vicencianos<\/title>\n<meta name=\"robots\" content=\"index, follow, max-snippet:-1, max-image-preview:large, max-video-preview:-1\" \/>\n<link rel=\"canonical\" href=\"https:\/\/vincentians.com\/es\/el-carisma-vicenciano-en-norteamerica\/\" \/>\n<meta property=\"og:locale\" content=\"es_ES\" \/>\n<meta property=\"og:type\" content=\"article\" \/>\n<meta property=\"og:title\" content=\"El carisma vicenciano en Norteam\u00e9rica - Somos Vicencianos\" \/>\n<meta property=\"og:description\" content=\"&nbsp; Al considerar la evoluci\u00f3n del carisma vicentino, surge un pro\u00adblema metodol\u00f3gico: \u00bfPuede ser genuino el carisma vicentino fuera de Francia? La cuesti\u00f3n no es balad\u00ed, como veremos, aunque para San Vicente no era ning\u00fan ... Read More\" \/>\n<meta property=\"og:url\" content=\"https:\/\/vincentians.com\/es\/el-carisma-vicenciano-en-norteamerica\/\" \/>\n<meta property=\"og:site_name\" content=\"Somos Vicencianos\" \/>\n<meta property=\"article:publisher\" content=\"https:\/\/www.facebook.com\/WeAreVincentians\/\" \/>\n<meta property=\"article:published_time\" content=\"2013-07-10T01:52:16+00:00\" \/>\n<meta property=\"article:modified_time\" content=\"2016-07-27T10:13:08+00:00\" \/>\n<meta name=\"author\" content=\"Mitxel Olabu\u00e9naga\" \/>\n<meta name=\"twitter:card\" content=\"summary_large_image\" \/>\n<meta name=\"twitter:creator\" content=\"@WeVincentians\" \/>\n<meta name=\"twitter:site\" content=\"@WeVincentians\" \/>\n<meta name=\"twitter:label1\" content=\"Escrito por\" \/>\n\t<meta name=\"twitter:data1\" content=\"Mitxel Olabu\u00e9naga\" \/>\n\t<meta name=\"twitter:label2\" content=\"Tiempo de lectura\" \/>\n\t<meta name=\"twitter:data2\" content=\"17 minutos\" \/>\n<script type=\"application\/ld+json\" class=\"yoast-schema-graph\">{\"@context\":\"https:\/\/schema.org\",\"@graph\":[{\"@type\":\"Article\",\"@id\":\"https:\/\/vincentians.com\/es\/el-carisma-vicenciano-en-norteamerica\/#article\",\"isPartOf\":{\"@id\":\"https:\/\/vincentians.com\/es\/el-carisma-vicenciano-en-norteamerica\/\"},\"author\":{\"name\":\"Mitxel Olabu\u00e9naga\",\"@id\":\"https:\/\/vincentians.com\/es\/#\/schema\/person\/7c2670b4445a7ca9d164ea6acdb31859\"},\"headline\":\"El carisma vicenciano en Norteam\u00e9rica\",\"datePublished\":\"2013-07-10T01:52:16+00:00\",\"dateModified\":\"2016-07-27T10:13:08+00:00\",\"mainEntityOfPage\":{\"@id\":\"https:\/\/vincentians.com\/es\/el-carisma-vicenciano-en-norteamerica\/\"},\"wordCount\":3472,\"commentCount\":0,\"publisher\":{\"@id\":\"https:\/\/vincentians.com\/es\/#organization\"},\"image\":{\"@id\":\"https:\/\/vincentians.com\/es\/el-carisma-vicenciano-en-norteamerica\/#primaryimage\"},\"thumbnailUrl\":\"\",\"keywords\":[\"Almer\u00e1s\",\"Etienne\",\"Jolly\",\"Misiones Populares\",\"Pobreza\",\"San L\u00e1zaro\"],\"articleSection\":[\"Historia de la Congregaci\u00f3n de la Misi\u00f3n\"],\"inLanguage\":\"es\",\"potentialAction\":[{\"@type\":\"CommentAction\",\"name\":\"Comment\",\"target\":[\"https:\/\/vincentians.com\/es\/el-carisma-vicenciano-en-norteamerica\/#respond\"]}]},{\"@type\":\"WebPage\",\"@id\":\"https:\/\/vincentians.com\/es\/el-carisma-vicenciano-en-norteamerica\/\",\"url\":\"https:\/\/vincentians.com\/es\/el-carisma-vicenciano-en-norteamerica\/\",\"name\":\"El carisma vicenciano en Norteam\u00e9rica - Somos Vicencianos\",\"isPartOf\":{\"@id\":\"https:\/\/vincentians.com\/es\/#website\"},\"primaryImageOfPage\":{\"@id\":\"https:\/\/vincentians.com\/es\/el-carisma-vicenciano-en-norteamerica\/#primaryimage\"},\"image\":{\"@id\":\"https:\/\/vincentians.com\/es\/el-carisma-vicenciano-en-norteamerica\/#primaryimage\"},\"thumbnailUrl\":\"\",\"datePublished\":\"2013-07-10T01:52:16+00:00\",\"dateModified\":\"2016-07-27T10:13:08+00:00\",\"breadcrumb\":{\"@id\":\"https:\/\/vincentians.com\/es\/el-carisma-vicenciano-en-norteamerica\/#breadcrumb\"},\"inLanguage\":\"es\",\"potentialAction\":[{\"@type\":\"ReadAction\",\"target\":[\"https:\/\/vincentians.com\/es\/el-carisma-vicenciano-en-norteamerica\/\"]}]},{\"@type\":\"ImageObject\",\"inLanguage\":\"es\",\"@id\":\"https:\/\/vincentians.com\/es\/el-carisma-vicenciano-en-norteamerica\/#primaryimage\",\"url\":\"\",\"contentUrl\":\"\"},{\"@type\":\"BreadcrumbList\",\"@id\":\"https:\/\/vincentians.com\/es\/el-carisma-vicenciano-en-norteamerica\/#breadcrumb\",\"itemListElement\":[{\"@type\":\"ListItem\",\"position\":1,\"name\":\"Portada\",\"item\":\"https:\/\/vincentians.com\/es\/\"},{\"@type\":\"ListItem\",\"position\":2,\"name\":\"El carisma vicenciano en Norteam\u00e9rica\"}]},{\"@type\":\"WebSite\",\"@id\":\"https:\/\/vincentians.com\/es\/#website\",\"url\":\"https:\/\/vincentians.com\/es\/\",\"name\":\"Somos Vicencianos\",\"description\":\"Know more to serve more\",\"publisher\":{\"@id\":\"https:\/\/vincentians.com\/es\/#organization\"},\"potentialAction\":[{\"@type\":\"SearchAction\",\"target\":{\"@type\":\"EntryPoint\",\"urlTemplate\":\"https:\/\/vincentians.com\/es\/?s={search_term_string}\"},\"query-input\":{\"@type\":\"PropertyValueSpecification\",\"valueRequired\":true,\"valueName\":\"search_term_string\"}}],\"inLanguage\":\"es\"},{\"@type\":\"Organization\",\"@id\":\"https:\/\/vincentians.com\/es\/#organization\",\"name\":\"The Vincentian Network\",\"url\":\"https:\/\/vincentians.com\/es\/\",\"logo\":{\"@type\":\"ImageObject\",\"inLanguage\":\"es\",\"@id\":\"https:\/\/vincentians.com\/es\/#\/schema\/logo\/image\/\",\"url\":\"https:\/\/i1.wp.com\/vincentians.com\/es\/wp-content\/uploads\/sites\/11\/2016\/06\/Vincentian-Network-logo-big.png?fit=778%2C778\",\"contentUrl\":\"https:\/\/i1.wp.com\/vincentians.com\/es\/wp-content\/uploads\/sites\/11\/2016\/06\/Vincentian-Network-logo-big.png?fit=778%2C778\",\"width\":778,\"height\":778,\"caption\":\"The Vincentian Network\"},\"image\":{\"@id\":\"https:\/\/vincentians.com\/es\/#\/schema\/logo\/image\/\"},\"sameAs\":[\"https:\/\/www.facebook.com\/WeAreVincentians\/\",\"https:\/\/x.com\/WeVincentians\"]},{\"@type\":\"Person\",\"@id\":\"https:\/\/vincentians.com\/es\/#\/schema\/person\/7c2670b4445a7ca9d164ea6acdb31859\",\"name\":\"Mitxel Olabu\u00e9naga\",\"image\":{\"@type\":\"ImageObject\",\"inLanguage\":\"es\",\"@id\":\"https:\/\/vincentians.com\/es\/#\/schema\/person\/image\/\",\"url\":\"https:\/\/secure.gravatar.com\/avatar\/34137ec2e2b8939cbbed975731e71f3f4f1defc7266ded337a5ce0f925426877?s=96&d=mm&r=g\",\"contentUrl\":\"https:\/\/secure.gravatar.com\/avatar\/34137ec2e2b8939cbbed975731e71f3f4f1defc7266ded337a5ce0f925426877?s=96&d=mm&r=g\",\"caption\":\"Mitxel Olabu\u00e9naga\"},\"url\":\"https:\/\/vincentians.com\/es\/author\/mitxel\/\"}]}<\/script>\n<!-- \/ Yoast SEO plugin. -->","yoast_head_json":{"title":"El carisma vicenciano en Norteam\u00e9rica - Somos Vicencianos","robots":{"index":"index","follow":"follow","max-snippet":"max-snippet:-1","max-image-preview":"max-image-preview:large","max-video-preview":"max-video-preview:-1"},"canonical":"https:\/\/vincentians.com\/es\/el-carisma-vicenciano-en-norteamerica\/","og_locale":"es_ES","og_type":"article","og_title":"El carisma vicenciano en Norteam\u00e9rica - Somos Vicencianos","og_description":"&nbsp; Al considerar la evoluci\u00f3n del carisma vicentino, surge un pro\u00adblema metodol\u00f3gico: \u00bfPuede ser genuino el carisma vicentino fuera de Francia? La cuesti\u00f3n no es balad\u00ed, como veremos, aunque para San Vicente no era ning\u00fan ... Read More","og_url":"https:\/\/vincentians.com\/es\/el-carisma-vicenciano-en-norteamerica\/","og_site_name":"Somos Vicencianos","article_publisher":"https:\/\/www.facebook.com\/WeAreVincentians\/","article_published_time":"2013-07-10T01:52:16+00:00","article_modified_time":"2016-07-27T10:13:08+00:00","author":"Mitxel Olabu\u00e9naga","twitter_card":"summary_large_image","twitter_creator":"@WeVincentians","twitter_site":"@WeVincentians","twitter_misc":{"Escrito por":"Mitxel Olabu\u00e9naga","Tiempo de lectura":"17 minutos"},"schema":{"@context":"https:\/\/schema.org","@graph":[{"@type":"Article","@id":"https:\/\/vincentians.com\/es\/el-carisma-vicenciano-en-norteamerica\/#article","isPartOf":{"@id":"https:\/\/vincentians.com\/es\/el-carisma-vicenciano-en-norteamerica\/"},"author":{"name":"Mitxel Olabu\u00e9naga","@id":"https:\/\/vincentians.com\/es\/#\/schema\/person\/7c2670b4445a7ca9d164ea6acdb31859"},"headline":"El carisma vicenciano en Norteam\u00e9rica","datePublished":"2013-07-10T01:52:16+00:00","dateModified":"2016-07-27T10:13:08+00:00","mainEntityOfPage":{"@id":"https:\/\/vincentians.com\/es\/el-carisma-vicenciano-en-norteamerica\/"},"wordCount":3472,"commentCount":0,"publisher":{"@id":"https:\/\/vincentians.com\/es\/#organization"},"image":{"@id":"https:\/\/vincentians.com\/es\/el-carisma-vicenciano-en-norteamerica\/#primaryimage"},"thumbnailUrl":"","keywords":["Almer\u00e1s","Etienne","Jolly","Misiones Populares","Pobreza","San L\u00e1zaro"],"articleSection":["Historia de la Congregaci\u00f3n de la Misi\u00f3n"],"inLanguage":"es","potentialAction":[{"@type":"CommentAction","name":"Comment","target":["https:\/\/vincentians.com\/es\/el-carisma-vicenciano-en-norteamerica\/#respond"]}]},{"@type":"WebPage","@id":"https:\/\/vincentians.com\/es\/el-carisma-vicenciano-en-norteamerica\/","url":"https:\/\/vincentians.com\/es\/el-carisma-vicenciano-en-norteamerica\/","name":"El carisma vicenciano en Norteam\u00e9rica - Somos Vicencianos","isPartOf":{"@id":"https:\/\/vincentians.com\/es\/#website"},"primaryImageOfPage":{"@id":"https:\/\/vincentians.com\/es\/el-carisma-vicenciano-en-norteamerica\/#primaryimage"},"image":{"@id":"https:\/\/vincentians.com\/es\/el-carisma-vicenciano-en-norteamerica\/#primaryimage"},"thumbnailUrl":"","datePublished":"2013-07-10T01:52:16+00:00","dateModified":"2016-07-27T10:13:08+00:00","breadcrumb":{"@id":"https:\/\/vincentians.com\/es\/el-carisma-vicenciano-en-norteamerica\/#breadcrumb"},"inLanguage":"es","potentialAction":[{"@type":"ReadAction","target":["https:\/\/vincentians.com\/es\/el-carisma-vicenciano-en-norteamerica\/"]}]},{"@type":"ImageObject","inLanguage":"es","@id":"https:\/\/vincentians.com\/es\/el-carisma-vicenciano-en-norteamerica\/#primaryimage","url":"","contentUrl":""},{"@type":"BreadcrumbList","@id":"https:\/\/vincentians.com\/es\/el-carisma-vicenciano-en-norteamerica\/#breadcrumb","itemListElement":[{"@type":"ListItem","position":1,"name":"Portada","item":"https:\/\/vincentians.com\/es\/"},{"@type":"ListItem","position":2,"name":"El carisma vicenciano en Norteam\u00e9rica"}]},{"@type":"WebSite","@id":"https:\/\/vincentians.com\/es\/#website","url":"https:\/\/vincentians.com\/es\/","name":"Somos Vicencianos","description":"Know more to serve more","publisher":{"@id":"https:\/\/vincentians.com\/es\/#organization"},"potentialAction":[{"@type":"SearchAction","target":{"@type":"EntryPoint","urlTemplate":"https:\/\/vincentians.com\/es\/?s={search_term_string}"},"query-input":{"@type":"PropertyValueSpecification","valueRequired":true,"valueName":"search_term_string"}}],"inLanguage":"es"},{"@type":"Organization","@id":"https:\/\/vincentians.com\/es\/#organization","name":"The Vincentian Network","url":"https:\/\/vincentians.com\/es\/","logo":{"@type":"ImageObject","inLanguage":"es","@id":"https:\/\/vincentians.com\/es\/#\/schema\/logo\/image\/","url":"https:\/\/i1.wp.com\/vincentians.com\/es\/wp-content\/uploads\/sites\/11\/2016\/06\/Vincentian-Network-logo-big.png?fit=778%2C778","contentUrl":"https:\/\/i1.wp.com\/vincentians.com\/es\/wp-content\/uploads\/sites\/11\/2016\/06\/Vincentian-Network-logo-big.png?fit=778%2C778","width":778,"height":778,"caption":"The Vincentian Network"},"image":{"@id":"https:\/\/vincentians.com\/es\/#\/schema\/logo\/image\/"},"sameAs":["https:\/\/www.facebook.com\/WeAreVincentians\/","https:\/\/x.com\/WeVincentians"]},{"@type":"Person","@id":"https:\/\/vincentians.com\/es\/#\/schema\/person\/7c2670b4445a7ca9d164ea6acdb31859","name":"Mitxel Olabu\u00e9naga","image":{"@type":"ImageObject","inLanguage":"es","@id":"https:\/\/vincentians.com\/es\/#\/schema\/person\/image\/","url":"https:\/\/secure.gravatar.com\/avatar\/34137ec2e2b8939cbbed975731e71f3f4f1defc7266ded337a5ce0f925426877?s=96&d=mm&r=g","contentUrl":"https:\/\/secure.gravatar.com\/avatar\/34137ec2e2b8939cbbed975731e71f3f4f1defc7266ded337a5ce0f925426877?s=96&d=mm&r=g","caption":"Mitxel Olabu\u00e9naga"},"url":"https:\/\/vincentians.com\/es\/author\/mitxel\/"}]}},"jetpack_publicize_connections":[],"jetpack_featured_media_url":"","jetpack_sharing_enabled":true,"jetpack_shortlink":"https:\/\/wp.me\/p7ETMF-aVx","jetpack-related-posts":[{"id":134512,"url":"https:\/\/vincentians.com\/es\/dos-papas-santos-simpatizantes-del-carisma-vicentino\/","url_meta":{"origin":42007,"position":0},"title":"Dos papas santos simpatizantes del carisma vicentino","author":"Francisco Javier Fern\u00e1ndez Chento","date":"31\/12\/2014","format":false,"excerpt":"El Papa Francisco canoniz\u00f3 a los papas Juan XXIII (1881\u20131963) y Juan Pablo II (1929\u20132005) el 27 de abril de 2014 en Roma, en el contexto del 50 aniversario de la apertura del Concilio Vaticano II convocado por el papa Roncalli, convirti\u00e9ndose as\u00ed en los otros pont\u00edfices proclamados santos en\u2026","rel":"","context":"En \u00abFormaci\u00f3n Vicenciana\u00bb","block_context":{"text":"Formaci\u00f3n Vicenciana","link":"https:\/\/vincentians.com\/es\/category\/formacion-vicenciana\/"},"img":{"alt_text":"juan23_y_juanpablo2","src":"https:\/\/i0.wp.com\/vicencianos.org\/wp-content\/2014\/12\/juan23_y_juanpablo2.jpg?resize=350%2C200","width":350,"height":200},"classes":[]},{"id":132576,"url":"https:\/\/vincentians.com\/es\/manual-para-afiliados-a-la-congregacion-de-la-mision-en-colombia\/","url_meta":{"origin":42007,"position":1},"title":"Manual para Afiliados a la Congregaci\u00f3n de la Misi\u00f3n en Colombia","author":"Francisco Javier Fern\u00e1ndez Chento","date":"11\/12\/2014","format":false,"excerpt":"1. Justificaci\u00f3n: La inmensa mayor\u00eda de los miembros de la Familia Vicentina en el mundo y en Colombia, son laicos Existe un grupo considerable de afiliados a la Congregaci\u00f3n de la Misi\u00f3n en Colombia Hay poco conocimiento mutuo entre la Congregaci\u00f3n y sus afiliados laicos : ni ellos saben mucho\u2026","rel":"","context":"En \u00abDocumentos de otras Ramas e Instituciones vicencianas\u00bb","block_context":{"text":"Documentos de otras Ramas e Instituciones vicencianas","link":"https:\/\/vincentians.com\/es\/category\/formacion-vicenciana\/documentos-oficiales-de-la-familia-vicenciana\/documentos-de-otras-ramas-e-instituciones-vicencianas\/"},"img":{"alt_text":"logo_afiliados","src":"https:\/\/i0.wp.com\/vicencianos.org\/wp-content\/2014\/12\/logo_afiliados-300x291.jpg?resize=350%2C200","width":350,"height":200},"classes":[]},{"id":131336,"url":"https:\/\/vincentians.com\/es\/de-la-religion-de-san-pedro\/","url_meta":{"origin":42007,"position":2},"title":"\u00abDe la religi\u00f3n de san Pedro\u00bb","author":"Francisco Javier Fern\u00e1ndez Chento","date":"24\/05\/2015","format":false,"excerpt":"\"Fue \u00e9l quien dio a unos como ap\u00f3stoles, otros como profetas, a otros como evangelistas, a otros como pastores y maestros con el fin de equipar a los consagrados para la tarea del servicio, para constituir el cuerpo del Mes\u00edas\". (Ef 4,11-12). \"La Congregaci\u00f3n de la Misi\u00f3n, seg\u00fan una tradici\u00f3n\u2026","rel":"","context":"En \u00abEspiritualidad vicenciana\u00bb","block_context":{"text":"Espiritualidad vicenciana","link":"https:\/\/vincentians.com\/es\/category\/espiritualidad\/espiritualidad-vicenciana\/"},"img":{"alt_text":"logocm","src":"https:\/\/i0.wp.com\/vicencianos.org\/wp-content\/2011\/04\/logocm-237x300.jpg?resize=350%2C200","width":350,"height":200},"classes":[]},{"id":126446,"url":"https:\/\/vincentians.com\/es\/todo-el-tiempo-de-nuestra-vida\/","url_meta":{"origin":42007,"position":3},"title":"Todo el tiempo de nuestra vida","author":"Francisco Javier Fern\u00e1ndez Chento","date":"16\/06\/2015","format":false,"excerpt":"Marco hist\u00f3rico del voto de estabilidad de la Congregaci\u00f3n de la Misi\u00f3n Los benedictinos y los cartujos hacen voto de estabilidad (cf. II, 104). Antes de que san Vicente pensara introducir el voto o juramento de esta\u00adbilidad, incluso como sustituto de los tres votos sustanciales, si \u00e9stos no fueran aprobados\u2026","rel":"","context":"En \u00abCongregaci\u00f3n de la Misi\u00f3n\u00bb","block_context":{"text":"Congregaci\u00f3n de la Misi\u00f3n","link":"https:\/\/vincentians.com\/es\/category\/la-familia-vicenciana\/ramas\/congregacion-de-la-mision\/"},"img":{"alt_text":"logocm","src":"https:\/\/i0.wp.com\/vicencianos.org\/wp-content\/2011\/12\/logocm-245x300.png?resize=350%2C200","width":350,"height":200},"classes":[]},{"id":131328,"url":"https:\/\/vincentians.com\/es\/descubridores-de-nuevos-caminos\/","url_meta":{"origin":42007,"position":4},"title":"Descubridores de nuevos caminos","author":"Francisco Javier Fern\u00e1ndez Chento","date":"06\/02\/2015","format":false,"excerpt":"\"No apagu\u00e9is el esp\u00edritu, no teng\u00e1is en poco los mensajes inspirados; pero examinadlo todo, retener lo que haya de bueno y manteneos lejos de toda clase de mal\". (II Tes 5,19-22). \"Supuesto este fin, la Congregaci\u00f3n de la Misi\u00f3n, atendiendo siempre al Evangelio, a los signos de los tiempos y\u2026","rel":"","context":"En \u00abEspiritualidad vicenciana\u00bb","block_context":{"text":"Espiritualidad vicenciana","link":"https:\/\/vincentians.com\/es\/category\/espiritualidad\/espiritualidad-vicenciana\/"},"img":{"alt_text":"nuevos caminos","src":"https:\/\/i0.wp.com\/vicencianos.org\/wp-content\/2014\/09\/nuevos-caminos-300x223.jpg?resize=350%2C200","width":350,"height":200},"classes":[]},{"id":132580,"url":"https:\/\/vincentians.com\/es\/estatutos-del-voluntariado-juvenil-vicentino-voljuvi\/","url_meta":{"origin":42007,"position":5},"title":"Estatutos del Voluntariado Juvenil Vicentino \u00abVOLJUVI\u00bb","author":"Francisco Javier Fern\u00e1ndez Chento","date":"10\/12\/2014","format":false,"excerpt":"Pre\u00e1mbulo El Voluntariado Juvenil Vicentino tuvo su origen en Par\u00eds el 29 de noviembre de 1909. Naci\u00f3 con el nombre de \"Obra de Luisas de Marillac\", y como parte de la Cofrad\u00eda de las Damas de la Caridad, hoy Asociaci\u00f3n Internacional de Caridades (A.I.C.). De esto hay constancia en un\u2026","rel":"","context":"En \u00abDocumentos de otras Ramas e Instituciones vicencianas\u00bb","block_context":{"text":"Documentos de otras Ramas e Instituciones vicencianas","link":"https:\/\/vincentians.com\/es\/category\/formacion-vicenciana\/documentos-oficiales-de-la-familia-vicenciana\/documentos-de-otras-ramas-e-instituciones-vicencianas\/"},"img":{"alt_text":"voluntariado_juvenil_vicentino","src":"https:\/\/i0.wp.com\/vicencianos.org\/wp-content\/2014\/12\/voluntariado_juvenil_vicentino-300x300.jpg?resize=350%2C200","width":350,"height":200},"classes":[]}],"_links":{"self":[{"href":"https:\/\/vincentians.com\/es\/wp-json\/wp\/v2\/posts\/42007","targetHints":{"allow":["GET"]}}],"collection":[{"href":"https:\/\/vincentians.com\/es\/wp-json\/wp\/v2\/posts"}],"about":[{"href":"https:\/\/vincentians.com\/es\/wp-json\/wp\/v2\/types\/post"}],"author":[{"embeddable":true,"href":"https:\/\/vincentians.com\/es\/wp-json\/wp\/v2\/users\/5"}],"replies":[{"embeddable":true,"href":"https:\/\/vincentians.com\/es\/wp-json\/wp\/v2\/comments?post=42007"}],"version-history":[{"count":0,"href":"https:\/\/vincentians.com\/es\/wp-json\/wp\/v2\/posts\/42007\/revisions"}],"wp:featuredmedia":[{"embeddable":true,"href":"https:\/\/vincentians.com\/es\/wp-json\/"}],"wp:attachment":[{"href":"https:\/\/vincentians.com\/es\/wp-json\/wp\/v2\/media?parent=42007"}],"wp:term":[{"taxonomy":"category","embeddable":true,"href":"https:\/\/vincentians.com\/es\/wp-json\/wp\/v2\/categories?post=42007"},{"taxonomy":"post_tag","embeddable":true,"href":"https:\/\/vincentians.com\/es\/wp-json\/wp\/v2\/tags?post=42007"}],"curies":[{"name":"wp","href":"https:\/\/api.w.org\/{rel}","templated":true}]}}