{"id":41796,"date":"2020-11-28T08:10:07","date_gmt":"2020-11-28T07:10:07","guid":{"rendered":"http:\/\/somos.vicencianos.org\/blog\/2011\/06\/espiritualidad-vicenciana-milagrosa\/"},"modified":"2020-11-21T19:41:58","modified_gmt":"2020-11-21T18:41:58","slug":"espiritualidad-vicenciana-milagrosa","status":"publish","type":"post","link":"https:\/\/vincentians.com\/es\/espiritualidad-vicenciana-milagrosa\/","title":{"rendered":"Espiritualidad vicenciana: Milagrosa"},"content":{"rendered":"<h4>Durante el tiempo de su seminario interno, que dur\u00f3 del 21 de abril de 1830 al 31 de enero de 1831, una Hija de la Caridad llamada Catalina Labour\u00e9 tuvo visiones del coraz\u00f3n de san Vicen\u00adte de Pa\u00fal, visiones del Se\u00f1or en la Eucarist\u00eda y visiones de la Virgen Sant\u00edsima. Las m\u00e1s conoci\u00addas y divulgadas son las \u00faltimas y a ellas se re\u00adfiere este art\u00edculo.<\/h4>\n<p>Fueron tres. La primera en la noche del 18 al 19 de julio, en que la Virgen se le aparece senta\u00adda en un sill\u00f3n de la capilla que las Hijas de la Ca\u00adridad tienen en la rue du Bac de Par\u00eds y entabla con ella una larga conversaci\u00f3n sobre los aconte\u00adcimientos pol\u00edticos, religiosos y congregacionales que estaban ocurriendo en aquel momento o es\u00adtaban a punto de ocurrir (revoluci\u00f3n de julio de 1830) y adem\u00e1s le anuncia que se le va a enco\u00admendar una misi\u00f3n. La segunda el 27 de no\u00adviembre por la tarde, durante el tiempo de oraci\u00f3n de las seminaristas en la misma capilla. Lo que Ca\u00adtalina vio esta vez fue una especie de medalla vi\u00adva, en movimiento, con la Virgen Mar\u00eda en el an\u00adverso y una serie de signos en el anverso y reverso. Oy\u00f3 una voz que le dec\u00eda: \u00abHaz acu\u00f1ar una me\u00addalla seg\u00fan este modelo; todas las personas que la lleven recibir\u00e1n grandes gracias\u2026 esas gracias ser\u00e1n abundantes para quienes la lleven con con\u00adfianza\u00bb. M\u00e1s tarde, probablemente en el mes si\u00adguiente, volvi\u00f3 a ver la misma aparici\u00f3n con algu\u00adnos peque\u00f1os detalles diferentes: \u00abElla se me apareci\u00f3 una tercera vez, no recuerdo cuando\u00bb.<span id='easy-footnote-1-41796' class='easy-footnote-margin-adjust'><\/span><span class='easy-footnote'><a href='https:\/\/vincentians.com\/es\/espiritualidad-vicenciana-milagrosa\/#easy-footnote-bottom-1-41796' title='Cf R. LAURENTIN, &lt;em&gt;Fecha, n\u00famero y autenticidad de las apariciones, &lt;\/em&gt;en el libro &lt;em&gt;Las apariciones de la Virgen Mar\u00eda a santa Catalina Labour\u00e9, &lt;\/em&gt;CEME, Salamanca, 1981, pp. 77-102.'><sup>1<\/sup><\/a><\/span>\n<p>Apenas comienza a conocerse, acu\u00f1arse y lle\u00advarse la Medalla Milagrosa (en adelante MM), co\u00admienza tambi\u00e9n a acreditarse entre el pueblo de Dios de una manera que podr\u00edamos llamar avasa\u00adlladora. Lo prueban principalmente tres hechos. El primero es la difusi\u00f3n de la Medalla: en menos de cuatro a\u00f1os, de junio de 1832 a febrero de 1836, consta la acu\u00f1aci\u00f3n de m\u00e1s de 12 millones de medallas, en 1839 son ya 18 millones y, al mo\u00adrir la vidente el 31 de diciembre de 1876, se ha\u00adb\u00edan distribuido por todo el mundo m\u00e1s de mil mi\u00adllones. El segundo es la divulgaci\u00f3n de la \u00abNoticia hist\u00f3rica sobre el origen y efectos de la nueva Me\u00addalla\u2026\u00bb, escrita por el director y confesor de la vi\u00addente, P. Juan Mar\u00eda Aladel, C.M. : de 1834 a 1842 se publicaron ocho ediciones con unos 150 mil ejemplares, \u00absin contar las traducciones italiana, inglesa, flamenca, espa\u00f1ola, alemana, griega y chi\u00adna\u00bb. El tercero es la cantidad asombrosa de hechos juzgados milagrosos que se atribuyeron a la me\u00addiaci\u00f3n de llevar la Medalla y rezar su jaculatoria: conversiones y curaciones de todo tipo.<\/p>\n<p>Esta triple prueba es la que aduce la famosa \u00abEncuesta Quentin\u00bb, elaborada por una Comisi\u00f3n constituida por el Arzobispo de Par\u00eds el 12 de fe\u00adbrero de 1836 para investigar el origen, proceso y autenticidad de la MM. Como consecuencia de estos hechos, el pueblo cristiano puso espont\u00e1\u00adneamente a la Medalla el nombre de Milagrosa. Fue cosa del pueblo. La Iglesia, en la liturgia, pre\u00adfiri\u00f3 llamarla Sagrada, la Sagrada Medalla.<span id='easy-footnote-2-41796' class='easy-footnote-margin-adjust'><\/span><span class='easy-footnote'><a href='https:\/\/vincentians.com\/es\/espiritualidad-vicenciana-milagrosa\/#easy-footnote-bottom-2-41796' title='Cf Enqu\u00e9te canonique sur la M\u00e9daille Miraculeuse, r\u00e9alis\u00e9e sous la responsabilit\u00e9 de Pierre Quentin, Vicaire Ge\u00adneral et Promoteur du Dioc\u00e9se de Par\u00eds: 19 sessions du 16 fevrier au 13 juillet 1836. Aux archives de la Congr\u00e9gation de la Mission -95 rue de Sevres-, et chez les Filies de la Charit\u00e9 -140 rue du Bac-.'><sup>2<\/sup><\/a><\/span>\n<h2>II<\/h2>\n<p>Damos por supuesto el conocimiento de la doctrina de la Iglesia o de sus te\u00f3logos sobre las visiones y apariciones marianas: posibilidad, na\u00adturaleza, relaci\u00f3n con la revelaci\u00f3n p\u00fablica, crite\u00adrios de discernimiento, qu\u00e9 significa el juicio que la Iglesia pueda dar sobre ellas, etc.<span id='easy-footnote-3-41796' class='easy-footnote-margin-adjust'><\/span><span class='easy-footnote'><a href='https:\/\/vincentians.com\/es\/espiritualidad-vicenciana-milagrosa\/#easy-footnote-bottom-3-41796' title='Cf A. V\u00c1ZQUEZ y R. LAURENTIN, &lt;em&gt;Apariciones, &lt;\/em&gt;en &lt;em&gt;Nue\u00advo Diccionario de Mariolog\u00eda, &lt;\/em&gt;dirigido por Stefano di Fiores y Salvatore Meo, Ed. Paulinas, Madrid, 1988, pp. 182-199; J. LOSADA, S. J., &lt;em&gt;Valoraci\u00f3n Prof\u00e9tica de las apariciones en la Iglesia, &lt;\/em&gt;en el libro &lt;em&gt;Las apariciones de la Virgen Mar\u00eda a santa Catalina Labour\u00e9, o. c. ; C. &lt;\/em&gt;I. GONZ\u00c1LEZ, S. J., &lt;em&gt;Mar\u00eda, evangelizada y evangelizadora, &lt;\/em&gt;CELAM, M\u00e9xico, 1989, Ap\u00e9n\u00addice II, pp. 437-448.'><sup>3<\/sup><\/a><\/span>\n<p>Un punto importante de discernimiento es la credibilidad del vidente o la vidente. El P. Pierre Cos\u00adte, secretario general y archivista de la Congre\u00adgaci\u00f3n de la Misi\u00f3n (t1935}, lleg\u00f3 a escribir en contra de Catalina Labour\u00e9 a la Sagrada Congre\u00adgaci\u00f3n de Ritos para que no procediera a su ca\u00adnonizaci\u00f3n. El hecho de que sus objeciones fue\u00adran desestimadas y que la vidente fuera elevada a los altares en 1947, indican la fuerza de la san\u00adtidad de \u00e9sta. Si a ello se a\u00f1ade el estilo personal de aquella mujer, nada exhibicionista, ni neur\u00f3ti\u00adca, ni voluble, ni so\u00f1adora, habr\u00e1 que concluir con Ren\u00e9 Laurentin: \u00abUn buen uso de la cr\u00edtica hist\u00f3\u00adrica (con la simpat\u00eda y sensibilidad hacia las reali\u00addades de la fe y la experiencia cristiana, sin las que nada en la historia se comprende, especialmente en la historia religiosa) establece los hechos de las apariciones de la MM de manera seria y convin\u00adcente, con derechos id\u00e9nticos a los de los hechos hist\u00f3ricos que todos admiten\u00bb.<span id='easy-footnote-4-41796' class='easy-footnote-margin-adjust'><\/span><span class='easy-footnote'><a href='https:\/\/vincentians.com\/es\/espiritualidad-vicenciana-milagrosa\/#easy-footnote-bottom-4-41796' title='R. LAURENTIN, La Medalla Milagrosa: autenticidad, funci\u00f3n, sentido, actualidad, en e#1#bro Las apariciones de la Virgen Mar\u00eda a santa Catalina Labour\u00e9, o. c., p. 140.'><sup>4<\/sup><\/a><\/span> El \u00abNuevo Dic\u00adcionario de Mariolog\u00eda\u00bb <em>(o. c., <\/em>p. 188), hablando pre\u00adcisamente de las apariciones de la rue du Bac, di\u00adce: \u00abComo la vidente se neg\u00f3 a dar testimonio, las apariciones no fueron nunca reconocidas ofi\u00adcialmente, pero fueron t\u00e1cita y favorablemente aceptadas por las autoridades de la Iglesia. Gre\u00adgorio XVI y P\u00edo IX usaron la Medalla Milagrosa\u00bb.<\/p>\n<h2>III<\/h2>\n<p>Las apariciones se presentan como una ma\u00adnifestaci\u00f3n sensible de lo sobrenatural y respon\u00adden a la condici\u00f3n simb\u00f3lica del hombre y a la sacramentalidad de las religiones. El hombre, esp\u00ed\u00adritu realizado corporalmente, es el centro de co\u00admunicaci\u00f3n de dos mundos, el lugar donde la realidad invisible toma su figura visible m\u00e1s acu\u00adsada. Y las religiones acuden a la mediaci\u00f3n de lo simb\u00f3lico (signos, gestos, s\u00edmbolos) para que el creyente pueda contactar con lo trascendente desde su condici\u00f3n corporal.<\/p>\n<p>Esto, que es com\u00fan a todas las apariciones marianas, se manifiesta de manera especial en las apariciones de la MM, que es ante todo un con\u00adjunto de signos, que terminan grabados o escul\u00adpidos, y de los que por tanto no es posible dis\u00adtraerse. Por otra parte, las apariciones marianas, tambi\u00e9n las de la MM, se dirigen preferentemente al pueblo sencillo de Dios, a personas al estilo de la misma Virgen Mar\u00eda en su vida hist\u00f3rica real, o al estilo de los videntes, casi siempre ni\u00f1os o personas simples, m\u00e1s abiertas por consiguien\u00adte al lenguaje simb\u00f3lico y m\u00e1s necesitadas de \u00e9l que lo pudieran estar personas adultas racionali\u00adzantes.<\/p>\n<p>Lo cual no quiere decir que las apariciones no sean para los sabios. \u00abLas revelaciones privadas no se refieren s\u00f3lo a la vida espiritual de un par\u00adticular, sino, por privadas que sean, se dirigen por mediaci\u00f3n del beneficiario directo a la Iglesia o a una parte importante de la Iglesia: revelaciones privadas que presentan una devoci\u00f3n nueva, ex\u00adhortan a la penitencia, comunican ciertas ins\u00adtrucciones, ponen en guardia contra cierta doc\u00adtrina, recomiendan una ense\u00f1anza espiritual o un tipo de espiritualidad, etc.\u00bb (K. Rahner, <em>Les r\u00e9\u00adv\u00e9lations priv\u00e9es, <\/em>en <em>Rev. d&#8217;asc. et myst. <\/em>25 (1949), p. 506).<\/p>\n<p>Por eso las apariciones marianas se ubican como experiencias espirituales de tipo prof\u00e9tico: proclaman un mensaje de conversi\u00f3n del coraz\u00f3n a Dios, que aparece ilustrado y potenciado por un cuadro simb\u00f3lico al que los videntes dan suma im\u00adportancia. \u00abSon un llamado, dirigido al pueblo cris\u00adtiano, a las actitudes esenciales del evangelio. En ello est\u00e1 toda su <em>novedad. <\/em>Como en Cana, Mar\u00eda nos dice, por boca de sus mensajeros, al mos\u00adtrarnos a su Hijo y al hacer que dirijamos la mi\u00adrada al peque\u00f1o libro que contiene el esp\u00edritu de Cristo: Haced lo que El os diga\u00bb (Holstein H., en Du Manoir, <em>Marfa, <\/em>8 vol\u00famenes, Par\u00eds, Beau\u00adchesne, 1949-1971, volumen V, p. 768.). Son un auxilio materno de Mar\u00eda para el cumplimiento de la obra de su Hijo en un momento hist\u00f3rico par\u00adticular.<\/p>\n<p>El momento hist\u00f3rico particular de la MM lo esquematiza as\u00ed Ren\u00e9 Laurentin: \u00abEl \u00e9xito de la Medalla en el siglo XIX se explica en parte como reacci\u00f3n espont\u00e1nea a la triple ola de racionalis\u00admo: humanista del siglo XVII, filos\u00f3fico del siglo XVIII (siglo de las luces), Revoluci\u00f3n francesa al alborear el siglo XIX, cuando se instaura el culto a la diosa Raz\u00f3n. El pueblo cristiano, ayuno de sig\u00ad nos y s\u00edmbolos, sent\u00eda la necesidad de \u00e9stos. La Medalla fue una respuesta providencial a un pue\u00adblo que pod\u00eda parecer descristianizado, pero que conservaba la fe, con hambre y sed de signos\u00bb.<span id='easy-footnote-5-41796' class='easy-footnote-margin-adjust'><\/span><span class='easy-footnote'><a href='https:\/\/vincentians.com\/es\/espiritualidad-vicenciana-milagrosa\/#easy-footnote-bottom-5-41796' title='R. LAUREN FIN, La Medalla Milagrosa: autenticidad, funci\u00f3n, sentido, actualidad, en Apariciones\u2026 a. c., pp. 135- 136: cf J. 1VP ROMAN, Misi\u00f3n hist\u00f3rica de la Milagrosa, en Anales, Madrid, noviembre-diciembre 1973, pp. 585-599.'><sup>5<\/sup><\/a><\/span>\n<p>La MM acontece, efectivamente, en un am\u00adbiente de racionalismo, es decir, de proclamada prioridad de la raz\u00f3n humana, incluso sobre Dios, producto de las fuerzas superadas pero que a\u00fan persisten en el esp\u00edritu, si se puede llamar as\u00ed, de los ignorantes. Los ignorantes, para los autosufi\u00adcientes representantes de la raz\u00f3n, se identifican con el pueblo humilde que a\u00fan pisa las iglesias y reza sus oraciones. Pero este pueblo, retra\u00eddo an\u00adte el alarde de aquellos racionalismos de tres si\u00adglos, sale a la calle, de nuevo y gozosamente, con la MM, y se inicia un resurgimiento de eso que llamamos hoy religi\u00f3n del pueblo, religiosidad popular o piedad popular. De la piedad popular ha dicho Juan Pablo II: \u00abNo es necesariamente un sentimiento vago, carente de s\u00f3lida base doctri\u00adnal, como una forma inferior de manifestaci\u00f3n religiosa. Cu\u00e1ntas veces es, al contrario, como la expresi\u00f3n verdadera del alma de un pueblo, en cuanto tocada por la gracia y forjada por el en\u00adcuentro feliz entre la obra de la evangelizaci\u00f3n y la cultura local\u2026 As\u00ed, guiada y sostenida y, si es el caso, purificada por la acci\u00f3n constante de los pastores, y ejercida diariamente en la vida del pueblo, la piedad popular es de veras la piedad de los pobres y sencillos\u2026 Esta piedad popular es indisolublemente mariana. En ella, Mar\u00eda sant\u00edsi\u00adma ocupa el mismo lugar preeminente que ocu\u00adpa en la totalidad de la fe cristiana\u00bb <em>(Mar\u00eda y la pie\u00addad popular, <\/em>Homil\u00eda en el Santuario de Zapopan, Guadalajara, M\u00e9xico, 30 enero 1979.)<\/p>\n<h2>IV<\/h2>\n<p>La devoci\u00f3n a la MM no es, desde luego, \u00abun sentimiento vago, carente de s\u00f3lida base doctri\u00adnal\u00bb. Si algo tiene esta Medalla es s\u00f3lida doctri\u00adna mariana, si bien expresada por medio de una admirable constelaci\u00f3n de signos. Evidentemen\u00adte, una medalla no puede ser un tratado dogm\u00e1\u00adtico a modo de exposici\u00f3n magisterial, sino que s\u00f3lo procede por evocaci\u00f3n. Esta evocaci\u00f3n, sin embargo, pone m\u00e1s al alcance del pueblo las ver\u00addades marianas y las pone con su nimbo no s\u00f3\u00adlo de verdad sino de poes\u00eda. Aparentemente, la MM se reduce a un conjunto ingenioso de trazos escuetos, como concentrando en dibujos infan\u00adtiles unos cuantos pasajes b\u00edblicos. Pero como en los dibujos escolares, cuando cordialmente se la contempla, brotan enseguida el misterio, la profundidad y el encanto que aureolan a la Madre de Cristo y de los cristianos y que tanto se echan de menos en las exposiciones dogm\u00e1ticas o magis\u00adteriales. El pueblo lee mejor y aprende m\u00e1s en la Medalla que en los libros.<\/p>\n<p>1. Los signos de la MM se resumen as\u00ed en el libro \u00abLa Medalla Milagrosa: doctrina y cele\u00adbraci\u00f3n\u00bb:<span id='easy-footnote-6-41796' class='easy-footnote-margin-adjust'><\/span><span class='easy-footnote'><a href='https:\/\/vincentians.com\/es\/espiritualidad-vicenciana-milagrosa\/#easy-footnote-bottom-6-41796' title='V. DE Dios, La Medalla Milagrosa: doctrina y cele\u00adbraci\u00f3n, CEME, Salamanca, 1986, pp. 55-57; E. CID, La Me\u00addalla Milagrosa, expresi\u00f3n gr\u00e1fica de la mariologla, en el libro Las Apariciones de la Virgen Mar\u00eda a santa Catalina La\u00adbour\u00e9, o, c., pp. 161-189.'><sup>6<\/sup><\/a><\/span>\n<p><em>En el anverso: <\/em>Medio globo terrestre sobre el que la figura de Mar\u00eda apoya los pies. \/ Debajo de los pies, una serpiente verdosa con pintas amari\u00adllas. \/ En las manos, haces de luz que tienden ha\u00adcia la tierra. \/ Alrededor, la inscripci\u00f3n \u00abOh Mar\u00eda, sin pecado concebida, ruega por nosotros que re\u00adcurrimos a ti\u00bb. \/ No figura en la Medalla, pero es necesario tenerlo en cuenta para su cabal com\u00adprensi\u00f3n, el momento de la aparici\u00f3n en que la Vir\u00adgen se presenta a la vidente con un globo en las manos coronado por una peque\u00f1a cruz dorada.<\/p>\n<p><em>En el reverso: <\/em>La Cruz entrelazada con la le\u00adtra M. \/ El coraz\u00f3n de Jes\u00fas coronado de espinas y con llamas en la parte superior y, a su lado, el coraz\u00f3n de Mar\u00eda atravesado por una espada y tambi\u00e9n en llamas en la parte superior. \/ Alrede\u00addor, envolviendo los s\u00edmbolos anteriores, las do\u00adce estrellas.<\/p>\n<p>De todos estos s\u00edmbolos podemos formar tres grupos:<\/p>\n<p><em>S\u00edmbolos inmediatamente b\u00edblicos: <\/em>Los dos corazones de Jes\u00fas y de Mar\u00eda en cuanto expre\u00adsan la profec\u00eda del anciano Sime\u00f3n: \u00abY una espada atravesar\u00e1 tu alma\u00bb (Lc 2, 351 y que aluden tam\u00adbi\u00e9n a la presencia de Mar\u00eda en el Calvario. \/ Pre\u00adsencia expresada asimismo y sobre todo por la uni\u00f3n de la letra M y la Cruz. \/ Las estrellas re\u00adcuerdan claramente el texto del Apocalipsis: \u00abY en su cabeza una corona de doce estrellas\u00bb (12, 1). \/ El color del vestido y la belleza de la imagen alu\u00adden al mismo vers\u00edculo: \u00abUna mujer vestida de sol\u00bb. \/ La serpiente a los pies de Mar\u00eda traduce el Protoevangelio: \u00abPondr\u00e9 enemistades entre ti y la mujer, entre tu descendencia y la suya, y ha\u00adbr\u00e1 en su descendencia quien quebrante tu ca\u00adbeza\u00bb (Gn 3, 15).<\/p>\n<p><em>S\u00edmbolos remotamente b\u00edblicos: <\/em>La Cruz y la letra M, en cuanto nace la primera de la segunda, podr\u00eda considerarse como una estilizaci\u00f3n de la infancia de Jes\u00fas, particularmente del cap\u00edtulo pri\u00admero de Lucas. \/ Tambi\u00e9n aluden sin duda, como hemos dicho, a \u00abMar\u00eda al pie de la Cruz\u00bb (Jn 19, 25), s\u00edmbolo en este caso inmediatamente b\u00edblico.<\/p>\n<p><em>S\u00edmbolos naturales, <\/em>que expresan en el or\u00adden sobrenatural lo que de suyo significan: Los rayos de luz en las manos, \/ los globos, \/ la actitud orante (Virgen del Globo), \/ la actitud de dis\u00adtribuir (Virgen de los Rayos).<\/p>\n<p>Se trata de signos sencillos, que casi con s\u00f3\u00adlo verlos se comprenden, aparte de que la mis\u00adma Virgen se los explic\u00f3 a la vidente. Jean Guit\u00adtan lleg\u00f3 a escribir que la MM es un s\u00edmbolo de todo, un concentrado de lo m\u00e1ximo en el m\u00ednimo, una miniatura que junta en un todo la mariolog\u00eda, un micro-apocalipsis en el sentido de una imagen o una alegor\u00eda del pensamiento global de la Igle\u00adsia acerca de la Madre de Cristo (J. Guitton, <em>La superstici\u00f3n, superada, <\/em>CEME, Salamanca, 1973, pp. 82-86). Es un modo imaginativo de escribir, un modo que el pueblo sencillo suscribir\u00eda si su\u00adpiera escribir como Jean Guitton supiera.<\/p>\n<p>2. Hay dos modos fundamentales de reflexi\u00f3n sobre el contenido doctrinal de la MM: Uno con\u00adsistente en <em>partir de la Medalla <\/em>y estudiar el sig\u00adnificado de cada uno de sus s\u00edmbolos: vgr. la Vir\u00adgen con el globo en las manos, la Virgen con las manos extendidas, los dos corazones unidos, las doce estrellas, la cruz y la letra M, etc. Y el otro consistente en <em>partir de lo que la Biblia y la Igle\u00adsia dicen de Mar\u00eda <\/em>y ver c\u00f3mo eso que dicen est\u00e1 contenido y significado en la MM: vgr. el protoevangelio, el pasaje del cap\u00edtulo 12 del Apo\u00adcalipsis, la profec\u00eda de Sime\u00f3n, Mar\u00eda al pie de la cruz, etc. (Se puede tomar como punto de parti\u00adda lo que la Constituci\u00f3n sobre la Iglesia -LG 55 a 59, dice de Mar\u00eda en la Biblia y verlo en la MM). Cualquiera que sea el m\u00e9todo que escojamos, el resultado es sorprendentemente positivo: puede afirmarse que no hay lugar b\u00edblico mariano que no est\u00e9 incorporado a la Medalla expl\u00edcita o impl\u00edci\u00adtamente, y que no hay ense\u00f1anza de la Iglesia so\u00adbre Mar\u00eda que no pueda asimismo encontrarse en\u00adcerrada en la MM. Por eso se ha llamado a la MM una Biblia ilustrada, la Biblia de los pobres, el Evangelio de Mar\u00eda.<\/p>\n<p>Un resumen del contenido doctrinal de la MM puede ser el siguiente:<\/p>\n<p><em>El anverso <\/em>expresa, sobre todo, <em>el papel de Mar\u00eda en el conjunto de la historia de la salva\u00adci\u00f3n, <\/em>su papel sobre todo al principio y al fin, G\u00e9\u00adnesis y Apocalipsis. Contemplamos el protoe\u00advangelio, la serpiente hollada por los pies de la Vir\u00adgen. La victoria sobre la serpiente ser\u00e1 obra des\u00adde luego del Hijo. Pero tambi\u00e9n la Madre entra en esa victoria (nota de la Biblia de Jerusal\u00e9n a Gn 3, 15). Y contemplamos el pasaje mariol\u00f3gico de Apocalipsis 12, que, al referirse en primer lu\u00adgar al pueblo de Dios, inserta a Mar\u00eda en el ser y en la suerte de la Iglesia: Mar\u00eda, \u00abMadre-mode\u00adlo-miembro\u00bb de la Iglesia (LG 53) Las doce es\u00adtrellas, s\u00edmbolo de Israel y de la Iglesia (nota de la Biblia de Jerusal\u00e9n a Ap 12, 1), pertenecen al anverso de la Medalla, aunque el orfebre de la mis\u00adma las trasladara al reverso.<\/p>\n<p><em>El reverso expresa, sobre todo, el papel de Mar\u00eda en el conjunto de la vida y obra de Jesucristo, su Hijo y Maestro, <\/em>su papel sobre todo al principio y al fin, pues la Cruz y la letra M lo mis\u00admo evocan Bel\u00e9n que el Calvario; pero tambi\u00e9n en medio, durante toda la vida, como lo dicen los dos corazones unidos. Unidos e identificados por los s\u00edmbolos del amor (llamas) y del dolor (espi\u00adnas y espada), que son las dos realidades que m\u00e1s unen en la vida: \u00abLa uni\u00f3n de la Madre con el Hijo se manifiesta desde el momento de la concepci\u00f3n virginal de Cristo hasta la muerte\u2026\u00bb (LG 57).<\/p>\n<p>Pero hay mucho m\u00e1s:<\/p>\n<p><em>En el anverso, <\/em>adem\u00e1s del G\u00e9nesis y el Apo\u00adcalipsis, podemos adivinar a Mar\u00eda en su Visitaci\u00f3n (pues nos visita con su Medalla), atendi\u00e9ndonos como a Isabel y proclamando el Magnificat de la predilecci\u00f3n de Dios por los humildes del mun\u00addo, que ella tiene en sus manos (Virgen del Glo\u00adbo) o a sus pies (Virgen de los Rayos). Y pode\u00admos descubrirla con naturalidad en la boda de Can\u00e1, intercediendo ante las carencias humanas necesitadas del vino abundante de los bienes del Se\u00f1or. Todo como un resumen de su activi\u00addad de criatura glorificada la primera despu\u00e9s de Cristo.<\/p>\n<p><em>En el reverso, <\/em>cerca de Bel\u00e9n, donde el ni\u00f1o nace de la madre como la cruz de la letra M, pre\u00adsenciamos la profec\u00eda del anciano Sime\u00f3n sobre la espada dolorosa, que no s\u00f3lo presagia el dolor de la Madre cuando vea morir a su Hijo tan in\u00adjustamente, sino que nos hace entrever el dolor de la Creyente que tiene que remontar cada d\u00eda los problemas de la fe (Lc 2, 35). Y en la cima del Calvario, asistimos a la entrega de su Madre que nos hace Cristo exaltado en la cruz para que sea tambi\u00e9n Madre nuestra (Jn 19, 27). Todo como un resumen de la vida terrena de Jes\u00fas y de Mar\u00eda desde el principio hasta el fin.<\/p>\n<p>Si atendemos a la mariolog\u00eda de los privilegios (que debe ser tambi\u00e9n mariolog\u00eda de la misi\u00f3n-servicio), vemos en el anverso la inmaculada concepci\u00f3n de Mar\u00eda, su intercesi\u00f3n, su realeza. Y vemos en el reverso su maternidad divina, su \u00edntima uni\u00f3n con el Hijo, su cooperaci\u00f3n a la re\u00addenci\u00f3n, su maternidad espiritual, su calidad de miembro-madre-modelo de la Iglesia, su asunci\u00f3n (pues la asunci\u00f3n es la proclamaci\u00f3n del triunfo to\u00adtal de Mar\u00eda sobre el pecado y la muerte, bien ex\u00adpresado en la MM).<\/p>\n<p>No es exagerado, por tanto, decir que la MM es un condensado en s\u00edmbolos de toda la mario\u00adlog\u00eda. (Cf A. FEUILLET, La doctrina mariana del Nuevo Tes\u00adtamento y la Medalla Milagrosa, en Las Apariciones\u2026 o. c. pp. l91-232; V. DE Dios, 0. C., pp. 73-144; R. R\u00c1BANOS, Origi\u00adnalidad de la Medalla Milagrosa, en la revista La Milagro\u00adsa, Madrid, 1955; J. DELGADO, Mariolog\u00eda en s\u00edmbolos, Ed. La Milagrosa, Madrid, 1965, y Mensaje de Rue do Bac, Ed. La Milagrosa, Madrid, 1968.[\/note]\n<h2>V<\/h2>\n<p>Muchos institutos religiosos y sociedades de vida apost\u00f3lica tienen como herencia de espiri\u00adtualidad y apostolado la devoci\u00f3n a la Virgen Ma\u00adr\u00eda bajo una advocaci\u00f3n propia, nacida en muchas ocasiones del hecho hist\u00f3rico de una aparici\u00f3n ma\u00adriana a uno de sus miembros. Las apariciones de la Virgen y Medalla Milagrosa a Catalina Labour\u00e9 se dirigen, por medio de la vidente, no s\u00f3lo a la Iglesia en general, sino a las Hijas de la Caridad y a la Congregaci\u00f3n de la Misi\u00f3n en particular, so\u00adciedades fundadas ambas por san Vicente de Pa\u00ad\u00fal. Y no s\u00f3lo porque la vidente era seminarista de las Hijas de la Caridad, sino porque buena parte de la primera aparici\u00f3n (la de la noche del 18 al 19 de julio) se ocup\u00f3 de la conducta y suerte de la doble familia vicenciana, y porque a la influen\u00adcia de la MM se atribuye el impresionante resur\u00adgimiento de la misma despu\u00e9s de la revoluci\u00f3n francesa.<span id='easy-footnote-7-41796' class='easy-footnote-margin-adjust'><\/span><span class='easy-footnote'><a href='https:\/\/vincentians.com\/es\/espiritualidad-vicenciana-milagrosa\/#easy-footnote-bottom-7-41796' title='Ph. ROCHE, influencia de la Medalla Milagrosa en la familia vicenciana, en Las Apariciones\u2026, o. c., pp. 275-315; cf tambi\u00e9n El movimiento milagrosista, en Anales, Madrid, octubre de 1985, pp. 681-704.'><sup>7<\/sup><\/a><\/span>\n<p>1. En este contexto se explica perfectamen\u00adte el reto lanzado por el P. Andr\u00e9 Dodin, C.M., de releer el mensaje de la MM a la luz de la mario\u00adlog\u00eda de san Vicente de Pa\u00fal.<span id='easy-footnote-8-41796' class='easy-footnote-margin-adjust'><\/span><span class='easy-footnote'><a href='https:\/\/vincentians.com\/es\/espiritualidad-vicenciana-milagrosa\/#easy-footnote-bottom-8-41796' title='A. DODIN, El culto a Mar\u00eda y la experiencia religiosa de san Vicente de Pa\u00fal, en Anales, Madrid, mayo de 1975; cf. J. P. RENOUARD, Sentido mariano en la experiencia es\u00adpiritual de san Vicente, en Las Apariciones\u2026, o. c., pp. 11-25; A. ORCAJO, El seguimiento de Jes\u00fas seg\u00fan san Vicente de Pa\u00fal, cap. y: Mar\u00eda la Madre de Jes\u00fas, Caracas, 1988, 1:4). 91- 103; B. Mart\u00ednez, La Virgen Mar\u00eda en Luisa de Marillac, en Anales, Madrid, mayo 1981, pp. 267-276.'><sup>8<\/sup><\/a><\/span>\n<p>Aparentemente, hablar de mariolog\u00eda vicen\u00adciana no tiene gran punto de apoyo, pues Vicen\u00adte de Pa\u00fal no destaca a primera vista en devoci\u00f3n ni doctrina marianas, lo cual resulta a\u00fan m\u00e1s ex\u00adtra\u00f1o si se tiene en cuenta que en su tiempo se daba una enorme inflaci\u00f3n de devoci\u00f3n <em>oficial a <\/em>la Virgen (reyes y ministros, te\u00f3logos e institu\u00adciones), lo mismo que de devoci\u00f3n <em>popular, <\/em>exa\u00adcerbada \u00e9sta por la reacci\u00f3n contra el protestan\u00adtismo, que negaba el papel mediador de Mar\u00eda y tachaba a los cat\u00f3licos de mari\u00f3latras.<\/p>\n<p>Quiz\u00e1 podamos encontrar en esta desmesu\u00adra, si pensamos en el estilo vital de Vicente de Pa\u00fal, la ra\u00edz de su propio modo de enfocar la re\u00adlaci\u00f3n cristiana con la Virgen Mar\u00eda. Era un hom\u00adbre para quien lo ruidoso y exhibicionista s\u00f3lo estorbaba la verdadera eficacia, lo afectivo s\u00f3lo val\u00eda en la medida de su efectividad y lo que no incid\u00eda directamente en la evangelizaci\u00f3n de los pobres quedaba fuera de su mundo de inter\u00e9s. <em>\u00abTrabajemos humilde y respetuosamente. Si no, Dios no bendecir\u00e1 nuestro trabajo, alejaremos a los pobres de nosotros\u2026 Hagamos lo que hagamos, nunca creer\u00e1n en nosotros si no mostra\u00admos amor y compasi\u00f3n hacia los que queremos que crean en nosotros\u2026 Si obran ustedes as\u00ed, Dios bendecir\u00e1 sus trabajos; si no, no har\u00e1n m\u00e1s que ruido y fanfarrias, pero poco fruto<\/em>\u00bb (I, 320)<\/p>\n<p>La mariolog\u00eda de san Vicente no es maxima\u00adlista. Dodin va demostrando que al santo no le gustan las recetas y pr\u00e1cticas f\u00e1ciles de devoci\u00f3n, como tampoco la exteriorizaci\u00f3n exagerada ni las manifestaciones excesivamente ruidosas de la religi\u00f3n popular; que, por el contrario, le gus\u00adta la Virgen sencilla y pobre, la del silencio, mo\u00addestia y oraci\u00f3n, la Virgen de las \u00abvirtudes s\u00f3li\u00addas\u00bb, la que <em>\u00abhabla por aquellos que no tienen lengua y no pueden hablar\u00bb <\/em>(IX, 733).<\/p>\n<p>Estas cautelas de Vicente de Pa\u00fal (nos dice Dodin en el p\u00e1rrafo m\u00e1s importante de su estu\u00addio) \u00able permiten mantener serenamente su mi\u00adrada sobre lo que \u00e9l juzga esencial en la vida y misterios de la Virgen. Tambi\u00e9n nos permiten a nosotros constatar que la devoci\u00f3n a la Virgen no es una pieza accesoria y sobrea\u00f1adida al culto de\u00adbido a la Sant\u00edsima Trinidad y al Verbo encarna\u00addo (cf. Reglas Comunes C.M., X, 2-4). Es una ac\u00adtitud b\u00e1sica, fundamental, de todo su ser. Forma parte, la m\u00e1s \u00edntima, de su religi\u00f3n; armoniza y vivifica enteramente su experiencia religiosa. Tres privilegios, <em>tres misterios de Mar\u00eda <\/em>se le hacen presentes constantemente en su meditaci\u00f3n: la Inmaculada Concepci\u00f3n, la Anunciaci\u00f3n y la Vi\u00adsitaci\u00f3n. Estos tres misterios ser\u00e1n el punto de apoyo, la letra y el esp\u00edritu de tres actitudes que caracterizan su caminar hacia Cristo y su vida en Dios\u00bb.<\/p>\n<p>Lo admirable es que la elecci\u00f3n de estos tres misterios, la predilecci\u00f3n que el santo muestra por ellos, constituyen una de las pruebas m\u00e1s fuer\u00adtes de su unidad de pensamiento y de vida, tan caracter\u00edsticas suyas. No son tres devociones que se queden en devociones, que se queden en s\u00ed mismas; resultan ser las actitudes necesarias pa\u00adra la evangelizaci\u00f3n de los pobres contempladas en el alma de la Virgen Mar\u00eda, la primera y mejor de todos los cristianos. El ser misionero de san Vicente se revela en sus elecciones piadosas. No tiene una piedad desconectada. Le nace de \u00absu fe y su experiencia\u00bb, de su vida, convicciones y acci\u00f3n. Le nace de ah\u00ed y lo potencia todo.<\/p>\n<p>2. \u00bfCu\u00e1les son esas actitudes misioneras? El \u00abd\u00e1rsenos Dios\u00bb o la Inmaculada Concepci\u00f3n, el \u00abdarnos nosotros a Dios\u00bb o la Anunciaci\u00f3n, y el \u00abdarnos a los pobres\u00bb (darles a Dios y a no\u00adsotros) o la Visitaci\u00f3n.<\/p>\n<p>La Inmaculada Concepci\u00f3n o el \u00abd\u00e1rsenos Dios\u00bb. Sin Dios no podemos nada. Pero para que Dios se nos comunique hacen falta unas dispo\u00adsiciones, aunque tambi\u00e9n \u00e9stas se las debamos a Dios. Si Dios se comunica a Mar\u00eda y la elige pa\u00adra Madre suya, es porque esas disposiciones exis\u00adt\u00edan en ella en forma de pureza y humildad. <em>\u00abDios no tolera el vac\u00edo\u00bb, <\/em>dec\u00eda san Vicente. Podemos aplicarlo al vac\u00edo de nosotros mismos creado por esas virtudes: la humildad o el sentirse nada en presencia de Dios para ser llenado por \u00e9l, con lo cual se podr\u00e1n hacer maravillas; y la pureza o la luz-resplandor-belleza espiritual que atrae la mirada amorosa de Dios: \u00abhas hallado gracia a mis ojos\u00bb\u2026 (San Vicente lo aplicaba tambi\u00e9n a la comuni\u00f3n: prepararnos con humildad y pureza para que Dios nos halle agraciados y pueda agraciarnos m\u00e1s).<\/p>\n<p>La Anunciaci\u00f3n o el \u00abdarnos a Dios\u00bb. Es el mo\u00advimiento rec\u00edproco al anterior: Dios se nos da, nosotros nos damos a \u00e9l. Como Mar\u00eda: \u00abHe aqu\u00ed la esclava del Se\u00f1or\u00bb. Darnos a \u00e9l en s\u00ed mismo y en quienes m\u00e1s lo representan, que son los po\u00adbres. Tambi\u00e9n aqu\u00ed \u00abla fe y la experiencia\u00bb de Vi\u00adcente: aquel momento de su vida en que vence su crisis de fe \u00abentreg\u00e1ndose totalmente de por vida al servicio de los pobres por amor a Jesu\u00adcristo\u00bb, el momento de su conversi\u00f3n, de su \u00abfiat\u00bb, de su vuelta definitiva a Dios: <em>\u00abD\u00e9monos a Dios para realizar su obra\u00bb. <\/em><\/p>\n<p>La Visitaci\u00f3n o el \u00abdarnos a los dem\u00e1s\u00bb. No hizo otra cosa la Virgen Mar\u00eda. Todo termina aqu\u00ed: la Inmaculada y la Anunciaci\u00f3n son para la Visi\u00adtaci\u00f3n. No hizo otra cosa san Vicente y no para otra cosa fund\u00f3 sus instituciones: Congregaci\u00f3n de la Misi\u00f3n, Hijas de la Caridad, Damas de la Caridad. Lo mismo que Jesucristo. Se unen Dios y el pr\u00f3jimo, la oraci\u00f3n y la entrega, la contem\u00adplaci\u00f3n y la acci\u00f3n, la filiaci\u00f3n y la fraternidad. Es el ideal de la espiritualidad y de toda la vida cris\u00adtiana.<\/p>\n<p>3. \u00bfEs necesario o conveniente hacer esta re-lectura del mensaje de la Milagrosa a la luz de la mariolog\u00eda vicenciana, tal como la hemos resumi\u00addo? Seguramente s\u00ed. La aparici\u00f3n de Mar\u00eda en me\u00addio de la familia vicenciana ha de estar en conso\u00adnancia con la mente del fundador y los fines que le propuso. Dodin cree descubrir \u00abuna disconti\u00adnuidad hist\u00f3rica, una diferencia de naturaleza, una diversidad de estilo\u00bb entre la piedad mariana de san Vicente y la que de hecho se vivi\u00f3 en gran me\u00addida a partir de las apariciones de la MM. Mar\u00eda es siempre la misma, lo mismo que su Hijo Jes\u00fas, y sus actitudes fundamentales no pueden ser otras que las reveladas en los tres misterios dichos. Pero nuestra captaci\u00f3n de la figura y de los inte\u00adreses de Jesucristo y de su Madre puede variar seg\u00fan \u00e9pocas, circunstancias e im\u00e1genes de la Iglesia. Quiz\u00e1 la devoci\u00f3n a la Milagrosa, tal como en ocasiones se ha realizado y comparada con la devoci\u00f3n de san Vicente a la Virgen, sea m\u00e1s ex\u00adtensa y menos profunda, m\u00e1s clamorosa y menos comprometida, m\u00e1s de proclamaci\u00f3n que de ac\u00adci\u00f3n, m\u00e1s de privilegios que de misi\u00f3n y caridad. Por eso haremos bien si la piedad mariana del fundador, sobria, pero s\u00f3lida, profunda, cristiana y misionera, nos sirve para interpretar el mensa\u00adje de la MM y darle pleno sentido.<\/p>\n<p>4. \u00bfC\u00f3mo llevar a cabo esta obra? Dodin nos da tres pistas, apoyadas en tres inspiraciones \u00abvi\u00adcenciano-marianas\u00bb:<\/p>\n<p>La primera, mantener siempre <em>la uni\u00f3n entre Cristo y Mar\u00eda: <\/em>no excluir jam\u00e1s a Mar\u00eda para sal\u00advar la trascendencia del Hijo, y jam\u00e1s olvidar al Hi\u00adjo para honrar a la Madre. Tanto m\u00e1s cuanto que el reverso de la Medalla, de manera especial, ex\u00adpresa con toda intensidad esa uni\u00f3n. Dec\u00eda san Vicente de los pobres que, para ver en ellos a Je\u00adsucristo, hab\u00eda que \u00abdar vuelta a la medalla\u00bb; lo mismo le dijo la Virgen a Catalina: que hab\u00eda que dar vuelta a la Medalla, pues \u00abla cruz y la M di\u00adcen bastante\u00bb. Y \u00abde hecho -dice Dodin- es la uni\u00f3n de Cristo y su Madre, la gracia y sus inter\u00admediarios, lo que est\u00e1 all\u00ed grabado, humilde y de\u00adfinitivamente\u00bb.<\/p>\n<p>La segunda, unir la vida de piedad con los misterios de la fe, especialmente con esos mis\u00adterios de la Inmaculada, Anunciaci\u00f3n y Visitaci\u00f3n. As\u00ed la piedad mariana tendr\u00e1 profundidad y sen\u00adtido y no se desviar\u00e1 por caminos de s\u00f3lo imagi\u00adnaci\u00f3n y sentimentalismo, mucho menos de superstici\u00f3n. Unirla tambi\u00e9n a la vida real de la Virgen y de su mensajera Catalina Labour\u00e9, que permanecen silenciosas, orantes, humildes servidoras de los pobres.<\/p>\n<p>La tercera, unir la devoci\u00f3n ma\u00f1ana con la vida caritativa y <em>misionera, <\/em>es decir, con la evangelizaci\u00f3n plena de los pobres. Y dar a toda actividad la referencia al esp\u00edritu, oraci\u00f3n y entrega de la Virgen Mar\u00eda. Recordando siempre que la MM es \u00abun catecismo condensado, el catecis\u00admo de los peque\u00f1os, de los humildes y de los pobres\u00bb.<\/p>\n<h2>VI<\/h2>\n<p>La riqueza de la MM no se agota con lo ante\u00adriormente escrito. Siempre se puede encontrar agua nueva en su manantial. Cada generaci\u00f3n que la ha llevado devotamente, se ha sentido anima\u00adda en su fe y su fervor. Es la acci\u00f3n del Esp\u00edritu Santo, que sigue fecundando los grandes y tam\u00adbi\u00e9n los peque\u00f1os veneros de la vida cristiana.<\/p>\n<p>1. Tenemos que a\u00f1adir a lo dicho un aspec\u00adto primario de la MM al que a\u00fan no hemos alu\u00addido: que la MM es un <em>instrumento de oraci\u00f3n para el pueblo de Dios, especialmente para el pueblo sencillo y pobre. <\/em>Se ha dicho de sus apa\u00adriciones que son el encuentro de una mujer oran\u00adte con una joven orante en una capilla de oraci\u00f3n. En este mundo de oraci\u00f3n, resaltan de modo pe\u00adculiar la Cruz, la Eucarist\u00eda y el Rosario, tres di\u00admensiones fundamentales de la oraci\u00f3n cristiana (V. De Dios, C.M., <em>La Milagrosa, <\/em>M\u00e9xico, 1980, pp. 107ss.). La jaculatoria de la Medalla &#8211;\u00abOh Mar\u00eda, sin pecado concebida, ruega por nosotros que recurrimos a ti\u00bb\u2014 es el signo m\u00e1s indicati\u00ad yo. Sirvi\u00f3 para preparar en la Iglesia la definici\u00f3n dogm\u00e1tica de la Inmaculada Concepci\u00f3n, ocurri\u00adda veinticuatro a\u00f1os despu\u00e9s de las apariciones, pero es v\u00e1lida para todo tiempo, pues denuncia el materialismo de la vida y la erotizaci\u00f3n del mun\u00addo. La fiesta y oficio lit\u00fargicos de la Virgen Mila\u00adgrosa se denominan oficialmente \u00abSanta Mar\u00eda Virgen Inmaculada de la Sagrada Medalla\u00bb. Una oraci\u00f3n cl\u00e1sica ya en muchas partes, inspirada por la MM, es la oraci\u00f3n comunitaria peri\u00f3dica llamada \u00abNovena Perpetua\u00bb. De hecho la MM es milagrosa porque es una medalla de oraci\u00f3n.<\/p>\n<p>Oraci\u00f3n para todos, pero especialmente para el pueblo sencillo y pobre. La Virgen se aparece a una muchacha de pueblo, a una campesina sin brillo alguno en lo humano: ni bella, ni ilustrada, ni sobresaliente, aunque con todos los valores morales del pueblo sencillo. Y entrega una \u00abme\u00addalla\u00bb, esto es, un signo irracional y casi irrisorio para los sabios y entendidos seg\u00fan los criterios del mundo, pero no para los humildes, a quienes Dios revela con preferencia su misterio (cf. Mt 13, 11-13\u00ed. De hecho la MM le ha servido a toda la familia vicenciana de instrumento eficac\u00edsimo para l\u00e1 evangelizaci\u00f3n en cuerpo y alma de los po\u00adbres, que es su raz\u00f3n de ser y su fin. Alguien ha dicho que las apariciones de la MM han sido de alg\u00fan modo la consecuencia de la devoci\u00f3n ma\u00adriana de los dos fundadores, Vicente de Pa\u00fal y Lui\u00adsa de Marillac. No es cosa que se pueda saber de cierto, pero hay derecho a suponer si no una consecuencia, si al menos una consonancia o co\u00adherencia.<\/p>\n<p>2. Por \u00faltimo, es imprescindible referirnos <em>a la familia de la MM. <\/em>Un d\u00eda le dijo la vidente a su director y confesor, el P. Aladel: \u00abLa Sant\u00edsima Virgen quiere que usted comience una Asociaci\u00f3n de la que ser\u00e1 fundador y director, una Asociaci\u00f3n de J\u00f3venes de Maria. La Sant\u00edsima Virgen le con\u00adceder\u00e1 muchas gracias\u2026\u00bb De aqu\u00ed naci\u00f3 la Aso\u00adciaci\u00f3n de <em>Hijos e Hijas de Mar\u00eda, <\/em>cuyo primer grupo se fund\u00f3 en un obrador o taller de alum\u00adnas de las Hijas de la Caridad en la parroquia de San Pedro du-Gros-Caillou (Par\u00eds) el 8 de sep\u00adtiembre de 1837. Hoy d\u00eda, por adaptaci\u00f3n inevi\u00adtable, los Hijos e Hijas de Mar\u00eda se denominan en la mayor parte del mundo Juventudes Marianas Vicencianas y est\u00e1n adquiriendo desarrollo y fuer\u00adza notables, a veces espectaculares.<\/p>\n<p>Posteriormente han surgido otras asociaciones en las que el culto y devoci\u00f3n a la Virgen de la MM es central, como la Asociaci\u00f3n de la Inma\u00adculada Concepci\u00f3n de la Sagrada Medalla, cuyo ministerio predilecto es la Visita Domiciliaria, la Mi\u00adlicia de Mar\u00eda Inmaculada fundada por san Maxi\u00admiliano Kolbe, la Legi\u00f3n de Mar\u00eda fundada por Frank Duffr etc. (cf. J. TABOADA, C.M., <em>La Meda\u00adlla Milagrosa, doctrina y devoci\u00f3n, <\/em>Madrid, 1984, pp. 22-23).<\/p>\n<p>Millones de personas invocan a Dios en el mundo vali\u00e9ndose de la MM. Podemos afirmar que la MM es un regalo de Dios al mundo por medio de la Madre de Dios. Un regalo para la oraci\u00f3n, el conocimiento, la esperanza, la supe\u00adraci\u00f3n, el compromiso, el amor. Un regalo para to\u00addos, especialmente para los pobres de que habla el Evangelio.<\/p>\n<h2>Bibliograf\u00eda<\/h2>\n<p>Adem\u00e1s de la contenida en las Notas, ver:<\/p>\n<p>Jean-Marie ALADEL, C.M., Notice historique sur (&#8216;origine et les effets d&#8217;une nouvelle Medaille en l&#8217;honneur de l&#8217;lmmacul\u00e9e Conception de las tres Sainte Vierge Marie, generalement connue sous le nom de la M\u00e9daille miracu\u00adleuse, 1<sup>4<\/sup>. edici\u00f3n en Par\u00eds el 20 de agosto de 1934; traducciones al espa\u00f1ol hechas y pu\u00adblicadas en Par\u00eds, Barcelona y Valencia; Jules CHEVALIER, C.M., La M\u00e9daille Miraculeuse. Ori\u00adgine, Histoire, Diffusion, Resultats, la. edici\u00f3n en Par\u00eds en 1878; traducido y publicado en Madrid, a\u00f1os 1885, 1895, 1906; Edmond CRA\u00adPEZ, C.M., La Venerable Catherine Labour\u00e9, 1<sup>1<\/sup>. edici\u00f3n en Par\u00eds en 1910; traducido al es\u00adpa\u00f1ol de la tercera edici\u00f3n y publicado en Bar\u00adcelona; Lucien MISERMONT, C.M., Soeur Cat\u00adherine Labour\u00e9 et la M\u00e9daille Miraculeuse y L&#8217;ame de la Bienhereuse Catherine Labour\u00e9 et quelques circonstancos moins connues des Aparitions de la M\u00e9daille Miraculeuse, publi\u00adcados en Par\u00eds los a\u00f1os 1931 y 1933 respec\u00adtivamente; Ren\u00e9 LAURENT\u00edN, Catherine Labou\u00adr\u00e9 et la M\u00e9daille Miraculeuse: I. Documents authentiques (1830-1876), II. Proces de Cat\u00adherine (1877-1900), Par\u00eds, Lethielleux, 1976 y 1979, 400 y 388 p\u00e1ginas respectivamente; Ren\u00e9 LAURENTIN, Vie authentique de Catheri\u00adne Labour\u00e9, 1. R\u00e9cit, II, Preuves, Par\u00eds, Des\u00adcl\u00e9e de Brouwer, 1980, 667 y 408 p\u00e1ginas respectivamente (traducci\u00f3n abreviada al es\u00adpa\u00f1ol por Alfonso Ortiz y Alberto L\u00f3pez, Vida de Catalina Labour\u00e9, CEME, Salamanca, 1984, 255 p\u00e1g); Italo ZEDDE, C.M., La Medalla de la Madre, CEME, Salamanca, 1979, 66 p\u00e1ginas; J. EYLER, C.M., L&#8217;Immacul\u00e9e et sa M\u00e9daille\u00bb, Par\u00eds, 1968, 48 p\u00e1ginas (traducida al espa\u00f1ol por Horacio S. Palacios, C.M., Luj\u00e1n, Buenos Aires, 1975; Eliseo ViLLAFRUELA, C.M., Devo\u00adcionario de la Medalla Milagrosa, Caracas, 1986, 98 p\u00e1ginas; Luigi CHIEROffl, Le Apari\u00adzioni della Medaglia Miracolosa, 4<sup>4<\/sup> edici\u00f3n, Genova, 1988, 209 pags.<\/p>\n","protected":false},"excerpt":{"rendered":"<p>Durante el tiempo de su seminario interno, que dur\u00f3 del 21 de abril de 1830 al 31 de enero de 1831, una Hija de la Caridad llamada Catalina Labour\u00e9 tuvo visiones del coraz\u00f3n de san &#8230; <a href=\"https:\/\/vincentians.com\/es\/espiritualidad-vicenciana-milagrosa\/\" class=\"more-link\">Read More<\/a><\/p>\n","protected":false},"author":4,"featured_media":388395,"comment_status":"open","ping_status":"open","sticky":false,"template":"","format":"standard","meta":{"jetpack_post_was_ever_published":false,"_jetpack_newsletter_access":"","_jetpack_dont_email_post_to_subs":false,"_jetpack_newsletter_tier_id":0,"_jetpack_memberships_contains_paywalled_content":false,"_jetpack_memberships_contains_paid_content":false,"footnotes":"","jetpack_publicize_message":"","jetpack_publicize_feature_enabled":true,"jetpack_social_post_already_shared":true,"jetpack_social_options":{"image_generator_settings":{"template":"highway","default_image_id":0,"font":"","enabled":false},"version":2}},"categories":[226,8],"tags":[261,190],"class_list":["post-41796","post","type-post","status-publish","format-standard","has-post-thumbnail","hentry","category-espiritualidad-vicenciana","category-virgen-maria","tag-jean-guitton","tag-rue-du-bac"],"yoast_head":"<!-- This site is optimized with the Yoast SEO plugin v26.3 - https:\/\/yoast.com\/wordpress\/plugins\/seo\/ -->\n<title>Espiritualidad vicenciana: Milagrosa - Somos Vicencianos<\/title>\n<meta name=\"robots\" content=\"index, follow, max-snippet:-1, max-image-preview:large, max-video-preview:-1\" \/>\n<link rel=\"canonical\" href=\"https:\/\/vincentians.com\/es\/espiritualidad-vicenciana-milagrosa\/\" \/>\n<meta property=\"og:locale\" content=\"es_ES\" \/>\n<meta property=\"og:type\" content=\"article\" \/>\n<meta property=\"og:title\" content=\"Espiritualidad vicenciana: Milagrosa - Somos Vicencianos\" \/>\n<meta property=\"og:description\" content=\"Durante el tiempo de su seminario interno, que dur\u00f3 del 21 de abril de 1830 al 31 de enero de 1831, una Hija de la Caridad llamada Catalina Labour\u00e9 tuvo visiones del coraz\u00f3n de san ... Read More\" \/>\n<meta property=\"og:url\" content=\"https:\/\/vincentians.com\/es\/espiritualidad-vicenciana-milagrosa\/\" \/>\n<meta property=\"og:site_name\" content=\"Somos Vicencianos\" \/>\n<meta property=\"article:publisher\" content=\"https:\/\/www.facebook.com\/WeAreVincentians\/\" \/>\n<meta property=\"article:author\" content=\"https:\/\/www.facebook.com\/JavierChento\" \/>\n<meta property=\"article:published_time\" content=\"2020-11-28T07:10:07+00:00\" \/>\n<meta property=\"og:image\" content=\"https:\/\/i0.wp.com\/vincentians.com\/es\/wp-content\/uploads\/sites\/11\/2016\/07\/espiritualidad-vicenciana.jpg?fit=1200%2C630&ssl=1\" \/>\n\t<meta property=\"og:image:width\" content=\"1200\" \/>\n\t<meta property=\"og:image:height\" content=\"630\" \/>\n\t<meta property=\"og:image:type\" content=\"image\/jpeg\" \/>\n<meta name=\"author\" content=\"Francisco Javier Fern\u00e1ndez Chento\" \/>\n<meta name=\"twitter:card\" content=\"summary_large_image\" \/>\n<meta name=\"twitter:creator\" content=\"@https:\/\/twitter.com\/javierchento\" \/>\n<meta name=\"twitter:site\" content=\"@WeVincentians\" \/>\n<meta name=\"twitter:label1\" content=\"Escrito por\" \/>\n\t<meta name=\"twitter:data1\" content=\"Francisco Javier Fern\u00e1ndez Chento\" \/>\n\t<meta name=\"twitter:label2\" content=\"Tiempo de lectura\" \/>\n\t<meta name=\"twitter:data2\" content=\"34 minutos\" \/>\n<script type=\"application\/ld+json\" class=\"yoast-schema-graph\">{\"@context\":\"https:\/\/schema.org\",\"@graph\":[{\"@type\":\"Article\",\"@id\":\"https:\/\/vincentians.com\/es\/espiritualidad-vicenciana-milagrosa\/#article\",\"isPartOf\":{\"@id\":\"https:\/\/vincentians.com\/es\/espiritualidad-vicenciana-milagrosa\/\"},\"author\":{\"name\":\"Francisco Javier Fern\u00e1ndez Chento\",\"@id\":\"http:\/\/vincentians.com\/es\/#\/schema\/person\/9623ef4d9aa3b2dfb8c061f1499288f2\"},\"headline\":\"Espiritualidad vicenciana: Milagrosa\",\"datePublished\":\"2020-11-28T07:10:07+00:00\",\"mainEntityOfPage\":{\"@id\":\"https:\/\/vincentians.com\/es\/espiritualidad-vicenciana-milagrosa\/\"},\"wordCount\":6709,\"commentCount\":0,\"publisher\":{\"@id\":\"http:\/\/vincentians.com\/es\/#organization\"},\"image\":{\"@id\":\"https:\/\/vincentians.com\/es\/espiritualidad-vicenciana-milagrosa\/#primaryimage\"},\"thumbnailUrl\":\"https:\/\/i0.wp.com\/vincentians.com\/es\/wp-content\/uploads\/sites\/11\/2016\/07\/espiritualidad-vicenciana.jpg?fit=1200%2C630&ssl=1\",\"keywords\":[\"Jean Guitton\",\"Rue du Bac\"],\"articleSection\":[\"Espiritualidad vicenciana\",\"Virgen Mar\u00eda\"],\"inLanguage\":\"es\",\"potentialAction\":[{\"@type\":\"CommentAction\",\"name\":\"Comment\",\"target\":[\"https:\/\/vincentians.com\/es\/espiritualidad-vicenciana-milagrosa\/#respond\"]}]},{\"@type\":\"WebPage\",\"@id\":\"https:\/\/vincentians.com\/es\/espiritualidad-vicenciana-milagrosa\/\",\"url\":\"https:\/\/vincentians.com\/es\/espiritualidad-vicenciana-milagrosa\/\",\"name\":\"Espiritualidad vicenciana: Milagrosa - Somos Vicencianos\",\"isPartOf\":{\"@id\":\"http:\/\/vincentians.com\/es\/#website\"},\"primaryImageOfPage\":{\"@id\":\"https:\/\/vincentians.com\/es\/espiritualidad-vicenciana-milagrosa\/#primaryimage\"},\"image\":{\"@id\":\"https:\/\/vincentians.com\/es\/espiritualidad-vicenciana-milagrosa\/#primaryimage\"},\"thumbnailUrl\":\"https:\/\/i0.wp.com\/vincentians.com\/es\/wp-content\/uploads\/sites\/11\/2016\/07\/espiritualidad-vicenciana.jpg?fit=1200%2C630&ssl=1\",\"datePublished\":\"2020-11-28T07:10:07+00:00\",\"breadcrumb\":{\"@id\":\"https:\/\/vincentians.com\/es\/espiritualidad-vicenciana-milagrosa\/#breadcrumb\"},\"inLanguage\":\"es\",\"potentialAction\":[{\"@type\":\"ReadAction\",\"target\":[\"https:\/\/vincentians.com\/es\/espiritualidad-vicenciana-milagrosa\/\"]}]},{\"@type\":\"ImageObject\",\"inLanguage\":\"es\",\"@id\":\"https:\/\/vincentians.com\/es\/espiritualidad-vicenciana-milagrosa\/#primaryimage\",\"url\":\"https:\/\/i0.wp.com\/vincentians.com\/es\/wp-content\/uploads\/sites\/11\/2016\/07\/espiritualidad-vicenciana.jpg?fit=1200%2C630&ssl=1\",\"contentUrl\":\"https:\/\/i0.wp.com\/vincentians.com\/es\/wp-content\/uploads\/sites\/11\/2016\/07\/espiritualidad-vicenciana.jpg?fit=1200%2C630&ssl=1\",\"width\":1200,\"height\":630},{\"@type\":\"BreadcrumbList\",\"@id\":\"https:\/\/vincentians.com\/es\/espiritualidad-vicenciana-milagrosa\/#breadcrumb\",\"itemListElement\":[{\"@type\":\"ListItem\",\"position\":1,\"name\":\"Portada\",\"item\":\"http:\/\/vincentians.com\/es\/\"},{\"@type\":\"ListItem\",\"position\":2,\"name\":\"Espiritualidad vicenciana: Milagrosa\"}]},{\"@type\":\"WebSite\",\"@id\":\"http:\/\/vincentians.com\/es\/#website\",\"url\":\"http:\/\/vincentians.com\/es\/\",\"name\":\"Somos Vicencianos\",\"description\":\"Know more to serve more\",\"publisher\":{\"@id\":\"http:\/\/vincentians.com\/es\/#organization\"},\"potentialAction\":[{\"@type\":\"SearchAction\",\"target\":{\"@type\":\"EntryPoint\",\"urlTemplate\":\"http:\/\/vincentians.com\/es\/?s={search_term_string}\"},\"query-input\":{\"@type\":\"PropertyValueSpecification\",\"valueRequired\":true,\"valueName\":\"search_term_string\"}}],\"inLanguage\":\"es\"},{\"@type\":\"Organization\",\"@id\":\"http:\/\/vincentians.com\/es\/#organization\",\"name\":\"The Vincentian Network\",\"url\":\"http:\/\/vincentians.com\/es\/\",\"logo\":{\"@type\":\"ImageObject\",\"inLanguage\":\"es\",\"@id\":\"http:\/\/vincentians.com\/es\/#\/schema\/logo\/image\/\",\"url\":\"https:\/\/i1.wp.com\/vincentians.com\/es\/wp-content\/uploads\/sites\/11\/2016\/06\/Vincentian-Network-logo-big.png?fit=778%2C778\",\"contentUrl\":\"https:\/\/i1.wp.com\/vincentians.com\/es\/wp-content\/uploads\/sites\/11\/2016\/06\/Vincentian-Network-logo-big.png?fit=778%2C778\",\"width\":778,\"height\":778,\"caption\":\"The Vincentian Network\"},\"image\":{\"@id\":\"http:\/\/vincentians.com\/es\/#\/schema\/logo\/image\/\"},\"sameAs\":[\"https:\/\/www.facebook.com\/WeAreVincentians\/\",\"https:\/\/x.com\/WeVincentians\"]},{\"@type\":\"Person\",\"@id\":\"http:\/\/vincentians.com\/es\/#\/schema\/person\/9623ef4d9aa3b2dfb8c061f1499288f2\",\"name\":\"Francisco Javier Fern\u00e1ndez Chento\",\"image\":{\"@type\":\"ImageObject\",\"inLanguage\":\"es\",\"@id\":\"http:\/\/vincentians.com\/es\/#\/schema\/person\/image\/\",\"url\":\"https:\/\/secure.gravatar.com\/avatar\/497d5cde87b4c3d097d0315953521681ba2cd523ee66e5077c3711f7021e65de?s=96&d=mm&r=g\",\"contentUrl\":\"https:\/\/secure.gravatar.com\/avatar\/497d5cde87b4c3d097d0315953521681ba2cd523ee66e5077c3711f7021e65de?s=96&d=mm&r=g\",\"caption\":\"Francisco Javier Fern\u00e1ndez Chento\"},\"description\":\"Director General y cofundador de La Red de Formaci\u00f3n Vicenciana. Javier es laico vicenciano, afiliado a la Congregaci\u00f3n de la Misi\u00f3n y miembro del Equipo de Misiones Populares de la provincia can\u00f3nica de Zaragoza (Espa\u00f1a) de la Congregaci\u00f3n de la Misi\u00f3n. Graduado en la Universidad Oberta de Catalunya con cuatro grados (Asistente de direcci\u00f3n, Gesti\u00f3n Administrativa, Recursos Humanos y Contabilidad Avanzada). Bil\u00edng\u00fce Espa\u00f1ol\/Ingl\u00e9s. gestiona y mantiene varias p\u00e1ginas web cristianas y vicencianas, incluida including La Red de Formaci\u00f3n Vicenciana, de la que es cofundador. Actualmente es responsable del \u00e1rea de Espa\u00f1ol de .famvin, la Red de Noticias de la Familia Vicenciana. Tambi\u00e9n es m\u00fasico cat\u00f3lico y ha editado varios discos. Es Director General y cofundador de Trovador, una reconocida compa\u00f1\u00eda discogr\u00e1fica critiana de Espa\u00f1a. Trabaja en las Tecnolog\u00edas de la Informaci\u00f3n, ofreciendo servicios de alojamiento, dise\u00f1o y mantenimiento Web, as\u00ed como asesoramiento, formaci\u00f3n y soluciones inform\u00e1ticas, gesti\u00f3n documental y digitalizaci\u00f3n de textos, edici\u00f3n y maquetaci\u00f3n de libros, revistas, flyers, etc.\",\"sameAs\":[\"http:\/\/chento.org\",\"https:\/\/www.facebook.com\/JavierChento\",\"https:\/\/x.com\/https:\/\/twitter.com\/javierchento\"],\"url\":\"https:\/\/vincentians.com\/es\/author\/chento\/\"}]}<\/script>\n<!-- \/ Yoast SEO plugin. -->","yoast_head_json":{"title":"Espiritualidad vicenciana: Milagrosa - Somos Vicencianos","robots":{"index":"index","follow":"follow","max-snippet":"max-snippet:-1","max-image-preview":"max-image-preview:large","max-video-preview":"max-video-preview:-1"},"canonical":"https:\/\/vincentians.com\/es\/espiritualidad-vicenciana-milagrosa\/","og_locale":"es_ES","og_type":"article","og_title":"Espiritualidad vicenciana: Milagrosa - Somos Vicencianos","og_description":"Durante el tiempo de su seminario interno, que dur\u00f3 del 21 de abril de 1830 al 31 de enero de 1831, una Hija de la Caridad llamada Catalina Labour\u00e9 tuvo visiones del coraz\u00f3n de san ... Read More","og_url":"https:\/\/vincentians.com\/es\/espiritualidad-vicenciana-milagrosa\/","og_site_name":"Somos Vicencianos","article_publisher":"https:\/\/www.facebook.com\/WeAreVincentians\/","article_author":"https:\/\/www.facebook.com\/JavierChento","article_published_time":"2020-11-28T07:10:07+00:00","og_image":[{"width":1200,"height":630,"url":"https:\/\/i0.wp.com\/vincentians.com\/es\/wp-content\/uploads\/sites\/11\/2016\/07\/espiritualidad-vicenciana.jpg?fit=1200%2C630&ssl=1","type":"image\/jpeg"}],"author":"Francisco Javier Fern\u00e1ndez Chento","twitter_card":"summary_large_image","twitter_creator":"@https:\/\/twitter.com\/javierchento","twitter_site":"@WeVincentians","twitter_misc":{"Escrito por":"Francisco Javier Fern\u00e1ndez Chento","Tiempo de lectura":"34 minutos"},"schema":{"@context":"https:\/\/schema.org","@graph":[{"@type":"Article","@id":"https:\/\/vincentians.com\/es\/espiritualidad-vicenciana-milagrosa\/#article","isPartOf":{"@id":"https:\/\/vincentians.com\/es\/espiritualidad-vicenciana-milagrosa\/"},"author":{"name":"Francisco Javier Fern\u00e1ndez Chento","@id":"http:\/\/vincentians.com\/es\/#\/schema\/person\/9623ef4d9aa3b2dfb8c061f1499288f2"},"headline":"Espiritualidad vicenciana: Milagrosa","datePublished":"2020-11-28T07:10:07+00:00","mainEntityOfPage":{"@id":"https:\/\/vincentians.com\/es\/espiritualidad-vicenciana-milagrosa\/"},"wordCount":6709,"commentCount":0,"publisher":{"@id":"http:\/\/vincentians.com\/es\/#organization"},"image":{"@id":"https:\/\/vincentians.com\/es\/espiritualidad-vicenciana-milagrosa\/#primaryimage"},"thumbnailUrl":"https:\/\/i0.wp.com\/vincentians.com\/es\/wp-content\/uploads\/sites\/11\/2016\/07\/espiritualidad-vicenciana.jpg?fit=1200%2C630&ssl=1","keywords":["Jean Guitton","Rue du Bac"],"articleSection":["Espiritualidad vicenciana","Virgen Mar\u00eda"],"inLanguage":"es","potentialAction":[{"@type":"CommentAction","name":"Comment","target":["https:\/\/vincentians.com\/es\/espiritualidad-vicenciana-milagrosa\/#respond"]}]},{"@type":"WebPage","@id":"https:\/\/vincentians.com\/es\/espiritualidad-vicenciana-milagrosa\/","url":"https:\/\/vincentians.com\/es\/espiritualidad-vicenciana-milagrosa\/","name":"Espiritualidad vicenciana: Milagrosa - Somos Vicencianos","isPartOf":{"@id":"http:\/\/vincentians.com\/es\/#website"},"primaryImageOfPage":{"@id":"https:\/\/vincentians.com\/es\/espiritualidad-vicenciana-milagrosa\/#primaryimage"},"image":{"@id":"https:\/\/vincentians.com\/es\/espiritualidad-vicenciana-milagrosa\/#primaryimage"},"thumbnailUrl":"https:\/\/i0.wp.com\/vincentians.com\/es\/wp-content\/uploads\/sites\/11\/2016\/07\/espiritualidad-vicenciana.jpg?fit=1200%2C630&ssl=1","datePublished":"2020-11-28T07:10:07+00:00","breadcrumb":{"@id":"https:\/\/vincentians.com\/es\/espiritualidad-vicenciana-milagrosa\/#breadcrumb"},"inLanguage":"es","potentialAction":[{"@type":"ReadAction","target":["https:\/\/vincentians.com\/es\/espiritualidad-vicenciana-milagrosa\/"]}]},{"@type":"ImageObject","inLanguage":"es","@id":"https:\/\/vincentians.com\/es\/espiritualidad-vicenciana-milagrosa\/#primaryimage","url":"https:\/\/i0.wp.com\/vincentians.com\/es\/wp-content\/uploads\/sites\/11\/2016\/07\/espiritualidad-vicenciana.jpg?fit=1200%2C630&ssl=1","contentUrl":"https:\/\/i0.wp.com\/vincentians.com\/es\/wp-content\/uploads\/sites\/11\/2016\/07\/espiritualidad-vicenciana.jpg?fit=1200%2C630&ssl=1","width":1200,"height":630},{"@type":"BreadcrumbList","@id":"https:\/\/vincentians.com\/es\/espiritualidad-vicenciana-milagrosa\/#breadcrumb","itemListElement":[{"@type":"ListItem","position":1,"name":"Portada","item":"http:\/\/vincentians.com\/es\/"},{"@type":"ListItem","position":2,"name":"Espiritualidad vicenciana: Milagrosa"}]},{"@type":"WebSite","@id":"http:\/\/vincentians.com\/es\/#website","url":"http:\/\/vincentians.com\/es\/","name":"Somos Vicencianos","description":"Know more to serve more","publisher":{"@id":"http:\/\/vincentians.com\/es\/#organization"},"potentialAction":[{"@type":"SearchAction","target":{"@type":"EntryPoint","urlTemplate":"http:\/\/vincentians.com\/es\/?s={search_term_string}"},"query-input":{"@type":"PropertyValueSpecification","valueRequired":true,"valueName":"search_term_string"}}],"inLanguage":"es"},{"@type":"Organization","@id":"http:\/\/vincentians.com\/es\/#organization","name":"The Vincentian Network","url":"http:\/\/vincentians.com\/es\/","logo":{"@type":"ImageObject","inLanguage":"es","@id":"http:\/\/vincentians.com\/es\/#\/schema\/logo\/image\/","url":"https:\/\/i1.wp.com\/vincentians.com\/es\/wp-content\/uploads\/sites\/11\/2016\/06\/Vincentian-Network-logo-big.png?fit=778%2C778","contentUrl":"https:\/\/i1.wp.com\/vincentians.com\/es\/wp-content\/uploads\/sites\/11\/2016\/06\/Vincentian-Network-logo-big.png?fit=778%2C778","width":778,"height":778,"caption":"The Vincentian Network"},"image":{"@id":"http:\/\/vincentians.com\/es\/#\/schema\/logo\/image\/"},"sameAs":["https:\/\/www.facebook.com\/WeAreVincentians\/","https:\/\/x.com\/WeVincentians"]},{"@type":"Person","@id":"http:\/\/vincentians.com\/es\/#\/schema\/person\/9623ef4d9aa3b2dfb8c061f1499288f2","name":"Francisco Javier Fern\u00e1ndez Chento","image":{"@type":"ImageObject","inLanguage":"es","@id":"http:\/\/vincentians.com\/es\/#\/schema\/person\/image\/","url":"https:\/\/secure.gravatar.com\/avatar\/497d5cde87b4c3d097d0315953521681ba2cd523ee66e5077c3711f7021e65de?s=96&d=mm&r=g","contentUrl":"https:\/\/secure.gravatar.com\/avatar\/497d5cde87b4c3d097d0315953521681ba2cd523ee66e5077c3711f7021e65de?s=96&d=mm&r=g","caption":"Francisco Javier Fern\u00e1ndez Chento"},"description":"Director General y cofundador de La Red de Formaci\u00f3n Vicenciana. Javier es laico vicenciano, afiliado a la Congregaci\u00f3n de la Misi\u00f3n y miembro del Equipo de Misiones Populares de la provincia can\u00f3nica de Zaragoza (Espa\u00f1a) de la Congregaci\u00f3n de la Misi\u00f3n. Graduado en la Universidad Oberta de Catalunya con cuatro grados (Asistente de direcci\u00f3n, Gesti\u00f3n Administrativa, Recursos Humanos y Contabilidad Avanzada). Bil\u00edng\u00fce Espa\u00f1ol\/Ingl\u00e9s. gestiona y mantiene varias p\u00e1ginas web cristianas y vicencianas, incluida including La Red de Formaci\u00f3n Vicenciana, de la que es cofundador. Actualmente es responsable del \u00e1rea de Espa\u00f1ol de .famvin, la Red de Noticias de la Familia Vicenciana. Tambi\u00e9n es m\u00fasico cat\u00f3lico y ha editado varios discos. Es Director General y cofundador de Trovador, una reconocida compa\u00f1\u00eda discogr\u00e1fica critiana de Espa\u00f1a. Trabaja en las Tecnolog\u00edas de la Informaci\u00f3n, ofreciendo servicios de alojamiento, dise\u00f1o y mantenimiento Web, as\u00ed como asesoramiento, formaci\u00f3n y soluciones inform\u00e1ticas, gesti\u00f3n documental y digitalizaci\u00f3n de textos, edici\u00f3n y maquetaci\u00f3n de libros, revistas, flyers, etc.","sameAs":["http:\/\/chento.org","https:\/\/www.facebook.com\/JavierChento","https:\/\/x.com\/https:\/\/twitter.com\/javierchento"],"url":"https:\/\/vincentians.com\/es\/author\/chento\/"}]}},"jetpack_publicize_connections":[],"jetpack_featured_media_url":"https:\/\/i0.wp.com\/vincentians.com\/es\/wp-content\/uploads\/sites\/11\/2016\/07\/espiritualidad-vicenciana.jpg?fit=1200%2C630&ssl=1","jetpack_sharing_enabled":true,"jetpack_shortlink":"https:\/\/wp.me\/p7ETMF-aS8","jetpack-related-posts":[{"id":109333,"url":"https:\/\/vincentians.com\/es\/mision-historica-de-la-milagrosa\/","url_meta":{"origin":41796,"position":0},"title":"Misi\u00f3n hist\u00f3rica de La Milagrosa","author":"Francisco Javier Fern\u00e1ndez Chento","date":"27\/11\/2022","format":false,"excerpt":"Amadas Hermanas, se\u00f1ores y amados sacerdotes: El t\u00edtulo de la conferencia quiz\u00e1 pueda parecer a algunos ex\u00adcesivamente ambicioso: LA MISION HISTORICA DE LA MILA\u00adGROSA. En realidad a m\u00ed tambi\u00e9n me lo parece, sobre todo una vez que lo vi estampado en letras de molde; porque mi prop\u00f3sito es muy sencillo.\u2026","rel":"","context":"En \u00abVirgen Mar\u00eda\u00bb","block_context":{"text":"Virgen Mar\u00eda","link":"https:\/\/vincentians.com\/es\/category\/espiritualidad\/virgen-maria\/"},"img":{"alt_text":"","src":"https:\/\/i0.wp.com\/vincentians.com\/es\/wp-content\/uploads\/sites\/11\/2018\/11\/La-milagrosa3.jpg?fit=670%2C430&ssl=1&resize=350%2C200","width":350,"height":200,"srcset":"https:\/\/i0.wp.com\/vincentians.com\/es\/wp-content\/uploads\/sites\/11\/2018\/11\/La-milagrosa3.jpg?fit=670%2C430&ssl=1&resize=350%2C200 1x, https:\/\/i0.wp.com\/vincentians.com\/es\/wp-content\/uploads\/sites\/11\/2018\/11\/La-milagrosa3.jpg?fit=670%2C430&ssl=1&resize=525%2C300 1.5x"},"classes":[]},{"id":22876,"url":"https:\/\/vincentians.com\/es\/vida-de-santa-catalina-laboure-13\/","url_meta":{"origin":41796,"position":1},"title":"Vida de santa Catalina Labour\u00e9 1\/3","author":"Francisco Javier Fern\u00e1ndez Chento","date":"28\/11\/2013","format":false,"excerpt":"Video \"El paso de Dios en una vida: Catalina Labour\u00e9, mensajera de la Inmaculada\" (Primera parte) http:\/\/www.youtube.com\/watch?v=9xiCfE0Gm9E Santa Catalina Labour\u00e9 (en franc\u00e9s: Catherine Labour\u00e9; Fain-l\u00e8s-Moutiers, 2 de mayo de 1806 - 31 de diciembre de 1876) fue una Hija de la Caridad, que transmiti\u00f3 el pedido de la Virgen Mar\u00eda\u2026","rel":"","context":"En \u00abCatalina Labour\u00e9\u00bb","block_context":{"text":"Catalina Labour\u00e9","link":"https:\/\/vincentians.com\/es\/category\/la-familia-vicenciana\/la-familia-vicenciana-en-los-altares\/santos\/catalina-laboure\/"},"img":{"alt_text":"","src":"https:\/\/i0.wp.com\/img.youtube.com\/vi\/9xiCfE0Gm9E\/0.jpg?resize=350%2C200","width":350,"height":200},"classes":[]},{"id":22877,"url":"https:\/\/vincentians.com\/es\/vida-de-santa-catalina-laboure-23\/","url_meta":{"origin":41796,"position":2},"title":"Vida de santa Catalina Labour\u00e9 2\/3","author":"Francisco Javier Fern\u00e1ndez Chento","date":"29\/11\/2013","format":false,"excerpt":"Video \"El paso de Dios en una vida: Catalina Labour\u00e9, mensajera de la Inmaculada\" (Segunda parte) http:\/\/www.youtube.com\/watch?v=cJG3t1DcHvU Santa Catalina Labour\u00e9 (en franc\u00e9s: Catherine Labour\u00e9; Fain-l\u00e8s-Moutiers, 2 de mayo de 1806 - 31 de diciembre de 1876) fue una Hija de la Caridad, que transmiti\u00f3 el pedido de la Virgen Mar\u00eda\u2026","rel":"","context":"En \u00abCatalina Labour\u00e9\u00bb","block_context":{"text":"Catalina Labour\u00e9","link":"https:\/\/vincentians.com\/es\/category\/la-familia-vicenciana\/la-familia-vicenciana-en-los-altares\/santos\/catalina-laboure\/"},"img":{"alt_text":"","src":"https:\/\/i0.wp.com\/img.youtube.com\/vi\/cJG3t1DcHvU\/0.jpg?resize=350%2C200","width":350,"height":200},"classes":[]},{"id":22878,"url":"https:\/\/vincentians.com\/es\/vida-de-santa-catalina-laboure-33\/","url_meta":{"origin":41796,"position":3},"title":"Vida de santa Catalina Labour\u00e9 3\/3","author":"Francisco Javier Fern\u00e1ndez Chento","date":"30\/11\/2013","format":false,"excerpt":"Video \"El paso de Dios en una vida: Catalina Labour\u00e9, mensajera de la Inmaculada\" (Tercera y \u00faltima parte) http:\/\/www.youtube.com\/watch?v=v4JSrvjzhm8 Santa Catalina Labour\u00e9 (en franc\u00e9s: Catherine Labour\u00e9; Fain-l\u00e8s-Moutiers, 2 de mayo de 1806 - 31 de diciembre de 1876) fue una Hija de la Caridad, que transmiti\u00f3 el pedido de la\u2026","rel":"","context":"En \u00abCatalina Labour\u00e9\u00bb","block_context":{"text":"Catalina Labour\u00e9","link":"https:\/\/vincentians.com\/es\/category\/la-familia-vicenciana\/la-familia-vicenciana-en-los-altares\/santos\/catalina-laboure\/"},"img":{"alt_text":"","src":"https:\/\/i0.wp.com\/img.youtube.com\/vi\/v4JSrvjzhm8\/0.jpg?resize=350%2C200","width":350,"height":200},"classes":[]},{"id":28941,"url":"https:\/\/vincentians.com\/es\/la-supersticion-superada-rue-du-bac-3-la-primera-vision\/","url_meta":{"origin":41796,"position":4},"title":"La superstici\u00f3n superada. Rue du Bac. 3. La primera visi\u00f3n","author":"Francisco Javier Fern\u00e1ndez Chento","date":"21\/11\/2013","format":false,"excerpt":"3.\u00a0La primera visi\u00f3n Nos encontramos en la primavera del a\u00f1o 1830, antes de las famosas jornadas de julio, entonces tan imprevisibles. En la comunidad s\u00f3lo se habla de un acontecimiento, de una fiesta, fijada para el domingo 25 de abril, es decir, cuatro d\u00edas despu\u00e9s de la llegada de Zo\u00e9.\u2026","rel":"","context":"En \u00abCatalina Labour\u00e9\u00bb","block_context":{"text":"Catalina Labour\u00e9","link":"https:\/\/vincentians.com\/es\/category\/la-familia-vicenciana\/la-familia-vicenciana-en-los-altares\/santos\/catalina-laboure\/"},"img":{"alt_text":"","src":"https:\/\/i0.wp.com\/vicencianos.org\/wp-content\/2009\/11\/Guatemala-casa-madre_JPG1-300x225.jpg?resize=350%2C200","width":350,"height":200},"classes":[]},{"id":53281,"url":"https:\/\/vincentians.com\/es\/el-mensaje-de-rue-du-bac-iii-la-aparicion-se-repitio-muchas-veces\/","url_meta":{"origin":41796,"position":5},"title":"El mensaje de Rue du Bac (III. La aparici\u00f3n se repiti\u00f3 muchas veces)","author":"Francisco Javier Fern\u00e1ndez Chento","date":"03\/11\/2023","format":false,"excerpt":"Todos cuantos han escrito sobre la Medalla o sobre la vida de Santa Catalina Labour\u00e9 coinciden en afirmar que la aparici\u00f3n de la Virgen de los Rayos y tambi\u00e9n de la Virgen del Globo, ya que es la misma en fases distintas, se repiti\u00f3 varias veces. Pero, \u00bfcu\u00e1ntas? Joseph Dirvin,\u2026","rel":"","context":"En \u00abVirgen Mar\u00eda\u00bb","block_context":{"text":"Virgen Mar\u00eda","link":"https:\/\/vincentians.com\/es\/category\/espiritualidad\/virgen-maria\/"},"img":{"alt_text":"","src":"https:\/\/i0.wp.com\/vincentians.com\/es\/wp-content\/uploads\/sites\/11\/2022\/08\/imagen-1-2.jpg?fit=350%2C349&ssl=1&resize=350%2C200","width":350,"height":200},"classes":[]}],"_links":{"self":[{"href":"https:\/\/vincentians.com\/es\/wp-json\/wp\/v2\/posts\/41796","targetHints":{"allow":["GET"]}}],"collection":[{"href":"https:\/\/vincentians.com\/es\/wp-json\/wp\/v2\/posts"}],"about":[{"href":"https:\/\/vincentians.com\/es\/wp-json\/wp\/v2\/types\/post"}],"author":[{"embeddable":true,"href":"https:\/\/vincentians.com\/es\/wp-json\/wp\/v2\/users\/4"}],"replies":[{"embeddable":true,"href":"https:\/\/vincentians.com\/es\/wp-json\/wp\/v2\/comments?post=41796"}],"version-history":[{"count":2,"href":"https:\/\/vincentians.com\/es\/wp-json\/wp\/v2\/posts\/41796\/revisions"}],"predecessor-version":[{"id":403265,"href":"https:\/\/vincentians.com\/es\/wp-json\/wp\/v2\/posts\/41796\/revisions\/403265"}],"wp:featuredmedia":[{"embeddable":true,"href":"https:\/\/vincentians.com\/es\/wp-json\/wp\/v2\/media\/388395"}],"wp:attachment":[{"href":"https:\/\/vincentians.com\/es\/wp-json\/wp\/v2\/media?parent=41796"}],"wp:term":[{"taxonomy":"category","embeddable":true,"href":"https:\/\/vincentians.com\/es\/wp-json\/wp\/v2\/categories?post=41796"},{"taxonomy":"post_tag","embeddable":true,"href":"https:\/\/vincentians.com\/es\/wp-json\/wp\/v2\/tags?post=41796"}],"curies":[{"name":"wp","href":"https:\/\/api.w.org\/{rel}","templated":true}]}}