{"id":41757,"date":"2021-01-16T08:59:51","date_gmt":"2021-01-16T07:59:51","guid":{"rendered":"http:\/\/somos.vicencianos.org\/blog\/2011\/06\/lucia-roge-formar-hermanas-capaces-de-servir\/"},"modified":"2020-11-21T19:56:00","modified_gmt":"2020-11-21T18:56:00","slug":"lucia-roge-formar-hermanas-capaces-de-servir","status":"publish","type":"post","link":"https:\/\/vincentians.com\/es\/lucia-roge-formar-hermanas-capaces-de-servir\/","title":{"rendered":"Luc\u00eda Rog\u00e9: Formar Hermanas capaces de servir&#8230;"},"content":{"rendered":"<div>\n<p>Junio de 1982<\/p>\n<p>Propongo que esta ma\u00f1ana se oriente la meditaci\u00f3n seg\u00fan dos l\u00edneas de pensamiento:<\/p>\n<p>I &#8211; vuelta a las fuentes de la \u00abespiritualidad de la sierva\u00bb,<\/p>\n<p>II &#8211; c\u00f3mo comprometerse.<\/p>\n<p>Luego, para concluir, contemplaremos a Mar\u00eda, la sierva del Se\u00f1or.<\/p>\n<p>En efecto, todas estamos hoy hondamente convencidas de que una profundizaci\u00f3n en la doctrina de los Fundadores ser\u00e1 para nosotras un dinamismo de renovaci\u00f3n.<\/p>\n<p>En fidelidad a lo que ellos nos ense\u00f1aron siempre, deteng\u00e1monos a meditar sobre \u00abnuestras fuentes\u00bb: se trata de volver a ellas:<\/p>\n<p>&#8211;\u00a0\u00a0\u00a0\u00a0\u00a0 partiendo del evangelio;<\/p>\n<p>&#8211;\u00a0\u00a0\u00a0\u00a0\u00a0 partiendo de las palabras de los fundadores;<\/p>\n<p>&#8211;\u00a0\u00a0\u00a0\u00a0\u00a0 partiendo de la actualidad eclesial.<\/p>\n<p>VUELTA A LAS FUENTES<\/p>\n<p>1. Cristo es la referencia de la Hija de la Caridad en su vida de sierva<\/p>\n<p>\u00ab&#8230; porque, el que viese la vida de Jesucristo ver\u00eda sin comparaci\u00f3n algo semejante en la vida de una Hija de la Caridad\u00bb.<\/p>\n<p>\u00abSemejante\u00bb, equivale a decir eso mismo&#8230;<\/p>\n<p>San Vicente y santa Luisa fueron \u00abseducidos por Cristo\u00bb, Servidor del Padre, en su designio de amor y de salvaci\u00f3n de los hombres. Es el gran eje de la espiritualidad que presentan a las Hijas de la Caridad:<\/p>\n<p>\u00ab&#8230; porque, el que viese la vida de Jesucristo ver\u00eda sin comparaci\u00f3n algo semejante en la vida de una Hija de la Caridad\u00bb.<\/p>\n<p>As\u00ed pues, seg\u00fan los Fundadores, la vida de cada Hija de la Caridad reproduce de nuevo la vida de Jesucristo; cada Hija de la Caridad da a los pobres, por su vida, la posibilidad de leer el evangelio. Cada Hija de la Caridad expresa la vida de Jesucristo:<\/p>\n<p><sup>1<\/sup> IX, 534.<\/p>\n<\/div>\n<p>&nbsp;<\/p>\n<div>\n<table width=\"100%\" cellspacing=\"0\" cellpadding=\"0\">\n<tbody>\n<tr>\n<td>\n<div>\n<p>436<\/p>\n<\/div>\n<\/td>\n<\/tr>\n<\/tbody>\n<\/table>\n<p>\u00abPues yo estoy en medio de vosotros como el que sirve\u00bb<sup>2<\/sup>.<\/p>\n<p>Es el puesto que san Vicente dese\u00f3 ocup\u00e1semos: <em>estado perma\u00ad<\/em><em>nente de \u00abalguien que sirve\u00bb, sierva.<\/em><\/p>\n<p>\u00abPorque tampoco el Hijo del Hombre ha venido a ser servido, sino a servir y dar la vida como rescate por muchos\u00bb<sup>3<\/sup>.<\/p>\n<p>Tal es la llamada de nuestra vocaci\u00f3n: darnos a Dios, dar nuestra vida, siguiendo a Jesucristo, en el estado de sierva, para el servicio de los pobres.<\/p>\n<p>Cristo realiza este servicio toda su vida. En apoyo de nuestra fla\u00adqueza, se abaj\u00f3 una y otra vez a la realizaci\u00f3n concreta de lo cotidiano:<\/p>\n<p>\u00abPues si yo, el Se\u00f1or y el Maestro, os he lavado los pies, vosotros tambi\u00e9n deb\u00e9is lavaros los pies unos a otros. Porque os he dado ejemplo, para que tambi\u00e9n vosotros hag\u00e1is como yo he hecho con vosotros\u00bb<sup>4<\/sup>.<\/p>\n<p>\u00abEs un ejemplo que yo os he dado\u00bb&#8230; Se\u00f1or, toda tu vida no es m\u00e1s que ejemplos de servicios&#8230; como en todo momento nos lo recuerda san Vicente: curar enfermos, alimentar hambrientos, escuchar a la samarita\u00adna&#8230; Se\u00f1or, no s\u00f3lo lavas los pies de tus ap\u00f3stoles, sino que les das de comer t\u00fa mismo:<\/p>\n<p>\u00abNada m\u00e1s saltar a tierra, ven preparadas unas brasas y un pez sobre ellas y pan. Jes\u00fas les dice: \u00abVenid y comed\u00bb. Toma el pan y se lo da; y de igual modo el pez\u00bb<sup>5<\/sup>.<\/p>\n<p>Se\u00f1or, eres sensible a nuestras limitaciones humanas, y sabes qu\u00e9 necesitan nuestros cuerpos y nuestros corazones. Tu servicio envuelve todo nuestro ser. T\u00fa quieres reparar las fuerzas f\u00edsicas, tras una noche de trabajo y esfuerzo, colmar el coraz\u00f3n y abrirlo al amor con el anticipo amistoso: \u00abVenid y comed\u00bb.<\/p>\n<p>Pero, Se\u00f1or, quieres tambi\u00e9n esclarecer c\u00f3mo debemos servir al pr\u00f3jimo, al pobre, este otro T\u00fa:<\/p>\n<p>\u00abCuanto hicisteis a uno de estos hermanos m\u00edos m\u00e1s peque\u00f1os, a m\u00ed me lo hicisteis\u00bb<sup>6<\/sup>.<\/p>\n<p><sup>2<\/sup> Lc 22, 27.<\/p>\n<p><sup>3<\/sup> Mc 10, 48.<\/p>\n<p><sup>4<\/sup> Jn 13, 14-15.<\/p>\n<p><sup>5<\/sup> Jn 21, 9, 13-14.<\/p>\n<p><sup>6<\/sup> Mt 25, 40.<\/p>\n<\/div>\n<p>&nbsp;<\/p>\n<div>\n<table width=\"100%\" cellspacing=\"0\" cellpadding=\"0\">\n<tbody>\n<tr>\n<td>\n<div>\n<p>437<\/p>\n<\/div>\n<\/td>\n<\/tr>\n<\/tbody>\n<\/table>\n<p>\u00abPorque tuve hambre, y me disteis de comer; tuve sed, y me disteis de beber; era forastero, y me acogisteis; estaba desnudo, y me vestisteis; enfermo, y me visitasteis; en la c\u00e1rcel, y acudisteis a m\u00ed\u00bb<sup>7<\/sup>.<\/p>\n<p>2. T\u00fa, Se\u00f1or, diste a san Vicente y a santa Luisa la comprensi\u00f3n de tus palabras<\/p>\n<p>Ellos nos transmitieron tu mensaje:<\/p>\n<p>\u00abSirvientes de los pobres, que es como si se dijese sirvientes de Jesu\u00adcristo, ya que \u00e9l considera como hecho a s\u00ed mismo lo que se hace por ellos, que son sus miembros, \u00bfY qu\u00e9 hizo \u00e9l en este mundo, sino servir a los pobres?\u00bb<sup>8<\/sup>.<\/p>\n<p>\u00abAl servir a los pobres, se sirve a Jesucristo. Hijas m\u00edas, \u00a1cu\u00e1nta verdad es esto! \u00abg.<\/p>\n<p>\u00abEs dejar a Dios por Dios cuando se deja alg\u00fan ejercicio a causa del ser\u00advicio a los pobres\u00bb<sup>10<\/sup>.<\/p>\n<p>\u00ab\u00a1Qu\u00e9 felicidad, hijas m\u00edas, servir a la persona de Nuestro Se\u00f1or en sus pobres miembros!\u00bb<sup>11<\/sup>.<\/p>\n<p>La visi\u00f3n creyente de Jesucristo, <em>representado por estos pobres, <\/em>es propuesta con insistencia a las primeras Hermanas:<\/p>\n<p>\u00abCuando serv\u00eds a los enfermos, ten\u00e9is que acordaros tambi\u00e9n de que es a Nuestro Se\u00f1or a quien representa ese pobre\u00bb<sup>12<\/sup>.<\/p>\n<p>Este reconocimiento de tu rostro, Se\u00f1or, deseas T\u00fa que sea cons\u00adtante en nosotras, cualesquiera sean las apariencias, tan diversificadas, y aun tal vez desconcertantes, que una \u00fanica jornada pueda presentar:<\/p>\n<p>\u00abUna hermana ir\u00e1 diez veces cada d\u00eda a ver a los enfermos, y diez veces cada d\u00eda encontrar\u00e1 en ellos a Dios<sup>13<\/sup>.<\/p>\n<p>He ah\u00ed algo que cuestiona nuestros servicios selectivos, privile\u00adgiados, exclusivos, restringidos a veces al nivel de nuestras simpat\u00edas naturales.<\/p>\n<p>Mt 25, 35-36.<\/p>\n<p><sup>8<\/sup> IX, 302.<\/p>\n<p><sup>9<\/sup> IX, 240.<\/p>\n<p><sup>1<\/sup>\u00b0 SLM, p. 496.<\/p>\n<p><sup>11<\/sup> IX, 124.<\/p>\n<p><sup>12<\/sup> IX, 747.<\/p>\n<p><sup>13<\/sup> IX, 240.<\/p>\n<\/div>\n<p>&nbsp;<\/p>\n<div>\n<table width=\"100%\" cellspacing=\"0\" cellpadding=\"0\">\n<tbody>\n<tr>\n<td>\n<div>\n<p>438<\/p>\n<\/div>\n<\/td>\n<\/tr>\n<\/tbody>\n<\/table>\n<p>3. Esta vuelta a la fuente verbal de nuestros Fundadores corresponde, Se\u00f1or, a lo que tu Iglesia nos dice hoy:<\/p>\n<p>\u00abLa Iglesia abraza con amor a todos los que sufren bajo el peso de la debi\u00adlidad humana; m\u00e1s a\u00fan, descubre en lo pobres y en los que sufren la ima\u00adgen de su Fundador pobre y sufriente, se preocupa de aliviar su miseria y busca servir a Cristo en ellos\u00bb\u00bb.<\/p>\n<p>\u00abLa mayor parte del mundo sufre todav\u00eda tan gran necesidad que el mismo Cristo parece elevar su voz en los pobres para provocar la caridad de sus disc\u00edpulos\u00bb<sup>15<\/sup>.<\/p>\n<p>Se\u00f1or, no permitas que seamos sordas, cuando en alta voz T\u00fa recla\u00admas nuestro amor, cuando nos convocas a la participaci\u00f3n y a la pro\u00admoci\u00f3n de la justicia, cuando nos llamas al mismo tiempo a encender \u00abel amor de Cristo hacia los pobres\u00bb<sup>16<\/sup>.<\/p>\n<p>La fidelidad a la Iglesia de hoy y la fidelidad al carisma, Se\u00f1or, son una misma cosa para las Hijas de la Caridad:<\/p>\n<p>\u00abEl amor de las Hijas de la Caridad no es solamente tierno; es efectivo, por\u00adque sirven efectivamente a los pobres, corporal y espiritualmente&#8230; Her\u00admanas m\u00edas, desde toda la eternidad estabais destinadas a servir a los pobres de la misma manera que nuestro Se\u00f1or lo hizo\u00bb<sup>17<\/sup>.<\/p>\n<p>\u00a1Qu\u00e9 alegr\u00eda, Se\u00f1or, encontrar el eco de los Fundadores, en los men\u00adsajes que nos diriges por la Iglesia de hoy! como en Puebla:<\/p>\n<p>\u00abAcerc\u00e1ndonos al pobre para acompa\u00f1arlo y servirlo, hacemos lo que Cris\u00adto nos ense\u00f1\u00f3, al hacerse hermano nuestro, pobre como nosotros. Por eso el servicio a los pobres es la medida privilegiada aunque no excluyente de nuestro seguimiento de Cristo. El mejor servicio al hermano es la evangeli\u00adzaci\u00f3n, que lo dispone a realizarse como hijo de Dios, lo libera de las injus\u00adticias y lo promueve integralmente\u00bb<sup>18<\/sup>.<\/p>\n<p><sup>14<\/sup> LG, 8.<\/p>\n<p><sup>15<\/sup> GS, 88.<\/p>\n<p><sup>16<\/sup> GS, 90.<\/p>\n<p><sup>17<\/sup> IX, 534-535.<\/p>\n<p><sup>16<\/sup> Puebla, 1145.<\/p>\n<\/div>\n<p>&nbsp;<\/p>\n<div>\n<table width=\"100%\" cellspacing=\"0\" cellpadding=\"0\">\n<tbody>\n<tr>\n<td>\n<div>\n<p>439<\/p>\n<\/div>\n<\/td>\n<\/tr>\n<\/tbody>\n<\/table>\n<p>II.- COMPROMISO<\/p>\n<p>Tras habernos abrevado en las fuentes, Se\u00f1or, vemos con mayor claridad el compromiso que hemos asumido, de servirte en la persona de los pobres, <em>de vivir el estado de sierva, en seguimiento de Jesucris\u00adto, tu hijo, que vino a servir:<\/em><\/p>\n<p>\u00abCuando sirv\u00e1is a los pobres de esta forma, ser\u00e9is verdaderas Hijas de la Caridad, esto es, hijas de Dios, e imitar\u00e9is a Jesucristo\u00bb<sup>19<\/sup>.<\/p>\n<p>Nuestra espiritualidad de siervas nos vincula y une, sobre todo, a la persona de tu Hijo, Jesucristo, reconocido, amado en la persona de los m\u00e1s desgraciados. Son nuestros \u00abmaestros y se\u00f1ores\u00bb. Esta espirituali\u00addad supone el compromiso de todo nuestro ser, y la hace posible el amor. Se\u00f1or, aumenta nuestro amor: que, lejos de ser un servicio de servidum\u00adbres, de obligaciones profesionales, sea para nosotras una necesidad de amor, y que, a trav\u00e9s de la pobreza, ese servicio revele tu amor.<\/p>\n<p>Se\u00f1or, queremos vivir este compromiso en la Compa\u00f1\u00eda, seg\u00fan sus Constituciones y esp\u00edritu propio, como T\u00fa mismo nos lo diste, Se\u00f1or:<\/p>\n<p>\u00abY tampoco se puede dudar de que es Dios el que os ha fundado\u00bb<sup>20<\/sup>. o de nuevo:<\/p>\n<p>\u00abdecir una Hija de la Caridad es decir una hija de Dios\u00bb<sup>21<\/sup>.<\/p>\n<p>1. Leales a las Constituciones, nos comprometemos a vivir un servi\u00adcio de <em>dependencia, en obediencia y humildad, <\/em>servicio que excluye a cualquier otro, pues est\u00e1 inspirado por tu amor. Jesucristo nos ense\u00f1a c\u00f3mo quieres ser servido&#8230; c\u00f3mo nos quieres al servicio de nuestros hermanos&#8230; y san Vicente nos lo recuerda:<\/p>\n<p>\u00abY tras el amor de Dios viene el amor al pr\u00f3jimo; hablo de ese amor sol\u00edcito, de ese amor compasivo y cari\u00f1oso a todos por amor de Dios\u00bb<sup>22<\/sup>.<\/p>\n<p>Insistentemente, los Fundadores nos ense\u00f1aron, que una buena tra\u00adducci\u00f3n del amor es efecto del servicio en la uni\u00f3n, de la comuni\u00f3n entre nosotras.<\/p>\n<p><sup>19<\/sup> IX, 73.<\/p>\n<p><sup>20<\/sup> IX, 415.<\/p>\n<p><sup>21<\/sup> IX, 749.<\/p>\n<p>22 ix<sub>,<\/sub> 955<sub>.<\/sub><\/p>\n<\/div>\n<p>&nbsp;<\/p>\n<div>\n<table width=\"100%\" cellspacing=\"0\" cellpadding=\"0\">\n<tbody>\n<tr>\n<td>\n<div>\n<p>440<\/p>\n<\/div>\n<\/td>\n<\/tr>\n<\/tbody>\n<\/table>\n<p>\u00abPara que no teng\u00e1is todas m\u00e1s que un solo coraz\u00f3n, un solo juicio, una sola voluntad y todas tend\u00e1is a un mismo fin. Por eso vuestra Compa\u00f1\u00eda representa la uni\u00f3n de la Sant\u00edsima Trinidad. \u00bfQu\u00e9 es lo que mantiene y constituye la uni\u00f3n entre el Padre y el Hijo? Que lo que el Padre quiere, lo quiere tambi\u00e9n el Hijo; y son tan conformes que jam\u00e1s el Hijo quiere lo que no quiere el Padre; esto une perfectamente a estas dos divinas personas, que producen la tercera, que es el Esp\u00edritu Santo\u00bb<sup>23<\/sup>.<\/p>\n<p>Se\u00f1or, ot\u00f3rganos la gracia de amar la obediencia, para en verdad hacernos siervas. Si ella falta, san Vicente nos advierte:<\/p>\n<p>\u00ab\u00a1Dios m\u00edo! \u00a1Que haya pobres Hijas de la Caridad que pierden mucho por su culpa! Sirven a los pobres, van y vienen, se matan por no hacer nada, puesto que siguen su propia voluntad\u00bb<sup>24<\/sup>.<\/p>\n<p>Perd\u00f3n, Se\u00f1or, por haber resistido a la obediencia, por nuestras ansias de independencia y de obrar a capricho en detrimento del servi\u00adcio aut\u00e9ntico. Perd\u00f3n por nuestro obstinado orgullo, ante las propuestas de otros&#8230;<\/p>\n<p><em>2. Se\u00f1or, \u00abel servidor no es m\u00e1s grande que el maestro&#8230;\u00bb<\/em><\/p>\n<p>Has hecho, Se\u00f1or, casi una bienaventuranza, para las siervas que nosotras deseamos ser, de esta llamada a la humildad:<\/p>\n<p>\u00abEn verdad, en verdad os digo: no es m\u00e1s el siervo que su amo, ni el enviado<\/p>\n<p>m\u00e1s que el que lo env\u00eda. Sabiendo esto, dichosos ser\u00e9is si lo cumpl\u00eds\u00bb<sup>25<\/sup>.<\/p>\n<p>San Vicente nos indica la puesta en pr\u00e1ctica:<\/p>\n<p>\u00abCrey\u00e9ndose incapaces de hacer nada sin una gracia especial de Dios\u00bb<sup>26<\/sup>.<br \/>\n\u00bb No es m\u00e1s el siervo que su amo, ni el enviado m\u00e1s que el que lo env\u00eda\u00bb<sup>27<\/sup>.<\/p>\n<p>San Vicente y santa Luisa nos provocan, en este intento por imitar a Nuestro Se\u00f1or, en su pasi\u00f3n y muerte de cruz: La Hija de la Caridad, no s\u00f3lo piensa que en nada es exitosa; la verdadera Hija de la Caridad \u00abama el desprecio\u00bb&#8230; Es un lenguaje duro, Se\u00f1or, y pese a la insistencia de san Vicente, me es dif\u00edcil tomar comprometidamente este camino&#8230;<\/p>\n<p><sup>23<\/sup> IX, 956.<\/p>\n<p><sup>24<\/sup> IX, 715.<\/p>\n<p><sup>25<\/sup> Jn 13, 16-17.<\/p>\n<p><sup>26<\/sup> IX, 831.<\/p>\n<p><sup>27<\/sup> Jn 13, 16.<\/p>\n<\/div>\n<p>&nbsp;<\/p>\n<div>\n<table width=\"100%\" cellspacing=\"0\" cellpadding=\"0\">\n<tbody>\n<tr>\n<td>\n<div>\n<p>441<\/p>\n<\/div>\n<\/td>\n<\/tr>\n<\/tbody>\n<\/table>\n<p>Sin embargo, obligada por la actualidad, reconozco en este desprecio el mayor sufrimiento de los pobres de hoy, \u00abse\u00f1ores y maestros\u00bb m\u00edos; tal es el frecuente objeto de sus reivindicaciones. \u00bfC\u00f3mo puedo esperar comprenderles, entrar en verdadera comuni\u00f3n con ellos?<\/p>\n<p>\u00abNo es m\u00e1s el siervo que su amo&#8230; \u00abSabiendo esto, dichosos ser\u00e9is si lo cumpl\u00eds\u00bb<sup>28<\/sup>.<\/p>\n<p>Esta promesa de dicha, Se\u00f1or, sigue al Lavatorio de los pies. Me ense\u00f1a el g\u00e9nero de servicio y el estilo de vida que esperas: servicio asumido en el amor, servicio justificado por el amor. Y para que no pen\u00adsemos que se trata de una met\u00e1fora, T\u00fa ejecutas ese preciso gesto, Se\u00f1or. Es la se\u00f1al por la que seremos reconocidas como disc\u00edpulas tuyas:<\/p>\n<p>\u00abVosotros tambi\u00e9n deb\u00e9is lavaros los pies unos a otros\u00bb.<\/p>\n<p>Atenta a esta recomendaci\u00f3n, santa Luisa nos quiere prestas a las \u00abfunciones m\u00e1s bajas y viles\u00bb y a todos los \u00abpeque\u00f1os servicios\u00bb que nos har\u00e1n ser \u00ablos \u00faltimos y m\u00e1s peque\u00f1os en el hospital\u00bb.<\/p>\n<p>\u00abSalvador m\u00edo, conc\u00e9deme la gracia de que no busque el ser estimada, sino que ame los quehaceres m\u00e1s bajos, y el \u00faltimo lugar\u00bb<sup>29<\/sup>.<\/p>\n<p>Se\u00f1or, T\u00fa nos quieres tan cercanas a nuestros se\u00f1ores y maestros, que lleguen a reconocernos como alguien de los suyos:<\/p>\n<p>&#8211;\u00a0\u00a0\u00a0\u00a0\u00a0 por nuestros servicios humildes, fraternos, sin reticencia,<\/p>\n<p>&#8211;\u00a0\u00a0\u00a0\u00a0\u00a0 por nuestra conversaci\u00f3n sencilla, directa, verdadera,<\/p>\n<p>&#8211;\u00a0\u00a0\u00a0\u00a0\u00a0 por todo nuestro ser que traduce nuestro estatuto de siervas.<\/p>\n<p>Las manos de una sierva, por ejemplo, llevan la marca del trabajo: el esfuerzo ha configurado la piel, las u\u00f1as, toda su estructura. De modo parecido indicar\u00e1 todo nuestro comportamiento, que pertenecemos a la clase de los pobres.<\/p>\n<p>Se\u00f1or, lo s\u00e9, un estilo de vida pobre y frugal forma parte de nuestra identidad. San Vicente me recuerda que, si quiero ser Hija de la Caridad, deber\u00e9 declararme dispuesta <em>a imitar a Nuestro Se\u00f1or en su pobreza<sup>3<\/sup>\u00b0. <\/em>Perd\u00f3n, Se\u00f1or, por mi lentitud en comprender c\u00f3mo definieron los Fun\u00addadores la pobreza:<\/p>\n<p><sup>28<\/sup> Jn 13, 16-17.<\/p>\n<p><sup>29<\/sup> IX, 1071.<\/p>\n<p><sup>3\u00b0<\/sup> IX, 882.<\/p>\n<\/div>\n<p>&nbsp;<\/p>\n<div>\n<table width=\"100%\" cellspacing=\"0\" cellpadding=\"0\">\n<tbody>\n<tr>\n<td>\n<div>\n<p>442<\/p>\n<\/div>\n<\/td>\n<\/tr>\n<\/tbody>\n<\/table>\n<p>\u00abLa pobreza quiere decir que no se tiene la disposici\u00f3n de ninguna cosa y que no se desea poseer nada en privado; pues apenas nos empe\u00f1amos en disponer de algo seg\u00fan nuestra voluntad, entonces dejamos de ser pobres\u00bb<sup>31<\/sup>.<\/p>\n<p>Me comprometo, Se\u00f1or, a vivir seg\u00fan la condici\u00f3n de sierva a la que me has llamado; a recordar la frase de san Vicente:<\/p>\n<p>\u00abHijas m\u00edas, vivamos siempre conforme a nuestra condici\u00f3n y no dej\u00e9is nunca que os traten m\u00e1s que como unas pobres mujeres\u00bb<sup>32<\/sup>.<\/p>\n<p>Y san Vicente baja a detalles (\u00bftengo yo el valor de bajar a detalles?):<\/p>\n<p>\u00abY por eso ten\u00e9is que juzgaros dichosas de tener unas reglas que os obli\u00adgan no solamente a servir a los pobres, sino tambi\u00e9n a pareceros a ellos en lo que com\u00e9is\u00bb<sup>33<\/sup>.<\/p>\n<p>Se\u00f1or, la pobreza me atormenta, me sorprendo una y otra vez en trance de desv\u00edo hacia la posesi\u00f3n de algo&#8230; San Vicente resume las exi\u00adgencias de la pobreza:<\/p>\n<p>\u00abLa pobreza obliga a no desear m\u00e1s que a Dios&#8230; Pide que se deje todo y que no se tenga nada propio\u00bb<sup>34<\/sup>.<\/p>\n<p>Me inquieta el ser remisa frente a toda puesta en com\u00fan, material o espiritual. \u00bfMe oriento verdadera y espont\u00e1neamente hacia el \u00abcompar\u00adtir\u00bb, cuyo ejemplo me dan los pobres?<\/p>\n<p>\u00ab\u00bfQuer\u00e9is entregaros a Nuestro Se\u00f1or desde ahora, con el prop\u00f3sito&#8230; tener cuidado de conservar el dinero de los pobres m\u00e1s todav\u00eda que si fuera vuestro, ya que es de Nuestro Se\u00f1or, puesto que pertenece a sus miembros?\u00bb<sup>35<\/sup>.<\/p>\n<p>Hay un mutuo reclamo entre el esfuerzo por nuestra pobreza y nues\u00adtro servicio a los pobres.<\/p>\n<p>Me comprometo tambi\u00e9n a trabajar en la <em>dulzura&#8230; <\/em>Se\u00f1or, T\u00fa la asociaste a la humildad del servidor, al respeto que el amor conlleva.<\/p>\n<p><sup>31<\/sup> IX, 883.<\/p>\n<p><sup>32<\/sup> IX, 924.<\/p>\n<p><sup>33<\/sup> IX, 976.<\/p>\n<p><sup>34<\/sup> IX, 818.<\/p>\n<p><sup>35<\/sup> IX, 904.<\/p>\n<\/div>\n<p>&nbsp;<\/p>\n<div>\n<table width=\"100%\" cellspacing=\"0\" cellpadding=\"0\">\n<tbody>\n<tr>\n<td>\n<div>\n<p>443<\/p>\n<\/div>\n<\/td>\n<\/tr>\n<\/tbody>\n<\/table>\n<p>La dulzura excluye palabras agresivas, la impaciencia, y abre los cora\u00adzones. Permite la escucha, el intercambio. Introduce la confianza:<\/p>\n<p>\u00abAprended de m\u00ed que soy manso y humilde de coraz\u00f3n y hallar\u00e9is descanso para vuestras almas\u00bb<sup>36<\/sup>.<\/p>\n<p>Se\u00f1or, me pregunto si de verdad he comprendido la invitaci\u00f3n que me haces, \u00abaprender de Ti\u00bb, para estar entre los pobres y entre mis her\u00admanas como \u00abalguien que sirve\u00bb, con mansedumbre y humildad.<\/p>\n<p>Con vigor renovado, pues, Se\u00f1or, gracias al \u00abagua de las fuentes\u00bb, me comprometo a ser en el mundo de hoy, verdadera sierva tuya, pues\u00adta al servicio de tus miembros m\u00e1s desafortunados. Ser verdaderamen\u00adte sierva de tu Hijo Jesucristo, al que me representan. Ser sierva obe\u00addiente, pobre, humilde, dulce, movida de amor y respeto. Pero, Se\u00f1or, soy consciente de las dificultades del servicio, de los obst\u00e1culos a ven\u00adcer, de las desviaciones que amenazan introducirse en esta espirituali\u00addad de sierva.<\/p>\n<p>Uno de los obst\u00e1culos, insidioso y permanente, del que san Vicente hablaba ya a las primeras Hermanas: Se\u00f1or, es el <em>dinero. <\/em>Su poder se enfrenta a nosotras en todo tiempo; <em>no hay <\/em>situaci\u00f3n misionera que est\u00e9 al resguardo de su fuerza de atracci\u00f3n, ante las posibilidades que brinda. San Vicente nos previno:<\/p>\n<p>\u00abEsa necesidad de administrar dinero lleva consigo el peligro de apropi\u00e1r\u00adselo, si no anda uno con mucho cuidado&#8230; El dinero tuvo fuerza suficiente para corromper a Judas, que hab\u00eda estado en la escuela de Nuestro Se\u00f1or&#8230; El demonio empez\u00f3 a tentarle: fue por la avaricia. Y poco a poco fue atesorando dinero. Cuando tuvo ya algo de dinero en su bolsillo, cay\u00f3 en una apat\u00eda tan grande ante las cosas santas, que no pod\u00eda ya sufrir que le hablaran de Nuestro Se\u00f1or\u00bb<sup>37<\/sup>.<\/p>\n<p>San Vicente comenta toda esta p\u00e1gina evang\u00e9lica y confiesa:<\/p>\n<p>\u00abEste es el motivo, mis queridas hermanas, de que una de las cosas de que tengo m\u00e1s miedo es del manejo del dinero; si uno no es fiel en este punto, es la perdici\u00f3n de la Compa\u00f1\u00eda. Y les ruego a las hermanas encargadas de la formaci\u00f3n de las que van llegando que les inculquen mucho cuidado en este punto&#8230; \u00a1A los pobres! \u00a1Dios m\u00edo! \u00a1A los pobres! \u00a1Y entonces se lo rob\u00e1is a Dios mismo!\u00bb<sup>38<\/sup>.<\/p>\n<p>Mt 11, 29.<\/p>\n<p><sup>37<\/sup> IX, 893-895.<\/p>\n<p><sup>38<\/sup> IX, 896-897.<\/p>\n<\/div>\n<p>&nbsp;<\/p>\n<div>\n<table width=\"100%\" cellspacing=\"0\" cellpadding=\"0\">\n<tbody>\n<tr>\n<td>\n<div>\n<p>444<\/p>\n<\/div>\n<\/td>\n<\/tr>\n<\/tbody>\n<\/table>\n<p>\u00bfTengo yo este misma inquietud?<\/p>\n<p>Por parte suya, santa Luisa advierte a una Hermana:<\/p>\n<p>\u00abYo creo que la causa de la mayor parte de las faltas que comete es que maneja usted dinero y de que siempre le ha gustado tenerlo. Si quiere seguir mi consejo, desh\u00e1gase de esa afici\u00f3n&#8230; de otro modo, dudo mucho de su perseverancia\u00bb<sup>39<\/sup>.<\/p>\n<p>Pero de nuevo hoy, Se\u00f1or, existe la tentaci\u00f3n \u00abdinero\u00bb, bajo formas derivadas, que pueden llamarse: solidaridad profesional o necesidad de seguridad, deber de previsi\u00f3n y de seguridad. En realidad, el dinero eli\u00admina verdaderos valores: la gratuidad y la confianza en el Providencia -tema particularmente querido a san Vicente-. En el trabajo, el imperia\u00adlismo del dinero nos envuelve, con la profesionalizaci\u00f3n absoluta, en la insidia invasora de la publicidad&#8230; Nada semejante existe en los pa\u00edses socialistas de estricta observancia: los carteles de las carreteras se des\u00adtinan a otra manera de servidumbre, la de los slogans pol\u00edticos&#8230; Ahora bien, no nos enga\u00f1emos: es siempre el dinero quien lo hace posible. El dinero es una forma de presi\u00f3n, y cuando genera un cierto poder, va acompa\u00f1ado de orgullo, de ego\u00edsta ceguera: el rico, absorto en su fes\u00adt\u00edn, no ve a L\u00e1zaro&#8230;<\/p>\n<p>Se\u00f1or, la sierva ha de ver la indigencia de sus amos, los pobres. S\u00f3lo el amor da esa percepci\u00f3n, y ella permite que esos amos nos lla\u00admen \u00abamigas\u00bb:<\/p>\n<p>\u00abNo os llamo ya siervos, porque el siervo no sabe lo que hace su amo\u00bb.<\/p>\n<p>S\u00ed, queremos comprender, Se\u00f1or, y adherirnos desde el fondo del coraz\u00f3n a lo que T\u00fa nos pides, por amor a los pobres:<\/p>\n<p>\u00abA vosotros os he llamado amigos, porque todo lo que he o\u00eddo a mi Padre os lo he dado a conocer\u00bb<sup>40<\/sup>.<\/p>\n<p>Me invitas, Se\u00f1or, a pasar, del estado del \u00abservidor-mercenario\u00bb al del \u00abservidor-amigo\u00bb&#8230;, que contin\u00faa sirviendo sin medir el trabajo, el tiempo, por el peso de la moneda. El servidor-amigo rechaza los servi\u00adcios hechos por un salario, por la limitaci\u00f3n y por el condicionamiento de la profesionalizaci\u00f3n. El servidor-amigo tiende sin cesar al don radical<\/p>\n<p><sup>39<\/sup> SLM, 32. <sup>4<\/sup>\u00b0 Jn 15, 15.<\/p>\n<\/div>\n<p>&nbsp;<\/p>\n<div>\n<table width=\"100%\" cellspacing=\"0\" cellpadding=\"0\">\n<tbody>\n<tr>\n<td>\n<div>\n<p>445<\/p>\n<\/div>\n<\/td>\n<\/tr>\n<\/tbody>\n<\/table>\n<p>de s\u00ed mismo y de su amistad a trav\u00e9s del servicio. Se\u00f1or, si desechamos el amor sin l\u00edmite del \u00abdon total\u00bb que quiere ocupar nuestras vidas, \u00bfsomos todav\u00eda siervas tuyas?<\/p>\n<p>Al contemplar ciertas reproducciones del <em>Lavatorio de los pies, <\/em>de Plougastel (1601-1604), intentaremos sondear la profundidad de la ter\u00adnura de Jesucristo, de rodillas prestando este servicio, la respetuosa dulzura en el gesto de sus manos, queremos \u00abaprender de \u00c9l\u00bb&#8230;<\/p>\n<p>Henos aqu\u00ed frente a frente de las exigencias de esta espiritualidad vicenciana que nos compromete en el servicio de los pobres y compren\u00adderemos tanto mejor que exige el esp\u00edritu vigilante de renuncia, lo que san Vicente dec\u00eda a la Se\u00f1orita habl\u00e1ndole de las primeras Hermanas:<\/p>\n<p>\u00abSer\u00e1 conveniente que les diga en qu\u00e9 consisten las virtudes s\u00f3lidas, espe\u00adcialmente la de la mortificaci\u00f3n interior y exterior\u00bb<sup>41<\/sup>.<\/p>\n<p>Conocemos el pensamiento de san Vicente, que recoge el de san Pablo:<\/p>\n<p>\u00abLlevamos siempre en nuestros cuerpos por todas partes la muerte de<br \/>\nJes\u00fas, a fin de que tambi\u00e9n la vida de Jes\u00fas se manifieste en nuestro cuer-<br \/>\npo&#8230; De modo que la muerte act\u00faa en nosotros, mas en vosotros la vida\u00bb<sup>42<\/sup>.<\/p>\n<p>Se\u00f1or, sabemos que la fecundidad misionera se vincula a nuestra comprensi\u00f3n de este misterio de muerte y vida&#8230; Para lo exterior: en lo concreto del servicio; para lo interior: en las disposiciones del coraz\u00f3n:<\/p>\n<p>\u00abEs menester que las Hijas de la Caridad est\u00e9n dispuestas a mortificarse en todas estas cosas necesarias\u00bb<sup>43<\/sup>.<\/p>\n<p>Realizado en uni\u00f3n con Jesucristo, el servicio, cualquiera que sea, se hace entonces m\u00e1s f\u00e1cil.<\/p>\n<p>Se\u00f1or, te damos gracias por el esp\u00edritu de la vocaci\u00f3n <em>y el amor al trabajo, <\/em>necesario a la sierva:<\/p>\n<p>\u00abVuestro trabajo tiene que tener la finalidad de honrar el trabajo fatigoso y duro de Nuestro Se\u00f1or en la tierra&#8230; est\u00e1is trabajando en el servicio del pr\u00f3\u00adjimo, que es tan estimado por Dios que cree como hecho a s\u00ed mismo lo que se hace para consuelo de los dem\u00e1s\u00bb<sup>44<\/sup>.<\/p>\n<p><sup>41<\/sup> I, 305<\/p>\n<p><sup>42<\/sup> 2 Cor 4, 10, 12.<\/p>\n<p><sup>43<\/sup> IX, 971.<\/p>\n<p><sup>44<\/sup> IX, 451.<\/p>\n<\/div>\n<p>&nbsp;<\/p>\n<div>\n<table width=\"100%\" cellspacing=\"0\" cellpadding=\"0\">\n<tbody>\n<tr>\n<td>\n<div>\n<p>446<\/p>\n<\/div>\n<\/td>\n<\/tr>\n<\/tbody>\n<\/table>\n<p>En la enc\u00edclica \u00abEl trabajo humano\u00bb, la Iglesia nos presenta hoy esta misma espiritualidad del trabajo<sup>45<\/sup>. As\u00ed nos llamas T\u00fa, Se\u00f1or, a luchar con\u00adtra la secularizaci\u00f3n de nuestras actividades. Te pedimos \u00abla valent\u00eda de resistir a las corrientes de secularizaci\u00f3n, y para ser aquello que hemos sido llamadas a ser\u00bb (Padre McCullen): siervas de los pobres, humildes, dulces, entregadas del todo a tus miembros sufrientes. Pon en nuestro coraz\u00f3n la certeza de que el testimonio y el servicio vicencianos se expre\u00adsan en t\u00e9rminos de <em>diferencia, <\/em>en una sociedad de consumo, de segu\u00adridades, de ventajas calculadas, de banalidad, de violencia, de indife\u00adrencia. Te pedimos la gracia de dejarnos empapar por nuestras fuentes: tu vida, los Fundadores, la voz de tu Iglesia, para que, nuestras expresio\u00adnes espont\u00e1neas en nuestros compromisos, revelen finalmente nuestra \u00fanica referencia: Jesucristo, tu Hijo, que vino a traer la Buena Nueva a los pobres, y a salvarnos a todos, en cuanto <em>servidor <\/em>de tu designio de Amor.<\/p>\n<p>Las actitudes de la sierva, seg\u00fan el coraz\u00f3n de san Vicente y de santa Luisa, tienen su ilustraci\u00f3n en las rese\u00f1as sobre las primeras Her\u00admanas, cuando \u00e9stas hab\u00edan vuelto a Ti, Se\u00f1or. Los hechos de su vida que registran sus compa\u00f1eras testimonian esa confianza absoluta que lleva a la sobriedad y a la pobreza evang\u00e9lica. Sencillas ellas mismas, hacen aprecio de las cosas sencillas, y hallan la dicha en el servicio, y en todo lo que es sencillo y modesto. Muy a menudo, exigentes, severas hacia s\u00ed mismas, son muy generosas con los pobres, les brindan verda\u00addera amistad, conscientes de los derechos que sobre ellas tienen. Impe\u00adlidas por el esp\u00edritu de Jesucristo, son desprendidas, y est\u00e1n prestas a dejarlo todo por otro servicio. Encuentran esto l\u00f3gico, pues est\u00e1n en rea\u00adlidad al servicio del amor. En este esp\u00edritu de total desinter\u00e9s, descubren el gozo m\u00e1s profundo, el actuar con Jesucristo para los pobres.<\/p>\n<p><em>\u00a1Oh \u00fanica Madre nuestra\/Te <\/em>contemplamos apresur\u00e1ndote a prestar servicio a Isabel. Dios mora en ti, y su caridad te apremia&#8230; \u00a1Oh Mar\u00eda!, obt\u00e9nnos esta prisa amorosa por acercarnos a los pobres. Mu\u00e9stratenos presente en nuestro dif\u00edcil caminar. \u00a1Se\u00f1ora nuestra de la Visitaci\u00f3n!, sost\u00e9n nuestros esfuerzos de humildad, para que la alegr\u00eda de la verda\u00addera sierva resplandezca en nosotras.<\/p>\n<p>\u00a1Oh Virgen Mar\u00eda!, te contemplamos tambi\u00e9n en Can\u00e1&#8230; Mant\u00e9n nues\u00adtra firme esperanza en tu Hijo Jes\u00fas, m\u00e1s all\u00e1 de los recursos humanos. Que nuestra vida de siervas de los pobres <em>les abra, <\/em>por tu intercesi\u00f3n, <em>al evangelio<sup>46<\/sup>.<\/em><\/p>\n<p><sup>45<\/sup> Juan Pablo II, <em>Laborem exercens, 24-27.<\/em><\/p>\n<p><sup>46<\/sup> Puebla, n. 300.<\/p>\n<\/div>\n<p>&nbsp;<\/p>\n<table width=\"100%\" cellspacing=\"0\" cellpadding=\"0\">\n<tbody>\n<tr>\n<td>\n<div>\n<p>447<\/p>\n<\/div>\n<\/td>\n<\/tr>\n<\/tbody>\n<\/table>\n<p>Te contemplo, \u00a1oh Mar\u00eda!, en tus treinta a\u00f1os de vida oculta con Jes\u00fas, tu Hijo, sierva activa y amante en las humildes labores diarias, en servicio suyo y de Jos\u00e9, en las que se unen a ti hoy tantas madres de familia.<\/p>\n<p>Te contemplo, \u00a1oh Mar\u00eda!, en esos tres a\u00f1os de vida p\u00fablica, pre\u00adsencia discreta y disponible. All\u00ed est\u00e1s t\u00fa, acompa\u00f1ando a tu Hijo hasta la cruz, para recoger aquel \u00faltimo ruego de \u00abrecibirnos\u00bb&#8230; Te miro, y pienso en las madres de tantos militantes, condenados y torturados por la justicia, las cuales se te unen en su ansiedad y sufrimiento.<\/p>\n<p>\u00a1Oh Virgen Mar\u00eda!, danos este sentido del \u00abservicio de acompa\u00ad\u00f1amiento\u00bb, fuerte en la fe, firme en la esperanza, testimonio de amor absoluto.<\/p>\n","protected":false},"excerpt":{"rendered":"<p>Junio de 1982 Propongo que esta ma\u00f1ana se oriente la meditaci\u00f3n seg\u00fan dos l\u00edneas de pensamiento: I &#8211; vuelta a las fuentes de la \u00abespiritualidad de la sierva\u00bb, II &#8211; c\u00f3mo comprometerse. Luego, para concluir, &#8230; <a href=\"https:\/\/vincentians.com\/es\/lucia-roge-formar-hermanas-capaces-de-servir\/\" class=\"more-link\">Read More<\/a><\/p>\n","protected":false},"author":4,"featured_media":398623,"comment_status":"open","ping_status":"open","sticky":false,"template":"","format":"standard","meta":{"jetpack_post_was_ever_published":false,"_jetpack_newsletter_access":"","_jetpack_dont_email_post_to_subs":false,"_jetpack_newsletter_tier_id":0,"_jetpack_memberships_contains_paywalled_content":false,"_jetpack_memberships_contains_paid_content":false,"footnotes":"","jetpack_publicize_message":"","jetpack_publicize_feature_enabled":true,"jetpack_social_post_already_shared":true,"jetpack_social_options":{"image_generator_settings":{"template":"highway","default_image_id":0,"font":"","enabled":false},"version":2}},"categories":[276],"tags":[],"class_list":["post-41757","post","type-post","status-publish","format-standard","has-post-thumbnail","hentry","category-escritos-de-lucia-roge"],"yoast_head":"<!-- This site is optimized with the Yoast SEO plugin v26.3 - https:\/\/yoast.com\/wordpress\/plugins\/seo\/ -->\n<title>Luc\u00eda Rog\u00e9: Formar Hermanas capaces de servir... - Somos Vicencianos<\/title>\n<meta name=\"robots\" content=\"index, follow, max-snippet:-1, max-image-preview:large, max-video-preview:-1\" \/>\n<link rel=\"canonical\" href=\"https:\/\/vincentians.com\/es\/lucia-roge-formar-hermanas-capaces-de-servir\/\" \/>\n<meta property=\"og:locale\" content=\"es_ES\" \/>\n<meta property=\"og:type\" content=\"article\" \/>\n<meta property=\"og:title\" content=\"Luc\u00eda Rog\u00e9: Formar Hermanas capaces de servir... - Somos Vicencianos\" \/>\n<meta property=\"og:description\" content=\"Junio de 1982 Propongo que esta ma\u00f1ana se oriente la meditaci\u00f3n seg\u00fan dos l\u00edneas de pensamiento: I &#8211; vuelta a las fuentes de la \u00abespiritualidad de la sierva\u00bb, II &#8211; c\u00f3mo comprometerse. Luego, para concluir, ... Read More\" \/>\n<meta property=\"og:url\" content=\"https:\/\/vincentians.com\/es\/lucia-roge-formar-hermanas-capaces-de-servir\/\" \/>\n<meta property=\"og:site_name\" content=\"Somos Vicencianos\" \/>\n<meta property=\"article:publisher\" content=\"https:\/\/www.facebook.com\/WeAreVincentians\/\" \/>\n<meta property=\"article:author\" content=\"https:\/\/www.facebook.com\/JavierChento\" \/>\n<meta property=\"article:published_time\" content=\"2021-01-16T07:59:51+00:00\" \/>\n<meta property=\"og:image\" content=\"https:\/\/i0.wp.com\/vincentians.com\/es\/wp-content\/uploads\/sites\/11\/2016\/07\/escritos-lucia-roge.jpg?fit=1200%2C630&ssl=1\" \/>\n\t<meta property=\"og:image:width\" content=\"1200\" \/>\n\t<meta property=\"og:image:height\" content=\"630\" \/>\n\t<meta property=\"og:image:type\" content=\"image\/jpeg\" \/>\n<meta name=\"author\" content=\"Francisco Javier Fern\u00e1ndez Chento\" \/>\n<meta name=\"twitter:card\" content=\"summary_large_image\" \/>\n<meta name=\"twitter:creator\" content=\"@https:\/\/twitter.com\/javierchento\" \/>\n<meta name=\"twitter:site\" content=\"@WeVincentians\" \/>\n<meta name=\"twitter:label1\" content=\"Escrito por\" \/>\n\t<meta name=\"twitter:data1\" content=\"Francisco Javier Fern\u00e1ndez Chento\" \/>\n\t<meta name=\"twitter:label2\" content=\"Tiempo de lectura\" \/>\n\t<meta name=\"twitter:data2\" content=\"22 minutos\" \/>\n<script type=\"application\/ld+json\" class=\"yoast-schema-graph\">{\"@context\":\"https:\/\/schema.org\",\"@graph\":[{\"@type\":\"Article\",\"@id\":\"https:\/\/vincentians.com\/es\/lucia-roge-formar-hermanas-capaces-de-servir\/#article\",\"isPartOf\":{\"@id\":\"https:\/\/vincentians.com\/es\/lucia-roge-formar-hermanas-capaces-de-servir\/\"},\"author\":{\"name\":\"Francisco Javier Fern\u00e1ndez Chento\",\"@id\":\"http:\/\/vincentians.com\/es\/#\/schema\/person\/9623ef4d9aa3b2dfb8c061f1499288f2\"},\"headline\":\"Luc\u00eda Rog\u00e9: Formar Hermanas capaces de servir&#8230;\",\"datePublished\":\"2021-01-16T07:59:51+00:00\",\"mainEntityOfPage\":{\"@id\":\"https:\/\/vincentians.com\/es\/lucia-roge-formar-hermanas-capaces-de-servir\/\"},\"wordCount\":4357,\"commentCount\":0,\"publisher\":{\"@id\":\"http:\/\/vincentians.com\/es\/#organization\"},\"image\":{\"@id\":\"https:\/\/vincentians.com\/es\/lucia-roge-formar-hermanas-capaces-de-servir\/#primaryimage\"},\"thumbnailUrl\":\"https:\/\/i0.wp.com\/vincentians.com\/es\/wp-content\/uploads\/sites\/11\/2016\/07\/escritos-lucia-roge.jpg?fit=1200%2C630&ssl=1\",\"articleSection\":[\"Escritos de Luc\u00eda Rog\u00e9\"],\"inLanguage\":\"es\",\"potentialAction\":[{\"@type\":\"CommentAction\",\"name\":\"Comment\",\"target\":[\"https:\/\/vincentians.com\/es\/lucia-roge-formar-hermanas-capaces-de-servir\/#respond\"]}]},{\"@type\":\"WebPage\",\"@id\":\"https:\/\/vincentians.com\/es\/lucia-roge-formar-hermanas-capaces-de-servir\/\",\"url\":\"https:\/\/vincentians.com\/es\/lucia-roge-formar-hermanas-capaces-de-servir\/\",\"name\":\"Luc\u00eda Rog\u00e9: Formar Hermanas capaces de servir... - Somos Vicencianos\",\"isPartOf\":{\"@id\":\"http:\/\/vincentians.com\/es\/#website\"},\"primaryImageOfPage\":{\"@id\":\"https:\/\/vincentians.com\/es\/lucia-roge-formar-hermanas-capaces-de-servir\/#primaryimage\"},\"image\":{\"@id\":\"https:\/\/vincentians.com\/es\/lucia-roge-formar-hermanas-capaces-de-servir\/#primaryimage\"},\"thumbnailUrl\":\"https:\/\/i0.wp.com\/vincentians.com\/es\/wp-content\/uploads\/sites\/11\/2016\/07\/escritos-lucia-roge.jpg?fit=1200%2C630&ssl=1\",\"datePublished\":\"2021-01-16T07:59:51+00:00\",\"breadcrumb\":{\"@id\":\"https:\/\/vincentians.com\/es\/lucia-roge-formar-hermanas-capaces-de-servir\/#breadcrumb\"},\"inLanguage\":\"es\",\"potentialAction\":[{\"@type\":\"ReadAction\",\"target\":[\"https:\/\/vincentians.com\/es\/lucia-roge-formar-hermanas-capaces-de-servir\/\"]}]},{\"@type\":\"ImageObject\",\"inLanguage\":\"es\",\"@id\":\"https:\/\/vincentians.com\/es\/lucia-roge-formar-hermanas-capaces-de-servir\/#primaryimage\",\"url\":\"https:\/\/i0.wp.com\/vincentians.com\/es\/wp-content\/uploads\/sites\/11\/2016\/07\/escritos-lucia-roge.jpg?fit=1200%2C630&ssl=1\",\"contentUrl\":\"https:\/\/i0.wp.com\/vincentians.com\/es\/wp-content\/uploads\/sites\/11\/2016\/07\/escritos-lucia-roge.jpg?fit=1200%2C630&ssl=1\",\"width\":1200,\"height\":630},{\"@type\":\"BreadcrumbList\",\"@id\":\"https:\/\/vincentians.com\/es\/lucia-roge-formar-hermanas-capaces-de-servir\/#breadcrumb\",\"itemListElement\":[{\"@type\":\"ListItem\",\"position\":1,\"name\":\"Portada\",\"item\":\"http:\/\/vincentians.com\/es\/\"},{\"@type\":\"ListItem\",\"position\":2,\"name\":\"Luc\u00eda Rog\u00e9: Formar Hermanas capaces de servir&#8230;\"}]},{\"@type\":\"WebSite\",\"@id\":\"http:\/\/vincentians.com\/es\/#website\",\"url\":\"http:\/\/vincentians.com\/es\/\",\"name\":\"Somos Vicencianos\",\"description\":\"Know more to serve more\",\"publisher\":{\"@id\":\"http:\/\/vincentians.com\/es\/#organization\"},\"potentialAction\":[{\"@type\":\"SearchAction\",\"target\":{\"@type\":\"EntryPoint\",\"urlTemplate\":\"http:\/\/vincentians.com\/es\/?s={search_term_string}\"},\"query-input\":{\"@type\":\"PropertyValueSpecification\",\"valueRequired\":true,\"valueName\":\"search_term_string\"}}],\"inLanguage\":\"es\"},{\"@type\":\"Organization\",\"@id\":\"http:\/\/vincentians.com\/es\/#organization\",\"name\":\"The Vincentian Network\",\"url\":\"http:\/\/vincentians.com\/es\/\",\"logo\":{\"@type\":\"ImageObject\",\"inLanguage\":\"es\",\"@id\":\"http:\/\/vincentians.com\/es\/#\/schema\/logo\/image\/\",\"url\":\"https:\/\/i1.wp.com\/vincentians.com\/es\/wp-content\/uploads\/sites\/11\/2016\/06\/Vincentian-Network-logo-big.png?fit=778%2C778\",\"contentUrl\":\"https:\/\/i1.wp.com\/vincentians.com\/es\/wp-content\/uploads\/sites\/11\/2016\/06\/Vincentian-Network-logo-big.png?fit=778%2C778\",\"width\":778,\"height\":778,\"caption\":\"The Vincentian Network\"},\"image\":{\"@id\":\"http:\/\/vincentians.com\/es\/#\/schema\/logo\/image\/\"},\"sameAs\":[\"https:\/\/www.facebook.com\/WeAreVincentians\/\",\"https:\/\/x.com\/WeVincentians\"]},{\"@type\":\"Person\",\"@id\":\"http:\/\/vincentians.com\/es\/#\/schema\/person\/9623ef4d9aa3b2dfb8c061f1499288f2\",\"name\":\"Francisco Javier Fern\u00e1ndez Chento\",\"image\":{\"@type\":\"ImageObject\",\"inLanguage\":\"es\",\"@id\":\"http:\/\/vincentians.com\/es\/#\/schema\/person\/image\/\",\"url\":\"https:\/\/secure.gravatar.com\/avatar\/497d5cde87b4c3d097d0315953521681ba2cd523ee66e5077c3711f7021e65de?s=96&d=mm&r=g\",\"contentUrl\":\"https:\/\/secure.gravatar.com\/avatar\/497d5cde87b4c3d097d0315953521681ba2cd523ee66e5077c3711f7021e65de?s=96&d=mm&r=g\",\"caption\":\"Francisco Javier Fern\u00e1ndez Chento\"},\"description\":\"Director General y cofundador de La Red de Formaci\u00f3n Vicenciana. Javier es laico vicenciano, afiliado a la Congregaci\u00f3n de la Misi\u00f3n y miembro del Equipo de Misiones Populares de la provincia can\u00f3nica de Zaragoza (Espa\u00f1a) de la Congregaci\u00f3n de la Misi\u00f3n. Graduado en la Universidad Oberta de Catalunya con cuatro grados (Asistente de direcci\u00f3n, Gesti\u00f3n Administrativa, Recursos Humanos y Contabilidad Avanzada). Bil\u00edng\u00fce Espa\u00f1ol\/Ingl\u00e9s. gestiona y mantiene varias p\u00e1ginas web cristianas y vicencianas, incluida including La Red de Formaci\u00f3n Vicenciana, de la que es cofundador. Actualmente es responsable del \u00e1rea de Espa\u00f1ol de .famvin, la Red de Noticias de la Familia Vicenciana. Tambi\u00e9n es m\u00fasico cat\u00f3lico y ha editado varios discos. Es Director General y cofundador de Trovador, una reconocida compa\u00f1\u00eda discogr\u00e1fica critiana de Espa\u00f1a. Trabaja en las Tecnolog\u00edas de la Informaci\u00f3n, ofreciendo servicios de alojamiento, dise\u00f1o y mantenimiento Web, as\u00ed como asesoramiento, formaci\u00f3n y soluciones inform\u00e1ticas, gesti\u00f3n documental y digitalizaci\u00f3n de textos, edici\u00f3n y maquetaci\u00f3n de libros, revistas, flyers, etc.\",\"sameAs\":[\"http:\/\/chento.org\",\"https:\/\/www.facebook.com\/JavierChento\",\"https:\/\/x.com\/https:\/\/twitter.com\/javierchento\"],\"url\":\"https:\/\/vincentians.com\/es\/author\/chento\/\"}]}<\/script>\n<!-- \/ Yoast SEO plugin. -->","yoast_head_json":{"title":"Luc\u00eda Rog\u00e9: Formar Hermanas capaces de servir... - Somos Vicencianos","robots":{"index":"index","follow":"follow","max-snippet":"max-snippet:-1","max-image-preview":"max-image-preview:large","max-video-preview":"max-video-preview:-1"},"canonical":"https:\/\/vincentians.com\/es\/lucia-roge-formar-hermanas-capaces-de-servir\/","og_locale":"es_ES","og_type":"article","og_title":"Luc\u00eda Rog\u00e9: Formar Hermanas capaces de servir... - Somos Vicencianos","og_description":"Junio de 1982 Propongo que esta ma\u00f1ana se oriente la meditaci\u00f3n seg\u00fan dos l\u00edneas de pensamiento: I &#8211; vuelta a las fuentes de la \u00abespiritualidad de la sierva\u00bb, II &#8211; c\u00f3mo comprometerse. Luego, para concluir, ... Read More","og_url":"https:\/\/vincentians.com\/es\/lucia-roge-formar-hermanas-capaces-de-servir\/","og_site_name":"Somos Vicencianos","article_publisher":"https:\/\/www.facebook.com\/WeAreVincentians\/","article_author":"https:\/\/www.facebook.com\/JavierChento","article_published_time":"2021-01-16T07:59:51+00:00","og_image":[{"width":1200,"height":630,"url":"https:\/\/i0.wp.com\/vincentians.com\/es\/wp-content\/uploads\/sites\/11\/2016\/07\/escritos-lucia-roge.jpg?fit=1200%2C630&ssl=1","type":"image\/jpeg"}],"author":"Francisco Javier Fern\u00e1ndez Chento","twitter_card":"summary_large_image","twitter_creator":"@https:\/\/twitter.com\/javierchento","twitter_site":"@WeVincentians","twitter_misc":{"Escrito por":"Francisco Javier Fern\u00e1ndez Chento","Tiempo de lectura":"22 minutos"},"schema":{"@context":"https:\/\/schema.org","@graph":[{"@type":"Article","@id":"https:\/\/vincentians.com\/es\/lucia-roge-formar-hermanas-capaces-de-servir\/#article","isPartOf":{"@id":"https:\/\/vincentians.com\/es\/lucia-roge-formar-hermanas-capaces-de-servir\/"},"author":{"name":"Francisco Javier Fern\u00e1ndez Chento","@id":"http:\/\/vincentians.com\/es\/#\/schema\/person\/9623ef4d9aa3b2dfb8c061f1499288f2"},"headline":"Luc\u00eda Rog\u00e9: Formar Hermanas capaces de servir&#8230;","datePublished":"2021-01-16T07:59:51+00:00","mainEntityOfPage":{"@id":"https:\/\/vincentians.com\/es\/lucia-roge-formar-hermanas-capaces-de-servir\/"},"wordCount":4357,"commentCount":0,"publisher":{"@id":"http:\/\/vincentians.com\/es\/#organization"},"image":{"@id":"https:\/\/vincentians.com\/es\/lucia-roge-formar-hermanas-capaces-de-servir\/#primaryimage"},"thumbnailUrl":"https:\/\/i0.wp.com\/vincentians.com\/es\/wp-content\/uploads\/sites\/11\/2016\/07\/escritos-lucia-roge.jpg?fit=1200%2C630&ssl=1","articleSection":["Escritos de Luc\u00eda Rog\u00e9"],"inLanguage":"es","potentialAction":[{"@type":"CommentAction","name":"Comment","target":["https:\/\/vincentians.com\/es\/lucia-roge-formar-hermanas-capaces-de-servir\/#respond"]}]},{"@type":"WebPage","@id":"https:\/\/vincentians.com\/es\/lucia-roge-formar-hermanas-capaces-de-servir\/","url":"https:\/\/vincentians.com\/es\/lucia-roge-formar-hermanas-capaces-de-servir\/","name":"Luc\u00eda Rog\u00e9: Formar Hermanas capaces de servir... - Somos Vicencianos","isPartOf":{"@id":"http:\/\/vincentians.com\/es\/#website"},"primaryImageOfPage":{"@id":"https:\/\/vincentians.com\/es\/lucia-roge-formar-hermanas-capaces-de-servir\/#primaryimage"},"image":{"@id":"https:\/\/vincentians.com\/es\/lucia-roge-formar-hermanas-capaces-de-servir\/#primaryimage"},"thumbnailUrl":"https:\/\/i0.wp.com\/vincentians.com\/es\/wp-content\/uploads\/sites\/11\/2016\/07\/escritos-lucia-roge.jpg?fit=1200%2C630&ssl=1","datePublished":"2021-01-16T07:59:51+00:00","breadcrumb":{"@id":"https:\/\/vincentians.com\/es\/lucia-roge-formar-hermanas-capaces-de-servir\/#breadcrumb"},"inLanguage":"es","potentialAction":[{"@type":"ReadAction","target":["https:\/\/vincentians.com\/es\/lucia-roge-formar-hermanas-capaces-de-servir\/"]}]},{"@type":"ImageObject","inLanguage":"es","@id":"https:\/\/vincentians.com\/es\/lucia-roge-formar-hermanas-capaces-de-servir\/#primaryimage","url":"https:\/\/i0.wp.com\/vincentians.com\/es\/wp-content\/uploads\/sites\/11\/2016\/07\/escritos-lucia-roge.jpg?fit=1200%2C630&ssl=1","contentUrl":"https:\/\/i0.wp.com\/vincentians.com\/es\/wp-content\/uploads\/sites\/11\/2016\/07\/escritos-lucia-roge.jpg?fit=1200%2C630&ssl=1","width":1200,"height":630},{"@type":"BreadcrumbList","@id":"https:\/\/vincentians.com\/es\/lucia-roge-formar-hermanas-capaces-de-servir\/#breadcrumb","itemListElement":[{"@type":"ListItem","position":1,"name":"Portada","item":"http:\/\/vincentians.com\/es\/"},{"@type":"ListItem","position":2,"name":"Luc\u00eda Rog\u00e9: Formar Hermanas capaces de servir&#8230;"}]},{"@type":"WebSite","@id":"http:\/\/vincentians.com\/es\/#website","url":"http:\/\/vincentians.com\/es\/","name":"Somos Vicencianos","description":"Know more to serve more","publisher":{"@id":"http:\/\/vincentians.com\/es\/#organization"},"potentialAction":[{"@type":"SearchAction","target":{"@type":"EntryPoint","urlTemplate":"http:\/\/vincentians.com\/es\/?s={search_term_string}"},"query-input":{"@type":"PropertyValueSpecification","valueRequired":true,"valueName":"search_term_string"}}],"inLanguage":"es"},{"@type":"Organization","@id":"http:\/\/vincentians.com\/es\/#organization","name":"The Vincentian Network","url":"http:\/\/vincentians.com\/es\/","logo":{"@type":"ImageObject","inLanguage":"es","@id":"http:\/\/vincentians.com\/es\/#\/schema\/logo\/image\/","url":"https:\/\/i1.wp.com\/vincentians.com\/es\/wp-content\/uploads\/sites\/11\/2016\/06\/Vincentian-Network-logo-big.png?fit=778%2C778","contentUrl":"https:\/\/i1.wp.com\/vincentians.com\/es\/wp-content\/uploads\/sites\/11\/2016\/06\/Vincentian-Network-logo-big.png?fit=778%2C778","width":778,"height":778,"caption":"The Vincentian Network"},"image":{"@id":"http:\/\/vincentians.com\/es\/#\/schema\/logo\/image\/"},"sameAs":["https:\/\/www.facebook.com\/WeAreVincentians\/","https:\/\/x.com\/WeVincentians"]},{"@type":"Person","@id":"http:\/\/vincentians.com\/es\/#\/schema\/person\/9623ef4d9aa3b2dfb8c061f1499288f2","name":"Francisco Javier Fern\u00e1ndez Chento","image":{"@type":"ImageObject","inLanguage":"es","@id":"http:\/\/vincentians.com\/es\/#\/schema\/person\/image\/","url":"https:\/\/secure.gravatar.com\/avatar\/497d5cde87b4c3d097d0315953521681ba2cd523ee66e5077c3711f7021e65de?s=96&d=mm&r=g","contentUrl":"https:\/\/secure.gravatar.com\/avatar\/497d5cde87b4c3d097d0315953521681ba2cd523ee66e5077c3711f7021e65de?s=96&d=mm&r=g","caption":"Francisco Javier Fern\u00e1ndez Chento"},"description":"Director General y cofundador de La Red de Formaci\u00f3n Vicenciana. Javier es laico vicenciano, afiliado a la Congregaci\u00f3n de la Misi\u00f3n y miembro del Equipo de Misiones Populares de la provincia can\u00f3nica de Zaragoza (Espa\u00f1a) de la Congregaci\u00f3n de la Misi\u00f3n. Graduado en la Universidad Oberta de Catalunya con cuatro grados (Asistente de direcci\u00f3n, Gesti\u00f3n Administrativa, Recursos Humanos y Contabilidad Avanzada). Bil\u00edng\u00fce Espa\u00f1ol\/Ingl\u00e9s. gestiona y mantiene varias p\u00e1ginas web cristianas y vicencianas, incluida including La Red de Formaci\u00f3n Vicenciana, de la que es cofundador. Actualmente es responsable del \u00e1rea de Espa\u00f1ol de .famvin, la Red de Noticias de la Familia Vicenciana. Tambi\u00e9n es m\u00fasico cat\u00f3lico y ha editado varios discos. Es Director General y cofundador de Trovador, una reconocida compa\u00f1\u00eda discogr\u00e1fica critiana de Espa\u00f1a. Trabaja en las Tecnolog\u00edas de la Informaci\u00f3n, ofreciendo servicios de alojamiento, dise\u00f1o y mantenimiento Web, as\u00ed como asesoramiento, formaci\u00f3n y soluciones inform\u00e1ticas, gesti\u00f3n documental y digitalizaci\u00f3n de textos, edici\u00f3n y maquetaci\u00f3n de libros, revistas, flyers, etc.","sameAs":["http:\/\/chento.org","https:\/\/www.facebook.com\/JavierChento","https:\/\/x.com\/https:\/\/twitter.com\/javierchento"],"url":"https:\/\/vincentians.com\/es\/author\/chento\/"}]}},"jetpack_publicize_connections":[],"jetpack_featured_media_url":"https:\/\/i0.wp.com\/vincentians.com\/es\/wp-content\/uploads\/sites\/11\/2016\/07\/escritos-lucia-roge.jpg?fit=1200%2C630&ssl=1","jetpack_sharing_enabled":true,"jetpack_shortlink":"https:\/\/wp.me\/p7ETMF-aRv","jetpack-related-posts":[{"id":34767,"url":"https:\/\/vincentians.com\/es\/sor-lucia-roge-un-mensaje-para-nuestro-tiempo\/","url_meta":{"origin":41757,"position":0},"title":"Sor Luc\u00eda Rog\u00e9: Un mensaje para nuestro tiempo&#8230;","author":"Francisco Javier Fern\u00e1ndez Chento","date":"16\/05\/2020","format":false,"excerpt":"Sor Luc\u00eda en sus escritos Su contacto durante catorce a\u00f1os con la Madre Susana Guillemin, en una \u00e9poca de plena actualizaci\u00f3n de la Iglesia y de la Compa\u00f1\u00eda, como fruto del entonces reci\u00e9n celebrado Concilio, y su posici\u00f3n de animadora de las Asambleas Generales llamadas a elaborar las nuevas Constitucio\u00adnes,\u2026","rel":"","context":"En \u00abHijas de la Caridad\u00bb","block_context":{"text":"Hijas de la Caridad","link":"https:\/\/vincentians.com\/es\/category\/la-familia-vicenciana\/ramas\/hijas-de-la-caridad\/"},"img":{"alt_text":"","src":"","width":0,"height":0},"classes":[]},{"id":42385,"url":"https:\/\/vincentians.com\/es\/lucia-roge-maria-maestra-de-la-vida-espiritual\/","url_meta":{"origin":41757,"position":1},"title":"Luc\u00eda Rog\u00e9: Mar\u00eda, maestra de la vida espiritual","author":"Francisco Javier Fern\u00e1ndez Chento","date":"29\/06\/2011","format":false,"excerpt":"Sor Luc\u00eda Rog\u00e9, H.C.Par\u00eds, noviembre de 1975 Arrastradas por una corriente de vida que nos absorbe, corremos el riesgo de olvidar aquello que constituye nuestra caracter\u00edstica familiar. Una vez m\u00e1s, son las Constituciones las que nos recuerdan la realidad profunda de nuestra vocaci\u00f3n: somos una comunidad mariana. Es lo que\u2026","rel":"","context":"En \u00abEscritos de Luc\u00eda Rog\u00e9\u00bb","block_context":{"text":"Escritos de Luc\u00eda Rog\u00e9","link":"https:\/\/vincentians.com\/es\/category\/escritos\/escritos-de-lucia-roge\/"},"img":{"alt_text":"","src":"https:\/\/i0.wp.com\/vincentians.com\/es\/wp-content\/uploads\/sites\/11\/2016\/07\/escritos-lucia-roge.jpg?fit=1200%2C630&ssl=1&resize=350%2C200","width":350,"height":200,"srcset":"https:\/\/i0.wp.com\/vincentians.com\/es\/wp-content\/uploads\/sites\/11\/2016\/07\/escritos-lucia-roge.jpg?fit=1200%2C630&ssl=1&resize=350%2C200 1x, https:\/\/i0.wp.com\/vincentians.com\/es\/wp-content\/uploads\/sites\/11\/2016\/07\/escritos-lucia-roge.jpg?fit=1200%2C630&ssl=1&resize=525%2C300 1.5x, https:\/\/i0.wp.com\/vincentians.com\/es\/wp-content\/uploads\/sites\/11\/2016\/07\/escritos-lucia-roge.jpg?fit=1200%2C630&ssl=1&resize=700%2C400 2x, https:\/\/i0.wp.com\/vincentians.com\/es\/wp-content\/uploads\/sites\/11\/2016\/07\/escritos-lucia-roge.jpg?fit=1200%2C630&ssl=1&resize=1050%2C600 3x"},"classes":[]},{"id":39922,"url":"https:\/\/vincentians.com\/es\/lucia-roge-apertura-del-seminario-en-venezuela\/","url_meta":{"origin":41757,"position":2},"title":"Luc\u00eda Rog\u00e9: Apertura del seminario en Venezuela","author":"Francisco Javier Fern\u00e1ndez Chento","date":"24\/05\/2011","format":false,"excerpt":"6 de julio de 1980 Comienzan ustedes su Seminario y quisiera que comprendieran su responsabilidad. El mismo san Vicente dec\u00eda a las primeras Hermanas que los comienzos son la Edad de Oro, por eso tienen que ser ustedes muy fieles a las exigencias de la vocaci\u00f3n, porque las que vengan\u2026","rel":"","context":"En \u00abEscritos de Luc\u00eda Rog\u00e9\u00bb","block_context":{"text":"Escritos de Luc\u00eda Rog\u00e9","link":"https:\/\/vincentians.com\/es\/category\/escritos\/escritos-de-lucia-roge\/"},"img":{"alt_text":"","src":"https:\/\/i0.wp.com\/vincentians.com\/es\/wp-content\/uploads\/sites\/11\/2016\/07\/escritos-lucia-roge.jpg?fit=1200%2C630&ssl=1&resize=350%2C200","width":350,"height":200,"srcset":"https:\/\/i0.wp.com\/vincentians.com\/es\/wp-content\/uploads\/sites\/11\/2016\/07\/escritos-lucia-roge.jpg?fit=1200%2C630&ssl=1&resize=350%2C200 1x, https:\/\/i0.wp.com\/vincentians.com\/es\/wp-content\/uploads\/sites\/11\/2016\/07\/escritos-lucia-roge.jpg?fit=1200%2C630&ssl=1&resize=525%2C300 1.5x, https:\/\/i0.wp.com\/vincentians.com\/es\/wp-content\/uploads\/sites\/11\/2016\/07\/escritos-lucia-roge.jpg?fit=1200%2C630&ssl=1&resize=700%2C400 2x, https:\/\/i0.wp.com\/vincentians.com\/es\/wp-content\/uploads\/sites\/11\/2016\/07\/escritos-lucia-roge.jpg?fit=1200%2C630&ssl=1&resize=1050%2C600 3x"},"classes":[]},{"id":59370,"url":"https:\/\/vincentians.com\/es\/el-mensaje-de-sor-lucia-roge\/","url_meta":{"origin":41757,"position":3},"title":"El mensaje de Sor Luc\u00eda Rog\u00e9","author":"Francisco Javier Fern\u00e1ndez Chento","date":"15\/05\/2015","format":false,"excerpt":"\"Amar es darlo todo y darse uno mismo\". Este estribillo que acompa\u00f1\u00f3 a Sor Luc\u00eda ROG\u00c9 mientras deposit\u00e1bamos en la tumba sus despojos mortales resume muy bien lo que ella quiso ser y vivir. En su \"testamento espiritual\" pide que no se hable de ella, sobre todo en sus funerales:\u2026","rel":"","context":"En \u00abTestigos vicencianos\u00bb","block_context":{"text":"Testigos vicencianos","link":"https:\/\/vincentians.com\/es\/category\/la-familia-vicenciana\/testigos-vicencianos\/"},"img":{"alt_text":"Sor Luc\u00eda Rog\u00e9, H.C.","src":"https:\/\/i0.wp.com\/vicencianos.org\/wp-content\/2011\/04\/Lucia_Roge-249x300.jpg?resize=350%2C200","width":350,"height":200},"classes":[]},{"id":39923,"url":"https:\/\/vincentians.com\/es\/lucia-roge-bodas-de-oro-del-seminario\/","url_meta":{"origin":41757,"position":4},"title":"Luc\u00eda Rog\u00e9: Bodas de oro del Seminario","author":"Francisco Javier Fern\u00e1ndez Chento","date":"25\/05\/2011","format":false,"excerpt":"Irlanda, 8 de septiembre de 1982 Es una gran alegr\u00eda para m\u00ed estar aqu\u00ed con ustedes, en esta reuni\u00f3n de familia, para celebrar tan grato aniversario y compartir juntas los sen\u00adcillos pensamientos que el Se\u00f1or nos comunica mientras recordamos los cincuenta a\u00f1os de existencia del Seminario. Los Seminarios son c\u00e9lulas\u2026","rel":"","context":"En \u00abEscritos de Luc\u00eda Rog\u00e9\u00bb","block_context":{"text":"Escritos de Luc\u00eda Rog\u00e9","link":"https:\/\/vincentians.com\/es\/category\/escritos\/escritos-de-lucia-roge\/"},"img":{"alt_text":"","src":"https:\/\/i0.wp.com\/vincentians.com\/es\/wp-content\/uploads\/sites\/11\/2016\/07\/escritos-lucia-roge.jpg?fit=1200%2C630&ssl=1&resize=350%2C200","width":350,"height":200,"srcset":"https:\/\/i0.wp.com\/vincentians.com\/es\/wp-content\/uploads\/sites\/11\/2016\/07\/escritos-lucia-roge.jpg?fit=1200%2C630&ssl=1&resize=350%2C200 1x, https:\/\/i0.wp.com\/vincentians.com\/es\/wp-content\/uploads\/sites\/11\/2016\/07\/escritos-lucia-roge.jpg?fit=1200%2C630&ssl=1&resize=525%2C300 1.5x, https:\/\/i0.wp.com\/vincentians.com\/es\/wp-content\/uploads\/sites\/11\/2016\/07\/escritos-lucia-roge.jpg?fit=1200%2C630&ssl=1&resize=700%2C400 2x, https:\/\/i0.wp.com\/vincentians.com\/es\/wp-content\/uploads\/sites\/11\/2016\/07\/escritos-lucia-roge.jpg?fit=1200%2C630&ssl=1&resize=1050%2C600 3x"},"classes":[]},{"id":41567,"url":"https:\/\/vincentians.com\/es\/lucia-roge-ser-siervas-de-los-pobres\/","url_meta":{"origin":41757,"position":5},"title":"Luc\u00eda Rog\u00e9: Ser \u00absiervas de los pobres\u00bb","author":"Francisco Javier Fern\u00e1ndez Chento","date":"06\/06\/2011","format":false,"excerpt":"Sor Luc\u00eda Rog\u00e9, H.C. Par\u00eds, 7 de septiembre de 1981 En la vida de la Compa\u00f1\u00eda, al igual que en la vida de las personas, hay tiempos decisivos, tiempos en que el Se\u00f1or nos interpela. Tenemos que reconocer la conversi\u00f3n a la que provocan y a la vez corresponder a\u2026","rel":"","context":"En \u00abEscritos de Luc\u00eda Rog\u00e9\u00bb","block_context":{"text":"Escritos de Luc\u00eda Rog\u00e9","link":"https:\/\/vincentians.com\/es\/category\/escritos\/escritos-de-lucia-roge\/"},"img":{"alt_text":"","src":"https:\/\/i0.wp.com\/vincentians.com\/es\/wp-content\/uploads\/sites\/11\/2016\/07\/escritos-lucia-roge.jpg?fit=1200%2C630&ssl=1&resize=350%2C200","width":350,"height":200,"srcset":"https:\/\/i0.wp.com\/vincentians.com\/es\/wp-content\/uploads\/sites\/11\/2016\/07\/escritos-lucia-roge.jpg?fit=1200%2C630&ssl=1&resize=350%2C200 1x, https:\/\/i0.wp.com\/vincentians.com\/es\/wp-content\/uploads\/sites\/11\/2016\/07\/escritos-lucia-roge.jpg?fit=1200%2C630&ssl=1&resize=525%2C300 1.5x, https:\/\/i0.wp.com\/vincentians.com\/es\/wp-content\/uploads\/sites\/11\/2016\/07\/escritos-lucia-roge.jpg?fit=1200%2C630&ssl=1&resize=700%2C400 2x, https:\/\/i0.wp.com\/vincentians.com\/es\/wp-content\/uploads\/sites\/11\/2016\/07\/escritos-lucia-roge.jpg?fit=1200%2C630&ssl=1&resize=1050%2C600 3x"},"classes":[]}],"_links":{"self":[{"href":"https:\/\/vincentians.com\/es\/wp-json\/wp\/v2\/posts\/41757","targetHints":{"allow":["GET"]}}],"collection":[{"href":"https:\/\/vincentians.com\/es\/wp-json\/wp\/v2\/posts"}],"about":[{"href":"https:\/\/vincentians.com\/es\/wp-json\/wp\/v2\/types\/post"}],"author":[{"embeddable":true,"href":"https:\/\/vincentians.com\/es\/wp-json\/wp\/v2\/users\/4"}],"replies":[{"embeddable":true,"href":"https:\/\/vincentians.com\/es\/wp-json\/wp\/v2\/comments?post=41757"}],"version-history":[{"count":1,"href":"https:\/\/vincentians.com\/es\/wp-json\/wp\/v2\/posts\/41757\/revisions"}],"predecessor-version":[{"id":403270,"href":"https:\/\/vincentians.com\/es\/wp-json\/wp\/v2\/posts\/41757\/revisions\/403270"}],"wp:featuredmedia":[{"embeddable":true,"href":"https:\/\/vincentians.com\/es\/wp-json\/wp\/v2\/media\/398623"}],"wp:attachment":[{"href":"https:\/\/vincentians.com\/es\/wp-json\/wp\/v2\/media?parent=41757"}],"wp:term":[{"taxonomy":"category","embeddable":true,"href":"https:\/\/vincentians.com\/es\/wp-json\/wp\/v2\/categories?post=41757"},{"taxonomy":"post_tag","embeddable":true,"href":"https:\/\/vincentians.com\/es\/wp-json\/wp\/v2\/tags?post=41757"}],"curies":[{"name":"wp","href":"https:\/\/api.w.org\/{rel}","templated":true}]}}