{"id":41756,"date":"2021-01-08T08:59:51","date_gmt":"2021-01-08T07:59:51","guid":{"rendered":"http:\/\/somos.vicencianos.org\/blog\/2011\/06\/lucia-roge-la-hija-de-la-caridad-en-un-mundo-secularizado\/"},"modified":"2020-11-21T19:52:33","modified_gmt":"2020-11-21T18:52:33","slug":"lucia-roge-la-hija-de-la-caridad-en-un-mundo-secularizado","status":"publish","type":"post","link":"https:\/\/vincentians.com\/es\/lucia-roge-la-hija-de-la-caridad-en-un-mundo-secularizado\/","title":{"rendered":"Luc\u00eda Rog\u00e9: La Hija de la Caridad en un mundo secularizado"},"content":{"rendered":"<div>\n<p>Par\u00eds, abril de 1982<\/p>\n<p>La palabra conversi\u00f3n, como saben ustedes, significa transforma\u00adci\u00f3n del esp\u00edritu, del coraz\u00f3n. Cada vez que hacemos Ejercicios, cada una de nosotras se encuentra, podr\u00edamos decir, con esa provocaci\u00f3n que el Se\u00f1or permite.<\/p>\n<p>En el mismo sentido, hemos de observar que los acontecimientos comunitarios y mundiales son tambi\u00e9n una provocaci\u00f3n que recibimos. Estamos viviendo en la Compa\u00f1\u00eda, un per\u00edodo de aniversarios, cargados de significado. Actualmente, nos estamos encaminando hacia 1983, que se\u00f1alar\u00e1 el 350-<sup>9<\/sup> aniversario de aquella fecha en que san Vicente y santa Luisa decidieron reunir oficialmente a las primeras Hijas de la Caridad. Esa reuni\u00f3n del 29 de noviembre de 1633 hab\u00eda sido preparada, no lo dude\u00admos, por la vida y la muerte del precursor, de nuestro Mois\u00e9s, es decir, de Margarita Naseau, fallecida antes de que se lograra la realizaci\u00f3n de la comunidad, en el mismo a\u00f1o de 1633, pero en el mes de febrero.<\/p>\n<p>Todas estas evocaciones nos invitan a situarnos ante nuestros or\u00ed\u00adgenes. \u00bfC\u00f3mo aquellas primeras aldeanas llegaron a ser las Hermanas, total y definitivamente entregadas a Dios y a los pobres?<\/p>\n<p>Si las contemplamos a trav\u00e9s de su vida, descubrimos con toda cla\u00adridad lo que las transform\u00f3, de sencillas, buenas voluntades en ardientes misioneras de Jesucristo, a quien reconoc\u00edan y serv\u00edan en los pobres. La energ\u00eda, la fortaleza, el desprendimiento de s\u00ed, su poder de acci\u00f3n, pro\u00adceden de una fuente \u00fanica, el amor. Toda su libertad se pone voluntaria\u00admente al servicio del amor. Bien lo sabemos y podemos comprobarlo en el plano meramente humano. Una amistad profunda, un amor verdadero transforman, en cierto modo, a las personas. \u00a1Cuanto m\u00e1s act\u00faa, tanto m\u00e1s se opera en nosotras esa transformaci\u00f3n, a medida que crece, de verdad, el amor a Dios, el amor a Jesucristo nuestro Salvador!<\/p>\n<p>Toda nuestra conversi\u00f3n reside ah\u00ed, en dejarnos transformar com\u00adpletamente por el amor, el amor a Dios, el amor a los pobres, el amor a nuestras Hermanas.<span id='easy-footnote-1-41756' class='easy-footnote-margin-adjust'><\/span><span class='easy-footnote'><a href='https:\/\/vincentians.com\/es\/lucia-roge-la-hija-de-la-caridad-en-un-mundo-secularizado\/#easy-footnote-bottom-1-41756' title='Cfr. IX, 533-538.'><sup>1<\/sup><\/a><\/span>\n<\/div>\n<p>Si buscan ustedes en el Tomo XIV de Coste, la referencia a la pala\u00adbra \u00abconversi\u00f3n\u00bb, no la encontrar\u00e1n. Pero si buscan la de la palabra \u00abAmor\u00bb, amor a Dios, al pr\u00f3jimo, a las Hermanas, se encontrar\u00e1n con varias p\u00e1ginas.<\/p>\n<div>\n<p>El amor es nuestra vocaci\u00f3n. Un amor profundo, incondicional, tra\u00adducido d\u00eda tras d\u00eda, a lo largo de nuestra vida, con una humildad ver\u00addadera, que conoce sus limitaciones y su capacidad de fallar, como tambi\u00e9n su impulso y sus posibilidades de entrega, en fidelidad a la gracia: \u00abDios es amor y quiere que vayamos a \u00c9l por amor\u00bb,<span id='easy-footnote-2-41756' class='easy-footnote-margin-adjust'><\/span><span class='easy-footnote'><a href='https:\/\/vincentians.com\/es\/lucia-roge-la-hija-de-la-caridad-en-un-mundo-secularizado\/#easy-footnote-bottom-2-41756' title='I, 149.'><sup>2<\/sup><\/a><\/span> escrib\u00eda san Vicente a la Se\u00f1orita, ya en 1630.<\/p>\n<p>Pero \u00bfc\u00f3mo ir a Dios por amor, en el contexto de nuestras vidas, en esta \u00e9poca de 1982? Se suele caracterizar a esta \u00e9poca seg\u00fan algunas notas dominantes que no dejan de ser parad\u00f3jicas:<\/p>\n<p>*\u00a0 \u00e9poca de secularizaci\u00f3n, en la que florecen las sectas;<\/p>\n<p>*\u00a0 \u00e9poca de abstracciones y de ideolog\u00edas, en la que reinan el con\u00adsumo, la preferencia por lo concreto, lo material;<\/p>\n<p>*\u00a0 \u00e9poca vuelta hacia el futuro, en la que la gente vive o quiere vivir las sensaciones de la inmediatez, del ahora mismo.<\/p>\n<p>Hablando de esas corrientes de secularizaci\u00f3n, hace dos meses, en Suiza, nuestro Superior General, nos dec\u00eda que era menester oponerles resistencia, porque amenazan el porvenir mismo de la Compa\u00f1\u00eda\u00bb. Le dejo la palabra: \u00abNos ocurre a veces no querer que se nos tenga por diferentes de nuestros amigos que est\u00e1n en el mundo. Y, sin embargo, diferimos de ellos por la consagraci\u00f3n, por nuestros votos. A veces, nos falta valent\u00eda para ser aquello a lo que hemos sido llamados a ser\u00bb.<\/p>\n<p>Hemos sido llamadas a ser el amor y a mostrar a los dem\u00e1s ese amor que Dios tiene por ellos, a vivir el amor a nosotras, a servir por amor.<\/p>\n<p>Cuando hemos venido a la vocaci\u00f3n, nos dice san Vicente, nuestro designio ha debido ser \u00abvenir puramente por el amor y el agrado de Dios, y mientras est\u00e1is en ella, todas vuestras acciones deben tender a ese mismo amor\u00bb.<span id='easy-footnote-3-41756' class='easy-footnote-margin-adjust'><\/span><span class='easy-footnote'><a href='https:\/\/vincentians.com\/es\/lucia-roge-la-hija-de-la-caridad-en-un-mundo-secularizado\/#easy-footnote-bottom-3-41756' title='IX, 38.'><sup>3<\/sup><\/a><\/span>\n<p>Cualquiera que sea el servicio, tendr\u00e1 que ser hecho por amor. Pero esto no basta. Este amor debe llevarnos a intentar cambiar los enemigos de Dios en amigos suyos. San Vicente insiste un poco despu\u00e9s: \u00abTen\u00e9is, tanto como pod\u00e1is, que contribuir a hacer que las almas sean amigas de Dios\u00bb,<span id='easy-footnote-4-41756' class='easy-footnote-margin-adjust'><\/span><span class='easy-footnote'><a href='https:\/\/vincentians.com\/es\/lucia-roge-la-hija-de-la-caridad-en-un-mundo-secularizado\/#easy-footnote-bottom-4-41756' title='IX, 39.'><sup>4<\/sup><\/a><\/span> es decir, conducirlas, orientarlas a que ellas tambi\u00e9n adopten esa actitud de amor. Y para eso, como el mismo san Vicente escribe en una carta al se\u00f1or Portail, es preciso que amemos. Es as\u00ed, como hizo Jesucristo: \u00abFue menester que Nuestro Se\u00f1or tomase la iniciativa de amar el primero a los que quiso que creyesen en \u00e9l\u00bb.<span id='easy-footnote-5-41756' class='easy-footnote-margin-adjust'><\/span><span class='easy-footnote'><a href='https:\/\/vincentians.com\/es\/lucia-roge-la-hija-de-la-caridad-en-un-mundo-secularizado\/#easy-footnote-bottom-5-41756' title='I, 320.'><sup>5<\/sup><\/a><\/span>\n<\/div>\n<div>\n<p>La liturgia del tiempo pascual nos propone que meditemos en el amor de Jes\u00fas expresado en los sufrimientos de la Pasi\u00f3n y de la Cruz, pero tambi\u00e9n, y de una manera desconcertante de ternura, en las dife\u00adrentes apariciones del Resucitado: \u00abAl amanecer, estaba Jes\u00fas en la ori\u00adlla, aunque los disc\u00edpulos no sab\u00edan que fuese \u00e9l. D\u00edceles Jes\u00fas: mucha\u00adchos, \u00bften\u00e9is pescado? Al saltar a tierra, ven que hab\u00eda unas brasas, un pez sobre ellas y pan\u00bb.<span id='easy-footnote-6-41756' class='easy-footnote-margin-adjust'><\/span><span class='easy-footnote'><a href='https:\/\/vincentians.com\/es\/lucia-roge-la-hija-de-la-caridad-en-un-mundo-secularizado\/#easy-footnote-bottom-6-41756' title='Jn, 21, 4, 9.'><sup>6<\/sup><\/a><\/span>\n<p>Meditemos este pasaje de vida: las brasas encendidas, el pez enci\u00adma, el pan preparado y la ternura de la palabra: \u00abmuchachos\u00bb. Descu\u00adbramos el amor de Jes\u00fas a trav\u00e9s de sus detalles humanos, y pensemos en esos otros detalles espirituales que, al filo de los d\u00edas, nos prepara. Sepamos descubrirlos en fe y amor.<\/p>\n<p>El Se\u00f1or resucitado no se mostr\u00f3 a los fariseos ni a los que lo hab\u00ed\u00adan condenado. Se apareci\u00f3 a sus disc\u00edpulos, porque, como lo com\u00adprendi\u00f3 tambi\u00e9n san Vicente, \u00abfue menester que tomase la iniciativa de amar el primero a los que quiso que creyesen en el\u00bb.<span id='easy-footnote-7-41756' class='easy-footnote-margin-adjust'><\/span><span class='easy-footnote'><a href='https:\/\/vincentians.com\/es\/lucia-roge-la-hija-de-la-caridad-en-un-mundo-secularizado\/#easy-footnote-bottom-7-41756' title='I, 320.'><sup>7<\/sup><\/a><\/span>\n<p>Vean tambi\u00e9n c\u00f3mo vuelve, ex profeso, por Tom\u00e1s. S\u00f3lo \u00e9l faltaba y por \u00e9l s\u00f3lo volvi\u00f3 el Se\u00f1or. Miremos detenidamente a Jes\u00fas en el evan\u00adgelio, para aprender de \u00c9l c\u00f3mo amar. No s\u00f3lo en el momento de los grandes acontecimientos, de las pruebas especiales, sino d\u00eda tras d\u00eda, persona por persona, en cada situaci\u00f3n concreta.<\/p>\n<p>Luchar contra la secularizaci\u00f3n es eso, hacer continuamente referencia a Jesucristo, \u00abes vivir y obrar sin tener otra mira m\u00e1s que a Dios\u00bb, \u00abes poner en \u00e9l solo nuestra confianza\u00bb, nos dice tambi\u00e9n nuestro Superior General. Es tambi\u00e9n saber que todo ataque contra el amor, toda falta a la caridad fraterna, toda destrucci\u00f3n de una amistad, nos aleja de Dios, corta la comu\u00adnicaci\u00f3n con \u00c9l, nos priva de la luz de su Esp\u00edritu -\u00a1Esp\u00edritu de amor!-, nos sit\u00faa entre los que rechazan el amor, los que rechazan a Jesucristo.<\/p>\n<p>De ah\u00ed, la importancia vital (en el sentido propio de la palabra, que engendra vida) que tiene la caridad entre nosotros. Volvamos a apren\u00adder la fuerza que reside en la reconciliaci\u00f3n, en el aprecio bondadoso, en la comprensi\u00f3n, en la tolerancia, en el adelantarse mutuamente, unos a otros, en las atenciones. Recordemos las brasas encendidas, el pez sobre ellas, el pan preparado, \u00bfpor qui\u00e9n?, por \u00c9l, por Jesucristo, el Hijo de Dios resucitado.<\/p>\n<\/div>\n<div>\n<p>Adoptemos los medios propuestos por san Vicente y santa Luisa, que las Constituciones nos presentan: el perd\u00f3n espont\u00e1neo o pedido durante una revisi\u00f3n comunitaria, la humildad. Fij\u00e9monos tambi\u00e9n: la conducta tan decepcionante de los ap\u00f3stoles durante la Pasi\u00f3n no dis\u00adminuye el amor de Jes\u00fas hacia ellos. \u00c9l nos ense\u00f1a a superar cualquier sentimiento, cualquier amargura. Nos ense\u00f1a la dulzura de una amistad que sabe resistir a la tentaci\u00f3n de un juicio inapelable. La fuerza reno\u00advadora del amor verdadero nos ense\u00f1a la aut\u00e9ntica manera de amar, que rechaza toda agresividad para convertirse en acogida, al estilo del padre del hijo pr\u00f3digo.<\/p>\n<p>Vivir nuestra vocaci\u00f3n en 1982 es construir esa civilizaci\u00f3n del amor a la que nos convida Puebla, all\u00e1 donde nos encontramos y a trav\u00e9s del servicio que tengamos que hacer. Sigue siendo cierto que los pobres tie\u00adnen cada vez m\u00e1s necesidad de nuestro amor. Tomemos conciencia del potencial de amor que va incluido en cada uno de nuestros esfuerzos de pobreza, pobreza concreta. Es decir, la revisi\u00f3n peri\u00f3dica de nuestro superfluo, de lo no-indispensable, que nos permitir\u00e1 compartir. Pobreza interior, nuestros intentos para lograr dejar a los dem\u00e1s, mayor espacio ese espacio del que tenemos tendencia a adue\u00f1arnos, para permitirles que hablen, que se expresen, que sean tenidos en cuenta, a los ojos de los que nos ven, empezando por hacerlo as\u00ed, dentro de la comunidad.<\/p>\n<p>En este siglo de abstracciones, de ideolog\u00eda, de planificaci\u00f3n, de tecnolog\u00eda, de ciencia, el mundo se hace cada vez m\u00e1s duro e inquieto. El lenguaje resulta extra\u00f1o, ajeno a los pobres. El \u00fanico lenguaje que ellos pueden comprender es el de la amistad, el del respeto fraternal, el de un afecto desinteresado, el de una estima mutua. Lenguaje \u00e9ste que puede introducir en el coraz\u00f3n de las personas el pensamiento de Dios, puesto que es Dios mismo el que nos lo inspira.<\/p>\n<p>El final de unos Ejercicios es siempre empezar. Que \u00e9stos sean para ustedes, m\u00e1s que otros anteriores, una conversi\u00f3n resuelta a un amor mayor. El Santo Padre Juan Pablo II dec\u00eda en enero pasado: \u00abHablamos de conversi\u00f3n cuando se realiza una transformaci\u00f3n fundamental, que opera un cambio en la direcci\u00f3n de nuestra vida. Pero existen tambi\u00e9n conversiones diarias, casi imperceptibles exteriormente. Tienen por objeto cuestiones min\u00fasculas en apariencia, pero, sin embargo, impor\u00adtantes para el crecimiento del alma\u00bb.<span id='easy-footnote-8-41756' class='easy-footnote-margin-adjust'><\/span><span class='easy-footnote'><a href='https:\/\/vincentians.com\/es\/lucia-roge-la-hija-de-la-caridad-en-un-mundo-secularizado\/#easy-footnote-bottom-8-41756' title='Ecclesia, enero de 1982.'><sup>8<\/sup><\/a><\/span>\n<\/div>\n<p>Puede decirse que, en \u00faltimo t\u00e9rmino, son cuestiones que se plan\u00adtean en relaci\u00f3n con la autenticidad del amor. Trat\u00e1ndose de amor, aun las cuestiones min\u00fasculas son importantes, y lo que es casi impercepti\u00adble, no pasa desapercibido para quien ama de verdad. As\u00ed le ocurri\u00f3 a la Virgen Mar\u00eda en Can\u00e1. Aprendamos junto a ella a vivir el evangelio. Era el \u00fanico libro de nuestras primeras Hermanas. Lo le\u00edan tres veces en el d\u00eda. Ah\u00ed es donde encontraron el sentido verdadero del amor, en segui\u00admiento de Cristo.<\/p>\n<p>Los obispos de Francia, reunidos en Lourdes, este a\u00f1o han dicho: \u00abDios nos habla por los dem\u00e1s y a trav\u00e9s de los acontecimientos. Pero para comprederlo, tenemos que cambiar en lo m\u00e1s \u00edntimo de nosotros mismos. Digamos la palabra, tenemos que convertirnos. Un\u00e1monos a Cristo vivo, capaz de dar un soplo nuevo a nuestra existencia\u00bb.<\/p>\n<p>S\u00ed, un\u00e1monos a Cristo en los pobres y en nuestras Hermanas, en donde lo encontramos. Preparemos para todos, las brasas y el pez, pen\u00adsemos en tener listo el pan, el pan material y el pan espiritual, nos dir\u00eda san Vicente. Y quisiera terminar leyendo con ustedes, el testamento de santa Luisa, es decir, lo que le pareci\u00f3 importante decirnos antes de dejarnos. Escuchemos porque no son m\u00e1s que recomendaciones de amor: \u00abTengan gran cuidado del servicio de los pobres y, sobre todo, de vivir juntas, en una gran uni\u00f3n y cordialidad, am\u00e1ndose unas a otras, para imitar la uni\u00f3n y la vida de nuestro Se\u00f1or. Rueguen a la Sant\u00edsima Virgen que sea ella su \u00fanica Madre\u00bb.<span id='easy-footnote-9-41756' class='easy-footnote-margin-adjust'><\/span><span class='easy-footnote'><a href='https:\/\/vincentians.com\/es\/lucia-roge-la-hija-de-la-caridad-en-un-mundo-secularizado\/#easy-footnote-bottom-9-41756' title='SLM, 835.'><sup>9<\/sup><\/a><\/span>\n","protected":false},"excerpt":{"rendered":"<p>Par\u00eds, abril de 1982 La palabra conversi\u00f3n, como saben ustedes, significa transforma\u00adci\u00f3n del esp\u00edritu, del coraz\u00f3n. Cada vez que hacemos Ejercicios, cada una de nosotras se encuentra, podr\u00edamos decir, con esa provocaci\u00f3n que el Se\u00f1or &#8230; <a href=\"https:\/\/vincentians.com\/es\/lucia-roge-la-hija-de-la-caridad-en-un-mundo-secularizado\/\" class=\"more-link\">Read More<\/a><\/p>\n","protected":false},"author":4,"featured_media":398623,"comment_status":"open","ping_status":"open","sticky":false,"template":"","format":"standard","meta":{"jetpack_post_was_ever_published":false,"_jetpack_newsletter_access":"","_jetpack_dont_email_post_to_subs":false,"_jetpack_newsletter_tier_id":0,"_jetpack_memberships_contains_paywalled_content":false,"_jetpack_memberships_contains_paid_content":false,"footnotes":"","jetpack_publicize_message":"","jetpack_publicize_feature_enabled":true,"jetpack_social_post_already_shared":true,"jetpack_social_options":{"image_generator_settings":{"template":"highway","default_image_id":0,"font":"","enabled":false},"version":2}},"categories":[276],"tags":[127],"class_list":["post-41756","post","type-post","status-publish","format-standard","has-post-thumbnail","hentry","category-escritos-de-lucia-roge","tag-portail"],"yoast_head":"<!-- This site is optimized with the Yoast SEO plugin v26.3 - https:\/\/yoast.com\/wordpress\/plugins\/seo\/ -->\n<title>Luc\u00eda Rog\u00e9: La Hija de la Caridad en un mundo secularizado - Somos Vicencianos<\/title>\n<meta name=\"robots\" content=\"index, follow, max-snippet:-1, max-image-preview:large, max-video-preview:-1\" \/>\n<link rel=\"canonical\" href=\"https:\/\/vincentians.com\/es\/lucia-roge-la-hija-de-la-caridad-en-un-mundo-secularizado\/\" \/>\n<meta property=\"og:locale\" content=\"es_ES\" \/>\n<meta property=\"og:type\" content=\"article\" \/>\n<meta property=\"og:title\" content=\"Luc\u00eda Rog\u00e9: La Hija de la Caridad en un mundo secularizado - Somos Vicencianos\" \/>\n<meta property=\"og:description\" content=\"Par\u00eds, abril de 1982 La palabra conversi\u00f3n, como saben ustedes, significa transforma\u00adci\u00f3n del esp\u00edritu, del coraz\u00f3n. Cada vez que hacemos Ejercicios, cada una de nosotras se encuentra, podr\u00edamos decir, con esa provocaci\u00f3n que el Se\u00f1or ... Read More\" \/>\n<meta property=\"og:url\" content=\"https:\/\/vincentians.com\/es\/lucia-roge-la-hija-de-la-caridad-en-un-mundo-secularizado\/\" \/>\n<meta property=\"og:site_name\" content=\"Somos Vicencianos\" \/>\n<meta property=\"article:publisher\" content=\"https:\/\/www.facebook.com\/WeAreVincentians\/\" \/>\n<meta property=\"article:author\" content=\"https:\/\/www.facebook.com\/JavierChento\" \/>\n<meta property=\"article:published_time\" content=\"2021-01-08T07:59:51+00:00\" \/>\n<meta property=\"og:image\" content=\"https:\/\/i0.wp.com\/vincentians.com\/es\/wp-content\/uploads\/sites\/11\/2016\/07\/escritos-lucia-roge.jpg?fit=1200%2C630&ssl=1\" \/>\n\t<meta property=\"og:image:width\" content=\"1200\" \/>\n\t<meta property=\"og:image:height\" content=\"630\" \/>\n\t<meta property=\"og:image:type\" content=\"image\/jpeg\" \/>\n<meta name=\"author\" content=\"Francisco Javier Fern\u00e1ndez Chento\" \/>\n<meta name=\"twitter:card\" content=\"summary_large_image\" \/>\n<meta name=\"twitter:creator\" content=\"@https:\/\/twitter.com\/javierchento\" \/>\n<meta name=\"twitter:site\" content=\"@WeVincentians\" \/>\n<meta name=\"twitter:label1\" content=\"Escrito por\" \/>\n\t<meta name=\"twitter:data1\" content=\"Francisco Javier Fern\u00e1ndez Chento\" \/>\n\t<meta name=\"twitter:label2\" content=\"Tiempo de lectura\" \/>\n\t<meta name=\"twitter:data2\" content=\"10 minutos\" \/>\n<script type=\"application\/ld+json\" class=\"yoast-schema-graph\">{\"@context\":\"https:\/\/schema.org\",\"@graph\":[{\"@type\":\"Article\",\"@id\":\"https:\/\/vincentians.com\/es\/lucia-roge-la-hija-de-la-caridad-en-un-mundo-secularizado\/#article\",\"isPartOf\":{\"@id\":\"https:\/\/vincentians.com\/es\/lucia-roge-la-hija-de-la-caridad-en-un-mundo-secularizado\/\"},\"author\":{\"name\":\"Francisco Javier Fern\u00e1ndez Chento\",\"@id\":\"http:\/\/vincentians.com\/es\/#\/schema\/person\/9623ef4d9aa3b2dfb8c061f1499288f2\"},\"headline\":\"Luc\u00eda Rog\u00e9: La Hija de la Caridad en un mundo secularizado\",\"datePublished\":\"2021-01-08T07:59:51+00:00\",\"mainEntityOfPage\":{\"@id\":\"https:\/\/vincentians.com\/es\/lucia-roge-la-hija-de-la-caridad-en-un-mundo-secularizado\/\"},\"wordCount\":2020,\"commentCount\":0,\"publisher\":{\"@id\":\"http:\/\/vincentians.com\/es\/#organization\"},\"image\":{\"@id\":\"https:\/\/vincentians.com\/es\/lucia-roge-la-hija-de-la-caridad-en-un-mundo-secularizado\/#primaryimage\"},\"thumbnailUrl\":\"https:\/\/i0.wp.com\/vincentians.com\/es\/wp-content\/uploads\/sites\/11\/2016\/07\/escritos-lucia-roge.jpg?fit=1200%2C630&ssl=1\",\"keywords\":[\"Portail\"],\"articleSection\":[\"Escritos de Luc\u00eda Rog\u00e9\"],\"inLanguage\":\"es\",\"potentialAction\":[{\"@type\":\"CommentAction\",\"name\":\"Comment\",\"target\":[\"https:\/\/vincentians.com\/es\/lucia-roge-la-hija-de-la-caridad-en-un-mundo-secularizado\/#respond\"]}]},{\"@type\":\"WebPage\",\"@id\":\"https:\/\/vincentians.com\/es\/lucia-roge-la-hija-de-la-caridad-en-un-mundo-secularizado\/\",\"url\":\"https:\/\/vincentians.com\/es\/lucia-roge-la-hija-de-la-caridad-en-un-mundo-secularizado\/\",\"name\":\"Luc\u00eda Rog\u00e9: La Hija de la Caridad en un mundo secularizado - Somos Vicencianos\",\"isPartOf\":{\"@id\":\"http:\/\/vincentians.com\/es\/#website\"},\"primaryImageOfPage\":{\"@id\":\"https:\/\/vincentians.com\/es\/lucia-roge-la-hija-de-la-caridad-en-un-mundo-secularizado\/#primaryimage\"},\"image\":{\"@id\":\"https:\/\/vincentians.com\/es\/lucia-roge-la-hija-de-la-caridad-en-un-mundo-secularizado\/#primaryimage\"},\"thumbnailUrl\":\"https:\/\/i0.wp.com\/vincentians.com\/es\/wp-content\/uploads\/sites\/11\/2016\/07\/escritos-lucia-roge.jpg?fit=1200%2C630&ssl=1\",\"datePublished\":\"2021-01-08T07:59:51+00:00\",\"breadcrumb\":{\"@id\":\"https:\/\/vincentians.com\/es\/lucia-roge-la-hija-de-la-caridad-en-un-mundo-secularizado\/#breadcrumb\"},\"inLanguage\":\"es\",\"potentialAction\":[{\"@type\":\"ReadAction\",\"target\":[\"https:\/\/vincentians.com\/es\/lucia-roge-la-hija-de-la-caridad-en-un-mundo-secularizado\/\"]}]},{\"@type\":\"ImageObject\",\"inLanguage\":\"es\",\"@id\":\"https:\/\/vincentians.com\/es\/lucia-roge-la-hija-de-la-caridad-en-un-mundo-secularizado\/#primaryimage\",\"url\":\"https:\/\/i0.wp.com\/vincentians.com\/es\/wp-content\/uploads\/sites\/11\/2016\/07\/escritos-lucia-roge.jpg?fit=1200%2C630&ssl=1\",\"contentUrl\":\"https:\/\/i0.wp.com\/vincentians.com\/es\/wp-content\/uploads\/sites\/11\/2016\/07\/escritos-lucia-roge.jpg?fit=1200%2C630&ssl=1\",\"width\":1200,\"height\":630},{\"@type\":\"BreadcrumbList\",\"@id\":\"https:\/\/vincentians.com\/es\/lucia-roge-la-hija-de-la-caridad-en-un-mundo-secularizado\/#breadcrumb\",\"itemListElement\":[{\"@type\":\"ListItem\",\"position\":1,\"name\":\"Portada\",\"item\":\"http:\/\/vincentians.com\/es\/\"},{\"@type\":\"ListItem\",\"position\":2,\"name\":\"Luc\u00eda Rog\u00e9: La Hija de la Caridad en un mundo secularizado\"}]},{\"@type\":\"WebSite\",\"@id\":\"http:\/\/vincentians.com\/es\/#website\",\"url\":\"http:\/\/vincentians.com\/es\/\",\"name\":\"Somos Vicencianos\",\"description\":\"Know more to serve more\",\"publisher\":{\"@id\":\"http:\/\/vincentians.com\/es\/#organization\"},\"potentialAction\":[{\"@type\":\"SearchAction\",\"target\":{\"@type\":\"EntryPoint\",\"urlTemplate\":\"http:\/\/vincentians.com\/es\/?s={search_term_string}\"},\"query-input\":{\"@type\":\"PropertyValueSpecification\",\"valueRequired\":true,\"valueName\":\"search_term_string\"}}],\"inLanguage\":\"es\"},{\"@type\":\"Organization\",\"@id\":\"http:\/\/vincentians.com\/es\/#organization\",\"name\":\"The Vincentian Network\",\"url\":\"http:\/\/vincentians.com\/es\/\",\"logo\":{\"@type\":\"ImageObject\",\"inLanguage\":\"es\",\"@id\":\"http:\/\/vincentians.com\/es\/#\/schema\/logo\/image\/\",\"url\":\"https:\/\/i1.wp.com\/vincentians.com\/es\/wp-content\/uploads\/sites\/11\/2016\/06\/Vincentian-Network-logo-big.png?fit=778%2C778\",\"contentUrl\":\"https:\/\/i1.wp.com\/vincentians.com\/es\/wp-content\/uploads\/sites\/11\/2016\/06\/Vincentian-Network-logo-big.png?fit=778%2C778\",\"width\":778,\"height\":778,\"caption\":\"The Vincentian Network\"},\"image\":{\"@id\":\"http:\/\/vincentians.com\/es\/#\/schema\/logo\/image\/\"},\"sameAs\":[\"https:\/\/www.facebook.com\/WeAreVincentians\/\",\"https:\/\/x.com\/WeVincentians\"]},{\"@type\":\"Person\",\"@id\":\"http:\/\/vincentians.com\/es\/#\/schema\/person\/9623ef4d9aa3b2dfb8c061f1499288f2\",\"name\":\"Francisco Javier Fern\u00e1ndez Chento\",\"image\":{\"@type\":\"ImageObject\",\"inLanguage\":\"es\",\"@id\":\"http:\/\/vincentians.com\/es\/#\/schema\/person\/image\/\",\"url\":\"https:\/\/secure.gravatar.com\/avatar\/497d5cde87b4c3d097d0315953521681ba2cd523ee66e5077c3711f7021e65de?s=96&d=mm&r=g\",\"contentUrl\":\"https:\/\/secure.gravatar.com\/avatar\/497d5cde87b4c3d097d0315953521681ba2cd523ee66e5077c3711f7021e65de?s=96&d=mm&r=g\",\"caption\":\"Francisco Javier Fern\u00e1ndez Chento\"},\"description\":\"Director General y cofundador de La Red de Formaci\u00f3n Vicenciana. Javier es laico vicenciano, afiliado a la Congregaci\u00f3n de la Misi\u00f3n y miembro del Equipo de Misiones Populares de la provincia can\u00f3nica de Zaragoza (Espa\u00f1a) de la Congregaci\u00f3n de la Misi\u00f3n. Graduado en la Universidad Oberta de Catalunya con cuatro grados (Asistente de direcci\u00f3n, Gesti\u00f3n Administrativa, Recursos Humanos y Contabilidad Avanzada). Bil\u00edng\u00fce Espa\u00f1ol\/Ingl\u00e9s. gestiona y mantiene varias p\u00e1ginas web cristianas y vicencianas, incluida including La Red de Formaci\u00f3n Vicenciana, de la que es cofundador. Actualmente es responsable del \u00e1rea de Espa\u00f1ol de .famvin, la Red de Noticias de la Familia Vicenciana. Tambi\u00e9n es m\u00fasico cat\u00f3lico y ha editado varios discos. Es Director General y cofundador de Trovador, una reconocida compa\u00f1\u00eda discogr\u00e1fica critiana de Espa\u00f1a. Trabaja en las Tecnolog\u00edas de la Informaci\u00f3n, ofreciendo servicios de alojamiento, dise\u00f1o y mantenimiento Web, as\u00ed como asesoramiento, formaci\u00f3n y soluciones inform\u00e1ticas, gesti\u00f3n documental y digitalizaci\u00f3n de textos, edici\u00f3n y maquetaci\u00f3n de libros, revistas, flyers, etc.\",\"sameAs\":[\"http:\/\/chento.org\",\"https:\/\/www.facebook.com\/JavierChento\",\"https:\/\/x.com\/https:\/\/twitter.com\/javierchento\"],\"url\":\"https:\/\/vincentians.com\/es\/author\/chento\/\"}]}<\/script>\n<!-- \/ Yoast SEO plugin. -->","yoast_head_json":{"title":"Luc\u00eda Rog\u00e9: La Hija de la Caridad en un mundo secularizado - Somos Vicencianos","robots":{"index":"index","follow":"follow","max-snippet":"max-snippet:-1","max-image-preview":"max-image-preview:large","max-video-preview":"max-video-preview:-1"},"canonical":"https:\/\/vincentians.com\/es\/lucia-roge-la-hija-de-la-caridad-en-un-mundo-secularizado\/","og_locale":"es_ES","og_type":"article","og_title":"Luc\u00eda Rog\u00e9: La Hija de la Caridad en un mundo secularizado - Somos Vicencianos","og_description":"Par\u00eds, abril de 1982 La palabra conversi\u00f3n, como saben ustedes, significa transforma\u00adci\u00f3n del esp\u00edritu, del coraz\u00f3n. Cada vez que hacemos Ejercicios, cada una de nosotras se encuentra, podr\u00edamos decir, con esa provocaci\u00f3n que el Se\u00f1or ... Read More","og_url":"https:\/\/vincentians.com\/es\/lucia-roge-la-hija-de-la-caridad-en-un-mundo-secularizado\/","og_site_name":"Somos Vicencianos","article_publisher":"https:\/\/www.facebook.com\/WeAreVincentians\/","article_author":"https:\/\/www.facebook.com\/JavierChento","article_published_time":"2021-01-08T07:59:51+00:00","og_image":[{"width":1200,"height":630,"url":"https:\/\/i0.wp.com\/vincentians.com\/es\/wp-content\/uploads\/sites\/11\/2016\/07\/escritos-lucia-roge.jpg?fit=1200%2C630&ssl=1","type":"image\/jpeg"}],"author":"Francisco Javier Fern\u00e1ndez Chento","twitter_card":"summary_large_image","twitter_creator":"@https:\/\/twitter.com\/javierchento","twitter_site":"@WeVincentians","twitter_misc":{"Escrito por":"Francisco Javier Fern\u00e1ndez Chento","Tiempo de lectura":"10 minutos"},"schema":{"@context":"https:\/\/schema.org","@graph":[{"@type":"Article","@id":"https:\/\/vincentians.com\/es\/lucia-roge-la-hija-de-la-caridad-en-un-mundo-secularizado\/#article","isPartOf":{"@id":"https:\/\/vincentians.com\/es\/lucia-roge-la-hija-de-la-caridad-en-un-mundo-secularizado\/"},"author":{"name":"Francisco Javier Fern\u00e1ndez Chento","@id":"http:\/\/vincentians.com\/es\/#\/schema\/person\/9623ef4d9aa3b2dfb8c061f1499288f2"},"headline":"Luc\u00eda Rog\u00e9: La Hija de la Caridad en un mundo secularizado","datePublished":"2021-01-08T07:59:51+00:00","mainEntityOfPage":{"@id":"https:\/\/vincentians.com\/es\/lucia-roge-la-hija-de-la-caridad-en-un-mundo-secularizado\/"},"wordCount":2020,"commentCount":0,"publisher":{"@id":"http:\/\/vincentians.com\/es\/#organization"},"image":{"@id":"https:\/\/vincentians.com\/es\/lucia-roge-la-hija-de-la-caridad-en-un-mundo-secularizado\/#primaryimage"},"thumbnailUrl":"https:\/\/i0.wp.com\/vincentians.com\/es\/wp-content\/uploads\/sites\/11\/2016\/07\/escritos-lucia-roge.jpg?fit=1200%2C630&ssl=1","keywords":["Portail"],"articleSection":["Escritos de Luc\u00eda Rog\u00e9"],"inLanguage":"es","potentialAction":[{"@type":"CommentAction","name":"Comment","target":["https:\/\/vincentians.com\/es\/lucia-roge-la-hija-de-la-caridad-en-un-mundo-secularizado\/#respond"]}]},{"@type":"WebPage","@id":"https:\/\/vincentians.com\/es\/lucia-roge-la-hija-de-la-caridad-en-un-mundo-secularizado\/","url":"https:\/\/vincentians.com\/es\/lucia-roge-la-hija-de-la-caridad-en-un-mundo-secularizado\/","name":"Luc\u00eda Rog\u00e9: La Hija de la Caridad en un mundo secularizado - Somos Vicencianos","isPartOf":{"@id":"http:\/\/vincentians.com\/es\/#website"},"primaryImageOfPage":{"@id":"https:\/\/vincentians.com\/es\/lucia-roge-la-hija-de-la-caridad-en-un-mundo-secularizado\/#primaryimage"},"image":{"@id":"https:\/\/vincentians.com\/es\/lucia-roge-la-hija-de-la-caridad-en-un-mundo-secularizado\/#primaryimage"},"thumbnailUrl":"https:\/\/i0.wp.com\/vincentians.com\/es\/wp-content\/uploads\/sites\/11\/2016\/07\/escritos-lucia-roge.jpg?fit=1200%2C630&ssl=1","datePublished":"2021-01-08T07:59:51+00:00","breadcrumb":{"@id":"https:\/\/vincentians.com\/es\/lucia-roge-la-hija-de-la-caridad-en-un-mundo-secularizado\/#breadcrumb"},"inLanguage":"es","potentialAction":[{"@type":"ReadAction","target":["https:\/\/vincentians.com\/es\/lucia-roge-la-hija-de-la-caridad-en-un-mundo-secularizado\/"]}]},{"@type":"ImageObject","inLanguage":"es","@id":"https:\/\/vincentians.com\/es\/lucia-roge-la-hija-de-la-caridad-en-un-mundo-secularizado\/#primaryimage","url":"https:\/\/i0.wp.com\/vincentians.com\/es\/wp-content\/uploads\/sites\/11\/2016\/07\/escritos-lucia-roge.jpg?fit=1200%2C630&ssl=1","contentUrl":"https:\/\/i0.wp.com\/vincentians.com\/es\/wp-content\/uploads\/sites\/11\/2016\/07\/escritos-lucia-roge.jpg?fit=1200%2C630&ssl=1","width":1200,"height":630},{"@type":"BreadcrumbList","@id":"https:\/\/vincentians.com\/es\/lucia-roge-la-hija-de-la-caridad-en-un-mundo-secularizado\/#breadcrumb","itemListElement":[{"@type":"ListItem","position":1,"name":"Portada","item":"http:\/\/vincentians.com\/es\/"},{"@type":"ListItem","position":2,"name":"Luc\u00eda Rog\u00e9: La Hija de la Caridad en un mundo secularizado"}]},{"@type":"WebSite","@id":"http:\/\/vincentians.com\/es\/#website","url":"http:\/\/vincentians.com\/es\/","name":"Somos Vicencianos","description":"Know more to serve more","publisher":{"@id":"http:\/\/vincentians.com\/es\/#organization"},"potentialAction":[{"@type":"SearchAction","target":{"@type":"EntryPoint","urlTemplate":"http:\/\/vincentians.com\/es\/?s={search_term_string}"},"query-input":{"@type":"PropertyValueSpecification","valueRequired":true,"valueName":"search_term_string"}}],"inLanguage":"es"},{"@type":"Organization","@id":"http:\/\/vincentians.com\/es\/#organization","name":"The Vincentian Network","url":"http:\/\/vincentians.com\/es\/","logo":{"@type":"ImageObject","inLanguage":"es","@id":"http:\/\/vincentians.com\/es\/#\/schema\/logo\/image\/","url":"https:\/\/i1.wp.com\/vincentians.com\/es\/wp-content\/uploads\/sites\/11\/2016\/06\/Vincentian-Network-logo-big.png?fit=778%2C778","contentUrl":"https:\/\/i1.wp.com\/vincentians.com\/es\/wp-content\/uploads\/sites\/11\/2016\/06\/Vincentian-Network-logo-big.png?fit=778%2C778","width":778,"height":778,"caption":"The Vincentian Network"},"image":{"@id":"http:\/\/vincentians.com\/es\/#\/schema\/logo\/image\/"},"sameAs":["https:\/\/www.facebook.com\/WeAreVincentians\/","https:\/\/x.com\/WeVincentians"]},{"@type":"Person","@id":"http:\/\/vincentians.com\/es\/#\/schema\/person\/9623ef4d9aa3b2dfb8c061f1499288f2","name":"Francisco Javier Fern\u00e1ndez Chento","image":{"@type":"ImageObject","inLanguage":"es","@id":"http:\/\/vincentians.com\/es\/#\/schema\/person\/image\/","url":"https:\/\/secure.gravatar.com\/avatar\/497d5cde87b4c3d097d0315953521681ba2cd523ee66e5077c3711f7021e65de?s=96&d=mm&r=g","contentUrl":"https:\/\/secure.gravatar.com\/avatar\/497d5cde87b4c3d097d0315953521681ba2cd523ee66e5077c3711f7021e65de?s=96&d=mm&r=g","caption":"Francisco Javier Fern\u00e1ndez Chento"},"description":"Director General y cofundador de La Red de Formaci\u00f3n Vicenciana. Javier es laico vicenciano, afiliado a la Congregaci\u00f3n de la Misi\u00f3n y miembro del Equipo de Misiones Populares de la provincia can\u00f3nica de Zaragoza (Espa\u00f1a) de la Congregaci\u00f3n de la Misi\u00f3n. Graduado en la Universidad Oberta de Catalunya con cuatro grados (Asistente de direcci\u00f3n, Gesti\u00f3n Administrativa, Recursos Humanos y Contabilidad Avanzada). Bil\u00edng\u00fce Espa\u00f1ol\/Ingl\u00e9s. gestiona y mantiene varias p\u00e1ginas web cristianas y vicencianas, incluida including La Red de Formaci\u00f3n Vicenciana, de la que es cofundador. Actualmente es responsable del \u00e1rea de Espa\u00f1ol de .famvin, la Red de Noticias de la Familia Vicenciana. Tambi\u00e9n es m\u00fasico cat\u00f3lico y ha editado varios discos. Es Director General y cofundador de Trovador, una reconocida compa\u00f1\u00eda discogr\u00e1fica critiana de Espa\u00f1a. Trabaja en las Tecnolog\u00edas de la Informaci\u00f3n, ofreciendo servicios de alojamiento, dise\u00f1o y mantenimiento Web, as\u00ed como asesoramiento, formaci\u00f3n y soluciones inform\u00e1ticas, gesti\u00f3n documental y digitalizaci\u00f3n de textos, edici\u00f3n y maquetaci\u00f3n de libros, revistas, flyers, etc.","sameAs":["http:\/\/chento.org","https:\/\/www.facebook.com\/JavierChento","https:\/\/x.com\/https:\/\/twitter.com\/javierchento"],"url":"https:\/\/vincentians.com\/es\/author\/chento\/"}]}},"jetpack_publicize_connections":[],"jetpack_featured_media_url":"https:\/\/i0.wp.com\/vincentians.com\/es\/wp-content\/uploads\/sites\/11\/2016\/07\/escritos-lucia-roge.jpg?fit=1200%2C630&ssl=1","jetpack_sharing_enabled":true,"jetpack_shortlink":"https:\/\/wp.me\/p7ETMF-aRu","jetpack-related-posts":[{"id":39923,"url":"https:\/\/vincentians.com\/es\/lucia-roge-bodas-de-oro-del-seminario\/","url_meta":{"origin":41756,"position":0},"title":"Luc\u00eda Rog\u00e9: Bodas de oro del Seminario","author":"Francisco Javier Fern\u00e1ndez Chento","date":"25\/05\/2011","format":false,"excerpt":"Irlanda, 8 de septiembre de 1982 Es una gran alegr\u00eda para m\u00ed estar aqu\u00ed con ustedes, en esta reuni\u00f3n de familia, para celebrar tan grato aniversario y compartir juntas los sen\u00adcillos pensamientos que el Se\u00f1or nos comunica mientras recordamos los cincuenta a\u00f1os de existencia del Seminario. Los Seminarios son c\u00e9lulas\u2026","rel":"","context":"En \u00abEscritos de Luc\u00eda Rog\u00e9\u00bb","block_context":{"text":"Escritos de Luc\u00eda Rog\u00e9","link":"https:\/\/vincentians.com\/es\/category\/escritos\/escritos-de-lucia-roge\/"},"img":{"alt_text":"","src":"https:\/\/i0.wp.com\/vincentians.com\/es\/wp-content\/uploads\/sites\/11\/2016\/07\/escritos-lucia-roge.jpg?fit=1200%2C630&ssl=1&resize=350%2C200","width":350,"height":200,"srcset":"https:\/\/i0.wp.com\/vincentians.com\/es\/wp-content\/uploads\/sites\/11\/2016\/07\/escritos-lucia-roge.jpg?fit=1200%2C630&ssl=1&resize=350%2C200 1x, https:\/\/i0.wp.com\/vincentians.com\/es\/wp-content\/uploads\/sites\/11\/2016\/07\/escritos-lucia-roge.jpg?fit=1200%2C630&ssl=1&resize=525%2C300 1.5x, https:\/\/i0.wp.com\/vincentians.com\/es\/wp-content\/uploads\/sites\/11\/2016\/07\/escritos-lucia-roge.jpg?fit=1200%2C630&ssl=1&resize=700%2C400 2x, https:\/\/i0.wp.com\/vincentians.com\/es\/wp-content\/uploads\/sites\/11\/2016\/07\/escritos-lucia-roge.jpg?fit=1200%2C630&ssl=1&resize=1050%2C600 3x"},"classes":[]},{"id":34767,"url":"https:\/\/vincentians.com\/es\/sor-lucia-roge-un-mensaje-para-nuestro-tiempo\/","url_meta":{"origin":41756,"position":1},"title":"Sor Luc\u00eda Rog\u00e9: Un mensaje para nuestro tiempo&#8230;","author":"Francisco Javier Fern\u00e1ndez Chento","date":"16\/05\/2020","format":false,"excerpt":"Sor Luc\u00eda en sus escritos Su contacto durante catorce a\u00f1os con la Madre Susana Guillemin, en una \u00e9poca de plena actualizaci\u00f3n de la Iglesia y de la Compa\u00f1\u00eda, como fruto del entonces reci\u00e9n celebrado Concilio, y su posici\u00f3n de animadora de las Asambleas Generales llamadas a elaborar las nuevas Constitucio\u00adnes,\u2026","rel":"","context":"En \u00abHijas de la Caridad\u00bb","block_context":{"text":"Hijas de la Caridad","link":"https:\/\/vincentians.com\/es\/category\/la-familia-vicenciana\/ramas\/hijas-de-la-caridad\/"},"img":{"alt_text":"","src":"","width":0,"height":0},"classes":[]},{"id":35315,"url":"https:\/\/vincentians.com\/es\/lucia-roge-hace-diez-anos-nuestra-madre-guillemin\/","url_meta":{"origin":41756,"position":2},"title":"Luc\u00eda Rog\u00e9: Hace diez a\u00f1os&#8230; nuestra Madre Guillemin","author":"Francisco Javier Fern\u00e1ndez Chento","date":"27\/07\/2020","format":false,"excerpt":"Marzo de 1978 Hace diez a\u00f1os, Nuestra Madre GUILLEMIN nos dejaba... No me resig\u00adno a que este aniversario transcurra en el silencio. Su vida y su muerte \u00a1fueron de tal densidad humana y espiritual para la Compa\u00f1\u00eda...! \"Pose\u00eda, realmente, el carisma de los profetas y lo compart\u00eda con toda sencillez...\u2026","rel":"","context":"En \u00abEscritos de Luc\u00eda Rog\u00e9\u00bb","block_context":{"text":"Escritos de Luc\u00eda Rog\u00e9","link":"https:\/\/vincentians.com\/es\/category\/escritos\/escritos-de-lucia-roge\/"},"img":{"alt_text":"","src":"https:\/\/i0.wp.com\/vincentians.com\/es\/wp-content\/uploads\/sites\/11\/2016\/07\/escritos-lucia-roge.jpg?fit=1200%2C630&ssl=1&resize=350%2C200","width":350,"height":200,"srcset":"https:\/\/i0.wp.com\/vincentians.com\/es\/wp-content\/uploads\/sites\/11\/2016\/07\/escritos-lucia-roge.jpg?fit=1200%2C630&ssl=1&resize=350%2C200 1x, https:\/\/i0.wp.com\/vincentians.com\/es\/wp-content\/uploads\/sites\/11\/2016\/07\/escritos-lucia-roge.jpg?fit=1200%2C630&ssl=1&resize=525%2C300 1.5x, https:\/\/i0.wp.com\/vincentians.com\/es\/wp-content\/uploads\/sites\/11\/2016\/07\/escritos-lucia-roge.jpg?fit=1200%2C630&ssl=1&resize=700%2C400 2x, https:\/\/i0.wp.com\/vincentians.com\/es\/wp-content\/uploads\/sites\/11\/2016\/07\/escritos-lucia-roge.jpg?fit=1200%2C630&ssl=1&resize=1050%2C600 3x"},"classes":[]},{"id":45056,"url":"https:\/\/vincentians.com\/es\/lucia-roge-cursillo-mariano-internacional-conclusion\/","url_meta":{"origin":41756,"position":3},"title":"Luc\u00eda Rog\u00e9: Cursillo Mariano Internacional, conclusi\u00f3n","author":"Francisco Javier Fern\u00e1ndez Chento","date":"04\/07\/2011","format":false,"excerpt":"Sor Luc\u00eda Rog\u00e9, H.C. 20 de julio de 1981 Hemos llegado al t\u00e9rmino del Cursillo. Durante estos d\u00edas, han escu\u00adchado ustedes, han discutido, orado y caminado juntas. Ya se ha hecho la recolecci\u00f3n; les queda separar el grano y molerlo en la reflexi\u00f3n y la oraci\u00f3n para que pueda servirles\u2026","rel":"","context":"En \u00abEscritos de Luc\u00eda Rog\u00e9\u00bb","block_context":{"text":"Escritos de Luc\u00eda Rog\u00e9","link":"https:\/\/vincentians.com\/es\/category\/escritos\/escritos-de-lucia-roge\/"},"img":{"alt_text":"","src":"https:\/\/i0.wp.com\/vincentians.com\/es\/wp-content\/uploads\/sites\/11\/2016\/07\/escritos-lucia-roge.jpg?fit=1200%2C630&ssl=1&resize=350%2C200","width":350,"height":200,"srcset":"https:\/\/i0.wp.com\/vincentians.com\/es\/wp-content\/uploads\/sites\/11\/2016\/07\/escritos-lucia-roge.jpg?fit=1200%2C630&ssl=1&resize=350%2C200 1x, https:\/\/i0.wp.com\/vincentians.com\/es\/wp-content\/uploads\/sites\/11\/2016\/07\/escritos-lucia-roge.jpg?fit=1200%2C630&ssl=1&resize=525%2C300 1.5x, https:\/\/i0.wp.com\/vincentians.com\/es\/wp-content\/uploads\/sites\/11\/2016\/07\/escritos-lucia-roge.jpg?fit=1200%2C630&ssl=1&resize=700%2C400 2x, https:\/\/i0.wp.com\/vincentians.com\/es\/wp-content\/uploads\/sites\/11\/2016\/07\/escritos-lucia-roge.jpg?fit=1200%2C630&ssl=1&resize=1050%2C600 3x"},"classes":[]},{"id":35314,"url":"https:\/\/vincentians.com\/es\/lucia-roge-aniversario-de-la-consagracion-de-la-compania-a-nuestra-senora-de-chartres\/","url_meta":{"origin":41756,"position":4},"title":"Luc\u00eda Rog\u00e9: Aniversario de la Consagraci\u00f3n de la Compa\u00f1ia a Nuestra Se\u00f1ora de Chartres","author":"Francisco Javier Fern\u00e1ndez Chento","date":"20\/07\/2020","format":false,"excerpt":"Par\u00eds 17 de octubre de 1977 Queridas Hermanas: En el transcurso de la \"reuni\u00f3n de Visitadoras\", del pasado septiem\u00adbre, sentimos el deseo de hacerles llegar a cada una personalmente una carta, con los ecos de aquella etapa de vida de la Compa\u00f1\u00eda. Se trata, efectivamente, de una etapa, es decir,\u2026","rel":"","context":"En \u00abEscritos de Luc\u00eda Rog\u00e9\u00bb","block_context":{"text":"Escritos de Luc\u00eda Rog\u00e9","link":"https:\/\/vincentians.com\/es\/category\/escritos\/escritos-de-lucia-roge\/"},"img":{"alt_text":"","src":"https:\/\/i0.wp.com\/vincentians.com\/es\/wp-content\/uploads\/sites\/11\/2016\/07\/escritos-lucia-roge.jpg?fit=1200%2C630&ssl=1&resize=350%2C200","width":350,"height":200,"srcset":"https:\/\/i0.wp.com\/vincentians.com\/es\/wp-content\/uploads\/sites\/11\/2016\/07\/escritos-lucia-roge.jpg?fit=1200%2C630&ssl=1&resize=350%2C200 1x, https:\/\/i0.wp.com\/vincentians.com\/es\/wp-content\/uploads\/sites\/11\/2016\/07\/escritos-lucia-roge.jpg?fit=1200%2C630&ssl=1&resize=525%2C300 1.5x, https:\/\/i0.wp.com\/vincentians.com\/es\/wp-content\/uploads\/sites\/11\/2016\/07\/escritos-lucia-roge.jpg?fit=1200%2C630&ssl=1&resize=700%2C400 2x, https:\/\/i0.wp.com\/vincentians.com\/es\/wp-content\/uploads\/sites\/11\/2016\/07\/escritos-lucia-roge.jpg?fit=1200%2C630&ssl=1&resize=1050%2C600 3x"},"classes":[]},{"id":37809,"url":"https:\/\/vincentians.com\/es\/lucia-roge-lo-que-ha-de-ser-el-ano-1980-para-la-compania\/","url_meta":{"origin":41756,"position":5},"title":"Luc\u00eda Rog\u00e9: Lo que ha de ser el a\u00f1o 1980 para la Compa\u00f1\u00eda","author":"Francisco Javier Fern\u00e1ndez Chento","date":"09\/05\/2011","format":false,"excerpt":"Par\u00eds,18 de julio de 1980 Esta tarde, har\u00e1 ciento cincuenta a\u00f1os que la Virgen Mar\u00eda vino aqu\u00ed, har\u00e1 ciento cincuenta a\u00f1os que eligi\u00f3 a la Compa\u00f1\u00eda para honrarla con su visita, ciento cincuenta a\u00f1os que quiso confiarnos una misi\u00f3n y com\u00adpartir con santa Catalina Labour\u00e9 sus preocupaciones respecto a la\u2026","rel":"","context":"En \u00abEscritos de Luc\u00eda Rog\u00e9\u00bb","block_context":{"text":"Escritos de Luc\u00eda Rog\u00e9","link":"https:\/\/vincentians.com\/es\/category\/escritos\/escritos-de-lucia-roge\/"},"img":{"alt_text":"","src":"https:\/\/i0.wp.com\/vincentians.com\/es\/wp-content\/uploads\/sites\/11\/2016\/07\/escritos-lucia-roge.jpg?fit=1200%2C630&ssl=1&resize=350%2C200","width":350,"height":200,"srcset":"https:\/\/i0.wp.com\/vincentians.com\/es\/wp-content\/uploads\/sites\/11\/2016\/07\/escritos-lucia-roge.jpg?fit=1200%2C630&ssl=1&resize=350%2C200 1x, https:\/\/i0.wp.com\/vincentians.com\/es\/wp-content\/uploads\/sites\/11\/2016\/07\/escritos-lucia-roge.jpg?fit=1200%2C630&ssl=1&resize=525%2C300 1.5x, https:\/\/i0.wp.com\/vincentians.com\/es\/wp-content\/uploads\/sites\/11\/2016\/07\/escritos-lucia-roge.jpg?fit=1200%2C630&ssl=1&resize=700%2C400 2x, https:\/\/i0.wp.com\/vincentians.com\/es\/wp-content\/uploads\/sites\/11\/2016\/07\/escritos-lucia-roge.jpg?fit=1200%2C630&ssl=1&resize=1050%2C600 3x"},"classes":[]}],"_links":{"self":[{"href":"https:\/\/vincentians.com\/es\/wp-json\/wp\/v2\/posts\/41756","targetHints":{"allow":["GET"]}}],"collection":[{"href":"https:\/\/vincentians.com\/es\/wp-json\/wp\/v2\/posts"}],"about":[{"href":"https:\/\/vincentians.com\/es\/wp-json\/wp\/v2\/types\/post"}],"author":[{"embeddable":true,"href":"https:\/\/vincentians.com\/es\/wp-json\/wp\/v2\/users\/4"}],"replies":[{"embeddable":true,"href":"https:\/\/vincentians.com\/es\/wp-json\/wp\/v2\/comments?post=41756"}],"version-history":[{"count":1,"href":"https:\/\/vincentians.com\/es\/wp-json\/wp\/v2\/posts\/41756\/revisions"}],"predecessor-version":[{"id":403262,"href":"https:\/\/vincentians.com\/es\/wp-json\/wp\/v2\/posts\/41756\/revisions\/403262"}],"wp:featuredmedia":[{"embeddable":true,"href":"https:\/\/vincentians.com\/es\/wp-json\/wp\/v2\/media\/398623"}],"wp:attachment":[{"href":"https:\/\/vincentians.com\/es\/wp-json\/wp\/v2\/media?parent=41756"}],"wp:term":[{"taxonomy":"category","embeddable":true,"href":"https:\/\/vincentians.com\/es\/wp-json\/wp\/v2\/categories?post=41756"},{"taxonomy":"post_tag","embeddable":true,"href":"https:\/\/vincentians.com\/es\/wp-json\/wp\/v2\/tags?post=41756"}],"curies":[{"name":"wp","href":"https:\/\/api.w.org\/{rel}","templated":true}]}}