{"id":41059,"date":"2014-10-31T08:59:51","date_gmt":"2014-10-31T07:59:51","guid":{"rendered":"http:\/\/somos.vicencianos.org\/blog\/2011\/05\/lucia-roge-el-rostro-de-santa-luisa\/"},"modified":"2014-10-31T08:59:51","modified_gmt":"2014-10-31T07:59:51","slug":"lucia-roge-el-rostro-de-santa-luisa","status":"publish","type":"post","link":"https:\/\/vincentians.com\/es\/lucia-roge-el-rostro-de-santa-luisa\/","title":{"rendered":"Luc\u00eda Rog\u00e9: El Rostro De Santa Luisa"},"content":{"rendered":"<p><a href=\"https:\/\/i0.wp.com\/vicencianos.org\/wp-content\/2011\/04\/Lucia_Roge.jpg\"><img data-recalc-dims=\"1\" loading=\"lazy\" decoding=\"async\" class=\"size-medium wp-image-34760\" title=\"Sor Luc\u00eda Rog\u00e9, H.C.\" src=\"https:\/\/i0.wp.com\/vicencianos.org\/wp-content\/2011\/04\/Lucia_Roge-249x300.jpg?resize=249%2C300\" alt=\"Sor Luc\u00eda Rog\u00e9, H.C.\" width=\"249\" height=\"300\" \/><\/a><\/p>\n<div>\n<p>Par\u00eds, 15 de marzo de 1981<\/p>\n<p>Han manifestado ustedes el deseo de contemplar m\u00e1s detenida\u00admente el rostro de santa Luisa y, consecuentemente, el mensaje que no deja de transmitirnos. Las observaciones que vamos a hacer a conti\u00adnuaci\u00f3n no pretenden otra cosa sino dar lugar a un intercambio que per\u00admita profundizar en la personalidad de santa Luisa. He tratado de pasar\u00adle la palabra a ella, con extractos de sus escritos, acaso menos conocidos. Pero es mucho m\u00e1s lo que queda por leer, siendo tan rica como es su vida interior. Les pido perd\u00f3n de antemano por las repeti\u00adciones y por las omisiones.<\/p>\n<p>\u00bfQu\u00e9 rasgo de su fisionom\u00eda espiritual hay que destacar para poner de relieve su rostro y su personalidad? Si miramos los retratos que de ella han llegado hasta nosotras, advertimos en seguida cierta gravedad en su mirada, esa seriedad que san Vicente le se\u00f1alaba de vez en cuando. S\u00f3lo en la Casa Provincial de Colonia he visto un retrato de santa Luisa son\u00adriente; est\u00e1 leyendo una carta. \u00bfEs de alguna de sus hijas, o bien del se\u00f1or Vicente? No lo s\u00e9, pero su cara est\u00e1 iluminada por una sonrisa.<\/p>\n<p>Vamos a tratar, juntas, de deducir otras l\u00edneas principales a trav\u00e9s de situaciones particulares y de circunstancias de su vida. Los aconteci\u00admientos hicieron de ella:<\/p>\n<p>* una m\u00edstica unida a Jesucristo por el sufrimiento y la pobreza;<\/p>\n<p>* una m\u00edstica totalmente entregada a Dios y comprometida a su ser\u00advicio en los pobres.<\/p>\n<p>Es un alma ardiente y apasionada dentro de una constituci\u00f3n f\u00edsica, fr\u00e1gil y vulnerable. Todas conocemos su vida. Voy a subrayar sencilla\u00admente algunos puntos por orden cronol\u00f3gico, para intentar descubrir el ritmo de Dios en su biograf\u00eda personal.<\/p>\n<p>1591-1625<\/p>\n<p>Sin duda, Luisa descubri\u00f3 muy pronto, desde sus primeros a\u00f1os, lo ins\u00f3lito de su situaci\u00f3n. Interna en Poissy, con las religiosas dominicas; interna muy ni\u00f1a, sin recibir visitas de su mam\u00e1. \u00bfPodr\u00eda compensar tal<\/p>\n<\/div>\n<p>&nbsp;<\/p>\n<div>\n<table width=\"100%\" cellspacing=\"0\" cellpadding=\"0\">\n<tbody>\n<tr>\n<td>\n<div>\n<p>370<\/p>\n<\/div>\n<\/td>\n<\/tr>\n<\/tbody>\n<\/table>\n<p>carencia el afecto de una monja, prima hermana de su padre? Y \u00e9ste, \u00bfqu\u00e9 visitas le hac\u00eda? \u00bfLe hablaban de su madre algunas veces? Pron\u00adto pudo darse cuenta de esta anomal\u00eda, que acentuar\u00e1 en su coraz\u00f3n cuando descubra claramente que es hija natural. Acaso, sucedi\u00f3 as\u00ed cuando su padre contrajo matrimonio.<\/p>\n<p>Entra as\u00ed en la adolescencia cuando muere su padre. S\u00f3lo cuenta 13 a\u00f1os. La soledad, tan sensible a esa edad, acompa\u00f1a su pena. Sale del internado y empieza para ella el aprendizaje de la pobreza exterior, a la vez que entra tambi\u00e9n en la pobreza interior. S\u00f3lo Dios le queda como algo suyo en ese vac\u00edo. De todos esos acontecimientos, har\u00e1 otros tan\u00adtos medios para unirse a \u00c9l, y sin duda vivi\u00f3 una verdadera experiencia de Dios. En este per\u00edodo de su vida, surgen en su coraz\u00f3n unas exi\u00adgencias \u00edntimas que para ella se convertir\u00e1n en fidelidades personales con las que quedar\u00e1 se\u00f1alada su fisonom\u00eda espiritual.<\/p>\n<p>En tal contexto, florece la vocaci\u00f3n religiosa, y la elecci\u00f3n de las capuchinas, son su regla rigurosa, ser\u00e1 una de aquellas fidelidades. Ya se nos aparece como franqueando la entrada de la vida m\u00edstica del sufri\u00admiento y de la Cruz, unida a Jes\u00fas crucificado. De ahora en adelante, veremos en su fisonom\u00eda un reflejo de gravedad, impreso por la ascesis y la muerte a ella misma, enfocadas como un camino privilegiado para crecer en la intimidad del Se\u00f1or.<\/p>\n<p>Esa sed de intimidad divina tropieza, sin embargo, con una verda\u00addera prueba. \u00bfC\u00f3mo encaj\u00f3 aquella oposici\u00f3n a su entrada con las capuchinas? \u00bfQu\u00e9 sentimientos suscit\u00f3 en su coraz\u00f3n? El verdadero obst\u00e1culo a su entrada, \u00bfera realmente su salud o el ser hija natural? \u00a1Qu\u00e9 nuevo per\u00edodo de oscuridad para ella! Sin embargo, acoge en la fe ese aparente rechazo de Dios. De ese modo es como muy tempra\u00adnamente tropieza con la dificultad de discernir la voluntad de Dios. \u00a1Siente vibrar en ella esa exigencia \u00edntima de ser toda de Dios, y no com\u00adprende, no puede comprender! Entra as\u00ed en una b\u00fasqueda inquieta que habr\u00e1 de persistir mucho tiempo y que la moldea en la humildad. Es una especie de destrucci\u00f3n de su propio querer, que vive en uni\u00f3n con el anonadamiento del Hijo de Dios en su misterio de la Encarnaci\u00f3n del que tan frecuentemente y tan bien hablar\u00e1 a sus Hermanas. La humildad empapa todo su ser y hasta el fin de su vida ser\u00e1 un rasgo dominante de su personalidad.<\/p>\n<p>Se casa o la casan a los 22 a\u00f1os. En esta nueva etapa de su vida, sigue estando presente la humillaci\u00f3n desde el primer momento, cuando lee el contrato de esponsales. Una vez m\u00e1s, todo el pasado revive. Por fin, la alegr\u00eda de ser madre disipa todos esos negros nubarrones y duran-<\/p>\n<\/div>\n<p>&nbsp;<\/p>\n<div>\n<table width=\"100%\" cellspacing=\"0\" cellpadding=\"0\">\n<tbody>\n<tr>\n<td>\n<div>\n<p>371<\/p>\n<\/div>\n<\/td>\n<\/tr>\n<\/tbody>\n<\/table>\n<p>te unos a\u00f1os aleja el peso que sobre ella dejan sentir. Luego, r\u00e1pida\u00admente, vuelve a aparecer aquella primera exigencia, estableci\u00e9ndola en un lamentable estado de inquietud. Tan cierto es que nada ni nadie pue\u00adde ocupar definitivamente el lugar de Dios en un coraz\u00f3n en el que \u00c9l ha penetrado ya \u00edntimamente. Con dolor, vive una espantosa tempestad interior. Bien comprende que sola, no llegar\u00e1 nunca a salir de tal estado.<\/p>\n<p>Ser\u00e1 entonces cuando llegue el Esp\u00edritu en su auxilio, con la ilumi\u00adnaci\u00f3n de Pentecost\u00e9s. En el pergamino que se conserva en los Archi\u00advos y que relata esa invasi\u00f3n del Esp\u00edritu, en una esquina, ha escrito: LUZ. En adelante, su vida se ver\u00e1 impregnada por ese acontecimiento-gracia, que se traducir\u00e1 por una devoci\u00f3n fiel al Esp\u00edritu de amor, lega\u00adda a sus hijas. Conseguida la paz y la serenidad, aguardar\u00e1 el cumpli\u00admiento de lo que Dios le ha hecho entrever.<\/p>\n<p>As\u00ed es c\u00f3mo me aparecen los primeros rasgos del perfil espiritual de santa Luisa. Es una m\u00edstica, sellada por el sufrimiento, \u00edntimamente unida a Jes\u00fas crucificado, en una b\u00fasqueda humilde de la voluntad de Dios.<\/p>\n<p>De ah\u00ed, se desprenden para ella exigencias \u00edntimas, imperativas, de mortificaci\u00f3n, de multiplicidad de pr\u00e1cticas espirituales (recordemos los treinta y tres actos en honor de la humanidad de Nuestro Se\u00f1or), de continuos ex\u00e1menes de conciencia y otras. Esas exigencias han naci\u00addo en ella a trav\u00e9s de los acontecimientos que han tejido su vida; y seguir\u00e1n surgiendo sin que se le impongan desde fuera. Al contrario, san Vicente se esforzar\u00e1 por atenuar esos rigores. M\u00e1s que de su afec\u00adtividad o de su sensibilidad profundas o aun de su conocimiento teol\u00f3\u00adgico real, la savia que hace brotar esas exigencias nace de lo \u00edntimo de su alma donde Dios act\u00faa, donde Dios la llama a una misi\u00f3n todav\u00eda imprecisa. Sin embargo, como Mar\u00eda, dice s\u00ed desde aquel d\u00eda de Pen\u00adtecost\u00e9s de 1623.<\/p>\n<p>De exigencias en fidelidad y de fidelidad en nuevas exigencias, santa Luisa va encamin\u00e1ndose as\u00ed hacia un compromiso, una entrega en la que por fin ser\u00e1 toda de Dios al darse por completo a los pobres.<\/p>\n<p>1625-1650<\/p>\n<p>Ya la tenemos viuda con un hijo de doce a\u00f1os. Quiere estar dispo\u00adnible para lo que Dios le haga conocer ser su voluntad, a trav\u00e9s de su director espiritual. Pero los plazos y demoras le parecen harto largos a su alma intr\u00e9pida, llena de inquietudes. Trabaja, no obstante, por cen\u00adtrarse en Dios. Quiere vivir por \u00c9l y con \u00c9l. D\u00eda tras d\u00eda, gracias a san<\/p>\n<\/div>\n<p>&nbsp;<\/p>\n<div>\n<p>Vicente, va descubriendo la realidad de los pobres y de la pobreza. Por fin, se ve enviada a la misi\u00f3n, en 1629. San Vicente le encarga la visita de Montmirail, Liancourt y otros lugares, oblig\u00e1ndola a salir de s\u00ed misma, para ver con sus ojos la miseria de los campesinos de Francia.<\/p>\n<p>Bajo otro aspecto, la oposici\u00f3n que a veces encuentra, como le ocu\u00adrre en Ch\u00e1lons, la afianza ante las resistencias humanas. Las relaciones o informes de sus visitas la inducen a exponer criterios de valor objeti\u00advos y claros. Por otra parte, tiene un don de organizaci\u00f3n, de adminis\u00adtraci\u00f3n, un sentido de la realidad, tan destacados como el se\u00f1or Vicente. M\u00e1s adelante, durante una ausencia suya de Par\u00eds, la veremos escribir a Sor Juliana Loret y a Sor Hellot una larga carta, en la que mezcla noti\u00adcias recientes, recomendaciones diversas sobre la pr\u00e1ctica de la virtud y la expresi\u00f3n personal de sus sentimientos: \u00abNunca fui tan dependien\u00adte e hice tan poco mi voluntad como ahora\u00bb. Y despu\u00e9s, una postdata tan sabrosa como \u00e9sta: \u00abPor favor, no dejen salir juntos a todos los cer\u00addos y, sobre todo, que no vayan al huerto, para que podamos verlo reverdecer&#8230;\u00bb. La seriedad, la profundidad con que sigue todas las cosas, en cualquier aspecto, esa forma de estar presente en toda la vida \u00bfno es acaso un don del Esp\u00edritu Santo a la Fundadora?<\/p>\n<p>A medida que va oper\u00e1ndose lo que podr\u00edamos llamar la descen\u00adtralizaci\u00f3n de s\u00ed misma, se va afinando tambi\u00e9n su penetraci\u00f3n psicol\u00f3\u00adgica. Discierne entre las j\u00f3venes que le son enviadas, aqu\u00e9llas que podr\u00e1n seguirla, vivir con ella la m\u00edstica del pobre, ese servicio a Jesu\u00adcristo reconocido en ellos.<\/p>\n<p>El 29 de noviembre de 1633, re\u00fane al primer grupito de Hermanas, despu\u00e9s de muerta Margarita Naseau, \u00abla que tuvo la dicha de mostrar el camino a las dem\u00e1s\u00bb. El 25 de marzo siguiente, en 1634, santa Luisa se compromete por voto a ese servicio. Tiene a la saz\u00f3n cuarenta y tres a\u00f1os. En el mes de julio de ese a\u00f1o, san Vicente lee y comenta a las doce primeras Hermanas el primer reglamento. En su humildad, la Se\u00f1o\u00adrita se maravilla; en fe, alaba a Dios y va apacigu\u00e1ndose progresiva\u00admente. No obstante, de vez en cuando, surgen brotes de inquietud y entonces, pide auxilio a san Vicente, casi con timidez: \u00abLos pobres se contentan con poco\u00bb<sup>2<\/sup>, dice en 1636. En adelante, hasta en lo espiritual, su punto de referencia ser\u00e1n ellos.<\/p>\n<p>Tambi\u00e9n ellos y la defensa de sus intereses inspirar\u00e1n su carta a la superiora de las benedictinas de Argenteuil, en 1639. Su tono es firme y<\/p>\n<p><sup>1<\/sup> SLM, p. 280.<\/p>\n<p><sup>2<\/sup> SLM, p. 26-27.<\/p>\n<\/div>\n<p>&nbsp;<\/p>\n<div>\n<p>directo, el de una personalidad que se afianza y afirma ante el caso de que se intente desviar una vocaci\u00f3n de Hijas de la Caridad. Le reprocha nada menos que \u00abponer en peligro la salvaci\u00f3n de un alma, privando de socorro a los pobres abandonados que se hallan en toda clase de nece\u00adsidades y no tienen m\u00e1s ayuda que la que les prestan las j\u00f3venes que desprendi\u00e9ndose de todo inter\u00e9s, se dan a Dios para el servicio espiri\u00adtual y temporal de esas pobres criaturas, a las que su bondad quiere considerar como miembros suyos\u00bb<sup>3<\/sup>&#8230; Queda condensada en esas fra\u00adses toda la finalidad de la Compa\u00f1\u00eda.<\/p>\n<p>Se multiplican las fundaciones al servicio de los pobres, pero es la fundaci\u00f3n de Angers, en diciembre de 1639, la que supone el primer viaje largo, 14 d\u00edas. Angers ser\u00e1 siempre como el prototipo de los esta\u00adblecimientos, y Luisa la seguir\u00e1 de cerca con una especial y afectuosa atenci\u00f3n. Escribe a Angers varias veces al mes; va siguiendo paso a paso la vida de las Hermanas; da indicaciones muy concretas al Abad de Vaux, Vicario General, que se ocupa de la comunidad. Habla, en verdad, como Fundadora y responsable. De 1640 a 1642 se cuentan 36 cartas suyas al Abad de Vaux, en las que queda expresada su humil\u00addad, as\u00ed como su inquietud por una verdad m\u00edstica y clara.<\/p>\n<p>En lenguaje de hoy, podr\u00eda decirse \u00abest\u00e1 lanzada\u00bb, y nada ya la detendr\u00e1 en ese servicio a los pobres. Parece que ha encontrado por fin c\u00f3mo dar salida a un potencial de amor a Dios y al pr\u00f3jimo. La expe\u00adriencia de las situaciones vividas anteriormente no se ha desvanecido y se sirve de ella como de una especie de punto de apoyo \u00fatil para el hoy. Desde ahora, pertenece a dos clases sociales, la suya y la de aquellas j\u00f3venes, que es la de los pobres. Podemos hacernos una idea del grado de dominio que de s\u00ed misma pose\u00eda. Comparte la vida de aquellas muchachas del campo, sus reacciones y costumbres, que tan alejadas est\u00e1n de su educaci\u00f3n personal.<\/p>\n<p>Los avisos para la formaci\u00f3n, que se llevan las Hermanas destina\u00addas a Polonia, traducen en lo concreto su experiencia de vida com\u00fan. Una parte de los mismos responden a un tratado de buena educaci\u00f3n, de respeto mutuo, de delicadeza. Hay, por ejemplo, todo un pasaje sobre la necesidad de peinarse todos los d\u00edas, de no dejar el pelo col\u00adgando. Otro, sobre limpieza personal externa, que considera como un reflejo de la pureza del alma. Tambi\u00e9n se encuentran en ellos las l\u00edneas generales de espiritualidad: sencillez, humildad, amor de Dios, con los puntos siempre preferidos de la Se\u00f1orita, como es la mortificaci\u00f3n.<\/p>\n<table width=\"100%\" cellspacing=\"0\" cellpadding=\"0\">\n<tbody>\n<tr>\n<td>\n<div>\n<p>373<\/p>\n<\/div>\n<\/td>\n<\/tr>\n<\/tbody>\n<\/table>\n<p><sup>3<\/sup> SLM, p. 30.<\/p>\n<\/div>\n<p>&nbsp;<\/p>\n<div>\n<table width=\"100%\" cellspacing=\"0\" cellpadding=\"0\">\n<tbody>\n<tr>\n<td>\n<div>\n<p>374<\/p>\n<\/div>\n<\/td>\n<\/tr>\n<\/tbody>\n<\/table>\n<p>\u00abMortificarse siempre en algo por amor de Dios, ya comiendo lo que se nos sirve aunque no sea de nuestro gusto; ya priv\u00e1ndonos de algo m\u00e1s apeti\u00adtoso, si es posible hacerlo sin quitar lo necesario y sin dejar ver que una se mortifica\u00bb<sup>4<\/sup>.<\/p>\n<p>La instrucci\u00f3n de las ni\u00f1as y muchachas pobres le parece un deber imperioso. De ah\u00ed, su solicitud al Chantre de Notre Dame, gran iniciativa que lleva ella misma. B\u00e1rbara Bailly, testigo presencial, nos dice:<\/p>\n<p>\u00abTuvo un gran celo por la salvaci\u00f3n de las almas, yendo por los pueblos para instruir a los pobres. Organiz\u00f3 escuelas, donde en ocasiones tuvo que vivir tan pobremente que lleg\u00f3 a dormir en el suelo sobre un poco de paja\u00bb<sup>5<\/sup>.<\/p>\n<p>Se desprende cada vez m\u00e1s de s\u00ed misma. Pr\u00e1cticamente, no le queda tiempo para pensar en s\u00ed misma. Se le ocurre escribir, en 1642, al Abad de Vaux: \u00abEs que tengo tanta prisa&#8230;\u00bb<sup>6<\/sup>, expresi\u00f3n que repite al a\u00f1o siguiente, escribiendo a las Hermanas de Richelieu: \u00abTengo mucha prisa; buenas noches. Pidan a Dios por m\u00ed y por la Compa\u00f1\u00eda\u00bb<sup>7<\/sup>. Y m\u00e1s adelante: \u00abSiempre tengo prisa cuando escribo, o porque hay alguien delante o porque me est\u00e1n esperando\u00bb<sup>8<\/sup>.<\/p>\n<p>A pesar de ese nuevo ritmo de vida, hay un punto peculiar de su car\u00e1cter que persiste, una tendencia a la inquietud y a la inseguridad, tanto en el plano personal como comunitario. Aquel sufrimiento secreto de su juventud, que nunca pudo compartir con nadie y que tantas veces se renov\u00f3, la ha dejado como un poco tensa y siempre al acecho de una nueva prueba posible.<\/p>\n<p>Movida por un gran impulso de fe, va a confi\u00e1rselo todo a Mar\u00eda, a Nuestra Se\u00f1ora de Chartres, en 1644: su hijo, la Compa\u00f1\u00eda. Y de ella sale esta frase audaz: \u00abOfreciendo a Dios dicha Compa\u00f1\u00eda, le he pedi\u00addo su destrucci\u00f3n antes de que se estableciese en contra de su sant\u00edsi\u00adma voluntad\u00bb<sup>9<\/sup>, porque siempre se da en ella esa ansiedad, esta duda de estar verdaderamente cumpliendo la voluntad de Dios. Llega hasta hacer una novena y escribe a san Vicente:<\/p>\n<p><sup>4<\/sup> Archivos de la casa Madre.<\/p>\n<p><sup>5<\/sup><em> La Compagnie des Filies de la Charit\u00e9 aux origines, <\/em>D. 803, p. 923.<\/p>\n<p><sup>6<\/sup> SLM, p. 77.<\/p>\n<p><sup>7<\/sup> SLM, p. 248.<\/p>\n<p><sup>8<\/sup> SLM, p. 167.<\/p>\n<p><sup>9<\/sup> SLM, p. 125<\/p>\n<\/div>\n<p>&nbsp;<\/p>\n<div>\n<p>\u00abSuplico muy humildemente a su caridad que ofrezca a nuestro buen Dios nuestra humilde novena, que empieza hoy. Bien sabe ese Dios tan bueno que no quiero nada, por su misericordia, m\u00e1s que su sant\u00edsima voluntad, pero deseo que su poder aleje todos los impedimentos para cumplir per\u00adfectamente esa santa voluntad\u00bb<sup>10<\/sup>.<\/p>\n<p>Su vida toda expresa una actividad de pobreza. Prueba de ello, las preguntas que dirige a san Vicente en v\u00edsperas de un viaje: \u00ab\u00bfC\u00f3mo har\u00e9 para quitar a Sor Ana?\u00bb La contestaci\u00f3n, en el margen, la remite al Esp\u00ed\u00adritu Santo: \u00abUsted ver\u00e1\u00bb. Y m\u00e1s adelante, ante su desconcierto por la ausencia de su padre: \u00ab\u00a1Mujer de poca fe!\u00bb.<\/p>\n<p>De hecho, se siente desprovista y pobre. Desde su juventud, ha experimentado la pobreza en todos los planos, y a\u00fan hoy, trat\u00e1ndose de la formaci\u00f3n de las Hermanas, \u00a1hay tal desfase entre lo que son y lo que deber\u00edan ser! Bajo este aspecto, la Se\u00f1orita se encuentra tambi\u00e9n como inmersa en \u00abun mar de temores renovados por la Compa\u00f1\u00eda\u00bb, seg\u00fan su propia expresi\u00f3n. En efecto, muchas Hermanas han salido, y piensa que ella es quien tiene la culpa de esas salidas. \u00bfQu\u00e9 hacer? Firma una carta dirigida a san Vicente:<\/p>\n<p>\u00abReconociendo no poder hacerlo mejor en el porvenir sin una gran ayuda<\/p>\n<p>de su caridad de quien soy la pobre hija y agradecida servidora&#8230;u<sup>11<\/sup>.<\/p>\n<p>La pobreza interior es otro rasgo de su fisonom\u00eda espiritual. Como los pobres, no tiene seguridad. En 1642, llega a proponer a san Vicen\u00adte una sustituta, tan cercada de dificultades se ve por todas partes. En 1649 se pregunta si no ser\u00e1 ella el Jon\u00e1s del que hay que liberar a la Compa\u00f1\u00eda&#8230; O tambi\u00e9n: \u00abMe parece que nuestro Buen Dios quiere des\u00adtruirnos por completo\u00bb. Esa inseguridad la vive tambi\u00e9n por los pobres. Para defender a los ni\u00f1os exp\u00f3sitos, se hace vehemente en sus s\u00fapli\u00adcas y exposiciones a san Vicente. Esta inseguridad estaba justificada y nos vali\u00f3 aquella memorable interpelaci\u00f3n de Vicente: \u00abAhora bien, Se\u00f1oras&#8230;\u00bb.<\/p>\n<p>Otra fuente continua de angustia es su hijo. En 1643, tiene treinta a\u00f1os, y los amigos de santa Luisa intentan colocarlo. Santa Luisa pre\u00adgunta entonces a san Vicente qu\u00e9 hacer, viendo la necesidad de sacar\u00adlo de su melancol\u00eda. En otra carta, confiesa sencillamente: \u00abNo necesi\u00adtar\u00eda nada, si mi hijo tuviera empleo\u00bb. En 1644, escribe de nuevo a san<\/p>\n<p><sup>10<\/sup> SLM, p. 332.<\/p>\n<p><sup>11<\/sup> SLM, p. 93.<\/p>\n<\/div>\n<p>&nbsp;<\/p>\n<div>\n<table width=\"100%\" cellspacing=\"0\" cellpadding=\"0\">\n<tbody>\n<tr>\n<td>\n<div>\n<p>376<\/p>\n<\/div>\n<\/td>\n<\/tr>\n<\/tbody>\n<\/table>\n<p>Vicente dici\u00e9ndole que no sabe d\u00f3nde se encuentra su hijo. \u00ab\u00a1Lo temo todo!\u00bb, dice; y m\u00e1s adelante: \u00ab\u00a1Qu\u00e9 grande es mi dolor! Si Dios no me ayudara, no s\u00e9 lo que har\u00eda. Ay\u00fademe usted tambi\u00e9n a mantenerme fuertemente unida a Jes\u00fas crucificado\u00bb<sup>12<\/sup>.<\/p>\n<p>Sin embargo, a pesar de esos temores constantes, su inteligencia permanece extraordinariamente abierta al Esp\u00edritu para todo lo que se refiere a la Compa\u00f1\u00eda. Es verdaderamente el jefe, que va m\u00e1s all\u00e1 de la actualidad y piensa con prospectiva. Un ejemplo:<\/p>\n<p>\u00abEsos t\u00e9rminos de dependencia tan absoluta del se\u00f1or Arzobispo, \u00bfno podr\u00edan perjudicarnos en el futuro al dejar libertad para apartarnos de la direcci\u00f3n del Superior General de la Misi\u00f3n?\u00bb<sup>13<\/sup>.<\/p>\n<p>le dice a san Vicente, y explica sus razones. Si tal cosa ocurriera,<\/p>\n<p>\u00abpuede usted tener la seguridad de que inmediatamente dejar\u00eda de ser lo que es y los pobres enfermos ya no ser\u00edan socorridos, y as\u00ed creo que tam\u00adpoco se cumplir\u00eda ya por nosotras la voluntad de Dios\u00bb<sup>14<\/sup>.<\/p>\n<p>Ese es su sentimiento profundo y la l\u00f3gica de toda su conducta. 1650-1660<\/p>\n<p>Pero con el a\u00f1o 1650, va a entrar en otra etapa de su vida, se\u00f1ala\u00adda por el matrimonio de su hijo. Despu\u00e9s de todas las inquietudes que le ha proporcionado ese hijo, el acontecimiento de la boda tiene que haber sido para ella una especie de liberaci\u00f3n. Miguel tiene 37 a\u00f1os y, por fin, parece querer sentarse; ahora, otro cari\u00f1o cuidar\u00e1 de \u00e9l. Luisa ha de experimentar sin duda un sentimiento de paz interior.<\/p>\n<p>En adelante, su actividad va a multiplicarse; env\u00edo de las Hermanas a Polonia, con una audaz confianza en la Providencia; las fundaciones van surgiendo numerosas, y ella no cesa de organizar.<\/p>\n<p>*Fija los objetivos a sus Hermanas: el servicio a Cristo en los pobres. Si pide oraciones para las Hermanas de Polonia es porque, si las Hermanas cometen faltas, la Compa\u00f1\u00eda tendr\u00e1 que retirarse. Y \u00abno debemos temerlo por nosotras, sino por el perjuicio que de ello resulta\u00adr\u00eda para los pobres\u00bb.<\/p>\n<p><sup>12<\/sup> SLM, p. 138.<\/p>\n<p><sup>13<\/sup> SLM, p. 189.<\/p>\n<p><sup>14<\/sup> SLM, p. 189.<\/p>\n<\/div>\n<p>&nbsp;<\/p>\n<div>\n<table width=\"100%\" cellspacing=\"0\" cellpadding=\"0\">\n<tbody>\n<tr>\n<td>\n<div>\n<p>377<\/p>\n<\/div>\n<\/td>\n<\/tr>\n<\/tbody>\n<\/table>\n<p>*Traza caminos para llegar a esos objetivos: uni\u00f3n con Dios, pobre\u00adza, mortificaci\u00f3n, humildad, caridad fraterna.<\/p>\n<p>\u00abUna de las razones que he pensado ten\u00edamos para practicar la mortifica\u00adci\u00f3n, es para mantener siempre nuestras almas en el estado de su crea\u00adci\u00f3n, porque habiendo sido hechas a imagen de Dios, est\u00e1n en cierto modo desfiguradas cuando no mortifican sus pasiones y se dejan llevar de ellas. Otra raz\u00f3n es&#8230; el ejemplo del Hijo, aunque lo que en nosotros es pasi\u00f3n y pecado en \u00c9l no se daba. Tercera raz\u00f3n: si no practicamos la vir\u00adtud de la mortificaci\u00f3n, no podremos soportarnos unas a otras, como a ello estamos obligadas, y con frecuencia ser\u00edamos motivo de esc\u00e1ndalo para el mundo al dejarnos llevar por nuestros primeros prontos\u00bb<sup>15<\/sup>.<\/p>\n<p>*Por \u00faltimo, ejerce una vigilancia para darse cuenta de que esos caminos se siguen efectivamente:<\/p>\n<p>\u00abMucho me agradar\u00eda que me dijera usted algo de su vida espiritual; si observan con afecto sus sencillas reglas, si se comunican mutuamente, en alg\u00fan momento del d\u00eda, su oraci\u00f3n, si hacen la conferencia los viernes y encuentran tiempo para sus dem\u00e1s ejercicios. Por lo dem\u00e1s, no dudo de que sus corazones viven en una gran uni\u00f3n, que se comunican una a otra lo que hacen; de no ser as\u00ed, querida Hermana, no sentir\u00edan ustedes los con\u00adsuelos que Nuestro Se\u00f1or promete, a los que est\u00e1n reunidos en su nombre de estar en medio de ellos\u00bb<sup>16<\/sup>.<\/p>\n<p>\u00a1Qu\u00e9 buen resumen de revisi\u00f3n de vida sobre la Regla, aspecto al que tanta importancia da!<\/p>\n<p>El 8 de agosto de 1655, en la reuni\u00f3n de las Hermanas, san Vicen\u00adte lee el Acta de Establecimiento de la Compa\u00f1\u00eda, y la nombra Superio\u00adra perpetua.<\/p>\n<p>Pero ella ha franqueado una nueva etapa y no parece inquietarse ya mucho ni por s\u00ed misma, ni por la obra emprendida:<\/p>\n<p>\u00abHe renovado la resoluci\u00f3n, tantas veces formada, de no preocuparme por lo que puedan creer, con tal de que Dios sea servido por quien quiera que sea\u00bb<sup>17<\/sup>.<\/p>\n<p>O tambi\u00e9n, con un tono inusitado en ella, escribe a san Vicente el 24 de agosto de 1653:<\/p>\n<p><sup>15<\/sup> SLM, p. 787.<\/p>\n<p><sup>16<\/sup> SLM, p. 495.<\/p>\n<p><sup>17<\/sup> Archivos de la Casa Madre, <em>Meditaciones recogidas por Gobillon.<\/em><\/p>\n<\/div>\n<p>&nbsp;<\/p>\n<div>\n<table width=\"100%\" cellspacing=\"0\" cellpadding=\"0\">\n<tbody>\n<tr>\n<td>\n<div>\n<p>378<\/p>\n<\/div>\n<\/td>\n<\/tr>\n<\/tbody>\n<\/table>\n<p>\u00abMi coraz\u00f3n, todav\u00eda lleno de gozo por la inteligencia que me parece le ha dado nuestro buen Dios de estas palabras: \u00abDios es mi Dios&#8230;\u00bb, no puede por menos de comunicarse con usted esta tarde para suplicarle me ayude a hacer (buen uso) de estos excesos de alegr\u00eda\u00bb<sup>18<\/sup>.<\/p>\n<p>De ahora en adelante, en sus cartas a san Vicente, s\u00f3lo excepcio\u00adnalmente habla de sus necesidades personales. Prosigue el trabajo de desprendimiento interior. Y en ese movimiento \u00edntimo, la devoci\u00f3n a Mar\u00eda la mueve a pedir a san Vicente que consagre toda la Compa\u00f1\u00eda y a cada una de las Hermanas, el 8 de diciembre de 1658, a Mar\u00eda Inma\u00adculada, bajo el t\u00edtulo de \u00fanica Madre de la Compa\u00f1\u00eda. Escribe as\u00ed:<\/p>\n<p>\u00abNo me he atrevido a manifestar a su caridad, en nombre de toda la Com\u00adpa\u00f1\u00eda de nuestras Hermanas, que nos considerar\u00edamos muy dichosas de que nos pusiera ma\u00f1ana en el santo altar, bajo la protecci\u00f3n de la Sant\u00edsi\u00adma Virgen, ni a suplicarle que nos alcance la gracia de que podamos reco\u00adnocerla siempre como nuestra \u00fanica Madre&#8230;\u00bb<sup>19<\/sup>.<\/p>\n<p>La renuncia de los dos \u00faltimos a\u00f1os pasa por la enfermedad del se\u00f1or Vicente, que no puede apenas moverse de su habitaci\u00f3n. Confie\u00adsa que la falta de visitas de su director es para ella la privaci\u00f3n del \u00fanico consuelo que Nuestro Se\u00f1or le ha dado. Acepta esa privaci\u00f3n tal y como la Providencia lo disponga y por amor de Nuestro Se\u00f1or.<\/p>\n<p>Unos meses m\u00e1s, y habr\u00e1 ido a unirse a su Dios. El gran temor que le inspira la Compa\u00f1\u00eda lo manifestar\u00e1 una vez m\u00e1s en enero de 1660 a san Vicente. Ese temor es el de que la Compa\u00f1\u00eda se aleje de los pobres y de la \u00abvida pobre, sencilla y humilde&#8230;\u00bb, que sobrevenga, por ejemplo, el deseo de \u00abformar vivienda aparte para separarse de las que van y vienen y est\u00e1n mal vestidas\u00bb<sup>20<\/sup>. El tono de la carta nos confunde por la humildad que la dicta. Pide perd\u00f3n por las repeticiones. Vaciada de s\u00ed misma, privada de toda alegr\u00eda, sobre todo, de las entrevistas reconfortantes con su director, no es ya m\u00e1s que un instrumento disponible en las manos de su Se\u00f1or.<\/p>\n<p>Ha \u00abllegado a la alta azotea en la que nada oculta ya al hombre la vista de Dios\u00bb (C. Peguy).<\/p>\n<p>\u00c9l le ha exigido todo; ella se lo ha dado todo. Sin duda, nunca lo ha amado de tal suerte, por \u00c9l mismo, como en esta \u00faltima etapa. Bien sien\u00adte que se va encaminando hacia \u00c9l y que al fin encontrar\u00e1 la plenitud del gozo y la paz. En adelante, \u00c9l solo es su apoyo, su luz, su seguridad.<\/p>\n<p><sup>18<\/sup> SLM, p. 335.<\/p>\n<p><sup>19<\/sup> SLM, p. 600.<\/p>\n<p><sup>20<\/sup> SLM, p. 651.<\/p>\n<\/div>\n<p>&nbsp;<\/p>\n<div>\n<table width=\"100%\" cellspacing=\"0\" cellpadding=\"0\">\n<tbody>\n<tr>\n<td>\n<div>\n<p>379<\/p>\n<\/div>\n<\/td>\n<\/tr>\n<\/tbody>\n<\/table>\n<p>Dice B\u00e1rbara Bailly:<\/p>\n<p>\u00abEn el \u00faltimo a\u00f1o de su vida, not\u00e9 que estaba por completo desprendida de la ternura que sent\u00eda por sus hijos a los que tanto quer\u00eda, y hasta con rela\u00adci\u00f3n a las Hermanas parec\u00eda querer que nos desprendi\u00e9semos de ella; no demostr\u00e1ndonos tanto afecto sensible como antes hac\u00eda\u00bb<sup>21<\/sup>.<\/p>\n<p>Su testamento espiritual nos deja la profundidad de su \u00faltimo men\u00adsaje. B\u00e1rbara Bailly, que asisti\u00f3 a la Se\u00f1orita en su \u00faltima enfermedad, escribe a las Hermanas de Brienne lo que ha recogido de sus labios en la tarde v\u00edspera de su muerte:<\/p>\n<p>\u00ab&#8230;ser muy fieles a Dios y a nuestra vocaci\u00f3n, vivir juntas con gran uni\u00f3n y caridad y una gran tolerancia unas con otras, servir a los pobres con gran afecto. Las que as\u00ed lo hagan han de esperar una gran recompensa; las que no lo hicieren&#8230; No dijo nada de esto&#8230;\u00bb<sup>22.<\/sup><\/p>\n<p>De una manera un tanto arbitraria, he recortado, por decirlo as\u00ed, tres partes en la vida de santa Luisa. Si en el margen de cada una de ellas hubiera que poner lo que especialmente la caracteriza, yo pondr\u00eda:<\/p>\n<p>En la primera:<\/p>\n<p>*adhesi\u00f3n a la cruz, *humildad,<\/p>\n<p>*experiencia de Dios.<\/p>\n<p>En la segunda:<\/p>\n<p>*servicio a los pobres y pobreza,<\/p>\n<p>*celo por la salvaci\u00f3n de los pobres: el servicio espiritual. *inquietud por la Compa\u00f1\u00eda y por la caridad fraterna: la tolerancia.<\/p>\n<p>En la tercera:<\/p>\n<p>*adhesi\u00f3n total al querer de Dios, *desprendimiento,<\/p>\n<p>*un total vaciarse, ofrenda,<\/p>\n<p>\u00abtransparencia de Dios\u00bb.<\/p>\n<p><sup>21<\/sup> Documents, n. 803, p. 924.<\/p>\n<p><sup>22<\/sup> Documents, n. 800, p. 917.<\/p>\n<\/div>\n<p>&nbsp;<\/p>\n<p>Bueno ser\u00e1 que intentemos unir el pasado con el presente, aquel ayer con este hoy, para hacer de ambos una actualidad abierta a nue\u00advas necesidades y llamadas de los pobres. A ello nos invita santa Luisa, como cuando nos exhorta a que nada nos detenga ni haga retroceder cuando se trata de ellos. Escuch\u00e9mosla una vez m\u00e1s:<\/p>\n<p>\u00ab\u00a1Si supieran, Hermanas, cu\u00e1nto consuelo tuve estos d\u00edas pasados, al saber que un pobre hab\u00eda golpeado a una de nuestras Hermanas, la que, por la gracia de Dios, no se defendi\u00f3! Pues s\u00ed, era un amo un tanto duro y hab\u00eda que sufrir su correcci\u00f3n porque somos siervas de los pobres y tene\u00admos que soportar todo de ellos\u00bb<sup>23<\/sup>.<\/p>\n<p>\u00a1Qu\u00e9 magn\u00edfico apunte para dibujar con claridad nuestra actitud de siervas! Hoy todav\u00eda, el rostro de santa Luisa est\u00e1 presente para sus hijas y su doctrina inspira la conducta de \u00e9stas. La Compa\u00f1\u00eda de las Hijas de la Caridad goza de buena salud cuando reacciona ante el impulso de profundizar en el carisma de los Fundadores para hacerlo penetrar en nuestras vidas.<\/p>\n<p>Queda, sin embargo, mucho que hacer. Dejemos que sea santa Luisa la que termine:<\/p>\n<p>\u00ab\u00a1Ah!, \u00a1qu\u00e9 dicha si la Compa\u00f1\u00eda, sin ofensa de Dios, no tuviera que ocu\u00adparse m\u00e1s que de los pobres desprovistos de todo! Y por eso la Compa\u00ad\u00f1\u00eda no debe apartarse del ahorro, ni cambiar de manera de vida con el fin de que si la Providencia le da m\u00e1s de lo necesario, (las Hermanas) vayan a servir a sus expensas a los pobres, espiritual y corporalmente, sin ruido, con sordina, no importa, con tal de que las almas honren eternamente los m\u00e9ritos de la Redenci\u00f3n de Nuestro Se\u00f1or\u00bb<sup>24<\/sup>.<\/p>\n<table width=\"100%\" cellspacing=\"0\" cellpadding=\"0\">\n<tbody>\n<tr>\n<td>\n<div>\n<p>380<\/p>\n<\/div>\n<\/td>\n<\/tr>\n<\/tbody>\n<\/table>\n<p><sup>23<\/sup> Archivos de la Casa Madre.<\/p>\n<p><sup>24<\/sup> SLM, p. 826.<\/p>\n","protected":false},"excerpt":{"rendered":"<p>Par\u00eds, 15 de marzo de 1981 Han manifestado ustedes el deseo de contemplar m\u00e1s detenida\u00admente el rostro de santa Luisa y, consecuentemente, el mensaje que no deja de transmitirnos. Las observaciones que vamos a hacer &#8230; <a href=\"https:\/\/vincentians.com\/es\/lucia-roge-el-rostro-de-santa-luisa\/\" class=\"more-link\">Read More<\/a><\/p>\n","protected":false},"author":4,"featured_media":398623,"comment_status":"open","ping_status":"open","sticky":false,"template":"","format":"standard","meta":{"jetpack_post_was_ever_published":false,"_jetpack_newsletter_access":"","_jetpack_dont_email_post_to_subs":false,"_jetpack_newsletter_tier_id":0,"_jetpack_memberships_contains_paywalled_content":false,"_jetpack_memberships_contains_paid_content":false,"footnotes":"","jetpack_publicize_message":"","jetpack_publicize_feature_enabled":true,"jetpack_social_post_already_shared":true,"jetpack_social_options":{"image_generator_settings":{"template":"highway","default_image_id":0,"font":"","enabled":false},"version":2}},"categories":[276],"tags":[157,146,164,162,131,172],"class_list":["post-41059","post","type-post","status-publish","format-standard","has-post-thumbnail","hentry","category-escritos-de-lucia-roge","tag-abad-de-vaux","tag-argente","tag-bailly","tag-gobillon","tag-montmirail","tag-pobreza"],"yoast_head":"<!-- This site is optimized with the Yoast SEO plugin v26.3 - https:\/\/yoast.com\/wordpress\/plugins\/seo\/ -->\n<title>Luc\u00eda Rog\u00e9: El Rostro De Santa Luisa - Somos Vicencianos<\/title>\n<meta name=\"robots\" content=\"index, follow, max-snippet:-1, max-image-preview:large, max-video-preview:-1\" \/>\n<link rel=\"canonical\" href=\"https:\/\/vincentians.com\/es\/lucia-roge-el-rostro-de-santa-luisa\/\" \/>\n<meta property=\"og:locale\" content=\"es_ES\" \/>\n<meta property=\"og:type\" content=\"article\" \/>\n<meta property=\"og:title\" content=\"Luc\u00eda Rog\u00e9: El Rostro De Santa Luisa - Somos Vicencianos\" \/>\n<meta property=\"og:description\" content=\"Par\u00eds, 15 de marzo de 1981 Han manifestado ustedes el deseo de contemplar m\u00e1s detenida\u00admente el rostro de santa Luisa y, consecuentemente, el mensaje que no deja de transmitirnos. Las observaciones que vamos a hacer ... Read More\" \/>\n<meta property=\"og:url\" content=\"https:\/\/vincentians.com\/es\/lucia-roge-el-rostro-de-santa-luisa\/\" \/>\n<meta property=\"og:site_name\" content=\"Somos Vicencianos\" \/>\n<meta property=\"article:publisher\" content=\"https:\/\/www.facebook.com\/WeAreVincentians\/\" \/>\n<meta property=\"article:author\" content=\"https:\/\/www.facebook.com\/JavierChento\" \/>\n<meta property=\"article:published_time\" content=\"2014-10-31T07:59:51+00:00\" \/>\n<meta property=\"og:image\" content=\"https:\/\/i0.wp.com\/vincentians.com\/es\/wp-content\/uploads\/sites\/11\/2016\/07\/escritos-lucia-roge.jpg?fit=1200%2C630&ssl=1\" \/>\n\t<meta property=\"og:image:width\" content=\"1200\" \/>\n\t<meta property=\"og:image:height\" content=\"630\" \/>\n\t<meta property=\"og:image:type\" content=\"image\/jpeg\" \/>\n<meta name=\"author\" content=\"Francisco Javier Fern\u00e1ndez Chento\" \/>\n<meta name=\"twitter:card\" content=\"summary_large_image\" \/>\n<meta name=\"twitter:creator\" content=\"@https:\/\/twitter.com\/javierchento\" \/>\n<meta name=\"twitter:site\" content=\"@WeVincentians\" \/>\n<meta name=\"twitter:label1\" content=\"Escrito por\" \/>\n\t<meta name=\"twitter:data1\" content=\"Francisco Javier Fern\u00e1ndez Chento\" \/>\n\t<meta name=\"twitter:label2\" content=\"Tiempo de lectura\" \/>\n\t<meta name=\"twitter:data2\" content=\"24 minutos\" \/>\n<script type=\"application\/ld+json\" class=\"yoast-schema-graph\">{\"@context\":\"https:\/\/schema.org\",\"@graph\":[{\"@type\":\"Article\",\"@id\":\"https:\/\/vincentians.com\/es\/lucia-roge-el-rostro-de-santa-luisa\/#article\",\"isPartOf\":{\"@id\":\"https:\/\/vincentians.com\/es\/lucia-roge-el-rostro-de-santa-luisa\/\"},\"author\":{\"name\":\"Francisco Javier Fern\u00e1ndez Chento\",\"@id\":\"http:\/\/vincentians.com\/es\/#\/schema\/person\/9623ef4d9aa3b2dfb8c061f1499288f2\"},\"headline\":\"Luc\u00eda Rog\u00e9: El Rostro De Santa Luisa\",\"datePublished\":\"2014-10-31T07:59:51+00:00\",\"mainEntityOfPage\":{\"@id\":\"https:\/\/vincentians.com\/es\/lucia-roge-el-rostro-de-santa-luisa\/\"},\"wordCount\":4880,\"commentCount\":0,\"publisher\":{\"@id\":\"http:\/\/vincentians.com\/es\/#organization\"},\"image\":{\"@id\":\"https:\/\/vincentians.com\/es\/lucia-roge-el-rostro-de-santa-luisa\/#primaryimage\"},\"thumbnailUrl\":\"https:\/\/i0.wp.com\/vincentians.com\/es\/wp-content\/uploads\/sites\/11\/2016\/07\/escritos-lucia-roge.jpg?fit=1200%2C630&ssl=1\",\"keywords\":[\"Abad de Vaux\",\"Argente\",\"Bailly\",\"Gobillon\",\"Montmirail\",\"Pobreza\"],\"articleSection\":[\"Escritos de Luc\u00eda Rog\u00e9\"],\"inLanguage\":\"es\",\"potentialAction\":[{\"@type\":\"CommentAction\",\"name\":\"Comment\",\"target\":[\"https:\/\/vincentians.com\/es\/lucia-roge-el-rostro-de-santa-luisa\/#respond\"]}]},{\"@type\":\"WebPage\",\"@id\":\"https:\/\/vincentians.com\/es\/lucia-roge-el-rostro-de-santa-luisa\/\",\"url\":\"https:\/\/vincentians.com\/es\/lucia-roge-el-rostro-de-santa-luisa\/\",\"name\":\"Luc\u00eda Rog\u00e9: El Rostro De Santa Luisa - Somos Vicencianos\",\"isPartOf\":{\"@id\":\"http:\/\/vincentians.com\/es\/#website\"},\"primaryImageOfPage\":{\"@id\":\"https:\/\/vincentians.com\/es\/lucia-roge-el-rostro-de-santa-luisa\/#primaryimage\"},\"image\":{\"@id\":\"https:\/\/vincentians.com\/es\/lucia-roge-el-rostro-de-santa-luisa\/#primaryimage\"},\"thumbnailUrl\":\"https:\/\/i0.wp.com\/vincentians.com\/es\/wp-content\/uploads\/sites\/11\/2016\/07\/escritos-lucia-roge.jpg?fit=1200%2C630&ssl=1\",\"datePublished\":\"2014-10-31T07:59:51+00:00\",\"breadcrumb\":{\"@id\":\"https:\/\/vincentians.com\/es\/lucia-roge-el-rostro-de-santa-luisa\/#breadcrumb\"},\"inLanguage\":\"es\",\"potentialAction\":[{\"@type\":\"ReadAction\",\"target\":[\"https:\/\/vincentians.com\/es\/lucia-roge-el-rostro-de-santa-luisa\/\"]}]},{\"@type\":\"ImageObject\",\"inLanguage\":\"es\",\"@id\":\"https:\/\/vincentians.com\/es\/lucia-roge-el-rostro-de-santa-luisa\/#primaryimage\",\"url\":\"https:\/\/i0.wp.com\/vincentians.com\/es\/wp-content\/uploads\/sites\/11\/2016\/07\/escritos-lucia-roge.jpg?fit=1200%2C630&ssl=1\",\"contentUrl\":\"https:\/\/i0.wp.com\/vincentians.com\/es\/wp-content\/uploads\/sites\/11\/2016\/07\/escritos-lucia-roge.jpg?fit=1200%2C630&ssl=1\",\"width\":1200,\"height\":630},{\"@type\":\"BreadcrumbList\",\"@id\":\"https:\/\/vincentians.com\/es\/lucia-roge-el-rostro-de-santa-luisa\/#breadcrumb\",\"itemListElement\":[{\"@type\":\"ListItem\",\"position\":1,\"name\":\"Portada\",\"item\":\"http:\/\/vincentians.com\/es\/\"},{\"@type\":\"ListItem\",\"position\":2,\"name\":\"Luc\u00eda Rog\u00e9: El Rostro De Santa Luisa\"}]},{\"@type\":\"WebSite\",\"@id\":\"http:\/\/vincentians.com\/es\/#website\",\"url\":\"http:\/\/vincentians.com\/es\/\",\"name\":\"Somos Vicencianos\",\"description\":\"Know more to serve more\",\"publisher\":{\"@id\":\"http:\/\/vincentians.com\/es\/#organization\"},\"potentialAction\":[{\"@type\":\"SearchAction\",\"target\":{\"@type\":\"EntryPoint\",\"urlTemplate\":\"http:\/\/vincentians.com\/es\/?s={search_term_string}\"},\"query-input\":{\"@type\":\"PropertyValueSpecification\",\"valueRequired\":true,\"valueName\":\"search_term_string\"}}],\"inLanguage\":\"es\"},{\"@type\":\"Organization\",\"@id\":\"http:\/\/vincentians.com\/es\/#organization\",\"name\":\"The Vincentian Network\",\"url\":\"http:\/\/vincentians.com\/es\/\",\"logo\":{\"@type\":\"ImageObject\",\"inLanguage\":\"es\",\"@id\":\"http:\/\/vincentians.com\/es\/#\/schema\/logo\/image\/\",\"url\":\"https:\/\/i1.wp.com\/vincentians.com\/es\/wp-content\/uploads\/sites\/11\/2016\/06\/Vincentian-Network-logo-big.png?fit=778%2C778\",\"contentUrl\":\"https:\/\/i1.wp.com\/vincentians.com\/es\/wp-content\/uploads\/sites\/11\/2016\/06\/Vincentian-Network-logo-big.png?fit=778%2C778\",\"width\":778,\"height\":778,\"caption\":\"The Vincentian Network\"},\"image\":{\"@id\":\"http:\/\/vincentians.com\/es\/#\/schema\/logo\/image\/\"},\"sameAs\":[\"https:\/\/www.facebook.com\/WeAreVincentians\/\",\"https:\/\/x.com\/WeVincentians\"]},{\"@type\":\"Person\",\"@id\":\"http:\/\/vincentians.com\/es\/#\/schema\/person\/9623ef4d9aa3b2dfb8c061f1499288f2\",\"name\":\"Francisco Javier Fern\u00e1ndez Chento\",\"image\":{\"@type\":\"ImageObject\",\"inLanguage\":\"es\",\"@id\":\"http:\/\/vincentians.com\/es\/#\/schema\/person\/image\/\",\"url\":\"https:\/\/secure.gravatar.com\/avatar\/497d5cde87b4c3d097d0315953521681ba2cd523ee66e5077c3711f7021e65de?s=96&d=mm&r=g\",\"contentUrl\":\"https:\/\/secure.gravatar.com\/avatar\/497d5cde87b4c3d097d0315953521681ba2cd523ee66e5077c3711f7021e65de?s=96&d=mm&r=g\",\"caption\":\"Francisco Javier Fern\u00e1ndez Chento\"},\"description\":\"Director General y cofundador de La Red de Formaci\u00f3n Vicenciana. Javier es laico vicenciano, afiliado a la Congregaci\u00f3n de la Misi\u00f3n y miembro del Equipo de Misiones Populares de la provincia can\u00f3nica de Zaragoza (Espa\u00f1a) de la Congregaci\u00f3n de la Misi\u00f3n. Graduado en la Universidad Oberta de Catalunya con cuatro grados (Asistente de direcci\u00f3n, Gesti\u00f3n Administrativa, Recursos Humanos y Contabilidad Avanzada). Bil\u00edng\u00fce Espa\u00f1ol\/Ingl\u00e9s. gestiona y mantiene varias p\u00e1ginas web cristianas y vicencianas, incluida including La Red de Formaci\u00f3n Vicenciana, de la que es cofundador. Actualmente es responsable del \u00e1rea de Espa\u00f1ol de .famvin, la Red de Noticias de la Familia Vicenciana. Tambi\u00e9n es m\u00fasico cat\u00f3lico y ha editado varios discos. Es Director General y cofundador de Trovador, una reconocida compa\u00f1\u00eda discogr\u00e1fica critiana de Espa\u00f1a. Trabaja en las Tecnolog\u00edas de la Informaci\u00f3n, ofreciendo servicios de alojamiento, dise\u00f1o y mantenimiento Web, as\u00ed como asesoramiento, formaci\u00f3n y soluciones inform\u00e1ticas, gesti\u00f3n documental y digitalizaci\u00f3n de textos, edici\u00f3n y maquetaci\u00f3n de libros, revistas, flyers, etc.\",\"sameAs\":[\"http:\/\/chento.org\",\"https:\/\/www.facebook.com\/JavierChento\",\"https:\/\/x.com\/https:\/\/twitter.com\/javierchento\"],\"url\":\"https:\/\/vincentians.com\/es\/author\/chento\/\"}]}<\/script>\n<!-- \/ Yoast SEO plugin. -->","yoast_head_json":{"title":"Luc\u00eda Rog\u00e9: El Rostro De Santa Luisa - Somos Vicencianos","robots":{"index":"index","follow":"follow","max-snippet":"max-snippet:-1","max-image-preview":"max-image-preview:large","max-video-preview":"max-video-preview:-1"},"canonical":"https:\/\/vincentians.com\/es\/lucia-roge-el-rostro-de-santa-luisa\/","og_locale":"es_ES","og_type":"article","og_title":"Luc\u00eda Rog\u00e9: El Rostro De Santa Luisa - Somos Vicencianos","og_description":"Par\u00eds, 15 de marzo de 1981 Han manifestado ustedes el deseo de contemplar m\u00e1s detenida\u00admente el rostro de santa Luisa y, consecuentemente, el mensaje que no deja de transmitirnos. Las observaciones que vamos a hacer ... Read More","og_url":"https:\/\/vincentians.com\/es\/lucia-roge-el-rostro-de-santa-luisa\/","og_site_name":"Somos Vicencianos","article_publisher":"https:\/\/www.facebook.com\/WeAreVincentians\/","article_author":"https:\/\/www.facebook.com\/JavierChento","article_published_time":"2014-10-31T07:59:51+00:00","og_image":[{"width":1200,"height":630,"url":"https:\/\/i0.wp.com\/vincentians.com\/es\/wp-content\/uploads\/sites\/11\/2016\/07\/escritos-lucia-roge.jpg?fit=1200%2C630&ssl=1","type":"image\/jpeg"}],"author":"Francisco Javier Fern\u00e1ndez Chento","twitter_card":"summary_large_image","twitter_creator":"@https:\/\/twitter.com\/javierchento","twitter_site":"@WeVincentians","twitter_misc":{"Escrito por":"Francisco Javier Fern\u00e1ndez Chento","Tiempo de lectura":"24 minutos"},"schema":{"@context":"https:\/\/schema.org","@graph":[{"@type":"Article","@id":"https:\/\/vincentians.com\/es\/lucia-roge-el-rostro-de-santa-luisa\/#article","isPartOf":{"@id":"https:\/\/vincentians.com\/es\/lucia-roge-el-rostro-de-santa-luisa\/"},"author":{"name":"Francisco Javier Fern\u00e1ndez Chento","@id":"http:\/\/vincentians.com\/es\/#\/schema\/person\/9623ef4d9aa3b2dfb8c061f1499288f2"},"headline":"Luc\u00eda Rog\u00e9: El Rostro De Santa Luisa","datePublished":"2014-10-31T07:59:51+00:00","mainEntityOfPage":{"@id":"https:\/\/vincentians.com\/es\/lucia-roge-el-rostro-de-santa-luisa\/"},"wordCount":4880,"commentCount":0,"publisher":{"@id":"http:\/\/vincentians.com\/es\/#organization"},"image":{"@id":"https:\/\/vincentians.com\/es\/lucia-roge-el-rostro-de-santa-luisa\/#primaryimage"},"thumbnailUrl":"https:\/\/i0.wp.com\/vincentians.com\/es\/wp-content\/uploads\/sites\/11\/2016\/07\/escritos-lucia-roge.jpg?fit=1200%2C630&ssl=1","keywords":["Abad de Vaux","Argente","Bailly","Gobillon","Montmirail","Pobreza"],"articleSection":["Escritos de Luc\u00eda Rog\u00e9"],"inLanguage":"es","potentialAction":[{"@type":"CommentAction","name":"Comment","target":["https:\/\/vincentians.com\/es\/lucia-roge-el-rostro-de-santa-luisa\/#respond"]}]},{"@type":"WebPage","@id":"https:\/\/vincentians.com\/es\/lucia-roge-el-rostro-de-santa-luisa\/","url":"https:\/\/vincentians.com\/es\/lucia-roge-el-rostro-de-santa-luisa\/","name":"Luc\u00eda Rog\u00e9: El Rostro De Santa Luisa - Somos Vicencianos","isPartOf":{"@id":"http:\/\/vincentians.com\/es\/#website"},"primaryImageOfPage":{"@id":"https:\/\/vincentians.com\/es\/lucia-roge-el-rostro-de-santa-luisa\/#primaryimage"},"image":{"@id":"https:\/\/vincentians.com\/es\/lucia-roge-el-rostro-de-santa-luisa\/#primaryimage"},"thumbnailUrl":"https:\/\/i0.wp.com\/vincentians.com\/es\/wp-content\/uploads\/sites\/11\/2016\/07\/escritos-lucia-roge.jpg?fit=1200%2C630&ssl=1","datePublished":"2014-10-31T07:59:51+00:00","breadcrumb":{"@id":"https:\/\/vincentians.com\/es\/lucia-roge-el-rostro-de-santa-luisa\/#breadcrumb"},"inLanguage":"es","potentialAction":[{"@type":"ReadAction","target":["https:\/\/vincentians.com\/es\/lucia-roge-el-rostro-de-santa-luisa\/"]}]},{"@type":"ImageObject","inLanguage":"es","@id":"https:\/\/vincentians.com\/es\/lucia-roge-el-rostro-de-santa-luisa\/#primaryimage","url":"https:\/\/i0.wp.com\/vincentians.com\/es\/wp-content\/uploads\/sites\/11\/2016\/07\/escritos-lucia-roge.jpg?fit=1200%2C630&ssl=1","contentUrl":"https:\/\/i0.wp.com\/vincentians.com\/es\/wp-content\/uploads\/sites\/11\/2016\/07\/escritos-lucia-roge.jpg?fit=1200%2C630&ssl=1","width":1200,"height":630},{"@type":"BreadcrumbList","@id":"https:\/\/vincentians.com\/es\/lucia-roge-el-rostro-de-santa-luisa\/#breadcrumb","itemListElement":[{"@type":"ListItem","position":1,"name":"Portada","item":"http:\/\/vincentians.com\/es\/"},{"@type":"ListItem","position":2,"name":"Luc\u00eda Rog\u00e9: El Rostro De Santa Luisa"}]},{"@type":"WebSite","@id":"http:\/\/vincentians.com\/es\/#website","url":"http:\/\/vincentians.com\/es\/","name":"Somos Vicencianos","description":"Know more to serve more","publisher":{"@id":"http:\/\/vincentians.com\/es\/#organization"},"potentialAction":[{"@type":"SearchAction","target":{"@type":"EntryPoint","urlTemplate":"http:\/\/vincentians.com\/es\/?s={search_term_string}"},"query-input":{"@type":"PropertyValueSpecification","valueRequired":true,"valueName":"search_term_string"}}],"inLanguage":"es"},{"@type":"Organization","@id":"http:\/\/vincentians.com\/es\/#organization","name":"The Vincentian Network","url":"http:\/\/vincentians.com\/es\/","logo":{"@type":"ImageObject","inLanguage":"es","@id":"http:\/\/vincentians.com\/es\/#\/schema\/logo\/image\/","url":"https:\/\/i1.wp.com\/vincentians.com\/es\/wp-content\/uploads\/sites\/11\/2016\/06\/Vincentian-Network-logo-big.png?fit=778%2C778","contentUrl":"https:\/\/i1.wp.com\/vincentians.com\/es\/wp-content\/uploads\/sites\/11\/2016\/06\/Vincentian-Network-logo-big.png?fit=778%2C778","width":778,"height":778,"caption":"The Vincentian Network"},"image":{"@id":"http:\/\/vincentians.com\/es\/#\/schema\/logo\/image\/"},"sameAs":["https:\/\/www.facebook.com\/WeAreVincentians\/","https:\/\/x.com\/WeVincentians"]},{"@type":"Person","@id":"http:\/\/vincentians.com\/es\/#\/schema\/person\/9623ef4d9aa3b2dfb8c061f1499288f2","name":"Francisco Javier Fern\u00e1ndez Chento","image":{"@type":"ImageObject","inLanguage":"es","@id":"http:\/\/vincentians.com\/es\/#\/schema\/person\/image\/","url":"https:\/\/secure.gravatar.com\/avatar\/497d5cde87b4c3d097d0315953521681ba2cd523ee66e5077c3711f7021e65de?s=96&d=mm&r=g","contentUrl":"https:\/\/secure.gravatar.com\/avatar\/497d5cde87b4c3d097d0315953521681ba2cd523ee66e5077c3711f7021e65de?s=96&d=mm&r=g","caption":"Francisco Javier Fern\u00e1ndez Chento"},"description":"Director General y cofundador de La Red de Formaci\u00f3n Vicenciana. Javier es laico vicenciano, afiliado a la Congregaci\u00f3n de la Misi\u00f3n y miembro del Equipo de Misiones Populares de la provincia can\u00f3nica de Zaragoza (Espa\u00f1a) de la Congregaci\u00f3n de la Misi\u00f3n. Graduado en la Universidad Oberta de Catalunya con cuatro grados (Asistente de direcci\u00f3n, Gesti\u00f3n Administrativa, Recursos Humanos y Contabilidad Avanzada). Bil\u00edng\u00fce Espa\u00f1ol\/Ingl\u00e9s. gestiona y mantiene varias p\u00e1ginas web cristianas y vicencianas, incluida including La Red de Formaci\u00f3n Vicenciana, de la que es cofundador. Actualmente es responsable del \u00e1rea de Espa\u00f1ol de .famvin, la Red de Noticias de la Familia Vicenciana. Tambi\u00e9n es m\u00fasico cat\u00f3lico y ha editado varios discos. Es Director General y cofundador de Trovador, una reconocida compa\u00f1\u00eda discogr\u00e1fica critiana de Espa\u00f1a. Trabaja en las Tecnolog\u00edas de la Informaci\u00f3n, ofreciendo servicios de alojamiento, dise\u00f1o y mantenimiento Web, as\u00ed como asesoramiento, formaci\u00f3n y soluciones inform\u00e1ticas, gesti\u00f3n documental y digitalizaci\u00f3n de textos, edici\u00f3n y maquetaci\u00f3n de libros, revistas, flyers, etc.","sameAs":["http:\/\/chento.org","https:\/\/www.facebook.com\/JavierChento","https:\/\/x.com\/https:\/\/twitter.com\/javierchento"],"url":"https:\/\/vincentians.com\/es\/author\/chento\/"}]}},"jetpack_publicize_connections":[],"jetpack_featured_media_url":"https:\/\/i0.wp.com\/vincentians.com\/es\/wp-content\/uploads\/sites\/11\/2016\/07\/escritos-lucia-roge.jpg?fit=1200%2C630&ssl=1","jetpack_sharing_enabled":true,"jetpack_shortlink":"https:\/\/wp.me\/p7ETMF-aGf","jetpack-related-posts":[{"id":34767,"url":"https:\/\/vincentians.com\/es\/sor-lucia-roge-un-mensaje-para-nuestro-tiempo\/","url_meta":{"origin":41059,"position":0},"title":"Sor Luc\u00eda Rog\u00e9: Un mensaje para nuestro tiempo&#8230;","author":"Francisco Javier Fern\u00e1ndez Chento","date":"16\/05\/2020","format":false,"excerpt":"Sor Luc\u00eda en sus escritos Su contacto durante catorce a\u00f1os con la Madre Susana Guillemin, en una \u00e9poca de plena actualizaci\u00f3n de la Iglesia y de la Compa\u00f1\u00eda, como fruto del entonces reci\u00e9n celebrado Concilio, y su posici\u00f3n de animadora de las Asambleas Generales llamadas a elaborar las nuevas Constitucio\u00adnes,\u2026","rel":"","context":"En \u00abHijas de la Caridad\u00bb","block_context":{"text":"Hijas de la Caridad","link":"https:\/\/vincentians.com\/es\/category\/la-familia-vicenciana\/ramas\/hijas-de-la-caridad\/"},"img":{"alt_text":"","src":"","width":0,"height":0},"classes":[]},{"id":42377,"url":"https:\/\/vincentians.com\/es\/lucia-roge-audacia-y-prudencia\/","url_meta":{"origin":41059,"position":1},"title":"Luc\u00eda Rog\u00e9: Audacia y prudencia","author":"Francisco Javier Fern\u00e1ndez Chento","date":"10\/04\/2021","format":false,"excerpt":"Septiembre, 1977 Comenzamos hoy, una nueva etapa de cuatro d\u00edas. Los hemos llamado espont\u00e1neamente, LOS D\u00cdAS VICENCIANOS. Hay, en efecto, en la vida de los Fundadores y de las primeras Her\u00admanas m\u00e1s que suficiente coraje l\u00facido y generosa creatividad para res\u00adponder a las llamadas de los pobres, de los m\u00e1s\u2026","rel":"","context":"En \u00abEscritos de Luc\u00eda Rog\u00e9\u00bb","block_context":{"text":"Escritos de Luc\u00eda Rog\u00e9","link":"https:\/\/vincentians.com\/es\/category\/escritos\/escritos-de-lucia-roge\/"},"img":{"alt_text":"","src":"https:\/\/i0.wp.com\/vincentians.com\/es\/wp-content\/uploads\/sites\/11\/2016\/07\/escritos-lucia-roge.jpg?fit=1200%2C630&ssl=1&resize=350%2C200","width":350,"height":200,"srcset":"https:\/\/i0.wp.com\/vincentians.com\/es\/wp-content\/uploads\/sites\/11\/2016\/07\/escritos-lucia-roge.jpg?fit=1200%2C630&ssl=1&resize=350%2C200 1x, https:\/\/i0.wp.com\/vincentians.com\/es\/wp-content\/uploads\/sites\/11\/2016\/07\/escritos-lucia-roge.jpg?fit=1200%2C630&ssl=1&resize=525%2C300 1.5x, https:\/\/i0.wp.com\/vincentians.com\/es\/wp-content\/uploads\/sites\/11\/2016\/07\/escritos-lucia-roge.jpg?fit=1200%2C630&ssl=1&resize=700%2C400 2x, https:\/\/i0.wp.com\/vincentians.com\/es\/wp-content\/uploads\/sites\/11\/2016\/07\/escritos-lucia-roge.jpg?fit=1200%2C630&ssl=1&resize=1050%2C600 3x"},"classes":[]},{"id":39924,"url":"https:\/\/vincentians.com\/es\/lucia-roge-asamblea-general-1985-2\/","url_meta":{"origin":41059,"position":2},"title":"Luc\u00eda Rog\u00e9: Asamblea General 1985","author":"Francisco Javier Fern\u00e1ndez Chento","date":"08\/11\/2020","format":false,"excerpt":"22 de septiembre de 1984 Es una gran alegr\u00eda para m\u00ed, el verlas reunidas en nuestra Casa Madre, procedentes de todas las Casas Provinciales y Regionales de la Compa\u00f1\u00eda. Quisiera decirles sencillamente unas palabras sobre la fina\u00adlidad de estas jornadas y la relaci\u00f3n que tienen con nuestra pr\u00f3xima Asamblea General,\u2026","rel":"","context":"En \u00abEscritos de Luc\u00eda Rog\u00e9\u00bb","block_context":{"text":"Escritos de Luc\u00eda Rog\u00e9","link":"https:\/\/vincentians.com\/es\/category\/escritos\/escritos-de-lucia-roge\/"},"img":{"alt_text":"","src":"https:\/\/i0.wp.com\/vincentians.com\/es\/wp-content\/uploads\/sites\/11\/2016\/07\/escritos-lucia-roge.jpg?fit=1200%2C630&ssl=1&resize=350%2C200","width":350,"height":200,"srcset":"https:\/\/i0.wp.com\/vincentians.com\/es\/wp-content\/uploads\/sites\/11\/2016\/07\/escritos-lucia-roge.jpg?fit=1200%2C630&ssl=1&resize=350%2C200 1x, https:\/\/i0.wp.com\/vincentians.com\/es\/wp-content\/uploads\/sites\/11\/2016\/07\/escritos-lucia-roge.jpg?fit=1200%2C630&ssl=1&resize=525%2C300 1.5x, https:\/\/i0.wp.com\/vincentians.com\/es\/wp-content\/uploads\/sites\/11\/2016\/07\/escritos-lucia-roge.jpg?fit=1200%2C630&ssl=1&resize=700%2C400 2x, https:\/\/i0.wp.com\/vincentians.com\/es\/wp-content\/uploads\/sites\/11\/2016\/07\/escritos-lucia-roge.jpg?fit=1200%2C630&ssl=1&resize=1050%2C600 3x"},"classes":[]},{"id":39206,"url":"https:\/\/vincentians.com\/es\/lucia-roge-a-las-hermanas-del-seminario\/","url_meta":{"origin":41059,"position":3},"title":"Luc\u00eda Rog\u00e9: A las Hermanas del Seminario","author":"Francisco Javier Fern\u00e1ndez Chento","date":"21\/05\/2011","format":false,"excerpt":"Canarias, 28 de marzo de 1977 Como el tiempo del Seminario es un tiempo de formaci\u00f3n, aqu\u00ed tie\u00adnen a la Virgen para contemplarla e imitarla. Una comunidad Mariana como la nuestra, ha de vibrar en deseos de vivir como la Virgen en uni\u00f3n con Cristo. Les voy a indicar tres\u2026","rel":"","context":"En \u00abEscritos de Luc\u00eda Rog\u00e9\u00bb","block_context":{"text":"Escritos de Luc\u00eda Rog\u00e9","link":"https:\/\/vincentians.com\/es\/category\/escritos\/escritos-de-lucia-roge\/"},"img":{"alt_text":"","src":"https:\/\/i0.wp.com\/vincentians.com\/es\/wp-content\/uploads\/sites\/11\/2016\/07\/escritos-lucia-roge.jpg?fit=1200%2C630&ssl=1&resize=350%2C200","width":350,"height":200,"srcset":"https:\/\/i0.wp.com\/vincentians.com\/es\/wp-content\/uploads\/sites\/11\/2016\/07\/escritos-lucia-roge.jpg?fit=1200%2C630&ssl=1&resize=350%2C200 1x, https:\/\/i0.wp.com\/vincentians.com\/es\/wp-content\/uploads\/sites\/11\/2016\/07\/escritos-lucia-roge.jpg?fit=1200%2C630&ssl=1&resize=525%2C300 1.5x, https:\/\/i0.wp.com\/vincentians.com\/es\/wp-content\/uploads\/sites\/11\/2016\/07\/escritos-lucia-roge.jpg?fit=1200%2C630&ssl=1&resize=700%2C400 2x, https:\/\/i0.wp.com\/vincentians.com\/es\/wp-content\/uploads\/sites\/11\/2016\/07\/escritos-lucia-roge.jpg?fit=1200%2C630&ssl=1&resize=1050%2C600 3x"},"classes":[]},{"id":36844,"url":"https:\/\/vincentians.com\/es\/lucia-roge-asamblea-1978\/","url_meta":{"origin":41059,"position":4},"title":"Luc\u00eda Rog\u00e9: Asamblea (1978)","author":"Francisco Javier Fern\u00e1ndez Chento","date":"02\/05\/2011","format":false,"excerpt":"Cagliari, 13 de abril de 1978 Estoy contenta, de tener esta ocasi\u00f3n de conocerlas mejor, porque cuanto m\u00e1s se conoce, m\u00e1s se ama, y cuanto m\u00e1s se ama, mejor se sirve. Estoy contenta tambi\u00e9n porque, como ustedes saben, Dios nos ha enco\u00admendado un trabajo importante que hemos de realizar juntas,\u2026","rel":"","context":"En \u00abEscritos de Luc\u00eda Rog\u00e9\u00bb","block_context":{"text":"Escritos de Luc\u00eda Rog\u00e9","link":"https:\/\/vincentians.com\/es\/category\/escritos\/escritos-de-lucia-roge\/"},"img":{"alt_text":"","src":"https:\/\/i0.wp.com\/vincentians.com\/es\/wp-content\/uploads\/sites\/11\/2016\/07\/escritos-lucia-roge.jpg?fit=1200%2C630&ssl=1&resize=350%2C200","width":350,"height":200,"srcset":"https:\/\/i0.wp.com\/vincentians.com\/es\/wp-content\/uploads\/sites\/11\/2016\/07\/escritos-lucia-roge.jpg?fit=1200%2C630&ssl=1&resize=350%2C200 1x, https:\/\/i0.wp.com\/vincentians.com\/es\/wp-content\/uploads\/sites\/11\/2016\/07\/escritos-lucia-roge.jpg?fit=1200%2C630&ssl=1&resize=525%2C300 1.5x, https:\/\/i0.wp.com\/vincentians.com\/es\/wp-content\/uploads\/sites\/11\/2016\/07\/escritos-lucia-roge.jpg?fit=1200%2C630&ssl=1&resize=700%2C400 2x, https:\/\/i0.wp.com\/vincentians.com\/es\/wp-content\/uploads\/sites\/11\/2016\/07\/escritos-lucia-roge.jpg?fit=1200%2C630&ssl=1&resize=1050%2C600 3x"},"classes":[]},{"id":42376,"url":"https:\/\/vincentians.com\/es\/lucia-roge-la-vida-de-la-hija-de-la-caridad\/","url_meta":{"origin":41059,"position":5},"title":"Luc\u00eda Rog\u00e9: La vida de la Hija de la Caridad","author":"Francisco Javier Fern\u00e1ndez Chento","date":"28\/03\/2021","format":false,"excerpt":"Sor Luc\u00eda Rog\u00e9, H.C.Tenerife, marzo de 1977 Veo el futuro de la Compa\u00f1\u00eda con gran esperanza misionera y coin\u00adcidente con el camino de la misi\u00f3n que nos ense\u00f1aron nuestros santos Fundadores, la misi\u00f3n que tenemos que emprender hoy. Para entrar por ese camino, san Vicente nos indica tres l\u00edneas espirituales:\u2026","rel":"","context":"En \u00abEscritos de Luc\u00eda Rog\u00e9\u00bb","block_context":{"text":"Escritos de Luc\u00eda Rog\u00e9","link":"https:\/\/vincentians.com\/es\/category\/escritos\/escritos-de-lucia-roge\/"},"img":{"alt_text":"","src":"https:\/\/i0.wp.com\/vincentians.com\/es\/wp-content\/uploads\/sites\/11\/2016\/07\/escritos-lucia-roge.jpg?fit=1200%2C630&ssl=1&resize=350%2C200","width":350,"height":200,"srcset":"https:\/\/i0.wp.com\/vincentians.com\/es\/wp-content\/uploads\/sites\/11\/2016\/07\/escritos-lucia-roge.jpg?fit=1200%2C630&ssl=1&resize=350%2C200 1x, https:\/\/i0.wp.com\/vincentians.com\/es\/wp-content\/uploads\/sites\/11\/2016\/07\/escritos-lucia-roge.jpg?fit=1200%2C630&ssl=1&resize=525%2C300 1.5x, https:\/\/i0.wp.com\/vincentians.com\/es\/wp-content\/uploads\/sites\/11\/2016\/07\/escritos-lucia-roge.jpg?fit=1200%2C630&ssl=1&resize=700%2C400 2x, https:\/\/i0.wp.com\/vincentians.com\/es\/wp-content\/uploads\/sites\/11\/2016\/07\/escritos-lucia-roge.jpg?fit=1200%2C630&ssl=1&resize=1050%2C600 3x"},"classes":[]}],"_links":{"self":[{"href":"https:\/\/vincentians.com\/es\/wp-json\/wp\/v2\/posts\/41059","targetHints":{"allow":["GET"]}}],"collection":[{"href":"https:\/\/vincentians.com\/es\/wp-json\/wp\/v2\/posts"}],"about":[{"href":"https:\/\/vincentians.com\/es\/wp-json\/wp\/v2\/types\/post"}],"author":[{"embeddable":true,"href":"https:\/\/vincentians.com\/es\/wp-json\/wp\/v2\/users\/4"}],"replies":[{"embeddable":true,"href":"https:\/\/vincentians.com\/es\/wp-json\/wp\/v2\/comments?post=41059"}],"version-history":[{"count":0,"href":"https:\/\/vincentians.com\/es\/wp-json\/wp\/v2\/posts\/41059\/revisions"}],"wp:featuredmedia":[{"embeddable":true,"href":"https:\/\/vincentians.com\/es\/wp-json\/wp\/v2\/media\/398623"}],"wp:attachment":[{"href":"https:\/\/vincentians.com\/es\/wp-json\/wp\/v2\/media?parent=41059"}],"wp:term":[{"taxonomy":"category","embeddable":true,"href":"https:\/\/vincentians.com\/es\/wp-json\/wp\/v2\/categories?post=41059"},{"taxonomy":"post_tag","embeddable":true,"href":"https:\/\/vincentians.com\/es\/wp-json\/wp\/v2\/tags?post=41059"}],"curies":[{"name":"wp","href":"https:\/\/api.w.org\/{rel}","templated":true}]}}