{"id":405873,"date":"2025-07-06T08:18:11","date_gmt":"2025-07-06T06:18:11","guid":{"rendered":"https:\/\/vincentians.com\/es\/?p=405873"},"modified":"2024-08-22T10:20:43","modified_gmt":"2024-08-22T08:20:43","slug":"vicente-de-paul-y-la-mision-xxi","status":"publish","type":"post","link":"https:\/\/vincentians.com\/es\/vicente-de-paul-y-la-mision-xxi\/","title":{"rendered":"Vicente de Pa\u00fal y la Misi\u00f3n (XXI)"},"content":{"rendered":"<p>III.- EL POBRE, PROTAGONISTA DE LA MISI\u00d3N<\/p>\n<p>La fundamentaci\u00f3n teol\u00f3gica de la Misi\u00f3n, tal como la entendi\u00f3 y vivi\u00f3 Vicente de Pa\u00fal, integra el mundo de los pobres como elemento constitutivo esencial.<\/p>\n<p>Cristo es el Misionero del Padre, que ha sido enviado a este mundo para evangelizar a los pobres. La Iglesia, continuadora en la historia de la misi\u00f3n de Cristo, se debe a los pobres.<\/p>\n<p>La centralidad de los pobres en la misi\u00f3n de Cristo y de la Iglesia ha sido un descubrimiento que ha ido madu\u00adrando en la experiencia de Vicente de Pa\u00fal.<\/p>\n<ol>\n<li>EL DESCUBRIMIENTO DE LOS POBRES EN LA EXPERIENCIA DE VICENTE DE PA\u00daL<\/li>\n<\/ol>\n<p>Como se\u00f1ala J. Corera, \u00abVicente de Pa\u00fal pas\u00f3 los pri\u00admeros treinta a\u00f1os de su vida apeteciendo un lugar con\u00adfortable y estimado en la sociedad respetable de su tiempo\u00bb. El Se\u00f1or, a trav\u00e9s de acontecimientos y personas, le fue llevando al descubrimiento de su verdadera vocaci\u00f3n. \u00abPara dedicarles su vida tuvo, primero, que descu\u00adbrir la existencia de los pobres, pues no era nada dif\u00edcil en su tiempo adoptar un estilo de vida y unos ideales que le protejan a uno de la presencia molesta de los pobres\u00bb.<\/p>\n<p>El descubrimiento de los pobres llevar\u00e1 a Vicente de Pa\u00fal a confesar: \u00abLos pobres, que no saben a d\u00f3nde ir, ni qu\u00e9 hacer, que sufren y que se multiplican todos los d\u00edas, constituyen mi peso y mi dolor\u00bb.<\/p>\n<p>Y empe\u00f1ar\u00e1 todas sus fuerzas en la liberaci\u00f3n y salva\u00adci\u00f3n de los pobres, porque \u00abNo es suficiente ser salvados, hay que ser salvadores con Cristo\u00bb.<\/p>\n<p>Convencido como est\u00e1 de que \u00abNo me basta con amar a Dios, si mi pr\u00f3jimo no le ama\u201d.<\/p>\n<p>Este descubrimiento le llevar\u00e1 a constatar con dolor que \u00ablos grandes s\u00f3lo piensan en honores y riquezas\u00bb.<\/p>\n<ol start=\"2\">\n<li>Los POBRES SON LOS MIEMBROS DE CRISTO<\/li>\n<\/ol>\n<p>El descubrimiento de los pobres y de su sufrimiento no bastar\u00eda para explicar la entrega de toda la vida a su evangelizaci\u00f3n y servicio. Si Vicente de Pa\u00fal dedica a los pobres su persona y las instituciones por \u00e9l fundadas, es porque viendo las cosas en Dios los pobres nos representan a Jesucristo, son sus miembros sufrientes.<\/p>\n<p>Vicente de Pa\u00fal nos advierte que hay que ver las cosas como las ve Dios, \u00abcomo son en Dios, y no como aparecen al margen de \u00c9l, porque, si no es as\u00ed, podr\u00edamos enga\u00f1arnos, y obrar de manera distinta de la que \u00c9l quiere\u00bb.<\/p>\n<p>Y nos invita a juzgar desde esa perspectiva: \u00abAteng\u00e1monos al juicio que Dios tiene de las cosas&#8230; Ajustemos nuestro juicio, lo mismo que nuestro Se\u00f1or, al juicio de Dios, tal como lo conocemos en las Sagra\u00addas Escrituras&#8230; Entonces, en el nombre del Se\u00f1or, podemos formar nuestro razonamiento seg\u00fan el senti\u00addo m\u00e1s conforme con el esp\u00edritu del Evangelio. S\u00f3lo desde Dios, s\u00f3lo desde la fe, es posible descubrir a Cristo en el pobre.<\/p>\n<p>Vamos a recoger ahora una muestra de textos vicencianos espigados de entre sus conferencias, en distintas \u00e9pocas de su vida, para caer en la cuenta de la importan\u00adcia que concede a la identificaci\u00f3n del pobre con Cristo.<\/p>\n<p>Dice a las Hijas de la Caridad en la conferencia del 16 de marzo de 1642: \u00abLos pobres tienen el honor de representar a los miembros de Jesucristo, que considera los servicios que se le; hacen como hechos a \u00c9l mismo\u00bb.<\/p>\n<p>Y a las mismas hermanas el 14 de junio de 1643: \u00ab\u00a1Qu\u00e9 felicidad, hijas m\u00edas, servir a la persona de nuestro Se\u00f1or en sus pobres miembros! El nos ha dicho que considerar\u00e1 este servicio como hecho a \u00c9l mismo\u00bb.<\/p>\n<p>En la repetici\u00f3n de la oraci\u00f3n, tenida con los misioneros el 25 de octubre de 1643, exclama: \u00ab\u00bfVerdad que nos sentimos dichosos, hermanos m\u00edos de expresar al vivo la vocaci\u00f3n de Jesucristo? \u00a1Qui\u00e9n manifiesta mejor la forma de vivir que Jesucristo tuvo en la tierra sino los misioneros?&#8230; \u00a1Oh! \u00a1qu\u00e9 felices ser\u00e1n los que puedan decir, en la hora de su muerte, aquellas palabras de nuestro Se\u00f1or: <em>Evangelizare pauperibus misit me Dominus! <\/em>Ved, hermanos m\u00edos, c\u00f3mo lo principal para nuestro Se\u00f1or era trabajar para los pobres. Cuando se dirig\u00eda a los otros, lo hac\u00eda comen de pasada\u00bb.<\/p>\n<p>Nuevamente a las Hijas de la Caridad, en la conferencia del 13 de febrero de 1646: \u00abAl servir a los pobres se sirve a Jesucristo. Hijas m\u00edas \u00a1cu\u00e1nta verdad es \u00e9sto! Serv\u00eds a Jesucristo en la persona de los pobres. Y esto es tan verdad como que esta mos aqu\u00ed. Una hermana ir\u00e1 diez veces cada d\u00eda a ver los enfermos, y diez veces cada d\u00eda encontrar\u00e1 en ellos a Dios&#8230;\u00bb.<\/p>\n<p>\u00abSi Dios da una eternidad bienaventurada a los que no han ofrecido m\u00e1s que un vaso de agua, \u00bfqu\u00e9 dar\u00e1 a una Hija de la Caridad, que lo deja todo y se entrega a s\u00ed misma para servirle durante toda la vida?&#8230; Tiene moti\u00advos para esperar ser de aquellos a los que se dir\u00e1: `Venid, benditas de mi Padre, poseed el reino que os est\u00e1 preparado&#8230; Los pobres asistidos por ella ser\u00e1n sus intercesores delante de Dios; acudir\u00e1n en mont\u00f3n a su encuentro; dir\u00e1n al buen Dios: &#8216;Dios m\u00edo, \u00e9sta es la que nos asisti\u00f3 por tu amor.<\/p>\n<p>Comentando el nombre de \u00abHijas de la Caridad\u00bb, les dice en la conferencia del 30 de mayo de 1647: \u00ab\u00a1Ah, qu\u00e9 hermoso t\u00edtulo! Hijas m\u00edas, \u00a1qu\u00e9 hermoso t\u00edtulo, qu\u00e9 hermosa cualidad! \u00bfQu\u00e9 hab\u00e9is hecho a Dios para merecer \u00e9sto? Sirvientes de los pobres, que es como si se dijese sirvientes de Jesucristo&#8230; Conservad bien este t\u00edtulo, porque es el m\u00e1s hermoso y el m\u00e1s ven\u00adtajoso que podr\u00edais tener&#8230; Vosotras, hijas m\u00edas, os pod\u00e9is poner siervas de los pobres, que son los predi\u00adlectos de Jesucristo.<\/p>\n<p>Y con toda sencillez en la conferencia del 18 de octu\u00adbre de 1655: \u00abCuando serv\u00eds a los enfermos, ten\u00e9is que acordaros tambi\u00e9n de que es a nuestro Se\u00f1or a quien representa ese pobre\u00bb.<\/p>\n<p>Argumenta a los misioneros en una charla de enero de 1657: \u00abDios ama a los pobres, y por consiguiente ama a quie\u00adnes aman a los pobres; pues, cuando se ama mucho a una persona, se siente tambi\u00e9n afecto a sus amigos y servidores. Pues bien, esta peque\u00f1a compa\u00f1\u00eda de la Misi\u00f3n procura dedicarse con afecto a servir a los pobres que son los preferidos de Dios; por eso tenemos motivos para esperar que, por amor hacia ellos, tam\u00adbi\u00e9n nos amar\u00e1 Dios a nosotros\u00bb.<\/p>\n<p>Y unos meses m\u00e1s tarde, a los mismos misioneros, en la conferencia del 27 de abril de 1657, les dice: \u00abNo hemos de considerar a un pobre campesino o a una pobre mujer seg\u00fan su aspecto exterior, ni seg\u00fan la impresi\u00f3n de su esp\u00edritu, dado que con frecuencia no tienen ni la figura ni el esp\u00edritu de las personas educa\u00addas, pues son vulgares y groseros. Pero dadle la vuelta a la medalla y ver\u00e9is con las luces de la fe que son \u00e9sos los que nos representan al Hijo de Dios&#8230; \u00a1Qu\u00e9 her\u00admoso ser\u00eda ver a los pobres, consider\u00e1ndolos en Dios y en el aprecio en que los tuvo Jesucristo! Pero, si los miramos con los sentimientos de la carne y del esp\u00edri\u00adtu mundano, nos parecer\u00e1n despreciables\u00bb.<\/p>\n<p>Y, animando a las Hijas de la Caridad a entregarse al servicio de los pobres, en la conferencia del 11 de noviembre de 1657, les asegura: \u00abHijas m\u00edas, \u00a1si supieseis qu\u00e9 gracia tan alta es servir a los pobres, haber sido llamadas por Dios para eso!\u00bb. \u00abLos pobres son los grandes se\u00f1ores del cielo; a ellos les toca abrir sus puertas&#8230;\u00bb.<\/p>\n<p>Tambi\u00e9n a las Damas les anima con parecida argu\u00admentaci\u00f3n el 11 de julio de 1657: \u00abEl mismo Cristo quiso nacer pobre, recibir en su com\u00adpa\u00f1\u00eda a los pobres, servir a los pobres, ponerse en lugar de los pobres, hasta decir que el bien y el mal que hace\u00admos a los pobres los considerar\u00e1 como hechos a su divi\u00adna persona&#8230; \u00bfY qu\u00e9 amor podemos tenerle nosotros a \u00c9l si no amamos lo que \u00c9l am\u00f3? No hay ninguna dife\u00adrencia, se\u00f1oras, entre amarle a \u00c9l y amar a los pobres de ese modo; servirles bien a los pobres, es servirle a \u00c9l&#8230;\u00bb.<\/p>\n<p>Para Vicente de Pa\u00fal, pues, no hay ninguna duda: los pobres nos representan a Cristo; servir a los pobres es servir a Jesucristo.<\/p>\n<p>De esta identificaci\u00f3n del pobre con Cristo, Vicente de Pa\u00fal deduce una importante consecuencia: Si el ser\u00advicio al pobre as\u00ed lo requiere, habr\u00e1 que dejar la oraci\u00f3n e incluso la eucarist\u00eda. Obrar as\u00ed no ser\u00e1 descuidar los deberes de la religi\u00f3n, sino dejar a Dios por Dios.<\/p>\n<p>\u00abSi fuera voluntad de Dios que tuvieseis que asistir a un enfermo en domingo, en vez de ir a o\u00edr misa, aunque fuera obligaci\u00f3n, habr\u00eda que hacerlo. A eso se le llama dejar a Dios por Dios\u00bb.<\/p>\n<p>\u00abSi hay alg\u00fan motivo leg\u00edtimo, mis queridas hijas, es el servicio del pr\u00f3jimo. El dejar a Dios por Dios no es dejar a Dios, esto es, dejar una obra de Dios para hacer otra, o de m\u00e1s obligaci\u00f3n o de mayor m\u00e9rito\u00bb.<\/p>\n<p>Y es que, acudir a servir al pobre es acudir al encuen\u00adtro con Dios: \u00abId a ver a los pobres condenados a cadena perpetua, y en ellos encontrar\u00e9is a Dios; servid a esos ni\u00f1os y en ellos encontrar\u00e9is a Dios. \u00a1Hijas m\u00edas, cu\u00e1n admirable es esto&#8230; Vais a unas casas muy pobres, pero all\u00ed encon\u00adtr\u00e1is a Dios&#8230;\u00bb.<\/p>\n","protected":false},"excerpt":{"rendered":"<p>III.- EL POBRE, PROTAGONISTA DE LA MISI\u00d3N La fundamentaci\u00f3n teol\u00f3gica de la Misi\u00f3n, tal como la entendi\u00f3 y vivi\u00f3 Vicente de Pa\u00fal, integra el mundo de los pobres como elemento constitutivo esencial. Cristo es el &#8230; <a href=\"https:\/\/vincentians.com\/es\/vicente-de-paul-y-la-mision-xxi\/\" class=\"more-link\">Read More<\/a><\/p>\n","protected":false},"author":5,"featured_media":404161,"comment_status":"open","ping_status":"open","sticky":false,"template":"","format":"standard","meta":{"jetpack_post_was_ever_published":false,"_jetpack_newsletter_access":"","_jetpack_dont_email_post_to_subs":false,"_jetpack_newsletter_tier_id":0,"_jetpack_memberships_contains_paywalled_content":false,"_jetpack_memberships_contains_paid_content":false,"footnotes":"","jetpack_publicize_message":"","jetpack_publicize_feature_enabled":true,"jetpack_social_post_already_shared":true,"jetpack_social_options":{"image_generator_settings":{"template":"highway","default_image_id":0,"font":"","enabled":false},"version":2}},"categories":[28],"tags":[],"class_list":["post-405873","post","type-post","status-publish","format-standard","has-post-thumbnail","hentry","category-formacion-vicenciana"],"yoast_head":"<!-- This site is optimized with the Yoast SEO plugin v26.3 - https:\/\/yoast.com\/wordpress\/plugins\/seo\/ -->\n<title>Vicente de Pa\u00fal y la Misi\u00f3n (XXI) - Somos Vicencianos<\/title>\n<meta name=\"robots\" content=\"index, follow, max-snippet:-1, max-image-preview:large, max-video-preview:-1\" \/>\n<link rel=\"canonical\" href=\"https:\/\/vincentians.com\/es\/vicente-de-paul-y-la-mision-xxi\/\" \/>\n<meta property=\"og:locale\" content=\"es_ES\" \/>\n<meta property=\"og:type\" content=\"article\" \/>\n<meta property=\"og:title\" content=\"Vicente de Pa\u00fal y la Misi\u00f3n (XXI) - Somos Vicencianos\" \/>\n<meta property=\"og:description\" content=\"III.- EL POBRE, PROTAGONISTA DE LA MISI\u00d3N La fundamentaci\u00f3n teol\u00f3gica de la Misi\u00f3n, tal como la entendi\u00f3 y vivi\u00f3 Vicente de Pa\u00fal, integra el mundo de los pobres como elemento constitutivo esencial. Cristo es el ... Read More\" \/>\n<meta property=\"og:url\" content=\"https:\/\/vincentians.com\/es\/vicente-de-paul-y-la-mision-xxi\/\" \/>\n<meta property=\"og:site_name\" content=\"Somos Vicencianos\" \/>\n<meta property=\"article:publisher\" content=\"https:\/\/www.facebook.com\/WeAreVincentians\/\" \/>\n<meta property=\"article:published_time\" content=\"2025-07-06T06:18:11+00:00\" \/>\n<meta property=\"og:image\" content=\"https:\/\/i0.wp.com\/vincentians.com\/es\/wp-content\/uploads\/sites\/11\/2013\/05\/d.jpg?fit=1200%2C799&ssl=1\" \/>\n\t<meta property=\"og:image:width\" content=\"1200\" \/>\n\t<meta property=\"og:image:height\" content=\"799\" \/>\n\t<meta property=\"og:image:type\" content=\"image\/jpeg\" \/>\n<meta name=\"author\" content=\"Mitxel Olabu\u00e9naga\" \/>\n<meta name=\"twitter:card\" content=\"summary_large_image\" \/>\n<meta name=\"twitter:creator\" content=\"@WeVincentians\" \/>\n<meta name=\"twitter:site\" content=\"@WeVincentians\" \/>\n<meta name=\"twitter:label1\" content=\"Escrito por\" \/>\n\t<meta name=\"twitter:data1\" content=\"Mitxel Olabu\u00e9naga\" \/>\n\t<meta name=\"twitter:label2\" content=\"Tiempo de lectura\" \/>\n\t<meta name=\"twitter:data2\" content=\"8 minutos\" \/>\n<script type=\"application\/ld+json\" class=\"yoast-schema-graph\">{\"@context\":\"https:\/\/schema.org\",\"@graph\":[{\"@type\":\"Article\",\"@id\":\"https:\/\/vincentians.com\/es\/vicente-de-paul-y-la-mision-xxi\/#article\",\"isPartOf\":{\"@id\":\"https:\/\/vincentians.com\/es\/vicente-de-paul-y-la-mision-xxi\/\"},\"author\":{\"name\":\"Mitxel Olabu\u00e9naga\",\"@id\":\"http:\/\/vincentians.com\/es\/#\/schema\/person\/7c2670b4445a7ca9d164ea6acdb31859\"},\"headline\":\"Vicente de Pa\u00fal y la Misi\u00f3n (XXI)\",\"datePublished\":\"2025-07-06T06:18:11+00:00\",\"mainEntityOfPage\":{\"@id\":\"https:\/\/vincentians.com\/es\/vicente-de-paul-y-la-mision-xxi\/\"},\"wordCount\":1685,\"commentCount\":0,\"publisher\":{\"@id\":\"http:\/\/vincentians.com\/es\/#organization\"},\"image\":{\"@id\":\"https:\/\/vincentians.com\/es\/vicente-de-paul-y-la-mision-xxi\/#primaryimage\"},\"thumbnailUrl\":\"https:\/\/i0.wp.com\/vincentians.com\/es\/wp-content\/uploads\/sites\/11\/2013\/05\/d.jpg?fit=1200%2C799&ssl=1\",\"articleSection\":[\"Formaci\u00f3n Vicenciana\"],\"inLanguage\":\"es\",\"potentialAction\":[{\"@type\":\"CommentAction\",\"name\":\"Comment\",\"target\":[\"https:\/\/vincentians.com\/es\/vicente-de-paul-y-la-mision-xxi\/#respond\"]}]},{\"@type\":\"WebPage\",\"@id\":\"https:\/\/vincentians.com\/es\/vicente-de-paul-y-la-mision-xxi\/\",\"url\":\"https:\/\/vincentians.com\/es\/vicente-de-paul-y-la-mision-xxi\/\",\"name\":\"Vicente de Pa\u00fal y la Misi\u00f3n (XXI) - Somos Vicencianos\",\"isPartOf\":{\"@id\":\"http:\/\/vincentians.com\/es\/#website\"},\"primaryImageOfPage\":{\"@id\":\"https:\/\/vincentians.com\/es\/vicente-de-paul-y-la-mision-xxi\/#primaryimage\"},\"image\":{\"@id\":\"https:\/\/vincentians.com\/es\/vicente-de-paul-y-la-mision-xxi\/#primaryimage\"},\"thumbnailUrl\":\"https:\/\/i0.wp.com\/vincentians.com\/es\/wp-content\/uploads\/sites\/11\/2013\/05\/d.jpg?fit=1200%2C799&ssl=1\",\"datePublished\":\"2025-07-06T06:18:11+00:00\",\"breadcrumb\":{\"@id\":\"https:\/\/vincentians.com\/es\/vicente-de-paul-y-la-mision-xxi\/#breadcrumb\"},\"inLanguage\":\"es\",\"potentialAction\":[{\"@type\":\"ReadAction\",\"target\":[\"https:\/\/vincentians.com\/es\/vicente-de-paul-y-la-mision-xxi\/\"]}]},{\"@type\":\"ImageObject\",\"inLanguage\":\"es\",\"@id\":\"https:\/\/vincentians.com\/es\/vicente-de-paul-y-la-mision-xxi\/#primaryimage\",\"url\":\"https:\/\/i0.wp.com\/vincentians.com\/es\/wp-content\/uploads\/sites\/11\/2013\/05\/d.jpg?fit=1200%2C799&ssl=1\",\"contentUrl\":\"https:\/\/i0.wp.com\/vincentians.com\/es\/wp-content\/uploads\/sites\/11\/2013\/05\/d.jpg?fit=1200%2C799&ssl=1\",\"width\":1200,\"height\":799,\"caption\":\"- 49 TAB. On ignore actuellement l\u2019auteurs et la date de ce tableau. L\u2019origine est probablement espagnole vue la forme des cornettes et sans doute du 19e si\u00e8cle. Il a \u00e9t\u00e9 enregistr\u00e9 \u00e0 partir d\u2019une reproduction conserv\u00e9e aux Archives de la Congr\u00e9gation \u00e0 Paris.\"},{\"@type\":\"BreadcrumbList\",\"@id\":\"https:\/\/vincentians.com\/es\/vicente-de-paul-y-la-mision-xxi\/#breadcrumb\",\"itemListElement\":[{\"@type\":\"ListItem\",\"position\":1,\"name\":\"Portada\",\"item\":\"http:\/\/vincentians.com\/es\/\"},{\"@type\":\"ListItem\",\"position\":2,\"name\":\"Vicente de Pa\u00fal y la Misi\u00f3n (XXI)\"}]},{\"@type\":\"WebSite\",\"@id\":\"http:\/\/vincentians.com\/es\/#website\",\"url\":\"http:\/\/vincentians.com\/es\/\",\"name\":\"Somos Vicencianos\",\"description\":\"Know more to serve more\",\"publisher\":{\"@id\":\"http:\/\/vincentians.com\/es\/#organization\"},\"potentialAction\":[{\"@type\":\"SearchAction\",\"target\":{\"@type\":\"EntryPoint\",\"urlTemplate\":\"http:\/\/vincentians.com\/es\/?s={search_term_string}\"},\"query-input\":{\"@type\":\"PropertyValueSpecification\",\"valueRequired\":true,\"valueName\":\"search_term_string\"}}],\"inLanguage\":\"es\"},{\"@type\":\"Organization\",\"@id\":\"http:\/\/vincentians.com\/es\/#organization\",\"name\":\"The Vincentian Network\",\"url\":\"http:\/\/vincentians.com\/es\/\",\"logo\":{\"@type\":\"ImageObject\",\"inLanguage\":\"es\",\"@id\":\"http:\/\/vincentians.com\/es\/#\/schema\/logo\/image\/\",\"url\":\"https:\/\/i1.wp.com\/vincentians.com\/es\/wp-content\/uploads\/sites\/11\/2016\/06\/Vincentian-Network-logo-big.png?fit=778%2C778\",\"contentUrl\":\"https:\/\/i1.wp.com\/vincentians.com\/es\/wp-content\/uploads\/sites\/11\/2016\/06\/Vincentian-Network-logo-big.png?fit=778%2C778\",\"width\":778,\"height\":778,\"caption\":\"The Vincentian Network\"},\"image\":{\"@id\":\"http:\/\/vincentians.com\/es\/#\/schema\/logo\/image\/\"},\"sameAs\":[\"https:\/\/www.facebook.com\/WeAreVincentians\/\",\"https:\/\/x.com\/WeVincentians\"]},{\"@type\":\"Person\",\"@id\":\"http:\/\/vincentians.com\/es\/#\/schema\/person\/7c2670b4445a7ca9d164ea6acdb31859\",\"name\":\"Mitxel Olabu\u00e9naga\",\"image\":{\"@type\":\"ImageObject\",\"inLanguage\":\"es\",\"@id\":\"http:\/\/vincentians.com\/es\/#\/schema\/person\/image\/\",\"url\":\"https:\/\/secure.gravatar.com\/avatar\/34137ec2e2b8939cbbed975731e71f3f4f1defc7266ded337a5ce0f925426877?s=96&d=mm&r=g\",\"contentUrl\":\"https:\/\/secure.gravatar.com\/avatar\/34137ec2e2b8939cbbed975731e71f3f4f1defc7266ded337a5ce0f925426877?s=96&d=mm&r=g\",\"caption\":\"Mitxel Olabu\u00e9naga\"},\"url\":\"https:\/\/vincentians.com\/es\/author\/mitxel\/\"}]}<\/script>\n<!-- \/ Yoast SEO plugin. -->","yoast_head_json":{"title":"Vicente de Pa\u00fal y la Misi\u00f3n (XXI) - Somos Vicencianos","robots":{"index":"index","follow":"follow","max-snippet":"max-snippet:-1","max-image-preview":"max-image-preview:large","max-video-preview":"max-video-preview:-1"},"canonical":"https:\/\/vincentians.com\/es\/vicente-de-paul-y-la-mision-xxi\/","og_locale":"es_ES","og_type":"article","og_title":"Vicente de Pa\u00fal y la Misi\u00f3n (XXI) - Somos Vicencianos","og_description":"III.- EL POBRE, PROTAGONISTA DE LA MISI\u00d3N La fundamentaci\u00f3n teol\u00f3gica de la Misi\u00f3n, tal como la entendi\u00f3 y vivi\u00f3 Vicente de Pa\u00fal, integra el mundo de los pobres como elemento constitutivo esencial. Cristo es el ... Read More","og_url":"https:\/\/vincentians.com\/es\/vicente-de-paul-y-la-mision-xxi\/","og_site_name":"Somos Vicencianos","article_publisher":"https:\/\/www.facebook.com\/WeAreVincentians\/","article_published_time":"2025-07-06T06:18:11+00:00","og_image":[{"width":1200,"height":799,"url":"https:\/\/i0.wp.com\/vincentians.com\/es\/wp-content\/uploads\/sites\/11\/2013\/05\/d.jpg?fit=1200%2C799&ssl=1","type":"image\/jpeg"}],"author":"Mitxel Olabu\u00e9naga","twitter_card":"summary_large_image","twitter_creator":"@WeVincentians","twitter_site":"@WeVincentians","twitter_misc":{"Escrito por":"Mitxel Olabu\u00e9naga","Tiempo de lectura":"8 minutos"},"schema":{"@context":"https:\/\/schema.org","@graph":[{"@type":"Article","@id":"https:\/\/vincentians.com\/es\/vicente-de-paul-y-la-mision-xxi\/#article","isPartOf":{"@id":"https:\/\/vincentians.com\/es\/vicente-de-paul-y-la-mision-xxi\/"},"author":{"name":"Mitxel Olabu\u00e9naga","@id":"http:\/\/vincentians.com\/es\/#\/schema\/person\/7c2670b4445a7ca9d164ea6acdb31859"},"headline":"Vicente de Pa\u00fal y la Misi\u00f3n (XXI)","datePublished":"2025-07-06T06:18:11+00:00","mainEntityOfPage":{"@id":"https:\/\/vincentians.com\/es\/vicente-de-paul-y-la-mision-xxi\/"},"wordCount":1685,"commentCount":0,"publisher":{"@id":"http:\/\/vincentians.com\/es\/#organization"},"image":{"@id":"https:\/\/vincentians.com\/es\/vicente-de-paul-y-la-mision-xxi\/#primaryimage"},"thumbnailUrl":"https:\/\/i0.wp.com\/vincentians.com\/es\/wp-content\/uploads\/sites\/11\/2013\/05\/d.jpg?fit=1200%2C799&ssl=1","articleSection":["Formaci\u00f3n Vicenciana"],"inLanguage":"es","potentialAction":[{"@type":"CommentAction","name":"Comment","target":["https:\/\/vincentians.com\/es\/vicente-de-paul-y-la-mision-xxi\/#respond"]}]},{"@type":"WebPage","@id":"https:\/\/vincentians.com\/es\/vicente-de-paul-y-la-mision-xxi\/","url":"https:\/\/vincentians.com\/es\/vicente-de-paul-y-la-mision-xxi\/","name":"Vicente de Pa\u00fal y la Misi\u00f3n (XXI) - Somos Vicencianos","isPartOf":{"@id":"http:\/\/vincentians.com\/es\/#website"},"primaryImageOfPage":{"@id":"https:\/\/vincentians.com\/es\/vicente-de-paul-y-la-mision-xxi\/#primaryimage"},"image":{"@id":"https:\/\/vincentians.com\/es\/vicente-de-paul-y-la-mision-xxi\/#primaryimage"},"thumbnailUrl":"https:\/\/i0.wp.com\/vincentians.com\/es\/wp-content\/uploads\/sites\/11\/2013\/05\/d.jpg?fit=1200%2C799&ssl=1","datePublished":"2025-07-06T06:18:11+00:00","breadcrumb":{"@id":"https:\/\/vincentians.com\/es\/vicente-de-paul-y-la-mision-xxi\/#breadcrumb"},"inLanguage":"es","potentialAction":[{"@type":"ReadAction","target":["https:\/\/vincentians.com\/es\/vicente-de-paul-y-la-mision-xxi\/"]}]},{"@type":"ImageObject","inLanguage":"es","@id":"https:\/\/vincentians.com\/es\/vicente-de-paul-y-la-mision-xxi\/#primaryimage","url":"https:\/\/i0.wp.com\/vincentians.com\/es\/wp-content\/uploads\/sites\/11\/2013\/05\/d.jpg?fit=1200%2C799&ssl=1","contentUrl":"https:\/\/i0.wp.com\/vincentians.com\/es\/wp-content\/uploads\/sites\/11\/2013\/05\/d.jpg?fit=1200%2C799&ssl=1","width":1200,"height":799,"caption":"- 49 TAB. On ignore actuellement l\u2019auteurs et la date de ce tableau. L\u2019origine est probablement espagnole vue la forme des cornettes et sans doute du 19e si\u00e8cle. Il a \u00e9t\u00e9 enregistr\u00e9 \u00e0 partir d\u2019une reproduction conserv\u00e9e aux Archives de la Congr\u00e9gation \u00e0 Paris."},{"@type":"BreadcrumbList","@id":"https:\/\/vincentians.com\/es\/vicente-de-paul-y-la-mision-xxi\/#breadcrumb","itemListElement":[{"@type":"ListItem","position":1,"name":"Portada","item":"http:\/\/vincentians.com\/es\/"},{"@type":"ListItem","position":2,"name":"Vicente de Pa\u00fal y la Misi\u00f3n (XXI)"}]},{"@type":"WebSite","@id":"http:\/\/vincentians.com\/es\/#website","url":"http:\/\/vincentians.com\/es\/","name":"Somos Vicencianos","description":"Know more to serve more","publisher":{"@id":"http:\/\/vincentians.com\/es\/#organization"},"potentialAction":[{"@type":"SearchAction","target":{"@type":"EntryPoint","urlTemplate":"http:\/\/vincentians.com\/es\/?s={search_term_string}"},"query-input":{"@type":"PropertyValueSpecification","valueRequired":true,"valueName":"search_term_string"}}],"inLanguage":"es"},{"@type":"Organization","@id":"http:\/\/vincentians.com\/es\/#organization","name":"The Vincentian Network","url":"http:\/\/vincentians.com\/es\/","logo":{"@type":"ImageObject","inLanguage":"es","@id":"http:\/\/vincentians.com\/es\/#\/schema\/logo\/image\/","url":"https:\/\/i1.wp.com\/vincentians.com\/es\/wp-content\/uploads\/sites\/11\/2016\/06\/Vincentian-Network-logo-big.png?fit=778%2C778","contentUrl":"https:\/\/i1.wp.com\/vincentians.com\/es\/wp-content\/uploads\/sites\/11\/2016\/06\/Vincentian-Network-logo-big.png?fit=778%2C778","width":778,"height":778,"caption":"The Vincentian Network"},"image":{"@id":"http:\/\/vincentians.com\/es\/#\/schema\/logo\/image\/"},"sameAs":["https:\/\/www.facebook.com\/WeAreVincentians\/","https:\/\/x.com\/WeVincentians"]},{"@type":"Person","@id":"http:\/\/vincentians.com\/es\/#\/schema\/person\/7c2670b4445a7ca9d164ea6acdb31859","name":"Mitxel Olabu\u00e9naga","image":{"@type":"ImageObject","inLanguage":"es","@id":"http:\/\/vincentians.com\/es\/#\/schema\/person\/image\/","url":"https:\/\/secure.gravatar.com\/avatar\/34137ec2e2b8939cbbed975731e71f3f4f1defc7266ded337a5ce0f925426877?s=96&d=mm&r=g","contentUrl":"https:\/\/secure.gravatar.com\/avatar\/34137ec2e2b8939cbbed975731e71f3f4f1defc7266ded337a5ce0f925426877?s=96&d=mm&r=g","caption":"Mitxel Olabu\u00e9naga"},"url":"https:\/\/vincentians.com\/es\/author\/mitxel\/"}]}},"jetpack_publicize_connections":[],"jetpack_featured_media_url":"https:\/\/i0.wp.com\/vincentians.com\/es\/wp-content\/uploads\/sites\/11\/2013\/05\/d.jpg?fit=1200%2C799&ssl=1","jetpack_sharing_enabled":true,"jetpack_shortlink":"https:\/\/wp.me\/p7ETMF-1HAl","jetpack-related-posts":[{"id":398641,"url":"https:\/\/vincentians.com\/es\/aportacion-del-carisma-vicenciano-la-mision-la-iglesia-4\/","url_meta":{"origin":405873,"position":0},"title":"Aportaci\u00f3n del carisma vicenciano a la Misi\u00f3n de la Iglesia (4)","author":"Francisco Javier Fern\u00e1ndez Chento","date":"07\/08\/2016","format":false,"excerpt":"4.- La salvaci\u00f3n de los pobres en el centro de la Misi\u00f3n de la Iglesia. San Vicente de Pa\u00fal y Santa Luisa de Marillac compartieron la misma experiencia: los pobres son los miembros de Cristo y, por tanto, de la Iglesia. En la Iglesia, Cuerpo de Cristo, los pobres ocupan\u2026","rel":"","context":"En \u00abFormaci\u00f3n Vicenciana\u00bb","block_context":{"text":"Formaci\u00f3n Vicenciana","link":"https:\/\/vincentians.com\/es\/category\/formacion-vicenciana\/"},"img":{"alt_text":"","src":"https:\/\/i0.wp.com\/vincentians.com\/es\/wp-content\/uploads\/sites\/11\/2016\/06\/contributions-charism.jpg?fit=1200%2C630&ssl=1&resize=350%2C200","width":350,"height":200,"srcset":"https:\/\/i0.wp.com\/vincentians.com\/es\/wp-content\/uploads\/sites\/11\/2016\/06\/contributions-charism.jpg?fit=1200%2C630&ssl=1&resize=350%2C200 1x, https:\/\/i0.wp.com\/vincentians.com\/es\/wp-content\/uploads\/sites\/11\/2016\/06\/contributions-charism.jpg?fit=1200%2C630&ssl=1&resize=525%2C300 1.5x, https:\/\/i0.wp.com\/vincentians.com\/es\/wp-content\/uploads\/sites\/11\/2016\/06\/contributions-charism.jpg?fit=1200%2C630&ssl=1&resize=700%2C400 2x, https:\/\/i0.wp.com\/vincentians.com\/es\/wp-content\/uploads\/sites\/11\/2016\/06\/contributions-charism.jpg?fit=1200%2C630&ssl=1&resize=1050%2C600 3x"},"classes":[]},{"id":398638,"url":"https:\/\/vincentians.com\/es\/aportacion-del-carisma-vicenciano-la-mision-la-iglesia-2\/","url_meta":{"origin":405873,"position":1},"title":"Aportaci\u00f3n del carisma vicenciano a la Misi\u00f3n de la Iglesia (2)","author":"Francisco Javier Fern\u00e1ndez Chento","date":"05\/08\/2016","format":false,"excerpt":"2.- La vida cristiana a partir de la Teolog\u00eda de la Misi\u00f3n: continuadores de la Misi\u00f3n del Hijo. Acabo de hacer referencia a la teolog\u00eda de la Misi\u00f3n como punto de partida para las nuevas formas de vida en la Iglesia de las que la Congregaci\u00f3n de la Misi\u00f3n y\u2026","rel":"","context":"En \u00abFormaci\u00f3n Vicenciana\u00bb","block_context":{"text":"Formaci\u00f3n Vicenciana","link":"https:\/\/vincentians.com\/es\/category\/formacion-vicenciana\/"},"img":{"alt_text":"","src":"https:\/\/i0.wp.com\/vincentians.com\/es\/wp-content\/uploads\/sites\/11\/2016\/06\/contributions-charism.jpg?fit=1200%2C630&ssl=1&resize=350%2C200","width":350,"height":200,"srcset":"https:\/\/i0.wp.com\/vincentians.com\/es\/wp-content\/uploads\/sites\/11\/2016\/06\/contributions-charism.jpg?fit=1200%2C630&ssl=1&resize=350%2C200 1x, https:\/\/i0.wp.com\/vincentians.com\/es\/wp-content\/uploads\/sites\/11\/2016\/06\/contributions-charism.jpg?fit=1200%2C630&ssl=1&resize=525%2C300 1.5x, https:\/\/i0.wp.com\/vincentians.com\/es\/wp-content\/uploads\/sites\/11\/2016\/06\/contributions-charism.jpg?fit=1200%2C630&ssl=1&resize=700%2C400 2x, https:\/\/i0.wp.com\/vincentians.com\/es\/wp-content\/uploads\/sites\/11\/2016\/06\/contributions-charism.jpg?fit=1200%2C630&ssl=1&resize=1050%2C600 3x"},"classes":[]},{"id":398646,"url":"https:\/\/vincentians.com\/es\/aportacion-del-carisma-vicenciano-la-mision-la-iglesia-10-fin\/","url_meta":{"origin":405873,"position":2},"title":"Aportaci\u00f3n del carisma vicenciano a la Misi\u00f3n de la Iglesia (10 &#8211; Fin)","author":"Francisco Javier Fern\u00e1ndez Chento","date":"13\/08\/2016","format":false,"excerpt":"10.- La circularidad vicenciana: de Cristo a los pobres, de los pobres a Cristo. Para concluir esta reflexi\u00f3n sobre la aportaci\u00f3n del carisma vicenciano a la Misi\u00f3n de la Iglesia, me parece oportuno referirme a la \u201ccircularidad\u201d vicenciana: de Cristo a los pobres, de los pobres a Cristo. \u201cAmemos al\u2026","rel":"","context":"En \u00abFormaci\u00f3n Vicenciana\u00bb","block_context":{"text":"Formaci\u00f3n Vicenciana","link":"https:\/\/vincentians.com\/es\/category\/formacion-vicenciana\/"},"img":{"alt_text":"","src":"https:\/\/i0.wp.com\/vincentians.com\/es\/wp-content\/uploads\/sites\/11\/2016\/06\/contributions-charism.jpg?fit=1200%2C630&ssl=1&resize=350%2C200","width":350,"height":200,"srcset":"https:\/\/i0.wp.com\/vincentians.com\/es\/wp-content\/uploads\/sites\/11\/2016\/06\/contributions-charism.jpg?fit=1200%2C630&ssl=1&resize=350%2C200 1x, https:\/\/i0.wp.com\/vincentians.com\/es\/wp-content\/uploads\/sites\/11\/2016\/06\/contributions-charism.jpg?fit=1200%2C630&ssl=1&resize=525%2C300 1.5x, https:\/\/i0.wp.com\/vincentians.com\/es\/wp-content\/uploads\/sites\/11\/2016\/06\/contributions-charism.jpg?fit=1200%2C630&ssl=1&resize=700%2C400 2x, https:\/\/i0.wp.com\/vincentians.com\/es\/wp-content\/uploads\/sites\/11\/2016\/06\/contributions-charism.jpg?fit=1200%2C630&ssl=1&resize=1050%2C600 3x"},"classes":[]},{"id":117335,"url":"https:\/\/vincentians.com\/es\/evangelizar-siguiendo-a-san-vicente\/","url_meta":{"origin":405873,"position":3},"title":"Evangelizar siguiendo a san Vicente","author":"Francisco Javier Fern\u00e1ndez Chento","date":"14\/11\/2018","format":false,"excerpt":"Una de las opciones en Misiones Populares, tal y como lo hacemos los vicencianos, es el trabajo en equipo, que se compone de Consagrados (Pa\u00fales, Hijas de la Caridad, sacerdotes diocesanos\u2026) y Seglares Vicencianos. No lo hacemos as\u00ed por \"moda\", sino que es una de las urgencias en nuestra sociedad\u2026","rel":"","context":"En \u00abFormaci\u00f3n Vicenciana\u00bb","block_context":{"text":"Formaci\u00f3n Vicenciana","link":"https:\/\/vincentians.com\/es\/category\/formacion-vicenciana\/"},"img":{"alt_text":"","src":"https:\/\/i0.wp.com\/vincentians.com\/es\/wp-content\/uploads\/sites\/11\/2016\/09\/sencillos-como-palomas.jpg?fit=1200%2C630&ssl=1&resize=350%2C200","width":350,"height":200,"srcset":"https:\/\/i0.wp.com\/vincentians.com\/es\/wp-content\/uploads\/sites\/11\/2016\/09\/sencillos-como-palomas.jpg?fit=1200%2C630&ssl=1&resize=350%2C200 1x, https:\/\/i0.wp.com\/vincentians.com\/es\/wp-content\/uploads\/sites\/11\/2016\/09\/sencillos-como-palomas.jpg?fit=1200%2C630&ssl=1&resize=525%2C300 1.5x, https:\/\/i0.wp.com\/vincentians.com\/es\/wp-content\/uploads\/sites\/11\/2016\/09\/sencillos-como-palomas.jpg?fit=1200%2C630&ssl=1&resize=700%2C400 2x, https:\/\/i0.wp.com\/vincentians.com\/es\/wp-content\/uploads\/sites\/11\/2016\/09\/sencillos-como-palomas.jpg?fit=1200%2C630&ssl=1&resize=1050%2C600 3x"},"classes":[]},{"id":386892,"url":"https:\/\/vincentians.com\/es\/volver-a-jesus-para-evangelizar\/","url_meta":{"origin":405873,"position":4},"title":"Volver a Jes\u00fas para evangelizar","author":"Francisco Javier Fern\u00e1ndez Chento","date":"25\/01\/2016","format":false,"excerpt":"Me alegra inmensamente que la pr\u00f3xima Asamblea de la Congregaci\u00f3n de la Misi\u00f3n tenga como tema de reflexi\u00f3n y motivaci\u00f3n un asunto que tiene que ver con su identidad apost\u00f3lica: la Nueva Evangelizaci\u00f3n. Conviene, sin embargo, recordar que la evangelizaci\u00f3n tiene un gran supuesto: la contemplaci\u00f3n de Cristo enviado por\u2026","rel":"","context":"En \u00abFormaci\u00f3n Vicenciana\u00bb","block_context":{"text":"Formaci\u00f3n Vicenciana","link":"https:\/\/vincentians.com\/es\/category\/formacion-vicenciana\/"},"img":{"alt_text":"hora de evangelizar","src":"https:\/\/i0.wp.com\/vicencianos.org\/wp-content\/uploads\/2016\/01\/hora-de-evangelizar-300x283.jpg?resize=350%2C200","width":350,"height":200},"classes":[]},{"id":130675,"url":"https:\/\/vincentians.com\/es\/el-cristo-de-vicente-de-paul-i\/","url_meta":{"origin":405873,"position":5},"title":"El Cristo de Vicente de Pa\u00fal (I)","author":"Francisco Javier Fern\u00e1ndez Chento","date":"12\/06\/2014","format":false,"excerpt":"Caminemos con confianza por este camino real en el que Jesucristo ser\u00e1 nuestro mentor y nuestro gu\u00eda. (Abelly, BI, 248). En la producci\u00f3n teol\u00f3gica reciente existe una corriente s\u00f3lida que destaca la importancia de los santos como fuente de teolog\u00eda'. Esta corriente se\u00f1ala con fuerza que los santos liberan a\u2026","rel":"","context":"En \u00abFormaci\u00f3n Vicenciana\u00bb","block_context":{"text":"Formaci\u00f3n Vicenciana","link":"https:\/\/vincentians.com\/es\/category\/formacion-vicenciana\/"},"img":{"alt_text":"dibujo-diaconado","src":"https:\/\/i0.wp.com\/vicencianos.org\/wp-content\/2013\/11\/dibujo-diaconado.jpg?resize=350%2C200","width":350,"height":200},"classes":[]}],"_links":{"self":[{"href":"https:\/\/vincentians.com\/es\/wp-json\/wp\/v2\/posts\/405873","targetHints":{"allow":["GET"]}}],"collection":[{"href":"https:\/\/vincentians.com\/es\/wp-json\/wp\/v2\/posts"}],"about":[{"href":"https:\/\/vincentians.com\/es\/wp-json\/wp\/v2\/types\/post"}],"author":[{"embeddable":true,"href":"https:\/\/vincentians.com\/es\/wp-json\/wp\/v2\/users\/5"}],"replies":[{"embeddable":true,"href":"https:\/\/vincentians.com\/es\/wp-json\/wp\/v2\/comments?post=405873"}],"version-history":[{"count":1,"href":"https:\/\/vincentians.com\/es\/wp-json\/wp\/v2\/posts\/405873\/revisions"}],"predecessor-version":[{"id":405874,"href":"https:\/\/vincentians.com\/es\/wp-json\/wp\/v2\/posts\/405873\/revisions\/405874"}],"wp:featuredmedia":[{"embeddable":true,"href":"https:\/\/vincentians.com\/es\/wp-json\/wp\/v2\/media\/404161"}],"wp:attachment":[{"href":"https:\/\/vincentians.com\/es\/wp-json\/wp\/v2\/media?parent=405873"}],"wp:term":[{"taxonomy":"category","embeddable":true,"href":"https:\/\/vincentians.com\/es\/wp-json\/wp\/v2\/categories?post=405873"},{"taxonomy":"post_tag","embeddable":true,"href":"https:\/\/vincentians.com\/es\/wp-json\/wp\/v2\/tags?post=405873"}],"curies":[{"name":"wp","href":"https:\/\/api.w.org\/{rel}","templated":true}]}}