{"id":405730,"date":"2025-02-18T08:13:14","date_gmt":"2025-02-18T07:13:14","guid":{"rendered":"https:\/\/vincentians.com\/es\/?p=405730"},"modified":"2024-08-20T20:22:47","modified_gmt":"2024-08-20T18:22:47","slug":"notas-historicas-sobre-los-varios-establecimientos-cm-en-portugal-i","status":"publish","type":"post","link":"https:\/\/vincentians.com\/es\/notas-historicas-sobre-los-varios-establecimientos-cm-en-portugal-i\/","title":{"rendered":"NOTAS HIST\u00d3RICAS SOBRE LOS VARIOS ESTABLECIMIENTOS CM en PORTUGAL (I)"},"content":{"rendered":"<p>I.\u2014LISBOA: RILHAFOLLES<\/p>\n<p>Como la casa de San L\u00e1zaro en Par\u00eds se hallaba en el siglo XVII fuera de la ciudad, y hoy se encuentra en me\u00addio de ella, as\u00ed tambi\u00e9n la casa de Rilhafolles, que, cuando se estableci\u00f3 en ella la Congregaci\u00f3n de la Misi\u00f3n de Por\u00adtugal, estaba situada fuera de la ciudad de Lisboa, est\u00e1 hoy comprendida en ella,<\/p>\n<p>Escribir la historia de la casa de Rilhafolles en Lisboa equivale a contar el origen de la Congregaci\u00f3n de la Mi\u00adsi\u00f3n en Portugal, de la cual vamos a dar alguna noticia, resumiendo las memorias manuscritas que nos ha dejado el Sr. M.-J. Vieira, Lazarista portugu\u00e9s, fechadas en 1790, cuya copia se guarda en los Archivos de Par\u00eds.<\/p>\n<p>Estableci\u00f3 la Congregaci\u00f3n en Portugal, instal\u00e1ndola en la casa de Rilhafolles, el Sr. G\u00f3mez da Costa, Presb\u00edtero de la Misi\u00f3n. Este se\u00f1or era natural de Torre de Moncervo, ciudad del Arzobispado de Braga, en Portugal, y per\u00adtenec\u00eda a una familia de noble condici\u00f3n. Sucedi\u00f3, pues, hacia el a\u00f1o de 1687, cuando \u00e9l tendr\u00eda probablemente vein\u00adtid\u00f3s de edad, que, habiendo ido a bordo de una embarcaci\u00f3n para despedirse de un amigo que se dirig\u00eda a Italia, se vio inopinadamente forzado a acompa\u00f1arlo a dicho pa\u00eds, porque la nave lev\u00f3 anclas y se hizo a la vela mientras duraba su visita. Una vez en Italia, se orden\u00f3 all\u00ed de Sa\u00adcerdote y entr\u00f3 en la Congregaci\u00f3n de la Misi\u00f3n, llegando a ser Superior de la Casa de San Juan y San Pablo del monte Celio en Roma (1708). Entonces fue cuando multi\u00adplic\u00f3 las diligencias para establecer la familia religiosa de San Vicente de Pa\u00fal en Portugal, su patria. A este fin con\u00adsigui\u00f3 una donaci\u00f3n considerable de un generoso bienhe\u00adchor, D. Juan Mar\u00eda Cambiari, de G\u00e9nova, y se present\u00f3 en Portugal, alentado por el Sumo Pont\u00edfice, con cartas de recomendaci\u00f3n de muchos Cardenales.<\/p>\n<p>Entre los muchos ofrecimientos que le hicieron para es\u00adtablecerse, le pareci\u00f3 m\u00e1s aceptable el que le hizo el Ilus\u00adtr\u00edsimo Sr. Obispo de Guarda, quien le escribi\u00f3 en 1714 manifest\u00e1ndole sus deseos de ver establecidos los Misione\u00adros, ya en su ciudad episcopal, ya en la ciudad de Castello Branco, que era m\u00e1s c\u00e9ntrica y de m\u00e1s importancia. Algu\u00adnos amigos prudentes le hicieron observar que no le con\u00adven\u00eda, si trataba de trabajar para el porvenir, plantar el \u00e1r\u00adbol que deseaba ver crecer y extender sus ramas en una ciudad apartada. \u00abDebe establecerse usted en Lisboa\u00bb\u2014le dijeron sus amigos.\u2014Aprovech\u00e1ndose, pues del aviso, re\u00adnunci\u00f3 a las ventajas que en la di\u00f3cesis de Guarda le ofre\u00adc\u00edan, y vino a la capital, donde se estableci\u00f3 modestamente en una casa de alquiler. Muy pronto tuvo motivos para fe\u00adlicitarse por haber seguido el consejo que la hab\u00edan dado, al verse favorecido por el Rey mismo.<\/p>\n<p>Ocurr\u00eda esto en el a\u00f1o 1717. El Sr. Costa fij\u00f3 entonces su residencia en Lisboa, en el Seminario de la Catedral. Ya antes hab\u00eda habitado en el mismo Seminario, cuando estaba unido al convento <em>da Boa &#8216;loa, <\/em>de Agustinos Descalzos, que est\u00e1 cerca de la casa del Esp\u00edritu Santo, de la Congre\u00adgaci\u00f3n del Oratorio.<\/p>\n<p>La casa del Misionero estaba situada en la calle das Ga votas, con vistas a la calle del Pozo dos Negros, era bas\u00adtante grande y ten\u00eda un jard\u00edn, un horno y un pozo. Tal fue la cuna de la Congregaci\u00f3n de la Misi\u00f3n en Portugal. El Sr. Costa quiso comprarla, pero su propietario, Antonio Pery de Linda, Secretario del gran Comit\u00e9 de Administra\u00adci\u00f3n de la Aduana, no quiso venderla.<\/p>\n<p>Estaba valuada en 7.00o cruzados, cerca de 16.000 francos, y pertenec\u00eda el censo a las Religiosas del convento de la Esperanza. Aqu\u00ed fue donde, en 1718, recibi\u00f3 a los Mi\u00adsioneros que vinieron de Italia para ayudarle a la proyec\u00adtada fundaci\u00f3n. Estos fueron seis, a saber: Los Sres. Jos\u00e9 Joffreu, Antonio Vacareza, Juan-Bautista Roselli, Jos\u00e9 Cardilini, y los Hermanos Coadjutores Juan-Bautista Marchirio y Marcelo. El Sr. G\u00f3mez hizo de esta casa una verdadera casa religiosa, con una capilla dedicada a los Santos Juan y Pablo, para recuerdo, sin duda, de la que hab\u00eda tenido en Roma. El Rey Juan V la honraba frecuentemente con su presencia, asistiendo en ella a los divinos Oficios, especial\u00admente los d\u00edas de la fiesta de San Juan y San Pablo.<\/p>\n<p>Pasaron muchos a\u00f1os sin que se presentase persona al\u00adguna a ofrecer\u00e1 vender una propiedad que pudiera m\u00e1s c\u00f3modamente servir de residencia a los Misioneros que la casa alquilada en la calle das Gavotas; mas al fin, en 1720 vino a ofrecerles la quinta de Rilhafolles D. Jos\u00e9 Mello da Silva. Firm\u00f3se el contrato de venta en 25 de Junio del mismo a\u00f1o, y los Misioneros tomaron posesi\u00f3n de ella, con el t\u00edtulo de Hospicio, el mismo d\u00eda en que, por orden del Rey Juan V, la abandon\u00f3 la Condesa de Taronca, que la habitaba.<\/p>\n<p>La quinta de Rilhafolles comprend\u00eda vastos terrenos y estaba situada al Norte de Lisboa. Hoy se halla dentro de la ciudad (1905), y despu\u00e9s de la revoluci\u00f3n religiosa de Por\u00adtugal en 1833 y 1834 ha sido destinada para Asilo de locos. Enfrente est\u00e1 la plaza \u00f3 <em>patio <\/em>de Rilhafolles y la calle del mismo nombre; y a la derecha, seg\u00fan se sale, la calle da Cruz da Carriera. Actualmente, a principios del siglo XX, quedan a\u00fan en esta casa recuerdos de la Congregaci\u00f3n, pues se ven en el techo y paredes de la capilla algunas pin\u00adturas representando escenas de la vida de San Vicente de Pa\u00fal.<\/p>\n<p>En ella se fueron desarrollando todas las obras de nues\u00adtro Instituto: ejercicios al clero, misiones, noviciado, estu\u00addiantado, y, m\u00e1s tarde, Seminario externo; pero todo esto cost\u00f3 muchas angustias a los primeros Misioneros.<\/p>\n<p>Fue la causa principal de ellas la resistencia del Rey a re\u00adconocer la dependencia de los Sacerdotes de la Misi\u00f3n de Portugal del Superior general.<\/p>\n<p>Los compa\u00f1eros del Sr. Costa, deseando verse cuanto antes incorporados a la Congregaci\u00f3n, le daban prisa para que obtuviera oficialmente dicho reconocimiento, mientras \u00e9l lo difer\u00eda por no romper, diciendo: \u00abEsperemos que se presente una circunstancia favorable\u00bb. Algunos de sus com\u00adpa\u00f1eros desconfiando, tal vez, de su sinceridad \u00f3 cansados de tantas dilaciones, que iban prolongando su situaci\u00f3n anormal, no quisieron cooperar m\u00e1s a mantener semejante estado de cosas. En consecuencia, en 1721 tres de ellos abandonaron al Sr. Costa y se volvieron a Roma, qued\u00e1n\u00addose con \u00e9l \u00fanicamente el Sr. Joffreu y el hermano Marchisio.<\/p>\n<p>La circunstancia favorable que el Sr. Costa esperaba no se present\u00f3 hasta despu\u00e9s de su muerte, ocurrida en 1725. En 1738, con motivo de la canonizaci\u00f3n de San Vicente de Pa\u00fal, el Rey, como remate de fiestas celebradas en Lisboa, manifest\u00f3 al Sr. Joffreu, que consent\u00eda que los Sacerdotes de la Misi\u00f3n de Lisboa dependiesen del Superior general.<\/p>\n<p>La obra de los Misioneros de Rilhafolles dur\u00f3 hasta que fueron dispersadas las Comunidades religiosas en Portu\u00adgal. El 9 de Agosto de 1833 un Real decreto prohibi\u00f3 los Prelados mayores, o la dependencia de los Superiores generales, y el 28 de Mayo de 1834 una ley aboli\u00f3 las \u00d3rdenes religiosas. Entonces los Misioneros de Rilhafolles se disper\u00adsaron. Los Sres. Henr\u00edquez y Gonz\u00e1lvez, que sobrevinieron a esta \u00e9poca, se unieron, despu\u00e9s de treinta a\u00f1os, a los Mi\u00adsioneros que volvieron a emprender los trabajos Apost\u00f3\u00adlicos en Lisboa: ellos son los que nos han transmitido estos datos hist\u00f3ricos, que ser\u00eda de desear s e conservasen es\u00adcritos.<\/p>\n","protected":false},"excerpt":{"rendered":"<p>I.\u2014LISBOA: RILHAFOLLES Como la casa de San L\u00e1zaro en Par\u00eds se hallaba en el siglo XVII fuera de la ciudad, y hoy se encuentra en me\u00addio de ella, as\u00ed tambi\u00e9n la casa de Rilhafolles, que, &#8230; <a href=\"https:\/\/vincentians.com\/es\/notas-historicas-sobre-los-varios-establecimientos-cm-en-portugal-i\/\" class=\"more-link\">Read More<\/a><\/p>\n","protected":false},"author":5,"featured_media":404164,"comment_status":"open","ping_status":"open","sticky":false,"template":"","format":"standard","meta":{"jetpack_post_was_ever_published":false,"_jetpack_newsletter_access":"","_jetpack_dont_email_post_to_subs":false,"_jetpack_newsletter_tier_id":0,"_jetpack_memberships_contains_paywalled_content":false,"_jetpack_memberships_contains_paid_content":false,"footnotes":"","jetpack_publicize_message":"","jetpack_publicize_feature_enabled":true,"jetpack_social_post_already_shared":true,"jetpack_social_options":{"image_generator_settings":{"template":"highway","default_image_id":0,"font":"","enabled":false},"version":2}},"categories":[214,82],"tags":[],"class_list":["post-405730","post","type-post","status-publish","format-standard","has-post-thumbnail","hentry","category-historia-de-la-congregacion-de-la-mision","category-historia-de-la-familia-vicenciana"],"yoast_head":"<!-- This site is optimized with the Yoast SEO plugin v26.3 - https:\/\/yoast.com\/wordpress\/plugins\/seo\/ -->\n<title>NOTAS HIST\u00d3RICAS SOBRE LOS VARIOS ESTABLECIMIENTOS CM en PORTUGAL (I) - Somos Vicencianos<\/title>\n<meta name=\"robots\" content=\"index, follow, max-snippet:-1, max-image-preview:large, max-video-preview:-1\" \/>\n<link rel=\"canonical\" href=\"https:\/\/vincentians.com\/es\/notas-historicas-sobre-los-varios-establecimientos-cm-en-portugal-i\/\" \/>\n<meta property=\"og:locale\" content=\"es_ES\" \/>\n<meta property=\"og:type\" content=\"article\" \/>\n<meta property=\"og:title\" content=\"NOTAS HIST\u00d3RICAS SOBRE LOS VARIOS ESTABLECIMIENTOS CM en PORTUGAL (I) - Somos Vicencianos\" \/>\n<meta property=\"og:description\" content=\"I.\u2014LISBOA: RILHAFOLLES Como la casa de San L\u00e1zaro en Par\u00eds se hallaba en el siglo XVII fuera de la ciudad, y hoy se encuentra en me\u00addio de ella, as\u00ed tambi\u00e9n la casa de Rilhafolles, que, ... Read More\" \/>\n<meta property=\"og:url\" content=\"https:\/\/vincentians.com\/es\/notas-historicas-sobre-los-varios-establecimientos-cm-en-portugal-i\/\" \/>\n<meta property=\"og:site_name\" content=\"Somos Vicencianos\" \/>\n<meta property=\"article:publisher\" content=\"https:\/\/www.facebook.com\/WeAreVincentians\/\" \/>\n<meta property=\"article:published_time\" content=\"2025-02-18T07:13:14+00:00\" \/>\n<meta property=\"og:image\" content=\"https:\/\/i0.wp.com\/vincentians.com\/es\/wp-content\/uploads\/sites\/11\/2013\/05\/Cuba-Iglesia-de-La-Milagrosa-La-Habana.png?fit=1218%2C933&ssl=1\" \/>\n\t<meta property=\"og:image:width\" content=\"1218\" \/>\n\t<meta property=\"og:image:height\" content=\"933\" \/>\n\t<meta property=\"og:image:type\" content=\"image\/png\" \/>\n<meta name=\"author\" content=\"Mitxel Olabu\u00e9naga\" \/>\n<meta name=\"twitter:card\" content=\"summary_large_image\" \/>\n<meta name=\"twitter:creator\" content=\"@WeVincentians\" \/>\n<meta name=\"twitter:site\" content=\"@WeVincentians\" \/>\n<meta name=\"twitter:label1\" content=\"Escrito por\" \/>\n\t<meta name=\"twitter:data1\" content=\"Mitxel Olabu\u00e9naga\" \/>\n\t<meta name=\"twitter:label2\" content=\"Tiempo de lectura\" \/>\n\t<meta name=\"twitter:data2\" content=\"6 minutos\" \/>\n<script type=\"application\/ld+json\" class=\"yoast-schema-graph\">{\"@context\":\"https:\/\/schema.org\",\"@graph\":[{\"@type\":\"Article\",\"@id\":\"https:\/\/vincentians.com\/es\/notas-historicas-sobre-los-varios-establecimientos-cm-en-portugal-i\/#article\",\"isPartOf\":{\"@id\":\"https:\/\/vincentians.com\/es\/notas-historicas-sobre-los-varios-establecimientos-cm-en-portugal-i\/\"},\"author\":{\"name\":\"Mitxel Olabu\u00e9naga\",\"@id\":\"https:\/\/vincentians.com\/es\/#\/schema\/person\/7c2670b4445a7ca9d164ea6acdb31859\"},\"headline\":\"NOTAS HIST\u00d3RICAS SOBRE LOS VARIOS ESTABLECIMIENTOS CM en PORTUGAL (I)\",\"datePublished\":\"2025-02-18T07:13:14+00:00\",\"mainEntityOfPage\":{\"@id\":\"https:\/\/vincentians.com\/es\/notas-historicas-sobre-los-varios-establecimientos-cm-en-portugal-i\/\"},\"wordCount\":1337,\"commentCount\":0,\"publisher\":{\"@id\":\"https:\/\/vincentians.com\/es\/#organization\"},\"image\":{\"@id\":\"https:\/\/vincentians.com\/es\/notas-historicas-sobre-los-varios-establecimientos-cm-en-portugal-i\/#primaryimage\"},\"thumbnailUrl\":\"https:\/\/i0.wp.com\/vincentians.com\/es\/wp-content\/uploads\/sites\/11\/2013\/05\/Cuba-Iglesia-de-La-Milagrosa-La-Habana.png?fit=1218%2C933&ssl=1\",\"articleSection\":[\"Historia de la Congregaci\u00f3n de la Misi\u00f3n\",\"Historia de la Familia Vicenciana\"],\"inLanguage\":\"es\",\"potentialAction\":[{\"@type\":\"CommentAction\",\"name\":\"Comment\",\"target\":[\"https:\/\/vincentians.com\/es\/notas-historicas-sobre-los-varios-establecimientos-cm-en-portugal-i\/#respond\"]}]},{\"@type\":\"WebPage\",\"@id\":\"https:\/\/vincentians.com\/es\/notas-historicas-sobre-los-varios-establecimientos-cm-en-portugal-i\/\",\"url\":\"https:\/\/vincentians.com\/es\/notas-historicas-sobre-los-varios-establecimientos-cm-en-portugal-i\/\",\"name\":\"NOTAS HIST\u00d3RICAS SOBRE LOS VARIOS ESTABLECIMIENTOS CM en PORTUGAL (I) - Somos Vicencianos\",\"isPartOf\":{\"@id\":\"https:\/\/vincentians.com\/es\/#website\"},\"primaryImageOfPage\":{\"@id\":\"https:\/\/vincentians.com\/es\/notas-historicas-sobre-los-varios-establecimientos-cm-en-portugal-i\/#primaryimage\"},\"image\":{\"@id\":\"https:\/\/vincentians.com\/es\/notas-historicas-sobre-los-varios-establecimientos-cm-en-portugal-i\/#primaryimage\"},\"thumbnailUrl\":\"https:\/\/i0.wp.com\/vincentians.com\/es\/wp-content\/uploads\/sites\/11\/2013\/05\/Cuba-Iglesia-de-La-Milagrosa-La-Habana.png?fit=1218%2C933&ssl=1\",\"datePublished\":\"2025-02-18T07:13:14+00:00\",\"breadcrumb\":{\"@id\":\"https:\/\/vincentians.com\/es\/notas-historicas-sobre-los-varios-establecimientos-cm-en-portugal-i\/#breadcrumb\"},\"inLanguage\":\"es\",\"potentialAction\":[{\"@type\":\"ReadAction\",\"target\":[\"https:\/\/vincentians.com\/es\/notas-historicas-sobre-los-varios-establecimientos-cm-en-portugal-i\/\"]}]},{\"@type\":\"ImageObject\",\"inLanguage\":\"es\",\"@id\":\"https:\/\/vincentians.com\/es\/notas-historicas-sobre-los-varios-establecimientos-cm-en-portugal-i\/#primaryimage\",\"url\":\"https:\/\/i0.wp.com\/vincentians.com\/es\/wp-content\/uploads\/sites\/11\/2013\/05\/Cuba-Iglesia-de-La-Milagrosa-La-Habana.png?fit=1218%2C933&ssl=1\",\"contentUrl\":\"https:\/\/i0.wp.com\/vincentians.com\/es\/wp-content\/uploads\/sites\/11\/2013\/05\/Cuba-Iglesia-de-La-Milagrosa-La-Habana.png?fit=1218%2C933&ssl=1\",\"width\":1218,\"height\":933},{\"@type\":\"BreadcrumbList\",\"@id\":\"https:\/\/vincentians.com\/es\/notas-historicas-sobre-los-varios-establecimientos-cm-en-portugal-i\/#breadcrumb\",\"itemListElement\":[{\"@type\":\"ListItem\",\"position\":1,\"name\":\"Portada\",\"item\":\"https:\/\/vincentians.com\/es\/\"},{\"@type\":\"ListItem\",\"position\":2,\"name\":\"NOTAS HIST\u00d3RICAS SOBRE LOS VARIOS ESTABLECIMIENTOS CM en PORTUGAL (I)\"}]},{\"@type\":\"WebSite\",\"@id\":\"https:\/\/vincentians.com\/es\/#website\",\"url\":\"https:\/\/vincentians.com\/es\/\",\"name\":\"Somos Vicencianos\",\"description\":\"Know more to serve more\",\"publisher\":{\"@id\":\"https:\/\/vincentians.com\/es\/#organization\"},\"potentialAction\":[{\"@type\":\"SearchAction\",\"target\":{\"@type\":\"EntryPoint\",\"urlTemplate\":\"https:\/\/vincentians.com\/es\/?s={search_term_string}\"},\"query-input\":{\"@type\":\"PropertyValueSpecification\",\"valueRequired\":true,\"valueName\":\"search_term_string\"}}],\"inLanguage\":\"es\"},{\"@type\":\"Organization\",\"@id\":\"https:\/\/vincentians.com\/es\/#organization\",\"name\":\"The Vincentian Network\",\"url\":\"https:\/\/vincentians.com\/es\/\",\"logo\":{\"@type\":\"ImageObject\",\"inLanguage\":\"es\",\"@id\":\"https:\/\/vincentians.com\/es\/#\/schema\/logo\/image\/\",\"url\":\"https:\/\/i1.wp.com\/vincentians.com\/es\/wp-content\/uploads\/sites\/11\/2016\/06\/Vincentian-Network-logo-big.png?fit=778%2C778\",\"contentUrl\":\"https:\/\/i1.wp.com\/vincentians.com\/es\/wp-content\/uploads\/sites\/11\/2016\/06\/Vincentian-Network-logo-big.png?fit=778%2C778\",\"width\":778,\"height\":778,\"caption\":\"The Vincentian Network\"},\"image\":{\"@id\":\"https:\/\/vincentians.com\/es\/#\/schema\/logo\/image\/\"},\"sameAs\":[\"https:\/\/www.facebook.com\/WeAreVincentians\/\",\"https:\/\/x.com\/WeVincentians\"]},{\"@type\":\"Person\",\"@id\":\"https:\/\/vincentians.com\/es\/#\/schema\/person\/7c2670b4445a7ca9d164ea6acdb31859\",\"name\":\"Mitxel Olabu\u00e9naga\",\"image\":{\"@type\":\"ImageObject\",\"inLanguage\":\"es\",\"@id\":\"https:\/\/vincentians.com\/es\/#\/schema\/person\/image\/\",\"url\":\"https:\/\/secure.gravatar.com\/avatar\/34137ec2e2b8939cbbed975731e71f3f4f1defc7266ded337a5ce0f925426877?s=96&d=mm&r=g\",\"contentUrl\":\"https:\/\/secure.gravatar.com\/avatar\/34137ec2e2b8939cbbed975731e71f3f4f1defc7266ded337a5ce0f925426877?s=96&d=mm&r=g\",\"caption\":\"Mitxel Olabu\u00e9naga\"},\"url\":\"https:\/\/vincentians.com\/es\/author\/mitxel\/\"}]}<\/script>\n<!-- \/ Yoast SEO plugin. -->","yoast_head_json":{"title":"NOTAS HIST\u00d3RICAS SOBRE LOS VARIOS ESTABLECIMIENTOS CM en PORTUGAL (I) - Somos Vicencianos","robots":{"index":"index","follow":"follow","max-snippet":"max-snippet:-1","max-image-preview":"max-image-preview:large","max-video-preview":"max-video-preview:-1"},"canonical":"https:\/\/vincentians.com\/es\/notas-historicas-sobre-los-varios-establecimientos-cm-en-portugal-i\/","og_locale":"es_ES","og_type":"article","og_title":"NOTAS HIST\u00d3RICAS SOBRE LOS VARIOS ESTABLECIMIENTOS CM en PORTUGAL (I) - Somos Vicencianos","og_description":"I.\u2014LISBOA: RILHAFOLLES Como la casa de San L\u00e1zaro en Par\u00eds se hallaba en el siglo XVII fuera de la ciudad, y hoy se encuentra en me\u00addio de ella, as\u00ed tambi\u00e9n la casa de Rilhafolles, que, ... Read More","og_url":"https:\/\/vincentians.com\/es\/notas-historicas-sobre-los-varios-establecimientos-cm-en-portugal-i\/","og_site_name":"Somos Vicencianos","article_publisher":"https:\/\/www.facebook.com\/WeAreVincentians\/","article_published_time":"2025-02-18T07:13:14+00:00","og_image":[{"width":1218,"height":933,"url":"https:\/\/i0.wp.com\/vincentians.com\/es\/wp-content\/uploads\/sites\/11\/2013\/05\/Cuba-Iglesia-de-La-Milagrosa-La-Habana.png?fit=1218%2C933&ssl=1","type":"image\/png"}],"author":"Mitxel Olabu\u00e9naga","twitter_card":"summary_large_image","twitter_creator":"@WeVincentians","twitter_site":"@WeVincentians","twitter_misc":{"Escrito por":"Mitxel Olabu\u00e9naga","Tiempo de lectura":"6 minutos"},"schema":{"@context":"https:\/\/schema.org","@graph":[{"@type":"Article","@id":"https:\/\/vincentians.com\/es\/notas-historicas-sobre-los-varios-establecimientos-cm-en-portugal-i\/#article","isPartOf":{"@id":"https:\/\/vincentians.com\/es\/notas-historicas-sobre-los-varios-establecimientos-cm-en-portugal-i\/"},"author":{"name":"Mitxel Olabu\u00e9naga","@id":"https:\/\/vincentians.com\/es\/#\/schema\/person\/7c2670b4445a7ca9d164ea6acdb31859"},"headline":"NOTAS HIST\u00d3RICAS SOBRE LOS VARIOS ESTABLECIMIENTOS CM en PORTUGAL (I)","datePublished":"2025-02-18T07:13:14+00:00","mainEntityOfPage":{"@id":"https:\/\/vincentians.com\/es\/notas-historicas-sobre-los-varios-establecimientos-cm-en-portugal-i\/"},"wordCount":1337,"commentCount":0,"publisher":{"@id":"https:\/\/vincentians.com\/es\/#organization"},"image":{"@id":"https:\/\/vincentians.com\/es\/notas-historicas-sobre-los-varios-establecimientos-cm-en-portugal-i\/#primaryimage"},"thumbnailUrl":"https:\/\/i0.wp.com\/vincentians.com\/es\/wp-content\/uploads\/sites\/11\/2013\/05\/Cuba-Iglesia-de-La-Milagrosa-La-Habana.png?fit=1218%2C933&ssl=1","articleSection":["Historia de la Congregaci\u00f3n de la Misi\u00f3n","Historia de la Familia Vicenciana"],"inLanguage":"es","potentialAction":[{"@type":"CommentAction","name":"Comment","target":["https:\/\/vincentians.com\/es\/notas-historicas-sobre-los-varios-establecimientos-cm-en-portugal-i\/#respond"]}]},{"@type":"WebPage","@id":"https:\/\/vincentians.com\/es\/notas-historicas-sobre-los-varios-establecimientos-cm-en-portugal-i\/","url":"https:\/\/vincentians.com\/es\/notas-historicas-sobre-los-varios-establecimientos-cm-en-portugal-i\/","name":"NOTAS HIST\u00d3RICAS SOBRE LOS VARIOS ESTABLECIMIENTOS CM en PORTUGAL (I) - Somos Vicencianos","isPartOf":{"@id":"https:\/\/vincentians.com\/es\/#website"},"primaryImageOfPage":{"@id":"https:\/\/vincentians.com\/es\/notas-historicas-sobre-los-varios-establecimientos-cm-en-portugal-i\/#primaryimage"},"image":{"@id":"https:\/\/vincentians.com\/es\/notas-historicas-sobre-los-varios-establecimientos-cm-en-portugal-i\/#primaryimage"},"thumbnailUrl":"https:\/\/i0.wp.com\/vincentians.com\/es\/wp-content\/uploads\/sites\/11\/2013\/05\/Cuba-Iglesia-de-La-Milagrosa-La-Habana.png?fit=1218%2C933&ssl=1","datePublished":"2025-02-18T07:13:14+00:00","breadcrumb":{"@id":"https:\/\/vincentians.com\/es\/notas-historicas-sobre-los-varios-establecimientos-cm-en-portugal-i\/#breadcrumb"},"inLanguage":"es","potentialAction":[{"@type":"ReadAction","target":["https:\/\/vincentians.com\/es\/notas-historicas-sobre-los-varios-establecimientos-cm-en-portugal-i\/"]}]},{"@type":"ImageObject","inLanguage":"es","@id":"https:\/\/vincentians.com\/es\/notas-historicas-sobre-los-varios-establecimientos-cm-en-portugal-i\/#primaryimage","url":"https:\/\/i0.wp.com\/vincentians.com\/es\/wp-content\/uploads\/sites\/11\/2013\/05\/Cuba-Iglesia-de-La-Milagrosa-La-Habana.png?fit=1218%2C933&ssl=1","contentUrl":"https:\/\/i0.wp.com\/vincentians.com\/es\/wp-content\/uploads\/sites\/11\/2013\/05\/Cuba-Iglesia-de-La-Milagrosa-La-Habana.png?fit=1218%2C933&ssl=1","width":1218,"height":933},{"@type":"BreadcrumbList","@id":"https:\/\/vincentians.com\/es\/notas-historicas-sobre-los-varios-establecimientos-cm-en-portugal-i\/#breadcrumb","itemListElement":[{"@type":"ListItem","position":1,"name":"Portada","item":"https:\/\/vincentians.com\/es\/"},{"@type":"ListItem","position":2,"name":"NOTAS HIST\u00d3RICAS SOBRE LOS VARIOS ESTABLECIMIENTOS CM en PORTUGAL (I)"}]},{"@type":"WebSite","@id":"https:\/\/vincentians.com\/es\/#website","url":"https:\/\/vincentians.com\/es\/","name":"Somos Vicencianos","description":"Know more to serve more","publisher":{"@id":"https:\/\/vincentians.com\/es\/#organization"},"potentialAction":[{"@type":"SearchAction","target":{"@type":"EntryPoint","urlTemplate":"https:\/\/vincentians.com\/es\/?s={search_term_string}"},"query-input":{"@type":"PropertyValueSpecification","valueRequired":true,"valueName":"search_term_string"}}],"inLanguage":"es"},{"@type":"Organization","@id":"https:\/\/vincentians.com\/es\/#organization","name":"The Vincentian Network","url":"https:\/\/vincentians.com\/es\/","logo":{"@type":"ImageObject","inLanguage":"es","@id":"https:\/\/vincentians.com\/es\/#\/schema\/logo\/image\/","url":"https:\/\/i1.wp.com\/vincentians.com\/es\/wp-content\/uploads\/sites\/11\/2016\/06\/Vincentian-Network-logo-big.png?fit=778%2C778","contentUrl":"https:\/\/i1.wp.com\/vincentians.com\/es\/wp-content\/uploads\/sites\/11\/2016\/06\/Vincentian-Network-logo-big.png?fit=778%2C778","width":778,"height":778,"caption":"The Vincentian Network"},"image":{"@id":"https:\/\/vincentians.com\/es\/#\/schema\/logo\/image\/"},"sameAs":["https:\/\/www.facebook.com\/WeAreVincentians\/","https:\/\/x.com\/WeVincentians"]},{"@type":"Person","@id":"https:\/\/vincentians.com\/es\/#\/schema\/person\/7c2670b4445a7ca9d164ea6acdb31859","name":"Mitxel Olabu\u00e9naga","image":{"@type":"ImageObject","inLanguage":"es","@id":"https:\/\/vincentians.com\/es\/#\/schema\/person\/image\/","url":"https:\/\/secure.gravatar.com\/avatar\/34137ec2e2b8939cbbed975731e71f3f4f1defc7266ded337a5ce0f925426877?s=96&d=mm&r=g","contentUrl":"https:\/\/secure.gravatar.com\/avatar\/34137ec2e2b8939cbbed975731e71f3f4f1defc7266ded337a5ce0f925426877?s=96&d=mm&r=g","caption":"Mitxel Olabu\u00e9naga"},"url":"https:\/\/vincentians.com\/es\/author\/mitxel\/"}]}},"jetpack_publicize_connections":[],"jetpack_featured_media_url":"https:\/\/i0.wp.com\/vincentians.com\/es\/wp-content\/uploads\/sites\/11\/2013\/05\/Cuba-Iglesia-de-La-Milagrosa-La-Habana.png?fit=1218%2C933&ssl=1","jetpack_sharing_enabled":true,"jetpack_shortlink":"https:\/\/wp.me\/p7ETMF-1Hy2","jetpack-related-posts":[{"id":405743,"url":"https:\/\/vincentians.com\/es\/notas-historicas-sobre-los-varios-establecimientos-cm-en-portugal-vi\/","url_meta":{"origin":405730,"position":0},"title":"NOTAS HIST\u00d3RICAS SOBRE LOS VARIOS ESTABLECIMIENTOS CM en PORTUGAL (VI)","author":"Mitxel Olabu\u00e9naga","date":"28\/02\/2025","format":false,"excerpt":"10.\u2014Pombal y la persecuci\u00f3n contra las \u00d3rdenes religiosas. En el a\u00f1o 1759 comenz\u00f3 en Portugal un per\u00edodo de per\u00adsecuci\u00f3n, contra las Comunidades religiosas, siendo uno de los incidentes m\u00e1s notables de dicha persecuci\u00f3n la expul\u00adsi\u00f3n de los Jesuitas por el Marqu\u00e9s de Pombal. Mas esto fue el principio de un\u2026","rel":"","context":"En \u00abHistoria de la Congregaci\u00f3n de la Misi\u00f3n\u00bb","block_context":{"text":"Historia de la Congregaci\u00f3n de la Misi\u00f3n","link":"https:\/\/vincentians.com\/es\/category\/historia-de-la-familia-vicenciana\/historia-de-la-congregacion-de-la-mision\/"},"img":{"alt_text":"","src":"https:\/\/i0.wp.com\/vincentians.com\/es\/wp-content\/uploads\/sites\/11\/2013\/05\/Cuba-Iglesia-de-La-Milagrosa-La-Habana.png?fit=1200%2C919&ssl=1&resize=350%2C200","width":350,"height":200,"srcset":"https:\/\/i0.wp.com\/vincentians.com\/es\/wp-content\/uploads\/sites\/11\/2013\/05\/Cuba-Iglesia-de-La-Milagrosa-La-Habana.png?fit=1200%2C919&ssl=1&resize=350%2C200 1x, https:\/\/i0.wp.com\/vincentians.com\/es\/wp-content\/uploads\/sites\/11\/2013\/05\/Cuba-Iglesia-de-La-Milagrosa-La-Habana.png?fit=1200%2C919&ssl=1&resize=525%2C300 1.5x, https:\/\/i0.wp.com\/vincentians.com\/es\/wp-content\/uploads\/sites\/11\/2013\/05\/Cuba-Iglesia-de-La-Milagrosa-La-Habana.png?fit=1200%2C919&ssl=1&resize=700%2C400 2x, https:\/\/i0.wp.com\/vincentians.com\/es\/wp-content\/uploads\/sites\/11\/2013\/05\/Cuba-Iglesia-de-La-Milagrosa-La-Habana.png?fit=1200%2C919&ssl=1&resize=1050%2C600 3x"},"classes":[]},{"id":405734,"url":"https:\/\/vincentians.com\/es\/notas-historicas-sobre-los-varios-establecimientos-cm-en-portugal-iii\/","url_meta":{"origin":405730,"position":1},"title":"NOTAS HIST\u00d3RICAS SOBRE LOS VARIOS ESTABLECIMIENTOS CM en PORTUGAL (III)","author":"Mitxel Olabu\u00e9naga","date":"22\/02\/2025","format":false,"excerpt":"CAPITULO II Como solamente hemos hecho algunas indicaciones res\u00adpecto de los establecimientos que siguieron a la fundaci\u00f3n de las casas de Lisboa, Miranda y Santa Cruz de Guimaraens, vamos a completar aqu\u00ed las noticias referentes a ellos. Establecimiento de Evora, En 1779 fueron llamados a Evora los Sacerdotes de la\u2026","rel":"","context":"En \u00abHistoria de la Congregaci\u00f3n de la Misi\u00f3n\u00bb","block_context":{"text":"Historia de la Congregaci\u00f3n de la Misi\u00f3n","link":"https:\/\/vincentians.com\/es\/category\/historia-de-la-familia-vicenciana\/historia-de-la-congregacion-de-la-mision\/"},"img":{"alt_text":"","src":"https:\/\/i0.wp.com\/vincentians.com\/es\/wp-content\/uploads\/sites\/11\/2013\/05\/Cuba-Iglesia-de-La-Milagrosa-La-Habana.png?fit=1200%2C919&ssl=1&resize=350%2C200","width":350,"height":200,"srcset":"https:\/\/i0.wp.com\/vincentians.com\/es\/wp-content\/uploads\/sites\/11\/2013\/05\/Cuba-Iglesia-de-La-Milagrosa-La-Habana.png?fit=1200%2C919&ssl=1&resize=350%2C200 1x, https:\/\/i0.wp.com\/vincentians.com\/es\/wp-content\/uploads\/sites\/11\/2013\/05\/Cuba-Iglesia-de-La-Milagrosa-La-Habana.png?fit=1200%2C919&ssl=1&resize=525%2C300 1.5x, https:\/\/i0.wp.com\/vincentians.com\/es\/wp-content\/uploads\/sites\/11\/2013\/05\/Cuba-Iglesia-de-La-Milagrosa-La-Habana.png?fit=1200%2C919&ssl=1&resize=700%2C400 2x, https:\/\/i0.wp.com\/vincentians.com\/es\/wp-content\/uploads\/sites\/11\/2013\/05\/Cuba-Iglesia-de-La-Milagrosa-La-Habana.png?fit=1200%2C919&ssl=1&resize=1050%2C600 3x"},"classes":[]},{"id":405738,"url":"https:\/\/vincentians.com\/es\/notas-historicas-sobre-los-varios-establecimientos-cm-en-portugal-v\/","url_meta":{"origin":405730,"position":2},"title":"NOTAS HIST\u00d3RICAS SOBRE LOS VARIOS ESTABLECIMIENTOS CM en PORTUGAL (V)","author":"Mitxel Olabu\u00e9naga","date":"26\/02\/2025","format":false,"excerpt":"7.\u2014Progreso de las obras. Los sucesos interiores de este a\u00f1o (175o) y de los a\u00f1os siguientes se resumen en el env\u00edo a Par\u00eds de estudiantes de la casa de Lisboa y en la aceptaci\u00f3n de los establecimien\u00adtos de Guimaraens y de Miranda. El Superior General es\u00adcrib\u00eda desde Par\u00eds el I\u00ba\u2026","rel":"","context":"En \u00abHistoria de la Congregaci\u00f3n de la Misi\u00f3n\u00bb","block_context":{"text":"Historia de la Congregaci\u00f3n de la Misi\u00f3n","link":"https:\/\/vincentians.com\/es\/category\/historia-de-la-familia-vicenciana\/historia-de-la-congregacion-de-la-mision\/"},"img":{"alt_text":"","src":"https:\/\/i0.wp.com\/vincentians.com\/es\/wp-content\/uploads\/sites\/11\/2013\/05\/Cuba-Iglesia-de-La-Milagrosa-La-Habana.png?fit=1200%2C919&ssl=1&resize=350%2C200","width":350,"height":200,"srcset":"https:\/\/i0.wp.com\/vincentians.com\/es\/wp-content\/uploads\/sites\/11\/2013\/05\/Cuba-Iglesia-de-La-Milagrosa-La-Habana.png?fit=1200%2C919&ssl=1&resize=350%2C200 1x, https:\/\/i0.wp.com\/vincentians.com\/es\/wp-content\/uploads\/sites\/11\/2013\/05\/Cuba-Iglesia-de-La-Milagrosa-La-Habana.png?fit=1200%2C919&ssl=1&resize=525%2C300 1.5x, https:\/\/i0.wp.com\/vincentians.com\/es\/wp-content\/uploads\/sites\/11\/2013\/05\/Cuba-Iglesia-de-La-Milagrosa-La-Habana.png?fit=1200%2C919&ssl=1&resize=700%2C400 2x, https:\/\/i0.wp.com\/vincentians.com\/es\/wp-content\/uploads\/sites\/11\/2013\/05\/Cuba-Iglesia-de-La-Milagrosa-La-Habana.png?fit=1200%2C919&ssl=1&resize=1050%2C600 3x"},"classes":[]},{"id":405736,"url":"https:\/\/vincentians.com\/es\/notas-historicas-sobre-los-varios-establecimientos-cm-en-portugal-iv\/","url_meta":{"origin":405730,"position":3},"title":"NOTAS HIST\u00d3RICAS SOBRE LOS VARIOS ESTABLECIMIENTOS CM en PORTUGAL (IV)","author":"Mitxel Olabu\u00e9naga","date":"24\/02\/2025","format":false,"excerpt":"CAPITULO III Ya hemos indicado cu\u00e1l fue la ocasi\u00f3n y los principios de la nueva Provincia de Sacerdotes de la Misi\u00f3n en Por\u00adtugal, al narrar la vida del Sr. Costa los datos biogr\u00e1ficos de su sucesor, el Sr. Jos\u00e9 Juffren, pu\u00adblicados en las Noticias, relativos a los Sacerdotes de la\u2026","rel":"","context":"En \u00abHistoria de la Congregaci\u00f3n de la Misi\u00f3n\u00bb","block_context":{"text":"Historia de la Congregaci\u00f3n de la Misi\u00f3n","link":"https:\/\/vincentians.com\/es\/category\/historia-de-la-familia-vicenciana\/historia-de-la-congregacion-de-la-mision\/"},"img":{"alt_text":"","src":"https:\/\/i0.wp.com\/vincentians.com\/es\/wp-content\/uploads\/sites\/11\/2013\/05\/Cuba-Iglesia-de-La-Milagrosa-La-Habana.png?fit=1200%2C919&ssl=1&resize=350%2C200","width":350,"height":200,"srcset":"https:\/\/i0.wp.com\/vincentians.com\/es\/wp-content\/uploads\/sites\/11\/2013\/05\/Cuba-Iglesia-de-La-Milagrosa-La-Habana.png?fit=1200%2C919&ssl=1&resize=350%2C200 1x, https:\/\/i0.wp.com\/vincentians.com\/es\/wp-content\/uploads\/sites\/11\/2013\/05\/Cuba-Iglesia-de-La-Milagrosa-La-Habana.png?fit=1200%2C919&ssl=1&resize=525%2C300 1.5x, https:\/\/i0.wp.com\/vincentians.com\/es\/wp-content\/uploads\/sites\/11\/2013\/05\/Cuba-Iglesia-de-La-Milagrosa-La-Habana.png?fit=1200%2C919&ssl=1&resize=700%2C400 2x, https:\/\/i0.wp.com\/vincentians.com\/es\/wp-content\/uploads\/sites\/11\/2013\/05\/Cuba-Iglesia-de-La-Milagrosa-La-Habana.png?fit=1200%2C919&ssl=1&resize=1050%2C600 3x"},"classes":[]},{"id":405745,"url":"https:\/\/vincentians.com\/es\/notas-historicas-sobre-los-varios-establecimientos-cm-en-portugal-vii\/","url_meta":{"origin":405730,"position":4},"title":"NOTAS HIST\u00d3RICAS SOBRE LOS VARIOS ESTABLECIMIENTOS CM en PORTUGAL (VII)","author":"Mitxel Olabu\u00e9naga","date":"02\/03\/2025","format":false,"excerpt":"CAP\u00cdTULO IV: ESTABLECIMIETOS DESDE 1857 Describiendo los diversos establecimientos de los Misio\u00adneros durante este per\u00edodo, daremos una breve noticia de los sucesos pertenecientes a la historia general. El orden que nos proponemos seguir es el cronol\u00f3gico. 1.\u2014Lisboa: Ajada. En carta circular de 1.\u00b0 de Enero de 1858 escrib\u00eda el Sr.\u2026","rel":"","context":"En \u00abHistoria de la Congregaci\u00f3n de la Misi\u00f3n\u00bb","block_context":{"text":"Historia de la Congregaci\u00f3n de la Misi\u00f3n","link":"https:\/\/vincentians.com\/es\/category\/historia-de-la-familia-vicenciana\/historia-de-la-congregacion-de-la-mision\/"},"img":{"alt_text":"","src":"https:\/\/i0.wp.com\/vincentians.com\/es\/wp-content\/uploads\/sites\/11\/2013\/05\/Cuba-Iglesia-de-La-Milagrosa-La-Habana.png?fit=1200%2C919&ssl=1&resize=350%2C200","width":350,"height":200,"srcset":"https:\/\/i0.wp.com\/vincentians.com\/es\/wp-content\/uploads\/sites\/11\/2013\/05\/Cuba-Iglesia-de-La-Milagrosa-La-Habana.png?fit=1200%2C919&ssl=1&resize=350%2C200 1x, https:\/\/i0.wp.com\/vincentians.com\/es\/wp-content\/uploads\/sites\/11\/2013\/05\/Cuba-Iglesia-de-La-Milagrosa-La-Habana.png?fit=1200%2C919&ssl=1&resize=525%2C300 1.5x, https:\/\/i0.wp.com\/vincentians.com\/es\/wp-content\/uploads\/sites\/11\/2013\/05\/Cuba-Iglesia-de-La-Milagrosa-La-Habana.png?fit=1200%2C919&ssl=1&resize=700%2C400 2x, https:\/\/i0.wp.com\/vincentians.com\/es\/wp-content\/uploads\/sites\/11\/2013\/05\/Cuba-Iglesia-de-La-Milagrosa-La-Habana.png?fit=1200%2C919&ssl=1&resize=1050%2C600 3x"},"classes":[]},{"id":405732,"url":"https:\/\/vincentians.com\/es\/405732-2\/","url_meta":{"origin":405730,"position":5},"title":"NOTAS HIST\u00d3RICAS SOBRE LOS VARIOS ESTABLECIMIENTOS CM en PORTUGAL (II)","author":"Mitxel Olabu\u00e9naga","date":"20\/02\/2025","format":false,"excerpt":"\u2014 OTROS ESTABLECIMIENTOS HASTA LA SUPRESI\u00d3N DE LAS \u00d3RDENES RELIGIOSAS EN PORTUGAL EN 1834. En 1779 sali\u00f3 a luz una Vida de San Vicente de Pa\u00fal, por Jer\u00f3nimo da Cunha (en I2.\u00b0, Lisboa), en la cual se leen las noticias referentes a los misioneros que, en parte, vamos a transcribir.\u2026","rel":"","context":"En \u00abHistoria de la Congregaci\u00f3n de la Misi\u00f3n\u00bb","block_context":{"text":"Historia de la Congregaci\u00f3n de la Misi\u00f3n","link":"https:\/\/vincentians.com\/es\/category\/historia-de-la-familia-vicenciana\/historia-de-la-congregacion-de-la-mision\/"},"img":{"alt_text":"","src":"https:\/\/i0.wp.com\/vincentians.com\/es\/wp-content\/uploads\/sites\/11\/2013\/05\/Cuba-Iglesia-de-La-Milagrosa-La-Habana.png?fit=1200%2C919&ssl=1&resize=350%2C200","width":350,"height":200,"srcset":"https:\/\/i0.wp.com\/vincentians.com\/es\/wp-content\/uploads\/sites\/11\/2013\/05\/Cuba-Iglesia-de-La-Milagrosa-La-Habana.png?fit=1200%2C919&ssl=1&resize=350%2C200 1x, https:\/\/i0.wp.com\/vincentians.com\/es\/wp-content\/uploads\/sites\/11\/2013\/05\/Cuba-Iglesia-de-La-Milagrosa-La-Habana.png?fit=1200%2C919&ssl=1&resize=525%2C300 1.5x, https:\/\/i0.wp.com\/vincentians.com\/es\/wp-content\/uploads\/sites\/11\/2013\/05\/Cuba-Iglesia-de-La-Milagrosa-La-Habana.png?fit=1200%2C919&ssl=1&resize=700%2C400 2x, https:\/\/i0.wp.com\/vincentians.com\/es\/wp-content\/uploads\/sites\/11\/2013\/05\/Cuba-Iglesia-de-La-Milagrosa-La-Habana.png?fit=1200%2C919&ssl=1&resize=1050%2C600 3x"},"classes":[]}],"_links":{"self":[{"href":"https:\/\/vincentians.com\/es\/wp-json\/wp\/v2\/posts\/405730","targetHints":{"allow":["GET"]}}],"collection":[{"href":"https:\/\/vincentians.com\/es\/wp-json\/wp\/v2\/posts"}],"about":[{"href":"https:\/\/vincentians.com\/es\/wp-json\/wp\/v2\/types\/post"}],"author":[{"embeddable":true,"href":"https:\/\/vincentians.com\/es\/wp-json\/wp\/v2\/users\/5"}],"replies":[{"embeddable":true,"href":"https:\/\/vincentians.com\/es\/wp-json\/wp\/v2\/comments?post=405730"}],"version-history":[{"count":1,"href":"https:\/\/vincentians.com\/es\/wp-json\/wp\/v2\/posts\/405730\/revisions"}],"predecessor-version":[{"id":405731,"href":"https:\/\/vincentians.com\/es\/wp-json\/wp\/v2\/posts\/405730\/revisions\/405731"}],"wp:featuredmedia":[{"embeddable":true,"href":"https:\/\/vincentians.com\/es\/wp-json\/wp\/v2\/media\/404164"}],"wp:attachment":[{"href":"https:\/\/vincentians.com\/es\/wp-json\/wp\/v2\/media?parent=405730"}],"wp:term":[{"taxonomy":"category","embeddable":true,"href":"https:\/\/vincentians.com\/es\/wp-json\/wp\/v2\/categories?post=405730"},{"taxonomy":"post_tag","embeddable":true,"href":"https:\/\/vincentians.com\/es\/wp-json\/wp\/v2\/tags?post=405730"}],"curies":[{"name":"wp","href":"https:\/\/api.w.org\/{rel}","templated":true}]}}