{"id":405704,"date":"2025-01-24T08:23:38","date_gmt":"2025-01-24T07:23:38","guid":{"rendered":"https:\/\/vincentians.com\/es\/?p=405704"},"modified":"2024-08-20T13:25:46","modified_gmt":"2024-08-20T11:25:46","slug":"datos-para-el-establecimiento-de-las-hijas-de-la-caridad-en-espana","status":"publish","type":"post","link":"https:\/\/vincentians.com\/es\/datos-para-el-establecimiento-de-las-hijas-de-la-caridad-en-espana\/","title":{"rendered":"Datos para el establecimiento de las Hijas de la Caridad en Espa\u00f1a"},"content":{"rendered":"<p>El 18 de marzo de 1772 salieron de Barcelona cuatro j\u00f3venes catalanas y dos aragonesas para ingresar en el instituto de las Hijas de la Caridad en Par\u00eds, con la inten\u00adci\u00f3n de que luego volviesen a Espa\u00f1a y fuesen sus pie\u00addras fundamentales.<\/p>\n<p>Con documentos a la vista, que sucesivamente se ir\u00e1n citando, pueden reunirse varios datos importantes respec\u00adto al establecimiento de las Hijas de la Caridad en Barbastro. En esta ciudad no s\u00f3lo se hab\u00edan ocupado los Padres Pa\u00fales de preparar el personal id\u00f3neo y compe\u00adtente, sino que desde un principio le buscaron recursos econ\u00f3micos y suficientes para su establecimiento. Apare\u00adce como iniciador y principal promotor de todos estos tra\u00adbajos el Padre Jos\u00e9 Dur\u00e1n, Superior de la Casa de la Congregaci\u00f3n de la Misi\u00f3n, que ten\u00eda por fin la direcci\u00f3n y gobierno del Seminario Conciliar de Barbastro.<\/p>\n<p>Antes de partir las futuras Hijas de la Caridad, cierta persona piadosa, le hab\u00eda entregado 200 libras jaquesas para la fundaci\u00f3n de las mismas en Barbastro. El 4 de marzo, de 1872, compr\u00f3 a Mariano Tal\u00f3n unas casas con huertas en el Arrabal de Barbastro, por escritura ante notario, y en las huertas y patios del mismo Arrabal fabric\u00f3 varias casas, de modo que fuesen aument\u00e1ndose los recursos necesarios para su proyectada fundaci\u00f3n. El 5 de mayo de 1782 dej\u00f3 firmadas varias anotacio\u00adnes, en las cuales hace constar, los fondos de que podr\u00eda<sup>.<\/sup> disponer y que todos los destinaba en favor de la funda\u00adci\u00f3n de las Hijas, de la Caridad, con la condici\u00f3n<sup>&#8211;<\/sup>de apropiarse todos los bienes, y con su producto pagar tres, o cuatro maestras que ense\u00f1asen a las ni\u00f1as de la ciudad de Barbastro la doctrina cristiana y cuanto conduce a for\u00admar una madre de familia, quedando todo a discreci\u00f3n \u00fanica del Superior de dichos Padres, por ser tal la inten\u00adci\u00f3n suya y de los devotos que contribu\u00edan con sus limos\u00adnas a dicha fundaci\u00f3n de caridad.<\/p>\n<p>El 10 de marzo de 1783 el can\u00f3nigo D. Antonio Jim\u00e9\u00adnez hizo su \u00faltimo testamento. Despu\u00e9s de especificar to\u00addas sus mandas y encargos, dice: \u00abTodos los otros bie\u00adnes m\u00edos, as\u00ed muebles como sitios, dondequiera habidos y por haber, d\u00e9jolos todos de gracia especial y hago he\u00adredera m\u00eda universal a mi alma y por ella a mis infrascritos ejecutores; en sufragio de la cual quiero se empleen todos los bienes comprendidos en esta mi universal he\u00adrencia. Item, dejo y nombro en ejecutores del presente mi \u00faltimo testamento y exoneradores de mi alma y con\u00adciencia a los doctores D. Mariano Elizalde, can\u00f3nigo doc\u00adtoral de la Santa Iglesia de dicha ciudad, y D. Joaqu\u00edn Balac\u00edn, can\u00f3nigo de la misma, y el Sr. Jos\u00e9 Dur\u00e1n, sa\u00adcerdote y Superior de la casa de la Congregaci\u00f3n de la Misi\u00f3n de San Vicente d Pa\u00fal de esta misma ciudad de Barbastro, y al Superior que en adelante sea de la misma; a los cuales, conformes, o a la mayor parte, o al sobrevi\u00adviente, en su caso, doy todo el poder que a ejecutores testamentarios puedo y debo dar, y el que seg\u00fan fuero y derecho o en otras partes suelen y deben tener, previ\u00adniendo, como prevengo, que al dicho se\u00f1or Dur\u00e1n tengo comunicadas todas mis intenciones con advertencia de que las deje anotadas en dicha casa de la Misi\u00f3n por si faltase de ella, y por ello se deber\u00e1 estar, en caso de di\u00adferencia, a lo que explique dicho. Superior en orden al destino de mis bienes.<\/p>\n<p>A fin de que en cuanto volviesen las nuevas Hijas de la Caridad a Barbastro tuviesen, adem\u00e1s de los inmue\u00adbles, otros recursos con que vivir, el 25 de junio de 1783 el mismo D. Antonio Jim\u00e9nez se oblig\u00f3 con escritura p\u00fa\u00adblica a dar a la casa de Hijas de la Caridad, cuando se fundase en Barbastro, la cantidad de cincuenta libras anuales; para lo cual hipotec\u00f3 tres casas y dos huertas de su propiedad, dando facultad a D. Jos\u00e9 Dur\u00e1n, sacerdote de la Congregaci\u00f3n de la Misi\u00f3n, para que adjudicase a. la&#8217; misma fundaci\u00f3n esas casas y huertas despu\u00e9s de la muerte de dicho D. Antonio Jim\u00e9nez.<\/p>\n<p>El 2 de julio de 1783 D. Jos\u00e9 Dur\u00e1n dirigi\u00f3 una exposici\u00f3n y s\u00faplica al Ayuntamiento de Barbastro, en la cual \u00e9l ofrec\u00eda los bienes necesarios para la fundaci\u00f3n de las Hijas de la Caridad, suplicando al Ayuntamiento que, poni\u00e9ndose de acuerdo con el limo. Sr. Obispo y con el Cabildo de la Ciudad, consiguiesen del Rey la autoriza\u00adci\u00f3n necesaria.<\/p>\n<p>El 9 de julio de 1783, D. Rafael y D. Jos\u00e9 Dur\u00e1n, de la Congregaci\u00f3n de la Misi\u00f3n de Barbastro, hicieron una. declaraci\u00f3n notarial, en la que expresan que el capital em\u00adpleado en la compra de ciertas casas y construcci\u00f3n de obras y los intereses que produzca deber\u00e1n pertenecer a. la casa de las Hijas de la Caridad que se trata de fundar en Barbastro, para cuyo objeto se hab\u00edan recogido dona\u00adtivos de los fieles.<\/p>\n<p>l 13 de julio de 1783, D. Jos\u00e9 Dur\u00e1n, por escritura p\u00fablica, se comprometi\u00f3, mediante la necesaria autoriza\u00adci\u00f3n del Rey, a hacer y costear una fundaci\u00f3n de Hijas, de la Caridad en Barbastro que se dedicase a la ense\u00f1an\u00adza y educaci\u00f3n gratuita de las ni\u00f1as. Los bienes que des\u00adtin\u00f3 para la fundaci\u00f3n fueron los siguientes: I.\u00b0 Unas, casas que el a\u00f1o anterior hab\u00eda comprado a Mariano Ta\u00adl\u00f3n; 2.\u00b0 Otras de las calles llamadas de Limosna y de los Hornos que D. Antonio Jim\u00e9nez hab\u00eda cedido .para despu\u00e9s de su muerte, con el fin de que D. Jos\u00e9 Dur\u00e1n las emplease en dicha fundaci\u00f3n, dando el mismo D. An\u00adtonio durante su vida, para el mismo &#8216;objeto, so libras<sup>,<\/sup> anuales; 3.\u00b0 Dos fajas de tierra, que en la. misma forma le ced\u00eda D. Antonio Jim\u00e9nez, y est\u00e1n situadas en el cam\u00adpo de la Misi\u00f3n. En esta escritura no determina Don Jos\u00e9 Dur\u00e1n ninguna otra condici\u00f3n especial qu\u00e9 deba te\u00adner dicha fundaci\u00f3n.<\/p>\n<p>En el mismo a\u00f1o de 1783 el reverend\u00edsimo se\u00f1or Obispo de Barbastro dirigi\u00f3 una representaci\u00f3n al Rey pidiendo su aprobaci\u00f3n para el establecimiento de las Hijas de la Caridad en la misma ciudad.<\/p>\n<p>El 15 de julio de 1783 el Cabildo de la Iglesia Cate\u00addral de Barbastro dirigi\u00f3 otra representaci\u00f3n al Rey en el mismo sentido que la del se\u00f1or Obispo<\/p>\n<p>El mismo 15 de julio de 1783 el Cabildo de la Iglesia Catedral de Barbastro dirigi\u00f3 un oficio a D. Benito Puente, barbastre\u00f1o de alta posici\u00f3n en Madrid, supli\u00adc\u00e1ndole que apoyase la representaci\u00f3n que el Cabildo ha\u00adb\u00eda dirigido al Rey y que informase favorablemente, in\u00adfluyendo todo lo posible en el Real Consejo.<\/p>\n<p>El mismo d\u00eda 15 de julio de 1783 el reverend\u00edsimo se\u00f1or Obispo de Barbastro y el Cabildo de la Iglesia Cate\u00addral dirigieron, cada uno por su parte, un oficio al se\u00f1or Conde de Floridablanca, remiti\u00e9ndole, la representaci\u00f3n para el Rey y rog\u00e1ndole que la apoyase con toda eficacia. Cumplidas todas estas diligencias con tanto af\u00e1n, se esperaba con toda seguridad que llegase la autorizaci\u00f3n Real ignorando que las representaciones o instancias no hab\u00edan llegado a los pies del trono por haberse confundido en alguna oficina, seg\u00fan veremos m\u00e1s adelante.<\/p>\n<p>El 2 de diciembre de 1791 el reverend\u00edsimo se\u00f1or Obispo de Barbastro dio un decreto autorizando al Vicesuperior de la Casa Misi\u00f3n del Seminario para que, con par\u00adte de los productos de la fundaci\u00f3n del Colegio, mien\u00adtras \u00e9sta, no se lleve a cabo, se doten dos maestras segla\u00adres, que cuiden de la ense\u00f1anza de las ni\u00f1as. Y a continuaci\u00f3n dice: \u00abY para que esto tenga su cumplimiento, mandamos al Superior, o a quien toque, que forme un libro en el cual noten los fondos, censos y dem\u00e1s efectos de la fundaci\u00f3n, con expresi\u00f3n de sus circunstancias y fechas de las escrituras, con el nombre y apellido del es\u00adcribano que las testific\u00f3, se contin\u00fae tambi\u00e9n el testamento, declaraci\u00f3n y decretos con inclusi\u00f3n de \u00e9ste que asimismo se formen las cuentas con cargo y data de la administraci\u00f3n hasta ahora y sucesivamente y que, hecho todo, se nos presente para lo que haya lugar.<\/p>\n<p>El 29 de diciembre de 1791, D. Juan Maestro, Vice-superior del Seminario de San Vicente de Pa\u00fal, pone en conocimiento del Ayuntamiento de Barbastro que, por retrasarse tanto la fundaci\u00f3n de las Hijas de la Caridad y por haber fondos suficientes, se ha a\u00f1adido otra tercera maestra a las dos nombradas anteriormente. En dicha comunicaci\u00f3n consta el p\u00e1rrafo siguiente: \u00ab\u2026 no obstante que los motivos de dicha suspensi\u00f3n son tan justos como son el aumentar los fondos a fin de poder enseriar a todas las ni\u00f1as gratuitamente y quitar a las mismas maestras la molestia de pedir a los padres el gravamen de pagar y a V. S. la indecible molestia de asignar cu\u00e1ndo y qui\u00e9nes deb\u00edan pagar, que es una de las condiciones que el refe\u00adrido Jos\u00e9 Dur\u00e1n dej\u00f3 notadas en su instrucci\u00f3n.<\/p>\n<p>El 23 de agosto de 1792 urgi\u00f3 tambi\u00e9n el establecimiento de las Hijas de la Caridad en Barbastro el Gobernador y Provisor eclesi\u00e1stico, encargando al Superior de la Congregaci\u00f3n de la Misi\u00f3n que los asientos y cuentas contin\u00faen form\u00e1ndose lo m\u00e1s, claramente que se puedan y con la mayor claridad, con el correspondiente cargo, y a continuaci\u00f3n de este mismo libro, en el cual acababa de extender \u00e9l su decreto.<\/p>\n<p>El 13 de septiembre de 1792, el Venerable Padre Jos\u00e9 Murillo, sacerdote Superior de los Padres Pa\u00fales, elev\u00f3 una instancia al se\u00f1or Obispo de Barbastro para renovar la petici\u00f3n dirigida a S. M. el Rey, con el fin de obtener la autorizaci\u00f3n para el establecimiento de las Hijas de la Caridad. Se acababa de averiguar que las anteriores re\u00adpresentaciones e instancias no hab\u00edan llegado al Rey por haberse traspapelado en alguna oficina. Para que la ins\u00adtancia de ahora tuviese m\u00e1s fuerza, ir\u00eda tambi\u00e9n una re\u00adpresentaci\u00f3n o solicitud de, los. Cofrades de San, Juli\u00e1n del Hospital de Barbastro.<\/p>\n<p>El mismo d\u00eda 13 de septiembre de 1792 el se\u00f1or Obis\u00adpo de Barbastro contest\u00f3 al P. Murillo, dando un decreto para que se le presentase el testimonio del testamento de D. Antonio Jim\u00e9nez y todos los dem\u00e1s documentos refe\u00adrentes a la fundaci\u00f3n de las Hijas de la &#8216;Caridad, con, el fin de hacer un estudio de todo el asunto.<\/p>\n<p>El 18 de septiembre de 1792 el Ayuntamiento de Barbastro, juntamente con el Cabildo y los administradores del Hospital, dirigieron una solicitud a S. M. para con\u00adseguir \u00e9l establecimiento de la casa de las Caridad.<\/p>\n<p>El 16 de octubre de 1792, el Conde de Aranda, por Real Orden, autoriz\u00f3 el establecimiento de las Hijas de la Caridad en Barbastro.<\/p>\n<p>LORENZO SIERRA:<\/p>\n","protected":false},"excerpt":{"rendered":"<p>El 18 de marzo de 1772 salieron de Barcelona cuatro j\u00f3venes catalanas y dos aragonesas para ingresar en el instituto de las Hijas de la Caridad en Par\u00eds, con la inten\u00adci\u00f3n de que luego volviesen &#8230; <a href=\"https:\/\/vincentians.com\/es\/datos-para-el-establecimiento-de-las-hijas-de-la-caridad-en-espana\/\" class=\"more-link\">Read More<\/a><\/p>\n","protected":false},"author":5,"featured_media":403945,"comment_status":"open","ping_status":"open","sticky":false,"template":"","format":"standard","meta":{"jetpack_post_was_ever_published":false,"_jetpack_newsletter_access":"","_jetpack_dont_email_post_to_subs":false,"_jetpack_newsletter_tier_id":0,"_jetpack_memberships_contains_paywalled_content":false,"_jetpack_memberships_contains_paid_content":false,"footnotes":"","jetpack_publicize_message":"","jetpack_publicize_feature_enabled":true,"jetpack_social_post_already_shared":true,"jetpack_social_options":{"image_generator_settings":{"template":"highway","default_image_id":0,"font":"","enabled":false},"version":2}},"categories":[82,237],"tags":[],"class_list":["post-405704","post","type-post","status-publish","format-standard","has-post-thumbnail","hentry","category-historia-de-la-familia-vicenciana","category-historia-de-las-hijas-de-la-caridad"],"yoast_head":"<!-- This site is optimized with the Yoast SEO plugin v26.3 - https:\/\/yoast.com\/wordpress\/plugins\/seo\/ -->\n<title>Datos para el establecimiento de las Hijas de la Caridad en Espa\u00f1a - Somos Vicencianos<\/title>\n<meta name=\"robots\" content=\"index, follow, max-snippet:-1, max-image-preview:large, max-video-preview:-1\" \/>\n<link rel=\"canonical\" href=\"https:\/\/vincentians.com\/es\/datos-para-el-establecimiento-de-las-hijas-de-la-caridad-en-espana\/\" \/>\n<meta property=\"og:locale\" content=\"es_ES\" \/>\n<meta property=\"og:type\" content=\"article\" \/>\n<meta property=\"og:title\" content=\"Datos para el establecimiento de las Hijas de la Caridad en Espa\u00f1a - Somos Vicencianos\" \/>\n<meta property=\"og:description\" content=\"El 18 de marzo de 1772 salieron de Barcelona cuatro j\u00f3venes catalanas y dos aragonesas para ingresar en el instituto de las Hijas de la Caridad en Par\u00eds, con la inten\u00adci\u00f3n de que luego volviesen ... Read More\" \/>\n<meta property=\"og:url\" content=\"https:\/\/vincentians.com\/es\/datos-para-el-establecimiento-de-las-hijas-de-la-caridad-en-espana\/\" \/>\n<meta property=\"og:site_name\" content=\"Somos Vicencianos\" \/>\n<meta property=\"article:publisher\" content=\"https:\/\/www.facebook.com\/WeAreVincentians\/\" \/>\n<meta property=\"article:published_time\" content=\"2025-01-24T07:23:38+00:00\" \/>\n<meta property=\"og:image\" content=\"https:\/\/i0.wp.com\/vincentians.com\/es\/wp-content\/uploads\/sites\/11\/2013\/04\/hijas-caridad1.jpg?fit=846%2C446&ssl=1\" \/>\n\t<meta property=\"og:image:width\" content=\"846\" \/>\n\t<meta property=\"og:image:height\" content=\"446\" \/>\n\t<meta property=\"og:image:type\" content=\"image\/jpeg\" \/>\n<meta name=\"author\" content=\"Mitxel Olabu\u00e9naga\" \/>\n<meta name=\"twitter:card\" content=\"summary_large_image\" \/>\n<meta name=\"twitter:creator\" content=\"@WeVincentians\" \/>\n<meta name=\"twitter:site\" content=\"@WeVincentians\" \/>\n<meta name=\"twitter:label1\" content=\"Escrito por\" \/>\n\t<meta name=\"twitter:data1\" content=\"Mitxel Olabu\u00e9naga\" \/>\n\t<meta name=\"twitter:label2\" content=\"Tiempo de lectura\" \/>\n\t<meta name=\"twitter:data2\" content=\"9 minutos\" \/>\n<script type=\"application\/ld+json\" class=\"yoast-schema-graph\">{\"@context\":\"https:\/\/schema.org\",\"@graph\":[{\"@type\":\"Article\",\"@id\":\"https:\/\/vincentians.com\/es\/datos-para-el-establecimiento-de-las-hijas-de-la-caridad-en-espana\/#article\",\"isPartOf\":{\"@id\":\"https:\/\/vincentians.com\/es\/datos-para-el-establecimiento-de-las-hijas-de-la-caridad-en-espana\/\"},\"author\":{\"name\":\"Mitxel Olabu\u00e9naga\",\"@id\":\"http:\/\/vincentians.com\/es\/#\/schema\/person\/7c2670b4445a7ca9d164ea6acdb31859\"},\"headline\":\"Datos para el establecimiento de las Hijas de la Caridad en Espa\u00f1a\",\"datePublished\":\"2025-01-24T07:23:38+00:00\",\"mainEntityOfPage\":{\"@id\":\"https:\/\/vincentians.com\/es\/datos-para-el-establecimiento-de-las-hijas-de-la-caridad-en-espana\/\"},\"wordCount\":1928,\"commentCount\":0,\"publisher\":{\"@id\":\"http:\/\/vincentians.com\/es\/#organization\"},\"image\":{\"@id\":\"https:\/\/vincentians.com\/es\/datos-para-el-establecimiento-de-las-hijas-de-la-caridad-en-espana\/#primaryimage\"},\"thumbnailUrl\":\"https:\/\/i0.wp.com\/vincentians.com\/es\/wp-content\/uploads\/sites\/11\/2013\/04\/hijas-caridad1.jpg?fit=846%2C446&ssl=1\",\"articleSection\":[\"Historia de la Familia Vicenciana\",\"Historia de las Hijas de la Caridad\"],\"inLanguage\":\"es\",\"potentialAction\":[{\"@type\":\"CommentAction\",\"name\":\"Comment\",\"target\":[\"https:\/\/vincentians.com\/es\/datos-para-el-establecimiento-de-las-hijas-de-la-caridad-en-espana\/#respond\"]}]},{\"@type\":\"WebPage\",\"@id\":\"https:\/\/vincentians.com\/es\/datos-para-el-establecimiento-de-las-hijas-de-la-caridad-en-espana\/\",\"url\":\"https:\/\/vincentians.com\/es\/datos-para-el-establecimiento-de-las-hijas-de-la-caridad-en-espana\/\",\"name\":\"Datos para el establecimiento de las Hijas de la Caridad en Espa\u00f1a - Somos Vicencianos\",\"isPartOf\":{\"@id\":\"http:\/\/vincentians.com\/es\/#website\"},\"primaryImageOfPage\":{\"@id\":\"https:\/\/vincentians.com\/es\/datos-para-el-establecimiento-de-las-hijas-de-la-caridad-en-espana\/#primaryimage\"},\"image\":{\"@id\":\"https:\/\/vincentians.com\/es\/datos-para-el-establecimiento-de-las-hijas-de-la-caridad-en-espana\/#primaryimage\"},\"thumbnailUrl\":\"https:\/\/i0.wp.com\/vincentians.com\/es\/wp-content\/uploads\/sites\/11\/2013\/04\/hijas-caridad1.jpg?fit=846%2C446&ssl=1\",\"datePublished\":\"2025-01-24T07:23:38+00:00\",\"breadcrumb\":{\"@id\":\"https:\/\/vincentians.com\/es\/datos-para-el-establecimiento-de-las-hijas-de-la-caridad-en-espana\/#breadcrumb\"},\"inLanguage\":\"es\",\"potentialAction\":[{\"@type\":\"ReadAction\",\"target\":[\"https:\/\/vincentians.com\/es\/datos-para-el-establecimiento-de-las-hijas-de-la-caridad-en-espana\/\"]}]},{\"@type\":\"ImageObject\",\"inLanguage\":\"es\",\"@id\":\"https:\/\/vincentians.com\/es\/datos-para-el-establecimiento-de-las-hijas-de-la-caridad-en-espana\/#primaryimage\",\"url\":\"https:\/\/i0.wp.com\/vincentians.com\/es\/wp-content\/uploads\/sites\/11\/2013\/04\/hijas-caridad1.jpg?fit=846%2C446&ssl=1\",\"contentUrl\":\"https:\/\/i0.wp.com\/vincentians.com\/es\/wp-content\/uploads\/sites\/11\/2013\/04\/hijas-caridad1.jpg?fit=846%2C446&ssl=1\",\"width\":846,\"height\":446},{\"@type\":\"BreadcrumbList\",\"@id\":\"https:\/\/vincentians.com\/es\/datos-para-el-establecimiento-de-las-hijas-de-la-caridad-en-espana\/#breadcrumb\",\"itemListElement\":[{\"@type\":\"ListItem\",\"position\":1,\"name\":\"Portada\",\"item\":\"http:\/\/vincentians.com\/es\/\"},{\"@type\":\"ListItem\",\"position\":2,\"name\":\"Datos para el establecimiento de las Hijas de la Caridad en Espa\u00f1a\"}]},{\"@type\":\"WebSite\",\"@id\":\"http:\/\/vincentians.com\/es\/#website\",\"url\":\"http:\/\/vincentians.com\/es\/\",\"name\":\"Somos Vicencianos\",\"description\":\"Know more to serve more\",\"publisher\":{\"@id\":\"http:\/\/vincentians.com\/es\/#organization\"},\"potentialAction\":[{\"@type\":\"SearchAction\",\"target\":{\"@type\":\"EntryPoint\",\"urlTemplate\":\"http:\/\/vincentians.com\/es\/?s={search_term_string}\"},\"query-input\":{\"@type\":\"PropertyValueSpecification\",\"valueRequired\":true,\"valueName\":\"search_term_string\"}}],\"inLanguage\":\"es\"},{\"@type\":\"Organization\",\"@id\":\"http:\/\/vincentians.com\/es\/#organization\",\"name\":\"The Vincentian Network\",\"url\":\"http:\/\/vincentians.com\/es\/\",\"logo\":{\"@type\":\"ImageObject\",\"inLanguage\":\"es\",\"@id\":\"http:\/\/vincentians.com\/es\/#\/schema\/logo\/image\/\",\"url\":\"https:\/\/i1.wp.com\/vincentians.com\/es\/wp-content\/uploads\/sites\/11\/2016\/06\/Vincentian-Network-logo-big.png?fit=778%2C778\",\"contentUrl\":\"https:\/\/i1.wp.com\/vincentians.com\/es\/wp-content\/uploads\/sites\/11\/2016\/06\/Vincentian-Network-logo-big.png?fit=778%2C778\",\"width\":778,\"height\":778,\"caption\":\"The Vincentian Network\"},\"image\":{\"@id\":\"http:\/\/vincentians.com\/es\/#\/schema\/logo\/image\/\"},\"sameAs\":[\"https:\/\/www.facebook.com\/WeAreVincentians\/\",\"https:\/\/x.com\/WeVincentians\"]},{\"@type\":\"Person\",\"@id\":\"http:\/\/vincentians.com\/es\/#\/schema\/person\/7c2670b4445a7ca9d164ea6acdb31859\",\"name\":\"Mitxel Olabu\u00e9naga\",\"image\":{\"@type\":\"ImageObject\",\"inLanguage\":\"es\",\"@id\":\"http:\/\/vincentians.com\/es\/#\/schema\/person\/image\/\",\"url\":\"https:\/\/secure.gravatar.com\/avatar\/34137ec2e2b8939cbbed975731e71f3f4f1defc7266ded337a5ce0f925426877?s=96&d=mm&r=g\",\"contentUrl\":\"https:\/\/secure.gravatar.com\/avatar\/34137ec2e2b8939cbbed975731e71f3f4f1defc7266ded337a5ce0f925426877?s=96&d=mm&r=g\",\"caption\":\"Mitxel Olabu\u00e9naga\"},\"url\":\"https:\/\/vincentians.com\/es\/author\/mitxel\/\"}]}<\/script>\n<!-- \/ Yoast SEO plugin. -->","yoast_head_json":{"title":"Datos para el establecimiento de las Hijas de la Caridad en Espa\u00f1a - Somos Vicencianos","robots":{"index":"index","follow":"follow","max-snippet":"max-snippet:-1","max-image-preview":"max-image-preview:large","max-video-preview":"max-video-preview:-1"},"canonical":"https:\/\/vincentians.com\/es\/datos-para-el-establecimiento-de-las-hijas-de-la-caridad-en-espana\/","og_locale":"es_ES","og_type":"article","og_title":"Datos para el establecimiento de las Hijas de la Caridad en Espa\u00f1a - Somos Vicencianos","og_description":"El 18 de marzo de 1772 salieron de Barcelona cuatro j\u00f3venes catalanas y dos aragonesas para ingresar en el instituto de las Hijas de la Caridad en Par\u00eds, con la inten\u00adci\u00f3n de que luego volviesen ... Read More","og_url":"https:\/\/vincentians.com\/es\/datos-para-el-establecimiento-de-las-hijas-de-la-caridad-en-espana\/","og_site_name":"Somos Vicencianos","article_publisher":"https:\/\/www.facebook.com\/WeAreVincentians\/","article_published_time":"2025-01-24T07:23:38+00:00","og_image":[{"width":846,"height":446,"url":"https:\/\/i0.wp.com\/vincentians.com\/es\/wp-content\/uploads\/sites\/11\/2013\/04\/hijas-caridad1.jpg?fit=846%2C446&ssl=1","type":"image\/jpeg"}],"author":"Mitxel Olabu\u00e9naga","twitter_card":"summary_large_image","twitter_creator":"@WeVincentians","twitter_site":"@WeVincentians","twitter_misc":{"Escrito por":"Mitxel Olabu\u00e9naga","Tiempo de lectura":"9 minutos"},"schema":{"@context":"https:\/\/schema.org","@graph":[{"@type":"Article","@id":"https:\/\/vincentians.com\/es\/datos-para-el-establecimiento-de-las-hijas-de-la-caridad-en-espana\/#article","isPartOf":{"@id":"https:\/\/vincentians.com\/es\/datos-para-el-establecimiento-de-las-hijas-de-la-caridad-en-espana\/"},"author":{"name":"Mitxel Olabu\u00e9naga","@id":"http:\/\/vincentians.com\/es\/#\/schema\/person\/7c2670b4445a7ca9d164ea6acdb31859"},"headline":"Datos para el establecimiento de las Hijas de la Caridad en Espa\u00f1a","datePublished":"2025-01-24T07:23:38+00:00","mainEntityOfPage":{"@id":"https:\/\/vincentians.com\/es\/datos-para-el-establecimiento-de-las-hijas-de-la-caridad-en-espana\/"},"wordCount":1928,"commentCount":0,"publisher":{"@id":"http:\/\/vincentians.com\/es\/#organization"},"image":{"@id":"https:\/\/vincentians.com\/es\/datos-para-el-establecimiento-de-las-hijas-de-la-caridad-en-espana\/#primaryimage"},"thumbnailUrl":"https:\/\/i0.wp.com\/vincentians.com\/es\/wp-content\/uploads\/sites\/11\/2013\/04\/hijas-caridad1.jpg?fit=846%2C446&ssl=1","articleSection":["Historia de la Familia Vicenciana","Historia de las Hijas de la Caridad"],"inLanguage":"es","potentialAction":[{"@type":"CommentAction","name":"Comment","target":["https:\/\/vincentians.com\/es\/datos-para-el-establecimiento-de-las-hijas-de-la-caridad-en-espana\/#respond"]}]},{"@type":"WebPage","@id":"https:\/\/vincentians.com\/es\/datos-para-el-establecimiento-de-las-hijas-de-la-caridad-en-espana\/","url":"https:\/\/vincentians.com\/es\/datos-para-el-establecimiento-de-las-hijas-de-la-caridad-en-espana\/","name":"Datos para el establecimiento de las Hijas de la Caridad en Espa\u00f1a - Somos Vicencianos","isPartOf":{"@id":"http:\/\/vincentians.com\/es\/#website"},"primaryImageOfPage":{"@id":"https:\/\/vincentians.com\/es\/datos-para-el-establecimiento-de-las-hijas-de-la-caridad-en-espana\/#primaryimage"},"image":{"@id":"https:\/\/vincentians.com\/es\/datos-para-el-establecimiento-de-las-hijas-de-la-caridad-en-espana\/#primaryimage"},"thumbnailUrl":"https:\/\/i0.wp.com\/vincentians.com\/es\/wp-content\/uploads\/sites\/11\/2013\/04\/hijas-caridad1.jpg?fit=846%2C446&ssl=1","datePublished":"2025-01-24T07:23:38+00:00","breadcrumb":{"@id":"https:\/\/vincentians.com\/es\/datos-para-el-establecimiento-de-las-hijas-de-la-caridad-en-espana\/#breadcrumb"},"inLanguage":"es","potentialAction":[{"@type":"ReadAction","target":["https:\/\/vincentians.com\/es\/datos-para-el-establecimiento-de-las-hijas-de-la-caridad-en-espana\/"]}]},{"@type":"ImageObject","inLanguage":"es","@id":"https:\/\/vincentians.com\/es\/datos-para-el-establecimiento-de-las-hijas-de-la-caridad-en-espana\/#primaryimage","url":"https:\/\/i0.wp.com\/vincentians.com\/es\/wp-content\/uploads\/sites\/11\/2013\/04\/hijas-caridad1.jpg?fit=846%2C446&ssl=1","contentUrl":"https:\/\/i0.wp.com\/vincentians.com\/es\/wp-content\/uploads\/sites\/11\/2013\/04\/hijas-caridad1.jpg?fit=846%2C446&ssl=1","width":846,"height":446},{"@type":"BreadcrumbList","@id":"https:\/\/vincentians.com\/es\/datos-para-el-establecimiento-de-las-hijas-de-la-caridad-en-espana\/#breadcrumb","itemListElement":[{"@type":"ListItem","position":1,"name":"Portada","item":"http:\/\/vincentians.com\/es\/"},{"@type":"ListItem","position":2,"name":"Datos para el establecimiento de las Hijas de la Caridad en Espa\u00f1a"}]},{"@type":"WebSite","@id":"http:\/\/vincentians.com\/es\/#website","url":"http:\/\/vincentians.com\/es\/","name":"Somos Vicencianos","description":"Know more to serve more","publisher":{"@id":"http:\/\/vincentians.com\/es\/#organization"},"potentialAction":[{"@type":"SearchAction","target":{"@type":"EntryPoint","urlTemplate":"http:\/\/vincentians.com\/es\/?s={search_term_string}"},"query-input":{"@type":"PropertyValueSpecification","valueRequired":true,"valueName":"search_term_string"}}],"inLanguage":"es"},{"@type":"Organization","@id":"http:\/\/vincentians.com\/es\/#organization","name":"The Vincentian Network","url":"http:\/\/vincentians.com\/es\/","logo":{"@type":"ImageObject","inLanguage":"es","@id":"http:\/\/vincentians.com\/es\/#\/schema\/logo\/image\/","url":"https:\/\/i1.wp.com\/vincentians.com\/es\/wp-content\/uploads\/sites\/11\/2016\/06\/Vincentian-Network-logo-big.png?fit=778%2C778","contentUrl":"https:\/\/i1.wp.com\/vincentians.com\/es\/wp-content\/uploads\/sites\/11\/2016\/06\/Vincentian-Network-logo-big.png?fit=778%2C778","width":778,"height":778,"caption":"The Vincentian Network"},"image":{"@id":"http:\/\/vincentians.com\/es\/#\/schema\/logo\/image\/"},"sameAs":["https:\/\/www.facebook.com\/WeAreVincentians\/","https:\/\/x.com\/WeVincentians"]},{"@type":"Person","@id":"http:\/\/vincentians.com\/es\/#\/schema\/person\/7c2670b4445a7ca9d164ea6acdb31859","name":"Mitxel Olabu\u00e9naga","image":{"@type":"ImageObject","inLanguage":"es","@id":"http:\/\/vincentians.com\/es\/#\/schema\/person\/image\/","url":"https:\/\/secure.gravatar.com\/avatar\/34137ec2e2b8939cbbed975731e71f3f4f1defc7266ded337a5ce0f925426877?s=96&d=mm&r=g","contentUrl":"https:\/\/secure.gravatar.com\/avatar\/34137ec2e2b8939cbbed975731e71f3f4f1defc7266ded337a5ce0f925426877?s=96&d=mm&r=g","caption":"Mitxel Olabu\u00e9naga"},"url":"https:\/\/vincentians.com\/es\/author\/mitxel\/"}]}},"jetpack_publicize_connections":[],"jetpack_featured_media_url":"https:\/\/i0.wp.com\/vincentians.com\/es\/wp-content\/uploads\/sites\/11\/2013\/04\/hijas-caridad1.jpg?fit=846%2C446&ssl=1","jetpack_sharing_enabled":true,"jetpack_shortlink":"https:\/\/wp.me\/p7ETMF-1HxC","jetpack-related-posts":[{"id":387400,"url":"https:\/\/vincentians.com\/es\/la-provincia-espanola-de-las-hijas-de-la-caridad-iv\/","url_meta":{"origin":405704,"position":0},"title":"La Provincia espa\u00f1ola de las Hijas de la Caridad (IV)","author":"Mitxel Olabu\u00e9naga","date":"05\/05\/2016","format":false,"excerpt":"Fundaci\u00f3n en L\u00e9rida. La venida de las Hijas de la Caridad a Espa\u00f1a hab\u00eda sido providencial. La revoluci\u00f3n espantosa francesa disolvi\u00f3 en Francia todas las comunidades y muy amargos d\u00edas hubiesen pasado nuestras Hermanas espa\u00f1olas de haber continuado en aquel pa\u00eds, lejos de sus familias. Y no fue menos providencial\u2026","rel":"","context":"En \u00abHistoria de las Hijas de la Caridad\u00bb","block_context":{"text":"Historia de las Hijas de la Caridad","link":"https:\/\/vincentians.com\/es\/category\/historia-de-la-familia-vicenciana\/historia-de-las-hijas-de-la-caridad\/"},"img":{"alt_text":"","src":"https:\/\/i0.wp.com\/vincentians.com\/es\/wp-content\/uploads\/sites\/11\/2016\/07\/hijas-caridad-espanya.jpg?fit=1200%2C630&ssl=1&resize=350%2C200","width":350,"height":200,"srcset":"https:\/\/i0.wp.com\/vincentians.com\/es\/wp-content\/uploads\/sites\/11\/2016\/07\/hijas-caridad-espanya.jpg?fit=1200%2C630&ssl=1&resize=350%2C200 1x, https:\/\/i0.wp.com\/vincentians.com\/es\/wp-content\/uploads\/sites\/11\/2016\/07\/hijas-caridad-espanya.jpg?fit=1200%2C630&ssl=1&resize=525%2C300 1.5x, https:\/\/i0.wp.com\/vincentians.com\/es\/wp-content\/uploads\/sites\/11\/2016\/07\/hijas-caridad-espanya.jpg?fit=1200%2C630&ssl=1&resize=700%2C400 2x, https:\/\/i0.wp.com\/vincentians.com\/es\/wp-content\/uploads\/sites\/11\/2016\/07\/hijas-caridad-espanya.jpg?fit=1200%2C630&ssl=1&resize=1050%2C600 3x"},"classes":[]},{"id":387740,"url":"https:\/\/vincentians.com\/es\/la-provincia-espanola-de-la-hijas-de-la-caridad-xxxiii\/","url_meta":{"origin":405704,"position":1},"title":"La Provincia espa\u00f1ola de la Hijas de la Caridad (XXXIII)","author":"Mitxel Olabu\u00e9naga","date":"29\/07\/2016","format":false,"excerpt":"La situaci\u00f3n precaria del Real Noviciado depend\u00eda en gran \u00adparte del edificio material, sobre el que pesaba una hipoteca y que, \u00adadem\u00e1s, era estrecho para el aumento del personal. Si se consiguiera \u00adde la Real munificencia un edificio adecuado, se resolver\u00eda su angustia. Esto movi\u00f3 al Sr. Feu a recurrir,\u2026","rel":"","context":"En \u00abHistoria de las Hijas de la Caridad\u00bb","block_context":{"text":"Historia de las Hijas de la Caridad","link":"https:\/\/vincentians.com\/es\/category\/historia-de-la-familia-vicenciana\/historia-de-las-hijas-de-la-caridad\/"},"img":{"alt_text":"","src":"https:\/\/i0.wp.com\/vincentians.com\/es\/wp-content\/uploads\/sites\/11\/2016\/07\/hijas-caridad-espanya.jpg?fit=1200%2C630&ssl=1&resize=350%2C200","width":350,"height":200,"srcset":"https:\/\/i0.wp.com\/vincentians.com\/es\/wp-content\/uploads\/sites\/11\/2016\/07\/hijas-caridad-espanya.jpg?fit=1200%2C630&ssl=1&resize=350%2C200 1x, https:\/\/i0.wp.com\/vincentians.com\/es\/wp-content\/uploads\/sites\/11\/2016\/07\/hijas-caridad-espanya.jpg?fit=1200%2C630&ssl=1&resize=525%2C300 1.5x, https:\/\/i0.wp.com\/vincentians.com\/es\/wp-content\/uploads\/sites\/11\/2016\/07\/hijas-caridad-espanya.jpg?fit=1200%2C630&ssl=1&resize=700%2C400 2x, https:\/\/i0.wp.com\/vincentians.com\/es\/wp-content\/uploads\/sites\/11\/2016\/07\/hijas-caridad-espanya.jpg?fit=1200%2C630&ssl=1&resize=1050%2C600 3x"},"classes":[]},{"id":387555,"url":"https:\/\/vincentians.com\/es\/la-provincia-espanola-de-las-hijas-de-la-caridad-xiv\/","url_meta":{"origin":405704,"position":2},"title":"La Provincia espa\u00f1ola de las Hijas de la Caridad (XIV)","author":"Mitxel Olabu\u00e9naga","date":"04\/06\/2016","format":false,"excerpt":"Fundaci\u00f3n del Noviciado. Continuaci\u00f3n. Siguiendo la representaci\u00f3n, que con fecha de junio de 1805, dirigi\u00f3 el Sr. Arzobispo de Toledo al Ministro Ceballos, nos da la idea la nueva y peligrosa fase, en que hab\u00eda entrado el Real Noviciado. Excmo. Sr.: Las desavenencias ocurridas en el establecimiento de las Hijas\u2026","rel":"","context":"En \u00abHistoria de las Hijas de la Caridad\u00bb","block_context":{"text":"Historia de las Hijas de la Caridad","link":"https:\/\/vincentians.com\/es\/category\/historia-de-la-familia-vicenciana\/historia-de-las-hijas-de-la-caridad\/"},"img":{"alt_text":"","src":"https:\/\/i0.wp.com\/vincentians.com\/es\/wp-content\/uploads\/sites\/11\/2016\/07\/hijas-caridad-espanya.jpg?fit=1200%2C630&ssl=1&resize=350%2C200","width":350,"height":200,"srcset":"https:\/\/i0.wp.com\/vincentians.com\/es\/wp-content\/uploads\/sites\/11\/2016\/07\/hijas-caridad-espanya.jpg?fit=1200%2C630&ssl=1&resize=350%2C200 1x, https:\/\/i0.wp.com\/vincentians.com\/es\/wp-content\/uploads\/sites\/11\/2016\/07\/hijas-caridad-espanya.jpg?fit=1200%2C630&ssl=1&resize=525%2C300 1.5x, https:\/\/i0.wp.com\/vincentians.com\/es\/wp-content\/uploads\/sites\/11\/2016\/07\/hijas-caridad-espanya.jpg?fit=1200%2C630&ssl=1&resize=700%2C400 2x, https:\/\/i0.wp.com\/vincentians.com\/es\/wp-content\/uploads\/sites\/11\/2016\/07\/hijas-caridad-espanya.jpg?fit=1200%2C630&ssl=1&resize=1050%2C600 3x"},"classes":[]},{"id":387743,"url":"https:\/\/vincentians.com\/es\/la-provincia-espanola-de-las-hijas-de-la-caridad-xxxiv\/","url_meta":{"origin":405704,"position":3},"title":"La Provincia espa\u00f1ola de las Hijas de la Caridad (XXXIV)","author":"Mitxel Olabu\u00e9naga","date":"01\/08\/2016","format":false,"excerpt":"A la muerte del P. Feu se modific\u00f3 el gobierno de las Hijas de la Caridad en Espa\u00f1a y se volvi\u00f3 a unir al cargo de Visitador de la Misi\u00f3n la Direcci\u00f3n general de las Hermanas, quedando suprimida la Casa de Capellanes adjunta al Real Noviciado. As\u00ed lo hab\u00eda deseado\u2026","rel":"","context":"En \u00abHistoria de las Hijas de la Caridad\u00bb","block_context":{"text":"Historia de las Hijas de la Caridad","link":"https:\/\/vincentians.com\/es\/category\/historia-de-la-familia-vicenciana\/historia-de-las-hijas-de-la-caridad\/"},"img":{"alt_text":"","src":"https:\/\/i0.wp.com\/vincentians.com\/es\/wp-content\/uploads\/sites\/11\/2016\/07\/hijas-caridad-espanya.jpg?fit=1200%2C630&ssl=1&resize=350%2C200","width":350,"height":200,"srcset":"https:\/\/i0.wp.com\/vincentians.com\/es\/wp-content\/uploads\/sites\/11\/2016\/07\/hijas-caridad-espanya.jpg?fit=1200%2C630&ssl=1&resize=350%2C200 1x, https:\/\/i0.wp.com\/vincentians.com\/es\/wp-content\/uploads\/sites\/11\/2016\/07\/hijas-caridad-espanya.jpg?fit=1200%2C630&ssl=1&resize=525%2C300 1.5x, https:\/\/i0.wp.com\/vincentians.com\/es\/wp-content\/uploads\/sites\/11\/2016\/07\/hijas-caridad-espanya.jpg?fit=1200%2C630&ssl=1&resize=700%2C400 2x, https:\/\/i0.wp.com\/vincentians.com\/es\/wp-content\/uploads\/sites\/11\/2016\/07\/hijas-caridad-espanya.jpg?fit=1200%2C630&ssl=1&resize=1050%2C600 3x"},"classes":[]},{"id":131585,"url":"https:\/\/vincentians.com\/es\/resumen-historico-de-la-compania-de-las-hijas-de-la-caridad-en-espana\/","url_meta":{"origin":405704,"position":4},"title":"RESUMEN HIST\u00d3RICO DE LA COMPA\u00d1\u00cdA DE LAS HIJAS DE LA CARIDAD EN ESPA\u00d1A","author":"Mitxel Olabu\u00e9naga","date":"19\/10\/2014","format":false,"excerpt":"Cuanto m\u00e1s estudio y medito las obras de San Vicente de Pa\u00fal, m\u00e1s grande aparece ante mi vista su grandiosa figura, y me siento cada vez m\u00e1s impulsado a bendecir al Se\u00f1or, que elev\u00f3 a este humilde Sacerdote, haci\u00e9ndole ejemplar vivo y perpetuo de la caridad cristiana. Cuanto m\u00e1s profundizo\u2026","rel":"","context":"En \u00abHistoria de las Hijas de la Caridad\u00bb","block_context":{"text":"Historia de las Hijas de la Caridad","link":"https:\/\/vincentians.com\/es\/category\/historia-de-la-familia-vicenciana\/historia-de-las-hijas-de-la-caridad\/"},"img":{"alt_text":"Hijas2","src":"https:\/\/i0.wp.com\/vicencianos.org\/wp-content\/2014\/03\/Hijas2.gif?resize=350%2C200","width":350,"height":200},"classes":[]},{"id":387553,"url":"https:\/\/vincentians.com\/es\/la-provincia-espanola-de-las-hijas-de-la-caridad-xvi\/","url_meta":{"origin":405704,"position":5},"title":"La Provincia espa\u00f1ola de las Hijas de la Caridad (XVI)","author":"Mitxel Olabu\u00e9naga","date":"10\/06\/2016","format":false,"excerpt":"1.- Las Nuevas Constituciones. Una Real Orden de 22 de enero de 1806 hab\u00eda nombra al Sr. Arzobispo de Toledo superior del Real Noviciado y por Decreto de 14 de febrero ordenaba Su Se\u00f1or\u00eda ce\u00f1ir las Constituciones a su Di\u00f3cesis, como semillero de fundaciones que en ella se pudieran formar\u2026","rel":"","context":"En \u00abHistoria de las Hijas de la Caridad\u00bb","block_context":{"text":"Historia de las Hijas de la Caridad","link":"https:\/\/vincentians.com\/es\/category\/historia-de-la-familia-vicenciana\/historia-de-las-hijas-de-la-caridad\/"},"img":{"alt_text":"","src":"https:\/\/i0.wp.com\/vincentians.com\/es\/wp-content\/uploads\/sites\/11\/2016\/07\/hijas-caridad-espanya.jpg?fit=1200%2C630&ssl=1&resize=350%2C200","width":350,"height":200,"srcset":"https:\/\/i0.wp.com\/vincentians.com\/es\/wp-content\/uploads\/sites\/11\/2016\/07\/hijas-caridad-espanya.jpg?fit=1200%2C630&ssl=1&resize=350%2C200 1x, https:\/\/i0.wp.com\/vincentians.com\/es\/wp-content\/uploads\/sites\/11\/2016\/07\/hijas-caridad-espanya.jpg?fit=1200%2C630&ssl=1&resize=525%2C300 1.5x, https:\/\/i0.wp.com\/vincentians.com\/es\/wp-content\/uploads\/sites\/11\/2016\/07\/hijas-caridad-espanya.jpg?fit=1200%2C630&ssl=1&resize=700%2C400 2x, https:\/\/i0.wp.com\/vincentians.com\/es\/wp-content\/uploads\/sites\/11\/2016\/07\/hijas-caridad-espanya.jpg?fit=1200%2C630&ssl=1&resize=1050%2C600 3x"},"classes":[]}],"_links":{"self":[{"href":"https:\/\/vincentians.com\/es\/wp-json\/wp\/v2\/posts\/405704","targetHints":{"allow":["GET"]}}],"collection":[{"href":"https:\/\/vincentians.com\/es\/wp-json\/wp\/v2\/posts"}],"about":[{"href":"https:\/\/vincentians.com\/es\/wp-json\/wp\/v2\/types\/post"}],"author":[{"embeddable":true,"href":"https:\/\/vincentians.com\/es\/wp-json\/wp\/v2\/users\/5"}],"replies":[{"embeddable":true,"href":"https:\/\/vincentians.com\/es\/wp-json\/wp\/v2\/comments?post=405704"}],"version-history":[{"count":1,"href":"https:\/\/vincentians.com\/es\/wp-json\/wp\/v2\/posts\/405704\/revisions"}],"predecessor-version":[{"id":405705,"href":"https:\/\/vincentians.com\/es\/wp-json\/wp\/v2\/posts\/405704\/revisions\/405705"}],"wp:featuredmedia":[{"embeddable":true,"href":"https:\/\/vincentians.com\/es\/wp-json\/wp\/v2\/media\/403945"}],"wp:attachment":[{"href":"https:\/\/vincentians.com\/es\/wp-json\/wp\/v2\/media?parent=405704"}],"wp:term":[{"taxonomy":"category","embeddable":true,"href":"https:\/\/vincentians.com\/es\/wp-json\/wp\/v2\/categories?post=405704"},{"taxonomy":"post_tag","embeddable":true,"href":"https:\/\/vincentians.com\/es\/wp-json\/wp\/v2\/tags?post=405704"}],"curies":[{"name":"wp","href":"https:\/\/api.w.org\/{rel}","templated":true}]}}