{"id":405563,"date":"2024-09-06T08:33:03","date_gmt":"2024-09-06T06:33:03","guid":{"rendered":"https:\/\/vincentians.com\/es\/?p=405563"},"modified":"2024-08-16T19:34:19","modified_gmt":"2024-08-16T17:34:19","slug":"datos-historicos-del-colegio-de-las-hijas-de-la-caridad-de-barbastro","status":"publish","type":"post","link":"https:\/\/vincentians.com\/es\/datos-historicos-del-colegio-de-las-hijas-de-la-caridad-de-barbastro\/","title":{"rendered":"Datos hist\u00f3ricos del Colegio de las Hijas de la Caridad de Barbastro"},"content":{"rendered":"<p>La instituci\u00f3n de la Congregaci\u00f3n de las Hijas de la Ca\u00adridad se debe al celo extraordinario del esclarecido San Vi\u00adcente de Pa\u00fal, en el a\u00f1o 1633.<\/p>\n<p>El objeto de tan ben\u00e9fico Instituto es el servicio de en\u00adfermos en los hospitales, el cuidado de los hu\u00e9rfanos y ni\u00f1os exp\u00f3sitos, y la ense\u00f1anza a las ni\u00f1as de la doctrina cristiana y labores propios de su edad y sexo. Al fundar dicha Congregaci\u00f3n, no parece otra cosa sino que el Ap\u00f3s\u00adtol grande de la caridad quiso hermanar todas las obras&#8217; de misericordia, tanto espirituales como corporales, con que los hombres puedan ser \u00fatiles a sus semejantes. Las Hijas de la Caridad no son religiosas, pues no se ligan con votos solemnes y perpetuos. Concluido su noviciado hacen tan s\u00f3lo por un a\u00f1o el voto de obediencia, pobreza y cas\u00adtidad, as\u00ed como el de servir a los pobres; pasado cuyo tiem\u00adpo, si su voluntad es el perseverar, tienen que renovarlo anualmente.<\/p>\n<p>Con tan sabias como prudentes disposiciones quiso pre\u00adcaver sin duda el santo Fundador los graves inconvenien\u00adtes que pudieran seguirse si viviendo fuera de clausura, entre los peligros del mundo y en ministerios tan delicados y penosos, decayesen de su buen esp\u00edritu y santo prop\u00f3\u00adsito, en que s\u00f3lo la vocaci\u00f3n y el amor de Dios y del pr\u00f3\u00adjimo pueden mantenerlas, contribuyendo a ello tambi\u00e9n las estudiadas reglas que para santificarse en tal g\u00e9nero de vida les dio, siendo entre otras las de oraci\u00f3n mental dia\u00adria, Ejercicios espirituales de diez d\u00edas todos los a\u00f1os, fre\u00adcuencia de sacramentos, vida com\u00fan, y el retiro y abstrac\u00adci\u00f3n siempre que la obediencia lo permita.<\/p>\n<p>Con medios tan poderosos conservan en todas partes la buena lama de la honestidad, y se granjean el aprecio de todos por la exactitud en el cumplimiento de sus penosos y delicados deberes. Fue tal el r\u00e1pido progreso que hizo la Congregaci\u00f3n de las Hijas de la Caridad en Francia, Saboya, Polonia y Alemania, que, seg\u00fan el autor de la <em>Vida de San Vicente de Tila, <\/em>contaba ya por el a\u00f1o 1730 m\u00e1s de trescientas casas. Sin embargo de esto, en Espa\u00f1a tan s\u00f3lo era conocida en este tiempo por el relato que los viajeros hac\u00edan de los importantes servicios prestados por las hijas de la Caridad en aquellas naciones. Mas lleg\u00f3 por fin la \u00e9poca en que nuestra cat\u00f3lica Espa\u00f1a se vio favorecida con tan ben\u00e9fico Instituto, cabiendo la dicha de ser el primero en procurar su realizaci\u00f3n al virtuoso Can\u00f3nigo de Barbastro D. Antonio Jim\u00e9nez, quien en 1783 dej\u00f3 todos sus bie\u00adnes para la fundaci\u00f3n en dicha ciudad de una Casa-Colegio de Hijas de la Caridad, a cuyo cargo habr\u00eda de estar la ense\u00f1anza de las ni\u00f1as.<\/p>\n<p>Mientras se obten\u00eda la licencia Real y se practicaban las diligencias necesarias para la dicha fundaci\u00f3n, los Sacerdo\u00adtes de la Misi\u00f3n, establecidos en Barbastro, y que deseaban ardientemente ver introducidas en Espa\u00f1a a sus Hermanas las Hijas de la Caridad, enviaron a Par\u00eds seis doncellas, cuatro catalanas y dos aragonesas, naturales estas \u00faltimas, Mar\u00eda Blanc, de Barbastro, y Manuela Lecina, de Besians, (lugar de la di\u00f3cesis), a fin de que teniendo all\u00ed el noviciado, y bien instruidas en sus pr\u00e1cticas y m\u00e9todo de vida, pasa\u00adran despu\u00e9s, unas a Barbastro, otras al hospital de Barce\u00adlona, para donde hab\u00edan sido pedidas a un mismo tiempo.<\/p>\n<p>Regresadas las seis en el 1790, fueron admitidas por de pronto en el citado Hospital; pero no conform\u00e1ndose con las de su Instituto las reglas que trataron de imponerles los administradores del establecimiento, lo abandonaron al poco tiempo. Las dos aragonesas se retiraron al monaste\u00adrio de Sigena, donde bien recibidas y hospedadas perma\u00adnecieron durante el curso de las diligencias para fundar en Barbastro. Obtenida por fin la licencia Real en 1792, tuvo lugar la fundaci\u00f3n en dicha ciudad, as\u00ed como a la vez en L\u00e9rida y Reus, conseguidas las tres por medio del Excelen\u00adt\u00edsimo Sr. Conde de Aranda, Ministro interino, quien du\u00adrante su cargo de embajador en Par\u00eds se hab\u00eda penetrado bien de las grandes ventajas y utilidades que reportan los pueblos en que residen las Hijas de la Caridad. No siendo suficientes los bienes que dej\u00f3 el se\u00f1or Can\u00f3nigo Jim\u00e9nez para mantener las maestras, ni su casa destinada para el Colegio bastante capaz para la habitaci\u00f3n y escuelas, ni proporcionada para la concurrencia de las ni\u00f1as, por estar en un extremo de la poblaci\u00f3n, hubo necesidad de acudir por parte de la poblaci\u00f3n al Supremo Consejo de Castilla, quien accediendo a la s\u00faplica que se le hizo, se\u00f1al\u00f3 de los propios de aqu\u00e9lla la cantidad de cuarenta mil reales para la compra de una casa que reuniese las condiciones apete\u00adcidas, y cuatro mil cuarenta y siente reales cada a\u00f1o del sobrante de dichos propios para la manutenci\u00f3n de seis maestras. En virtud de estas concesiones se hizo la escri\u00adtura de capitulaci\u00f3n, con expresi\u00f3n de los pactos y obliga\u00adciones por ambas partes, la que aprob\u00f3 el Consejo Real, recibiendo la Casa de Hijas de la Caridad de Barbastro bajo su inmediata protecci\u00f3n, seg\u00fan decreto dado en Madrid a 9 de Agosto de 1799.<\/p>\n<p>En el siguiente a\u00f1o salieron de Barbastro para fundar en la Inclusa de esta Corte y cuidar de los exp\u00f3sitos cinco Hermanas, y entre ellas Sor Manuela Lecina, Superiora de la Casa de Barbastro, con el mismo cargo para dicho punto. Posteriormente, seg\u00fan el Rvdo. Padre Ram\u00f3n de Huesca, han ido de Barbastro a Madrid en dos veces ocho Hermanas, y con el mismo destino, distingui\u00e9ndose notablemente por su esmerado cuidado para con los exp\u00f3sitos. Tambi\u00e9n en 1805 salieron tres Hijas de la Caridad. dos de la Casa de L\u00e9rida y una de la de Barbastro, para fundar en Pamplona, ha\u00adbi\u00e9ndolo verificada despu\u00e9s en otras diferentes partes.<\/p>\n<p>El n\u00famero de Hijas de la Caridad que por lo regular cuenta el Colegio de Barbastro es el de seis, a cuyo cargo se halla la educaci\u00f3n y ense\u00f1anza, as\u00ed de las alumnas in\u00adternas como de las externas. Las primeras han de con\u00adtar, para ser admitidas, de siete a diecis\u00e9is a\u00f1os. Aparte de la instrucci\u00f3n religiosa, reciben la de lectura y escritura, y la contabilidad por los sistemas antiguo y moderno, gra\u00adm\u00e1tica castellana y elementos de historia y urbanidad. Se las ense\u00f1a toda clase de costura, planchado y bordado sobre tela con hilo, algod\u00f3n, seda, felpillas, plata y oro; y en el trabajo de abalorio varias obras de utilidad y agrado; a voluntad de los interesados se las instruye tambi\u00e9n en m\u00fasica y dibujo.<\/p>\n<p>Las colegialas est\u00e1n del todo separadas de las clases de ni\u00f1as externas, y \u00fanicamente bajo la inmediata inspecci\u00f3n de sus particulares maestras, que son las directoras, quie\u00adnes, en uni\u00f3n con la Superiora del Colegio, procuran fomentar su educaci\u00f3n moral y pol\u00edtica, sin perder jam\u00e1s de vista cuanto conduce a formar una joven social, amable y virtuosa. La Escuela de ni\u00f1as externas, que por lo regu\u00adlar se compone de m\u00e1s de trescientas alumnas, se halla di\u00advidida en tres clases, y \u00e9stas en cuatro secciones, abrazan\u00addo todos los ramos de ense\u00f1anza, desde el punto de media al bordado de todo g\u00e9nero, con m\u00e1s la lectura, escritura y cuentas.<\/p>\n<p>Tales son los importantes servicios que a la sociedad prestan las Hijas de la Caridad, debi\u00e9ndoles muchos padres de familia la religiosidad y esmerada educaci\u00f3n de sus hijas, y muchos maridos la bondad, buen gobierno y virtudes de sus esposas. Todo sin perjuicio de estar dispuestas a soco\u00adrrer y cuidar a los enfermos si se las llama, y bien sabido es el esmerado celo de aqu\u00e9llas, que con justicia han lle\u00adgado a apellidarse<\/p>\n","protected":false},"excerpt":{"rendered":"<p>La instituci\u00f3n de la Congregaci\u00f3n de las Hijas de la Ca\u00adridad se debe al celo extraordinario del esclarecido San Vi\u00adcente de Pa\u00fal, en el a\u00f1o 1633. El objeto de tan ben\u00e9fico Instituto es el servicio &#8230; <a href=\"https:\/\/vincentians.com\/es\/datos-historicos-del-colegio-de-las-hijas-de-la-caridad-de-barbastro\/\" class=\"more-link\">Read More<\/a><\/p>\n","protected":false},"author":5,"featured_media":401109,"comment_status":"open","ping_status":"open","sticky":false,"template":"","format":"standard","meta":{"jetpack_post_was_ever_published":false,"_jetpack_newsletter_access":"","_jetpack_dont_email_post_to_subs":false,"_jetpack_newsletter_tier_id":0,"_jetpack_memberships_contains_paywalled_content":false,"_jetpack_memberships_contains_paid_content":false,"footnotes":"","jetpack_publicize_message":"","jetpack_publicize_feature_enabled":true,"jetpack_social_post_already_shared":true,"jetpack_social_options":{"image_generator_settings":{"template":"highway","default_image_id":0,"font":"","enabled":false},"version":2}},"categories":[237],"tags":[],"class_list":["post-405563","post","type-post","status-publish","format-standard","has-post-thumbnail","hentry","category-historia-de-las-hijas-de-la-caridad"],"yoast_head":"<!-- This site is optimized with the Yoast SEO plugin v26.3 - https:\/\/yoast.com\/wordpress\/plugins\/seo\/ -->\n<title>Datos hist\u00f3ricos del Colegio de las Hijas de la Caridad de Barbastro - Somos Vicencianos<\/title>\n<meta name=\"robots\" content=\"index, follow, max-snippet:-1, max-image-preview:large, max-video-preview:-1\" \/>\n<link rel=\"canonical\" href=\"http:\/\/vincentians.com\/es\/datos-historicos-del-colegio-de-las-hijas-de-la-caridad-de-barbastro\/\" \/>\n<meta property=\"og:locale\" content=\"es_ES\" \/>\n<meta property=\"og:type\" content=\"article\" \/>\n<meta property=\"og:title\" content=\"Datos hist\u00f3ricos del Colegio de las Hijas de la Caridad de Barbastro - Somos Vicencianos\" \/>\n<meta property=\"og:description\" content=\"La instituci\u00f3n de la Congregaci\u00f3n de las Hijas de la Ca\u00adridad se debe al celo extraordinario del esclarecido San Vi\u00adcente de Pa\u00fal, en el a\u00f1o 1633. El objeto de tan ben\u00e9fico Instituto es el servicio ... Read More\" \/>\n<meta property=\"og:url\" content=\"http:\/\/vincentians.com\/es\/datos-historicos-del-colegio-de-las-hijas-de-la-caridad-de-barbastro\/\" \/>\n<meta property=\"og:site_name\" content=\"Somos Vicencianos\" \/>\n<meta property=\"article:publisher\" content=\"https:\/\/www.facebook.com\/WeAreVincentians\/\" \/>\n<meta property=\"article:published_time\" content=\"2024-09-06T06:33:03+00:00\" \/>\n<meta property=\"og:image\" content=\"https:\/\/i0.wp.com\/vincentians.com\/es\/wp-content\/uploads\/sites\/11\/2012\/05\/Limpias15.jpg?fit=550%2C370\" \/>\n\t<meta property=\"og:image:width\" content=\"550\" \/>\n\t<meta property=\"og:image:height\" content=\"370\" \/>\n\t<meta property=\"og:image:type\" content=\"image\/jpeg\" \/>\n<meta name=\"author\" content=\"Mitxel Olabu\u00e9naga\" \/>\n<meta name=\"twitter:card\" content=\"summary_large_image\" \/>\n<meta name=\"twitter:creator\" content=\"@WeVincentians\" \/>\n<meta name=\"twitter:site\" content=\"@WeVincentians\" \/>\n<meta name=\"twitter:label1\" content=\"Escrito por\" \/>\n\t<meta name=\"twitter:data1\" content=\"Mitxel Olabu\u00e9naga\" \/>\n\t<meta name=\"twitter:label2\" content=\"Tiempo de lectura\" \/>\n\t<meta name=\"twitter:data2\" content=\"6 minutos\" \/>\n<script type=\"application\/ld+json\" class=\"yoast-schema-graph\">{\"@context\":\"https:\/\/schema.org\",\"@graph\":[{\"@type\":\"Article\",\"@id\":\"http:\/\/vincentians.com\/es\/datos-historicos-del-colegio-de-las-hijas-de-la-caridad-de-barbastro\/#article\",\"isPartOf\":{\"@id\":\"http:\/\/vincentians.com\/es\/datos-historicos-del-colegio-de-las-hijas-de-la-caridad-de-barbastro\/\"},\"author\":{\"name\":\"Mitxel Olabu\u00e9naga\",\"@id\":\"http:\/\/vincentians.com\/es\/#\/schema\/person\/7c2670b4445a7ca9d164ea6acdb31859\"},\"headline\":\"Datos hist\u00f3ricos del Colegio de las Hijas de la Caridad de Barbastro\",\"datePublished\":\"2024-09-06T06:33:03+00:00\",\"mainEntityOfPage\":{\"@id\":\"http:\/\/vincentians.com\/es\/datos-historicos-del-colegio-de-las-hijas-de-la-caridad-de-barbastro\/\"},\"wordCount\":1400,\"commentCount\":0,\"publisher\":{\"@id\":\"http:\/\/vincentians.com\/es\/#organization\"},\"image\":{\"@id\":\"http:\/\/vincentians.com\/es\/datos-historicos-del-colegio-de-las-hijas-de-la-caridad-de-barbastro\/#primaryimage\"},\"thumbnailUrl\":\"https:\/\/i0.wp.com\/vincentians.com\/es\/wp-content\/uploads\/sites\/11\/2012\/05\/Limpias15.jpg?fit=550%2C370&ssl=1\",\"articleSection\":[\"Historia de las Hijas de la Caridad\"],\"inLanguage\":\"es\",\"potentialAction\":[{\"@type\":\"CommentAction\",\"name\":\"Comment\",\"target\":[\"http:\/\/vincentians.com\/es\/datos-historicos-del-colegio-de-las-hijas-de-la-caridad-de-barbastro\/#respond\"]}]},{\"@type\":\"WebPage\",\"@id\":\"http:\/\/vincentians.com\/es\/datos-historicos-del-colegio-de-las-hijas-de-la-caridad-de-barbastro\/\",\"url\":\"http:\/\/vincentians.com\/es\/datos-historicos-del-colegio-de-las-hijas-de-la-caridad-de-barbastro\/\",\"name\":\"Datos hist\u00f3ricos del Colegio de las Hijas de la Caridad de Barbastro - Somos Vicencianos\",\"isPartOf\":{\"@id\":\"http:\/\/vincentians.com\/es\/#website\"},\"primaryImageOfPage\":{\"@id\":\"http:\/\/vincentians.com\/es\/datos-historicos-del-colegio-de-las-hijas-de-la-caridad-de-barbastro\/#primaryimage\"},\"image\":{\"@id\":\"http:\/\/vincentians.com\/es\/datos-historicos-del-colegio-de-las-hijas-de-la-caridad-de-barbastro\/#primaryimage\"},\"thumbnailUrl\":\"https:\/\/i0.wp.com\/vincentians.com\/es\/wp-content\/uploads\/sites\/11\/2012\/05\/Limpias15.jpg?fit=550%2C370&ssl=1\",\"datePublished\":\"2024-09-06T06:33:03+00:00\",\"breadcrumb\":{\"@id\":\"http:\/\/vincentians.com\/es\/datos-historicos-del-colegio-de-las-hijas-de-la-caridad-de-barbastro\/#breadcrumb\"},\"inLanguage\":\"es\",\"potentialAction\":[{\"@type\":\"ReadAction\",\"target\":[\"http:\/\/vincentians.com\/es\/datos-historicos-del-colegio-de-las-hijas-de-la-caridad-de-barbastro\/\"]}]},{\"@type\":\"ImageObject\",\"inLanguage\":\"es\",\"@id\":\"http:\/\/vincentians.com\/es\/datos-historicos-del-colegio-de-las-hijas-de-la-caridad-de-barbastro\/#primaryimage\",\"url\":\"https:\/\/i0.wp.com\/vincentians.com\/es\/wp-content\/uploads\/sites\/11\/2012\/05\/Limpias15.jpg?fit=550%2C370&ssl=1\",\"contentUrl\":\"https:\/\/i0.wp.com\/vincentians.com\/es\/wp-content\/uploads\/sites\/11\/2012\/05\/Limpias15.jpg?fit=550%2C370&ssl=1\",\"width\":550,\"height\":370},{\"@type\":\"BreadcrumbList\",\"@id\":\"http:\/\/vincentians.com\/es\/datos-historicos-del-colegio-de-las-hijas-de-la-caridad-de-barbastro\/#breadcrumb\",\"itemListElement\":[{\"@type\":\"ListItem\",\"position\":1,\"name\":\"Portada\",\"item\":\"http:\/\/vincentians.com\/es\/\"},{\"@type\":\"ListItem\",\"position\":2,\"name\":\"Datos hist\u00f3ricos del Colegio de las Hijas de la Caridad de Barbastro\"}]},{\"@type\":\"WebSite\",\"@id\":\"http:\/\/vincentians.com\/es\/#website\",\"url\":\"http:\/\/vincentians.com\/es\/\",\"name\":\"Somos Vicencianos\",\"description\":\"Know more to serve more\",\"publisher\":{\"@id\":\"http:\/\/vincentians.com\/es\/#organization\"},\"potentialAction\":[{\"@type\":\"SearchAction\",\"target\":{\"@type\":\"EntryPoint\",\"urlTemplate\":\"http:\/\/vincentians.com\/es\/?s={search_term_string}\"},\"query-input\":{\"@type\":\"PropertyValueSpecification\",\"valueRequired\":true,\"valueName\":\"search_term_string\"}}],\"inLanguage\":\"es\"},{\"@type\":\"Organization\",\"@id\":\"http:\/\/vincentians.com\/es\/#organization\",\"name\":\"The Vincentian Network\",\"url\":\"http:\/\/vincentians.com\/es\/\",\"logo\":{\"@type\":\"ImageObject\",\"inLanguage\":\"es\",\"@id\":\"http:\/\/vincentians.com\/es\/#\/schema\/logo\/image\/\",\"url\":\"https:\/\/i1.wp.com\/vincentians.com\/es\/wp-content\/uploads\/sites\/11\/2016\/06\/Vincentian-Network-logo-big.png?fit=778%2C778\",\"contentUrl\":\"https:\/\/i1.wp.com\/vincentians.com\/es\/wp-content\/uploads\/sites\/11\/2016\/06\/Vincentian-Network-logo-big.png?fit=778%2C778\",\"width\":778,\"height\":778,\"caption\":\"The Vincentian Network\"},\"image\":{\"@id\":\"http:\/\/vincentians.com\/es\/#\/schema\/logo\/image\/\"},\"sameAs\":[\"https:\/\/www.facebook.com\/WeAreVincentians\/\",\"https:\/\/x.com\/WeVincentians\"]},{\"@type\":\"Person\",\"@id\":\"http:\/\/vincentians.com\/es\/#\/schema\/person\/7c2670b4445a7ca9d164ea6acdb31859\",\"name\":\"Mitxel Olabu\u00e9naga\",\"image\":{\"@type\":\"ImageObject\",\"inLanguage\":\"es\",\"@id\":\"http:\/\/vincentians.com\/es\/#\/schema\/person\/image\/\",\"url\":\"https:\/\/secure.gravatar.com\/avatar\/34137ec2e2b8939cbbed975731e71f3f4f1defc7266ded337a5ce0f925426877?s=96&d=mm&r=g\",\"contentUrl\":\"https:\/\/secure.gravatar.com\/avatar\/34137ec2e2b8939cbbed975731e71f3f4f1defc7266ded337a5ce0f925426877?s=96&d=mm&r=g\",\"caption\":\"Mitxel Olabu\u00e9naga\"},\"url\":\"https:\/\/vincentians.com\/es\/author\/mitxel\/\"}]}<\/script>\n<!-- \/ Yoast SEO plugin. -->","yoast_head_json":{"title":"Datos hist\u00f3ricos del Colegio de las Hijas de la Caridad de Barbastro - Somos Vicencianos","robots":{"index":"index","follow":"follow","max-snippet":"max-snippet:-1","max-image-preview":"max-image-preview:large","max-video-preview":"max-video-preview:-1"},"canonical":"http:\/\/vincentians.com\/es\/datos-historicos-del-colegio-de-las-hijas-de-la-caridad-de-barbastro\/","og_locale":"es_ES","og_type":"article","og_title":"Datos hist\u00f3ricos del Colegio de las Hijas de la Caridad de Barbastro - Somos Vicencianos","og_description":"La instituci\u00f3n de la Congregaci\u00f3n de las Hijas de la Ca\u00adridad se debe al celo extraordinario del esclarecido San Vi\u00adcente de Pa\u00fal, en el a\u00f1o 1633. El objeto de tan ben\u00e9fico Instituto es el servicio ... Read More","og_url":"http:\/\/vincentians.com\/es\/datos-historicos-del-colegio-de-las-hijas-de-la-caridad-de-barbastro\/","og_site_name":"Somos Vicencianos","article_publisher":"https:\/\/www.facebook.com\/WeAreVincentians\/","article_published_time":"2024-09-06T06:33:03+00:00","og_image":[{"width":550,"height":370,"url":"https:\/\/i0.wp.com\/vincentians.com\/es\/wp-content\/uploads\/sites\/11\/2012\/05\/Limpias15.jpg?fit=550%2C370","type":"image\/jpeg"}],"author":"Mitxel Olabu\u00e9naga","twitter_card":"summary_large_image","twitter_creator":"@WeVincentians","twitter_site":"@WeVincentians","twitter_misc":{"Escrito por":"Mitxel Olabu\u00e9naga","Tiempo de lectura":"6 minutos"},"schema":{"@context":"https:\/\/schema.org","@graph":[{"@type":"Article","@id":"http:\/\/vincentians.com\/es\/datos-historicos-del-colegio-de-las-hijas-de-la-caridad-de-barbastro\/#article","isPartOf":{"@id":"http:\/\/vincentians.com\/es\/datos-historicos-del-colegio-de-las-hijas-de-la-caridad-de-barbastro\/"},"author":{"name":"Mitxel Olabu\u00e9naga","@id":"http:\/\/vincentians.com\/es\/#\/schema\/person\/7c2670b4445a7ca9d164ea6acdb31859"},"headline":"Datos hist\u00f3ricos del Colegio de las Hijas de la Caridad de Barbastro","datePublished":"2024-09-06T06:33:03+00:00","mainEntityOfPage":{"@id":"http:\/\/vincentians.com\/es\/datos-historicos-del-colegio-de-las-hijas-de-la-caridad-de-barbastro\/"},"wordCount":1400,"commentCount":0,"publisher":{"@id":"http:\/\/vincentians.com\/es\/#organization"},"image":{"@id":"http:\/\/vincentians.com\/es\/datos-historicos-del-colegio-de-las-hijas-de-la-caridad-de-barbastro\/#primaryimage"},"thumbnailUrl":"https:\/\/i0.wp.com\/vincentians.com\/es\/wp-content\/uploads\/sites\/11\/2012\/05\/Limpias15.jpg?fit=550%2C370&ssl=1","articleSection":["Historia de las Hijas de la Caridad"],"inLanguage":"es","potentialAction":[{"@type":"CommentAction","name":"Comment","target":["http:\/\/vincentians.com\/es\/datos-historicos-del-colegio-de-las-hijas-de-la-caridad-de-barbastro\/#respond"]}]},{"@type":"WebPage","@id":"http:\/\/vincentians.com\/es\/datos-historicos-del-colegio-de-las-hijas-de-la-caridad-de-barbastro\/","url":"http:\/\/vincentians.com\/es\/datos-historicos-del-colegio-de-las-hijas-de-la-caridad-de-barbastro\/","name":"Datos hist\u00f3ricos del Colegio de las Hijas de la Caridad de Barbastro - Somos Vicencianos","isPartOf":{"@id":"http:\/\/vincentians.com\/es\/#website"},"primaryImageOfPage":{"@id":"http:\/\/vincentians.com\/es\/datos-historicos-del-colegio-de-las-hijas-de-la-caridad-de-barbastro\/#primaryimage"},"image":{"@id":"http:\/\/vincentians.com\/es\/datos-historicos-del-colegio-de-las-hijas-de-la-caridad-de-barbastro\/#primaryimage"},"thumbnailUrl":"https:\/\/i0.wp.com\/vincentians.com\/es\/wp-content\/uploads\/sites\/11\/2012\/05\/Limpias15.jpg?fit=550%2C370&ssl=1","datePublished":"2024-09-06T06:33:03+00:00","breadcrumb":{"@id":"http:\/\/vincentians.com\/es\/datos-historicos-del-colegio-de-las-hijas-de-la-caridad-de-barbastro\/#breadcrumb"},"inLanguage":"es","potentialAction":[{"@type":"ReadAction","target":["http:\/\/vincentians.com\/es\/datos-historicos-del-colegio-de-las-hijas-de-la-caridad-de-barbastro\/"]}]},{"@type":"ImageObject","inLanguage":"es","@id":"http:\/\/vincentians.com\/es\/datos-historicos-del-colegio-de-las-hijas-de-la-caridad-de-barbastro\/#primaryimage","url":"https:\/\/i0.wp.com\/vincentians.com\/es\/wp-content\/uploads\/sites\/11\/2012\/05\/Limpias15.jpg?fit=550%2C370&ssl=1","contentUrl":"https:\/\/i0.wp.com\/vincentians.com\/es\/wp-content\/uploads\/sites\/11\/2012\/05\/Limpias15.jpg?fit=550%2C370&ssl=1","width":550,"height":370},{"@type":"BreadcrumbList","@id":"http:\/\/vincentians.com\/es\/datos-historicos-del-colegio-de-las-hijas-de-la-caridad-de-barbastro\/#breadcrumb","itemListElement":[{"@type":"ListItem","position":1,"name":"Portada","item":"http:\/\/vincentians.com\/es\/"},{"@type":"ListItem","position":2,"name":"Datos hist\u00f3ricos del Colegio de las Hijas de la Caridad de Barbastro"}]},{"@type":"WebSite","@id":"http:\/\/vincentians.com\/es\/#website","url":"http:\/\/vincentians.com\/es\/","name":"Somos Vicencianos","description":"Know more to serve more","publisher":{"@id":"http:\/\/vincentians.com\/es\/#organization"},"potentialAction":[{"@type":"SearchAction","target":{"@type":"EntryPoint","urlTemplate":"http:\/\/vincentians.com\/es\/?s={search_term_string}"},"query-input":{"@type":"PropertyValueSpecification","valueRequired":true,"valueName":"search_term_string"}}],"inLanguage":"es"},{"@type":"Organization","@id":"http:\/\/vincentians.com\/es\/#organization","name":"The Vincentian Network","url":"http:\/\/vincentians.com\/es\/","logo":{"@type":"ImageObject","inLanguage":"es","@id":"http:\/\/vincentians.com\/es\/#\/schema\/logo\/image\/","url":"https:\/\/i1.wp.com\/vincentians.com\/es\/wp-content\/uploads\/sites\/11\/2016\/06\/Vincentian-Network-logo-big.png?fit=778%2C778","contentUrl":"https:\/\/i1.wp.com\/vincentians.com\/es\/wp-content\/uploads\/sites\/11\/2016\/06\/Vincentian-Network-logo-big.png?fit=778%2C778","width":778,"height":778,"caption":"The Vincentian Network"},"image":{"@id":"http:\/\/vincentians.com\/es\/#\/schema\/logo\/image\/"},"sameAs":["https:\/\/www.facebook.com\/WeAreVincentians\/","https:\/\/x.com\/WeVincentians"]},{"@type":"Person","@id":"http:\/\/vincentians.com\/es\/#\/schema\/person\/7c2670b4445a7ca9d164ea6acdb31859","name":"Mitxel Olabu\u00e9naga","image":{"@type":"ImageObject","inLanguage":"es","@id":"http:\/\/vincentians.com\/es\/#\/schema\/person\/image\/","url":"https:\/\/secure.gravatar.com\/avatar\/34137ec2e2b8939cbbed975731e71f3f4f1defc7266ded337a5ce0f925426877?s=96&d=mm&r=g","contentUrl":"https:\/\/secure.gravatar.com\/avatar\/34137ec2e2b8939cbbed975731e71f3f4f1defc7266ded337a5ce0f925426877?s=96&d=mm&r=g","caption":"Mitxel Olabu\u00e9naga"},"url":"https:\/\/vincentians.com\/es\/author\/mitxel\/"}]}},"jetpack_publicize_connections":[],"jetpack_featured_media_url":"https:\/\/i0.wp.com\/vincentians.com\/es\/wp-content\/uploads\/sites\/11\/2012\/05\/Limpias15.jpg?fit=550%2C370&ssl=1","jetpack_sharing_enabled":true,"jetpack_shortlink":"https:\/\/wp.me\/p7ETMF-1Hvl","jetpack-related-posts":[{"id":387400,"url":"https:\/\/vincentians.com\/es\/la-provincia-espanola-de-las-hijas-de-la-caridad-iv\/","url_meta":{"origin":405563,"position":0},"title":"La Provincia espa\u00f1ola de las Hijas de la Caridad (IV)","author":"Mitxel Olabu\u00e9naga","date":"05\/05\/2016","format":false,"excerpt":"Fundaci\u00f3n en L\u00e9rida. La venida de las Hijas de la Caridad a Espa\u00f1a hab\u00eda sido providencial. La revoluci\u00f3n espantosa francesa disolvi\u00f3 en Francia todas las comunidades y muy amargos d\u00edas hubiesen pasado nuestras Hermanas espa\u00f1olas de haber continuado en aquel pa\u00eds, lejos de sus familias. Y no fue menos providencial\u2026","rel":"","context":"En \u00abHistoria de las Hijas de la Caridad\u00bb","block_context":{"text":"Historia de las Hijas de la Caridad","link":"https:\/\/vincentians.com\/es\/category\/historia-de-la-familia-vicenciana\/historia-de-las-hijas-de-la-caridad\/"},"img":{"alt_text":"","src":"https:\/\/i0.wp.com\/vincentians.com\/es\/wp-content\/uploads\/sites\/11\/2016\/07\/hijas-caridad-espanya.jpg?fit=1200%2C630&ssl=1&resize=350%2C200","width":350,"height":200,"srcset":"https:\/\/i0.wp.com\/vincentians.com\/es\/wp-content\/uploads\/sites\/11\/2016\/07\/hijas-caridad-espanya.jpg?fit=1200%2C630&ssl=1&resize=350%2C200 1x, https:\/\/i0.wp.com\/vincentians.com\/es\/wp-content\/uploads\/sites\/11\/2016\/07\/hijas-caridad-espanya.jpg?fit=1200%2C630&ssl=1&resize=525%2C300 1.5x, https:\/\/i0.wp.com\/vincentians.com\/es\/wp-content\/uploads\/sites\/11\/2016\/07\/hijas-caridad-espanya.jpg?fit=1200%2C630&ssl=1&resize=700%2C400 2x, https:\/\/i0.wp.com\/vincentians.com\/es\/wp-content\/uploads\/sites\/11\/2016\/07\/hijas-caridad-espanya.jpg?fit=1200%2C630&ssl=1&resize=1050%2C600 3x"},"classes":[]},{"id":387738,"url":"https:\/\/vincentians.com\/es\/la-provincia-espanola-de-las-hijas-de-la-caridad-xxxii\/","url_meta":{"origin":405563,"position":1},"title":"La Provincia espa\u00f1ola de las Hijas de la Caridad (XXXII)","author":"Mitxel Olabu\u00e9naga","date":"26\/07\/2016","format":false,"excerpt":"A principios de marzo de 1830, la Junta del Hospital de San\u00adto Domingo de la Calzada, comision\u00f3 al Vicario Capitular de aquella Iglesia D. Vicente Guerrero, para que pasase a tratar con el P. Feu, que \u00adse hallaba visitando el Hospital de Vitoria, a fin de conseguir Herma\u00adnas para el\u2026","rel":"","context":"En \u00abHistoria de las Hijas de la Caridad\u00bb","block_context":{"text":"Historia de las Hijas de la Caridad","link":"https:\/\/vincentians.com\/es\/category\/historia-de-la-familia-vicenciana\/historia-de-las-hijas-de-la-caridad\/"},"img":{"alt_text":"","src":"https:\/\/i0.wp.com\/vincentians.com\/es\/wp-content\/uploads\/sites\/11\/2016\/07\/hijas-caridad-espanya.jpg?fit=1200%2C630&ssl=1&resize=350%2C200","width":350,"height":200,"srcset":"https:\/\/i0.wp.com\/vincentians.com\/es\/wp-content\/uploads\/sites\/11\/2016\/07\/hijas-caridad-espanya.jpg?fit=1200%2C630&ssl=1&resize=350%2C200 1x, https:\/\/i0.wp.com\/vincentians.com\/es\/wp-content\/uploads\/sites\/11\/2016\/07\/hijas-caridad-espanya.jpg?fit=1200%2C630&ssl=1&resize=525%2C300 1.5x, https:\/\/i0.wp.com\/vincentians.com\/es\/wp-content\/uploads\/sites\/11\/2016\/07\/hijas-caridad-espanya.jpg?fit=1200%2C630&ssl=1&resize=700%2C400 2x, https:\/\/i0.wp.com\/vincentians.com\/es\/wp-content\/uploads\/sites\/11\/2016\/07\/hijas-caridad-espanya.jpg?fit=1200%2C630&ssl=1&resize=1050%2C600 3x"},"classes":[]},{"id":387730,"url":"https:\/\/vincentians.com\/es\/la-provincia-espanola-de-las-hijas-de-la-caridad-xxix\/","url_meta":{"origin":405563,"position":2},"title":"La Provincia espa\u00f1ola de las Hijas de la Caridad (XXIX)","author":"Mitxel Olabu\u00e9naga","date":"19\/07\/2016","format":false,"excerpt":"Sabido es que el supremo gobierno de las Familias de S. Vicente, desde los tiempos de la Revoluci\u00f3n Francesa de 1793, andaba dividido entre dos Vicarios Generales, uno en Roma y el otro en Par\u00eds. En los a\u00f1os de la invasi\u00f3n francesa y de las guerras napole\u00f3nicas dos de nuestros\u2026","rel":"","context":"En \u00abHistoria de las Hijas de la Caridad\u00bb","block_context":{"text":"Historia de las Hijas de la Caridad","link":"https:\/\/vincentians.com\/es\/category\/historia-de-la-familia-vicenciana\/historia-de-las-hijas-de-la-caridad\/"},"img":{"alt_text":"","src":"https:\/\/i0.wp.com\/vincentians.com\/es\/wp-content\/uploads\/sites\/11\/2016\/07\/hijas-caridad-espanya.jpg?fit=1200%2C630&ssl=1&resize=350%2C200","width":350,"height":200,"srcset":"https:\/\/i0.wp.com\/vincentians.com\/es\/wp-content\/uploads\/sites\/11\/2016\/07\/hijas-caridad-espanya.jpg?fit=1200%2C630&ssl=1&resize=350%2C200 1x, https:\/\/i0.wp.com\/vincentians.com\/es\/wp-content\/uploads\/sites\/11\/2016\/07\/hijas-caridad-espanya.jpg?fit=1200%2C630&ssl=1&resize=525%2C300 1.5x, https:\/\/i0.wp.com\/vincentians.com\/es\/wp-content\/uploads\/sites\/11\/2016\/07\/hijas-caridad-espanya.jpg?fit=1200%2C630&ssl=1&resize=700%2C400 2x, https:\/\/i0.wp.com\/vincentians.com\/es\/wp-content\/uploads\/sites\/11\/2016\/07\/hijas-caridad-espanya.jpg?fit=1200%2C630&ssl=1&resize=1050%2C600 3x"},"classes":[]},{"id":127035,"url":"https:\/\/vincentians.com\/es\/afianzar-la-compania\/","url_meta":{"origin":405563,"position":3},"title":"Afianzar la Compa\u00f1\u00eda","author":"Mitxel Olabu\u00e9naga","date":"23\/01\/2024","format":false,"excerpt":"Los votos Durante el verano de 1640, mientras Luisa organizaba las comunidades de Angers y de los ni\u00f1os abandonados y se preocupaba de los galeotes, no olvidaba avanzar en las es\u00adtructuras de la Compa\u00f1\u00eda. Estaba convencida de que las Hijas de la Caridad formaban bastante m\u00e1s que una simple cofrad\u00eda;\u2026","rel":"","context":"En \u00abHistoria de las Hijas de la Caridad\u00bb","block_context":{"text":"Historia de las Hijas de la Caridad","link":"https:\/\/vincentians.com\/es\/category\/historia-de-la-familia-vicenciana\/historia-de-las-hijas-de-la-caridad\/"},"img":{"alt_text":"","src":"https:\/\/i0.wp.com\/vincentians.com\/es\/wp-content\/uploads\/sites\/11\/2013\/04\/hijas-caridaqd.jpg?fit=1200%2C675&ssl=1&resize=350%2C200","width":350,"height":200,"srcset":"https:\/\/i0.wp.com\/vincentians.com\/es\/wp-content\/uploads\/sites\/11\/2013\/04\/hijas-caridaqd.jpg?fit=1200%2C675&ssl=1&resize=350%2C200 1x, https:\/\/i0.wp.com\/vincentians.com\/es\/wp-content\/uploads\/sites\/11\/2013\/04\/hijas-caridaqd.jpg?fit=1200%2C675&ssl=1&resize=525%2C300 1.5x, https:\/\/i0.wp.com\/vincentians.com\/es\/wp-content\/uploads\/sites\/11\/2013\/04\/hijas-caridaqd.jpg?fit=1200%2C675&ssl=1&resize=700%2C400 2x, https:\/\/i0.wp.com\/vincentians.com\/es\/wp-content\/uploads\/sites\/11\/2013\/04\/hijas-caridaqd.jpg?fit=1200%2C675&ssl=1&resize=1050%2C600 3x"},"classes":[]},{"id":134948,"url":"https:\/\/vincentians.com\/es\/los-votos-no-religiosos-y-el-habito-como-las-campesinas\/","url_meta":{"origin":405563,"position":4},"title":"Los votos \u00abno religiosos\u00bb y el h\u00e1bito \u00abcomo las campesinas\u00bb","author":"Francisco Javier Fern\u00e1ndez Chento","date":"12\/01\/2015","format":false,"excerpt":"Al tratar del car\u00e1cter secular de las Hijas de la Caridad (c. III), he afirmado que los Fundadores, en orden a salvaguardar la identidad, evitaron cuidadosamente cuanto era propio de la vida religiosa: votos, h\u00e1bito, terminolog\u00eda, usos, como rejas en el locutorio, cambio del nombre del bautismo, etc. \u00bfC\u00f3mo, entonces,\u2026","rel":"","context":"En \u00abHijas de la Caridad\u00bb","block_context":{"text":"Hijas de la Caridad","link":"https:\/\/vincentians.com\/es\/category\/la-familia-vicenciana\/ramas\/hijas-de-la-caridad\/"},"img":{"alt_text":"guardame","src":"https:\/\/i0.wp.com\/vicencianos.org\/wp-content\/2015\/01\/guardame-300x246.jpg?resize=350%2C200","width":350,"height":200},"classes":[]},{"id":387673,"url":"https:\/\/vincentians.com\/es\/afianzar-la-compania-2\/","url_meta":{"origin":405563,"position":5},"title":"Afianzar la Compa\u00f1\u00eda","author":"Mitxel Olabu\u00e9naga","date":"17\/04\/2016","format":false,"excerpt":"Los votos Durante el verano de 1640, mientras Luisa organizaba las comunidades de Angers y de los ni\u00f1os abandonados y se preocupaba de los galeotes, no olvidaba avanzar en las es\u00adtructuras de la Compa\u00f1\u00eda. Estaba convencida de que las Hijas de la Caridad formaban bastante m\u00e1s que una simple cofrad\u00eda;\u2026","rel":"","context":"En \u00abEspiritualidad\u00bb","block_context":{"text":"Espiritualidad","link":"https:\/\/vincentians.com\/es\/category\/espiritualidad\/"},"img":{"alt_text":"LOGO HHC","src":"https:\/\/i0.wp.com\/vicencianos.org\/wp-content\/uploads\/2016\/03\/LOGO-HHC.gif?resize=350%2C200","width":350,"height":200},"classes":[]}],"_links":{"self":[{"href":"https:\/\/vincentians.com\/es\/wp-json\/wp\/v2\/posts\/405563","targetHints":{"allow":["GET"]}}],"collection":[{"href":"https:\/\/vincentians.com\/es\/wp-json\/wp\/v2\/posts"}],"about":[{"href":"https:\/\/vincentians.com\/es\/wp-json\/wp\/v2\/types\/post"}],"author":[{"embeddable":true,"href":"https:\/\/vincentians.com\/es\/wp-json\/wp\/v2\/users\/5"}],"replies":[{"embeddable":true,"href":"https:\/\/vincentians.com\/es\/wp-json\/wp\/v2\/comments?post=405563"}],"version-history":[{"count":1,"href":"https:\/\/vincentians.com\/es\/wp-json\/wp\/v2\/posts\/405563\/revisions"}],"predecessor-version":[{"id":405564,"href":"https:\/\/vincentians.com\/es\/wp-json\/wp\/v2\/posts\/405563\/revisions\/405564"}],"wp:featuredmedia":[{"embeddable":true,"href":"https:\/\/vincentians.com\/es\/wp-json\/wp\/v2\/media\/401109"}],"wp:attachment":[{"href":"https:\/\/vincentians.com\/es\/wp-json\/wp\/v2\/media?parent=405563"}],"wp:term":[{"taxonomy":"category","embeddable":true,"href":"https:\/\/vincentians.com\/es\/wp-json\/wp\/v2\/categories?post=405563"},{"taxonomy":"post_tag","embeddable":true,"href":"https:\/\/vincentians.com\/es\/wp-json\/wp\/v2\/tags?post=405563"}],"curies":[{"name":"wp","href":"https:\/\/api.w.org\/{rel}","templated":true}]}}