{"id":405480,"date":"2024-03-11T20:56:14","date_gmt":"2024-03-11T19:56:14","guid":{"rendered":"http:\/\/vincentians.com\/es\/?p=405480"},"modified":"2024-03-11T20:56:14","modified_gmt":"2024-03-11T19:56:14","slug":"la-sociedad-de-san-vicente-de-paul-organiza-un-concierto-homenaje-a-santiago-de-masarnau-en-madrid","status":"publish","type":"post","link":"https:\/\/vincentians.com\/es\/la-sociedad-de-san-vicente-de-paul-organiza-un-concierto-homenaje-a-santiago-de-masarnau-en-madrid\/","title":{"rendered":"La Sociedad de San Vicente de Pa\u00fal organiza un concierto homenaje a Santiago de Masarnau en Madrid"},"content":{"rendered":"<p>En Espa\u00f1a, la Sociedad de San Vicente de Pa\u00fal cumple 175 a\u00f1os desde su fundaci\u00f3n por Santiago de Masarnau, en Madrid<\/p>\n<p>El pr\u00f3ximo 22 de marzo a las 20:00 h, la Sociedad de San Vicente de Pa\u00fal (SSVP) ofrecer\u00e1 un recital de piano en Madrid, como parte de un ciclo de conciertos dedicado al pianista y compositor Santiago de Masarnau, fundador y primer presidente de la entidad en Espa\u00f1a en 1849. El acto se celebrar\u00e1 en la Iglesia de San Antonio de los Alemanes de la ciudad.<\/p>\n<p>El pianista italiano Edoardo Torbianelli interpretar\u00e1 algunas de las obras m\u00e1s destacadas de Santiago de Masarnau. Con motivo del 175\u00ba aniversario de su fundaci\u00f3n en Espa\u00f1a, la Sociedad de San Vicente de Pa\u00fal est\u00e1 organizando una serie de actos a nivel nacional e internacional, con los que quiere dar a conocer la vida y obra de Santiago de Masarnau y su forma de concebir la m\u00fasica, como un arte que conecta lo humano y lo divino, capaz de transmitir emociones y sentimientos. Desde sus inicios, la instituci\u00f3n se ha servido de la m\u00fasica como instrumento para facilitar la expresi\u00f3n, desarrollo, formaci\u00f3n e integraci\u00f3n de las personas en riesgo de exclusi\u00f3n social.<\/p>\n<p>En Madrid, la Sociedad de San Vicente de Pa\u00fal centra su obra social en dos grandes \u00e1reas: el acompa\u00f1amiento a pacientes en hospitales y el acompa\u00f1amiento a personas mayores, para mitigar la soledad.<\/p>\n<p>Adem\u00e1s, en la ciudad, la SSVP gestiona el Centro de Integraci\u00f3n Social Santiago de Masarnau, tambi\u00e9n conocido como Comedor Social Santiago de Masarnau, ubicado en el barrio de Bat\u00e1n, y que, gracias a la labor de su equipo de voluntariado, sirve comida caliente a m\u00e1s de 200 personas al d\u00eda, adem\u00e1s de repartir desayunos y cenas.<\/p>\n<p>El centro tambi\u00e9n desarrolla un programa de atenci\u00f3n integral que ayuda a 250 personas al mes a trav\u00e9s de servicios como: reparto de alimentos a familias, orientaci\u00f3n laboral, atenci\u00f3n social, talleres de formaci\u00f3n, consultorio m\u00e9dico y enfermer\u00eda, servicio de ropero y de ducha.<\/p>\n<p>El pr\u00f3ximo concierto en homenaje al fundador de la SSVP, y tras la buena acogida del recital en\u00a0C\u00f3rdoba el pasado mes de febrero, tendr\u00e1 lugar el pr\u00f3ximo 26 de marzo en la Catedral de Oviedo, a cargo de la pianista Claudia Dafne y Quentin Gu\u00e9rillot, organista de la Catedral de Saint-Denis (Par\u00eds).<\/p>\n<p>Proyecto de modernizaci\u00f3n y transformaci\u00f3n digital<\/p>\n<p>La Sociedad de San Vicente de Pa\u00fal, adem\u00e1s, est\u00e1 comprometida en un proceso de modernizaci\u00f3n y de transformaci\u00f3n digital del que se beneficiar\u00e1n m\u00e1s de 115.000 personas en situaci\u00f3n de vulnerabilidad a nivel nacional. Con este proyecto se pretende optimizar, agilizar y modernizar la operativa y gesti\u00f3n de la entidad, al mismo tiempo que aumentar la calidad de la atenci\u00f3n y servicio.<\/p>\n<p>Ciclo de conciertos &#8216;Santiago de Masarnau. El piano rom\u00e1ntico espa\u00f1ol&#8217;<\/p>\n<p>22 de marzo a las 20:00 h. en la\u00a0Iglesia de San Antonio de los Alemanes. Calle Puebla, n\u00famero 22. Madrid.<\/p>\n<p>Tomado de www.religiondigital.com<\/p>\n","protected":false},"excerpt":{"rendered":"<p>En Espa\u00f1a, la Sociedad de San Vicente de Pa\u00fal cumple 175 a\u00f1os desde su fundaci\u00f3n por Santiago de Masarnau, en Madrid El pr\u00f3ximo 22 de marzo a las 20:00 h, la Sociedad de San Vicente &#8230; <a href=\"https:\/\/vincentians.com\/es\/la-sociedad-de-san-vicente-de-paul-organiza-un-concierto-homenaje-a-santiago-de-masarnau-en-madrid\/\" class=\"more-link\">Read More<\/a><\/p>\n","protected":false},"author":5,"featured_media":405481,"comment_status":"open","ping_status":"open","sticky":false,"template":"","format":"standard","meta":{"jetpack_post_was_ever_published":false,"_jetpack_newsletter_access":"","_jetpack_dont_email_post_to_subs":false,"_jetpack_newsletter_tier_id":0,"_jetpack_memberships_contains_paywalled_content":false,"_jetpack_memberships_contains_paid_content":false,"footnotes":"","jetpack_publicize_message":"","jetpack_publicize_feature_enabled":true,"jetpack_social_post_already_shared":true,"jetpack_social_options":{"image_generator_settings":{"template":"highway","default_image_id":0,"font":"","enabled":false},"version":2}},"categories":[60,366,342],"tags":[],"class_list":["post-405480","post","type-post","status-publish","format-standard","has-post-thumbnail","hentry","category-efemerides-vicencianas","category-historia-de-la-sociedad-de-san-vicente-de-paul","category-santiago-masarnau"],"yoast_head":"<!-- This site is optimized with the Yoast SEO plugin v26.3 - https:\/\/yoast.com\/wordpress\/plugins\/seo\/ -->\n<title>La Sociedad de San Vicente de Pa\u00fal organiza un concierto homenaje a Santiago de Masarnau en Madrid - Somos Vicencianos<\/title>\n<meta name=\"robots\" content=\"index, follow, max-snippet:-1, max-image-preview:large, max-video-preview:-1\" \/>\n<link rel=\"canonical\" href=\"https:\/\/vincentians.com\/es\/la-sociedad-de-san-vicente-de-paul-organiza-un-concierto-homenaje-a-santiago-de-masarnau-en-madrid\/\" \/>\n<meta property=\"og:locale\" content=\"es_ES\" \/>\n<meta property=\"og:type\" content=\"article\" \/>\n<meta property=\"og:title\" content=\"La Sociedad de San Vicente de Pa\u00fal organiza un concierto homenaje a Santiago de Masarnau en Madrid - Somos Vicencianos\" \/>\n<meta property=\"og:description\" content=\"En Espa\u00f1a, la Sociedad de San Vicente de Pa\u00fal cumple 175 a\u00f1os desde su fundaci\u00f3n por Santiago de Masarnau, en Madrid El pr\u00f3ximo 22 de marzo a las 20:00 h, la Sociedad de San Vicente ... Read More\" \/>\n<meta property=\"og:url\" content=\"https:\/\/vincentians.com\/es\/la-sociedad-de-san-vicente-de-paul-organiza-un-concierto-homenaje-a-santiago-de-masarnau-en-madrid\/\" \/>\n<meta property=\"og:site_name\" content=\"Somos Vicencianos\" \/>\n<meta property=\"article:publisher\" content=\"https:\/\/www.facebook.com\/WeAreVincentians\/\" \/>\n<meta property=\"article:published_time\" content=\"2024-03-11T19:56:14+00:00\" \/>\n<meta property=\"og:image\" content=\"https:\/\/i0.wp.com\/vincentians.com\/es\/wp-content\/uploads\/sites\/11\/2024\/03\/Concierto_2650544968_16993386_660x371.jpg?fit=660%2C371&ssl=1\" \/>\n\t<meta property=\"og:image:width\" content=\"660\" \/>\n\t<meta property=\"og:image:height\" content=\"371\" \/>\n\t<meta property=\"og:image:type\" content=\"image\/jpeg\" \/>\n<meta name=\"author\" content=\"Mitxel Olabu\u00e9naga\" \/>\n<meta name=\"twitter:card\" content=\"summary_large_image\" \/>\n<meta name=\"twitter:creator\" content=\"@WeVincentians\" \/>\n<meta name=\"twitter:site\" content=\"@WeVincentians\" \/>\n<meta name=\"twitter:label1\" content=\"Escrito por\" \/>\n\t<meta name=\"twitter:data1\" content=\"Mitxel Olabu\u00e9naga\" \/>\n\t<meta name=\"twitter:label2\" content=\"Tiempo de lectura\" \/>\n\t<meta name=\"twitter:data2\" content=\"3 minutos\" \/>\n<script type=\"application\/ld+json\" class=\"yoast-schema-graph\">{\"@context\":\"https:\/\/schema.org\",\"@graph\":[{\"@type\":\"Article\",\"@id\":\"https:\/\/vincentians.com\/es\/la-sociedad-de-san-vicente-de-paul-organiza-un-concierto-homenaje-a-santiago-de-masarnau-en-madrid\/#article\",\"isPartOf\":{\"@id\":\"https:\/\/vincentians.com\/es\/la-sociedad-de-san-vicente-de-paul-organiza-un-concierto-homenaje-a-santiago-de-masarnau-en-madrid\/\"},\"author\":{\"name\":\"Mitxel Olabu\u00e9naga\",\"@id\":\"https:\/\/vincentians.com\/es\/#\/schema\/person\/7c2670b4445a7ca9d164ea6acdb31859\"},\"headline\":\"La Sociedad de San Vicente de Pa\u00fal organiza un concierto homenaje a Santiago de Masarnau en Madrid\",\"datePublished\":\"2024-03-11T19:56:14+00:00\",\"mainEntityOfPage\":{\"@id\":\"https:\/\/vincentians.com\/es\/la-sociedad-de-san-vicente-de-paul-organiza-un-concierto-homenaje-a-santiago-de-masarnau-en-madrid\/\"},\"wordCount\":548,\"commentCount\":0,\"publisher\":{\"@id\":\"https:\/\/vincentians.com\/es\/#organization\"},\"image\":{\"@id\":\"https:\/\/vincentians.com\/es\/la-sociedad-de-san-vicente-de-paul-organiza-un-concierto-homenaje-a-santiago-de-masarnau-en-madrid\/#primaryimage\"},\"thumbnailUrl\":\"https:\/\/i0.wp.com\/vincentians.com\/es\/wp-content\/uploads\/sites\/11\/2024\/03\/Concierto_2650544968_16993386_660x371.jpg?fit=660%2C371&ssl=1\",\"articleSection\":[\"Efem\u00e9rides Vicencianas\",\"Historia de la Sociedad de san Vicente de Pa\u00fal\",\"Santiago Masarnau\"],\"inLanguage\":\"es\",\"potentialAction\":[{\"@type\":\"CommentAction\",\"name\":\"Comment\",\"target\":[\"https:\/\/vincentians.com\/es\/la-sociedad-de-san-vicente-de-paul-organiza-un-concierto-homenaje-a-santiago-de-masarnau-en-madrid\/#respond\"]}]},{\"@type\":\"WebPage\",\"@id\":\"https:\/\/vincentians.com\/es\/la-sociedad-de-san-vicente-de-paul-organiza-un-concierto-homenaje-a-santiago-de-masarnau-en-madrid\/\",\"url\":\"https:\/\/vincentians.com\/es\/la-sociedad-de-san-vicente-de-paul-organiza-un-concierto-homenaje-a-santiago-de-masarnau-en-madrid\/\",\"name\":\"La Sociedad de San Vicente de Pa\u00fal organiza un concierto homenaje a Santiago de Masarnau en Madrid - Somos Vicencianos\",\"isPartOf\":{\"@id\":\"https:\/\/vincentians.com\/es\/#website\"},\"primaryImageOfPage\":{\"@id\":\"https:\/\/vincentians.com\/es\/la-sociedad-de-san-vicente-de-paul-organiza-un-concierto-homenaje-a-santiago-de-masarnau-en-madrid\/#primaryimage\"},\"image\":{\"@id\":\"https:\/\/vincentians.com\/es\/la-sociedad-de-san-vicente-de-paul-organiza-un-concierto-homenaje-a-santiago-de-masarnau-en-madrid\/#primaryimage\"},\"thumbnailUrl\":\"https:\/\/i0.wp.com\/vincentians.com\/es\/wp-content\/uploads\/sites\/11\/2024\/03\/Concierto_2650544968_16993386_660x371.jpg?fit=660%2C371&ssl=1\",\"datePublished\":\"2024-03-11T19:56:14+00:00\",\"breadcrumb\":{\"@id\":\"https:\/\/vincentians.com\/es\/la-sociedad-de-san-vicente-de-paul-organiza-un-concierto-homenaje-a-santiago-de-masarnau-en-madrid\/#breadcrumb\"},\"inLanguage\":\"es\",\"potentialAction\":[{\"@type\":\"ReadAction\",\"target\":[\"https:\/\/vincentians.com\/es\/la-sociedad-de-san-vicente-de-paul-organiza-un-concierto-homenaje-a-santiago-de-masarnau-en-madrid\/\"]}]},{\"@type\":\"ImageObject\",\"inLanguage\":\"es\",\"@id\":\"https:\/\/vincentians.com\/es\/la-sociedad-de-san-vicente-de-paul-organiza-un-concierto-homenaje-a-santiago-de-masarnau-en-madrid\/#primaryimage\",\"url\":\"https:\/\/i0.wp.com\/vincentians.com\/es\/wp-content\/uploads\/sites\/11\/2024\/03\/Concierto_2650544968_16993386_660x371.jpg?fit=660%2C371&ssl=1\",\"contentUrl\":\"https:\/\/i0.wp.com\/vincentians.com\/es\/wp-content\/uploads\/sites\/11\/2024\/03\/Concierto_2650544968_16993386_660x371.jpg?fit=660%2C371&ssl=1\",\"width\":660,\"height\":371},{\"@type\":\"BreadcrumbList\",\"@id\":\"https:\/\/vincentians.com\/es\/la-sociedad-de-san-vicente-de-paul-organiza-un-concierto-homenaje-a-santiago-de-masarnau-en-madrid\/#breadcrumb\",\"itemListElement\":[{\"@type\":\"ListItem\",\"position\":1,\"name\":\"Portada\",\"item\":\"https:\/\/vincentians.com\/es\/\"},{\"@type\":\"ListItem\",\"position\":2,\"name\":\"La Sociedad de San Vicente de Pa\u00fal organiza un concierto homenaje a Santiago de Masarnau en Madrid\"}]},{\"@type\":\"WebSite\",\"@id\":\"https:\/\/vincentians.com\/es\/#website\",\"url\":\"https:\/\/vincentians.com\/es\/\",\"name\":\"Somos Vicencianos\",\"description\":\"Know more to serve more\",\"publisher\":{\"@id\":\"https:\/\/vincentians.com\/es\/#organization\"},\"potentialAction\":[{\"@type\":\"SearchAction\",\"target\":{\"@type\":\"EntryPoint\",\"urlTemplate\":\"https:\/\/vincentians.com\/es\/?s={search_term_string}\"},\"query-input\":{\"@type\":\"PropertyValueSpecification\",\"valueRequired\":true,\"valueName\":\"search_term_string\"}}],\"inLanguage\":\"es\"},{\"@type\":\"Organization\",\"@id\":\"https:\/\/vincentians.com\/es\/#organization\",\"name\":\"The Vincentian Network\",\"url\":\"https:\/\/vincentians.com\/es\/\",\"logo\":{\"@type\":\"ImageObject\",\"inLanguage\":\"es\",\"@id\":\"https:\/\/vincentians.com\/es\/#\/schema\/logo\/image\/\",\"url\":\"https:\/\/i1.wp.com\/vincentians.com\/es\/wp-content\/uploads\/sites\/11\/2016\/06\/Vincentian-Network-logo-big.png?fit=778%2C778\",\"contentUrl\":\"https:\/\/i1.wp.com\/vincentians.com\/es\/wp-content\/uploads\/sites\/11\/2016\/06\/Vincentian-Network-logo-big.png?fit=778%2C778\",\"width\":778,\"height\":778,\"caption\":\"The Vincentian Network\"},\"image\":{\"@id\":\"https:\/\/vincentians.com\/es\/#\/schema\/logo\/image\/\"},\"sameAs\":[\"https:\/\/www.facebook.com\/WeAreVincentians\/\",\"https:\/\/x.com\/WeVincentians\"]},{\"@type\":\"Person\",\"@id\":\"https:\/\/vincentians.com\/es\/#\/schema\/person\/7c2670b4445a7ca9d164ea6acdb31859\",\"name\":\"Mitxel Olabu\u00e9naga\",\"image\":{\"@type\":\"ImageObject\",\"inLanguage\":\"es\",\"@id\":\"https:\/\/vincentians.com\/es\/#\/schema\/person\/image\/\",\"url\":\"https:\/\/secure.gravatar.com\/avatar\/34137ec2e2b8939cbbed975731e71f3f4f1defc7266ded337a5ce0f925426877?s=96&d=mm&r=g\",\"contentUrl\":\"https:\/\/secure.gravatar.com\/avatar\/34137ec2e2b8939cbbed975731e71f3f4f1defc7266ded337a5ce0f925426877?s=96&d=mm&r=g\",\"caption\":\"Mitxel Olabu\u00e9naga\"},\"url\":\"https:\/\/vincentians.com\/es\/author\/mitxel\/\"}]}<\/script>\n<!-- \/ Yoast SEO plugin. -->","yoast_head_json":{"title":"La Sociedad de San Vicente de Pa\u00fal organiza un concierto homenaje a Santiago de Masarnau en Madrid - Somos Vicencianos","robots":{"index":"index","follow":"follow","max-snippet":"max-snippet:-1","max-image-preview":"max-image-preview:large","max-video-preview":"max-video-preview:-1"},"canonical":"https:\/\/vincentians.com\/es\/la-sociedad-de-san-vicente-de-paul-organiza-un-concierto-homenaje-a-santiago-de-masarnau-en-madrid\/","og_locale":"es_ES","og_type":"article","og_title":"La Sociedad de San Vicente de Pa\u00fal organiza un concierto homenaje a Santiago de Masarnau en Madrid - Somos Vicencianos","og_description":"En Espa\u00f1a, la Sociedad de San Vicente de Pa\u00fal cumple 175 a\u00f1os desde su fundaci\u00f3n por Santiago de Masarnau, en Madrid El pr\u00f3ximo 22 de marzo a las 20:00 h, la Sociedad de San Vicente ... Read More","og_url":"https:\/\/vincentians.com\/es\/la-sociedad-de-san-vicente-de-paul-organiza-un-concierto-homenaje-a-santiago-de-masarnau-en-madrid\/","og_site_name":"Somos Vicencianos","article_publisher":"https:\/\/www.facebook.com\/WeAreVincentians\/","article_published_time":"2024-03-11T19:56:14+00:00","og_image":[{"width":660,"height":371,"url":"https:\/\/i0.wp.com\/vincentians.com\/es\/wp-content\/uploads\/sites\/11\/2024\/03\/Concierto_2650544968_16993386_660x371.jpg?fit=660%2C371&ssl=1","type":"image\/jpeg"}],"author":"Mitxel Olabu\u00e9naga","twitter_card":"summary_large_image","twitter_creator":"@WeVincentians","twitter_site":"@WeVincentians","twitter_misc":{"Escrito por":"Mitxel Olabu\u00e9naga","Tiempo de lectura":"3 minutos"},"schema":{"@context":"https:\/\/schema.org","@graph":[{"@type":"Article","@id":"https:\/\/vincentians.com\/es\/la-sociedad-de-san-vicente-de-paul-organiza-un-concierto-homenaje-a-santiago-de-masarnau-en-madrid\/#article","isPartOf":{"@id":"https:\/\/vincentians.com\/es\/la-sociedad-de-san-vicente-de-paul-organiza-un-concierto-homenaje-a-santiago-de-masarnau-en-madrid\/"},"author":{"name":"Mitxel Olabu\u00e9naga","@id":"https:\/\/vincentians.com\/es\/#\/schema\/person\/7c2670b4445a7ca9d164ea6acdb31859"},"headline":"La Sociedad de San Vicente de Pa\u00fal organiza un concierto homenaje a Santiago de Masarnau en Madrid","datePublished":"2024-03-11T19:56:14+00:00","mainEntityOfPage":{"@id":"https:\/\/vincentians.com\/es\/la-sociedad-de-san-vicente-de-paul-organiza-un-concierto-homenaje-a-santiago-de-masarnau-en-madrid\/"},"wordCount":548,"commentCount":0,"publisher":{"@id":"https:\/\/vincentians.com\/es\/#organization"},"image":{"@id":"https:\/\/vincentians.com\/es\/la-sociedad-de-san-vicente-de-paul-organiza-un-concierto-homenaje-a-santiago-de-masarnau-en-madrid\/#primaryimage"},"thumbnailUrl":"https:\/\/i0.wp.com\/vincentians.com\/es\/wp-content\/uploads\/sites\/11\/2024\/03\/Concierto_2650544968_16993386_660x371.jpg?fit=660%2C371&ssl=1","articleSection":["Efem\u00e9rides Vicencianas","Historia de la Sociedad de san Vicente de Pa\u00fal","Santiago Masarnau"],"inLanguage":"es","potentialAction":[{"@type":"CommentAction","name":"Comment","target":["https:\/\/vincentians.com\/es\/la-sociedad-de-san-vicente-de-paul-organiza-un-concierto-homenaje-a-santiago-de-masarnau-en-madrid\/#respond"]}]},{"@type":"WebPage","@id":"https:\/\/vincentians.com\/es\/la-sociedad-de-san-vicente-de-paul-organiza-un-concierto-homenaje-a-santiago-de-masarnau-en-madrid\/","url":"https:\/\/vincentians.com\/es\/la-sociedad-de-san-vicente-de-paul-organiza-un-concierto-homenaje-a-santiago-de-masarnau-en-madrid\/","name":"La Sociedad de San Vicente de Pa\u00fal organiza un concierto homenaje a Santiago de Masarnau en Madrid - Somos Vicencianos","isPartOf":{"@id":"https:\/\/vincentians.com\/es\/#website"},"primaryImageOfPage":{"@id":"https:\/\/vincentians.com\/es\/la-sociedad-de-san-vicente-de-paul-organiza-un-concierto-homenaje-a-santiago-de-masarnau-en-madrid\/#primaryimage"},"image":{"@id":"https:\/\/vincentians.com\/es\/la-sociedad-de-san-vicente-de-paul-organiza-un-concierto-homenaje-a-santiago-de-masarnau-en-madrid\/#primaryimage"},"thumbnailUrl":"https:\/\/i0.wp.com\/vincentians.com\/es\/wp-content\/uploads\/sites\/11\/2024\/03\/Concierto_2650544968_16993386_660x371.jpg?fit=660%2C371&ssl=1","datePublished":"2024-03-11T19:56:14+00:00","breadcrumb":{"@id":"https:\/\/vincentians.com\/es\/la-sociedad-de-san-vicente-de-paul-organiza-un-concierto-homenaje-a-santiago-de-masarnau-en-madrid\/#breadcrumb"},"inLanguage":"es","potentialAction":[{"@type":"ReadAction","target":["https:\/\/vincentians.com\/es\/la-sociedad-de-san-vicente-de-paul-organiza-un-concierto-homenaje-a-santiago-de-masarnau-en-madrid\/"]}]},{"@type":"ImageObject","inLanguage":"es","@id":"https:\/\/vincentians.com\/es\/la-sociedad-de-san-vicente-de-paul-organiza-un-concierto-homenaje-a-santiago-de-masarnau-en-madrid\/#primaryimage","url":"https:\/\/i0.wp.com\/vincentians.com\/es\/wp-content\/uploads\/sites\/11\/2024\/03\/Concierto_2650544968_16993386_660x371.jpg?fit=660%2C371&ssl=1","contentUrl":"https:\/\/i0.wp.com\/vincentians.com\/es\/wp-content\/uploads\/sites\/11\/2024\/03\/Concierto_2650544968_16993386_660x371.jpg?fit=660%2C371&ssl=1","width":660,"height":371},{"@type":"BreadcrumbList","@id":"https:\/\/vincentians.com\/es\/la-sociedad-de-san-vicente-de-paul-organiza-un-concierto-homenaje-a-santiago-de-masarnau-en-madrid\/#breadcrumb","itemListElement":[{"@type":"ListItem","position":1,"name":"Portada","item":"https:\/\/vincentians.com\/es\/"},{"@type":"ListItem","position":2,"name":"La Sociedad de San Vicente de Pa\u00fal organiza un concierto homenaje a Santiago de Masarnau en Madrid"}]},{"@type":"WebSite","@id":"https:\/\/vincentians.com\/es\/#website","url":"https:\/\/vincentians.com\/es\/","name":"Somos Vicencianos","description":"Know more to serve more","publisher":{"@id":"https:\/\/vincentians.com\/es\/#organization"},"potentialAction":[{"@type":"SearchAction","target":{"@type":"EntryPoint","urlTemplate":"https:\/\/vincentians.com\/es\/?s={search_term_string}"},"query-input":{"@type":"PropertyValueSpecification","valueRequired":true,"valueName":"search_term_string"}}],"inLanguage":"es"},{"@type":"Organization","@id":"https:\/\/vincentians.com\/es\/#organization","name":"The Vincentian Network","url":"https:\/\/vincentians.com\/es\/","logo":{"@type":"ImageObject","inLanguage":"es","@id":"https:\/\/vincentians.com\/es\/#\/schema\/logo\/image\/","url":"https:\/\/i1.wp.com\/vincentians.com\/es\/wp-content\/uploads\/sites\/11\/2016\/06\/Vincentian-Network-logo-big.png?fit=778%2C778","contentUrl":"https:\/\/i1.wp.com\/vincentians.com\/es\/wp-content\/uploads\/sites\/11\/2016\/06\/Vincentian-Network-logo-big.png?fit=778%2C778","width":778,"height":778,"caption":"The Vincentian Network"},"image":{"@id":"https:\/\/vincentians.com\/es\/#\/schema\/logo\/image\/"},"sameAs":["https:\/\/www.facebook.com\/WeAreVincentians\/","https:\/\/x.com\/WeVincentians"]},{"@type":"Person","@id":"https:\/\/vincentians.com\/es\/#\/schema\/person\/7c2670b4445a7ca9d164ea6acdb31859","name":"Mitxel Olabu\u00e9naga","image":{"@type":"ImageObject","inLanguage":"es","@id":"https:\/\/vincentians.com\/es\/#\/schema\/person\/image\/","url":"https:\/\/secure.gravatar.com\/avatar\/34137ec2e2b8939cbbed975731e71f3f4f1defc7266ded337a5ce0f925426877?s=96&d=mm&r=g","contentUrl":"https:\/\/secure.gravatar.com\/avatar\/34137ec2e2b8939cbbed975731e71f3f4f1defc7266ded337a5ce0f925426877?s=96&d=mm&r=g","caption":"Mitxel Olabu\u00e9naga"},"url":"https:\/\/vincentians.com\/es\/author\/mitxel\/"}]}},"jetpack_publicize_connections":[],"jetpack_featured_media_url":"https:\/\/i0.wp.com\/vincentians.com\/es\/wp-content\/uploads\/sites\/11\/2024\/03\/Concierto_2650544968_16993386_660x371.jpg?fit=660%2C371&ssl=1","jetpack_sharing_enabled":true,"jetpack_shortlink":"https:\/\/wp.me\/p7ETMF-1Hu0","jetpack-related-posts":[{"id":131217,"url":"https:\/\/vincentians.com\/es\/las-conferencias-de-san-vicente-de-paul-cumplen-un-siglo-de-existencia-en-espana-1849-1949\/","url_meta":{"origin":405480,"position":0},"title":"Las Conferencias de San Vicente de Pa\u00fal cumplen un siglo de existencia en Espa\u00f1a 1849-1949","author":"Francisco Javier Fern\u00e1ndez Chento","date":"30\/08\/2014","format":false,"excerpt":"El d\u00eda 11 de noviembre se cumplieron los c\u00eden a\u00f1os del establecimiento de las \"Conferencias de San Vicente de Pa\u00fal\" en Espa\u00f1a. Con este motivo, en la Bas\u00edlica de Santa Mar\u00eda de los Reyes, en Barcelona, celebr\u00f3se una solemne Misa de Comuni\u00f3n general, en la que ofici\u00f3 el Prelado de\u2026","rel":"","context":"En \u00abHistoria de la Sociedad de san Vicente de Pa\u00fal\u00bb","block_context":{"text":"Historia de la Sociedad de san Vicente de Pa\u00fal","link":"https:\/\/vincentians.com\/es\/category\/historia-de-la-familia-vicenciana\/historia-de-la-sociedad-de-san-vicente-de-paul\/"},"img":{"alt_text":"","src":"https:\/\/i0.wp.com\/vincentians.com\/es\/wp-content\/uploads\/sites\/11\/2016\/07\/escritos-vicente-de-paul.jpg?fit=1200%2C630&ssl=1&resize=350%2C200","width":350,"height":200,"srcset":"https:\/\/i0.wp.com\/vincentians.com\/es\/wp-content\/uploads\/sites\/11\/2016\/07\/escritos-vicente-de-paul.jpg?fit=1200%2C630&ssl=1&resize=350%2C200 1x, https:\/\/i0.wp.com\/vincentians.com\/es\/wp-content\/uploads\/sites\/11\/2016\/07\/escritos-vicente-de-paul.jpg?fit=1200%2C630&ssl=1&resize=525%2C300 1.5x, https:\/\/i0.wp.com\/vincentians.com\/es\/wp-content\/uploads\/sites\/11\/2016\/07\/escritos-vicente-de-paul.jpg?fit=1200%2C630&ssl=1&resize=700%2C400 2x, https:\/\/i0.wp.com\/vincentians.com\/es\/wp-content\/uploads\/sites\/11\/2016\/07\/escritos-vicente-de-paul.jpg?fit=1200%2C630&ssl=1&resize=1050%2C600 3x"},"classes":[]},{"id":405040,"url":"https:\/\/vincentians.com\/es\/santiago-masarnau-testimonios-de-su-fama-de-santidad-iii\/","url_meta":{"origin":405480,"position":1},"title":"SANTIAGO MASARNAU: TESTIMONIOS DE SU FAMA DE SANTIDAD (III)","author":"Mitxel Olabu\u00e9naga","date":"06\/12\/2023","format":false,"excerpt":"EXHUMACI\u00d3N DE SUS RESTOS Santiago Masarnan fue enterrado en una tumba muy sencilla en el cementerio de la Sacramental de San Justo en Madrid, en el patio de San Mil\u00e1n (tumba n\u00ba 34). El epitafio es una muestra m\u00e1s del talante humano y cristiano del fundador en Espa\u00f1a de las\u2026","rel":"","context":"En \u00abFormaci\u00f3n Vicenciana\u00bb","block_context":{"text":"Formaci\u00f3n Vicenciana","link":"https:\/\/vincentians.com\/es\/category\/formacion-vicenciana\/"},"img":{"alt_text":"","src":"https:\/\/i0.wp.com\/vincentians.com\/es\/wp-content\/uploads\/sites\/11\/2021\/11\/Masarnau-4.jpg?fit=1200%2C630&ssl=1&resize=350%2C200","width":350,"height":200,"srcset":"https:\/\/i0.wp.com\/vincentians.com\/es\/wp-content\/uploads\/sites\/11\/2021\/11\/Masarnau-4.jpg?fit=1200%2C630&ssl=1&resize=350%2C200 1x, https:\/\/i0.wp.com\/vincentians.com\/es\/wp-content\/uploads\/sites\/11\/2021\/11\/Masarnau-4.jpg?fit=1200%2C630&ssl=1&resize=525%2C300 1.5x, https:\/\/i0.wp.com\/vincentians.com\/es\/wp-content\/uploads\/sites\/11\/2021\/11\/Masarnau-4.jpg?fit=1200%2C630&ssl=1&resize=700%2C400 2x, https:\/\/i0.wp.com\/vincentians.com\/es\/wp-content\/uploads\/sites\/11\/2021\/11\/Masarnau-4.jpg?fit=1200%2C630&ssl=1&resize=1050%2C600 3x"},"classes":[]},{"id":405044,"url":"https:\/\/vincentians.com\/es\/santiago-masarnau-testimonios-de-su-fama-de-santidad-v\/","url_meta":{"origin":405480,"position":2},"title":"SANTIAGO MASARNAU: TESTIMONIOS DE SU FAMA DE SANTIDAD (V)","author":"Mitxel Olabu\u00e9naga","date":"10\/12\/2023","format":false,"excerpt":"OTROS TESTIMONIOS Tambi\u00e9n es exponente de su gran fama de santidad los elogios f\u00fanebres, de D. Vicente de la Fuente, que fue Rec\u00adtor de la Universidad de Madrid, Acad\u00e9mico de la Historia y de las Ciencias Morales y Pol\u00edticas, Secretario de la pri\u00admera Conferencia de San Vicente de Pa\u00fal, uno\u2026","rel":"","context":"En \u00abFormaci\u00f3n Vicenciana\u00bb","block_context":{"text":"Formaci\u00f3n Vicenciana","link":"https:\/\/vincentians.com\/es\/category\/formacion-vicenciana\/"},"img":{"alt_text":"","src":"https:\/\/i0.wp.com\/vincentians.com\/es\/wp-content\/uploads\/sites\/11\/2021\/11\/Masarnau-4.jpg?fit=1200%2C630&ssl=1&resize=350%2C200","width":350,"height":200,"srcset":"https:\/\/i0.wp.com\/vincentians.com\/es\/wp-content\/uploads\/sites\/11\/2021\/11\/Masarnau-4.jpg?fit=1200%2C630&ssl=1&resize=350%2C200 1x, https:\/\/i0.wp.com\/vincentians.com\/es\/wp-content\/uploads\/sites\/11\/2021\/11\/Masarnau-4.jpg?fit=1200%2C630&ssl=1&resize=525%2C300 1.5x, https:\/\/i0.wp.com\/vincentians.com\/es\/wp-content\/uploads\/sites\/11\/2021\/11\/Masarnau-4.jpg?fit=1200%2C630&ssl=1&resize=700%2C400 2x, https:\/\/i0.wp.com\/vincentians.com\/es\/wp-content\/uploads\/sites\/11\/2021\/11\/Masarnau-4.jpg?fit=1200%2C630&ssl=1&resize=1050%2C600 3x"},"classes":[]},{"id":403483,"url":"https:\/\/vincentians.com\/es\/amigo-de-chopin-y-de-los-pobres-santiago-masarnau\/","url_meta":{"origin":405480,"position":3},"title":"Amigo de Chopin y de los pobres. Santiago Masarnau","author":"Mitxel Olabu\u00e9naga","date":"28\/01\/2021","format":false,"excerpt":"\u00abHemos perdido un artista, un sabio y un santo\u00bb, as\u00ed llor\u00f3 Concepci\u00f3n Arenal en diciembre de 1882 la muerte de Santiago Masarnau, de quien el Papa Francisco acaba de firmar el decreto de reconocimiento de sus virtudes heroicas. Nacido en Madrid en 1805, ten\u00eda 9 a\u00f1os cuando su padre fue\u2026","rel":"","context":"En \u00abSantiago Masarnau\u00bb","block_context":{"text":"Santiago Masarnau","link":"https:\/\/vincentians.com\/es\/category\/la-familia-vicenciana\/la-familia-vicenciana-en-los-altares\/venerables-y-siervos-de-dios\/santiago-masarnau\/"},"img":{"alt_text":"","src":"","width":0,"height":0},"classes":[]},{"id":11814,"url":"https:\/\/vincentians.com\/es\/santiago-masarnau-breve-biografia-1805-1882\/","url_meta":{"origin":405480,"position":4},"title":"Santiago Masarnau, Breve Biograf\u00eda (1805-1882)","author":"Francisco Javier Fern\u00e1ndez Chento","date":"02\/02\/2012","format":false,"excerpt":"Es importante, en estos momentos en que, la Sociedad de San Vicente de Pa\u00fal ha cumplido ya m\u00e1s de 200 a\u00f1os del nacimiento de su fundador, se reflexione sobre la biograf\u00eda de SANTIAGO MASARNAU FERN\u00c1NDEZ como Primer Presidente de esta Sociedad en Espa\u00f1a. Y no solamente porque a \u00e9l se\u2026","rel":"","context":"En \u00abSantiago Masarnau\u00bb","block_context":{"text":"Santiago Masarnau","link":"https:\/\/vincentians.com\/es\/category\/la-familia-vicenciana\/la-familia-vicenciana-en-los-altares\/venerables-y-siervos-de-dios\/santiago-masarnau\/"},"img":{"alt_text":"","src":"https:\/\/i0.wp.com\/vicencianos.org\/wp-content\/2010\/02\/masarnau-192x300.png?resize=350%2C200","width":350,"height":200},"classes":[]},{"id":405036,"url":"https:\/\/vincentians.com\/es\/santiago-masarnau-testimonios-de-su-fama-de-santidad-i\/","url_meta":{"origin":405480,"position":5},"title":"SANTIAGO MASARNAU: TESTIMONIOS DE SU FAMA DE SANTIDAD (I)","author":"Mitxel Olabu\u00e9naga","date":"02\/12\/2023","format":false,"excerpt":"SANTIAGO MASARNAU: SU PERSONALIDAD Es importante, en estos momentos en que la Sociedad de San Vicente de Pa\u00fal en Espa\u00f1a acaba de celebrar el 150 Aniversario de su fundaci\u00f3n, se reflexione sobre la biograf\u00eda de SANTIAGO MASARNAU FERN\u00c1NDEZ, y no s\u00f3lo porque a \u00e9l se debe la fundaci\u00f3n en Espa\u00f1a,\u2026","rel":"","context":"En \u00abFormaci\u00f3n Vicenciana\u00bb","block_context":{"text":"Formaci\u00f3n Vicenciana","link":"https:\/\/vincentians.com\/es\/category\/formacion-vicenciana\/"},"img":{"alt_text":"","src":"https:\/\/i0.wp.com\/vincentians.com\/es\/wp-content\/uploads\/sites\/11\/2021\/11\/Masarnau-4.jpg?fit=1200%2C630&ssl=1&resize=350%2C200","width":350,"height":200,"srcset":"https:\/\/i0.wp.com\/vincentians.com\/es\/wp-content\/uploads\/sites\/11\/2021\/11\/Masarnau-4.jpg?fit=1200%2C630&ssl=1&resize=350%2C200 1x, https:\/\/i0.wp.com\/vincentians.com\/es\/wp-content\/uploads\/sites\/11\/2021\/11\/Masarnau-4.jpg?fit=1200%2C630&ssl=1&resize=525%2C300 1.5x, https:\/\/i0.wp.com\/vincentians.com\/es\/wp-content\/uploads\/sites\/11\/2021\/11\/Masarnau-4.jpg?fit=1200%2C630&ssl=1&resize=700%2C400 2x, https:\/\/i0.wp.com\/vincentians.com\/es\/wp-content\/uploads\/sites\/11\/2021\/11\/Masarnau-4.jpg?fit=1200%2C630&ssl=1&resize=1050%2C600 3x"},"classes":[]}],"_links":{"self":[{"href":"https:\/\/vincentians.com\/es\/wp-json\/wp\/v2\/posts\/405480","targetHints":{"allow":["GET"]}}],"collection":[{"href":"https:\/\/vincentians.com\/es\/wp-json\/wp\/v2\/posts"}],"about":[{"href":"https:\/\/vincentians.com\/es\/wp-json\/wp\/v2\/types\/post"}],"author":[{"embeddable":true,"href":"https:\/\/vincentians.com\/es\/wp-json\/wp\/v2\/users\/5"}],"replies":[{"embeddable":true,"href":"https:\/\/vincentians.com\/es\/wp-json\/wp\/v2\/comments?post=405480"}],"version-history":[{"count":1,"href":"https:\/\/vincentians.com\/es\/wp-json\/wp\/v2\/posts\/405480\/revisions"}],"predecessor-version":[{"id":405482,"href":"https:\/\/vincentians.com\/es\/wp-json\/wp\/v2\/posts\/405480\/revisions\/405482"}],"wp:featuredmedia":[{"embeddable":true,"href":"https:\/\/vincentians.com\/es\/wp-json\/wp\/v2\/media\/405481"}],"wp:attachment":[{"href":"https:\/\/vincentians.com\/es\/wp-json\/wp\/v2\/media?parent=405480"}],"wp:term":[{"taxonomy":"category","embeddable":true,"href":"https:\/\/vincentians.com\/es\/wp-json\/wp\/v2\/categories?post=405480"},{"taxonomy":"post_tag","embeddable":true,"href":"https:\/\/vincentians.com\/es\/wp-json\/wp\/v2\/tags?post=405480"}],"curies":[{"name":"wp","href":"https:\/\/api.w.org\/{rel}","templated":true}]}}