{"id":405303,"date":"2024-08-20T08:21:06","date_gmt":"2024-08-20T06:21:06","guid":{"rendered":"http:\/\/vincentians.com\/es\/?p=405303"},"modified":"2023-08-19T18:22:46","modified_gmt":"2023-08-19T16:22:46","slug":"las-hijas-de-la-caridad-en-escocia","status":"publish","type":"post","link":"https:\/\/vincentians.com\/es\/las-hijas-de-la-caridad-en-escocia\/","title":{"rendered":"Las Hijas de la Caridad en Escocia"},"content":{"rendered":"<p>Despu\u00e9s del corto periodo de tres o cuatro a\u00f1os de la fundaci\u00f3n de la Casa Misi\u00f3n en Lanark, la segunda familia de San Vicente de Pa\u00fal, Hijas de la Caridad, lo hizo (1860). A semejanza de la de los Misioneros, tuvo su fun\u00addaci\u00f3n un principio muy d\u00e9bil, pues s\u00f3lo constaba de algu\u00adnas hermanas, instaladas en una modesta casa cerca de la Iglesia y de las Escuelas donde pasaban a ense\u00f1ar. Estas Escuelas eran ciertamente cat\u00f3licas, pero reconocidas por el Gobierno. Comprend\u00edan tres categor\u00edas: de muchachos, ni\u00f1as y p\u00e1rvulos. Las hermanas emprendieron con mucho \u00e1nimo el trabajo y lo han continuado hasta nuestros d\u00edas. No he visto las \u00faltimas notas del inspector, pero puede creerse que son semejantes a las de hace veinte a\u00f1os, llenas de elogios entusiastas. Confirman que en estas Escuelas se alcanzan los mejores resultados que pudieran esperarse seg\u00fan el programa. Puede uno figurarse cu\u00e1nto bien resul\u00adtar\u00e1 para el alma de estos j\u00f3venes.<\/p>\n<p>Bien pronto se ofreci\u00f3 otra nueva obra que llam\u00f3 la atenci\u00f3n y cuidados de las Hijas de la Caridad. No hab\u00eda en toda Escocia un solo Asilo de hu\u00e9rfanos para los cat\u00f3\u00adlicos, y las hermanas tomaron por s\u00ed mismas el cargo de recoger los recursos necesarios para construir uno. Dos ventas de caridad y loter\u00edas suministraron once mil libras esterlinas (275.000 francos). A\u00f1adi\u00f3se a esto dos dona\u00ad. cienes notables, hechas por cuatro personas que jam\u00e1s se olvidar\u00e1n de la memoria de los miembros de la Congrega\u00adci\u00f3n de la Misi\u00f3n. Estos son el Rvdo. Murdoth, Obispo de este distrito, y los Sres. Monteith, Hope Scott y Bowie; estos tres \u00faltimos convertidos hace poco al catolicismo, siendo de naci\u00f3n escoceses.<\/p>\n<p>Deben notarse dos sucesos providenciales. He aqu\u00ed el primero: Al principio, cuando se quiso empezar la construc\u00adci\u00f3n, se puso en venta una magn\u00edfica vivienda, que ten\u00eda la extensi\u00f3n de 5c) hect\u00e1reas, la cual se compr\u00f3, seg\u00fan se dec\u00eda, a un precio m\u00f3dico. He aqu\u00ed, pues, situado un Asilo de hu\u00e9rfanos a un cuarto de hora de la Iglesia, donde se situ\u00f3 despu\u00e9s de algunos cambios y aumentos.<\/p>\n<p>El segundo suceso providencial le refiere el Sr. Namera: Lleg\u00f3 el tiempo oportuno para la empresa; enton\u00adces sucedi\u00f3 una era de libertad al fanatismo que hab\u00eda inspirado los consejos de parroquia y las instituciones de asis\u00adtencia; los miembros de estos consejos empezaron a ocu\u00adparse de la religi\u00f3n de los ni\u00f1os cat\u00f3licos de su territorio.<\/p>\n<p>Apenas se hab\u00eda abierto el Asilo, cuando se empez\u00f3 a enviar ni\u00f1os y recursos necesarios para mantenerlos. Enton\u00adces fue cuando la instituci\u00f3n fue provista de subvenci\u00f3n de los fondos p\u00fablicos, desapareciendo as\u00ed el temor que hab\u00eda de no ser sostenida sino por una caridad pasajera.<\/p>\n<p>Para la direcci\u00f3n del Asilo fue establecida una Comunidad nueva, independiente, y se le conoci\u00f3 desde entonces con el nombre de Smyllum Lanark. Pronto adquiri\u00f3 grandes proporciones, aunque ordenadamente, como lo exig\u00eda el creciente n\u00famero de hu\u00e9rfanos: hoy puede contener qui\u00adnientos. Est\u00e1n separados en dos clases, una para los ni\u00f1os y otra para las ni\u00f1as. Al lado se encuentra tambi\u00e9n la clase de ciegos y la de sordo-mudos, cuya educaci\u00f3n est\u00e1 tam\u00adbi\u00e9n confiada a las Hermanas.<\/p>\n<p>La instituci\u00f3n es visitada con regularidad por los miem\u00adbros que representan la diputaci\u00f3n, compuesta de protes\u00adtantes; no obstante \u00e9sto, de cuando en cuando dan un juicio tan lleno de elogios, que se encuentra dificultad en no volver a repetir lo ya dicho otras veces.<\/p>\n<p>Insertamos aqu\u00ed algunos de estos dict\u00e1menes, que son oficiales, excepto los dos primeros. El primero apareci\u00f3 en las publicaciones de la regi\u00f3n, ilustrado con la vista del Asilo. El escritor parece protestante, aunque oculte su nombre, y el otro es de un ministro protestante.<\/p>\n<p><em>Asilo de Hu\u00e9rfanos de Smyllum.<\/em>\u2014El Asilo cat\u00f3lico de hu\u00e9rfanos, lo mismo que el parque Smyllum anejo, est\u00e1n situados al oeste de Lanark. Las magn\u00edficas construcciones y el terreno eran en un principio residencia y propiedad de sir Richard de Honegman Bar, Se\u00f1or de Session.<\/p>\n<p>La propiedad pas\u00f3 a manos de cat\u00f3licos, que la compra\u00adron barata hace medio siglo. Las construcciones han sido en diversas ocasiones mejoradas y aumentadas. Al pre\u00adsente hay en ellas algunos cientos de hu\u00e9rfanos. Las cons\u00adtrucciones tal como est\u00e1n ahora son vastas y a prop\u00f3sito para el fin que se intenta. Los ni\u00f1os son bien instru\u00eddos y educados por unas Hermanas que se han sacrificado vo\u00adluntariamente a ello. La fundaci\u00f3n est\u00e1 regida admirable\u00admente, honrando, no s\u00f3lo a quien pertenece, sino tambi\u00e9n al pa\u00eds donde se encuentra. Los que salen de ella, ya sean mozos \u00f3 doncellas, conservan hacia ella mucho afecto y respeto, lo cual es ciertamente un homenaje tributado al valor del establecimiento.<\/p>\n<p><em>Abril 7 de 1904.\u2014He <\/em>tenido el gran placer de visitar el Asilo y ver los ni\u00f1os. He experimentado suma complacen\u00adcia al contemplar la dicha que gozan evidentemente aque\u00adllos ni\u00f1os y el trabajo verdaderamente evang\u00e9lico que ha\u00adcen las hermanas.\u2014B. W. RANDOLPH, Director principal del Colegio de Teolog\u00eda.<\/p>\n<p><em>Mayo II de 1904.<\/em>\u2014Nosotros, los firmantes, miembros del Consejo Parroquial de Cadder, hemos visitado hoy el Asilo de Smyllum, y tenemos el gusto de testificar la exce\u00adlente direcci\u00f3n de esta instituci\u00f3n. \u2014 VILLIAM DAVIDSON ET R. WOTTE, ALEJANDRO CAMPRELL, SANTIAGO MC. SELLAN, inspector, acompa\u00f1ados de las se\u00f1oras MARY ET DAVIDSON, MARGARET, T. WHITE.<\/p>\n<p><em>Junio 9 de I904.\u2014Hemos <\/em>visitado la instituci\u00f3n durante treinta a\u00f1os, y cada a\u00f1o la encontramos con notables pro\u00adgresos y abundancia de vitalidad: Parece que, al presente, cada categor\u00eda ha llegado al mayor grado de perfecci\u00f3n que le es posible. Los ni\u00f1os tienen un aspecto bello, y su fisonom\u00eda respira dicha y plena salud. Esta instituci\u00f3n, crea\u00adda para ni\u00f1os desgraciados, es una bendici\u00f3n para el distrito \u2014SANTiAGO WILSON, SANTIAGO MAC DONALD.<\/p>\n<p>Copia de la relaci\u00f3n del inspector sobre las Escuelas de ni\u00f1os ciegos y sordo-mudos de Smyllum:<\/p>\n<p><em>Junio 11 de 1994.\u2014Qued\u00e9 <\/em>muy satisfecho en mi visita a la clase de ni\u00f1os ciegos y sordomudos. Estos ni\u00f1os est\u00e1n limpios, son atentos y obedientes. Trabajan con ardor y tienen sumo gusto en <em>complacer a <\/em>los que los dirigen. Se les instruye con mucho esmero y bondad, y con esto han conseguido admirables progresos. \u2014R. HARVEY, H. M. I.<\/p>\n<p>Entre tanto, las Hermanas de la casa fundada, que ten\u00edan el cargo de las Escuelas de la Parroquia, hab\u00edan sido encar\u00adgadas sucesivamente del patronato que se dedica a la edu\u00adcaci\u00f3n de los ni\u00f1os y de ponerlos en familias, sistema que alguno. prefieren. As\u00ed es como los hu\u00e9rfanos escoceses en\u00adcontraban la mejor garant\u00eda de una habitaci\u00f3n c\u00f3moda y conveniente en esta regi\u00f3n.<\/p>\n<p>Hay otras cuatro casas de Hermanas, dirigidas por ellas, ocup\u00e1ndose de diversas obras de caridad sin encontrar la menor dificultad. Es pues, claro, que los cat\u00f3licos son hoy m\u00e1s que tolerados en la presbiteriana Escocia.<\/p>\n<p>Aunque hayan aumentado poco los cat\u00f3licos converti\u00addos, no creemos que siempre ser\u00e1 lo mismo, como tenemos fundamento de esperarlo. Los sectarios se han amansado ya, son esperadas nuestras misiones por ac\u00e1 y all\u00e1 por los mismos protestantes, y de tiempo en tiempo se anuncia alguna conversi\u00f3n; los papeles p\u00fablicos anuncian las misio\u00adnes y sus trabajos: Estas son ciertamente se\u00f1ales favora\u00adbles para el porvenir.<\/p>\n<p>Las predicaciones m\u00e1s eficaces que Dios nos exige, son primeramente la del ejemplo. La vida edificante de los Mi\u00adsioneros y d\u00e9 las Hermanas, lo mismo que de otras Comu\u00adnidades que hacen prodigios en la reforma del pueblo, re\u00admover\u00e1n los obst\u00e1culos que todav\u00eda se oponen a las con\u00adversiones. Podemos pues, esperar, para un tiempo no muy lejano, una mies abundante, cuando sean abiertos los ojos de algunas personas que todav\u00eda est\u00e1n contra nosotros, para que miren bien las obras de los cat\u00f3licos extendidos por el pa\u00eds.<\/p>\n<p>CARPENTER, <em>C. M.<\/em><\/p>\n<p>San Jos\u00e9 Blackrock, Dublin.<\/p>\n<p>Anales 1909<\/p>\n","protected":false},"excerpt":{"rendered":"<p>Despu\u00e9s del corto periodo de tres o cuatro a\u00f1os de la fundaci\u00f3n de la Casa Misi\u00f3n en Lanark, la segunda familia de San Vicente de Pa\u00fal, Hijas de la Caridad, lo hizo (1860). A semejanza &#8230; <a href=\"https:\/\/vincentians.com\/es\/las-hijas-de-la-caridad-en-escocia\/\" class=\"more-link\">Read More<\/a><\/p>\n","protected":false},"author":5,"featured_media":403945,"comment_status":"open","ping_status":"open","sticky":false,"template":"","format":"standard","meta":{"jetpack_post_was_ever_published":false,"_jetpack_newsletter_access":"","_jetpack_dont_email_post_to_subs":false,"_jetpack_newsletter_tier_id":0,"_jetpack_memberships_contains_paywalled_content":false,"_jetpack_memberships_contains_paid_content":false,"footnotes":"","jetpack_publicize_message":"","jetpack_publicize_feature_enabled":true,"jetpack_social_post_already_shared":true,"jetpack_social_options":{"image_generator_settings":{"template":"highway","default_image_id":0,"font":"","enabled":false},"version":2}},"categories":[28,237],"tags":[],"class_list":["post-405303","post","type-post","status-publish","format-standard","has-post-thumbnail","hentry","category-formacion-vicenciana","category-historia-de-las-hijas-de-la-caridad"],"yoast_head":"<!-- This site is optimized with the Yoast SEO plugin v26.3 - https:\/\/yoast.com\/wordpress\/plugins\/seo\/ -->\n<title>Las Hijas de la Caridad en Escocia - Somos Vicencianos<\/title>\n<meta name=\"robots\" content=\"index, follow, max-snippet:-1, max-image-preview:large, max-video-preview:-1\" \/>\n<link rel=\"canonical\" href=\"https:\/\/vincentians.com\/es\/las-hijas-de-la-caridad-en-escocia\/\" \/>\n<meta property=\"og:locale\" content=\"es_ES\" \/>\n<meta property=\"og:type\" content=\"article\" \/>\n<meta property=\"og:title\" content=\"Las Hijas de la Caridad en Escocia - Somos Vicencianos\" \/>\n<meta property=\"og:description\" content=\"Despu\u00e9s del corto periodo de tres o cuatro a\u00f1os de la fundaci\u00f3n de la Casa Misi\u00f3n en Lanark, la segunda familia de San Vicente de Pa\u00fal, Hijas de la Caridad, lo hizo (1860). A semejanza ... Read More\" \/>\n<meta property=\"og:url\" content=\"https:\/\/vincentians.com\/es\/las-hijas-de-la-caridad-en-escocia\/\" \/>\n<meta property=\"og:site_name\" content=\"Somos Vicencianos\" \/>\n<meta property=\"article:publisher\" content=\"https:\/\/www.facebook.com\/WeAreVincentians\/\" \/>\n<meta property=\"article:published_time\" content=\"2024-08-20T06:21:06+00:00\" \/>\n<meta property=\"og:image\" content=\"https:\/\/i0.wp.com\/vincentians.com\/es\/wp-content\/uploads\/sites\/11\/2013\/04\/hijas-caridad1.jpg?fit=846%2C446&ssl=1\" \/>\n\t<meta property=\"og:image:width\" content=\"846\" \/>\n\t<meta property=\"og:image:height\" content=\"446\" \/>\n\t<meta property=\"og:image:type\" content=\"image\/jpeg\" \/>\n<meta name=\"author\" content=\"Mitxel Olabu\u00e9naga\" \/>\n<meta name=\"twitter:card\" content=\"summary_large_image\" \/>\n<meta name=\"twitter:creator\" content=\"@WeVincentians\" \/>\n<meta name=\"twitter:site\" content=\"@WeVincentians\" \/>\n<meta name=\"twitter:label1\" content=\"Escrito por\" \/>\n\t<meta name=\"twitter:data1\" content=\"Mitxel Olabu\u00e9naga\" \/>\n\t<meta name=\"twitter:label2\" content=\"Tiempo de lectura\" \/>\n\t<meta name=\"twitter:data2\" content=\"6 minutos\" \/>\n<script type=\"application\/ld+json\" class=\"yoast-schema-graph\">{\"@context\":\"https:\/\/schema.org\",\"@graph\":[{\"@type\":\"Article\",\"@id\":\"https:\/\/vincentians.com\/es\/las-hijas-de-la-caridad-en-escocia\/#article\",\"isPartOf\":{\"@id\":\"https:\/\/vincentians.com\/es\/las-hijas-de-la-caridad-en-escocia\/\"},\"author\":{\"name\":\"Mitxel Olabu\u00e9naga\",\"@id\":\"http:\/\/vincentians.com\/es\/#\/schema\/person\/7c2670b4445a7ca9d164ea6acdb31859\"},\"headline\":\"Las Hijas de la Caridad en Escocia\",\"datePublished\":\"2024-08-20T06:21:06+00:00\",\"mainEntityOfPage\":{\"@id\":\"https:\/\/vincentians.com\/es\/las-hijas-de-la-caridad-en-escocia\/\"},\"wordCount\":1421,\"commentCount\":0,\"publisher\":{\"@id\":\"http:\/\/vincentians.com\/es\/#organization\"},\"image\":{\"@id\":\"https:\/\/vincentians.com\/es\/las-hijas-de-la-caridad-en-escocia\/#primaryimage\"},\"thumbnailUrl\":\"https:\/\/i0.wp.com\/vincentians.com\/es\/wp-content\/uploads\/sites\/11\/2013\/04\/hijas-caridad1.jpg?fit=846%2C446&ssl=1\",\"articleSection\":[\"Formaci\u00f3n Vicenciana\",\"Historia de las Hijas de la Caridad\"],\"inLanguage\":\"es\",\"potentialAction\":[{\"@type\":\"CommentAction\",\"name\":\"Comment\",\"target\":[\"https:\/\/vincentians.com\/es\/las-hijas-de-la-caridad-en-escocia\/#respond\"]}]},{\"@type\":\"WebPage\",\"@id\":\"https:\/\/vincentians.com\/es\/las-hijas-de-la-caridad-en-escocia\/\",\"url\":\"https:\/\/vincentians.com\/es\/las-hijas-de-la-caridad-en-escocia\/\",\"name\":\"Las Hijas de la Caridad en Escocia - Somos Vicencianos\",\"isPartOf\":{\"@id\":\"http:\/\/vincentians.com\/es\/#website\"},\"primaryImageOfPage\":{\"@id\":\"https:\/\/vincentians.com\/es\/las-hijas-de-la-caridad-en-escocia\/#primaryimage\"},\"image\":{\"@id\":\"https:\/\/vincentians.com\/es\/las-hijas-de-la-caridad-en-escocia\/#primaryimage\"},\"thumbnailUrl\":\"https:\/\/i0.wp.com\/vincentians.com\/es\/wp-content\/uploads\/sites\/11\/2013\/04\/hijas-caridad1.jpg?fit=846%2C446&ssl=1\",\"datePublished\":\"2024-08-20T06:21:06+00:00\",\"breadcrumb\":{\"@id\":\"https:\/\/vincentians.com\/es\/las-hijas-de-la-caridad-en-escocia\/#breadcrumb\"},\"inLanguage\":\"es\",\"potentialAction\":[{\"@type\":\"ReadAction\",\"target\":[\"https:\/\/vincentians.com\/es\/las-hijas-de-la-caridad-en-escocia\/\"]}]},{\"@type\":\"ImageObject\",\"inLanguage\":\"es\",\"@id\":\"https:\/\/vincentians.com\/es\/las-hijas-de-la-caridad-en-escocia\/#primaryimage\",\"url\":\"https:\/\/i0.wp.com\/vincentians.com\/es\/wp-content\/uploads\/sites\/11\/2013\/04\/hijas-caridad1.jpg?fit=846%2C446&ssl=1\",\"contentUrl\":\"https:\/\/i0.wp.com\/vincentians.com\/es\/wp-content\/uploads\/sites\/11\/2013\/04\/hijas-caridad1.jpg?fit=846%2C446&ssl=1\",\"width\":846,\"height\":446},{\"@type\":\"BreadcrumbList\",\"@id\":\"https:\/\/vincentians.com\/es\/las-hijas-de-la-caridad-en-escocia\/#breadcrumb\",\"itemListElement\":[{\"@type\":\"ListItem\",\"position\":1,\"name\":\"Portada\",\"item\":\"http:\/\/vincentians.com\/es\/\"},{\"@type\":\"ListItem\",\"position\":2,\"name\":\"Las Hijas de la Caridad en Escocia\"}]},{\"@type\":\"WebSite\",\"@id\":\"http:\/\/vincentians.com\/es\/#website\",\"url\":\"http:\/\/vincentians.com\/es\/\",\"name\":\"Somos Vicencianos\",\"description\":\"Know more to serve more\",\"publisher\":{\"@id\":\"http:\/\/vincentians.com\/es\/#organization\"},\"potentialAction\":[{\"@type\":\"SearchAction\",\"target\":{\"@type\":\"EntryPoint\",\"urlTemplate\":\"http:\/\/vincentians.com\/es\/?s={search_term_string}\"},\"query-input\":{\"@type\":\"PropertyValueSpecification\",\"valueRequired\":true,\"valueName\":\"search_term_string\"}}],\"inLanguage\":\"es\"},{\"@type\":\"Organization\",\"@id\":\"http:\/\/vincentians.com\/es\/#organization\",\"name\":\"The Vincentian Network\",\"url\":\"http:\/\/vincentians.com\/es\/\",\"logo\":{\"@type\":\"ImageObject\",\"inLanguage\":\"es\",\"@id\":\"http:\/\/vincentians.com\/es\/#\/schema\/logo\/image\/\",\"url\":\"https:\/\/i1.wp.com\/vincentians.com\/es\/wp-content\/uploads\/sites\/11\/2016\/06\/Vincentian-Network-logo-big.png?fit=778%2C778\",\"contentUrl\":\"https:\/\/i1.wp.com\/vincentians.com\/es\/wp-content\/uploads\/sites\/11\/2016\/06\/Vincentian-Network-logo-big.png?fit=778%2C778\",\"width\":778,\"height\":778,\"caption\":\"The Vincentian Network\"},\"image\":{\"@id\":\"http:\/\/vincentians.com\/es\/#\/schema\/logo\/image\/\"},\"sameAs\":[\"https:\/\/www.facebook.com\/WeAreVincentians\/\",\"https:\/\/x.com\/WeVincentians\"]},{\"@type\":\"Person\",\"@id\":\"http:\/\/vincentians.com\/es\/#\/schema\/person\/7c2670b4445a7ca9d164ea6acdb31859\",\"name\":\"Mitxel Olabu\u00e9naga\",\"image\":{\"@type\":\"ImageObject\",\"inLanguage\":\"es\",\"@id\":\"http:\/\/vincentians.com\/es\/#\/schema\/person\/image\/\",\"url\":\"https:\/\/secure.gravatar.com\/avatar\/34137ec2e2b8939cbbed975731e71f3f4f1defc7266ded337a5ce0f925426877?s=96&d=mm&r=g\",\"contentUrl\":\"https:\/\/secure.gravatar.com\/avatar\/34137ec2e2b8939cbbed975731e71f3f4f1defc7266ded337a5ce0f925426877?s=96&d=mm&r=g\",\"caption\":\"Mitxel Olabu\u00e9naga\"},\"url\":\"https:\/\/vincentians.com\/es\/author\/mitxel\/\"}]}<\/script>\n<!-- \/ Yoast SEO plugin. -->","yoast_head_json":{"title":"Las Hijas de la Caridad en Escocia - Somos Vicencianos","robots":{"index":"index","follow":"follow","max-snippet":"max-snippet:-1","max-image-preview":"max-image-preview:large","max-video-preview":"max-video-preview:-1"},"canonical":"https:\/\/vincentians.com\/es\/las-hijas-de-la-caridad-en-escocia\/","og_locale":"es_ES","og_type":"article","og_title":"Las Hijas de la Caridad en Escocia - Somos Vicencianos","og_description":"Despu\u00e9s del corto periodo de tres o cuatro a\u00f1os de la fundaci\u00f3n de la Casa Misi\u00f3n en Lanark, la segunda familia de San Vicente de Pa\u00fal, Hijas de la Caridad, lo hizo (1860). A semejanza ... Read More","og_url":"https:\/\/vincentians.com\/es\/las-hijas-de-la-caridad-en-escocia\/","og_site_name":"Somos Vicencianos","article_publisher":"https:\/\/www.facebook.com\/WeAreVincentians\/","article_published_time":"2024-08-20T06:21:06+00:00","og_image":[{"width":846,"height":446,"url":"https:\/\/i0.wp.com\/vincentians.com\/es\/wp-content\/uploads\/sites\/11\/2013\/04\/hijas-caridad1.jpg?fit=846%2C446&ssl=1","type":"image\/jpeg"}],"author":"Mitxel Olabu\u00e9naga","twitter_card":"summary_large_image","twitter_creator":"@WeVincentians","twitter_site":"@WeVincentians","twitter_misc":{"Escrito por":"Mitxel Olabu\u00e9naga","Tiempo de lectura":"6 minutos"},"schema":{"@context":"https:\/\/schema.org","@graph":[{"@type":"Article","@id":"https:\/\/vincentians.com\/es\/las-hijas-de-la-caridad-en-escocia\/#article","isPartOf":{"@id":"https:\/\/vincentians.com\/es\/las-hijas-de-la-caridad-en-escocia\/"},"author":{"name":"Mitxel Olabu\u00e9naga","@id":"http:\/\/vincentians.com\/es\/#\/schema\/person\/7c2670b4445a7ca9d164ea6acdb31859"},"headline":"Las Hijas de la Caridad en Escocia","datePublished":"2024-08-20T06:21:06+00:00","mainEntityOfPage":{"@id":"https:\/\/vincentians.com\/es\/las-hijas-de-la-caridad-en-escocia\/"},"wordCount":1421,"commentCount":0,"publisher":{"@id":"http:\/\/vincentians.com\/es\/#organization"},"image":{"@id":"https:\/\/vincentians.com\/es\/las-hijas-de-la-caridad-en-escocia\/#primaryimage"},"thumbnailUrl":"https:\/\/i0.wp.com\/vincentians.com\/es\/wp-content\/uploads\/sites\/11\/2013\/04\/hijas-caridad1.jpg?fit=846%2C446&ssl=1","articleSection":["Formaci\u00f3n Vicenciana","Historia de las Hijas de la Caridad"],"inLanguage":"es","potentialAction":[{"@type":"CommentAction","name":"Comment","target":["https:\/\/vincentians.com\/es\/las-hijas-de-la-caridad-en-escocia\/#respond"]}]},{"@type":"WebPage","@id":"https:\/\/vincentians.com\/es\/las-hijas-de-la-caridad-en-escocia\/","url":"https:\/\/vincentians.com\/es\/las-hijas-de-la-caridad-en-escocia\/","name":"Las Hijas de la Caridad en Escocia - Somos Vicencianos","isPartOf":{"@id":"http:\/\/vincentians.com\/es\/#website"},"primaryImageOfPage":{"@id":"https:\/\/vincentians.com\/es\/las-hijas-de-la-caridad-en-escocia\/#primaryimage"},"image":{"@id":"https:\/\/vincentians.com\/es\/las-hijas-de-la-caridad-en-escocia\/#primaryimage"},"thumbnailUrl":"https:\/\/i0.wp.com\/vincentians.com\/es\/wp-content\/uploads\/sites\/11\/2013\/04\/hijas-caridad1.jpg?fit=846%2C446&ssl=1","datePublished":"2024-08-20T06:21:06+00:00","breadcrumb":{"@id":"https:\/\/vincentians.com\/es\/las-hijas-de-la-caridad-en-escocia\/#breadcrumb"},"inLanguage":"es","potentialAction":[{"@type":"ReadAction","target":["https:\/\/vincentians.com\/es\/las-hijas-de-la-caridad-en-escocia\/"]}]},{"@type":"ImageObject","inLanguage":"es","@id":"https:\/\/vincentians.com\/es\/las-hijas-de-la-caridad-en-escocia\/#primaryimage","url":"https:\/\/i0.wp.com\/vincentians.com\/es\/wp-content\/uploads\/sites\/11\/2013\/04\/hijas-caridad1.jpg?fit=846%2C446&ssl=1","contentUrl":"https:\/\/i0.wp.com\/vincentians.com\/es\/wp-content\/uploads\/sites\/11\/2013\/04\/hijas-caridad1.jpg?fit=846%2C446&ssl=1","width":846,"height":446},{"@type":"BreadcrumbList","@id":"https:\/\/vincentians.com\/es\/las-hijas-de-la-caridad-en-escocia\/#breadcrumb","itemListElement":[{"@type":"ListItem","position":1,"name":"Portada","item":"http:\/\/vincentians.com\/es\/"},{"@type":"ListItem","position":2,"name":"Las Hijas de la Caridad en Escocia"}]},{"@type":"WebSite","@id":"http:\/\/vincentians.com\/es\/#website","url":"http:\/\/vincentians.com\/es\/","name":"Somos Vicencianos","description":"Know more to serve more","publisher":{"@id":"http:\/\/vincentians.com\/es\/#organization"},"potentialAction":[{"@type":"SearchAction","target":{"@type":"EntryPoint","urlTemplate":"http:\/\/vincentians.com\/es\/?s={search_term_string}"},"query-input":{"@type":"PropertyValueSpecification","valueRequired":true,"valueName":"search_term_string"}}],"inLanguage":"es"},{"@type":"Organization","@id":"http:\/\/vincentians.com\/es\/#organization","name":"The Vincentian Network","url":"http:\/\/vincentians.com\/es\/","logo":{"@type":"ImageObject","inLanguage":"es","@id":"http:\/\/vincentians.com\/es\/#\/schema\/logo\/image\/","url":"https:\/\/i1.wp.com\/vincentians.com\/es\/wp-content\/uploads\/sites\/11\/2016\/06\/Vincentian-Network-logo-big.png?fit=778%2C778","contentUrl":"https:\/\/i1.wp.com\/vincentians.com\/es\/wp-content\/uploads\/sites\/11\/2016\/06\/Vincentian-Network-logo-big.png?fit=778%2C778","width":778,"height":778,"caption":"The Vincentian Network"},"image":{"@id":"http:\/\/vincentians.com\/es\/#\/schema\/logo\/image\/"},"sameAs":["https:\/\/www.facebook.com\/WeAreVincentians\/","https:\/\/x.com\/WeVincentians"]},{"@type":"Person","@id":"http:\/\/vincentians.com\/es\/#\/schema\/person\/7c2670b4445a7ca9d164ea6acdb31859","name":"Mitxel Olabu\u00e9naga","image":{"@type":"ImageObject","inLanguage":"es","@id":"http:\/\/vincentians.com\/es\/#\/schema\/person\/image\/","url":"https:\/\/secure.gravatar.com\/avatar\/34137ec2e2b8939cbbed975731e71f3f4f1defc7266ded337a5ce0f925426877?s=96&d=mm&r=g","contentUrl":"https:\/\/secure.gravatar.com\/avatar\/34137ec2e2b8939cbbed975731e71f3f4f1defc7266ded337a5ce0f925426877?s=96&d=mm&r=g","caption":"Mitxel Olabu\u00e9naga"},"url":"https:\/\/vincentians.com\/es\/author\/mitxel\/"}]}},"jetpack_publicize_connections":[],"jetpack_featured_media_url":"https:\/\/i0.wp.com\/vincentians.com\/es\/wp-content\/uploads\/sites\/11\/2013\/04\/hijas-caridad1.jpg?fit=846%2C446&ssl=1","jetpack_sharing_enabled":true,"jetpack_shortlink":"https:\/\/wp.me\/p7ETMF-1Hr9","jetpack-related-posts":[{"id":387878,"url":"https:\/\/vincentians.com\/es\/la-provincia-espanola-de-las-hijas-de-la-caridad-xlvi\/","url_meta":{"origin":405303,"position":0},"title":"La Provincia espa\u00f1ola de las Hijas de la Caridad (XLVI)","author":"Mitxel Olabu\u00e9naga","date":"09\/09\/2016","format":false,"excerpt":"Fue la primera el Hospicio de Vitoria. La escritura fundacional es de 10 de febrero, aunque las Hermanas no tomaros posesi\u00f3n hasta el 15 de junio de 1846. Formaron la primera Comunidad: Sor Vicenta (Francisca) Urbelz, Superiora, que ven\u00eda de la Misericordia de Pamplona, donde otra Hermana suya carnal era\u2026","rel":"","context":"En \u00abHistoria de las Hijas de la Caridad\u00bb","block_context":{"text":"Historia de las Hijas de la Caridad","link":"https:\/\/vincentians.com\/es\/category\/historia-de-la-familia-vicenciana\/historia-de-las-hijas-de-la-caridad\/"},"img":{"alt_text":"","src":"https:\/\/i0.wp.com\/vincentians.com\/es\/wp-content\/uploads\/sites\/11\/2016\/07\/hijas-caridad-espanya.jpg?fit=1200%2C630&ssl=1&resize=350%2C200","width":350,"height":200,"srcset":"https:\/\/i0.wp.com\/vincentians.com\/es\/wp-content\/uploads\/sites\/11\/2016\/07\/hijas-caridad-espanya.jpg?fit=1200%2C630&ssl=1&resize=350%2C200 1x, https:\/\/i0.wp.com\/vincentians.com\/es\/wp-content\/uploads\/sites\/11\/2016\/07\/hijas-caridad-espanya.jpg?fit=1200%2C630&ssl=1&resize=525%2C300 1.5x, https:\/\/i0.wp.com\/vincentians.com\/es\/wp-content\/uploads\/sites\/11\/2016\/07\/hijas-caridad-espanya.jpg?fit=1200%2C630&ssl=1&resize=700%2C400 2x, https:\/\/i0.wp.com\/vincentians.com\/es\/wp-content\/uploads\/sites\/11\/2016\/07\/hijas-caridad-espanya.jpg?fit=1200%2C630&ssl=1&resize=1050%2C600 3x"},"classes":[]},{"id":130534,"url":"https:\/\/vincentians.com\/es\/la-provincia-de-colonia-de-las-hijas-de-la-caridad-ii\/","url_meta":{"origin":405303,"position":1},"title":"La provincia de Colonia de las Hijas de la Caridad (II)","author":"Mitxel Olabu\u00e9naga","date":"17\/05\/2014","format":false,"excerpt":"Algunas fundaciones anteriores al Kulturkampf.\u2014Antes de tratar de los progresos de las obras interrumpidas y trastornadas por la persecuci\u00f3n religiosa conocida con el pomposo \u00e9 hip\u00f3crita nombre de Kulturkampf (lucha por la civilizaci\u00f3n), conviene hacer una relaci\u00f3n sucinta de la historia de algunas fundaciones que hasta entonces se hab\u00edan hecho.\u2026","rel":"","context":"En \u00abHistoria de las Hijas de la Caridad\u00bb","block_context":{"text":"Historia de las Hijas de la Caridad","link":"https:\/\/vincentians.com\/es\/category\/historia-de-la-familia-vicenciana\/historia-de-las-hijas-de-la-caridad\/"},"img":{"alt_text":"Hijas2","src":"https:\/\/i0.wp.com\/vicencianos.org\/wp-content\/2014\/03\/Hijas2.gif?resize=350%2C200","width":350,"height":200},"classes":[]},{"id":387724,"url":"https:\/\/vincentians.com\/es\/la-provincia-espanola-de-las-hijas-de-la-caridad-xxvii\/","url_meta":{"origin":405303,"position":2},"title":"La Provincia espa\u00f1ola de las Hijas de la Caridad (XXVII)","author":"Mitxel Olabu\u00e9naga","date":"13\/07\/2016","format":false,"excerpt":"De la primera fundaci\u00f3n de las Hijas de la Caridad en el Hospital de Bilbao, que se verific\u00f3 en 1824 y dur\u00f3 sin formalizarse hasta 1832, s\u00f3lo hallamos su cita en el antiguo Cat\u00e1logo y el acta de Visita que pas\u00f3 el P. Codina, en 30 de septiembre de 1828.\u2026","rel":"","context":"En \u00abHistoria de las Hijas de la Caridad\u00bb","block_context":{"text":"Historia de las Hijas de la Caridad","link":"https:\/\/vincentians.com\/es\/category\/historia-de-la-familia-vicenciana\/historia-de-las-hijas-de-la-caridad\/"},"img":{"alt_text":"","src":"https:\/\/i0.wp.com\/vincentians.com\/es\/wp-content\/uploads\/sites\/11\/2016\/07\/hijas-caridad-espanya.jpg?fit=1200%2C630&ssl=1&resize=350%2C200","width":350,"height":200,"srcset":"https:\/\/i0.wp.com\/vincentians.com\/es\/wp-content\/uploads\/sites\/11\/2016\/07\/hijas-caridad-espanya.jpg?fit=1200%2C630&ssl=1&resize=350%2C200 1x, https:\/\/i0.wp.com\/vincentians.com\/es\/wp-content\/uploads\/sites\/11\/2016\/07\/hijas-caridad-espanya.jpg?fit=1200%2C630&ssl=1&resize=525%2C300 1.5x, https:\/\/i0.wp.com\/vincentians.com\/es\/wp-content\/uploads\/sites\/11\/2016\/07\/hijas-caridad-espanya.jpg?fit=1200%2C630&ssl=1&resize=700%2C400 2x, https:\/\/i0.wp.com\/vincentians.com\/es\/wp-content\/uploads\/sites\/11\/2016\/07\/hijas-caridad-espanya.jpg?fit=1200%2C630&ssl=1&resize=1050%2C600 3x"},"classes":[]},{"id":387403,"url":"https:\/\/vincentians.com\/es\/la-provincia-espanola-de-las-hijas-de-la-caridad-v\/","url_meta":{"origin":405303,"position":3},"title":"La Provincia espa\u00f1ola de las Hijas de la Caridad (V)","author":"Mitxel Olabu\u00e9naga","date":"08\/05\/2016","format":false,"excerpt":"Colegio de Barbastro. La vuelta de las Hijas de las Hijas de la Caridad a Espa\u00f1a, despu\u00e9s de siete a\u00f1os de formaci\u00f3n en Francia, hizo renacer en Barbastro los antiguos deseos de verlas en la proyectada ense\u00f1anza de ni\u00f1as, de que hablamos en el cap\u00edtulo primero. As\u00ed vemos que, algunos\u2026","rel":"","context":"En \u00abHistoria de las Hijas de la Caridad\u00bb","block_context":{"text":"Historia de las Hijas de la Caridad","link":"https:\/\/vincentians.com\/es\/category\/historia-de-la-familia-vicenciana\/historia-de-las-hijas-de-la-caridad\/"},"img":{"alt_text":"","src":"https:\/\/i0.wp.com\/vincentians.com\/es\/wp-content\/uploads\/sites\/11\/2016\/07\/hijas-caridad-espanya.jpg?fit=1200%2C630&ssl=1&resize=350%2C200","width":350,"height":200,"srcset":"https:\/\/i0.wp.com\/vincentians.com\/es\/wp-content\/uploads\/sites\/11\/2016\/07\/hijas-caridad-espanya.jpg?fit=1200%2C630&ssl=1&resize=350%2C200 1x, https:\/\/i0.wp.com\/vincentians.com\/es\/wp-content\/uploads\/sites\/11\/2016\/07\/hijas-caridad-espanya.jpg?fit=1200%2C630&ssl=1&resize=525%2C300 1.5x, https:\/\/i0.wp.com\/vincentians.com\/es\/wp-content\/uploads\/sites\/11\/2016\/07\/hijas-caridad-espanya.jpg?fit=1200%2C630&ssl=1&resize=700%2C400 2x, https:\/\/i0.wp.com\/vincentians.com\/es\/wp-content\/uploads\/sites\/11\/2016\/07\/hijas-caridad-espanya.jpg?fit=1200%2C630&ssl=1&resize=1050%2C600 3x"},"classes":[]},{"id":127811,"url":"https:\/\/vincentians.com\/es\/nuevas-fundaciones\/","url_meta":{"origin":405303,"position":4},"title":"Nuevas fundaciones","author":"Francisco Javier Fern\u00e1ndez Chento","date":"17\/09\/2024","format":false,"excerpt":"La Compa\u00f1\u00eda se extend\u00eda como un fuego prendido en los matorrales. Las j\u00f3venes lle\u00adgaban de todos los lugares. A Luisa, de golpe, se le echaron encima las nuevas fundacio\u00adnes: Sedan, Fontenay-aux-Roses, Nateuil-le-Haudouin, Liancourt, Issy, Saint-Denis, Ser\u00adqueux, Maule, Crespi\u00e9res, Le Mans, Nantes, Fonteinebleau, Chantilly, Montreuil-sur-Mer, Chars y Valpuisseaux. \u00a1Dieciocho fundaciones, adem\u00e1s\u2026","rel":"","context":"En \u00abFormaci\u00f3n Vicenciana\u00bb","block_context":{"text":"Formaci\u00f3n Vicenciana","link":"https:\/\/vincentians.com\/es\/category\/formacion-vicenciana\/"},"img":{"alt_text":"","src":"https:\/\/i0.wp.com\/vincentians.com\/es\/wp-content\/uploads\/sites\/11\/2013\/04\/n-2.jpg?fit=1200%2C675&ssl=1&resize=350%2C200","width":350,"height":200,"srcset":"https:\/\/i0.wp.com\/vincentians.com\/es\/wp-content\/uploads\/sites\/11\/2013\/04\/n-2.jpg?fit=1200%2C675&ssl=1&resize=350%2C200 1x, https:\/\/i0.wp.com\/vincentians.com\/es\/wp-content\/uploads\/sites\/11\/2013\/04\/n-2.jpg?fit=1200%2C675&ssl=1&resize=525%2C300 1.5x, https:\/\/i0.wp.com\/vincentians.com\/es\/wp-content\/uploads\/sites\/11\/2013\/04\/n-2.jpg?fit=1200%2C675&ssl=1&resize=700%2C400 2x, https:\/\/i0.wp.com\/vincentians.com\/es\/wp-content\/uploads\/sites\/11\/2013\/04\/n-2.jpg?fit=1200%2C675&ssl=1&resize=1050%2C600 3x"},"classes":[]},{"id":387353,"url":"https:\/\/vincentians.com\/es\/nuevas-fundaciones-2\/","url_meta":{"origin":405303,"position":5},"title":"Nuevas fundaciones","author":"Mitxel Olabu\u00e9naga","date":"23\/04\/2016","format":false,"excerpt":"La Compa\u00f1\u00eda se extend\u00eda como un fuego prendido en los matorrales. Las j\u00f3venes lle\u00adgaban de todos los lugares. A Luisa, de golpe, se le echaron encima las nuevas fundacio\u00adnes: Sedan, Fontenay-aux-Roses, Nateuil-le-Haudouin, Liancourt, Issy, Saint-Denis, Ser-queux, Maule, Crespi\u00e9res, Le Mans, Nantes, Fonteinebleau, Chantilly, Montreuil-sur-Mer, Chars y Valpuisseaux. \u00a1Dieciocho fundaciones, adem\u00e1s\u2026","rel":"","context":"En \u00abHijas de la Caridad\u00bb","block_context":{"text":"Hijas de la Caridad","link":"https:\/\/vincentians.com\/es\/category\/la-familia-vicenciana\/ramas\/hijas-de-la-caridad\/"},"img":{"alt_text":"LOGO HHC","src":"https:\/\/i0.wp.com\/vicencianos.org\/wp-content\/uploads\/2016\/03\/LOGO-HHC.gif?resize=350%2C200","width":350,"height":200},"classes":[]}],"_links":{"self":[{"href":"https:\/\/vincentians.com\/es\/wp-json\/wp\/v2\/posts\/405303","targetHints":{"allow":["GET"]}}],"collection":[{"href":"https:\/\/vincentians.com\/es\/wp-json\/wp\/v2\/posts"}],"about":[{"href":"https:\/\/vincentians.com\/es\/wp-json\/wp\/v2\/types\/post"}],"author":[{"embeddable":true,"href":"https:\/\/vincentians.com\/es\/wp-json\/wp\/v2\/users\/5"}],"replies":[{"embeddable":true,"href":"https:\/\/vincentians.com\/es\/wp-json\/wp\/v2\/comments?post=405303"}],"version-history":[{"count":1,"href":"https:\/\/vincentians.com\/es\/wp-json\/wp\/v2\/posts\/405303\/revisions"}],"predecessor-version":[{"id":405304,"href":"https:\/\/vincentians.com\/es\/wp-json\/wp\/v2\/posts\/405303\/revisions\/405304"}],"wp:featuredmedia":[{"embeddable":true,"href":"https:\/\/vincentians.com\/es\/wp-json\/wp\/v2\/media\/403945"}],"wp:attachment":[{"href":"https:\/\/vincentians.com\/es\/wp-json\/wp\/v2\/media?parent=405303"}],"wp:term":[{"taxonomy":"category","embeddable":true,"href":"https:\/\/vincentians.com\/es\/wp-json\/wp\/v2\/categories?post=405303"},{"taxonomy":"post_tag","embeddable":true,"href":"https:\/\/vincentians.com\/es\/wp-json\/wp\/v2\/tags?post=405303"}],"curies":[{"name":"wp","href":"https:\/\/api.w.org\/{rel}","templated":true}]}}