{"id":405152,"date":"2024-03-26T08:15:11","date_gmt":"2024-03-26T07:15:11","guid":{"rendered":"http:\/\/vincentians.com\/es\/?p=405152"},"modified":"2023-08-13T21:16:23","modified_gmt":"2023-08-13T19:16:23","slug":"la-misericordia-y-la-ternura-como-praxis-de-la-hija-de-la-caridad-iv","status":"publish","type":"post","link":"https:\/\/vincentians.com\/es\/la-misericordia-y-la-ternura-como-praxis-de-la-hija-de-la-caridad-iv\/","title":{"rendered":"LA MISERICORDIA Y LA TERNURA COMO PRAXIS DE LA HIJA DE LA CARIDAD (IV)"},"content":{"rendered":"<ol start=\"4\">\n<li>LA DIACONIA DE LA MISERICORDIA PARA TRANSFORMAR EL MUNDO<\/li>\n<\/ol>\n<p>En esta tercera parte voy a intentar poner de relieve algunos aspectos que podr\u00edan contribuir a transformar el mundo desde la ternura y la misericordia. Me parece importante acentuar algunos aspectos de lo que estamos viviendo y que deseamos vivir con mayor intensidad. indudablemente la bondad, la ternura y la miseri\u00adcordia, embellecen la convivencia y tienen una fuerza capaz de transformar el mundo.<\/p>\n<p>4.1 <em>Compartir el sufrimiento de los pobres, llevar con ellos el peso que los oprime<\/em><\/p>\n<p>La geograf\u00eda del hambre no conoce fronteras. cerca y lejos mal\u00adviven y mueren millones de personas por problemas de nutrici\u00f3n, de higiene o de cuidados sanitarios. El analfabetismo, la <a href=\"http:\/\/sole-iad.la\/\">soledad, la<\/a> falta de amor siguen siendo una mancha que afea el rostro de la humanidad. Muchas familias con escasos recursos tienen que enfrentarse con el drama de la lucha cotidiana por sobrevivir digna\u00admente. El desempleo, la falta de un trabajo estable, la insuficiente cobertura social para quienes carecen de recursos, viviendas en p\u00e9simas condiciones agravan la situaci\u00f3n.<\/p>\n<p>El cerco de la precariedad rodea a personas que sienten ver\u00adg\u00fcenza de pedir y que esconden la mano cuando sus labios musitan alguna de sus miserias. Cerca y lejos, all\u00ed donde nos encontramos, muchos hermanos empobrecidos necesitan cuidados, atenci\u00f3n, compa\u00f1\u00eda. Ante tantas situaciones de sufrimiento, de humillaci\u00f3n, de desesperanza, podemos pasar de largo, ir de prisa, acostumbrar\u00adnos al dolor y perder sensibilidad. Todo esto entra en lo que el Papa Francisco llama la globalizaci\u00f3n de la indiferencia. Un sencillo gesto de bondad con alguien que sufre puede cambiar toda una vida.<\/p>\n<p>El mundo actual no destaca por su inclinaci\u00f3n hacia la miseri\u00adcordia, abundan desgraciadamente la indiferencia, la deshumaniza\u00adci\u00f3n, el abandono. La Exhortaci\u00f3n <em>Evangelii gaudium <\/em>nos estimula a permanecer vigilantes para que la cultura del bienestar no nos anestesie, volvi\u00e9ndonos incapaces de compadecernos y de llorar ante el drama de los dem\u00e1s ni de interesarnos de cuidarlos, como si todo fuera una responsabilidad ajena que no nos incumbe.<\/p>\n<p><em>Llevar el peso <\/em>que oprime a los pobres, &#8211; sufrir con la persona que sufre -, no se reduce a un hecho concreto y puntual, ni est\u00e1 moti\u00advado por una r\u00e1faga de emoci\u00f3n colectiva, ante cat\u00e1strofes y acon\u00adtecimientos excepcionales. La ternura misericordiosa lleva a poner\u00adse en la situaci\u00f3n de los que sufren y a compartir su pena. <em>Sobrellevar con agrado <\/em>las debilidades de nuestros hermanos, <em>ser pacientes <\/em>con los defectos de nuestro pr\u00f3jimo, entra en la praxis cotidiana de la misericordia.<\/p>\n<p>Son actuales las recomendaciones de santa Luisa a las Hermanas cuando las animaba a llevar las penas de los pobres y a hacer todo lo posible por remediarlas. <em>Tal vez vosotras sufr\u00e1is esca\u00adsez; eso debe ser vuestro consuelo, pues si tuvierais abundancia vuestros corazones se sentir\u00edan tristes por ello&#8230;<\/em><\/p>\n<p><em>Compartir el sufrimiento de los pobres <\/em>lleva de forma ineludi\u00adble a renunciar a cosas necesarias para poder atender sus necesida\u00addes como hac\u00edan santa Luisa <em>y <\/em>las Hermanas que \u201ctomaron<em> de lo de ellas mismas para aumentar el fondo de los pobres y se contenta\u00adban con tomar una vez al d\u00eda un poco de alimento, el m\u00e1s tosco.<\/em><\/p>\n<p><em>Ayudar a llevar el peso de los pobres <\/em>implica permanecer a su lado en las dificultades. ofrecerles el apoyo que necesitan, defender sus derechos y<sup>&#8211;<\/sup> colaborar con quienes asumen su causa, siguiendo las orientaciones de la Iglesia. Es ser ese poyo en medio de la calle donde los que pasan puedan depositar la carga que llevan y permi\u00adtir que descarguen en nosotras su indignaci\u00f3n, su malestar, todo lo que les atormenta, como repet\u00eda y sobre todo practicaba la beata Sor Rosal\u00eda Rendu.<\/p>\n<p><em>Compartir sufrir con los pobres, permanecer a su lado, <\/em>lleva a servirles como a se\u00f1ores, pues tienen derecho a ello, y a aprender de su vida crucificada pues verdaderamente son nuestros maestros y, sin darse cuenta, desde la c\u00e1tedra del sufrimiento y la humillaci\u00f3n, nos est\u00e1n evangelizando.<\/p>\n<p>4.2 <em>Cuidar la fragilidad, acompa\u00f1ar a las personas m\u00e1s d\u00e9biles <\/em>y <em>desfavorecidas<\/em><\/p>\n<p>En la sociedad actual hay problemas que no ocupan grandes espacios en las informaciones, bien porque no interesan o porque otros temas que acaparan toda la atenci\u00f3n. La soledad es uno de los problemas actuales m\u00e1s graves, que afecta a enfermos cr\u00f3nicos, a personas mayores, sin hogar o en la c\u00e1rcel, que carecen de v\u00edncu\u00adlos familiares, o estos son muy d\u00e9biles. En los grandes centros urba\u00adnos. pero tambi\u00e9n en otros n\u00facleos de poblaci\u00f3n, muchas personas se encuentran aisladas, con escasa o nula comunicaci\u00f3n. Los datos estad\u00edsticos que de vez en cuando salen a la luz son verdaderamente alarmantes. La indiferencia y la soledad son s\u00edntomas de una socie\u00addad deshumanizada.<\/p>\n<p>Puede parecer que actualmente muchas personas no necesitan de nadie para vivir. Sin embargo, las personas que sufren y carecen de apoyos humanos y sociales o pasan mucho tiempo solas, precisan mucho cari\u00f1o y comprensi\u00f3n y sobre todo alguien que les ofrezca su tiempo y las escuche. Esto requiere una permanente disponibilidad, siempre pronta a acudir a aliviar, consolar, apoyar al hermano d\u00e9bil y necesitado.<\/p>\n<p><em>Cuidar y curar heridas, custodiar y proteger <\/em>a las personas m\u00e1s fr\u00e1giles y desfavorecidas a trav\u00e9s del ejercicio constante de las obras de misericordia corporales y espirituales, cooperando con recursos necesarios que les ayuden a vivir dignamente y faciliten su integra\u00adci\u00f3n social. \u00a1Cu\u00e1ntas heridas abiertas encontramos en el coraz\u00f3n de ancianos y enfermos solos, en personas que est\u00e1n en la c\u00e1rcel, en emigrantes y refugiados perseguidos que han tenido que huir de sus pa\u00edses para salvar la vida, en tantas y tantas v\u00edctimas de esclavi\u00adtudes y miserias!<\/p>\n<p>Cuando una persona se encuentra acogida y comprendida, de alguna manera empieza a nacer de nuevo. Los ni\u00f1os y j\u00f3venes, necesitan un acompa\u00f1amiento especial, sobre todo, los que han nacido o crecido en familias con dificultades, que apenas han reci\u00adbido mensajes positivos orientados al desarrollo arm\u00f3nico de su per\u00adsonalidad. La necesidad de ser reconocidos y amados les lleva a determinadas actuaciones de las que m\u00e1s tarde se arrepentir\u00e1n.<\/p>\n<p>En estos tiempos nos sentimos particularmente urgidas a cuidar con ternura y a proteger la vida humana y la dignidad inviolable de la persona desde el inicio de su existencia hasta su muerte natural. Es una prioridad la protecci\u00f3n a la mujer, con frecuencia discrimi\u00adnada o v\u00edctima de esclavitudes; necesitan un apoyo particular las mujeres que valientemente optan por ser madres, en medio de inse\u00adguridades laborales y sociales, familiares o econ\u00f3micas. Tambi\u00e9n es inaplazable la defensa de la familia, amenazada por ideolog\u00edas que proponen modelos opuestos a la concepci\u00f3n cristiana de la vida.<\/p>\n<p><em>Cuidar y acompa\u00f1ar, <\/em>con delicada ternura, paciencia y com\u00adprensi\u00f3n, alentando en los pobres la esperanza que no defrauda: la fe constituye un poderoso apoyo en el sufrimiento, en la soledad, en la dificultad. San Pablo <em>nos exhorta a alentar a las personas desanimadas, a sostener a los d\u00e9biles y a ser pacientes con todos. <\/em>Es un privilegio poder contemplar al Se\u00f1or y visitar en su nombre a tantas personas desesperadas, ca\u00eddas, abandonadas, rotas e incom\u00adprendidas. Ciertamente existe una profunda relaci\u00f3n entre la fe y el amor a los hermanos, particularmente a los m\u00e1s d\u00e9biles, a los que de ninguna manera debemos dejar solos.<\/p>\n<p>4.3 <em>Hacer de nuestras comunidades y centros vicencianos oasis de misericordia, en las periferias de la marginaci\u00f3n v la exclu\u00adsi\u00f3n\u00bb.<\/em><\/p>\n<p>Nuestra sociedad hambrea el pan de la ternura y anhela el b\u00e1l\u00adsamo de la misericordia para poder neutralizar tantas formas de vio\u00adlencia que empa\u00f1an las relaciones humanas y ensombrecen la vida social. Alarma la insensibilidad ante escenas violentas convertidas en espect\u00e1culo ante las que se permanece impasible, sin estremecerse. A veces existe un cierto inter\u00e9s por invisibilizar la pobreza o por atenuarla ante los ojos del ciudadano confortablemente instalado en el sill\u00f3n del bienestar.<\/p>\n<p>Sin embargo, el clamor de los pobres no cesa pero adquiere tonalidades diferentes; por eso, se necesita un o\u00eddo espe\u00adcial para captar lo que verdaderamente late en tantos corazones rotos y heridos por la falta de amor y el olvido de los dem\u00e1s. En un barrac\u00f3n semiderruido de un barrio popular de una ciudad tur\u00edstica, un grupo de ocupas que malvive en condiciones infrahumanas ha escrito esta terrible sentencia: <em>Si nada nos libra de la muerte, al menos que el amor nos salve de esta vida.<\/em><\/p>\n<p>Adem\u00e1s de la ayuda material <em>estamos llamadas a hacer de nuestras comunidades y centros vicencianos oasis de misericordia. <\/em>A muchos pobres, la vida les resulta dif\u00edcil de llevar, les faltan las fuerzas, se encuentran desesperanzados, atormentados: viven situaciones dur\u00edsimas de incomprensi\u00f3n y rechazo sin que les sean reco\u00adnocidos sus derechos, sin un horizonte que les ayude a afrontar con esperanza su dram\u00e1tica situaci\u00f3n.<\/p>\n<p>En estos tiempos de tanto individualismo, los pobres necesitan el calor de la amistad que les anime y consuele, les aporte lo que necesitan para vivir con dignidad y les ayude a descubrir a Jes\u00fas pues solo en \u00c9l encontrar\u00e1n amor, paz, misericordia, alegr\u00eda, per\u00add\u00f3n.<\/p>\n<p><em>Una comunidad, un centro oasis de misericordia <\/em>es un espacio c\u00e1lido y fraternal, donde los pobres son acogidos cordialmente, se vive en familia y se disfruta de la amistad. Ah\u00ed se crean v\u00ednculos con los pobres, emigrantes, refugiados, personas solas desarraigadas de sus familias &#8211; que carecen de un ambiente que les cobije y proteja -. Los pobres necesitan descubrir que Dios es Padre misericordioso de todos, est\u00e1 con ellos y los ama; los pobres desean que les ayude\u00admos a orar, a escuchar la Palabra de Dios, a encontrar una luz que oriente su caminar por la vida. <em>Un centro oasis de misericordia <\/em>ofrece tiempos y espacios para dialogar y compartir, para orar y celebrar juntos la fe, para estrechar lazos fraternales entre hermanos, hijos del mismo Padre.<\/p>\n<p><em>Una comunidad, un centro vicenciano oasis de misericordia <\/em>tiene las puertas del coraz\u00f3n y de la casa siempre abiertas para entrar y para salir y desplazarse hacia las periferias geogr\u00e1ficas y existencia\u00adles, cercanas o lejanas. donde muchas personas en estado de pobreza sufren y hambrean consuelo y esperanza. Puertas abiertas para acoger a los pobres, sin esperar a que llamen: puertas abiertas para ir a bus\u00adcarlos donde se encuentren. Muchos de ellos pertenecen a ese colecti\u00advo que el Papa Francisco llama la cultura del descarte, son personas no gratas, improductivas no integradas. que no cuentan y que de alguna manera son ignoradas y expulsadas al margen por una sociedad indiferente, satisfecha con la acumulaci\u00f3n de cosas innecesarias, entretenida en los macro espect\u00e1culos del ocio o la euforia del deporte.<\/p>\n<p>Por dentro, la <em>comunidad oasis de misericordia <\/em>es una delicia, es una especie de para\u00edso, donde las Hermanas viven unidas, saben estimularse para avanzar juntas, saben sortear las dificultades con comprensi\u00f3n y superar los obst\u00e1culos sin lamentos. Es una comuni\u00addad misionera, que habla desde la vida, con el lenguaje de la dulzura y la praxis de la misericordia. Guarda muy viva en su memoria la recomendaci\u00f3n de san Vicente: <em>Hablad del bien que hab\u00e9is visto, decid lo bueno que es Dios, que conviene amarlo, explicad c\u00f3mo le serv\u00eds para edificaci\u00f3n de aquellos que os escuchan. <\/em>Adem\u00e1s, y de un modo muy vivo, esta comunidad oasis siente la responsabilidad de ser referencia evang\u00e9lica para el entorno y de ser un faro luminoso atractivo que ilumine a los j\u00f3venes en b\u00fasqueda de su vocaci\u00f3n.<\/p>\n<p><em>Una comunidad oasis de misericordia <\/em>sufre y comparte las angustias de los pobres pues sus l\u00e1grimas la hacen llorar tambi\u00e9n. Ora en nombre de los pobres, por ellos y con ellos, consciente de que ese es <em>el medio m\u00e1s poderoso para obtener de Dios que su obra se realice seg\u00fan su santa voluntad<\/em>.<\/p>\n<p>4.4 <em>Mostrar a los pobres el rostro misericordioso de Dios<\/em><\/p>\n<p>\u00bfC\u00f3mo podemos mostrar el rostro misericordioso de Dios a unas generaciones que viven en un mundo moldeado por una pro\u00addigiosa tecnolog\u00eda que parece bastarse a s\u00ed mismo? \u00bfC\u00f3mo propo\u00adner el Evangelio en una sociedad que sufre el acoso de la intoleran\u00adcia del laicismo &#8211; que impone la dictadura del pensamiento \u00fanico &#8211; y pretende arrinconar el Evangelio al recinto privado de la con\u00adciencia, dejando de inspirar la convivencia social y la vida p\u00fablica? En este contexto apremia el testimonio convincente de los que se han dejado iluminar y transformar por la Palabra del Se\u00f1or y desde su vida, despiertan en otros el deseo de buscar la verdad y la verda\u00addera vida en Dios.<\/p>\n<p>Hoy como ayer, multitud de gentes atraviesan una honda crisis existencial y necesitan una br\u00fajula segura que oriente sus pasos en la vida. Somos conscientes de que en la persona humana hay un hambre profunda que no queda saciada con recursos materiales; no cabe duda de que la mayor desdicha es no conocer a Dios.<\/p>\n<p>Las nuevas generaciones de ni\u00f1os y j\u00f3venes que anhelan liber\u00adtad y buscan la felicidad tienen necesidad de construir su vida sobre bases s\u00f3lidas. A veces desafortunadamente son arrastrados hacia ideales fundamentalistas y violentos o bien, v\u00edctimas de una sofisticada manipulaci\u00f3n, caen en las redes de la esclavitud del alcohol, la droga y otras adicciones. Sin embargo, ante hermosas propuestas que proyectan luz y esperanza en sus vidas, vemos que son capaces de dejarse interpelar. Necesitan escuchar la voz de Cristo que les invita a ser sus amigos. Estamos llamadas a decirles que Cristo los ama, que en \u00e9l encontrar\u00e1n el Amor y la Vida, la verdadera libertad, la plenitud de la felicidad.<\/p>\n<p>La experiencia de la misericordia de Dios, que constantemente recibimos, requiere ser anunciada y compartida. \u00a1El Se\u00f1or nos invi\u00adta a anunciar con gozo este mensaje de gozo y esperanza! Es her\u00admoso experimentar la alegr\u00eda de extender esta buena nueva, de com\u00adpartir el tesoro que se nos ha confiado, para consolar los corazones afligidos y dar esperanza a tantos hermanos y hermanas sumidos en el vac\u00edo. Se trata de seguir e imitar a Jes\u00fas, que fue en busca de los pobres y los pecadores como el pastor con la oveja perdida, y lo hizo lleno de amor. Unidos a \u00c9l, podernos abrir con valent\u00eda nuevos caminos de evangelizaci\u00f3n y promoci\u00f3n humana.<\/p>\n<p>De forma contundente san Vicente no se cansaba de repetir a las Hermanas que deb\u00edan trabajar con todas sus fuerzas al servicio de las almas, <em>para hacerlas amigas de Dios, y esto aun antes de ocu\u00adparse de los cuerpos. <\/em>Hacer que los pobres sean amigos de Dios es un gran desaf\u00edo. Me encanta el comentario que hizo una Hermana en una de las reuniones comunitarias con los Fundadores: <em>sabemos que amamos a Dios si nos complacemos en hablar de El. <\/em>As\u00ed la experiencia de misericordia que nosotras saboreamos deseamos que pueda extenderse a los pobres. \u00a1C\u00f3mo disfrutar\u00e1n ellos escuchando en su coraz\u00f3n: <em>Te amo, t\u00fa eres precioso para m\u00ed!.<\/em><\/p>\n<p>Tengo la impresi\u00f3n de que a veces se da una cierta disociaci\u00f3n entre obras de atenci\u00f3n social y evangelizaci\u00f3n que limita la acci\u00f3n caritativa a un compromiso solidario, a hacer algo por los dem\u00e1s. Sin embargo, la acci\u00f3n caritativa y social tiene una dimen\u00adsi\u00f3n evangelizadora que habla con el lenguaje de la ternura y<sup>&#8211;<\/sup> la misericordia. Si algo debe inquietar nuestra conciencia es que tan\u00adtos hermanos nuestros vivan sin la fuerza, la luz y el consuelo de la amistad con Jesucristo, sin una comunidad de fe que los contenga. sin un horizonte de sentido y de vida.<\/p>\n<p>Nuestra misi\u00f3n es anunciar al Dios de la vida, hacer presente el amor misericordioso de Dios a los pobres con gestos, palabras y actitudes sanadoras. Es claro que no somos gestoras de obras socia\u00adles, educativas, o sanitarias, por mencionar los tres grandes sectores que de alguna manera engloban la praxis de la Hija de la Caridad. La praxis de la Hija de la Caridad, impregnada de ternura y miseri\u00adcordia, lleva a sanar, a educar, a transformar; y por la fuerza del Esp\u00edritu, a despertar el deseo de ver en quienes caminan en la oscu\u00adridad y a abrir suavemente la puerta de la fe a los que viven en la desesperanza.<\/p>\n<p>Emociona ver c\u00f3mo los pobres se acercan al Se\u00f1or de la mano de la Virgen Mar\u00eda, Madre de misericordia, que acoge a todos sus hijos con una especial protecci\u00f3n hacia los peque\u00f1os, humillados y desamparados. Ella nos invita a escuchar a Jes\u00fas y a hacer lo que \u00c9l nos diga.<\/p>\n<p>As\u00ed, ante las multitudes hambrientas, desorientadas, desilusio\u00adnadas, alejadas de la fe y de la Iglesia; ante tantas personas que luchan por la justicia y buscan la verdad; ante tantos corazones rotos o heridos, hambrientos de amor y de paz, de perd\u00f3n, esperan\u00adza y salvaci\u00f3n, Jes\u00fas nos sigue diciendo: \u00a1Dadle vosotros de comer!<\/p>\n<p>Sor Rosa Mar\u00eda Mir\u00f3, H.C.<\/p>\n<p>CEME 2015<\/p>\n<p>&nbsp;<\/p>\n","protected":false},"excerpt":{"rendered":"<p>LA DIACONIA DE LA MISERICORDIA PARA TRANSFORMAR EL MUNDO En esta tercera parte voy a intentar poner de relieve algunos aspectos que podr\u00edan contribuir a transformar el mundo desde la ternura y la misericordia. Me &#8230; <a href=\"https:\/\/vincentians.com\/es\/la-misericordia-y-la-ternura-como-praxis-de-la-hija-de-la-caridad-iv\/\" class=\"more-link\">Read More<\/a><\/p>\n","protected":false},"author":5,"featured_media":405146,"comment_status":"open","ping_status":"open","sticky":false,"template":"","format":"standard","meta":{"jetpack_post_was_ever_published":false,"_jetpack_newsletter_access":"","_jetpack_dont_email_post_to_subs":false,"_jetpack_newsletter_tier_id":0,"_jetpack_memberships_contains_paywalled_content":false,"_jetpack_memberships_contains_paid_content":false,"footnotes":"","jetpack_publicize_message":"","jetpack_publicize_feature_enabled":true,"jetpack_social_post_already_shared":true,"jetpack_social_options":{"image_generator_settings":{"template":"highway","default_image_id":0,"font":"","enabled":false},"version":2}},"categories":[374,226],"tags":[],"class_list":["post-405152","post","type-post","status-publish","format-standard","has-post-thumbnail","hentry","category-espiritualidad","category-espiritualidad-vicenciana"],"yoast_head":"<!-- This site is optimized with the Yoast SEO plugin v26.3 - https:\/\/yoast.com\/wordpress\/plugins\/seo\/ -->\n<title>LA MISERICORDIA Y LA TERNURA COMO PRAXIS DE LA HIJA DE LA CARIDAD (IV) - Somos Vicencianos<\/title>\n<meta name=\"robots\" content=\"index, follow, max-snippet:-1, max-image-preview:large, max-video-preview:-1\" \/>\n<link rel=\"canonical\" href=\"https:\/\/vincentians.com\/es\/la-misericordia-y-la-ternura-como-praxis-de-la-hija-de-la-caridad-iv\/\" \/>\n<meta property=\"og:locale\" content=\"es_ES\" \/>\n<meta property=\"og:type\" content=\"article\" \/>\n<meta property=\"og:title\" content=\"LA MISERICORDIA Y LA TERNURA COMO PRAXIS DE LA HIJA DE LA CARIDAD (IV) - Somos Vicencianos\" \/>\n<meta property=\"og:description\" content=\"LA DIACONIA DE LA MISERICORDIA PARA TRANSFORMAR EL MUNDO En esta tercera parte voy a intentar poner de relieve algunos aspectos que podr\u00edan contribuir a transformar el mundo desde la ternura y la misericordia. Me ... Read More\" \/>\n<meta property=\"og:url\" content=\"https:\/\/vincentians.com\/es\/la-misericordia-y-la-ternura-como-praxis-de-la-hija-de-la-caridad-iv\/\" \/>\n<meta property=\"og:site_name\" content=\"Somos Vicencianos\" \/>\n<meta property=\"article:publisher\" content=\"https:\/\/www.facebook.com\/WeAreVincentians\/\" \/>\n<meta property=\"article:published_time\" content=\"2024-03-26T07:15:11+00:00\" \/>\n<meta property=\"og:image\" content=\"https:\/\/i0.wp.com\/vincentians.com\/es\/wp-content\/uploads\/sites\/11\/2023\/08\/aa.gif?fit=868%2C430&ssl=1\" \/>\n\t<meta property=\"og:image:width\" content=\"868\" \/>\n\t<meta property=\"og:image:height\" content=\"430\" \/>\n\t<meta property=\"og:image:type\" content=\"image\/gif\" \/>\n<meta name=\"author\" content=\"Mitxel Olabu\u00e9naga\" \/>\n<meta name=\"twitter:card\" content=\"summary_large_image\" \/>\n<meta name=\"twitter:creator\" content=\"@WeVincentians\" \/>\n<meta name=\"twitter:site\" content=\"@WeVincentians\" \/>\n<meta name=\"twitter:label1\" content=\"Escrito por\" \/>\n\t<meta name=\"twitter:data1\" content=\"Mitxel Olabu\u00e9naga\" \/>\n\t<meta name=\"twitter:label2\" content=\"Tiempo de lectura\" \/>\n\t<meta name=\"twitter:data2\" content=\"13 minutos\" \/>\n<script type=\"application\/ld+json\" class=\"yoast-schema-graph\">{\"@context\":\"https:\/\/schema.org\",\"@graph\":[{\"@type\":\"Article\",\"@id\":\"https:\/\/vincentians.com\/es\/la-misericordia-y-la-ternura-como-praxis-de-la-hija-de-la-caridad-iv\/#article\",\"isPartOf\":{\"@id\":\"https:\/\/vincentians.com\/es\/la-misericordia-y-la-ternura-como-praxis-de-la-hija-de-la-caridad-iv\/\"},\"author\":{\"name\":\"Mitxel Olabu\u00e9naga\",\"@id\":\"http:\/\/vincentians.com\/es\/#\/schema\/person\/7c2670b4445a7ca9d164ea6acdb31859\"},\"headline\":\"LA MISERICORDIA Y LA TERNURA COMO PRAXIS DE LA HIJA DE LA CARIDAD (IV)\",\"datePublished\":\"2024-03-26T07:15:11+00:00\",\"mainEntityOfPage\":{\"@id\":\"https:\/\/vincentians.com\/es\/la-misericordia-y-la-ternura-como-praxis-de-la-hija-de-la-caridad-iv\/\"},\"wordCount\":2972,\"commentCount\":0,\"publisher\":{\"@id\":\"http:\/\/vincentians.com\/es\/#organization\"},\"image\":{\"@id\":\"https:\/\/vincentians.com\/es\/la-misericordia-y-la-ternura-como-praxis-de-la-hija-de-la-caridad-iv\/#primaryimage\"},\"thumbnailUrl\":\"https:\/\/i0.wp.com\/vincentians.com\/es\/wp-content\/uploads\/sites\/11\/2023\/08\/aa.gif?fit=868%2C430&ssl=1\",\"articleSection\":[\"Espiritualidad\",\"Espiritualidad vicenciana\"],\"inLanguage\":\"es\",\"potentialAction\":[{\"@type\":\"CommentAction\",\"name\":\"Comment\",\"target\":[\"https:\/\/vincentians.com\/es\/la-misericordia-y-la-ternura-como-praxis-de-la-hija-de-la-caridad-iv\/#respond\"]}]},{\"@type\":\"WebPage\",\"@id\":\"https:\/\/vincentians.com\/es\/la-misericordia-y-la-ternura-como-praxis-de-la-hija-de-la-caridad-iv\/\",\"url\":\"https:\/\/vincentians.com\/es\/la-misericordia-y-la-ternura-como-praxis-de-la-hija-de-la-caridad-iv\/\",\"name\":\"LA MISERICORDIA Y LA TERNURA COMO PRAXIS DE LA HIJA DE LA CARIDAD (IV) - Somos Vicencianos\",\"isPartOf\":{\"@id\":\"http:\/\/vincentians.com\/es\/#website\"},\"primaryImageOfPage\":{\"@id\":\"https:\/\/vincentians.com\/es\/la-misericordia-y-la-ternura-como-praxis-de-la-hija-de-la-caridad-iv\/#primaryimage\"},\"image\":{\"@id\":\"https:\/\/vincentians.com\/es\/la-misericordia-y-la-ternura-como-praxis-de-la-hija-de-la-caridad-iv\/#primaryimage\"},\"thumbnailUrl\":\"https:\/\/i0.wp.com\/vincentians.com\/es\/wp-content\/uploads\/sites\/11\/2023\/08\/aa.gif?fit=868%2C430&ssl=1\",\"datePublished\":\"2024-03-26T07:15:11+00:00\",\"breadcrumb\":{\"@id\":\"https:\/\/vincentians.com\/es\/la-misericordia-y-la-ternura-como-praxis-de-la-hija-de-la-caridad-iv\/#breadcrumb\"},\"inLanguage\":\"es\",\"potentialAction\":[{\"@type\":\"ReadAction\",\"target\":[\"https:\/\/vincentians.com\/es\/la-misericordia-y-la-ternura-como-praxis-de-la-hija-de-la-caridad-iv\/\"]}]},{\"@type\":\"ImageObject\",\"inLanguage\":\"es\",\"@id\":\"https:\/\/vincentians.com\/es\/la-misericordia-y-la-ternura-como-praxis-de-la-hija-de-la-caridad-iv\/#primaryimage\",\"url\":\"https:\/\/i0.wp.com\/vincentians.com\/es\/wp-content\/uploads\/sites\/11\/2023\/08\/aa.gif?fit=868%2C430&ssl=1\",\"contentUrl\":\"https:\/\/i0.wp.com\/vincentians.com\/es\/wp-content\/uploads\/sites\/11\/2023\/08\/aa.gif?fit=868%2C430&ssl=1\",\"width\":868,\"height\":430},{\"@type\":\"BreadcrumbList\",\"@id\":\"https:\/\/vincentians.com\/es\/la-misericordia-y-la-ternura-como-praxis-de-la-hija-de-la-caridad-iv\/#breadcrumb\",\"itemListElement\":[{\"@type\":\"ListItem\",\"position\":1,\"name\":\"Portada\",\"item\":\"http:\/\/vincentians.com\/es\/\"},{\"@type\":\"ListItem\",\"position\":2,\"name\":\"LA MISERICORDIA Y LA TERNURA COMO PRAXIS DE LA HIJA DE LA CARIDAD (IV)\"}]},{\"@type\":\"WebSite\",\"@id\":\"http:\/\/vincentians.com\/es\/#website\",\"url\":\"http:\/\/vincentians.com\/es\/\",\"name\":\"Somos Vicencianos\",\"description\":\"Know more to serve more\",\"publisher\":{\"@id\":\"http:\/\/vincentians.com\/es\/#organization\"},\"potentialAction\":[{\"@type\":\"SearchAction\",\"target\":{\"@type\":\"EntryPoint\",\"urlTemplate\":\"http:\/\/vincentians.com\/es\/?s={search_term_string}\"},\"query-input\":{\"@type\":\"PropertyValueSpecification\",\"valueRequired\":true,\"valueName\":\"search_term_string\"}}],\"inLanguage\":\"es\"},{\"@type\":\"Organization\",\"@id\":\"http:\/\/vincentians.com\/es\/#organization\",\"name\":\"The Vincentian Network\",\"url\":\"http:\/\/vincentians.com\/es\/\",\"logo\":{\"@type\":\"ImageObject\",\"inLanguage\":\"es\",\"@id\":\"http:\/\/vincentians.com\/es\/#\/schema\/logo\/image\/\",\"url\":\"https:\/\/i1.wp.com\/vincentians.com\/es\/wp-content\/uploads\/sites\/11\/2016\/06\/Vincentian-Network-logo-big.png?fit=778%2C778\",\"contentUrl\":\"https:\/\/i1.wp.com\/vincentians.com\/es\/wp-content\/uploads\/sites\/11\/2016\/06\/Vincentian-Network-logo-big.png?fit=778%2C778\",\"width\":778,\"height\":778,\"caption\":\"The Vincentian Network\"},\"image\":{\"@id\":\"http:\/\/vincentians.com\/es\/#\/schema\/logo\/image\/\"},\"sameAs\":[\"https:\/\/www.facebook.com\/WeAreVincentians\/\",\"https:\/\/x.com\/WeVincentians\"]},{\"@type\":\"Person\",\"@id\":\"http:\/\/vincentians.com\/es\/#\/schema\/person\/7c2670b4445a7ca9d164ea6acdb31859\",\"name\":\"Mitxel Olabu\u00e9naga\",\"image\":{\"@type\":\"ImageObject\",\"inLanguage\":\"es\",\"@id\":\"http:\/\/vincentians.com\/es\/#\/schema\/person\/image\/\",\"url\":\"https:\/\/secure.gravatar.com\/avatar\/34137ec2e2b8939cbbed975731e71f3f4f1defc7266ded337a5ce0f925426877?s=96&d=mm&r=g\",\"contentUrl\":\"https:\/\/secure.gravatar.com\/avatar\/34137ec2e2b8939cbbed975731e71f3f4f1defc7266ded337a5ce0f925426877?s=96&d=mm&r=g\",\"caption\":\"Mitxel Olabu\u00e9naga\"},\"url\":\"https:\/\/vincentians.com\/es\/author\/mitxel\/\"}]}<\/script>\n<!-- \/ Yoast SEO plugin. -->","yoast_head_json":{"title":"LA MISERICORDIA Y LA TERNURA COMO PRAXIS DE LA HIJA DE LA CARIDAD (IV) - Somos Vicencianos","robots":{"index":"index","follow":"follow","max-snippet":"max-snippet:-1","max-image-preview":"max-image-preview:large","max-video-preview":"max-video-preview:-1"},"canonical":"https:\/\/vincentians.com\/es\/la-misericordia-y-la-ternura-como-praxis-de-la-hija-de-la-caridad-iv\/","og_locale":"es_ES","og_type":"article","og_title":"LA MISERICORDIA Y LA TERNURA COMO PRAXIS DE LA HIJA DE LA CARIDAD (IV) - Somos Vicencianos","og_description":"LA DIACONIA DE LA MISERICORDIA PARA TRANSFORMAR EL MUNDO En esta tercera parte voy a intentar poner de relieve algunos aspectos que podr\u00edan contribuir a transformar el mundo desde la ternura y la misericordia. Me ... Read More","og_url":"https:\/\/vincentians.com\/es\/la-misericordia-y-la-ternura-como-praxis-de-la-hija-de-la-caridad-iv\/","og_site_name":"Somos Vicencianos","article_publisher":"https:\/\/www.facebook.com\/WeAreVincentians\/","article_published_time":"2024-03-26T07:15:11+00:00","og_image":[{"width":868,"height":430,"url":"https:\/\/i0.wp.com\/vincentians.com\/es\/wp-content\/uploads\/sites\/11\/2023\/08\/aa.gif?fit=868%2C430&ssl=1","type":"image\/gif"}],"author":"Mitxel Olabu\u00e9naga","twitter_card":"summary_large_image","twitter_creator":"@WeVincentians","twitter_site":"@WeVincentians","twitter_misc":{"Escrito por":"Mitxel Olabu\u00e9naga","Tiempo de lectura":"13 minutos"},"schema":{"@context":"https:\/\/schema.org","@graph":[{"@type":"Article","@id":"https:\/\/vincentians.com\/es\/la-misericordia-y-la-ternura-como-praxis-de-la-hija-de-la-caridad-iv\/#article","isPartOf":{"@id":"https:\/\/vincentians.com\/es\/la-misericordia-y-la-ternura-como-praxis-de-la-hija-de-la-caridad-iv\/"},"author":{"name":"Mitxel Olabu\u00e9naga","@id":"http:\/\/vincentians.com\/es\/#\/schema\/person\/7c2670b4445a7ca9d164ea6acdb31859"},"headline":"LA MISERICORDIA Y LA TERNURA COMO PRAXIS DE LA HIJA DE LA CARIDAD (IV)","datePublished":"2024-03-26T07:15:11+00:00","mainEntityOfPage":{"@id":"https:\/\/vincentians.com\/es\/la-misericordia-y-la-ternura-como-praxis-de-la-hija-de-la-caridad-iv\/"},"wordCount":2972,"commentCount":0,"publisher":{"@id":"http:\/\/vincentians.com\/es\/#organization"},"image":{"@id":"https:\/\/vincentians.com\/es\/la-misericordia-y-la-ternura-como-praxis-de-la-hija-de-la-caridad-iv\/#primaryimage"},"thumbnailUrl":"https:\/\/i0.wp.com\/vincentians.com\/es\/wp-content\/uploads\/sites\/11\/2023\/08\/aa.gif?fit=868%2C430&ssl=1","articleSection":["Espiritualidad","Espiritualidad vicenciana"],"inLanguage":"es","potentialAction":[{"@type":"CommentAction","name":"Comment","target":["https:\/\/vincentians.com\/es\/la-misericordia-y-la-ternura-como-praxis-de-la-hija-de-la-caridad-iv\/#respond"]}]},{"@type":"WebPage","@id":"https:\/\/vincentians.com\/es\/la-misericordia-y-la-ternura-como-praxis-de-la-hija-de-la-caridad-iv\/","url":"https:\/\/vincentians.com\/es\/la-misericordia-y-la-ternura-como-praxis-de-la-hija-de-la-caridad-iv\/","name":"LA MISERICORDIA Y LA TERNURA COMO PRAXIS DE LA HIJA DE LA CARIDAD (IV) - Somos Vicencianos","isPartOf":{"@id":"http:\/\/vincentians.com\/es\/#website"},"primaryImageOfPage":{"@id":"https:\/\/vincentians.com\/es\/la-misericordia-y-la-ternura-como-praxis-de-la-hija-de-la-caridad-iv\/#primaryimage"},"image":{"@id":"https:\/\/vincentians.com\/es\/la-misericordia-y-la-ternura-como-praxis-de-la-hija-de-la-caridad-iv\/#primaryimage"},"thumbnailUrl":"https:\/\/i0.wp.com\/vincentians.com\/es\/wp-content\/uploads\/sites\/11\/2023\/08\/aa.gif?fit=868%2C430&ssl=1","datePublished":"2024-03-26T07:15:11+00:00","breadcrumb":{"@id":"https:\/\/vincentians.com\/es\/la-misericordia-y-la-ternura-como-praxis-de-la-hija-de-la-caridad-iv\/#breadcrumb"},"inLanguage":"es","potentialAction":[{"@type":"ReadAction","target":["https:\/\/vincentians.com\/es\/la-misericordia-y-la-ternura-como-praxis-de-la-hija-de-la-caridad-iv\/"]}]},{"@type":"ImageObject","inLanguage":"es","@id":"https:\/\/vincentians.com\/es\/la-misericordia-y-la-ternura-como-praxis-de-la-hija-de-la-caridad-iv\/#primaryimage","url":"https:\/\/i0.wp.com\/vincentians.com\/es\/wp-content\/uploads\/sites\/11\/2023\/08\/aa.gif?fit=868%2C430&ssl=1","contentUrl":"https:\/\/i0.wp.com\/vincentians.com\/es\/wp-content\/uploads\/sites\/11\/2023\/08\/aa.gif?fit=868%2C430&ssl=1","width":868,"height":430},{"@type":"BreadcrumbList","@id":"https:\/\/vincentians.com\/es\/la-misericordia-y-la-ternura-como-praxis-de-la-hija-de-la-caridad-iv\/#breadcrumb","itemListElement":[{"@type":"ListItem","position":1,"name":"Portada","item":"http:\/\/vincentians.com\/es\/"},{"@type":"ListItem","position":2,"name":"LA MISERICORDIA Y LA TERNURA COMO PRAXIS DE LA HIJA DE LA CARIDAD (IV)"}]},{"@type":"WebSite","@id":"http:\/\/vincentians.com\/es\/#website","url":"http:\/\/vincentians.com\/es\/","name":"Somos Vicencianos","description":"Know more to serve more","publisher":{"@id":"http:\/\/vincentians.com\/es\/#organization"},"potentialAction":[{"@type":"SearchAction","target":{"@type":"EntryPoint","urlTemplate":"http:\/\/vincentians.com\/es\/?s={search_term_string}"},"query-input":{"@type":"PropertyValueSpecification","valueRequired":true,"valueName":"search_term_string"}}],"inLanguage":"es"},{"@type":"Organization","@id":"http:\/\/vincentians.com\/es\/#organization","name":"The Vincentian Network","url":"http:\/\/vincentians.com\/es\/","logo":{"@type":"ImageObject","inLanguage":"es","@id":"http:\/\/vincentians.com\/es\/#\/schema\/logo\/image\/","url":"https:\/\/i1.wp.com\/vincentians.com\/es\/wp-content\/uploads\/sites\/11\/2016\/06\/Vincentian-Network-logo-big.png?fit=778%2C778","contentUrl":"https:\/\/i1.wp.com\/vincentians.com\/es\/wp-content\/uploads\/sites\/11\/2016\/06\/Vincentian-Network-logo-big.png?fit=778%2C778","width":778,"height":778,"caption":"The Vincentian Network"},"image":{"@id":"http:\/\/vincentians.com\/es\/#\/schema\/logo\/image\/"},"sameAs":["https:\/\/www.facebook.com\/WeAreVincentians\/","https:\/\/x.com\/WeVincentians"]},{"@type":"Person","@id":"http:\/\/vincentians.com\/es\/#\/schema\/person\/7c2670b4445a7ca9d164ea6acdb31859","name":"Mitxel Olabu\u00e9naga","image":{"@type":"ImageObject","inLanguage":"es","@id":"http:\/\/vincentians.com\/es\/#\/schema\/person\/image\/","url":"https:\/\/secure.gravatar.com\/avatar\/34137ec2e2b8939cbbed975731e71f3f4f1defc7266ded337a5ce0f925426877?s=96&d=mm&r=g","contentUrl":"https:\/\/secure.gravatar.com\/avatar\/34137ec2e2b8939cbbed975731e71f3f4f1defc7266ded337a5ce0f925426877?s=96&d=mm&r=g","caption":"Mitxel Olabu\u00e9naga"},"url":"https:\/\/vincentians.com\/es\/author\/mitxel\/"}]}},"jetpack_publicize_connections":[],"jetpack_featured_media_url":"https:\/\/i0.wp.com\/vincentians.com\/es\/wp-content\/uploads\/sites\/11\/2023\/08\/aa.gif?fit=868%2C430&ssl=1","jetpack_sharing_enabled":true,"jetpack_shortlink":"https:\/\/wp.me\/p7ETMF-1HoI","jetpack-related-posts":[{"id":405145,"url":"https:\/\/vincentians.com\/es\/la-misericordia-y-la-ternura-como-praxis-de-la-hija-de-la-caridad-i\/","url_meta":{"origin":405152,"position":0},"title":"LA MISERICORDIA Y LA TERNURA COMO PRAXIS DE LA HIJA DE LA CARIDAD (I)","author":"Mitxel Olabu\u00e9naga","date":"20\/03\/2024","format":false,"excerpt":"INTRODUCCI\u00d3N La praxis de la Hija de la Caridad - es decir el ejercicio cons\u00adtante de las obras de misericordia corporales y espirituales - est\u00e1 lla\u00admada a reflejar la ternura y misericordia de Dios Padre. De un modo suave, los gestos y las acciones misericordiosas hacen sentir la cer\u00adcan\u00eda de\u2026","rel":"","context":"En \u00abEspiritualidad\u00bb","block_context":{"text":"Espiritualidad","link":"https:\/\/vincentians.com\/es\/category\/espiritualidad\/"},"img":{"alt_text":"","src":"https:\/\/i0.wp.com\/vincentians.com\/es\/wp-content\/uploads\/sites\/11\/2023\/08\/aa.gif?fit=868%2C430&ssl=1&resize=350%2C200","width":350,"height":200,"srcset":"https:\/\/i0.wp.com\/vincentians.com\/es\/wp-content\/uploads\/sites\/11\/2023\/08\/aa.gif?fit=868%2C430&ssl=1&resize=350%2C200 1x, https:\/\/i0.wp.com\/vincentians.com\/es\/wp-content\/uploads\/sites\/11\/2023\/08\/aa.gif?fit=868%2C430&ssl=1&resize=525%2C300 1.5x, https:\/\/i0.wp.com\/vincentians.com\/es\/wp-content\/uploads\/sites\/11\/2023\/08\/aa.gif?fit=868%2C430&ssl=1&resize=700%2C400 2x"},"classes":[]},{"id":125543,"url":"https:\/\/vincentians.com\/es\/novena-a-la-virgen-milagrosa-2013-dia-octavo\/","url_meta":{"origin":405152,"position":1},"title":"Novena a la Virgen Milagrosa 2013: D\u00eda octavo","author":"Francisco Javier Fern\u00e1ndez Chento","date":"26\/11\/2013","format":false,"excerpt":"Ens\u00e9\u00f1anos a MIRAR CON LOS OJOS DE JES\u00daS, para que \u00c9l sea luz en nuestro camino. (La mirada de fe, dad vuelta a la medalla) MONICI\u00d3N DE ENTRADA Bienvenidos un d\u00eda m\u00e1s. Estamos llegando al final de la Novena y al final de la oraci\u00f3n que nos han sugerido los\u2026","rel":"","context":"En \u00abVirgen Mar\u00eda\u00bb","block_context":{"text":"Virgen Mar\u00eda","link":"https:\/\/vincentians.com\/es\/category\/espiritualidad\/virgen-maria\/"},"img":{"alt_text":"Milagrosa_Pamplona_2013","src":"https:\/\/i0.wp.com\/vicencianos.org\/wp-content\/2012\/11\/Milagrosa_Pamplona_2013-201x300.jpg?resize=350%2C200","width":350,"height":200},"classes":[]},{"id":131677,"url":"https:\/\/vincentians.com\/es\/caridad-compasiva-y-eficaz\/","url_meta":{"origin":405152,"position":2},"title":"Caridad compasiva y eficaz","author":"Francisco Javier Fern\u00e1ndez Chento","date":"12\/11\/2014","format":false,"excerpt":"\"Al salir de Jeric\u00f3 lo sigui\u00f3 mucha gente. Hab\u00eda dos ciegos, sentados a la vera del camino, y al o\u00edr que Jes\u00fas pasaba, se pusieron a gritar: ;Ten compasi\u00f3n de nosotros, Se\u00f1or, Hijo de David! Jes\u00fas se detuvo, los llam\u00f3 y les dijo: \u00bfQu\u00e9 quer\u00e9is que haga por vosotros? Le\u2026","rel":"","context":"En \u00abEspiritualidad vicenciana\u00bb","block_context":{"text":"Espiritualidad vicenciana","link":"https:\/\/vincentians.com\/es\/category\/espiritualidad\/espiritualidad-vicenciana\/"},"img":{"alt_text":"caridad_compasiva","src":"https:\/\/i0.wp.com\/vicencianos.org\/wp-content\/2014\/11\/caridad_compasiva-300x200.jpg?resize=350%2C200","width":350,"height":200},"classes":[]},{"id":135839,"url":"https:\/\/vincentians.com\/es\/4o-domingo-de-cuaresma-reflexion-de-antonio-elduayen-c-m\/","url_meta":{"origin":405152,"position":3},"title":"4\u00ba domingo de Cuaresma (reflexi\u00f3n de Antonio Elduayen, C.M.)","author":"Francisco Javier Fern\u00e1ndez Chento","date":"07\/03\/2013","format":false,"excerpt":"Queridos amigos A Lucas se le conoce como el evangelista de la Misericordia, porque es quien m\u00e1s y mejor nos habla de la misericordia de Dios y de Jesucristo. Lo hace sobre todo en la Par\u00e1bola del Padre pr\u00f3digo (Lc 15, 1-3.11-32), cuyo derroche de amor se muestra muy superior\u2026","rel":"","context":"En \u00abHomil\u00edas y reflexiones, A\u00f1o C\u00bb","block_context":{"text":"Homil\u00edas y reflexiones, A\u00f1o C","link":"https:\/\/vincentians.com\/es\/category\/homilias-y-reflexiones-a-la-palabra-de-dios\/homilias-y-reflexiones-ano-c\/"},"img":{"alt_text":"","src":"https:\/\/i0.wp.com\/vincentians.com\/es\/wp-content\/uploads\/sites\/11\/2016\/07\/reflexiones-palabra-de-dios.jpg?fit=1200%2C630&ssl=1&resize=350%2C200","width":350,"height":200,"srcset":"https:\/\/i0.wp.com\/vincentians.com\/es\/wp-content\/uploads\/sites\/11\/2016\/07\/reflexiones-palabra-de-dios.jpg?fit=1200%2C630&ssl=1&resize=350%2C200 1x, https:\/\/i0.wp.com\/vincentians.com\/es\/wp-content\/uploads\/sites\/11\/2016\/07\/reflexiones-palabra-de-dios.jpg?fit=1200%2C630&ssl=1&resize=525%2C300 1.5x, https:\/\/i0.wp.com\/vincentians.com\/es\/wp-content\/uploads\/sites\/11\/2016\/07\/reflexiones-palabra-de-dios.jpg?fit=1200%2C630&ssl=1&resize=700%2C400 2x, https:\/\/i0.wp.com\/vincentians.com\/es\/wp-content\/uploads\/sites\/11\/2016\/07\/reflexiones-palabra-de-dios.jpg?fit=1200%2C630&ssl=1&resize=1050%2C600 3x"},"classes":[]},{"id":399876,"url":"https:\/\/vincentians.com\/es\/24o-domingo-t-jose-cervantes-gabarron\/","url_meta":{"origin":405152,"position":4},"title":"24\u00ba Domingo de T.O. (Jos\u00e9 Cervantes Gabarr\u00f3n)","author":"Francisco Javier Fern\u00e1ndez Chento","date":"10\/09\/2016","format":false,"excerpt":"La misericordia del Padre, fundamento de la gran alegr\u00eda La par\u00e1bola lucana de este domingo es una de las p\u00e1ginas m\u00e1s hermosas del Evangelio (Lc 15,11-32). Es de esas historias a\u00f1ejas y siempre nuevas que deber\u00edamos sabernos de memoria desde peque\u00f1os, de modo que siempre llev\u00e1ramos en nuestro bagaje cultural\u2026","rel":"","context":"En \u00abHomil\u00edas y reflexiones, A\u00f1o C\u00bb","block_context":{"text":"Homil\u00edas y reflexiones, A\u00f1o C","link":"https:\/\/vincentians.com\/es\/category\/homilias-y-reflexiones-a-la-palabra-de-dios\/homilias-y-reflexiones-ano-c\/"},"img":{"alt_text":"","src":"https:\/\/i0.wp.com\/vincentians.com\/es\/wp-content\/uploads\/sites\/11\/2016\/07\/reflexiones-jose-cervantes.jpg?fit=1200%2C630&ssl=1&resize=350%2C200","width":350,"height":200,"srcset":"https:\/\/i0.wp.com\/vincentians.com\/es\/wp-content\/uploads\/sites\/11\/2016\/07\/reflexiones-jose-cervantes.jpg?fit=1200%2C630&ssl=1&resize=350%2C200 1x, https:\/\/i0.wp.com\/vincentians.com\/es\/wp-content\/uploads\/sites\/11\/2016\/07\/reflexiones-jose-cervantes.jpg?fit=1200%2C630&ssl=1&resize=525%2C300 1.5x, https:\/\/i0.wp.com\/vincentians.com\/es\/wp-content\/uploads\/sites\/11\/2016\/07\/reflexiones-jose-cervantes.jpg?fit=1200%2C630&ssl=1&resize=700%2C400 2x, https:\/\/i0.wp.com\/vincentians.com\/es\/wp-content\/uploads\/sites\/11\/2016\/07\/reflexiones-jose-cervantes.jpg?fit=1200%2C630&ssl=1&resize=1050%2C600 3x"},"classes":[]},{"id":143372,"url":"https:\/\/vincentians.com\/es\/bula-misericordiae-vultus\/","url_meta":{"origin":405152,"position":5},"title":"Bula \u00abMisericordiae Vultus\u00bb","author":"Francisco Javier Fern\u00e1ndez Chento","date":"17\/04\/2015","format":false,"excerpt":"BULA DE CONVOCACI\u00d3N DEL JUBILEO EXTRAORDINARIO DE LA MISERICORDIA FRANCISCO OBISPO DE ROMA SIERVO DE LOS SIERVOS DE DIOS A CUANTOS LEAN ESTA CARTA GRACIA, MISERICORDIA Y PAZ 1. Jesucristo es el rostro de la misericordia del Padre. El misterio de la fe cristiana parece encontrar su s\u00edntesis en esta\u2026","rel":"","context":"En \u00abDocumentos Pontificios\u00bb","block_context":{"text":"Documentos Pontificios","link":"https:\/\/vincentians.com\/es\/category\/formacion-cristiana\/documentos-pontificios\/"},"img":{"alt_text":"jubileo","src":"https:\/\/i0.wp.com\/vicencianos.org\/wp-content\/2015\/04\/jubileo.jpg?resize=350%2C200","width":350,"height":200,"srcset":"https:\/\/i0.wp.com\/vicencianos.org\/wp-content\/2015\/04\/jubileo.jpg?resize=350%2C200 1x, https:\/\/i0.wp.com\/vicencianos.org\/wp-content\/2015\/04\/jubileo.jpg?resize=525%2C300 1.5x"},"classes":[]}],"_links":{"self":[{"href":"https:\/\/vincentians.com\/es\/wp-json\/wp\/v2\/posts\/405152","targetHints":{"allow":["GET"]}}],"collection":[{"href":"https:\/\/vincentians.com\/es\/wp-json\/wp\/v2\/posts"}],"about":[{"href":"https:\/\/vincentians.com\/es\/wp-json\/wp\/v2\/types\/post"}],"author":[{"embeddable":true,"href":"https:\/\/vincentians.com\/es\/wp-json\/wp\/v2\/users\/5"}],"replies":[{"embeddable":true,"href":"https:\/\/vincentians.com\/es\/wp-json\/wp\/v2\/comments?post=405152"}],"version-history":[{"count":1,"href":"https:\/\/vincentians.com\/es\/wp-json\/wp\/v2\/posts\/405152\/revisions"}],"predecessor-version":[{"id":405153,"href":"https:\/\/vincentians.com\/es\/wp-json\/wp\/v2\/posts\/405152\/revisions\/405153"}],"wp:featuredmedia":[{"embeddable":true,"href":"https:\/\/vincentians.com\/es\/wp-json\/wp\/v2\/media\/405146"}],"wp:attachment":[{"href":"https:\/\/vincentians.com\/es\/wp-json\/wp\/v2\/media?parent=405152"}],"wp:term":[{"taxonomy":"category","embeddable":true,"href":"https:\/\/vincentians.com\/es\/wp-json\/wp\/v2\/categories?post=405152"},{"taxonomy":"post_tag","embeddable":true,"href":"https:\/\/vincentians.com\/es\/wp-json\/wp\/v2\/tags?post=405152"}],"curies":[{"name":"wp","href":"https:\/\/api.w.org\/{rel}","templated":true}]}}