{"id":405115,"date":"2024-02-18T08:02:59","date_gmt":"2024-02-18T07:02:59","guid":{"rendered":"http:\/\/vincentians.com\/es\/?p=405115"},"modified":"2023-08-13T20:04:07","modified_gmt":"2023-08-13T18:04:07","slug":"san-vicente-y-el-sufrimiento-iii","status":"publish","type":"post","link":"https:\/\/vincentians.com\/es\/san-vicente-y-el-sufrimiento-iii\/","title":{"rendered":"San Vicente y el sufrimiento (III)"},"content":{"rendered":"<p>EL SUFRIMIENTO, EXPERIENCIA EXISTENCIAL DE SAN VICENTE<\/p>\n<p>Los bi\u00f3grafos del santo exponen a nuestra vista, c\u00f3mo san Vicente muy pronto hubo de hacer frente al problema del dolor en su propia vida. Sabemos as\u00ed que, desde los 34 a\u00f1os tuvo que afrontar\u00bb unagrave <em>enfermedad que le dej\u00f3 en las piernas la dolencia de la que sufrir\u00e1 el resto de su vida\u00bb<sup>2<\/sup>. <\/em>Una enfermedad seria le ataca asimismo en 1631, cuando ten\u00eda ya 50 a\u00f1os, y luego en 1644, cuando, seg\u00fan Coste, \u00abestuvo a las puertas de la muerte\u00bb. Algunos a\u00f1os despu\u00e9s todo se agrav\u00f3 de manera que le fue preciso recurrir a un carruaje para sus desplazamientos, algo que \u00e9l estim\u00f3 como una \u00abverg\u00fcenza\u00bb. De manera bastante continua le acompa\u00f1aron sucesivas fiebres, las que trataba \u00e9l de minimizar, pero que ciertamente condicionaban su actividad, aunque no ced\u00eda f\u00e1cilmente a todo aquello que pod\u00eda aparecer como pereza. Puede decirse que, aun teniendo un temperamento muy en\u00e9rgico, Vicente era de una salud muy fr\u00e1gil, con numero\u00adsas y frecuentes molestias. Esta experiencia personal tuvo en \u00e9l un efecto ben\u00e9fico, pues le ayud\u00f3 a entender los sufrimientos del pr\u00f3jimo y adoptar una relaci\u00f3n justa y favorable para con las per\u00adsonas que se dirig\u00edan a \u00e9l. Sus enfermedades son a menudo obje\u00adto del intercambio epistolar con santa Luisa, quien se ocupaba de su estado de salud, y le ofrec\u00eda los remedios que estimaba nece\u00adsarios, conforme a los conocimientos m\u00e9dicos del tiempo, pro\u00adponiendo adem\u00e1s curas para los distintos y variados males. Vemos as\u00ed a dos santos que viv\u00edan inmersos en la realidad de su \u00e9poca, cuyas creencias sanitarias y terapias compart\u00edan, y de las que luego se sirvieron para hacer frente a las necesidades de los pobres mismos. Tal vez fue justamente esta experiencia personal la que nos permite captar el porqu\u00e9 de que el santo mostrase una especial predilecci\u00f3n por los <em>enfermos, <\/em>a los que procur\u00f3 visitar desde el comienzo de su actuaci\u00f3n como sacerdote, y que se apresur\u00f3 en recomendar a la solicitud de los misioneros, de las hermanas y de las damas.<\/p>\n<p>Pero las enfermedades f\u00edsicas no fueron lo \u00fanico en marcar la vida de Vicente. Junto a ellas est\u00e1n los <em>sufrimientos morales, <\/em>tantas y tantas pruebas como le acompa\u00f1aron en los largos a\u00f1os de su vida, el dolor por la p\u00e9rdida de misioneros y de hermanas, y m\u00e1s a\u00fan el padecimiento de que no cuajasen ciertas iniciativas de caridad y de misi\u00f3n, sobre todo por no haber logrado siempre dar respuesta a las necesidades de las personas.<\/p>\n<p>Podemos ver c\u00f3mo su vida est\u00e1 acompa\u00f1ada desde el comien\u00adzo por la precariedad. Y su <em>ni\u00f1ez <\/em>en Las Landas es vivida en decorosa pobreza, aunque no pueda hablarse de miseria. Luego, ha de afrontar la <em>esclavitud, <\/em>que conlleva consecuencias doloro\u00adsas, en el plano f\u00edsico, moral y espiritual. Al inicio de la vida sacerdotal debe sufrir una acusaci\u00f3n de <em>robo, <\/em>con sus penosos concomitantes civiles y el da\u00f1o a la imagen; tras de esto, la <em>ten\u00adtaci\u00f3n contra la fe, <\/em>que le tiene en estado de ansiedad durante varios a\u00f1os (1611-1616).La dolorosa prueba le purifica y le pone en trance de tomar la opci\u00f3n por una vida m\u00e1s honda, la de con\u00adsagrarse a los pobres por amor de Cristo. A todo ello se a\u00f1ade tambi\u00e9n la desilusi\u00f3n por las <em>prebendas fallidas. <\/em>Es un total pro\u00adyecto de vida que se viene abajo y que le obliga a revisarlo todo de una manera distinta y m\u00e1s veraz. Adjuntemos a esta lista la decisi\u00f3n de romper definitivamente con la familia, en 1623, cuando vive la que se designa \u00absu \u00faltima tentaci\u00f3n\u00bb, pero que, superada, le libera por entero para confiarse a la acci\u00f3n de Dios para el servicio de su reino. Y est\u00e1 adem\u00e1s la prueba de la <em>calum\u00adnia, <\/em>ya personal o bien comunitaria, sobrevenida cuando se halla en medio de sus m\u00faltiples iniciativas y cuando era el centro de la atenci\u00f3n de la opini\u00f3n p\u00fablica. Su reacci\u00f3n ser\u00e1 siempre id\u00e9n\u00adtica: la propia reserva en cuanto al asunto, ponerse en manos de Dios, esperar el momento en que la verdad se reconozca, como lo fue con la acusaci\u00f3n de robo al comienzo de su vida. Es la l\u00ednea de conducta que le ha sostenido y le ha permitido que sus iniciativas se consolidaran y fuese reconocida su validez, aun cuando fueron motivo de hostilidad.<\/p>\n<p>Ahora bien, de los sufrimientos sali\u00f3 \u00e9l fortalecido, no habi\u00e9ndose dejado abrumar por su peso y su gravedad: los vivi\u00f3 como ocasi\u00f3n de <em>purificarse, y <\/em>como medio de <em>progreso espiri\u00adtual. <\/em>Cierto es que \u00ablos pobres ser\u00e1n su peso y su dolor\u00bb, pero sabr\u00e1 mirar a lo alto para contemplar y adorar el misterio de la voluntad de Dios. Se dej\u00f3 tocar por las heridas de los hombres porque pas\u00f3 por su experiencia directa, algo que le indujo a decir: <em>\u00abVer afligido a un hermano, sin llorar con \u00e9l ni sentirse enfermo con \u00e9l&#8230; es ser peor que las bestias\u00bb. <\/em>Su vida nos ha demostrado c\u00f3mo reaccion\u00f3 a esta provocaci\u00f3n.<\/p>\n<p>San Vicente, pues, nos da ejemplo de c\u00f3mo afrontar las diver\u00adsas pruebas y sufrimientos hasta el final de su vida. En los a\u00f1os postreros menudean m\u00e1s y m\u00e1s las situaciones dolorosas: la des\u00adaparici\u00f3n de misioneros y personas queridas, como Olier, Portail, Alano de Solminihac, santa Luisa, el abad de Tournus (Luis de Chandennier). Vive adem\u00e1s el agravamiento de los males a que est\u00e1 sujeta su persona. Sin embargo, dispuestos los \u00faltimos asuntos de su comunidad, incluidos los que ata\u00f1\u00edan a la propia desaparici\u00f3n, se pone a esperar el momento de la partida definitiva. Enfermedades, dolores, fiebres de todo tipo, le hab\u00edan acompa\u00f1ado a\u00f1os y a\u00f1os, sin impedirle aun as\u00ed el dar lo mejor de s\u00ed mismo para alabanza de Dios y bien de sus hermanos. Y entonces, mientras todos se agitan en torno suyo, san Vicente se prepara con serenidad (tal como se lo hab\u00eda recomendado a otros) al encuentro con el Se\u00f1or, centro y alma de su vida y de sus acciones. La muerte le llegar\u00e1 cuando a\u00fan tiene aliento para musitar apenas el nombre de Jes\u00fas.<\/p>\n<p>CEME<\/p>\n<p>Mario di Carlo<\/p>\n","protected":false},"excerpt":{"rendered":"<p>EL SUFRIMIENTO, EXPERIENCIA EXISTENCIAL DE SAN VICENTE Los bi\u00f3grafos del santo exponen a nuestra vista, c\u00f3mo san Vicente muy pronto hubo de hacer frente al problema del dolor en su propia vida. Sabemos as\u00ed que, &#8230; <a href=\"https:\/\/vincentians.com\/es\/san-vicente-y-el-sufrimiento-iii\/\" class=\"more-link\">Read More<\/a><\/p>\n","protected":false},"author":5,"featured_media":405111,"comment_status":"open","ping_status":"open","sticky":false,"template":"","format":"standard","meta":{"jetpack_post_was_ever_published":false,"_jetpack_newsletter_access":"","_jetpack_dont_email_post_to_subs":false,"_jetpack_newsletter_tier_id":0,"_jetpack_memberships_contains_paywalled_content":false,"_jetpack_memberships_contains_paid_content":false,"footnotes":"","jetpack_publicize_message":"","jetpack_publicize_feature_enabled":true,"jetpack_social_post_already_shared":true,"jetpack_social_options":{"image_generator_settings":{"template":"highway","default_image_id":0,"font":"","enabled":false},"version":2}},"categories":[374,226],"tags":[],"class_list":["post-405115","post","type-post","status-publish","format-standard","has-post-thumbnail","hentry","category-espiritualidad","category-espiritualidad-vicenciana"],"yoast_head":"<!-- This site is optimized with the Yoast SEO plugin v26.3 - https:\/\/yoast.com\/wordpress\/plugins\/seo\/ -->\n<title>San Vicente y el sufrimiento (III) - Somos Vicencianos<\/title>\n<meta name=\"robots\" content=\"index, follow, max-snippet:-1, max-image-preview:large, max-video-preview:-1\" \/>\n<link rel=\"canonical\" href=\"https:\/\/vincentians.com\/es\/san-vicente-y-el-sufrimiento-iii\/\" \/>\n<meta property=\"og:locale\" content=\"es_ES\" \/>\n<meta property=\"og:type\" content=\"article\" \/>\n<meta property=\"og:title\" content=\"San Vicente y el sufrimiento (III) - Somos Vicencianos\" \/>\n<meta property=\"og:description\" content=\"EL SUFRIMIENTO, EXPERIENCIA EXISTENCIAL DE SAN VICENTE Los bi\u00f3grafos del santo exponen a nuestra vista, c\u00f3mo san Vicente muy pronto hubo de hacer frente al problema del dolor en su propia vida. Sabemos as\u00ed que, ... Read More\" \/>\n<meta property=\"og:url\" content=\"https:\/\/vincentians.com\/es\/san-vicente-y-el-sufrimiento-iii\/\" \/>\n<meta property=\"og:site_name\" content=\"Somos Vicencianos\" \/>\n<meta property=\"article:publisher\" content=\"https:\/\/www.facebook.com\/WeAreVincentians\/\" \/>\n<meta property=\"article:published_time\" content=\"2024-02-18T07:02:59+00:00\" \/>\n<meta property=\"og:image\" content=\"https:\/\/i0.wp.com\/vincentians.com\/es\/wp-content\/uploads\/sites\/11\/2023\/08\/aa.jpeg?fit=1152%2C648&ssl=1\" \/>\n\t<meta property=\"og:image:width\" content=\"1152\" \/>\n\t<meta property=\"og:image:height\" content=\"648\" \/>\n\t<meta property=\"og:image:type\" content=\"image\/jpeg\" \/>\n<meta name=\"author\" content=\"Mitxel Olabu\u00e9naga\" \/>\n<meta name=\"twitter:card\" content=\"summary_large_image\" \/>\n<meta name=\"twitter:creator\" content=\"@WeVincentians\" \/>\n<meta name=\"twitter:site\" content=\"@WeVincentians\" \/>\n<meta name=\"twitter:label1\" content=\"Escrito por\" \/>\n\t<meta name=\"twitter:data1\" content=\"Mitxel Olabu\u00e9naga\" \/>\n\t<meta name=\"twitter:label2\" content=\"Tiempo de lectura\" \/>\n\t<meta name=\"twitter:data2\" content=\"5 minutos\" \/>\n<script type=\"application\/ld+json\" class=\"yoast-schema-graph\">{\"@context\":\"https:\/\/schema.org\",\"@graph\":[{\"@type\":\"Article\",\"@id\":\"https:\/\/vincentians.com\/es\/san-vicente-y-el-sufrimiento-iii\/#article\",\"isPartOf\":{\"@id\":\"https:\/\/vincentians.com\/es\/san-vicente-y-el-sufrimiento-iii\/\"},\"author\":{\"name\":\"Mitxel Olabu\u00e9naga\",\"@id\":\"https:\/\/vincentians.com\/es\/#\/schema\/person\/7c2670b4445a7ca9d164ea6acdb31859\"},\"headline\":\"San Vicente y el sufrimiento (III)\",\"datePublished\":\"2024-02-18T07:02:59+00:00\",\"mainEntityOfPage\":{\"@id\":\"https:\/\/vincentians.com\/es\/san-vicente-y-el-sufrimiento-iii\/\"},\"wordCount\":1103,\"commentCount\":0,\"publisher\":{\"@id\":\"https:\/\/vincentians.com\/es\/#organization\"},\"image\":{\"@id\":\"https:\/\/vincentians.com\/es\/san-vicente-y-el-sufrimiento-iii\/#primaryimage\"},\"thumbnailUrl\":\"https:\/\/i0.wp.com\/vincentians.com\/es\/wp-content\/uploads\/sites\/11\/2023\/08\/aa.jpeg?fit=1152%2C648&ssl=1\",\"articleSection\":[\"Espiritualidad\",\"Espiritualidad vicenciana\"],\"inLanguage\":\"es\",\"potentialAction\":[{\"@type\":\"CommentAction\",\"name\":\"Comment\",\"target\":[\"https:\/\/vincentians.com\/es\/san-vicente-y-el-sufrimiento-iii\/#respond\"]}]},{\"@type\":\"WebPage\",\"@id\":\"https:\/\/vincentians.com\/es\/san-vicente-y-el-sufrimiento-iii\/\",\"url\":\"https:\/\/vincentians.com\/es\/san-vicente-y-el-sufrimiento-iii\/\",\"name\":\"San Vicente y el sufrimiento (III) - Somos Vicencianos\",\"isPartOf\":{\"@id\":\"https:\/\/vincentians.com\/es\/#website\"},\"primaryImageOfPage\":{\"@id\":\"https:\/\/vincentians.com\/es\/san-vicente-y-el-sufrimiento-iii\/#primaryimage\"},\"image\":{\"@id\":\"https:\/\/vincentians.com\/es\/san-vicente-y-el-sufrimiento-iii\/#primaryimage\"},\"thumbnailUrl\":\"https:\/\/i0.wp.com\/vincentians.com\/es\/wp-content\/uploads\/sites\/11\/2023\/08\/aa.jpeg?fit=1152%2C648&ssl=1\",\"datePublished\":\"2024-02-18T07:02:59+00:00\",\"breadcrumb\":{\"@id\":\"https:\/\/vincentians.com\/es\/san-vicente-y-el-sufrimiento-iii\/#breadcrumb\"},\"inLanguage\":\"es\",\"potentialAction\":[{\"@type\":\"ReadAction\",\"target\":[\"https:\/\/vincentians.com\/es\/san-vicente-y-el-sufrimiento-iii\/\"]}]},{\"@type\":\"ImageObject\",\"inLanguage\":\"es\",\"@id\":\"https:\/\/vincentians.com\/es\/san-vicente-y-el-sufrimiento-iii\/#primaryimage\",\"url\":\"https:\/\/i0.wp.com\/vincentians.com\/es\/wp-content\/uploads\/sites\/11\/2023\/08\/aa.jpeg?fit=1152%2C648&ssl=1\",\"contentUrl\":\"https:\/\/i0.wp.com\/vincentians.com\/es\/wp-content\/uploads\/sites\/11\/2023\/08\/aa.jpeg?fit=1152%2C648&ssl=1\",\"width\":1152,\"height\":648},{\"@type\":\"BreadcrumbList\",\"@id\":\"https:\/\/vincentians.com\/es\/san-vicente-y-el-sufrimiento-iii\/#breadcrumb\",\"itemListElement\":[{\"@type\":\"ListItem\",\"position\":1,\"name\":\"Portada\",\"item\":\"https:\/\/vincentians.com\/es\/\"},{\"@type\":\"ListItem\",\"position\":2,\"name\":\"San Vicente y el sufrimiento (III)\"}]},{\"@type\":\"WebSite\",\"@id\":\"https:\/\/vincentians.com\/es\/#website\",\"url\":\"https:\/\/vincentians.com\/es\/\",\"name\":\"Somos Vicencianos\",\"description\":\"Know more to serve more\",\"publisher\":{\"@id\":\"https:\/\/vincentians.com\/es\/#organization\"},\"potentialAction\":[{\"@type\":\"SearchAction\",\"target\":{\"@type\":\"EntryPoint\",\"urlTemplate\":\"https:\/\/vincentians.com\/es\/?s={search_term_string}\"},\"query-input\":{\"@type\":\"PropertyValueSpecification\",\"valueRequired\":true,\"valueName\":\"search_term_string\"}}],\"inLanguage\":\"es\"},{\"@type\":\"Organization\",\"@id\":\"https:\/\/vincentians.com\/es\/#organization\",\"name\":\"The Vincentian Network\",\"url\":\"https:\/\/vincentians.com\/es\/\",\"logo\":{\"@type\":\"ImageObject\",\"inLanguage\":\"es\",\"@id\":\"https:\/\/vincentians.com\/es\/#\/schema\/logo\/image\/\",\"url\":\"https:\/\/i1.wp.com\/vincentians.com\/es\/wp-content\/uploads\/sites\/11\/2016\/06\/Vincentian-Network-logo-big.png?fit=778%2C778\",\"contentUrl\":\"https:\/\/i1.wp.com\/vincentians.com\/es\/wp-content\/uploads\/sites\/11\/2016\/06\/Vincentian-Network-logo-big.png?fit=778%2C778\",\"width\":778,\"height\":778,\"caption\":\"The Vincentian Network\"},\"image\":{\"@id\":\"https:\/\/vincentians.com\/es\/#\/schema\/logo\/image\/\"},\"sameAs\":[\"https:\/\/www.facebook.com\/WeAreVincentians\/\",\"https:\/\/x.com\/WeVincentians\"]},{\"@type\":\"Person\",\"@id\":\"https:\/\/vincentians.com\/es\/#\/schema\/person\/7c2670b4445a7ca9d164ea6acdb31859\",\"name\":\"Mitxel Olabu\u00e9naga\",\"image\":{\"@type\":\"ImageObject\",\"inLanguage\":\"es\",\"@id\":\"https:\/\/vincentians.com\/es\/#\/schema\/person\/image\/\",\"url\":\"https:\/\/secure.gravatar.com\/avatar\/34137ec2e2b8939cbbed975731e71f3f4f1defc7266ded337a5ce0f925426877?s=96&d=mm&r=g\",\"contentUrl\":\"https:\/\/secure.gravatar.com\/avatar\/34137ec2e2b8939cbbed975731e71f3f4f1defc7266ded337a5ce0f925426877?s=96&d=mm&r=g\",\"caption\":\"Mitxel Olabu\u00e9naga\"},\"url\":\"https:\/\/vincentians.com\/es\/author\/mitxel\/\"}]}<\/script>\n<!-- \/ Yoast SEO plugin. -->","yoast_head_json":{"title":"San Vicente y el sufrimiento (III) - Somos Vicencianos","robots":{"index":"index","follow":"follow","max-snippet":"max-snippet:-1","max-image-preview":"max-image-preview:large","max-video-preview":"max-video-preview:-1"},"canonical":"https:\/\/vincentians.com\/es\/san-vicente-y-el-sufrimiento-iii\/","og_locale":"es_ES","og_type":"article","og_title":"San Vicente y el sufrimiento (III) - Somos Vicencianos","og_description":"EL SUFRIMIENTO, EXPERIENCIA EXISTENCIAL DE SAN VICENTE Los bi\u00f3grafos del santo exponen a nuestra vista, c\u00f3mo san Vicente muy pronto hubo de hacer frente al problema del dolor en su propia vida. Sabemos as\u00ed que, ... Read More","og_url":"https:\/\/vincentians.com\/es\/san-vicente-y-el-sufrimiento-iii\/","og_site_name":"Somos Vicencianos","article_publisher":"https:\/\/www.facebook.com\/WeAreVincentians\/","article_published_time":"2024-02-18T07:02:59+00:00","og_image":[{"width":1152,"height":648,"url":"https:\/\/i0.wp.com\/vincentians.com\/es\/wp-content\/uploads\/sites\/11\/2023\/08\/aa.jpeg?fit=1152%2C648&ssl=1","type":"image\/jpeg"}],"author":"Mitxel Olabu\u00e9naga","twitter_card":"summary_large_image","twitter_creator":"@WeVincentians","twitter_site":"@WeVincentians","twitter_misc":{"Escrito por":"Mitxel Olabu\u00e9naga","Tiempo de lectura":"5 minutos"},"schema":{"@context":"https:\/\/schema.org","@graph":[{"@type":"Article","@id":"https:\/\/vincentians.com\/es\/san-vicente-y-el-sufrimiento-iii\/#article","isPartOf":{"@id":"https:\/\/vincentians.com\/es\/san-vicente-y-el-sufrimiento-iii\/"},"author":{"name":"Mitxel Olabu\u00e9naga","@id":"https:\/\/vincentians.com\/es\/#\/schema\/person\/7c2670b4445a7ca9d164ea6acdb31859"},"headline":"San Vicente y el sufrimiento (III)","datePublished":"2024-02-18T07:02:59+00:00","mainEntityOfPage":{"@id":"https:\/\/vincentians.com\/es\/san-vicente-y-el-sufrimiento-iii\/"},"wordCount":1103,"commentCount":0,"publisher":{"@id":"https:\/\/vincentians.com\/es\/#organization"},"image":{"@id":"https:\/\/vincentians.com\/es\/san-vicente-y-el-sufrimiento-iii\/#primaryimage"},"thumbnailUrl":"https:\/\/i0.wp.com\/vincentians.com\/es\/wp-content\/uploads\/sites\/11\/2023\/08\/aa.jpeg?fit=1152%2C648&ssl=1","articleSection":["Espiritualidad","Espiritualidad vicenciana"],"inLanguage":"es","potentialAction":[{"@type":"CommentAction","name":"Comment","target":["https:\/\/vincentians.com\/es\/san-vicente-y-el-sufrimiento-iii\/#respond"]}]},{"@type":"WebPage","@id":"https:\/\/vincentians.com\/es\/san-vicente-y-el-sufrimiento-iii\/","url":"https:\/\/vincentians.com\/es\/san-vicente-y-el-sufrimiento-iii\/","name":"San Vicente y el sufrimiento (III) - Somos Vicencianos","isPartOf":{"@id":"https:\/\/vincentians.com\/es\/#website"},"primaryImageOfPage":{"@id":"https:\/\/vincentians.com\/es\/san-vicente-y-el-sufrimiento-iii\/#primaryimage"},"image":{"@id":"https:\/\/vincentians.com\/es\/san-vicente-y-el-sufrimiento-iii\/#primaryimage"},"thumbnailUrl":"https:\/\/i0.wp.com\/vincentians.com\/es\/wp-content\/uploads\/sites\/11\/2023\/08\/aa.jpeg?fit=1152%2C648&ssl=1","datePublished":"2024-02-18T07:02:59+00:00","breadcrumb":{"@id":"https:\/\/vincentians.com\/es\/san-vicente-y-el-sufrimiento-iii\/#breadcrumb"},"inLanguage":"es","potentialAction":[{"@type":"ReadAction","target":["https:\/\/vincentians.com\/es\/san-vicente-y-el-sufrimiento-iii\/"]}]},{"@type":"ImageObject","inLanguage":"es","@id":"https:\/\/vincentians.com\/es\/san-vicente-y-el-sufrimiento-iii\/#primaryimage","url":"https:\/\/i0.wp.com\/vincentians.com\/es\/wp-content\/uploads\/sites\/11\/2023\/08\/aa.jpeg?fit=1152%2C648&ssl=1","contentUrl":"https:\/\/i0.wp.com\/vincentians.com\/es\/wp-content\/uploads\/sites\/11\/2023\/08\/aa.jpeg?fit=1152%2C648&ssl=1","width":1152,"height":648},{"@type":"BreadcrumbList","@id":"https:\/\/vincentians.com\/es\/san-vicente-y-el-sufrimiento-iii\/#breadcrumb","itemListElement":[{"@type":"ListItem","position":1,"name":"Portada","item":"https:\/\/vincentians.com\/es\/"},{"@type":"ListItem","position":2,"name":"San Vicente y el sufrimiento (III)"}]},{"@type":"WebSite","@id":"https:\/\/vincentians.com\/es\/#website","url":"https:\/\/vincentians.com\/es\/","name":"Somos Vicencianos","description":"Know more to serve more","publisher":{"@id":"https:\/\/vincentians.com\/es\/#organization"},"potentialAction":[{"@type":"SearchAction","target":{"@type":"EntryPoint","urlTemplate":"https:\/\/vincentians.com\/es\/?s={search_term_string}"},"query-input":{"@type":"PropertyValueSpecification","valueRequired":true,"valueName":"search_term_string"}}],"inLanguage":"es"},{"@type":"Organization","@id":"https:\/\/vincentians.com\/es\/#organization","name":"The Vincentian Network","url":"https:\/\/vincentians.com\/es\/","logo":{"@type":"ImageObject","inLanguage":"es","@id":"https:\/\/vincentians.com\/es\/#\/schema\/logo\/image\/","url":"https:\/\/i1.wp.com\/vincentians.com\/es\/wp-content\/uploads\/sites\/11\/2016\/06\/Vincentian-Network-logo-big.png?fit=778%2C778","contentUrl":"https:\/\/i1.wp.com\/vincentians.com\/es\/wp-content\/uploads\/sites\/11\/2016\/06\/Vincentian-Network-logo-big.png?fit=778%2C778","width":778,"height":778,"caption":"The Vincentian Network"},"image":{"@id":"https:\/\/vincentians.com\/es\/#\/schema\/logo\/image\/"},"sameAs":["https:\/\/www.facebook.com\/WeAreVincentians\/","https:\/\/x.com\/WeVincentians"]},{"@type":"Person","@id":"https:\/\/vincentians.com\/es\/#\/schema\/person\/7c2670b4445a7ca9d164ea6acdb31859","name":"Mitxel Olabu\u00e9naga","image":{"@type":"ImageObject","inLanguage":"es","@id":"https:\/\/vincentians.com\/es\/#\/schema\/person\/image\/","url":"https:\/\/secure.gravatar.com\/avatar\/34137ec2e2b8939cbbed975731e71f3f4f1defc7266ded337a5ce0f925426877?s=96&d=mm&r=g","contentUrl":"https:\/\/secure.gravatar.com\/avatar\/34137ec2e2b8939cbbed975731e71f3f4f1defc7266ded337a5ce0f925426877?s=96&d=mm&r=g","caption":"Mitxel Olabu\u00e9naga"},"url":"https:\/\/vincentians.com\/es\/author\/mitxel\/"}]}},"jetpack_publicize_connections":[],"jetpack_featured_media_url":"https:\/\/i0.wp.com\/vincentians.com\/es\/wp-content\/uploads\/sites\/11\/2023\/08\/aa.jpeg?fit=1152%2C648&ssl=1","jetpack_sharing_enabled":true,"jetpack_shortlink":"https:\/\/wp.me\/p7ETMF-1Ho7","jetpack-related-posts":[{"id":141790,"url":"https:\/\/vincentians.com\/es\/los-bendecidos-de-la-comunidad\/","url_meta":{"origin":405115,"position":0},"title":"Los \u00abbendecidos de la comunidad\u00bb","author":"Francisco Javier Fern\u00e1ndez Chento","date":"19\/03\/2015","format":false,"excerpt":"\u00abAhora me alegro de sufrir por vosotros, pues voy com\u00adpletando en mi carne mor\u00adtal lo que falta a las pena\u00adlidades del Mes\u00edas por su cuerpo, que es la Iglesia\u00bb. (Col 1,24). \u00abLos Misioneros enfermos, los delicados de salud y los ancianos nos ser\u00e1n entra\u00f1a\u00adblemente queridos y estima\u00adremos su presencia como\u2026","rel":"","context":"En \u00abEspiritualidad vicenciana\u00bb","block_context":{"text":"Espiritualidad vicenciana","link":"https:\/\/vincentians.com\/es\/category\/espiritualidad\/espiritualidad-vicenciana\/"},"img":{"alt_text":"asd","src":"https:\/\/i0.wp.com\/vicencianos.org\/wp-content\/2015\/03\/asd8.jpg?resize=350%2C200","width":350,"height":200},"classes":[]},{"id":387869,"url":"https:\/\/vincentians.com\/es\/amigo-de-los-pobres-anos-de-despedida-1654-1660\/","url_meta":{"origin":405115,"position":1},"title":"San Vicente: Amigo de los pobres: a\u00f1os de despedida (1654-1660)","author":"Mitxel Olabu\u00e9naga","date":"17\/10\/2016","format":false,"excerpt":"La vejez se parece a los atardeceres. Todos los d\u00edas, cuando concluye la tarde las nubes sacan sus vestidos de colores para celebrar la fiesta del sol que ha completado felizmente su jornada. Vicente de Pa\u00fal ha llegado al ocaso de su vida. Va a concluir una feliz jornada. Hab\u00eda\u2026","rel":"","context":"En \u00abFormaci\u00f3n Vicenciana\u00bb","block_context":{"text":"Formaci\u00f3n Vicenciana","link":"https:\/\/vincentians.com\/es\/category\/formacion-vicenciana\/"},"img":{"alt_text":"","src":"https:\/\/i0.wp.com\/vincentians.com\/es\/wp-content\/uploads\/sites\/11\/2016\/07\/st-vincent-de-paul.jpg?fit=1200%2C630&ssl=1&resize=350%2C200","width":350,"height":200,"srcset":"https:\/\/i0.wp.com\/vincentians.com\/es\/wp-content\/uploads\/sites\/11\/2016\/07\/st-vincent-de-paul.jpg?fit=1200%2C630&ssl=1&resize=350%2C200 1x, https:\/\/i0.wp.com\/vincentians.com\/es\/wp-content\/uploads\/sites\/11\/2016\/07\/st-vincent-de-paul.jpg?fit=1200%2C630&ssl=1&resize=525%2C300 1.5x, https:\/\/i0.wp.com\/vincentians.com\/es\/wp-content\/uploads\/sites\/11\/2016\/07\/st-vincent-de-paul.jpg?fit=1200%2C630&ssl=1&resize=700%2C400 2x, https:\/\/i0.wp.com\/vincentians.com\/es\/wp-content\/uploads\/sites\/11\/2016\/07\/st-vincent-de-paul.jpg?fit=1200%2C630&ssl=1&resize=1050%2C600 3x"},"classes":[]},{"id":125776,"url":"https:\/\/vincentians.com\/es\/la-cruz-en-la-espiritualidad-vicenciana\/","url_meta":{"origin":405115,"position":2},"title":"La cruz en la espiritualidad vicenciana","author":"Francisco Javier Fern\u00e1ndez Chento","date":"09\/02\/2015","format":false,"excerpt":"Posiblemente, no exista libro alguno de espiritualidad que haya sido m\u00e1s ampliamente difundido que la \"Imitaci\u00f3n de Cristo\". A lo largo de los siglos, millones de sacerdotes, de hermanos, de hermanas, de seglares \u2014hombres y mujeres\u2014, lo han le\u00eddo y meditado. San Vicente y santa Luisa lo recomendaron con frecuencia\u2026","rel":"","context":"En \u00abEspiritualidad vicenciana\u00bb","block_context":{"text":"Espiritualidad vicenciana","link":"https:\/\/vincentians.com\/es\/category\/espiritualidad\/espiritualidad-vicenciana\/"},"img":{"alt_text":"La_Cruz","src":"https:\/\/i0.wp.com\/vicencianos.org\/wp-content\/2013\/12\/La_Cruz-300x264.jpg?resize=350%2C200","width":350,"height":200},"classes":[]},{"id":118009,"url":"https:\/\/vincentians.com\/es\/el-p-andre-dodin-habla-sobre-actualidad-de-los-estudios-vicencianos-1965\/","url_meta":{"origin":405115,"position":3},"title":"El P. Andr\u00e9 Dodin habla sobre \u00abactualidad de los estudios vicencianos\u00bb (1965)","author":"Francisco Javier Fern\u00e1ndez Chento","date":"23\/08\/2021","format":false,"excerpt":"Del 10 al 13 de marzo el P. A. Dodin, de nuestra Casa de Pa\u00adr\u00eds, acompa\u00f1ado del P. Buhigas, de nuestra Casa de Dax, dio en nuestro Seminario de Salamanca un cursillo de cinco conferen\u00adcias sobre la persona, obra y espiritualidad de San Vicente y so\u00adbre la imagen que de\u2026","rel":"","context":"En \u00abFormaci\u00f3n Vicenciana\u00bb","block_context":{"text":"Formaci\u00f3n Vicenciana","link":"https:\/\/vincentians.com\/es\/category\/formacion-vicenciana\/"},"img":{"alt_text":"","src":"https:\/\/i0.wp.com\/vincentians.com\/es\/wp-content\/uploads\/sites\/11\/2019\/11\/hijas-caridaqd.jpg?fit=1200%2C675&ssl=1&resize=350%2C200","width":350,"height":200,"srcset":"https:\/\/i0.wp.com\/vincentians.com\/es\/wp-content\/uploads\/sites\/11\/2019\/11\/hijas-caridaqd.jpg?fit=1200%2C675&ssl=1&resize=350%2C200 1x, https:\/\/i0.wp.com\/vincentians.com\/es\/wp-content\/uploads\/sites\/11\/2019\/11\/hijas-caridaqd.jpg?fit=1200%2C675&ssl=1&resize=525%2C300 1.5x, https:\/\/i0.wp.com\/vincentians.com\/es\/wp-content\/uploads\/sites\/11\/2019\/11\/hijas-caridaqd.jpg?fit=1200%2C675&ssl=1&resize=700%2C400 2x, https:\/\/i0.wp.com\/vincentians.com\/es\/wp-content\/uploads\/sites\/11\/2019\/11\/hijas-caridaqd.jpg?fit=1200%2C675&ssl=1&resize=1050%2C600 3x"},"classes":[]},{"id":405110,"url":"https:\/\/vincentians.com\/es\/san-vicente-y-el-sufrimiento-i\/","url_meta":{"origin":405115,"position":4},"title":"San Vicente y el sufrimiento (I)","author":"Mitxel Olabu\u00e9naga","date":"14\/02\/2024","format":false,"excerpt":"PRECISI\u00d3N TERMINOL\u00d3GICA Los \u00edndices anal\u00edticos de diversos estudios vicencianos nos brindan toda una serie de t\u00e9rminos que, de varias maneras, hacen referencia a nuestra tem\u00e1tica. He aqu\u00ed un inventario: sufrimien\u00adto, prueba, mortificaci\u00f3n, tolerancia, tentaci\u00f3n. Hallamos luego una distinci\u00f3n entre: sufrimiento f\u00edsico y moral; podemos incluir en este contexto tambi\u00e9n otras\u2026","rel":"","context":"En \u00abEspiritualidad\u00bb","block_context":{"text":"Espiritualidad","link":"https:\/\/vincentians.com\/es\/category\/espiritualidad\/"},"img":{"alt_text":"","src":"https:\/\/i0.wp.com\/vincentians.com\/es\/wp-content\/uploads\/sites\/11\/2023\/08\/aa.jpeg?fit=1152%2C648&ssl=1&resize=350%2C200","width":350,"height":200,"srcset":"https:\/\/i0.wp.com\/vincentians.com\/es\/wp-content\/uploads\/sites\/11\/2023\/08\/aa.jpeg?fit=1152%2C648&ssl=1&resize=350%2C200 1x, https:\/\/i0.wp.com\/vincentians.com\/es\/wp-content\/uploads\/sites\/11\/2023\/08\/aa.jpeg?fit=1152%2C648&ssl=1&resize=525%2C300 1.5x, https:\/\/i0.wp.com\/vincentians.com\/es\/wp-content\/uploads\/sites\/11\/2023\/08\/aa.jpeg?fit=1152%2C648&ssl=1&resize=700%2C400 2x, https:\/\/i0.wp.com\/vincentians.com\/es\/wp-content\/uploads\/sites\/11\/2023\/08\/aa.jpeg?fit=1152%2C648&ssl=1&resize=1050%2C600 3x"},"classes":[]},{"id":130030,"url":"https:\/\/vincentians.com\/es\/el-final-santa-luisa\/","url_meta":{"origin":405115,"position":5},"title":"El final (Santa Luisa)","author":"Francisco Javier Fern\u00e1ndez Chento","date":"26\/03\/2014","format":false,"excerpt":"Desprendimiento amoroso \"A la tarde, te examinar\u00e1n en el amor. Aprende a amar como Dios quiere ser amado y deja tu condici\u00f3n\", dijo San Juan de la Cruz. Luisa hab\u00eda llegado ya a ese atardecer y sab\u00eda que iba a ser examinada en el amor, en sus cuatro amores: en\u2026","rel":"","context":"En \u00abFormaci\u00f3n Vicenciana\u00bb","block_context":{"text":"Formaci\u00f3n Vicenciana","link":"https:\/\/vincentians.com\/es\/category\/formacion-vicenciana\/"},"img":{"alt_text":"cartel","src":"https:\/\/i0.wp.com\/vicencianos.org\/wp-content\/2014\/02\/cartel.jpg?resize=350%2C200","width":350,"height":200},"classes":[]}],"_links":{"self":[{"href":"https:\/\/vincentians.com\/es\/wp-json\/wp\/v2\/posts\/405115","targetHints":{"allow":["GET"]}}],"collection":[{"href":"https:\/\/vincentians.com\/es\/wp-json\/wp\/v2\/posts"}],"about":[{"href":"https:\/\/vincentians.com\/es\/wp-json\/wp\/v2\/types\/post"}],"author":[{"embeddable":true,"href":"https:\/\/vincentians.com\/es\/wp-json\/wp\/v2\/users\/5"}],"replies":[{"embeddable":true,"href":"https:\/\/vincentians.com\/es\/wp-json\/wp\/v2\/comments?post=405115"}],"version-history":[{"count":1,"href":"https:\/\/vincentians.com\/es\/wp-json\/wp\/v2\/posts\/405115\/revisions"}],"predecessor-version":[{"id":405116,"href":"https:\/\/vincentians.com\/es\/wp-json\/wp\/v2\/posts\/405115\/revisions\/405116"}],"wp:featuredmedia":[{"embeddable":true,"href":"https:\/\/vincentians.com\/es\/wp-json\/wp\/v2\/media\/405111"}],"wp:attachment":[{"href":"https:\/\/vincentians.com\/es\/wp-json\/wp\/v2\/media?parent=405115"}],"wp:term":[{"taxonomy":"category","embeddable":true,"href":"https:\/\/vincentians.com\/es\/wp-json\/wp\/v2\/categories?post=405115"},{"taxonomy":"post_tag","embeddable":true,"href":"https:\/\/vincentians.com\/es\/wp-json\/wp\/v2\/tags?post=405115"}],"curies":[{"name":"wp","href":"https:\/\/api.w.org\/{rel}","templated":true}]}}