{"id":405110,"date":"2024-02-14T08:58:50","date_gmt":"2024-02-14T07:58:50","guid":{"rendered":"http:\/\/vincentians.com\/es\/?p=405110"},"modified":"2023-08-13T20:01:36","modified_gmt":"2023-08-13T18:01:36","slug":"san-vicente-y-el-sufrimiento-i","status":"publish","type":"post","link":"https:\/\/vincentians.com\/es\/san-vicente-y-el-sufrimiento-i\/","title":{"rendered":"San Vicente y el sufrimiento (I)"},"content":{"rendered":"<p>PRECISI\u00d3N TERMINOL\u00d3GICA<\/p>\n<p>Los \u00edndices anal\u00edticos de diversos estudios vicencianos nos brindan toda una serie de t\u00e9rminos que, de varias maneras, hacen referencia a nuestra tem\u00e1tica. He aqu\u00ed un inventario: sufrimien\u00adto, prueba, mortificaci\u00f3n, tolerancia, tentaci\u00f3n. Hallamos luego una distinci\u00f3n entre: sufrimiento f\u00edsico y moral; podemos incluir en este contexto tambi\u00e9n otras voces, as\u00ed: ascesis, dolor, enfer\u00admedad, desprecio, martirio. En el inventario cabr\u00edan dem\u00e1s vocablos que se refieren a la categor\u00eda del doliente: pobres, enfermos, presos, galeotes, exp\u00f3sitos, para tener ante nosotros los rostros concretos de las personas marcadas por el dolor. Tenemos de este modo la confirmaci\u00f3n de lo amplio que fue el mundo del sufrimiento al que se enfrent\u00f3 en su tiempo san Vicente. Pienso sea necesario tener en cuenta todo esto, para poseer una visi\u00f3n lo m\u00e1s amplia y completa posible, que sea capaz de ayudarnos a comprender la reacci\u00f3n y la ense\u00f1anza del santo sobre este argumento, el cual atraviesa de alg\u00fan modo toda su vida.<\/p>\n<p>CEME<\/p>\n<p>Mario di Carlo<\/p>\n","protected":false},"excerpt":{"rendered":"<p>PRECISI\u00d3N TERMINOL\u00d3GICA Los \u00edndices anal\u00edticos de diversos estudios vicencianos nos brindan toda una serie de t\u00e9rminos que, de varias maneras, hacen referencia a nuestra tem\u00e1tica. He aqu\u00ed un inventario: sufrimien\u00adto, prueba, mortificaci\u00f3n, tolerancia, tentaci\u00f3n. Hallamos &#8230; <a href=\"https:\/\/vincentians.com\/es\/san-vicente-y-el-sufrimiento-i\/\" class=\"more-link\">Read More<\/a><\/p>\n","protected":false},"author":5,"featured_media":405111,"comment_status":"open","ping_status":"open","sticky":false,"template":"","format":"standard","meta":{"jetpack_post_was_ever_published":false,"_jetpack_newsletter_access":"","_jetpack_dont_email_post_to_subs":false,"_jetpack_newsletter_tier_id":0,"_jetpack_memberships_contains_paywalled_content":false,"_jetpack_memberships_contains_paid_content":false,"footnotes":"","jetpack_publicize_message":"","jetpack_publicize_feature_enabled":true,"jetpack_social_post_already_shared":true,"jetpack_social_options":{"image_generator_settings":{"template":"highway","default_image_id":0,"font":"","enabled":false},"version":2}},"categories":[374,226],"tags":[],"class_list":["post-405110","post","type-post","status-publish","format-standard","has-post-thumbnail","hentry","category-espiritualidad","category-espiritualidad-vicenciana"],"yoast_head":"<!-- This site is optimized with the Yoast SEO plugin v26.3 - https:\/\/yoast.com\/wordpress\/plugins\/seo\/ -->\n<title>San Vicente y el sufrimiento (I) - Somos Vicencianos<\/title>\n<meta name=\"robots\" content=\"index, follow, max-snippet:-1, max-image-preview:large, max-video-preview:-1\" \/>\n<link rel=\"canonical\" href=\"http:\/\/vincentians.com\/es\/san-vicente-y-el-sufrimiento-i\/\" \/>\n<meta property=\"og:locale\" content=\"es_ES\" \/>\n<meta property=\"og:type\" content=\"article\" \/>\n<meta property=\"og:title\" content=\"San Vicente y el sufrimiento (I) - Somos Vicencianos\" \/>\n<meta property=\"og:description\" content=\"PRECISI\u00d3N TERMINOL\u00d3GICA Los \u00edndices anal\u00edticos de diversos estudios vicencianos nos brindan toda una serie de t\u00e9rminos que, de varias maneras, hacen referencia a nuestra tem\u00e1tica. He aqu\u00ed un inventario: sufrimien\u00adto, prueba, mortificaci\u00f3n, tolerancia, tentaci\u00f3n. Hallamos ... Read More\" \/>\n<meta property=\"og:url\" content=\"http:\/\/vincentians.com\/es\/san-vicente-y-el-sufrimiento-i\/\" \/>\n<meta property=\"og:site_name\" content=\"Somos Vicencianos\" \/>\n<meta property=\"article:publisher\" content=\"https:\/\/www.facebook.com\/WeAreVincentians\/\" \/>\n<meta property=\"article:published_time\" content=\"2024-02-14T07:58:50+00:00\" \/>\n<meta property=\"og:image\" content=\"https:\/\/i0.wp.com\/vincentians.com\/es\/wp-content\/uploads\/sites\/11\/2023\/08\/aa.jpeg?fit=1152%2C648\" \/>\n\t<meta property=\"og:image:width\" content=\"1152\" \/>\n\t<meta property=\"og:image:height\" content=\"648\" \/>\n\t<meta property=\"og:image:type\" content=\"image\/jpeg\" \/>\n<meta name=\"author\" content=\"Mitxel Olabu\u00e9naga\" \/>\n<meta name=\"twitter:card\" content=\"summary_large_image\" \/>\n<meta name=\"twitter:creator\" content=\"@WeVincentians\" \/>\n<meta name=\"twitter:site\" content=\"@WeVincentians\" \/>\n<meta name=\"twitter:label1\" content=\"Escrito por\" \/>\n\t<meta name=\"twitter:data1\" content=\"Mitxel Olabu\u00e9naga\" \/>\n\t<meta name=\"twitter:label2\" content=\"Tiempo de lectura\" \/>\n\t<meta name=\"twitter:data2\" content=\"1 minuto\" \/>\n<script type=\"application\/ld+json\" class=\"yoast-schema-graph\">{\"@context\":\"https:\/\/schema.org\",\"@graph\":[{\"@type\":\"Article\",\"@id\":\"http:\/\/vincentians.com\/es\/san-vicente-y-el-sufrimiento-i\/#article\",\"isPartOf\":{\"@id\":\"http:\/\/vincentians.com\/es\/san-vicente-y-el-sufrimiento-i\/\"},\"author\":{\"name\":\"Mitxel Olabu\u00e9naga\",\"@id\":\"https:\/\/vincentians.com\/es\/#\/schema\/person\/7c2670b4445a7ca9d164ea6acdb31859\"},\"headline\":\"San Vicente y el sufrimiento (I)\",\"datePublished\":\"2024-02-14T07:58:50+00:00\",\"mainEntityOfPage\":{\"@id\":\"http:\/\/vincentians.com\/es\/san-vicente-y-el-sufrimiento-i\/\"},\"wordCount\":190,\"commentCount\":0,\"publisher\":{\"@id\":\"https:\/\/vincentians.com\/es\/#organization\"},\"image\":{\"@id\":\"http:\/\/vincentians.com\/es\/san-vicente-y-el-sufrimiento-i\/#primaryimage\"},\"thumbnailUrl\":\"https:\/\/i0.wp.com\/vincentians.com\/es\/wp-content\/uploads\/sites\/11\/2023\/08\/aa.jpeg?fit=1152%2C648&ssl=1\",\"articleSection\":[\"Espiritualidad\",\"Espiritualidad vicenciana\"],\"inLanguage\":\"es\",\"potentialAction\":[{\"@type\":\"CommentAction\",\"name\":\"Comment\",\"target\":[\"http:\/\/vincentians.com\/es\/san-vicente-y-el-sufrimiento-i\/#respond\"]}]},{\"@type\":\"WebPage\",\"@id\":\"http:\/\/vincentians.com\/es\/san-vicente-y-el-sufrimiento-i\/\",\"url\":\"http:\/\/vincentians.com\/es\/san-vicente-y-el-sufrimiento-i\/\",\"name\":\"San Vicente y el sufrimiento (I) - Somos Vicencianos\",\"isPartOf\":{\"@id\":\"https:\/\/vincentians.com\/es\/#website\"},\"primaryImageOfPage\":{\"@id\":\"http:\/\/vincentians.com\/es\/san-vicente-y-el-sufrimiento-i\/#primaryimage\"},\"image\":{\"@id\":\"http:\/\/vincentians.com\/es\/san-vicente-y-el-sufrimiento-i\/#primaryimage\"},\"thumbnailUrl\":\"https:\/\/i0.wp.com\/vincentians.com\/es\/wp-content\/uploads\/sites\/11\/2023\/08\/aa.jpeg?fit=1152%2C648&ssl=1\",\"datePublished\":\"2024-02-14T07:58:50+00:00\",\"breadcrumb\":{\"@id\":\"http:\/\/vincentians.com\/es\/san-vicente-y-el-sufrimiento-i\/#breadcrumb\"},\"inLanguage\":\"es\",\"potentialAction\":[{\"@type\":\"ReadAction\",\"target\":[\"http:\/\/vincentians.com\/es\/san-vicente-y-el-sufrimiento-i\/\"]}]},{\"@type\":\"ImageObject\",\"inLanguage\":\"es\",\"@id\":\"http:\/\/vincentians.com\/es\/san-vicente-y-el-sufrimiento-i\/#primaryimage\",\"url\":\"https:\/\/i0.wp.com\/vincentians.com\/es\/wp-content\/uploads\/sites\/11\/2023\/08\/aa.jpeg?fit=1152%2C648&ssl=1\",\"contentUrl\":\"https:\/\/i0.wp.com\/vincentians.com\/es\/wp-content\/uploads\/sites\/11\/2023\/08\/aa.jpeg?fit=1152%2C648&ssl=1\",\"width\":1152,\"height\":648},{\"@type\":\"BreadcrumbList\",\"@id\":\"http:\/\/vincentians.com\/es\/san-vicente-y-el-sufrimiento-i\/#breadcrumb\",\"itemListElement\":[{\"@type\":\"ListItem\",\"position\":1,\"name\":\"Portada\",\"item\":\"https:\/\/vincentians.com\/es\/\"},{\"@type\":\"ListItem\",\"position\":2,\"name\":\"San Vicente y el sufrimiento (I)\"}]},{\"@type\":\"WebSite\",\"@id\":\"https:\/\/vincentians.com\/es\/#website\",\"url\":\"https:\/\/vincentians.com\/es\/\",\"name\":\"Somos Vicencianos\",\"description\":\"Know more to serve more\",\"publisher\":{\"@id\":\"https:\/\/vincentians.com\/es\/#organization\"},\"potentialAction\":[{\"@type\":\"SearchAction\",\"target\":{\"@type\":\"EntryPoint\",\"urlTemplate\":\"https:\/\/vincentians.com\/es\/?s={search_term_string}\"},\"query-input\":{\"@type\":\"PropertyValueSpecification\",\"valueRequired\":true,\"valueName\":\"search_term_string\"}}],\"inLanguage\":\"es\"},{\"@type\":\"Organization\",\"@id\":\"https:\/\/vincentians.com\/es\/#organization\",\"name\":\"The Vincentian Network\",\"url\":\"https:\/\/vincentians.com\/es\/\",\"logo\":{\"@type\":\"ImageObject\",\"inLanguage\":\"es\",\"@id\":\"https:\/\/vincentians.com\/es\/#\/schema\/logo\/image\/\",\"url\":\"https:\/\/i1.wp.com\/vincentians.com\/es\/wp-content\/uploads\/sites\/11\/2016\/06\/Vincentian-Network-logo-big.png?fit=778%2C778\",\"contentUrl\":\"https:\/\/i1.wp.com\/vincentians.com\/es\/wp-content\/uploads\/sites\/11\/2016\/06\/Vincentian-Network-logo-big.png?fit=778%2C778\",\"width\":778,\"height\":778,\"caption\":\"The Vincentian Network\"},\"image\":{\"@id\":\"https:\/\/vincentians.com\/es\/#\/schema\/logo\/image\/\"},\"sameAs\":[\"https:\/\/www.facebook.com\/WeAreVincentians\/\",\"https:\/\/x.com\/WeVincentians\"]},{\"@type\":\"Person\",\"@id\":\"https:\/\/vincentians.com\/es\/#\/schema\/person\/7c2670b4445a7ca9d164ea6acdb31859\",\"name\":\"Mitxel Olabu\u00e9naga\",\"image\":{\"@type\":\"ImageObject\",\"inLanguage\":\"es\",\"@id\":\"https:\/\/vincentians.com\/es\/#\/schema\/person\/image\/\",\"url\":\"https:\/\/secure.gravatar.com\/avatar\/34137ec2e2b8939cbbed975731e71f3f4f1defc7266ded337a5ce0f925426877?s=96&d=mm&r=g\",\"contentUrl\":\"https:\/\/secure.gravatar.com\/avatar\/34137ec2e2b8939cbbed975731e71f3f4f1defc7266ded337a5ce0f925426877?s=96&d=mm&r=g\",\"caption\":\"Mitxel Olabu\u00e9naga\"},\"url\":\"https:\/\/vincentians.com\/es\/author\/mitxel\/\"}]}<\/script>\n<!-- \/ Yoast SEO plugin. -->","yoast_head_json":{"title":"San Vicente y el sufrimiento (I) - Somos Vicencianos","robots":{"index":"index","follow":"follow","max-snippet":"max-snippet:-1","max-image-preview":"max-image-preview:large","max-video-preview":"max-video-preview:-1"},"canonical":"http:\/\/vincentians.com\/es\/san-vicente-y-el-sufrimiento-i\/","og_locale":"es_ES","og_type":"article","og_title":"San Vicente y el sufrimiento (I) - Somos Vicencianos","og_description":"PRECISI\u00d3N TERMINOL\u00d3GICA Los \u00edndices anal\u00edticos de diversos estudios vicencianos nos brindan toda una serie de t\u00e9rminos que, de varias maneras, hacen referencia a nuestra tem\u00e1tica. He aqu\u00ed un inventario: sufrimien\u00adto, prueba, mortificaci\u00f3n, tolerancia, tentaci\u00f3n. Hallamos ... Read More","og_url":"http:\/\/vincentians.com\/es\/san-vicente-y-el-sufrimiento-i\/","og_site_name":"Somos Vicencianos","article_publisher":"https:\/\/www.facebook.com\/WeAreVincentians\/","article_published_time":"2024-02-14T07:58:50+00:00","og_image":[{"width":1152,"height":648,"url":"https:\/\/i0.wp.com\/vincentians.com\/es\/wp-content\/uploads\/sites\/11\/2023\/08\/aa.jpeg?fit=1152%2C648","type":"image\/jpeg"}],"author":"Mitxel Olabu\u00e9naga","twitter_card":"summary_large_image","twitter_creator":"@WeVincentians","twitter_site":"@WeVincentians","twitter_misc":{"Escrito por":"Mitxel Olabu\u00e9naga","Tiempo de lectura":"1 minuto"},"schema":{"@context":"https:\/\/schema.org","@graph":[{"@type":"Article","@id":"http:\/\/vincentians.com\/es\/san-vicente-y-el-sufrimiento-i\/#article","isPartOf":{"@id":"http:\/\/vincentians.com\/es\/san-vicente-y-el-sufrimiento-i\/"},"author":{"name":"Mitxel Olabu\u00e9naga","@id":"https:\/\/vincentians.com\/es\/#\/schema\/person\/7c2670b4445a7ca9d164ea6acdb31859"},"headline":"San Vicente y el sufrimiento (I)","datePublished":"2024-02-14T07:58:50+00:00","mainEntityOfPage":{"@id":"http:\/\/vincentians.com\/es\/san-vicente-y-el-sufrimiento-i\/"},"wordCount":190,"commentCount":0,"publisher":{"@id":"https:\/\/vincentians.com\/es\/#organization"},"image":{"@id":"http:\/\/vincentians.com\/es\/san-vicente-y-el-sufrimiento-i\/#primaryimage"},"thumbnailUrl":"https:\/\/i0.wp.com\/vincentians.com\/es\/wp-content\/uploads\/sites\/11\/2023\/08\/aa.jpeg?fit=1152%2C648&ssl=1","articleSection":["Espiritualidad","Espiritualidad vicenciana"],"inLanguage":"es","potentialAction":[{"@type":"CommentAction","name":"Comment","target":["http:\/\/vincentians.com\/es\/san-vicente-y-el-sufrimiento-i\/#respond"]}]},{"@type":"WebPage","@id":"http:\/\/vincentians.com\/es\/san-vicente-y-el-sufrimiento-i\/","url":"http:\/\/vincentians.com\/es\/san-vicente-y-el-sufrimiento-i\/","name":"San Vicente y el sufrimiento (I) - Somos Vicencianos","isPartOf":{"@id":"https:\/\/vincentians.com\/es\/#website"},"primaryImageOfPage":{"@id":"http:\/\/vincentians.com\/es\/san-vicente-y-el-sufrimiento-i\/#primaryimage"},"image":{"@id":"http:\/\/vincentians.com\/es\/san-vicente-y-el-sufrimiento-i\/#primaryimage"},"thumbnailUrl":"https:\/\/i0.wp.com\/vincentians.com\/es\/wp-content\/uploads\/sites\/11\/2023\/08\/aa.jpeg?fit=1152%2C648&ssl=1","datePublished":"2024-02-14T07:58:50+00:00","breadcrumb":{"@id":"http:\/\/vincentians.com\/es\/san-vicente-y-el-sufrimiento-i\/#breadcrumb"},"inLanguage":"es","potentialAction":[{"@type":"ReadAction","target":["http:\/\/vincentians.com\/es\/san-vicente-y-el-sufrimiento-i\/"]}]},{"@type":"ImageObject","inLanguage":"es","@id":"http:\/\/vincentians.com\/es\/san-vicente-y-el-sufrimiento-i\/#primaryimage","url":"https:\/\/i0.wp.com\/vincentians.com\/es\/wp-content\/uploads\/sites\/11\/2023\/08\/aa.jpeg?fit=1152%2C648&ssl=1","contentUrl":"https:\/\/i0.wp.com\/vincentians.com\/es\/wp-content\/uploads\/sites\/11\/2023\/08\/aa.jpeg?fit=1152%2C648&ssl=1","width":1152,"height":648},{"@type":"BreadcrumbList","@id":"http:\/\/vincentians.com\/es\/san-vicente-y-el-sufrimiento-i\/#breadcrumb","itemListElement":[{"@type":"ListItem","position":1,"name":"Portada","item":"https:\/\/vincentians.com\/es\/"},{"@type":"ListItem","position":2,"name":"San Vicente y el sufrimiento (I)"}]},{"@type":"WebSite","@id":"https:\/\/vincentians.com\/es\/#website","url":"https:\/\/vincentians.com\/es\/","name":"Somos Vicencianos","description":"Know more to serve more","publisher":{"@id":"https:\/\/vincentians.com\/es\/#organization"},"potentialAction":[{"@type":"SearchAction","target":{"@type":"EntryPoint","urlTemplate":"https:\/\/vincentians.com\/es\/?s={search_term_string}"},"query-input":{"@type":"PropertyValueSpecification","valueRequired":true,"valueName":"search_term_string"}}],"inLanguage":"es"},{"@type":"Organization","@id":"https:\/\/vincentians.com\/es\/#organization","name":"The Vincentian Network","url":"https:\/\/vincentians.com\/es\/","logo":{"@type":"ImageObject","inLanguage":"es","@id":"https:\/\/vincentians.com\/es\/#\/schema\/logo\/image\/","url":"https:\/\/i1.wp.com\/vincentians.com\/es\/wp-content\/uploads\/sites\/11\/2016\/06\/Vincentian-Network-logo-big.png?fit=778%2C778","contentUrl":"https:\/\/i1.wp.com\/vincentians.com\/es\/wp-content\/uploads\/sites\/11\/2016\/06\/Vincentian-Network-logo-big.png?fit=778%2C778","width":778,"height":778,"caption":"The Vincentian Network"},"image":{"@id":"https:\/\/vincentians.com\/es\/#\/schema\/logo\/image\/"},"sameAs":["https:\/\/www.facebook.com\/WeAreVincentians\/","https:\/\/x.com\/WeVincentians"]},{"@type":"Person","@id":"https:\/\/vincentians.com\/es\/#\/schema\/person\/7c2670b4445a7ca9d164ea6acdb31859","name":"Mitxel Olabu\u00e9naga","image":{"@type":"ImageObject","inLanguage":"es","@id":"https:\/\/vincentians.com\/es\/#\/schema\/person\/image\/","url":"https:\/\/secure.gravatar.com\/avatar\/34137ec2e2b8939cbbed975731e71f3f4f1defc7266ded337a5ce0f925426877?s=96&d=mm&r=g","contentUrl":"https:\/\/secure.gravatar.com\/avatar\/34137ec2e2b8939cbbed975731e71f3f4f1defc7266ded337a5ce0f925426877?s=96&d=mm&r=g","caption":"Mitxel Olabu\u00e9naga"},"url":"https:\/\/vincentians.com\/es\/author\/mitxel\/"}]}},"jetpack_publicize_connections":[],"jetpack_featured_media_url":"https:\/\/i0.wp.com\/vincentians.com\/es\/wp-content\/uploads\/sites\/11\/2023\/08\/aa.jpeg?fit=1152%2C648&ssl=1","jetpack_sharing_enabled":true,"jetpack_shortlink":"https:\/\/wp.me\/p7ETMF-1Ho2","jetpack-related-posts":[{"id":131677,"url":"https:\/\/vincentians.com\/es\/caridad-compasiva-y-eficaz\/","url_meta":{"origin":405110,"position":0},"title":"Caridad compasiva y eficaz","author":"Francisco Javier Fern\u00e1ndez Chento","date":"12\/11\/2014","format":false,"excerpt":"\"Al salir de Jeric\u00f3 lo sigui\u00f3 mucha gente. Hab\u00eda dos ciegos, sentados a la vera del camino, y al o\u00edr que Jes\u00fas pasaba, se pusieron a gritar: ;Ten compasi\u00f3n de nosotros, Se\u00f1or, Hijo de David! Jes\u00fas se detuvo, los llam\u00f3 y les dijo: \u00bfQu\u00e9 quer\u00e9is que haga por vosotros? Le\u2026","rel":"","context":"En \u00abEspiritualidad vicenciana\u00bb","block_context":{"text":"Espiritualidad vicenciana","link":"https:\/\/vincentians.com\/es\/category\/espiritualidad\/espiritualidad-vicenciana\/"},"img":{"alt_text":"caridad_compasiva","src":"https:\/\/i0.wp.com\/vicencianos.org\/wp-content\/2014\/11\/caridad_compasiva-300x200.jpg?resize=350%2C200","width":350,"height":200},"classes":[]},{"id":141139,"url":"https:\/\/vincentians.com\/es\/magnanimos-ante-las-dificultades\/","url_meta":{"origin":405110,"position":1},"title":"Magn\u00e1nimos ante las dificultades","author":"Francisco Javier Fern\u00e1ndez Chento","date":"22\/01\/2016","format":false,"excerpt":"\u00abSufriendo aprendi\u00f3 a obe\u00addecer y, as\u00ed consumado, se convirti\u00f3 en causa de salva\u00adci\u00f3n eterna para todos los que le obedecen\u00bb. (Heb 5,8-9). \u00abAtentos con \u00e1nimo humilde y fraternal a las opiniones y necesidades de cada com\u00adpa\u00f1ero, pondremos empe\u00f1o en superar las dificultades que lleva consigo la vida co\u00admunitaria\u00bb. (C 24,3).\u2026","rel":"","context":"En \u00abEspiritualidad vicenciana\u00bb","block_context":{"text":"Espiritualidad vicenciana","link":"https:\/\/vincentians.com\/es\/category\/espiritualidad\/espiritualidad-vicenciana\/"},"img":{"alt_text":"dificultades","src":"https:\/\/i0.wp.com\/vicencianos.org\/wp-content\/uploads\/2015\/03\/dificultades.jpg?resize=350%2C200","width":350,"height":200,"srcset":"https:\/\/i0.wp.com\/vicencianos.org\/wp-content\/uploads\/2015\/03\/dificultades.jpg?resize=350%2C200 1x, https:\/\/i0.wp.com\/vicencianos.org\/wp-content\/uploads\/2015\/03\/dificultades.jpg?resize=525%2C300 1.5x, https:\/\/i0.wp.com\/vicencianos.org\/wp-content\/uploads\/2015\/03\/dificultades.jpg?resize=700%2C400 2x"},"classes":[]},{"id":118009,"url":"https:\/\/vincentians.com\/es\/el-p-andre-dodin-habla-sobre-actualidad-de-los-estudios-vicencianos-1965\/","url_meta":{"origin":405110,"position":2},"title":"El P. Andr\u00e9 Dodin habla sobre \u00abactualidad de los estudios vicencianos\u00bb (1965)","author":"Francisco Javier Fern\u00e1ndez Chento","date":"23\/08\/2021","format":false,"excerpt":"Del 10 al 13 de marzo el P. A. Dodin, de nuestra Casa de Pa\u00adr\u00eds, acompa\u00f1ado del P. Buhigas, de nuestra Casa de Dax, dio en nuestro Seminario de Salamanca un cursillo de cinco conferen\u00adcias sobre la persona, obra y espiritualidad de San Vicente y so\u00adbre la imagen que de\u2026","rel":"","context":"En \u00abFormaci\u00f3n Vicenciana\u00bb","block_context":{"text":"Formaci\u00f3n Vicenciana","link":"https:\/\/vincentians.com\/es\/category\/formacion-vicenciana\/"},"img":{"alt_text":"","src":"https:\/\/i0.wp.com\/vincentians.com\/es\/wp-content\/uploads\/sites\/11\/2019\/11\/hijas-caridaqd.jpg?fit=1200%2C675&ssl=1&resize=350%2C200","width":350,"height":200,"srcset":"https:\/\/i0.wp.com\/vincentians.com\/es\/wp-content\/uploads\/sites\/11\/2019\/11\/hijas-caridaqd.jpg?fit=1200%2C675&ssl=1&resize=350%2C200 1x, https:\/\/i0.wp.com\/vincentians.com\/es\/wp-content\/uploads\/sites\/11\/2019\/11\/hijas-caridaqd.jpg?fit=1200%2C675&ssl=1&resize=525%2C300 1.5x, https:\/\/i0.wp.com\/vincentians.com\/es\/wp-content\/uploads\/sites\/11\/2019\/11\/hijas-caridaqd.jpg?fit=1200%2C675&ssl=1&resize=700%2C400 2x, https:\/\/i0.wp.com\/vincentians.com\/es\/wp-content\/uploads\/sites\/11\/2019\/11\/hijas-caridaqd.jpg?fit=1200%2C675&ssl=1&resize=1050%2C600 3x"},"classes":[]},{"id":141790,"url":"https:\/\/vincentians.com\/es\/los-bendecidos-de-la-comunidad\/","url_meta":{"origin":405110,"position":3},"title":"Los \u00abbendecidos de la comunidad\u00bb","author":"Francisco Javier Fern\u00e1ndez Chento","date":"19\/03\/2015","format":false,"excerpt":"\u00abAhora me alegro de sufrir por vosotros, pues voy com\u00adpletando en mi carne mor\u00adtal lo que falta a las pena\u00adlidades del Mes\u00edas por su cuerpo, que es la Iglesia\u00bb. (Col 1,24). \u00abLos Misioneros enfermos, los delicados de salud y los ancianos nos ser\u00e1n entra\u00f1a\u00adblemente queridos y estima\u00adremos su presencia como\u2026","rel":"","context":"En \u00abEspiritualidad vicenciana\u00bb","block_context":{"text":"Espiritualidad vicenciana","link":"https:\/\/vincentians.com\/es\/category\/espiritualidad\/espiritualidad-vicenciana\/"},"img":{"alt_text":"asd","src":"https:\/\/i0.wp.com\/vicencianos.org\/wp-content\/2015\/03\/asd8.jpg?resize=350%2C200","width":350,"height":200},"classes":[]},{"id":398641,"url":"https:\/\/vincentians.com\/es\/aportacion-del-carisma-vicenciano-la-mision-la-iglesia-4\/","url_meta":{"origin":405110,"position":4},"title":"Aportaci\u00f3n del carisma vicenciano a la Misi\u00f3n de la Iglesia (4)","author":"Francisco Javier Fern\u00e1ndez Chento","date":"07\/08\/2016","format":false,"excerpt":"4.- La salvaci\u00f3n de los pobres en el centro de la Misi\u00f3n de la Iglesia. San Vicente de Pa\u00fal y Santa Luisa de Marillac compartieron la misma experiencia: los pobres son los miembros de Cristo y, por tanto, de la Iglesia. En la Iglesia, Cuerpo de Cristo, los pobres ocupan\u2026","rel":"","context":"En \u00abFormaci\u00f3n Vicenciana\u00bb","block_context":{"text":"Formaci\u00f3n Vicenciana","link":"https:\/\/vincentians.com\/es\/category\/formacion-vicenciana\/"},"img":{"alt_text":"","src":"https:\/\/i0.wp.com\/vincentians.com\/es\/wp-content\/uploads\/sites\/11\/2016\/06\/contributions-charism.jpg?fit=1200%2C630&ssl=1&resize=350%2C200","width":350,"height":200,"srcset":"https:\/\/i0.wp.com\/vincentians.com\/es\/wp-content\/uploads\/sites\/11\/2016\/06\/contributions-charism.jpg?fit=1200%2C630&ssl=1&resize=350%2C200 1x, https:\/\/i0.wp.com\/vincentians.com\/es\/wp-content\/uploads\/sites\/11\/2016\/06\/contributions-charism.jpg?fit=1200%2C630&ssl=1&resize=525%2C300 1.5x, https:\/\/i0.wp.com\/vincentians.com\/es\/wp-content\/uploads\/sites\/11\/2016\/06\/contributions-charism.jpg?fit=1200%2C630&ssl=1&resize=700%2C400 2x, https:\/\/i0.wp.com\/vincentians.com\/es\/wp-content\/uploads\/sites\/11\/2016\/06\/contributions-charism.jpg?fit=1200%2C630&ssl=1&resize=1050%2C600 3x"},"classes":[]},{"id":119152,"url":"https:\/\/vincentians.com\/es\/la-mortificacion-una-hoz-en-su-mochila-xi-522\/","url_meta":{"origin":405110,"position":5},"title":"La Mortificaci\u00f3n: una hoz en su mochila (XI, 522)","author":"Francisco Javier Fern\u00e1ndez Chento","date":"18\/03\/2015","format":false,"excerpt":"Lo que entendemos por mortificaci\u00f3n Castigo mi cuerpo y lo reduzco a servidumbre (1Cor 9, 27). 1) La palabra mortificaci\u00f3n es otra de las palabras tradicionales del len\u00adguaje espiritual, que hoy no se acepta de buen grado. El diccionario de la Real Academia, al dar el significado del t\u00e9rmino mortificaci\u00f3n,\u2026","rel":"","context":"En \u00abEspiritualidad vicenciana\u00bb","block_context":{"text":"Espiritualidad vicenciana","link":"https:\/\/vincentians.com\/es\/category\/espiritualidad\/espiritualidad-vicenciana\/"},"img":{"alt_text":"llevar-la-cruz","src":"https:\/\/i0.wp.com\/vicencianos.org\/wp-content\/2013\/04\/llevar-la-cruz-300x195.jpg?resize=350%2C200","width":350,"height":200},"classes":[]}],"_links":{"self":[{"href":"https:\/\/vincentians.com\/es\/wp-json\/wp\/v2\/posts\/405110","targetHints":{"allow":["GET"]}}],"collection":[{"href":"https:\/\/vincentians.com\/es\/wp-json\/wp\/v2\/posts"}],"about":[{"href":"https:\/\/vincentians.com\/es\/wp-json\/wp\/v2\/types\/post"}],"author":[{"embeddable":true,"href":"https:\/\/vincentians.com\/es\/wp-json\/wp\/v2\/users\/5"}],"replies":[{"embeddable":true,"href":"https:\/\/vincentians.com\/es\/wp-json\/wp\/v2\/comments?post=405110"}],"version-history":[{"count":1,"href":"https:\/\/vincentians.com\/es\/wp-json\/wp\/v2\/posts\/405110\/revisions"}],"predecessor-version":[{"id":405112,"href":"https:\/\/vincentians.com\/es\/wp-json\/wp\/v2\/posts\/405110\/revisions\/405112"}],"wp:featuredmedia":[{"embeddable":true,"href":"https:\/\/vincentians.com\/es\/wp-json\/wp\/v2\/media\/405111"}],"wp:attachment":[{"href":"https:\/\/vincentians.com\/es\/wp-json\/wp\/v2\/media?parent=405110"}],"wp:term":[{"taxonomy":"category","embeddable":true,"href":"https:\/\/vincentians.com\/es\/wp-json\/wp\/v2\/categories?post=405110"},{"taxonomy":"post_tag","embeddable":true,"href":"https:\/\/vincentians.com\/es\/wp-json\/wp\/v2\/tags?post=405110"}],"curies":[{"name":"wp","href":"https:\/\/api.w.org\/{rel}","templated":true}]}}