{"id":405104,"date":"2024-02-08T08:55:23","date_gmt":"2024-02-08T07:55:23","guid":{"rendered":"http:\/\/vincentians.com\/es\/?p=405104"},"modified":"2023-08-13T19:56:33","modified_gmt":"2023-08-13T17:56:33","slug":"la-misericordia-como-praxis-de-la-vida-y-del-apostolado-del-misionero-iv","status":"publish","type":"post","link":"https:\/\/vincentians.com\/es\/la-misericordia-como-praxis-de-la-vida-y-del-apostolado-del-misionero-iv\/","title":{"rendered":"La MISERICORDIA como praxis de la vida y del apostolado del misionero (IV)"},"content":{"rendered":"<p>. <em>No hay fronteras para una Compa\u00f1\u00eda misericordiosa.<\/em><\/p>\n<p>Uno de los episodios m\u00e1s significativos, desde el punto de vista de la incipiente Congregaci\u00f3n de la Misi\u00f3n, de lo que es la miseri\u00adcordia corno praxis, lo tenemos en la ayuda que san Vicente y los Misioneros prestaron a la Lorena y a las Provincias de Francia devastadas por la guerra de los treinta a\u00f1os, sobre todo Picard\u00eda y Champa\u00f1a.<\/p>\n<p>La guerra de los Treinta A\u00f1os fue librada en Europa Central (principalmente el Sacro Imperio Romano Germ\u00e1nico) entre los a\u00f1os 1618 y 1648. En ella intervinieron la mayor\u00eda de las grandes potencias europeas de la \u00e9poca. Francia, en el devenir de la Guerra, ocup\u00f3 la Lorena y la devastaci\u00f3n de este ducado fue terrible.<\/p>\n<p><em>\u00abLa desolaci\u00f3n lleg\u00f3 a tal extremo, que, despu\u00e9s de que la mayor parte de los que quedaron en su tierra, se vieron obli\u00adgados a alimentarse con la carro\u00f1a medio podrida de los ani\u00admales, tambi\u00e9n ellos se vieron reducidos a ser pasto de las fieras carniceras, y observaron c\u00f3mo corr\u00edan por todos los lados los lobos hambrientos, que descuartizaban y devora\u00adban a mujeres y ni\u00f1os que encontraban un poco aislados, incluso en pleno d\u00eda y a la vista de todo el mundo; y varias de esas pobres criaturas fueron arrancadas muy heridas de sus garras y medio muertas, y las llevaron a los Hospitales de las ciudades, en los que los Sacerdotes de la Misi\u00f3n las hicieron curar Los lobos estaban tan enviciados con los cuerpos humanos, que iban de d\u00eda a los pueblos y las aldeas y entraban en las casas abiertas, y de noche en las ciudades por las brechas de las murallas, y se llevaban a mujeres, ni\u00f1os y todo lo que pod\u00edan arrebatar\u00bb.<\/em><\/p>\n<p>M\u00e1s tarde con la entrada en la guerra de los Tercios Espa\u00f1oles situados en Flandes, la desolaci\u00f3n se apoder\u00f3 tambi\u00e9n de la Picard\u00eda y alrededores:<\/p>\n<p><em>\u00abporque la permanencia bastante larga de los dos ej\u00e9rcitos sobre aquella frontera caus\u00f3 en ella una desolaci\u00f3n extrema: y cuando se retiraron de los alrededores de Guisa, dejaron all\u00ed un grand\u00edsimo n\u00famero de soldados muertos de hambre atacados de diferentes enfermedades; los cuales, queriendo esforzarse en andar para buscar alg\u00fan alivio, ca\u00edan de debi\u00adlidad a lo largo de los caminos y mor\u00edan miserablemente pri\u00advados de sacramentos y de todo consuelo humano\u00bb.<\/em><\/p>\n<p>Uno est\u00e1 tentado de seguir describiendo las miserias que las guerras traen consigo, pero volvamos a c\u00f3mo la contemplaci\u00f3n de estos desastres puso en pie la misericordia como praxis en la Congregaci\u00f3n de la Misi\u00f3n.<\/p>\n<p><em>\u00abAlgunos viandantes, al ver aquel espect\u00e1culo, llevaron la noticia a Par\u00eds, en el momento en que all\u00ed por aquellos d\u00edas todo el mundo se alegraba de la retirada de los enemigos; pero muy pocas personas se apiadaron de aquellos pobres abandonados, que perec\u00edan tan miserablemente sin ninguna clase de socorro. &#8230; El Sr Vicente, especialmente sensible ante los sufrimientos del pr\u00f3jimo, se conmovi\u00f3 mucho al conocer el estado, digno de compasi\u00f3n\u00bb &#8230;<\/em><\/p>\n<p>San Vicente moviliz\u00f3 a los Misioneros y a las Damas.<\/p>\n<p>Cuando en una reuni\u00f3n con las Damas de la Cofrad\u00eda en el H\u00f3tel-Dieu les lee los gastos en favor de los pobres, san Vicente sabe que cada cifra en favor de los pobres esconde sacrificios e incluso muertes de Misioneros, muchas jornadas de viajes peligrosas, muchas noches de vela y mucho dolor.<\/p>\n<p><em>\u00abEl Se\u00f1or Vicente ley\u00f3 a continuaci\u00f3n la nota de gastos hechos por la Compa\u00f1\u00eda para los pobres de Champa\u00f1a y de Picard\u00eda que comprende del 15 de julio de 1650 hasta el d\u00eda de la \u00faltima Asamblea General. Se han enviado y distribuido a los pobres trescientas cuarenta y ocho mil libras, y desde la \u00faltima Asamblea general hasta hoy, diecinueve mil quinien\u00adtas libras, que es poco, compar\u00e1ndolo con los a\u00f1os precedentes\u00bb.<\/em><\/p>\n<p>Pero era la Congregaci\u00f3n de la Misi\u00f3n, la peque\u00f1a Compa\u00f1\u00eda, la que se comprometi\u00f3 en la pr\u00e1ctica de la misericordia con las poblaciones devastadas. Algunos Misioneros murieron de agota\u00admiento y de enfermedades, siendo un verdadero ejemplo para quie\u00adnes los ve\u00edan. Otros, como el Hermano Mateo Regnard, pon\u00edan su vida en peligro varias veces en cada viaje de socorro. Los pintores\u00adcos relatos y la suerte que tuvo el Hermano Mateo en sus viajes no deben ocultar los sacrificios y los peligros. Es necesario meditar con serenidad los relatos del Padre Pedro Coste sobre la asistencia a Lorena, a Picard\u00eda y a Champa\u00f1a para darse cuenta de la ingente obra llevada a cabo por la Compa\u00f1\u00eda, oculta a veces por las sumas de dinero que no dejan ver los corazones conmovidos, el esfuerzo de los brazos y el sudor de la frente de los misioneros. Veamos esta carta del Hermano Mateo que san Vicente ley\u00f3 a la Comunidad de San L\u00e1zaro:<\/p>\n<p><em>\u00abHace algunos d\u00edas, nuestro hermano Mateo me escrib\u00eda desde Lorena; y su carta, empapada en l\u00e1grimas, me indicaba las miserias de aquel pa\u00eds y especialmente el de m\u00e1s de seiscientas religiosas: Padre, el dolor de mi coraz\u00f3n es tan gran\u00adde que no puedo dec\u00edrselo sin llorar ante la enorme pobreza de esas buenas religiosas que manda socorrer su caridad. que es tan grande que no podr\u00eda describirla en su mayor parte. Sus h\u00e1bitos casi no pueden reconocerse&#8230; Est\u00e1n remen\u00addados por todas partes de verde, de gris, de rojo, de todo lo que pueden encontrar. Han tenido que ponerse zuecos\u00bb.<\/em><\/p>\n<p>La Congregaci\u00f3n de la Misi\u00f3n escribi\u00f3 estas p\u00e1ginas de su his\u00adtoria con la mano emocionada de quien tiene el coraz\u00f3n conmovido por las miserias de sus hermanos. No escatim\u00f3 esfuerzos, imagina\u00adci\u00f3n, sufrimientos vidas con tal de socorrer a esas tierras crucifica\u00addas. Seguramente el mismo Jesucristo ley\u00f3 con satisfacci\u00f3n el p\u00e1rrafo que Abelly dedic\u00f3 a estos misioneros conmovidos que se tomaron en serio la misericordia como praxis:<\/p>\n<p><em>\u00abLas historias antiguas ciertamente nos facilitan ejemplos diversos de las miserias extremadas causadas por el azote de la guerra: nos representan las ruinas y la desolaci\u00f3n de ciu\u00addades, de Provincias y de Monarqu\u00edas enteras; pero no lee\u00admos en ninguna, que, entre el terror y los des\u00f3rdenes de los ej\u00e9rcitos y en medio de las violencias y el bandidaje de los soldados, se haya encontrado el medio de practicar toda clase de obras de misericordia espirituales y corporales con una organizaci\u00f3n, una habilidad, un valor y hasta con una seguridad, no solamente con algunas personas particulares, sino tambi\u00e9n con pueblos enteros\u00bb.<\/em><\/p>\n<p>Juan Juli\u00e1n D\u00edaz Catal\u00e1n, C. M.<\/p>\n<p>CEME 2015<\/p>\n","protected":false},"excerpt":{"rendered":"<p>. No hay fronteras para una Compa\u00f1\u00eda misericordiosa. Uno de los episodios m\u00e1s significativos, desde el punto de vista de la incipiente Congregaci\u00f3n de la Misi\u00f3n, de lo que es la miseri\u00adcordia corno praxis, lo &#8230; <a href=\"https:\/\/vincentians.com\/es\/la-misericordia-como-praxis-de-la-vida-y-del-apostolado-del-misionero-iv\/\" class=\"more-link\">Read More<\/a><\/p>\n","protected":false},"author":5,"featured_media":405098,"comment_status":"open","ping_status":"open","sticky":false,"template":"","format":"standard","meta":{"jetpack_post_was_ever_published":false,"_jetpack_newsletter_access":"","_jetpack_dont_email_post_to_subs":false,"_jetpack_newsletter_tier_id":0,"_jetpack_memberships_contains_paywalled_content":false,"_jetpack_memberships_contains_paid_content":false,"footnotes":"","jetpack_publicize_message":"","jetpack_publicize_feature_enabled":true,"jetpack_social_post_already_shared":true,"jetpack_social_options":{"image_generator_settings":{"template":"highway","default_image_id":0,"font":"","enabled":false},"version":2}},"categories":[374,226],"tags":[],"class_list":["post-405104","post","type-post","status-publish","format-standard","has-post-thumbnail","hentry","category-espiritualidad","category-espiritualidad-vicenciana"],"yoast_head":"<!-- This site is optimized with the Yoast SEO plugin v26.3 - https:\/\/yoast.com\/wordpress\/plugins\/seo\/ -->\n<title>La MISERICORDIA como praxis de la vida y del apostolado del misionero (IV) - Somos Vicencianos<\/title>\n<meta name=\"robots\" content=\"index, follow, max-snippet:-1, max-image-preview:large, max-video-preview:-1\" \/>\n<link rel=\"canonical\" href=\"https:\/\/vincentians.com\/es\/la-misericordia-como-praxis-de-la-vida-y-del-apostolado-del-misionero-iv\/\" \/>\n<meta property=\"og:locale\" content=\"es_ES\" \/>\n<meta property=\"og:type\" content=\"article\" \/>\n<meta property=\"og:title\" content=\"La MISERICORDIA como praxis de la vida y del apostolado del misionero (IV) - Somos Vicencianos\" \/>\n<meta property=\"og:description\" content=\". No hay fronteras para una Compa\u00f1\u00eda misericordiosa. Uno de los episodios m\u00e1s significativos, desde el punto de vista de la incipiente Congregaci\u00f3n de la Misi\u00f3n, de lo que es la miseri\u00adcordia corno praxis, lo ... Read More\" \/>\n<meta property=\"og:url\" content=\"https:\/\/vincentians.com\/es\/la-misericordia-como-praxis-de-la-vida-y-del-apostolado-del-misionero-iv\/\" \/>\n<meta property=\"og:site_name\" content=\"Somos Vicencianos\" \/>\n<meta property=\"article:publisher\" content=\"https:\/\/www.facebook.com\/WeAreVincentians\/\" \/>\n<meta property=\"article:published_time\" content=\"2024-02-08T07:55:23+00:00\" \/>\n<meta property=\"og:image\" content=\"https:\/\/i0.wp.com\/vincentians.com\/es\/wp-content\/uploads\/sites\/11\/2023\/08\/aa.jpg?fit=848%2C565&ssl=1\" \/>\n\t<meta property=\"og:image:width\" content=\"848\" \/>\n\t<meta property=\"og:image:height\" content=\"565\" \/>\n\t<meta property=\"og:image:type\" content=\"image\/jpeg\" \/>\n<meta name=\"author\" content=\"Mitxel Olabu\u00e9naga\" \/>\n<meta name=\"twitter:card\" content=\"summary_large_image\" \/>\n<meta name=\"twitter:creator\" content=\"@WeVincentians\" \/>\n<meta name=\"twitter:site\" content=\"@WeVincentians\" \/>\n<meta name=\"twitter:label1\" content=\"Escrito por\" \/>\n\t<meta name=\"twitter:data1\" content=\"Mitxel Olabu\u00e9naga\" \/>\n\t<meta name=\"twitter:label2\" content=\"Tiempo de lectura\" \/>\n\t<meta name=\"twitter:data2\" content=\"5 minutos\" \/>\n<script type=\"application\/ld+json\" class=\"yoast-schema-graph\">{\"@context\":\"https:\/\/schema.org\",\"@graph\":[{\"@type\":\"Article\",\"@id\":\"https:\/\/vincentians.com\/es\/la-misericordia-como-praxis-de-la-vida-y-del-apostolado-del-misionero-iv\/#article\",\"isPartOf\":{\"@id\":\"https:\/\/vincentians.com\/es\/la-misericordia-como-praxis-de-la-vida-y-del-apostolado-del-misionero-iv\/\"},\"author\":{\"name\":\"Mitxel Olabu\u00e9naga\",\"@id\":\"http:\/\/vincentians.com\/es\/#\/schema\/person\/7c2670b4445a7ca9d164ea6acdb31859\"},\"headline\":\"La MISERICORDIA como praxis de la vida y del apostolado del misionero (IV)\",\"datePublished\":\"2024-02-08T07:55:23+00:00\",\"mainEntityOfPage\":{\"@id\":\"https:\/\/vincentians.com\/es\/la-misericordia-como-praxis-de-la-vida-y-del-apostolado-del-misionero-iv\/\"},\"wordCount\":1173,\"commentCount\":0,\"publisher\":{\"@id\":\"http:\/\/vincentians.com\/es\/#organization\"},\"image\":{\"@id\":\"https:\/\/vincentians.com\/es\/la-misericordia-como-praxis-de-la-vida-y-del-apostolado-del-misionero-iv\/#primaryimage\"},\"thumbnailUrl\":\"https:\/\/i0.wp.com\/vincentians.com\/es\/wp-content\/uploads\/sites\/11\/2023\/08\/aa.jpg?fit=848%2C565&ssl=1\",\"articleSection\":[\"Espiritualidad\",\"Espiritualidad vicenciana\"],\"inLanguage\":\"es\",\"potentialAction\":[{\"@type\":\"CommentAction\",\"name\":\"Comment\",\"target\":[\"https:\/\/vincentians.com\/es\/la-misericordia-como-praxis-de-la-vida-y-del-apostolado-del-misionero-iv\/#respond\"]}]},{\"@type\":\"WebPage\",\"@id\":\"https:\/\/vincentians.com\/es\/la-misericordia-como-praxis-de-la-vida-y-del-apostolado-del-misionero-iv\/\",\"url\":\"https:\/\/vincentians.com\/es\/la-misericordia-como-praxis-de-la-vida-y-del-apostolado-del-misionero-iv\/\",\"name\":\"La MISERICORDIA como praxis de la vida y del apostolado del misionero (IV) - Somos Vicencianos\",\"isPartOf\":{\"@id\":\"http:\/\/vincentians.com\/es\/#website\"},\"primaryImageOfPage\":{\"@id\":\"https:\/\/vincentians.com\/es\/la-misericordia-como-praxis-de-la-vida-y-del-apostolado-del-misionero-iv\/#primaryimage\"},\"image\":{\"@id\":\"https:\/\/vincentians.com\/es\/la-misericordia-como-praxis-de-la-vida-y-del-apostolado-del-misionero-iv\/#primaryimage\"},\"thumbnailUrl\":\"https:\/\/i0.wp.com\/vincentians.com\/es\/wp-content\/uploads\/sites\/11\/2023\/08\/aa.jpg?fit=848%2C565&ssl=1\",\"datePublished\":\"2024-02-08T07:55:23+00:00\",\"breadcrumb\":{\"@id\":\"https:\/\/vincentians.com\/es\/la-misericordia-como-praxis-de-la-vida-y-del-apostolado-del-misionero-iv\/#breadcrumb\"},\"inLanguage\":\"es\",\"potentialAction\":[{\"@type\":\"ReadAction\",\"target\":[\"https:\/\/vincentians.com\/es\/la-misericordia-como-praxis-de-la-vida-y-del-apostolado-del-misionero-iv\/\"]}]},{\"@type\":\"ImageObject\",\"inLanguage\":\"es\",\"@id\":\"https:\/\/vincentians.com\/es\/la-misericordia-como-praxis-de-la-vida-y-del-apostolado-del-misionero-iv\/#primaryimage\",\"url\":\"https:\/\/i0.wp.com\/vincentians.com\/es\/wp-content\/uploads\/sites\/11\/2023\/08\/aa.jpg?fit=848%2C565&ssl=1\",\"contentUrl\":\"https:\/\/i0.wp.com\/vincentians.com\/es\/wp-content\/uploads\/sites\/11\/2023\/08\/aa.jpg?fit=848%2C565&ssl=1\",\"width\":848,\"height\":565},{\"@type\":\"BreadcrumbList\",\"@id\":\"https:\/\/vincentians.com\/es\/la-misericordia-como-praxis-de-la-vida-y-del-apostolado-del-misionero-iv\/#breadcrumb\",\"itemListElement\":[{\"@type\":\"ListItem\",\"position\":1,\"name\":\"Portada\",\"item\":\"http:\/\/vincentians.com\/es\/\"},{\"@type\":\"ListItem\",\"position\":2,\"name\":\"La MISERICORDIA como praxis de la vida y del apostolado del misionero (IV)\"}]},{\"@type\":\"WebSite\",\"@id\":\"http:\/\/vincentians.com\/es\/#website\",\"url\":\"http:\/\/vincentians.com\/es\/\",\"name\":\"Somos Vicencianos\",\"description\":\"Know more to serve more\",\"publisher\":{\"@id\":\"http:\/\/vincentians.com\/es\/#organization\"},\"potentialAction\":[{\"@type\":\"SearchAction\",\"target\":{\"@type\":\"EntryPoint\",\"urlTemplate\":\"http:\/\/vincentians.com\/es\/?s={search_term_string}\"},\"query-input\":{\"@type\":\"PropertyValueSpecification\",\"valueRequired\":true,\"valueName\":\"search_term_string\"}}],\"inLanguage\":\"es\"},{\"@type\":\"Organization\",\"@id\":\"http:\/\/vincentians.com\/es\/#organization\",\"name\":\"The Vincentian Network\",\"url\":\"http:\/\/vincentians.com\/es\/\",\"logo\":{\"@type\":\"ImageObject\",\"inLanguage\":\"es\",\"@id\":\"http:\/\/vincentians.com\/es\/#\/schema\/logo\/image\/\",\"url\":\"https:\/\/i1.wp.com\/vincentians.com\/es\/wp-content\/uploads\/sites\/11\/2016\/06\/Vincentian-Network-logo-big.png?fit=778%2C778\",\"contentUrl\":\"https:\/\/i1.wp.com\/vincentians.com\/es\/wp-content\/uploads\/sites\/11\/2016\/06\/Vincentian-Network-logo-big.png?fit=778%2C778\",\"width\":778,\"height\":778,\"caption\":\"The Vincentian Network\"},\"image\":{\"@id\":\"http:\/\/vincentians.com\/es\/#\/schema\/logo\/image\/\"},\"sameAs\":[\"https:\/\/www.facebook.com\/WeAreVincentians\/\",\"https:\/\/x.com\/WeVincentians\"]},{\"@type\":\"Person\",\"@id\":\"http:\/\/vincentians.com\/es\/#\/schema\/person\/7c2670b4445a7ca9d164ea6acdb31859\",\"name\":\"Mitxel Olabu\u00e9naga\",\"image\":{\"@type\":\"ImageObject\",\"inLanguage\":\"es\",\"@id\":\"http:\/\/vincentians.com\/es\/#\/schema\/person\/image\/\",\"url\":\"https:\/\/secure.gravatar.com\/avatar\/34137ec2e2b8939cbbed975731e71f3f4f1defc7266ded337a5ce0f925426877?s=96&d=mm&r=g\",\"contentUrl\":\"https:\/\/secure.gravatar.com\/avatar\/34137ec2e2b8939cbbed975731e71f3f4f1defc7266ded337a5ce0f925426877?s=96&d=mm&r=g\",\"caption\":\"Mitxel Olabu\u00e9naga\"},\"url\":\"https:\/\/vincentians.com\/es\/author\/mitxel\/\"}]}<\/script>\n<!-- \/ Yoast SEO plugin. -->","yoast_head_json":{"title":"La MISERICORDIA como praxis de la vida y del apostolado del misionero (IV) - Somos Vicencianos","robots":{"index":"index","follow":"follow","max-snippet":"max-snippet:-1","max-image-preview":"max-image-preview:large","max-video-preview":"max-video-preview:-1"},"canonical":"https:\/\/vincentians.com\/es\/la-misericordia-como-praxis-de-la-vida-y-del-apostolado-del-misionero-iv\/","og_locale":"es_ES","og_type":"article","og_title":"La MISERICORDIA como praxis de la vida y del apostolado del misionero (IV) - Somos Vicencianos","og_description":". No hay fronteras para una Compa\u00f1\u00eda misericordiosa. Uno de los episodios m\u00e1s significativos, desde el punto de vista de la incipiente Congregaci\u00f3n de la Misi\u00f3n, de lo que es la miseri\u00adcordia corno praxis, lo ... Read More","og_url":"https:\/\/vincentians.com\/es\/la-misericordia-como-praxis-de-la-vida-y-del-apostolado-del-misionero-iv\/","og_site_name":"Somos Vicencianos","article_publisher":"https:\/\/www.facebook.com\/WeAreVincentians\/","article_published_time":"2024-02-08T07:55:23+00:00","og_image":[{"width":848,"height":565,"url":"https:\/\/i0.wp.com\/vincentians.com\/es\/wp-content\/uploads\/sites\/11\/2023\/08\/aa.jpg?fit=848%2C565&ssl=1","type":"image\/jpeg"}],"author":"Mitxel Olabu\u00e9naga","twitter_card":"summary_large_image","twitter_creator":"@WeVincentians","twitter_site":"@WeVincentians","twitter_misc":{"Escrito por":"Mitxel Olabu\u00e9naga","Tiempo de lectura":"5 minutos"},"schema":{"@context":"https:\/\/schema.org","@graph":[{"@type":"Article","@id":"https:\/\/vincentians.com\/es\/la-misericordia-como-praxis-de-la-vida-y-del-apostolado-del-misionero-iv\/#article","isPartOf":{"@id":"https:\/\/vincentians.com\/es\/la-misericordia-como-praxis-de-la-vida-y-del-apostolado-del-misionero-iv\/"},"author":{"name":"Mitxel Olabu\u00e9naga","@id":"http:\/\/vincentians.com\/es\/#\/schema\/person\/7c2670b4445a7ca9d164ea6acdb31859"},"headline":"La MISERICORDIA como praxis de la vida y del apostolado del misionero (IV)","datePublished":"2024-02-08T07:55:23+00:00","mainEntityOfPage":{"@id":"https:\/\/vincentians.com\/es\/la-misericordia-como-praxis-de-la-vida-y-del-apostolado-del-misionero-iv\/"},"wordCount":1173,"commentCount":0,"publisher":{"@id":"http:\/\/vincentians.com\/es\/#organization"},"image":{"@id":"https:\/\/vincentians.com\/es\/la-misericordia-como-praxis-de-la-vida-y-del-apostolado-del-misionero-iv\/#primaryimage"},"thumbnailUrl":"https:\/\/i0.wp.com\/vincentians.com\/es\/wp-content\/uploads\/sites\/11\/2023\/08\/aa.jpg?fit=848%2C565&ssl=1","articleSection":["Espiritualidad","Espiritualidad vicenciana"],"inLanguage":"es","potentialAction":[{"@type":"CommentAction","name":"Comment","target":["https:\/\/vincentians.com\/es\/la-misericordia-como-praxis-de-la-vida-y-del-apostolado-del-misionero-iv\/#respond"]}]},{"@type":"WebPage","@id":"https:\/\/vincentians.com\/es\/la-misericordia-como-praxis-de-la-vida-y-del-apostolado-del-misionero-iv\/","url":"https:\/\/vincentians.com\/es\/la-misericordia-como-praxis-de-la-vida-y-del-apostolado-del-misionero-iv\/","name":"La MISERICORDIA como praxis de la vida y del apostolado del misionero (IV) - Somos Vicencianos","isPartOf":{"@id":"http:\/\/vincentians.com\/es\/#website"},"primaryImageOfPage":{"@id":"https:\/\/vincentians.com\/es\/la-misericordia-como-praxis-de-la-vida-y-del-apostolado-del-misionero-iv\/#primaryimage"},"image":{"@id":"https:\/\/vincentians.com\/es\/la-misericordia-como-praxis-de-la-vida-y-del-apostolado-del-misionero-iv\/#primaryimage"},"thumbnailUrl":"https:\/\/i0.wp.com\/vincentians.com\/es\/wp-content\/uploads\/sites\/11\/2023\/08\/aa.jpg?fit=848%2C565&ssl=1","datePublished":"2024-02-08T07:55:23+00:00","breadcrumb":{"@id":"https:\/\/vincentians.com\/es\/la-misericordia-como-praxis-de-la-vida-y-del-apostolado-del-misionero-iv\/#breadcrumb"},"inLanguage":"es","potentialAction":[{"@type":"ReadAction","target":["https:\/\/vincentians.com\/es\/la-misericordia-como-praxis-de-la-vida-y-del-apostolado-del-misionero-iv\/"]}]},{"@type":"ImageObject","inLanguage":"es","@id":"https:\/\/vincentians.com\/es\/la-misericordia-como-praxis-de-la-vida-y-del-apostolado-del-misionero-iv\/#primaryimage","url":"https:\/\/i0.wp.com\/vincentians.com\/es\/wp-content\/uploads\/sites\/11\/2023\/08\/aa.jpg?fit=848%2C565&ssl=1","contentUrl":"https:\/\/i0.wp.com\/vincentians.com\/es\/wp-content\/uploads\/sites\/11\/2023\/08\/aa.jpg?fit=848%2C565&ssl=1","width":848,"height":565},{"@type":"BreadcrumbList","@id":"https:\/\/vincentians.com\/es\/la-misericordia-como-praxis-de-la-vida-y-del-apostolado-del-misionero-iv\/#breadcrumb","itemListElement":[{"@type":"ListItem","position":1,"name":"Portada","item":"http:\/\/vincentians.com\/es\/"},{"@type":"ListItem","position":2,"name":"La MISERICORDIA como praxis de la vida y del apostolado del misionero (IV)"}]},{"@type":"WebSite","@id":"http:\/\/vincentians.com\/es\/#website","url":"http:\/\/vincentians.com\/es\/","name":"Somos Vicencianos","description":"Know more to serve more","publisher":{"@id":"http:\/\/vincentians.com\/es\/#organization"},"potentialAction":[{"@type":"SearchAction","target":{"@type":"EntryPoint","urlTemplate":"http:\/\/vincentians.com\/es\/?s={search_term_string}"},"query-input":{"@type":"PropertyValueSpecification","valueRequired":true,"valueName":"search_term_string"}}],"inLanguage":"es"},{"@type":"Organization","@id":"http:\/\/vincentians.com\/es\/#organization","name":"The Vincentian Network","url":"http:\/\/vincentians.com\/es\/","logo":{"@type":"ImageObject","inLanguage":"es","@id":"http:\/\/vincentians.com\/es\/#\/schema\/logo\/image\/","url":"https:\/\/i1.wp.com\/vincentians.com\/es\/wp-content\/uploads\/sites\/11\/2016\/06\/Vincentian-Network-logo-big.png?fit=778%2C778","contentUrl":"https:\/\/i1.wp.com\/vincentians.com\/es\/wp-content\/uploads\/sites\/11\/2016\/06\/Vincentian-Network-logo-big.png?fit=778%2C778","width":778,"height":778,"caption":"The Vincentian Network"},"image":{"@id":"http:\/\/vincentians.com\/es\/#\/schema\/logo\/image\/"},"sameAs":["https:\/\/www.facebook.com\/WeAreVincentians\/","https:\/\/x.com\/WeVincentians"]},{"@type":"Person","@id":"http:\/\/vincentians.com\/es\/#\/schema\/person\/7c2670b4445a7ca9d164ea6acdb31859","name":"Mitxel Olabu\u00e9naga","image":{"@type":"ImageObject","inLanguage":"es","@id":"http:\/\/vincentians.com\/es\/#\/schema\/person\/image\/","url":"https:\/\/secure.gravatar.com\/avatar\/34137ec2e2b8939cbbed975731e71f3f4f1defc7266ded337a5ce0f925426877?s=96&d=mm&r=g","contentUrl":"https:\/\/secure.gravatar.com\/avatar\/34137ec2e2b8939cbbed975731e71f3f4f1defc7266ded337a5ce0f925426877?s=96&d=mm&r=g","caption":"Mitxel Olabu\u00e9naga"},"url":"https:\/\/vincentians.com\/es\/author\/mitxel\/"}]}},"jetpack_publicize_connections":[],"jetpack_featured_media_url":"https:\/\/i0.wp.com\/vincentians.com\/es\/wp-content\/uploads\/sites\/11\/2023\/08\/aa.jpg?fit=848%2C565&ssl=1","jetpack_sharing_enabled":true,"jetpack_shortlink":"https:\/\/wp.me\/p7ETMF-1HnW","jetpack-related-posts":[{"id":129500,"url":"https:\/\/vincentians.com\/es\/san-vicente-de-paul-su-vida-su-tiempo-sus-obras-su-influencia-libro-8-capitulo-3-b\/","url_meta":{"origin":405104,"position":0},"title":"San Vicente de Pa\u00fal. Su vida, su tiempo; sus obras, su influencia. Libro 8, cap\u00edtulo 3 (b)","author":"Francisco Javier Fern\u00e1ndez Chento","date":"31\/01\/2015","format":false,"excerpt":"Cap\u00edtulo Tercero: Provincias Salvadas (cont.) III. Extensi\u00f3n de las caridades de Vicente. Tales fueron las caridades primeras ejercidas por San Vicente en Lorena. Costaron tan caras a su casa y a la bolsa de las Damas, que se vio tristemente reducido a esperar el final del a\u00f1o 1639 para extenderlas\u2026","rel":"","context":"En \u00abVicente de Pa\u00fal\u00bb","block_context":{"text":"Vicente de Pa\u00fal","link":"https:\/\/vincentians.com\/es\/category\/la-familia-vicenciana\/fundadores\/vicente-de-paul\/"},"img":{"alt_text":"","src":"","width":0,"height":0},"classes":[]},{"id":126045,"url":"https:\/\/vincentians.com\/es\/san-vicente-de-paul-siervo-de-los-pobres-14\/","url_meta":{"origin":405104,"position":1},"title":"San Vicente de Pa\u00fal, siervo de los pobres (14)","author":"Francisco Javier Fern\u00e1ndez Chento","date":"09\/12\/2013","format":false,"excerpt":"XIV: En la furia de la Fronda (1648-1653) De Pa\u00fal y Mazzarino Con un respiro universal de alivio, los pueblos supie\u00adron que, despu\u00e9s de decenios de carnicer\u00eda y de vanas gestiones, al fin se hab\u00eda hecho la paz. Fue la paz de West\u00adfolia, firmada el 24 de octubre de 1648,\u2026","rel":"","context":"En \u00abVicente de Pa\u00fal\u00bb","block_context":{"text":"Vicente de Pa\u00fal","link":"https:\/\/vincentians.com\/es\/category\/la-familia-vicenciana\/fundadores\/vicente-de-paul\/"},"img":{"alt_text":"","src":"","width":0,"height":0},"classes":[]},{"id":124199,"url":"https:\/\/vincentians.com\/es\/vicente-de-paul-espiritu-y-formacion\/","url_meta":{"origin":405104,"position":2},"title":"Vicente de Pa\u00fal: Esp\u00edritu y formaci\u00f3n","author":"Francisco Javier Fern\u00e1ndez Chento","date":"09\/03\/2023","format":false,"excerpt":"De todos los carismas del P. Vicente, el m\u00e1s importante era su capacidad de promover el crecimiento espiritual de los dem\u00e1s, de dirigirles y de aconsejarles usando su gran capacidad de escuchar atentamente. Adquiri\u00f3 la destreza en la direcci\u00f3n de esp\u00edritus por experiencia de su propia direcci\u00f3n, con gu\u00edas tales\u2026","rel":"","context":"En \u00abVicente de Pa\u00fal\u00bb","block_context":{"text":"Vicente de Pa\u00fal","link":"https:\/\/vincentians.com\/es\/category\/la-familia-vicenciana\/fundadores\/vicente-de-paul\/"},"img":{"alt_text":"","src":"https:\/\/i0.wp.com\/vincentians.com\/es\/wp-content\/uploads\/sites\/11\/2013\/04\/hijas-caridaqd.jpg?fit=1200%2C675&ssl=1&resize=350%2C200","width":350,"height":200,"srcset":"https:\/\/i0.wp.com\/vincentians.com\/es\/wp-content\/uploads\/sites\/11\/2013\/04\/hijas-caridaqd.jpg?fit=1200%2C675&ssl=1&resize=350%2C200 1x, https:\/\/i0.wp.com\/vincentians.com\/es\/wp-content\/uploads\/sites\/11\/2013\/04\/hijas-caridaqd.jpg?fit=1200%2C675&ssl=1&resize=525%2C300 1.5x, https:\/\/i0.wp.com\/vincentians.com\/es\/wp-content\/uploads\/sites\/11\/2013\/04\/hijas-caridaqd.jpg?fit=1200%2C675&ssl=1&resize=700%2C400 2x, https:\/\/i0.wp.com\/vincentians.com\/es\/wp-content\/uploads\/sites\/11\/2013\/04\/hijas-caridaqd.jpg?fit=1200%2C675&ssl=1&resize=1050%2C600 3x"},"classes":[]},{"id":126042,"url":"https:\/\/vincentians.com\/es\/san-vicente-de-paul-siervo-de-los-pobres-11\/","url_meta":{"origin":405104,"position":3},"title":"San Vicente de Pa\u00fal, siervo de los pobres (11)","author":"Francisco Javier Fern\u00e1ndez Chento","date":"06\/12\/2013","format":false,"excerpt":"XI: Revoluci\u00f3n social La guerra en Par\u00eds En la plenitud de su vigor espiritual e intelectual y con fuertes energ\u00edas todav\u00eda, a pesar de la fiebre y los achaques, con m\u00e1s de cincuenta a\u00f1os de edad, la obra de san. Vicente estaba ya completa en su estructura grandiosa, que a\u2026","rel":"","context":"En \u00abVicente de Pa\u00fal\u00bb","block_context":{"text":"Vicente de Pa\u00fal","link":"https:\/\/vincentians.com\/es\/category\/la-familia-vicenciana\/fundadores\/vicente-de-paul\/"},"img":{"alt_text":"","src":"","width":0,"height":0},"classes":[]},{"id":124197,"url":"https:\/\/vincentians.com\/es\/vicente-de-paul-el-fundador\/","url_meta":{"origin":405104,"position":4},"title":"Vicente de Pa\u00fal: El fundador","author":"Francisco Javier Fern\u00e1ndez Chento","date":"03\/03\/2023","format":false,"excerpt":"Por a\u00f1os, Vicente hab\u00eda compartido con sacerdotes y seglares su atenci\u00f3n a los pobres. Ahora empieza por reunir a estos compa\u00f1eros en una comunidad permanente. Es decir, como Jesucristo, o el ap\u00f3stol Pablo, empieza a juntar sacerdotes y ayudantes para que compartan no s\u00f3lo sus deberes sino tambi\u00e9n toda su\u2026","rel":"","context":"En \u00abVicente de Pa\u00fal\u00bb","block_context":{"text":"Vicente de Pa\u00fal","link":"https:\/\/vincentians.com\/es\/category\/la-familia-vicenciana\/fundadores\/vicente-de-paul\/"},"img":{"alt_text":"","src":"https:\/\/i0.wp.com\/vincentians.com\/es\/wp-content\/uploads\/sites\/11\/2013\/04\/d.jpg?fit=1200%2C799&ssl=1&resize=350%2C200","width":350,"height":200,"srcset":"https:\/\/i0.wp.com\/vincentians.com\/es\/wp-content\/uploads\/sites\/11\/2013\/04\/d.jpg?fit=1200%2C799&ssl=1&resize=350%2C200 1x, https:\/\/i0.wp.com\/vincentians.com\/es\/wp-content\/uploads\/sites\/11\/2013\/04\/d.jpg?fit=1200%2C799&ssl=1&resize=525%2C300 1.5x, https:\/\/i0.wp.com\/vincentians.com\/es\/wp-content\/uploads\/sites\/11\/2013\/04\/d.jpg?fit=1200%2C799&ssl=1&resize=700%2C400 2x, https:\/\/i0.wp.com\/vincentians.com\/es\/wp-content\/uploads\/sites\/11\/2013\/04\/d.jpg?fit=1200%2C799&ssl=1&resize=1050%2C600 3x"},"classes":[]},{"id":196925,"url":"https:\/\/vincentians.com\/es\/inmigrantes\/","url_meta":{"origin":405104,"position":5},"title":"Inmigrantes","author":"Francisco Javier Fern\u00e1ndez Chento","date":"02\/07\/2015","format":false,"excerpt":"Reconciliarnos con los inmigrantes Uno de los problemas acuciantes de los tiempos modernos son las migraciones de personas a pa\u00edses m\u00e1s pr\u00f3speros para mejorar su situaci\u00f3n social y no en plan de turistas o de p\u00edcaros, que de todo hay. Buscando las causas de las migraciones modernas, se encuentran muchas,\u2026","rel":"","context":"En \u00abFormaci\u00f3n Vicenciana\u00bb","block_context":{"text":"Formaci\u00f3n Vicenciana","link":"https:\/\/vincentians.com\/es\/category\/formacion-vicenciana\/"},"img":{"alt_text":"inmigracion","src":"https:\/\/i0.wp.com\/vicencianos.org\/wp-content\/2015\/07\/inmigracion-300x225.jpg?resize=350%2C200","width":350,"height":200},"classes":[]}],"_links":{"self":[{"href":"https:\/\/vincentians.com\/es\/wp-json\/wp\/v2\/posts\/405104","targetHints":{"allow":["GET"]}}],"collection":[{"href":"https:\/\/vincentians.com\/es\/wp-json\/wp\/v2\/posts"}],"about":[{"href":"https:\/\/vincentians.com\/es\/wp-json\/wp\/v2\/types\/post"}],"author":[{"embeddable":true,"href":"https:\/\/vincentians.com\/es\/wp-json\/wp\/v2\/users\/5"}],"replies":[{"embeddable":true,"href":"https:\/\/vincentians.com\/es\/wp-json\/wp\/v2\/comments?post=405104"}],"version-history":[{"count":1,"href":"https:\/\/vincentians.com\/es\/wp-json\/wp\/v2\/posts\/405104\/revisions"}],"predecessor-version":[{"id":405105,"href":"https:\/\/vincentians.com\/es\/wp-json\/wp\/v2\/posts\/405104\/revisions\/405105"}],"wp:featuredmedia":[{"embeddable":true,"href":"https:\/\/vincentians.com\/es\/wp-json\/wp\/v2\/media\/405098"}],"wp:attachment":[{"href":"https:\/\/vincentians.com\/es\/wp-json\/wp\/v2\/media?parent=405104"}],"wp:term":[{"taxonomy":"category","embeddable":true,"href":"https:\/\/vincentians.com\/es\/wp-json\/wp\/v2\/categories?post=405104"},{"taxonomy":"post_tag","embeddable":true,"href":"https:\/\/vincentians.com\/es\/wp-json\/wp\/v2\/tags?post=405104"}],"curies":[{"name":"wp","href":"https:\/\/api.w.org\/{rel}","templated":true}]}}