{"id":405102,"date":"2024-02-06T08:54:08","date_gmt":"2024-02-06T07:54:08","guid":{"rendered":"http:\/\/vincentians.com\/es\/?p=405102"},"modified":"2023-08-13T19:55:17","modified_gmt":"2023-08-13T17:55:17","slug":"la-misericordia-como-praxis-de-la-vida-y-del-apostolado-del-misionero-iii","status":"publish","type":"post","link":"https:\/\/vincentians.com\/es\/la-misericordia-como-praxis-de-la-vida-y-del-apostolado-del-misionero-iii\/","title":{"rendered":"La MISERICORDIA como praxis de la vida y del apostolado del misionero (III)"},"content":{"rendered":"<ol start=\"2\">\n<li>LA MISERICORDIA COMO PRAXIS EN LA CONGREGACI\u00d3N DE LA MISI\u00d3N:<\/li>\n<\/ol>\n<p>Hemos visto solo dos ejemplos pero son suficientes para com\u00adprender que, en san Vicente, la misericordia era una conmoci\u00f3n interior de tales dimensiones que lo llevaba inmediatamente a la acci\u00f3n. Ahora nos preguntamos si la Congregaci\u00f3n de la Misi\u00f3n de la \u00e9poca ten\u00eda este mismo sentido de la misericordia.<\/p>\n<p>2.1. <em>La misericordia en los or\u00edgenes de la Peque\u00f1a Compa\u00f1\u00eda:<\/em><\/p>\n<p>La Congregaci\u00f3n de la Misi\u00f3n fue fundada el 17 de abril de 1625, sea que se atienda al contrato firmado entre Vicente de Pa\u00fal y los Gondi, o sea que se considere lo que dicen las Constituciones de la C. M. en la introducci\u00f3n de las p\u00e1ginas 21\u201431, cuando dicen: \u00abEn efecto, los primeros compa\u00f1eros que en torno a s\u00ed hab\u00eda reunido por contrato acordado el 17 de abril de 1625, para atender con ellos a la evangelizaci\u00f3n de los campesinos&#8230;\u00bb<\/p>\n<p>Sin embargo, hay que considerar lo que dice Abelly cuando presenta a san Vicente se\u00f1alando el d\u00eda 25 de enero de 1617 como el d\u00eda de la Fundaci\u00f3n de la Congregaci\u00f3n con razones convincen\u00adtes:<\/p>\n<p><em>\u00abEsta misi\u00f3n del lugar de Folleville fue la primera que dio el Sr. Vicente, y siempre ha sido considerada como la semilla de las que se llevaron a cabo hasta su muerte. Todos los a\u00f1os ese mismo d\u00eda 25 de enero daba gracias a Dios efusivamente, y recomendaba a los suyos que hicieran lo mismo, como muestra de agradecimiento por las consecuencias llenas de bendiciones, que plugo a Dios conceder en su infinita bondad a la primera predicaci\u00f3n. Por ello hab\u00eda querido que el de la Conversi\u00f3n de san Pablo fuera el de la concepci\u00f3n de la Congregaci\u00f3n de la Misi\u00f3n, aunque todav\u00eda, ni ocho a\u00f1os m\u00e1s tarde, hubiera pensado en absoluto que el granito de mostaza iba a crecer y multiplicarse tanto y menos a\u00fan que iba a servir de fundamento a una Compa\u00f1\u00eda en la Iglesia, como sucedi\u00f3 m\u00e1s tarde. Esa es raz\u00f3n por la que los misioneros de su Congregaci\u00f3n celebran, con mucha devoci\u00f3n, el d\u00eda de la Conversi\u00f3n del Santo Ap\u00f3stol, en memoria de que este nuevo Pablo, Padre Fundador de ellos, comenz\u00f3 con toda felicidad ese d\u00eda su primera misi\u00f3n, seguida de tantas otras que han logrado la conversi\u00f3n de un n\u00famero tan grande de almas, y contribuido tan ventajosamente al crecimiento del Reino de Jesucristo\u00bb.<\/em><\/p>\n<p>A la hora de examinar el Serm\u00f3n de Folleville en relaci\u00f3n con la misericordia, debemos recordar que un coraz\u00f3n conmovido debe moverse hacia la misericordia como praxis. Y en los antecedentes del Serm\u00f3n de Folleville nos encontramos una verdadera conmoci\u00f3n que movi\u00f3 a san Vicente a hablar e hizo posible, con el andar del tiempo, la Congregaci\u00f3n de la Misi\u00f3n. Ya sabemos que lo que motiv\u00f3 la conmoci\u00f3n de la Se\u00f1ora de Gondi comenz\u00f3 por la confesi\u00f3n general del campesino de Gannes.<\/p>\n<p>Gannes es un pueblo situado a una jornada de camino de Folleville (16 Kms) En el interior de su Iglesia hay una placa que nos interesa para el hecho que estamos comentando, que dice que la confesi\u00f3n del campesino tuvo lugar en la segunda mitad del mes diciembre de 1616. Lo que hace suponer que la Se\u00f1ora de Gondi estaba visitando Gannes, caminando hacia Folleville donde ten\u00eda su Castillo. No hay que pensar que el camino de 16 Kms., se hac\u00eda en un d\u00eda: la Se\u00f1ora de Gondi visitaba sus tierras como patrona y eso retardaba el viaje, sobre todo teniendo en cuenta que hay varios pueblos entre Gannes y<sup>&#8211;<\/sup> Folleville. En Gannes, la Se\u00f1ora de Gondi se conmovi\u00f3 por la manifestaci\u00f3n del campesino que asegur\u00f3 que se hubiera condenado si no se hubiera confesado con Vicente de Pa\u00fal. Seguro que fue pensando en este suceso durante todos los d\u00edas que duraron sus visitas a los pueblos.<\/p>\n<p>Lo primero y principal es la conmoci\u00f3n. La Se\u00f1ora de Gondi est\u00e1 pensando en su responsabilidad de patrona, y en que tiene que dar cuenta a Dios de la vida corporal y espiritual de sus vasallos. Y exclama desde lo hondo del coraz\u00f3n:<\/p>\n<p><em>\u00ab\u00a1Ah, se\u00f1or! \u00bfQu\u00e9 es esto? \u00bfQu\u00e9 es lo que acabamos de o\u00edr? Eso mismo les pasa a la mayor parte de esta pobre gente. Si este hombre, que pasaba por un hombre de bien estaba en estado de condenaci\u00f3n, \u00bfqu\u00e9 no ocurrir\u00e1 con los dem\u00e1s que viven tan mal? \u00a1Ay Si: Vicente! \u00a1Cu\u00e1ntas almas se pierden! \u00bfC\u00f3mo podr\u00edamos remediar esto?\u00bb.<\/em><\/p>\n<p>La Se\u00f1ora de Gondi se llamaba de soltera Francoise Marguerite de Silly Lannoy; era hija de Antoine de Silly, gobernador de Angers, y de Mar\u00eda de Lannoy, dama de Folleville. Los Lannoy eran una familia larga y poderosa, situados a ambos lados de la frontera entre Francia y Flandes. Margarita de Gondi hab\u00eda heredado de su Madre las tierras de Folleville y de su Padre las tierras de Montmirail. Eran tiempos en los que la Reforma Protestante divid\u00eda las familias, y, en el caso de ser noble, el Rey pod\u00eda quitarles las tierras a los que abju\u00adraban del catolicismo. Francoise Marguerite fue educada cuidadosa\u00admente por los jesuitas de Amiens, y era especialmente cuidadosa en la confesi\u00f3n. Cuando le dice a Vicente que hable en Folleville, lo hace movida por esa conmoci\u00f3n, que remueve tambi\u00e9n al mismo Vicente:<\/p>\n<p><em>\u00abEra el mes de enero de 1617 cuando sucedi\u00f3 esto. Y el d\u00eda<\/em> <em>de la Conversi\u00f3n de san Pablo, que es el 25, esta Se\u00f1ora me pidi\u00f3 dijo el Sr. Vicente que tuviera un serm\u00f3n en la iglesia de Folleville para exhortar a sus habitantes a la confesi\u00f3n general, y luego les ense\u00f1\u00e9 la manera de hacerlo debidamen\u00adte. Y Dios tuvo tanto aprecio de la confianza y de la buena te de aquella Se\u00f1ora (pues el gran n\u00famero y la enormidad de mis pecados hubieran impedido el fruto de aquella acci\u00f3n) que bendijo mis palabras y todas aquellas gentes se vieron tan tocadas de Dios que acudieron a hacer su confesi\u00f3n general\u00bb.<\/em><\/p>\n<p>Por lo que no cabe duda que nuestros or\u00edgenes como Compa\u00f1\u00eda comienzan en una conmoci\u00f3n misericordiosa. En este sentido, el P. Rom\u00e1n se pregunta, \u00ab\u00bfQui\u00e9n tuvo la primera idea de convertir la labor personal de Vicente en cometido de una nueva comunidad? Vicente dijo y repiti\u00f3 con machaconer\u00eda que la se\u00f1ora de Gondi. Al d\u00eda siguiente de la confesi\u00f3n del campesino de Gannes, ella fue quien impuls\u00f3 a Vicente a predicar en Folleville el primer serm\u00f3n de misi\u00f3n. Ella fue quien, en vista de las aterradoras necesidades puestas al descubierto por aquella primera predicaci\u00f3n y de su pro\u00adpia experiencia juvenil con el confesor que no sab\u00eda la f\u00f3rmula de la absoluci\u00f3n, decidi\u00f3 extender a sus dominios y a los de su marido los beneficios de las misiones&#8230;\u00bb<\/p>\n<p>Juan Juli\u00e1n D\u00edaz Catal\u00e1n, C. M.<\/p>\n<p>CEME 2015<\/p>\n","protected":false},"excerpt":{"rendered":"<p>LA MISERICORDIA COMO PRAXIS EN LA CONGREGACI\u00d3N DE LA MISI\u00d3N: Hemos visto solo dos ejemplos pero son suficientes para com\u00adprender que, en san Vicente, la misericordia era una conmoci\u00f3n interior de tales dimensiones que lo &#8230; <a href=\"https:\/\/vincentians.com\/es\/la-misericordia-como-praxis-de-la-vida-y-del-apostolado-del-misionero-iii\/\" class=\"more-link\">Read More<\/a><\/p>\n","protected":false},"author":5,"featured_media":405098,"comment_status":"open","ping_status":"open","sticky":false,"template":"","format":"standard","meta":{"jetpack_post_was_ever_published":false,"_jetpack_newsletter_access":"","_jetpack_dont_email_post_to_subs":false,"_jetpack_newsletter_tier_id":0,"_jetpack_memberships_contains_paywalled_content":false,"_jetpack_memberships_contains_paid_content":false,"footnotes":"","jetpack_publicize_message":"","jetpack_publicize_feature_enabled":true,"jetpack_social_post_already_shared":true,"jetpack_social_options":{"image_generator_settings":{"template":"highway","default_image_id":0,"font":"","enabled":false},"version":2}},"categories":[374,226],"tags":[],"class_list":["post-405102","post","type-post","status-publish","format-standard","has-post-thumbnail","hentry","category-espiritualidad","category-espiritualidad-vicenciana"],"yoast_head":"<!-- This site is optimized with the Yoast SEO plugin v26.3 - https:\/\/yoast.com\/wordpress\/plugins\/seo\/ -->\n<title>La MISERICORDIA como praxis de la vida y del apostolado del misionero (III) - Somos Vicencianos<\/title>\n<meta name=\"robots\" content=\"index, follow, max-snippet:-1, max-image-preview:large, max-video-preview:-1\" \/>\n<link rel=\"canonical\" href=\"https:\/\/vincentians.com\/es\/la-misericordia-como-praxis-de-la-vida-y-del-apostolado-del-misionero-iii\/\" \/>\n<meta property=\"og:locale\" content=\"es_ES\" \/>\n<meta property=\"og:type\" content=\"article\" \/>\n<meta property=\"og:title\" content=\"La MISERICORDIA como praxis de la vida y del apostolado del misionero (III) - Somos Vicencianos\" \/>\n<meta property=\"og:description\" content=\"LA MISERICORDIA COMO PRAXIS EN LA CONGREGACI\u00d3N DE LA MISI\u00d3N: Hemos visto solo dos ejemplos pero son suficientes para com\u00adprender que, en san Vicente, la misericordia era una conmoci\u00f3n interior de tales dimensiones que lo ... Read More\" \/>\n<meta property=\"og:url\" content=\"https:\/\/vincentians.com\/es\/la-misericordia-como-praxis-de-la-vida-y-del-apostolado-del-misionero-iii\/\" \/>\n<meta property=\"og:site_name\" content=\"Somos Vicencianos\" \/>\n<meta property=\"article:publisher\" content=\"https:\/\/www.facebook.com\/WeAreVincentians\/\" \/>\n<meta property=\"article:published_time\" content=\"2024-02-06T07:54:08+00:00\" \/>\n<meta property=\"og:image\" content=\"https:\/\/i0.wp.com\/vincentians.com\/es\/wp-content\/uploads\/sites\/11\/2023\/08\/aa.jpg?fit=848%2C565&ssl=1\" \/>\n\t<meta property=\"og:image:width\" content=\"848\" \/>\n\t<meta property=\"og:image:height\" content=\"565\" \/>\n\t<meta property=\"og:image:type\" content=\"image\/jpeg\" \/>\n<meta name=\"author\" content=\"Mitxel Olabu\u00e9naga\" \/>\n<meta name=\"twitter:card\" content=\"summary_large_image\" \/>\n<meta name=\"twitter:creator\" content=\"@WeVincentians\" \/>\n<meta name=\"twitter:site\" content=\"@WeVincentians\" \/>\n<meta name=\"twitter:label1\" content=\"Escrito por\" \/>\n\t<meta name=\"twitter:data1\" content=\"Mitxel Olabu\u00e9naga\" \/>\n\t<meta name=\"twitter:label2\" content=\"Tiempo de lectura\" \/>\n\t<meta name=\"twitter:data2\" content=\"6 minutos\" \/>\n<script type=\"application\/ld+json\" class=\"yoast-schema-graph\">{\"@context\":\"https:\/\/schema.org\",\"@graph\":[{\"@type\":\"Article\",\"@id\":\"https:\/\/vincentians.com\/es\/la-misericordia-como-praxis-de-la-vida-y-del-apostolado-del-misionero-iii\/#article\",\"isPartOf\":{\"@id\":\"https:\/\/vincentians.com\/es\/la-misericordia-como-praxis-de-la-vida-y-del-apostolado-del-misionero-iii\/\"},\"author\":{\"name\":\"Mitxel Olabu\u00e9naga\",\"@id\":\"http:\/\/vincentians.com\/es\/#\/schema\/person\/7c2670b4445a7ca9d164ea6acdb31859\"},\"headline\":\"La MISERICORDIA como praxis de la vida y del apostolado del misionero (III)\",\"datePublished\":\"2024-02-06T07:54:08+00:00\",\"mainEntityOfPage\":{\"@id\":\"https:\/\/vincentians.com\/es\/la-misericordia-como-praxis-de-la-vida-y-del-apostolado-del-misionero-iii\/\"},\"wordCount\":1238,\"commentCount\":0,\"publisher\":{\"@id\":\"http:\/\/vincentians.com\/es\/#organization\"},\"image\":{\"@id\":\"https:\/\/vincentians.com\/es\/la-misericordia-como-praxis-de-la-vida-y-del-apostolado-del-misionero-iii\/#primaryimage\"},\"thumbnailUrl\":\"https:\/\/i0.wp.com\/vincentians.com\/es\/wp-content\/uploads\/sites\/11\/2023\/08\/aa.jpg?fit=848%2C565&ssl=1\",\"articleSection\":[\"Espiritualidad\",\"Espiritualidad vicenciana\"],\"inLanguage\":\"es\",\"potentialAction\":[{\"@type\":\"CommentAction\",\"name\":\"Comment\",\"target\":[\"https:\/\/vincentians.com\/es\/la-misericordia-como-praxis-de-la-vida-y-del-apostolado-del-misionero-iii\/#respond\"]}]},{\"@type\":\"WebPage\",\"@id\":\"https:\/\/vincentians.com\/es\/la-misericordia-como-praxis-de-la-vida-y-del-apostolado-del-misionero-iii\/\",\"url\":\"https:\/\/vincentians.com\/es\/la-misericordia-como-praxis-de-la-vida-y-del-apostolado-del-misionero-iii\/\",\"name\":\"La MISERICORDIA como praxis de la vida y del apostolado del misionero (III) - Somos Vicencianos\",\"isPartOf\":{\"@id\":\"http:\/\/vincentians.com\/es\/#website\"},\"primaryImageOfPage\":{\"@id\":\"https:\/\/vincentians.com\/es\/la-misericordia-como-praxis-de-la-vida-y-del-apostolado-del-misionero-iii\/#primaryimage\"},\"image\":{\"@id\":\"https:\/\/vincentians.com\/es\/la-misericordia-como-praxis-de-la-vida-y-del-apostolado-del-misionero-iii\/#primaryimage\"},\"thumbnailUrl\":\"https:\/\/i0.wp.com\/vincentians.com\/es\/wp-content\/uploads\/sites\/11\/2023\/08\/aa.jpg?fit=848%2C565&ssl=1\",\"datePublished\":\"2024-02-06T07:54:08+00:00\",\"breadcrumb\":{\"@id\":\"https:\/\/vincentians.com\/es\/la-misericordia-como-praxis-de-la-vida-y-del-apostolado-del-misionero-iii\/#breadcrumb\"},\"inLanguage\":\"es\",\"potentialAction\":[{\"@type\":\"ReadAction\",\"target\":[\"https:\/\/vincentians.com\/es\/la-misericordia-como-praxis-de-la-vida-y-del-apostolado-del-misionero-iii\/\"]}]},{\"@type\":\"ImageObject\",\"inLanguage\":\"es\",\"@id\":\"https:\/\/vincentians.com\/es\/la-misericordia-como-praxis-de-la-vida-y-del-apostolado-del-misionero-iii\/#primaryimage\",\"url\":\"https:\/\/i0.wp.com\/vincentians.com\/es\/wp-content\/uploads\/sites\/11\/2023\/08\/aa.jpg?fit=848%2C565&ssl=1\",\"contentUrl\":\"https:\/\/i0.wp.com\/vincentians.com\/es\/wp-content\/uploads\/sites\/11\/2023\/08\/aa.jpg?fit=848%2C565&ssl=1\",\"width\":848,\"height\":565},{\"@type\":\"BreadcrumbList\",\"@id\":\"https:\/\/vincentians.com\/es\/la-misericordia-como-praxis-de-la-vida-y-del-apostolado-del-misionero-iii\/#breadcrumb\",\"itemListElement\":[{\"@type\":\"ListItem\",\"position\":1,\"name\":\"Portada\",\"item\":\"http:\/\/vincentians.com\/es\/\"},{\"@type\":\"ListItem\",\"position\":2,\"name\":\"La MISERICORDIA como praxis de la vida y del apostolado del misionero (III)\"}]},{\"@type\":\"WebSite\",\"@id\":\"http:\/\/vincentians.com\/es\/#website\",\"url\":\"http:\/\/vincentians.com\/es\/\",\"name\":\"Somos Vicencianos\",\"description\":\"Know more to serve more\",\"publisher\":{\"@id\":\"http:\/\/vincentians.com\/es\/#organization\"},\"potentialAction\":[{\"@type\":\"SearchAction\",\"target\":{\"@type\":\"EntryPoint\",\"urlTemplate\":\"http:\/\/vincentians.com\/es\/?s={search_term_string}\"},\"query-input\":{\"@type\":\"PropertyValueSpecification\",\"valueRequired\":true,\"valueName\":\"search_term_string\"}}],\"inLanguage\":\"es\"},{\"@type\":\"Organization\",\"@id\":\"http:\/\/vincentians.com\/es\/#organization\",\"name\":\"The Vincentian Network\",\"url\":\"http:\/\/vincentians.com\/es\/\",\"logo\":{\"@type\":\"ImageObject\",\"inLanguage\":\"es\",\"@id\":\"http:\/\/vincentians.com\/es\/#\/schema\/logo\/image\/\",\"url\":\"https:\/\/i1.wp.com\/vincentians.com\/es\/wp-content\/uploads\/sites\/11\/2016\/06\/Vincentian-Network-logo-big.png?fit=778%2C778\",\"contentUrl\":\"https:\/\/i1.wp.com\/vincentians.com\/es\/wp-content\/uploads\/sites\/11\/2016\/06\/Vincentian-Network-logo-big.png?fit=778%2C778\",\"width\":778,\"height\":778,\"caption\":\"The Vincentian Network\"},\"image\":{\"@id\":\"http:\/\/vincentians.com\/es\/#\/schema\/logo\/image\/\"},\"sameAs\":[\"https:\/\/www.facebook.com\/WeAreVincentians\/\",\"https:\/\/x.com\/WeVincentians\"]},{\"@type\":\"Person\",\"@id\":\"http:\/\/vincentians.com\/es\/#\/schema\/person\/7c2670b4445a7ca9d164ea6acdb31859\",\"name\":\"Mitxel Olabu\u00e9naga\",\"image\":{\"@type\":\"ImageObject\",\"inLanguage\":\"es\",\"@id\":\"http:\/\/vincentians.com\/es\/#\/schema\/person\/image\/\",\"url\":\"https:\/\/secure.gravatar.com\/avatar\/34137ec2e2b8939cbbed975731e71f3f4f1defc7266ded337a5ce0f925426877?s=96&d=mm&r=g\",\"contentUrl\":\"https:\/\/secure.gravatar.com\/avatar\/34137ec2e2b8939cbbed975731e71f3f4f1defc7266ded337a5ce0f925426877?s=96&d=mm&r=g\",\"caption\":\"Mitxel Olabu\u00e9naga\"},\"url\":\"https:\/\/vincentians.com\/es\/author\/mitxel\/\"}]}<\/script>\n<!-- \/ Yoast SEO plugin. -->","yoast_head_json":{"title":"La MISERICORDIA como praxis de la vida y del apostolado del misionero (III) - Somos Vicencianos","robots":{"index":"index","follow":"follow","max-snippet":"max-snippet:-1","max-image-preview":"max-image-preview:large","max-video-preview":"max-video-preview:-1"},"canonical":"https:\/\/vincentians.com\/es\/la-misericordia-como-praxis-de-la-vida-y-del-apostolado-del-misionero-iii\/","og_locale":"es_ES","og_type":"article","og_title":"La MISERICORDIA como praxis de la vida y del apostolado del misionero (III) - Somos Vicencianos","og_description":"LA MISERICORDIA COMO PRAXIS EN LA CONGREGACI\u00d3N DE LA MISI\u00d3N: Hemos visto solo dos ejemplos pero son suficientes para com\u00adprender que, en san Vicente, la misericordia era una conmoci\u00f3n interior de tales dimensiones que lo ... Read More","og_url":"https:\/\/vincentians.com\/es\/la-misericordia-como-praxis-de-la-vida-y-del-apostolado-del-misionero-iii\/","og_site_name":"Somos Vicencianos","article_publisher":"https:\/\/www.facebook.com\/WeAreVincentians\/","article_published_time":"2024-02-06T07:54:08+00:00","og_image":[{"width":848,"height":565,"url":"https:\/\/i0.wp.com\/vincentians.com\/es\/wp-content\/uploads\/sites\/11\/2023\/08\/aa.jpg?fit=848%2C565&ssl=1","type":"image\/jpeg"}],"author":"Mitxel Olabu\u00e9naga","twitter_card":"summary_large_image","twitter_creator":"@WeVincentians","twitter_site":"@WeVincentians","twitter_misc":{"Escrito por":"Mitxel Olabu\u00e9naga","Tiempo de lectura":"6 minutos"},"schema":{"@context":"https:\/\/schema.org","@graph":[{"@type":"Article","@id":"https:\/\/vincentians.com\/es\/la-misericordia-como-praxis-de-la-vida-y-del-apostolado-del-misionero-iii\/#article","isPartOf":{"@id":"https:\/\/vincentians.com\/es\/la-misericordia-como-praxis-de-la-vida-y-del-apostolado-del-misionero-iii\/"},"author":{"name":"Mitxel Olabu\u00e9naga","@id":"http:\/\/vincentians.com\/es\/#\/schema\/person\/7c2670b4445a7ca9d164ea6acdb31859"},"headline":"La MISERICORDIA como praxis de la vida y del apostolado del misionero (III)","datePublished":"2024-02-06T07:54:08+00:00","mainEntityOfPage":{"@id":"https:\/\/vincentians.com\/es\/la-misericordia-como-praxis-de-la-vida-y-del-apostolado-del-misionero-iii\/"},"wordCount":1238,"commentCount":0,"publisher":{"@id":"http:\/\/vincentians.com\/es\/#organization"},"image":{"@id":"https:\/\/vincentians.com\/es\/la-misericordia-como-praxis-de-la-vida-y-del-apostolado-del-misionero-iii\/#primaryimage"},"thumbnailUrl":"https:\/\/i0.wp.com\/vincentians.com\/es\/wp-content\/uploads\/sites\/11\/2023\/08\/aa.jpg?fit=848%2C565&ssl=1","articleSection":["Espiritualidad","Espiritualidad vicenciana"],"inLanguage":"es","potentialAction":[{"@type":"CommentAction","name":"Comment","target":["https:\/\/vincentians.com\/es\/la-misericordia-como-praxis-de-la-vida-y-del-apostolado-del-misionero-iii\/#respond"]}]},{"@type":"WebPage","@id":"https:\/\/vincentians.com\/es\/la-misericordia-como-praxis-de-la-vida-y-del-apostolado-del-misionero-iii\/","url":"https:\/\/vincentians.com\/es\/la-misericordia-como-praxis-de-la-vida-y-del-apostolado-del-misionero-iii\/","name":"La MISERICORDIA como praxis de la vida y del apostolado del misionero (III) - Somos Vicencianos","isPartOf":{"@id":"http:\/\/vincentians.com\/es\/#website"},"primaryImageOfPage":{"@id":"https:\/\/vincentians.com\/es\/la-misericordia-como-praxis-de-la-vida-y-del-apostolado-del-misionero-iii\/#primaryimage"},"image":{"@id":"https:\/\/vincentians.com\/es\/la-misericordia-como-praxis-de-la-vida-y-del-apostolado-del-misionero-iii\/#primaryimage"},"thumbnailUrl":"https:\/\/i0.wp.com\/vincentians.com\/es\/wp-content\/uploads\/sites\/11\/2023\/08\/aa.jpg?fit=848%2C565&ssl=1","datePublished":"2024-02-06T07:54:08+00:00","breadcrumb":{"@id":"https:\/\/vincentians.com\/es\/la-misericordia-como-praxis-de-la-vida-y-del-apostolado-del-misionero-iii\/#breadcrumb"},"inLanguage":"es","potentialAction":[{"@type":"ReadAction","target":["https:\/\/vincentians.com\/es\/la-misericordia-como-praxis-de-la-vida-y-del-apostolado-del-misionero-iii\/"]}]},{"@type":"ImageObject","inLanguage":"es","@id":"https:\/\/vincentians.com\/es\/la-misericordia-como-praxis-de-la-vida-y-del-apostolado-del-misionero-iii\/#primaryimage","url":"https:\/\/i0.wp.com\/vincentians.com\/es\/wp-content\/uploads\/sites\/11\/2023\/08\/aa.jpg?fit=848%2C565&ssl=1","contentUrl":"https:\/\/i0.wp.com\/vincentians.com\/es\/wp-content\/uploads\/sites\/11\/2023\/08\/aa.jpg?fit=848%2C565&ssl=1","width":848,"height":565},{"@type":"BreadcrumbList","@id":"https:\/\/vincentians.com\/es\/la-misericordia-como-praxis-de-la-vida-y-del-apostolado-del-misionero-iii\/#breadcrumb","itemListElement":[{"@type":"ListItem","position":1,"name":"Portada","item":"http:\/\/vincentians.com\/es\/"},{"@type":"ListItem","position":2,"name":"La MISERICORDIA como praxis de la vida y del apostolado del misionero (III)"}]},{"@type":"WebSite","@id":"http:\/\/vincentians.com\/es\/#website","url":"http:\/\/vincentians.com\/es\/","name":"Somos Vicencianos","description":"Know more to serve more","publisher":{"@id":"http:\/\/vincentians.com\/es\/#organization"},"potentialAction":[{"@type":"SearchAction","target":{"@type":"EntryPoint","urlTemplate":"http:\/\/vincentians.com\/es\/?s={search_term_string}"},"query-input":{"@type":"PropertyValueSpecification","valueRequired":true,"valueName":"search_term_string"}}],"inLanguage":"es"},{"@type":"Organization","@id":"http:\/\/vincentians.com\/es\/#organization","name":"The Vincentian Network","url":"http:\/\/vincentians.com\/es\/","logo":{"@type":"ImageObject","inLanguage":"es","@id":"http:\/\/vincentians.com\/es\/#\/schema\/logo\/image\/","url":"https:\/\/i1.wp.com\/vincentians.com\/es\/wp-content\/uploads\/sites\/11\/2016\/06\/Vincentian-Network-logo-big.png?fit=778%2C778","contentUrl":"https:\/\/i1.wp.com\/vincentians.com\/es\/wp-content\/uploads\/sites\/11\/2016\/06\/Vincentian-Network-logo-big.png?fit=778%2C778","width":778,"height":778,"caption":"The Vincentian Network"},"image":{"@id":"http:\/\/vincentians.com\/es\/#\/schema\/logo\/image\/"},"sameAs":["https:\/\/www.facebook.com\/WeAreVincentians\/","https:\/\/x.com\/WeVincentians"]},{"@type":"Person","@id":"http:\/\/vincentians.com\/es\/#\/schema\/person\/7c2670b4445a7ca9d164ea6acdb31859","name":"Mitxel Olabu\u00e9naga","image":{"@type":"ImageObject","inLanguage":"es","@id":"http:\/\/vincentians.com\/es\/#\/schema\/person\/image\/","url":"https:\/\/secure.gravatar.com\/avatar\/34137ec2e2b8939cbbed975731e71f3f4f1defc7266ded337a5ce0f925426877?s=96&d=mm&r=g","contentUrl":"https:\/\/secure.gravatar.com\/avatar\/34137ec2e2b8939cbbed975731e71f3f4f1defc7266ded337a5ce0f925426877?s=96&d=mm&r=g","caption":"Mitxel Olabu\u00e9naga"},"url":"https:\/\/vincentians.com\/es\/author\/mitxel\/"}]}},"jetpack_publicize_connections":[],"jetpack_featured_media_url":"https:\/\/i0.wp.com\/vincentians.com\/es\/wp-content\/uploads\/sites\/11\/2023\/08\/aa.jpg?fit=848%2C565&ssl=1","jetpack_sharing_enabled":true,"jetpack_shortlink":"https:\/\/wp.me\/p7ETMF-1HnU","jetpack-related-posts":[{"id":405104,"url":"https:\/\/vincentians.com\/es\/la-misericordia-como-praxis-de-la-vida-y-del-apostolado-del-misionero-iv\/","url_meta":{"origin":405102,"position":0},"title":"La MISERICORDIA como praxis de la vida y del apostolado del misionero (IV)","author":"Mitxel Olabu\u00e9naga","date":"08\/02\/2024","format":false,"excerpt":". No hay fronteras para una Compa\u00f1\u00eda misericordiosa. Uno de los episodios m\u00e1s significativos, desde el punto de vista de la incipiente Congregaci\u00f3n de la Misi\u00f3n, de lo que es la miseri\u00adcordia corno praxis, lo tenemos en la ayuda que san Vicente y los Misioneros prestaron a la Lorena y\u2026","rel":"","context":"En \u00abEspiritualidad\u00bb","block_context":{"text":"Espiritualidad","link":"https:\/\/vincentians.com\/es\/category\/espiritualidad\/"},"img":{"alt_text":"","src":"https:\/\/i0.wp.com\/vincentians.com\/es\/wp-content\/uploads\/sites\/11\/2023\/08\/aa.jpg?fit=848%2C565&ssl=1&resize=350%2C200","width":350,"height":200,"srcset":"https:\/\/i0.wp.com\/vincentians.com\/es\/wp-content\/uploads\/sites\/11\/2023\/08\/aa.jpg?fit=848%2C565&ssl=1&resize=350%2C200 1x, https:\/\/i0.wp.com\/vincentians.com\/es\/wp-content\/uploads\/sites\/11\/2023\/08\/aa.jpg?fit=848%2C565&ssl=1&resize=525%2C300 1.5x, https:\/\/i0.wp.com\/vincentians.com\/es\/wp-content\/uploads\/sites\/11\/2023\/08\/aa.jpg?fit=848%2C565&ssl=1&resize=700%2C400 2x"},"classes":[]},{"id":405106,"url":"https:\/\/vincentians.com\/es\/la-misericordia-como-praxis-de-la-vida-y-del-apostolado-del-misionero-v\/","url_meta":{"origin":405102,"position":1},"title":"La MISERICORDIA como praxis de la vida y del apostolado del misionero (V)","author":"Mitxel Olabu\u00e9naga","date":"10\/02\/2024","format":false,"excerpt":"2.3. Id por todo el mundo... Madagascar fue la primera Misi\u00f3n \"Ad Gentes\" de la Congregaci\u00f3n. San Vicente comenz\u00f3 a relacionarse con la Santa Sede a trav\u00e9s de la reci\u00e9n fundada Sagrada Congregaci\u00f3n de Propaganda Fide, a la que envi\u00f3 una primera s\u00faplica con el prop\u00f3\u00adsito de obtener la concesi\u00f3n\u2026","rel":"","context":"En \u00abEspiritualidad\u00bb","block_context":{"text":"Espiritualidad","link":"https:\/\/vincentians.com\/es\/category\/espiritualidad\/"},"img":{"alt_text":"","src":"https:\/\/i0.wp.com\/vincentians.com\/es\/wp-content\/uploads\/sites\/11\/2023\/08\/aa.jpg?fit=848%2C565&ssl=1&resize=350%2C200","width":350,"height":200,"srcset":"https:\/\/i0.wp.com\/vincentians.com\/es\/wp-content\/uploads\/sites\/11\/2023\/08\/aa.jpg?fit=848%2C565&ssl=1&resize=350%2C200 1x, https:\/\/i0.wp.com\/vincentians.com\/es\/wp-content\/uploads\/sites\/11\/2023\/08\/aa.jpg?fit=848%2C565&ssl=1&resize=525%2C300 1.5x, https:\/\/i0.wp.com\/vincentians.com\/es\/wp-content\/uploads\/sites\/11\/2023\/08\/aa.jpg?fit=848%2C565&ssl=1&resize=700%2C400 2x"},"classes":[]},{"id":405108,"url":"https:\/\/vincentians.com\/es\/la-misericordia-como-praxis-de-la-vida-y-del-apostolado-del-misionero-vi\/","url_meta":{"origin":405102,"position":2},"title":"La MISERICORDIA como praxis de la vida y del apostolado del misionero (VI)","author":"Mitxel Olabu\u00e9naga","date":"12\/02\/2024","format":false,"excerpt":"LA MISERICORDIA COMO PRAXIS: -MISERICORDIOSOS COMO EL PADRE\". El lema de este A\u00f1o Santo Jubilar \"Misericordiosos como el Padre\", nos se\u00f1ala la verdadera significaci\u00f3n de la misericordia a todos los hijos de san Vicente. La palabra misericordia: \"tener entra\u00f1as de misericordia\", nos remite a la bondad y al perd\u00f3n de\u2026","rel":"","context":"En \u00abEspiritualidad\u00bb","block_context":{"text":"Espiritualidad","link":"https:\/\/vincentians.com\/es\/category\/espiritualidad\/"},"img":{"alt_text":"","src":"https:\/\/i0.wp.com\/vincentians.com\/es\/wp-content\/uploads\/sites\/11\/2023\/08\/aa.jpg?fit=848%2C565&ssl=1&resize=350%2C200","width":350,"height":200,"srcset":"https:\/\/i0.wp.com\/vincentians.com\/es\/wp-content\/uploads\/sites\/11\/2023\/08\/aa.jpg?fit=848%2C565&ssl=1&resize=350%2C200 1x, https:\/\/i0.wp.com\/vincentians.com\/es\/wp-content\/uploads\/sites\/11\/2023\/08\/aa.jpg?fit=848%2C565&ssl=1&resize=525%2C300 1.5x, https:\/\/i0.wp.com\/vincentians.com\/es\/wp-content\/uploads\/sites\/11\/2023\/08\/aa.jpg?fit=848%2C565&ssl=1&resize=700%2C400 2x"},"classes":[]},{"id":405145,"url":"https:\/\/vincentians.com\/es\/la-misericordia-y-la-ternura-como-praxis-de-la-hija-de-la-caridad-i\/","url_meta":{"origin":405102,"position":3},"title":"LA MISERICORDIA Y LA TERNURA COMO PRAXIS DE LA HIJA DE LA CARIDAD (I)","author":"Mitxel Olabu\u00e9naga","date":"20\/03\/2024","format":false,"excerpt":"INTRODUCCI\u00d3N La praxis de la Hija de la Caridad - es decir el ejercicio cons\u00adtante de las obras de misericordia corporales y espirituales - est\u00e1 lla\u00admada a reflejar la ternura y misericordia de Dios Padre. De un modo suave, los gestos y las acciones misericordiosas hacen sentir la cer\u00adcan\u00eda de\u2026","rel":"","context":"En \u00abEspiritualidad\u00bb","block_context":{"text":"Espiritualidad","link":"https:\/\/vincentians.com\/es\/category\/espiritualidad\/"},"img":{"alt_text":"","src":"https:\/\/i0.wp.com\/vincentians.com\/es\/wp-content\/uploads\/sites\/11\/2023\/08\/aa.gif?fit=868%2C430&ssl=1&resize=350%2C200","width":350,"height":200,"srcset":"https:\/\/i0.wp.com\/vincentians.com\/es\/wp-content\/uploads\/sites\/11\/2023\/08\/aa.gif?fit=868%2C430&ssl=1&resize=350%2C200 1x, https:\/\/i0.wp.com\/vincentians.com\/es\/wp-content\/uploads\/sites\/11\/2023\/08\/aa.gif?fit=868%2C430&ssl=1&resize=525%2C300 1.5x, https:\/\/i0.wp.com\/vincentians.com\/es\/wp-content\/uploads\/sites\/11\/2023\/08\/aa.gif?fit=868%2C430&ssl=1&resize=700%2C400 2x"},"classes":[]},{"id":131677,"url":"https:\/\/vincentians.com\/es\/caridad-compasiva-y-eficaz\/","url_meta":{"origin":405102,"position":4},"title":"Caridad compasiva y eficaz","author":"Francisco Javier Fern\u00e1ndez Chento","date":"12\/11\/2014","format":false,"excerpt":"\"Al salir de Jeric\u00f3 lo sigui\u00f3 mucha gente. Hab\u00eda dos ciegos, sentados a la vera del camino, y al o\u00edr que Jes\u00fas pasaba, se pusieron a gritar: ;Ten compasi\u00f3n de nosotros, Se\u00f1or, Hijo de David! Jes\u00fas se detuvo, los llam\u00f3 y les dijo: \u00bfQu\u00e9 quer\u00e9is que haga por vosotros? Le\u2026","rel":"","context":"En \u00abEspiritualidad vicenciana\u00bb","block_context":{"text":"Espiritualidad vicenciana","link":"https:\/\/vincentians.com\/es\/category\/espiritualidad\/espiritualidad-vicenciana\/"},"img":{"alt_text":"caridad_compasiva","src":"https:\/\/i0.wp.com\/vicencianos.org\/wp-content\/2014\/11\/caridad_compasiva-300x200.jpg?resize=350%2C200","width":350,"height":200},"classes":[]},{"id":126153,"url":"https:\/\/vincentians.com\/es\/vicente-de-paul-carta-1190-a-un-sacerdote-de-la-mision-de-la-casa-de-roma\/","url_meta":{"origin":405102,"position":5},"title":"Vicente de Pa\u00fal, Carta 1190: A Un Sacerdote De La Misi\u00f3n De La Casa De Roma","author":"Francisco Javier Fern\u00e1ndez Chento","date":"31\/12\/2013","format":false,"excerpt":"[1649] La congregaci\u00f3n va creciendo en n\u00famero y en virtud, gracias a Dios, tal como me parece por las visitas que he hecho y por lo que todos piensan. S\u00f3lo yo soy el que va mal, pobre de m\u00ed, carg\u00e1ndome continuamente de nuevas iniquidades y abominaciones. \u00a1Ay, padre! \u00a1Qu\u00e9 misericordioso\u2026","rel":"","context":"En \u00abEscritos de Vicente de Pa\u00fal\u00bb","block_context":{"text":"Escritos de Vicente de Pa\u00fal","link":"https:\/\/vincentians.com\/es\/category\/escritos\/escritos-de-vicente-de-paul\/"},"img":{"alt_text":"","src":"https:\/\/i0.wp.com\/vincentians.com\/es\/wp-content\/uploads\/sites\/11\/2016\/07\/escritos-vicente-de-paul.jpg?fit=1200%2C630&ssl=1&resize=350%2C200","width":350,"height":200,"srcset":"https:\/\/i0.wp.com\/vincentians.com\/es\/wp-content\/uploads\/sites\/11\/2016\/07\/escritos-vicente-de-paul.jpg?fit=1200%2C630&ssl=1&resize=350%2C200 1x, https:\/\/i0.wp.com\/vincentians.com\/es\/wp-content\/uploads\/sites\/11\/2016\/07\/escritos-vicente-de-paul.jpg?fit=1200%2C630&ssl=1&resize=525%2C300 1.5x, https:\/\/i0.wp.com\/vincentians.com\/es\/wp-content\/uploads\/sites\/11\/2016\/07\/escritos-vicente-de-paul.jpg?fit=1200%2C630&ssl=1&resize=700%2C400 2x, https:\/\/i0.wp.com\/vincentians.com\/es\/wp-content\/uploads\/sites\/11\/2016\/07\/escritos-vicente-de-paul.jpg?fit=1200%2C630&ssl=1&resize=1050%2C600 3x"},"classes":[]}],"_links":{"self":[{"href":"https:\/\/vincentians.com\/es\/wp-json\/wp\/v2\/posts\/405102","targetHints":{"allow":["GET"]}}],"collection":[{"href":"https:\/\/vincentians.com\/es\/wp-json\/wp\/v2\/posts"}],"about":[{"href":"https:\/\/vincentians.com\/es\/wp-json\/wp\/v2\/types\/post"}],"author":[{"embeddable":true,"href":"https:\/\/vincentians.com\/es\/wp-json\/wp\/v2\/users\/5"}],"replies":[{"embeddable":true,"href":"https:\/\/vincentians.com\/es\/wp-json\/wp\/v2\/comments?post=405102"}],"version-history":[{"count":1,"href":"https:\/\/vincentians.com\/es\/wp-json\/wp\/v2\/posts\/405102\/revisions"}],"predecessor-version":[{"id":405103,"href":"https:\/\/vincentians.com\/es\/wp-json\/wp\/v2\/posts\/405102\/revisions\/405103"}],"wp:featuredmedia":[{"embeddable":true,"href":"https:\/\/vincentians.com\/es\/wp-json\/wp\/v2\/media\/405098"}],"wp:attachment":[{"href":"https:\/\/vincentians.com\/es\/wp-json\/wp\/v2\/media?parent=405102"}],"wp:term":[{"taxonomy":"category","embeddable":true,"href":"https:\/\/vincentians.com\/es\/wp-json\/wp\/v2\/categories?post=405102"},{"taxonomy":"post_tag","embeddable":true,"href":"https:\/\/vincentians.com\/es\/wp-json\/wp\/v2\/tags?post=405102"}],"curies":[{"name":"wp","href":"https:\/\/api.w.org\/{rel}","templated":true}]}}