{"id":405100,"date":"2024-02-04T08:52:54","date_gmt":"2024-02-04T07:52:54","guid":{"rendered":"http:\/\/vincentians.com\/es\/?p=405100"},"modified":"2023-08-13T19:54:00","modified_gmt":"2023-08-13T17:54:00","slug":"la-misericordia-como-praxis-de-la-vida-y-del-apostolado-del-misionero-ii","status":"publish","type":"post","link":"https:\/\/vincentians.com\/es\/la-misericordia-como-praxis-de-la-vida-y-del-apostolado-del-misionero-ii\/","title":{"rendered":"La MISERICORDIA como praxis de la vida y del apostolado del misionero (II)"},"content":{"rendered":"<ol>\n<li>EL H\u00d3TEL-DIEU DE PARIS, UNA CONMOCI\u00d3N SIN L\u00cdMITES.<\/li>\n<\/ol>\n<p>San Vicente establec\u00eda las Cofrad\u00edas de la Caridad en las parro\u00adquias al finalizar las Misiones. Cada parroquia misionada deb\u00eda tener una Cofrad\u00eda de la Caridad, y no se comprend\u00eda una Cofrad\u00eda de la Caridad fuera de una parroquia. Sin embargo, hab\u00eda una Cofrad\u00eda que no ten\u00eda como base una parroquia: la Cofrad\u00eda del H\u00f3tel-Dieu de Par\u00eds. Estaba compuesta por Damas de la buena sociedad francesa, todas ellas fervientes cat\u00f3licas, como por ejem\u00adplo, la presidenta Goussault, viuda del presidente de la C\u00e1mara de Cuentas, y primera presidenta de la Cofrad\u00eda, la duquesa de Aiguillon, Madame de Miramion, Madame de Polaillon, madame de Lamoignon, Luisa de Gonzaga, futura Reina de Polonia, y otras.<\/p>\n<p>Al principio de su llegada a Par\u00eds, siendo Rector o Principal del Colegio de Bons-Enfants y m\u00e1s tarde Se\u00f1or de San L\u00e1zaro, san Vicente trabajaba sobre todo con tres Damas: Luisa de Marillac que se encargaba de las Cofrad\u00edas, la Presidenta Goussault que visitaba sobre todo los hospitales, y madame Polaillon que ayudaba sobre todo con las ni\u00f1as hu\u00e9rfanas.<\/p>\n<p>El Hospital de Paris (H\u00f3tel-Dieu) estaba emplazado al lado de la Catedral, en la margen izquierda de Sena, para indicar que hab\u00eda nacido de la misericordia cristiana y que se manten\u00eda sobre todo de las limosnas de los fieles y de las rentas del Obispado. Estaba aten\u00addido por religiosas Agustinas que lo hac\u00edan muy bien. Las Damas daban una merienda por las tardes, preparaban a las mujeres para la confesi\u00f3n, y pagaban confesores que atend\u00edan a los hombres. Fue la Presidenta Goussault quien invit\u00f3 a San Vicente a acudir a la reuni\u00f3n de las Damas del H\u00f3tel-Dieu.<\/p>\n<p>San Vicente era una personalidad en Par\u00eds: hab\u00eda sido el preceptor de los sobrinos del Arzobispo por lo que a efectos sociales era un Gondi; era Se\u00f1or de San L\u00e1zaro, y un hombre de esp\u00edritu y bici formado como sacerdote: se gan\u00f3 el coraz\u00f3n de las Damas y esta Cofrad\u00eda fue el socorro de las grandes necesidades surgidas de la continuas guerras.<\/p>\n<p>Las Damas de la Caridad se hicieron cargo de los ni\u00f1os exp\u00f3sitos en 1638, y la obra marchaba bien, aunque con algunas dificultades. En 1648, ante la posibilidad de abandonar esa obra, San Vicente convoc\u00f3 una Asamblea General de las Damas de la Caridad del H\u00f3tel-Dieu, y les habl\u00f3 con tanta convicci\u00f3n que ese mismo d\u00eda recolect\u00f3 el dinero necesario para seguir con la obra.<\/p>\n<p>La situaci\u00f3n era dif\u00edcil, porque no solo se trataba de una obra muy delicada y de mucho cuidado, sino que se entremezclaban algunos aspectos religiosos que hac\u00edan que las Damas creyeran que estaban obrando mal al atenderlos. En el di\u00e1logo de la pel\u00edcula sobre San Vicente la presidenta Goussault le llega a decir, poniendo delante una cuna: \u00abEste ni\u00f1o es hijo del vicio y del pecado\u00bb; y otra se\u00f1ora se hace eco y le dice a san Vicente: \u00abNo nos pida m\u00e1s, Se\u00f1or Vicente, lo que nos pide est\u00e1 rodeado de demasiadas cosas repugnantes\u00bb. Entonces, seg\u00fan la misma pel\u00edcula, san Vicente se conmueve y conmueve a las Damas:<\/p>\n<p><em>\u00abNo les permito juzgar; <\/em>Yo <em>solo s\u00e9 que Dios me pide salva estos ni\u00f1os inocentes antes que socorrer cualquier otra miseria&#8230; <\/em>Yo <em>saldr\u00e9 ma\u00f1ana por las calles, yo saldr\u00e9 todas<sup>&#8211;<\/sup>noches y os traer\u00e9 m\u00e1s ni\u00f1os sobre esta mesa&#8230; Vosotras los ver\u00e9is debatirse y pediros la vida. \u00a1Ya veremos si les dej\u00e1is morir!\u00bb<\/em><\/p>\n<p>Juan Juli\u00e1n D\u00edaz Catal\u00e1n, C. M.<\/p>\n<p>CEME 2015<\/p>\n","protected":false},"excerpt":{"rendered":"<p>EL H\u00d3TEL-DIEU DE PARIS, UNA CONMOCI\u00d3N SIN L\u00cdMITES. San Vicente establec\u00eda las Cofrad\u00edas de la Caridad en las parro\u00adquias al finalizar las Misiones. Cada parroquia misionada deb\u00eda tener una Cofrad\u00eda de la Caridad, y no &#8230; <a href=\"https:\/\/vincentians.com\/es\/la-misericordia-como-praxis-de-la-vida-y-del-apostolado-del-misionero-ii\/\" class=\"more-link\">Read More<\/a><\/p>\n","protected":false},"author":5,"featured_media":405098,"comment_status":"open","ping_status":"open","sticky":false,"template":"","format":"standard","meta":{"jetpack_post_was_ever_published":false,"_jetpack_newsletter_access":"","_jetpack_dont_email_post_to_subs":false,"_jetpack_newsletter_tier_id":0,"_jetpack_memberships_contains_paywalled_content":false,"_jetpack_memberships_contains_paid_content":false,"footnotes":"","jetpack_publicize_message":"","jetpack_publicize_feature_enabled":true,"jetpack_social_post_already_shared":true,"jetpack_social_options":{"image_generator_settings":{"template":"highway","default_image_id":0,"font":"","enabled":false},"version":2}},"categories":[374],"tags":[],"class_list":["post-405100","post","type-post","status-publish","format-standard","has-post-thumbnail","hentry","category-espiritualidad"],"yoast_head":"<!-- This site is optimized with the Yoast SEO plugin v26.3 - https:\/\/yoast.com\/wordpress\/plugins\/seo\/ -->\n<title>La MISERICORDIA como praxis de la vida y del apostolado del misionero (II) - Somos Vicencianos<\/title>\n<meta name=\"robots\" content=\"index, follow, max-snippet:-1, max-image-preview:large, max-video-preview:-1\" \/>\n<link rel=\"canonical\" href=\"https:\/\/vincentians.com\/es\/la-misericordia-como-praxis-de-la-vida-y-del-apostolado-del-misionero-ii\/\" \/>\n<meta property=\"og:locale\" content=\"es_ES\" \/>\n<meta property=\"og:type\" content=\"article\" \/>\n<meta property=\"og:title\" content=\"La MISERICORDIA como praxis de la vida y del apostolado del misionero (II) - Somos Vicencianos\" \/>\n<meta property=\"og:description\" content=\"EL H\u00d3TEL-DIEU DE PARIS, UNA CONMOCI\u00d3N SIN L\u00cdMITES. San Vicente establec\u00eda las Cofrad\u00edas de la Caridad en las parro\u00adquias al finalizar las Misiones. Cada parroquia misionada deb\u00eda tener una Cofrad\u00eda de la Caridad, y no ... Read More\" \/>\n<meta property=\"og:url\" content=\"https:\/\/vincentians.com\/es\/la-misericordia-como-praxis-de-la-vida-y-del-apostolado-del-misionero-ii\/\" \/>\n<meta property=\"og:site_name\" content=\"Somos Vicencianos\" \/>\n<meta property=\"article:publisher\" content=\"https:\/\/www.facebook.com\/WeAreVincentians\/\" \/>\n<meta property=\"article:published_time\" content=\"2024-02-04T07:52:54+00:00\" \/>\n<meta property=\"og:image\" content=\"https:\/\/i0.wp.com\/vincentians.com\/es\/wp-content\/uploads\/sites\/11\/2023\/08\/aa.jpg?fit=848%2C565&ssl=1\" \/>\n\t<meta property=\"og:image:width\" content=\"848\" \/>\n\t<meta property=\"og:image:height\" content=\"565\" \/>\n\t<meta property=\"og:image:type\" content=\"image\/jpeg\" \/>\n<meta name=\"author\" content=\"Mitxel Olabu\u00e9naga\" \/>\n<meta name=\"twitter:card\" content=\"summary_large_image\" \/>\n<meta name=\"twitter:creator\" content=\"@WeVincentians\" \/>\n<meta name=\"twitter:site\" content=\"@WeVincentians\" \/>\n<meta name=\"twitter:label1\" content=\"Escrito por\" \/>\n\t<meta name=\"twitter:data1\" content=\"Mitxel Olabu\u00e9naga\" \/>\n\t<meta name=\"twitter:label2\" content=\"Tiempo de lectura\" \/>\n\t<meta name=\"twitter:data2\" content=\"3 minutos\" \/>\n<script type=\"application\/ld+json\" class=\"yoast-schema-graph\">{\"@context\":\"https:\/\/schema.org\",\"@graph\":[{\"@type\":\"Article\",\"@id\":\"https:\/\/vincentians.com\/es\/la-misericordia-como-praxis-de-la-vida-y-del-apostolado-del-misionero-ii\/#article\",\"isPartOf\":{\"@id\":\"https:\/\/vincentians.com\/es\/la-misericordia-como-praxis-de-la-vida-y-del-apostolado-del-misionero-ii\/\"},\"author\":{\"name\":\"Mitxel Olabu\u00e9naga\",\"@id\":\"http:\/\/vincentians.com\/es\/#\/schema\/person\/7c2670b4445a7ca9d164ea6acdb31859\"},\"headline\":\"La MISERICORDIA como praxis de la vida y del apostolado del misionero (II)\",\"datePublished\":\"2024-02-04T07:52:54+00:00\",\"mainEntityOfPage\":{\"@id\":\"https:\/\/vincentians.com\/es\/la-misericordia-como-praxis-de-la-vida-y-del-apostolado-del-misionero-ii\/\"},\"wordCount\":648,\"commentCount\":0,\"publisher\":{\"@id\":\"http:\/\/vincentians.com\/es\/#organization\"},\"image\":{\"@id\":\"https:\/\/vincentians.com\/es\/la-misericordia-como-praxis-de-la-vida-y-del-apostolado-del-misionero-ii\/#primaryimage\"},\"thumbnailUrl\":\"https:\/\/i0.wp.com\/vincentians.com\/es\/wp-content\/uploads\/sites\/11\/2023\/08\/aa.jpg?fit=848%2C565&ssl=1\",\"articleSection\":[\"Espiritualidad\"],\"inLanguage\":\"es\",\"potentialAction\":[{\"@type\":\"CommentAction\",\"name\":\"Comment\",\"target\":[\"https:\/\/vincentians.com\/es\/la-misericordia-como-praxis-de-la-vida-y-del-apostolado-del-misionero-ii\/#respond\"]}]},{\"@type\":\"WebPage\",\"@id\":\"https:\/\/vincentians.com\/es\/la-misericordia-como-praxis-de-la-vida-y-del-apostolado-del-misionero-ii\/\",\"url\":\"https:\/\/vincentians.com\/es\/la-misericordia-como-praxis-de-la-vida-y-del-apostolado-del-misionero-ii\/\",\"name\":\"La MISERICORDIA como praxis de la vida y del apostolado del misionero (II) - Somos Vicencianos\",\"isPartOf\":{\"@id\":\"http:\/\/vincentians.com\/es\/#website\"},\"primaryImageOfPage\":{\"@id\":\"https:\/\/vincentians.com\/es\/la-misericordia-como-praxis-de-la-vida-y-del-apostolado-del-misionero-ii\/#primaryimage\"},\"image\":{\"@id\":\"https:\/\/vincentians.com\/es\/la-misericordia-como-praxis-de-la-vida-y-del-apostolado-del-misionero-ii\/#primaryimage\"},\"thumbnailUrl\":\"https:\/\/i0.wp.com\/vincentians.com\/es\/wp-content\/uploads\/sites\/11\/2023\/08\/aa.jpg?fit=848%2C565&ssl=1\",\"datePublished\":\"2024-02-04T07:52:54+00:00\",\"breadcrumb\":{\"@id\":\"https:\/\/vincentians.com\/es\/la-misericordia-como-praxis-de-la-vida-y-del-apostolado-del-misionero-ii\/#breadcrumb\"},\"inLanguage\":\"es\",\"potentialAction\":[{\"@type\":\"ReadAction\",\"target\":[\"https:\/\/vincentians.com\/es\/la-misericordia-como-praxis-de-la-vida-y-del-apostolado-del-misionero-ii\/\"]}]},{\"@type\":\"ImageObject\",\"inLanguage\":\"es\",\"@id\":\"https:\/\/vincentians.com\/es\/la-misericordia-como-praxis-de-la-vida-y-del-apostolado-del-misionero-ii\/#primaryimage\",\"url\":\"https:\/\/i0.wp.com\/vincentians.com\/es\/wp-content\/uploads\/sites\/11\/2023\/08\/aa.jpg?fit=848%2C565&ssl=1\",\"contentUrl\":\"https:\/\/i0.wp.com\/vincentians.com\/es\/wp-content\/uploads\/sites\/11\/2023\/08\/aa.jpg?fit=848%2C565&ssl=1\",\"width\":848,\"height\":565},{\"@type\":\"BreadcrumbList\",\"@id\":\"https:\/\/vincentians.com\/es\/la-misericordia-como-praxis-de-la-vida-y-del-apostolado-del-misionero-ii\/#breadcrumb\",\"itemListElement\":[{\"@type\":\"ListItem\",\"position\":1,\"name\":\"Portada\",\"item\":\"http:\/\/vincentians.com\/es\/\"},{\"@type\":\"ListItem\",\"position\":2,\"name\":\"La MISERICORDIA como praxis de la vida y del apostolado del misionero (II)\"}]},{\"@type\":\"WebSite\",\"@id\":\"http:\/\/vincentians.com\/es\/#website\",\"url\":\"http:\/\/vincentians.com\/es\/\",\"name\":\"Somos Vicencianos\",\"description\":\"Know more to serve more\",\"publisher\":{\"@id\":\"http:\/\/vincentians.com\/es\/#organization\"},\"potentialAction\":[{\"@type\":\"SearchAction\",\"target\":{\"@type\":\"EntryPoint\",\"urlTemplate\":\"http:\/\/vincentians.com\/es\/?s={search_term_string}\"},\"query-input\":{\"@type\":\"PropertyValueSpecification\",\"valueRequired\":true,\"valueName\":\"search_term_string\"}}],\"inLanguage\":\"es\"},{\"@type\":\"Organization\",\"@id\":\"http:\/\/vincentians.com\/es\/#organization\",\"name\":\"The Vincentian Network\",\"url\":\"http:\/\/vincentians.com\/es\/\",\"logo\":{\"@type\":\"ImageObject\",\"inLanguage\":\"es\",\"@id\":\"http:\/\/vincentians.com\/es\/#\/schema\/logo\/image\/\",\"url\":\"https:\/\/i1.wp.com\/vincentians.com\/es\/wp-content\/uploads\/sites\/11\/2016\/06\/Vincentian-Network-logo-big.png?fit=778%2C778\",\"contentUrl\":\"https:\/\/i1.wp.com\/vincentians.com\/es\/wp-content\/uploads\/sites\/11\/2016\/06\/Vincentian-Network-logo-big.png?fit=778%2C778\",\"width\":778,\"height\":778,\"caption\":\"The Vincentian Network\"},\"image\":{\"@id\":\"http:\/\/vincentians.com\/es\/#\/schema\/logo\/image\/\"},\"sameAs\":[\"https:\/\/www.facebook.com\/WeAreVincentians\/\",\"https:\/\/x.com\/WeVincentians\"]},{\"@type\":\"Person\",\"@id\":\"http:\/\/vincentians.com\/es\/#\/schema\/person\/7c2670b4445a7ca9d164ea6acdb31859\",\"name\":\"Mitxel Olabu\u00e9naga\",\"image\":{\"@type\":\"ImageObject\",\"inLanguage\":\"es\",\"@id\":\"http:\/\/vincentians.com\/es\/#\/schema\/person\/image\/\",\"url\":\"https:\/\/secure.gravatar.com\/avatar\/34137ec2e2b8939cbbed975731e71f3f4f1defc7266ded337a5ce0f925426877?s=96&d=mm&r=g\",\"contentUrl\":\"https:\/\/secure.gravatar.com\/avatar\/34137ec2e2b8939cbbed975731e71f3f4f1defc7266ded337a5ce0f925426877?s=96&d=mm&r=g\",\"caption\":\"Mitxel Olabu\u00e9naga\"},\"url\":\"https:\/\/vincentians.com\/es\/author\/mitxel\/\"}]}<\/script>\n<!-- \/ Yoast SEO plugin. -->","yoast_head_json":{"title":"La MISERICORDIA como praxis de la vida y del apostolado del misionero (II) - Somos Vicencianos","robots":{"index":"index","follow":"follow","max-snippet":"max-snippet:-1","max-image-preview":"max-image-preview:large","max-video-preview":"max-video-preview:-1"},"canonical":"https:\/\/vincentians.com\/es\/la-misericordia-como-praxis-de-la-vida-y-del-apostolado-del-misionero-ii\/","og_locale":"es_ES","og_type":"article","og_title":"La MISERICORDIA como praxis de la vida y del apostolado del misionero (II) - Somos Vicencianos","og_description":"EL H\u00d3TEL-DIEU DE PARIS, UNA CONMOCI\u00d3N SIN L\u00cdMITES. San Vicente establec\u00eda las Cofrad\u00edas de la Caridad en las parro\u00adquias al finalizar las Misiones. Cada parroquia misionada deb\u00eda tener una Cofrad\u00eda de la Caridad, y no ... Read More","og_url":"https:\/\/vincentians.com\/es\/la-misericordia-como-praxis-de-la-vida-y-del-apostolado-del-misionero-ii\/","og_site_name":"Somos Vicencianos","article_publisher":"https:\/\/www.facebook.com\/WeAreVincentians\/","article_published_time":"2024-02-04T07:52:54+00:00","og_image":[{"width":848,"height":565,"url":"https:\/\/i0.wp.com\/vincentians.com\/es\/wp-content\/uploads\/sites\/11\/2023\/08\/aa.jpg?fit=848%2C565&ssl=1","type":"image\/jpeg"}],"author":"Mitxel Olabu\u00e9naga","twitter_card":"summary_large_image","twitter_creator":"@WeVincentians","twitter_site":"@WeVincentians","twitter_misc":{"Escrito por":"Mitxel Olabu\u00e9naga","Tiempo de lectura":"3 minutos"},"schema":{"@context":"https:\/\/schema.org","@graph":[{"@type":"Article","@id":"https:\/\/vincentians.com\/es\/la-misericordia-como-praxis-de-la-vida-y-del-apostolado-del-misionero-ii\/#article","isPartOf":{"@id":"https:\/\/vincentians.com\/es\/la-misericordia-como-praxis-de-la-vida-y-del-apostolado-del-misionero-ii\/"},"author":{"name":"Mitxel Olabu\u00e9naga","@id":"http:\/\/vincentians.com\/es\/#\/schema\/person\/7c2670b4445a7ca9d164ea6acdb31859"},"headline":"La MISERICORDIA como praxis de la vida y del apostolado del misionero (II)","datePublished":"2024-02-04T07:52:54+00:00","mainEntityOfPage":{"@id":"https:\/\/vincentians.com\/es\/la-misericordia-como-praxis-de-la-vida-y-del-apostolado-del-misionero-ii\/"},"wordCount":648,"commentCount":0,"publisher":{"@id":"http:\/\/vincentians.com\/es\/#organization"},"image":{"@id":"https:\/\/vincentians.com\/es\/la-misericordia-como-praxis-de-la-vida-y-del-apostolado-del-misionero-ii\/#primaryimage"},"thumbnailUrl":"https:\/\/i0.wp.com\/vincentians.com\/es\/wp-content\/uploads\/sites\/11\/2023\/08\/aa.jpg?fit=848%2C565&ssl=1","articleSection":["Espiritualidad"],"inLanguage":"es","potentialAction":[{"@type":"CommentAction","name":"Comment","target":["https:\/\/vincentians.com\/es\/la-misericordia-como-praxis-de-la-vida-y-del-apostolado-del-misionero-ii\/#respond"]}]},{"@type":"WebPage","@id":"https:\/\/vincentians.com\/es\/la-misericordia-como-praxis-de-la-vida-y-del-apostolado-del-misionero-ii\/","url":"https:\/\/vincentians.com\/es\/la-misericordia-como-praxis-de-la-vida-y-del-apostolado-del-misionero-ii\/","name":"La MISERICORDIA como praxis de la vida y del apostolado del misionero (II) - Somos Vicencianos","isPartOf":{"@id":"http:\/\/vincentians.com\/es\/#website"},"primaryImageOfPage":{"@id":"https:\/\/vincentians.com\/es\/la-misericordia-como-praxis-de-la-vida-y-del-apostolado-del-misionero-ii\/#primaryimage"},"image":{"@id":"https:\/\/vincentians.com\/es\/la-misericordia-como-praxis-de-la-vida-y-del-apostolado-del-misionero-ii\/#primaryimage"},"thumbnailUrl":"https:\/\/i0.wp.com\/vincentians.com\/es\/wp-content\/uploads\/sites\/11\/2023\/08\/aa.jpg?fit=848%2C565&ssl=1","datePublished":"2024-02-04T07:52:54+00:00","breadcrumb":{"@id":"https:\/\/vincentians.com\/es\/la-misericordia-como-praxis-de-la-vida-y-del-apostolado-del-misionero-ii\/#breadcrumb"},"inLanguage":"es","potentialAction":[{"@type":"ReadAction","target":["https:\/\/vincentians.com\/es\/la-misericordia-como-praxis-de-la-vida-y-del-apostolado-del-misionero-ii\/"]}]},{"@type":"ImageObject","inLanguage":"es","@id":"https:\/\/vincentians.com\/es\/la-misericordia-como-praxis-de-la-vida-y-del-apostolado-del-misionero-ii\/#primaryimage","url":"https:\/\/i0.wp.com\/vincentians.com\/es\/wp-content\/uploads\/sites\/11\/2023\/08\/aa.jpg?fit=848%2C565&ssl=1","contentUrl":"https:\/\/i0.wp.com\/vincentians.com\/es\/wp-content\/uploads\/sites\/11\/2023\/08\/aa.jpg?fit=848%2C565&ssl=1","width":848,"height":565},{"@type":"BreadcrumbList","@id":"https:\/\/vincentians.com\/es\/la-misericordia-como-praxis-de-la-vida-y-del-apostolado-del-misionero-ii\/#breadcrumb","itemListElement":[{"@type":"ListItem","position":1,"name":"Portada","item":"http:\/\/vincentians.com\/es\/"},{"@type":"ListItem","position":2,"name":"La MISERICORDIA como praxis de la vida y del apostolado del misionero (II)"}]},{"@type":"WebSite","@id":"http:\/\/vincentians.com\/es\/#website","url":"http:\/\/vincentians.com\/es\/","name":"Somos Vicencianos","description":"Know more to serve more","publisher":{"@id":"http:\/\/vincentians.com\/es\/#organization"},"potentialAction":[{"@type":"SearchAction","target":{"@type":"EntryPoint","urlTemplate":"http:\/\/vincentians.com\/es\/?s={search_term_string}"},"query-input":{"@type":"PropertyValueSpecification","valueRequired":true,"valueName":"search_term_string"}}],"inLanguage":"es"},{"@type":"Organization","@id":"http:\/\/vincentians.com\/es\/#organization","name":"The Vincentian Network","url":"http:\/\/vincentians.com\/es\/","logo":{"@type":"ImageObject","inLanguage":"es","@id":"http:\/\/vincentians.com\/es\/#\/schema\/logo\/image\/","url":"https:\/\/i1.wp.com\/vincentians.com\/es\/wp-content\/uploads\/sites\/11\/2016\/06\/Vincentian-Network-logo-big.png?fit=778%2C778","contentUrl":"https:\/\/i1.wp.com\/vincentians.com\/es\/wp-content\/uploads\/sites\/11\/2016\/06\/Vincentian-Network-logo-big.png?fit=778%2C778","width":778,"height":778,"caption":"The Vincentian Network"},"image":{"@id":"http:\/\/vincentians.com\/es\/#\/schema\/logo\/image\/"},"sameAs":["https:\/\/www.facebook.com\/WeAreVincentians\/","https:\/\/x.com\/WeVincentians"]},{"@type":"Person","@id":"http:\/\/vincentians.com\/es\/#\/schema\/person\/7c2670b4445a7ca9d164ea6acdb31859","name":"Mitxel Olabu\u00e9naga","image":{"@type":"ImageObject","inLanguage":"es","@id":"http:\/\/vincentians.com\/es\/#\/schema\/person\/image\/","url":"https:\/\/secure.gravatar.com\/avatar\/34137ec2e2b8939cbbed975731e71f3f4f1defc7266ded337a5ce0f925426877?s=96&d=mm&r=g","contentUrl":"https:\/\/secure.gravatar.com\/avatar\/34137ec2e2b8939cbbed975731e71f3f4f1defc7266ded337a5ce0f925426877?s=96&d=mm&r=g","caption":"Mitxel Olabu\u00e9naga"},"url":"https:\/\/vincentians.com\/es\/author\/mitxel\/"}]}},"jetpack_publicize_connections":[],"jetpack_featured_media_url":"https:\/\/i0.wp.com\/vincentians.com\/es\/wp-content\/uploads\/sites\/11\/2023\/08\/aa.jpg?fit=848%2C565&ssl=1","jetpack_sharing_enabled":true,"jetpack_shortlink":"https:\/\/wp.me\/p7ETMF-1HnS","jetpack-related-posts":[{"id":101411,"url":"https:\/\/vincentians.com\/es\/vida-del-senor-vicente-de-paul-capitulo-5\/","url_meta":{"origin":405100,"position":0},"title":"Vida del Se\u00f1or Vicente de Pa\u00fal: Cap\u00edtulo 5","author":"Francisco Javier Fern\u00e1ndez Chento","date":"16\/05\/2015","format":false,"excerpt":"5 (1634) Genoveva Fayet se cas\u00f3 en 1613 con Antonio Goussault, consejero real y presidente del Tribunal de Cuentas. Este, aunque se\u00f1or de Souvigny, no pertenec\u00eda a la alta nobleza, sino a la alta burgues\u00eda, que aspiraba por aquel tiempo a una participaci\u00f3n pol\u00edtica mayor que la que la nobleza\u2026","rel":"","context":"En \u00abVicente de Pa\u00fal\u00bb","block_context":{"text":"Vicente de Pa\u00fal","link":"https:\/\/vincentians.com\/es\/category\/la-familia-vicenciana\/fundadores\/vicente-de-paul\/"},"img":{"alt_text":"sanvibiblia","src":"https:\/\/i0.wp.com\/vicencianos.org\/wp-content\/2012\/08\/sanvibiblia-300x300.png?resize=350%2C200","width":350,"height":200},"classes":[]},{"id":404734,"url":"https:\/\/vincentians.com\/es\/la-sangre-azul-de-la-caridad-las-cofradias-de-la-caridad-de-paris-i\/","url_meta":{"origin":405100,"position":1},"title":"La sangre azul de la caridad (Las Cofrad\u00edas de la caridad de Par\u00eds) (I)","author":"Mitxel Olabu\u00e9naga","date":"18\/07\/2023","format":false,"excerpt":"INTRODUCCI\u00d3N Llama probablemente la atenci\u00f3n el t\u00edtulo de esta conferen\u00adcia. Me result\u00f3 sorprendente cuando la organizaci\u00f3n de la Sema\u00adna me lo propuso, y he comprobado despu\u00e9s la extra\u00f1eza de muchos al escucharlo. Se aclara el concepto cuando se lee la \u00falti\u00adma biograf\u00eda de san Vicente firmada por el P. Mezzadri.\u2026","rel":"","context":"En \u00abFormaci\u00f3n Vicenciana\u00bb","block_context":{"text":"Formaci\u00f3n Vicenciana","link":"https:\/\/vincentians.com\/es\/category\/formacion-vicenciana\/"},"img":{"alt_text":"","src":"https:\/\/i0.wp.com\/vincentians.com\/es\/wp-content\/uploads\/sites\/11\/2013\/04\/hijas-caridaqd.jpg?fit=1200%2C675&ssl=1&resize=350%2C200","width":350,"height":200,"srcset":"https:\/\/i0.wp.com\/vincentians.com\/es\/wp-content\/uploads\/sites\/11\/2013\/04\/hijas-caridaqd.jpg?fit=1200%2C675&ssl=1&resize=350%2C200 1x, https:\/\/i0.wp.com\/vincentians.com\/es\/wp-content\/uploads\/sites\/11\/2013\/04\/hijas-caridaqd.jpg?fit=1200%2C675&ssl=1&resize=525%2C300 1.5x, https:\/\/i0.wp.com\/vincentians.com\/es\/wp-content\/uploads\/sites\/11\/2013\/04\/hijas-caridaqd.jpg?fit=1200%2C675&ssl=1&resize=700%2C400 2x, https:\/\/i0.wp.com\/vincentians.com\/es\/wp-content\/uploads\/sites\/11\/2013\/04\/hijas-caridaqd.jpg?fit=1200%2C675&ssl=1&resize=1050%2C600 3x"},"classes":[]},{"id":404736,"url":"https:\/\/vincentians.com\/es\/la-sangre-azul-de-la-caridad-las-cofradias-de-la-caridad-de-paris-ii\/","url_meta":{"origin":405100,"position":2},"title":"La sangre azul de la caridad (Las Cofrad\u00edas de la caridad de Par\u00eds) (II)","author":"Mitxel Olabu\u00e9naga","date":"20\/07\/2023","format":false,"excerpt":"LA COFRAD\u00cdA DE LAS DAMAS DE LA CARIDAD La Asociaci\u00f3n de las Damas de la Caridad debe ciertamente su fundaci\u00f3n a la tenacidad de Madame Goussault, visitante asi\u00addua de los enfermos del H\u00f3tel-Dieu y mujer impresionada por la situaci\u00f3n cr\u00edtica en que ellos se encontraban. No fue ella, sin embargo,\u2026","rel":"","context":"En \u00abFormaci\u00f3n Vicenciana\u00bb","block_context":{"text":"Formaci\u00f3n Vicenciana","link":"https:\/\/vincentians.com\/es\/category\/formacion-vicenciana\/"},"img":{"alt_text":"","src":"https:\/\/i0.wp.com\/vincentians.com\/es\/wp-content\/uploads\/sites\/11\/2013\/04\/hijas-caridaqd.jpg?fit=1200%2C675&ssl=1&resize=350%2C200","width":350,"height":200,"srcset":"https:\/\/i0.wp.com\/vincentians.com\/es\/wp-content\/uploads\/sites\/11\/2013\/04\/hijas-caridaqd.jpg?fit=1200%2C675&ssl=1&resize=350%2C200 1x, https:\/\/i0.wp.com\/vincentians.com\/es\/wp-content\/uploads\/sites\/11\/2013\/04\/hijas-caridaqd.jpg?fit=1200%2C675&ssl=1&resize=525%2C300 1.5x, https:\/\/i0.wp.com\/vincentians.com\/es\/wp-content\/uploads\/sites\/11\/2013\/04\/hijas-caridaqd.jpg?fit=1200%2C675&ssl=1&resize=700%2C400 2x, https:\/\/i0.wp.com\/vincentians.com\/es\/wp-content\/uploads\/sites\/11\/2013\/04\/hijas-caridaqd.jpg?fit=1200%2C675&ssl=1&resize=1050%2C600 3x"},"classes":[]},{"id":130267,"url":"https:\/\/vincentians.com\/es\/un-perfil-heroico-santa-luisa-de-marillac-10\/","url_meta":{"origin":405100,"position":3},"title":"Un perfil heroico: santa Luisa de Marillac (10)","author":"Francisco Javier Fern\u00e1ndez Chento","date":"04\/03\/2015","format":false,"excerpt":"A los ricos de este siglo, exh\u00f3rtalos: a obrar bien, a repartir liberalmente, a comunicar sus bienes, a atesorar un buen fondo para lo venidero, a fin de alcanzar la vida eterna. (San Pablo a Timoteo.) VICENTE de Pa\u00fal hab\u00eda querido fundar tambi\u00e9n las Cofrad\u00edas de la Caridad en Par\u00eds.\u2026","rel":"","context":"En \u00abLuisa de Marillac\u00bb","block_context":{"text":"Luisa de Marillac","link":"https:\/\/vincentians.com\/es\/category\/la-familia-vicenciana\/fundadores\/luisa-de-marillac\/"},"img":{"alt_text":"OLYMPUS DIGITAL CAMERA","src":"https:\/\/i0.wp.com\/vicencianos.org\/wp-content\/2014\/04\/louise-marillac-300x248.jpg?resize=350%2C200","width":350,"height":200},"classes":[]},{"id":82986,"url":"https:\/\/vincentians.com\/es\/vicente-de-paul-carta-0900-a-juan-francisco-de-gondi-arzobispo-de-paris\/","url_meta":{"origin":405100,"position":4},"title":"Vicente de Pa\u00fal, Carta 0900: A Juan Francisco De Gondi, Arzobispo De Par\u00eds","author":"Francisco Javier Fern\u00e1ndez Chento","date":"16\/01\/2019","format":false,"excerpt":"[Entre agosto y noviembre de 1646] Vicente Depaul, superior general de la congregaci\u00f3n de sacerdotes de la Misi\u00f3n, expone que, habiendo querido vuestra caridad pastoral dar a dichos sacerdotes de la Misi\u00f3n la facultad de fundar la cofrad\u00eda de la Caridad para la asistencia de los pobres enfermos en todas\u2026","rel":"","context":"En \u00abEscritos de Vicente de Pa\u00fal\u00bb","block_context":{"text":"Escritos de Vicente de Pa\u00fal","link":"https:\/\/vincentians.com\/es\/category\/escritos\/escritos-de-vicente-de-paul\/"},"img":{"alt_text":"","src":"https:\/\/i0.wp.com\/vincentians.com\/es\/wp-content\/uploads\/sites\/11\/2017\/04\/vicente-y-eucaristia.jpg?fit=1200%2C630&ssl=1&resize=350%2C200","width":350,"height":200,"srcset":"https:\/\/i0.wp.com\/vincentians.com\/es\/wp-content\/uploads\/sites\/11\/2017\/04\/vicente-y-eucaristia.jpg?fit=1200%2C630&ssl=1&resize=350%2C200 1x, https:\/\/i0.wp.com\/vincentians.com\/es\/wp-content\/uploads\/sites\/11\/2017\/04\/vicente-y-eucaristia.jpg?fit=1200%2C630&ssl=1&resize=525%2C300 1.5x, https:\/\/i0.wp.com\/vincentians.com\/es\/wp-content\/uploads\/sites\/11\/2017\/04\/vicente-y-eucaristia.jpg?fit=1200%2C630&ssl=1&resize=700%2C400 2x, https:\/\/i0.wp.com\/vincentians.com\/es\/wp-content\/uploads\/sites\/11\/2017\/04\/vicente-y-eucaristia.jpg?fit=1200%2C630&ssl=1&resize=1050%2C600 3x"},"classes":[]},{"id":134886,"url":"https:\/\/vincentians.com\/es\/de-las-caridades-a-las-hijas-de-la-caridad\/","url_meta":{"origin":405100,"position":5},"title":"De las \u00abCaridades\u00bb a las \u00abHijas de la Caridad\u00bb","author":"Francisco Javier Fern\u00e1ndez Chento","date":"27\/08\/2016","format":false,"excerpt":"Estamos en 1617. Dos experiencias particularmente significativas marcan la vida de Vicente de Pa\u00fal, y est\u00e1n en el origen de sus dos realizaciones revolucionarias: la experiencia de Gannes Folleville y la de Ch\u00e1tillon-les-Dombes. Nacido el 24 de abril de 1581 en Pouy (hoy San Vicente de Pa\u00fal) en las cercan\u00edas\u2026","rel":"","context":"En \u00abHijas de la Caridad\u00bb","block_context":{"text":"Hijas de la Caridad","link":"https:\/\/vincentians.com\/es\/category\/la-familia-vicenciana\/ramas\/hijas-de-la-caridad\/"},"img":{"alt_text":"","src":"https:\/\/i0.wp.com\/vincentians.com\/es\/wp-content\/uploads\/sites\/11\/2016\/08\/hijas-caridad.jpg?fit=1200%2C630&ssl=1&resize=350%2C200","width":350,"height":200,"srcset":"https:\/\/i0.wp.com\/vincentians.com\/es\/wp-content\/uploads\/sites\/11\/2016\/08\/hijas-caridad.jpg?fit=1200%2C630&ssl=1&resize=350%2C200 1x, https:\/\/i0.wp.com\/vincentians.com\/es\/wp-content\/uploads\/sites\/11\/2016\/08\/hijas-caridad.jpg?fit=1200%2C630&ssl=1&resize=525%2C300 1.5x, https:\/\/i0.wp.com\/vincentians.com\/es\/wp-content\/uploads\/sites\/11\/2016\/08\/hijas-caridad.jpg?fit=1200%2C630&ssl=1&resize=700%2C400 2x, https:\/\/i0.wp.com\/vincentians.com\/es\/wp-content\/uploads\/sites\/11\/2016\/08\/hijas-caridad.jpg?fit=1200%2C630&ssl=1&resize=1050%2C600 3x"},"classes":[]}],"_links":{"self":[{"href":"https:\/\/vincentians.com\/es\/wp-json\/wp\/v2\/posts\/405100","targetHints":{"allow":["GET"]}}],"collection":[{"href":"https:\/\/vincentians.com\/es\/wp-json\/wp\/v2\/posts"}],"about":[{"href":"https:\/\/vincentians.com\/es\/wp-json\/wp\/v2\/types\/post"}],"author":[{"embeddable":true,"href":"https:\/\/vincentians.com\/es\/wp-json\/wp\/v2\/users\/5"}],"replies":[{"embeddable":true,"href":"https:\/\/vincentians.com\/es\/wp-json\/wp\/v2\/comments?post=405100"}],"version-history":[{"count":1,"href":"https:\/\/vincentians.com\/es\/wp-json\/wp\/v2\/posts\/405100\/revisions"}],"predecessor-version":[{"id":405101,"href":"https:\/\/vincentians.com\/es\/wp-json\/wp\/v2\/posts\/405100\/revisions\/405101"}],"wp:featuredmedia":[{"embeddable":true,"href":"https:\/\/vincentians.com\/es\/wp-json\/wp\/v2\/media\/405098"}],"wp:attachment":[{"href":"https:\/\/vincentians.com\/es\/wp-json\/wp\/v2\/media?parent=405100"}],"wp:term":[{"taxonomy":"category","embeddable":true,"href":"https:\/\/vincentians.com\/es\/wp-json\/wp\/v2\/categories?post=405100"},{"taxonomy":"post_tag","embeddable":true,"href":"https:\/\/vincentians.com\/es\/wp-json\/wp\/v2\/tags?post=405100"}],"curies":[{"name":"wp","href":"https:\/\/api.w.org\/{rel}","templated":true}]}}