{"id":405097,"date":"2024-02-02T08:24:32","date_gmt":"2024-02-02T07:24:32","guid":{"rendered":"http:\/\/vincentians.com\/es\/?p=405097"},"modified":"2023-08-13T19:52:47","modified_gmt":"2023-08-13T17:52:47","slug":"la-misericordia-como-praxis-de-la-vida-y-del-apostolado-del-misionero-i","status":"publish","type":"post","link":"https:\/\/vincentians.com\/es\/la-misericordia-como-praxis-de-la-vida-y-del-apostolado-del-misionero-i\/","title":{"rendered":"La MISERICORDIA como praxis de la vida y del apostolado del misionero (I)"},"content":{"rendered":"<p>Despu\u00e9s de los trabajos de campo del P. Bernard Koch. CM. ha quedado claro que San Vicente fue a Ch\u00e1tillon no porque el pueblo o los sacerdotes que lo atend\u00edan necesitaran reformarse, sino porque el nivel de Fe del pueblo era tan alto que necesitaba un buen pastor, a la medida del buen pueblo.<\/p>\n<p>El arzobispo, Denis-Simon de Marquemont, que hab\u00eda sido propuesto por el Rey como Arzobispo de Lyon en 1612 y que ser\u00eda nombrado cardenal en el a\u00f1o 1626, el mismo a\u00f1o de su muerte. hab\u00eda favorecido la implantaci\u00f3n de muchas comunidades de vida consagrada, entre otras, la del Oratorio de Pedro de Berulle, que se hab\u00eda establecido en Ch\u00e1tillon.<\/p>\n<p>No sabemos exactamente la raz\u00f3n, pero el hecho fue que Pedro de Berulle necesitaba a uno de los sacerdotes del Oratorio que tra\u00adbajaban en Ch\u00e1tillon, tal vez al mismo Francois Bourgoing y se lo pidi\u00f3 al Arzobispo Marquemont. El arzobispo, a su vez, le pidi\u00f3 que su sustituto tuviera una notable altura espiritual y literaria, y Pedro de Berulle pens\u00f3 en Vicente de Paul.<\/p>\n<p>Vicente de Pa\u00fal pertenec\u00eda al Oratorio de Berulle como simpa\u00adtizante, y Berulle se lo ofreci\u00f3 al gran cardenal Pedro de Gondi (1533 \u2014 17.2.1616) como preceptor de los hijos de su sobrino preferido, Felipe Manuel de Gondi. Viviendo el viejo cardenal. Berulll no se hubiera atrevido nunca a sacar a Vicente de la casa de lo: Gondi, pero el cardenal hab\u00eda muerto en febrero de 1616 y Benilll mand\u00f3 a Vicente que fuera a Ch\u00e1tillon, a cubrir la plaza dejada vacante por el sacerdote del Oratorio. Corr\u00edan los primeros meses del a\u00f1o 1617.<\/p>\n<p>Vicente de Pa\u00fal se encontraba en Ch\u00e1tillon el mes de agosto 1 1617, y el domingo pr\u00f3ximo a la Asunci\u00f3n, un grupo de se\u00f1oras fueron a decirle que todas las personas del Maladier se encontraban enfermas. En ese momento Vicente se conmueve y predica una homil\u00eda que mueve los corazones de los cristianos oyentes. Es la misericordia como praxis.<\/p>\n<p>En Ch\u00e1tillon hab\u00eda un Maladier y tambi\u00e9n un Hospital (H\u00f3tel. Dieu). El Hospital era una instituci\u00f3n que ayudaba a bien morir, de tal manera que cuando alguien se encontraba realmente moribundo y era admitido al Hospital, encontraba all\u00ed una excelente atenci\u00f3n encaminada toda ella a preparar al moribundo a su encuentro con Dios. El Capell\u00e1n se preocupaba de las confesiones y de la Santa Misa, y todo el ambiente: cuadros, estatuas, Crucifijos, hablaba de la misericordia de Dios que acoge a los pecadores en el cielo.<\/p>\n<p>El Maladier era una casa donde uno pod\u00eda curar una simple fie\u00adbre, o sencillamente descansar despu\u00e9s de una jornada de peregrina. je. Actualmente, el Maladier de Ch\u00e1tillon est\u00e1 muy bien se\u00f1alizado a un Km., del pueblo; fue reformado en a\u00f1os pasados y ahora presenta el aspecto de una casa de familia, con su jard\u00edn y su c\u00e9sped y un patio cubierto de gravilla.<\/p>\n<p>Cuando Vicente va por la tarde a visitar a los enfermos. se encuentra con el milagro de la conmoci\u00f3n: las palabras de la Homil\u00eda conmovieron al Pueblo y lo movieron a vivir la misericor\u00addia como praxis, a salir de s\u00ed mismos para ayudar a los enfermos. La organizaci\u00f3n posterior, tan necesaria, nos introducir\u00eda ya en otro tema.<\/p>\n<p>Juan Juli\u00e1n D\u00edaz Catal\u00e1n, C. M.<\/p>\n<p>CEME 2015<\/p>\n","protected":false},"excerpt":{"rendered":"<p>Despu\u00e9s de los trabajos de campo del P. Bernard Koch. CM. ha quedado claro que San Vicente fue a Ch\u00e1tillon no porque el pueblo o los sacerdotes que lo atend\u00edan necesitaran reformarse, sino porque el &#8230; <a href=\"https:\/\/vincentians.com\/es\/la-misericordia-como-praxis-de-la-vida-y-del-apostolado-del-misionero-i\/\" class=\"more-link\">Read More<\/a><\/p>\n","protected":false},"author":5,"featured_media":405098,"comment_status":"open","ping_status":"open","sticky":false,"template":"","format":"standard","meta":{"jetpack_post_was_ever_published":false,"_jetpack_newsletter_access":"","_jetpack_dont_email_post_to_subs":false,"_jetpack_newsletter_tier_id":0,"_jetpack_memberships_contains_paywalled_content":false,"_jetpack_memberships_contains_paid_content":false,"footnotes":"","jetpack_publicize_message":"","jetpack_publicize_feature_enabled":true,"jetpack_social_post_already_shared":true,"jetpack_social_options":{"image_generator_settings":{"template":"highway","default_image_id":0,"font":"","enabled":false},"version":2}},"categories":[374],"tags":[],"class_list":["post-405097","post","type-post","status-publish","format-standard","has-post-thumbnail","hentry","category-espiritualidad"],"yoast_head":"<!-- This site is optimized with the Yoast SEO plugin v26.3 - https:\/\/yoast.com\/wordpress\/plugins\/seo\/ -->\n<title>La MISERICORDIA como praxis de la vida y del apostolado del misionero (I) - Somos Vicencianos<\/title>\n<meta name=\"robots\" content=\"index, follow, max-snippet:-1, max-image-preview:large, max-video-preview:-1\" \/>\n<link rel=\"canonical\" href=\"https:\/\/vincentians.com\/es\/la-misericordia-como-praxis-de-la-vida-y-del-apostolado-del-misionero-i\/\" \/>\n<meta property=\"og:locale\" content=\"es_ES\" \/>\n<meta property=\"og:type\" content=\"article\" \/>\n<meta property=\"og:title\" content=\"La MISERICORDIA como praxis de la vida y del apostolado del misionero (I) - Somos Vicencianos\" \/>\n<meta property=\"og:description\" content=\"Despu\u00e9s de los trabajos de campo del P. Bernard Koch. CM. ha quedado claro que San Vicente fue a Ch\u00e1tillon no porque el pueblo o los sacerdotes que lo atend\u00edan necesitaran reformarse, sino porque el ... Read More\" \/>\n<meta property=\"og:url\" content=\"https:\/\/vincentians.com\/es\/la-misericordia-como-praxis-de-la-vida-y-del-apostolado-del-misionero-i\/\" \/>\n<meta property=\"og:site_name\" content=\"Somos Vicencianos\" \/>\n<meta property=\"article:publisher\" content=\"https:\/\/www.facebook.com\/WeAreVincentians\/\" \/>\n<meta property=\"article:published_time\" content=\"2024-02-02T07:24:32+00:00\" \/>\n<meta property=\"og:image\" content=\"https:\/\/i0.wp.com\/vincentians.com\/es\/wp-content\/uploads\/sites\/11\/2023\/08\/aa.jpg?fit=848%2C565&ssl=1\" \/>\n\t<meta property=\"og:image:width\" content=\"848\" \/>\n\t<meta property=\"og:image:height\" content=\"565\" \/>\n\t<meta property=\"og:image:type\" content=\"image\/jpeg\" \/>\n<meta name=\"author\" content=\"Mitxel Olabu\u00e9naga\" \/>\n<meta name=\"twitter:card\" content=\"summary_large_image\" \/>\n<meta name=\"twitter:creator\" content=\"@WeVincentians\" \/>\n<meta name=\"twitter:site\" content=\"@WeVincentians\" \/>\n<meta name=\"twitter:label1\" content=\"Escrito por\" \/>\n\t<meta name=\"twitter:data1\" content=\"Mitxel Olabu\u00e9naga\" \/>\n\t<meta name=\"twitter:label2\" content=\"Tiempo de lectura\" \/>\n\t<meta name=\"twitter:data2\" content=\"3 minutos\" \/>\n<script type=\"application\/ld+json\" class=\"yoast-schema-graph\">{\"@context\":\"https:\/\/schema.org\",\"@graph\":[{\"@type\":\"Article\",\"@id\":\"https:\/\/vincentians.com\/es\/la-misericordia-como-praxis-de-la-vida-y-del-apostolado-del-misionero-i\/#article\",\"isPartOf\":{\"@id\":\"https:\/\/vincentians.com\/es\/la-misericordia-como-praxis-de-la-vida-y-del-apostolado-del-misionero-i\/\"},\"author\":{\"name\":\"Mitxel Olabu\u00e9naga\",\"@id\":\"http:\/\/vincentians.com\/es\/#\/schema\/person\/7c2670b4445a7ca9d164ea6acdb31859\"},\"headline\":\"La MISERICORDIA como praxis de la vida y del apostolado del misionero (I)\",\"datePublished\":\"2024-02-02T07:24:32+00:00\",\"mainEntityOfPage\":{\"@id\":\"https:\/\/vincentians.com\/es\/la-misericordia-como-praxis-de-la-vida-y-del-apostolado-del-misionero-i\/\"},\"wordCount\":595,\"commentCount\":0,\"publisher\":{\"@id\":\"http:\/\/vincentians.com\/es\/#organization\"},\"image\":{\"@id\":\"https:\/\/vincentians.com\/es\/la-misericordia-como-praxis-de-la-vida-y-del-apostolado-del-misionero-i\/#primaryimage\"},\"thumbnailUrl\":\"https:\/\/i0.wp.com\/vincentians.com\/es\/wp-content\/uploads\/sites\/11\/2023\/08\/aa.jpg?fit=848%2C565&ssl=1\",\"articleSection\":[\"Espiritualidad\"],\"inLanguage\":\"es\",\"potentialAction\":[{\"@type\":\"CommentAction\",\"name\":\"Comment\",\"target\":[\"https:\/\/vincentians.com\/es\/la-misericordia-como-praxis-de-la-vida-y-del-apostolado-del-misionero-i\/#respond\"]}]},{\"@type\":\"WebPage\",\"@id\":\"https:\/\/vincentians.com\/es\/la-misericordia-como-praxis-de-la-vida-y-del-apostolado-del-misionero-i\/\",\"url\":\"https:\/\/vincentians.com\/es\/la-misericordia-como-praxis-de-la-vida-y-del-apostolado-del-misionero-i\/\",\"name\":\"La MISERICORDIA como praxis de la vida y del apostolado del misionero (I) - Somos Vicencianos\",\"isPartOf\":{\"@id\":\"http:\/\/vincentians.com\/es\/#website\"},\"primaryImageOfPage\":{\"@id\":\"https:\/\/vincentians.com\/es\/la-misericordia-como-praxis-de-la-vida-y-del-apostolado-del-misionero-i\/#primaryimage\"},\"image\":{\"@id\":\"https:\/\/vincentians.com\/es\/la-misericordia-como-praxis-de-la-vida-y-del-apostolado-del-misionero-i\/#primaryimage\"},\"thumbnailUrl\":\"https:\/\/i0.wp.com\/vincentians.com\/es\/wp-content\/uploads\/sites\/11\/2023\/08\/aa.jpg?fit=848%2C565&ssl=1\",\"datePublished\":\"2024-02-02T07:24:32+00:00\",\"breadcrumb\":{\"@id\":\"https:\/\/vincentians.com\/es\/la-misericordia-como-praxis-de-la-vida-y-del-apostolado-del-misionero-i\/#breadcrumb\"},\"inLanguage\":\"es\",\"potentialAction\":[{\"@type\":\"ReadAction\",\"target\":[\"https:\/\/vincentians.com\/es\/la-misericordia-como-praxis-de-la-vida-y-del-apostolado-del-misionero-i\/\"]}]},{\"@type\":\"ImageObject\",\"inLanguage\":\"es\",\"@id\":\"https:\/\/vincentians.com\/es\/la-misericordia-como-praxis-de-la-vida-y-del-apostolado-del-misionero-i\/#primaryimage\",\"url\":\"https:\/\/i0.wp.com\/vincentians.com\/es\/wp-content\/uploads\/sites\/11\/2023\/08\/aa.jpg?fit=848%2C565&ssl=1\",\"contentUrl\":\"https:\/\/i0.wp.com\/vincentians.com\/es\/wp-content\/uploads\/sites\/11\/2023\/08\/aa.jpg?fit=848%2C565&ssl=1\",\"width\":848,\"height\":565},{\"@type\":\"BreadcrumbList\",\"@id\":\"https:\/\/vincentians.com\/es\/la-misericordia-como-praxis-de-la-vida-y-del-apostolado-del-misionero-i\/#breadcrumb\",\"itemListElement\":[{\"@type\":\"ListItem\",\"position\":1,\"name\":\"Portada\",\"item\":\"http:\/\/vincentians.com\/es\/\"},{\"@type\":\"ListItem\",\"position\":2,\"name\":\"La MISERICORDIA como praxis de la vida y del apostolado del misionero (I)\"}]},{\"@type\":\"WebSite\",\"@id\":\"http:\/\/vincentians.com\/es\/#website\",\"url\":\"http:\/\/vincentians.com\/es\/\",\"name\":\"Somos Vicencianos\",\"description\":\"Know more to serve more\",\"publisher\":{\"@id\":\"http:\/\/vincentians.com\/es\/#organization\"},\"potentialAction\":[{\"@type\":\"SearchAction\",\"target\":{\"@type\":\"EntryPoint\",\"urlTemplate\":\"http:\/\/vincentians.com\/es\/?s={search_term_string}\"},\"query-input\":{\"@type\":\"PropertyValueSpecification\",\"valueRequired\":true,\"valueName\":\"search_term_string\"}}],\"inLanguage\":\"es\"},{\"@type\":\"Organization\",\"@id\":\"http:\/\/vincentians.com\/es\/#organization\",\"name\":\"The Vincentian Network\",\"url\":\"http:\/\/vincentians.com\/es\/\",\"logo\":{\"@type\":\"ImageObject\",\"inLanguage\":\"es\",\"@id\":\"http:\/\/vincentians.com\/es\/#\/schema\/logo\/image\/\",\"url\":\"https:\/\/i1.wp.com\/vincentians.com\/es\/wp-content\/uploads\/sites\/11\/2016\/06\/Vincentian-Network-logo-big.png?fit=778%2C778\",\"contentUrl\":\"https:\/\/i1.wp.com\/vincentians.com\/es\/wp-content\/uploads\/sites\/11\/2016\/06\/Vincentian-Network-logo-big.png?fit=778%2C778\",\"width\":778,\"height\":778,\"caption\":\"The Vincentian Network\"},\"image\":{\"@id\":\"http:\/\/vincentians.com\/es\/#\/schema\/logo\/image\/\"},\"sameAs\":[\"https:\/\/www.facebook.com\/WeAreVincentians\/\",\"https:\/\/x.com\/WeVincentians\"]},{\"@type\":\"Person\",\"@id\":\"http:\/\/vincentians.com\/es\/#\/schema\/person\/7c2670b4445a7ca9d164ea6acdb31859\",\"name\":\"Mitxel Olabu\u00e9naga\",\"image\":{\"@type\":\"ImageObject\",\"inLanguage\":\"es\",\"@id\":\"http:\/\/vincentians.com\/es\/#\/schema\/person\/image\/\",\"url\":\"https:\/\/secure.gravatar.com\/avatar\/34137ec2e2b8939cbbed975731e71f3f4f1defc7266ded337a5ce0f925426877?s=96&d=mm&r=g\",\"contentUrl\":\"https:\/\/secure.gravatar.com\/avatar\/34137ec2e2b8939cbbed975731e71f3f4f1defc7266ded337a5ce0f925426877?s=96&d=mm&r=g\",\"caption\":\"Mitxel Olabu\u00e9naga\"},\"url\":\"https:\/\/vincentians.com\/es\/author\/mitxel\/\"}]}<\/script>\n<!-- \/ Yoast SEO plugin. -->","yoast_head_json":{"title":"La MISERICORDIA como praxis de la vida y del apostolado del misionero (I) - Somos Vicencianos","robots":{"index":"index","follow":"follow","max-snippet":"max-snippet:-1","max-image-preview":"max-image-preview:large","max-video-preview":"max-video-preview:-1"},"canonical":"https:\/\/vincentians.com\/es\/la-misericordia-como-praxis-de-la-vida-y-del-apostolado-del-misionero-i\/","og_locale":"es_ES","og_type":"article","og_title":"La MISERICORDIA como praxis de la vida y del apostolado del misionero (I) - Somos Vicencianos","og_description":"Despu\u00e9s de los trabajos de campo del P. Bernard Koch. CM. ha quedado claro que San Vicente fue a Ch\u00e1tillon no porque el pueblo o los sacerdotes que lo atend\u00edan necesitaran reformarse, sino porque el ... Read More","og_url":"https:\/\/vincentians.com\/es\/la-misericordia-como-praxis-de-la-vida-y-del-apostolado-del-misionero-i\/","og_site_name":"Somos Vicencianos","article_publisher":"https:\/\/www.facebook.com\/WeAreVincentians\/","article_published_time":"2024-02-02T07:24:32+00:00","og_image":[{"width":848,"height":565,"url":"https:\/\/i0.wp.com\/vincentians.com\/es\/wp-content\/uploads\/sites\/11\/2023\/08\/aa.jpg?fit=848%2C565&ssl=1","type":"image\/jpeg"}],"author":"Mitxel Olabu\u00e9naga","twitter_card":"summary_large_image","twitter_creator":"@WeVincentians","twitter_site":"@WeVincentians","twitter_misc":{"Escrito por":"Mitxel Olabu\u00e9naga","Tiempo de lectura":"3 minutos"},"schema":{"@context":"https:\/\/schema.org","@graph":[{"@type":"Article","@id":"https:\/\/vincentians.com\/es\/la-misericordia-como-praxis-de-la-vida-y-del-apostolado-del-misionero-i\/#article","isPartOf":{"@id":"https:\/\/vincentians.com\/es\/la-misericordia-como-praxis-de-la-vida-y-del-apostolado-del-misionero-i\/"},"author":{"name":"Mitxel Olabu\u00e9naga","@id":"http:\/\/vincentians.com\/es\/#\/schema\/person\/7c2670b4445a7ca9d164ea6acdb31859"},"headline":"La MISERICORDIA como praxis de la vida y del apostolado del misionero (I)","datePublished":"2024-02-02T07:24:32+00:00","mainEntityOfPage":{"@id":"https:\/\/vincentians.com\/es\/la-misericordia-como-praxis-de-la-vida-y-del-apostolado-del-misionero-i\/"},"wordCount":595,"commentCount":0,"publisher":{"@id":"http:\/\/vincentians.com\/es\/#organization"},"image":{"@id":"https:\/\/vincentians.com\/es\/la-misericordia-como-praxis-de-la-vida-y-del-apostolado-del-misionero-i\/#primaryimage"},"thumbnailUrl":"https:\/\/i0.wp.com\/vincentians.com\/es\/wp-content\/uploads\/sites\/11\/2023\/08\/aa.jpg?fit=848%2C565&ssl=1","articleSection":["Espiritualidad"],"inLanguage":"es","potentialAction":[{"@type":"CommentAction","name":"Comment","target":["https:\/\/vincentians.com\/es\/la-misericordia-como-praxis-de-la-vida-y-del-apostolado-del-misionero-i\/#respond"]}]},{"@type":"WebPage","@id":"https:\/\/vincentians.com\/es\/la-misericordia-como-praxis-de-la-vida-y-del-apostolado-del-misionero-i\/","url":"https:\/\/vincentians.com\/es\/la-misericordia-como-praxis-de-la-vida-y-del-apostolado-del-misionero-i\/","name":"La MISERICORDIA como praxis de la vida y del apostolado del misionero (I) - Somos Vicencianos","isPartOf":{"@id":"http:\/\/vincentians.com\/es\/#website"},"primaryImageOfPage":{"@id":"https:\/\/vincentians.com\/es\/la-misericordia-como-praxis-de-la-vida-y-del-apostolado-del-misionero-i\/#primaryimage"},"image":{"@id":"https:\/\/vincentians.com\/es\/la-misericordia-como-praxis-de-la-vida-y-del-apostolado-del-misionero-i\/#primaryimage"},"thumbnailUrl":"https:\/\/i0.wp.com\/vincentians.com\/es\/wp-content\/uploads\/sites\/11\/2023\/08\/aa.jpg?fit=848%2C565&ssl=1","datePublished":"2024-02-02T07:24:32+00:00","breadcrumb":{"@id":"https:\/\/vincentians.com\/es\/la-misericordia-como-praxis-de-la-vida-y-del-apostolado-del-misionero-i\/#breadcrumb"},"inLanguage":"es","potentialAction":[{"@type":"ReadAction","target":["https:\/\/vincentians.com\/es\/la-misericordia-como-praxis-de-la-vida-y-del-apostolado-del-misionero-i\/"]}]},{"@type":"ImageObject","inLanguage":"es","@id":"https:\/\/vincentians.com\/es\/la-misericordia-como-praxis-de-la-vida-y-del-apostolado-del-misionero-i\/#primaryimage","url":"https:\/\/i0.wp.com\/vincentians.com\/es\/wp-content\/uploads\/sites\/11\/2023\/08\/aa.jpg?fit=848%2C565&ssl=1","contentUrl":"https:\/\/i0.wp.com\/vincentians.com\/es\/wp-content\/uploads\/sites\/11\/2023\/08\/aa.jpg?fit=848%2C565&ssl=1","width":848,"height":565},{"@type":"BreadcrumbList","@id":"https:\/\/vincentians.com\/es\/la-misericordia-como-praxis-de-la-vida-y-del-apostolado-del-misionero-i\/#breadcrumb","itemListElement":[{"@type":"ListItem","position":1,"name":"Portada","item":"http:\/\/vincentians.com\/es\/"},{"@type":"ListItem","position":2,"name":"La MISERICORDIA como praxis de la vida y del apostolado del misionero (I)"}]},{"@type":"WebSite","@id":"http:\/\/vincentians.com\/es\/#website","url":"http:\/\/vincentians.com\/es\/","name":"Somos Vicencianos","description":"Know more to serve more","publisher":{"@id":"http:\/\/vincentians.com\/es\/#organization"},"potentialAction":[{"@type":"SearchAction","target":{"@type":"EntryPoint","urlTemplate":"http:\/\/vincentians.com\/es\/?s={search_term_string}"},"query-input":{"@type":"PropertyValueSpecification","valueRequired":true,"valueName":"search_term_string"}}],"inLanguage":"es"},{"@type":"Organization","@id":"http:\/\/vincentians.com\/es\/#organization","name":"The Vincentian Network","url":"http:\/\/vincentians.com\/es\/","logo":{"@type":"ImageObject","inLanguage":"es","@id":"http:\/\/vincentians.com\/es\/#\/schema\/logo\/image\/","url":"https:\/\/i1.wp.com\/vincentians.com\/es\/wp-content\/uploads\/sites\/11\/2016\/06\/Vincentian-Network-logo-big.png?fit=778%2C778","contentUrl":"https:\/\/i1.wp.com\/vincentians.com\/es\/wp-content\/uploads\/sites\/11\/2016\/06\/Vincentian-Network-logo-big.png?fit=778%2C778","width":778,"height":778,"caption":"The Vincentian Network"},"image":{"@id":"http:\/\/vincentians.com\/es\/#\/schema\/logo\/image\/"},"sameAs":["https:\/\/www.facebook.com\/WeAreVincentians\/","https:\/\/x.com\/WeVincentians"]},{"@type":"Person","@id":"http:\/\/vincentians.com\/es\/#\/schema\/person\/7c2670b4445a7ca9d164ea6acdb31859","name":"Mitxel Olabu\u00e9naga","image":{"@type":"ImageObject","inLanguage":"es","@id":"http:\/\/vincentians.com\/es\/#\/schema\/person\/image\/","url":"https:\/\/secure.gravatar.com\/avatar\/34137ec2e2b8939cbbed975731e71f3f4f1defc7266ded337a5ce0f925426877?s=96&d=mm&r=g","contentUrl":"https:\/\/secure.gravatar.com\/avatar\/34137ec2e2b8939cbbed975731e71f3f4f1defc7266ded337a5ce0f925426877?s=96&d=mm&r=g","caption":"Mitxel Olabu\u00e9naga"},"url":"https:\/\/vincentians.com\/es\/author\/mitxel\/"}]}},"jetpack_publicize_connections":[],"jetpack_featured_media_url":"https:\/\/i0.wp.com\/vincentians.com\/es\/wp-content\/uploads\/sites\/11\/2023\/08\/aa.jpg?fit=848%2C565&ssl=1","jetpack_sharing_enabled":true,"jetpack_shortlink":"https:\/\/wp.me\/p7ETMF-1HnP","jetpack-related-posts":[{"id":119706,"url":"https:\/\/vincentians.com\/es\/el-senor-vicente-relee-su-vida-folleville\/","url_meta":{"origin":405097,"position":0},"title":"El Se\u00f1or Vicente relee su vida: Folleville","author":"Francisco Javier Fern\u00e1ndez Chento","date":"03\/03\/2022","format":false,"excerpt":"Mi celo pastoral aumentaba, yo me ocupaba entonces de los campesinos de los pueblos en las tierras de los Gondi. En efecto, los se\u00f1ores llevaban tambi\u00e9n la responsabilidad espiritual de sus s\u00fabditos. El se\u00f1or de Gondi era consciente de ello. Despu\u00e9s de su entrada solemne en Joigny, para encargarse del\u2026","rel":"","context":"En \u00abVicente de Pa\u00fal\u00bb","block_context":{"text":"Vicente de Pa\u00fal","link":"https:\/\/vincentians.com\/es\/category\/la-familia-vicenciana\/fundadores\/vicente-de-paul\/"},"img":{"alt_text":"","src":"https:\/\/i0.wp.com\/vincentians.com\/es\/wp-content\/uploads\/sites\/11\/2013\/04\/f-4-scaled.jpg?fit=1200%2C570&ssl=1&resize=350%2C200","width":350,"height":200,"srcset":"https:\/\/i0.wp.com\/vincentians.com\/es\/wp-content\/uploads\/sites\/11\/2013\/04\/f-4-scaled.jpg?fit=1200%2C570&ssl=1&resize=350%2C200 1x, https:\/\/i0.wp.com\/vincentians.com\/es\/wp-content\/uploads\/sites\/11\/2013\/04\/f-4-scaled.jpg?fit=1200%2C570&ssl=1&resize=525%2C300 1.5x, https:\/\/i0.wp.com\/vincentians.com\/es\/wp-content\/uploads\/sites\/11\/2013\/04\/f-4-scaled.jpg?fit=1200%2C570&ssl=1&resize=700%2C400 2x, https:\/\/i0.wp.com\/vincentians.com\/es\/wp-content\/uploads\/sites\/11\/2013\/04\/f-4-scaled.jpg?fit=1200%2C570&ssl=1&resize=1050%2C600 3x"},"classes":[]},{"id":131900,"url":"https:\/\/vincentians.com\/es\/el-senor-vicente-relee-su-vida-vii\/","url_meta":{"origin":405097,"position":1},"title":"El se\u00f1or Vicente relee su vida (VII)","author":"Francisco Javier Fern\u00e1ndez Chento","date":"13\/12\/2014","format":false,"excerpt":"Preceptor Fue en la segunda mitad de 1613 cuando concluy\u00f3 mi b\u00fasqueda que tanto dur\u00f3. Recib\u00eda en efecto \"el cargo de preceptor de los hijos del Se\u00f1or Philippe-Emmanuel de Gondi, Conde de Joigny, General de las Galeras de Francia \". El mayor de los hijos, Pierre, ten\u00eda 11 a\u00f1os, el\u2026","rel":"","context":"En \u00abVicente de Pa\u00fal\u00bb","block_context":{"text":"Vicente de Pa\u00fal","link":"https:\/\/vincentians.com\/es\/category\/la-familia-vicenciana\/fundadores\/vicente-de-paul\/"},"img":{"alt_text":"corazon","src":"https:\/\/i0.wp.com\/vicencianos.org\/wp-content\/2014\/12\/corazon-289x300.jpg?resize=350%2C200","width":350,"height":200},"classes":[]},{"id":131902,"url":"https:\/\/vincentians.com\/es\/el-senor-vicente-relee-su-vida-viii\/","url_meta":{"origin":405097,"position":2},"title":"El se\u00f1or Vicente relee su vida (VIII)","author":"Francisco Javier Fern\u00e1ndez Chento","date":"15\/12\/2014","format":false,"excerpt":"Ch\u00e2tillon En los mismos inicios de 1617, yo quer\u00eda darme plenamente a la evangelizaci\u00f3n, ahora bien era dif\u00edcil de llevar al mismo tiempo el cargo de preceptor, de capell\u00e1n personal de la Se\u00f1ora de Gondi y el de pastor. El Padre de B\u00e9rulle me propon\u00eda este curato de Buenens y\u2026","rel":"","context":"En \u00abVicente de Pa\u00fal\u00bb","block_context":{"text":"Vicente de Pa\u00fal","link":"https:\/\/vincentians.com\/es\/category\/la-familia-vicenciana\/fundadores\/vicente-de-paul\/"},"img":{"alt_text":"corazon","src":"https:\/\/i0.wp.com\/vicencianos.org\/wp-content\/2014\/12\/corazon-289x300.jpg?resize=350%2C200","width":350,"height":200},"classes":[]},{"id":101423,"url":"https:\/\/vincentians.com\/es\/vida-del-senor-vicente-de-paul-capitulo-3-2\/","url_meta":{"origin":405097,"position":3},"title":"Vida del Se\u00f1or Vicente de Pa\u00fal: Cap\u00edtulo 3","author":"Francisco Javier Fern\u00e1ndez Chento","date":"14\/05\/2015","format":false,"excerpt":"3 No sepult\u00f3 su vida para siempre en Chatillon el se\u00f1or Vicente. Esa era su intenci\u00f3n, pero con frecuencia el hombre propone y la mujer dispone. Vicente debi\u00f3 de llegar a Chatillon en marzo o abril de 1617. Para Navidad del mismo a\u00f1o estaba de vuelta en casa de los\u2026","rel":"","context":"En \u00abVicente de Pa\u00fal\u00bb","block_context":{"text":"Vicente de Pa\u00fal","link":"https:\/\/vincentians.com\/es\/category\/la-familia-vicenciana\/fundadores\/vicente-de-paul\/"},"img":{"alt_text":"sanvibiblia","src":"https:\/\/i0.wp.com\/vicencianos.org\/wp-content\/2012\/08\/sanvibiblia-300x300.png?resize=350%2C200","width":350,"height":200},"classes":[]},{"id":119707,"url":"https:\/\/vincentians.com\/es\/el-senor-vicente-relee-su-vida-chatillon\/","url_meta":{"origin":405097,"position":4},"title":"El Se\u00f1or Vicente relee su vida: Ch\u00e2tillon","author":"Francisco Javier Fern\u00e1ndez Chento","date":"25\/03\/2022","format":false,"excerpt":"En los mismos inicios de 1617, yo quer\u00eda darme plenamente a la evangelizaci\u00f3n, ahora bien era dif\u00edcil de llevar al mismo tiempo el cargo de preceptor, de capell\u00e1n personal de la Se\u00f1ora de Gondi y el de pastor. El Padre de B\u00e9rulle me propon\u00eda este curato de Buenens y Ch\u00e2tillon.\u2026","rel":"","context":"En \u00abVicente de Pa\u00fal\u00bb","block_context":{"text":"Vicente de Pa\u00fal","link":"https:\/\/vincentians.com\/es\/category\/la-familia-vicenciana\/fundadores\/vicente-de-paul\/"},"img":{"alt_text":"","src":"https:\/\/i0.wp.com\/vincentians.com\/es\/wp-content\/uploads\/sites\/11\/2013\/04\/e-4.jpg?fit=976%2C570&ssl=1&resize=350%2C200","width":350,"height":200,"srcset":"https:\/\/i0.wp.com\/vincentians.com\/es\/wp-content\/uploads\/sites\/11\/2013\/04\/e-4.jpg?fit=976%2C570&ssl=1&resize=350%2C200 1x, https:\/\/i0.wp.com\/vincentians.com\/es\/wp-content\/uploads\/sites\/11\/2013\/04\/e-4.jpg?fit=976%2C570&ssl=1&resize=525%2C300 1.5x, https:\/\/i0.wp.com\/vincentians.com\/es\/wp-content\/uploads\/sites\/11\/2013\/04\/e-4.jpg?fit=976%2C570&ssl=1&resize=700%2C400 2x"},"classes":[]},{"id":124193,"url":"https:\/\/vincentians.com\/es\/vicente-de-paul-la-fe-del-hombre-maduro\/","url_meta":{"origin":405097,"position":5},"title":"Vicente de Pa\u00fal: La Fe de un hombre maduro","author":"Francisco Javier Fern\u00e1ndez Chento","date":"23\/02\/2023","format":false,"excerpt":"UN NOVICIADO Cuando Vicente lleg\u00f3 a Par\u00eds empez\u00f3 a ocuparse de su vida espiritual. Comprendi\u00f3 que aunque no hab\u00eda sido malo, hab\u00eda v\u00edvido su vida a lo mundano prestando poca atenci\u00f3n a su fe. Al iniciar su peregrinaci\u00f3n a Roma, un a\u00f1o despu\u00e9s de su ordenaci\u00f3n, se hab\u00eda dado cuenta\u2026","rel":"","context":"En \u00abVicente de Pa\u00fal\u00bb","block_context":{"text":"Vicente de Pa\u00fal","link":"https:\/\/vincentians.com\/es\/category\/la-familia-vicenciana\/fundadores\/vicente-de-paul\/"},"img":{"alt_text":"","src":"https:\/\/i0.wp.com\/vincentians.com\/es\/wp-content\/uploads\/sites\/11\/2015\/02\/St_Vincent_De_Paul_-bible-1.jpg?fit=1200%2C630&ssl=1&resize=350%2C200","width":350,"height":200,"srcset":"https:\/\/i0.wp.com\/vincentians.com\/es\/wp-content\/uploads\/sites\/11\/2015\/02\/St_Vincent_De_Paul_-bible-1.jpg?fit=1200%2C630&ssl=1&resize=350%2C200 1x, https:\/\/i0.wp.com\/vincentians.com\/es\/wp-content\/uploads\/sites\/11\/2015\/02\/St_Vincent_De_Paul_-bible-1.jpg?fit=1200%2C630&ssl=1&resize=525%2C300 1.5x, https:\/\/i0.wp.com\/vincentians.com\/es\/wp-content\/uploads\/sites\/11\/2015\/02\/St_Vincent_De_Paul_-bible-1.jpg?fit=1200%2C630&ssl=1&resize=700%2C400 2x, https:\/\/i0.wp.com\/vincentians.com\/es\/wp-content\/uploads\/sites\/11\/2015\/02\/St_Vincent_De_Paul_-bible-1.jpg?fit=1200%2C630&ssl=1&resize=1050%2C600 3x"},"classes":[]}],"_links":{"self":[{"href":"https:\/\/vincentians.com\/es\/wp-json\/wp\/v2\/posts\/405097","targetHints":{"allow":["GET"]}}],"collection":[{"href":"https:\/\/vincentians.com\/es\/wp-json\/wp\/v2\/posts"}],"about":[{"href":"https:\/\/vincentians.com\/es\/wp-json\/wp\/v2\/types\/post"}],"author":[{"embeddable":true,"href":"https:\/\/vincentians.com\/es\/wp-json\/wp\/v2\/users\/5"}],"replies":[{"embeddable":true,"href":"https:\/\/vincentians.com\/es\/wp-json\/wp\/v2\/comments?post=405097"}],"version-history":[{"count":1,"href":"https:\/\/vincentians.com\/es\/wp-json\/wp\/v2\/posts\/405097\/revisions"}],"predecessor-version":[{"id":405099,"href":"https:\/\/vincentians.com\/es\/wp-json\/wp\/v2\/posts\/405097\/revisions\/405099"}],"wp:featuredmedia":[{"embeddable":true,"href":"https:\/\/vincentians.com\/es\/wp-json\/wp\/v2\/media\/405098"}],"wp:attachment":[{"href":"https:\/\/vincentians.com\/es\/wp-json\/wp\/v2\/media?parent=405097"}],"wp:term":[{"taxonomy":"category","embeddable":true,"href":"https:\/\/vincentians.com\/es\/wp-json\/wp\/v2\/categories?post=405097"},{"taxonomy":"post_tag","embeddable":true,"href":"https:\/\/vincentians.com\/es\/wp-json\/wp\/v2\/tags?post=405097"}],"curies":[{"name":"wp","href":"https:\/\/api.w.org\/{rel}","templated":true}]}}