{"id":405078,"date":"2024-01-14T08:12:01","date_gmt":"2024-01-14T07:12:01","guid":{"rendered":"http:\/\/vincentians.com\/es\/?p=405078"},"modified":"2023-08-13T18:13:23","modified_gmt":"2023-08-13T16:13:23","slug":"santuarios-marianos-c-m-en-espana-xi","status":"publish","type":"post","link":"https:\/\/vincentians.com\/es\/santuarios-marianos-c-m-en-espana-xi\/","title":{"rendered":"SANTUARIOS MARIANOS C.M. en ESPA\u00d1A (XI)"},"content":{"rendered":"<p>NUESTRA SE\u00d1ORA DE LAS ANGUSTIAS CORONADA (AYAMONTE) (Huelva)<\/p>\n<p>La venerada imagen de la Virgen de las Angustias de Ayamonte tiene una piadosa leyenda que relata su aparici\u00f3n: <em>Los Coritos, unos hermanos que se dedicaban a la pesca en el estero de San Bartolom\u00e9, pr\u00f3ximo a Castro Mar\u00edn (Portugal), frente a Ayamonte, capturaron una caja de gran peso, donde encontraron la bella imagen de Mar\u00eda con Cristo en los brazos, que fue coloca\u00adda en la capilla de la Espiraci\u00f3n, situada en la misma orilla del r\u00edo Guadiana. Los portugueses disputaron la posesi\u00f3n de la santa Imagen interviniendo incluso la Santa Sede que mand\u00f3 entregarla a los portugueses, puesto que en su t\u00e9rmino se hab\u00eda encontrado. Cuando se dispon\u00edan a la entrega, una fuerte tempestad impidi\u00f3 el traslado, repiti\u00e9ndose tantas veces cuantas se hac\u00eda el intento. Admirados interpretaron los sucesos como voluntad del cielo para que la imagen de la Virgen quedara en Ayamonte. Sigue la leyenda contando c\u00f3mo se edific\u00f3 la iglesia a base de hechos extraordinarios hasta su terminaci\u00f3n.<\/em><\/p>\n<p>La santa Imagen de la Virgen de las Angustias es una obra an\u00f3nima del siglo XVI, de estilo barroco que representa el momento en que la Virgen recibe el cad\u00e1ver de su hijo, descendido de la Cruz. La Madre Dolorosa est\u00e1 de rodillas cubierta con manto azul sobre traje rojo, sosteniendo con su mano derecha la cabeza de Cristo y con la izquierda haciendo adem\u00e1n de enjugar con las tocas sus l\u00e1grimas. Numerosas modificaciones y restaura\u00adciones ha sufrido la santa Imagen que apenas dejan entrever el arcaismo de su talla original.<\/p>\n<p>El templo es del siglo XVI, con planta basilical de tres naves y techumbre mudejar. Es retablo de estilo renacentista, con el camar\u00edn de la santa Imagen de estilo rococ\u00f3. En 1756 fue nombrada Patrona de la ciudad de Ayamonte. Una floreciente Hermandad cuida de su templo y culto, desarro\u00adllando adem\u00e1s un intenso programa de apostolado, caritativo y cultural.<\/p>\n<p>Los PP. Pa\u00fales regentan este Santuario-Parroquia desde 1946. La gente sencilla y en lenguaje llano, cuenta que los Pa\u00fales han trabajado mucho y bien para que esta advocaci\u00f3n mariana tenga la pujanza que tiene hoy y que ha culminado en su coronaci\u00f3n can\u00f3nica.<\/p>\n<p>Fernando Espiago<\/p>\n<p>Madrid, 1992<\/p>\n","protected":false},"excerpt":{"rendered":"<p>NUESTRA SE\u00d1ORA DE LAS ANGUSTIAS CORONADA (AYAMONTE) (Huelva) La venerada imagen de la Virgen de las Angustias de Ayamonte tiene una piadosa leyenda que relata su aparici\u00f3n: Los Coritos, unos hermanos que se dedicaban a &#8230; <a href=\"https:\/\/vincentians.com\/es\/santuarios-marianos-c-m-en-espana-xi\/\" class=\"more-link\">Read More<\/a><\/p>\n","protected":false},"author":5,"featured_media":399888,"comment_status":"open","ping_status":"open","sticky":false,"template":"","format":"standard","meta":{"rs_blank_template":"","rs_page_bg_color":"","slide_template_v7":"","_jetpack_newsletter_access":"","_jetpack_dont_email_post_to_subs":false,"_jetpack_newsletter_tier_id":0,"_jetpack_memberships_contains_paywalled_content":false,"_jetpack_feature_clip_id":0,"_jetpack_memberships_contains_paid_content":false,"footnotes":"","jetpack_publicize_message":"","jetpack_publicize_feature_enabled":true,"jetpack_social_post_already_shared":true,"jetpack_social_options":{"image_generator_settings":{"template":"highway","default_image_id":0,"font":"","enabled":false},"version":2},"jetpack_post_was_ever_published":false},"categories":[1],"tags":[],"class_list":["post-405078","post","type-post","status-publish","format-standard","has-post-thumbnail","hentry","category-sin-categoria"],"yoast_head":"<!-- This site is optimized with the Yoast SEO plugin v27.9 - https:\/\/yoast.com\/product\/yoast-seo-wordpress\/ -->\n<title>SANTUARIOS MARIANOS C.M. en ESPA\u00d1A (XI) - Somos Vicencianos<\/title>\n<meta name=\"robots\" content=\"index, follow, max-snippet:-1, max-image-preview:large, max-video-preview:-1\" \/>\n<link rel=\"canonical\" href=\"https:\/\/vincentians.com\/es\/santuarios-marianos-c-m-en-espana-xi\/\" \/>\n<meta property=\"og:locale\" content=\"es_ES\" \/>\n<meta property=\"og:type\" content=\"article\" \/>\n<meta property=\"og:title\" content=\"SANTUARIOS MARIANOS C.M. en ESPA\u00d1A (XI) - Somos Vicencianos\" \/>\n<meta property=\"og:description\" content=\"NUESTRA SE\u00d1ORA DE LAS ANGUSTIAS CORONADA (AYAMONTE) (Huelva) La venerada imagen de la Virgen de las Angustias de Ayamonte tiene una piadosa leyenda que relata su aparici\u00f3n: Los Coritos, unos hermanos que se dedicaban a ... Read More\" \/>\n<meta property=\"og:url\" content=\"https:\/\/vincentians.com\/es\/santuarios-marianos-c-m-en-espana-xi\/\" \/>\n<meta property=\"og:site_name\" content=\"Somos Vicencianos\" \/>\n<meta property=\"article:publisher\" content=\"https:\/\/www.facebook.com\/WeAreVincentians\/\" \/>\n<meta property=\"article:published_time\" content=\"2024-01-14T07:12:01+00:00\" \/>\n<meta property=\"og:image\" content=\"https:\/\/i0.wp.com\/vincentians.com\/es\/wp-content\/uploads\/sites\/11\/2016\/09\/ojos-jesucristo.jpg?fit=1200%2C630&ssl=1\" \/>\n\t<meta property=\"og:image:width\" content=\"1200\" \/>\n\t<meta property=\"og:image:height\" content=\"630\" \/>\n\t<meta property=\"og:image:type\" content=\"image\/jpeg\" \/>\n<meta name=\"author\" content=\"Mitxel Olabu\u00e9naga\" \/>\n<meta name=\"twitter:card\" content=\"summary_large_image\" \/>\n<meta name=\"twitter:creator\" content=\"@WeVincentians\" \/>\n<meta name=\"twitter:site\" content=\"@WeVincentians\" \/>\n<meta name=\"twitter:label1\" content=\"Escrito por\" \/>\n\t<meta name=\"twitter:data1\" content=\"Mitxel Olabu\u00e9naga\" \/>\n\t<meta name=\"twitter:label2\" content=\"Tiempo de lectura\" \/>\n\t<meta name=\"twitter:data2\" content=\"2 minutos\" \/>\n<script type=\"application\/ld+json\" class=\"yoast-schema-graph\">{\"@context\":\"https:\\\/\\\/schema.org\",\"@graph\":[{\"@type\":\"Article\",\"@id\":\"https:\\\/\\\/vincentians.com\\\/es\\\/santuarios-marianos-c-m-en-espana-xi\\\/#article\",\"isPartOf\":{\"@id\":\"https:\\\/\\\/vincentians.com\\\/es\\\/santuarios-marianos-c-m-en-espana-xi\\\/\"},\"author\":{\"name\":\"Mitxel Olabu\u00e9naga\",\"@id\":\"http:\\\/\\\/vincentians.com\\\/es\\\/#\\\/schema\\\/person\\\/7c2670b4445a7ca9d164ea6acdb31859\"},\"headline\":\"SANTUARIOS MARIANOS C.M. en ESPA\u00d1A (XI)\",\"datePublished\":\"2024-01-14T07:12:01+00:00\",\"mainEntityOfPage\":{\"@id\":\"https:\\\/\\\/vincentians.com\\\/es\\\/santuarios-marianos-c-m-en-espana-xi\\\/\"},\"wordCount\":400,\"commentCount\":0,\"publisher\":{\"@id\":\"http:\\\/\\\/vincentians.com\\\/es\\\/#organization\"},\"image\":{\"@id\":\"https:\\\/\\\/vincentians.com\\\/es\\\/santuarios-marianos-c-m-en-espana-xi\\\/#primaryimage\"},\"thumbnailUrl\":\"https:\\\/\\\/i0.wp.com\\\/vincentians.com\\\/es\\\/wp-content\\\/uploads\\\/sites\\\/11\\\/2016\\\/09\\\/ojos-jesucristo.jpg?fit=1200%2C630&ssl=1\",\"inLanguage\":\"es\",\"potentialAction\":[{\"@type\":\"CommentAction\",\"name\":\"Comment\",\"target\":[\"https:\\\/\\\/vincentians.com\\\/es\\\/santuarios-marianos-c-m-en-espana-xi\\\/#respond\"]}]},{\"@type\":\"WebPage\",\"@id\":\"https:\\\/\\\/vincentians.com\\\/es\\\/santuarios-marianos-c-m-en-espana-xi\\\/\",\"url\":\"https:\\\/\\\/vincentians.com\\\/es\\\/santuarios-marianos-c-m-en-espana-xi\\\/\",\"name\":\"SANTUARIOS MARIANOS C.M. en ESPA\u00d1A (XI) - Somos Vicencianos\",\"isPartOf\":{\"@id\":\"http:\\\/\\\/vincentians.com\\\/es\\\/#website\"},\"primaryImageOfPage\":{\"@id\":\"https:\\\/\\\/vincentians.com\\\/es\\\/santuarios-marianos-c-m-en-espana-xi\\\/#primaryimage\"},\"image\":{\"@id\":\"https:\\\/\\\/vincentians.com\\\/es\\\/santuarios-marianos-c-m-en-espana-xi\\\/#primaryimage\"},\"thumbnailUrl\":\"https:\\\/\\\/i0.wp.com\\\/vincentians.com\\\/es\\\/wp-content\\\/uploads\\\/sites\\\/11\\\/2016\\\/09\\\/ojos-jesucristo.jpg?fit=1200%2C630&ssl=1\",\"datePublished\":\"2024-01-14T07:12:01+00:00\",\"breadcrumb\":{\"@id\":\"https:\\\/\\\/vincentians.com\\\/es\\\/santuarios-marianos-c-m-en-espana-xi\\\/#breadcrumb\"},\"inLanguage\":\"es\",\"potentialAction\":[{\"@type\":\"ReadAction\",\"target\":[\"https:\\\/\\\/vincentians.com\\\/es\\\/santuarios-marianos-c-m-en-espana-xi\\\/\"]}]},{\"@type\":\"ImageObject\",\"inLanguage\":\"es\",\"@id\":\"https:\\\/\\\/vincentians.com\\\/es\\\/santuarios-marianos-c-m-en-espana-xi\\\/#primaryimage\",\"url\":\"https:\\\/\\\/i0.wp.com\\\/vincentians.com\\\/es\\\/wp-content\\\/uploads\\\/sites\\\/11\\\/2016\\\/09\\\/ojos-jesucristo.jpg?fit=1200%2C630&ssl=1\",\"contentUrl\":\"https:\\\/\\\/i0.wp.com\\\/vincentians.com\\\/es\\\/wp-content\\\/uploads\\\/sites\\\/11\\\/2016\\\/09\\\/ojos-jesucristo.jpg?fit=1200%2C630&ssl=1\",\"width\":1200,\"height\":630},{\"@type\":\"BreadcrumbList\",\"@id\":\"https:\\\/\\\/vincentians.com\\\/es\\\/santuarios-marianos-c-m-en-espana-xi\\\/#breadcrumb\",\"itemListElement\":[{\"@type\":\"ListItem\",\"position\":1,\"name\":\"Portada\",\"item\":\"http:\\\/\\\/vincentians.com\\\/es\\\/\"},{\"@type\":\"ListItem\",\"position\":2,\"name\":\"SANTUARIOS MARIANOS C.M. en ESPA\u00d1A (XI)\"}]},{\"@type\":\"WebSite\",\"@id\":\"http:\\\/\\\/vincentians.com\\\/es\\\/#website\",\"url\":\"http:\\\/\\\/vincentians.com\\\/es\\\/\",\"name\":\"Somos Vicencianos\",\"description\":\"Know more to serve more\",\"publisher\":{\"@id\":\"http:\\\/\\\/vincentians.com\\\/es\\\/#organization\"},\"potentialAction\":[{\"@type\":\"SearchAction\",\"target\":{\"@type\":\"EntryPoint\",\"urlTemplate\":\"http:\\\/\\\/vincentians.com\\\/es\\\/?s={search_term_string}\"},\"query-input\":{\"@type\":\"PropertyValueSpecification\",\"valueRequired\":true,\"valueName\":\"search_term_string\"}}],\"inLanguage\":\"es\"},{\"@type\":\"Organization\",\"@id\":\"http:\\\/\\\/vincentians.com\\\/es\\\/#organization\",\"name\":\"The Vincentian Network\",\"url\":\"http:\\\/\\\/vincentians.com\\\/es\\\/\",\"logo\":{\"@type\":\"ImageObject\",\"inLanguage\":\"es\",\"@id\":\"http:\\\/\\\/vincentians.com\\\/es\\\/#\\\/schema\\\/logo\\\/image\\\/\",\"url\":\"https:\\\/\\\/i1.wp.com\\\/vincentians.com\\\/es\\\/wp-content\\\/uploads\\\/sites\\\/11\\\/2016\\\/06\\\/Vincentian-Network-logo-big.png?fit=778%2C778\",\"contentUrl\":\"https:\\\/\\\/i1.wp.com\\\/vincentians.com\\\/es\\\/wp-content\\\/uploads\\\/sites\\\/11\\\/2016\\\/06\\\/Vincentian-Network-logo-big.png?fit=778%2C778\",\"width\":778,\"height\":778,\"caption\":\"The Vincentian Network\"},\"image\":{\"@id\":\"http:\\\/\\\/vincentians.com\\\/es\\\/#\\\/schema\\\/logo\\\/image\\\/\"},\"sameAs\":[\"https:\\\/\\\/www.facebook.com\\\/WeAreVincentians\\\/\",\"https:\\\/\\\/x.com\\\/WeVincentians\"]},{\"@type\":\"Person\",\"@id\":\"http:\\\/\\\/vincentians.com\\\/es\\\/#\\\/schema\\\/person\\\/7c2670b4445a7ca9d164ea6acdb31859\",\"name\":\"Mitxel Olabu\u00e9naga\",\"image\":{\"@type\":\"ImageObject\",\"inLanguage\":\"es\",\"@id\":\"https:\\\/\\\/secure.gravatar.com\\\/avatar\\\/34137ec2e2b8939cbbed975731e71f3f4f1defc7266ded337a5ce0f925426877?s=96&d=mm&r=g\",\"url\":\"https:\\\/\\\/secure.gravatar.com\\\/avatar\\\/34137ec2e2b8939cbbed975731e71f3f4f1defc7266ded337a5ce0f925426877?s=96&d=mm&r=g\",\"contentUrl\":\"https:\\\/\\\/secure.gravatar.com\\\/avatar\\\/34137ec2e2b8939cbbed975731e71f3f4f1defc7266ded337a5ce0f925426877?s=96&d=mm&r=g\",\"caption\":\"Mitxel Olabu\u00e9naga\"},\"url\":\"https:\\\/\\\/vincentians.com\\\/es\\\/author\\\/mitxel\\\/\"}]}<\/script>\n<!-- \/ Yoast SEO plugin. -->","yoast_head_json":{"title":"SANTUARIOS MARIANOS C.M. en ESPA\u00d1A (XI) - Somos Vicencianos","robots":{"index":"index","follow":"follow","max-snippet":"max-snippet:-1","max-image-preview":"max-image-preview:large","max-video-preview":"max-video-preview:-1"},"canonical":"https:\/\/vincentians.com\/es\/santuarios-marianos-c-m-en-espana-xi\/","og_locale":"es_ES","og_type":"article","og_title":"SANTUARIOS MARIANOS C.M. en ESPA\u00d1A (XI) - Somos Vicencianos","og_description":"NUESTRA SE\u00d1ORA DE LAS ANGUSTIAS CORONADA (AYAMONTE) (Huelva) La venerada imagen de la Virgen de las Angustias de Ayamonte tiene una piadosa leyenda que relata su aparici\u00f3n: Los Coritos, unos hermanos que se dedicaban a ... Read More","og_url":"https:\/\/vincentians.com\/es\/santuarios-marianos-c-m-en-espana-xi\/","og_site_name":"Somos Vicencianos","article_publisher":"https:\/\/www.facebook.com\/WeAreVincentians\/","article_published_time":"2024-01-14T07:12:01+00:00","og_image":[{"width":1200,"height":630,"url":"https:\/\/i0.wp.com\/vincentians.com\/es\/wp-content\/uploads\/sites\/11\/2016\/09\/ojos-jesucristo.jpg?fit=1200%2C630&ssl=1","type":"image\/jpeg"}],"author":"Mitxel Olabu\u00e9naga","twitter_card":"summary_large_image","twitter_creator":"@WeVincentians","twitter_site":"@WeVincentians","twitter_misc":{"Escrito por":"Mitxel Olabu\u00e9naga","Tiempo de lectura":"2 minutos"},"schema":{"@context":"https:\/\/schema.org","@graph":[{"@type":"Article","@id":"https:\/\/vincentians.com\/es\/santuarios-marianos-c-m-en-espana-xi\/#article","isPartOf":{"@id":"https:\/\/vincentians.com\/es\/santuarios-marianos-c-m-en-espana-xi\/"},"author":{"name":"Mitxel Olabu\u00e9naga","@id":"http:\/\/vincentians.com\/es\/#\/schema\/person\/7c2670b4445a7ca9d164ea6acdb31859"},"headline":"SANTUARIOS MARIANOS C.M. en ESPA\u00d1A (XI)","datePublished":"2024-01-14T07:12:01+00:00","mainEntityOfPage":{"@id":"https:\/\/vincentians.com\/es\/santuarios-marianos-c-m-en-espana-xi\/"},"wordCount":400,"commentCount":0,"publisher":{"@id":"http:\/\/vincentians.com\/es\/#organization"},"image":{"@id":"https:\/\/vincentians.com\/es\/santuarios-marianos-c-m-en-espana-xi\/#primaryimage"},"thumbnailUrl":"https:\/\/i0.wp.com\/vincentians.com\/es\/wp-content\/uploads\/sites\/11\/2016\/09\/ojos-jesucristo.jpg?fit=1200%2C630&ssl=1","inLanguage":"es","potentialAction":[{"@type":"CommentAction","name":"Comment","target":["https:\/\/vincentians.com\/es\/santuarios-marianos-c-m-en-espana-xi\/#respond"]}]},{"@type":"WebPage","@id":"https:\/\/vincentians.com\/es\/santuarios-marianos-c-m-en-espana-xi\/","url":"https:\/\/vincentians.com\/es\/santuarios-marianos-c-m-en-espana-xi\/","name":"SANTUARIOS MARIANOS C.M. en ESPA\u00d1A (XI) - Somos Vicencianos","isPartOf":{"@id":"http:\/\/vincentians.com\/es\/#website"},"primaryImageOfPage":{"@id":"https:\/\/vincentians.com\/es\/santuarios-marianos-c-m-en-espana-xi\/#primaryimage"},"image":{"@id":"https:\/\/vincentians.com\/es\/santuarios-marianos-c-m-en-espana-xi\/#primaryimage"},"thumbnailUrl":"https:\/\/i0.wp.com\/vincentians.com\/es\/wp-content\/uploads\/sites\/11\/2016\/09\/ojos-jesucristo.jpg?fit=1200%2C630&ssl=1","datePublished":"2024-01-14T07:12:01+00:00","breadcrumb":{"@id":"https:\/\/vincentians.com\/es\/santuarios-marianos-c-m-en-espana-xi\/#breadcrumb"},"inLanguage":"es","potentialAction":[{"@type":"ReadAction","target":["https:\/\/vincentians.com\/es\/santuarios-marianos-c-m-en-espana-xi\/"]}]},{"@type":"ImageObject","inLanguage":"es","@id":"https:\/\/vincentians.com\/es\/santuarios-marianos-c-m-en-espana-xi\/#primaryimage","url":"https:\/\/i0.wp.com\/vincentians.com\/es\/wp-content\/uploads\/sites\/11\/2016\/09\/ojos-jesucristo.jpg?fit=1200%2C630&ssl=1","contentUrl":"https:\/\/i0.wp.com\/vincentians.com\/es\/wp-content\/uploads\/sites\/11\/2016\/09\/ojos-jesucristo.jpg?fit=1200%2C630&ssl=1","width":1200,"height":630},{"@type":"BreadcrumbList","@id":"https:\/\/vincentians.com\/es\/santuarios-marianos-c-m-en-espana-xi\/#breadcrumb","itemListElement":[{"@type":"ListItem","position":1,"name":"Portada","item":"http:\/\/vincentians.com\/es\/"},{"@type":"ListItem","position":2,"name":"SANTUARIOS MARIANOS C.M. en ESPA\u00d1A (XI)"}]},{"@type":"WebSite","@id":"http:\/\/vincentians.com\/es\/#website","url":"http:\/\/vincentians.com\/es\/","name":"Somos Vicencianos","description":"Know more to serve more","publisher":{"@id":"http:\/\/vincentians.com\/es\/#organization"},"potentialAction":[{"@type":"SearchAction","target":{"@type":"EntryPoint","urlTemplate":"http:\/\/vincentians.com\/es\/?s={search_term_string}"},"query-input":{"@type":"PropertyValueSpecification","valueRequired":true,"valueName":"search_term_string"}}],"inLanguage":"es"},{"@type":"Organization","@id":"http:\/\/vincentians.com\/es\/#organization","name":"The Vincentian Network","url":"http:\/\/vincentians.com\/es\/","logo":{"@type":"ImageObject","inLanguage":"es","@id":"http:\/\/vincentians.com\/es\/#\/schema\/logo\/image\/","url":"https:\/\/i1.wp.com\/vincentians.com\/es\/wp-content\/uploads\/sites\/11\/2016\/06\/Vincentian-Network-logo-big.png?fit=778%2C778","contentUrl":"https:\/\/i1.wp.com\/vincentians.com\/es\/wp-content\/uploads\/sites\/11\/2016\/06\/Vincentian-Network-logo-big.png?fit=778%2C778","width":778,"height":778,"caption":"The Vincentian Network"},"image":{"@id":"http:\/\/vincentians.com\/es\/#\/schema\/logo\/image\/"},"sameAs":["https:\/\/www.facebook.com\/WeAreVincentians\/","https:\/\/x.com\/WeVincentians"]},{"@type":"Person","@id":"http:\/\/vincentians.com\/es\/#\/schema\/person\/7c2670b4445a7ca9d164ea6acdb31859","name":"Mitxel Olabu\u00e9naga","image":{"@type":"ImageObject","inLanguage":"es","@id":"https:\/\/secure.gravatar.com\/avatar\/34137ec2e2b8939cbbed975731e71f3f4f1defc7266ded337a5ce0f925426877?s=96&d=mm&r=g","url":"https:\/\/secure.gravatar.com\/avatar\/34137ec2e2b8939cbbed975731e71f3f4f1defc7266ded337a5ce0f925426877?s=96&d=mm&r=g","contentUrl":"https:\/\/secure.gravatar.com\/avatar\/34137ec2e2b8939cbbed975731e71f3f4f1defc7266ded337a5ce0f925426877?s=96&d=mm&r=g","caption":"Mitxel Olabu\u00e9naga"},"url":"https:\/\/vincentians.com\/es\/author\/mitxel\/"}]}},"jetpack_publicize_connections":[],"jetpack_featured_media_url":"https:\/\/i0.wp.com\/vincentians.com\/es\/wp-content\/uploads\/sites\/11\/2016\/09\/ojos-jesucristo.jpg?fit=1200%2C630&ssl=1","jetpack_sharing_enabled":true,"jetpack_shortlink":"https:\/\/wp.me\/p7ETMF-1Hnw","jetpack-related-posts":[{"id":116019,"url":"https:\/\/vincentians.com\/es\/provincia-de-salamanca-circular-numero-1\/","url_meta":{"origin":405078,"position":0},"title":"Provincia de Salamanca: Circular n\u00famero 1 (1970)","author":"Mitxel Olabu\u00e9naga","date":"25\/07\/2021","format":false,"excerpt":"Salamanca, 3 de abril de 1970. La gracia del Se\u00f1or sea con vosotros. Queridos Padres y Hermanos: En la reuni\u00f3n del Consejo Provincial, Salamanca, 1 al 3 de- abril, se ha pensado en la conveniencia de una reuni\u00f3n inme\u00addiata con nuestras comunidades de la Zona Norte: Salamanca, Villafranca del Bierzo,\u2026","rel":"","context":"En \u00abHistoria de la Congregaci\u00f3n de la Misi\u00f3n en Espa\u00f1a\u00bb","block_context":{"text":"Historia de la Congregaci\u00f3n de la Misi\u00f3n en Espa\u00f1a","link":"https:\/\/vincentians.com\/es\/category\/historia-de-la-familia-vicenciana\/historia-de-la-congregacion-de-la-mision-en-espana\/"},"img":{"alt_text":"","src":"https:\/\/i0.wp.com\/vincentians.com\/es\/wp-content\/uploads\/sites\/11\/2016\/09\/espiritu-de-jesus.jpg?fit=1200%2C630&ssl=1&resize=350%2C200","width":350,"height":200,"srcset":"https:\/\/i0.wp.com\/vincentians.com\/es\/wp-content\/uploads\/sites\/11\/2016\/09\/espiritu-de-jesus.jpg?fit=1200%2C630&ssl=1&resize=350%2C200 1x, https:\/\/i0.wp.com\/vincentians.com\/es\/wp-content\/uploads\/sites\/11\/2016\/09\/espiritu-de-jesus.jpg?fit=1200%2C630&ssl=1&resize=525%2C300 1.5x, https:\/\/i0.wp.com\/vincentians.com\/es\/wp-content\/uploads\/sites\/11\/2016\/09\/espiritu-de-jesus.jpg?fit=1200%2C630&ssl=1&resize=700%2C400 2x, https:\/\/i0.wp.com\/vincentians.com\/es\/wp-content\/uploads\/sites\/11\/2016\/09\/espiritu-de-jesus.jpg?fit=1200%2C630&ssl=1&resize=1050%2C600 3x"},"classes":[]},{"id":1207,"url":"https:\/\/vincentians.com\/es\/momentos-dificiles-1-ayamonte-julio-de-1976\/","url_meta":{"origin":405078,"position":1},"title":"Momentos dif\u00edciles 1: Ayamonte, Julio de 1936","author":"Mitxel Olabu\u00e9naga","date":"20\/12\/2014","format":false,"excerpt":"\"Que se preve\u00eda algo gordo es indudable, pero no de tanto bulto como la realidad ha venido a demostrar; tantas veces hab\u00edan anunciado la cat\u00e1strofe, que al llegar tampoco se cre\u00eda en ella, y hemos salido de ella merced a la intervenci\u00f3n visible del cielo. Recuerdo que yo llegu\u00e9 a\u2026","rel":"","context":"En \u00abHistoria de la Congregaci\u00f3n de la Misi\u00f3n en Espa\u00f1a\u00bb","block_context":{"text":"Historia de la Congregaci\u00f3n de la Misi\u00f3n en Espa\u00f1a","link":"https:\/\/vincentians.com\/es\/category\/historia-de-la-familia-vicenciana\/historia-de-la-congregacion-de-la-mision-en-espana\/"},"img":{"alt_text":"","src":"https:\/\/i0.wp.com\/vicencianos.org\/wp-content\/2011\/06\/ESCUDOCM3-237x300.jpg?resize=350%2C200","width":350,"height":200},"classes":[]},{"id":36401,"url":"https:\/\/vincentians.com\/es\/y-tu-por-que-no\/","url_meta":{"origin":405078,"position":2},"title":"Y tu&#8230; \u00bfPor qu\u00e9 no?","author":"Francisco Javier Fern\u00e1ndez Chento","date":"30\/07\/2020","format":false,"excerpt":"\u00bfTe sientes llamado a seguir a Jesucristo en la persona de los pobres, como Misionero Pa\u00fal o Hija de la Caridad? D\u00e9janos acompa\u00f1arte... \u00bfQui\u00e9nes somos? \u00bfQu\u00e9 hacemos? Hijas de la Caridad Nacemos en el S. XVII, el 29 de Noviembre de 1.633. En respuesta a la llamada de Dios en\u2026","rel":"","context":"En \u00abPastoral Vocacional\u00bb","block_context":{"text":"Pastoral Vocacional","link":"https:\/\/vincentians.com\/es\/category\/servicios-y-ministerios\/pastoral-vocacional\/"},"img":{"alt_text":"","src":"https:\/\/i0.wp.com\/vincentians.com\/es\/wp-content\/uploads\/sites\/11\/2017\/04\/vicente-y-eucaristia.jpg?fit=1200%2C630&ssl=1&resize=350%2C200","width":350,"height":200,"srcset":"https:\/\/i0.wp.com\/vincentians.com\/es\/wp-content\/uploads\/sites\/11\/2017\/04\/vicente-y-eucaristia.jpg?fit=1200%2C630&ssl=1&resize=350%2C200 1x, https:\/\/i0.wp.com\/vincentians.com\/es\/wp-content\/uploads\/sites\/11\/2017\/04\/vicente-y-eucaristia.jpg?fit=1200%2C630&ssl=1&resize=525%2C300 1.5x, https:\/\/i0.wp.com\/vincentians.com\/es\/wp-content\/uploads\/sites\/11\/2017\/04\/vicente-y-eucaristia.jpg?fit=1200%2C630&ssl=1&resize=700%2C400 2x, https:\/\/i0.wp.com\/vincentians.com\/es\/wp-content\/uploads\/sites\/11\/2017\/04\/vicente-y-eucaristia.jpg?fit=1200%2C630&ssl=1&resize=1050%2C600 3x"},"classes":[]},{"id":39669,"url":"https:\/\/vincentians.com\/es\/misiones-populares-en-espana-1975-2000-1989\/","url_meta":{"origin":405078,"position":3},"title":"Misiones populares en Espa\u00f1a, 1975-2000: 1989","author":"Francisco Javier Fern\u00e1ndez Chento","date":"03\/11\/2014","format":false,"excerpt":"1989 \u00a0 1.- AYAMONTE, ISLA CANELA y PUNTA DEL MORAL (Huelva): 7 de Enero. PP. Pedro Pascual, Andr\u00e9s Pato, Manuel Canal, Manuel Freire, Francisco Salinero, Rafael Carracedo, Juan Velasco, Jes\u00fas Arellano y Baltasar Indurain. (An.1989 y BPS). Junto con varias HH. de la C. y seminaristas. \u00a0 2.- PUNTA UMBR\u00cdA\u2026","rel":"","context":"En \u00abMisiones \u00abAd gentes\u00bb\u00bb","block_context":{"text":"Misiones \u00abAd gentes\u00bb","link":"https:\/\/vincentians.com\/es\/category\/servicios-y-ministerios\/misiones-ad-gentes\/"},"img":{"alt_text":"Catedral de Sig\u00fcenza","src":"https:\/\/i0.wp.com\/vicencianos.org\/wp-content\/2011\/05\/siguenza-300x195.jpg?resize=350%2C200","width":350,"height":200},"classes":[]},{"id":130257,"url":"https:\/\/vincentians.com\/es\/un-perfil-heroico-santa-luisa-de-marillac-05\/","url_meta":{"origin":405078,"position":4},"title":"Un perfil heroico: santa Luisa de Marillac (05)","author":"Francisco Javier Fern\u00e1ndez Chento","date":"27\/02\/2015","format":false,"excerpt":"PARA que sepas d\u00f3nde est\u00e1 la vida y la luz de tus ojos, y la paz. (Baruc, III.) \"...se me asegur\u00f3 que deb\u00eda reposar en la idea de que Dios me dar\u00eda un director que me hiciera ver clara la situaci\u00f3n de mi alma; sin embargo, me parec\u00eda que este\u2026","rel":"","context":"En \u00abLuisa de Marillac\u00bb","block_context":{"text":"Luisa de Marillac","link":"https:\/\/vincentians.com\/es\/category\/la-familia-vicenciana\/fundadores\/luisa-de-marillac\/"},"img":{"alt_text":"OLYMPUS DIGITAL CAMERA","src":"https:\/\/i0.wp.com\/vicencianos.org\/wp-content\/2014\/04\/louise-marillac-300x248.jpg?resize=350%2C200","width":350,"height":200},"classes":[]},{"id":107172,"url":"https:\/\/vincentians.com\/es\/honrar-al-dios-trinidad\/","url_meta":{"origin":405078,"position":5},"title":"Honrar al Dios Trinidad","author":"Francisco Javier Fern\u00e1ndez Chento","date":"30\/06\/2018","format":false,"excerpt":"En su oraci\u00f3n, su meditaci\u00f3n, Luisa de Marillac no se\u00adpara la Humanidad santa de Cristo de su Divinidad. Je\u00adsucristo, Hijo de Mar\u00eda, Jesucristo, Redentor del mundo, es el Hijo de Dios, la segunda Persona de la Sant\u00edsima Tri\u00adnidad. Con la Iglesia, Luisa descubre en Jesucristo al Dios que es Amor.\u2026","rel":"","context":"En \u00abEspiritualidad vicenciana\u00bb","block_context":{"text":"Espiritualidad vicenciana","link":"https:\/\/vincentians.com\/es\/category\/espiritualidad\/espiritualidad-vicenciana\/"},"img":{"alt_text":"","src":"https:\/\/i0.wp.com\/vincentians.com\/es\/wp-content\/uploads\/sites\/11\/2011\/11\/espiritualidad.jpg?fit=310%2C285&ssl=1&resize=350%2C200","width":350,"height":200},"classes":[]}],"_links":{"self":[{"href":"https:\/\/vincentians.com\/es\/wp-json\/wp\/v2\/posts\/405078","targetHints":{"allow":["GET"]}}],"collection":[{"href":"https:\/\/vincentians.com\/es\/wp-json\/wp\/v2\/posts"}],"about":[{"href":"https:\/\/vincentians.com\/es\/wp-json\/wp\/v2\/types\/post"}],"author":[{"embeddable":true,"href":"https:\/\/vincentians.com\/es\/wp-json\/wp\/v2\/users\/5"}],"replies":[{"embeddable":true,"href":"https:\/\/vincentians.com\/es\/wp-json\/wp\/v2\/comments?post=405078"}],"version-history":[{"count":2,"href":"https:\/\/vincentians.com\/es\/wp-json\/wp\/v2\/posts\/405078\/revisions"}],"predecessor-version":[{"id":405080,"href":"https:\/\/vincentians.com\/es\/wp-json\/wp\/v2\/posts\/405078\/revisions\/405080"}],"wp:featuredmedia":[{"embeddable":true,"href":"https:\/\/vincentians.com\/es\/wp-json\/wp\/v2\/media\/399888"}],"wp:attachment":[{"href":"https:\/\/vincentians.com\/es\/wp-json\/wp\/v2\/media?parent=405078"}],"wp:term":[{"taxonomy":"category","embeddable":true,"href":"https:\/\/vincentians.com\/es\/wp-json\/wp\/v2\/categories?post=405078"},{"taxonomy":"post_tag","embeddable":true,"href":"https:\/\/vincentians.com\/es\/wp-json\/wp\/v2\/tags?post=405078"}],"curies":[{"name":"wp","href":"https:\/\/api.w.org\/{rel}","templated":true}]}}