{"id":404641,"date":"2023-04-18T08:32:07","date_gmt":"2023-04-18T06:32:07","guid":{"rendered":"http:\/\/vincentians.com\/es\/?p=404641"},"modified":"2023-01-15T12:39:09","modified_gmt":"2023-01-15T11:39:09","slug":"una-carta-de-san-vicente-a-santa-juana-fremiot-de-chantal-i","status":"publish","type":"post","link":"https:\/\/vincentians.com\/es\/una-carta-de-san-vicente-a-santa-juana-fremiot-de-chantal-i\/","title":{"rendered":"Una carta de san Vicente a santa Juana Fremiot de Chantal (I)"},"content":{"rendered":"<p>\u00abY como desea saber en qu\u00e9 consiste nuestra peque\u00f1a mane\u00adra de vivir, le dir\u00e9, mi dign\u00edsima madre&#8230;\u00bb. As\u00ed comienza la parte m\u00e1s sustancial e importante de la extensa carta que escribe Vicente de Pa\u00fal a Juana Francisca Fremiot de Chantal, el 14 de julio de 1639. En esta carta, con un lenguaje lleno de amistad, confianza y unci\u00f3n, Vicente de Pa\u00fal va detallando el esp\u00edritu, la finalidad y el estilo de vida de los misioneros pa\u00fales. Casi se trata de una especie de documento notarial donde se da fe de c\u00f3mo es la Congregaci\u00f3n naciente.<\/p>\n<p>Evidentemente, esta carta aborda varios apartados fundamen\u00adtales de la vida y de la actividad de la Congregaci\u00f3n de la Misi\u00f3n. Vicente de Pa\u00fal los va enumerando y explicando con orden y precisi\u00f3n.<\/p>\n<p>En primer lugar, expone la raz\u00f3n de ser y la finalidad de la Congregaci\u00f3n: \u00abNuestra peque\u00f1a Compa\u00f1\u00eda se ha instituido para ir de aldea en aldea a sus expensas, predicar, catequizar y hacer que el pobre pueblo haga confesi\u00f3n general de toda su vida pasada; trabajar en el arreglo de las diferencias que all\u00ed encontremos, y hacer todo lo posible para que los pobres enfer\u00admos sean asistidos corporal y espiritualmente por la cofrad\u00eda de la Caridad, compuesta de mujeres, que establecemos en los lugares en que hacemos la misi\u00f3n, y que lo desean\u00bb. Este ministerio principal lo complementa con otra ocupaci\u00f3n no menos importante: \u00abLa de recibir en nuestras casas a los que tienen que recibir las \u00f3rdenes, diez d\u00edas antes de la ordenaci\u00f3n, para alimentarlos y mantenerlos y ense\u00f1arles durante ese tiempo la teolog\u00eda pr\u00e1ctica, las ceremonias de la Iglesia y hacer y practicar la oraci\u00f3n mental\u00bb.<\/p>\n<p>No pierde de vista la obediencia a los obispos: \u00abvivimos en el esp\u00edritu de los servidores del Evangelio en relaci\u00f3n con nuestros se\u00f1ores los obispos, que cuando nos dicen: Id all\u00e1, all\u00e1 vamos; Venid ac\u00e1, venimos; Haced esto, y lo hacemos\u00bb, aunque, para que no haya equ\u00edvocos, deja bien claro que, en lo referente al r\u00e9gimen interno o dom\u00e9stico, la Congregaci\u00f3n no depende de los obispos, sino de un Superior General.<\/p>\n<p>Insiste en algo muy querido por \u00e9l y que ven\u00eda dando vueltas desde hac\u00eda tiempo: \u00abLa mayor parte de nosotros hemos hecho los tres votos de pobreza, castidad y obediencia, y el cuarto de dedicarnos, durante toda nuestra vida, a la asistencia del pobre pueblo\u00bb. En este apartado, Vicente de Pa\u00fal habla de la intenci\u00f3n de hacer \u00abun quinto voto\u00bb: el de \u00abobediencia a nuestros se\u00f1ores los obispos, en las di\u00f3cesis en que estemos establecidos\u00bb (Esto nunca se llev\u00f3 a cabo).<\/p>\n<p>Pone un \u00e9nfasis especial en decir que \u00abtenemos que vivir reli\u00adgiosamente, aunque no seamos religiosos\u00bb. Para lo cual traza todo un programa de c\u00f3mo es y debe ser un d\u00eda en una Casa de la Congregaci\u00f3n: \u00abNos levantamos, por la ma\u00f1ana, a las cuatro, empleamos media hora en vestirnos y hacer la cama, tenemos una hora de oraci\u00f3n mental juntos en la iglesia, recitamos juntos prima, tercia, sexta y nona; luego celebramos nuestras misas, cada uno en su turno; hecho esto, cada uno se retira a su habita\u00adci\u00f3n a estudiar. A las diez y media, se tiene un examen particular sobre la virtud que se intenta conseguir; luego, se va al refecto\u00adrio para comer, con porci\u00f3n y lectura en la mesa; hecho esto, vamos juntos a adorar al Sant\u00edsimo Sacramento y a decir el Angelus Domini nuntiavit Mariae, etc., y se tiene luego una hora de recreo todos juntos; despu\u00e9s cada uno se retira a su habitaci\u00f3n hasta las dos, para rezar juntos v\u00edsperas y completas. Volvemos a estudiar a la habitaci\u00f3n hasta las cinco, en que rezamos juntos maitines y laudes. Despu\u00e9s se tiene otro examen particular, se cena a continuaci\u00f3n y tenemos otra hora de recreo, acabada la cual vamos a la iglesia a hacer el examen general, las oraciones de la noche y la lectura de los puntos de la oraci\u00f3n del d\u00eda siguiente por la ma\u00f1ana. Hecho esto, cada uno se retira a su habi\u00adtaci\u00f3n y se acuesta a las nueve\u00bb.<\/p>\n<p>Tambi\u00e9n concreta y programa la actividad apost\u00f3lica y la forma de llevarla a cabo: \u00abCuando estamos misionando por los campos, hacemos lo mismo poco m\u00e1s o menos, pero vamos a la iglesia a las seis de la ma\u00f1ana para celebrar la santa misa y confesar, despu\u00e9s de la predicaci\u00f3n que acaba de hacer uno de la Compa\u00f1\u00eda tras la misa que ha dicho anteriormente; se con\u00adfiesa hasta las once; luego se va a comer y se vuelve a la igle\u00adsia a las dos para confesar hasta las cinco; despu\u00e9s de lo cual, uno tiene el catecismo y los dem\u00e1s se van a decir maitines y laudes, para cenar a las seis\u00bb. \u00abSe tiene como m\u00e1xima no pre\u00addicar, catequizar ni confesar en las ciudades donde hay obispa\u00addo y no salir de una aldea hasta que todo el pueblo haya sido instruido en las cosas necesarias para la salvaci\u00f3n y que cada uno haya hecho su confesi\u00f3n general&#8230;\u00bb. \u00abTrabajamos desde alrededor de Todos los Santos hasta la fiesta de san Juan y deja\u00admos los meses de julio, agosto y septiembre y una parte de octubre para que el pueblo haga la cosecha y la vendimia; y cuando se ha trabajado unos veinte d\u00edas, descansamos ocho o diez&#8230;\u00bb.<\/p>\n<p>Como colof\u00f3n, Vicente de Pa\u00fal se detiene en lo que podr\u00eda\u00admos calificar de \u00abejercicios piadosos\u00bb o pr\u00e1cticas espirituales\u00bb: \u00abHacemos ejercicios espirituales todos los a\u00f1os, tenemos cap\u00edtu\u00adlo todos los viernes por la ma\u00f1ana, donde cada uno se acusa de sus faltas, recibe la penitencia que el superior le impone y est\u00e1 obligado a cumplirla; y dos sacerdotes y dos hermanos piden a la comunidad la caridad de ser amonestados de sus faltas y, des\u00adpu\u00e9s de esos, otros por turno, y aquel mismo d\u00eda por la tarde se tiene una conferencia sobre el tema de nuestras reglas y de la pr\u00e1ctica de las virtudes, en la que cada uno dice los pensamien\u00adtos que Nuestro Se\u00f1or le ha dado sobre el tema de que se trata, haciendo oraci\u00f3n sobre el mismo\u00bb.<\/p>\n<p>Todo ello completado con algunas disposiciones disciplina\u00adres: \u00abNunca salimos sin permiso, y s\u00f3lo de dos en dos y, a la vuelta, cada uno va a buscar al superior para darle cuenta de lo que ha hecho. No se escriben ni se reciben cartas sin que el supe\u00adrior las haya visto y aceptado. Todos est\u00e1n obligados a ver con agrado que sus faltas sean referidas caritativamente al superior y a esforzarse en recibir y en dar las amonestaciones que sean necesarias a los dem\u00e1s. Se observa el silencio desde la noche hasta el final de la comida del d\u00eda siguiente y despu\u00e9s de la recre\u00adaci\u00f3n de la ma\u00f1ana hasta la de la tarde\u00bb.<\/p>\n<p>Y a\u00fan a\u00f1ade algo que afecta al ser de la Congregaci\u00f3n: \u00abSe tienen dos a\u00f1os de seminario, o sea, de noviciado, en los que cada uno se ejercita con exactitud, por la misericordia de Dios, de forma que, por varias razones, los seminaristas no tratan sin permiso con los sacerdotes\u00bb.<\/p>\n<p>Y concluye esta exposici\u00f3n pidiendo el parecer, casi con angustia, a la destinataria, a la Madre Chantal: \u00abEsta es, mi que\u00adrid\u00edsima y dign\u00edsima madre, nuestra peque\u00f1a manera de vivir. Tenga la caridad, por amor de Nuestro Se\u00f1or, de darnos su opi\u00adni\u00f3n sobre ella, por favor, y puede creer, mi querida madre, que la recibir\u00e9 como si viniese de parte de Dios, por cuyo amor le pido este favor&#8230;\u00bb.<\/p>\n<p>EL CONTEXTO<\/p>\n<p>Una vez expuesto el texto \u2014por lo menos, el meollo y lo m\u00e1s sustancial\u2014 de la carta de Vicente de Pa\u00fal a la Madre Chantal, ser\u00e1 bueno y necesario situarlo en su contexto, es decir, en sus coordenadas, circunstancias, motivaciones, intereses, objetivos&#8230;<\/p>\n<p>Antes que nada hay que subrayar la amistad, cari\u00f1o y con\u00adfianza entre el que escribe y la destinataria del escrito. S\u00f3lo as\u00ed se pueden entender algunos giros y expresiones de la carta llenos de afecto y ternura nada habitual en Vicente de Pa\u00fal. Hay dos personas que influyen decisivamente en la vida de Vicente de Pa\u00fal: Francisco de Sales, el bienaventurado obispo de Ginebra, y la Madre Chantal. Vicente de Pa\u00fal fue, durante 38 a\u00f1os, hasta el final de su vida, superior eclesi\u00e1stico de las religiosas de la Visitaci\u00f3n de Par\u00eds, escogido y nombrado por los fundadores de esa orden, Francisco de Sales y la Madre Chantal&#8217; . Adem\u00e1s, a la muerte de Francisco de Sales, Vicente de Pa\u00fal se hizo cargo de la direcci\u00f3n espiritual de la Madre Chantal. El estilo de esta direcci\u00f3n espiritual es, por lo menos, distinto y peculiar. Una breve colecci\u00f3n de deliciosas cartas ejemplarizan esta forma de direcci\u00f3n: son cartas muy afectuosas, impregnadas de la dulzura salesiana, adornadas de ternura sin disimulos, no exentas de cier\u00adta cursiler\u00eda sentimental que hoy nos har\u00edan sonre\u00edr socarrona\u00admente, llenas de signos de admiraci\u00f3n al referirse a la \u00abdign\u00edsima y muy querida y amada madre, la \u00fanica madre\u00bb&#8230;<sup>2<\/sup>, pero, a la vez, tienen la solemnidad y el respeto requerido y adecuado. Hay algo muy curioso en la relaci\u00f3n de Vicente de Pa\u00fal con la Madre Chantal: da la impresi\u00f3n de que la dirigida es, en realidad, la que dirige al director. Constantemente, Vicente de Pa\u00fal consulta y pide opini\u00f3n a la Madre Chantal. Por ejemplo, y sin ir m\u00e1s lejos, en la carta que estamos reflexionando, Vicente de Pa\u00fal pide, ansiosamente, opini\u00f3n a la Madre Chantal sobre la manera de vivir de los misioneros.<\/p>\n<p>Esta carta hay que situarla tambi\u00e9n en una circunstancia con\u00adcreta: Vicente de Pa\u00fal se decide a establecer dos misioneros en Annecy, la \u00abdi\u00f3cesis de los santos\u00bb como \u00e9l la califica. En el monasterio de la Visitaci\u00f3n Annecy estaba la Madre Chantal como superiora. Y Vicente de Pa\u00fal, antes de establecer all\u00ed a los misioneros, expone a la Madre Chantal, para su aprobaci\u00f3n o rechazo, una especie de reglamento de la Congregaci\u00f3n tal y como se viv\u00eda en 1639. Como dice en la carta, Vicente de Pa\u00fal espera la opini\u00f3n de la Madre Chantal como venida de Dios mismo. Para Vicente de Pa\u00fal, en este tema y en otros, la palabra de la Madre Chantal era absolutamente definitiva y definitoria.<\/p>\n<p>Alguien ha insinuado que, con esta carta, Vicente se quitaba una parte de la espina clavada en lo m\u00e1s profundo de su ser. Y es que a Vicente de Pa\u00fal le remord\u00eda la conciencia por no haber dado a luz todav\u00eda las Reglas Comunes de la naciente Congre\u00adgaci\u00f3n de la Misi\u00f3n. Hacia 1635, sin que pueda precisarse m\u00e1s, escrib\u00eda estas l\u00edneas: \u00abHace dos o tres d\u00edas ca\u00ed peligrosamente enfermo; esto me hace pensar en la muerte. Por la gracia de Dios, adoro su voluntad y la acato con todo mi coraz\u00f3n; al examinar\u00adme sobre lo que podr\u00eda causarme alguna pena, he visto que no hay nada, a no ser que todav\u00eda no hemos hecho nuestras reglas\u00bb. Y no es exagerado concluir que Vicente de Pa\u00fal necesitaba, en conciencia, dejar por escrito un esbozo, borrador o adelanto de las Reglas. Y qui\u00e9n mejor que la Madre Chantal como deposita\u00adria de un legado tan vital e importante.<\/p>\n<p>CEME<\/p>\n<p>Celestino Fern\u00e1ndez<\/p>\n<p>&nbsp;<\/p>\n","protected":false},"excerpt":{"rendered":"<p>\u00abY como desea saber en qu\u00e9 consiste nuestra peque\u00f1a mane\u00adra de vivir, le dir\u00e9, mi dign\u00edsima madre&#8230;\u00bb. As\u00ed comienza la parte m\u00e1s sustancial e importante de la extensa carta que escribe Vicente de Pa\u00fal a &#8230; <a href=\"https:\/\/vincentians.com\/es\/una-carta-de-san-vicente-a-santa-juana-fremiot-de-chantal-i\/\" class=\"more-link\">Read More<\/a><\/p>\n","protected":false},"author":5,"featured_media":404099,"comment_status":"open","ping_status":"open","sticky":false,"template":"","format":"standard","meta":{"jetpack_post_was_ever_published":false,"_jetpack_newsletter_access":"","_jetpack_dont_email_post_to_subs":false,"_jetpack_newsletter_tier_id":0,"_jetpack_memberships_contains_paywalled_content":false,"_jetpack_memberships_contains_paid_content":false,"footnotes":"","jetpack_publicize_message":"","jetpack_publicize_feature_enabled":true,"jetpack_social_post_already_shared":true,"jetpack_social_options":{"image_generator_settings":{"template":"highway","default_image_id":0,"font":"","enabled":false},"version":2}},"categories":[65],"tags":[],"class_list":["post-404641","post","type-post","status-publish","format-standard","has-post-thumbnail","hentry","category-escritos-de-vicente-de-paul"],"yoast_head":"<!-- This site is optimized with the Yoast SEO plugin v26.3 - https:\/\/yoast.com\/wordpress\/plugins\/seo\/ -->\n<title>Una carta de san Vicente a santa Juana Fremiot de Chantal (I) - Somos Vicencianos<\/title>\n<meta name=\"robots\" content=\"index, follow, max-snippet:-1, max-image-preview:large, max-video-preview:-1\" \/>\n<link rel=\"canonical\" href=\"http:\/\/vincentians.com\/es\/una-carta-de-san-vicente-a-santa-juana-fremiot-de-chantal-i\/\" \/>\n<meta property=\"og:locale\" content=\"es_ES\" \/>\n<meta property=\"og:type\" content=\"article\" \/>\n<meta property=\"og:title\" content=\"Una carta de san Vicente a santa Juana Fremiot de Chantal (I) - Somos Vicencianos\" \/>\n<meta property=\"og:description\" content=\"\u00abY como desea saber en qu\u00e9 consiste nuestra peque\u00f1a mane\u00adra de vivir, le dir\u00e9, mi dign\u00edsima madre&#8230;\u00bb. As\u00ed comienza la parte m\u00e1s sustancial e importante de la extensa carta que escribe Vicente de Pa\u00fal a ... Read More\" \/>\n<meta property=\"og:url\" content=\"http:\/\/vincentians.com\/es\/una-carta-de-san-vicente-a-santa-juana-fremiot-de-chantal-i\/\" \/>\n<meta property=\"og:site_name\" content=\"Somos Vicencianos\" \/>\n<meta property=\"article:publisher\" content=\"https:\/\/www.facebook.com\/WeAreVincentians\/\" \/>\n<meta property=\"article:published_time\" content=\"2023-04-18T06:32:07+00:00\" \/>\n<meta property=\"og:image\" content=\"https:\/\/i0.wp.com\/vincentians.com\/es\/wp-content\/uploads\/sites\/11\/2013\/01\/c.jpg?fit=979%2C739\" \/>\n\t<meta property=\"og:image:width\" content=\"979\" \/>\n\t<meta property=\"og:image:height\" content=\"739\" \/>\n\t<meta property=\"og:image:type\" content=\"image\/jpeg\" \/>\n<meta name=\"author\" content=\"Mitxel Olabu\u00e9naga\" \/>\n<meta name=\"twitter:card\" content=\"summary_large_image\" \/>\n<meta name=\"twitter:creator\" content=\"@WeVincentians\" \/>\n<meta name=\"twitter:site\" content=\"@WeVincentians\" \/>\n<meta name=\"twitter:label1\" content=\"Escrito por\" \/>\n\t<meta name=\"twitter:data1\" content=\"Mitxel Olabu\u00e9naga\" \/>\n\t<meta name=\"twitter:label2\" content=\"Tiempo de lectura\" \/>\n\t<meta name=\"twitter:data2\" content=\"9 minutos\" \/>\n<script type=\"application\/ld+json\" class=\"yoast-schema-graph\">{\"@context\":\"https:\/\/schema.org\",\"@graph\":[{\"@type\":\"Article\",\"@id\":\"http:\/\/vincentians.com\/es\/una-carta-de-san-vicente-a-santa-juana-fremiot-de-chantal-i\/#article\",\"isPartOf\":{\"@id\":\"http:\/\/vincentians.com\/es\/una-carta-de-san-vicente-a-santa-juana-fremiot-de-chantal-i\/\"},\"author\":{\"name\":\"Mitxel Olabu\u00e9naga\",\"@id\":\"https:\/\/vincentians.com\/es\/#\/schema\/person\/7c2670b4445a7ca9d164ea6acdb31859\"},\"headline\":\"Una carta de san Vicente a santa Juana Fremiot de Chantal (I)\",\"datePublished\":\"2023-04-18T06:32:07+00:00\",\"mainEntityOfPage\":{\"@id\":\"http:\/\/vincentians.com\/es\/una-carta-de-san-vicente-a-santa-juana-fremiot-de-chantal-i\/\"},\"wordCount\":2034,\"commentCount\":0,\"publisher\":{\"@id\":\"https:\/\/vincentians.com\/es\/#organization\"},\"image\":{\"@id\":\"http:\/\/vincentians.com\/es\/una-carta-de-san-vicente-a-santa-juana-fremiot-de-chantal-i\/#primaryimage\"},\"thumbnailUrl\":\"https:\/\/i0.wp.com\/vincentians.com\/es\/wp-content\/uploads\/sites\/11\/2013\/01\/c.jpg?fit=979%2C739&ssl=1\",\"articleSection\":[\"Escritos de Vicente de Pa\u00fal\"],\"inLanguage\":\"es\",\"potentialAction\":[{\"@type\":\"CommentAction\",\"name\":\"Comment\",\"target\":[\"http:\/\/vincentians.com\/es\/una-carta-de-san-vicente-a-santa-juana-fremiot-de-chantal-i\/#respond\"]}]},{\"@type\":\"WebPage\",\"@id\":\"http:\/\/vincentians.com\/es\/una-carta-de-san-vicente-a-santa-juana-fremiot-de-chantal-i\/\",\"url\":\"http:\/\/vincentians.com\/es\/una-carta-de-san-vicente-a-santa-juana-fremiot-de-chantal-i\/\",\"name\":\"Una carta de san Vicente a santa Juana Fremiot de Chantal (I) - Somos Vicencianos\",\"isPartOf\":{\"@id\":\"https:\/\/vincentians.com\/es\/#website\"},\"primaryImageOfPage\":{\"@id\":\"http:\/\/vincentians.com\/es\/una-carta-de-san-vicente-a-santa-juana-fremiot-de-chantal-i\/#primaryimage\"},\"image\":{\"@id\":\"http:\/\/vincentians.com\/es\/una-carta-de-san-vicente-a-santa-juana-fremiot-de-chantal-i\/#primaryimage\"},\"thumbnailUrl\":\"https:\/\/i0.wp.com\/vincentians.com\/es\/wp-content\/uploads\/sites\/11\/2013\/01\/c.jpg?fit=979%2C739&ssl=1\",\"datePublished\":\"2023-04-18T06:32:07+00:00\",\"breadcrumb\":{\"@id\":\"http:\/\/vincentians.com\/es\/una-carta-de-san-vicente-a-santa-juana-fremiot-de-chantal-i\/#breadcrumb\"},\"inLanguage\":\"es\",\"potentialAction\":[{\"@type\":\"ReadAction\",\"target\":[\"http:\/\/vincentians.com\/es\/una-carta-de-san-vicente-a-santa-juana-fremiot-de-chantal-i\/\"]}]},{\"@type\":\"ImageObject\",\"inLanguage\":\"es\",\"@id\":\"http:\/\/vincentians.com\/es\/una-carta-de-san-vicente-a-santa-juana-fremiot-de-chantal-i\/#primaryimage\",\"url\":\"https:\/\/i0.wp.com\/vincentians.com\/es\/wp-content\/uploads\/sites\/11\/2013\/01\/c.jpg?fit=979%2C739&ssl=1\",\"contentUrl\":\"https:\/\/i0.wp.com\/vincentians.com\/es\/wp-content\/uploads\/sites\/11\/2013\/01\/c.jpg?fit=979%2C739&ssl=1\",\"width\":979,\"height\":739},{\"@type\":\"BreadcrumbList\",\"@id\":\"http:\/\/vincentians.com\/es\/una-carta-de-san-vicente-a-santa-juana-fremiot-de-chantal-i\/#breadcrumb\",\"itemListElement\":[{\"@type\":\"ListItem\",\"position\":1,\"name\":\"Portada\",\"item\":\"https:\/\/vincentians.com\/es\/\"},{\"@type\":\"ListItem\",\"position\":2,\"name\":\"Una carta de san Vicente a santa Juana Fremiot de Chantal (I)\"}]},{\"@type\":\"WebSite\",\"@id\":\"https:\/\/vincentians.com\/es\/#website\",\"url\":\"https:\/\/vincentians.com\/es\/\",\"name\":\"Somos Vicencianos\",\"description\":\"Know more to serve more\",\"publisher\":{\"@id\":\"https:\/\/vincentians.com\/es\/#organization\"},\"potentialAction\":[{\"@type\":\"SearchAction\",\"target\":{\"@type\":\"EntryPoint\",\"urlTemplate\":\"https:\/\/vincentians.com\/es\/?s={search_term_string}\"},\"query-input\":{\"@type\":\"PropertyValueSpecification\",\"valueRequired\":true,\"valueName\":\"search_term_string\"}}],\"inLanguage\":\"es\"},{\"@type\":\"Organization\",\"@id\":\"https:\/\/vincentians.com\/es\/#organization\",\"name\":\"The Vincentian Network\",\"url\":\"https:\/\/vincentians.com\/es\/\",\"logo\":{\"@type\":\"ImageObject\",\"inLanguage\":\"es\",\"@id\":\"https:\/\/vincentians.com\/es\/#\/schema\/logo\/image\/\",\"url\":\"https:\/\/i1.wp.com\/vincentians.com\/es\/wp-content\/uploads\/sites\/11\/2016\/06\/Vincentian-Network-logo-big.png?fit=778%2C778\",\"contentUrl\":\"https:\/\/i1.wp.com\/vincentians.com\/es\/wp-content\/uploads\/sites\/11\/2016\/06\/Vincentian-Network-logo-big.png?fit=778%2C778\",\"width\":778,\"height\":778,\"caption\":\"The Vincentian Network\"},\"image\":{\"@id\":\"https:\/\/vincentians.com\/es\/#\/schema\/logo\/image\/\"},\"sameAs\":[\"https:\/\/www.facebook.com\/WeAreVincentians\/\",\"https:\/\/x.com\/WeVincentians\"]},{\"@type\":\"Person\",\"@id\":\"https:\/\/vincentians.com\/es\/#\/schema\/person\/7c2670b4445a7ca9d164ea6acdb31859\",\"name\":\"Mitxel Olabu\u00e9naga\",\"image\":{\"@type\":\"ImageObject\",\"inLanguage\":\"es\",\"@id\":\"https:\/\/vincentians.com\/es\/#\/schema\/person\/image\/\",\"url\":\"https:\/\/secure.gravatar.com\/avatar\/34137ec2e2b8939cbbed975731e71f3f4f1defc7266ded337a5ce0f925426877?s=96&d=mm&r=g\",\"contentUrl\":\"https:\/\/secure.gravatar.com\/avatar\/34137ec2e2b8939cbbed975731e71f3f4f1defc7266ded337a5ce0f925426877?s=96&d=mm&r=g\",\"caption\":\"Mitxel Olabu\u00e9naga\"},\"url\":\"https:\/\/vincentians.com\/es\/author\/mitxel\/\"}]}<\/script>\n<!-- \/ Yoast SEO plugin. -->","yoast_head_json":{"title":"Una carta de san Vicente a santa Juana Fremiot de Chantal (I) - Somos Vicencianos","robots":{"index":"index","follow":"follow","max-snippet":"max-snippet:-1","max-image-preview":"max-image-preview:large","max-video-preview":"max-video-preview:-1"},"canonical":"http:\/\/vincentians.com\/es\/una-carta-de-san-vicente-a-santa-juana-fremiot-de-chantal-i\/","og_locale":"es_ES","og_type":"article","og_title":"Una carta de san Vicente a santa Juana Fremiot de Chantal (I) - Somos Vicencianos","og_description":"\u00abY como desea saber en qu\u00e9 consiste nuestra peque\u00f1a mane\u00adra de vivir, le dir\u00e9, mi dign\u00edsima madre&#8230;\u00bb. As\u00ed comienza la parte m\u00e1s sustancial e importante de la extensa carta que escribe Vicente de Pa\u00fal a ... Read More","og_url":"http:\/\/vincentians.com\/es\/una-carta-de-san-vicente-a-santa-juana-fremiot-de-chantal-i\/","og_site_name":"Somos Vicencianos","article_publisher":"https:\/\/www.facebook.com\/WeAreVincentians\/","article_published_time":"2023-04-18T06:32:07+00:00","og_image":[{"width":979,"height":739,"url":"https:\/\/i0.wp.com\/vincentians.com\/es\/wp-content\/uploads\/sites\/11\/2013\/01\/c.jpg?fit=979%2C739","type":"image\/jpeg"}],"author":"Mitxel Olabu\u00e9naga","twitter_card":"summary_large_image","twitter_creator":"@WeVincentians","twitter_site":"@WeVincentians","twitter_misc":{"Escrito por":"Mitxel Olabu\u00e9naga","Tiempo de lectura":"9 minutos"},"schema":{"@context":"https:\/\/schema.org","@graph":[{"@type":"Article","@id":"http:\/\/vincentians.com\/es\/una-carta-de-san-vicente-a-santa-juana-fremiot-de-chantal-i\/#article","isPartOf":{"@id":"http:\/\/vincentians.com\/es\/una-carta-de-san-vicente-a-santa-juana-fremiot-de-chantal-i\/"},"author":{"name":"Mitxel Olabu\u00e9naga","@id":"https:\/\/vincentians.com\/es\/#\/schema\/person\/7c2670b4445a7ca9d164ea6acdb31859"},"headline":"Una carta de san Vicente a santa Juana Fremiot de Chantal (I)","datePublished":"2023-04-18T06:32:07+00:00","mainEntityOfPage":{"@id":"http:\/\/vincentians.com\/es\/una-carta-de-san-vicente-a-santa-juana-fremiot-de-chantal-i\/"},"wordCount":2034,"commentCount":0,"publisher":{"@id":"https:\/\/vincentians.com\/es\/#organization"},"image":{"@id":"http:\/\/vincentians.com\/es\/una-carta-de-san-vicente-a-santa-juana-fremiot-de-chantal-i\/#primaryimage"},"thumbnailUrl":"https:\/\/i0.wp.com\/vincentians.com\/es\/wp-content\/uploads\/sites\/11\/2013\/01\/c.jpg?fit=979%2C739&ssl=1","articleSection":["Escritos de Vicente de Pa\u00fal"],"inLanguage":"es","potentialAction":[{"@type":"CommentAction","name":"Comment","target":["http:\/\/vincentians.com\/es\/una-carta-de-san-vicente-a-santa-juana-fremiot-de-chantal-i\/#respond"]}]},{"@type":"WebPage","@id":"http:\/\/vincentians.com\/es\/una-carta-de-san-vicente-a-santa-juana-fremiot-de-chantal-i\/","url":"http:\/\/vincentians.com\/es\/una-carta-de-san-vicente-a-santa-juana-fremiot-de-chantal-i\/","name":"Una carta de san Vicente a santa Juana Fremiot de Chantal (I) - Somos Vicencianos","isPartOf":{"@id":"https:\/\/vincentians.com\/es\/#website"},"primaryImageOfPage":{"@id":"http:\/\/vincentians.com\/es\/una-carta-de-san-vicente-a-santa-juana-fremiot-de-chantal-i\/#primaryimage"},"image":{"@id":"http:\/\/vincentians.com\/es\/una-carta-de-san-vicente-a-santa-juana-fremiot-de-chantal-i\/#primaryimage"},"thumbnailUrl":"https:\/\/i0.wp.com\/vincentians.com\/es\/wp-content\/uploads\/sites\/11\/2013\/01\/c.jpg?fit=979%2C739&ssl=1","datePublished":"2023-04-18T06:32:07+00:00","breadcrumb":{"@id":"http:\/\/vincentians.com\/es\/una-carta-de-san-vicente-a-santa-juana-fremiot-de-chantal-i\/#breadcrumb"},"inLanguage":"es","potentialAction":[{"@type":"ReadAction","target":["http:\/\/vincentians.com\/es\/una-carta-de-san-vicente-a-santa-juana-fremiot-de-chantal-i\/"]}]},{"@type":"ImageObject","inLanguage":"es","@id":"http:\/\/vincentians.com\/es\/una-carta-de-san-vicente-a-santa-juana-fremiot-de-chantal-i\/#primaryimage","url":"https:\/\/i0.wp.com\/vincentians.com\/es\/wp-content\/uploads\/sites\/11\/2013\/01\/c.jpg?fit=979%2C739&ssl=1","contentUrl":"https:\/\/i0.wp.com\/vincentians.com\/es\/wp-content\/uploads\/sites\/11\/2013\/01\/c.jpg?fit=979%2C739&ssl=1","width":979,"height":739},{"@type":"BreadcrumbList","@id":"http:\/\/vincentians.com\/es\/una-carta-de-san-vicente-a-santa-juana-fremiot-de-chantal-i\/#breadcrumb","itemListElement":[{"@type":"ListItem","position":1,"name":"Portada","item":"https:\/\/vincentians.com\/es\/"},{"@type":"ListItem","position":2,"name":"Una carta de san Vicente a santa Juana Fremiot de Chantal (I)"}]},{"@type":"WebSite","@id":"https:\/\/vincentians.com\/es\/#website","url":"https:\/\/vincentians.com\/es\/","name":"Somos Vicencianos","description":"Know more to serve more","publisher":{"@id":"https:\/\/vincentians.com\/es\/#organization"},"potentialAction":[{"@type":"SearchAction","target":{"@type":"EntryPoint","urlTemplate":"https:\/\/vincentians.com\/es\/?s={search_term_string}"},"query-input":{"@type":"PropertyValueSpecification","valueRequired":true,"valueName":"search_term_string"}}],"inLanguage":"es"},{"@type":"Organization","@id":"https:\/\/vincentians.com\/es\/#organization","name":"The Vincentian Network","url":"https:\/\/vincentians.com\/es\/","logo":{"@type":"ImageObject","inLanguage":"es","@id":"https:\/\/vincentians.com\/es\/#\/schema\/logo\/image\/","url":"https:\/\/i1.wp.com\/vincentians.com\/es\/wp-content\/uploads\/sites\/11\/2016\/06\/Vincentian-Network-logo-big.png?fit=778%2C778","contentUrl":"https:\/\/i1.wp.com\/vincentians.com\/es\/wp-content\/uploads\/sites\/11\/2016\/06\/Vincentian-Network-logo-big.png?fit=778%2C778","width":778,"height":778,"caption":"The Vincentian Network"},"image":{"@id":"https:\/\/vincentians.com\/es\/#\/schema\/logo\/image\/"},"sameAs":["https:\/\/www.facebook.com\/WeAreVincentians\/","https:\/\/x.com\/WeVincentians"]},{"@type":"Person","@id":"https:\/\/vincentians.com\/es\/#\/schema\/person\/7c2670b4445a7ca9d164ea6acdb31859","name":"Mitxel Olabu\u00e9naga","image":{"@type":"ImageObject","inLanguage":"es","@id":"https:\/\/vincentians.com\/es\/#\/schema\/person\/image\/","url":"https:\/\/secure.gravatar.com\/avatar\/34137ec2e2b8939cbbed975731e71f3f4f1defc7266ded337a5ce0f925426877?s=96&d=mm&r=g","contentUrl":"https:\/\/secure.gravatar.com\/avatar\/34137ec2e2b8939cbbed975731e71f3f4f1defc7266ded337a5ce0f925426877?s=96&d=mm&r=g","caption":"Mitxel Olabu\u00e9naga"},"url":"https:\/\/vincentians.com\/es\/author\/mitxel\/"}]}},"jetpack_publicize_connections":[],"jetpack_featured_media_url":"https:\/\/i0.wp.com\/vincentians.com\/es\/wp-content\/uploads\/sites\/11\/2013\/01\/c.jpg?fit=979%2C739&ssl=1","jetpack_sharing_enabled":true,"jetpack_shortlink":"https:\/\/wp.me\/p7ETMF-1Hgt","jetpack-related-posts":[{"id":404647,"url":"https:\/\/vincentians.com\/es\/una-carta-de-san-vicente-a-santa-juana-fremiot-de-chantal-iv\/","url_meta":{"origin":404641,"position":0},"title":"Una carta de san Vicente a santa Juana Fremiot de Chantal (IV)","author":"Mitxel Olabu\u00e9naga","date":"24\/04\/2023","format":false,"excerpt":"CONCLUSI\u00d3N Despu\u00e9s de este recorrido por la carta que Vicente de Pa\u00fal escribe a la Madre Chantal, habr\u00eda que preguntarse qu\u00e9 opini\u00f3n nos merece esta misiva. Si merece la pena tenerla en cuenta como un instrumento para la revitalizaci\u00f3n actual de la Congregaci\u00f3n o si no pasa de ser una\u2026","rel":"","context":"En \u00abEscritos de Vicente de Pa\u00fal\u00bb","block_context":{"text":"Escritos de Vicente de Pa\u00fal","link":"https:\/\/vincentians.com\/es\/category\/escritos\/escritos-de-vicente-de-paul\/"},"img":{"alt_text":"","src":"https:\/\/i0.wp.com\/vincentians.com\/es\/wp-content\/uploads\/sites\/11\/2013\/01\/c.jpg?fit=979%2C739&ssl=1&resize=350%2C200","width":350,"height":200,"srcset":"https:\/\/i0.wp.com\/vincentians.com\/es\/wp-content\/uploads\/sites\/11\/2013\/01\/c.jpg?fit=979%2C739&ssl=1&resize=350%2C200 1x, https:\/\/i0.wp.com\/vincentians.com\/es\/wp-content\/uploads\/sites\/11\/2013\/01\/c.jpg?fit=979%2C739&ssl=1&resize=525%2C300 1.5x, https:\/\/i0.wp.com\/vincentians.com\/es\/wp-content\/uploads\/sites\/11\/2013\/01\/c.jpg?fit=979%2C739&ssl=1&resize=700%2C400 2x"},"classes":[]},{"id":15875,"url":"https:\/\/vincentians.com\/es\/vicente-de-paul-carta-0407-santa-juana-francisca-fremiot-de-chantal-a-san-vicente\/","url_meta":{"origin":404641,"position":1},"title":"Vicente de Pa\u00fal, Carta 0407: Santa Juana Francisca Fremiot De Chantal A San Vicente","author":"Francisco Javier Fern\u00e1ndez Chento","date":"10\/12\/2008","format":false,"excerpt":"\u00a1Viva Jes\u00fas! [Annecy 1639] ... Por lo dem\u00e1s mi querid\u00edsimo padre es para m\u00ed un consuelo extremo esperar que vengan aqu\u00ed sus queridos hijos; nuestro muy bueno y querido padre el se\u00f1or comendador de Sillery nos lo ha prometido. \u00bfNo es verdad que es incomparable en su caridad y que\u2026","rel":"","context":"En \u00abEscritos de Vicente de Pa\u00fal\u00bb","block_context":{"text":"Escritos de Vicente de Pa\u00fal","link":"https:\/\/vincentians.com\/es\/category\/escritos\/escritos-de-vicente-de-paul\/"},"img":{"alt_text":"","src":"https:\/\/i0.wp.com\/vincentians.com\/es\/wp-content\/uploads\/sites\/11\/2016\/07\/escritos-vicente-de-paul.jpg?fit=1200%2C630&ssl=1&resize=350%2C200","width":350,"height":200,"srcset":"https:\/\/i0.wp.com\/vincentians.com\/es\/wp-content\/uploads\/sites\/11\/2016\/07\/escritos-vicente-de-paul.jpg?fit=1200%2C630&ssl=1&resize=350%2C200 1x, https:\/\/i0.wp.com\/vincentians.com\/es\/wp-content\/uploads\/sites\/11\/2016\/07\/escritos-vicente-de-paul.jpg?fit=1200%2C630&ssl=1&resize=525%2C300 1.5x, https:\/\/i0.wp.com\/vincentians.com\/es\/wp-content\/uploads\/sites\/11\/2016\/07\/escritos-vicente-de-paul.jpg?fit=1200%2C630&ssl=1&resize=700%2C400 2x, https:\/\/i0.wp.com\/vincentians.com\/es\/wp-content\/uploads\/sites\/11\/2016\/07\/escritos-vicente-de-paul.jpg?fit=1200%2C630&ssl=1&resize=1050%2C600 3x"},"classes":[]},{"id":25834,"url":"https:\/\/vincentians.com\/es\/vicente-de-paul-carta-0472-santa-juana-francisca-fremiot-de-chantal-a-san-vicente\/","url_meta":{"origin":404641,"position":2},"title":"Vicente de Pa\u00fal, Carta 0472: Santa Juana Francisca Fremiot De Chantal A San Vicente","author":"Francisco Javier Fern\u00e1ndez Chento","date":"08\/01\/2011","format":false,"excerpt":"[Annecy, entre 1626 y 1641] \u00a1Ay mi querid\u00edsimo y verdadero padre!, \u00bfser\u00e1 posible que Dios me conceda la gracia de hacerle venir por estas tierras? Ese ser\u00eda el mayor consuelo que podr\u00eda recibir en este mundo; y creo tambi\u00e9n que ser\u00eda una misericordia especial de Dios para con mi alma,\u2026","rel":"","context":"En \u00abEscritos de Vicente de Pa\u00fal\u00bb","block_context":{"text":"Escritos de Vicente de Pa\u00fal","link":"https:\/\/vincentians.com\/es\/category\/escritos\/escritos-de-vicente-de-paul\/"},"img":{"alt_text":"","src":"https:\/\/i0.wp.com\/vincentians.com\/es\/wp-content\/uploads\/sites\/11\/2016\/07\/escritos-vicente-de-paul.jpg?fit=1200%2C630&ssl=1&resize=350%2C200","width":350,"height":200,"srcset":"https:\/\/i0.wp.com\/vincentians.com\/es\/wp-content\/uploads\/sites\/11\/2016\/07\/escritos-vicente-de-paul.jpg?fit=1200%2C630&ssl=1&resize=350%2C200 1x, https:\/\/i0.wp.com\/vincentians.com\/es\/wp-content\/uploads\/sites\/11\/2016\/07\/escritos-vicente-de-paul.jpg?fit=1200%2C630&ssl=1&resize=525%2C300 1.5x, https:\/\/i0.wp.com\/vincentians.com\/es\/wp-content\/uploads\/sites\/11\/2016\/07\/escritos-vicente-de-paul.jpg?fit=1200%2C630&ssl=1&resize=700%2C400 2x, https:\/\/i0.wp.com\/vincentians.com\/es\/wp-content\/uploads\/sites\/11\/2016\/07\/escritos-vicente-de-paul.jpg?fit=1200%2C630&ssl=1&resize=1050%2C600 3x"},"classes":[]},{"id":1657,"url":"https:\/\/vincentians.com\/es\/vicente-de-paul-carta-0085-santa-juan-francisca-fremiot-de-chantal-a-san-vicente\/","url_meta":{"origin":404641,"position":3},"title":"Vicente de Pa\u00fal, Carta 0085: Santa Juan Francisca Fremiot de Chantal a San Vicente","author":"Francisco Javier Fern\u00e1ndez Chento","date":"09\/11\/2008","format":false,"excerpt":"Septiembre 1631 Usted es admirable en su humildad, de la que yo recibo un consuelo muy grande y muy especial, pero sobre todo por la satisfacci\u00f3n que dice usted haber recibido en la visita que ha hecho a nuestra casa del arrabal. La hermana superiora me escribe tambi\u00e9n que ella\u2026","rel":"","context":"En \u00abEscritos de Vicente de Pa\u00fal\u00bb","block_context":{"text":"Escritos de Vicente de Pa\u00fal","link":"https:\/\/vincentians.com\/es\/category\/escritos\/escritos-de-vicente-de-paul\/"},"img":{"alt_text":"","src":"https:\/\/i0.wp.com\/vincentians.com\/es\/wp-content\/uploads\/sites\/11\/2016\/07\/escritos-vicente-de-paul.jpg?fit=1200%2C630&ssl=1&resize=350%2C200","width":350,"height":200,"srcset":"https:\/\/i0.wp.com\/vincentians.com\/es\/wp-content\/uploads\/sites\/11\/2016\/07\/escritos-vicente-de-paul.jpg?fit=1200%2C630&ssl=1&resize=350%2C200 1x, https:\/\/i0.wp.com\/vincentians.com\/es\/wp-content\/uploads\/sites\/11\/2016\/07\/escritos-vicente-de-paul.jpg?fit=1200%2C630&ssl=1&resize=525%2C300 1.5x, https:\/\/i0.wp.com\/vincentians.com\/es\/wp-content\/uploads\/sites\/11\/2016\/07\/escritos-vicente-de-paul.jpg?fit=1200%2C630&ssl=1&resize=700%2C400 2x, https:\/\/i0.wp.com\/vincentians.com\/es\/wp-content\/uploads\/sites\/11\/2016\/07\/escritos-vicente-de-paul.jpg?fit=1200%2C630&ssl=1&resize=1050%2C600 3x"},"classes":[]},{"id":5225,"url":"https:\/\/vincentians.com\/es\/vicente-de-paul-carta-0219-santa-juana-francisca-fremiot-de-chantal-a-san-vicente\/","url_meta":{"origin":404641,"position":4},"title":"Vicente de Pa\u00fal, Carta 0219: Santa Juana Francisca Fremiot De Chantal A San Vicente","author":"Francisco Javier Fern\u00e1ndez Chento","date":"23\/11\/2008","format":false,"excerpt":"Aunque mi coraz\u00f3n, querid\u00edsimo padre, sea insensible a cualquier otra cosa que no sea el dolor, jam\u00e1s podr\u00e1 olvidar la caridad que ha tenido con \u00e9l el d\u00eda de su partida; pues, querid\u00edsimo padre, se vio aliviado en su mal e incluso robustecido en las ocasiones con que se tropieza\u2026","rel":"","context":"En \u00abEscritos de Vicente de Pa\u00fal\u00bb","block_context":{"text":"Escritos de Vicente de Pa\u00fal","link":"https:\/\/vincentians.com\/es\/category\/escritos\/escritos-de-vicente-de-paul\/"},"img":{"alt_text":"","src":"https:\/\/i0.wp.com\/vincentians.com\/es\/wp-content\/uploads\/sites\/11\/2016\/07\/escritos-vicente-de-paul.jpg?fit=1200%2C630&ssl=1&resize=350%2C200","width":350,"height":200,"srcset":"https:\/\/i0.wp.com\/vincentians.com\/es\/wp-content\/uploads\/sites\/11\/2016\/07\/escritos-vicente-de-paul.jpg?fit=1200%2C630&ssl=1&resize=350%2C200 1x, https:\/\/i0.wp.com\/vincentians.com\/es\/wp-content\/uploads\/sites\/11\/2016\/07\/escritos-vicente-de-paul.jpg?fit=1200%2C630&ssl=1&resize=525%2C300 1.5x, https:\/\/i0.wp.com\/vincentians.com\/es\/wp-content\/uploads\/sites\/11\/2016\/07\/escritos-vicente-de-paul.jpg?fit=1200%2C630&ssl=1&resize=700%2C400 2x, https:\/\/i0.wp.com\/vincentians.com\/es\/wp-content\/uploads\/sites\/11\/2016\/07\/escritos-vicente-de-paul.jpg?fit=1200%2C630&ssl=1&resize=1050%2C600 3x"},"classes":[]},{"id":25824,"url":"https:\/\/vincentians.com\/es\/vicente-de-paul-carta-0468-santa-juana-francisca-fremiot-de-chantal-a-san-vicente\/","url_meta":{"origin":404641,"position":5},"title":"Vicente de Pa\u00fal, Carta 0468: Santa Juana Francisca Fremiot De Chantal A San Vicente","author":"Francisco Javier Fern\u00e1ndez Chento","date":"04\/01\/2011","format":false,"excerpt":"\u00a1Viva Jes\u00fas! [Annecy, mayo de 1640] Mi querid\u00edsimo padre: Hemos recibido la suya del 14 de mayo demasiado tarde. Cr\u00e9ame que el afecto y el deseo que Dios nos ha dado de querer y de servir a sus queridos hijos no logran alcanzar ning\u00fan [efecto] comparable con las ganas que\u2026","rel":"","context":"En \u00abEscritos de Vicente de Pa\u00fal\u00bb","block_context":{"text":"Escritos de Vicente de Pa\u00fal","link":"https:\/\/vincentians.com\/es\/category\/escritos\/escritos-de-vicente-de-paul\/"},"img":{"alt_text":"","src":"https:\/\/i0.wp.com\/vincentians.com\/es\/wp-content\/uploads\/sites\/11\/2016\/07\/escritos-vicente-de-paul.jpg?fit=1200%2C630&ssl=1&resize=350%2C200","width":350,"height":200,"srcset":"https:\/\/i0.wp.com\/vincentians.com\/es\/wp-content\/uploads\/sites\/11\/2016\/07\/escritos-vicente-de-paul.jpg?fit=1200%2C630&ssl=1&resize=350%2C200 1x, https:\/\/i0.wp.com\/vincentians.com\/es\/wp-content\/uploads\/sites\/11\/2016\/07\/escritos-vicente-de-paul.jpg?fit=1200%2C630&ssl=1&resize=525%2C300 1.5x, https:\/\/i0.wp.com\/vincentians.com\/es\/wp-content\/uploads\/sites\/11\/2016\/07\/escritos-vicente-de-paul.jpg?fit=1200%2C630&ssl=1&resize=700%2C400 2x, https:\/\/i0.wp.com\/vincentians.com\/es\/wp-content\/uploads\/sites\/11\/2016\/07\/escritos-vicente-de-paul.jpg?fit=1200%2C630&ssl=1&resize=1050%2C600 3x"},"classes":[]}],"_links":{"self":[{"href":"https:\/\/vincentians.com\/es\/wp-json\/wp\/v2\/posts\/404641","targetHints":{"allow":["GET"]}}],"collection":[{"href":"https:\/\/vincentians.com\/es\/wp-json\/wp\/v2\/posts"}],"about":[{"href":"https:\/\/vincentians.com\/es\/wp-json\/wp\/v2\/types\/post"}],"author":[{"embeddable":true,"href":"https:\/\/vincentians.com\/es\/wp-json\/wp\/v2\/users\/5"}],"replies":[{"embeddable":true,"href":"https:\/\/vincentians.com\/es\/wp-json\/wp\/v2\/comments?post=404641"}],"version-history":[{"count":1,"href":"https:\/\/vincentians.com\/es\/wp-json\/wp\/v2\/posts\/404641\/revisions"}],"predecessor-version":[{"id":404642,"href":"https:\/\/vincentians.com\/es\/wp-json\/wp\/v2\/posts\/404641\/revisions\/404642"}],"wp:featuredmedia":[{"embeddable":true,"href":"https:\/\/vincentians.com\/es\/wp-json\/wp\/v2\/media\/404099"}],"wp:attachment":[{"href":"https:\/\/vincentians.com\/es\/wp-json\/wp\/v2\/media?parent=404641"}],"wp:term":[{"taxonomy":"category","embeddable":true,"href":"https:\/\/vincentians.com\/es\/wp-json\/wp\/v2\/categories?post=404641"},{"taxonomy":"post_tag","embeddable":true,"href":"https:\/\/vincentians.com\/es\/wp-json\/wp\/v2\/tags?post=404641"}],"curies":[{"name":"wp","href":"https:\/\/api.w.org\/{rel}","templated":true}]}}