{"id":404248,"date":"2022-10-22T08:27:24","date_gmt":"2022-10-22T06:27:24","guid":{"rendered":"http:\/\/vincentians.com\/es\/?p=404248"},"modified":"2022-08-08T21:21:47","modified_gmt":"2022-08-08T19:21:47","slug":"mons-vicente-zico-cm1-iv","status":"publish","type":"post","link":"https:\/\/vincentians.com\/es\/mons-vicente-zico-cm1-iv\/","title":{"rendered":"Mons. Vicente Zico, CM[1] (IV)"},"content":{"rendered":"<ol>\n<li><strong>\u00bfY la relaci\u00f3n de Mons. Zico con la Congregaci\u00f3n de la Misi\u00f3n y la Familia Vicenciana?<\/strong><\/li>\n<\/ol>\n<p>Incluso despu\u00e9s de su nombramiento para el episcopado, Mons. Vicente siempre se mantuvo estrechamente unido a la Congregaci\u00f3n. Se sent\u00eda verdaderamente feliz y agradecido por pertenecer a las filas de la Peque\u00f1a Compa\u00f1\u00eda. Se interesaba por todo lo que a ella se refer\u00eda, acompa\u00f1ando su trayectoria a trav\u00e9s de la lectura asidua de <em>Vincentiana<\/em>, <em>Nuntia<\/em>, <em>CLAPVI <\/em>y del <em>Informativo S\u00e3o Vicente<\/em>. Una vez, en su residencia de Bel\u00e9m, me mostr\u00f3 el libro de las <em>Constituciones y Estatutos<\/em>, al cual siempre volv\u00eda para sintonizarse con el esp\u00edritu de nuestra vocaci\u00f3n. Era admirable o\u00edrlo hablar de San Vicente y del carisma que nos leg\u00f3. Con que veneraci\u00f3n mencionaba a nuestro fundador y a los santos y bienaventurados de la Familia Vicenciana. Frecuentemente, los citaba en sus escritos, alocuciones y di\u00e1logos. No perd\u00eda oportunidad de visitar nuestras Casas y de estar con los cohermanos. Jam\u00e1s recusaba cualquier invitaci\u00f3n para celebrar nuestras fiestas y ordenaciones. \u00a1Y no son pocos los Misioneros a los cuales Mons. Vicente impuso las manos! Guardaba muy vivo el recuerdo de sus tiempos en la Provincia y en el Consejo General, recordando personas y acontecimientos. Los retiros que predic\u00f3 para nosotros se hicieron memorables por la afinidad con la herencia vicentina y por el modo como la presentaba.<\/p>\n<p>Tambi\u00e9n las Hijas de la Caridad fueron agraciadas por la solicitud fraterna de Mons. Vicente: orientaci\u00f3n espiritual, retiros, celebraciones, confesiones, visitas, etc. Innumerables Hermanas dan testimonio de lo mucho que recibieron de sus desvelos. Me acuerdo de lo que me dijo, una vez, una joven Hermana: <em>\u201cCuando me confieso con Mons. Zico, salgo con la impresi\u00f3n de que me volv\u00ed mejor de lo que era antes\u201d<\/em>. Reflejo de la habitual facilidad con que confortaba y animaba a las personas que a \u00e9l se acercaban. Se puede afirmar que el celo de Mons. Vicente por la Familia Vicentina se extend\u00eda tambi\u00e9n a los laicos y laicas que la componen y que siempre encontraron en la palabra y en el ejemplo de este pastor un ardoroso incentivo para la caridad misionera. Por fin, me place citar el entusiasmo con que Mons. Vicente ven\u00eda acompa\u00f1ando la traducci\u00f3n de las <em>Obras Completas de San Vicente<\/em>. De sus manos, obtuvimos el <em>imprimatur <\/em>para los cuatro primeros vol\u00famenes. Nos hablaba de su vibraci\u00f3n al saborear la sabidur\u00eda espiritual de nuestro santo padre en nuestra propia lengua. Y, en el mismo retiro a los cohermanos de la Provincia de Fortaleza, declar\u00f3: <em>\u201cLeer y o\u00edr a San Vicente es un placer y una gracia. San Vicente se muestra un verdadero maestro espiritual, sencillo, de gran claridad en la exposici\u00f3n de su pensamiento, ricamente conciso, capaz de alimentar de sabidur\u00eda y entusiasmo el coraz\u00f3n de sus hijos\u201d. <\/em><\/p>\n<ol start=\"2\">\n<li><strong>Por fin, un testimonio personal sobre Mons. Vicente Zico.<\/strong><\/li>\n<\/ol>\n<p><strong>\u00a0<\/strong>Lo que m\u00e1s me impresionaba en la persona de Mons. Vicente era su extraordinaria capacidad de armonizar bondad y verdad, generosidad y rectitud. Cuanta coherencia entre sus convicciones, palabras y actitudes. Cuanta lealtad en su modo de proceder y de relacionarse. Su presencia suave era una n\u00edtida transmisi\u00f3n de los valores que orientaban su conducta de hombre de Dios. La integridad de una persona podr\u00eda parecer demasiado \u00e1rida si en su interior no palpitase un coraz\u00f3n magn\u00e1nimo. Amplitud de coraz\u00f3n, sensibilidad humana, disponibilidad para ir al encuentro de los otros eran rasgos destacados de la personalidad de Mons. Vicente. \u00c9l sab\u00eda ser al mismo tiempo jovial y educado, pr\u00f3ximo y prudente. No se indispon\u00eda contra nadie y jam\u00e1s se permit\u00eda ninguna palabra arrogante o gesto indelicado. Cerca de \u00e9l, todos se sent\u00edan acogidos, respetados y valorados, toda persona, hasta la m\u00e1s sencilla, sent\u00eda que pod\u00eda ser m\u00e1s y mejor. Fue as\u00ed nuestro Mons. Vicente: verdadero y bueno hasta el fin de sus d\u00edas, como un rio cristalino en el cual todos pod\u00edan saciar su sede.<\/p>\n<p>Otra caracter\u00edstica de Mons. Vicente que me edificaba enormemente era su identificaci\u00f3n con su vocaci\u00f3n y su ministerio. Se entusiasmaba por ser vicentino, sacerdote y obispo. Y dec\u00eda no saber vivir de otro modo, a no ser seg\u00fan su propia verdad. Con raz\u00f3n, podr\u00eda aplicarse a s\u00ed mismo la afirmaci\u00f3n del ap\u00f3stol: <em>\u201cPor la gracia de Dios, soy lo que soy. Y su gracia a m\u00ed dispensada no fue est\u00e9ril\u201d<\/em> (1Cor 15,10). No precisaba buscar nada fuera del horizonte de su consagraci\u00f3n, hecha de contemplaci\u00f3n y acci\u00f3n, oraci\u00f3n y servicio. Todo en su vida estaba dirigido para la misi\u00f3n. En Brasil, tenemos una canci\u00f3n que dice as\u00ed: <em>\u201cSoy el buen pastor, las ovejas guardar\u00e9. No tengo otro oficio, ni tendr\u00e9. Cu\u00e1ntas vidas yo tenga, yo las dar\u00e9\u201d<\/em>. As\u00ed era nuestro Mons. Vicente. No ten\u00eda otro oficio, otra satisfacci\u00f3n y otra ocupaci\u00f3n, a no ser aquello que le dictaba el encargo que le fue confiado como continuador de la misi\u00f3n de Cristo y sucesor de los ap\u00f3stolos. Y, por eso, se daba por entero en todo lo que hac\u00eda, y hac\u00eda bien todo lo que le compet\u00eda hacer, imprimiendo en todo un toque de sabidur\u00eda y santidad. Parafraseando al Papa Francisco, la misi\u00f3n no era un <em>\u201cap\u00e9ndice\u201d<\/em> en la vida de Mons. Zico. <em>\u201cLa misi\u00f3n era su vida\u201d<\/em> (<em>Evangelium gaudium<\/em>, n. 273). Y el secreto de todo esto, el misterio del coraz\u00f3n de Mons. Vicente, coraz\u00f3n que jam\u00e1s perdi\u00f3 la pureza y la jovialidad, se desvel\u00f3 en las palabras dirigidas a su sucesor en el umbral de su peregrinaci\u00f3n terrena, cuando fue informado de la irreversible debilidad de su salud: <em>\u201cNo tengo temor de partir a la eternidad. \u00a1Am\u00e9 a Nuestro Se\u00f1or de todo coraz\u00f3n!\u201d<\/em>.<\/p>\n<p>No puedo dejar de recordar a\u00fan la inmerecida oportunidad que tuve de acompa\u00f1ar a Mons. Vicente en su \u00faltimo viaje a Bel\u00e9m, donde el Se\u00f1or habr\u00eda de recogerlo como fruto maduro para la eternidad. \u00c9l hab\u00eda venido a pasar algunos d\u00edas en Belo Horizonte para visitar sus familiares y cohermanos. Como siempre, se hosped\u00f3 en nuestra Casa, alegr\u00e1ndonos con la brisa suave de su presencia, participando de nuestra vida comunitaria, celebrando la Eucarist\u00eda diaria en nuestra Parroquia y atendiendo con su habitual afabilidad a todas las personas que lo procuraban. Yo mismo pude aprovechar la ocasi\u00f3n para confesarme con \u00e9l. En el cuarto d\u00eda de su visita, sinti\u00f3 fuertes dolores en la regi\u00f3n abdominal. Quisimos llevarlo al hospital y \u00a0colocamos a su disposici\u00f3n todo lo que la Provincia pod\u00eda ofrecer. \u00c9l, sin embargo, manifest\u00f3 su deseo de volver deprisa para su amada Bel\u00e9m. Me llam\u00f3 aparte y me pregunt\u00f3 si podr\u00eda acompa\u00f1arlo en este viaje de regreso. Sin pesta\u00f1ear, le dije que s\u00ed. En realidad, yo deb\u00eda viajar en aquella misma noche a un encuentro de las Hijas de la Caridad en Rio de Janeiro. Telefone\u00e9 a las Hermanas, les explique la situaci\u00f3n y ped\u00ed que me dispensasen del compromiso. Al d\u00eda siguiente, s\u00e1bado, obtenidos los pasajes\u00a0 a\u00e9reos, viajamos a Bel\u00e9m. \u00a1Una inolvidable experiencia! Durante las tres horas de vuelo, mientras Mons. Vicente intentaba dormir, disimulando el dolor que le consum\u00eda, conservando aquella paz que lo caracterizaba, yo lo contemplaba entre emocionado y agradecido, con la clara consciencia de estar al lado de un santo, de un hombre que supo vivir con autenticidad y que, en aquel momento, comenzaba su \u00faltimo ofertorio, <em>\u201cacostado en los brazos de la maternal Providencia\u201d<\/em>, escuchando cada vez m\u00e1s cerca <em>\u201cel suave repicar de la campana de la Pascua Eterna\u201d<\/em> (C. P\u00e9guy).<\/p>\n<p>Por todo lo que vivi\u00f3 e irradi\u00f3, nutrido por su entra\u00f1able amor a Nuestro Se\u00f1or, <em>con Mar\u00eda, Madre de Jes\u00fas<\/em>, Mons. Vicente Joaquim Zico se quedar\u00e1 para siempre en la memoria de quien lo conoci\u00f3, paseando en nuestros corazones y suscitando en nosotros, sus cohermanos, el deseo de ser buenos y verdaderos, fieles a la vocaci\u00f3n que recibimos e \u00edntegros en nuestra misi\u00f3n, con el fin de que, como para \u00e9l, tambi\u00e9n para nosotros, <em>\u201clos caminos del Cielo guarden eternamente los rasgos que dejamos al andar\u201d<\/em> (C. P\u00e9guy). \u00a1Muchas gracias, querido Mons. Vicente!<\/p>\n<p><em>Vin\u00edcius Augusto Teixeira, C.M.<\/em><\/p>\n<p>&nbsp;<\/p>\n<p>&nbsp;<\/p>\n<p>&nbsp;<\/p>\n<p><a href=\"#_ftnref1\" name=\"_ftn1\">[1]<\/a> Publicado en: <em>Vincentiana<\/em>, Roma, a\u00f1o 59, n. 4, pp. 423-433, octubre-diciembre 2015.<\/p>\n","protected":false},"excerpt":{"rendered":"<p>\u00bfY la relaci\u00f3n de Mons. Zico con la Congregaci\u00f3n de la Misi\u00f3n y la Familia Vicenciana? Incluso despu\u00e9s de su nombramiento para el episcopado, Mons. Vicente siempre se mantuvo estrechamente unido a la Congregaci\u00f3n. Se &#8230; <a href=\"https:\/\/vincentians.com\/es\/mons-vicente-zico-cm1-iv\/\" class=\"more-link\">Read More<\/a><\/p>\n","protected":false},"author":5,"featured_media":404242,"comment_status":"open","ping_status":"open","sticky":false,"template":"","format":"standard","meta":{"jetpack_post_was_ever_published":false,"_jetpack_newsletter_access":"","_jetpack_dont_email_post_to_subs":false,"_jetpack_newsletter_tier_id":0,"_jetpack_memberships_contains_paywalled_content":false,"_jetpack_memberships_contains_paid_content":false,"footnotes":"","jetpack_publicize_message":"","jetpack_publicize_feature_enabled":true,"jetpack_social_post_already_shared":true,"jetpack_social_options":{"image_generator_settings":{"template":"highway","default_image_id":0,"font":"","enabled":false},"version":2}},"categories":[19],"tags":[],"class_list":["post-404248","post","type-post","status-publish","format-standard","has-post-thumbnail","hentry","category-biografias-de-misioneros-paules"],"yoast_head":"<!-- This site is optimized with the Yoast SEO plugin v26.3 - https:\/\/yoast.com\/wordpress\/plugins\/seo\/ -->\n<title>Mons. Vicente Zico, CM[1] (IV) - Somos Vicencianos<\/title>\n<meta name=\"robots\" content=\"index, follow, max-snippet:-1, max-image-preview:large, max-video-preview:-1\" \/>\n<link rel=\"canonical\" href=\"https:\/\/vincentians.com\/es\/mons-vicente-zico-cm1-iv\/\" \/>\n<meta property=\"og:locale\" content=\"es_ES\" \/>\n<meta property=\"og:type\" content=\"article\" \/>\n<meta property=\"og:title\" content=\"Mons. Vicente Zico, CM[1] (IV) - Somos Vicencianos\" \/>\n<meta property=\"og:description\" content=\"\u00bfY la relaci\u00f3n de Mons. Zico con la Congregaci\u00f3n de la Misi\u00f3n y la Familia Vicenciana? Incluso despu\u00e9s de su nombramiento para el episcopado, Mons. Vicente siempre se mantuvo estrechamente unido a la Congregaci\u00f3n. Se ... Read More\" \/>\n<meta property=\"og:url\" content=\"https:\/\/vincentians.com\/es\/mons-vicente-zico-cm1-iv\/\" \/>\n<meta property=\"og:site_name\" content=\"Somos Vicencianos\" \/>\n<meta property=\"article:publisher\" content=\"https:\/\/www.facebook.com\/WeAreVincentians\/\" \/>\n<meta property=\"article:published_time\" content=\"2022-10-22T06:27:24+00:00\" \/>\n<meta property=\"og:image\" content=\"https:\/\/i0.wp.com\/vincentians.com\/es\/wp-content\/uploads\/sites\/11\/2022\/08\/destaque-329323-zicoooo.jpg?fit=800%2C500&ssl=1\" \/>\n\t<meta property=\"og:image:width\" content=\"800\" \/>\n\t<meta property=\"og:image:height\" content=\"500\" \/>\n\t<meta property=\"og:image:type\" content=\"image\/jpeg\" \/>\n<meta name=\"author\" content=\"Mitxel Olabu\u00e9naga\" \/>\n<meta name=\"twitter:card\" content=\"summary_large_image\" \/>\n<meta name=\"twitter:creator\" content=\"@WeVincentians\" \/>\n<meta name=\"twitter:site\" content=\"@WeVincentians\" \/>\n<meta name=\"twitter:label1\" content=\"Escrito por\" \/>\n\t<meta name=\"twitter:data1\" content=\"Mitxel Olabu\u00e9naga\" \/>\n\t<meta name=\"twitter:label2\" content=\"Tiempo de lectura\" \/>\n\t<meta name=\"twitter:data2\" content=\"7 minutos\" \/>\n<script type=\"application\/ld+json\" class=\"yoast-schema-graph\">{\"@context\":\"https:\/\/schema.org\",\"@graph\":[{\"@type\":\"Article\",\"@id\":\"https:\/\/vincentians.com\/es\/mons-vicente-zico-cm1-iv\/#article\",\"isPartOf\":{\"@id\":\"https:\/\/vincentians.com\/es\/mons-vicente-zico-cm1-iv\/\"},\"author\":{\"name\":\"Mitxel Olabu\u00e9naga\",\"@id\":\"https:\/\/vincentians.com\/es\/#\/schema\/person\/7c2670b4445a7ca9d164ea6acdb31859\"},\"headline\":\"Mons. Vicente Zico, CM[1] (IV)\",\"datePublished\":\"2022-10-22T06:27:24+00:00\",\"mainEntityOfPage\":{\"@id\":\"https:\/\/vincentians.com\/es\/mons-vicente-zico-cm1-iv\/\"},\"wordCount\":1468,\"commentCount\":0,\"publisher\":{\"@id\":\"https:\/\/vincentians.com\/es\/#organization\"},\"image\":{\"@id\":\"https:\/\/vincentians.com\/es\/mons-vicente-zico-cm1-iv\/#primaryimage\"},\"thumbnailUrl\":\"https:\/\/i0.wp.com\/vincentians.com\/es\/wp-content\/uploads\/sites\/11\/2022\/08\/destaque-329323-zicoooo.jpg?fit=800%2C500&ssl=1\",\"articleSection\":[\"Biograf\u00edas de Misioneros Pa\u00fales\"],\"inLanguage\":\"es\",\"potentialAction\":[{\"@type\":\"CommentAction\",\"name\":\"Comment\",\"target\":[\"https:\/\/vincentians.com\/es\/mons-vicente-zico-cm1-iv\/#respond\"]}]},{\"@type\":\"WebPage\",\"@id\":\"https:\/\/vincentians.com\/es\/mons-vicente-zico-cm1-iv\/\",\"url\":\"https:\/\/vincentians.com\/es\/mons-vicente-zico-cm1-iv\/\",\"name\":\"Mons. Vicente Zico, CM[1] (IV) - Somos Vicencianos\",\"isPartOf\":{\"@id\":\"https:\/\/vincentians.com\/es\/#website\"},\"primaryImageOfPage\":{\"@id\":\"https:\/\/vincentians.com\/es\/mons-vicente-zico-cm1-iv\/#primaryimage\"},\"image\":{\"@id\":\"https:\/\/vincentians.com\/es\/mons-vicente-zico-cm1-iv\/#primaryimage\"},\"thumbnailUrl\":\"https:\/\/i0.wp.com\/vincentians.com\/es\/wp-content\/uploads\/sites\/11\/2022\/08\/destaque-329323-zicoooo.jpg?fit=800%2C500&ssl=1\",\"datePublished\":\"2022-10-22T06:27:24+00:00\",\"breadcrumb\":{\"@id\":\"https:\/\/vincentians.com\/es\/mons-vicente-zico-cm1-iv\/#breadcrumb\"},\"inLanguage\":\"es\",\"potentialAction\":[{\"@type\":\"ReadAction\",\"target\":[\"https:\/\/vincentians.com\/es\/mons-vicente-zico-cm1-iv\/\"]}]},{\"@type\":\"ImageObject\",\"inLanguage\":\"es\",\"@id\":\"https:\/\/vincentians.com\/es\/mons-vicente-zico-cm1-iv\/#primaryimage\",\"url\":\"https:\/\/i0.wp.com\/vincentians.com\/es\/wp-content\/uploads\/sites\/11\/2022\/08\/destaque-329323-zicoooo.jpg?fit=800%2C500&ssl=1\",\"contentUrl\":\"https:\/\/i0.wp.com\/vincentians.com\/es\/wp-content\/uploads\/sites\/11\/2022\/08\/destaque-329323-zicoooo.jpg?fit=800%2C500&ssl=1\",\"width\":800,\"height\":500},{\"@type\":\"BreadcrumbList\",\"@id\":\"https:\/\/vincentians.com\/es\/mons-vicente-zico-cm1-iv\/#breadcrumb\",\"itemListElement\":[{\"@type\":\"ListItem\",\"position\":1,\"name\":\"Portada\",\"item\":\"https:\/\/vincentians.com\/es\/\"},{\"@type\":\"ListItem\",\"position\":2,\"name\":\"Mons. Vicente Zico, CM[1] (IV)\"}]},{\"@type\":\"WebSite\",\"@id\":\"https:\/\/vincentians.com\/es\/#website\",\"url\":\"https:\/\/vincentians.com\/es\/\",\"name\":\"Somos Vicencianos\",\"description\":\"Know more to serve more\",\"publisher\":{\"@id\":\"https:\/\/vincentians.com\/es\/#organization\"},\"potentialAction\":[{\"@type\":\"SearchAction\",\"target\":{\"@type\":\"EntryPoint\",\"urlTemplate\":\"https:\/\/vincentians.com\/es\/?s={search_term_string}\"},\"query-input\":{\"@type\":\"PropertyValueSpecification\",\"valueRequired\":true,\"valueName\":\"search_term_string\"}}],\"inLanguage\":\"es\"},{\"@type\":\"Organization\",\"@id\":\"https:\/\/vincentians.com\/es\/#organization\",\"name\":\"The Vincentian Network\",\"url\":\"https:\/\/vincentians.com\/es\/\",\"logo\":{\"@type\":\"ImageObject\",\"inLanguage\":\"es\",\"@id\":\"https:\/\/vincentians.com\/es\/#\/schema\/logo\/image\/\",\"url\":\"https:\/\/i1.wp.com\/vincentians.com\/es\/wp-content\/uploads\/sites\/11\/2016\/06\/Vincentian-Network-logo-big.png?fit=778%2C778\",\"contentUrl\":\"https:\/\/i1.wp.com\/vincentians.com\/es\/wp-content\/uploads\/sites\/11\/2016\/06\/Vincentian-Network-logo-big.png?fit=778%2C778\",\"width\":778,\"height\":778,\"caption\":\"The Vincentian Network\"},\"image\":{\"@id\":\"https:\/\/vincentians.com\/es\/#\/schema\/logo\/image\/\"},\"sameAs\":[\"https:\/\/www.facebook.com\/WeAreVincentians\/\",\"https:\/\/x.com\/WeVincentians\"]},{\"@type\":\"Person\",\"@id\":\"https:\/\/vincentians.com\/es\/#\/schema\/person\/7c2670b4445a7ca9d164ea6acdb31859\",\"name\":\"Mitxel Olabu\u00e9naga\",\"image\":{\"@type\":\"ImageObject\",\"inLanguage\":\"es\",\"@id\":\"https:\/\/vincentians.com\/es\/#\/schema\/person\/image\/\",\"url\":\"https:\/\/secure.gravatar.com\/avatar\/34137ec2e2b8939cbbed975731e71f3f4f1defc7266ded337a5ce0f925426877?s=96&d=mm&r=g\",\"contentUrl\":\"https:\/\/secure.gravatar.com\/avatar\/34137ec2e2b8939cbbed975731e71f3f4f1defc7266ded337a5ce0f925426877?s=96&d=mm&r=g\",\"caption\":\"Mitxel Olabu\u00e9naga\"},\"url\":\"https:\/\/vincentians.com\/es\/author\/mitxel\/\"}]}<\/script>\n<!-- \/ Yoast SEO plugin. -->","yoast_head_json":{"title":"Mons. Vicente Zico, CM[1] (IV) - Somos Vicencianos","robots":{"index":"index","follow":"follow","max-snippet":"max-snippet:-1","max-image-preview":"max-image-preview:large","max-video-preview":"max-video-preview:-1"},"canonical":"https:\/\/vincentians.com\/es\/mons-vicente-zico-cm1-iv\/","og_locale":"es_ES","og_type":"article","og_title":"Mons. Vicente Zico, CM[1] (IV) - Somos Vicencianos","og_description":"\u00bfY la relaci\u00f3n de Mons. Zico con la Congregaci\u00f3n de la Misi\u00f3n y la Familia Vicenciana? Incluso despu\u00e9s de su nombramiento para el episcopado, Mons. Vicente siempre se mantuvo estrechamente unido a la Congregaci\u00f3n. Se ... Read More","og_url":"https:\/\/vincentians.com\/es\/mons-vicente-zico-cm1-iv\/","og_site_name":"Somos Vicencianos","article_publisher":"https:\/\/www.facebook.com\/WeAreVincentians\/","article_published_time":"2022-10-22T06:27:24+00:00","og_image":[{"width":800,"height":500,"url":"https:\/\/i0.wp.com\/vincentians.com\/es\/wp-content\/uploads\/sites\/11\/2022\/08\/destaque-329323-zicoooo.jpg?fit=800%2C500&ssl=1","type":"image\/jpeg"}],"author":"Mitxel Olabu\u00e9naga","twitter_card":"summary_large_image","twitter_creator":"@WeVincentians","twitter_site":"@WeVincentians","twitter_misc":{"Escrito por":"Mitxel Olabu\u00e9naga","Tiempo de lectura":"7 minutos"},"schema":{"@context":"https:\/\/schema.org","@graph":[{"@type":"Article","@id":"https:\/\/vincentians.com\/es\/mons-vicente-zico-cm1-iv\/#article","isPartOf":{"@id":"https:\/\/vincentians.com\/es\/mons-vicente-zico-cm1-iv\/"},"author":{"name":"Mitxel Olabu\u00e9naga","@id":"https:\/\/vincentians.com\/es\/#\/schema\/person\/7c2670b4445a7ca9d164ea6acdb31859"},"headline":"Mons. Vicente Zico, CM[1] (IV)","datePublished":"2022-10-22T06:27:24+00:00","mainEntityOfPage":{"@id":"https:\/\/vincentians.com\/es\/mons-vicente-zico-cm1-iv\/"},"wordCount":1468,"commentCount":0,"publisher":{"@id":"https:\/\/vincentians.com\/es\/#organization"},"image":{"@id":"https:\/\/vincentians.com\/es\/mons-vicente-zico-cm1-iv\/#primaryimage"},"thumbnailUrl":"https:\/\/i0.wp.com\/vincentians.com\/es\/wp-content\/uploads\/sites\/11\/2022\/08\/destaque-329323-zicoooo.jpg?fit=800%2C500&ssl=1","articleSection":["Biograf\u00edas de Misioneros Pa\u00fales"],"inLanguage":"es","potentialAction":[{"@type":"CommentAction","name":"Comment","target":["https:\/\/vincentians.com\/es\/mons-vicente-zico-cm1-iv\/#respond"]}]},{"@type":"WebPage","@id":"https:\/\/vincentians.com\/es\/mons-vicente-zico-cm1-iv\/","url":"https:\/\/vincentians.com\/es\/mons-vicente-zico-cm1-iv\/","name":"Mons. Vicente Zico, CM[1] (IV) - Somos Vicencianos","isPartOf":{"@id":"https:\/\/vincentians.com\/es\/#website"},"primaryImageOfPage":{"@id":"https:\/\/vincentians.com\/es\/mons-vicente-zico-cm1-iv\/#primaryimage"},"image":{"@id":"https:\/\/vincentians.com\/es\/mons-vicente-zico-cm1-iv\/#primaryimage"},"thumbnailUrl":"https:\/\/i0.wp.com\/vincentians.com\/es\/wp-content\/uploads\/sites\/11\/2022\/08\/destaque-329323-zicoooo.jpg?fit=800%2C500&ssl=1","datePublished":"2022-10-22T06:27:24+00:00","breadcrumb":{"@id":"https:\/\/vincentians.com\/es\/mons-vicente-zico-cm1-iv\/#breadcrumb"},"inLanguage":"es","potentialAction":[{"@type":"ReadAction","target":["https:\/\/vincentians.com\/es\/mons-vicente-zico-cm1-iv\/"]}]},{"@type":"ImageObject","inLanguage":"es","@id":"https:\/\/vincentians.com\/es\/mons-vicente-zico-cm1-iv\/#primaryimage","url":"https:\/\/i0.wp.com\/vincentians.com\/es\/wp-content\/uploads\/sites\/11\/2022\/08\/destaque-329323-zicoooo.jpg?fit=800%2C500&ssl=1","contentUrl":"https:\/\/i0.wp.com\/vincentians.com\/es\/wp-content\/uploads\/sites\/11\/2022\/08\/destaque-329323-zicoooo.jpg?fit=800%2C500&ssl=1","width":800,"height":500},{"@type":"BreadcrumbList","@id":"https:\/\/vincentians.com\/es\/mons-vicente-zico-cm1-iv\/#breadcrumb","itemListElement":[{"@type":"ListItem","position":1,"name":"Portada","item":"https:\/\/vincentians.com\/es\/"},{"@type":"ListItem","position":2,"name":"Mons. Vicente Zico, CM[1] (IV)"}]},{"@type":"WebSite","@id":"https:\/\/vincentians.com\/es\/#website","url":"https:\/\/vincentians.com\/es\/","name":"Somos Vicencianos","description":"Know more to serve more","publisher":{"@id":"https:\/\/vincentians.com\/es\/#organization"},"potentialAction":[{"@type":"SearchAction","target":{"@type":"EntryPoint","urlTemplate":"https:\/\/vincentians.com\/es\/?s={search_term_string}"},"query-input":{"@type":"PropertyValueSpecification","valueRequired":true,"valueName":"search_term_string"}}],"inLanguage":"es"},{"@type":"Organization","@id":"https:\/\/vincentians.com\/es\/#organization","name":"The Vincentian Network","url":"https:\/\/vincentians.com\/es\/","logo":{"@type":"ImageObject","inLanguage":"es","@id":"https:\/\/vincentians.com\/es\/#\/schema\/logo\/image\/","url":"https:\/\/i1.wp.com\/vincentians.com\/es\/wp-content\/uploads\/sites\/11\/2016\/06\/Vincentian-Network-logo-big.png?fit=778%2C778","contentUrl":"https:\/\/i1.wp.com\/vincentians.com\/es\/wp-content\/uploads\/sites\/11\/2016\/06\/Vincentian-Network-logo-big.png?fit=778%2C778","width":778,"height":778,"caption":"The Vincentian Network"},"image":{"@id":"https:\/\/vincentians.com\/es\/#\/schema\/logo\/image\/"},"sameAs":["https:\/\/www.facebook.com\/WeAreVincentians\/","https:\/\/x.com\/WeVincentians"]},{"@type":"Person","@id":"https:\/\/vincentians.com\/es\/#\/schema\/person\/7c2670b4445a7ca9d164ea6acdb31859","name":"Mitxel Olabu\u00e9naga","image":{"@type":"ImageObject","inLanguage":"es","@id":"https:\/\/vincentians.com\/es\/#\/schema\/person\/image\/","url":"https:\/\/secure.gravatar.com\/avatar\/34137ec2e2b8939cbbed975731e71f3f4f1defc7266ded337a5ce0f925426877?s=96&d=mm&r=g","contentUrl":"https:\/\/secure.gravatar.com\/avatar\/34137ec2e2b8939cbbed975731e71f3f4f1defc7266ded337a5ce0f925426877?s=96&d=mm&r=g","caption":"Mitxel Olabu\u00e9naga"},"url":"https:\/\/vincentians.com\/es\/author\/mitxel\/"}]}},"jetpack_publicize_connections":[],"jetpack_featured_media_url":"https:\/\/i0.wp.com\/vincentians.com\/es\/wp-content\/uploads\/sites\/11\/2022\/08\/destaque-329323-zicoooo.jpg?fit=800%2C500&ssl=1","jetpack_sharing_enabled":true,"jetpack_shortlink":"https:\/\/wp.me\/p7ETMF-1Ha8","jetpack-related-posts":[{"id":404241,"url":"https:\/\/vincentians.com\/es\/mons-vicente-zico-cm1-i\/","url_meta":{"origin":404248,"position":0},"title":"Mons. Vicente Zico, CM[1] (I)","author":"Mitxel Olabu\u00e9naga","date":"16\/10\/2022","format":false,"excerpt":"\u00bfQui\u00e9n fue nuestro cohermano: Mons. Vicente Zico? \u00a0Un hombre de Dios, un vicenciano feliz y un pastor sol\u00edcito. Son \u00e9stos los aspectos m\u00e1s evidentes en el perfil de Mons. Vicente Zico, admitido en la eterna paz del Se\u00f1or el d\u00eda 4 de mayo de 2015. Hablemos un poco de su\u2026","rel":"","context":"En \u00abBiograf\u00edas de Misioneros Pa\u00fales\u00bb","block_context":{"text":"Biograf\u00edas de Misioneros Pa\u00fales","link":"https:\/\/vincentians.com\/es\/category\/la-familia-vicenciana\/biografias-vicencianas\/biografias-de-misioneros-paules\/"},"img":{"alt_text":"","src":"https:\/\/i0.wp.com\/vincentians.com\/es\/wp-content\/uploads\/sites\/11\/2022\/08\/destaque-329323-zicoooo.jpg?fit=800%2C500&ssl=1&resize=350%2C200","width":350,"height":200,"srcset":"https:\/\/i0.wp.com\/vincentians.com\/es\/wp-content\/uploads\/sites\/11\/2022\/08\/destaque-329323-zicoooo.jpg?fit=800%2C500&ssl=1&resize=350%2C200 1x, https:\/\/i0.wp.com\/vincentians.com\/es\/wp-content\/uploads\/sites\/11\/2022\/08\/destaque-329323-zicoooo.jpg?fit=800%2C500&ssl=1&resize=525%2C300 1.5x, https:\/\/i0.wp.com\/vincentians.com\/es\/wp-content\/uploads\/sites\/11\/2022\/08\/destaque-329323-zicoooo.jpg?fit=800%2C500&ssl=1&resize=700%2C400 2x"},"classes":[]},{"id":404244,"url":"https:\/\/vincentians.com\/es\/mons-vicente-zico-cm1-ii\/","url_meta":{"origin":404248,"position":1},"title":"Mons. Vicente Zico, CM[1] (II)","author":"Mitxel Olabu\u00e9naga","date":"18\/10\/2022","format":false,"excerpt":"H\u00e1blenos un poco del episcopado y de la actuaci\u00f3n pastoral de Mons. Vicente. \u00a0Mons. Vicente fue un obispo forjado por el\u00a0 Concilio Vaticano II: un aut\u00e9ntico pastor, de indescriptible envergadura espiritual e incansable celo apost\u00f3lico, repleto de amor a la Iglesia, siempre al servicio de su pueblo. Del inicio al\u2026","rel":"","context":"En \u00abBiograf\u00edas de Misioneros Pa\u00fales\u00bb","block_context":{"text":"Biograf\u00edas de Misioneros Pa\u00fales","link":"https:\/\/vincentians.com\/es\/category\/la-familia-vicenciana\/biografias-vicencianas\/biografias-de-misioneros-paules\/"},"img":{"alt_text":"","src":"https:\/\/i0.wp.com\/vincentians.com\/es\/wp-content\/uploads\/sites\/11\/2022\/08\/destaque-329323-zicoooo.jpg?fit=800%2C500&ssl=1&resize=350%2C200","width":350,"height":200,"srcset":"https:\/\/i0.wp.com\/vincentians.com\/es\/wp-content\/uploads\/sites\/11\/2022\/08\/destaque-329323-zicoooo.jpg?fit=800%2C500&ssl=1&resize=350%2C200 1x, https:\/\/i0.wp.com\/vincentians.com\/es\/wp-content\/uploads\/sites\/11\/2022\/08\/destaque-329323-zicoooo.jpg?fit=800%2C500&ssl=1&resize=525%2C300 1.5x, https:\/\/i0.wp.com\/vincentians.com\/es\/wp-content\/uploads\/sites\/11\/2022\/08\/destaque-329323-zicoooo.jpg?fit=800%2C500&ssl=1&resize=700%2C400 2x"},"classes":[]},{"id":404246,"url":"https:\/\/vincentians.com\/es\/mons-vicente-zico-cm1-iii\/","url_meta":{"origin":404248,"position":2},"title":"Mons. Vicente Zico, CM[1] (III)","author":"Mitxel Olabu\u00e9naga","date":"20\/10\/2022","format":false,"excerpt":"\u00bfCu\u00e1les son los principales aspectos de su espiritualidad? No hay duda de que la primera fuente de la espiritualidad de Mons. Vicente Zico fue la herencia que \u00e9l recibi\u00f3 de San Vicente de Pa\u00fal. Es lo que se puede intuir f\u00e1cilmente al considerar la centralidad de la persona de Jesucristo\u2026","rel":"","context":"En \u00abBiograf\u00edas de Misioneros Pa\u00fales\u00bb","block_context":{"text":"Biograf\u00edas de Misioneros Pa\u00fales","link":"https:\/\/vincentians.com\/es\/category\/la-familia-vicenciana\/biografias-vicencianas\/biografias-de-misioneros-paules\/"},"img":{"alt_text":"","src":"https:\/\/i0.wp.com\/vincentians.com\/es\/wp-content\/uploads\/sites\/11\/2022\/08\/destaque-329323-zicoooo.jpg?fit=800%2C500&ssl=1&resize=350%2C200","width":350,"height":200,"srcset":"https:\/\/i0.wp.com\/vincentians.com\/es\/wp-content\/uploads\/sites\/11\/2022\/08\/destaque-329323-zicoooo.jpg?fit=800%2C500&ssl=1&resize=350%2C200 1x, https:\/\/i0.wp.com\/vincentians.com\/es\/wp-content\/uploads\/sites\/11\/2022\/08\/destaque-329323-zicoooo.jpg?fit=800%2C500&ssl=1&resize=525%2C300 1.5x, https:\/\/i0.wp.com\/vincentians.com\/es\/wp-content\/uploads\/sites\/11\/2022\/08\/destaque-329323-zicoooo.jpg?fit=800%2C500&ssl=1&resize=700%2C400 2x"},"classes":[]},{"id":49327,"url":"https:\/\/vincentians.com\/es\/a-los-15-anos-de-la-beatificacion-de-federico-ozanam\/","url_meta":{"origin":404248,"position":3},"title":"A los 15 a\u00f1os de la beatificaci\u00f3n de Federico Ozanam","author":"Francisco Javier Fern\u00e1ndez Chento","date":"05\/09\/2012","format":false,"excerpt":"La beatificaci\u00f3n de Federico Ozanam el 22 de Agosto de 1997 fue un acontecimiento memorable para la Familia Vicenciana. Para algunos la beatificaci\u00f3n pudo parecer un acontecimiento entre otros muchos en el marco de la Jornada Mundial de la Juventud; sin embargo la beatificaci\u00f3n tuvo un lugar muy apropiado en\u2026","rel":"","context":"En \u00abFederico Ozanam\u00bb","block_context":{"text":"Federico Ozanam","link":"https:\/\/vincentians.com\/es\/category\/la-familia-vicenciana\/fundadores\/federico-ozanam\/"},"img":{"alt_text":"Federico Ozanam","src":"https:\/\/i0.wp.com\/vicencianos.org\/wp-content\/2010\/04\/ozanam01-188x300.jpg?resize=350%2C200","width":350,"height":200},"classes":[]},{"id":108324,"url":"https:\/\/vincentians.com\/es\/que-podemos-aportar-los-vicencianos-a-la-tarea-evangelizadora-de-la-iglesia\/","url_meta":{"origin":404248,"position":4},"title":"\u00bfQu\u00e9 podemos aportar los vicencianos a la tarea evangelizadora de la Iglesia?","author":"Francisco Javier Fern\u00e1ndez Chento","date":"29\/09\/2018","format":false,"excerpt":"De entrada, quiero dejar muy claro que \u00e9ste no es un art\u00edculo completo y acabado. Se trata, m\u00e1s bien, de una especie de esbozo, de borrador, de \"lluvia de ideas\". Y, evidentemente, se trata tambi\u00e9n de mi propia opini\u00f3n que no es ni mejor ni peor que otras opiniones. Por\u2026","rel":"","context":"En \u00abFormaci\u00f3n Vicenciana\u00bb","block_context":{"text":"Formaci\u00f3n Vicenciana","link":"https:\/\/vincentians.com\/es\/category\/formacion-vicenciana\/"},"img":{"alt_text":"","src":"https:\/\/i0.wp.com\/vincentians.com\/es\/wp-content\/uploads\/sites\/11\/2016\/07\/comnidad-vicenciana-para-la-mision.jpg?fit=1200%2C630&ssl=1&resize=350%2C200","width":350,"height":200,"srcset":"https:\/\/i0.wp.com\/vincentians.com\/es\/wp-content\/uploads\/sites\/11\/2016\/07\/comnidad-vicenciana-para-la-mision.jpg?fit=1200%2C630&ssl=1&resize=350%2C200 1x, https:\/\/i0.wp.com\/vincentians.com\/es\/wp-content\/uploads\/sites\/11\/2016\/07\/comnidad-vicenciana-para-la-mision.jpg?fit=1200%2C630&ssl=1&resize=525%2C300 1.5x, https:\/\/i0.wp.com\/vincentians.com\/es\/wp-content\/uploads\/sites\/11\/2016\/07\/comnidad-vicenciana-para-la-mision.jpg?fit=1200%2C630&ssl=1&resize=700%2C400 2x, https:\/\/i0.wp.com\/vincentians.com\/es\/wp-content\/uploads\/sites\/11\/2016\/07\/comnidad-vicenciana-para-la-mision.jpg?fit=1200%2C630&ssl=1&resize=1050%2C600 3x"},"classes":[]},{"id":126575,"url":"https:\/\/vincentians.com\/es\/miguel-lopez-olmedo-1951-2008\/","url_meta":{"origin":404248,"position":5},"title":"Miguel L\u00f3pez Olmedo (1951 \u2013 2008)","author":"Mitxel Olabu\u00e9naga","date":"31\/12\/2013","format":false,"excerpt":"El P. Miguel naci\u00f3 el 31 de enero del a\u00f1o 1951 en Lario-Bur\u00f3n, Le\u00f3n. Sus padres fueron: D. Marcos y D\u00f1a. Dominga. Recibi\u00f3 el sacramento del Bautismo, en la Parroquia de \"San Juli\u00e1n\" de Lario-Bur\u00f3n, el d\u00eda 11 de febrero del mismo a\u00f1o. \u00a0La Confirmaci\u00f3n, el 19 de este mes\u2026","rel":"","context":"En \u00abBiograf\u00edas de Misioneros Pa\u00fales\u00bb","block_context":{"text":"Biograf\u00edas de Misioneros Pa\u00fales","link":"https:\/\/vincentians.com\/es\/category\/la-familia-vicenciana\/biografias-vicencianas\/biografias-de-misioneros-paules\/"},"img":{"alt_text":"","src":"https:\/\/i0.wp.com\/vincentians.com\/es\/wp-content\/uploads\/sites\/11\/2016\/07\/bio-cm.jpg?fit=1200%2C630&ssl=1&resize=350%2C200","width":350,"height":200,"srcset":"https:\/\/i0.wp.com\/vincentians.com\/es\/wp-content\/uploads\/sites\/11\/2016\/07\/bio-cm.jpg?fit=1200%2C630&ssl=1&resize=350%2C200 1x, https:\/\/i0.wp.com\/vincentians.com\/es\/wp-content\/uploads\/sites\/11\/2016\/07\/bio-cm.jpg?fit=1200%2C630&ssl=1&resize=525%2C300 1.5x, https:\/\/i0.wp.com\/vincentians.com\/es\/wp-content\/uploads\/sites\/11\/2016\/07\/bio-cm.jpg?fit=1200%2C630&ssl=1&resize=700%2C400 2x, https:\/\/i0.wp.com\/vincentians.com\/es\/wp-content\/uploads\/sites\/11\/2016\/07\/bio-cm.jpg?fit=1200%2C630&ssl=1&resize=1050%2C600 3x"},"classes":[]}],"_links":{"self":[{"href":"https:\/\/vincentians.com\/es\/wp-json\/wp\/v2\/posts\/404248","targetHints":{"allow":["GET"]}}],"collection":[{"href":"https:\/\/vincentians.com\/es\/wp-json\/wp\/v2\/posts"}],"about":[{"href":"https:\/\/vincentians.com\/es\/wp-json\/wp\/v2\/types\/post"}],"author":[{"embeddable":true,"href":"https:\/\/vincentians.com\/es\/wp-json\/wp\/v2\/users\/5"}],"replies":[{"embeddable":true,"href":"https:\/\/vincentians.com\/es\/wp-json\/wp\/v2\/comments?post=404248"}],"version-history":[{"count":1,"href":"https:\/\/vincentians.com\/es\/wp-json\/wp\/v2\/posts\/404248\/revisions"}],"predecessor-version":[{"id":404249,"href":"https:\/\/vincentians.com\/es\/wp-json\/wp\/v2\/posts\/404248\/revisions\/404249"}],"wp:featuredmedia":[{"embeddable":true,"href":"https:\/\/vincentians.com\/es\/wp-json\/wp\/v2\/media\/404242"}],"wp:attachment":[{"href":"https:\/\/vincentians.com\/es\/wp-json\/wp\/v2\/media?parent=404248"}],"wp:term":[{"taxonomy":"category","embeddable":true,"href":"https:\/\/vincentians.com\/es\/wp-json\/wp\/v2\/categories?post=404248"},{"taxonomy":"post_tag","embeddable":true,"href":"https:\/\/vincentians.com\/es\/wp-json\/wp\/v2\/tags?post=404248"}],"curies":[{"name":"wp","href":"https:\/\/api.w.org\/{rel}","templated":true}]}}