{"id":404246,"date":"2022-10-20T08:01:39","date_gmt":"2022-10-20T06:01:39","guid":{"rendered":"http:\/\/vincentians.com\/es\/?p=404246"},"modified":"2022-08-08T21:22:16","modified_gmt":"2022-08-08T19:22:16","slug":"mons-vicente-zico-cm1-iii","status":"publish","type":"post","link":"https:\/\/vincentians.com\/es\/mons-vicente-zico-cm1-iii\/","title":{"rendered":"Mons. Vicente Zico, CM[1] (III)"},"content":{"rendered":"<ol>\n<li><strong>\u00bfCu\u00e1les son los principales aspectos de su espiritualidad? <\/strong><\/li>\n<\/ol>\n<p>No hay duda de que la primera fuente de la espiritualidad de Mons. Vicente Zico fue la herencia que \u00e9l recibi\u00f3 de San Vicente de Pa\u00fal. Es lo que se puede intuir f\u00e1cilmente al considerar la centralidad de la persona de Jesucristo en su vida y en su ministerio. Lecci\u00f3n aprendida de su fundador: <em>\u201cNada me agrada, a no ser en Jesucristo\u201d<\/em> (Abelly III, 120). Era en Cristo que Mons. Vicente encontraba la referencia segura de su existencia consagrada y de su laboriosa entrega al servicio de Dios y de los hermanos. Ya en el recuerdo de su ordenaci\u00f3n presbiteral, hizo que se imprimiese: <em>\u201cEl sacerdote es otro Cristo\u201d<\/em>. Se refer\u00eda con frecuencia a la oraci\u00f3n lit\u00fargica del primer domingo de Cuaresma como inspiraci\u00f3n fundamental del obrar cristiano: <em>\u201cConc\u00e9denos, oh Dios omnipotente, que podamos progresar en el conocimiento de Jesucristo y corresponder a su amor por una vida santa\u201d<\/em>. En sus meditaciones sobre el A\u00f1o Sacerdotal (2009-2010), as\u00ed se expres\u00f3: <em>\u201cNosotros, padres, como los ap\u00f3stoles, para seguir a Jes\u00fas, debemos igualmente acogerlo, acompa\u00f1arlo generosamente, abrirnos a sus ense\u00f1anzas, llenarnos de entusiasmo por su persona, adoptar su estilo de vida, hacernos verdaderamente disc\u00edpulos, seguirlo, haciendo de Jesucristo nuestra vida\u201d<\/em>. M\u00e1s adelante, destaca la compasi\u00f3n de Cristo con los pobres, otro acento de la espiritualidad vicentina internalizado en su vida de misionero y pastor: <em>\u201cRostro humano de Dios, Nuestro Se\u00f1or se hizo conocido y fue admirado y querido del pueblo por la manera como se mostraba atento a la situaci\u00f3n de los pobres, de los enfermos, de los peque\u00f1os, de los afligidos, de los excluidos <\/em>(&#8230;). <em>Formaba parte de su misi\u00f3n mostrarse profundamente humano, coraz\u00f3n compasivo <\/em>(&#8230;). <em>En el seguimiento de Jes\u00fas, el padre debe primeramente dar testimonio de una persona rica de humanidad\u201d<\/em>.<\/p>\n<p>De esta radical identificaci\u00f3n con el Se\u00f1or, Mons. Zico recog\u00eda otro aspecto destacado de su espiritualidad, siempre de acuerdo con el esp\u00edritu de San Vicente: la confianza en la Divina Providencia. En los registros de un retiro que predic\u00f3 para nuestros seminaristas con ocasi\u00f3n del A\u00f1o de la Fe (2012-2013), descubrimos este testimonio: <em>\u201cSoy feliz por vivir sintiendo dentro de m\u00ed la verdad de lo que dec\u00eda y escrib\u00eda San Vicente: \u2018Dej\u00e9monos conducir por la Providencia y todo llegar\u00e1 a buen t\u00e9rmino\u2019\u201d<\/em>. Esta confianza en la Providencia lo fortaleci\u00f3 a lo largo de toda\u00a0 su vida, haci\u00e9ndolo siempre m\u00e1s confiado y disponible, fecundo en sus discernimientos e infatigable en el don de s\u00ed. Otra dimensi\u00f3n de la herencia vicentina que Mons. Vicente asimil\u00f3 en profundidad fueron las cinco virtudes que San Vicente imprimi\u00f3 en la Congregaci\u00f3n como trazos indelebles de su fisionom\u00eda espiritual y misionera: <em>\u201cProcuremos entrar en la pr\u00e1ctica de estas cinco virtudes,<\/em> <em>como los caracoles en sus conchas, y hagamos que nuestras acciones transpiren estas virtudes. Ser\u00e1 un verdadero misionero quien act\u00fae as\u00ed\u201d <\/em>(SV XII, 310). En \u00a0efecto, la vida de Mons. Zico fue una n\u00edtida transparencia de estas virtudes. Su cautivante <em>sencillez<\/em>, que lo hac\u00eda accesible a todos, pr\u00f3ximo a los pobres e intachable en sus procedimientos. La <em>humildad<\/em> que no le permit\u00eda colocarse como centro de sus b\u00fasquedas y atribuir a s\u00ed mismo el m\u00e9rito de sus hechos. La <em>mansedumbre<\/em> que reluc\u00eda en la placidez de su semblante, en su presencia irradiadora de paz, en sus gestos de ternura y consolaci\u00f3n. La <em>mortificaci\u00f3n<\/em> ejercitada en las probaciones, sobre todo cuando ve\u00eda colocada bajo sospecha la rectitud de sus intenciones, en su disposici\u00f3n de perseverar hasta el final en el bien comenzado y jam\u00e1s pagar al mal con mal. El <em>celo<\/em> que marcaba el cumplimento creativo de sus deberes, particularmente su acci\u00f3n evangelizadora, y que lo llevaba a hacerse <em>\u201ctodo para todos\u201d<\/em> (1Cor 9,22). Por todo lo que San Vicente de Pa\u00fal represent\u00f3 en la definici\u00f3n de su personalidad, no estar\u00e1 de m\u00e1s reproducir aqu\u00ed un peque\u00f1o fragmento de una meditaci\u00f3n hecha por Mons. Vicente en el retiro que predic\u00f3 para los cohermanos de la Provincia de Fortaleza, con ocasi\u00f3n del A\u00f1o Jubilar de los 350 a\u00f1os de la muerte de San Vicente y Santa Luisa (2010): <em>\u201cConocer San Vicente signific\u00f3 para m\u00ed apreciar y admirar su experiencia espiritual, el genio de su caridad, su celo en favor de los pobres. Y, as\u00ed, amarlo profundamente. Como padre e incluso en la misi\u00f3n de obispo, continu\u00e9 alimentando mis conocimientos, familiariz\u00e1ndome con San Vicente y su espiritualidad. Pude hablar y escribir bastante sobre nuestro fundador y padre. Tenemos obligaci\u00f3n de conocerlo y hacerlo conocido, tanto por el afecto de hijos que nos anima, como por la convicci\u00f3n de que \u00e9l, San Vicente, tiene mucho que decir al mundo de hoy y a la Familia Vicentina en particular\u201d<\/em>. <em>\u00a0\u00a0<\/em><\/p>\n<p>Otra clave de lectura de la espiritualidad de Mons. Zico es su blas\u00f3n episcopal, en el cual aparece sintetizado el contenido program\u00e1tico de su ministerio. Lado a lado, est\u00e1n la Palabra y la Eucarist\u00eda. Palabra que Mons. Vicente meditaba con docilidad, se esforzaba por vivir y predicaba con humilde elocuencia. Eucarist\u00eda diariamente celebrada, fulcro de su vida e impulso de su misi\u00f3n. La estrella sobre el fondo azul evoca la presencia de Mar\u00eda, Madre de Jes\u00fas, modelo de aquellos que lo aman y lo siguen, de cuya compa\u00f1\u00eda Mons. Vicente jam\u00e1s se apart\u00f3. La elecci\u00f3n del lema, sacado de Hec 1,14, quiso ser tambi\u00e9n un homenaje a San Juan Pablo II, papa que lo nombr\u00f3 y orden\u00f3 obispo. Las aguas del rio que atraviesan el blas\u00f3n, a su vez, aluden a la Amazonia, lugar en que su ministerio se desarroll\u00f3 con abundantes frutos. Las palabras con que Mons. Vicente Zico se refiri\u00f3 a su predecesor, en el ano de 1991, servir\u00edan para delinear su propio perfil: <em>\u201cCuanto m\u00e1s se identifica el obispo con los deseos y preferencias del reba\u00f1o que \u00e9l pastorea, m\u00e1s se hace evidente que, en \u00e9l, el Esp\u00edrito Santo descubri\u00f3 la vocaci\u00f3n indispensable para el episcopado\u201d<\/em>.<\/p>\n<p><em>Vin\u00edcius Augusto Teixeira, C.M.<\/em><\/p>\n<p>&nbsp;<\/p>\n<p><a href=\"#_ftnref1\" name=\"_ftn1\">[1]<\/a> Publicado en: <em>Vincentiana<\/em>, Roma, a\u00f1o 59, n. 4, pp. 423-433, octubre-diciembre 2015.<\/p>\n","protected":false},"excerpt":{"rendered":"<p>\u00bfCu\u00e1les son los principales aspectos de su espiritualidad? No hay duda de que la primera fuente de la espiritualidad de Mons. Vicente Zico fue la herencia que \u00e9l recibi\u00f3 de San Vicente de Pa\u00fal. Es &#8230; <a href=\"https:\/\/vincentians.com\/es\/mons-vicente-zico-cm1-iii\/\" class=\"more-link\">Read More<\/a><\/p>\n","protected":false},"author":5,"featured_media":404242,"comment_status":"open","ping_status":"open","sticky":false,"template":"","format":"standard","meta":{"jetpack_post_was_ever_published":false,"_jetpack_newsletter_access":"","_jetpack_dont_email_post_to_subs":false,"_jetpack_newsletter_tier_id":0,"_jetpack_memberships_contains_paywalled_content":false,"_jetpack_memberships_contains_paid_content":false,"footnotes":"","jetpack_publicize_message":"","jetpack_publicize_feature_enabled":true,"jetpack_social_post_already_shared":true,"jetpack_social_options":{"image_generator_settings":{"template":"highway","default_image_id":0,"font":"","enabled":false},"version":2}},"categories":[19],"tags":[],"class_list":["post-404246","post","type-post","status-publish","format-standard","has-post-thumbnail","hentry","category-biografias-de-misioneros-paules"],"yoast_head":"<!-- This site is optimized with the Yoast SEO plugin v26.3 - https:\/\/yoast.com\/wordpress\/plugins\/seo\/ -->\n<title>Mons. Vicente Zico, CM[1] (III) - Somos Vicencianos<\/title>\n<meta name=\"robots\" content=\"index, follow, max-snippet:-1, max-image-preview:large, max-video-preview:-1\" \/>\n<link rel=\"canonical\" href=\"https:\/\/vincentians.com\/es\/mons-vicente-zico-cm1-iii\/\" \/>\n<meta property=\"og:locale\" content=\"es_ES\" \/>\n<meta property=\"og:type\" content=\"article\" \/>\n<meta property=\"og:title\" content=\"Mons. Vicente Zico, CM[1] (III) - Somos Vicencianos\" \/>\n<meta property=\"og:description\" content=\"\u00bfCu\u00e1les son los principales aspectos de su espiritualidad? No hay duda de que la primera fuente de la espiritualidad de Mons. Vicente Zico fue la herencia que \u00e9l recibi\u00f3 de San Vicente de Pa\u00fal. Es ... Read More\" \/>\n<meta property=\"og:url\" content=\"https:\/\/vincentians.com\/es\/mons-vicente-zico-cm1-iii\/\" \/>\n<meta property=\"og:site_name\" content=\"Somos Vicencianos\" \/>\n<meta property=\"article:publisher\" content=\"https:\/\/www.facebook.com\/WeAreVincentians\/\" \/>\n<meta property=\"article:published_time\" content=\"2022-10-20T06:01:39+00:00\" \/>\n<meta property=\"og:image\" content=\"https:\/\/i0.wp.com\/vincentians.com\/es\/wp-content\/uploads\/sites\/11\/2022\/08\/destaque-329323-zicoooo.jpg?fit=800%2C500&ssl=1\" \/>\n\t<meta property=\"og:image:width\" content=\"800\" \/>\n\t<meta property=\"og:image:height\" content=\"500\" \/>\n\t<meta property=\"og:image:type\" content=\"image\/jpeg\" \/>\n<meta name=\"author\" content=\"Mitxel Olabu\u00e9naga\" \/>\n<meta name=\"twitter:card\" content=\"summary_large_image\" \/>\n<meta name=\"twitter:creator\" content=\"@WeVincentians\" \/>\n<meta name=\"twitter:site\" content=\"@WeVincentians\" \/>\n<meta name=\"twitter:label1\" content=\"Escrito por\" \/>\n\t<meta name=\"twitter:data1\" content=\"Mitxel Olabu\u00e9naga\" \/>\n\t<meta name=\"twitter:label2\" content=\"Tiempo de lectura\" \/>\n\t<meta name=\"twitter:data2\" content=\"5 minutos\" \/>\n<script type=\"application\/ld+json\" class=\"yoast-schema-graph\">{\"@context\":\"https:\/\/schema.org\",\"@graph\":[{\"@type\":\"Article\",\"@id\":\"https:\/\/vincentians.com\/es\/mons-vicente-zico-cm1-iii\/#article\",\"isPartOf\":{\"@id\":\"https:\/\/vincentians.com\/es\/mons-vicente-zico-cm1-iii\/\"},\"author\":{\"name\":\"Mitxel Olabu\u00e9naga\",\"@id\":\"https:\/\/vincentians.com\/es\/#\/schema\/person\/7c2670b4445a7ca9d164ea6acdb31859\"},\"headline\":\"Mons. Vicente Zico, CM[1] (III)\",\"datePublished\":\"2022-10-20T06:01:39+00:00\",\"mainEntityOfPage\":{\"@id\":\"https:\/\/vincentians.com\/es\/mons-vicente-zico-cm1-iii\/\"},\"wordCount\":1075,\"commentCount\":0,\"publisher\":{\"@id\":\"https:\/\/vincentians.com\/es\/#organization\"},\"image\":{\"@id\":\"https:\/\/vincentians.com\/es\/mons-vicente-zico-cm1-iii\/#primaryimage\"},\"thumbnailUrl\":\"https:\/\/i0.wp.com\/vincentians.com\/es\/wp-content\/uploads\/sites\/11\/2022\/08\/destaque-329323-zicoooo.jpg?fit=800%2C500&ssl=1\",\"articleSection\":[\"Biograf\u00edas de Misioneros Pa\u00fales\"],\"inLanguage\":\"es\",\"potentialAction\":[{\"@type\":\"CommentAction\",\"name\":\"Comment\",\"target\":[\"https:\/\/vincentians.com\/es\/mons-vicente-zico-cm1-iii\/#respond\"]}]},{\"@type\":\"WebPage\",\"@id\":\"https:\/\/vincentians.com\/es\/mons-vicente-zico-cm1-iii\/\",\"url\":\"https:\/\/vincentians.com\/es\/mons-vicente-zico-cm1-iii\/\",\"name\":\"Mons. Vicente Zico, CM[1] (III) - Somos Vicencianos\",\"isPartOf\":{\"@id\":\"https:\/\/vincentians.com\/es\/#website\"},\"primaryImageOfPage\":{\"@id\":\"https:\/\/vincentians.com\/es\/mons-vicente-zico-cm1-iii\/#primaryimage\"},\"image\":{\"@id\":\"https:\/\/vincentians.com\/es\/mons-vicente-zico-cm1-iii\/#primaryimage\"},\"thumbnailUrl\":\"https:\/\/i0.wp.com\/vincentians.com\/es\/wp-content\/uploads\/sites\/11\/2022\/08\/destaque-329323-zicoooo.jpg?fit=800%2C500&ssl=1\",\"datePublished\":\"2022-10-20T06:01:39+00:00\",\"breadcrumb\":{\"@id\":\"https:\/\/vincentians.com\/es\/mons-vicente-zico-cm1-iii\/#breadcrumb\"},\"inLanguage\":\"es\",\"potentialAction\":[{\"@type\":\"ReadAction\",\"target\":[\"https:\/\/vincentians.com\/es\/mons-vicente-zico-cm1-iii\/\"]}]},{\"@type\":\"ImageObject\",\"inLanguage\":\"es\",\"@id\":\"https:\/\/vincentians.com\/es\/mons-vicente-zico-cm1-iii\/#primaryimage\",\"url\":\"https:\/\/i0.wp.com\/vincentians.com\/es\/wp-content\/uploads\/sites\/11\/2022\/08\/destaque-329323-zicoooo.jpg?fit=800%2C500&ssl=1\",\"contentUrl\":\"https:\/\/i0.wp.com\/vincentians.com\/es\/wp-content\/uploads\/sites\/11\/2022\/08\/destaque-329323-zicoooo.jpg?fit=800%2C500&ssl=1\",\"width\":800,\"height\":500},{\"@type\":\"BreadcrumbList\",\"@id\":\"https:\/\/vincentians.com\/es\/mons-vicente-zico-cm1-iii\/#breadcrumb\",\"itemListElement\":[{\"@type\":\"ListItem\",\"position\":1,\"name\":\"Portada\",\"item\":\"https:\/\/vincentians.com\/es\/\"},{\"@type\":\"ListItem\",\"position\":2,\"name\":\"Mons. Vicente Zico, CM[1] (III)\"}]},{\"@type\":\"WebSite\",\"@id\":\"https:\/\/vincentians.com\/es\/#website\",\"url\":\"https:\/\/vincentians.com\/es\/\",\"name\":\"Somos Vicencianos\",\"description\":\"Know more to serve more\",\"publisher\":{\"@id\":\"https:\/\/vincentians.com\/es\/#organization\"},\"potentialAction\":[{\"@type\":\"SearchAction\",\"target\":{\"@type\":\"EntryPoint\",\"urlTemplate\":\"https:\/\/vincentians.com\/es\/?s={search_term_string}\"},\"query-input\":{\"@type\":\"PropertyValueSpecification\",\"valueRequired\":true,\"valueName\":\"search_term_string\"}}],\"inLanguage\":\"es\"},{\"@type\":\"Organization\",\"@id\":\"https:\/\/vincentians.com\/es\/#organization\",\"name\":\"The Vincentian Network\",\"url\":\"https:\/\/vincentians.com\/es\/\",\"logo\":{\"@type\":\"ImageObject\",\"inLanguage\":\"es\",\"@id\":\"https:\/\/vincentians.com\/es\/#\/schema\/logo\/image\/\",\"url\":\"https:\/\/i1.wp.com\/vincentians.com\/es\/wp-content\/uploads\/sites\/11\/2016\/06\/Vincentian-Network-logo-big.png?fit=778%2C778\",\"contentUrl\":\"https:\/\/i1.wp.com\/vincentians.com\/es\/wp-content\/uploads\/sites\/11\/2016\/06\/Vincentian-Network-logo-big.png?fit=778%2C778\",\"width\":778,\"height\":778,\"caption\":\"The Vincentian Network\"},\"image\":{\"@id\":\"https:\/\/vincentians.com\/es\/#\/schema\/logo\/image\/\"},\"sameAs\":[\"https:\/\/www.facebook.com\/WeAreVincentians\/\",\"https:\/\/x.com\/WeVincentians\"]},{\"@type\":\"Person\",\"@id\":\"https:\/\/vincentians.com\/es\/#\/schema\/person\/7c2670b4445a7ca9d164ea6acdb31859\",\"name\":\"Mitxel Olabu\u00e9naga\",\"image\":{\"@type\":\"ImageObject\",\"inLanguage\":\"es\",\"@id\":\"https:\/\/vincentians.com\/es\/#\/schema\/person\/image\/\",\"url\":\"https:\/\/secure.gravatar.com\/avatar\/34137ec2e2b8939cbbed975731e71f3f4f1defc7266ded337a5ce0f925426877?s=96&d=mm&r=g\",\"contentUrl\":\"https:\/\/secure.gravatar.com\/avatar\/34137ec2e2b8939cbbed975731e71f3f4f1defc7266ded337a5ce0f925426877?s=96&d=mm&r=g\",\"caption\":\"Mitxel Olabu\u00e9naga\"},\"url\":\"https:\/\/vincentians.com\/es\/author\/mitxel\/\"}]}<\/script>\n<!-- \/ Yoast SEO plugin. -->","yoast_head_json":{"title":"Mons. Vicente Zico, CM[1] (III) - Somos Vicencianos","robots":{"index":"index","follow":"follow","max-snippet":"max-snippet:-1","max-image-preview":"max-image-preview:large","max-video-preview":"max-video-preview:-1"},"canonical":"https:\/\/vincentians.com\/es\/mons-vicente-zico-cm1-iii\/","og_locale":"es_ES","og_type":"article","og_title":"Mons. Vicente Zico, CM[1] (III) - Somos Vicencianos","og_description":"\u00bfCu\u00e1les son los principales aspectos de su espiritualidad? No hay duda de que la primera fuente de la espiritualidad de Mons. Vicente Zico fue la herencia que \u00e9l recibi\u00f3 de San Vicente de Pa\u00fal. Es ... Read More","og_url":"https:\/\/vincentians.com\/es\/mons-vicente-zico-cm1-iii\/","og_site_name":"Somos Vicencianos","article_publisher":"https:\/\/www.facebook.com\/WeAreVincentians\/","article_published_time":"2022-10-20T06:01:39+00:00","og_image":[{"width":800,"height":500,"url":"https:\/\/i0.wp.com\/vincentians.com\/es\/wp-content\/uploads\/sites\/11\/2022\/08\/destaque-329323-zicoooo.jpg?fit=800%2C500&ssl=1","type":"image\/jpeg"}],"author":"Mitxel Olabu\u00e9naga","twitter_card":"summary_large_image","twitter_creator":"@WeVincentians","twitter_site":"@WeVincentians","twitter_misc":{"Escrito por":"Mitxel Olabu\u00e9naga","Tiempo de lectura":"5 minutos"},"schema":{"@context":"https:\/\/schema.org","@graph":[{"@type":"Article","@id":"https:\/\/vincentians.com\/es\/mons-vicente-zico-cm1-iii\/#article","isPartOf":{"@id":"https:\/\/vincentians.com\/es\/mons-vicente-zico-cm1-iii\/"},"author":{"name":"Mitxel Olabu\u00e9naga","@id":"https:\/\/vincentians.com\/es\/#\/schema\/person\/7c2670b4445a7ca9d164ea6acdb31859"},"headline":"Mons. Vicente Zico, CM[1] (III)","datePublished":"2022-10-20T06:01:39+00:00","mainEntityOfPage":{"@id":"https:\/\/vincentians.com\/es\/mons-vicente-zico-cm1-iii\/"},"wordCount":1075,"commentCount":0,"publisher":{"@id":"https:\/\/vincentians.com\/es\/#organization"},"image":{"@id":"https:\/\/vincentians.com\/es\/mons-vicente-zico-cm1-iii\/#primaryimage"},"thumbnailUrl":"https:\/\/i0.wp.com\/vincentians.com\/es\/wp-content\/uploads\/sites\/11\/2022\/08\/destaque-329323-zicoooo.jpg?fit=800%2C500&ssl=1","articleSection":["Biograf\u00edas de Misioneros Pa\u00fales"],"inLanguage":"es","potentialAction":[{"@type":"CommentAction","name":"Comment","target":["https:\/\/vincentians.com\/es\/mons-vicente-zico-cm1-iii\/#respond"]}]},{"@type":"WebPage","@id":"https:\/\/vincentians.com\/es\/mons-vicente-zico-cm1-iii\/","url":"https:\/\/vincentians.com\/es\/mons-vicente-zico-cm1-iii\/","name":"Mons. Vicente Zico, CM[1] (III) - Somos Vicencianos","isPartOf":{"@id":"https:\/\/vincentians.com\/es\/#website"},"primaryImageOfPage":{"@id":"https:\/\/vincentians.com\/es\/mons-vicente-zico-cm1-iii\/#primaryimage"},"image":{"@id":"https:\/\/vincentians.com\/es\/mons-vicente-zico-cm1-iii\/#primaryimage"},"thumbnailUrl":"https:\/\/i0.wp.com\/vincentians.com\/es\/wp-content\/uploads\/sites\/11\/2022\/08\/destaque-329323-zicoooo.jpg?fit=800%2C500&ssl=1","datePublished":"2022-10-20T06:01:39+00:00","breadcrumb":{"@id":"https:\/\/vincentians.com\/es\/mons-vicente-zico-cm1-iii\/#breadcrumb"},"inLanguage":"es","potentialAction":[{"@type":"ReadAction","target":["https:\/\/vincentians.com\/es\/mons-vicente-zico-cm1-iii\/"]}]},{"@type":"ImageObject","inLanguage":"es","@id":"https:\/\/vincentians.com\/es\/mons-vicente-zico-cm1-iii\/#primaryimage","url":"https:\/\/i0.wp.com\/vincentians.com\/es\/wp-content\/uploads\/sites\/11\/2022\/08\/destaque-329323-zicoooo.jpg?fit=800%2C500&ssl=1","contentUrl":"https:\/\/i0.wp.com\/vincentians.com\/es\/wp-content\/uploads\/sites\/11\/2022\/08\/destaque-329323-zicoooo.jpg?fit=800%2C500&ssl=1","width":800,"height":500},{"@type":"BreadcrumbList","@id":"https:\/\/vincentians.com\/es\/mons-vicente-zico-cm1-iii\/#breadcrumb","itemListElement":[{"@type":"ListItem","position":1,"name":"Portada","item":"https:\/\/vincentians.com\/es\/"},{"@type":"ListItem","position":2,"name":"Mons. Vicente Zico, CM[1] (III)"}]},{"@type":"WebSite","@id":"https:\/\/vincentians.com\/es\/#website","url":"https:\/\/vincentians.com\/es\/","name":"Somos Vicencianos","description":"Know more to serve more","publisher":{"@id":"https:\/\/vincentians.com\/es\/#organization"},"potentialAction":[{"@type":"SearchAction","target":{"@type":"EntryPoint","urlTemplate":"https:\/\/vincentians.com\/es\/?s={search_term_string}"},"query-input":{"@type":"PropertyValueSpecification","valueRequired":true,"valueName":"search_term_string"}}],"inLanguage":"es"},{"@type":"Organization","@id":"https:\/\/vincentians.com\/es\/#organization","name":"The Vincentian Network","url":"https:\/\/vincentians.com\/es\/","logo":{"@type":"ImageObject","inLanguage":"es","@id":"https:\/\/vincentians.com\/es\/#\/schema\/logo\/image\/","url":"https:\/\/i1.wp.com\/vincentians.com\/es\/wp-content\/uploads\/sites\/11\/2016\/06\/Vincentian-Network-logo-big.png?fit=778%2C778","contentUrl":"https:\/\/i1.wp.com\/vincentians.com\/es\/wp-content\/uploads\/sites\/11\/2016\/06\/Vincentian-Network-logo-big.png?fit=778%2C778","width":778,"height":778,"caption":"The Vincentian Network"},"image":{"@id":"https:\/\/vincentians.com\/es\/#\/schema\/logo\/image\/"},"sameAs":["https:\/\/www.facebook.com\/WeAreVincentians\/","https:\/\/x.com\/WeVincentians"]},{"@type":"Person","@id":"https:\/\/vincentians.com\/es\/#\/schema\/person\/7c2670b4445a7ca9d164ea6acdb31859","name":"Mitxel Olabu\u00e9naga","image":{"@type":"ImageObject","inLanguage":"es","@id":"https:\/\/vincentians.com\/es\/#\/schema\/person\/image\/","url":"https:\/\/secure.gravatar.com\/avatar\/34137ec2e2b8939cbbed975731e71f3f4f1defc7266ded337a5ce0f925426877?s=96&d=mm&r=g","contentUrl":"https:\/\/secure.gravatar.com\/avatar\/34137ec2e2b8939cbbed975731e71f3f4f1defc7266ded337a5ce0f925426877?s=96&d=mm&r=g","caption":"Mitxel Olabu\u00e9naga"},"url":"https:\/\/vincentians.com\/es\/author\/mitxel\/"}]}},"jetpack_publicize_connections":[],"jetpack_featured_media_url":"https:\/\/i0.wp.com\/vincentians.com\/es\/wp-content\/uploads\/sites\/11\/2022\/08\/destaque-329323-zicoooo.jpg?fit=800%2C500&ssl=1","jetpack_sharing_enabled":true,"jetpack_shortlink":"https:\/\/wp.me\/p7ETMF-1Ha6","jetpack-related-posts":[{"id":404248,"url":"https:\/\/vincentians.com\/es\/mons-vicente-zico-cm1-iv\/","url_meta":{"origin":404246,"position":0},"title":"Mons. Vicente Zico, CM[1] (IV)","author":"Mitxel Olabu\u00e9naga","date":"22\/10\/2022","format":false,"excerpt":"\u00bfY la relaci\u00f3n de Mons. Zico con la Congregaci\u00f3n de la Misi\u00f3n y la Familia Vicenciana? Incluso despu\u00e9s de su nombramiento para el episcopado, Mons. Vicente siempre se mantuvo estrechamente unido a la Congregaci\u00f3n. Se sent\u00eda verdaderamente feliz y agradecido por pertenecer a las filas de la Peque\u00f1a Compa\u00f1\u00eda. Se\u2026","rel":"","context":"En \u00abBiograf\u00edas de Misioneros Pa\u00fales\u00bb","block_context":{"text":"Biograf\u00edas de Misioneros Pa\u00fales","link":"https:\/\/vincentians.com\/es\/category\/la-familia-vicenciana\/biografias-vicencianas\/biografias-de-misioneros-paules\/"},"img":{"alt_text":"","src":"https:\/\/i0.wp.com\/vincentians.com\/es\/wp-content\/uploads\/sites\/11\/2022\/08\/destaque-329323-zicoooo.jpg?fit=800%2C500&ssl=1&resize=350%2C200","width":350,"height":200,"srcset":"https:\/\/i0.wp.com\/vincentians.com\/es\/wp-content\/uploads\/sites\/11\/2022\/08\/destaque-329323-zicoooo.jpg?fit=800%2C500&ssl=1&resize=350%2C200 1x, https:\/\/i0.wp.com\/vincentians.com\/es\/wp-content\/uploads\/sites\/11\/2022\/08\/destaque-329323-zicoooo.jpg?fit=800%2C500&ssl=1&resize=525%2C300 1.5x, https:\/\/i0.wp.com\/vincentians.com\/es\/wp-content\/uploads\/sites\/11\/2022\/08\/destaque-329323-zicoooo.jpg?fit=800%2C500&ssl=1&resize=700%2C400 2x"},"classes":[]},{"id":404241,"url":"https:\/\/vincentians.com\/es\/mons-vicente-zico-cm1-i\/","url_meta":{"origin":404246,"position":1},"title":"Mons. Vicente Zico, CM[1] (I)","author":"Mitxel Olabu\u00e9naga","date":"16\/10\/2022","format":false,"excerpt":"\u00bfQui\u00e9n fue nuestro cohermano: Mons. Vicente Zico? \u00a0Un hombre de Dios, un vicenciano feliz y un pastor sol\u00edcito. Son \u00e9stos los aspectos m\u00e1s evidentes en el perfil de Mons. Vicente Zico, admitido en la eterna paz del Se\u00f1or el d\u00eda 4 de mayo de 2015. Hablemos un poco de su\u2026","rel":"","context":"En \u00abBiograf\u00edas de Misioneros Pa\u00fales\u00bb","block_context":{"text":"Biograf\u00edas de Misioneros Pa\u00fales","link":"https:\/\/vincentians.com\/es\/category\/la-familia-vicenciana\/biografias-vicencianas\/biografias-de-misioneros-paules\/"},"img":{"alt_text":"","src":"https:\/\/i0.wp.com\/vincentians.com\/es\/wp-content\/uploads\/sites\/11\/2022\/08\/destaque-329323-zicoooo.jpg?fit=800%2C500&ssl=1&resize=350%2C200","width":350,"height":200,"srcset":"https:\/\/i0.wp.com\/vincentians.com\/es\/wp-content\/uploads\/sites\/11\/2022\/08\/destaque-329323-zicoooo.jpg?fit=800%2C500&ssl=1&resize=350%2C200 1x, https:\/\/i0.wp.com\/vincentians.com\/es\/wp-content\/uploads\/sites\/11\/2022\/08\/destaque-329323-zicoooo.jpg?fit=800%2C500&ssl=1&resize=525%2C300 1.5x, https:\/\/i0.wp.com\/vincentians.com\/es\/wp-content\/uploads\/sites\/11\/2022\/08\/destaque-329323-zicoooo.jpg?fit=800%2C500&ssl=1&resize=700%2C400 2x"},"classes":[]},{"id":386892,"url":"https:\/\/vincentians.com\/es\/volver-a-jesus-para-evangelizar\/","url_meta":{"origin":404246,"position":2},"title":"Volver a Jes\u00fas para evangelizar","author":"Francisco Javier Fern\u00e1ndez Chento","date":"25\/01\/2016","format":false,"excerpt":"Me alegra inmensamente que la pr\u00f3xima Asamblea de la Congregaci\u00f3n de la Misi\u00f3n tenga como tema de reflexi\u00f3n y motivaci\u00f3n un asunto que tiene que ver con su identidad apost\u00f3lica: la Nueva Evangelizaci\u00f3n. Conviene, sin embargo, recordar que la evangelizaci\u00f3n tiene un gran supuesto: la contemplaci\u00f3n de Cristo enviado por\u2026","rel":"","context":"En \u00abFormaci\u00f3n Vicenciana\u00bb","block_context":{"text":"Formaci\u00f3n Vicenciana","link":"https:\/\/vincentians.com\/es\/category\/formacion-vicenciana\/"},"img":{"alt_text":"hora de evangelizar","src":"https:\/\/i0.wp.com\/vicencianos.org\/wp-content\/uploads\/2016\/01\/hora-de-evangelizar-300x283.jpg?resize=350%2C200","width":350,"height":200},"classes":[]},{"id":404244,"url":"https:\/\/vincentians.com\/es\/mons-vicente-zico-cm1-ii\/","url_meta":{"origin":404246,"position":3},"title":"Mons. Vicente Zico, CM[1] (II)","author":"Mitxel Olabu\u00e9naga","date":"18\/10\/2022","format":false,"excerpt":"H\u00e1blenos un poco del episcopado y de la actuaci\u00f3n pastoral de Mons. Vicente. \u00a0Mons. Vicente fue un obispo forjado por el\u00a0 Concilio Vaticano II: un aut\u00e9ntico pastor, de indescriptible envergadura espiritual e incansable celo apost\u00f3lico, repleto de amor a la Iglesia, siempre al servicio de su pueblo. Del inicio al\u2026","rel":"","context":"En \u00abBiograf\u00edas de Misioneros Pa\u00fales\u00bb","block_context":{"text":"Biograf\u00edas de Misioneros Pa\u00fales","link":"https:\/\/vincentians.com\/es\/category\/la-familia-vicenciana\/biografias-vicencianas\/biografias-de-misioneros-paules\/"},"img":{"alt_text":"","src":"https:\/\/i0.wp.com\/vincentians.com\/es\/wp-content\/uploads\/sites\/11\/2022\/08\/destaque-329323-zicoooo.jpg?fit=800%2C500&ssl=1&resize=350%2C200","width":350,"height":200,"srcset":"https:\/\/i0.wp.com\/vincentians.com\/es\/wp-content\/uploads\/sites\/11\/2022\/08\/destaque-329323-zicoooo.jpg?fit=800%2C500&ssl=1&resize=350%2C200 1x, https:\/\/i0.wp.com\/vincentians.com\/es\/wp-content\/uploads\/sites\/11\/2022\/08\/destaque-329323-zicoooo.jpg?fit=800%2C500&ssl=1&resize=525%2C300 1.5x, https:\/\/i0.wp.com\/vincentians.com\/es\/wp-content\/uploads\/sites\/11\/2022\/08\/destaque-329323-zicoooo.jpg?fit=800%2C500&ssl=1&resize=700%2C400 2x"},"classes":[]},{"id":108324,"url":"https:\/\/vincentians.com\/es\/que-podemos-aportar-los-vicencianos-a-la-tarea-evangelizadora-de-la-iglesia\/","url_meta":{"origin":404246,"position":4},"title":"\u00bfQu\u00e9 podemos aportar los vicencianos a la tarea evangelizadora de la Iglesia?","author":"Francisco Javier Fern\u00e1ndez Chento","date":"29\/09\/2018","format":false,"excerpt":"De entrada, quiero dejar muy claro que \u00e9ste no es un art\u00edculo completo y acabado. Se trata, m\u00e1s bien, de una especie de esbozo, de borrador, de \"lluvia de ideas\". Y, evidentemente, se trata tambi\u00e9n de mi propia opini\u00f3n que no es ni mejor ni peor que otras opiniones. Por\u2026","rel":"","context":"En \u00abFormaci\u00f3n Vicenciana\u00bb","block_context":{"text":"Formaci\u00f3n Vicenciana","link":"https:\/\/vincentians.com\/es\/category\/formacion-vicenciana\/"},"img":{"alt_text":"","src":"https:\/\/i0.wp.com\/vincentians.com\/es\/wp-content\/uploads\/sites\/11\/2016\/07\/comnidad-vicenciana-para-la-mision.jpg?fit=1200%2C630&ssl=1&resize=350%2C200","width":350,"height":200,"srcset":"https:\/\/i0.wp.com\/vincentians.com\/es\/wp-content\/uploads\/sites\/11\/2016\/07\/comnidad-vicenciana-para-la-mision.jpg?fit=1200%2C630&ssl=1&resize=350%2C200 1x, https:\/\/i0.wp.com\/vincentians.com\/es\/wp-content\/uploads\/sites\/11\/2016\/07\/comnidad-vicenciana-para-la-mision.jpg?fit=1200%2C630&ssl=1&resize=525%2C300 1.5x, https:\/\/i0.wp.com\/vincentians.com\/es\/wp-content\/uploads\/sites\/11\/2016\/07\/comnidad-vicenciana-para-la-mision.jpg?fit=1200%2C630&ssl=1&resize=700%2C400 2x, https:\/\/i0.wp.com\/vincentians.com\/es\/wp-content\/uploads\/sites\/11\/2016\/07\/comnidad-vicenciana-para-la-mision.jpg?fit=1200%2C630&ssl=1&resize=1050%2C600 3x"},"classes":[]},{"id":130675,"url":"https:\/\/vincentians.com\/es\/el-cristo-de-vicente-de-paul-i\/","url_meta":{"origin":404246,"position":5},"title":"El Cristo de Vicente de Pa\u00fal (I)","author":"Francisco Javier Fern\u00e1ndez Chento","date":"12\/06\/2014","format":false,"excerpt":"Caminemos con confianza por este camino real en el que Jesucristo ser\u00e1 nuestro mentor y nuestro gu\u00eda. (Abelly, BI, 248). En la producci\u00f3n teol\u00f3gica reciente existe una corriente s\u00f3lida que destaca la importancia de los santos como fuente de teolog\u00eda'. Esta corriente se\u00f1ala con fuerza que los santos liberan a\u2026","rel":"","context":"En \u00abFormaci\u00f3n Vicenciana\u00bb","block_context":{"text":"Formaci\u00f3n Vicenciana","link":"https:\/\/vincentians.com\/es\/category\/formacion-vicenciana\/"},"img":{"alt_text":"dibujo-diaconado","src":"https:\/\/i0.wp.com\/vicencianos.org\/wp-content\/2013\/11\/dibujo-diaconado.jpg?resize=350%2C200","width":350,"height":200},"classes":[]}],"_links":{"self":[{"href":"https:\/\/vincentians.com\/es\/wp-json\/wp\/v2\/posts\/404246","targetHints":{"allow":["GET"]}}],"collection":[{"href":"https:\/\/vincentians.com\/es\/wp-json\/wp\/v2\/posts"}],"about":[{"href":"https:\/\/vincentians.com\/es\/wp-json\/wp\/v2\/types\/post"}],"author":[{"embeddable":true,"href":"https:\/\/vincentians.com\/es\/wp-json\/wp\/v2\/users\/5"}],"replies":[{"embeddable":true,"href":"https:\/\/vincentians.com\/es\/wp-json\/wp\/v2\/comments?post=404246"}],"version-history":[{"count":1,"href":"https:\/\/vincentians.com\/es\/wp-json\/wp\/v2\/posts\/404246\/revisions"}],"predecessor-version":[{"id":404247,"href":"https:\/\/vincentians.com\/es\/wp-json\/wp\/v2\/posts\/404246\/revisions\/404247"}],"wp:featuredmedia":[{"embeddable":true,"href":"https:\/\/vincentians.com\/es\/wp-json\/wp\/v2\/media\/404242"}],"wp:attachment":[{"href":"https:\/\/vincentians.com\/es\/wp-json\/wp\/v2\/media?parent=404246"}],"wp:term":[{"taxonomy":"category","embeddable":true,"href":"https:\/\/vincentians.com\/es\/wp-json\/wp\/v2\/categories?post=404246"},{"taxonomy":"post_tag","embeddable":true,"href":"https:\/\/vincentians.com\/es\/wp-json\/wp\/v2\/tags?post=404246"}],"curies":[{"name":"wp","href":"https:\/\/api.w.org\/{rel}","templated":true}]}}