{"id":404244,"date":"2022-10-18T08:57:43","date_gmt":"2022-10-18T06:57:43","guid":{"rendered":"http:\/\/vincentians.com\/es\/?p=404244"},"modified":"2022-08-08T21:22:40","modified_gmt":"2022-08-08T19:22:40","slug":"mons-vicente-zico-cm1-ii","status":"publish","type":"post","link":"https:\/\/vincentians.com\/es\/mons-vicente-zico-cm1-ii\/","title":{"rendered":"Mons. Vicente Zico, CM[1] (II)"},"content":{"rendered":"<ol>\n<li><strong>H\u00e1blenos un poco del episcopado y de la actuaci\u00f3n pastoral de Mons. Vicente. <\/strong><\/li>\n<\/ol>\n<p><strong>\u00a0<\/strong>Mons. Vicente fue un obispo forjado por el\u00a0 Concilio Vaticano II: un aut\u00e9ntico pastor, de indescriptible envergadura espiritual e incansable celo apost\u00f3lico, repleto de amor a la Iglesia, siempre al servicio de su pueblo. Del inicio al fin de su ministerio episcopal, anclado en el triple munus de ense\u00f1ar, santificar y gobernar, personific\u00f3 la descripci\u00f3n hecha por el Concilio, al recomendar que <em>\u201cel obispo tenga siempre delante de los ojos el ejemplo del Buen Pastor que vino no para ser servido, sino para servir y dar la vida por sus ovejas\u201d <\/em>(<em>Lumen gentium<\/em>, n. 27). En sus meditaciones sobre el A\u00f1o Sacerdotal (2009-2010), encontramos esta convicci\u00f3n: <em>\u201cNuestro ministerio, nosotros lo ejercemos, no como quien domina el reba\u00f1o o le impone sus voluntades, sino como quien muestra estar a su servicio, apacentando con amor y dedicaci\u00f3n\u201d<\/em>. Veamos como todo eso se proces\u00f3 en los casi 35 a\u00f1os de episcopado de Mons. Zico.\u00a0 <em>\u00a0<\/em><\/p>\n<p>En diciembre de 1980, su nombramiento para arzobispo coadjutor de Bel\u00e9m lo sorprendi\u00f3 en Roma, en la Curia de la Congregaci\u00f3n, donde continuaba su misi\u00f3n en el Consejo General. Recibi\u00f3 la ordenaci\u00f3n episcopal de las manos del Papa Juan Pablo II, en la Bas\u00edlica de San Pedro, juntamente con otros 10 nuevos obispos. Era el d\u00eda 6 de enero de 1981. Al lado del Santo Padre, se encontraba su hermano, Mons. Belchior Neto, hace ya muchos a\u00f1os obispo de Luz. El lema episcopal escogido por Mons. Vicente Zico (<em>Cum Maria, matre Iesu<\/em>) expresaba su amor a la Madre del Se\u00f1or y su disposici\u00f3n de abrazar la piedad mariana del pueblo paraense. De hecho, en Bel\u00e9m, hace m\u00e1s de dos siglos que se realiza el <em>Cirio de Nazaret<\/em>, una de las mayores fiestas marianas del mundo, reuniendo anualmente alrededor de 2 millones de personas, en el segundo domingo de octubre. Cada a\u00f1o, haciendo a pie todo el recorrido de la procesi\u00f3n, Mons. Vicente se un\u00eda a las esperanzas de su pueblo, coloc\u00e1ndolo <em>\u201cen los brazos maternales de aquella que carga todos los dolores del mundo, aquella que es infinitamente bella, porque es infinitamente buena\u201d<\/em>, como dec\u00eda Charles P\u00e9guy, m\u00edstico y poeta franc\u00e9s, cuya trayectoria de conversi\u00f3n nuestro cohermano obispo tanto apreciaba.<\/p>\n<p>La arquidi\u00f3cesis con la cual firmar\u00eda su alianza, situada en el coraz\u00f3n de la Amazonia, era a\u00fan desconocida para Mons. Vicente, pero desde ya profundamente amada por su pastor. Y hacia all\u00ed se dirigi\u00f3, rebosante de ardor misionero, ansioso por servir. Bel\u00e9m, <em>\u201ccasa del pan\u201d<\/em>, seria desde entonces su casa. Y lo ser\u00eda para toda la vida, hasta el fin de sus d\u00edas. La Amazonia brasile\u00f1a es una regi\u00f3n rica en su biodiversidad: r\u00edos caudalosos, selvas v\u00edrgenes y fauna diversificada componen el majestuoso escenario que enmarca la hist\u00f3rica ciudad de Bel\u00e9m, capital del estado de Par\u00e1. Se trata tambi\u00e9n de una regi\u00f3n de inmensos contrastes sociales, extremadamente carente de recursos y ampliamente explotada en sus riquezas naturales. All\u00ed, Mons. Zico encontr\u00f3 una realidad al mismo tiempo deslumbrante y desafiadora, un verdadero mosaico de culturas, cercado de muchos rostros de pobreza. Una llamada contundente a la caridad pastoral y a la misi\u00f3n evangelizadora que habr\u00edan de marcar su actuaci\u00f3n de obispo vicenciano, cuya predilecci\u00f3n por los pobres se manifestar\u00eda en sus preocupaciones e iniciativas. En la escuela de su fundador, parec\u00eda tener muy claro que la caridad que pulsaba en su coraz\u00f3n no era s\u00f3lo un tesoro a conservar, sino una vida a consumir, un germen a desarrollar, un fuego abrasador cuya llama es el celo por el bien y la salvaci\u00f3n de sus hermanos (cf. SV XI, 590). Y as\u00ed fue en su vida: <em>\u201cCuando la caridad habita en una alma, se hace cargo de sus potencias, jam\u00e1s descansa. Es un\u00a0 fuego que arde sin cesar\u201d<\/em> (SV XI, 132).<\/p>\n<p>Solamente nueve a\u00f1os despu\u00e9s de su llegada, en 1990, Mons. Vicente se convirti\u00f3 en arzobispo titular de Bel\u00e9m. Desde el inicio, sin embargo, en pac\u00edfica cooperaci\u00f3n con su predecesor, inici\u00f3 su fecundo ministerio, visitando las parroquias, dinamizando la pastoral y revitalizando la formaci\u00f3n en el seminario. Su temperamento prudente, afable y conciliador fue ganando la simpat\u00eda y la confianza del clero y de todo el pueblo de Dios. Sab\u00eda aproximarse de los pobres y de las personas m\u00e1s sencillas con indescriptible levedad, recorriendo a pie los barrios de la periferia de la ciudad, visitando hospitales, prisiones, asilos, etc. Qued\u00f3 conocido como \u201cDom Zico\u201d, el obispo sonriente y atento, que a todos extend\u00eda la mano, acog\u00eda, escuchaba, orientaba y bendec\u00eda. Son innumerables los testimonios de personas beneficiadas por la presencia cautivante, por la palabra c\u00e1lida y por la ayuda eficaz de Mons. Vicente. No es por nada que el pueblo paraense lo venera. \u00c9l mismo sol\u00eda emocionarse al narrar algunas historias de los encuentros con su gente, como aquella de la iniciativa espont\u00e1nea de un hombre de la periferia de Bel\u00e9m, que, despu\u00e9s de la visita que el arzobispo hiciera a su comunidad, escribi\u00f3 con carb\u00f3n en la pared de su casa construida sobre las aguas del rio: \u201cCalle Dom Zico\u201d. Mons. Vicente dec\u00eda haber sido \u00e9ste <em>\u201cel mayor homenaje que pod\u00eda recibir como hijo de San Vicente\u201d<\/em>. El mismo P\u00e9guy dec\u00eda que los hijos <em>\u201cest\u00e1n siempre en la memoria, en el coraz\u00f3n y en la mirada de los padres, como su m\u00e1s precioso tesoro\u201d<\/em>. As\u00ed estaban los pobres en la vida de Mons. Vicente: grabados en su memoria, impresos en su coraz\u00f3n, guardados en su mirada, como joyas de alt\u00edsimo valor.<\/p>\n<p>Con el nombramiento de Mons. Zico, la arquidi\u00f3cesis de Bel\u00e9m gan\u00f3 notable impulso, aline\u00e1ndose con el esp\u00edritu de comuni\u00f3n y participaci\u00f3n diseminado por el Vaticano II. Sab\u00eda valorar y estimular las personas que ten\u00eda cerca, tejiendo una gran red de colaboradores entre obispos, padres, religiosos y laicos. La cantidad y la calidad de sus realizaciones demuestran la fecundidad de su pastoreo. Lo cotidiano de Mons. Vicente era hecho de encuentros, tanto en las comunidades regularmente visitadas como en los atendimientos diarios en la Curia y en su residencia. En su esfuerzo de revitalizaci\u00f3n de las estructuras arquidiocesanas, trabaj\u00f3 en la elaboraci\u00f3n y ejecuci\u00f3n de dos sucesivos Planos de Pastoral, dinamiz\u00f3 la catequesis en todos los niveles, invirti\u00f3 en la formaci\u00f3n inicial y permanente del clero, promovi\u00f3 la capacitaci\u00f3n de los laicos, perfeccion\u00f3 el diaconado permanente, increment\u00f3 la animaci\u00f3n misionera (particularmente, a trav\u00e9s de las Santas Misiones Populares), ampli\u00f3 los espacios de actuaci\u00f3n de la Vida Consagrada, dedic\u00f3 atenci\u00f3n a los matrimonios y a las familias, incentiv\u00f3 el protagonismo de los j\u00f3venes, fund\u00f3 una emisora de radio y un canal de TV, garantiz\u00f3 la conservaci\u00f3n del patrimonio de la arquidi\u00f3cesis y la hizo autosustentable, implement\u00f3 la pastoral en las universidades, consolid\u00f3 el <em>Cirio de Nazaret<\/em> como una ocasi\u00f3n privilegiada de evangelizaci\u00f3n a partir de peque\u00f1os grupos. Mons. Vicente no era hombre de vanguardia en lo que ata\u00f1e a lo social, pero pose\u00eda extraordinaria sensibilidad humana, que lo llevaba a intervenir con discernimiento y vigor en las situaciones que requer\u00edan su palabra y su presencia, sobre todo cuando se trataba de promover a los m\u00e1s necesitados y a las v\u00edctimas de la injusticia. Como ejemplo, podemos rescatar su prof\u00e9tico <em>\u201cpronunciamiento sobre la situaci\u00f3n social y econ\u00f3mica del Par\u00e1\u201d, <\/em>de 1997, que tanto impacto provoc\u00f3 entre los poderes p\u00fablicos. En efecto, todas las iniciativas de Mons. Zico surg\u00edan de la fuente de su coraz\u00f3n paternal y de su identificaci\u00f3n con el pueblo paraense que lo acogi\u00f3 con docilidad y que mantiene viva y palpitante su memoria. Es cierto que a Mons. Vicente no le faltaron incomprensiones y adversidades. Pero todo sab\u00eda enfrentarlo con su proverbial serenidad, sin nunca ofender o despreciar a quien lo difamase, y madurando en la oraci\u00f3n su disposici\u00f3n a siempre perdonar. Ten\u00eda la certeza de que el pastoreo, como <em>\u201ccamino de amor\u201d<\/em>, era tambi\u00e9n <em>\u201cun camino de ascesis, de purificaci\u00f3n, de renuncias\u201d<\/em>.<\/p>\n<p>La actuaci\u00f3n de Mons. Vicente no se restringi\u00f3 al territorio de su amada Iglesia Particular. Como responsable por la dimensi\u00f3n misionera en la Conferencia Nacional de los Obispos de Brasil (CNBB), trabaj\u00f3 con ah\u00ednco para despertar y confirmar la consciencia misionera entre las numerosas di\u00f3cesis del pa\u00eds, adem\u00e1s de haber viajado por siete pa\u00edses africanos en visita a misioneros brasile\u00f1os. Integr\u00f3 la comisi\u00f3n misionera del Consejo Episcopal Latino Americano (CELAM) y fue escogido para la Pontificia Comisi\u00f3n para Am\u00e9rica Latina (CAL). En todas esas instancias, pudo sedimentar y compartir su convicci\u00f3n de que <em>\u201cla autenticidad de la Iglesia est\u00e1 en su \u00edndole misionera\u201d<\/em>. En 1994, particip\u00f3 como delegado de la IV Conferencia del Episcopado Latino Americano, en Santo Domingo. Todas estas atribuciones exig\u00edan de Mons. Vicente frecuentes viajes internacionales. Su coraz\u00f3n, sin embargo, permanec\u00eda en Bel\u00e9m y nada desviaba su mirada de la Iglesia confiada a sus cuidados de pastor. Cuando era cuestionado al respecto de estos viajes, dec\u00eda que <em>\u201clo mejor era poder volver a Bel\u00e9m\u201d<\/em>.<\/p>\n<p>Al tener su solicitud de renuncia aceptada por el Papa, contando ya 77 a\u00f1os de edad, Mons. Zico dese\u00f3 retornar al seno de la Congregaci\u00f3n. Solicit\u00f3 al Visitador de su Provincia de origen que lo colocase en una de nuestras Casas. Todos est\u00e1bamos muy contentos con la noticia auspiciosa de su venida entre nosotros. Su sucesor, sin embargo, quiso tenerlo cerca, insistiendo en que permaneciese en Bel\u00e9m y pidiendo al pueblo que se manifestase. Mons. Vicente decidi\u00f3 quedarse. Sus a\u00f1os de obispo em\u00e9rito fueron de impresionante fecundidad, haci\u00e9ndonos recordar el salmo: <em>\u201cIncluso en el tempo de la vejez dar\u00e1n frutos, llenos de savia y de hojas verdes\u201d <\/em>(92,15). Intensific\u00f3 su vida de oraci\u00f3n, prolongando los momentos de recogimiento contemplativo y profundizando su amistad con el Se\u00f1or; se actualiz\u00f3 teol\u00f3gicamente, seleccionando lecturas de autores renombrados, retomando los documentos conciliares y pontificios, haciendo anotaciones para inspirar sus conferencias; se dedic\u00f3 a la orientaci\u00f3n espiritual y a la predicaci\u00f3n de retiros, especialmente para el clero de muchas di\u00f3cesis y para diversas congregaciones; mantuvo la presentaci\u00f3n de programas de radio y TV; atendi\u00f3 a innumerables invitaciones para conferir el sacramento del Orden dentro y fuera de la arquidi\u00f3cesis; continu\u00f3 muy solicitado para celebrar Confirmaciones y fiestas de patronos en parroquias y comunidades. Con autoridad, podr\u00e1 decir, en el contexto del A\u00f1o Paulino (2008-2009): <em>\u201cHay tanto por hacer, son tantas las llamadas de Dios a nuestra consciencia sacerdotal, que permanecer acomodado en nuestro yo, \u2018muy ocupado en no hacer nada\u2019 (2Ts 3,11), ser\u00eda un error vergonzoso, un esc\u00e1ndalo\u201d<\/em>. Las m\u00faltiples solicitudes recibidas har\u00e1n su rutina de arzobispo em\u00e9rito laboriosa y fruct\u00edfera. Y nada m\u00e1s f\u00e1cil de entender. \u00bfQui\u00e9n no querr\u00eda tener cerca la persona de Mons. Zico? \u00bfQui\u00e9n no se sent\u00eda cautivado por su bondad, sabidur\u00eda y santidad? \u00bfQui\u00e9n no apreciaba su capacidad de hablar <em>ex abundantia co<\/em>, adapt\u00e1ndose a la condici\u00f3n de sus oyentes, sin carecer de \u00a0profundidad y belleza? Un sacerdote, una vez, afirm\u00f3: <em>\u201cMons. Vicente, callado, ya nos habla. Hablando, nos encanta\u201d<\/em>.<\/p>\n<p>Por fin, un bello retrato de este obispo rico en humanidad puede ser descubierto en un pasaje del Decreto conciliar <em>Christus Dominus<\/em>, sobre el munus pastoral de los obispos en la Iglesia: <em>\u201cComo encargados de llevar a la perfecci\u00f3n, los obispos procuren hacer progresar en la santidad sus cl\u00e9rigos, religiosos y laicos, seg\u00fan las diferentes vocaciones, recordando la obligaci\u00f3n que tienen de dar ejemplo de santidad por medio de la caridad, humildad y simplicidad de vida\u201d <\/em>(n. 15). \u00a1Imposible encontrar un retrato m\u00e1s n\u00edtido del <em>pastor bonus <\/em>que fue Mons. Vicente Joaquim Zico!\u00a0 <em>\u00a0<\/em><\/p>\n<p><em>Vin\u00edcius Augusto Teixeira, C.M.<\/em><\/p>\n<p><em>\u00a0<\/em><\/p>\n<p><a href=\"#_ftnref1\" name=\"_ftn1\">[1]<\/a> Publicado en: <em>Vincentiana<\/em>, Roma, a\u00f1o 59, n. 4, pp. 423-433, octubre-diciembre 2015.<\/p>\n","protected":false},"excerpt":{"rendered":"<p>H\u00e1blenos un poco del episcopado y de la actuaci\u00f3n pastoral de Mons. Vicente. \u00a0Mons. Vicente fue un obispo forjado por el\u00a0 Concilio Vaticano II: un aut\u00e9ntico pastor, de indescriptible envergadura espiritual e incansable celo apost\u00f3lico, &#8230; <a href=\"https:\/\/vincentians.com\/es\/mons-vicente-zico-cm1-ii\/\" class=\"more-link\">Read More<\/a><\/p>\n","protected":false},"author":5,"featured_media":404242,"comment_status":"open","ping_status":"open","sticky":false,"template":"","format":"standard","meta":{"jetpack_post_was_ever_published":false,"_jetpack_newsletter_access":"","_jetpack_dont_email_post_to_subs":false,"_jetpack_newsletter_tier_id":0,"_jetpack_memberships_contains_paywalled_content":false,"_jetpack_memberships_contains_paid_content":false,"footnotes":"","jetpack_publicize_message":"","jetpack_publicize_feature_enabled":true,"jetpack_social_post_already_shared":true,"jetpack_social_options":{"image_generator_settings":{"template":"highway","default_image_id":0,"font":"","enabled":false},"version":2}},"categories":[19],"tags":[],"class_list":["post-404244","post","type-post","status-publish","format-standard","has-post-thumbnail","hentry","category-biografias-de-misioneros-paules"],"yoast_head":"<!-- This site is optimized with the Yoast SEO plugin v26.3 - https:\/\/yoast.com\/wordpress\/plugins\/seo\/ -->\n<title>Mons. Vicente Zico, CM[1] (II) - Somos Vicencianos<\/title>\n<meta name=\"robots\" content=\"index, follow, max-snippet:-1, max-image-preview:large, max-video-preview:-1\" \/>\n<link rel=\"canonical\" href=\"https:\/\/vincentians.com\/es\/mons-vicente-zico-cm1-ii\/\" \/>\n<meta property=\"og:locale\" content=\"es_ES\" \/>\n<meta property=\"og:type\" content=\"article\" \/>\n<meta property=\"og:title\" content=\"Mons. Vicente Zico, CM[1] (II) - Somos Vicencianos\" \/>\n<meta property=\"og:description\" content=\"H\u00e1blenos un poco del episcopado y de la actuaci\u00f3n pastoral de Mons. Vicente. \u00a0Mons. Vicente fue un obispo forjado por el\u00a0 Concilio Vaticano II: un aut\u00e9ntico pastor, de indescriptible envergadura espiritual e incansable celo apost\u00f3lico, ... Read More\" \/>\n<meta property=\"og:url\" content=\"https:\/\/vincentians.com\/es\/mons-vicente-zico-cm1-ii\/\" \/>\n<meta property=\"og:site_name\" content=\"Somos Vicencianos\" \/>\n<meta property=\"article:publisher\" content=\"https:\/\/www.facebook.com\/WeAreVincentians\/\" \/>\n<meta property=\"article:published_time\" content=\"2022-10-18T06:57:43+00:00\" \/>\n<meta property=\"og:image\" content=\"https:\/\/i0.wp.com\/vincentians.com\/es\/wp-content\/uploads\/sites\/11\/2022\/08\/destaque-329323-zicoooo.jpg?fit=800%2C500&ssl=1\" \/>\n\t<meta property=\"og:image:width\" content=\"800\" \/>\n\t<meta property=\"og:image:height\" content=\"500\" \/>\n\t<meta property=\"og:image:type\" content=\"image\/jpeg\" \/>\n<meta name=\"author\" content=\"Mitxel Olabu\u00e9naga\" \/>\n<meta name=\"twitter:card\" content=\"summary_large_image\" \/>\n<meta name=\"twitter:creator\" content=\"@WeVincentians\" \/>\n<meta name=\"twitter:site\" content=\"@WeVincentians\" \/>\n<meta name=\"twitter:label1\" content=\"Escrito por\" \/>\n\t<meta name=\"twitter:data1\" content=\"Mitxel Olabu\u00e9naga\" \/>\n\t<meta name=\"twitter:label2\" content=\"Tiempo de lectura\" \/>\n\t<meta name=\"twitter:data2\" content=\"10 minutos\" \/>\n<script type=\"application\/ld+json\" class=\"yoast-schema-graph\">{\"@context\":\"https:\/\/schema.org\",\"@graph\":[{\"@type\":\"Article\",\"@id\":\"https:\/\/vincentians.com\/es\/mons-vicente-zico-cm1-ii\/#article\",\"isPartOf\":{\"@id\":\"https:\/\/vincentians.com\/es\/mons-vicente-zico-cm1-ii\/\"},\"author\":{\"name\":\"Mitxel Olabu\u00e9naga\",\"@id\":\"https:\/\/vincentians.com\/es\/#\/schema\/person\/7c2670b4445a7ca9d164ea6acdb31859\"},\"headline\":\"Mons. Vicente Zico, CM[1] (II)\",\"datePublished\":\"2022-10-18T06:57:43+00:00\",\"mainEntityOfPage\":{\"@id\":\"https:\/\/vincentians.com\/es\/mons-vicente-zico-cm1-ii\/\"},\"wordCount\":2083,\"commentCount\":0,\"publisher\":{\"@id\":\"https:\/\/vincentians.com\/es\/#organization\"},\"image\":{\"@id\":\"https:\/\/vincentians.com\/es\/mons-vicente-zico-cm1-ii\/#primaryimage\"},\"thumbnailUrl\":\"https:\/\/i0.wp.com\/vincentians.com\/es\/wp-content\/uploads\/sites\/11\/2022\/08\/destaque-329323-zicoooo.jpg?fit=800%2C500&ssl=1\",\"articleSection\":[\"Biograf\u00edas de Misioneros Pa\u00fales\"],\"inLanguage\":\"es\",\"potentialAction\":[{\"@type\":\"CommentAction\",\"name\":\"Comment\",\"target\":[\"https:\/\/vincentians.com\/es\/mons-vicente-zico-cm1-ii\/#respond\"]}]},{\"@type\":\"WebPage\",\"@id\":\"https:\/\/vincentians.com\/es\/mons-vicente-zico-cm1-ii\/\",\"url\":\"https:\/\/vincentians.com\/es\/mons-vicente-zico-cm1-ii\/\",\"name\":\"Mons. Vicente Zico, CM[1] (II) - Somos Vicencianos\",\"isPartOf\":{\"@id\":\"https:\/\/vincentians.com\/es\/#website\"},\"primaryImageOfPage\":{\"@id\":\"https:\/\/vincentians.com\/es\/mons-vicente-zico-cm1-ii\/#primaryimage\"},\"image\":{\"@id\":\"https:\/\/vincentians.com\/es\/mons-vicente-zico-cm1-ii\/#primaryimage\"},\"thumbnailUrl\":\"https:\/\/i0.wp.com\/vincentians.com\/es\/wp-content\/uploads\/sites\/11\/2022\/08\/destaque-329323-zicoooo.jpg?fit=800%2C500&ssl=1\",\"datePublished\":\"2022-10-18T06:57:43+00:00\",\"breadcrumb\":{\"@id\":\"https:\/\/vincentians.com\/es\/mons-vicente-zico-cm1-ii\/#breadcrumb\"},\"inLanguage\":\"es\",\"potentialAction\":[{\"@type\":\"ReadAction\",\"target\":[\"https:\/\/vincentians.com\/es\/mons-vicente-zico-cm1-ii\/\"]}]},{\"@type\":\"ImageObject\",\"inLanguage\":\"es\",\"@id\":\"https:\/\/vincentians.com\/es\/mons-vicente-zico-cm1-ii\/#primaryimage\",\"url\":\"https:\/\/i0.wp.com\/vincentians.com\/es\/wp-content\/uploads\/sites\/11\/2022\/08\/destaque-329323-zicoooo.jpg?fit=800%2C500&ssl=1\",\"contentUrl\":\"https:\/\/i0.wp.com\/vincentians.com\/es\/wp-content\/uploads\/sites\/11\/2022\/08\/destaque-329323-zicoooo.jpg?fit=800%2C500&ssl=1\",\"width\":800,\"height\":500},{\"@type\":\"BreadcrumbList\",\"@id\":\"https:\/\/vincentians.com\/es\/mons-vicente-zico-cm1-ii\/#breadcrumb\",\"itemListElement\":[{\"@type\":\"ListItem\",\"position\":1,\"name\":\"Portada\",\"item\":\"https:\/\/vincentians.com\/es\/\"},{\"@type\":\"ListItem\",\"position\":2,\"name\":\"Mons. Vicente Zico, CM[1] (II)\"}]},{\"@type\":\"WebSite\",\"@id\":\"https:\/\/vincentians.com\/es\/#website\",\"url\":\"https:\/\/vincentians.com\/es\/\",\"name\":\"Somos Vicencianos\",\"description\":\"Know more to serve more\",\"publisher\":{\"@id\":\"https:\/\/vincentians.com\/es\/#organization\"},\"potentialAction\":[{\"@type\":\"SearchAction\",\"target\":{\"@type\":\"EntryPoint\",\"urlTemplate\":\"https:\/\/vincentians.com\/es\/?s={search_term_string}\"},\"query-input\":{\"@type\":\"PropertyValueSpecification\",\"valueRequired\":true,\"valueName\":\"search_term_string\"}}],\"inLanguage\":\"es\"},{\"@type\":\"Organization\",\"@id\":\"https:\/\/vincentians.com\/es\/#organization\",\"name\":\"The Vincentian Network\",\"url\":\"https:\/\/vincentians.com\/es\/\",\"logo\":{\"@type\":\"ImageObject\",\"inLanguage\":\"es\",\"@id\":\"https:\/\/vincentians.com\/es\/#\/schema\/logo\/image\/\",\"url\":\"https:\/\/i1.wp.com\/vincentians.com\/es\/wp-content\/uploads\/sites\/11\/2016\/06\/Vincentian-Network-logo-big.png?fit=778%2C778\",\"contentUrl\":\"https:\/\/i1.wp.com\/vincentians.com\/es\/wp-content\/uploads\/sites\/11\/2016\/06\/Vincentian-Network-logo-big.png?fit=778%2C778\",\"width\":778,\"height\":778,\"caption\":\"The Vincentian Network\"},\"image\":{\"@id\":\"https:\/\/vincentians.com\/es\/#\/schema\/logo\/image\/\"},\"sameAs\":[\"https:\/\/www.facebook.com\/WeAreVincentians\/\",\"https:\/\/x.com\/WeVincentians\"]},{\"@type\":\"Person\",\"@id\":\"https:\/\/vincentians.com\/es\/#\/schema\/person\/7c2670b4445a7ca9d164ea6acdb31859\",\"name\":\"Mitxel Olabu\u00e9naga\",\"image\":{\"@type\":\"ImageObject\",\"inLanguage\":\"es\",\"@id\":\"https:\/\/vincentians.com\/es\/#\/schema\/person\/image\/\",\"url\":\"https:\/\/secure.gravatar.com\/avatar\/34137ec2e2b8939cbbed975731e71f3f4f1defc7266ded337a5ce0f925426877?s=96&d=mm&r=g\",\"contentUrl\":\"https:\/\/secure.gravatar.com\/avatar\/34137ec2e2b8939cbbed975731e71f3f4f1defc7266ded337a5ce0f925426877?s=96&d=mm&r=g\",\"caption\":\"Mitxel Olabu\u00e9naga\"},\"url\":\"https:\/\/vincentians.com\/es\/author\/mitxel\/\"}]}<\/script>\n<!-- \/ Yoast SEO plugin. -->","yoast_head_json":{"title":"Mons. Vicente Zico, CM[1] (II) - Somos Vicencianos","robots":{"index":"index","follow":"follow","max-snippet":"max-snippet:-1","max-image-preview":"max-image-preview:large","max-video-preview":"max-video-preview:-1"},"canonical":"https:\/\/vincentians.com\/es\/mons-vicente-zico-cm1-ii\/","og_locale":"es_ES","og_type":"article","og_title":"Mons. Vicente Zico, CM[1] (II) - Somos Vicencianos","og_description":"H\u00e1blenos un poco del episcopado y de la actuaci\u00f3n pastoral de Mons. Vicente. \u00a0Mons. Vicente fue un obispo forjado por el\u00a0 Concilio Vaticano II: un aut\u00e9ntico pastor, de indescriptible envergadura espiritual e incansable celo apost\u00f3lico, ... Read More","og_url":"https:\/\/vincentians.com\/es\/mons-vicente-zico-cm1-ii\/","og_site_name":"Somos Vicencianos","article_publisher":"https:\/\/www.facebook.com\/WeAreVincentians\/","article_published_time":"2022-10-18T06:57:43+00:00","og_image":[{"width":800,"height":500,"url":"https:\/\/i0.wp.com\/vincentians.com\/es\/wp-content\/uploads\/sites\/11\/2022\/08\/destaque-329323-zicoooo.jpg?fit=800%2C500&ssl=1","type":"image\/jpeg"}],"author":"Mitxel Olabu\u00e9naga","twitter_card":"summary_large_image","twitter_creator":"@WeVincentians","twitter_site":"@WeVincentians","twitter_misc":{"Escrito por":"Mitxel Olabu\u00e9naga","Tiempo de lectura":"10 minutos"},"schema":{"@context":"https:\/\/schema.org","@graph":[{"@type":"Article","@id":"https:\/\/vincentians.com\/es\/mons-vicente-zico-cm1-ii\/#article","isPartOf":{"@id":"https:\/\/vincentians.com\/es\/mons-vicente-zico-cm1-ii\/"},"author":{"name":"Mitxel Olabu\u00e9naga","@id":"https:\/\/vincentians.com\/es\/#\/schema\/person\/7c2670b4445a7ca9d164ea6acdb31859"},"headline":"Mons. Vicente Zico, CM[1] (II)","datePublished":"2022-10-18T06:57:43+00:00","mainEntityOfPage":{"@id":"https:\/\/vincentians.com\/es\/mons-vicente-zico-cm1-ii\/"},"wordCount":2083,"commentCount":0,"publisher":{"@id":"https:\/\/vincentians.com\/es\/#organization"},"image":{"@id":"https:\/\/vincentians.com\/es\/mons-vicente-zico-cm1-ii\/#primaryimage"},"thumbnailUrl":"https:\/\/i0.wp.com\/vincentians.com\/es\/wp-content\/uploads\/sites\/11\/2022\/08\/destaque-329323-zicoooo.jpg?fit=800%2C500&ssl=1","articleSection":["Biograf\u00edas de Misioneros Pa\u00fales"],"inLanguage":"es","potentialAction":[{"@type":"CommentAction","name":"Comment","target":["https:\/\/vincentians.com\/es\/mons-vicente-zico-cm1-ii\/#respond"]}]},{"@type":"WebPage","@id":"https:\/\/vincentians.com\/es\/mons-vicente-zico-cm1-ii\/","url":"https:\/\/vincentians.com\/es\/mons-vicente-zico-cm1-ii\/","name":"Mons. Vicente Zico, CM[1] (II) - Somos Vicencianos","isPartOf":{"@id":"https:\/\/vincentians.com\/es\/#website"},"primaryImageOfPage":{"@id":"https:\/\/vincentians.com\/es\/mons-vicente-zico-cm1-ii\/#primaryimage"},"image":{"@id":"https:\/\/vincentians.com\/es\/mons-vicente-zico-cm1-ii\/#primaryimage"},"thumbnailUrl":"https:\/\/i0.wp.com\/vincentians.com\/es\/wp-content\/uploads\/sites\/11\/2022\/08\/destaque-329323-zicoooo.jpg?fit=800%2C500&ssl=1","datePublished":"2022-10-18T06:57:43+00:00","breadcrumb":{"@id":"https:\/\/vincentians.com\/es\/mons-vicente-zico-cm1-ii\/#breadcrumb"},"inLanguage":"es","potentialAction":[{"@type":"ReadAction","target":["https:\/\/vincentians.com\/es\/mons-vicente-zico-cm1-ii\/"]}]},{"@type":"ImageObject","inLanguage":"es","@id":"https:\/\/vincentians.com\/es\/mons-vicente-zico-cm1-ii\/#primaryimage","url":"https:\/\/i0.wp.com\/vincentians.com\/es\/wp-content\/uploads\/sites\/11\/2022\/08\/destaque-329323-zicoooo.jpg?fit=800%2C500&ssl=1","contentUrl":"https:\/\/i0.wp.com\/vincentians.com\/es\/wp-content\/uploads\/sites\/11\/2022\/08\/destaque-329323-zicoooo.jpg?fit=800%2C500&ssl=1","width":800,"height":500},{"@type":"BreadcrumbList","@id":"https:\/\/vincentians.com\/es\/mons-vicente-zico-cm1-ii\/#breadcrumb","itemListElement":[{"@type":"ListItem","position":1,"name":"Portada","item":"https:\/\/vincentians.com\/es\/"},{"@type":"ListItem","position":2,"name":"Mons. Vicente Zico, CM[1] (II)"}]},{"@type":"WebSite","@id":"https:\/\/vincentians.com\/es\/#website","url":"https:\/\/vincentians.com\/es\/","name":"Somos Vicencianos","description":"Know more to serve more","publisher":{"@id":"https:\/\/vincentians.com\/es\/#organization"},"potentialAction":[{"@type":"SearchAction","target":{"@type":"EntryPoint","urlTemplate":"https:\/\/vincentians.com\/es\/?s={search_term_string}"},"query-input":{"@type":"PropertyValueSpecification","valueRequired":true,"valueName":"search_term_string"}}],"inLanguage":"es"},{"@type":"Organization","@id":"https:\/\/vincentians.com\/es\/#organization","name":"The Vincentian Network","url":"https:\/\/vincentians.com\/es\/","logo":{"@type":"ImageObject","inLanguage":"es","@id":"https:\/\/vincentians.com\/es\/#\/schema\/logo\/image\/","url":"https:\/\/i1.wp.com\/vincentians.com\/es\/wp-content\/uploads\/sites\/11\/2016\/06\/Vincentian-Network-logo-big.png?fit=778%2C778","contentUrl":"https:\/\/i1.wp.com\/vincentians.com\/es\/wp-content\/uploads\/sites\/11\/2016\/06\/Vincentian-Network-logo-big.png?fit=778%2C778","width":778,"height":778,"caption":"The Vincentian Network"},"image":{"@id":"https:\/\/vincentians.com\/es\/#\/schema\/logo\/image\/"},"sameAs":["https:\/\/www.facebook.com\/WeAreVincentians\/","https:\/\/x.com\/WeVincentians"]},{"@type":"Person","@id":"https:\/\/vincentians.com\/es\/#\/schema\/person\/7c2670b4445a7ca9d164ea6acdb31859","name":"Mitxel Olabu\u00e9naga","image":{"@type":"ImageObject","inLanguage":"es","@id":"https:\/\/vincentians.com\/es\/#\/schema\/person\/image\/","url":"https:\/\/secure.gravatar.com\/avatar\/34137ec2e2b8939cbbed975731e71f3f4f1defc7266ded337a5ce0f925426877?s=96&d=mm&r=g","contentUrl":"https:\/\/secure.gravatar.com\/avatar\/34137ec2e2b8939cbbed975731e71f3f4f1defc7266ded337a5ce0f925426877?s=96&d=mm&r=g","caption":"Mitxel Olabu\u00e9naga"},"url":"https:\/\/vincentians.com\/es\/author\/mitxel\/"}]}},"jetpack_publicize_connections":[],"jetpack_featured_media_url":"https:\/\/i0.wp.com\/vincentians.com\/es\/wp-content\/uploads\/sites\/11\/2022\/08\/destaque-329323-zicoooo.jpg?fit=800%2C500&ssl=1","jetpack_sharing_enabled":true,"jetpack_shortlink":"https:\/\/wp.me\/p7ETMF-1Ha4","jetpack-related-posts":[{"id":118001,"url":"https:\/\/vincentians.com\/es\/mons-jose-garcia-villas-primer-obispo-de-san-pedro-de-sula\/","url_meta":{"origin":404244,"position":0},"title":"Mons .Jos\u00e9 Garc\u00eda Villas, primer obispo de San Pedro de Sula","author":"Mitxel Olabu\u00e9naga","date":"04\/03\/2013","format":false,"excerpt":"Mi hermano, Rvdo. P. Miguel Piquer, me pide que mande para los Anales de la Provincia de Madrid unas breves notas sobre la muerte tr\u00e1gica y rasgos m\u00e1s salientes de Monse\u00f1or Jos\u00e9 Garc\u00eda Vi\u00adllas, C. M., primer Obispo de la nueva di\u00f3cesis de San Pedro Sula.. Pude convivir con Monse\u00f1or\u2026","rel":"","context":"En \u00abBiograf\u00edas de Misioneros Pa\u00fales\u00bb","block_context":{"text":"Biograf\u00edas de Misioneros Pa\u00fales","link":"https:\/\/vincentians.com\/es\/category\/la-familia-vicenciana\/biografias-vicencianas\/biografias-de-misioneros-paules\/"},"img":{"alt_text":"","src":"https:\/\/i0.wp.com\/vincentians.com\/es\/wp-content\/uploads\/sites\/11\/2016\/07\/bio-cm.jpg?fit=1200%2C630&ssl=1&resize=350%2C200","width":350,"height":200,"srcset":"https:\/\/i0.wp.com\/vincentians.com\/es\/wp-content\/uploads\/sites\/11\/2016\/07\/bio-cm.jpg?fit=1200%2C630&ssl=1&resize=350%2C200 1x, https:\/\/i0.wp.com\/vincentians.com\/es\/wp-content\/uploads\/sites\/11\/2016\/07\/bio-cm.jpg?fit=1200%2C630&ssl=1&resize=525%2C300 1.5x, https:\/\/i0.wp.com\/vincentians.com\/es\/wp-content\/uploads\/sites\/11\/2016\/07\/bio-cm.jpg?fit=1200%2C630&ssl=1&resize=700%2C400 2x, https:\/\/i0.wp.com\/vincentians.com\/es\/wp-content\/uploads\/sites\/11\/2016\/07\/bio-cm.jpg?fit=1200%2C630&ssl=1&resize=1050%2C600 3x"},"classes":[]},{"id":107900,"url":"https:\/\/vincentians.com\/es\/san-vicente-de-paul-su-vida-su-tiempo-sus-obras-su-influencia-libro-5-capitulo-4\/","url_meta":{"origin":404244,"position":1},"title":"San Vicente de Pa\u00fal. Su vida, su tiempo; sus obras, su influencia. Libro 5, cap\u00edtulo 4","author":"Francisco Javier Fern\u00e1ndez Chento","date":"17\/01\/2015","format":false,"excerpt":"Cap\u00edtulo IV. Vicente y el jansenismo despu\u00e9s de la bula. I. Primera conducta de Vicente, -El hecho y el derecho. \u2013Historia y discusi\u00f3n. Desde el momento que lleg\u00f3 la bula, Vicente, lleno de una gratitud y de una alegr\u00eda santas, comenz\u00f3 por dar y mandar dar gracias a Dios. \"Demos\u2026","rel":"","context":"En \u00abVicente de Pa\u00fal\u00bb","block_context":{"text":"Vicente de Pa\u00fal","link":"https:\/\/vincentians.com\/es\/category\/la-familia-vicenciana\/fundadores\/vicente-de-paul\/"},"img":{"alt_text":"","src":"","width":0,"height":0},"classes":[]},{"id":109293,"url":"https:\/\/vincentians.com\/es\/secularidad-y-exencion-de-la-congregacion-distincion-con-los-religiosos\/","url_meta":{"origin":404244,"position":2},"title":"Secularidad y exenci\u00f3n de la Congregaci\u00f3n. Distinci\u00f3n con los religiosos.","author":"Francisco Javier Fern\u00e1ndez Chento","date":"04\/05\/2016","format":false,"excerpt":"A trav\u00e9s de los tiempos, la vida y la profesi\u00f3n de los \"Conse\u00adjos evang\u00e9licos\" han tomado diversas formas can\u00f3nicas. Sobre este tema se est\u00e1n editando buenos libros y s\u00edntesis luminosas. I En tiempo de San Vicente eran considerados jur\u00eddicamente Religiosos los que hac\u00edan profesi\u00f3n de los consejos evang\u00e9licos mediante votos\u2026","rel":"","context":"En \u00abFormaci\u00f3n Vicenciana\u00bb","block_context":{"text":"Formaci\u00f3n Vicenciana","link":"https:\/\/vincentians.com\/es\/category\/formacion-vicenciana\/"},"img":{"alt_text":"LOGO CM","src":"https:\/\/i0.wp.com\/vicencianos.org\/wp-content\/uploads\/2012\/06\/LOGO-CM-237x300.jpg?resize=350%2C200","width":350,"height":200},"classes":[]},{"id":115349,"url":"https:\/\/vincentians.com\/es\/mons-pablo-tobar\/","url_meta":{"origin":404244,"position":3},"title":"Mons. Pablo Tobar","author":"Mitxel Olabu\u00e9naga","date":"03\/12\/2012","format":false,"excerpt":"La Di\u00f3cesis de Cuttack est\u00e1 de luto. El Se\u00f1or se ha dignado llevarse al eterno descanse el alma de nuestro querido se\u00f1or Obis\u00adpo: Pablo Tobar Gonz\u00e1lez, muy conocido entre nosotros con el nom\u00adbre familiar de padre Tobar y m\u00e1s tarde de Obispo Tobar. Escribo estas l\u00edneas bajo la impresi\u00f3n de\u2026","rel":"","context":"En \u00abBiograf\u00edas de Misioneros Pa\u00fales\u00bb","block_context":{"text":"Biograf\u00edas de Misioneros Pa\u00fales","link":"https:\/\/vincentians.com\/es\/category\/la-familia-vicenciana\/biografias-vicencianas\/biografias-de-misioneros-paules\/"},"img":{"alt_text":"","src":"https:\/\/i0.wp.com\/vincentians.com\/es\/wp-content\/uploads\/sites\/11\/2016\/07\/bio-cm.jpg?fit=1200%2C630&ssl=1&resize=350%2C200","width":350,"height":200,"srcset":"https:\/\/i0.wp.com\/vincentians.com\/es\/wp-content\/uploads\/sites\/11\/2016\/07\/bio-cm.jpg?fit=1200%2C630&ssl=1&resize=350%2C200 1x, https:\/\/i0.wp.com\/vincentians.com\/es\/wp-content\/uploads\/sites\/11\/2016\/07\/bio-cm.jpg?fit=1200%2C630&ssl=1&resize=525%2C300 1.5x, https:\/\/i0.wp.com\/vincentians.com\/es\/wp-content\/uploads\/sites\/11\/2016\/07\/bio-cm.jpg?fit=1200%2C630&ssl=1&resize=700%2C400 2x, https:\/\/i0.wp.com\/vincentians.com\/es\/wp-content\/uploads\/sites\/11\/2016\/07\/bio-cm.jpg?fit=1200%2C630&ssl=1&resize=1050%2C600 3x"},"classes":[]},{"id":136769,"url":"https:\/\/vincentians.com\/es\/formadores-de-sacerdotes\/","url_meta":{"origin":404244,"position":4},"title":"Formadores de sacerdotes","author":"Francisco Javier Fern\u00e1ndez Chento","date":"27\/01\/2015","format":false,"excerpt":"\u00abYo te he revelado a ellos \u00ady seguir\u00e9 revel\u00e1ndote, para \u00adque el amor que t\u00fa me has \u00adtenido est\u00e9 con ellos y tambi\u00e9n yo est\u00e9 con ellos\u00bb.\u00ad (Jn 17,26). \u00abRenu\u00e9vese oportuna y eficazmente la obra de la formaci\u00f3n del clero en los seminarios, que ya desde los or\u00edgenes se cuenta\u2026","rel":"","context":"En \u00abEspiritualidad vicenciana\u00bb","block_context":{"text":"Espiritualidad vicenciana","link":"https:\/\/vincentians.com\/es\/category\/espiritualidad\/espiritualidad-vicenciana\/"},"img":{"alt_text":"formadores","src":"https:\/\/i0.wp.com\/vicencianos.org\/wp-content\/2015\/01\/formadores-300x154.jpg?resize=350%2C200","width":350,"height":200},"classes":[]},{"id":118295,"url":"https:\/\/vincentians.com\/es\/una-figura-discutida-el-p-vicente-lebbe\/","url_meta":{"origin":404244,"position":5},"title":"Una figura discutida: el P. Vicente Lebbe, C.M. (III)","author":"Mitxel Olabu\u00e9naga","date":"27\/03\/2022","format":false,"excerpt":"\u00daltimas actividades del P. Lebee Despu\u00e9s de la consagraci\u00f3n de los seis Obispos chinos en Roma el 28 de octubre de 1926, el P. Lebbe suplic\u00f3 a Mons. Soun que le admitiese en su Vicariato de Nan-Kuo. Al Obispo no le interesaba semejante misionero, que tan\u00adtas perturbaciones hab\u00eda causado en\u2026","rel":"","context":"En \u00abBiograf\u00edas de Misioneros Pa\u00fales\u00bb","block_context":{"text":"Biograf\u00edas de Misioneros Pa\u00fales","link":"https:\/\/vincentians.com\/es\/category\/la-familia-vicenciana\/biografias-vicencianas\/biografias-de-misioneros-paules\/"},"img":{"alt_text":"","src":"https:\/\/i0.wp.com\/vincentians.com\/es\/wp-content\/uploads\/sites\/11\/2016\/07\/bio-cm.jpg?fit=1200%2C630&ssl=1&resize=350%2C200","width":350,"height":200,"srcset":"https:\/\/i0.wp.com\/vincentians.com\/es\/wp-content\/uploads\/sites\/11\/2016\/07\/bio-cm.jpg?fit=1200%2C630&ssl=1&resize=350%2C200 1x, https:\/\/i0.wp.com\/vincentians.com\/es\/wp-content\/uploads\/sites\/11\/2016\/07\/bio-cm.jpg?fit=1200%2C630&ssl=1&resize=525%2C300 1.5x, https:\/\/i0.wp.com\/vincentians.com\/es\/wp-content\/uploads\/sites\/11\/2016\/07\/bio-cm.jpg?fit=1200%2C630&ssl=1&resize=700%2C400 2x, https:\/\/i0.wp.com\/vincentians.com\/es\/wp-content\/uploads\/sites\/11\/2016\/07\/bio-cm.jpg?fit=1200%2C630&ssl=1&resize=1050%2C600 3x"},"classes":[]}],"_links":{"self":[{"href":"https:\/\/vincentians.com\/es\/wp-json\/wp\/v2\/posts\/404244","targetHints":{"allow":["GET"]}}],"collection":[{"href":"https:\/\/vincentians.com\/es\/wp-json\/wp\/v2\/posts"}],"about":[{"href":"https:\/\/vincentians.com\/es\/wp-json\/wp\/v2\/types\/post"}],"author":[{"embeddable":true,"href":"https:\/\/vincentians.com\/es\/wp-json\/wp\/v2\/users\/5"}],"replies":[{"embeddable":true,"href":"https:\/\/vincentians.com\/es\/wp-json\/wp\/v2\/comments?post=404244"}],"version-history":[{"count":1,"href":"https:\/\/vincentians.com\/es\/wp-json\/wp\/v2\/posts\/404244\/revisions"}],"predecessor-version":[{"id":404245,"href":"https:\/\/vincentians.com\/es\/wp-json\/wp\/v2\/posts\/404244\/revisions\/404245"}],"wp:featuredmedia":[{"embeddable":true,"href":"https:\/\/vincentians.com\/es\/wp-json\/wp\/v2\/media\/404242"}],"wp:attachment":[{"href":"https:\/\/vincentians.com\/es\/wp-json\/wp\/v2\/media?parent=404244"}],"wp:term":[{"taxonomy":"category","embeddable":true,"href":"https:\/\/vincentians.com\/es\/wp-json\/wp\/v2\/categories?post=404244"},{"taxonomy":"post_tag","embeddable":true,"href":"https:\/\/vincentians.com\/es\/wp-json\/wp\/v2\/tags?post=404244"}],"curies":[{"name":"wp","href":"https:\/\/api.w.org\/{rel}","templated":true}]}}