{"id":404241,"date":"2022-10-16T08:55:13","date_gmt":"2022-10-16T06:55:13","guid":{"rendered":"http:\/\/vincentians.com\/es\/?p=404241"},"modified":"2022-08-08T21:23:05","modified_gmt":"2022-08-08T19:23:05","slug":"mons-vicente-zico-cm1-i","status":"publish","type":"post","link":"https:\/\/vincentians.com\/es\/mons-vicente-zico-cm1-i\/","title":{"rendered":"Mons. Vicente Zico, CM[1] (I)"},"content":{"rendered":"<ol>\n<li><strong>\u00bfQui\u00e9n fue nuestro cohermano: Mons. Vicente Zico?<\/strong><\/li>\n<\/ol>\n<p><strong>\u00a0<\/strong>Un hombre de Dios, un vicenciano feliz y un pastor sol\u00edcito. Son \u00e9stos los aspectos m\u00e1s evidentes en el perfil de Mons. Vicente Zico, admitido en la eterna paz del Se\u00f1or el d\u00eda 4 de mayo de 2015. Hablemos un poco de su historia. Es justo y necesario que tambi\u00e9n nosotros, sus hermanos de Congregaci\u00f3n, recojamos las inspiraciones que su vida nos comunica. Sigamos as\u00ed el consejo del autor sagrado que nos manda <em>\u201celogiar los hombres de bien, cuyos beneficios jam\u00e1s ser\u00e1n olvidados\u201d<\/em> (Eclo 44,10).<\/p>\n<p>Vicente Joaquim Zico vino al mundo el d\u00eda 27 de enero de 1927, en la ciudad de Luz (Minas Gerais), de padres profundamente cristianos, de los cuales nacieron 8 hijos. Antes de Vicente, dos de sus hermanos se hicieron Padres de la Misi\u00f3n: Belchior Joaquim, despu\u00e9s nombrado obispo de la di\u00f3cesis de Luz, y Jos\u00e9 Tob\u00edas, conocido por los relevantes servicios prestados a la Congregaci\u00f3n en Brasil. Ambos se destacaron por la vasta producci\u00f3n literaria. El primero como poeta y el segundo como historiador. Una de las hermanas se hizo religiosa contemplativa, entrando en el Carmelo. Los otros cuatro hermanos se unieron en matrimonio y constituyeron familia. De los padres, todos recibieron preciosa herencia de s\u00f3lidas virtudes, apreciadas por parientes y amigos: fe robusta, caridad discreta, esp\u00edritu de oraci\u00f3n, atenci\u00f3n a los pobres, amor al trabajo, dedicaci\u00f3n a la familia. Por medio del padre, miembro de la conferencia vicentina desde los 15 a\u00f1os, los ni\u00f1os oyeron hablar por la primera vez de San Vicente de Pa\u00fal. Fue en este ambiente fecundo y prometedor que naci\u00f3 y creci\u00f3 Vicente Zico. Incentivado por los hermanos m\u00e1s viejos y apoyado por las oraciones de sus genitores, no fue dif\u00edcil discernir la llamada que el Se\u00f1or le dirig\u00eda para abrazar el sacerdocio como hijo de San Vicente.<\/p>\n<p>A los 11 a\u00f1os, Vicente ingres\u00f3 en la Escuela Apost\u00f3lica de Cara\u00e7a, primera Casa de la Congregaci\u00f3n en Brasil (1820), donde permanecer\u00e1 durante 5 a\u00f1os, disfrutando de aquella magn\u00edfica arquitectura natural y desdobl\u00e1ndose para corresponder a la r\u00edgida disciplina de la \u00e9poca. Sigui\u00f3 despu\u00e9s a Petr\u00f3polis (Rio de Janeiro), donde ingres\u00f3 en el Seminario Interno, bajo la orientaci\u00f3n de santos e sabios formadores, que le permitieron asimilar m\u00e1s profundamente el esp\u00edritu que el santo fundador quiso imprimir en sus Misioneros. All\u00ed tambi\u00e9n, estudi\u00f3 filosof\u00eda y teolog\u00eda, prepar\u00e1ndose de modo m\u00e1s inmediato para el sacramento del Orden. Era el per\u00edodo de la Segunda Guerra Mundial. Como pa\u00eds aliado, Brasil deber\u00eda capacitar j\u00f3venes para una eventual participaci\u00f3n en los embates. A\u00fan en el segundo a\u00f1o de Seminario Interno, a los 17 a\u00f1os, Vicente recibe la convocaci\u00f3n para el servicio militar, teniendo que\u00a0 someterse a penosos entrenamientos. Felizmente, con el fin de la Guerra, le fue posible retomar su rutina habitual de oraci\u00f3n y estudio.<\/p>\n<p>El d\u00eda 22 de octubre de 1950, despu\u00e9s de 8 a\u00f1os de preparaci\u00f3n, fue ordenado presb\u00edtero all\u00ed mismo en la capilla del Seminario de Petr\u00f3polis. Eran tres ahora los hermanos investidos del sacerdocio de Cristo, y todos miembros de la Peque\u00f1a Compa\u00f1\u00eda. Dotado de virtudes y competencias para la formaci\u00f3n del clero, las primeras reflexiones del Padre Vicente lo hicieron pasar por distintos seminarios, tanto de grandes di\u00f3cesis (San Lu\u00eds y Fortaleza) como de la propia Congregaci\u00f3n (Petr\u00f3polis), actuando como profesor, director espiritual, prefecto de estudios, rector y superior. Por donde pasaba, a todos edificaba por su bondad, rectitud, sabidur\u00eda, modestia, equilibrio, sensatez y buen humor. Sus cualidades humanas y su car\u00e1cter presbiteral se mostraron particularmente relevantes en aquel per\u00edodo de turbulentas adecuaciones de las estructuras eclesiales, cuyo evento emblem\u00e1tico fue el Concilio Vaticano II (1962-1965). Ejerci\u00f3 tambi\u00e9n los oficios de consejero y secretario de la Provincia. Despu\u00e9s, pas\u00f3 dos a\u00f1os en Paris, residiendo en la Casa Madre y estudiando Teolog\u00eda Pastoral en el <em>Institut Catholique<\/em>. Al volver a Brasil se encarg\u00f3 nuevamente de la secretar\u00eda provincial, sumada ahora a la redacci\u00f3n del bolet\u00edn informativo, servicios desempe\u00f1ados hasta 1974. En realidad, el Padre Visitador hab\u00eda planeado para \u00e9l la direcci\u00f3n del Seminario Interno, pero no hab\u00eda seminaristas de quienes ocuparse en aquel momento. El vendaval postconciliar a\u00fan soplaba fuerte.<\/p>\n<p>Elegido diputado a la Asamblea General de 1974, Padre Vicente Zico fue escogido para ocupar el cargo de Asistente General. Y lo hizo con su habitual disponibilidad, feliz por estar enteramente al servicio de la Congregaci\u00f3n que lo acogi\u00f3 y prepar\u00f3 para el servicio del Reino. A lo largo de seis a\u00f1os, trabaj\u00f3 al lado del Padre J. Richardson y, durante algunos meses, junto al Padre R. McCullen, por los cuales ten\u00eda incontenida estima y admiraci\u00f3n. En el desempe\u00f1o de su encargo, Padre Zico recorri\u00f3 varios pa\u00edses, visitando los cohermanos y anim\u00e1ndolos en la misi\u00f3n de evangelizar los pobres y formar el clero y los laicos, seg\u00fan la inspiraci\u00f3n del fundador de la Misi\u00f3n. No son pocos los que, a\u00fan hoy, guardan el grato recuerdo de su presencia cualificada y de su palabra iluminada en las Provincias por donde pas\u00f3.<\/p>\n<p>Lo que queda para nosotros de este per\u00edodo inicial de la vida de Mons. Vicente es su capacidad de armonizar los aspectos constitutivos de su vocaci\u00f3n espec\u00edfica: hombre de intensa vida interior, cotidianamente ejercitada en la oraci\u00f3n y en la liturgia; cohermano sencillo, alegre y respetuoso, cuya cordialidad iluminaba y alentaba la vida en comunidad; misionero abnegado y sacerdote generoso, verdaderamente dedicado a todo lo que le cab\u00eda hacer, en atenci\u00f3n a las solicitaciones de la Congregaci\u00f3n que \u00e9l tanto amaba. Lo que se dec\u00eda del Se\u00f1or Jes\u00fas puede ser aplicado sin rodeos a la persona de Mons. Zico: <em>\u201c\u00c9l hizo bien todas las cosas\u201d <\/em>(Mc 7,37). Parec\u00eda haber grabado en su coraz\u00f3n, con letras de oro, lo que aprendi\u00f3 de su fundador: <em>\u201cBienaventurados los que emplean todos los momentos de su vida al servicio de Dios\u201d <\/em>(SV XI, 364).<\/p>\n<p><a href=\"#_ftnref1\" name=\"_ftn1\">[1]<\/a> Publicado en: <em>Vincentiana<\/em>, Roma, a\u00f1o 59, n. 4, pp. 423-433, octubre-diciembre 2015.<\/p>\n<p><em>Vin\u00edcius Augusto Teixeira, C.M.<\/em><\/p>\n","protected":false},"excerpt":{"rendered":"<p>\u00bfQui\u00e9n fue nuestro cohermano: Mons. Vicente Zico? \u00a0Un hombre de Dios, un vicenciano feliz y un pastor sol\u00edcito. Son \u00e9stos los aspectos m\u00e1s evidentes en el perfil de Mons. Vicente Zico, admitido en la eterna &#8230; <a href=\"https:\/\/vincentians.com\/es\/mons-vicente-zico-cm1-i\/\" class=\"more-link\">Read More<\/a><\/p>\n","protected":false},"author":5,"featured_media":404242,"comment_status":"open","ping_status":"open","sticky":false,"template":"","format":"standard","meta":{"jetpack_post_was_ever_published":false,"_jetpack_newsletter_access":"","_jetpack_dont_email_post_to_subs":false,"_jetpack_newsletter_tier_id":0,"_jetpack_memberships_contains_paywalled_content":false,"_jetpack_memberships_contains_paid_content":false,"footnotes":"","jetpack_publicize_message":"","jetpack_publicize_feature_enabled":true,"jetpack_social_post_already_shared":true,"jetpack_social_options":{"image_generator_settings":{"template":"highway","default_image_id":0,"font":"","enabled":false},"version":2}},"categories":[19],"tags":[],"class_list":["post-404241","post","type-post","status-publish","format-standard","has-post-thumbnail","hentry","category-biografias-de-misioneros-paules"],"yoast_head":"<!-- This site is optimized with the Yoast SEO plugin v26.3 - https:\/\/yoast.com\/wordpress\/plugins\/seo\/ -->\n<title>Mons. Vicente Zico, CM[1] (I) - Somos Vicencianos<\/title>\n<meta name=\"robots\" content=\"index, follow, max-snippet:-1, max-image-preview:large, max-video-preview:-1\" \/>\n<link rel=\"canonical\" href=\"https:\/\/vincentians.com\/es\/mons-vicente-zico-cm1-i\/\" \/>\n<meta property=\"og:locale\" content=\"es_ES\" \/>\n<meta property=\"og:type\" content=\"article\" \/>\n<meta property=\"og:title\" content=\"Mons. Vicente Zico, CM[1] (I) - Somos Vicencianos\" \/>\n<meta property=\"og:description\" content=\"\u00bfQui\u00e9n fue nuestro cohermano: Mons. Vicente Zico? \u00a0Un hombre de Dios, un vicenciano feliz y un pastor sol\u00edcito. Son \u00e9stos los aspectos m\u00e1s evidentes en el perfil de Mons. Vicente Zico, admitido en la eterna ... Read More\" \/>\n<meta property=\"og:url\" content=\"https:\/\/vincentians.com\/es\/mons-vicente-zico-cm1-i\/\" \/>\n<meta property=\"og:site_name\" content=\"Somos Vicencianos\" \/>\n<meta property=\"article:publisher\" content=\"https:\/\/www.facebook.com\/WeAreVincentians\/\" \/>\n<meta property=\"article:published_time\" content=\"2022-10-16T06:55:13+00:00\" \/>\n<meta property=\"og:image\" content=\"https:\/\/i0.wp.com\/vincentians.com\/es\/wp-content\/uploads\/sites\/11\/2022\/08\/destaque-329323-zicoooo.jpg?fit=800%2C500&ssl=1\" \/>\n\t<meta property=\"og:image:width\" content=\"800\" \/>\n\t<meta property=\"og:image:height\" content=\"500\" \/>\n\t<meta property=\"og:image:type\" content=\"image\/jpeg\" \/>\n<meta name=\"author\" content=\"Mitxel Olabu\u00e9naga\" \/>\n<meta name=\"twitter:card\" content=\"summary_large_image\" \/>\n<meta name=\"twitter:creator\" content=\"@WeVincentians\" \/>\n<meta name=\"twitter:site\" content=\"@WeVincentians\" \/>\n<meta name=\"twitter:label1\" content=\"Escrito por\" \/>\n\t<meta name=\"twitter:data1\" content=\"Mitxel Olabu\u00e9naga\" \/>\n\t<meta name=\"twitter:label2\" content=\"Tiempo de lectura\" \/>\n\t<meta name=\"twitter:data2\" content=\"5 minutos\" \/>\n<script type=\"application\/ld+json\" class=\"yoast-schema-graph\">{\"@context\":\"https:\/\/schema.org\",\"@graph\":[{\"@type\":\"Article\",\"@id\":\"https:\/\/vincentians.com\/es\/mons-vicente-zico-cm1-i\/#article\",\"isPartOf\":{\"@id\":\"https:\/\/vincentians.com\/es\/mons-vicente-zico-cm1-i\/\"},\"author\":{\"name\":\"Mitxel Olabu\u00e9naga\",\"@id\":\"https:\/\/vincentians.com\/es\/#\/schema\/person\/7c2670b4445a7ca9d164ea6acdb31859\"},\"headline\":\"Mons. Vicente Zico, CM[1] (I)\",\"datePublished\":\"2022-10-16T06:55:13+00:00\",\"mainEntityOfPage\":{\"@id\":\"https:\/\/vincentians.com\/es\/mons-vicente-zico-cm1-i\/\"},\"wordCount\":1078,\"commentCount\":0,\"publisher\":{\"@id\":\"https:\/\/vincentians.com\/es\/#organization\"},\"image\":{\"@id\":\"https:\/\/vincentians.com\/es\/mons-vicente-zico-cm1-i\/#primaryimage\"},\"thumbnailUrl\":\"https:\/\/i0.wp.com\/vincentians.com\/es\/wp-content\/uploads\/sites\/11\/2022\/08\/destaque-329323-zicoooo.jpg?fit=800%2C500&ssl=1\",\"articleSection\":[\"Biograf\u00edas de Misioneros Pa\u00fales\"],\"inLanguage\":\"es\",\"potentialAction\":[{\"@type\":\"CommentAction\",\"name\":\"Comment\",\"target\":[\"https:\/\/vincentians.com\/es\/mons-vicente-zico-cm1-i\/#respond\"]}]},{\"@type\":\"WebPage\",\"@id\":\"https:\/\/vincentians.com\/es\/mons-vicente-zico-cm1-i\/\",\"url\":\"https:\/\/vincentians.com\/es\/mons-vicente-zico-cm1-i\/\",\"name\":\"Mons. Vicente Zico, CM[1] (I) - Somos Vicencianos\",\"isPartOf\":{\"@id\":\"https:\/\/vincentians.com\/es\/#website\"},\"primaryImageOfPage\":{\"@id\":\"https:\/\/vincentians.com\/es\/mons-vicente-zico-cm1-i\/#primaryimage\"},\"image\":{\"@id\":\"https:\/\/vincentians.com\/es\/mons-vicente-zico-cm1-i\/#primaryimage\"},\"thumbnailUrl\":\"https:\/\/i0.wp.com\/vincentians.com\/es\/wp-content\/uploads\/sites\/11\/2022\/08\/destaque-329323-zicoooo.jpg?fit=800%2C500&ssl=1\",\"datePublished\":\"2022-10-16T06:55:13+00:00\",\"breadcrumb\":{\"@id\":\"https:\/\/vincentians.com\/es\/mons-vicente-zico-cm1-i\/#breadcrumb\"},\"inLanguage\":\"es\",\"potentialAction\":[{\"@type\":\"ReadAction\",\"target\":[\"https:\/\/vincentians.com\/es\/mons-vicente-zico-cm1-i\/\"]}]},{\"@type\":\"ImageObject\",\"inLanguage\":\"es\",\"@id\":\"https:\/\/vincentians.com\/es\/mons-vicente-zico-cm1-i\/#primaryimage\",\"url\":\"https:\/\/i0.wp.com\/vincentians.com\/es\/wp-content\/uploads\/sites\/11\/2022\/08\/destaque-329323-zicoooo.jpg?fit=800%2C500&ssl=1\",\"contentUrl\":\"https:\/\/i0.wp.com\/vincentians.com\/es\/wp-content\/uploads\/sites\/11\/2022\/08\/destaque-329323-zicoooo.jpg?fit=800%2C500&ssl=1\",\"width\":800,\"height\":500},{\"@type\":\"BreadcrumbList\",\"@id\":\"https:\/\/vincentians.com\/es\/mons-vicente-zico-cm1-i\/#breadcrumb\",\"itemListElement\":[{\"@type\":\"ListItem\",\"position\":1,\"name\":\"Portada\",\"item\":\"https:\/\/vincentians.com\/es\/\"},{\"@type\":\"ListItem\",\"position\":2,\"name\":\"Mons. Vicente Zico, CM[1] (I)\"}]},{\"@type\":\"WebSite\",\"@id\":\"https:\/\/vincentians.com\/es\/#website\",\"url\":\"https:\/\/vincentians.com\/es\/\",\"name\":\"Somos Vicencianos\",\"description\":\"Know more to serve more\",\"publisher\":{\"@id\":\"https:\/\/vincentians.com\/es\/#organization\"},\"potentialAction\":[{\"@type\":\"SearchAction\",\"target\":{\"@type\":\"EntryPoint\",\"urlTemplate\":\"https:\/\/vincentians.com\/es\/?s={search_term_string}\"},\"query-input\":{\"@type\":\"PropertyValueSpecification\",\"valueRequired\":true,\"valueName\":\"search_term_string\"}}],\"inLanguage\":\"es\"},{\"@type\":\"Organization\",\"@id\":\"https:\/\/vincentians.com\/es\/#organization\",\"name\":\"The Vincentian Network\",\"url\":\"https:\/\/vincentians.com\/es\/\",\"logo\":{\"@type\":\"ImageObject\",\"inLanguage\":\"es\",\"@id\":\"https:\/\/vincentians.com\/es\/#\/schema\/logo\/image\/\",\"url\":\"https:\/\/i1.wp.com\/vincentians.com\/es\/wp-content\/uploads\/sites\/11\/2016\/06\/Vincentian-Network-logo-big.png?fit=778%2C778\",\"contentUrl\":\"https:\/\/i1.wp.com\/vincentians.com\/es\/wp-content\/uploads\/sites\/11\/2016\/06\/Vincentian-Network-logo-big.png?fit=778%2C778\",\"width\":778,\"height\":778,\"caption\":\"The Vincentian Network\"},\"image\":{\"@id\":\"https:\/\/vincentians.com\/es\/#\/schema\/logo\/image\/\"},\"sameAs\":[\"https:\/\/www.facebook.com\/WeAreVincentians\/\",\"https:\/\/x.com\/WeVincentians\"]},{\"@type\":\"Person\",\"@id\":\"https:\/\/vincentians.com\/es\/#\/schema\/person\/7c2670b4445a7ca9d164ea6acdb31859\",\"name\":\"Mitxel Olabu\u00e9naga\",\"image\":{\"@type\":\"ImageObject\",\"inLanguage\":\"es\",\"@id\":\"https:\/\/vincentians.com\/es\/#\/schema\/person\/image\/\",\"url\":\"https:\/\/secure.gravatar.com\/avatar\/34137ec2e2b8939cbbed975731e71f3f4f1defc7266ded337a5ce0f925426877?s=96&d=mm&r=g\",\"contentUrl\":\"https:\/\/secure.gravatar.com\/avatar\/34137ec2e2b8939cbbed975731e71f3f4f1defc7266ded337a5ce0f925426877?s=96&d=mm&r=g\",\"caption\":\"Mitxel Olabu\u00e9naga\"},\"url\":\"https:\/\/vincentians.com\/es\/author\/mitxel\/\"}]}<\/script>\n<!-- \/ Yoast SEO plugin. -->","yoast_head_json":{"title":"Mons. Vicente Zico, CM[1] (I) - Somos Vicencianos","robots":{"index":"index","follow":"follow","max-snippet":"max-snippet:-1","max-image-preview":"max-image-preview:large","max-video-preview":"max-video-preview:-1"},"canonical":"https:\/\/vincentians.com\/es\/mons-vicente-zico-cm1-i\/","og_locale":"es_ES","og_type":"article","og_title":"Mons. Vicente Zico, CM[1] (I) - Somos Vicencianos","og_description":"\u00bfQui\u00e9n fue nuestro cohermano: Mons. Vicente Zico? \u00a0Un hombre de Dios, un vicenciano feliz y un pastor sol\u00edcito. Son \u00e9stos los aspectos m\u00e1s evidentes en el perfil de Mons. Vicente Zico, admitido en la eterna ... Read More","og_url":"https:\/\/vincentians.com\/es\/mons-vicente-zico-cm1-i\/","og_site_name":"Somos Vicencianos","article_publisher":"https:\/\/www.facebook.com\/WeAreVincentians\/","article_published_time":"2022-10-16T06:55:13+00:00","og_image":[{"width":800,"height":500,"url":"https:\/\/i0.wp.com\/vincentians.com\/es\/wp-content\/uploads\/sites\/11\/2022\/08\/destaque-329323-zicoooo.jpg?fit=800%2C500&ssl=1","type":"image\/jpeg"}],"author":"Mitxel Olabu\u00e9naga","twitter_card":"summary_large_image","twitter_creator":"@WeVincentians","twitter_site":"@WeVincentians","twitter_misc":{"Escrito por":"Mitxel Olabu\u00e9naga","Tiempo de lectura":"5 minutos"},"schema":{"@context":"https:\/\/schema.org","@graph":[{"@type":"Article","@id":"https:\/\/vincentians.com\/es\/mons-vicente-zico-cm1-i\/#article","isPartOf":{"@id":"https:\/\/vincentians.com\/es\/mons-vicente-zico-cm1-i\/"},"author":{"name":"Mitxel Olabu\u00e9naga","@id":"https:\/\/vincentians.com\/es\/#\/schema\/person\/7c2670b4445a7ca9d164ea6acdb31859"},"headline":"Mons. Vicente Zico, CM[1] (I)","datePublished":"2022-10-16T06:55:13+00:00","mainEntityOfPage":{"@id":"https:\/\/vincentians.com\/es\/mons-vicente-zico-cm1-i\/"},"wordCount":1078,"commentCount":0,"publisher":{"@id":"https:\/\/vincentians.com\/es\/#organization"},"image":{"@id":"https:\/\/vincentians.com\/es\/mons-vicente-zico-cm1-i\/#primaryimage"},"thumbnailUrl":"https:\/\/i0.wp.com\/vincentians.com\/es\/wp-content\/uploads\/sites\/11\/2022\/08\/destaque-329323-zicoooo.jpg?fit=800%2C500&ssl=1","articleSection":["Biograf\u00edas de Misioneros Pa\u00fales"],"inLanguage":"es","potentialAction":[{"@type":"CommentAction","name":"Comment","target":["https:\/\/vincentians.com\/es\/mons-vicente-zico-cm1-i\/#respond"]}]},{"@type":"WebPage","@id":"https:\/\/vincentians.com\/es\/mons-vicente-zico-cm1-i\/","url":"https:\/\/vincentians.com\/es\/mons-vicente-zico-cm1-i\/","name":"Mons. Vicente Zico, CM[1] (I) - Somos Vicencianos","isPartOf":{"@id":"https:\/\/vincentians.com\/es\/#website"},"primaryImageOfPage":{"@id":"https:\/\/vincentians.com\/es\/mons-vicente-zico-cm1-i\/#primaryimage"},"image":{"@id":"https:\/\/vincentians.com\/es\/mons-vicente-zico-cm1-i\/#primaryimage"},"thumbnailUrl":"https:\/\/i0.wp.com\/vincentians.com\/es\/wp-content\/uploads\/sites\/11\/2022\/08\/destaque-329323-zicoooo.jpg?fit=800%2C500&ssl=1","datePublished":"2022-10-16T06:55:13+00:00","breadcrumb":{"@id":"https:\/\/vincentians.com\/es\/mons-vicente-zico-cm1-i\/#breadcrumb"},"inLanguage":"es","potentialAction":[{"@type":"ReadAction","target":["https:\/\/vincentians.com\/es\/mons-vicente-zico-cm1-i\/"]}]},{"@type":"ImageObject","inLanguage":"es","@id":"https:\/\/vincentians.com\/es\/mons-vicente-zico-cm1-i\/#primaryimage","url":"https:\/\/i0.wp.com\/vincentians.com\/es\/wp-content\/uploads\/sites\/11\/2022\/08\/destaque-329323-zicoooo.jpg?fit=800%2C500&ssl=1","contentUrl":"https:\/\/i0.wp.com\/vincentians.com\/es\/wp-content\/uploads\/sites\/11\/2022\/08\/destaque-329323-zicoooo.jpg?fit=800%2C500&ssl=1","width":800,"height":500},{"@type":"BreadcrumbList","@id":"https:\/\/vincentians.com\/es\/mons-vicente-zico-cm1-i\/#breadcrumb","itemListElement":[{"@type":"ListItem","position":1,"name":"Portada","item":"https:\/\/vincentians.com\/es\/"},{"@type":"ListItem","position":2,"name":"Mons. Vicente Zico, CM[1] (I)"}]},{"@type":"WebSite","@id":"https:\/\/vincentians.com\/es\/#website","url":"https:\/\/vincentians.com\/es\/","name":"Somos Vicencianos","description":"Know more to serve more","publisher":{"@id":"https:\/\/vincentians.com\/es\/#organization"},"potentialAction":[{"@type":"SearchAction","target":{"@type":"EntryPoint","urlTemplate":"https:\/\/vincentians.com\/es\/?s={search_term_string}"},"query-input":{"@type":"PropertyValueSpecification","valueRequired":true,"valueName":"search_term_string"}}],"inLanguage":"es"},{"@type":"Organization","@id":"https:\/\/vincentians.com\/es\/#organization","name":"The Vincentian Network","url":"https:\/\/vincentians.com\/es\/","logo":{"@type":"ImageObject","inLanguage":"es","@id":"https:\/\/vincentians.com\/es\/#\/schema\/logo\/image\/","url":"https:\/\/i1.wp.com\/vincentians.com\/es\/wp-content\/uploads\/sites\/11\/2016\/06\/Vincentian-Network-logo-big.png?fit=778%2C778","contentUrl":"https:\/\/i1.wp.com\/vincentians.com\/es\/wp-content\/uploads\/sites\/11\/2016\/06\/Vincentian-Network-logo-big.png?fit=778%2C778","width":778,"height":778,"caption":"The Vincentian Network"},"image":{"@id":"https:\/\/vincentians.com\/es\/#\/schema\/logo\/image\/"},"sameAs":["https:\/\/www.facebook.com\/WeAreVincentians\/","https:\/\/x.com\/WeVincentians"]},{"@type":"Person","@id":"https:\/\/vincentians.com\/es\/#\/schema\/person\/7c2670b4445a7ca9d164ea6acdb31859","name":"Mitxel Olabu\u00e9naga","image":{"@type":"ImageObject","inLanguage":"es","@id":"https:\/\/vincentians.com\/es\/#\/schema\/person\/image\/","url":"https:\/\/secure.gravatar.com\/avatar\/34137ec2e2b8939cbbed975731e71f3f4f1defc7266ded337a5ce0f925426877?s=96&d=mm&r=g","contentUrl":"https:\/\/secure.gravatar.com\/avatar\/34137ec2e2b8939cbbed975731e71f3f4f1defc7266ded337a5ce0f925426877?s=96&d=mm&r=g","caption":"Mitxel Olabu\u00e9naga"},"url":"https:\/\/vincentians.com\/es\/author\/mitxel\/"}]}},"jetpack_publicize_connections":[],"jetpack_featured_media_url":"https:\/\/i0.wp.com\/vincentians.com\/es\/wp-content\/uploads\/sites\/11\/2022\/08\/destaque-329323-zicoooo.jpg?fit=800%2C500&ssl=1","jetpack_sharing_enabled":true,"jetpack_shortlink":"https:\/\/wp.me\/p7ETMF-1Ha1","jetpack-related-posts":[{"id":404248,"url":"https:\/\/vincentians.com\/es\/mons-vicente-zico-cm1-iv\/","url_meta":{"origin":404241,"position":0},"title":"Mons. Vicente Zico, CM[1] (IV)","author":"Mitxel Olabu\u00e9naga","date":"22\/10\/2022","format":false,"excerpt":"\u00bfY la relaci\u00f3n de Mons. Zico con la Congregaci\u00f3n de la Misi\u00f3n y la Familia Vicenciana? Incluso despu\u00e9s de su nombramiento para el episcopado, Mons. Vicente siempre se mantuvo estrechamente unido a la Congregaci\u00f3n. Se sent\u00eda verdaderamente feliz y agradecido por pertenecer a las filas de la Peque\u00f1a Compa\u00f1\u00eda. Se\u2026","rel":"","context":"En \u00abBiograf\u00edas de Misioneros Pa\u00fales\u00bb","block_context":{"text":"Biograf\u00edas de Misioneros Pa\u00fales","link":"https:\/\/vincentians.com\/es\/category\/la-familia-vicenciana\/biografias-vicencianas\/biografias-de-misioneros-paules\/"},"img":{"alt_text":"","src":"https:\/\/i0.wp.com\/vincentians.com\/es\/wp-content\/uploads\/sites\/11\/2022\/08\/destaque-329323-zicoooo.jpg?fit=800%2C500&ssl=1&resize=350%2C200","width":350,"height":200,"srcset":"https:\/\/i0.wp.com\/vincentians.com\/es\/wp-content\/uploads\/sites\/11\/2022\/08\/destaque-329323-zicoooo.jpg?fit=800%2C500&ssl=1&resize=350%2C200 1x, https:\/\/i0.wp.com\/vincentians.com\/es\/wp-content\/uploads\/sites\/11\/2022\/08\/destaque-329323-zicoooo.jpg?fit=800%2C500&ssl=1&resize=525%2C300 1.5x, https:\/\/i0.wp.com\/vincentians.com\/es\/wp-content\/uploads\/sites\/11\/2022\/08\/destaque-329323-zicoooo.jpg?fit=800%2C500&ssl=1&resize=700%2C400 2x"},"classes":[]},{"id":404244,"url":"https:\/\/vincentians.com\/es\/mons-vicente-zico-cm1-ii\/","url_meta":{"origin":404241,"position":1},"title":"Mons. Vicente Zico, CM[1] (II)","author":"Mitxel Olabu\u00e9naga","date":"18\/10\/2022","format":false,"excerpt":"H\u00e1blenos un poco del episcopado y de la actuaci\u00f3n pastoral de Mons. Vicente. \u00a0Mons. Vicente fue un obispo forjado por el\u00a0 Concilio Vaticano II: un aut\u00e9ntico pastor, de indescriptible envergadura espiritual e incansable celo apost\u00f3lico, repleto de amor a la Iglesia, siempre al servicio de su pueblo. Del inicio al\u2026","rel":"","context":"En \u00abBiograf\u00edas de Misioneros Pa\u00fales\u00bb","block_context":{"text":"Biograf\u00edas de Misioneros Pa\u00fales","link":"https:\/\/vincentians.com\/es\/category\/la-familia-vicenciana\/biografias-vicencianas\/biografias-de-misioneros-paules\/"},"img":{"alt_text":"","src":"https:\/\/i0.wp.com\/vincentians.com\/es\/wp-content\/uploads\/sites\/11\/2022\/08\/destaque-329323-zicoooo.jpg?fit=800%2C500&ssl=1&resize=350%2C200","width":350,"height":200,"srcset":"https:\/\/i0.wp.com\/vincentians.com\/es\/wp-content\/uploads\/sites\/11\/2022\/08\/destaque-329323-zicoooo.jpg?fit=800%2C500&ssl=1&resize=350%2C200 1x, https:\/\/i0.wp.com\/vincentians.com\/es\/wp-content\/uploads\/sites\/11\/2022\/08\/destaque-329323-zicoooo.jpg?fit=800%2C500&ssl=1&resize=525%2C300 1.5x, https:\/\/i0.wp.com\/vincentians.com\/es\/wp-content\/uploads\/sites\/11\/2022\/08\/destaque-329323-zicoooo.jpg?fit=800%2C500&ssl=1&resize=700%2C400 2x"},"classes":[]},{"id":404246,"url":"https:\/\/vincentians.com\/es\/mons-vicente-zico-cm1-iii\/","url_meta":{"origin":404241,"position":2},"title":"Mons. Vicente Zico, CM[1] (III)","author":"Mitxel Olabu\u00e9naga","date":"20\/10\/2022","format":false,"excerpt":"\u00bfCu\u00e1les son los principales aspectos de su espiritualidad? No hay duda de que la primera fuente de la espiritualidad de Mons. Vicente Zico fue la herencia que \u00e9l recibi\u00f3 de San Vicente de Pa\u00fal. Es lo que se puede intuir f\u00e1cilmente al considerar la centralidad de la persona de Jesucristo\u2026","rel":"","context":"En \u00abBiograf\u00edas de Misioneros Pa\u00fales\u00bb","block_context":{"text":"Biograf\u00edas de Misioneros Pa\u00fales","link":"https:\/\/vincentians.com\/es\/category\/la-familia-vicenciana\/biografias-vicencianas\/biografias-de-misioneros-paules\/"},"img":{"alt_text":"","src":"https:\/\/i0.wp.com\/vincentians.com\/es\/wp-content\/uploads\/sites\/11\/2022\/08\/destaque-329323-zicoooo.jpg?fit=800%2C500&ssl=1&resize=350%2C200","width":350,"height":200,"srcset":"https:\/\/i0.wp.com\/vincentians.com\/es\/wp-content\/uploads\/sites\/11\/2022\/08\/destaque-329323-zicoooo.jpg?fit=800%2C500&ssl=1&resize=350%2C200 1x, https:\/\/i0.wp.com\/vincentians.com\/es\/wp-content\/uploads\/sites\/11\/2022\/08\/destaque-329323-zicoooo.jpg?fit=800%2C500&ssl=1&resize=525%2C300 1.5x, https:\/\/i0.wp.com\/vincentians.com\/es\/wp-content\/uploads\/sites\/11\/2022\/08\/destaque-329323-zicoooo.jpg?fit=800%2C500&ssl=1&resize=700%2C400 2x"},"classes":[]},{"id":121665,"url":"https:\/\/vincentians.com\/es\/san-vicente-de-paul-y-los-gondi-capitulo-16\/","url_meta":{"origin":404241,"position":3},"title":"San Vicente de Pa\u00fal y los Gondi: Cap\u00edtulo 16","author":"Francisco Javier Fern\u00e1ndez Chento","date":"29\/07\/2024","format":false,"excerpt":"Cap\u00edtulo XVI \u00daltimas obras de Vicente de Pa\u00fal. - Sus cartas de adi\u00f3s al cardenal de Retz y al Padre de Gondi. - Sus \u00faltimos momentos, su muerte y sus funerales. El maravilloso impulso que Vicente de Pa\u00fal hab\u00eda impreso a la caridad p\u00fablica se hab\u00eda aminorado singularmente durante los\u2026","rel":"","context":"En \u00abVicente de Pa\u00fal\u00bb","block_context":{"text":"Vicente de Pa\u00fal","link":"https:\/\/vincentians.com\/es\/category\/la-familia-vicenciana\/fundadores\/vicente-de-paul\/"},"img":{"alt_text":"","src":"https:\/\/i0.wp.com\/vincentians.com\/es\/wp-content\/uploads\/sites\/11\/2023\/08\/aaaf.jpg?fit=1200%2C827&ssl=1&resize=350%2C200","width":350,"height":200,"srcset":"https:\/\/i0.wp.com\/vincentians.com\/es\/wp-content\/uploads\/sites\/11\/2023\/08\/aaaf.jpg?fit=1200%2C827&ssl=1&resize=350%2C200 1x, https:\/\/i0.wp.com\/vincentians.com\/es\/wp-content\/uploads\/sites\/11\/2023\/08\/aaaf.jpg?fit=1200%2C827&ssl=1&resize=525%2C300 1.5x, https:\/\/i0.wp.com\/vincentians.com\/es\/wp-content\/uploads\/sites\/11\/2023\/08\/aaaf.jpg?fit=1200%2C827&ssl=1&resize=700%2C400 2x, https:\/\/i0.wp.com\/vincentians.com\/es\/wp-content\/uploads\/sites\/11\/2023\/08\/aaaf.jpg?fit=1200%2C827&ssl=1&resize=1050%2C600 3x"},"classes":[]},{"id":49327,"url":"https:\/\/vincentians.com\/es\/a-los-15-anos-de-la-beatificacion-de-federico-ozanam\/","url_meta":{"origin":404241,"position":4},"title":"A los 15 a\u00f1os de la beatificaci\u00f3n de Federico Ozanam","author":"Francisco Javier Fern\u00e1ndez Chento","date":"05\/09\/2012","format":false,"excerpt":"La beatificaci\u00f3n de Federico Ozanam el 22 de Agosto de 1997 fue un acontecimiento memorable para la Familia Vicenciana. Para algunos la beatificaci\u00f3n pudo parecer un acontecimiento entre otros muchos en el marco de la Jornada Mundial de la Juventud; sin embargo la beatificaci\u00f3n tuvo un lugar muy apropiado en\u2026","rel":"","context":"En \u00abFederico Ozanam\u00bb","block_context":{"text":"Federico Ozanam","link":"https:\/\/vincentians.com\/es\/category\/la-familia-vicenciana\/fundadores\/federico-ozanam\/"},"img":{"alt_text":"Federico Ozanam","src":"https:\/\/i0.wp.com\/vicencianos.org\/wp-content\/2010\/04\/ozanam01-188x300.jpg?resize=350%2C200","width":350,"height":200},"classes":[]},{"id":120085,"url":"https:\/\/vincentians.com\/es\/luisa-de-marillac-carta-0691-al-senor-vicente\/","url_meta":{"origin":404241,"position":5},"title":"Luisa de Marillac, Carta 0691: Al se\u00f1or Vicente","author":"Francisco Javier Fern\u00e1ndez Chento","date":"18\/04\/2013","format":false,"excerpt":"Hoy, mi\u00e9rcoles [septiembre 1659] Mi muy Honorable Padre: Creo es necesario mandar a buscar a\u00a0 Sor Mar\u00eda Marta hoy mismo. Una de nuestras Hermanas me ha hecho recordar que\u00a0las Hermanas nombradas, excepto\u00a0Sor Carcireux, no desempe\u00f1an mucho trabajo. Es cierto que las otras dos son de un temperamento calmoso por dem\u00e1s,\u2026","rel":"","context":"En \u00abEscritos de Luisa de Marillac\u00bb","block_context":{"text":"Escritos de Luisa de Marillac","link":"https:\/\/vincentians.com\/es\/category\/escritos\/escritos-de-luisa-de-marillac\/"},"img":{"alt_text":"","src":"https:\/\/i0.wp.com\/vincentians.com\/es\/wp-content\/uploads\/sites\/11\/2016\/07\/escritos-luisa-de-marillac.jpg?fit=1200%2C630&ssl=1&resize=350%2C200","width":350,"height":200,"srcset":"https:\/\/i0.wp.com\/vincentians.com\/es\/wp-content\/uploads\/sites\/11\/2016\/07\/escritos-luisa-de-marillac.jpg?fit=1200%2C630&ssl=1&resize=350%2C200 1x, https:\/\/i0.wp.com\/vincentians.com\/es\/wp-content\/uploads\/sites\/11\/2016\/07\/escritos-luisa-de-marillac.jpg?fit=1200%2C630&ssl=1&resize=525%2C300 1.5x, https:\/\/i0.wp.com\/vincentians.com\/es\/wp-content\/uploads\/sites\/11\/2016\/07\/escritos-luisa-de-marillac.jpg?fit=1200%2C630&ssl=1&resize=700%2C400 2x, https:\/\/i0.wp.com\/vincentians.com\/es\/wp-content\/uploads\/sites\/11\/2016\/07\/escritos-luisa-de-marillac.jpg?fit=1200%2C630&ssl=1&resize=1050%2C600 3x"},"classes":[]}],"_links":{"self":[{"href":"https:\/\/vincentians.com\/es\/wp-json\/wp\/v2\/posts\/404241","targetHints":{"allow":["GET"]}}],"collection":[{"href":"https:\/\/vincentians.com\/es\/wp-json\/wp\/v2\/posts"}],"about":[{"href":"https:\/\/vincentians.com\/es\/wp-json\/wp\/v2\/types\/post"}],"author":[{"embeddable":true,"href":"https:\/\/vincentians.com\/es\/wp-json\/wp\/v2\/users\/5"}],"replies":[{"embeddable":true,"href":"https:\/\/vincentians.com\/es\/wp-json\/wp\/v2\/comments?post=404241"}],"version-history":[{"count":2,"href":"https:\/\/vincentians.com\/es\/wp-json\/wp\/v2\/posts\/404241\/revisions"}],"predecessor-version":[{"id":404275,"href":"https:\/\/vincentians.com\/es\/wp-json\/wp\/v2\/posts\/404241\/revisions\/404275"}],"wp:featuredmedia":[{"embeddable":true,"href":"https:\/\/vincentians.com\/es\/wp-json\/wp\/v2\/media\/404242"}],"wp:attachment":[{"href":"https:\/\/vincentians.com\/es\/wp-json\/wp\/v2\/media?parent=404241"}],"wp:term":[{"taxonomy":"category","embeddable":true,"href":"https:\/\/vincentians.com\/es\/wp-json\/wp\/v2\/categories?post=404241"},{"taxonomy":"post_tag","embeddable":true,"href":"https:\/\/vincentians.com\/es\/wp-json\/wp\/v2\/tags?post=404241"}],"curies":[{"name":"wp","href":"https:\/\/api.w.org\/{rel}","templated":true}]}}