{"id":404235,"date":"2022-10-08T08:59:06","date_gmt":"2022-10-08T06:59:06","guid":{"rendered":"http:\/\/vincentians.com\/es\/?p=404235"},"modified":"2022-08-09T13:28:30","modified_gmt":"2022-08-09T11:28:30","slug":"san-vicente-de-paul-mistico-de-la-caridad-y-de-la-mision1-i","status":"publish","type":"post","link":"https:\/\/vincentians.com\/es\/san-vicente-de-paul-mistico-de-la-caridad-y-de-la-mision1-i\/","title":{"rendered":"San Vicente de Pa\u00fal, m\u00edstico de la caridad y de la misi\u00f3n[1] (I)"},"content":{"rendered":"<p><strong>\u00a0\u00a0\u00a0\u00a0 <\/strong>En su primera homil\u00eda como sucesor de San Vicente, el 6 de julio de 2016, en el marco de la 42 Asamblea General de la Congregaci\u00f3n de la Misi\u00f3n, el Padre Toma\u017e Mavri\u010d nos inst\u00f3 a redescubrir y desarrollar la dimensi\u00f3n propiamente m\u00edstica de nuestro carisma, siguiendo la inspiraci\u00f3n de San Vicente como <em>\u00abm\u00edstico de la caridad\u00bb<\/em>. La misma llamada se repiti\u00f3 en su primera circular, de 19 de septiembre de 2016, en preparaci\u00f3n a la solemnidad lit\u00fargica de nuestro fundador. En esta carta, se pidi\u00f3 a cada uno de nosotros <em>\u00abresponder personalmente a esta pregunta: \u00bfPor qu\u00e9 y c\u00f3mo puedo describir a Vicente como un m\u00edstico de la caridad?\u00bb<\/em>. Eximios conocedores de la espiritualidad y la historia vicenciana lo han hecho con maestr\u00eda, como el propio Superior General demuestra en su circular, dando la palabra a tres Misioneros que se destacaron por sus investigaciones: H. O&#8217;Donnell, R. Maloney<a href=\"#_ftn2\" name=\"_ftnref2\">[2]<\/a> y T. McKenna<a href=\"#_ftn3\" name=\"_ftnref3\">[3]<\/a>. Y, de nuestro lado, c\u00f3mo no recordar, con agradecimiento sincero, los escritos memorables de L. Abelly<a href=\"#_ftn4\" name=\"_ftnref4\">[4]<\/a>, H. Br\u00e9mond<a href=\"#_ftn5\" name=\"_ftnref5\">[5]<\/a>, A. Dodin<a href=\"#_ftn6\" name=\"_ftnref6\">[6]<\/a> y J. M. Ib\u00e1\u00f1ez<a href=\"#_ftn7\" name=\"_ftnref7\">[7]<\/a>. A \u00e9stos, que ya descansan en la paz eterna, podemos a\u00f1adir muchos otros, a\u00fan entre nosotros, como A. Orcajo<a href=\"#_ftn8\" name=\"_ftnref8\">[8]<\/a>, G. Toscani<a href=\"#_ftn9\" name=\"_ftnref9\">[9]<\/a>, L. Mezzadri<a href=\"#_ftn10\" name=\"_ftnref10\">[10]<\/a>, J. P. Renouard<a href=\"#_ftn11\" name=\"_ftnref11\">[11]<\/a>, G. Grossi<a href=\"#_ftn12\" name=\"_ftnref12\">[12]<\/a>, etc. Somos deudores de las intuiciones de estos expertos que, con reverencia y pasi\u00f3n, sondearon el coraz\u00f3n de San Vicente y de \u00e9l nos trajeron la frescura de una m\u00edstica capaz de saciar nuestra sed, impulsar nuestra b\u00fasqueda de Dios y fecundar la caridad y la misi\u00f3n junto a los pobres.<\/p>\n<p>Por m\u00e1s significativas y relevantes que sean las contribuciones ofrecidas por esta pl\u00e9yade, la pregunta acerca de la m\u00edstica vicenciana sigue siendo v\u00e1lida y la tarea de recrearla no ha perdido nada de su actualidad. La celebraci\u00f3n de los 400 a\u00f1os de la concreci\u00f3n del carisma (2017) se presenta como un momento favorable para volver a formular la pregunta y reasumir la tarea, haciendo de esta efem\u00e9ride una oportunidad de revitalizaci\u00f3n espiritual y apost\u00f3lica para toda la Familia que se nutre de la m\u00edstica vicenciana. De hecho, la m\u00edstica inflama el carisma recibido y transmitido por Vicente de Pa\u00fal, con el fin de que sea siempre din\u00e1mico y atractivo, capaz de recreaciones fieles y audaces dentro de las diferentes situaciones y contextos en los que sus depositarios y art\u00edfices son interpelados por los gritos de los pobres, las llamadas de la Iglesia y los signos de los tiempos. Sin una m\u00edstica vigorosa, alimentada por la savia de una profunda experiencia de Dios, el carisma vicenciana y la misi\u00f3n que se origina de \u00e9l carecer\u00edan de principio y fundamento, de vitalidad y profec\u00eda, como una casa construida sobre terreno arenoso e inestable.<\/p>\n<p>Veamos primero qui\u00e9n era este m\u00edstico llamado Vicente, teniendo en cuenta, a grandes rasgos, su recorrido hist\u00f3rico. A continuaci\u00f3n, vamos a lanzar un vistazo a la base sobre la que descansa su m\u00edstica. Por \u00faltimo, nos centraremos en un enfoque espec\u00edfico de la m\u00edstica vicenciana, que nos remite al misterio y a la virtud de la misericordia.<\/p>\n<ol>\n<li><strong>Vicente de Pa\u00fal: de la ambici\u00f3n a la compasi\u00f3n<\/strong><\/li>\n<\/ol>\n<p>Todos lo conocemos<a href=\"#_ftn13\" name=\"_ftnref13\">[13]<\/a>. Fue en 1580 (o un a\u00f1o m\u00e1s tarde, nadie sabe a ciencia cierta) que vino al mundo, nacido dentro de una familia sencilla, empe\u00f1ada en su propia subsistencia. De los seis hermanos, Vicente era el tercero. Le corresponder\u00eda la tarea de cuidar el reba\u00f1o. Y lo hizo hasta la edad de 15 a\u00f1os, cuando dej\u00f3 la tranquilidad del campo para aventurarse en los estudios, alentado por su padre. Se fue, entonces, a la ciudad de Dax, no muy lejos de su tierra natal. All\u00ed, recibe la primera instrucci\u00f3n escolar. Se hace despu\u00e9s preceptor de los dos hijos de un abogado. A\u00f1os m\u00e1s tarde, en Par\u00eds, volver\u00e1 a ejercer este oficio con los ni\u00f1os de otra familia, los Gondi, solidificando su talento pedag\u00f3gico. El mismo abogado que lo hab\u00eda acogido como hu\u00e9sped en Dax, tambi\u00e9n ser\u00e1 su primer benefactor, anim\u00e1ndole en la carrera eclesi\u00e1stica, tenida en la \u00e9poca como un medio eficaz de ascensi\u00f3n socioecon\u00f3mica. Las ambiciones de esta primera etapa de su carrera ser\u00e1n, en el futuro, un asunto que su temeridad no le permitir\u00e1 siquiera mencionar. Aunque identificado con la vocaci\u00f3n sacerdotal, que le parec\u00eda propiamente ser la suya, las intenciones y prop\u00f3sitos de Vicente todav\u00eda tendr\u00edan que pasar por un vigoroso proceso de purificaci\u00f3n y perfeccionamiento.<\/p>\n<p>Ya ordenado (1600), se dedic\u00f3 con diligencia a la finalizaci\u00f3n de sus estudios teol\u00f3gicos, asistiendo a la Universidad de Toulouse. Le correspond\u00eda tambi\u00e9n la responsabilidad de dirigir una casa de hu\u00e9spedes para j\u00f3venes estudiantes, a los cuales deb\u00eda orientar, aprovechando una vez m\u00e1s sus habilidades de educador. Su aplicaci\u00f3n intelectual acompa\u00f1ar\u00e1 a Vicente de Pa\u00fal durante toda su vida, d\u00e1ndole condiciones de discernimientos m\u00e1s precisos, reflexiones m\u00e1s consistentes e intervenciones m\u00e1s audaces en favor de los pobres, de la Iglesia y de la paz social. Su esfuerzo para mantenerse actualizado era ayudado por las buenas lecturas que lo enriquecieron. Muchos episodios lo demuestran emblem\u00e1ticamente: la ingeniosa organizaci\u00f3n de los servicios prestados en las regiones empobrecidas por las guerras, las esclarecedoras objeciones a la doctrina jansenista, las insistentes peticiones ante las autoridades para el restablecimiento de la concordia nacional (sobre todo en 1649, durante la Guerra de la Fronda). A todo esto, se suman a la lucidez y prudencia que acompa\u00f1an el florecimiento de sus fundaciones, dej\u00e1ndoles normas y Reglamentos de notable densidad espiritual y de un alcance pr\u00e1ctico indiscutible.<\/p>\n<p>A\u00f1o 1608. Padre Vicente se instala en Par\u00eds, en busca de una posici\u00f3n favorable y un ingreso honesto, que le permitiese poner remedio a la situaci\u00f3n de su familia y garantizarse un c\u00f3modo futuro. Sin embargo, los infortunios y decepciones sucesivas a las que se vio expuesto lo llevaron a reflexionar en profundidad sobre sus b\u00fasquedas, a reconsiderar sus objetivos y a corregir sus intentos, todav\u00eda limitados a los estrechos c\u00e1lculos humanos. Siendo uno de los capellanes de la reina Margot, pod\u00eda ver el fastidioso contraste entre la frivolidad de la vida de palacio y los pavorosos abismos de miseria en que yac\u00edan los que diariamente llamaban a la puerta. Injustamente acusado de robo y sumergido en una dolorosa noche oscura, se encontr\u00f3 duramente probado en lo que ten\u00eda de m\u00e1s preciado: su rectitud y su fe. No tard\u00f3 en sentir la necesidad de un nuevo proyecto de vida, impulsado por ideales m\u00e1s elevados y comprometidos, desprovisto de condicionamientos mezquinos y concretado en los esfuerzos que una fe m\u00e1s robusta habr\u00eda de inspirarle<a href=\"#_ftn14\" name=\"_ftnref14\">[14]<\/a>. Le ayudaron la sabidur\u00eda y la santidad de aquellos hombres de Dios que se le presentaban como personificaciones de lo que se sent\u00eda llamado a ser: Pierre de B\u00e9rulle, Andr\u00e9 Duval y Francisco de Sales. Pastores de probadas virtudes, cuyos perfiles se defin\u00edan por la integridad humana, la solidez espiritual y el celo apost\u00f3lico. Alentado por estas influencias ben\u00e9ficas, que se quedaron grabadas para siempre en las tablas de su coraz\u00f3n, Vicente decide fijar su mirada en Jesucristo, encontrando en \u00e9l su referencia de humanidad y la br\u00fajula orientadora de su ministerio. De este progresivo arraigo en Cristo, lograr\u00e1 alcanzar la savia de la confiada entrega a la voluntad de Dios y de una visceral compasi\u00f3n por los pobres, descubiertos inicialmente en los hospitales y en las calles parisinas, debati\u00e9ndose entre la vida y la muerte. Con el paso del tiempo y cada vez m\u00e1s resueltamente, el joven padre Vicente cambiar\u00e1 <em>\u201clos intereses <\/em><em>enga\u00f1adores y las motivaciones terrenas por las m\u00e1ximas evang\u00e9licas que no decepcionan, quedando libre para vivir en Cristo, como el ap\u00f3stol Pablo, e hacer de Jes\u00fas el centro de su vida y la \u2018regla de la Misi\u00f3n\u2019\u201d<a href=\"#_ftn15\" name=\"_ftnref15\"><strong>[15]<\/strong><\/a><\/em>.<\/p>\n<p>El encuentro personal con Jesucristo se convirti\u00f3 en la fuerza impulsora de la libertad de Vicente de Pa\u00fal, enriqueci\u00e9ndola con el amor y dilat\u00e1ndola para el servicio. Desarrolla entonces una nueva forma de entenderse a s\u00ed mismo, de situarse en la historia, de relacionarse con Dios y con las personas. As\u00ed, continuar\u00e1 su camino de humanizaci\u00f3n y santidad, depurando sus motivaciones, afirm\u00e1ndose en nuevas convicciones y lanz\u00e1ndose de vez por todas en los caminos de la caridad misionera, donde se deparar\u00e1 en todo momento con hombres y\u00a0 mujeres socialmente agredidos \u200b\u200by religiosamente descartados, sobre los cuales se volcar\u00e1 su coraz\u00f3n samaritano, levantando a los ca\u00eddos y vertiendo en sus heridas el b\u00e1lsamo de la misericordia recibida del Se\u00f1or, que lo convirti\u00f3 en hombre nuevo y a quien quer\u00eda configurarse para siempre, continuando su misi\u00f3n de evangelizaci\u00f3n y servicio<a href=\"#_ftn16\" name=\"_ftnref16\">[16]<\/a>. Las experiencias pastorales vividas en Clichy (1612), Folleville (1617), Ch\u00e2tillon (1617), Montmirail (1620), en movimiento ascendente, dar\u00e1n testimonio de esta verdad: las carencias materiales y espirituales resonaban en el coraz\u00f3n de Vicente, inquietaban su \u00a0conciencia y movilizaban sus acciones, asoci\u00e1ndolo a la obra de salvaci\u00f3n del Hijo de Dios, ungido <em>\u00abpara proclamar la buena nueva a los pobres\u00bb<\/em> (Lc 4,18). Los pobres, <em>\u201cmiembros afligidos de Nuestro Se\u00f1or\u201d<\/em> (ES XI, 393|SV XII, 87)<a href=\"#_ftn17\" name=\"_ftnref17\">[17]<\/a>, ser\u00edan, a partir de entonces, su peso y su dolor<a href=\"#_ftn18\" name=\"_ftnref18\">[18]<\/a>. A\u00f1os m\u00e1s tarde, dir\u00e1 a sus cohermanos, con la calidez de un coraz\u00f3n apasionado y la clarividencia de una conciencia l\u00facida, que debemos \u201c<em>atender a las necesidades de nuestro pr\u00f3jimo con la misma rapidez con que se corre a apagar el fuego\u201d<\/em> (ES XI, 724|SV XI, 31)<a href=\"#_ftn19\" name=\"_ftnref19\">[19]<\/a>.<\/p>\n<p>Vicente de Pa\u00fal ya no era el mismo. Y no volver\u00e1 a serlo. Sus deseos, preferencias y fatigas, atravesados por la fe e inflamados por la caridad, testificaron el giro copernicano hecho en su vida. <em>\u201cSin duda, \u00e9l supo sacar provecho de las pruebas y tentaciones y, en todo caso, le hicieron ver que deb\u00eda anteponer los intereses del Reino a los suyos propios, lo que significa una renuncia a las realidades terrenas para imbuirse de la m\u00edstica del desprendimiento evang\u00e9lico\u201d<\/em><a href=\"#_ftn20\" name=\"_ftnref20\">[20]<\/a>. Despu\u00e9s de los primeros pasos de su transcurso, marcado por intentos, fracasos y redimensionamientos, tratar\u00e1 siempre de seguir las huellas de Jesucristo, abierto a las sorpresas del Esp\u00edritu, con la mirada puesta en los que se encontraban en las <em>periferias existenciales de la vida<\/em>, en los m\u00e1rgenes de la sociedad y de la Iglesia de su tiempo<a href=\"#_ftn21\" name=\"_ftnref21\">[21]<\/a>. En los gritos de los pobres, Vicente escuchar\u00e1\u00a0 la voz del Se\u00f1or que le interpela en ese contexto de tantos desequilibrios socioecon\u00f3micos que hicieron del siglo XVII <em>el siglo de la pobreza<\/em>, con su alarmantes \u00edndices de mortalidad infantil, analfabetismo, hambre, enfermedades f\u00edsicas y psicol\u00f3gicas, etc. La pedagog\u00eda de Dios llev\u00f3 a Vicente de Pa\u00fal a los empobrecidos. Su opci\u00f3n radical por los \u00faltimos no se limitar\u00e1 a un bramido de indignaci\u00f3n \u00e9tica o a una articulada ideolog\u00eda pol\u00edtica. La fe es la que le dar\u00e1 condiciones de ver a Cristo en los pobres y los pobres en Cristo, reconoci\u00e9ndoles su dignidad, ayud\u00e1ndoles en sus necesidades, denunciando las injusticias que los oprim\u00edan, colaborando en el cambio de la direcci\u00f3n de la sociedad y sintonizando la Iglesia con las exigencias del Evangelio, de acuerdo con las palabras inmortales del Se\u00f1or: <em>\u00abTodo lo que hicieron por uno de estos hermanos m\u00edos m\u00e1s humildes, por m\u00ed mismo lo hicieron\u00bb<\/em> (Mt 25,30). Se convirti\u00f3 en piedra angular la aplicaci\u00f3n de este pasaje del Evangelio: <em>\u201c<\/em><em>No hemos de considerar a un pobre campesino o a una pobre mujer<\/em> <em>seg\u00fan su aspecto<\/em> <em>exterior, ni seg\u00fan la impresi\u00f3n de su esp\u00edritu<\/em> (\u2026). <em>Pero dadle la vuelta a la medalla y<\/em> <em>ver\u00e9is con las luces de la fe que son \u00e9sos los que nos representan al Hijo<\/em> <em>de Dios, que quiso ser pobre<\/em> (\u2026). <em>\u00a1Dios m\u00edo! \u00a1Qu\u00e9 hermoso ser\u00eda ver a los pobres, consider\u00e1ndolos en Dios y en el aprecio en que los tuvo Jesucristo!\u201d<\/em> (ES XI, 725|SV XI, 32)<a href=\"#_ftn22\" name=\"_ftnref22\">[22]<\/a>.<\/p>\n<p>De la mano con otros hombres y mujeres, todos cautivados por el mismo ideal caritativo-misionero, el padre Vicente camina cada vez m\u00e1s firmemente en el seguimiento de Jesucristo, mejorando sus relaciones, ampliando su acci\u00f3n, aquilat\u00e1ndose humanamente. \u00bfC\u00f3mo no recordar aqu\u00ed los colaboradores indispensables que la Providencia puso a su lado: Margarita de Silly, Luisa de Marillac, Antonio Portail, Margarita Naseau y muchos otros? El terreno se volvi\u00f3 receptivo a la fecundidad de la bendici\u00f3n. La libertad se entrelaz\u00f3 con la gracia. Y los frutos se multiplicaron en abundancia para el deleite de muchos. Los logros de Vicente lo muestran. Recordemos al menos los m\u00e1s relevantes:<\/p>\n<ul>\n<li>Su cotidiano empe\u00f1o en la <strong>evangelizaci\u00f3n<\/strong>, el <strong>servicio<\/strong> y la <strong>promoci\u00f3n<\/strong> de los pobres, a trav\u00e9s de las misiones en el campo, de la ayuda a los indigentes de la convulsiva capital francesa, de la presencia de consuelo y esperanza al lado de los condenados a Galeras, de los 13 centros de acogida para los ni\u00f1os abandonados (m\u00e1s de 300 eran dejados en las calles de Par\u00eds cada a\u00f1o), del establecimiento de peque\u00f1as escuelas, de las innumerables campa\u00f1as de socorro a las regiones arrasadas por las epidemias y las guerras, con sus nefastas consecuencias de miseria, explotaci\u00f3n y muerte. Frente a la carencia material y la ignorancia religiosa, con inteligencia y discernimiento, Vicente de Pa\u00fal asume la misi\u00f3n y organiza la caridad, integr\u00e1ndolas en un solo movimiento y haci\u00e9ndolas cada vez m\u00e1s inventivas, porque nacidas de un amor sincero, gratuito y audaz.<\/li>\n<li>La fundaci\u00f3n y consolidaci\u00f3n de sus tres grandes obras: las <strong>Cofrad\u00edas de la Caridad<\/strong> (1617), que pronto se extendieron a muchas regiones de Francia; la <strong>Congregaci\u00f3n de la Misi\u00f3n<\/strong> (1625), que, en el momento de su muerte, se hab\u00eda extendido ya a varios pa\u00edses de Europa (Polonia, Italia, Irlanda, Escocia) y \u00c1frica (Argelia, T\u00fanez y Madagascar); y, unido a Santa Luisa, la <strong>Compa\u00f1\u00eda de las Hijas de la Caridad<\/strong> (1633), con m\u00e1s de 60 casas erigidas en Francia y Polonia. A todos estos grupos y a muchos de sus miembros en particular, el padre Vicente dirig\u00eda regularmente su palabra iluminada, principalmente a trav\u00e9s de cartas, conferencias y charlas, instruy\u00e9ndoles, form\u00e1ndoles, como h\u00e1bil pedagogo, en la asimilaci\u00f3n de los valores y exigencias de la vocaci\u00f3n especifica que el Se\u00f1or les dio.<\/li>\n<li>El enorme esfuerzo de <strong>reforma del clero <\/strong>(a partir de 1628), a trav\u00e9s de retiros a los que iban a ser ordenados (m\u00e1s de 12.000 los hicieron), de las Conferencias de los Martes (extensi\u00f3n de los retiros en vista de una formaci\u00f3n continua) y de la fundaci\u00f3n de seminarios en las di\u00f3cesis (m\u00e1s de 20). Iniciativas que contribuyeron de manera decisiva a renovar la faz de la Iglesia, generando pastores santos y sabios para el servicio del Reino.<\/li>\n<li>Su l\u00facida y valiente participaci\u00f3n en el prestigioso <strong>Consejo de Conciencia<\/strong> (1643-1652), a partir del cual le era posible no s\u00f3lo opinar sobre la elecci\u00f3n de obispos para las di\u00f3cesis francesas, sino tambi\u00e9n dar a conocer la situaci\u00f3n de los pobres, defender sus derechos y solicitar las medidas apropiadas. Padre Vicente estaba convencido de que no le era suficiente ser justo sin comprometerse con la promoci\u00f3n de la justicia en una sociedad como aquella en la que viv\u00eda. As\u00ed que no dud\u00f3 en pedir abiertamente al primer ministro, el cardenal Richelieu, una intervenci\u00f3n m\u00e1s audaz para poner fin a la guerra. No titube\u00f3 en el momento de oponerse a la pol\u00edtica explotadora del Cardenal Mazarino. Solicit\u00f3 al Papa Inocencio X una medida por la paz durante la Fronda, haci\u00e9ndose portavoz de los dolores y las esperanzas de los pobres.<a href=\"#_ftn23\" name=\"_ftnref23\">[23]<\/a>.<\/li>\n<li>Su intensa y fruct\u00edfera <strong>actividad epistolar<\/strong>, que le llev\u00f3 a interactuar con muchas personas diferentes (a lo largo de sus a\u00f1os, Vicente hab\u00eda escrito cerca de 30 mil cartas), y la <strong>orientaci\u00f3n espiritual<\/strong> concedida a los sacerdotes, religiosos y religiosas, laicos y laicas de diversos \u00e1mbitos sociales.<\/li>\n<\/ul>\n<p>Sabemos, sin embargo, que \u00e9stas no eran actividades meramente funcionales, desprovistas de referencias seguras y prop\u00f3sitos claros. En Vicente de Pa\u00fal, el <em>hacer<\/em> es irradiaci\u00f3n del <em>ser<\/em>. Todos sus logros y compromisos se mostraban alineados con el horizonte m\u00e1s amplio de su experiencia espiritual: nac\u00edan de su b\u00fasqueda constante de la voluntad de Dios, se modelaban por la frescura de su comuni\u00f3n con Cristo y se dirig\u00edan a la caridad misionera. En todo, Vicente trat\u00f3 de discernir las llamadas de Dios, en las personas y en los acontecimientos, sobre todo en la situaci\u00f3n de los pobres y de las necesidades de la Iglesia, siguiendo paso a paso las indicaciones de la Providencia, armonizando su fe y su experiencia. Como testimonia L. Abelly, primer bi\u00f3grafo del ardiente padre de los pobres: <em>\u00abEn todas sus acciones, su esp\u00edritu estaba continuamente atento a la presencia de Dios\u00bb<\/em>. Vale la pena mencionar esta imagen, debidamente aplicada a la experiencia de San Vicente: as\u00ed como el impacto de la ca\u00edda del agua es regulado por la altura de donde proviene, as\u00ed la eficacia de la vida apost\u00f3lica debe ser medida por la altura y la profundidad de la fuente que la origina y alimenta.<\/p>\n<p>El 27 de septiembre de 1660, roto por las traicioneras enfermedades que le debilitaron su cuerpo octogenario, pero sobre todo coronado por los m\u00e9ritos que la caridad y la misi\u00f3n le impusieron, Vicente de Pa\u00fal se dej\u00f3 llevar a los prados eternos donde su coraz\u00f3n finalmente encontrar\u00eda el ansiado descanso. Desde all\u00ed, plenificado por el amor que lo cautiv\u00f3 y le condujo, nos contempla y nos anima a pasar por los grandes senderos de la historia, abriendo nuevos caminos de esperanza.<\/p>\n<p>&nbsp;<\/p>\n<p><a href=\"#_ftnref1\" name=\"_ftn1\">[1]<\/a> Publicado en: <em>Anales de la Congregaci\u00f3n de la Misi\u00f3n y de las Hijas de la Caridad<\/em>, Madrid, tomo 126, n. 3, pp. 271-293, mayo-junio 2018.<\/p>\n<p><a href=\"#_ftnref2\" name=\"_ftn2\">[2]<\/a> <em>He hears the cry of the poor<\/em>: on the spirituality of Vincent de Paul<em>. <\/em>New York: New City Press, 1995. | <em>Un chemin vers les pauvres. <\/em>Spiritualit\u00e9 de Vincent de Paul. Paris: Descl\u00e9e de Brouwer, 1994. Y los muchos art\u00edculos publicados en <em>Vincentiana<\/em>.<\/p>\n<p><a href=\"#_ftnref3\" name=\"_ftn3\">[3]<\/a> <em>Praying with Vincent de Paul. <\/em>Chicago: Depaul University, 2011.<\/p>\n<p><a href=\"#_ftnref4\" name=\"_ftn4\">[4]<\/a> La primera biograf\u00eda de Vicente de Pa\u00fal: <em>La vie du v\u00e9n\u00e9rable serviteur de Dieu Vincent de Paul, instituteur et premier sup\u00e9rieur g\u00e9n\u00e9ral de la Congr\u00e9gation de la Mission. <\/em>Paris: Florentin Lambert, 1664. 3 v.<\/p>\n<p><a href=\"#_ftnref5\" name=\"_ftn5\">[5]<\/a> <em>Histoire litt\u00e9raire du sentiment religieux en France<\/em>. Depuis la fin des guerres de religion jusqu\u2019a nos jours. Tome III: La conqu\u00eate mystique et l\u2019\u00c9cole Fran\u00e7aise. Paris: Librairie Bloud et Gay, 1923 (ver, especialmente, el cap\u00edtulo IV: <em>B\u00e9rulle et Vincent de Paul<\/em>).<\/p>\n<p><a href=\"#_ftnref6\" name=\"_ftn6\">[6]<\/a> <em>L\u2019esprit vincentienne<\/em>: le secret de Saint Vincent de Paul. Paris: Descl\u00e9e de Brouwer, 1981. | <em>Saint Vincent de Paul<\/em>. Textes et \u00e9tudes<em>. <\/em>Paris: Aubier, 1949.<\/p>\n<p><a href=\"#_ftnref7\" name=\"_ftn7\">[7]<\/a> <em>Vicente de Pa\u00fal<\/em>: la fe verificada en el amor<em>. <\/em>Madrid: San Pablo, 1996.<\/p>\n<p><a href=\"#_ftnref8\" name=\"_ftn8\">[8]<\/a> <em>San Vicente de Pa\u00fal (II). <\/em>Espiritualidad y selecci\u00f3n de escritos. Madrid: BAC, 1982. | <em>El seguimiento de Jes\u00fas seg\u00fan Vicente de Pa\u00fal. <\/em>Madrid: La Milagrosa, 1988. | San Vicente de Pa\u00fal, m\u00edstico de todo tiempo. <em>Anales de la Congregaci\u00f3n de la Misi\u00f3n y de las Hijas de la Caridad<\/em>, Madrid, tomo 116, n. 2, mar.|abr. 2008, p. 142-156.<\/p>\n<p><a href=\"#_ftnref9\" name=\"_ftn9\">[9]<\/a> <em>La mistica dei poveri<\/em>. Pinerolo: Alzani, 1986. | <em>Amore, contemplazione, teologia<\/em>: Ges\u00f9 Cristo visto da San Vincenzo. Pinerolo: Alzani, 1987.<\/p>\n<p><a href=\"#_ftnref10\" name=\"_ftn10\">[10]<\/a> <em>Pellegrini nella preghiera, pellegrini nella carit\u00e0. <\/em>Sulle orme di S. Vincenzo. Roma: CLV, 1994. | <em>Vincenzo de Paoli<\/em>: il Santo della Carit\u00e0. Roma: Citt\u00e0 Nuova, 2009.<\/p>\n<p><a href=\"#_ftnref11\" name=\"_ftn11\">[11]<\/a> <em>Saint Vincent de Paul, ma\u00eetre de sagesse: <\/em>initiation \u00e0 l\u2019esprit vincentien. Bruy\u00e8res-le-Ch\u00e2tel: Nouvelle Cit\u00e9, 2010.<\/p>\n<p><a href=\"#_ftnref12\" name=\"_ftn12\">[12]<\/a> <em>Um M\u00edstico da Miss\u00e3o, Vicente de Paulo. <\/em>2 ed. Belo Horizonte: Congrega\u00e7\u00e3o da Miss\u00e3o, 2016 [<em>Un m\u00edstico de la Misi\u00f3n, Vicente de Pa\u00fal<\/em>. Madrid: La Milagrosa, 2016].<\/p>\n<p><a href=\"#_ftnref13\" name=\"_ftn13\">[13]<\/a> Para este tema, tomamos como referencia b\u00e1sica la estupenda obra de J. M. Rom\u00e1n: <em>San Vicente de Pa\u00fal<\/em>. Biograf\u00eda. Madrid: BAC, 1981.<\/p>\n<p><a href=\"#_ftnref14\" name=\"_ftn14\">[14]<\/a><em> \u201c<\/em><em>Sabemos de sus accidentadas y atribuladas b\u00fasquedas, de sus aventuradas ambiciones, de su tenaz esperanza de \u00e9xito, a pesar de las, ciertamente, bien amargas decepciones. Mientras Vicente se agita, la Providencia lo conduce, a trav\u00e9s de todas las peripecias y vicisitudes de sus caminos\u201d<\/em> (GROSSI. <em>Um m\u00edstico da Miss\u00e3o<\/em>, p. 26).<\/p>\n<p><a href=\"#_ftnref15\" name=\"_ftn15\">[15]<\/a> GROSSI. <em>Um m\u00edstico da Miss\u00e3o<\/em>, p. 311.<\/p>\n<p><a href=\"#_ftnref16\" name=\"_ftn16\">[16]<\/a> Sobre este proceso de conversi\u00f3n emprendido por Vicente de Pa\u00fal, en respuesta a los impulsos de la gracia, reflexiona C. Fern\u00e1ndez: <em>\u201cEl coraz\u00f3n de Vicente de Pa\u00fal empieza a salir de su peque\u00f1a periferia, empieza a ensancharse, empieza a asomarse decididamente a ese camino de la vida que baja de Jerusal\u00e9n a Jeric\u00f3, donde van quedando los expoliados, los heridos, los masacrados, los marginados, los excluidos, las v\u00edctimas del sistema, en suma. Y, consecuentemente, llega a la conclusi\u00f3n de que los pobres no son un pasatiempo piadoso o ben\u00e9fico, o una estad\u00edstica molesta para la buena sociedad, sino una pasi\u00f3n dolorosa, una terrible pregunta de Dios a la que hay que responder con urgencia y audacia\u201d<\/em> (El pobre en el coraz\u00f3n de San Vicente. VV.AA. <em>La experiencia espiritual de San Vicente de Pa\u00fal<\/em>. 35 Semana de Estudios Vicencianos. Salamanca: CEME, 2011, p. 512).<\/p>\n<p><a href=\"#_ftnref17\" name=\"_ftn17\">[17]<\/a> Conferencia sobre el fin de la Congregaci\u00f3n de la Misi\u00f3n. 6 de diciembre de 1658.<\/p>\n<p><a href=\"#_ftnref18\" name=\"_ftn18\">[18]<\/a> ABELLY, tomo II, p. 120.<\/p>\n<p><a href=\"#_ftnref19\" name=\"_ftn19\">[19]<\/a> Avisos dados en el Cap\u00edtulo.<\/p>\n<p><a href=\"#_ftnref20\" name=\"_ftn20\">[20]<\/a> ORCAJO. San Vicente de Pa\u00fal, m\u00edstico de todo tiempo, 147.<\/p>\n<p><a href=\"#_ftnref21\" name=\"_ftn21\">[21]<\/a> <em>\u201cSi a Vicente de Pa\u00fal le hubiera faltado el esp\u00edritu de Jesucristo, no tendr\u00edamos el m\u00edstico que habla de la abundancia del coraz\u00f3n y que, despu\u00e9s de evangelizar con palabras y obras, se retira al recinto m\u00e1s \u00edntimo de su coraz\u00f3n para hablar con el Padre del cielo sobre asuntos de la tierra\u201d<\/em> (ORCAJO. San Vicente de Pa\u00fal, m\u00edstico de todo tiempo, p. 156).<\/p>\n<p><a href=\"#_ftnref22\" name=\"_ftn22\">[22]<\/a> Extracto de una conferencia sobre el esp\u00edritu de fe.<\/p>\n<p><a href=\"#_ftnref23\" name=\"_ftn23\">[23]<\/a> Cf. FERN\u00c1NDEZ. El pobre en el coraz\u00f3n de San Vicente, p. 523-524.<\/p>\n<p><strong><em>\u00a0<\/em><\/strong><strong><em>Vin\u00edcius Augusto Teixeira, C.M.<\/em><\/strong><\/p>\n","protected":false},"excerpt":{"rendered":"<p>\u00a0\u00a0\u00a0\u00a0 En su primera homil\u00eda como sucesor de San Vicente, el 6 de julio de 2016, en el marco de la 42 Asamblea General de la Congregaci\u00f3n de la Misi\u00f3n, el Padre Toma\u017e Mavri\u010d nos &#8230; <a href=\"https:\/\/vincentians.com\/es\/san-vicente-de-paul-mistico-de-la-caridad-y-de-la-mision1-i\/\" class=\"more-link\">Read More<\/a><\/p>\n","protected":false},"author":5,"featured_media":404161,"comment_status":"open","ping_status":"open","sticky":false,"template":"","format":"standard","meta":{"jetpack_post_was_ever_published":false,"_jetpack_newsletter_access":"","_jetpack_dont_email_post_to_subs":false,"_jetpack_newsletter_tier_id":0,"_jetpack_memberships_contains_paywalled_content":false,"_jetpack_memberships_contains_paid_content":false,"footnotes":"","jetpack_publicize_message":"","jetpack_publicize_feature_enabled":true,"jetpack_social_post_already_shared":true,"jetpack_social_options":{"image_generator_settings":{"template":"highway","default_image_id":0,"font":"","enabled":false},"version":2}},"categories":[226],"tags":[],"class_list":["post-404235","post","type-post","status-publish","format-standard","has-post-thumbnail","hentry","category-espiritualidad-vicenciana"],"yoast_head":"<!-- This site is optimized with the Yoast SEO plugin v26.3 - https:\/\/yoast.com\/wordpress\/plugins\/seo\/ -->\n<title>San Vicente de Pa\u00fal, m\u00edstico de la caridad y de la misi\u00f3n[1] (I) - Somos Vicencianos<\/title>\n<meta name=\"robots\" content=\"index, follow, max-snippet:-1, max-image-preview:large, max-video-preview:-1\" \/>\n<link rel=\"canonical\" href=\"http:\/\/vincentians.com\/es\/san-vicente-de-paul-mistico-de-la-caridad-y-de-la-mision1-i\/\" \/>\n<meta property=\"og:locale\" content=\"es_ES\" \/>\n<meta property=\"og:type\" content=\"article\" \/>\n<meta property=\"og:title\" content=\"San Vicente de Pa\u00fal, m\u00edstico de la caridad y de la misi\u00f3n[1] (I) - Somos Vicencianos\" \/>\n<meta property=\"og:description\" content=\"\u00a0\u00a0\u00a0\u00a0 En su primera homil\u00eda como sucesor de San Vicente, el 6 de julio de 2016, en el marco de la 42 Asamblea General de la Congregaci\u00f3n de la Misi\u00f3n, el Padre Toma\u017e Mavri\u010d nos ... Read More\" \/>\n<meta property=\"og:url\" content=\"http:\/\/vincentians.com\/es\/san-vicente-de-paul-mistico-de-la-caridad-y-de-la-mision1-i\/\" \/>\n<meta property=\"og:site_name\" content=\"Somos Vicencianos\" \/>\n<meta property=\"article:publisher\" content=\"https:\/\/www.facebook.com\/WeAreVincentians\/\" \/>\n<meta property=\"article:published_time\" content=\"2022-10-08T06:59:06+00:00\" \/>\n<meta property=\"og:image\" content=\"https:\/\/i0.wp.com\/vincentians.com\/es\/wp-content\/uploads\/sites\/11\/2013\/05\/d.jpg?fit=1200%2C799\" \/>\n\t<meta property=\"og:image:width\" content=\"1200\" \/>\n\t<meta property=\"og:image:height\" content=\"799\" \/>\n\t<meta property=\"og:image:type\" content=\"image\/jpeg\" \/>\n<meta name=\"author\" content=\"Mitxel Olabu\u00e9naga\" \/>\n<meta name=\"twitter:card\" content=\"summary_large_image\" \/>\n<meta name=\"twitter:creator\" content=\"@WeVincentians\" \/>\n<meta name=\"twitter:site\" content=\"@WeVincentians\" \/>\n<meta name=\"twitter:label1\" content=\"Escrito por\" \/>\n\t<meta name=\"twitter:data1\" content=\"Mitxel Olabu\u00e9naga\" \/>\n\t<meta name=\"twitter:label2\" content=\"Tiempo de lectura\" \/>\n\t<meta name=\"twitter:data2\" content=\"19 minutos\" \/>\n<script type=\"application\/ld+json\" class=\"yoast-schema-graph\">{\"@context\":\"https:\/\/schema.org\",\"@graph\":[{\"@type\":\"Article\",\"@id\":\"http:\/\/vincentians.com\/es\/san-vicente-de-paul-mistico-de-la-caridad-y-de-la-mision1-i\/#article\",\"isPartOf\":{\"@id\":\"http:\/\/vincentians.com\/es\/san-vicente-de-paul-mistico-de-la-caridad-y-de-la-mision1-i\/\"},\"author\":{\"name\":\"Mitxel Olabu\u00e9naga\",\"@id\":\"http:\/\/vincentians.com\/es\/#\/schema\/person\/7c2670b4445a7ca9d164ea6acdb31859\"},\"headline\":\"San Vicente de Pa\u00fal, m\u00edstico de la caridad y de la misi\u00f3n[1] (I)\",\"datePublished\":\"2022-10-08T06:59:06+00:00\",\"mainEntityOfPage\":{\"@id\":\"http:\/\/vincentians.com\/es\/san-vicente-de-paul-mistico-de-la-caridad-y-de-la-mision1-i\/\"},\"wordCount\":3823,\"commentCount\":0,\"publisher\":{\"@id\":\"http:\/\/vincentians.com\/es\/#organization\"},\"image\":{\"@id\":\"http:\/\/vincentians.com\/es\/san-vicente-de-paul-mistico-de-la-caridad-y-de-la-mision1-i\/#primaryimage\"},\"thumbnailUrl\":\"https:\/\/i0.wp.com\/vincentians.com\/es\/wp-content\/uploads\/sites\/11\/2013\/05\/d.jpg?fit=1200%2C799&ssl=1\",\"articleSection\":[\"Espiritualidad vicenciana\"],\"inLanguage\":\"es\",\"potentialAction\":[{\"@type\":\"CommentAction\",\"name\":\"Comment\",\"target\":[\"http:\/\/vincentians.com\/es\/san-vicente-de-paul-mistico-de-la-caridad-y-de-la-mision1-i\/#respond\"]}]},{\"@type\":\"WebPage\",\"@id\":\"http:\/\/vincentians.com\/es\/san-vicente-de-paul-mistico-de-la-caridad-y-de-la-mision1-i\/\",\"url\":\"http:\/\/vincentians.com\/es\/san-vicente-de-paul-mistico-de-la-caridad-y-de-la-mision1-i\/\",\"name\":\"San Vicente de Pa\u00fal, m\u00edstico de la caridad y de la misi\u00f3n[1] (I) - Somos Vicencianos\",\"isPartOf\":{\"@id\":\"http:\/\/vincentians.com\/es\/#website\"},\"primaryImageOfPage\":{\"@id\":\"http:\/\/vincentians.com\/es\/san-vicente-de-paul-mistico-de-la-caridad-y-de-la-mision1-i\/#primaryimage\"},\"image\":{\"@id\":\"http:\/\/vincentians.com\/es\/san-vicente-de-paul-mistico-de-la-caridad-y-de-la-mision1-i\/#primaryimage\"},\"thumbnailUrl\":\"https:\/\/i0.wp.com\/vincentians.com\/es\/wp-content\/uploads\/sites\/11\/2013\/05\/d.jpg?fit=1200%2C799&ssl=1\",\"datePublished\":\"2022-10-08T06:59:06+00:00\",\"breadcrumb\":{\"@id\":\"http:\/\/vincentians.com\/es\/san-vicente-de-paul-mistico-de-la-caridad-y-de-la-mision1-i\/#breadcrumb\"},\"inLanguage\":\"es\",\"potentialAction\":[{\"@type\":\"ReadAction\",\"target\":[\"http:\/\/vincentians.com\/es\/san-vicente-de-paul-mistico-de-la-caridad-y-de-la-mision1-i\/\"]}]},{\"@type\":\"ImageObject\",\"inLanguage\":\"es\",\"@id\":\"http:\/\/vincentians.com\/es\/san-vicente-de-paul-mistico-de-la-caridad-y-de-la-mision1-i\/#primaryimage\",\"url\":\"https:\/\/i0.wp.com\/vincentians.com\/es\/wp-content\/uploads\/sites\/11\/2013\/05\/d.jpg?fit=1200%2C799&ssl=1\",\"contentUrl\":\"https:\/\/i0.wp.com\/vincentians.com\/es\/wp-content\/uploads\/sites\/11\/2013\/05\/d.jpg?fit=1200%2C799&ssl=1\",\"width\":1200,\"height\":799,\"caption\":\"- 49 TAB. On ignore actuellement l\u2019auteurs et la date de ce tableau. L\u2019origine est probablement espagnole vue la forme des cornettes et sans doute du 19e si\u00e8cle. Il a \u00e9t\u00e9 enregistr\u00e9 \u00e0 partir d\u2019une reproduction conserv\u00e9e aux Archives de la Congr\u00e9gation \u00e0 Paris.\"},{\"@type\":\"BreadcrumbList\",\"@id\":\"http:\/\/vincentians.com\/es\/san-vicente-de-paul-mistico-de-la-caridad-y-de-la-mision1-i\/#breadcrumb\",\"itemListElement\":[{\"@type\":\"ListItem\",\"position\":1,\"name\":\"Portada\",\"item\":\"http:\/\/vincentians.com\/es\/\"},{\"@type\":\"ListItem\",\"position\":2,\"name\":\"San Vicente de Pa\u00fal, m\u00edstico de la caridad y de la misi\u00f3n[1] (I)\"}]},{\"@type\":\"WebSite\",\"@id\":\"http:\/\/vincentians.com\/es\/#website\",\"url\":\"http:\/\/vincentians.com\/es\/\",\"name\":\"Somos Vicencianos\",\"description\":\"Know more to serve more\",\"publisher\":{\"@id\":\"http:\/\/vincentians.com\/es\/#organization\"},\"potentialAction\":[{\"@type\":\"SearchAction\",\"target\":{\"@type\":\"EntryPoint\",\"urlTemplate\":\"http:\/\/vincentians.com\/es\/?s={search_term_string}\"},\"query-input\":{\"@type\":\"PropertyValueSpecification\",\"valueRequired\":true,\"valueName\":\"search_term_string\"}}],\"inLanguage\":\"es\"},{\"@type\":\"Organization\",\"@id\":\"http:\/\/vincentians.com\/es\/#organization\",\"name\":\"The Vincentian Network\",\"url\":\"http:\/\/vincentians.com\/es\/\",\"logo\":{\"@type\":\"ImageObject\",\"inLanguage\":\"es\",\"@id\":\"http:\/\/vincentians.com\/es\/#\/schema\/logo\/image\/\",\"url\":\"https:\/\/i1.wp.com\/vincentians.com\/es\/wp-content\/uploads\/sites\/11\/2016\/06\/Vincentian-Network-logo-big.png?fit=778%2C778\",\"contentUrl\":\"https:\/\/i1.wp.com\/vincentians.com\/es\/wp-content\/uploads\/sites\/11\/2016\/06\/Vincentian-Network-logo-big.png?fit=778%2C778\",\"width\":778,\"height\":778,\"caption\":\"The Vincentian Network\"},\"image\":{\"@id\":\"http:\/\/vincentians.com\/es\/#\/schema\/logo\/image\/\"},\"sameAs\":[\"https:\/\/www.facebook.com\/WeAreVincentians\/\",\"https:\/\/x.com\/WeVincentians\"]},{\"@type\":\"Person\",\"@id\":\"http:\/\/vincentians.com\/es\/#\/schema\/person\/7c2670b4445a7ca9d164ea6acdb31859\",\"name\":\"Mitxel Olabu\u00e9naga\",\"image\":{\"@type\":\"ImageObject\",\"inLanguage\":\"es\",\"@id\":\"http:\/\/vincentians.com\/es\/#\/schema\/person\/image\/\",\"url\":\"https:\/\/secure.gravatar.com\/avatar\/34137ec2e2b8939cbbed975731e71f3f4f1defc7266ded337a5ce0f925426877?s=96&d=mm&r=g\",\"contentUrl\":\"https:\/\/secure.gravatar.com\/avatar\/34137ec2e2b8939cbbed975731e71f3f4f1defc7266ded337a5ce0f925426877?s=96&d=mm&r=g\",\"caption\":\"Mitxel Olabu\u00e9naga\"},\"url\":\"https:\/\/vincentians.com\/es\/author\/mitxel\/\"}]}<\/script>\n<!-- \/ Yoast SEO plugin. -->","yoast_head_json":{"title":"San Vicente de Pa\u00fal, m\u00edstico de la caridad y de la misi\u00f3n[1] (I) - Somos Vicencianos","robots":{"index":"index","follow":"follow","max-snippet":"max-snippet:-1","max-image-preview":"max-image-preview:large","max-video-preview":"max-video-preview:-1"},"canonical":"http:\/\/vincentians.com\/es\/san-vicente-de-paul-mistico-de-la-caridad-y-de-la-mision1-i\/","og_locale":"es_ES","og_type":"article","og_title":"San Vicente de Pa\u00fal, m\u00edstico de la caridad y de la misi\u00f3n[1] (I) - Somos Vicencianos","og_description":"\u00a0\u00a0\u00a0\u00a0 En su primera homil\u00eda como sucesor de San Vicente, el 6 de julio de 2016, en el marco de la 42 Asamblea General de la Congregaci\u00f3n de la Misi\u00f3n, el Padre Toma\u017e Mavri\u010d nos ... Read More","og_url":"http:\/\/vincentians.com\/es\/san-vicente-de-paul-mistico-de-la-caridad-y-de-la-mision1-i\/","og_site_name":"Somos Vicencianos","article_publisher":"https:\/\/www.facebook.com\/WeAreVincentians\/","article_published_time":"2022-10-08T06:59:06+00:00","og_image":[{"width":1200,"height":799,"url":"https:\/\/i0.wp.com\/vincentians.com\/es\/wp-content\/uploads\/sites\/11\/2013\/05\/d.jpg?fit=1200%2C799","type":"image\/jpeg"}],"author":"Mitxel Olabu\u00e9naga","twitter_card":"summary_large_image","twitter_creator":"@WeVincentians","twitter_site":"@WeVincentians","twitter_misc":{"Escrito por":"Mitxel Olabu\u00e9naga","Tiempo de lectura":"19 minutos"},"schema":{"@context":"https:\/\/schema.org","@graph":[{"@type":"Article","@id":"http:\/\/vincentians.com\/es\/san-vicente-de-paul-mistico-de-la-caridad-y-de-la-mision1-i\/#article","isPartOf":{"@id":"http:\/\/vincentians.com\/es\/san-vicente-de-paul-mistico-de-la-caridad-y-de-la-mision1-i\/"},"author":{"name":"Mitxel Olabu\u00e9naga","@id":"http:\/\/vincentians.com\/es\/#\/schema\/person\/7c2670b4445a7ca9d164ea6acdb31859"},"headline":"San Vicente de Pa\u00fal, m\u00edstico de la caridad y de la misi\u00f3n[1] (I)","datePublished":"2022-10-08T06:59:06+00:00","mainEntityOfPage":{"@id":"http:\/\/vincentians.com\/es\/san-vicente-de-paul-mistico-de-la-caridad-y-de-la-mision1-i\/"},"wordCount":3823,"commentCount":0,"publisher":{"@id":"http:\/\/vincentians.com\/es\/#organization"},"image":{"@id":"http:\/\/vincentians.com\/es\/san-vicente-de-paul-mistico-de-la-caridad-y-de-la-mision1-i\/#primaryimage"},"thumbnailUrl":"https:\/\/i0.wp.com\/vincentians.com\/es\/wp-content\/uploads\/sites\/11\/2013\/05\/d.jpg?fit=1200%2C799&ssl=1","articleSection":["Espiritualidad vicenciana"],"inLanguage":"es","potentialAction":[{"@type":"CommentAction","name":"Comment","target":["http:\/\/vincentians.com\/es\/san-vicente-de-paul-mistico-de-la-caridad-y-de-la-mision1-i\/#respond"]}]},{"@type":"WebPage","@id":"http:\/\/vincentians.com\/es\/san-vicente-de-paul-mistico-de-la-caridad-y-de-la-mision1-i\/","url":"http:\/\/vincentians.com\/es\/san-vicente-de-paul-mistico-de-la-caridad-y-de-la-mision1-i\/","name":"San Vicente de Pa\u00fal, m\u00edstico de la caridad y de la misi\u00f3n[1] (I) - Somos Vicencianos","isPartOf":{"@id":"http:\/\/vincentians.com\/es\/#website"},"primaryImageOfPage":{"@id":"http:\/\/vincentians.com\/es\/san-vicente-de-paul-mistico-de-la-caridad-y-de-la-mision1-i\/#primaryimage"},"image":{"@id":"http:\/\/vincentians.com\/es\/san-vicente-de-paul-mistico-de-la-caridad-y-de-la-mision1-i\/#primaryimage"},"thumbnailUrl":"https:\/\/i0.wp.com\/vincentians.com\/es\/wp-content\/uploads\/sites\/11\/2013\/05\/d.jpg?fit=1200%2C799&ssl=1","datePublished":"2022-10-08T06:59:06+00:00","breadcrumb":{"@id":"http:\/\/vincentians.com\/es\/san-vicente-de-paul-mistico-de-la-caridad-y-de-la-mision1-i\/#breadcrumb"},"inLanguage":"es","potentialAction":[{"@type":"ReadAction","target":["http:\/\/vincentians.com\/es\/san-vicente-de-paul-mistico-de-la-caridad-y-de-la-mision1-i\/"]}]},{"@type":"ImageObject","inLanguage":"es","@id":"http:\/\/vincentians.com\/es\/san-vicente-de-paul-mistico-de-la-caridad-y-de-la-mision1-i\/#primaryimage","url":"https:\/\/i0.wp.com\/vincentians.com\/es\/wp-content\/uploads\/sites\/11\/2013\/05\/d.jpg?fit=1200%2C799&ssl=1","contentUrl":"https:\/\/i0.wp.com\/vincentians.com\/es\/wp-content\/uploads\/sites\/11\/2013\/05\/d.jpg?fit=1200%2C799&ssl=1","width":1200,"height":799,"caption":"- 49 TAB. On ignore actuellement l\u2019auteurs et la date de ce tableau. L\u2019origine est probablement espagnole vue la forme des cornettes et sans doute du 19e si\u00e8cle. Il a \u00e9t\u00e9 enregistr\u00e9 \u00e0 partir d\u2019une reproduction conserv\u00e9e aux Archives de la Congr\u00e9gation \u00e0 Paris."},{"@type":"BreadcrumbList","@id":"http:\/\/vincentians.com\/es\/san-vicente-de-paul-mistico-de-la-caridad-y-de-la-mision1-i\/#breadcrumb","itemListElement":[{"@type":"ListItem","position":1,"name":"Portada","item":"http:\/\/vincentians.com\/es\/"},{"@type":"ListItem","position":2,"name":"San Vicente de Pa\u00fal, m\u00edstico de la caridad y de la misi\u00f3n[1] (I)"}]},{"@type":"WebSite","@id":"http:\/\/vincentians.com\/es\/#website","url":"http:\/\/vincentians.com\/es\/","name":"Somos Vicencianos","description":"Know more to serve more","publisher":{"@id":"http:\/\/vincentians.com\/es\/#organization"},"potentialAction":[{"@type":"SearchAction","target":{"@type":"EntryPoint","urlTemplate":"http:\/\/vincentians.com\/es\/?s={search_term_string}"},"query-input":{"@type":"PropertyValueSpecification","valueRequired":true,"valueName":"search_term_string"}}],"inLanguage":"es"},{"@type":"Organization","@id":"http:\/\/vincentians.com\/es\/#organization","name":"The Vincentian Network","url":"http:\/\/vincentians.com\/es\/","logo":{"@type":"ImageObject","inLanguage":"es","@id":"http:\/\/vincentians.com\/es\/#\/schema\/logo\/image\/","url":"https:\/\/i1.wp.com\/vincentians.com\/es\/wp-content\/uploads\/sites\/11\/2016\/06\/Vincentian-Network-logo-big.png?fit=778%2C778","contentUrl":"https:\/\/i1.wp.com\/vincentians.com\/es\/wp-content\/uploads\/sites\/11\/2016\/06\/Vincentian-Network-logo-big.png?fit=778%2C778","width":778,"height":778,"caption":"The Vincentian Network"},"image":{"@id":"http:\/\/vincentians.com\/es\/#\/schema\/logo\/image\/"},"sameAs":["https:\/\/www.facebook.com\/WeAreVincentians\/","https:\/\/x.com\/WeVincentians"]},{"@type":"Person","@id":"http:\/\/vincentians.com\/es\/#\/schema\/person\/7c2670b4445a7ca9d164ea6acdb31859","name":"Mitxel Olabu\u00e9naga","image":{"@type":"ImageObject","inLanguage":"es","@id":"http:\/\/vincentians.com\/es\/#\/schema\/person\/image\/","url":"https:\/\/secure.gravatar.com\/avatar\/34137ec2e2b8939cbbed975731e71f3f4f1defc7266ded337a5ce0f925426877?s=96&d=mm&r=g","contentUrl":"https:\/\/secure.gravatar.com\/avatar\/34137ec2e2b8939cbbed975731e71f3f4f1defc7266ded337a5ce0f925426877?s=96&d=mm&r=g","caption":"Mitxel Olabu\u00e9naga"},"url":"https:\/\/vincentians.com\/es\/author\/mitxel\/"}]}},"jetpack_publicize_connections":[],"jetpack_featured_media_url":"https:\/\/i0.wp.com\/vincentians.com\/es\/wp-content\/uploads\/sites\/11\/2013\/05\/d.jpg?fit=1200%2C799&ssl=1","jetpack_sharing_enabled":true,"jetpack_shortlink":"https:\/\/wp.me\/p7ETMF-1H9V","jetpack-related-posts":[{"id":116383,"url":"https:\/\/vincentians.com\/es\/bibliografia-vicenciana-1960-1970-en-torno-a-la-espiritualidad-de-san-vicente\/","url_meta":{"origin":404235,"position":0},"title":"Bibliograf\u00eda Vicenciana 1960-1970 en torno a la espiritualidad de San Vicente","author":"Francisco Javier Fern\u00e1ndez Chento","date":"29\/07\/2021","format":false,"excerpt":"Lo que antes se llamaba Asc\u00e9tica y M\u00edstica, hoy se llama com\u00fanmen\u00adte Espiritualidad. Es una palabra tra\u00edda de Francia, como tantas otras, que tambi\u00e9n han hecho fortuna, m\u00e1s por moda que por convencimiento. As\u00ed se bautizan los tratados de Historia, desde Pourrat (1926) hasta Bouyer-Vandenbroucke (1963). El recomendar tan insistentemente\u2026","rel":"","context":"En \u00abFormaci\u00f3n Vicenciana\u00bb","block_context":{"text":"Formaci\u00f3n Vicenciana","link":"https:\/\/vincentians.com\/es\/category\/formacion-vicenciana\/"},"img":{"alt_text":"","src":"https:\/\/i0.wp.com\/vincentians.com\/es\/wp-content\/uploads\/sites\/11\/2015\/02\/St_Vincent_De_Paul_-bible-1.jpg?fit=1200%2C630&ssl=1&resize=350%2C200","width":350,"height":200,"srcset":"https:\/\/i0.wp.com\/vincentians.com\/es\/wp-content\/uploads\/sites\/11\/2015\/02\/St_Vincent_De_Paul_-bible-1.jpg?fit=1200%2C630&ssl=1&resize=350%2C200 1x, https:\/\/i0.wp.com\/vincentians.com\/es\/wp-content\/uploads\/sites\/11\/2015\/02\/St_Vincent_De_Paul_-bible-1.jpg?fit=1200%2C630&ssl=1&resize=525%2C300 1.5x, https:\/\/i0.wp.com\/vincentians.com\/es\/wp-content\/uploads\/sites\/11\/2015\/02\/St_Vincent_De_Paul_-bible-1.jpg?fit=1200%2C630&ssl=1&resize=700%2C400 2x, https:\/\/i0.wp.com\/vincentians.com\/es\/wp-content\/uploads\/sites\/11\/2015\/02\/St_Vincent_De_Paul_-bible-1.jpg?fit=1200%2C630&ssl=1&resize=1050%2C600 3x"},"classes":[]},{"id":118009,"url":"https:\/\/vincentians.com\/es\/el-p-andre-dodin-habla-sobre-actualidad-de-los-estudios-vicencianos-1965\/","url_meta":{"origin":404235,"position":1},"title":"El P. Andr\u00e9 Dodin habla sobre \u00abactualidad de los estudios vicencianos\u00bb (1965)","author":"Francisco Javier Fern\u00e1ndez Chento","date":"23\/08\/2021","format":false,"excerpt":"Del 10 al 13 de marzo el P. A. Dodin, de nuestra Casa de Pa\u00adr\u00eds, acompa\u00f1ado del P. Buhigas, de nuestra Casa de Dax, dio en nuestro Seminario de Salamanca un cursillo de cinco conferen\u00adcias sobre la persona, obra y espiritualidad de San Vicente y so\u00adbre la imagen que de\u2026","rel":"","context":"En \u00abFormaci\u00f3n Vicenciana\u00bb","block_context":{"text":"Formaci\u00f3n Vicenciana","link":"https:\/\/vincentians.com\/es\/category\/formacion-vicenciana\/"},"img":{"alt_text":"","src":"https:\/\/i0.wp.com\/vincentians.com\/es\/wp-content\/uploads\/sites\/11\/2019\/11\/hijas-caridaqd.jpg?fit=1200%2C675&ssl=1&resize=350%2C200","width":350,"height":200,"srcset":"https:\/\/i0.wp.com\/vincentians.com\/es\/wp-content\/uploads\/sites\/11\/2019\/11\/hijas-caridaqd.jpg?fit=1200%2C675&ssl=1&resize=350%2C200 1x, https:\/\/i0.wp.com\/vincentians.com\/es\/wp-content\/uploads\/sites\/11\/2019\/11\/hijas-caridaqd.jpg?fit=1200%2C675&ssl=1&resize=525%2C300 1.5x, https:\/\/i0.wp.com\/vincentians.com\/es\/wp-content\/uploads\/sites\/11\/2019\/11\/hijas-caridaqd.jpg?fit=1200%2C675&ssl=1&resize=700%2C400 2x, https:\/\/i0.wp.com\/vincentians.com\/es\/wp-content\/uploads\/sites\/11\/2019\/11\/hijas-caridaqd.jpg?fit=1200%2C675&ssl=1&resize=1050%2C600 3x"},"classes":[]},{"id":398641,"url":"https:\/\/vincentians.com\/es\/aportacion-del-carisma-vicenciano-la-mision-la-iglesia-4\/","url_meta":{"origin":404235,"position":2},"title":"Aportaci\u00f3n del carisma vicenciano a la Misi\u00f3n de la Iglesia (4)","author":"Francisco Javier Fern\u00e1ndez Chento","date":"07\/08\/2016","format":false,"excerpt":"4.- La salvaci\u00f3n de los pobres en el centro de la Misi\u00f3n de la Iglesia. San Vicente de Pa\u00fal y Santa Luisa de Marillac compartieron la misma experiencia: los pobres son los miembros de Cristo y, por tanto, de la Iglesia. En la Iglesia, Cuerpo de Cristo, los pobres ocupan\u2026","rel":"","context":"En \u00abFormaci\u00f3n Vicenciana\u00bb","block_context":{"text":"Formaci\u00f3n Vicenciana","link":"https:\/\/vincentians.com\/es\/category\/formacion-vicenciana\/"},"img":{"alt_text":"","src":"https:\/\/i0.wp.com\/vincentians.com\/es\/wp-content\/uploads\/sites\/11\/2016\/06\/contributions-charism.jpg?fit=1200%2C630&ssl=1&resize=350%2C200","width":350,"height":200,"srcset":"https:\/\/i0.wp.com\/vincentians.com\/es\/wp-content\/uploads\/sites\/11\/2016\/06\/contributions-charism.jpg?fit=1200%2C630&ssl=1&resize=350%2C200 1x, https:\/\/i0.wp.com\/vincentians.com\/es\/wp-content\/uploads\/sites\/11\/2016\/06\/contributions-charism.jpg?fit=1200%2C630&ssl=1&resize=525%2C300 1.5x, https:\/\/i0.wp.com\/vincentians.com\/es\/wp-content\/uploads\/sites\/11\/2016\/06\/contributions-charism.jpg?fit=1200%2C630&ssl=1&resize=700%2C400 2x, https:\/\/i0.wp.com\/vincentians.com\/es\/wp-content\/uploads\/sites\/11\/2016\/06\/contributions-charism.jpg?fit=1200%2C630&ssl=1&resize=1050%2C600 3x"},"classes":[]},{"id":125151,"url":"https:\/\/vincentians.com\/es\/servir-a-los-pobres\/","url_meta":{"origin":404235,"position":3},"title":"Servir a los pobres","author":"Francisco Javier Fern\u00e1ndez Chento","date":"30\/11\/2013","format":false,"excerpt":"Es el comienzo del siglo XVII en Francia, donde ha de actuar Vicente de Pa\u00fal, un hervidero de ideas, de pasiones religiosas y pol\u00edticas, de ensayos doctrinales y organizados. El cardenal B\u00e9rulle introduce en Francia las carmelitas, funda la Congregaci\u00f3n del Oratorio para formar una selecci\u00f3n de sacerdotes, y \"naturaliza\"\u2026","rel":"","context":"En \u00abFormaci\u00f3n Vicenciana\u00bb","block_context":{"text":"Formaci\u00f3n Vicenciana","link":"https:\/\/vincentians.com\/es\/category\/formacion-vicenciana\/"},"img":{"alt_text":"SANV","src":"https:\/\/i0.wp.com\/vicencianos.org\/wp-content\/2013\/11\/SANV.jpg?resize=350%2C200","width":350,"height":200},"classes":[]},{"id":399992,"url":"https:\/\/vincentians.com\/es\/carisma-vicenciano-la-nueva-evangelizacion-algunas-claves-vicencianas-la-evangelizacion-actual\/","url_meta":{"origin":404235,"position":4},"title":"El Carisma Vicenciano y la Nueva Evangelizaci\u00f3n: algunas claves vicencianas para la evangelizaci\u00f3n actual","author":"Francisco Javier Fern\u00e1ndez Chento","date":"16\/09\/2016","format":false,"excerpt":"Punto de partida: Confrontaci\u00f3n entre el Ser y el Quehacer Con frecuencia, en nuestros encuentros, convivencias, reuniones, asambleas... nos planteamos dos cuestiones relativas al ser y al quehacer vicencianos. Partimos de dos percepciones: por un lado, todos estamos de acuerdo en que el carisma, el ser, la identidad, el sello\u2026","rel":"","context":"En \u00abFormaci\u00f3n Vicenciana\u00bb","block_context":{"text":"Formaci\u00f3n Vicenciana","link":"https:\/\/vincentians.com\/es\/category\/formacion-vicenciana\/"},"img":{"alt_text":"","src":"https:\/\/i0.wp.com\/vincentians.com\/es\/wp-content\/uploads\/sites\/11\/2016\/09\/enviados-evangelizar-pobres.jpg?fit=1200%2C630&ssl=1&resize=350%2C200","width":350,"height":200,"srcset":"https:\/\/i0.wp.com\/vincentians.com\/es\/wp-content\/uploads\/sites\/11\/2016\/09\/enviados-evangelizar-pobres.jpg?fit=1200%2C630&ssl=1&resize=350%2C200 1x, https:\/\/i0.wp.com\/vincentians.com\/es\/wp-content\/uploads\/sites\/11\/2016\/09\/enviados-evangelizar-pobres.jpg?fit=1200%2C630&ssl=1&resize=525%2C300 1.5x, https:\/\/i0.wp.com\/vincentians.com\/es\/wp-content\/uploads\/sites\/11\/2016\/09\/enviados-evangelizar-pobres.jpg?fit=1200%2C630&ssl=1&resize=700%2C400 2x, https:\/\/i0.wp.com\/vincentians.com\/es\/wp-content\/uploads\/sites\/11\/2016\/09\/enviados-evangelizar-pobres.jpg?fit=1200%2C630&ssl=1&resize=1050%2C600 3x"},"classes":[]},{"id":116979,"url":"https:\/\/vincentians.com\/es\/espiritualidad-vicenciana-y-renovacion-conciliar\/","url_meta":{"origin":404235,"position":5},"title":"Espiritualidad vicenciana y renovaci\u00f3n conciliar","author":"Francisco Javier Fern\u00e1ndez Chento","date":"19\/03\/2015","format":false,"excerpt":"En la Iglesia posconciliar se necesita un estudio s\u00f3lido y diverso de la espiritualidad cristiana b\u00e1sica y de las \"espiritualidades\" que han aplicado la Espiritualidad evang\u00e9lica a distintas situa\u00adciones hist\u00f3ricas y a familias religiosas y apost\u00f3licas, para reali\u00adzar la \"adecuada renovaci\u00f3n\" de estas espiritualidades a la au\u00adt\u00e9ntica espiritualidad Cristoc\u00e9ntrica y\u2026","rel":"","context":"En \u00abEspiritualidad vicenciana\u00bb","block_context":{"text":"Espiritualidad vicenciana","link":"https:\/\/vincentians.com\/es\/category\/espiritualidad\/espiritualidad-vicenciana\/"},"img":{"alt_text":"concilio1","src":"https:\/\/i0.wp.com\/vicencianos.org\/wp-content\/2013\/01\/concilio1-300x113.jpg?resize=350%2C200","width":350,"height":200},"classes":[]}],"_links":{"self":[{"href":"https:\/\/vincentians.com\/es\/wp-json\/wp\/v2\/posts\/404235","targetHints":{"allow":["GET"]}}],"collection":[{"href":"https:\/\/vincentians.com\/es\/wp-json\/wp\/v2\/posts"}],"about":[{"href":"https:\/\/vincentians.com\/es\/wp-json\/wp\/v2\/types\/post"}],"author":[{"embeddable":true,"href":"https:\/\/vincentians.com\/es\/wp-json\/wp\/v2\/users\/5"}],"replies":[{"embeddable":true,"href":"https:\/\/vincentians.com\/es\/wp-json\/wp\/v2\/comments?post=404235"}],"version-history":[{"count":1,"href":"https:\/\/vincentians.com\/es\/wp-json\/wp\/v2\/posts\/404235\/revisions"}],"predecessor-version":[{"id":404236,"href":"https:\/\/vincentians.com\/es\/wp-json\/wp\/v2\/posts\/404235\/revisions\/404236"}],"wp:featuredmedia":[{"embeddable":true,"href":"https:\/\/vincentians.com\/es\/wp-json\/wp\/v2\/media\/404161"}],"wp:attachment":[{"href":"https:\/\/vincentians.com\/es\/wp-json\/wp\/v2\/media?parent=404235"}],"wp:term":[{"taxonomy":"category","embeddable":true,"href":"https:\/\/vincentians.com\/es\/wp-json\/wp\/v2\/categories?post=404235"},{"taxonomy":"post_tag","embeddable":true,"href":"https:\/\/vincentians.com\/es\/wp-json\/wp\/v2\/tags?post=404235"}],"curies":[{"name":"wp","href":"https:\/\/api.w.org\/{rel}","templated":true}]}}