{"id":403534,"date":"2021-05-15T17:45:38","date_gmt":"2021-05-15T15:45:38","guid":{"rendered":"http:\/\/vincentians.com\/es\/?p=403534"},"modified":"2021-05-15T17:43:47","modified_gmt":"2021-05-15T15:43:47","slug":"la-cofradia-de-la-caridad-i","status":"publish","type":"post","link":"https:\/\/vincentians.com\/es\/la-cofradia-de-la-caridad-i\/","title":{"rendered":"LA COFRAD\u00cdA DE LA CARIDAD (I)"},"content":{"rendered":"<ol>\n<li>BREVE HISTORIA DE LAS COFRAD\u00cdAS<\/li>\n<\/ol>\n<p>Desde los primeros siglos del cristianismo las cofrad\u00edas han servido de marco para la pr\u00e1ctica religiosa. La Edad Media cono\u00adci\u00f3 principalmente las cofrad\u00edas gremiales, que persisten en el siglo XVII. Cada profesi\u00f3n rinde culto a su patr\u00f3n y, en conse\u00adcuencia, posee una capilla o un altar en la iglesia parroquial o conventual. Las cofrad\u00edas, que son normalmente el doble de los gremios, funcionan como sociedades de socorros mutuos, tanto en el plano temporal como en plano espiritual.<\/p>\n<p>Celebran la fiesta patronal, con una misa solemne, seguida de una procesi\u00f3n y un banquete. Organizan con la m\u00e1xima pompa los funerales de sus miembros y procuran decir misas por el des\u00adcanso eterno de sus propios difuntos. Socorren a los cofrades enfermos y en necesidad.<\/p>\n<p>Los recursos proceden de las cotizaciones de los miembros de la cofrad\u00eda, por los derechos de entrada de los aprendices o los compa\u00f1eros promovidos a la maestr\u00eda, de las ofrendas y de las multas sancionando las infracciones.<\/p>\n<p>El fen\u00f3meno de la multiplicaci\u00f3n de las cofrad\u00edas es estudiado por Jean Delumeau<sup>1<\/sup> sobre todo en el cap\u00edtulo VI de su obra dedi\u00adcado al \u00abculto de los santos y sociabilidad\u00bb. Hace una descrip\u00adci\u00f3n amplia de la multiplicaci\u00f3n de las cofrad\u00edas en los siglos XV, XVI y XVII en Occidente. No menciona nunca a las cofrad\u00edas vicencianas, lo cual no deja de ser extra\u00f1o, como as\u00ed lo afirma la misma Alexandrette Buguelli. Afirma que la extensi\u00f3n y multi\u00adplicaci\u00f3n de las cofrad\u00edas obedece a un fen\u00f3meno a la vez aso\u00adciativo y religioso, pero no puede perderse de vista tambi\u00e9n la b\u00fasqueda de seguridad frente a la inseguridad que proporcionan las enfermedades, las pestes, las hambrunas, las guerras, o el futuro, tanto temporal como despu\u00e9s de la muerte.<\/p>\n<p>Juegan un papel importante tanto en la vida social como en la religiosa de las ciudades y contribuyen, a pesar de sus aspectos mundanos, como banquetes y cortejos, al enraizamiento de la fe cat\u00f3lica. Rara era la parroquia que no ten\u00eda una o varias cofrad\u00edas.<\/p>\n<p>Precisamente contra esos excesos mundanos luch\u00f3 la Iglesia, como afirma J. Delumeau: \u00abLa Iglesia tridentina ha luchado contra las estructuras antiguas de solidaridad, en la medida que en que se les escapaba en parte de sus manos. Se constata en Francia, durante los \u00faltimos siglos del Antiguo R\u00e9gimen, un movimiento hostil a los \u00abreinados\u00bb, que la c\u00e9lebre Compa\u00f1\u00eda del Sant\u00edsimo Sacramento hubiera deseado abolir por todas par\u00adtes. Se llamaba \u00abreinado\u00bb, o \u00abreino\u00bb, a la puesta en marcha de la puja anual de los t\u00edtulos (rey, reina, mayordomo, etc) por el p\u00e1rroco. Estos dignatarios eran los encargados de organizar las fiestas patronales, las procesiones, o las representaciones de misterios, etc\u00bb.<\/p>\n<p>En 1581 el concilio provincial de Rouen se queja en estos t\u00e9rminos: \u00abAunque nacieron de la piedad y de la devoci\u00f3n, las cofrad\u00edas y asociaciones de caridad y otras ahogan y desfiguran la religi\u00f3n en la Iglesia, malgastan sus bienes y enga\u00f1an a las gentes\u00bb. As\u00ed el concilio de Rouen impone el control del obispo y la subordinaci\u00f3n a los p\u00e1rrocos, proh\u00edbe los ritos en los que se concurren los oficios parroquiales \u2014agua bendita, pan bendito, sermones\u2014 condena sin paliativos los banquetes: todas esta medidas se encuentran poco m\u00e1s o menos por todas partes en aquella \u00e9poca en diferentes di\u00f3cesis de la catolicidad<u><sup>4<\/sup><\/u>.<\/p>\n<p>Para remediar muchos de estos males, en 1604 el Papa Cle\u00admente VIII public\u00f3 la constituci\u00f3n <em>Quaecunque <\/em>que trata de poner orden en la bara\u00fanda de cofrad\u00edas, porque hab\u00eda un peligro de desviaci\u00f3n doctrinal y espiritual y sobre todo para eliminar los aspectos mundanos de los que adolec\u00edan muchas de ellas. En teor\u00eda solamente las cofrad\u00edas aprobadas por el obispo ten\u00edan derecho de ciudadan\u00eda. Pero no siempre la vigilancia de los obis\u00adpos era eficaz.<\/p>\n<p>Los rasgos m\u00e1s caracter\u00edsticos de las cofrad\u00edas son los siguientes: Se manten\u00edan de las cotizaciones de sus miembros y de la generosidad de los fieles. Todas ten\u00edan un reglamento en los cuales se se\u00f1ala los ejercicios piadosos que se deb\u00edan realizar, y la pr\u00e1ctica de los sacramentos de la penitencia y de la eucarist\u00eda. Todas tienen un patr\u00f3n que celebran con toda solemnidad<\/p>\n<p>Quien las dirige es el clero parroquial y el regular, como los dominicos, capuchinos, carmelitas, jesuitas. La mayor parte de ellas son cofrad\u00edas de piedad: celebran el culto y trabajan por la santificaci\u00f3n de cada uno de sus miembros.<\/p>\n<p>El Diccionario de Gran Siglo, en la palabra <em>Confrerie, <\/em>divide las cofrad\u00edas del siglo XVII en varias categor\u00edas:<\/p>\n<ol>\n<li>Aquellas que siguen todav\u00eda un modelo medieval y tienen una finalidad pr\u00e1ctica. Son las cofrad\u00edas de San Roque y San Sebasti\u00e1n que protegen a sus miembros de las epidemias. Conocieron una gran difusi\u00f3n en la guerra de los treinta a\u00f1os (1618-1648).<\/li>\n<li>Las cofrad\u00edas de San Jos\u00e9, padre nutricio de Cristo y patr\u00f3n de la buena muerte. Su florecimiento tuvo lugar hacia la mitad del siglo XVII y fueron promovidas princi\u00adpalmente por carmelitas y oratorianos.<\/li>\n<li>Las cofrad\u00edas de San Crist\u00f3bal, que preservaban de la muerte repentina.<\/li>\n<li>Hay otro tipo de cofrad\u00edas orientadas a la devoci\u00f3n de la Virgen y a dignificar su culto como las cofrad\u00edas del Rosa\u00adrio (Dominicos), las cofrad\u00edas de la Asunci\u00f3n, etc.<\/li>\n<li>Una de las m\u00e1s significativas fue la cofrad\u00eda o Compa\u00f1\u00eda del Sant\u00edsimo Sacramento, a la que perteneci\u00f3 san Vicen\u00adte de Pa\u00fal, fundada en 1630 por el duque de Ventadour, Henri de L\u00e9vis. Desapareci\u00f3 en 1666. Fue una de las m\u00e1s influyentes. Trat\u00f3 de reformar la iglesia de Francia, las costumbres, el clero, las congregaciones religiosas, etc. Ten\u00eda un car\u00e1cter muy conservador y puritano que choc\u00f3 fuertemente con aquella sociedad.<\/li>\n<li>Por lo dem\u00e1s hubo cofrad\u00edas de piedad, de caridad, de penitentes.<\/li>\n<\/ol>\n<p>En conclusi\u00f3n dice Michel Pernot: \u00abLa reforma cat\u00f3lica del siglo XVII, echando las ra\u00edces de su acci\u00f3n en el viejo tronco de las devociones medievales, ha tejido en la superficie del reino una red cerrada de cofrad\u00edas que han constituido las c\u00e9lulas de base de la sociedad cristiana querida por los padres de Trento y el lugar privilegiado de las devociones colectivas\u00bb.<\/p>\n<p>Alexandrette Buguelli afirma: \u00abDesde el fin de la Edad Media su gran n\u00famero contribu\u00eda a crear redes de solidaridad, que se hac\u00eda cada vez m\u00e1s necesarias ante las hambrunas, las enferme\u00addades y las guerras. La reforma tridentina favoreci\u00f3 su desarrollo.<\/p>\n<p>Las cofrad\u00edas de penitentes de todos los colores fueron extrema\u00addamente numerosas, los Blancos y los Negros predominan en el Midi. Se dedican al servicio de los prisioneros, de los esclavos de Berber\u00eda, de los hospitales, de los pobres. De este modo las cofrad\u00edas del Rosario (fundadas por los dominicos en Alsacia) y las del Sant\u00edsimo Sacramento, se extendieron en toda Francia. Las cofrad\u00edas reagrupan a todas las capas de la sociedad, y las mujeres no estaban ausentes de ellas. En Lille, entre 1635 y 1645, dos mil novecientas treinta y cinco personas se registraron en la cofrad\u00eda del Sant\u00edsimo Sacramento, de las que mil nove\u00adcientas noventa y siete eran mujeres y noventa y siete j\u00f3venes no casadas<sup>6<\/sup>.<\/p>\n<p>Jos\u00e9 Manuel S\u00e1nchez Mallo<\/p>\n<p>CEME, 2008<\/p>\n<p><u>\u00a0<\/u><\/p>\n<p>&nbsp;<\/p>\n<p>&nbsp;<\/p>\n<p>&nbsp;<\/p>\n<p>&nbsp;<\/p>\n<p>&nbsp;<\/p>\n<p>&nbsp;<\/p>\n<p>&nbsp;<\/p>\n<p>&nbsp;<\/p>\n<p>&nbsp;<\/p>\n<p>&nbsp;<\/p>\n<p>&nbsp;<\/p>\n<p>&nbsp;<\/p>\n<p>&nbsp;<\/p>\n<p>&nbsp;<\/p>\n","protected":false},"excerpt":{"rendered":"<p>BREVE HISTORIA DE LAS COFRAD\u00cdAS Desde los primeros siglos del cristianismo las cofrad\u00edas han servido de marco para la pr\u00e1ctica religiosa. La Edad Media cono\u00adci\u00f3 principalmente las cofrad\u00edas gremiales, que persisten en el siglo XVII. &#8230; <a href=\"https:\/\/vincentians.com\/es\/la-cofradia-de-la-caridad-i\/\" class=\"more-link\">Read More<\/a><\/p>\n","protected":false},"author":5,"featured_media":399748,"comment_status":"open","ping_status":"open","sticky":false,"template":"","format":"standard","meta":{"jetpack_post_was_ever_published":false,"_jetpack_newsletter_access":"","_jetpack_dont_email_post_to_subs":false,"_jetpack_newsletter_tier_id":0,"_jetpack_memberships_contains_paywalled_content":false,"_jetpack_memberships_contains_paid_content":false,"footnotes":"","jetpack_publicize_message":"","jetpack_publicize_feature_enabled":true,"jetpack_social_post_already_shared":true,"jetpack_social_options":{"image_generator_settings":{"template":"highway","default_image_id":0,"font":"","enabled":false},"version":2}},"categories":[307],"tags":[],"class_list":["post-403534","post","type-post","status-publish","format-standard","has-post-thumbnail","hentry","category-formacion-vicenciana-sin-categorizar"],"yoast_head":"<!-- This site is optimized with the Yoast SEO plugin v26.3 - https:\/\/yoast.com\/wordpress\/plugins\/seo\/ -->\n<title>LA COFRAD\u00cdA DE LA CARIDAD (I) - Somos Vicencianos<\/title>\n<meta name=\"robots\" content=\"index, follow, max-snippet:-1, max-image-preview:large, max-video-preview:-1\" \/>\n<link rel=\"canonical\" href=\"https:\/\/vincentians.com\/es\/la-cofradia-de-la-caridad-i\/\" \/>\n<meta property=\"og:locale\" content=\"es_ES\" \/>\n<meta property=\"og:type\" content=\"article\" \/>\n<meta property=\"og:title\" content=\"LA COFRAD\u00cdA DE LA CARIDAD (I) - Somos Vicencianos\" \/>\n<meta property=\"og:description\" content=\"BREVE HISTORIA DE LAS COFRAD\u00cdAS Desde los primeros siglos del cristianismo las cofrad\u00edas han servido de marco para la pr\u00e1ctica religiosa. La Edad Media cono\u00adci\u00f3 principalmente las cofrad\u00edas gremiales, que persisten en el siglo XVII. ... Read More\" \/>\n<meta property=\"og:url\" content=\"https:\/\/vincentians.com\/es\/la-cofradia-de-la-caridad-i\/\" \/>\n<meta property=\"og:site_name\" content=\"Somos Vicencianos\" \/>\n<meta property=\"article:publisher\" content=\"https:\/\/www.facebook.com\/WeAreVincentians\/\" \/>\n<meta property=\"article:published_time\" content=\"2021-05-15T15:45:38+00:00\" \/>\n<meta property=\"og:image\" content=\"https:\/\/i0.wp.com\/vincentians.com\/es\/wp-content\/uploads\/sites\/11\/2016\/08\/con-damas-de-la-caridad.jpg?fit=1200%2C630&ssl=1\" \/>\n\t<meta property=\"og:image:width\" content=\"1200\" \/>\n\t<meta property=\"og:image:height\" content=\"630\" \/>\n\t<meta property=\"og:image:type\" content=\"image\/jpeg\" \/>\n<meta name=\"author\" content=\"Mitxel Olabu\u00e9naga\" \/>\n<meta name=\"twitter:card\" content=\"summary_large_image\" \/>\n<meta name=\"twitter:creator\" content=\"@WeVincentians\" \/>\n<meta name=\"twitter:site\" content=\"@WeVincentians\" \/>\n<meta name=\"twitter:label1\" content=\"Escrito por\" \/>\n\t<meta name=\"twitter:data1\" content=\"Mitxel Olabu\u00e9naga\" \/>\n\t<meta name=\"twitter:label2\" content=\"Tiempo de lectura\" \/>\n\t<meta name=\"twitter:data2\" content=\"6 minutos\" \/>\n<script type=\"application\/ld+json\" class=\"yoast-schema-graph\">{\"@context\":\"https:\/\/schema.org\",\"@graph\":[{\"@type\":\"Article\",\"@id\":\"https:\/\/vincentians.com\/es\/la-cofradia-de-la-caridad-i\/#article\",\"isPartOf\":{\"@id\":\"https:\/\/vincentians.com\/es\/la-cofradia-de-la-caridad-i\/\"},\"author\":{\"name\":\"Mitxel Olabu\u00e9naga\",\"@id\":\"http:\/\/vincentians.com\/es\/#\/schema\/person\/7c2670b4445a7ca9d164ea6acdb31859\"},\"headline\":\"LA COFRAD\u00cdA DE LA CARIDAD (I)\",\"datePublished\":\"2021-05-15T15:45:38+00:00\",\"mainEntityOfPage\":{\"@id\":\"https:\/\/vincentians.com\/es\/la-cofradia-de-la-caridad-i\/\"},\"wordCount\":1304,\"commentCount\":0,\"publisher\":{\"@id\":\"http:\/\/vincentians.com\/es\/#organization\"},\"image\":{\"@id\":\"https:\/\/vincentians.com\/es\/la-cofradia-de-la-caridad-i\/#primaryimage\"},\"thumbnailUrl\":\"https:\/\/i0.wp.com\/vincentians.com\/es\/wp-content\/uploads\/sites\/11\/2016\/08\/con-damas-de-la-caridad.jpg?fit=1200%2C630&ssl=1\",\"articleSection\":[\"Formaci\u00f3n Vicenciana sin categorizar\"],\"inLanguage\":\"es\",\"potentialAction\":[{\"@type\":\"CommentAction\",\"name\":\"Comment\",\"target\":[\"https:\/\/vincentians.com\/es\/la-cofradia-de-la-caridad-i\/#respond\"]}]},{\"@type\":\"WebPage\",\"@id\":\"https:\/\/vincentians.com\/es\/la-cofradia-de-la-caridad-i\/\",\"url\":\"https:\/\/vincentians.com\/es\/la-cofradia-de-la-caridad-i\/\",\"name\":\"LA COFRAD\u00cdA DE LA CARIDAD (I) - Somos Vicencianos\",\"isPartOf\":{\"@id\":\"http:\/\/vincentians.com\/es\/#website\"},\"primaryImageOfPage\":{\"@id\":\"https:\/\/vincentians.com\/es\/la-cofradia-de-la-caridad-i\/#primaryimage\"},\"image\":{\"@id\":\"https:\/\/vincentians.com\/es\/la-cofradia-de-la-caridad-i\/#primaryimage\"},\"thumbnailUrl\":\"https:\/\/i0.wp.com\/vincentians.com\/es\/wp-content\/uploads\/sites\/11\/2016\/08\/con-damas-de-la-caridad.jpg?fit=1200%2C630&ssl=1\",\"datePublished\":\"2021-05-15T15:45:38+00:00\",\"breadcrumb\":{\"@id\":\"https:\/\/vincentians.com\/es\/la-cofradia-de-la-caridad-i\/#breadcrumb\"},\"inLanguage\":\"es\",\"potentialAction\":[{\"@type\":\"ReadAction\",\"target\":[\"https:\/\/vincentians.com\/es\/la-cofradia-de-la-caridad-i\/\"]}]},{\"@type\":\"ImageObject\",\"inLanguage\":\"es\",\"@id\":\"https:\/\/vincentians.com\/es\/la-cofradia-de-la-caridad-i\/#primaryimage\",\"url\":\"https:\/\/i0.wp.com\/vincentians.com\/es\/wp-content\/uploads\/sites\/11\/2016\/08\/con-damas-de-la-caridad.jpg?fit=1200%2C630&ssl=1\",\"contentUrl\":\"https:\/\/i0.wp.com\/vincentians.com\/es\/wp-content\/uploads\/sites\/11\/2016\/08\/con-damas-de-la-caridad.jpg?fit=1200%2C630&ssl=1\",\"width\":1200,\"height\":630},{\"@type\":\"BreadcrumbList\",\"@id\":\"https:\/\/vincentians.com\/es\/la-cofradia-de-la-caridad-i\/#breadcrumb\",\"itemListElement\":[{\"@type\":\"ListItem\",\"position\":1,\"name\":\"Portada\",\"item\":\"http:\/\/vincentians.com\/es\/\"},{\"@type\":\"ListItem\",\"position\":2,\"name\":\"LA COFRAD\u00cdA DE LA CARIDAD (I)\"}]},{\"@type\":\"WebSite\",\"@id\":\"http:\/\/vincentians.com\/es\/#website\",\"url\":\"http:\/\/vincentians.com\/es\/\",\"name\":\"Somos Vicencianos\",\"description\":\"Know more to serve more\",\"publisher\":{\"@id\":\"http:\/\/vincentians.com\/es\/#organization\"},\"potentialAction\":[{\"@type\":\"SearchAction\",\"target\":{\"@type\":\"EntryPoint\",\"urlTemplate\":\"http:\/\/vincentians.com\/es\/?s={search_term_string}\"},\"query-input\":{\"@type\":\"PropertyValueSpecification\",\"valueRequired\":true,\"valueName\":\"search_term_string\"}}],\"inLanguage\":\"es\"},{\"@type\":\"Organization\",\"@id\":\"http:\/\/vincentians.com\/es\/#organization\",\"name\":\"The Vincentian Network\",\"url\":\"http:\/\/vincentians.com\/es\/\",\"logo\":{\"@type\":\"ImageObject\",\"inLanguage\":\"es\",\"@id\":\"http:\/\/vincentians.com\/es\/#\/schema\/logo\/image\/\",\"url\":\"https:\/\/i1.wp.com\/vincentians.com\/es\/wp-content\/uploads\/sites\/11\/2016\/06\/Vincentian-Network-logo-big.png?fit=778%2C778\",\"contentUrl\":\"https:\/\/i1.wp.com\/vincentians.com\/es\/wp-content\/uploads\/sites\/11\/2016\/06\/Vincentian-Network-logo-big.png?fit=778%2C778\",\"width\":778,\"height\":778,\"caption\":\"The Vincentian Network\"},\"image\":{\"@id\":\"http:\/\/vincentians.com\/es\/#\/schema\/logo\/image\/\"},\"sameAs\":[\"https:\/\/www.facebook.com\/WeAreVincentians\/\",\"https:\/\/x.com\/WeVincentians\"]},{\"@type\":\"Person\",\"@id\":\"http:\/\/vincentians.com\/es\/#\/schema\/person\/7c2670b4445a7ca9d164ea6acdb31859\",\"name\":\"Mitxel Olabu\u00e9naga\",\"image\":{\"@type\":\"ImageObject\",\"inLanguage\":\"es\",\"@id\":\"http:\/\/vincentians.com\/es\/#\/schema\/person\/image\/\",\"url\":\"https:\/\/secure.gravatar.com\/avatar\/34137ec2e2b8939cbbed975731e71f3f4f1defc7266ded337a5ce0f925426877?s=96&d=mm&r=g\",\"contentUrl\":\"https:\/\/secure.gravatar.com\/avatar\/34137ec2e2b8939cbbed975731e71f3f4f1defc7266ded337a5ce0f925426877?s=96&d=mm&r=g\",\"caption\":\"Mitxel Olabu\u00e9naga\"},\"url\":\"https:\/\/vincentians.com\/es\/author\/mitxel\/\"}]}<\/script>\n<!-- \/ Yoast SEO plugin. -->","yoast_head_json":{"title":"LA COFRAD\u00cdA DE LA CARIDAD (I) - Somos Vicencianos","robots":{"index":"index","follow":"follow","max-snippet":"max-snippet:-1","max-image-preview":"max-image-preview:large","max-video-preview":"max-video-preview:-1"},"canonical":"https:\/\/vincentians.com\/es\/la-cofradia-de-la-caridad-i\/","og_locale":"es_ES","og_type":"article","og_title":"LA COFRAD\u00cdA DE LA CARIDAD (I) - Somos Vicencianos","og_description":"BREVE HISTORIA DE LAS COFRAD\u00cdAS Desde los primeros siglos del cristianismo las cofrad\u00edas han servido de marco para la pr\u00e1ctica religiosa. La Edad Media cono\u00adci\u00f3 principalmente las cofrad\u00edas gremiales, que persisten en el siglo XVII. ... Read More","og_url":"https:\/\/vincentians.com\/es\/la-cofradia-de-la-caridad-i\/","og_site_name":"Somos Vicencianos","article_publisher":"https:\/\/www.facebook.com\/WeAreVincentians\/","article_published_time":"2021-05-15T15:45:38+00:00","og_image":[{"width":1200,"height":630,"url":"https:\/\/i0.wp.com\/vincentians.com\/es\/wp-content\/uploads\/sites\/11\/2016\/08\/con-damas-de-la-caridad.jpg?fit=1200%2C630&ssl=1","type":"image\/jpeg"}],"author":"Mitxel Olabu\u00e9naga","twitter_card":"summary_large_image","twitter_creator":"@WeVincentians","twitter_site":"@WeVincentians","twitter_misc":{"Escrito por":"Mitxel Olabu\u00e9naga","Tiempo de lectura":"6 minutos"},"schema":{"@context":"https:\/\/schema.org","@graph":[{"@type":"Article","@id":"https:\/\/vincentians.com\/es\/la-cofradia-de-la-caridad-i\/#article","isPartOf":{"@id":"https:\/\/vincentians.com\/es\/la-cofradia-de-la-caridad-i\/"},"author":{"name":"Mitxel Olabu\u00e9naga","@id":"http:\/\/vincentians.com\/es\/#\/schema\/person\/7c2670b4445a7ca9d164ea6acdb31859"},"headline":"LA COFRAD\u00cdA DE LA CARIDAD (I)","datePublished":"2021-05-15T15:45:38+00:00","mainEntityOfPage":{"@id":"https:\/\/vincentians.com\/es\/la-cofradia-de-la-caridad-i\/"},"wordCount":1304,"commentCount":0,"publisher":{"@id":"http:\/\/vincentians.com\/es\/#organization"},"image":{"@id":"https:\/\/vincentians.com\/es\/la-cofradia-de-la-caridad-i\/#primaryimage"},"thumbnailUrl":"https:\/\/i0.wp.com\/vincentians.com\/es\/wp-content\/uploads\/sites\/11\/2016\/08\/con-damas-de-la-caridad.jpg?fit=1200%2C630&ssl=1","articleSection":["Formaci\u00f3n Vicenciana sin categorizar"],"inLanguage":"es","potentialAction":[{"@type":"CommentAction","name":"Comment","target":["https:\/\/vincentians.com\/es\/la-cofradia-de-la-caridad-i\/#respond"]}]},{"@type":"WebPage","@id":"https:\/\/vincentians.com\/es\/la-cofradia-de-la-caridad-i\/","url":"https:\/\/vincentians.com\/es\/la-cofradia-de-la-caridad-i\/","name":"LA COFRAD\u00cdA DE LA CARIDAD (I) - Somos Vicencianos","isPartOf":{"@id":"http:\/\/vincentians.com\/es\/#website"},"primaryImageOfPage":{"@id":"https:\/\/vincentians.com\/es\/la-cofradia-de-la-caridad-i\/#primaryimage"},"image":{"@id":"https:\/\/vincentians.com\/es\/la-cofradia-de-la-caridad-i\/#primaryimage"},"thumbnailUrl":"https:\/\/i0.wp.com\/vincentians.com\/es\/wp-content\/uploads\/sites\/11\/2016\/08\/con-damas-de-la-caridad.jpg?fit=1200%2C630&ssl=1","datePublished":"2021-05-15T15:45:38+00:00","breadcrumb":{"@id":"https:\/\/vincentians.com\/es\/la-cofradia-de-la-caridad-i\/#breadcrumb"},"inLanguage":"es","potentialAction":[{"@type":"ReadAction","target":["https:\/\/vincentians.com\/es\/la-cofradia-de-la-caridad-i\/"]}]},{"@type":"ImageObject","inLanguage":"es","@id":"https:\/\/vincentians.com\/es\/la-cofradia-de-la-caridad-i\/#primaryimage","url":"https:\/\/i0.wp.com\/vincentians.com\/es\/wp-content\/uploads\/sites\/11\/2016\/08\/con-damas-de-la-caridad.jpg?fit=1200%2C630&ssl=1","contentUrl":"https:\/\/i0.wp.com\/vincentians.com\/es\/wp-content\/uploads\/sites\/11\/2016\/08\/con-damas-de-la-caridad.jpg?fit=1200%2C630&ssl=1","width":1200,"height":630},{"@type":"BreadcrumbList","@id":"https:\/\/vincentians.com\/es\/la-cofradia-de-la-caridad-i\/#breadcrumb","itemListElement":[{"@type":"ListItem","position":1,"name":"Portada","item":"http:\/\/vincentians.com\/es\/"},{"@type":"ListItem","position":2,"name":"LA COFRAD\u00cdA DE LA CARIDAD (I)"}]},{"@type":"WebSite","@id":"http:\/\/vincentians.com\/es\/#website","url":"http:\/\/vincentians.com\/es\/","name":"Somos Vicencianos","description":"Know more to serve more","publisher":{"@id":"http:\/\/vincentians.com\/es\/#organization"},"potentialAction":[{"@type":"SearchAction","target":{"@type":"EntryPoint","urlTemplate":"http:\/\/vincentians.com\/es\/?s={search_term_string}"},"query-input":{"@type":"PropertyValueSpecification","valueRequired":true,"valueName":"search_term_string"}}],"inLanguage":"es"},{"@type":"Organization","@id":"http:\/\/vincentians.com\/es\/#organization","name":"The Vincentian Network","url":"http:\/\/vincentians.com\/es\/","logo":{"@type":"ImageObject","inLanguage":"es","@id":"http:\/\/vincentians.com\/es\/#\/schema\/logo\/image\/","url":"https:\/\/i1.wp.com\/vincentians.com\/es\/wp-content\/uploads\/sites\/11\/2016\/06\/Vincentian-Network-logo-big.png?fit=778%2C778","contentUrl":"https:\/\/i1.wp.com\/vincentians.com\/es\/wp-content\/uploads\/sites\/11\/2016\/06\/Vincentian-Network-logo-big.png?fit=778%2C778","width":778,"height":778,"caption":"The Vincentian Network"},"image":{"@id":"http:\/\/vincentians.com\/es\/#\/schema\/logo\/image\/"},"sameAs":["https:\/\/www.facebook.com\/WeAreVincentians\/","https:\/\/x.com\/WeVincentians"]},{"@type":"Person","@id":"http:\/\/vincentians.com\/es\/#\/schema\/person\/7c2670b4445a7ca9d164ea6acdb31859","name":"Mitxel Olabu\u00e9naga","image":{"@type":"ImageObject","inLanguage":"es","@id":"http:\/\/vincentians.com\/es\/#\/schema\/person\/image\/","url":"https:\/\/secure.gravatar.com\/avatar\/34137ec2e2b8939cbbed975731e71f3f4f1defc7266ded337a5ce0f925426877?s=96&d=mm&r=g","contentUrl":"https:\/\/secure.gravatar.com\/avatar\/34137ec2e2b8939cbbed975731e71f3f4f1defc7266ded337a5ce0f925426877?s=96&d=mm&r=g","caption":"Mitxel Olabu\u00e9naga"},"url":"https:\/\/vincentians.com\/es\/author\/mitxel\/"}]}},"jetpack_publicize_connections":[],"jetpack_featured_media_url":"https:\/\/i0.wp.com\/vincentians.com\/es\/wp-content\/uploads\/sites\/11\/2016\/08\/con-damas-de-la-caridad.jpg?fit=1200%2C630&ssl=1","jetpack_sharing_enabled":true,"jetpack_shortlink":"https:\/\/wp.me\/p7ETMF-1GYC","jetpack-related-posts":[{"id":49581,"url":"https:\/\/vincentians.com\/es\/vida-de-san-vicente-de-paul-de-fray-juan-del-santisimo-sacramento-libro-primero-capitulo-28\/","url_meta":{"origin":403534,"position":0},"title":"Vida de San Vicente de Pa\u00fal, de Fray Juan del Sant\u00edsimo Sacramento. Libro primero, cap\u00edtulo 28","author":"Francisco Javier Fern\u00e1ndez Chento","date":"12\/09\/2011","format":false,"excerpt":"Cap\u00edtulo XXVIII: Establece Vicente la Cofrad\u00eda de la Caridad. Pasamos ahora a hablar de otra clase de obras que emprendi\u00f3 y consum\u00f3 Vicente, no menos admirables ni menos \u00fatiles a la Religi\u00f3n y a la humanidad que las referidas hasta aqu\u00ed; y si bien se considera, por ser encomendadas al\u2026","rel":"","context":"En \u00abVicente de Pa\u00fal\u00bb","block_context":{"text":"Vicente de Pa\u00fal","link":"https:\/\/vincentians.com\/es\/category\/la-familia-vicenciana\/fundadores\/vicente-de-paul\/"},"img":{"alt_text":"","src":"https:\/\/i0.wp.com\/vincentians.com\/es\/wp-content\/uploads\/sites\/11\/2016\/07\/san-vicente-de-fray-juan-del-santisimo-sacramento.jpg?fit=1200%2C630&ssl=1&resize=350%2C200","width":350,"height":200,"srcset":"https:\/\/i0.wp.com\/vincentians.com\/es\/wp-content\/uploads\/sites\/11\/2016\/07\/san-vicente-de-fray-juan-del-santisimo-sacramento.jpg?fit=1200%2C630&ssl=1&resize=350%2C200 1x, https:\/\/i0.wp.com\/vincentians.com\/es\/wp-content\/uploads\/sites\/11\/2016\/07\/san-vicente-de-fray-juan-del-santisimo-sacramento.jpg?fit=1200%2C630&ssl=1&resize=525%2C300 1.5x, https:\/\/i0.wp.com\/vincentians.com\/es\/wp-content\/uploads\/sites\/11\/2016\/07\/san-vicente-de-fray-juan-del-santisimo-sacramento.jpg?fit=1200%2C630&ssl=1&resize=700%2C400 2x, https:\/\/i0.wp.com\/vincentians.com\/es\/wp-content\/uploads\/sites\/11\/2016\/07\/san-vicente-de-fray-juan-del-santisimo-sacramento.jpg?fit=1200%2C630&ssl=1&resize=1050%2C600 3x"},"classes":[]},{"id":130263,"url":"https:\/\/vincentians.com\/es\/un-perfil-heroico-santa-luisa-de-marillac-08\/","url_meta":{"origin":403534,"position":1},"title":"Un perfil heroico: santa Luisa de Marillac (08)","author":"Francisco Javier Fern\u00e1ndez Chento","date":"02\/03\/2015","format":false,"excerpt":"CUANDO te vimos nosotros hambriento, y te dimos de comer; sediento, y te dimos de beber?... Y el rey, en respuesta, les dir\u00e1: \"En verdad os digo: siempre que lo hicisteis con alguno de \u00e9stos, mis m\u00e1s peque\u00f1os hermanos, conmigo lo hicisteis\". (Mat. 25.) Si sacias el alma afligida, el\u2026","rel":"","context":"En \u00abLuisa de Marillac\u00bb","block_context":{"text":"Luisa de Marillac","link":"https:\/\/vincentians.com\/es\/category\/la-familia-vicenciana\/fundadores\/luisa-de-marillac\/"},"img":{"alt_text":"OLYMPUS DIGITAL CAMERA","src":"https:\/\/i0.wp.com\/vicencianos.org\/wp-content\/2014\/04\/louise-marillac-300x248.jpg?resize=350%2C200","width":350,"height":200},"classes":[]},{"id":398983,"url":"https:\/\/vincentians.com\/es\/vicente-paul-carta-1341-sacerdote-la-mision-san-vicente\/","url_meta":{"origin":403534,"position":2},"title":"Vicente de Pa\u00fal, Carta 1341: Un Sacerdote de la Misi\u00f3n a San Vicente","author":"Francisco Javier Fern\u00e1ndez Chento","date":"06\/10\/2016","format":false,"excerpt":"El \u00e9xito que se ha dado en San Gil ha sido completo. Ya no hay disensiones, ni divisiones, ni procesos; los ladrones han devuelto lo que no era suyo; los pobres han sido socorridos; la cofrad\u00eda de la Caridad ha tomado el cuidado de los enfermos; la fe de los\u2026","rel":"","context":"En \u00abEscritos de Vicente de Pa\u00fal\u00bb","block_context":{"text":"Escritos de Vicente de Pa\u00fal","link":"https:\/\/vincentians.com\/es\/category\/escritos\/escritos-de-vicente-de-paul\/"},"img":{"alt_text":"","src":"https:\/\/i0.wp.com\/vincentians.com\/es\/wp-content\/uploads\/sites\/11\/2016\/07\/escritos-vicente-de-paul.jpg?fit=1200%2C630&ssl=1&resize=350%2C200","width":350,"height":200,"srcset":"https:\/\/i0.wp.com\/vincentians.com\/es\/wp-content\/uploads\/sites\/11\/2016\/07\/escritos-vicente-de-paul.jpg?fit=1200%2C630&ssl=1&resize=350%2C200 1x, https:\/\/i0.wp.com\/vincentians.com\/es\/wp-content\/uploads\/sites\/11\/2016\/07\/escritos-vicente-de-paul.jpg?fit=1200%2C630&ssl=1&resize=525%2C300 1.5x, https:\/\/i0.wp.com\/vincentians.com\/es\/wp-content\/uploads\/sites\/11\/2016\/07\/escritos-vicente-de-paul.jpg?fit=1200%2C630&ssl=1&resize=700%2C400 2x, https:\/\/i0.wp.com\/vincentians.com\/es\/wp-content\/uploads\/sites\/11\/2016\/07\/escritos-vicente-de-paul.jpg?fit=1200%2C630&ssl=1&resize=1050%2C600 3x"},"classes":[]},{"id":126011,"url":"https:\/\/vincentians.com\/es\/cultura-popular-francesa-en-los-siglos-xvii-y-xviii-08\/","url_meta":{"origin":403534,"position":3},"title":"Cultura popular francesa en los siglos XVII y XVIII (08)","author":"Francisco Javier Fern\u00e1ndez Chento","date":"10\/12\/2013","format":false,"excerpt":"C. Las devociones No m\u00e1s numerosos que las obras de doctrina, los libros de devoci\u00f3n vienen de una intenci\u00f3n com\u00fan: poner en manos de los fieles las gu\u00edas, los prontuarios de una pr\u00e1ctica m\u00e1s menos individualizada; pero son bastante diferentes unos de otros; ya, simples colecciones de oraciones dirigidas a\u2026","rel":"","context":"En \u00abEn tiempos de Vicente de Pa\u00fal\u00bb","block_context":{"text":"En tiempos de Vicente de Pa\u00fal","link":"https:\/\/vincentians.com\/es\/category\/historia-de-la-familia-vicenciana\/en-tiempos-de-vicente-de-paul\/"},"img":{"alt_text":"mendigos","src":"https:\/\/i0.wp.com\/vicencianos.org\/wp-content\/2013\/12\/mendigos.jpg?resize=350%2C200","width":350,"height":200},"classes":[]},{"id":130435,"url":"https:\/\/vincentians.com\/es\/las-viejas-caridades-vicencianas-y-las-modernas-conferencias-de-san-vicente-de-paul\/","url_meta":{"origin":403534,"position":4},"title":"Las viejas \u00abCaridades\u00bb y las modernas \u00abConferencias\u00bb","author":"Francisco Javier Fern\u00e1ndez Chento","date":"08\/05\/2014","format":false,"excerpt":"La cuna de las \"Caridades\" No muy lejos de Li\u00f3n, en las rientes y f\u00e9rtiles m\u00e1rgenes del Chalaronne, hay una peque\u00f1a poblaci\u00f3n, denominada Chatini les-Dombes, que en el a\u00f1o de gracia de 1617 acaba de adquirir en su nuevo y joven p\u00e1rroco, un gran tesoro. Tiene 36 a\u00f1os escasos. Llamase\u2026","rel":"","context":"En \u00abHistoria de la Sociedad de san Vicente de Pa\u00fal\u00bb","block_context":{"text":"Historia de la Sociedad de san Vicente de Pa\u00fal","link":"https:\/\/vincentians.com\/es\/category\/historia-de-la-familia-vicenciana\/historia-de-la-sociedad-de-san-vicente-de-paul\/"},"img":{"alt_text":"Retrato de Federico Ozanam en 1852, copia en miniatura del retrato hecho por Janmot Louis (1814-1892), hecha probablemente por el propio pintor.","src":"https:\/\/i0.wp.com\/vicencianos.org\/wp-content\/2014\/01\/Frederic_Ozanam.jpg?resize=350%2C200","width":350,"height":200},"classes":[]},{"id":403544,"url":"https:\/\/vincentians.com\/es\/la-cofradia-de-la-caridad-v\/","url_meta":{"origin":403534,"position":5},"title":"LA COFRAD\u00cdA DE LA CARIDAD (V)","author":"Mitxel Olabu\u00e9naga","date":"23\/05\/2021","format":false,"excerpt":"LA INICIATIVA ES DE VICENTE. VICENTE ACTOR PRINCIPAL El papel de Vicente aqu\u00ed es decisivo. Hace seis meses que la gracia se abre camino, y esta vez Vicente est\u00e1 a la altura de las circunstancias: \u00e9l es quien, espont\u00e1neamente, opta por difundir la noticia que recibe antes de la misa.\u2026","rel":"","context":"En \u00abFormaci\u00f3n Vicenciana sin categorizar\u00bb","block_context":{"text":"Formaci\u00f3n Vicenciana sin categorizar","link":"https:\/\/vincentians.com\/es\/category\/formacion-vicenciana\/formacion-vicenciana-sin-categorizar\/"},"img":{"alt_text":"","src":"https:\/\/i0.wp.com\/vincentians.com\/es\/wp-content\/uploads\/sites\/11\/2016\/08\/con-damas-de-la-caridad.jpg?fit=1200%2C630&ssl=1&resize=350%2C200","width":350,"height":200,"srcset":"https:\/\/i0.wp.com\/vincentians.com\/es\/wp-content\/uploads\/sites\/11\/2016\/08\/con-damas-de-la-caridad.jpg?fit=1200%2C630&ssl=1&resize=350%2C200 1x, https:\/\/i0.wp.com\/vincentians.com\/es\/wp-content\/uploads\/sites\/11\/2016\/08\/con-damas-de-la-caridad.jpg?fit=1200%2C630&ssl=1&resize=525%2C300 1.5x, https:\/\/i0.wp.com\/vincentians.com\/es\/wp-content\/uploads\/sites\/11\/2016\/08\/con-damas-de-la-caridad.jpg?fit=1200%2C630&ssl=1&resize=700%2C400 2x, https:\/\/i0.wp.com\/vincentians.com\/es\/wp-content\/uploads\/sites\/11\/2016\/08\/con-damas-de-la-caridad.jpg?fit=1200%2C630&ssl=1&resize=1050%2C600 3x"},"classes":[]}],"_links":{"self":[{"href":"https:\/\/vincentians.com\/es\/wp-json\/wp\/v2\/posts\/403534","targetHints":{"allow":["GET"]}}],"collection":[{"href":"https:\/\/vincentians.com\/es\/wp-json\/wp\/v2\/posts"}],"about":[{"href":"https:\/\/vincentians.com\/es\/wp-json\/wp\/v2\/types\/post"}],"author":[{"embeddable":true,"href":"https:\/\/vincentians.com\/es\/wp-json\/wp\/v2\/users\/5"}],"replies":[{"embeddable":true,"href":"https:\/\/vincentians.com\/es\/wp-json\/wp\/v2\/comments?post=403534"}],"version-history":[{"count":1,"href":"https:\/\/vincentians.com\/es\/wp-json\/wp\/v2\/posts\/403534\/revisions"}],"predecessor-version":[{"id":403535,"href":"https:\/\/vincentians.com\/es\/wp-json\/wp\/v2\/posts\/403534\/revisions\/403535"}],"wp:featuredmedia":[{"embeddable":true,"href":"https:\/\/vincentians.com\/es\/wp-json\/wp\/v2\/media\/399748"}],"wp:attachment":[{"href":"https:\/\/vincentians.com\/es\/wp-json\/wp\/v2\/media?parent=403534"}],"wp:term":[{"taxonomy":"category","embeddable":true,"href":"https:\/\/vincentians.com\/es\/wp-json\/wp\/v2\/categories?post=403534"},{"taxonomy":"post_tag","embeddable":true,"href":"https:\/\/vincentians.com\/es\/wp-json\/wp\/v2\/tags?post=403534"}],"curies":[{"name":"wp","href":"https:\/\/api.w.org\/{rel}","templated":true}]}}