{"id":403214,"date":"2020-12-21T08:16:49","date_gmt":"2020-12-21T07:16:49","guid":{"rendered":"http:\/\/vincentians.com\/es\/?p=403214"},"modified":"2020-11-12T15:18:02","modified_gmt":"2020-11-12T14:18:02","slug":"padre-nuestro-vi-hagase-tu-voluntad","status":"publish","type":"post","link":"https:\/\/vincentians.com\/es\/padre-nuestro-vi-hagase-tu-voluntad\/","title":{"rendered":"Padre Nuestro (VI) H\u00e1gase tu voluntad"},"content":{"rendered":"<p>H\u00e1gase tu voluntad as\u00ed en la tierra como en el cielo<\/p>\n<p>SE\u00d1OR, no es nada f\u00e1cil rezar esta petici\u00f3n del padrenuestro. En ella te pedirnos que tu voluntad sea hecha en el cielo y en la tierra. No decimos que se haga en el cielo como entre nosotros, sino que sea he\u00adcha entre nosotros como en el cielo.<\/p>\n<p>Los bienaventurados la cumplen sin esfuerzo. Te ven tal corno es posible al hombre salvado, al hombre que ha alcanzado la madurez en el hombre nuevo, en tu Hijo Jesucristo. Los bienaventurados ven todo lo que puede verse de ti y no desean m\u00e1s porque no hay lu\u00adgar a ello. Se han cumplido y est\u00e1n tan llenos de ti que no les queda recipiente para m\u00e1s. Por el contra\u00adrio, nosotros te vemos y te conocemos, pero imperfec\u00adtamente. Quisi\u00e9ramos verte y amarte mejor, pero no podemos. Todav\u00eda no se ha obrado en nosotros la trans\u00adformaci\u00f3n final. Aunque t\u00fa est\u00e1s en nosotros, nuestros ojos carecen de esa potencia que tienen los bienaven\u00adturados. A nosotros no nos queda m\u00e1s remedio que vivir, envejecer y morir con dignidad.<\/p>\n<p>Casi nada, Se\u00f1or. En esta petici\u00f3n pedimos hacer tu voluntad como los \u00e1ngeles, que en nada pueden ofen\u00adderte, mientras que nosotros pecamos contra ti todos los d\u00edas&#8217;. El cielo y la tierra rezan esta petici\u00f3n, pero nosotros, en comparaci\u00f3n con los patriarcas y justos, hermanos nuestros, que son tu cielo, somos tierra en crecimiento y puede derrumbarse. Casi sentimos rabia y desilusi\u00f3n ante la desigualdad de las partes orantes. Nos sentimos acomplejados. Decimos la misma oraci\u00f3n, pero ellos la cumplen y nosotros queremos cumplirla. Un poco nos sosiega tu siervo Agust\u00edn al decirnos que la Iglesia es el cielo y sus enemigos la tierra&#8217;. Al me\u00adnos, aunque damos mucha guerra a la Madre Iglesia, no somos sus enemigos. M\u00e1s a\u00fan. Queremos vivir en continua conversi\u00f3n a ella y, porque sabemos que esto es bueno, pedimos lo mismo para los enemigos de nuestra Iglesia.<\/p>\n<p>Nuestra alegr\u00eda a\u00fan crece m\u00e1s cuando el santo doc\u00adtor africano asegura que el esp\u00edritu es cielo y carne la tierra. Que el esp\u00edritu se renueva creyendo, y la carne se recrea resucitando.<\/p>\n<p>Se\u00f1or, todos queremos resucitar. Todos queremos transformarnos para rezar bien esta petici\u00f3n. Aumenta nuestra fe. Instr\u00fayenos en tu voluntad. Seg\u00fan la Bi\u00adblia, no buscamos tanto la armon\u00eda de las voluntades divina y humana, cuanto la sumisi\u00f3n en la fe. Esto es, hacer lo que t\u00fa quieres.<\/p>\n<p>Se\u00f1or, que se realice de una vez para siempre esa f\u00e9rrea soldadura en nosotros porque, a veces, nos sen\u00adtimos colgados entre el cielo y la tierra. Tanto han in\u00adsistido tus te\u00f3logos y fil\u00f3sofos en eso de materia y for\u00adma que nos lo hemos cre\u00eddo y se ha dificultado mucho su acoplamiento.<\/p>\n<p>Se\u00f1or, queremos que pongas paz en nosotros con esa paz por la que has reconciliado los extremos del cielo y de la tierra con la sangre de tu. Hijo y hermano nuestro, Jes\u00fas de Nazaret.<\/p>\n<p>Se\u00f1or, nos alegra mucho saber que tienes una vo\u00adluntad. Tambi\u00e9n nosotros la tenemos. A veces somos tercos, precisamente por hacer uso de ella. Tu volun\u00adtad es que seamos felices seg\u00fan tus planes, y que todos nos salvemos. Si no coincidimos en todo, al me\u00adnos podemos dialogar contigo. T\u00fa quieres que noso\u00adtros seamos felices y nosotros tambi\u00e9n lo queremos. En la coincidencia con tus planes, ya existe una peque\u00f1a diferencia: nuestros padres se sublevaron contra ti y nosotros con ellos&#8217;.<\/p>\n<p>Es cierto que nos sublevamos y que perdimos mu\u00adchas cosas, pero no tanto que perdi\u00e9ramos totalmente tu imagen y semejanza. Es decir, que, aun con todo, nos quedamos con lo mejor de ti en nosotros porque t\u00fa lo quisiste. Tampoco nos quitaste la tierra, para do\u00adminarla y perfeccionarla con nuestro trabajo, ni el tiem\u00adpo, para volver a ti m\u00e1s semejantes.<\/p>\n<p>Nosotros no trabajamos como t\u00fa, que no te equivo\u00adcas en nada, pero nos queda el consuelo de discurrir y enmendarnos. Nos duele no poder ayudarte m\u00e1s. Al\u00adgunas veces, haces cosas en nosotros sin nosotros, pero nosotros no somos capaces de hacer nada sin ti.<\/p>\n<p>No nos angustia excesivamente el, no ser tan gran\u00addes como t\u00fa, pero s\u00ed quisi\u00e9ramos colaborar m\u00e1s conti\u00adgo. Ahora bien, t\u00fa sabes que el malo nos enga\u00f1\u00f3 y estamos desorientados, pero t\u00fa no nos abandonas por eso. Precisamente, para que no sintamos tanto esa des\u00adorientaci\u00f3n, te has colocado tan cerca de nosotros que tu Palabra est\u00e1 en nuestra boca y coraz\u00f3n&#8217;. M\u00e1s a\u00fan, como comprendes la terquedad del hombre desorien\u00adtado, nos has dado un nuevo coraz\u00f3n para que no nos resulte tan dif\u00edcil entrar en tus planes.<\/p>\n<p>A pesar de todo, Se\u00f1or, esta petici\u00f3n es bien arries\u00adgada. Nos compromete mucho y nos exige m\u00e1s. Nos pides que obedezcamos como tus \u00e1ngeles; concordan\u00adcia de cuerpo y esp\u00edritu; que el viejo Ad\u00e1n rece con el nuevo; que aceptemos y reconozcamos el <em>initium fidei <\/em>por el que la Iglesia pide el adelantamiento de sus hijos y la buena disposici\u00f3n de los que a\u00fan no tienen fe. Nos pides la perseverancia hasta el fin; que la tierra imite al cielo, el hombre al \u00e1ngel, y el infiel al fiel.<\/p>\n<p>Lo que resulta m\u00e1s desconcertante, Se\u00f1or, es que esta petici\u00f3n no solamente la formulamos para los ha\u00adbitantes del cielo y para cuando nosotros estemos en \u00e9l, sino que obliga a los habitantes de la tierra, que somos tierra, y en ella vivimos, y de ella debemos ser tomados: \u00abEn consecuencia, la voluntad de Dios se hace ciertamente en aquellos que hacen la voluntad de Dios no porque ellos hagan que Dios quiera, sino porque hacen lo que \u00e9l quiere, esto es, obran seg\u00fan su voluntad\u00bb.<\/p>\n<p>Se\u00f1or, en esta plegaria pedimos que se cumpla tu voluntad tanto en los justos como en los pecadores; que des a cada uno seg\u00fan sus m\u00e9ritos; que el hom\u00adbre interior y exterior se reconcilien y no se contristen; que la Iglesia, esposa de tu Hijo, cumpla tu voluntad, como su esposo, Jes\u00fas, cumple la tuya.<\/p>\n<p>\u00bfPero c\u00f3mo realizar todo esto, Se\u00f1or, en la tierra? Porque esta petici\u00f3n, bien lo sabemos, no es para un futuro, sino para ese futuro que ha comenzado en el tiempo. Tu siervo Agust\u00edn as\u00ed nos lo explica, siguien\u00addo a san Pablo: \u00abCuando, empero, la carne obre en ar\u00admon\u00eda con la raz\u00f3n, y la muerte haya sido engullida por la victoria, hasta el punto de no quedar resabio de carnal deseo alguno con quien la raz\u00f3n pueda venir a las manos\u00bb&#8230;<\/p>\n<p>\u00abCuando esta lucha, digo, haya cesado, y toda la concupiscencia se haya vuelto caridad, y el esp\u00edritu no halle nada en el cuerpo que la resista, nada habr\u00e1 que domar, nada que sofrenar, nada que pisotear, antes bien, reducido todo a consonancia, marche por el camino de la justicia, entonces ser\u00e1 un hecho la volun\u00adtad de Dios en la tierra\u00bb.<\/p>\n<p>Esta petici\u00f3n, Se\u00f1or, nos exige sumisi\u00f3n y obedien\u00adcia. La misma sumisi\u00f3n y obediencia que t\u00fa pediste a tu Hijo y \u00e9l te dio. No le fue nada f\u00e1cil, y eso que t\u00fa y \u00e9l sois un mismo Dios. \u00c9l comulga de tu volun\u00adtad y t\u00fa de la suya. Vino al mundo para hacer tu voluntad. Y aunque t\u00fa eres su Padre y \u00e9l Hijo tuyo, no por eso eres mayor que \u00e9l y \u00e9l menor que t\u00fa.<\/p>\n<p>Es cierto que Jes\u00fas es hombre como nosotros, ex\u00adcepto en el pecado, y eso lo diferencia notablemente de nosotros. Siempre quiso lo que quiso. Nunca dud\u00f3 al obrar, y nosotros actuamos a trav\u00e9s de muchos meandros, y, a lo sumo, queremos lo que podemos.<\/p>\n<p>No nos queda m\u00e1s remedio que pedir el amparo de Mar\u00eda, tu sierva, para acoger tu voluntad, pero tam\u00adbi\u00e9n ella es una criatura excepcional. Tanto oy\u00f3 tu Pa\u00adlabra en el \u00e1mbito de la fe que la dio a luz humana\u00admente en esta tierra.<\/p>\n<p>Finalmente, Se\u00f1or, como no aceptas en tu reino sino a los cumplidores de tu voluntad, danos esa capaci\u00addad para escuchar, conocer y encarnar al Maestro en nuestra vida. Que seamos uno con tu Hijo, como t\u00fa y \u00e9l lo sois. As\u00ed, con la certeza que nos da la cercan\u00eda de Jes\u00fas, nos atrevemos a decir que se haga tu volun\u00adtad en la tierra como en el cielo, con la seguridad de que seremos escuchados, porque t\u00fa siempre escuchas a tu Hijo, y tambi\u00e9n a nosotros, seg\u00fan nos lo ha dicho \u00e9l, con la condici\u00f3n de que todo lo hagamos con \u00e9l y en \u00e9l hacia ti.<\/p>\n<p>Luis Nos<\/p>\n<p>San Pablo<\/p>\n<p>&nbsp;<\/p>\n","protected":false},"excerpt":{"rendered":"<p>H\u00e1gase tu voluntad as\u00ed en la tierra como en el cielo SE\u00d1OR, no es nada f\u00e1cil rezar esta petici\u00f3n del padrenuestro. En ella te pedirnos que tu voluntad sea hecha en el cielo y en &#8230; <a href=\"https:\/\/vincentians.com\/es\/padre-nuestro-vi-hagase-tu-voluntad\/\" class=\"more-link\">Read More<\/a><\/p>\n","protected":false},"author":5,"featured_media":399859,"comment_status":"open","ping_status":"open","sticky":false,"template":"","format":"standard","meta":{"jetpack_post_was_ever_published":false,"_jetpack_newsletter_access":"","_jetpack_dont_email_post_to_subs":false,"_jetpack_newsletter_tier_id":0,"_jetpack_memberships_contains_paywalled_content":false,"_jetpack_memberships_contains_paid_content":false,"footnotes":"","jetpack_publicize_message":"","jetpack_publicize_feature_enabled":true,"jetpack_social_post_already_shared":true,"jetpack_social_options":{"image_generator_settings":{"template":"highway","default_image_id":0,"font":"","enabled":false},"version":2}},"categories":[29],"tags":[],"class_list":["post-403214","post","type-post","status-publish","format-standard","has-post-thumbnail","hentry","category-formacion-cristiana"],"yoast_head":"<!-- This site is optimized with the Yoast SEO plugin v26.3 - https:\/\/yoast.com\/wordpress\/plugins\/seo\/ -->\n<title>Padre Nuestro (VI) H\u00e1gase tu voluntad - Somos Vicencianos<\/title>\n<meta name=\"robots\" content=\"index, follow, max-snippet:-1, max-image-preview:large, max-video-preview:-1\" \/>\n<link rel=\"canonical\" href=\"https:\/\/vincentians.com\/es\/padre-nuestro-vi-hagase-tu-voluntad\/\" \/>\n<meta property=\"og:locale\" content=\"es_ES\" \/>\n<meta property=\"og:type\" content=\"article\" \/>\n<meta property=\"og:title\" content=\"Padre Nuestro (VI) H\u00e1gase tu voluntad - Somos Vicencianos\" \/>\n<meta property=\"og:description\" content=\"H\u00e1gase tu voluntad as\u00ed en la tierra como en el cielo SE\u00d1OR, no es nada f\u00e1cil rezar esta petici\u00f3n del padrenuestro. En ella te pedirnos que tu voluntad sea hecha en el cielo y en ... Read More\" \/>\n<meta property=\"og:url\" content=\"https:\/\/vincentians.com\/es\/padre-nuestro-vi-hagase-tu-voluntad\/\" \/>\n<meta property=\"og:site_name\" content=\"Somos Vicencianos\" \/>\n<meta property=\"article:publisher\" content=\"https:\/\/www.facebook.com\/WeAreVincentians\/\" \/>\n<meta property=\"article:published_time\" content=\"2020-12-21T07:16:49+00:00\" \/>\n<meta property=\"og:image\" content=\"https:\/\/i0.wp.com\/vincentians.com\/es\/wp-content\/uploads\/sites\/11\/2016\/09\/jesus-ora-al-padre.jpg?fit=1200%2C630&ssl=1\" \/>\n\t<meta property=\"og:image:width\" content=\"1200\" \/>\n\t<meta property=\"og:image:height\" content=\"630\" \/>\n\t<meta property=\"og:image:type\" content=\"image\/jpeg\" \/>\n<meta name=\"author\" content=\"Mitxel Olabu\u00e9naga\" \/>\n<meta name=\"twitter:card\" content=\"summary_large_image\" \/>\n<meta name=\"twitter:creator\" content=\"@WeVincentians\" \/>\n<meta name=\"twitter:site\" content=\"@WeVincentians\" \/>\n<meta name=\"twitter:label1\" content=\"Escrito por\" \/>\n\t<meta name=\"twitter:data1\" content=\"Mitxel Olabu\u00e9naga\" \/>\n\t<meta name=\"twitter:label2\" content=\"Tiempo de lectura\" \/>\n\t<meta name=\"twitter:data2\" content=\"8 minutos\" \/>\n<script type=\"application\/ld+json\" class=\"yoast-schema-graph\">{\"@context\":\"https:\/\/schema.org\",\"@graph\":[{\"@type\":\"Article\",\"@id\":\"https:\/\/vincentians.com\/es\/padre-nuestro-vi-hagase-tu-voluntad\/#article\",\"isPartOf\":{\"@id\":\"https:\/\/vincentians.com\/es\/padre-nuestro-vi-hagase-tu-voluntad\/\"},\"author\":{\"name\":\"Mitxel Olabu\u00e9naga\",\"@id\":\"https:\/\/vincentians.com\/es\/#\/schema\/person\/7c2670b4445a7ca9d164ea6acdb31859\"},\"headline\":\"Padre Nuestro (VI) H\u00e1gase tu voluntad\",\"datePublished\":\"2020-12-21T07:16:49+00:00\",\"mainEntityOfPage\":{\"@id\":\"https:\/\/vincentians.com\/es\/padre-nuestro-vi-hagase-tu-voluntad\/\"},\"wordCount\":1545,\"commentCount\":0,\"publisher\":{\"@id\":\"https:\/\/vincentians.com\/es\/#organization\"},\"image\":{\"@id\":\"https:\/\/vincentians.com\/es\/padre-nuestro-vi-hagase-tu-voluntad\/#primaryimage\"},\"thumbnailUrl\":\"https:\/\/i0.wp.com\/vincentians.com\/es\/wp-content\/uploads\/sites\/11\/2016\/09\/jesus-ora-al-padre.jpg?fit=1200%2C630&ssl=1\",\"articleSection\":[\"Formaci\u00f3n Cristiana\"],\"inLanguage\":\"es\",\"potentialAction\":[{\"@type\":\"CommentAction\",\"name\":\"Comment\",\"target\":[\"https:\/\/vincentians.com\/es\/padre-nuestro-vi-hagase-tu-voluntad\/#respond\"]}]},{\"@type\":\"WebPage\",\"@id\":\"https:\/\/vincentians.com\/es\/padre-nuestro-vi-hagase-tu-voluntad\/\",\"url\":\"https:\/\/vincentians.com\/es\/padre-nuestro-vi-hagase-tu-voluntad\/\",\"name\":\"Padre Nuestro (VI) H\u00e1gase tu voluntad - Somos Vicencianos\",\"isPartOf\":{\"@id\":\"https:\/\/vincentians.com\/es\/#website\"},\"primaryImageOfPage\":{\"@id\":\"https:\/\/vincentians.com\/es\/padre-nuestro-vi-hagase-tu-voluntad\/#primaryimage\"},\"image\":{\"@id\":\"https:\/\/vincentians.com\/es\/padre-nuestro-vi-hagase-tu-voluntad\/#primaryimage\"},\"thumbnailUrl\":\"https:\/\/i0.wp.com\/vincentians.com\/es\/wp-content\/uploads\/sites\/11\/2016\/09\/jesus-ora-al-padre.jpg?fit=1200%2C630&ssl=1\",\"datePublished\":\"2020-12-21T07:16:49+00:00\",\"breadcrumb\":{\"@id\":\"https:\/\/vincentians.com\/es\/padre-nuestro-vi-hagase-tu-voluntad\/#breadcrumb\"},\"inLanguage\":\"es\",\"potentialAction\":[{\"@type\":\"ReadAction\",\"target\":[\"https:\/\/vincentians.com\/es\/padre-nuestro-vi-hagase-tu-voluntad\/\"]}]},{\"@type\":\"ImageObject\",\"inLanguage\":\"es\",\"@id\":\"https:\/\/vincentians.com\/es\/padre-nuestro-vi-hagase-tu-voluntad\/#primaryimage\",\"url\":\"https:\/\/i0.wp.com\/vincentians.com\/es\/wp-content\/uploads\/sites\/11\/2016\/09\/jesus-ora-al-padre.jpg?fit=1200%2C630&ssl=1\",\"contentUrl\":\"https:\/\/i0.wp.com\/vincentians.com\/es\/wp-content\/uploads\/sites\/11\/2016\/09\/jesus-ora-al-padre.jpg?fit=1200%2C630&ssl=1\",\"width\":1200,\"height\":630},{\"@type\":\"BreadcrumbList\",\"@id\":\"https:\/\/vincentians.com\/es\/padre-nuestro-vi-hagase-tu-voluntad\/#breadcrumb\",\"itemListElement\":[{\"@type\":\"ListItem\",\"position\":1,\"name\":\"Portada\",\"item\":\"https:\/\/vincentians.com\/es\/\"},{\"@type\":\"ListItem\",\"position\":2,\"name\":\"Padre Nuestro (VI) H\u00e1gase tu voluntad\"}]},{\"@type\":\"WebSite\",\"@id\":\"https:\/\/vincentians.com\/es\/#website\",\"url\":\"https:\/\/vincentians.com\/es\/\",\"name\":\"Somos Vicencianos\",\"description\":\"Know more to serve more\",\"publisher\":{\"@id\":\"https:\/\/vincentians.com\/es\/#organization\"},\"potentialAction\":[{\"@type\":\"SearchAction\",\"target\":{\"@type\":\"EntryPoint\",\"urlTemplate\":\"https:\/\/vincentians.com\/es\/?s={search_term_string}\"},\"query-input\":{\"@type\":\"PropertyValueSpecification\",\"valueRequired\":true,\"valueName\":\"search_term_string\"}}],\"inLanguage\":\"es\"},{\"@type\":\"Organization\",\"@id\":\"https:\/\/vincentians.com\/es\/#organization\",\"name\":\"The Vincentian Network\",\"url\":\"https:\/\/vincentians.com\/es\/\",\"logo\":{\"@type\":\"ImageObject\",\"inLanguage\":\"es\",\"@id\":\"https:\/\/vincentians.com\/es\/#\/schema\/logo\/image\/\",\"url\":\"https:\/\/i1.wp.com\/vincentians.com\/es\/wp-content\/uploads\/sites\/11\/2016\/06\/Vincentian-Network-logo-big.png?fit=778%2C778\",\"contentUrl\":\"https:\/\/i1.wp.com\/vincentians.com\/es\/wp-content\/uploads\/sites\/11\/2016\/06\/Vincentian-Network-logo-big.png?fit=778%2C778\",\"width\":778,\"height\":778,\"caption\":\"The Vincentian Network\"},\"image\":{\"@id\":\"https:\/\/vincentians.com\/es\/#\/schema\/logo\/image\/\"},\"sameAs\":[\"https:\/\/www.facebook.com\/WeAreVincentians\/\",\"https:\/\/x.com\/WeVincentians\"]},{\"@type\":\"Person\",\"@id\":\"https:\/\/vincentians.com\/es\/#\/schema\/person\/7c2670b4445a7ca9d164ea6acdb31859\",\"name\":\"Mitxel Olabu\u00e9naga\",\"image\":{\"@type\":\"ImageObject\",\"inLanguage\":\"es\",\"@id\":\"https:\/\/vincentians.com\/es\/#\/schema\/person\/image\/\",\"url\":\"https:\/\/secure.gravatar.com\/avatar\/34137ec2e2b8939cbbed975731e71f3f4f1defc7266ded337a5ce0f925426877?s=96&d=mm&r=g\",\"contentUrl\":\"https:\/\/secure.gravatar.com\/avatar\/34137ec2e2b8939cbbed975731e71f3f4f1defc7266ded337a5ce0f925426877?s=96&d=mm&r=g\",\"caption\":\"Mitxel Olabu\u00e9naga\"},\"url\":\"https:\/\/vincentians.com\/es\/author\/mitxel\/\"}]}<\/script>\n<!-- \/ Yoast SEO plugin. -->","yoast_head_json":{"title":"Padre Nuestro (VI) H\u00e1gase tu voluntad - Somos Vicencianos","robots":{"index":"index","follow":"follow","max-snippet":"max-snippet:-1","max-image-preview":"max-image-preview:large","max-video-preview":"max-video-preview:-1"},"canonical":"https:\/\/vincentians.com\/es\/padre-nuestro-vi-hagase-tu-voluntad\/","og_locale":"es_ES","og_type":"article","og_title":"Padre Nuestro (VI) H\u00e1gase tu voluntad - Somos Vicencianos","og_description":"H\u00e1gase tu voluntad as\u00ed en la tierra como en el cielo SE\u00d1OR, no es nada f\u00e1cil rezar esta petici\u00f3n del padrenuestro. En ella te pedirnos que tu voluntad sea hecha en el cielo y en ... Read More","og_url":"https:\/\/vincentians.com\/es\/padre-nuestro-vi-hagase-tu-voluntad\/","og_site_name":"Somos Vicencianos","article_publisher":"https:\/\/www.facebook.com\/WeAreVincentians\/","article_published_time":"2020-12-21T07:16:49+00:00","og_image":[{"width":1200,"height":630,"url":"https:\/\/i0.wp.com\/vincentians.com\/es\/wp-content\/uploads\/sites\/11\/2016\/09\/jesus-ora-al-padre.jpg?fit=1200%2C630&ssl=1","type":"image\/jpeg"}],"author":"Mitxel Olabu\u00e9naga","twitter_card":"summary_large_image","twitter_creator":"@WeVincentians","twitter_site":"@WeVincentians","twitter_misc":{"Escrito por":"Mitxel Olabu\u00e9naga","Tiempo de lectura":"8 minutos"},"schema":{"@context":"https:\/\/schema.org","@graph":[{"@type":"Article","@id":"https:\/\/vincentians.com\/es\/padre-nuestro-vi-hagase-tu-voluntad\/#article","isPartOf":{"@id":"https:\/\/vincentians.com\/es\/padre-nuestro-vi-hagase-tu-voluntad\/"},"author":{"name":"Mitxel Olabu\u00e9naga","@id":"https:\/\/vincentians.com\/es\/#\/schema\/person\/7c2670b4445a7ca9d164ea6acdb31859"},"headline":"Padre Nuestro (VI) H\u00e1gase tu voluntad","datePublished":"2020-12-21T07:16:49+00:00","mainEntityOfPage":{"@id":"https:\/\/vincentians.com\/es\/padre-nuestro-vi-hagase-tu-voluntad\/"},"wordCount":1545,"commentCount":0,"publisher":{"@id":"https:\/\/vincentians.com\/es\/#organization"},"image":{"@id":"https:\/\/vincentians.com\/es\/padre-nuestro-vi-hagase-tu-voluntad\/#primaryimage"},"thumbnailUrl":"https:\/\/i0.wp.com\/vincentians.com\/es\/wp-content\/uploads\/sites\/11\/2016\/09\/jesus-ora-al-padre.jpg?fit=1200%2C630&ssl=1","articleSection":["Formaci\u00f3n Cristiana"],"inLanguage":"es","potentialAction":[{"@type":"CommentAction","name":"Comment","target":["https:\/\/vincentians.com\/es\/padre-nuestro-vi-hagase-tu-voluntad\/#respond"]}]},{"@type":"WebPage","@id":"https:\/\/vincentians.com\/es\/padre-nuestro-vi-hagase-tu-voluntad\/","url":"https:\/\/vincentians.com\/es\/padre-nuestro-vi-hagase-tu-voluntad\/","name":"Padre Nuestro (VI) H\u00e1gase tu voluntad - Somos Vicencianos","isPartOf":{"@id":"https:\/\/vincentians.com\/es\/#website"},"primaryImageOfPage":{"@id":"https:\/\/vincentians.com\/es\/padre-nuestro-vi-hagase-tu-voluntad\/#primaryimage"},"image":{"@id":"https:\/\/vincentians.com\/es\/padre-nuestro-vi-hagase-tu-voluntad\/#primaryimage"},"thumbnailUrl":"https:\/\/i0.wp.com\/vincentians.com\/es\/wp-content\/uploads\/sites\/11\/2016\/09\/jesus-ora-al-padre.jpg?fit=1200%2C630&ssl=1","datePublished":"2020-12-21T07:16:49+00:00","breadcrumb":{"@id":"https:\/\/vincentians.com\/es\/padre-nuestro-vi-hagase-tu-voluntad\/#breadcrumb"},"inLanguage":"es","potentialAction":[{"@type":"ReadAction","target":["https:\/\/vincentians.com\/es\/padre-nuestro-vi-hagase-tu-voluntad\/"]}]},{"@type":"ImageObject","inLanguage":"es","@id":"https:\/\/vincentians.com\/es\/padre-nuestro-vi-hagase-tu-voluntad\/#primaryimage","url":"https:\/\/i0.wp.com\/vincentians.com\/es\/wp-content\/uploads\/sites\/11\/2016\/09\/jesus-ora-al-padre.jpg?fit=1200%2C630&ssl=1","contentUrl":"https:\/\/i0.wp.com\/vincentians.com\/es\/wp-content\/uploads\/sites\/11\/2016\/09\/jesus-ora-al-padre.jpg?fit=1200%2C630&ssl=1","width":1200,"height":630},{"@type":"BreadcrumbList","@id":"https:\/\/vincentians.com\/es\/padre-nuestro-vi-hagase-tu-voluntad\/#breadcrumb","itemListElement":[{"@type":"ListItem","position":1,"name":"Portada","item":"https:\/\/vincentians.com\/es\/"},{"@type":"ListItem","position":2,"name":"Padre Nuestro (VI) H\u00e1gase tu voluntad"}]},{"@type":"WebSite","@id":"https:\/\/vincentians.com\/es\/#website","url":"https:\/\/vincentians.com\/es\/","name":"Somos Vicencianos","description":"Know more to serve more","publisher":{"@id":"https:\/\/vincentians.com\/es\/#organization"},"potentialAction":[{"@type":"SearchAction","target":{"@type":"EntryPoint","urlTemplate":"https:\/\/vincentians.com\/es\/?s={search_term_string}"},"query-input":{"@type":"PropertyValueSpecification","valueRequired":true,"valueName":"search_term_string"}}],"inLanguage":"es"},{"@type":"Organization","@id":"https:\/\/vincentians.com\/es\/#organization","name":"The Vincentian Network","url":"https:\/\/vincentians.com\/es\/","logo":{"@type":"ImageObject","inLanguage":"es","@id":"https:\/\/vincentians.com\/es\/#\/schema\/logo\/image\/","url":"https:\/\/i1.wp.com\/vincentians.com\/es\/wp-content\/uploads\/sites\/11\/2016\/06\/Vincentian-Network-logo-big.png?fit=778%2C778","contentUrl":"https:\/\/i1.wp.com\/vincentians.com\/es\/wp-content\/uploads\/sites\/11\/2016\/06\/Vincentian-Network-logo-big.png?fit=778%2C778","width":778,"height":778,"caption":"The Vincentian Network"},"image":{"@id":"https:\/\/vincentians.com\/es\/#\/schema\/logo\/image\/"},"sameAs":["https:\/\/www.facebook.com\/WeAreVincentians\/","https:\/\/x.com\/WeVincentians"]},{"@type":"Person","@id":"https:\/\/vincentians.com\/es\/#\/schema\/person\/7c2670b4445a7ca9d164ea6acdb31859","name":"Mitxel Olabu\u00e9naga","image":{"@type":"ImageObject","inLanguage":"es","@id":"https:\/\/vincentians.com\/es\/#\/schema\/person\/image\/","url":"https:\/\/secure.gravatar.com\/avatar\/34137ec2e2b8939cbbed975731e71f3f4f1defc7266ded337a5ce0f925426877?s=96&d=mm&r=g","contentUrl":"https:\/\/secure.gravatar.com\/avatar\/34137ec2e2b8939cbbed975731e71f3f4f1defc7266ded337a5ce0f925426877?s=96&d=mm&r=g","caption":"Mitxel Olabu\u00e9naga"},"url":"https:\/\/vincentians.com\/es\/author\/mitxel\/"}]}},"jetpack_publicize_connections":[],"jetpack_featured_media_url":"https:\/\/i0.wp.com\/vincentians.com\/es\/wp-content\/uploads\/sites\/11\/2016\/09\/jesus-ora-al-padre.jpg?fit=1200%2C630&ssl=1","jetpack_sharing_enabled":true,"jetpack_shortlink":"https:\/\/wp.me\/p7ETMF-1GTs","jetpack-related-posts":[{"id":12236,"url":"https:\/\/vincentians.com\/es\/vicente-de-paul-conferencia-065-conferencia-del-15-de-octubre-de-1655\/","url_meta":{"origin":403214,"position":0},"title":"Vicente de Pa\u00fal, Conferencia 065: Conferencia Del 15 De Octubre De 1655","author":"Francisco Javier Fern\u00e1ndez Chento","date":"04\/08\/2009","format":false,"excerpt":"SOBRE LA CONFORMIDAD CON LA VOLUNTAD DE DIOS Razones para entregarse a Dios para hacer su voluntad. Naturaleza y actos de esta pr\u00e1ctica. Medios para observarla. Hab\u00eda tres puntos: en el primero, las razones que tenemos para entregarnos a Dios para hacer siempre y en todas las cosas $u santa\u2026","rel":"","context":"En \u00abEscritos de Vicente de Pa\u00fal\u00bb","block_context":{"text":"Escritos de Vicente de Pa\u00fal","link":"https:\/\/vincentians.com\/es\/category\/escritos\/escritos-de-vicente-de-paul\/"},"img":{"alt_text":"","src":"https:\/\/i0.wp.com\/vincentians.com\/es\/wp-content\/uploads\/sites\/11\/2016\/07\/escritos-vicente-de-paul.jpg?fit=1200%2C630&ssl=1&resize=350%2C200","width":350,"height":200,"srcset":"https:\/\/i0.wp.com\/vincentians.com\/es\/wp-content\/uploads\/sites\/11\/2016\/07\/escritos-vicente-de-paul.jpg?fit=1200%2C630&ssl=1&resize=350%2C200 1x, https:\/\/i0.wp.com\/vincentians.com\/es\/wp-content\/uploads\/sites\/11\/2016\/07\/escritos-vicente-de-paul.jpg?fit=1200%2C630&ssl=1&resize=525%2C300 1.5x, https:\/\/i0.wp.com\/vincentians.com\/es\/wp-content\/uploads\/sites\/11\/2016\/07\/escritos-vicente-de-paul.jpg?fit=1200%2C630&ssl=1&resize=700%2C400 2x, https:\/\/i0.wp.com\/vincentians.com\/es\/wp-content\/uploads\/sites\/11\/2016\/07\/escritos-vicente-de-paul.jpg?fit=1200%2C630&ssl=1&resize=1050%2C600 3x"},"classes":[]},{"id":39078,"url":"https:\/\/vincentians.com\/es\/vida-de-san-vicente-de-paul-libro-tercero-capitulo-5\/","url_meta":{"origin":403214,"position":1},"title":"Vida de san Vicente de Pa\u00fal: Libro Tercero, Cap\u00edtulo 5","author":"Francisco Javier Fern\u00e1ndez Chento","date":"24\/11\/2011","format":false,"excerpt":"Conformidad con la voluntad de Dios. Un d\u00eda le preguntaron a San Basilio con qu\u00e9 medio podr\u00eda manifestar su amor a Dios. Respondi\u00f3 que haciendo todo lo que uno puede, y tambi\u00e9n, si se puede hablar as\u00ed, m\u00e1s de lo que uno puede para cumplir continuamente, en todo, la sant\u00edsima\u2026","rel":"","context":"En \u00abEscritos de Luis Abelly\u00bb","block_context":{"text":"Escritos de Luis Abelly","link":"https:\/\/vincentians.com\/es\/category\/escritos\/escritos-de-luis-abelly\/"},"img":{"alt_text":"","src":"https:\/\/i0.wp.com\/vincentians.com\/es\/wp-content\/uploads\/sites\/11\/2016\/07\/abelly-feat.jpg?fit=1200%2C630&ssl=1&resize=350%2C200","width":350,"height":200,"srcset":"https:\/\/i0.wp.com\/vincentians.com\/es\/wp-content\/uploads\/sites\/11\/2016\/07\/abelly-feat.jpg?fit=1200%2C630&ssl=1&resize=350%2C200 1x, https:\/\/i0.wp.com\/vincentians.com\/es\/wp-content\/uploads\/sites\/11\/2016\/07\/abelly-feat.jpg?fit=1200%2C630&ssl=1&resize=525%2C300 1.5x, https:\/\/i0.wp.com\/vincentians.com\/es\/wp-content\/uploads\/sites\/11\/2016\/07\/abelly-feat.jpg?fit=1200%2C630&ssl=1&resize=700%2C400 2x, https:\/\/i0.wp.com\/vincentians.com\/es\/wp-content\/uploads\/sites\/11\/2016\/07\/abelly-feat.jpg?fit=1200%2C630&ssl=1&resize=1050%2C600 3x"},"classes":[]},{"id":12299,"url":"https:\/\/vincentians.com\/es\/vicente-de-paul-conferencia-092-repeticion-de-la-oracion-del-24-de-agosto-de-1657\/","url_meta":{"origin":403214,"position":2},"title":"Vicente de Pa\u00fal, Conferencia 092: Repetici\u00f3n De La Oraci\u00f3n Del 24 De Agosto De 1657","author":"Francisco Javier Fern\u00e1ndez Chento","date":"30\/08\/2009","format":false,"excerpt":"Enfermedad de Nicol\u00e1s Duperroy. Valor de los sufrimientos que se soportan con esp\u00edritu de fe. Los bienaventurados ven en el cielo las buenas obras que hacen en la tierra sus personas queridas. El padre Vicente, hablando a prop\u00f3sito de los sufrimientos de esta vida y especialmente del de las enfermedades,\u2026","rel":"","context":"En \u00abEscritos de Vicente de Pa\u00fal\u00bb","block_context":{"text":"Escritos de Vicente de Pa\u00fal","link":"https:\/\/vincentians.com\/es\/category\/escritos\/escritos-de-vicente-de-paul\/"},"img":{"alt_text":"","src":"https:\/\/i0.wp.com\/vincentians.com\/es\/wp-content\/uploads\/sites\/11\/2016\/07\/escritos-vicente-de-paul.jpg?fit=1200%2C630&ssl=1&resize=350%2C200","width":350,"height":200,"srcset":"https:\/\/i0.wp.com\/vincentians.com\/es\/wp-content\/uploads\/sites\/11\/2016\/07\/escritos-vicente-de-paul.jpg?fit=1200%2C630&ssl=1&resize=350%2C200 1x, https:\/\/i0.wp.com\/vincentians.com\/es\/wp-content\/uploads\/sites\/11\/2016\/07\/escritos-vicente-de-paul.jpg?fit=1200%2C630&ssl=1&resize=525%2C300 1.5x, https:\/\/i0.wp.com\/vincentians.com\/es\/wp-content\/uploads\/sites\/11\/2016\/07\/escritos-vicente-de-paul.jpg?fit=1200%2C630&ssl=1&resize=700%2C400 2x, https:\/\/i0.wp.com\/vincentians.com\/es\/wp-content\/uploads\/sites\/11\/2016\/07\/escritos-vicente-de-paul.jpg?fit=1200%2C630&ssl=1&resize=1050%2C600 3x"},"classes":[]},{"id":6510,"url":"https:\/\/vincentians.com\/es\/luisa-de-marillac-pensamiento-021-conformidad-con-la-voluntad-divina\/","url_meta":{"origin":403214,"position":3},"title":"Luisa de Marillac, Pensamiento 021: Conformidad con la voluntad divina","author":"Francisco Javier Fern\u00e1ndez Chento","date":"21\/01\/2009","format":false,"excerpt":"1. Ver carta del se\u00f1or Vicente, en SVP, I, 156; S\u00edg 1, 215.(hacia 1632) 1 61. La Sagrada Comuni\u00f3n del Cuerpo de Jesucristo nos hace participar realmente en el gozo de la Comuni\u00f3n de los Santos del Cielo, que la Encarnaci\u00f3n y Muerte del Hijo de Dios nos han merecido;\u2026","rel":"","context":"En \u00abEscritos de Luisa de Marillac\u00bb","block_context":{"text":"Escritos de Luisa de Marillac","link":"https:\/\/vincentians.com\/es\/category\/escritos\/escritos-de-luisa-de-marillac\/"},"img":{"alt_text":"","src":"https:\/\/i0.wp.com\/vincentians.com\/es\/wp-content\/uploads\/sites\/11\/2016\/07\/escritos-luisa-de-marillac.jpg?fit=1200%2C630&ssl=1&resize=350%2C200","width":350,"height":200,"srcset":"https:\/\/i0.wp.com\/vincentians.com\/es\/wp-content\/uploads\/sites\/11\/2016\/07\/escritos-luisa-de-marillac.jpg?fit=1200%2C630&ssl=1&resize=350%2C200 1x, https:\/\/i0.wp.com\/vincentians.com\/es\/wp-content\/uploads\/sites\/11\/2016\/07\/escritos-luisa-de-marillac.jpg?fit=1200%2C630&ssl=1&resize=525%2C300 1.5x, https:\/\/i0.wp.com\/vincentians.com\/es\/wp-content\/uploads\/sites\/11\/2016\/07\/escritos-luisa-de-marillac.jpg?fit=1200%2C630&ssl=1&resize=700%2C400 2x, https:\/\/i0.wp.com\/vincentians.com\/es\/wp-content\/uploads\/sites\/11\/2016\/07\/escritos-luisa-de-marillac.jpg?fit=1200%2C630&ssl=1&resize=1050%2C600 3x"},"classes":[]},{"id":136623,"url":"https:\/\/vincentians.com\/es\/399-anos-de-andadura-evangelizando-a-los-pobres\/","url_meta":{"origin":403214,"position":4},"title":"399 a\u00f1os de andadura evangelizando a los pobres","author":"Francisco Javier Fern\u00e1ndez Chento","date":"25\/01\/2016","format":false,"excerpt":"El d\u00eda 25 de enero el peque\u00f1o grupo de misioneros que logr\u00f3 reunir San Vicente cumple 399 a\u00f1os de andadura evangelizando a los pobres por todos los rincones de la tierra, hasta por los impensables e imposibles, como Madagascar, mientras el mismo Vicente dirig\u00eda la compa\u00f1\u00eda. As\u00ed pues, padres y\u2026","rel":"","context":"En \u00abCongregaci\u00f3n de la Misi\u00f3n\u00bb","block_context":{"text":"Congregaci\u00f3n de la Misi\u00f3n","link":"https:\/\/vincentians.com\/es\/category\/la-familia-vicenciana\/ramas\/congregacion-de-la-mision\/"},"img":{"alt_text":"cm","src":"https:\/\/i0.wp.com\/vicencianos.org\/wp-content\/uploads\/2016\/01\/cm-1024x700.jpg?resize=350%2C200","width":350,"height":200,"srcset":"https:\/\/i0.wp.com\/vicencianos.org\/wp-content\/uploads\/2016\/01\/cm-1024x700.jpg?resize=350%2C200 1x, https:\/\/i0.wp.com\/vicencianos.org\/wp-content\/uploads\/2016\/01\/cm-1024x700.jpg?resize=525%2C300 1.5x, https:\/\/i0.wp.com\/vicencianos.org\/wp-content\/uploads\/2016\/01\/cm-1024x700.jpg?resize=700%2C400 2x"},"classes":[]},{"id":2229,"url":"https:\/\/vincentians.com\/es\/33o-domingo-de-tiempo-ordinario-reflexion-de-jose-roman-flecha\/","url_meta":{"origin":403214,"position":5},"title":"33\u00ba Domingo de Tiempo Ordinario (reflexi\u00f3n de Jos\u00e9 Rom\u00e1n Flecha)","author":"Francisco Javier Fern\u00e1ndez Chento","date":"12\/11\/2012","format":false,"excerpt":"LA VENIDA DEL HIJO DEL HOMBRE Domingo 33 del Tiempo Ordinario.B 18 de noviembre de 2012 La justicia humana no siempre responde a la verdad. En tiempos de persecuci\u00f3n, la profec\u00eda del libro de Daniel invita a los creyentes en el Dios de la alianza a vivir aguardando la justicia\u2026","rel":"","context":"En \u00abHomil\u00edas y reflexiones, A\u00f1o B\u00bb","block_context":{"text":"Homil\u00edas y reflexiones, A\u00f1o B","link":"https:\/\/vincentians.com\/es\/category\/homilias-y-reflexiones-a-la-palabra-de-dios\/homilias-y-reflexiones-ano-b\/"},"img":{"alt_text":"","src":"https:\/\/i0.wp.com\/vincentians.com\/es\/wp-content\/uploads\/sites\/11\/2016\/07\/reflexiones-palabra-de-dios.jpg?fit=1200%2C630&ssl=1&resize=350%2C200","width":350,"height":200,"srcset":"https:\/\/i0.wp.com\/vincentians.com\/es\/wp-content\/uploads\/sites\/11\/2016\/07\/reflexiones-palabra-de-dios.jpg?fit=1200%2C630&ssl=1&resize=350%2C200 1x, https:\/\/i0.wp.com\/vincentians.com\/es\/wp-content\/uploads\/sites\/11\/2016\/07\/reflexiones-palabra-de-dios.jpg?fit=1200%2C630&ssl=1&resize=525%2C300 1.5x, https:\/\/i0.wp.com\/vincentians.com\/es\/wp-content\/uploads\/sites\/11\/2016\/07\/reflexiones-palabra-de-dios.jpg?fit=1200%2C630&ssl=1&resize=700%2C400 2x, https:\/\/i0.wp.com\/vincentians.com\/es\/wp-content\/uploads\/sites\/11\/2016\/07\/reflexiones-palabra-de-dios.jpg?fit=1200%2C630&ssl=1&resize=1050%2C600 3x"},"classes":[]}],"_links":{"self":[{"href":"https:\/\/vincentians.com\/es\/wp-json\/wp\/v2\/posts\/403214","targetHints":{"allow":["GET"]}}],"collection":[{"href":"https:\/\/vincentians.com\/es\/wp-json\/wp\/v2\/posts"}],"about":[{"href":"https:\/\/vincentians.com\/es\/wp-json\/wp\/v2\/types\/post"}],"author":[{"embeddable":true,"href":"https:\/\/vincentians.com\/es\/wp-json\/wp\/v2\/users\/5"}],"replies":[{"embeddable":true,"href":"https:\/\/vincentians.com\/es\/wp-json\/wp\/v2\/comments?post=403214"}],"version-history":[{"count":1,"href":"https:\/\/vincentians.com\/es\/wp-json\/wp\/v2\/posts\/403214\/revisions"}],"predecessor-version":[{"id":403215,"href":"https:\/\/vincentians.com\/es\/wp-json\/wp\/v2\/posts\/403214\/revisions\/403215"}],"wp:featuredmedia":[{"embeddable":true,"href":"https:\/\/vincentians.com\/es\/wp-json\/wp\/v2\/media\/399859"}],"wp:attachment":[{"href":"https:\/\/vincentians.com\/es\/wp-json\/wp\/v2\/media?parent=403214"}],"wp:term":[{"taxonomy":"category","embeddable":true,"href":"https:\/\/vincentians.com\/es\/wp-json\/wp\/v2\/categories?post=403214"},{"taxonomy":"post_tag","embeddable":true,"href":"https:\/\/vincentians.com\/es\/wp-json\/wp\/v2\/tags?post=403214"}],"curies":[{"name":"wp","href":"https:\/\/api.w.org\/{rel}","templated":true}]}}