{"id":40258,"date":"2020-10-28T08:07:35","date_gmt":"2020-10-28T07:07:35","guid":{"rendered":"http:\/\/somos.vicencianos.org\/?p=40258"},"modified":"2020-10-03T19:34:24","modified_gmt":"2020-10-03T17:34:24","slug":"estado-de-la-congregacion-1986","status":"publish","type":"post","link":"https:\/\/vincentians.com\/es\/estado-de-la-congregacion-1986\/","title":{"rendered":"Estado de la Congregaci\u00f3n (1986)"},"content":{"rendered":"<h2>Reflexi\u00f3n del P. General<\/h2>\n<p>El P. General no ofreci\u00f3 una relaci\u00f3n sobre el estado de la Con\u00adgregaci\u00f3n seg\u00fan el modelo seguido en las anteriores Asambleas. Ofreci\u00f3 <em>\u00absu reflexi\u00f3n\u00bb, \u00absu meditaci\u00f3n\u00bb <\/em>sobre el estado de la Con\u00adgregaci\u00f3n hoy, guiado por la oraci\u00f3n tradicional en la Compa\u00f1\u00eda, <em>\u00abExpectatio Israel\u00bb. <\/em>Es un texto que para ser \u00abgustado\u00bb hay que leerlo atentamente y meditarlo. Se escribi\u00f3 pensando, no s\u00f3lo en los miembros de la Asamblea, sino en toda la Congregaci\u00f3n como una fuente de reflexi\u00f3n. El P. General omiti\u00f3 dar estad\u00edsticas y se content\u00f3 con remitir a los estudios y relaciones de los Consejeros Generales y Oficiales de la Curia.<\/p>\n<p>Presento un resumen de la Reflexi\u00f3n y repito que, para \u00abgus\u00adtarla\u00bb, hay que leerla atentamente y meditarla. Es mucho lo que sugiere y muchos los interrogantes que espont\u00e1neamente surgen.<\/p>\n<h3><em>Llamada a la santidad<\/em><\/h3>\n<p>En la Introducci\u00f3n, el P. General nos recuerda la celebraci\u00f3n pr\u00f3xima de los 250 a\u00f1os de la canonizaci\u00f3n de San Vicente. Apro\u00advecha la ocasi\u00f3n para hacer una llamada a la santidad y para poner de relieve que el esp\u00edritu de la Congregaci\u00f3n es una participaci\u00f3n del Esp\u00edritu de Cristo. Evoca los fines de las Asambleas a tenor de los art. 135 y 137,1 de las Constituciones, para valorar, desde esta perspectiva, la gracia que supone la celebraci\u00f3n de la Asam\u00adblea.<\/p>\n<h3><em>Signos de esperanza<\/em><\/h3>\n<p>Bajo el subt\u00edtulo de \u00ab\u00a1Oh Esperanza de Israel!\u00bb, el P. General enumera algunos de los signos de esperanza que \u00e9l ve hoy en la Con\u00adgregaci\u00f3n: mayor acercamiento a los pobres; deseo de ahondar en el vida y escritos de S. Vicente; un nuevo sentido de misi\u00f3n, unido a la importancia de vivir comunitariamente; la preocupaci\u00f3n por la formaci\u00f3n de los candidatos; la fidelidad a la vocaci\u00f3n por aquellos que viven en situacio\u00adnes pol\u00edticas dif\u00edciles; la misma Asamblea puede ser un signo de esperanza, si se hace m\u00e1s consciente de la unidad a la luz del UNUM CORPUS &#8230;<\/p>\n<h3><em>La vitalidad de la Compa\u00f1\u00eda<\/em><\/h3>\n<p>Menciona lo bueno y lo malo que ve en la Congregaci\u00f3n, vi\u00f1a del Se\u00f1or, pero se pregunta: \u00bfqu\u00e9 criterios son los que debemos usar para medir lo bueno y lo malo? La vitalidad de la Compa\u00f1\u00eda est\u00e1 en su compromiso de seguir a Cristo evangelizador de los pobres, en la pr\u00e1ctica de las cinco virtudes. Sin embargo, la Con\u00adgregaci\u00f3n siempre debe estar dispuesta a oir lo que el Se\u00f1or dijo a la Iglesia de Efeso: <em>\u00ab&#8230;has dejado el amor primero\u00bb.<\/em><\/p>\n<p>La Compa\u00f1\u00eda crece en unos lugares, mientras que en otros sufre los efectos de la poda. Estad\u00edsticas elaboradas por el P. Bay\u00adlach nos dan la prueba.<\/p>\n<h3><em>El valor de las visitas<\/em><\/h3>\n<p>No hay duda que el Se\u00f1or visita su vi\u00f1a: \u00abvisita&#8230;vineam istam\u00bb. Las visitas del Superior General y de los Consejeros Gene\u00adrales permiten reconocer las \u00abvisitas\u00bb del Se\u00f1or.<\/p>\n<p>La idea que nos ha guiado al hacer las visitas ha sido princi\u00adpalmente pastoral. En el Consejo General hemos visto que pudi\u00admos hacer m\u00e1s de lo que hicimos. El Superior General reconoci\u00f3 algunas limitaciones que sobre las visitas se hab\u00edan dejado sentir. Pidi\u00f3 a los asamble\u00edstas sugerencias para hacer mejor las futuras visitas. En todos existe el convencimiento de que las visitas son uno de los medios para alcanzar el ideal de la unidad: UNUM CORPUS&#8230;<\/p>\n<h3><em>\u00bf Un sencillo Instituto de estudios vicencianos?<\/em><\/h3>\n<p>La aprobaci\u00f3n de las Constituciones ha sido un hecho impor\u00adtante en la historia reciente de la Congregaci\u00f3n. Para conocer la historia de la aprobaci\u00f3n, el P. General remiti\u00f3 al trabajo del P. Flores. Ahora, la tarea es c\u00f3mo conocer y asimilar el contenido de los textos constitucionales, c\u00f3mo estudiarlo y c\u00f3mo practicarlo. La revisi\u00f3n de las Normas Provinciales ha sido un medio para ello y otro los estudios programos por SIEV.<\/p>\n<p>Una cuesti\u00f3n importante plante\u00f3 el P. General: \u00ab\u00bf,&#8230;ser\u00e1 posi\u00adble montar un peque\u00f1o Instituto que ofrezca un curso de espiri\u00adtualidad vicenciana?<\/p>\n<h3><em>Las misiones<\/em><\/h3>\n<p>La frase: \u00abmessis quidem multa\u00bb dio pie para tratar de las misiones \u00abad Gentes\u00bb. Remiti\u00f3 al informe del Consejero General encargado de este campo y, al mismo tiempo, plante\u00f3 algunos problemas: la promoci\u00f3n vocacional, la formaci\u00f3n de los candida\u00adtos, la inculturaci\u00f3n, etc.<\/p>\n<p>Las misiones \u00abad Populum\u00bb tambi\u00e9n tuvieron aqu\u00ed su lugar para hablar de ellas. Se mencion\u00f3 la reuni\u00f3n de Bogot\u00e1 en 1983. El fruto mayor, seg\u00fan el <strong>P. <\/strong>General, ha sido la nueva concien\u00adcia que sobre las misiones populares se ha creado; la importancia que las misiones pueden tener cuando tantos movimientos sectarios pululan en el mundo y por la imagen que la Congregaci\u00f3n puede ofrecer de s\u00ed misma a la juventud.<\/p>\n<h3><em>La formaci\u00f3n del clero y de los laicos<\/em><\/h3>\n<p>El Superior General da a conocer las llamadas que a la Curia General hab\u00edan llegado pidiendo ayuda para la formaci\u00f3n del clero. Como casos m\u00e1s inmediatos cit\u00f3 el de Nicaragua y el de Mons. Zevaco, C.M., Obispo de Fort Dauphin en Madagascar.<\/p>\n<p>Para conocer la situaci\u00f3n de los Movimientos vicencianos lai\u00adcales remiti\u00f3 a la relaci\u00f3n del Consejero encargado de este campo. El P. General crey\u00f3 oportuno formular las siguientes pregun\u00adtas: \u00bfSe hace lo bastante para promover estos Movimientos vicen\u00adcianos laicales? \u00bfAvanzan hacia la juventud o m\u00e1s bien se apartan de ella? \u00bfPor qu\u00e9 se asumen f\u00e1cilmente movimientos que surgen en la Iglesia y cuesta tanto revitalizar los propios?<\/p>\n<h3><em>Comuni\u00f3n y subsidiariedad<\/em><\/h3>\n<p>La cuesti\u00f3n de la unidad la plantea el S. General cuando comenta la frase \u00abdomus tua haec\u00bb. Y lo hace a la luz de la \u00abCom\u00admunio o Koinonia\u00bb, nociones claves en el reciente S\u00ednodo extraor\u00addinario. Sin duda, el lema: UNUM CORPUS, UNUS SPIRITUS IN CHRISTO, va en esa direcci\u00f3n, hacia la \u00abcommunio\u00bb, \u00abcerce\u00adnando el individualismo y cultivando m\u00e1s el trascenderse a s\u00ed mismo y superar las propias preferencias\u00bb.<\/p>\n<p>A nivel de estructuras se pregunta sobre el sentido de la subsi\u00addiariedad y sus relaciones con la unidad de la Compa\u00f1\u00eda y con el oficio del Superior General, <em>\u00abcentro de unidad y coordinaci\u00f3n de <\/em><em>las Provincias\u00bb, <\/em>seg\u00fan se establece en el art. 102 de las Constitu\u00adciones.<\/p>\n<p>El S\u00ednodo ha pedido un estudio sobre el sentido y la aplicaci\u00f3n del principio de subsidiariedad en la Iglesia. Tal principio viene del campo de la sociolog\u00eda, se asumi\u00f3 como criterio en la redac\u00adci\u00f3n del nuevo C\u00f3digo y para resolver algunas cuestiones eclesia\u00adles actuales. Posteriormente han surgido algunas dificultades y de ah\u00ed la petici\u00f3n de profundizar doctrinal y pr\u00e1cticamente en el con\u00adtenido de este principio.<\/p>\n<h3><em>Irradiaci\u00f3n espiritual vicenciana<\/em><\/h3>\n<p>El acondicionamiento de la Capilla en donde reposan los res\u00adtos de San Vicente en Paris, dio tambi\u00e9n oportunidad al P. Gene\u00adral para poner de manifiesto la colaboraci\u00f3n de las Provincias en el aspecto material, pero tambi\u00e9n para manifestar el deseo de que la Capilla se convierta en un foco de irradiaci\u00f3n espiritual vicen\u00adciana.<\/p>\n<h3><em>La \u00abestabilidad\u00bb en la Congregaci\u00f3n<\/em><\/h3>\n<p>\u00abNon sit in ea lapis&#8230;\u00bb Fue el momento en el que el P. General aborda el problema de salidas. Cit\u00f3 el trabajo del P. Flores, basado en las estad\u00edsticas del P. Baylach. El t\u00edtulo del art\u00edculo del P. Flo\u00adres es: <em>\u00abEl voto de estabilidad en la Congregaci\u00f3n de la Misi\u00f3n\u00bb. <\/em>La finalidad del trabajo no es otra que poder reflexionar sobre el hecho de los abandonos de la Compa\u00f1\u00eda. Dicho trabajo estuvo a disposici\u00f3n de los asamble\u00edstas, pero no ha sido publicado.<\/p>\n<p>El P. Sheldon, Procurador General de la Congregaci\u00f3n, dio un informe sobre la situaci\u00f3n de los Padres que han pedido ser exone\u00adrados de las obligaciones sacerdotales.<\/p>\n<p>El hecho de las salidas interpela a todos. La pregunta funda\u00admental es a qu\u00e9 son debidas: \u00bfa la formaci\u00f3n recibida? \u00bfal no haber acertado en ofrecerles el apostolado adecuado? \u00bfal no haberles ayu\u00addado oportunamente en sus dificultades, como mandan las Cons\u00adtituciones?.<\/p>\n<h3><em>La formaci\u00f3n<\/em><\/h3>\n<p>La formaci\u00f3n es una de los temas que m\u00e1s nos deben preocu\u00adpar. Bajo el ep\u00edgrafe: \u00abQuos autem vocasti&#8230;\u00bb el P. General explica c\u00f3mo se formul\u00f3 la Ratio formationis para el Seminario Interno, seg\u00fan los deseos de la Asamblea General de 1980. Las Provincias han sido invitadas a concretarla a la luz de las propias circunstan\u00adcias. La informaci\u00f3n que sobre este segundo paso existe en la Curia es m\u00e1s bien escasa. El problema de la formaci\u00f3n qued\u00f3 igualmente planteada en relaci\u00f3n con el fen\u00f3meno de los <em>muchos <\/em>\u00abadmissi\u00bb, pero de los <em>menos <\/em>\u00abincorporati\u00bb.<\/p>\n<p>Atenci\u00f3n especial mereci\u00f3 en la Reflexi\u00f3n del P. General la for\u00admaci\u00f3n continuada o permanente. El Documento conclusivo de la Asamblea recoge en la nota 16 unos de los p\u00e1rrafos m\u00e1s interesan\u00adtes sobre lo que significa la formaci\u00f3n continuada o permanente.<\/p>\n<p>Alude el P. General a la dificultad de cumplir otro deseo de la Asamblea General de 1980: la publicaci\u00f3n de un libro de oracio\u00adnes. Cit\u00f3 la obra de los PP. A. Orcajo y M.P. Flores.<\/p>\n<h3><em>Los Hermanos<\/em><\/h3>\n<p>La Asamblea General de 1980 pidi\u00f3 que hubiera una represen\u00adtaci\u00f3n de los Hermanos en las Asamblea Generales. Se ha cumplido con este deseo, pero el P. General ha ido un poco m\u00e1s lejos. En su Reflexi\u00f3n, llama la atenci\u00f3n sobre la situaci\u00f3n de los Hermanos en la Congregaci\u00f3n que consta de \u00abecclesiasticis et laicis\u00bb, seg\u00fan se lee en las Reglas Comunes 1,2. \u00bfSe aprecia la vocaci\u00f3n del Her\u00admano? \u00bfQu\u00e9 se hace por la promoci\u00f3n de las vocaciones de los Her\u00admanos? Tambi\u00e9n estuv\u00f3 a disposici\u00f3n de los asamble\u00edstas otro tra\u00adbajo del P. Flores sobre los Hermanos.<\/p>\n<h3><em>Misi\u00f3n y contemplaci\u00f3n<\/em><\/h3>\n<p>Al final de la Reflexi\u00f3n: \u00abSanctifica eos in veritate&#8230;\u00bb, el P. Gene\u00adral volvi\u00f3 a insistir sobre la santidad y sobre las relaciones entre la misi\u00f3n y la contemplaci\u00f3n. No puede existir dicotom\u00eda alguna entre misi\u00f3n y contemplaci\u00f3n. La misi\u00f3n se apoya en la contem\u00adplaci\u00f3n. Esta se enriquece de la misi\u00f3n. El art. 42 de las Constitu\u00adciones dice: <em>\u00abPor la \u00edntima uni\u00f3n entre oraci\u00f3n <\/em>y <em>el apostolado, el <\/em><em>misionero se hace contemplativo en la acci\u00f3n y ap\u00f3stol en la ora\u00adci\u00f3n\u00bb.<\/em><\/p>\n<h3><em>El \u00abAm\u00e9n\u00bb y la uni\u00f3n de corazones<\/em><\/h3>\n<p>El \u00abAm\u00e9n\u00bb es considerado por el P. General como una oraci\u00f3n que mira al pasado y al futuro: \u00abSomos siervos in\u00fatiles que hici\u00admos lo que fue nuestro deber\u00bb. Somos siervos fieles porque quere\u00admos aceptar los que el Esp\u00edritu nos dicte.<\/p>\n<p>El deseo de San Vicente de que los corazones de los misione\u00adros se mantengan unidos, como bellamente lo escribe en una carta al P. Blatir\u00f3n, fue el punto final de esta hermosa y sugerente Reflexi\u00f3n del P. General sobre el estado de la Congregaci\u00f3n.<\/p>\n<h2><strong>La elaboraci\u00f3n del Documento por la Asamblea<\/strong><\/h2>\n<p>Organizada la Asamblea, tarea no f\u00e1cil seg\u00fan ense\u00f1a la expe\u00adriencia, las Comisiones empezaron a trabajar.<\/p>\n<p>Las cuestiones, relacionadas con el Documento, fueron:<\/p>\n<h3>1<sup>a<\/sup>. <em>Bases de trabajo:<\/em><\/h3>\n<p>La decisi\u00f3n final fue tomar como base del trabajo de la Asam\u00adblea el Documentum Laboris, la Reflexi\u00f3n del Superior General y las experiencias y saberes de los asamble\u00edstas.<\/p>\n<h3>2<sup>a<\/sup>. <em>Meta de la Asamblea:<\/em><\/h3>\n<p>Una de las dificultades mayores fue aclarar qu\u00e9 es lo que se esperaba de esta Asamblea. Hubo una moci\u00f3n que, aunque se retir\u00f3 posteriormente, hizo ver el problema y la confusi\u00f3n que sobre este punto reinaba. El autor de la moci\u00f3n confes\u00f3 encontrarse como \u00abun pez en medio del oc\u00e9ano\u00bb. La moci\u00f3n ped\u00eda que la Asamblea elabo\u00adrase un plan pastoral para los seis pr\u00f3ximos a\u00f1os.<\/p>\n<p>La discusi\u00f3n de la moci\u00f3n se inici\u00f3 sobre los contenidos del plan. Algunos creyeron que era suficiente el Proyecto presentado por la CP. Otros sosten\u00edan que la moci\u00f3n era una cuesti\u00f3n nueva que deber\u00eda ser estudiada m\u00e1s atentamente.<\/p>\n<p>La Comisi\u00f3n Central debi\u00f3 explicar cu\u00e1l era su pensamiento sobre la moci\u00f3n y vino a decir, mediante el Moderador de turno, que la meta de la Asamblea era la propuesta por la CP (y la moci\u00f3n), es decir, elaborar un Proyecto pastoral para los seis pr\u00f3ximos a\u00f1os.<\/p>\n<p>La cuesti\u00f3n no qued\u00f3 resuelta hasta que la Comisi\u00f3n Central no concret\u00f3 c\u00f3mo iba a ser ese Proyecto. Este fue delineado as\u00ed:<\/p>\n<p>Introducci\u00f3n; tres apartados: evangelizaci\u00f3n de los pobres; comunidad para la misi\u00f3n; formaci\u00f3n para la misi\u00f3n.<\/p>\n<p>El contenido de cada uno de estos apartados ser\u00eda: situaci\u00f3n; principios de acci\u00f3n; l\u00edneas de acci\u00f3n.<\/p>\n<p>Conclusi\u00f3n, con disposiciones concretas para la asimilaci\u00f3n y evaluaci\u00f3n del Proyecto.<\/p>\n<p>El plan \u00abProyecto\u00bb fue aprobado por 109 votos en favor, 8 en contra y 7 abstenciones.<\/p>\n<h3>3\u00ba. <em>Fases de estudio de cada parte:<\/em><\/h3>\n<ul>\n<li>exposici\u00f3n de las experiencias positivas y negativas;<\/li>\n<li>elaboraci\u00f3n del primer Documento sobre cada uno de los temas, aunque no siempre se fue fiel al orden establecido;<\/li>\n<li>debate en el aula despu\u00e9s de la exposici\u00f3n de cada tema. Tam\u00adpoco se fue siempre fiel a este paso. Seg\u00fan el Directorio hab\u00eda derecho a poner las mociones que se creyeran oportunas;<\/li>\n<li>aprobaci\u00f3n por parte de la Asamblea de los Documentos pre\u00adsentados por las Comisiones. Todo este material pasar\u00eda a la Comi\u00adsi\u00f3n de Redacci\u00f3n.<\/li>\n<\/ul>\n<p>A mi juicio se pec\u00f3 por exceso, es decir, por abundancia de material. La Comisi\u00f3n de Redacci\u00f3n se lament\u00f3 de no haber podido atender a tanto material como se la entreg\u00f3.<\/p>\n<h2><strong>La Comisi\u00f3n de Redacci\u00f3n<\/strong><\/h2>\n<p>Estuvo compuesta por cuatro miembros: uno fue nombrado por la Comisi\u00f3n Central y los otros tres por las Comisiones respectivas: evangelizaci\u00f3n, comunidad y formaci\u00f3n.<\/p>\n<p>La Comisi\u00f3n para las cuestiones jur\u00eddicas no entr\u00f3 a formar parte. Dada lo peculiar de su cometido, ella misma traz\u00f3 su camino con consentimiento de la Comisi\u00f3n Central y de la Asamblea.<\/p>\n<p>Fue el mismo P. General quien, por diversas razones, decidi\u00f3 que el texto \u00aboficial\u00bb fuera en espa\u00f1ol. Todos los componentes de la Comisi\u00f3n de Redacci\u00f3n sab\u00edan esta lengua, pero eran de nacio\u00adnalidad diversa. Este detalle dificult\u00f3 la redacci\u00f3n.<\/p>\n<p>La Comisi\u00f3n de Redacci\u00f3n tuvo grandes dificultades en el cum\u00adplimiento de su cometido. Por una parte, el poco tiempo de que dis\u00adpuso. Por otra, el inmenso material que ten\u00eda que estudiar. Present\u00f3 el primer Documento el 14 de julio, en la sesi\u00f3n XXVI. El Presi\u00addente de la Comisi\u00f3n expuso los criterios que hab\u00edan seguido:<\/p>\n<ul>\n<li>fidelidad a los textos recibidos;<\/li>\n<li>flexibilidad en la redacci\u00f3n del texto;<\/li>\n<li>brevedad;<\/li>\n<li>rapidez;<\/li>\n<li>claridad, elegancia e inspiraci\u00f3n.<\/li>\n<\/ul>\n<p>Cada miembro de la Comisi\u00f3n de Redacci\u00f3n present\u00f3 la parte que le correspond\u00eda, aclarando lo que la Comisi\u00f3n hab\u00eda aceptado y rechazado y las razones de su comportamiento. Se daba lugar para poner las oportunas mociones, si alguno de los asamble\u00edstas lo deseaba.<\/p>\n<p>Las exposiciones no fueron convincentes. Los mismos miem\u00adbros de la Comisi\u00f3n declararon que no tuvieron ni tiempo, ni tran\u00adquilidad para estudiar todo el material.<\/p>\n<p>Esta es la raz\u00f3n por la que algunos intentaron poner una moci\u00f3n para purificar m\u00e1s el texto. No se lleg\u00f3 a poner tal moci\u00f3n. Los interesados hablaron antes con la Comisi\u00f3n Central. Esta pre\u00adfiri\u00f3 estudiar el intento. La decisi\u00f3n que tom\u00f3 fue que el P. Gene\u00adral y su Consejo se encargar\u00edan de buscar las personas adecuadas para dar la \u00faltima mano a la redacci\u00f3n definitiva. Hecha esta labor, se enviar\u00eda cuanto antes el texto definitivo a los Visitadores.<\/p>\n<h2><em>Discurso de Juan Pablo II<\/em><\/h2>\n<p>En el Documento conclusivo de la Asamblea hay tres citas del saludo que Juan Pablo II tuvo a bien dirigir a los asamble\u00edstas, el 30 de junio de 1986. La alocuci\u00f3n del Papa, muy acorde con los temas de la Asamblea, sirvi\u00f3 para algo m\u00e1s que tomar de ella unas citas.<\/p>\n<p>Es justo resaltar que, esta vez, la conexi\u00f3n entre la Curia de la Congregaci\u00f3n y la Curia Romana funcion\u00f3. El Papa, o el que le hiciera el discurso, estaba enterado de lo que ocupaba a los asam\u00adble\u00edstas.<\/p>\n<p>Juan Pablo II dej\u00f3 constancia de su sorpresa al ver la <em>\u00abvolun\u00ad<\/em><em>tad un\u00e1nime de avanzar juntos en las tres direcciones: evangeliza\u00ad<\/em><em>ci\u00f3n de los pobres, comunidad para la misi\u00f3n y formaci\u00f3n para la misi\u00f3n\u00bb.<\/em><\/p>\n<h3><em>Evangelizaci\u00f3n de los pobres<\/em><\/h3>\n<p>El Papa se congratul\u00f3 al ver a la Congregaci\u00f3n sintonizada con el esp\u00edritu del Fundador, quien escribi\u00f3: <em>\u00abSomos los sacerdotes de <\/em><em>los pobres\u00bb. <\/em>Cit\u00f3 el Papa otra frase de San Vicente, calificada por el mismo Papa, de conmovedora: <em>\u00abA los pobres hay que ir como se va a apagar un fuego\u00bb.<\/em><\/p>\n<p>Asegur\u00f3 que la Congregaci\u00f3n estaba en la l\u00ednea de la Gaudium et Spes y advirti\u00f3 tener cuidado para no quedar desfasados. Las formas de pobreza han cambiado mucho desde el siglo XVII, pero no han desaparecido. Han aparecido, en cambio, otras nuevas. San Vicente <em>\u00abremover\u00eda cielo y tierra para ir en ayuda de los pobres de <\/em><em>hoy para evangelizarlos\u00bb.<\/em><\/p>\n<p>La consigna es clara: <em>\u00abM\u00e1s que nunca, con audacia, humildad <\/em><em>y competencia, buscad las causas de la pobreza y estimulad solu\u00adciones a corto y a largo plazo, soluciones concretas, flexibles, efica\u00adces. Si actu\u00e1is as\u00ed, cooperar\u00e9is a la credibilidad del Evangelio y de la Iglesia&#8230;\u00bb<\/em>.<\/p>\n<h3><em>Comunidad para la misi\u00f3n<\/em><\/h3>\n<p>Confiesa el Papa que tambi\u00e9n le ha llamado la atenci\u00f3n la volun\u00adtad de relanzar la vida comunitaria. San Vicente no fue amigo ni de ego\u00edsmos ni de particularismos, asegura Juan Pablo II. El sen\u00adtido comunitario de san Vicente se inspir\u00f3 en el misterio de la San\u00adt\u00edsima Trinidad. El Papa se hace esta pregunta: <em>\u00ab\u00bfQu\u00e9 dir\u00eda hoy San <\/em><em>Vicente si viera que surgen comunidades, signos claros de una nece\u00ad<\/em><em>sidad de vida comunitaria en una sociedad an\u00f3nima y fr\u00eda?\u00bb<\/em><\/p>\n<p>Aconseja hacer bien los Proyectos comunitarios y que los misio\u00adneros: <em>\u00abreserven un tiempo cada semana o cada quince d\u00edas para pro\u00ad<\/em><em>fundizar en el misterio de la oraci\u00f3n, para impregnarse de los <\/em><em>escritos del Fundador, para revisar las actividades y la mar\u00ad<\/em><em>cha de la vida fraterna\u00bb.<\/em><\/p>\n<p>Sobre la corresponsabilidad advierte que se entienda bien. No desea el Papa que la responsabilidad de los Superiores se reduzca exclusivamente a subscribir lo que diga la mayor\u00eda, aunque todos tienen que ayudarle a que mantenga la comunidad dentro de la fide\u00adlidad vicenciana.<\/p>\n<p>Las Comunidades de la Congregaci\u00f3n debieran ser, as\u00ed lo desea Juan Pablo II, testigos de la sencillez, de la alegr\u00eda, de la pobreza, de la comprensi\u00f3n de los problemas actuales y del fervor apost\u00f3\u00adlico. Estimul\u00f3 a que haya intercambios entre las Casas y las Pro\u00advincias para ayudarse mutuamente.<\/p>\n<h3>Formaci\u00f3n para la misi\u00f3n<\/h3>\n<p>Juan Pablo II invita a la Congregaci\u00f3n a que trabaje en este campo de la formaci\u00f3n. Seg\u00fan el Papa, San Vicente mantendr\u00eda hoy <em>\u00abcontra viento y marea\u00bb <\/em>la intimidad con Dios y el sentido de Dios. Dar\u00eda gran resonancia a los textos conciliares que se\u00f1alan como ra\u00edz de la unidad entre vida y ministerio sacerdotal la uni\u00f3n con Cristo y su caridad pastoral.<\/p>\n<p>San Vicente habr\u00eda insistido en lo que establece el Decreto sobre la formaci\u00f3n de los sacerdotes; sobre las misiones popula\u00adres; sobre la adaptaci\u00f3n del lenguaje y de los m\u00e9todos. Por eso, el Papa apoya sin reserva alguna el plan para potenciar la formaci\u00f3n de los miembros de la Congregaci\u00f3n, Padres y Hermanos, en todos los aspectos, con la \u00fanica condici\u00f3n de que sea una formaci\u00f3n adap\u00adtada a la misi\u00f3n y a las exigencias del mundo de hoy.<\/p>\n<p>La preocupaci\u00f3n de la Asamblea por la formaci\u00f3n de los for\u00admadores tambi\u00e9n fue compartida por Juan Pablo II. Sugiri\u00f3 que los j\u00f3venes candidatos a misioneros se inserten temporalmente en un buen equipo sacerdotal, con el fin de alcanzar una mayor madu\u00adrez y fortalecerse en la vocaci\u00f3n.<\/p>\n<h3>El Centro de estudios vicencianos<\/h3>\n<p>En la informaci\u00f3n que se envi\u00f3 a la Curia Romana se hac\u00eda men\u00adci\u00f3n de este asunto. El Papa mostr\u00f3 su conformidad con esta idea y dijo: <em>\u00abEste Centro puede contribuir a la renovaci\u00f3n de la unidad\u00bb, <\/em>seg\u00fan reza el lema de esta XXXVII Asamblea General.<\/p>\n<h3>Exhortaci\u00f3n final<\/h3>\n<p>La exhortaci\u00f3n final merece copiarse literalmente:<\/p>\n<p><em>\u00abQueridos hijos de San Vicente: La Iglesia de este tiempo <\/em><em>espera mucho de vosotros. \u00a1Ella no quedar\u00e1 defraudada! Con esta esperanza invoco sobre la Congregaci\u00f3n de la Misi\u00f3n, sus responsables y todos sus miembros, las m\u00e1s abundantes ben\u00addiciones divinas y la protecci\u00f3n maternal de Mar\u00eda Inmacu<\/em><em>lada, nuestra Se\u00f1ora de la Medalla Milagrosa\u00bb<\/em><\/p>\n<p>Para algunos, el Proyecto pastoral deseado quedaba delineado en el discurso del Papa. A los veteranos de otras Asambleas les record\u00f3 aquella frase de Pablo VI, dicha a los asamble\u00edstas de 1974: <em>\u00abSois la esperanza de los pobres\u00bb<\/em><\/p>\n<h2><em>Clausura de la Asamblea<\/em><\/h2>\n<p>Para el P. General, el discurso de clausura es como un \u00abpost\u00adscriptum\u00bb que viene despu\u00e9s de millares de palabras pronuncia\u00addas durante la Asamblea. Si el \u00abpostscriptum \u00bb es la \u00faltima pala\u00adbra, en este caso no lo es. Evoca el P. General un pensamiento de San Juan de la Cruz: Para Dios la \u00faltima es su Hijo <em>\u00abque es su Pala\u00ad<\/em><em>bra y no tiene otra m\u00e1s que hablar\u00bb. <\/em>Para San Vicente la \u00faltima palabra es tambi\u00e9n Cristo, <em>\u00abRegla de la Misi\u00f3n\u00bb<\/em>.<\/p>\n<h3><em>Finalidad del Documento<\/em><\/h3>\n<p>Despu\u00e9s de la sabrosa introducci\u00f3n, el P. General se pregunta: \u00bfA d\u00f3nde nos llevar\u00e1 el Documento que hemos escrito? La respuesta la da \u00e9l mismo: A los pobres, sin duda, pero \u00bfs\u00f3lo a los pobres? No, responde, sino tambi\u00e9n a Jesucristo, principio y fin de todo.<\/p>\n<h3><em>La misi\u00f3n significa \u00abida y vuelta\u00bb<\/em><\/h3>\n<p>El t\u00e9rmino misi\u00f3n ha sido una palabra clave en esta Asamblea, como lo fue en la experiencia de Jes\u00fas. No nos basta vivir con res\u00adponsabilidad la dedicaci\u00f3n a los pobres, es necesario tambi\u00e9n per\u00adcibir el sentido de <em>\u00abmisi\u00f3n\u00bb. <\/em>La misi\u00f3n es, como para Jesucristo, ida y vuelta:<\/p>\n<p>Se trata de ir a predicar a los pobres y de sentirse enviado por Dios; reconocer que de El partimos.<\/p>\n<p>La Comunidad es para la misi\u00f3n, pero se crea a partir de la misi\u00f3n.<\/p>\n<p>La formaci\u00f3n es para la misi\u00f3n, pero orientada por las exi\u00adgencias de la misi\u00f3n.<\/p>\n<p>Como la misi\u00f3n de Cristo fue obediencia al Padre, as\u00ed tam\u00adbi\u00e9n nuestra misi\u00f3n debe ser obediencia a la voz del Se\u00f1or que nos habla por la Iglesia y por aquellos <em>\u00aben cuyas manos han sido puestas nuestras almas\u00bb<\/em>.<\/p>\n<p>La misi\u00f3n y la evangelizaci\u00f3n tendr\u00e1n profundidad si estamos unidos a Cristo en la oraci\u00f3n, el \u00fanico modo de no confundir evan\u00adgelizaci\u00f3n con actividad.<\/p>\n<h3><em>El compromiso de los asamble\u00edstas<\/em><\/h3>\n<p>Toca ahora a los asamble\u00edstas esclarecer y explicar el conte\u00adnido del Documento conclusivo de esta Asamblea. Pero teniendo en cuenta que una Asamblea es mucho m\u00e1s que un Documento.<\/p>\n<p>En nuestros corazones han quedado escritas muchas m\u00e1s cosas, sin olvidar que la \u00abgentileza y la humildad\u00bb en escucharnos mutua\u00admente han sido una de las caracter\u00edsticas de esta Asamblea. No importa que no hayamos escrito el mejor de los documentos. Tam\u00adpoco Dios cre\u00f3 el mejor de los mundos.<\/p>\n<h3><em>Con lo que parece poco se puede hacer mucho<\/em><\/h3>\n<p>Al referirse al estudio del Documento, el P. General aprovech\u00f3 la ocasi\u00f3n para formular unas cuantas e interesantes preguntas:<\/p>\n<ul>\n<li><em>\u00bfQu\u00e9 ser\u00eda de la Congregaci\u00f3n si cada uno de sus miembros <\/em><em>alimentara su ministerio celibatario con la dedicaci\u00f3n de una <\/em><em>hora diaria a la oraci\u00f3n mental?<\/em><\/li>\n<li><em>\u00bfQu\u00e9 ser\u00eda de la Congregaci\u00f3n si todos sus miembros die\u00ad<\/em><em>ran cabida en su coraz\u00f3n siquiera a un pobre m\u00e1s con el cual <\/em><em>compartir el pan de la palabra de Dios?<\/em><\/li>\n<li><em>\u00bfQu\u00e9 ser\u00eda de la Congregaci\u00f3n si cada uno de sus miembros <\/em><em>encontrase a Jesucristo m\u00e1s a menudo y m\u00e1s regularmente <\/em><em>en el Sacramento de la Reconciliaci\u00f3n?<\/em><\/li>\n<li><em>\u00bfQu\u00e9 ser\u00eda de la Congregaci\u00f3n si cada uno de sus miembros <\/em><em>tratase de sumergirse m\u00e1s profundamente en la fuente y <\/em><em>remontarse m\u00e1s hacia la cima de la evangelizaci\u00f3n, la Euca\u00adrist\u00eda?<\/em><\/li>\n<li><em>\u00bfQu\u00e9 ser\u00eda de la Congregaci\u00f3n si cada uno de sus miembros <\/em><em>decidiera aumentar un diez por ciento el tiempo que dedica <\/em><em>a estar con la Comunidad?<\/em><\/li>\n<li><em>\u00bfQu\u00e9 ser\u00eda de la Congregaci\u00f3n si cada uno de sus miembros <\/em><em>fijase m\u00e1s profundamente su mirada en aquella a quien Pablo <\/em><em>VI salud\u00f3 como la \u00abestrella de la evangelizaci\u00f3n\u00bb?<\/em><\/li>\n<\/ul>\n<p>Despu\u00e9s de una larga lista de personas a quienes el P. General agradece su colaboraci\u00f3n al \u00e9xito de la Asamblea, termina con unas palabras de San Vicente, dirigidas al P. Planchamp, en julio de 1657. Le ruega siga trabajando para unirse m\u00e1s a Cristo y a su Superior, a fin de que viva en una gran dependencia de Dios y de las perso\u00adnas que le representan. Este es el medio de encontrar y aumentar la paz y de hacerse instrumento \u00fatil en manos del omnipotente Dios.<\/p>\n<h2><em>Las homil\u00edas<\/em><\/h2>\n<p>El ambiente de la homil\u00eda es propicio para templar los esp\u00edri\u00adtus. La palabra de Dios, siempre fecunda, se reviste de una nueva encarnaci\u00f3n en la palabra del P. General con el estilo que le es pro\u00adpio.<\/p>\n<p>Tres fueron las homil\u00edas que pronunci\u00f3 durante el curso de la Asamblea: la de la Misa de apertura, el d\u00eda 18 de junio; la de la Misa previa a la elecci\u00f3n del Superior General y la del 16 de julio, fiesta de la Virgen del Carmen, en la Misa de clausura de la Asamblea.<\/p>\n<p>En la primera hizo una llamada para que nos revistamos del esp\u00edritu de Cristo como el profeta Eliseo se revisti\u00f3 y hered\u00f3 el esp\u00ed\u00adritu de El\u00edas.<\/p>\n<p>Insisti\u00f3 en el sentido prof\u00e9tico de la Congregaci\u00f3n, idea que recoge el Documento de la Asamblea.<\/p>\n<p>Termin\u00f3 con una oraci\u00f3n de San Vicente en la que pide al Se\u00f1or conceda el esp\u00edritu a la Compa\u00f1\u00eda a fin de que sea cada vez m\u00e1s agradable a sus ojos, para que cada uno de sus miembros se llene de celo y pueda decir lo que dijo San Pablo: <em>\u00abVivo yo, mas <\/em><em>no soy yo, es Cristo quien vive en <\/em>m\u00ed\u00bb.<\/p>\n<p>En la celebraci\u00f3n eucar\u00edstica previa a la elecci\u00f3n del Superior General la idea central es ver las cosas seg\u00fan las ve Dios, juzgarlas seg\u00fan los criterios del Esp\u00edritu y seg\u00fan la mente de Cristo.<\/p>\n<p>El profeta Am\u00f3s, que tanto luch\u00f3 por la justicia en favor de los pobres, censur\u00f3 tambi\u00e9n la abundancia y el bienestar. El P. General quer\u00eda que se pensase como Superior General en <em>\u00abuna per\u00ad<\/em><em>sona que &#8216;impulsada por el Esp\u00edritu&#8217; nos incomodase en nuestro bie\u00adhestar social para ser aut\u00e9nticos profetas y hablar con la voz de los pobres y oprimidos\u00bb<\/em>.<\/p>\n<p>La tercera homil\u00eda fue la de despedida. El Documento ya estaba hecho y aprobado en su contenido, aunque no definitivamente redactado. El Superior General tuvo la buena ocurrencia de consi\u00adderar los temas tratados a la luz de Mar\u00eda. La pregunta fue:<\/p>\n<p><em>\u00bfQu\u00e9 tiene que decirnos la Madre de Dios sobre los temas que <\/em><em>hemos discutido?<\/em><\/p>\n<p><em>Ella fue en busca de los pobres cuando visit\u00f3 a su prima <\/em><em>Isabel.<\/em><\/p>\n<p><em>Es significativo que, fuera del momento de la Anunciaci\u00f3n, <\/em><em>siempre se la ve acompa\u00f1ada, en comunidad, en la que, sin <\/em><em>duda, experiment\u00f3 las limitaciones humanas. En la comuni\u00ad<\/em><em>dad de Nazaret vivi\u00f3 el Salvador.<\/em><\/p>\n<p><em>* En el Cen\u00e1culo esper\u00f3 el acontecimiento de Pentecost\u00e9s, en <\/em><em>uni\u00f3n con los Ap\u00f3stoles, en espera del Esp\u00edritu Santo, el que <\/em><em>deb\u00eda \u00abformarles\u00bb como heraldos del Reino.<\/em><\/p>\n<p><em>* \u00bfQu\u00e9 significado tendr\u00edan para Mar\u00eda, Madre de Dios, las <\/em><em>palabras: UNUM CORPUS, UNUS SPIRITUS IN CHRISTO? <\/em><em>Por espacio de nueve meses aquellos cuerpos, el de la Madre <\/em><em>y el del Hijo, existieron en la m\u00e1s \u00edntima uni\u00f3n.<\/em><\/p>\n<p><em>Despu\u00e9s de la Resurrecci\u00f3n, Mar\u00eda pudo apercibirse de lo que <\/em><em>significar\u00eda formar un solo CUERPO CON CRISTO y, de la <\/em><em>misma manera, aumentar\u00eda la comprensi\u00f3n del UNUS SPI\u00ad<\/em><em>RITUS. Para Mar\u00eda, \u00abUN CUERPO y UN ESPIRITU EN <\/em><em>CRISTO\u00bb fue adquiriendo nuevos significados al correr de su vida, a medida que ve\u00eda c\u00f3mo crec\u00eda el Cuerpo M\u00edstico de su <\/em><em>Hijo.\u00bb<\/em><\/p>\n<p>El Superior General no pudo menos de recordar las ternezas de Mar\u00eda para con la Compa\u00f1\u00eda.<\/p>\n<p>El P. Alm\u00e9ras, primer sucesor de San Vicente, consagr\u00f3 la Compa\u00f1\u00eda a la Virgen.<\/p>\n<p>Las apariciones de 1830 han supuesto un hito mariano para la Congregaci\u00f3n de importancia singular. Era justo agradecer a Mar\u00eda tantas bendiciones como ha derramado sobre la Congrega\u00adci\u00f3n de la Misi\u00f3n.<\/p>\n<p>La homil\u00eda terminaba con la oraci\u00f3n del P. Alm\u00e9ras a la Virgen:<\/p>\n<p><em>\u00abImplorad, ben\u00e9vola, de vuestro Hijo Jesucristo, para todos <\/em><em>nosotros una gran caridad y una mutua uni\u00f3n, exactitud en <\/em><em>la observancia de las Reglas y, finalmente, perseverancia en <\/em><em>nuestra vocaci\u00f3n, de suerte que habiendo servido en ella a <\/em><em>vuestro Hijo, sigui\u00e9ndole e imit\u00e1ndole fielmente, podamos ala\u00ad<\/em><em>barle por toda la eternidad. Am\u00e9n<\/em>.<\/p>\n","protected":false},"excerpt":{"rendered":"<p>Reflexi\u00f3n del P. General El P. General no ofreci\u00f3 una relaci\u00f3n sobre el estado de la Con\u00adgregaci\u00f3n seg\u00fan el modelo seguido en las anteriores Asambleas. Ofreci\u00f3 \u00absu reflexi\u00f3n\u00bb, \u00absu meditaci\u00f3n\u00bb sobre el estado de la &#8230; <a href=\"https:\/\/vincentians.com\/es\/estado-de-la-congregacion-1986\/\" class=\"more-link\">Read More<\/a><\/p>\n","protected":false},"author":5,"featured_media":399894,"comment_status":"open","ping_status":"open","sticky":false,"template":"","format":"standard","meta":{"jetpack_post_was_ever_published":false,"_jetpack_newsletter_access":"","_jetpack_dont_email_post_to_subs":false,"_jetpack_newsletter_tier_id":0,"_jetpack_memberships_contains_paywalled_content":false,"_jetpack_memberships_contains_paid_content":false,"footnotes":"","jetpack_publicize_message":"","jetpack_publicize_feature_enabled":true,"jetpack_social_post_already_shared":true,"jetpack_social_options":{"image_generator_settings":{"template":"highway","default_image_id":0,"font":"","enabled":false},"version":2}},"categories":[16,214],"tags":[176,280],"class_list":["post-40258","post","type-post","status-publish","format-standard","has-post-thumbnail","hentry","category-congregacion-de-la-mision","category-historia-de-la-congregacion-de-la-mision","tag-misiones-populares","tag-san-juan-de-la-cruz"],"yoast_head":"<!-- This site is optimized with the Yoast SEO plugin v26.3 - https:\/\/yoast.com\/wordpress\/plugins\/seo\/ -->\n<title>Estado de la Congregaci\u00f3n (1986) - Somos Vicencianos<\/title>\n<meta name=\"robots\" content=\"index, follow, max-snippet:-1, max-image-preview:large, max-video-preview:-1\" \/>\n<link rel=\"canonical\" href=\"http:\/\/vincentians.com\/es\/estado-de-la-congregacion-1986\/\" \/>\n<meta property=\"og:locale\" content=\"es_ES\" \/>\n<meta property=\"og:type\" content=\"article\" \/>\n<meta property=\"og:title\" content=\"Estado de la Congregaci\u00f3n (1986) - Somos Vicencianos\" \/>\n<meta property=\"og:description\" content=\"Reflexi\u00f3n del P. General El P. General no ofreci\u00f3 una relaci\u00f3n sobre el estado de la Con\u00adgregaci\u00f3n seg\u00fan el modelo seguido en las anteriores Asambleas. Ofreci\u00f3 \u00absu reflexi\u00f3n\u00bb, \u00absu meditaci\u00f3n\u00bb sobre el estado de la ... Read More\" \/>\n<meta property=\"og:url\" content=\"http:\/\/vincentians.com\/es\/estado-de-la-congregacion-1986\/\" \/>\n<meta property=\"og:site_name\" content=\"Somos Vicencianos\" \/>\n<meta property=\"article:publisher\" content=\"https:\/\/www.facebook.com\/WeAreVincentians\/\" \/>\n<meta property=\"article:published_time\" content=\"2020-10-28T07:07:35+00:00\" \/>\n<meta property=\"og:image\" content=\"https:\/\/i0.wp.com\/vincentians.com\/es\/wp-content\/uploads\/sites\/11\/2016\/09\/anyos-vida-vicente.jpg?fit=1200%2C630\" \/>\n\t<meta property=\"og:image:width\" content=\"1200\" \/>\n\t<meta property=\"og:image:height\" content=\"630\" \/>\n\t<meta property=\"og:image:type\" content=\"image\/jpeg\" \/>\n<meta name=\"author\" content=\"Mitxel Olabu\u00e9naga\" \/>\n<meta name=\"twitter:card\" content=\"summary_large_image\" \/>\n<meta name=\"twitter:creator\" content=\"@WeVincentians\" \/>\n<meta name=\"twitter:site\" content=\"@WeVincentians\" \/>\n<meta name=\"twitter:label1\" content=\"Escrito por\" \/>\n\t<meta name=\"twitter:data1\" content=\"Mitxel Olabu\u00e9naga\" \/>\n\t<meta name=\"twitter:label2\" content=\"Tiempo de lectura\" \/>\n\t<meta name=\"twitter:data2\" content=\"26 minutos\" \/>\n<script type=\"application\/ld+json\" class=\"yoast-schema-graph\">{\"@context\":\"https:\/\/schema.org\",\"@graph\":[{\"@type\":\"Article\",\"@id\":\"http:\/\/vincentians.com\/es\/estado-de-la-congregacion-1986\/#article\",\"isPartOf\":{\"@id\":\"http:\/\/vincentians.com\/es\/estado-de-la-congregacion-1986\/\"},\"author\":{\"name\":\"Mitxel Olabu\u00e9naga\",\"@id\":\"http:\/\/vincentians.com\/es\/#\/schema\/person\/7c2670b4445a7ca9d164ea6acdb31859\"},\"headline\":\"Estado de la Congregaci\u00f3n (1986)\",\"datePublished\":\"2020-10-28T07:07:35+00:00\",\"mainEntityOfPage\":{\"@id\":\"http:\/\/vincentians.com\/es\/estado-de-la-congregacion-1986\/\"},\"wordCount\":5116,\"commentCount\":0,\"publisher\":{\"@id\":\"http:\/\/vincentians.com\/es\/#organization\"},\"image\":{\"@id\":\"http:\/\/vincentians.com\/es\/estado-de-la-congregacion-1986\/#primaryimage\"},\"thumbnailUrl\":\"https:\/\/i0.wp.com\/vincentians.com\/es\/wp-content\/uploads\/sites\/11\/2016\/09\/anyos-vida-vicente.jpg?fit=1200%2C630&ssl=1\",\"keywords\":[\"Misiones Populares\",\"San Juan de la Cruz\"],\"articleSection\":[\"Congregaci\u00f3n de la Misi\u00f3n\",\"Historia de la Congregaci\u00f3n de la Misi\u00f3n\"],\"inLanguage\":\"es\",\"potentialAction\":[{\"@type\":\"CommentAction\",\"name\":\"Comment\",\"target\":[\"http:\/\/vincentians.com\/es\/estado-de-la-congregacion-1986\/#respond\"]}]},{\"@type\":\"WebPage\",\"@id\":\"http:\/\/vincentians.com\/es\/estado-de-la-congregacion-1986\/\",\"url\":\"http:\/\/vincentians.com\/es\/estado-de-la-congregacion-1986\/\",\"name\":\"Estado de la Congregaci\u00f3n (1986) - Somos Vicencianos\",\"isPartOf\":{\"@id\":\"http:\/\/vincentians.com\/es\/#website\"},\"primaryImageOfPage\":{\"@id\":\"http:\/\/vincentians.com\/es\/estado-de-la-congregacion-1986\/#primaryimage\"},\"image\":{\"@id\":\"http:\/\/vincentians.com\/es\/estado-de-la-congregacion-1986\/#primaryimage\"},\"thumbnailUrl\":\"https:\/\/i0.wp.com\/vincentians.com\/es\/wp-content\/uploads\/sites\/11\/2016\/09\/anyos-vida-vicente.jpg?fit=1200%2C630&ssl=1\",\"datePublished\":\"2020-10-28T07:07:35+00:00\",\"breadcrumb\":{\"@id\":\"http:\/\/vincentians.com\/es\/estado-de-la-congregacion-1986\/#breadcrumb\"},\"inLanguage\":\"es\",\"potentialAction\":[{\"@type\":\"ReadAction\",\"target\":[\"http:\/\/vincentians.com\/es\/estado-de-la-congregacion-1986\/\"]}]},{\"@type\":\"ImageObject\",\"inLanguage\":\"es\",\"@id\":\"http:\/\/vincentians.com\/es\/estado-de-la-congregacion-1986\/#primaryimage\",\"url\":\"https:\/\/i0.wp.com\/vincentians.com\/es\/wp-content\/uploads\/sites\/11\/2016\/09\/anyos-vida-vicente.jpg?fit=1200%2C630&ssl=1\",\"contentUrl\":\"https:\/\/i0.wp.com\/vincentians.com\/es\/wp-content\/uploads\/sites\/11\/2016\/09\/anyos-vida-vicente.jpg?fit=1200%2C630&ssl=1\",\"width\":1200,\"height\":630},{\"@type\":\"BreadcrumbList\",\"@id\":\"http:\/\/vincentians.com\/es\/estado-de-la-congregacion-1986\/#breadcrumb\",\"itemListElement\":[{\"@type\":\"ListItem\",\"position\":1,\"name\":\"Portada\",\"item\":\"http:\/\/vincentians.com\/es\/\"},{\"@type\":\"ListItem\",\"position\":2,\"name\":\"Estado de la Congregaci\u00f3n (1986)\"}]},{\"@type\":\"WebSite\",\"@id\":\"http:\/\/vincentians.com\/es\/#website\",\"url\":\"http:\/\/vincentians.com\/es\/\",\"name\":\"Somos Vicencianos\",\"description\":\"Know more to serve more\",\"publisher\":{\"@id\":\"http:\/\/vincentians.com\/es\/#organization\"},\"potentialAction\":[{\"@type\":\"SearchAction\",\"target\":{\"@type\":\"EntryPoint\",\"urlTemplate\":\"http:\/\/vincentians.com\/es\/?s={search_term_string}\"},\"query-input\":{\"@type\":\"PropertyValueSpecification\",\"valueRequired\":true,\"valueName\":\"search_term_string\"}}],\"inLanguage\":\"es\"},{\"@type\":\"Organization\",\"@id\":\"http:\/\/vincentians.com\/es\/#organization\",\"name\":\"The Vincentian Network\",\"url\":\"http:\/\/vincentians.com\/es\/\",\"logo\":{\"@type\":\"ImageObject\",\"inLanguage\":\"es\",\"@id\":\"http:\/\/vincentians.com\/es\/#\/schema\/logo\/image\/\",\"url\":\"https:\/\/i1.wp.com\/vincentians.com\/es\/wp-content\/uploads\/sites\/11\/2016\/06\/Vincentian-Network-logo-big.png?fit=778%2C778\",\"contentUrl\":\"https:\/\/i1.wp.com\/vincentians.com\/es\/wp-content\/uploads\/sites\/11\/2016\/06\/Vincentian-Network-logo-big.png?fit=778%2C778\",\"width\":778,\"height\":778,\"caption\":\"The Vincentian Network\"},\"image\":{\"@id\":\"http:\/\/vincentians.com\/es\/#\/schema\/logo\/image\/\"},\"sameAs\":[\"https:\/\/www.facebook.com\/WeAreVincentians\/\",\"https:\/\/x.com\/WeVincentians\"]},{\"@type\":\"Person\",\"@id\":\"http:\/\/vincentians.com\/es\/#\/schema\/person\/7c2670b4445a7ca9d164ea6acdb31859\",\"name\":\"Mitxel Olabu\u00e9naga\",\"image\":{\"@type\":\"ImageObject\",\"inLanguage\":\"es\",\"@id\":\"http:\/\/vincentians.com\/es\/#\/schema\/person\/image\/\",\"url\":\"https:\/\/secure.gravatar.com\/avatar\/34137ec2e2b8939cbbed975731e71f3f4f1defc7266ded337a5ce0f925426877?s=96&d=mm&r=g\",\"contentUrl\":\"https:\/\/secure.gravatar.com\/avatar\/34137ec2e2b8939cbbed975731e71f3f4f1defc7266ded337a5ce0f925426877?s=96&d=mm&r=g\",\"caption\":\"Mitxel Olabu\u00e9naga\"},\"url\":\"https:\/\/vincentians.com\/es\/author\/mitxel\/\"}]}<\/script>\n<!-- \/ Yoast SEO plugin. -->","yoast_head_json":{"title":"Estado de la Congregaci\u00f3n (1986) - Somos Vicencianos","robots":{"index":"index","follow":"follow","max-snippet":"max-snippet:-1","max-image-preview":"max-image-preview:large","max-video-preview":"max-video-preview:-1"},"canonical":"http:\/\/vincentians.com\/es\/estado-de-la-congregacion-1986\/","og_locale":"es_ES","og_type":"article","og_title":"Estado de la Congregaci\u00f3n (1986) - Somos Vicencianos","og_description":"Reflexi\u00f3n del P. General El P. General no ofreci\u00f3 una relaci\u00f3n sobre el estado de la Con\u00adgregaci\u00f3n seg\u00fan el modelo seguido en las anteriores Asambleas. Ofreci\u00f3 \u00absu reflexi\u00f3n\u00bb, \u00absu meditaci\u00f3n\u00bb sobre el estado de la ... Read More","og_url":"http:\/\/vincentians.com\/es\/estado-de-la-congregacion-1986\/","og_site_name":"Somos Vicencianos","article_publisher":"https:\/\/www.facebook.com\/WeAreVincentians\/","article_published_time":"2020-10-28T07:07:35+00:00","og_image":[{"width":1200,"height":630,"url":"https:\/\/i0.wp.com\/vincentians.com\/es\/wp-content\/uploads\/sites\/11\/2016\/09\/anyos-vida-vicente.jpg?fit=1200%2C630","type":"image\/jpeg"}],"author":"Mitxel Olabu\u00e9naga","twitter_card":"summary_large_image","twitter_creator":"@WeVincentians","twitter_site":"@WeVincentians","twitter_misc":{"Escrito por":"Mitxel Olabu\u00e9naga","Tiempo de lectura":"26 minutos"},"schema":{"@context":"https:\/\/schema.org","@graph":[{"@type":"Article","@id":"http:\/\/vincentians.com\/es\/estado-de-la-congregacion-1986\/#article","isPartOf":{"@id":"http:\/\/vincentians.com\/es\/estado-de-la-congregacion-1986\/"},"author":{"name":"Mitxel Olabu\u00e9naga","@id":"http:\/\/vincentians.com\/es\/#\/schema\/person\/7c2670b4445a7ca9d164ea6acdb31859"},"headline":"Estado de la Congregaci\u00f3n (1986)","datePublished":"2020-10-28T07:07:35+00:00","mainEntityOfPage":{"@id":"http:\/\/vincentians.com\/es\/estado-de-la-congregacion-1986\/"},"wordCount":5116,"commentCount":0,"publisher":{"@id":"http:\/\/vincentians.com\/es\/#organization"},"image":{"@id":"http:\/\/vincentians.com\/es\/estado-de-la-congregacion-1986\/#primaryimage"},"thumbnailUrl":"https:\/\/i0.wp.com\/vincentians.com\/es\/wp-content\/uploads\/sites\/11\/2016\/09\/anyos-vida-vicente.jpg?fit=1200%2C630&ssl=1","keywords":["Misiones Populares","San Juan de la Cruz"],"articleSection":["Congregaci\u00f3n de la Misi\u00f3n","Historia de la Congregaci\u00f3n de la Misi\u00f3n"],"inLanguage":"es","potentialAction":[{"@type":"CommentAction","name":"Comment","target":["http:\/\/vincentians.com\/es\/estado-de-la-congregacion-1986\/#respond"]}]},{"@type":"WebPage","@id":"http:\/\/vincentians.com\/es\/estado-de-la-congregacion-1986\/","url":"http:\/\/vincentians.com\/es\/estado-de-la-congregacion-1986\/","name":"Estado de la Congregaci\u00f3n (1986) - Somos Vicencianos","isPartOf":{"@id":"http:\/\/vincentians.com\/es\/#website"},"primaryImageOfPage":{"@id":"http:\/\/vincentians.com\/es\/estado-de-la-congregacion-1986\/#primaryimage"},"image":{"@id":"http:\/\/vincentians.com\/es\/estado-de-la-congregacion-1986\/#primaryimage"},"thumbnailUrl":"https:\/\/i0.wp.com\/vincentians.com\/es\/wp-content\/uploads\/sites\/11\/2016\/09\/anyos-vida-vicente.jpg?fit=1200%2C630&ssl=1","datePublished":"2020-10-28T07:07:35+00:00","breadcrumb":{"@id":"http:\/\/vincentians.com\/es\/estado-de-la-congregacion-1986\/#breadcrumb"},"inLanguage":"es","potentialAction":[{"@type":"ReadAction","target":["http:\/\/vincentians.com\/es\/estado-de-la-congregacion-1986\/"]}]},{"@type":"ImageObject","inLanguage":"es","@id":"http:\/\/vincentians.com\/es\/estado-de-la-congregacion-1986\/#primaryimage","url":"https:\/\/i0.wp.com\/vincentians.com\/es\/wp-content\/uploads\/sites\/11\/2016\/09\/anyos-vida-vicente.jpg?fit=1200%2C630&ssl=1","contentUrl":"https:\/\/i0.wp.com\/vincentians.com\/es\/wp-content\/uploads\/sites\/11\/2016\/09\/anyos-vida-vicente.jpg?fit=1200%2C630&ssl=1","width":1200,"height":630},{"@type":"BreadcrumbList","@id":"http:\/\/vincentians.com\/es\/estado-de-la-congregacion-1986\/#breadcrumb","itemListElement":[{"@type":"ListItem","position":1,"name":"Portada","item":"http:\/\/vincentians.com\/es\/"},{"@type":"ListItem","position":2,"name":"Estado de la Congregaci\u00f3n (1986)"}]},{"@type":"WebSite","@id":"http:\/\/vincentians.com\/es\/#website","url":"http:\/\/vincentians.com\/es\/","name":"Somos Vicencianos","description":"Know more to serve more","publisher":{"@id":"http:\/\/vincentians.com\/es\/#organization"},"potentialAction":[{"@type":"SearchAction","target":{"@type":"EntryPoint","urlTemplate":"http:\/\/vincentians.com\/es\/?s={search_term_string}"},"query-input":{"@type":"PropertyValueSpecification","valueRequired":true,"valueName":"search_term_string"}}],"inLanguage":"es"},{"@type":"Organization","@id":"http:\/\/vincentians.com\/es\/#organization","name":"The Vincentian Network","url":"http:\/\/vincentians.com\/es\/","logo":{"@type":"ImageObject","inLanguage":"es","@id":"http:\/\/vincentians.com\/es\/#\/schema\/logo\/image\/","url":"https:\/\/i1.wp.com\/vincentians.com\/es\/wp-content\/uploads\/sites\/11\/2016\/06\/Vincentian-Network-logo-big.png?fit=778%2C778","contentUrl":"https:\/\/i1.wp.com\/vincentians.com\/es\/wp-content\/uploads\/sites\/11\/2016\/06\/Vincentian-Network-logo-big.png?fit=778%2C778","width":778,"height":778,"caption":"The Vincentian Network"},"image":{"@id":"http:\/\/vincentians.com\/es\/#\/schema\/logo\/image\/"},"sameAs":["https:\/\/www.facebook.com\/WeAreVincentians\/","https:\/\/x.com\/WeVincentians"]},{"@type":"Person","@id":"http:\/\/vincentians.com\/es\/#\/schema\/person\/7c2670b4445a7ca9d164ea6acdb31859","name":"Mitxel Olabu\u00e9naga","image":{"@type":"ImageObject","inLanguage":"es","@id":"http:\/\/vincentians.com\/es\/#\/schema\/person\/image\/","url":"https:\/\/secure.gravatar.com\/avatar\/34137ec2e2b8939cbbed975731e71f3f4f1defc7266ded337a5ce0f925426877?s=96&d=mm&r=g","contentUrl":"https:\/\/secure.gravatar.com\/avatar\/34137ec2e2b8939cbbed975731e71f3f4f1defc7266ded337a5ce0f925426877?s=96&d=mm&r=g","caption":"Mitxel Olabu\u00e9naga"},"url":"https:\/\/vincentians.com\/es\/author\/mitxel\/"}]}},"jetpack_publicize_connections":[],"jetpack_featured_media_url":"https:\/\/i0.wp.com\/vincentians.com\/es\/wp-content\/uploads\/sites\/11\/2016\/09\/anyos-vida-vicente.jpg?fit=1200%2C630&ssl=1","jetpack_sharing_enabled":true,"jetpack_shortlink":"https:\/\/wp.me\/p7ETMF-atk","jetpack-related-posts":[{"id":387153,"url":"https:\/\/vincentians.com\/es\/observantes-de-las-constituciones\/","url_meta":{"origin":40258,"position":0},"title":"Observantes de las Constituciones","author":"Mitxel Olabu\u00e9naga","date":"06\/03\/2016","format":false,"excerpt":"\u00abMaestro bueno \u00bfqu\u00e9 tengo que hacer para heredar la vida eterna? Jes\u00fas le contest\u00f3: \u00bfPor qu\u00e9 me llamas bue no? Nadie es bueno m\u00e1s que uno, Dios. Ya sabes los mandamientos: No mates... honra a tu padre y a tu madre. El declar\u00f3: Maestro, todo eso lo he cumplido des\u2026","rel":"","context":"En \u00abEspiritualidad\u00bb","block_context":{"text":"Espiritualidad","link":"https:\/\/vincentians.com\/es\/category\/espiritualidad\/"},"img":{"alt_text":"adf","src":"https:\/\/i0.wp.com\/vicencianos.org\/wp-content\/uploads\/2016\/03\/adf.jpg?resize=350%2C200","width":350,"height":200},"classes":[]},{"id":386896,"url":"https:\/\/vincentians.com\/es\/saludo-del-superior-general-en-la-fiesta-de-la-congregacion-de-la-mision\/","url_meta":{"origin":40258,"position":1},"title":"Saludo del Superior General, en la fiesta de la Congregaci\u00f3n de la Misi\u00f3n","author":"Francisco Javier Fern\u00e1ndez Chento","date":"25\/01\/2016","format":"video","excerpt":"https:\/\/www.youtube.com\/watch?v=Kq5xTyJ7wPc \u00a0 Mis queridos hermanos de la Congregaci\u00f3n de la Misi\u00f3n: Con mucha alegr\u00eda tengo la oportunidad de felicitarles, en este d\u00eda en el que celebramos el aniversario de nuestra fundaci\u00f3n, en la fiesta de la conversi\u00f3n de san Pablo, un d\u00eda que marc\u00f3 la vida de san Vicente de\u2026","rel":"","context":"En \u00abCongregaci\u00f3n de la Misi\u00f3n\u00bb","block_context":{"text":"Congregaci\u00f3n de la Misi\u00f3n","link":"https:\/\/vincentians.com\/es\/category\/la-familia-vicenciana\/ramas\/congregacion-de-la-mision\/"},"img":{"alt_text":"","src":"https:\/\/i0.wp.com\/img.youtube.com\/vi\/Kq5xTyJ7wPc\/0.jpg?resize=350%2C200","width":350,"height":200},"classes":[]},{"id":140032,"url":"https:\/\/vincentians.com\/es\/las-asambleas-generales-en-la-congregacion-de-la-mision-historia-y-resultados\/","url_meta":{"origin":40258,"position":2},"title":"Las Asambleas Generales en la Congregaci\u00f3n de la Misi\u00f3n: Historia y Resultados","author":"Mitxel Olabu\u00e9naga","date":"20\/02\/2015","format":false,"excerpt":"Introducci\u00f3n La autoridad suprema en la Congregaci\u00f3n, su asamblea general, ha sido crucial para su desarrollo y direcci\u00f3n. En su casi cuatro siglos de existencia, la Congregaci\u00f3n ha celebrado cuarenta y uno de estos encuentros, el primero fue en 1661. Vicente mismo, sin embargo, celebr\u00f3 asambleas preliminares en 1642 y\u2026","rel":"","context":"En \u00abHistoria de la Congregaci\u00f3n de la Misi\u00f3n\u00bb","block_context":{"text":"Historia de la Congregaci\u00f3n de la Misi\u00f3n","link":"https:\/\/vincentians.com\/es\/category\/historia-de-la-familia-vicenciana\/historia-de-la-congregacion-de-la-mision\/"},"img":{"alt_text":"logocm","src":"https:\/\/i0.wp.com\/vicencianos.org\/wp-content\/2011\/12\/logocm-245x300.png?resize=350%2C200","width":350,"height":200},"classes":[]},{"id":398637,"url":"https:\/\/vincentians.com\/es\/aportacion-del-carisma-vicenciano-la-mision-la-iglesia-1\/","url_meta":{"origin":40258,"position":3},"title":"Aportaci\u00f3n del carisma vicenciano a la Misi\u00f3n de la Iglesia (1)","author":"Francisco Javier Fern\u00e1ndez Chento","date":"04\/08\/2016","format":false,"excerpt":"Introducci\u00f3n: Al reflexionar sobre la aportaci\u00f3n del carisma vicenciano a la Misi\u00f3n de la Iglesia, me parece necesario formular previamente algunas precisiones. 1.- Cuando hablamos de carisma vicenciano, nos referimos al don del Esp\u00edritu suscitado por Dios en su Iglesia en las personas de Vicente de Pa\u00fal y de Luisa\u2026","rel":"","context":"En \u00abFormaci\u00f3n Vicenciana\u00bb","block_context":{"text":"Formaci\u00f3n Vicenciana","link":"https:\/\/vincentians.com\/es\/category\/formacion-vicenciana\/"},"img":{"alt_text":"","src":"https:\/\/i0.wp.com\/vincentians.com\/es\/wp-content\/uploads\/sites\/11\/2016\/06\/contributions-charism.jpg?fit=1200%2C630&ssl=1&resize=350%2C200","width":350,"height":200,"srcset":"https:\/\/i0.wp.com\/vincentians.com\/es\/wp-content\/uploads\/sites\/11\/2016\/06\/contributions-charism.jpg?fit=1200%2C630&ssl=1&resize=350%2C200 1x, https:\/\/i0.wp.com\/vincentians.com\/es\/wp-content\/uploads\/sites\/11\/2016\/06\/contributions-charism.jpg?fit=1200%2C630&ssl=1&resize=525%2C300 1.5x, https:\/\/i0.wp.com\/vincentians.com\/es\/wp-content\/uploads\/sites\/11\/2016\/06\/contributions-charism.jpg?fit=1200%2C630&ssl=1&resize=700%2C400 2x, https:\/\/i0.wp.com\/vincentians.com\/es\/wp-content\/uploads\/sites\/11\/2016\/06\/contributions-charism.jpg?fit=1200%2C630&ssl=1&resize=1050%2C600 3x"},"classes":[]},{"id":124417,"url":"https:\/\/vincentians.com\/es\/de-la-religion-de-san-pedro-ii\/","url_meta":{"origin":40258,"position":4},"title":"De la religi\u00f3n de san Pedro (II)","author":"Francisco Javier Fern\u00e1ndez Chento","date":"19\/04\/2023","format":false,"excerpt":"SECULARIDAD DE LA CONGREGACI\u00d3N DE LA MISI\u00d3N Ser\u00e1 del cuerpo del clero secular (X, 437) 14.- Son muchas las veces que san Vicente dijo que los misioneros no eran religiosos, sino del clero secular. El Breve \"Ex Commissa Nobis\" afirma que, no obstante los votos simples de pobreza, castidad, obediencia\u2026","rel":"","context":"En \u00abFormaci\u00f3n Vicenciana\u00bb","block_context":{"text":"Formaci\u00f3n Vicenciana","link":"https:\/\/vincentians.com\/es\/category\/formacion-vicenciana\/"},"img":{"alt_text":"","src":"https:\/\/i0.wp.com\/vincentians.com\/es\/wp-content\/uploads\/sites\/11\/2013\/05\/Almeria-2.jpg?fit=600%2C400&ssl=1&resize=350%2C200","width":350,"height":200,"srcset":"https:\/\/i0.wp.com\/vincentians.com\/es\/wp-content\/uploads\/sites\/11\/2013\/05\/Almeria-2.jpg?fit=600%2C400&ssl=1&resize=350%2C200 1x, https:\/\/i0.wp.com\/vincentians.com\/es\/wp-content\/uploads\/sites\/11\/2013\/05\/Almeria-2.jpg?fit=600%2C400&ssl=1&resize=525%2C300 1.5x"},"classes":[]},{"id":131324,"url":"https:\/\/vincentians.com\/es\/atentos-a-los-signos-de-los-tiempos\/","url_meta":{"origin":40258,"position":5},"title":"Atentos a los signos de los tiempos","author":"Francisco Javier Fern\u00e1ndez Chento","date":"25\/05\/2015","format":false,"excerpt":"\"Al caer de la tarde dec\u00eds: Est\u00e1 el cielo colorado, va a hacer bueno. Por la ma\u00f1ana dec\u00eds: Est\u00e1 el cielo de color triste, hoy va a haber tormenta. El aspecto del cielo sab\u00e9is interpretarlo, \u00bfy las se\u00f1ales de cada momento no sois capaces?\".(Mt 16,2-3). \"Supuesto este fin, la Congregaci\u00f3n\u2026","rel":"","context":"En \u00abEspiritualidad vicenciana\u00bb","block_context":{"text":"Espiritualidad vicenciana","link":"https:\/\/vincentians.com\/es\/category\/espiritualidad\/espiritualidad-vicenciana\/"},"img":{"alt_text":"piedad","src":"https:\/\/i0.wp.com\/vicencianos.org\/wp-content\/2014\/09\/piedad-300x198.jpg?resize=350%2C200","width":350,"height":200},"classes":[]}],"_links":{"self":[{"href":"https:\/\/vincentians.com\/es\/wp-json\/wp\/v2\/posts\/40258","targetHints":{"allow":["GET"]}}],"collection":[{"href":"https:\/\/vincentians.com\/es\/wp-json\/wp\/v2\/posts"}],"about":[{"href":"https:\/\/vincentians.com\/es\/wp-json\/wp\/v2\/types\/post"}],"author":[{"embeddable":true,"href":"https:\/\/vincentians.com\/es\/wp-json\/wp\/v2\/users\/5"}],"replies":[{"embeddable":true,"href":"https:\/\/vincentians.com\/es\/wp-json\/wp\/v2\/comments?post=40258"}],"version-history":[{"count":1,"href":"https:\/\/vincentians.com\/es\/wp-json\/wp\/v2\/posts\/40258\/revisions"}],"predecessor-version":[{"id":403094,"href":"https:\/\/vincentians.com\/es\/wp-json\/wp\/v2\/posts\/40258\/revisions\/403094"}],"wp:featuredmedia":[{"embeddable":true,"href":"https:\/\/vincentians.com\/es\/wp-json\/wp\/v2\/media\/399894"}],"wp:attachment":[{"href":"https:\/\/vincentians.com\/es\/wp-json\/wp\/v2\/media?parent=40258"}],"wp:term":[{"taxonomy":"category","embeddable":true,"href":"https:\/\/vincentians.com\/es\/wp-json\/wp\/v2\/categories?post=40258"},{"taxonomy":"post_tag","embeddable":true,"href":"https:\/\/vincentians.com\/es\/wp-json\/wp\/v2\/tags?post=40258"}],"curies":[{"name":"wp","href":"https:\/\/api.w.org\/{rel}","templated":true}]}}