{"id":402313,"date":"2019-05-26T08:13:55","date_gmt":"2019-05-26T06:13:55","guid":{"rendered":"http:\/\/vincentians.com\/es\/?p=402313"},"modified":"2019-05-22T18:00:35","modified_gmt":"2019-05-22T16:00:35","slug":"un-heroe-de-la-caridad-san-vicente-de-paul-1581-1660-4","status":"publish","type":"post","link":"https:\/\/vincentians.com\/es\/un-heroe-de-la-caridad-san-vicente-de-paul-1581-1660-4\/","title":{"rendered":"Un h\u00e9roe de la Caridad: San Vicente de Pa\u00fal (1581-1660) (4)"},"content":{"rendered":"<ol start=\"13\">\n<li><strong> Sirviendo a la Iglesia<\/strong><\/li>\n<\/ol>\n<p>La presencia de Vicente en el <em>Consejo de conciencia <\/em>fue de mucha importancia para la Iglesia de Francia: una generaci\u00f3n de nuevos obispos, abades, can\u00f3nigos, priores, beneficiados, p\u00e1rrocos y vicarios ocuparon puestos claves para la reforma eclesi\u00e1stica. Muchos obispos acud\u00edan a Vicente para consul\u00adtar sus dudas, plantearle problemas, pedirle consejo y solici\u00adtar recomendaciones. Casi todos los obispos de la \u00e9poca en Francia mantuvieron correspondencia con Vicente. Tuvo lugar en las \u00f3rdenes religiosas importancia equiparable a lo acu\u00adsado en obispos y clero secular. Richelieu hab\u00eda sido el prime\u00adro en corregirlo. Desde su alto puesto Vicente hizo cuanto pudo por fomentar la reforma. Con su ayuda mejoraron los benedictinos, dominicos, can\u00f3nigos regulares, cistercienses, conventos y monasterios de otras \u00f3rdenes; los femeninos en particular. Vicente trabaj\u00f3 con especial empe\u00f1o en corregir deficiencias y volver al esp\u00edritu de sus fundadores.<\/p>\n<p>Al margen del <em>Consejo de conciencia, <\/em>fueron puestas bajo la tutela de Vicente, de por vida, las monjas de Santa Mar\u00eda de la Visitaci\u00f3n. Sus fundadores, Francisco de Sales y Juana Francisca Fremiot de Chantal, as\u00ed lo dispusieron.<\/p>\n<p>Podr\u00edamos comparar, en cierto modo, el <em>Consejo de conciencia <\/em>con ciertos procedimientos de la Inquisici\u00f3n espa\u00f1ola, que favoreci\u00f3 mucho el bien corrigiendo muchos males. As\u00ed en Francia: represi\u00f3n de la blasfemia, el duelo, libros pernicio\u00adsos, poner freno al desenfreno de los hugonotes, suprimir ciertos brotes de iluminismo, falsarios. El problema del janse\u00adnismo requiere cap\u00edtulo aparte.<\/p>\n<p>Y en todo esto anduvo envuelto el santo servidor Vicente de Pa\u00fal, tratando a todos con gran fineza, y eso que en sus a\u00f1os mozos, con vigoroso gesto, faltaba a la virtud de la pa\u00adciencia. Vicente, como consejero real para asuntos eclesi\u00e1sti\u00adcos, tuvo en sus manos el poder de operar la transformaci\u00f3n. Pero no la transformaci\u00f3n pol\u00edtica, sino la religiosa y caritati\u00adva. En el a\u00f1o 1644 declaraba el mismo Vicente que sus inten\u00adciones en el Consejo se limitaban exclusivamente a asuntos relativos a la religi\u00f3n y a los pobres.<\/p>\n<ol start=\"14\">\n<li><strong>\u00bfFue Vicente jansenista?<\/strong><\/li>\n<\/ol>\n<p>Cierto que am\u00f3 a los jansenistas con el amor pleno que am\u00f3 a todo el mundo, es decir, aun a aquellos que no fueran sus amigos, en particular al abad de Saint Cyran, adalid del jansenismo. El jansenismo no pas\u00f3 de ser un movimiento in\u00adterno de la Iglesia durante los siglos XVII y XVIII. No pode\u00admos decir que fuese abiertamente herej\u00eda. Tuvo lugar en los Pa\u00edses Bajos y en Francia. Hemos de reconocerlo como uno de tantos esfuerzos propios del cristiano que, libre y genero\u00adsamente, se propone responder a la salvaci\u00f3n eterna y llama\u00adda a la santidad. Don inmerecido bajo todos los aspectos de gracia y libertad. Cierto que pueden darse desviaciones en el camino como en todo sendero de libertad, y m\u00e1s cuando lo forman diversas corrientes, que coinciden en mentalidad y esp\u00edritu orientados a la renovaci\u00f3n eclesial dentro del esp\u00edri\u00adtu del cristianismo primitivo m\u00e1s que una dogm\u00e1tica expl\u00ed\u00adcita. Bayo (1513-1589) hab\u00eda sido uno de ellos. Profesor en Lovaina cien a\u00f1os antes que Jansenio, fue testigo de con\u00adtiendas teol\u00f3gicas entre molinistas y banecianos en las uni\u00adversidades de Salamanca y de Alcal\u00e1. En todos ellas anima\u00adba el mismo prop\u00f3sito: retorno a las fuentes y, m\u00e1s en particular, a San Agust\u00edn. El abad de Saint Cyran ten\u00eda una formaci\u00f3n patr\u00edstica excepcional; aristocracia universitaria, intelectual. Vicente dir\u00eda luego que era una espiritualidad demasiado teorizante. Dos alas fueron los m\u00f3viles para ele\u00advarse en su plan de reforma eclesial: <em>amor a los pobres y mejo\u00adramiento del clero. <\/em>Dos ideales que se funden en el abrazo de la caridad. Pierre de B\u00e9rulle, Francisco de Sales, Andr\u00e9s Du-val con el grupo de madame Acarie hab\u00edan iniciado gloriosa\u00admente la Reforma, aun cuando se dieran entre s\u00ed ciertas de\u00adsavenencias.<\/p>\n<p>En el segundo per\u00edodo de la Reforma cat\u00f3lica destacan Vi\u00adcente de Pa\u00fal, el abad de Saint Cyran (cuyo nombre de fami\u00adlia se dice Juan Diverger de Hauranne). Entre ellos se cuen\u00adtan tambi\u00e9n los hermanos Gond\u00ed, Richelieu, Condren, madre Ang\u00e9lica, y Arnauld. Vicente y Saint Cyran, tan id\u00e9nticos al inicio de su combate espiritual en pro de la Reforma cat\u00f3lica, terminaron muy alejados entre ambos. En cambio, trab\u00f3 amistad con Jansenio para siempre. Pasaron juntos siete a\u00f1os para comunicarse mutuamente el af\u00e1n de saber que a uno y otro devoraba. Siete a\u00f1os de convivencia (1609-1616) en los cuales gestaron la doctrina del <em>Augustinus, <\/em>que tanto dio que hablar en los primeros a\u00f1os de su publicaci\u00f3n, por su relaci\u00f3n entre la libertad y la gracia.<\/p>\n<ol start=\"15\">\n<li><strong> Biblia y patr\u00edstica<\/strong><\/li>\n<\/ol>\n<p>En su af\u00e1n de sobrepasar los m\u00e9todos escol\u00e1sticos de las universidades, fomentaron el estudio directo de las Santas Escrituras y la lectura sistem\u00e1tica de los Santos Padres. Janse-nio, ordenado sacerdote en 1614, regres\u00f3 a B\u00e9lgica dos a\u00f1os despu\u00e9s. Saint Cyran se situ\u00f3 en la di\u00f3cesis de Poitiers, cuyo obispo lo acogi\u00f3 como asesor teol\u00f3gico. A pesar de su consa\u00adgraci\u00f3n al estudio, Saint Cyran era hombre de amplias rela\u00adciones sociales. Su obispo le concedi\u00f3 la abad\u00eda de Saint Cyran. Desde entonces se le ha conocido m\u00e1s por el nombre de su residencia que por el de familia. Defendi\u00f3 la obra capi\u00adtal de B\u00e9rulle, <em>Grandezas de Jes\u00fas, <\/em>frente a las acusaciones de iluminismo que le achacaran en sus d\u00edas. Hizo la apolog\u00eda del <em>Chapelet s\u00e9cret, <\/em>atribuido a la abadesa de Port-Royal, obra de muy dudosa ortodoxia.<\/p>\n<p>Dos obras fueron publicadas en el ardor de la controversia entre jesuitas y jansenistas. La primera, <em>Lettres a un Provincial, <\/em>ataque mordaz, ingenioso, sutil, que caus\u00f3 gran da\u00f1o a los je\u00adsuitas. Por parte de los jansenistas est\u00e1 el libro de Arnauld, <em>De la fr\u00e9quente communion. <\/em>De estas obras puede decirse que \u00ablo mejor es a veces enemigo de lo bueno\u00bb. Por exagerar la prepa\u00adraci\u00f3n para recibir los sacramentos, en especial la comuni\u00f3n, resulta que no se recibe casi nunca.<\/p>\n<p>El profundo conocimiento de San Agust\u00edn conduc\u00eda a una visi\u00f3n pesimista de la naturaleza humana y a una exaltaci\u00f3n correlativa del poder de la gracia, infravalorando la coopera\u00adci\u00f3n de la criatura a su propia santificaci\u00f3n. De hecho, la pu\u00adblicaci\u00f3n del <em>Augustinus <\/em>permiti\u00f3 descubrir sentido her\u00e9tico en algunas expresiones.<\/p>\n<p>La amistad verdadera entre Vicente y Saint Cyran fue puesta a prueba cuando el ingenio polemista zaher\u00eda a cual\u00adquiera, sin miramientos. Incluso al cardenal Richelieu, que hab\u00eda sido compa\u00f1ero de estudios. Vicente visit\u00f3 amigable\u00admente al abad de Saint Cyran exhort\u00e1ndole a la mesura y prudencia. Parece que no lo tuvo muy en cuenta. El hecho es que el cardenal-ministro mand\u00f3 ponerlo en prisi\u00f3n en el cas\u00adi illo Saint Vincent, donde qued\u00f3 recluido durante casi cinco a\u00f1os. San Vicente de Pa\u00fal le fue a visitar invit\u00e1ndole a pensar sobre los comentarios de mal gusto que le atribu\u00edan. Por fin, fue convocado el juicio y Vicente citado como testigo. Son de una delicadeza exquisita las evasivas o exculpaci\u00f3n de Vicen\u00adte d\u00e1ndole a cada frase el sentido que les conviene; por ejem\u00adplo, \u00ablos obispos no son Iglesia\u00bb porque se pasan todo el tiem\u00adpo en el palacio del rey hablando y haciendo dinero. Los jueces dan por terminado el proceso, pues no hay base sufi\u00adciente para sentencia.<\/p>\n<p>San Vicente de Pa\u00fal es preciosa encarnaci\u00f3n de actuar con amor de Dios rehaciendo el bien profanado por el acusado, y renunciando al mal que arranca de ra\u00edz. Amor y mansedum\u00adbre son todopoderosos. Como San Francisco de Sales. As\u00ed ter\u00admin\u00f3 San Vicente de Pa\u00fal en perfecto cumplimiento de su ideal: <em>servir a los pobres y mejoramiento del clero en Francia.<\/em><\/p>\n","protected":false},"excerpt":{"rendered":"<p>Sirviendo a la Iglesia La presencia de Vicente en el Consejo de conciencia fue de mucha importancia para la Iglesia de Francia: una generaci\u00f3n de nuevos obispos, abades, can\u00f3nigos, priores, beneficiados, p\u00e1rrocos y vicarios ocuparon &#8230; <a href=\"https:\/\/vincentians.com\/es\/un-heroe-de-la-caridad-san-vicente-de-paul-1581-1660-4\/\" class=\"more-link\">Read More<\/a><\/p>\n","protected":false},"author":5,"featured_media":401289,"comment_status":"open","ping_status":"open","sticky":false,"template":"","format":"standard","meta":{"jetpack_post_was_ever_published":false,"_jetpack_newsletter_access":"","_jetpack_dont_email_post_to_subs":false,"_jetpack_newsletter_tier_id":0,"_jetpack_memberships_contains_paywalled_content":false,"_jetpack_memberships_contains_paid_content":false,"footnotes":"","jetpack_publicize_message":"","jetpack_publicize_feature_enabled":true,"jetpack_social_post_already_shared":true,"jetpack_social_options":{"image_generator_settings":{"template":"highway","default_image_id":0,"font":"","enabled":false},"version":2}},"categories":[5],"tags":[],"class_list":["post-402313","post","type-post","status-publish","format-standard","has-post-thumbnail","hentry","category-vicente-de-paul"],"yoast_head":"<!-- This site is optimized with the Yoast SEO plugin v26.3 - https:\/\/yoast.com\/wordpress\/plugins\/seo\/ -->\n<title>Un h\u00e9roe de la Caridad: San Vicente de Pa\u00fal (1581-1660) (4) - Somos Vicencianos<\/title>\n<meta name=\"robots\" content=\"index, follow, max-snippet:-1, max-image-preview:large, max-video-preview:-1\" \/>\n<link rel=\"canonical\" href=\"http:\/\/vincentians.com\/es\/un-heroe-de-la-caridad-san-vicente-de-paul-1581-1660-4\/\" \/>\n<meta property=\"og:locale\" content=\"es_ES\" \/>\n<meta property=\"og:type\" content=\"article\" \/>\n<meta property=\"og:title\" content=\"Un h\u00e9roe de la Caridad: San Vicente de Pa\u00fal (1581-1660) (4) - Somos Vicencianos\" \/>\n<meta property=\"og:description\" content=\"Sirviendo a la Iglesia La presencia de Vicente en el Consejo de conciencia fue de mucha importancia para la Iglesia de Francia: una generaci\u00f3n de nuevos obispos, abades, can\u00f3nigos, priores, beneficiados, p\u00e1rrocos y vicarios ocuparon ... Read More\" \/>\n<meta property=\"og:url\" content=\"http:\/\/vincentians.com\/es\/un-heroe-de-la-caridad-san-vicente-de-paul-1581-1660-4\/\" \/>\n<meta property=\"og:site_name\" content=\"Somos Vicencianos\" \/>\n<meta property=\"article:publisher\" content=\"https:\/\/www.facebook.com\/WeAreVincentians\/\" \/>\n<meta property=\"article:published_time\" content=\"2019-05-26T06:13:55+00:00\" \/>\n<meta property=\"og:image\" content=\"https:\/\/i0.wp.com\/vincentians.com\/es\/wp-content\/uploads\/sites\/11\/2017\/09\/San-Vicente-9.jpg?fit=900%2C500\" \/>\n\t<meta property=\"og:image:width\" content=\"900\" \/>\n\t<meta property=\"og:image:height\" content=\"500\" \/>\n\t<meta property=\"og:image:type\" content=\"image\/jpeg\" \/>\n<meta name=\"author\" content=\"Mitxel Olabu\u00e9naga\" \/>\n<meta name=\"twitter:card\" content=\"summary_large_image\" \/>\n<meta name=\"twitter:creator\" content=\"@WeVincentians\" \/>\n<meta name=\"twitter:site\" content=\"@WeVincentians\" \/>\n<meta name=\"twitter:label1\" content=\"Escrito por\" \/>\n\t<meta name=\"twitter:data1\" content=\"Mitxel Olabu\u00e9naga\" \/>\n\t<meta name=\"twitter:label2\" content=\"Tiempo de lectura\" \/>\n\t<meta name=\"twitter:data2\" content=\"7 minutos\" \/>\n<script type=\"application\/ld+json\" class=\"yoast-schema-graph\">{\"@context\":\"https:\/\/schema.org\",\"@graph\":[{\"@type\":\"Article\",\"@id\":\"http:\/\/vincentians.com\/es\/un-heroe-de-la-caridad-san-vicente-de-paul-1581-1660-4\/#article\",\"isPartOf\":{\"@id\":\"http:\/\/vincentians.com\/es\/un-heroe-de-la-caridad-san-vicente-de-paul-1581-1660-4\/\"},\"author\":{\"name\":\"Mitxel Olabu\u00e9naga\",\"@id\":\"http:\/\/vincentians.com\/es\/#\/schema\/person\/7c2670b4445a7ca9d164ea6acdb31859\"},\"headline\":\"Un h\u00e9roe de la Caridad: San Vicente de Pa\u00fal (1581-1660) (4)\",\"datePublished\":\"2019-05-26T06:13:55+00:00\",\"mainEntityOfPage\":{\"@id\":\"http:\/\/vincentians.com\/es\/un-heroe-de-la-caridad-san-vicente-de-paul-1581-1660-4\/\"},\"wordCount\":1373,\"commentCount\":0,\"publisher\":{\"@id\":\"http:\/\/vincentians.com\/es\/#organization\"},\"image\":{\"@id\":\"http:\/\/vincentians.com\/es\/un-heroe-de-la-caridad-san-vicente-de-paul-1581-1660-4\/#primaryimage\"},\"thumbnailUrl\":\"https:\/\/i0.wp.com\/vincentians.com\/es\/wp-content\/uploads\/sites\/11\/2017\/09\/San-Vicente-9.jpg?fit=900%2C500&ssl=1\",\"articleSection\":[\"Vicente de Pa\u00fal\"],\"inLanguage\":\"es\",\"potentialAction\":[{\"@type\":\"CommentAction\",\"name\":\"Comment\",\"target\":[\"http:\/\/vincentians.com\/es\/un-heroe-de-la-caridad-san-vicente-de-paul-1581-1660-4\/#respond\"]}]},{\"@type\":\"WebPage\",\"@id\":\"http:\/\/vincentians.com\/es\/un-heroe-de-la-caridad-san-vicente-de-paul-1581-1660-4\/\",\"url\":\"http:\/\/vincentians.com\/es\/un-heroe-de-la-caridad-san-vicente-de-paul-1581-1660-4\/\",\"name\":\"Un h\u00e9roe de la Caridad: San Vicente de Pa\u00fal (1581-1660) (4) - Somos Vicencianos\",\"isPartOf\":{\"@id\":\"http:\/\/vincentians.com\/es\/#website\"},\"primaryImageOfPage\":{\"@id\":\"http:\/\/vincentians.com\/es\/un-heroe-de-la-caridad-san-vicente-de-paul-1581-1660-4\/#primaryimage\"},\"image\":{\"@id\":\"http:\/\/vincentians.com\/es\/un-heroe-de-la-caridad-san-vicente-de-paul-1581-1660-4\/#primaryimage\"},\"thumbnailUrl\":\"https:\/\/i0.wp.com\/vincentians.com\/es\/wp-content\/uploads\/sites\/11\/2017\/09\/San-Vicente-9.jpg?fit=900%2C500&ssl=1\",\"datePublished\":\"2019-05-26T06:13:55+00:00\",\"breadcrumb\":{\"@id\":\"http:\/\/vincentians.com\/es\/un-heroe-de-la-caridad-san-vicente-de-paul-1581-1660-4\/#breadcrumb\"},\"inLanguage\":\"es\",\"potentialAction\":[{\"@type\":\"ReadAction\",\"target\":[\"http:\/\/vincentians.com\/es\/un-heroe-de-la-caridad-san-vicente-de-paul-1581-1660-4\/\"]}]},{\"@type\":\"ImageObject\",\"inLanguage\":\"es\",\"@id\":\"http:\/\/vincentians.com\/es\/un-heroe-de-la-caridad-san-vicente-de-paul-1581-1660-4\/#primaryimage\",\"url\":\"https:\/\/i0.wp.com\/vincentians.com\/es\/wp-content\/uploads\/sites\/11\/2017\/09\/San-Vicente-9.jpg?fit=900%2C500&ssl=1\",\"contentUrl\":\"https:\/\/i0.wp.com\/vincentians.com\/es\/wp-content\/uploads\/sites\/11\/2017\/09\/San-Vicente-9.jpg?fit=900%2C500&ssl=1\",\"width\":900,\"height\":500},{\"@type\":\"BreadcrumbList\",\"@id\":\"http:\/\/vincentians.com\/es\/un-heroe-de-la-caridad-san-vicente-de-paul-1581-1660-4\/#breadcrumb\",\"itemListElement\":[{\"@type\":\"ListItem\",\"position\":1,\"name\":\"Portada\",\"item\":\"http:\/\/vincentians.com\/es\/\"},{\"@type\":\"ListItem\",\"position\":2,\"name\":\"Un h\u00e9roe de la Caridad: San Vicente de Pa\u00fal (1581-1660) (4)\"}]},{\"@type\":\"WebSite\",\"@id\":\"http:\/\/vincentians.com\/es\/#website\",\"url\":\"http:\/\/vincentians.com\/es\/\",\"name\":\"Somos Vicencianos\",\"description\":\"Know more to serve more\",\"publisher\":{\"@id\":\"http:\/\/vincentians.com\/es\/#organization\"},\"potentialAction\":[{\"@type\":\"SearchAction\",\"target\":{\"@type\":\"EntryPoint\",\"urlTemplate\":\"http:\/\/vincentians.com\/es\/?s={search_term_string}\"},\"query-input\":{\"@type\":\"PropertyValueSpecification\",\"valueRequired\":true,\"valueName\":\"search_term_string\"}}],\"inLanguage\":\"es\"},{\"@type\":\"Organization\",\"@id\":\"http:\/\/vincentians.com\/es\/#organization\",\"name\":\"The Vincentian Network\",\"url\":\"http:\/\/vincentians.com\/es\/\",\"logo\":{\"@type\":\"ImageObject\",\"inLanguage\":\"es\",\"@id\":\"http:\/\/vincentians.com\/es\/#\/schema\/logo\/image\/\",\"url\":\"https:\/\/i1.wp.com\/vincentians.com\/es\/wp-content\/uploads\/sites\/11\/2016\/06\/Vincentian-Network-logo-big.png?fit=778%2C778\",\"contentUrl\":\"https:\/\/i1.wp.com\/vincentians.com\/es\/wp-content\/uploads\/sites\/11\/2016\/06\/Vincentian-Network-logo-big.png?fit=778%2C778\",\"width\":778,\"height\":778,\"caption\":\"The Vincentian Network\"},\"image\":{\"@id\":\"http:\/\/vincentians.com\/es\/#\/schema\/logo\/image\/\"},\"sameAs\":[\"https:\/\/www.facebook.com\/WeAreVincentians\/\",\"https:\/\/x.com\/WeVincentians\"]},{\"@type\":\"Person\",\"@id\":\"http:\/\/vincentians.com\/es\/#\/schema\/person\/7c2670b4445a7ca9d164ea6acdb31859\",\"name\":\"Mitxel Olabu\u00e9naga\",\"image\":{\"@type\":\"ImageObject\",\"inLanguage\":\"es\",\"@id\":\"http:\/\/vincentians.com\/es\/#\/schema\/person\/image\/\",\"url\":\"https:\/\/secure.gravatar.com\/avatar\/34137ec2e2b8939cbbed975731e71f3f4f1defc7266ded337a5ce0f925426877?s=96&d=mm&r=g\",\"contentUrl\":\"https:\/\/secure.gravatar.com\/avatar\/34137ec2e2b8939cbbed975731e71f3f4f1defc7266ded337a5ce0f925426877?s=96&d=mm&r=g\",\"caption\":\"Mitxel Olabu\u00e9naga\"},\"url\":\"https:\/\/vincentians.com\/es\/author\/mitxel\/\"}]}<\/script>\n<!-- \/ Yoast SEO plugin. -->","yoast_head_json":{"title":"Un h\u00e9roe de la Caridad: San Vicente de Pa\u00fal (1581-1660) (4) - Somos Vicencianos","robots":{"index":"index","follow":"follow","max-snippet":"max-snippet:-1","max-image-preview":"max-image-preview:large","max-video-preview":"max-video-preview:-1"},"canonical":"http:\/\/vincentians.com\/es\/un-heroe-de-la-caridad-san-vicente-de-paul-1581-1660-4\/","og_locale":"es_ES","og_type":"article","og_title":"Un h\u00e9roe de la Caridad: San Vicente de Pa\u00fal (1581-1660) (4) - Somos Vicencianos","og_description":"Sirviendo a la Iglesia La presencia de Vicente en el Consejo de conciencia fue de mucha importancia para la Iglesia de Francia: una generaci\u00f3n de nuevos obispos, abades, can\u00f3nigos, priores, beneficiados, p\u00e1rrocos y vicarios ocuparon ... Read More","og_url":"http:\/\/vincentians.com\/es\/un-heroe-de-la-caridad-san-vicente-de-paul-1581-1660-4\/","og_site_name":"Somos Vicencianos","article_publisher":"https:\/\/www.facebook.com\/WeAreVincentians\/","article_published_time":"2019-05-26T06:13:55+00:00","og_image":[{"width":900,"height":500,"url":"https:\/\/i0.wp.com\/vincentians.com\/es\/wp-content\/uploads\/sites\/11\/2017\/09\/San-Vicente-9.jpg?fit=900%2C500","type":"image\/jpeg"}],"author":"Mitxel Olabu\u00e9naga","twitter_card":"summary_large_image","twitter_creator":"@WeVincentians","twitter_site":"@WeVincentians","twitter_misc":{"Escrito por":"Mitxel Olabu\u00e9naga","Tiempo de lectura":"7 minutos"},"schema":{"@context":"https:\/\/schema.org","@graph":[{"@type":"Article","@id":"http:\/\/vincentians.com\/es\/un-heroe-de-la-caridad-san-vicente-de-paul-1581-1660-4\/#article","isPartOf":{"@id":"http:\/\/vincentians.com\/es\/un-heroe-de-la-caridad-san-vicente-de-paul-1581-1660-4\/"},"author":{"name":"Mitxel Olabu\u00e9naga","@id":"http:\/\/vincentians.com\/es\/#\/schema\/person\/7c2670b4445a7ca9d164ea6acdb31859"},"headline":"Un h\u00e9roe de la Caridad: San Vicente de Pa\u00fal (1581-1660) (4)","datePublished":"2019-05-26T06:13:55+00:00","mainEntityOfPage":{"@id":"http:\/\/vincentians.com\/es\/un-heroe-de-la-caridad-san-vicente-de-paul-1581-1660-4\/"},"wordCount":1373,"commentCount":0,"publisher":{"@id":"http:\/\/vincentians.com\/es\/#organization"},"image":{"@id":"http:\/\/vincentians.com\/es\/un-heroe-de-la-caridad-san-vicente-de-paul-1581-1660-4\/#primaryimage"},"thumbnailUrl":"https:\/\/i0.wp.com\/vincentians.com\/es\/wp-content\/uploads\/sites\/11\/2017\/09\/San-Vicente-9.jpg?fit=900%2C500&ssl=1","articleSection":["Vicente de Pa\u00fal"],"inLanguage":"es","potentialAction":[{"@type":"CommentAction","name":"Comment","target":["http:\/\/vincentians.com\/es\/un-heroe-de-la-caridad-san-vicente-de-paul-1581-1660-4\/#respond"]}]},{"@type":"WebPage","@id":"http:\/\/vincentians.com\/es\/un-heroe-de-la-caridad-san-vicente-de-paul-1581-1660-4\/","url":"http:\/\/vincentians.com\/es\/un-heroe-de-la-caridad-san-vicente-de-paul-1581-1660-4\/","name":"Un h\u00e9roe de la Caridad: San Vicente de Pa\u00fal (1581-1660) (4) - Somos Vicencianos","isPartOf":{"@id":"http:\/\/vincentians.com\/es\/#website"},"primaryImageOfPage":{"@id":"http:\/\/vincentians.com\/es\/un-heroe-de-la-caridad-san-vicente-de-paul-1581-1660-4\/#primaryimage"},"image":{"@id":"http:\/\/vincentians.com\/es\/un-heroe-de-la-caridad-san-vicente-de-paul-1581-1660-4\/#primaryimage"},"thumbnailUrl":"https:\/\/i0.wp.com\/vincentians.com\/es\/wp-content\/uploads\/sites\/11\/2017\/09\/San-Vicente-9.jpg?fit=900%2C500&ssl=1","datePublished":"2019-05-26T06:13:55+00:00","breadcrumb":{"@id":"http:\/\/vincentians.com\/es\/un-heroe-de-la-caridad-san-vicente-de-paul-1581-1660-4\/#breadcrumb"},"inLanguage":"es","potentialAction":[{"@type":"ReadAction","target":["http:\/\/vincentians.com\/es\/un-heroe-de-la-caridad-san-vicente-de-paul-1581-1660-4\/"]}]},{"@type":"ImageObject","inLanguage":"es","@id":"http:\/\/vincentians.com\/es\/un-heroe-de-la-caridad-san-vicente-de-paul-1581-1660-4\/#primaryimage","url":"https:\/\/i0.wp.com\/vincentians.com\/es\/wp-content\/uploads\/sites\/11\/2017\/09\/San-Vicente-9.jpg?fit=900%2C500&ssl=1","contentUrl":"https:\/\/i0.wp.com\/vincentians.com\/es\/wp-content\/uploads\/sites\/11\/2017\/09\/San-Vicente-9.jpg?fit=900%2C500&ssl=1","width":900,"height":500},{"@type":"BreadcrumbList","@id":"http:\/\/vincentians.com\/es\/un-heroe-de-la-caridad-san-vicente-de-paul-1581-1660-4\/#breadcrumb","itemListElement":[{"@type":"ListItem","position":1,"name":"Portada","item":"http:\/\/vincentians.com\/es\/"},{"@type":"ListItem","position":2,"name":"Un h\u00e9roe de la Caridad: San Vicente de Pa\u00fal (1581-1660) (4)"}]},{"@type":"WebSite","@id":"http:\/\/vincentians.com\/es\/#website","url":"http:\/\/vincentians.com\/es\/","name":"Somos Vicencianos","description":"Know more to serve more","publisher":{"@id":"http:\/\/vincentians.com\/es\/#organization"},"potentialAction":[{"@type":"SearchAction","target":{"@type":"EntryPoint","urlTemplate":"http:\/\/vincentians.com\/es\/?s={search_term_string}"},"query-input":{"@type":"PropertyValueSpecification","valueRequired":true,"valueName":"search_term_string"}}],"inLanguage":"es"},{"@type":"Organization","@id":"http:\/\/vincentians.com\/es\/#organization","name":"The Vincentian Network","url":"http:\/\/vincentians.com\/es\/","logo":{"@type":"ImageObject","inLanguage":"es","@id":"http:\/\/vincentians.com\/es\/#\/schema\/logo\/image\/","url":"https:\/\/i1.wp.com\/vincentians.com\/es\/wp-content\/uploads\/sites\/11\/2016\/06\/Vincentian-Network-logo-big.png?fit=778%2C778","contentUrl":"https:\/\/i1.wp.com\/vincentians.com\/es\/wp-content\/uploads\/sites\/11\/2016\/06\/Vincentian-Network-logo-big.png?fit=778%2C778","width":778,"height":778,"caption":"The Vincentian Network"},"image":{"@id":"http:\/\/vincentians.com\/es\/#\/schema\/logo\/image\/"},"sameAs":["https:\/\/www.facebook.com\/WeAreVincentians\/","https:\/\/x.com\/WeVincentians"]},{"@type":"Person","@id":"http:\/\/vincentians.com\/es\/#\/schema\/person\/7c2670b4445a7ca9d164ea6acdb31859","name":"Mitxel Olabu\u00e9naga","image":{"@type":"ImageObject","inLanguage":"es","@id":"http:\/\/vincentians.com\/es\/#\/schema\/person\/image\/","url":"https:\/\/secure.gravatar.com\/avatar\/34137ec2e2b8939cbbed975731e71f3f4f1defc7266ded337a5ce0f925426877?s=96&d=mm&r=g","contentUrl":"https:\/\/secure.gravatar.com\/avatar\/34137ec2e2b8939cbbed975731e71f3f4f1defc7266ded337a5ce0f925426877?s=96&d=mm&r=g","caption":"Mitxel Olabu\u00e9naga"},"url":"https:\/\/vincentians.com\/es\/author\/mitxel\/"}]}},"jetpack_publicize_connections":[],"jetpack_featured_media_url":"https:\/\/i0.wp.com\/vincentians.com\/es\/wp-content\/uploads\/sites\/11\/2017\/09\/San-Vicente-9.jpg?fit=900%2C500&ssl=1","jetpack_sharing_enabled":true,"jetpack_shortlink":"https:\/\/wp.me\/p7ETMF-1GEV","jetpack-related-posts":[{"id":121435,"url":"https:\/\/vincentians.com\/es\/san-vicente-de-paul-nacio-en-francia-vii-cuarta-dificultad\/","url_meta":{"origin":402313,"position":0},"title":"San Vicente de Pa\u00fal naci\u00f3 en Francia. VII. Cuarta dificultad","author":"Francisco Javier Fern\u00e1ndez Chento","date":"02\/05\/2015","format":false,"excerpt":"Cuarta dificultad Coinciden con las afirmaciones ya establecidas otras muchas de personas muy autorizadas, las unas por su cargo, las otras por ser casi contempor\u00e1neas de los sucesos, las otras por el gran predicamiento de que gozan como escri\u00adtores concienzudos y nada apasionados. Obra en nuestro poder el extracto de\u2026","rel":"","context":"En \u00abVicente de Pa\u00fal\u00bb","block_context":{"text":"Vicente de Pa\u00fal","link":"https:\/\/vincentians.com\/es\/category\/la-familia-vicenciana\/fundadores\/vicente-de-paul\/"},"img":{"alt_text":"","src":"","width":0,"height":0},"classes":[]},{"id":119687,"url":"https:\/\/vincentians.com\/es\/el-senor-vicente-relee-su-vida-colegial-estudiante-y-sacerdote\/","url_meta":{"origin":402313,"position":1},"title":"El Se\u00f1or Vicente relee su vida: Colegial, estudiante y sacerdote","author":"Francisco Javier Fern\u00e1ndez Chento","date":"19\/01\/2022","format":false,"excerpt":"Hacia 1592, mi padre trat\u00f3 de hacerme estudiar, con la esperanza de poder un d\u00eda obtener alg\u00fan beneficio eclesi\u00e1stico, es decir rentas de alguna abad\u00eda o de una buena parroquia, y as\u00ed aliviar a la familia, como lo hab\u00eda hecho mi t\u00edo, prior de Poymartet. Me puso pues de pensi\u00f3n\u2026","rel":"","context":"En \u00abVicente de Pa\u00fal\u00bb","block_context":{"text":"Vicente de Pa\u00fal","link":"https:\/\/vincentians.com\/es\/category\/la-familia-vicenciana\/fundadores\/vicente-de-paul\/"},"img":{"alt_text":"","src":"https:\/\/i0.wp.com\/vincentians.com\/es\/wp-content\/uploads\/sites\/11\/2013\/04\/g-3.jpg?fit=1170%2C692&ssl=1&resize=350%2C200","width":350,"height":200,"srcset":"https:\/\/i0.wp.com\/vincentians.com\/es\/wp-content\/uploads\/sites\/11\/2013\/04\/g-3.jpg?fit=1170%2C692&ssl=1&resize=350%2C200 1x, https:\/\/i0.wp.com\/vincentians.com\/es\/wp-content\/uploads\/sites\/11\/2013\/04\/g-3.jpg?fit=1170%2C692&ssl=1&resize=525%2C300 1.5x, https:\/\/i0.wp.com\/vincentians.com\/es\/wp-content\/uploads\/sites\/11\/2013\/04\/g-3.jpg?fit=1170%2C692&ssl=1&resize=700%2C400 2x, https:\/\/i0.wp.com\/vincentians.com\/es\/wp-content\/uploads\/sites\/11\/2013\/04\/g-3.jpg?fit=1170%2C692&ssl=1&resize=1050%2C600 3x"},"classes":[]},{"id":131892,"url":"https:\/\/vincentians.com\/es\/el-senor-vicente-relee-su-vida-iii\/","url_meta":{"origin":402313,"position":2},"title":"El se\u00f1or Vicente relee su vida (III)","author":"Francisco Javier Fern\u00e1ndez Chento","date":"05\/12\/2014","format":false,"excerpt":"Colegial, estudiante y sacerdote Hacia 1592, mi padre trat\u00f3 de hacerme estudiar, con la esperanza de poder un d\u00eda obtener alg\u00fan beneficio eclesi\u00e1stico, es decir rentas de alguna abad\u00eda o de una buena parroquia, y as\u00ed aliviar a la familia, como lo hab\u00eda hecho mi t\u00edo, prior de Poymartet .\u2026","rel":"","context":"En \u00abVicente de Pa\u00fal\u00bb","block_context":{"text":"Vicente de Pa\u00fal","link":"https:\/\/vincentians.com\/es\/category\/la-familia-vicenciana\/fundadores\/vicente-de-paul\/"},"img":{"alt_text":"corazon","src":"https:\/\/i0.wp.com\/vicencianos.org\/wp-content\/2014\/12\/corazon-289x300.jpg?resize=350%2C200","width":350,"height":200},"classes":[]},{"id":121304,"url":"https:\/\/vincentians.com\/es\/san-vicente-de-paul-nacio-en-francia-iii-ordenacion\/","url_meta":{"origin":402313,"position":3},"title":"San Vicente de Pa\u00fal naci\u00f3 en Francia. III. Ordenaci\u00f3n","author":"Francisco Javier Fern\u00e1ndez Chento","date":"28\/04\/2015","format":false,"excerpt":"III. Ordenaci\u00f3n En el transcurso de los a\u00f1os de estudios en Toulouse, Vicente de Pa\u00fal recibi\u00f3 las \u00f3rdenes sagradas previa la presentaci\u00f3n de las dimisorias otorgadas por el obispo de Dax. a continuaci\u00f3n damos estos documentos, como as\u00ed mismo las cartillas de ordenaci\u00f3n. Cartas dimisorias para la orden sagrada del\u2026","rel":"","context":"En \u00abVicente de Pa\u00fal\u00bb","block_context":{"text":"Vicente de Pa\u00fal","link":"https:\/\/vincentians.com\/es\/category\/la-familia-vicenciana\/fundadores\/vicente-de-paul\/"},"img":{"alt_text":"","src":"","width":0,"height":0},"classes":[]},{"id":137549,"url":"https:\/\/vincentians.com\/es\/vicente-de-paul-carta-1291-el-padre-vitet-a-san-vicente\/","url_meta":{"origin":402313,"position":4},"title":"Vicente de Pa\u00fal, Carta 1291: El Padre Vitet A San Vicente","author":"Francisco Javier Fern\u00e1ndez Chento","date":"26\/02\/2015","format":false,"excerpt":"Roma 18 de julio de 1650 Padre: Me hubiera tomado el honor de escribirle con mayor frecuencia para darle cuenta de todo lo que va sucediendo con nuestro asunto, si hubi\u00e9ramos logrado retirar nuestros papeles de manos de monse\u00f1or Farnese, secretario de la congregaci\u00f3n de regulares (1), el cual, enfadado\u2026","rel":"","context":"En \u00abEscritos de Vicente de Pa\u00fal\u00bb","block_context":{"text":"Escritos de Vicente de Pa\u00fal","link":"https:\/\/vincentians.com\/es\/category\/escritos\/escritos-de-vicente-de-paul\/"},"img":{"alt_text":"","src":"https:\/\/i0.wp.com\/vincentians.com\/es\/wp-content\/uploads\/sites\/11\/2016\/07\/escritos-vicente-de-paul.jpg?fit=1200%2C630&ssl=1&resize=350%2C200","width":350,"height":200,"srcset":"https:\/\/i0.wp.com\/vincentians.com\/es\/wp-content\/uploads\/sites\/11\/2016\/07\/escritos-vicente-de-paul.jpg?fit=1200%2C630&ssl=1&resize=350%2C200 1x, https:\/\/i0.wp.com\/vincentians.com\/es\/wp-content\/uploads\/sites\/11\/2016\/07\/escritos-vicente-de-paul.jpg?fit=1200%2C630&ssl=1&resize=525%2C300 1.5x, https:\/\/i0.wp.com\/vincentians.com\/es\/wp-content\/uploads\/sites\/11\/2016\/07\/escritos-vicente-de-paul.jpg?fit=1200%2C630&ssl=1&resize=700%2C400 2x, https:\/\/i0.wp.com\/vincentians.com\/es\/wp-content\/uploads\/sites\/11\/2016\/07\/escritos-vicente-de-paul.jpg?fit=1200%2C630&ssl=1&resize=1050%2C600 3x"},"classes":[]},{"id":126035,"url":"https:\/\/vincentians.com\/es\/san-vicente-de-paul-siervo-de-los-pobres-10\/","url_meta":{"origin":402313,"position":5},"title":"San Vicente de Pa\u00fal, siervo de los pobres (10)","author":"Francisco Javier Fern\u00e1ndez Chento","date":"05\/12\/2013","format":false,"excerpt":"X. La reforma del clero Las conferencias del martes Para reformar a los eclesi\u00e1sticos y perfeccionarlos en las virtudes sacerdotales, junto con los retiros, las misio\u00adnes los seminarios, Vicente ide\u00f3 las conferencias que, porque se ten\u00edan semanalmente, el martes, se llamaron conferencias del martes. La primera se tuvo el 19\u2026","rel":"","context":"En \u00abVicente de Pa\u00fal\u00bb","block_context":{"text":"Vicente de Pa\u00fal","link":"https:\/\/vincentians.com\/es\/category\/la-familia-vicenciana\/fundadores\/vicente-de-paul\/"},"img":{"alt_text":"","src":"","width":0,"height":0},"classes":[]}],"_links":{"self":[{"href":"https:\/\/vincentians.com\/es\/wp-json\/wp\/v2\/posts\/402313","targetHints":{"allow":["GET"]}}],"collection":[{"href":"https:\/\/vincentians.com\/es\/wp-json\/wp\/v2\/posts"}],"about":[{"href":"https:\/\/vincentians.com\/es\/wp-json\/wp\/v2\/types\/post"}],"author":[{"embeddable":true,"href":"https:\/\/vincentians.com\/es\/wp-json\/wp\/v2\/users\/5"}],"replies":[{"embeddable":true,"href":"https:\/\/vincentians.com\/es\/wp-json\/wp\/v2\/comments?post=402313"}],"version-history":[{"count":1,"href":"https:\/\/vincentians.com\/es\/wp-json\/wp\/v2\/posts\/402313\/revisions"}],"predecessor-version":[{"id":402314,"href":"https:\/\/vincentians.com\/es\/wp-json\/wp\/v2\/posts\/402313\/revisions\/402314"}],"wp:featuredmedia":[{"embeddable":true,"href":"https:\/\/vincentians.com\/es\/wp-json\/wp\/v2\/media\/401289"}],"wp:attachment":[{"href":"https:\/\/vincentians.com\/es\/wp-json\/wp\/v2\/media?parent=402313"}],"wp:term":[{"taxonomy":"category","embeddable":true,"href":"https:\/\/vincentians.com\/es\/wp-json\/wp\/v2\/categories?post=402313"},{"taxonomy":"post_tag","embeddable":true,"href":"https:\/\/vincentians.com\/es\/wp-json\/wp\/v2\/tags?post=402313"}],"curies":[{"name":"wp","href":"https:\/\/api.w.org\/{rel}","templated":true}]}}