{"id":401854,"date":"2018-06-07T22:11:34","date_gmt":"2018-06-07T20:11:34","guid":{"rendered":"http:\/\/vincentians.com\/es\/?p=401854"},"modified":"2018-06-07T22:11:34","modified_gmt":"2018-06-07T20:11:34","slug":"la-ssvp-congrega-en-salamanca-y-madrid-a-jovenes-de-mas-de-un-centenar-de-paises","status":"publish","type":"post","link":"https:\/\/vincentians.com\/es\/la-ssvp-congrega-en-salamanca-y-madrid-a-jovenes-de-mas-de-un-centenar-de-paises\/","title":{"rendered":"La SSVP congrega en Salamanca y Madrid a j\u00f3venes de m\u00e1s de un centenar de pa\u00edses"},"content":{"rendered":"<p>\u00abEs una gran oportunidad para <strong>continuar este camino de ayuda a los necesitados<\/strong>, y &#8216;reclutar&#8217; a m\u00e1s j\u00f3venes para que sean valientes\u00bb. <strong>Juan Manuel Buergo<\/strong>, presidente de la <a href=\"http:\/\/www.ssvp.es\/index.html\">Sociedad de San Vicente de Pa\u00fal en Espa\u00f1a<\/a>, present\u00f3 este mediod\u00eda el <a href=\"http:\/\/www.ssvp.es\/jornadasjuventud.html\">II Encuentro Internacional de la Juventud de la SSVP<\/a>, que del 16 al 21 de este mes reunir\u00e1 en Salamanca y Madrid a j\u00f3venes de m\u00e1s de un centenar de pa\u00edses, que dar\u00e1n buena muestra de que ser joven creyente, hoy, es m\u00e1s que una categor\u00eda: es un modo de querer cambiar el mundo.<\/p>\n<p>Una aut\u00e9ntica \u00abriqueza espiritual\u00bb, como subray\u00f3 Carlos Lafarga, responsable de Comunicaci\u00f3n de esta instituci\u00f3n, presente en 153 pa\u00edses, y que ayuda a 30 millones de personas en todo el mundo (150.000 en nuestro pa\u00eds).<\/p>\n<p>Es la segunda vez que se celebran estos encuentros, que congregan a chicos y chicas que \u00abvienen de pa\u00edses con realidades muy complejas\u00bb. As\u00ed, y coincidiendo con la celebraci\u00f3n, el 20 de junio, del <strong>D\u00eda del Refugiado<\/strong>, las jornadas compartir\u00e1n las experiencias de j\u00f3venes de <strong>Chad, Honduras, Irak, Siria, L\u00edbano, Venezuela&#8230;<\/strong><\/p>\n<p>Pa\u00edses en los que viven millones de desplazados, internos y externos. \u00abEllos viven en primera persona estas situaciones\u00bb, destac\u00f3 Lafarga, porque \u00ab<strong>la Sociedad de San Vicente de Pa\u00fal no aterriza en los lugares de conflicto, sino que ya est\u00e1n all\u00ed<\/strong>. Son vecinos, los que sufren los conflictos armados, los desastres naturales&#8230;.\u00bb. Uno de ellos, ahora mismo, estaba trabajando como bombero en Guatemala, \u00absacando a gente del volc\u00e1n\u00bb.<\/p>\n<p>\u00abNo aterrizamos en los sitios, estamos en ellos. Actuamos desde dentro con la estructura que nos ofrece la misi\u00f3n internacional\u00bb, destacaron los responsables de San Vicente de Pa\u00fal. En el mundo, <strong>las SSVP son 800.000 miembros<\/strong>. En Espa\u00f1a 2.500 socios y otros 2.000 voluntarios. \u00abEst\u00e1 creciendo mucho la sociedad en India, en \u00c1frica y Asia\u00bb, destac\u00f3 Buergo. Tambi\u00e9n, en China.<\/p>\n<p>\u00abQueremos exhortar a los j\u00f3venes a <strong>desarrollar su vocaci\u00f3n en la Iglesia y el mundo<\/strong>. Estos encuentros fortalecen estar m\u00e1s unidos en esta vocaci\u00f3n de transmitir el Evangelio\u00bb, a\u00f1adi\u00f3 el presidente espa\u00f1ol. Por su parte, Isabel, otra de las organizadoras, insisti\u00f3 en que lo que buscan es \u00abque los j\u00f3venes se empapen del esp\u00edritu de Ozanam, que sientan esa fuerza transformadora\u00bb.<\/p>\n<p>Para conocer todos los actos del II Encuentro, <a href=\"http:\/\/www.ssvp.es\/jornadasjuventud.html\">pincha aqu\u00ed.<\/a><\/p>\n<p>El evento se podr\u00e1 seguir en directo a trav\u00e9s de los perfiles de FB de la SSVP (<a href=\"https:\/\/mce_host\/group\/religion-digital\/@SSVP.International\">@SSVP.International<\/a> <a href=\"https:\/\/mce_host\/group\/religion-digital\/@SSVPYouthSalamanca\">@SSVPYouthSalamanca<\/a> <a href=\"https:\/\/mce_host\/group\/religion-digital\/@SSVPYouthCGI\">@SSVPYouthCGI<\/a>), con enlaces a cuatro idiomas.<\/p>\n<p>Tomado de www.libertaddigital.com<\/p>\n","protected":false},"excerpt":{"rendered":"<p>\u00abEs una gran oportunidad para continuar este camino de ayuda a los necesitados, y &#8216;reclutar&#8217; a m\u00e1s j\u00f3venes para que sean valientes\u00bb. Juan Manuel Buergo, presidente de la Sociedad de San Vicente de Pa\u00fal en &#8230; <a href=\"https:\/\/vincentians.com\/es\/la-ssvp-congrega-en-salamanca-y-madrid-a-jovenes-de-mas-de-un-centenar-de-paises\/\" class=\"more-link\">Read More<\/a><\/p>\n","protected":false},"author":5,"featured_media":401855,"comment_status":"open","ping_status":"open","sticky":false,"template":"","format":"standard","meta":{"jetpack_post_was_ever_published":false,"_jetpack_newsletter_access":"","_jetpack_dont_email_post_to_subs":false,"_jetpack_newsletter_tier_id":0,"_jetpack_memberships_contains_paywalled_content":false,"_jetpack_memberships_contains_paid_content":false,"footnotes":"","jetpack_publicize_message":"","jetpack_publicize_feature_enabled":true,"jetpack_social_post_already_shared":true,"jetpack_social_options":{"image_generator_settings":{"template":"highway","default_image_id":0,"font":"","enabled":false},"version":2}},"categories":[250],"tags":[],"class_list":["post-401854","post","type-post","status-publish","format-standard","has-post-thumbnail","hentry","category-sociedad-de-san-vicente-de-paul"],"yoast_head":"<!-- This site is optimized with the Yoast SEO plugin v26.3 - https:\/\/yoast.com\/wordpress\/plugins\/seo\/ -->\n<title>La SSVP congrega en Salamanca y Madrid a j\u00f3venes de m\u00e1s de un centenar de pa\u00edses - Somos Vicencianos<\/title>\n<meta name=\"robots\" content=\"index, follow, max-snippet:-1, max-image-preview:large, max-video-preview:-1\" \/>\n<link rel=\"canonical\" href=\"https:\/\/vincentians.com\/es\/la-ssvp-congrega-en-salamanca-y-madrid-a-jovenes-de-mas-de-un-centenar-de-paises\/\" \/>\n<meta property=\"og:locale\" content=\"es_ES\" \/>\n<meta property=\"og:type\" content=\"article\" \/>\n<meta property=\"og:title\" content=\"La SSVP congrega en Salamanca y Madrid a j\u00f3venes de m\u00e1s de un centenar de pa\u00edses - Somos Vicencianos\" \/>\n<meta property=\"og:description\" content=\"\u00abEs una gran oportunidad para continuar este camino de ayuda a los necesitados, y &#8216;reclutar&#8217; a m\u00e1s j\u00f3venes para que sean valientes\u00bb. Juan Manuel Buergo, presidente de la Sociedad de San Vicente de Pa\u00fal en ... Read More\" \/>\n<meta property=\"og:url\" content=\"https:\/\/vincentians.com\/es\/la-ssvp-congrega-en-salamanca-y-madrid-a-jovenes-de-mas-de-un-centenar-de-paises\/\" \/>\n<meta property=\"og:site_name\" content=\"Somos Vicencianos\" \/>\n<meta property=\"article:publisher\" content=\"https:\/\/www.facebook.com\/WeAreVincentians\/\" \/>\n<meta property=\"article:published_time\" content=\"2018-06-07T20:11:34+00:00\" \/>\n<meta property=\"og:image\" content=\"https:\/\/i0.wp.com\/vincentians.com\/es\/wp-content\/uploads\/sites\/11\/2018\/06\/abcd.jpg?fit=800%2C449&ssl=1\" \/>\n\t<meta property=\"og:image:width\" content=\"800\" \/>\n\t<meta property=\"og:image:height\" content=\"449\" \/>\n\t<meta property=\"og:image:type\" content=\"image\/jpeg\" \/>\n<meta name=\"author\" content=\"Mitxel Olabu\u00e9naga\" \/>\n<meta name=\"twitter:card\" content=\"summary_large_image\" \/>\n<meta name=\"twitter:creator\" content=\"@WeVincentians\" \/>\n<meta name=\"twitter:site\" content=\"@WeVincentians\" \/>\n<meta name=\"twitter:label1\" content=\"Escrito por\" \/>\n\t<meta name=\"twitter:data1\" content=\"Mitxel Olabu\u00e9naga\" \/>\n\t<meta name=\"twitter:label2\" content=\"Tiempo de lectura\" \/>\n\t<meta name=\"twitter:data2\" content=\"2 minutos\" \/>\n<script type=\"application\/ld+json\" class=\"yoast-schema-graph\">{\"@context\":\"https:\/\/schema.org\",\"@graph\":[{\"@type\":\"Article\",\"@id\":\"https:\/\/vincentians.com\/es\/la-ssvp-congrega-en-salamanca-y-madrid-a-jovenes-de-mas-de-un-centenar-de-paises\/#article\",\"isPartOf\":{\"@id\":\"https:\/\/vincentians.com\/es\/la-ssvp-congrega-en-salamanca-y-madrid-a-jovenes-de-mas-de-un-centenar-de-paises\/\"},\"author\":{\"name\":\"Mitxel Olabu\u00e9naga\",\"@id\":\"http:\/\/vincentians.com\/es\/#\/schema\/person\/7c2670b4445a7ca9d164ea6acdb31859\"},\"headline\":\"La SSVP congrega en Salamanca y Madrid a j\u00f3venes de m\u00e1s de un centenar de pa\u00edses\",\"datePublished\":\"2018-06-07T20:11:34+00:00\",\"mainEntityOfPage\":{\"@id\":\"https:\/\/vincentians.com\/es\/la-ssvp-congrega-en-salamanca-y-madrid-a-jovenes-de-mas-de-un-centenar-de-paises\/\"},\"wordCount\":457,\"commentCount\":0,\"publisher\":{\"@id\":\"http:\/\/vincentians.com\/es\/#organization\"},\"image\":{\"@id\":\"https:\/\/vincentians.com\/es\/la-ssvp-congrega-en-salamanca-y-madrid-a-jovenes-de-mas-de-un-centenar-de-paises\/#primaryimage\"},\"thumbnailUrl\":\"https:\/\/i0.wp.com\/vincentians.com\/es\/wp-content\/uploads\/sites\/11\/2018\/06\/abcd.jpg?fit=800%2C449&ssl=1\",\"articleSection\":[\"Sociedad de San Vicente de Pa\u00fal\"],\"inLanguage\":\"es\",\"potentialAction\":[{\"@type\":\"CommentAction\",\"name\":\"Comment\",\"target\":[\"https:\/\/vincentians.com\/es\/la-ssvp-congrega-en-salamanca-y-madrid-a-jovenes-de-mas-de-un-centenar-de-paises\/#respond\"]}]},{\"@type\":\"WebPage\",\"@id\":\"https:\/\/vincentians.com\/es\/la-ssvp-congrega-en-salamanca-y-madrid-a-jovenes-de-mas-de-un-centenar-de-paises\/\",\"url\":\"https:\/\/vincentians.com\/es\/la-ssvp-congrega-en-salamanca-y-madrid-a-jovenes-de-mas-de-un-centenar-de-paises\/\",\"name\":\"La SSVP congrega en Salamanca y Madrid a j\u00f3venes de m\u00e1s de un centenar de pa\u00edses - Somos Vicencianos\",\"isPartOf\":{\"@id\":\"http:\/\/vincentians.com\/es\/#website\"},\"primaryImageOfPage\":{\"@id\":\"https:\/\/vincentians.com\/es\/la-ssvp-congrega-en-salamanca-y-madrid-a-jovenes-de-mas-de-un-centenar-de-paises\/#primaryimage\"},\"image\":{\"@id\":\"https:\/\/vincentians.com\/es\/la-ssvp-congrega-en-salamanca-y-madrid-a-jovenes-de-mas-de-un-centenar-de-paises\/#primaryimage\"},\"thumbnailUrl\":\"https:\/\/i0.wp.com\/vincentians.com\/es\/wp-content\/uploads\/sites\/11\/2018\/06\/abcd.jpg?fit=800%2C449&ssl=1\",\"datePublished\":\"2018-06-07T20:11:34+00:00\",\"breadcrumb\":{\"@id\":\"https:\/\/vincentians.com\/es\/la-ssvp-congrega-en-salamanca-y-madrid-a-jovenes-de-mas-de-un-centenar-de-paises\/#breadcrumb\"},\"inLanguage\":\"es\",\"potentialAction\":[{\"@type\":\"ReadAction\",\"target\":[\"https:\/\/vincentians.com\/es\/la-ssvp-congrega-en-salamanca-y-madrid-a-jovenes-de-mas-de-un-centenar-de-paises\/\"]}]},{\"@type\":\"ImageObject\",\"inLanguage\":\"es\",\"@id\":\"https:\/\/vincentians.com\/es\/la-ssvp-congrega-en-salamanca-y-madrid-a-jovenes-de-mas-de-un-centenar-de-paises\/#primaryimage\",\"url\":\"https:\/\/i0.wp.com\/vincentians.com\/es\/wp-content\/uploads\/sites\/11\/2018\/06\/abcd.jpg?fit=800%2C449&ssl=1\",\"contentUrl\":\"https:\/\/i0.wp.com\/vincentians.com\/es\/wp-content\/uploads\/sites\/11\/2018\/06\/abcd.jpg?fit=800%2C449&ssl=1\",\"width\":800,\"height\":449},{\"@type\":\"BreadcrumbList\",\"@id\":\"https:\/\/vincentians.com\/es\/la-ssvp-congrega-en-salamanca-y-madrid-a-jovenes-de-mas-de-un-centenar-de-paises\/#breadcrumb\",\"itemListElement\":[{\"@type\":\"ListItem\",\"position\":1,\"name\":\"Portada\",\"item\":\"http:\/\/vincentians.com\/es\/\"},{\"@type\":\"ListItem\",\"position\":2,\"name\":\"La SSVP congrega en Salamanca y Madrid a j\u00f3venes de m\u00e1s de un centenar de pa\u00edses\"}]},{\"@type\":\"WebSite\",\"@id\":\"http:\/\/vincentians.com\/es\/#website\",\"url\":\"http:\/\/vincentians.com\/es\/\",\"name\":\"Somos Vicencianos\",\"description\":\"Know more to serve more\",\"publisher\":{\"@id\":\"http:\/\/vincentians.com\/es\/#organization\"},\"potentialAction\":[{\"@type\":\"SearchAction\",\"target\":{\"@type\":\"EntryPoint\",\"urlTemplate\":\"http:\/\/vincentians.com\/es\/?s={search_term_string}\"},\"query-input\":{\"@type\":\"PropertyValueSpecification\",\"valueRequired\":true,\"valueName\":\"search_term_string\"}}],\"inLanguage\":\"es\"},{\"@type\":\"Organization\",\"@id\":\"http:\/\/vincentians.com\/es\/#organization\",\"name\":\"The Vincentian Network\",\"url\":\"http:\/\/vincentians.com\/es\/\",\"logo\":{\"@type\":\"ImageObject\",\"inLanguage\":\"es\",\"@id\":\"http:\/\/vincentians.com\/es\/#\/schema\/logo\/image\/\",\"url\":\"https:\/\/i1.wp.com\/vincentians.com\/es\/wp-content\/uploads\/sites\/11\/2016\/06\/Vincentian-Network-logo-big.png?fit=778%2C778\",\"contentUrl\":\"https:\/\/i1.wp.com\/vincentians.com\/es\/wp-content\/uploads\/sites\/11\/2016\/06\/Vincentian-Network-logo-big.png?fit=778%2C778\",\"width\":778,\"height\":778,\"caption\":\"The Vincentian Network\"},\"image\":{\"@id\":\"http:\/\/vincentians.com\/es\/#\/schema\/logo\/image\/\"},\"sameAs\":[\"https:\/\/www.facebook.com\/WeAreVincentians\/\",\"https:\/\/x.com\/WeVincentians\"]},{\"@type\":\"Person\",\"@id\":\"http:\/\/vincentians.com\/es\/#\/schema\/person\/7c2670b4445a7ca9d164ea6acdb31859\",\"name\":\"Mitxel Olabu\u00e9naga\",\"image\":{\"@type\":\"ImageObject\",\"inLanguage\":\"es\",\"@id\":\"http:\/\/vincentians.com\/es\/#\/schema\/person\/image\/\",\"url\":\"https:\/\/secure.gravatar.com\/avatar\/34137ec2e2b8939cbbed975731e71f3f4f1defc7266ded337a5ce0f925426877?s=96&d=mm&r=g\",\"contentUrl\":\"https:\/\/secure.gravatar.com\/avatar\/34137ec2e2b8939cbbed975731e71f3f4f1defc7266ded337a5ce0f925426877?s=96&d=mm&r=g\",\"caption\":\"Mitxel Olabu\u00e9naga\"},\"url\":\"https:\/\/vincentians.com\/es\/author\/mitxel\/\"}]}<\/script>\n<!-- \/ Yoast SEO plugin. -->","yoast_head_json":{"title":"La SSVP congrega en Salamanca y Madrid a j\u00f3venes de m\u00e1s de un centenar de pa\u00edses - Somos Vicencianos","robots":{"index":"index","follow":"follow","max-snippet":"max-snippet:-1","max-image-preview":"max-image-preview:large","max-video-preview":"max-video-preview:-1"},"canonical":"https:\/\/vincentians.com\/es\/la-ssvp-congrega-en-salamanca-y-madrid-a-jovenes-de-mas-de-un-centenar-de-paises\/","og_locale":"es_ES","og_type":"article","og_title":"La SSVP congrega en Salamanca y Madrid a j\u00f3venes de m\u00e1s de un centenar de pa\u00edses - Somos Vicencianos","og_description":"\u00abEs una gran oportunidad para continuar este camino de ayuda a los necesitados, y &#8216;reclutar&#8217; a m\u00e1s j\u00f3venes para que sean valientes\u00bb. Juan Manuel Buergo, presidente de la Sociedad de San Vicente de Pa\u00fal en ... Read More","og_url":"https:\/\/vincentians.com\/es\/la-ssvp-congrega-en-salamanca-y-madrid-a-jovenes-de-mas-de-un-centenar-de-paises\/","og_site_name":"Somos Vicencianos","article_publisher":"https:\/\/www.facebook.com\/WeAreVincentians\/","article_published_time":"2018-06-07T20:11:34+00:00","og_image":[{"width":800,"height":449,"url":"https:\/\/i0.wp.com\/vincentians.com\/es\/wp-content\/uploads\/sites\/11\/2018\/06\/abcd.jpg?fit=800%2C449&ssl=1","type":"image\/jpeg"}],"author":"Mitxel Olabu\u00e9naga","twitter_card":"summary_large_image","twitter_creator":"@WeVincentians","twitter_site":"@WeVincentians","twitter_misc":{"Escrito por":"Mitxel Olabu\u00e9naga","Tiempo de lectura":"2 minutos"},"schema":{"@context":"https:\/\/schema.org","@graph":[{"@type":"Article","@id":"https:\/\/vincentians.com\/es\/la-ssvp-congrega-en-salamanca-y-madrid-a-jovenes-de-mas-de-un-centenar-de-paises\/#article","isPartOf":{"@id":"https:\/\/vincentians.com\/es\/la-ssvp-congrega-en-salamanca-y-madrid-a-jovenes-de-mas-de-un-centenar-de-paises\/"},"author":{"name":"Mitxel Olabu\u00e9naga","@id":"http:\/\/vincentians.com\/es\/#\/schema\/person\/7c2670b4445a7ca9d164ea6acdb31859"},"headline":"La SSVP congrega en Salamanca y Madrid a j\u00f3venes de m\u00e1s de un centenar de pa\u00edses","datePublished":"2018-06-07T20:11:34+00:00","mainEntityOfPage":{"@id":"https:\/\/vincentians.com\/es\/la-ssvp-congrega-en-salamanca-y-madrid-a-jovenes-de-mas-de-un-centenar-de-paises\/"},"wordCount":457,"commentCount":0,"publisher":{"@id":"http:\/\/vincentians.com\/es\/#organization"},"image":{"@id":"https:\/\/vincentians.com\/es\/la-ssvp-congrega-en-salamanca-y-madrid-a-jovenes-de-mas-de-un-centenar-de-paises\/#primaryimage"},"thumbnailUrl":"https:\/\/i0.wp.com\/vincentians.com\/es\/wp-content\/uploads\/sites\/11\/2018\/06\/abcd.jpg?fit=800%2C449&ssl=1","articleSection":["Sociedad de San Vicente de Pa\u00fal"],"inLanguage":"es","potentialAction":[{"@type":"CommentAction","name":"Comment","target":["https:\/\/vincentians.com\/es\/la-ssvp-congrega-en-salamanca-y-madrid-a-jovenes-de-mas-de-un-centenar-de-paises\/#respond"]}]},{"@type":"WebPage","@id":"https:\/\/vincentians.com\/es\/la-ssvp-congrega-en-salamanca-y-madrid-a-jovenes-de-mas-de-un-centenar-de-paises\/","url":"https:\/\/vincentians.com\/es\/la-ssvp-congrega-en-salamanca-y-madrid-a-jovenes-de-mas-de-un-centenar-de-paises\/","name":"La SSVP congrega en Salamanca y Madrid a j\u00f3venes de m\u00e1s de un centenar de pa\u00edses - Somos Vicencianos","isPartOf":{"@id":"http:\/\/vincentians.com\/es\/#website"},"primaryImageOfPage":{"@id":"https:\/\/vincentians.com\/es\/la-ssvp-congrega-en-salamanca-y-madrid-a-jovenes-de-mas-de-un-centenar-de-paises\/#primaryimage"},"image":{"@id":"https:\/\/vincentians.com\/es\/la-ssvp-congrega-en-salamanca-y-madrid-a-jovenes-de-mas-de-un-centenar-de-paises\/#primaryimage"},"thumbnailUrl":"https:\/\/i0.wp.com\/vincentians.com\/es\/wp-content\/uploads\/sites\/11\/2018\/06\/abcd.jpg?fit=800%2C449&ssl=1","datePublished":"2018-06-07T20:11:34+00:00","breadcrumb":{"@id":"https:\/\/vincentians.com\/es\/la-ssvp-congrega-en-salamanca-y-madrid-a-jovenes-de-mas-de-un-centenar-de-paises\/#breadcrumb"},"inLanguage":"es","potentialAction":[{"@type":"ReadAction","target":["https:\/\/vincentians.com\/es\/la-ssvp-congrega-en-salamanca-y-madrid-a-jovenes-de-mas-de-un-centenar-de-paises\/"]}]},{"@type":"ImageObject","inLanguage":"es","@id":"https:\/\/vincentians.com\/es\/la-ssvp-congrega-en-salamanca-y-madrid-a-jovenes-de-mas-de-un-centenar-de-paises\/#primaryimage","url":"https:\/\/i0.wp.com\/vincentians.com\/es\/wp-content\/uploads\/sites\/11\/2018\/06\/abcd.jpg?fit=800%2C449&ssl=1","contentUrl":"https:\/\/i0.wp.com\/vincentians.com\/es\/wp-content\/uploads\/sites\/11\/2018\/06\/abcd.jpg?fit=800%2C449&ssl=1","width":800,"height":449},{"@type":"BreadcrumbList","@id":"https:\/\/vincentians.com\/es\/la-ssvp-congrega-en-salamanca-y-madrid-a-jovenes-de-mas-de-un-centenar-de-paises\/#breadcrumb","itemListElement":[{"@type":"ListItem","position":1,"name":"Portada","item":"http:\/\/vincentians.com\/es\/"},{"@type":"ListItem","position":2,"name":"La SSVP congrega en Salamanca y Madrid a j\u00f3venes de m\u00e1s de un centenar de pa\u00edses"}]},{"@type":"WebSite","@id":"http:\/\/vincentians.com\/es\/#website","url":"http:\/\/vincentians.com\/es\/","name":"Somos Vicencianos","description":"Know more to serve more","publisher":{"@id":"http:\/\/vincentians.com\/es\/#organization"},"potentialAction":[{"@type":"SearchAction","target":{"@type":"EntryPoint","urlTemplate":"http:\/\/vincentians.com\/es\/?s={search_term_string}"},"query-input":{"@type":"PropertyValueSpecification","valueRequired":true,"valueName":"search_term_string"}}],"inLanguage":"es"},{"@type":"Organization","@id":"http:\/\/vincentians.com\/es\/#organization","name":"The Vincentian Network","url":"http:\/\/vincentians.com\/es\/","logo":{"@type":"ImageObject","inLanguage":"es","@id":"http:\/\/vincentians.com\/es\/#\/schema\/logo\/image\/","url":"https:\/\/i1.wp.com\/vincentians.com\/es\/wp-content\/uploads\/sites\/11\/2016\/06\/Vincentian-Network-logo-big.png?fit=778%2C778","contentUrl":"https:\/\/i1.wp.com\/vincentians.com\/es\/wp-content\/uploads\/sites\/11\/2016\/06\/Vincentian-Network-logo-big.png?fit=778%2C778","width":778,"height":778,"caption":"The Vincentian Network"},"image":{"@id":"http:\/\/vincentians.com\/es\/#\/schema\/logo\/image\/"},"sameAs":["https:\/\/www.facebook.com\/WeAreVincentians\/","https:\/\/x.com\/WeVincentians"]},{"@type":"Person","@id":"http:\/\/vincentians.com\/es\/#\/schema\/person\/7c2670b4445a7ca9d164ea6acdb31859","name":"Mitxel Olabu\u00e9naga","image":{"@type":"ImageObject","inLanguage":"es","@id":"http:\/\/vincentians.com\/es\/#\/schema\/person\/image\/","url":"https:\/\/secure.gravatar.com\/avatar\/34137ec2e2b8939cbbed975731e71f3f4f1defc7266ded337a5ce0f925426877?s=96&d=mm&r=g","contentUrl":"https:\/\/secure.gravatar.com\/avatar\/34137ec2e2b8939cbbed975731e71f3f4f1defc7266ded337a5ce0f925426877?s=96&d=mm&r=g","caption":"Mitxel Olabu\u00e9naga"},"url":"https:\/\/vincentians.com\/es\/author\/mitxel\/"}]}},"jetpack_publicize_connections":[],"jetpack_featured_media_url":"https:\/\/i0.wp.com\/vincentians.com\/es\/wp-content\/uploads\/sites\/11\/2018\/06\/abcd.jpg?fit=800%2C449&ssl=1","jetpack_sharing_enabled":true,"jetpack_shortlink":"https:\/\/wp.me\/p7ETMF-1Gxw","jetpack-related-posts":[{"id":145196,"url":"https:\/\/vincentians.com\/es\/la-mision-de-la-sociedad-de-san-vicente-de-paul\/","url_meta":{"origin":401854,"position":0},"title":"La Misi\u00f3n de la Sociedad de San Vicente de Pa\u00fal","author":"Francisco Javier Fern\u00e1ndez Chento","date":"18\/05\/2015","format":false,"excerpt":"De acuerdo al concepto de Misi\u00f3n de cualquier instituci\u00f3n, \u00e9sta se puede definir como el motivo, pro\u00adp\u00f3sito, fin o raz\u00f3n de ser de la exis\u00adtencia de una organizaci\u00f3n. A este respecto, es importante conocer que el Consejo General In\u00adternacional de la Sociedad de San Vicente de Pa\u00fal, con el objetivo\u2026","rel":"","context":"En \u00abSociedad de San Vicente de Pa\u00fal\u00bb","block_context":{"text":"Sociedad de San Vicente de Pa\u00fal","link":"https:\/\/vincentians.com\/es\/category\/la-familia-vicenciana\/ramas\/sociedad-de-san-vicente-de-paul\/"},"img":{"alt_text":"ssvp","src":"https:\/\/i0.wp.com\/vicencianos.org\/wp-content\/2013\/12\/ssvp-300x281.jpg?resize=350%2C200","width":350,"height":200},"classes":[]},{"id":51128,"url":"https:\/\/vincentians.com\/es\/regla-comentada-de-la-ssvp-presentacion\/","url_meta":{"origin":401854,"position":1},"title":"Regla comentada de la SSVP (Presentaci\u00f3n)","author":"Francisco Javier Fern\u00e1ndez Chento","date":"01\/02\/2015","format":false,"excerpt":"Presentaci\u00f3n La presentaci\u00f3n de la Regla de la Confederaci\u00f3n de la So\u00adciedad de San Vicente de Pa\u00fal en el mundo, acompa\u00f1ada de sus Estatutos internacionales de funcionamiento en ver\u00adsi\u00f3n comentada que siguen a estas l\u00edneas, aprobada en la Asamblea General extraordinaria de Roma en el mes de octubre del 2.003,\u2026","rel":"","context":"En \u00abDocumentos de la Sociedad de San Vicente de Pa\u00fal\u00bb","block_context":{"text":"Documentos de la Sociedad de San Vicente de Pa\u00fal","link":"https:\/\/vincentians.com\/es\/category\/formacion-vicenciana\/documentos-oficiales-de-la-familia-vicenciana\/documentos-de-la-sociedad-de-san-vicente-de-paul\/"},"img":{"alt_text":"","src":"https:\/\/i0.wp.com\/vicencianos.org\/wp-content\/2011\/10\/regla_ssvp_comentada-158x300.jpg?resize=350%2C200","width":350,"height":200},"classes":[]},{"id":51144,"url":"https:\/\/vincentians.com\/es\/regla-comentada-de-la-ssvp-4-relaciones-con-la-red-vicentina-y-catolica-de-caridad\/","url_meta":{"origin":401854,"position":2},"title":"Regla comentada de la SSVP (4. Relaciones con la red vicentina y cat\u00f3lica de caridad)","author":"Francisco Javier Fern\u00e1ndez Chento","date":"05\/02\/2015","format":false,"excerpt":"4. Relaciones con la red vicentina y cat\u00f3lica de caridad 4.1 Hermanamientos Las Conferencias y Consejos se ayudan entre si, tanto en el interior de los pa\u00edses, como con las del resto del mundo siendo esta actividad, una de las mas queridas por la So\u00adciedad y los vicentinos. La toma\u2026","rel":"","context":"En \u00abDocumentos de la Sociedad de San Vicente de Pa\u00fal\u00bb","block_context":{"text":"Documentos de la Sociedad de San Vicente de Pa\u00fal","link":"https:\/\/vincentians.com\/es\/category\/formacion-vicenciana\/documentos-oficiales-de-la-familia-vicenciana\/documentos-de-la-sociedad-de-san-vicente-de-paul\/"},"img":{"alt_text":"","src":"https:\/\/i0.wp.com\/vicencianos.org\/wp-content\/2011\/10\/regla_ssvp_comentada-158x300.jpg?resize=350%2C200","width":350,"height":200},"classes":[]},{"id":101815,"url":"https:\/\/vincentians.com\/es\/vida-del-senor-vicente-de-paul-nota-bibliografica-2\/","url_meta":{"origin":401854,"position":3},"title":"Vida del Se\u00f1or Vicente de Pa\u00fal: Nota bibliogr\u00e1fica","author":"Francisco Javier Fern\u00e1ndez Chento","date":"21\/05\/2015","format":false,"excerpt":"Nota bibliogr\u00e1fica Esta biograf\u00eda de san Vicente de Pa\u00fal se dedica a la memoria de Pierre Coste, C.M. (1873-1935), sin cuyo trabajo previo no hubiera podido ser escrita. Coste recogi\u00f3 pacientemente y public\u00f3 en trece vol\u00famenes pr\u00e1cticamente todos los es\u00adcritos procedentes de Vicente de Pa\u00fal o que se refieren a\u2026","rel":"","context":"En \u00abVicente de Pa\u00fal\u00bb","block_context":{"text":"Vicente de Pa\u00fal","link":"https:\/\/vincentians.com\/es\/category\/la-familia-vicenciana\/fundadores\/vicente-de-paul\/"},"img":{"alt_text":"sanvibiblia","src":"https:\/\/i0.wp.com\/vicencianos.org\/wp-content\/2012\/08\/sanvibiblia-300x300.png?resize=350%2C200","width":350,"height":200},"classes":[]},{"id":118520,"url":"https:\/\/vincentians.com\/es\/bibliografia-basica-sobre-san-vicente-de-paul\/","url_meta":{"origin":401854,"position":4},"title":"Bibliograf\u00eda b\u00e1sica sobre san Vicente de Pa\u00fal","author":"Francisco Javier Fern\u00e1ndez Chento","date":"14\/03\/2015","format":false,"excerpt":"ABELLY Louis: Vida del Venerable Siervo de Dios Vicente de Pa\u00fal, Fundador y primer Superior General de la Congregaci\u00f3n de la Misi\u00f3n. Salamanca: CEME. 1994. 814p 25cm. Abelly public\u00f3 esta obra s\u00f3lo cuatro a\u00f1os despu\u00e9s de la muerte de San Vicente, a quien conoci\u00f3 durante m\u00e1s de veinte a\u00f1os. Ha\u2026","rel":"","context":"En \u00abVicente de Pa\u00fal\u00bb","block_context":{"text":"Vicente de Pa\u00fal","link":"https:\/\/vincentians.com\/es\/category\/la-familia-vicenciana\/fundadores\/vicente-de-paul\/"},"img":{"alt_text":"vicentepaul","src":"https:\/\/i0.wp.com\/vicencianos.org\/wp-content\/2012\/12\/vicentepaul-235x300.jpg?resize=350%2C200","width":350,"height":200},"classes":[]},{"id":398639,"url":"https:\/\/vincentians.com\/es\/aportacion-del-carisma-vicenciano-la-mision-la-iglesia-3\/","url_meta":{"origin":401854,"position":5},"title":"Aportaci\u00f3n del carisma vicenciano a la Misi\u00f3n de la Iglesia (3)","author":"Francisco Javier Fern\u00e1ndez Chento","date":"06\/08\/2016","format":false,"excerpt":"3.- La participaci\u00f3n de los laicos, y particularmente de la mujer, en la Misi\u00f3n de los ap\u00f3stoles. Los bi\u00f3grafos de San Vicente de Pa\u00fal y de Santa Luisa de Marillac destacan su importante contribuci\u00f3n a la promoci\u00f3n de los laicos, y particularmente de la mujer, al apostolado en la Iglesia.\u2026","rel":"","context":"En \u00abFormaci\u00f3n Vicenciana\u00bb","block_context":{"text":"Formaci\u00f3n Vicenciana","link":"https:\/\/vincentians.com\/es\/category\/formacion-vicenciana\/"},"img":{"alt_text":"","src":"https:\/\/i0.wp.com\/vincentians.com\/es\/wp-content\/uploads\/sites\/11\/2016\/06\/contributions-charism.jpg?fit=1200%2C630&ssl=1&resize=350%2C200","width":350,"height":200,"srcset":"https:\/\/i0.wp.com\/vincentians.com\/es\/wp-content\/uploads\/sites\/11\/2016\/06\/contributions-charism.jpg?fit=1200%2C630&ssl=1&resize=350%2C200 1x, https:\/\/i0.wp.com\/vincentians.com\/es\/wp-content\/uploads\/sites\/11\/2016\/06\/contributions-charism.jpg?fit=1200%2C630&ssl=1&resize=525%2C300 1.5x, https:\/\/i0.wp.com\/vincentians.com\/es\/wp-content\/uploads\/sites\/11\/2016\/06\/contributions-charism.jpg?fit=1200%2C630&ssl=1&resize=700%2C400 2x, https:\/\/i0.wp.com\/vincentians.com\/es\/wp-content\/uploads\/sites\/11\/2016\/06\/contributions-charism.jpg?fit=1200%2C630&ssl=1&resize=1050%2C600 3x"},"classes":[]}],"_links":{"self":[{"href":"https:\/\/vincentians.com\/es\/wp-json\/wp\/v2\/posts\/401854","targetHints":{"allow":["GET"]}}],"collection":[{"href":"https:\/\/vincentians.com\/es\/wp-json\/wp\/v2\/posts"}],"about":[{"href":"https:\/\/vincentians.com\/es\/wp-json\/wp\/v2\/types\/post"}],"author":[{"embeddable":true,"href":"https:\/\/vincentians.com\/es\/wp-json\/wp\/v2\/users\/5"}],"replies":[{"embeddable":true,"href":"https:\/\/vincentians.com\/es\/wp-json\/wp\/v2\/comments?post=401854"}],"version-history":[{"count":1,"href":"https:\/\/vincentians.com\/es\/wp-json\/wp\/v2\/posts\/401854\/revisions"}],"predecessor-version":[{"id":401856,"href":"https:\/\/vincentians.com\/es\/wp-json\/wp\/v2\/posts\/401854\/revisions\/401856"}],"wp:featuredmedia":[{"embeddable":true,"href":"https:\/\/vincentians.com\/es\/wp-json\/wp\/v2\/media\/401855"}],"wp:attachment":[{"href":"https:\/\/vincentians.com\/es\/wp-json\/wp\/v2\/media?parent=401854"}],"wp:term":[{"taxonomy":"category","embeddable":true,"href":"https:\/\/vincentians.com\/es\/wp-json\/wp\/v2\/categories?post=401854"},{"taxonomy":"post_tag","embeddable":true,"href":"https:\/\/vincentians.com\/es\/wp-json\/wp\/v2\/tags?post=401854"}],"curies":[{"name":"wp","href":"https:\/\/api.w.org\/{rel}","templated":true}]}}