{"id":401554,"date":"2018-01-02T20:00:24","date_gmt":"2018-01-02T19:00:24","guid":{"rendered":"http:\/\/vincentians.com\/es\/?p=401554"},"modified":"2018-01-02T19:19:32","modified_gmt":"2018-01-02T18:19:32","slug":"epifania-dizonreyes-genuino","status":"publish","type":"post","link":"https:\/\/vincentians.com\/es\/epifania-dizonreyes-genuino\/","title":{"rendered":"Epifan\u00eda del Se\u00f1or (reflexi\u00f3n de Rosalino Dizon Reyes)"},"content":{"rendered":"<p><em>Genuino rostro de Dios y de la religi\u00f3n<\/em><\/p>\n<h3><strong>Jes\u00fas revela al Dios invisible.\u00a0 Los verdaderos hermanos y hermanas de Jes\u00fas, pues, no pueden sino revelar el genuino rostro de Dios.<\/strong><\/h3>\n<p>El Hijo unig\u00e9nito es fiel imagen de Dios invisible que habita una luz inaccessible.\u00a0 Con \u00e9l vive eternamente en uni\u00f3n \u00edntima.\u00a0 Pero, hecho carne, habita entre nosotros.\u00a0 Por \u00e9l, pues, podemos todos acercarnos al Padre con un mismo Esp\u00edritu.\u00a0 Y \u00e9l es el Mes\u00edas que nos lo dice todo y nos da el Esp\u00edritu de la verdad.\u00a0 As\u00ed que, por Jes\u00fas tambi\u00e9n, podemos dar al Padre genuino culto, en esp\u00edritu y verdad.<\/p>\n<h4><strong><em>Los guiados por el Esp\u00edritu hasta la plena verdad revelan el genuino rostro de Dios.<\/em><\/strong><\/h4>\n<p>Dios, por su gracia, nos predestina a ser imagen de su Hijo.\u00a0 Dios nos propone ese destino para que Jes\u00fas sea el Primog\u00e9nito entre muchos hermanos y hermanas.<\/p>\n<p>Ser hermanos y hermanas de Jes\u00fas, entonces, ser cristianos, significa ser imagen suya.\u00a0 Y como revela \u00e9l el genuino rostro de Dios, los verdaderos cristianos hacen lo mismo.\u00a0 Esto supone que han encontrado a Jes\u00fas y lo conocen \u00edntimamente.<\/p>\n<p>Es que, por \u00faltimo, solo quienes conocen a Jesus se sienten impulsados a anunciarlo.\u00a0 Andr\u00e9s y Felipe lo prueban (Jn 1, 41. 45).\u00a0 Lo mismo hacen Pedro y Juan (Hech 4, 20).<\/p>\n<h4><strong><em>\u00bfDamos nosotros, como esos conocedores de Jes\u00fas, genuino testimonio?<\/em><\/strong><\/h4>\n<p>\u00bfTanto nos maravillamos de lo que se dice de Jes\u00fas que hablamos de \u00e9l a los dem\u00e1s?\u00a0 \u00bfConservamos \u00abtodas estas cosas\u00bb, medit\u00e1ndolas en nuestros corazones?\u00a0 Es decir, \u00bflas conservamos para que su <a href=\"http:\/\/vincentians.com\/es\/santa-maria-madre-de-dios-reflexion-de-jose-antonio-pagola-2\/\">fuerza haga m\u00e1s humana nuestra vida<\/a>?<\/p>\n<p>Y \u00abestas cosas\u00bb las esconde Dios a los letrados.\u00a0 Est\u00e1n enterados del lugar del nacimiento del Mes\u00edas.\u00a0 Pero no lo buscan; les basta con tener ciencia.<\/p>\n<p>Dios esconde tambi\u00e9n \u00abestas cosas\u00bb a Herodes.\u00a0 Como unos l\u00edderes de hoy, Herodes se encierra en s\u00ed mismo y en sus intereses.\u00a0 Va diciendo:\u00a0 \u00abYo y nadie m\u00e1s\u00bb.\u00a0 La doblez, las mentiras y la arrogancia forman parte de su ser.\u00a0 Y no tiene l\u00edmites su agresividad contra todo rival, genuino o no.<\/p>\n<p>Pero a los Magos les revela Dios lo que esconde a los soberbios y autocomplacientes.\u00a0 Es que los Magos buscan con perseverancia.\u00a0 Reconocen humildes su falta de conocimiento.\u00a0 Y porque les revela Dios \u00abestas cosas\u00bb, ciertamente, son ellos gente sencilla.<\/p>\n<p>Ven, pues, al ni\u00f1o, al Rey, del que se hacen coherederos.\u00a0 No en el palacio real, con los nobles.\u00a0 Ni en el templo, con los sumos sacerdotes.\u00a0 Lo ven en una casa, con su madre.\u00a0 Adoran al Pobrecito en esp\u00edritu y verdad, y le ofrecen regalos.\u00a0 Practican \u00abla verdadera religi\u00f3n\u00bb (<a href=\"http:\/\/via.library.depaul.edu\/cgi\/viewcontent.cgi?article=1011&amp;context=coste_sp\">SV.EN XI:120<\/a>).<\/p>\n<h4><strong><em>Se\u00f1or Jes\u00fas, conc\u00e9denos verte y adorarte de modo genuino en los pobres.\u00a0 Ens\u00e9\u00f1anos a dar regalos a ti y a ellos.\u00a0 \u00c1brenos los ojos en la Fracci\u00f3n del Pan, para que discernamos tu Cuerpo en los necesitados.<\/em><\/strong><\/h4>\n<p>7 Enero 2018<br \/>\nEpifan\u00eda del Se\u00f1or (B)<br \/>\nIs 60, 1-6; Efes 3, 2-3a. 5-6; Mt 2, 1-12<\/p>\n","protected":false},"excerpt":{"rendered":"<p>Genuino rostro de Dios y de la religi\u00f3n Jes\u00fas revela al Dios invisible.\u00a0 Los verdaderos hermanos y hermanas de Jes\u00fas, pues, no pueden sino revelar el genuino rostro de Dios. El Hijo unig\u00e9nito es fiel &#8230; <a href=\"https:\/\/vincentians.com\/es\/epifania-dizonreyes-genuino\/\" class=\"more-link\">Read More<\/a><\/p>\n","protected":false},"author":4,"featured_media":388397,"comment_status":"open","ping_status":"open","sticky":false,"template":"","format":"standard","meta":{"rs_blank_template":"","rs_page_bg_color":"","slide_template_v7":"","_jetpack_newsletter_access":"","_jetpack_dont_email_post_to_subs":false,"_jetpack_newsletter_tier_id":0,"_jetpack_memberships_contains_paywalled_content":false,"_jetpack_feature_clip_id":0,"_jetpack_memberships_contains_paid_content":false,"footnotes":"","jetpack_publicize_message":"","jetpack_publicize_feature_enabled":true,"jetpack_social_post_already_shared":true,"jetpack_social_options":{"image_generator_settings":{"template":"highway","default_image_id":0,"font":"","enabled":false},"version":2},"jetpack_post_was_ever_published":false},"categories":[93],"tags":[],"class_list":["post-401554","post","type-post","status-publish","format-standard","has-post-thumbnail","hentry","category-homilias-y-reflexiones-ano-b"],"yoast_head":"<!-- This site is optimized with the Yoast SEO plugin v27.9 - https:\/\/yoast.com\/product\/yoast-seo-wordpress\/ -->\n<title>Epifan\u00eda del Se\u00f1or (reflexi\u00f3n de Rosalino Dizon Reyes) - Somos Vicencianos<\/title>\n<meta name=\"description\" content=\"Jes\u00fas revela al Dios invisible. Los verdaderos hermanos y hermanas de Jes\u00fas, pues, no pueden sino revelar el genuino rostro de Dios.\" \/>\n<meta name=\"robots\" content=\"index, follow, max-snippet:-1, max-image-preview:large, max-video-preview:-1\" \/>\n<link rel=\"canonical\" href=\"http:\/\/vincentians.com\/es\/epifania-dizonreyes-genuino\/\" \/>\n<meta property=\"og:locale\" content=\"es_ES\" \/>\n<meta property=\"og:type\" content=\"article\" \/>\n<meta property=\"og:title\" content=\"Epifan\u00eda del Se\u00f1or (reflexi\u00f3n de Rosalino Dizon Reyes) - Somos Vicencianos\" \/>\n<meta property=\"og:description\" content=\"Jes\u00fas revela al Dios invisible. Los verdaderos hermanos y hermanas de Jes\u00fas, pues, no pueden sino revelar el genuino rostro de Dios.\" \/>\n<meta property=\"og:url\" content=\"http:\/\/vincentians.com\/es\/epifania-dizonreyes-genuino\/\" \/>\n<meta property=\"og:site_name\" content=\"Somos Vicencianos\" \/>\n<meta property=\"article:publisher\" content=\"https:\/\/www.facebook.com\/WeAreVincentians\/\" \/>\n<meta property=\"article:author\" content=\"https:\/\/www.facebook.com\/JavierChento\" \/>\n<meta property=\"article:published_time\" content=\"2018-01-02T19:00:24+00:00\" \/>\n<meta property=\"og:image\" content=\"https:\/\/i0.wp.com\/vincentians.com\/es\/wp-content\/uploads\/sites\/11\/2016\/07\/reflexiones-ross.jpg?fit=1200%2C630\" \/>\n\t<meta property=\"og:image:width\" content=\"1200\" \/>\n\t<meta property=\"og:image:height\" content=\"630\" \/>\n\t<meta property=\"og:image:type\" content=\"image\/jpeg\" \/>\n<meta name=\"author\" content=\"Francisco Javier Fern\u00e1ndez Chento\" \/>\n<meta name=\"twitter:card\" content=\"summary_large_image\" \/>\n<meta name=\"twitter:creator\" content=\"@https:\/\/twitter.com\/javierchento\" \/>\n<meta name=\"twitter:site\" content=\"@WeVincentians\" \/>\n<meta name=\"twitter:label1\" content=\"Escrito por\" \/>\n\t<meta name=\"twitter:data1\" content=\"Francisco Javier Fern\u00e1ndez Chento\" \/>\n\t<meta name=\"twitter:label2\" content=\"Tiempo de lectura\" \/>\n\t<meta name=\"twitter:data2\" content=\"3 minutos\" \/>\n<script type=\"application\/ld+json\" class=\"yoast-schema-graph\">{\"@context\":\"https:\\\/\\\/schema.org\",\"@graph\":[{\"@type\":\"Article\",\"@id\":\"http:\\\/\\\/vincentians.com\\\/es\\\/epifania-dizonreyes-genuino\\\/#article\",\"isPartOf\":{\"@id\":\"http:\\\/\\\/vincentians.com\\\/es\\\/epifania-dizonreyes-genuino\\\/\"},\"author\":{\"name\":\"Francisco Javier Fern\u00e1ndez Chento\",\"@id\":\"http:\\\/\\\/vincentians.com\\\/es\\\/#\\\/schema\\\/person\\\/9623ef4d9aa3b2dfb8c061f1499288f2\"},\"headline\":\"Epifan\u00eda del Se\u00f1or (reflexi\u00f3n de Rosalino Dizon Reyes)\",\"datePublished\":\"2018-01-02T19:00:24+00:00\",\"mainEntityOfPage\":{\"@id\":\"http:\\\/\\\/vincentians.com\\\/es\\\/epifania-dizonreyes-genuino\\\/\"},\"wordCount\":528,\"commentCount\":0,\"publisher\":{\"@id\":\"http:\\\/\\\/vincentians.com\\\/es\\\/#organization\"},\"image\":{\"@id\":\"http:\\\/\\\/vincentians.com\\\/es\\\/epifania-dizonreyes-genuino\\\/#primaryimage\"},\"thumbnailUrl\":\"https:\\\/\\\/i0.wp.com\\\/vincentians.com\\\/es\\\/wp-content\\\/uploads\\\/sites\\\/11\\\/2016\\\/07\\\/reflexiones-ross.jpg?fit=1200%2C630&ssl=1\",\"articleSection\":[\"Homil\u00edas y reflexiones, A\u00f1o B\"],\"inLanguage\":\"es\",\"potentialAction\":[{\"@type\":\"CommentAction\",\"name\":\"Comment\",\"target\":[\"http:\\\/\\\/vincentians.com\\\/es\\\/epifania-dizonreyes-genuino\\\/#respond\"]}]},{\"@type\":\"WebPage\",\"@id\":\"http:\\\/\\\/vincentians.com\\\/es\\\/epifania-dizonreyes-genuino\\\/\",\"url\":\"http:\\\/\\\/vincentians.com\\\/es\\\/epifania-dizonreyes-genuino\\\/\",\"name\":\"Epifan\u00eda del Se\u00f1or (reflexi\u00f3n de Rosalino Dizon Reyes) - Somos Vicencianos\",\"isPartOf\":{\"@id\":\"http:\\\/\\\/vincentians.com\\\/es\\\/#website\"},\"primaryImageOfPage\":{\"@id\":\"http:\\\/\\\/vincentians.com\\\/es\\\/epifania-dizonreyes-genuino\\\/#primaryimage\"},\"image\":{\"@id\":\"http:\\\/\\\/vincentians.com\\\/es\\\/epifania-dizonreyes-genuino\\\/#primaryimage\"},\"thumbnailUrl\":\"https:\\\/\\\/i0.wp.com\\\/vincentians.com\\\/es\\\/wp-content\\\/uploads\\\/sites\\\/11\\\/2016\\\/07\\\/reflexiones-ross.jpg?fit=1200%2C630&ssl=1\",\"datePublished\":\"2018-01-02T19:00:24+00:00\",\"description\":\"Jes\u00fas revela al Dios invisible. Los verdaderos hermanos y hermanas de Jes\u00fas, pues, no pueden sino revelar el genuino rostro de Dios.\",\"breadcrumb\":{\"@id\":\"http:\\\/\\\/vincentians.com\\\/es\\\/epifania-dizonreyes-genuino\\\/#breadcrumb\"},\"inLanguage\":\"es\",\"potentialAction\":[{\"@type\":\"ReadAction\",\"target\":[\"http:\\\/\\\/vincentians.com\\\/es\\\/epifania-dizonreyes-genuino\\\/\"]}]},{\"@type\":\"ImageObject\",\"inLanguage\":\"es\",\"@id\":\"http:\\\/\\\/vincentians.com\\\/es\\\/epifania-dizonreyes-genuino\\\/#primaryimage\",\"url\":\"https:\\\/\\\/i0.wp.com\\\/vincentians.com\\\/es\\\/wp-content\\\/uploads\\\/sites\\\/11\\\/2016\\\/07\\\/reflexiones-ross.jpg?fit=1200%2C630&ssl=1\",\"contentUrl\":\"https:\\\/\\\/i0.wp.com\\\/vincentians.com\\\/es\\\/wp-content\\\/uploads\\\/sites\\\/11\\\/2016\\\/07\\\/reflexiones-ross.jpg?fit=1200%2C630&ssl=1\",\"width\":1200,\"height\":630},{\"@type\":\"BreadcrumbList\",\"@id\":\"http:\\\/\\\/vincentians.com\\\/es\\\/epifania-dizonreyes-genuino\\\/#breadcrumb\",\"itemListElement\":[{\"@type\":\"ListItem\",\"position\":1,\"name\":\"Portada\",\"item\":\"http:\\\/\\\/vincentians.com\\\/es\\\/\"},{\"@type\":\"ListItem\",\"position\":2,\"name\":\"Epifan\u00eda del Se\u00f1or (reflexi\u00f3n de Rosalino Dizon Reyes)\"}]},{\"@type\":\"WebSite\",\"@id\":\"http:\\\/\\\/vincentians.com\\\/es\\\/#website\",\"url\":\"http:\\\/\\\/vincentians.com\\\/es\\\/\",\"name\":\"Somos Vicencianos\",\"description\":\"Know more to serve more\",\"publisher\":{\"@id\":\"http:\\\/\\\/vincentians.com\\\/es\\\/#organization\"},\"potentialAction\":[{\"@type\":\"SearchAction\",\"target\":{\"@type\":\"EntryPoint\",\"urlTemplate\":\"http:\\\/\\\/vincentians.com\\\/es\\\/?s={search_term_string}\"},\"query-input\":{\"@type\":\"PropertyValueSpecification\",\"valueRequired\":true,\"valueName\":\"search_term_string\"}}],\"inLanguage\":\"es\"},{\"@type\":\"Organization\",\"@id\":\"http:\\\/\\\/vincentians.com\\\/es\\\/#organization\",\"name\":\"The Vincentian Network\",\"url\":\"http:\\\/\\\/vincentians.com\\\/es\\\/\",\"logo\":{\"@type\":\"ImageObject\",\"inLanguage\":\"es\",\"@id\":\"http:\\\/\\\/vincentians.com\\\/es\\\/#\\\/schema\\\/logo\\\/image\\\/\",\"url\":\"https:\\\/\\\/i1.wp.com\\\/vincentians.com\\\/es\\\/wp-content\\\/uploads\\\/sites\\\/11\\\/2016\\\/06\\\/Vincentian-Network-logo-big.png?fit=778%2C778\",\"contentUrl\":\"https:\\\/\\\/i1.wp.com\\\/vincentians.com\\\/es\\\/wp-content\\\/uploads\\\/sites\\\/11\\\/2016\\\/06\\\/Vincentian-Network-logo-big.png?fit=778%2C778\",\"width\":778,\"height\":778,\"caption\":\"The Vincentian Network\"},\"image\":{\"@id\":\"http:\\\/\\\/vincentians.com\\\/es\\\/#\\\/schema\\\/logo\\\/image\\\/\"},\"sameAs\":[\"https:\\\/\\\/www.facebook.com\\\/WeAreVincentians\\\/\",\"https:\\\/\\\/x.com\\\/WeVincentians\"]},{\"@type\":\"Person\",\"@id\":\"http:\\\/\\\/vincentians.com\\\/es\\\/#\\\/schema\\\/person\\\/9623ef4d9aa3b2dfb8c061f1499288f2\",\"name\":\"Francisco Javier Fern\u00e1ndez Chento\",\"image\":{\"@type\":\"ImageObject\",\"inLanguage\":\"es\",\"@id\":\"https:\\\/\\\/secure.gravatar.com\\\/avatar\\\/497d5cde87b4c3d097d0315953521681ba2cd523ee66e5077c3711f7021e65de?s=96&d=mm&r=g\",\"url\":\"https:\\\/\\\/secure.gravatar.com\\\/avatar\\\/497d5cde87b4c3d097d0315953521681ba2cd523ee66e5077c3711f7021e65de?s=96&d=mm&r=g\",\"contentUrl\":\"https:\\\/\\\/secure.gravatar.com\\\/avatar\\\/497d5cde87b4c3d097d0315953521681ba2cd523ee66e5077c3711f7021e65de?s=96&d=mm&r=g\",\"caption\":\"Francisco Javier Fern\u00e1ndez Chento\"},\"description\":\"Director General y cofundador de La Red de Formaci\u00f3n Vicenciana. Javier es laico vicenciano, afiliado a la Congregaci\u00f3n de la Misi\u00f3n y miembro del Equipo de Misiones Populares de la provincia can\u00f3nica de Zaragoza (Espa\u00f1a) de la Congregaci\u00f3n de la Misi\u00f3n. Graduado en la Universidad Oberta de Catalunya con cuatro grados (Asistente de direcci\u00f3n, Gesti\u00f3n Administrativa, Recursos Humanos y Contabilidad Avanzada). Bil\u00edng\u00fce Espa\u00f1ol\\\/Ingl\u00e9s. gestiona y mantiene varias p\u00e1ginas web cristianas y vicencianas, incluida including La Red de Formaci\u00f3n Vicenciana, de la que es cofundador. Actualmente es responsable del \u00e1rea de Espa\u00f1ol de .famvin, la Red de Noticias de la Familia Vicenciana. Tambi\u00e9n es m\u00fasico cat\u00f3lico y ha editado varios discos. Es Director General y cofundador de Trovador, una reconocida compa\u00f1\u00eda discogr\u00e1fica critiana de Espa\u00f1a. Trabaja en las Tecnolog\u00edas de la Informaci\u00f3n, ofreciendo servicios de alojamiento, dise\u00f1o y mantenimiento Web, as\u00ed como asesoramiento, formaci\u00f3n y soluciones inform\u00e1ticas, gesti\u00f3n documental y digitalizaci\u00f3n de textos, edici\u00f3n y maquetaci\u00f3n de libros, revistas, flyers, etc.\",\"sameAs\":[\"http:\\\/\\\/chento.org\",\"https:\\\/\\\/www.facebook.com\\\/JavierChento\",\"https:\\\/\\\/x.com\\\/https:\\\/\\\/twitter.com\\\/javierchento\"],\"url\":\"https:\\\/\\\/vincentians.com\\\/es\\\/author\\\/chento\\\/\"}]}<\/script>\n<!-- \/ Yoast SEO plugin. -->","yoast_head_json":{"title":"Epifan\u00eda del Se\u00f1or (reflexi\u00f3n de Rosalino Dizon Reyes) - Somos Vicencianos","description":"Jes\u00fas revela al Dios invisible. Los verdaderos hermanos y hermanas de Jes\u00fas, pues, no pueden sino revelar el genuino rostro de Dios.","robots":{"index":"index","follow":"follow","max-snippet":"max-snippet:-1","max-image-preview":"max-image-preview:large","max-video-preview":"max-video-preview:-1"},"canonical":"http:\/\/vincentians.com\/es\/epifania-dizonreyes-genuino\/","og_locale":"es_ES","og_type":"article","og_title":"Epifan\u00eda del Se\u00f1or (reflexi\u00f3n de Rosalino Dizon Reyes) - Somos Vicencianos","og_description":"Jes\u00fas revela al Dios invisible. Los verdaderos hermanos y hermanas de Jes\u00fas, pues, no pueden sino revelar el genuino rostro de Dios.","og_url":"http:\/\/vincentians.com\/es\/epifania-dizonreyes-genuino\/","og_site_name":"Somos Vicencianos","article_publisher":"https:\/\/www.facebook.com\/WeAreVincentians\/","article_author":"https:\/\/www.facebook.com\/JavierChento","article_published_time":"2018-01-02T19:00:24+00:00","og_image":[{"width":1200,"height":630,"url":"https:\/\/i0.wp.com\/vincentians.com\/es\/wp-content\/uploads\/sites\/11\/2016\/07\/reflexiones-ross.jpg?fit=1200%2C630","type":"image\/jpeg"}],"author":"Francisco Javier Fern\u00e1ndez Chento","twitter_card":"summary_large_image","twitter_creator":"@https:\/\/twitter.com\/javierchento","twitter_site":"@WeVincentians","twitter_misc":{"Escrito por":"Francisco Javier Fern\u00e1ndez Chento","Tiempo de lectura":"3 minutos"},"schema":{"@context":"https:\/\/schema.org","@graph":[{"@type":"Article","@id":"http:\/\/vincentians.com\/es\/epifania-dizonreyes-genuino\/#article","isPartOf":{"@id":"http:\/\/vincentians.com\/es\/epifania-dizonreyes-genuino\/"},"author":{"name":"Francisco Javier Fern\u00e1ndez Chento","@id":"http:\/\/vincentians.com\/es\/#\/schema\/person\/9623ef4d9aa3b2dfb8c061f1499288f2"},"headline":"Epifan\u00eda del Se\u00f1or (reflexi\u00f3n de Rosalino Dizon Reyes)","datePublished":"2018-01-02T19:00:24+00:00","mainEntityOfPage":{"@id":"http:\/\/vincentians.com\/es\/epifania-dizonreyes-genuino\/"},"wordCount":528,"commentCount":0,"publisher":{"@id":"http:\/\/vincentians.com\/es\/#organization"},"image":{"@id":"http:\/\/vincentians.com\/es\/epifania-dizonreyes-genuino\/#primaryimage"},"thumbnailUrl":"https:\/\/i0.wp.com\/vincentians.com\/es\/wp-content\/uploads\/sites\/11\/2016\/07\/reflexiones-ross.jpg?fit=1200%2C630&ssl=1","articleSection":["Homil\u00edas y reflexiones, A\u00f1o B"],"inLanguage":"es","potentialAction":[{"@type":"CommentAction","name":"Comment","target":["http:\/\/vincentians.com\/es\/epifania-dizonreyes-genuino\/#respond"]}]},{"@type":"WebPage","@id":"http:\/\/vincentians.com\/es\/epifania-dizonreyes-genuino\/","url":"http:\/\/vincentians.com\/es\/epifania-dizonreyes-genuino\/","name":"Epifan\u00eda del Se\u00f1or (reflexi\u00f3n de Rosalino Dizon Reyes) - Somos Vicencianos","isPartOf":{"@id":"http:\/\/vincentians.com\/es\/#website"},"primaryImageOfPage":{"@id":"http:\/\/vincentians.com\/es\/epifania-dizonreyes-genuino\/#primaryimage"},"image":{"@id":"http:\/\/vincentians.com\/es\/epifania-dizonreyes-genuino\/#primaryimage"},"thumbnailUrl":"https:\/\/i0.wp.com\/vincentians.com\/es\/wp-content\/uploads\/sites\/11\/2016\/07\/reflexiones-ross.jpg?fit=1200%2C630&ssl=1","datePublished":"2018-01-02T19:00:24+00:00","description":"Jes\u00fas revela al Dios invisible. Los verdaderos hermanos y hermanas de Jes\u00fas, pues, no pueden sino revelar el genuino rostro de Dios.","breadcrumb":{"@id":"http:\/\/vincentians.com\/es\/epifania-dizonreyes-genuino\/#breadcrumb"},"inLanguage":"es","potentialAction":[{"@type":"ReadAction","target":["http:\/\/vincentians.com\/es\/epifania-dizonreyes-genuino\/"]}]},{"@type":"ImageObject","inLanguage":"es","@id":"http:\/\/vincentians.com\/es\/epifania-dizonreyes-genuino\/#primaryimage","url":"https:\/\/i0.wp.com\/vincentians.com\/es\/wp-content\/uploads\/sites\/11\/2016\/07\/reflexiones-ross.jpg?fit=1200%2C630&ssl=1","contentUrl":"https:\/\/i0.wp.com\/vincentians.com\/es\/wp-content\/uploads\/sites\/11\/2016\/07\/reflexiones-ross.jpg?fit=1200%2C630&ssl=1","width":1200,"height":630},{"@type":"BreadcrumbList","@id":"http:\/\/vincentians.com\/es\/epifania-dizonreyes-genuino\/#breadcrumb","itemListElement":[{"@type":"ListItem","position":1,"name":"Portada","item":"http:\/\/vincentians.com\/es\/"},{"@type":"ListItem","position":2,"name":"Epifan\u00eda del Se\u00f1or (reflexi\u00f3n de Rosalino Dizon Reyes)"}]},{"@type":"WebSite","@id":"http:\/\/vincentians.com\/es\/#website","url":"http:\/\/vincentians.com\/es\/","name":"Somos Vicencianos","description":"Know more to serve more","publisher":{"@id":"http:\/\/vincentians.com\/es\/#organization"},"potentialAction":[{"@type":"SearchAction","target":{"@type":"EntryPoint","urlTemplate":"http:\/\/vincentians.com\/es\/?s={search_term_string}"},"query-input":{"@type":"PropertyValueSpecification","valueRequired":true,"valueName":"search_term_string"}}],"inLanguage":"es"},{"@type":"Organization","@id":"http:\/\/vincentians.com\/es\/#organization","name":"The Vincentian Network","url":"http:\/\/vincentians.com\/es\/","logo":{"@type":"ImageObject","inLanguage":"es","@id":"http:\/\/vincentians.com\/es\/#\/schema\/logo\/image\/","url":"https:\/\/i1.wp.com\/vincentians.com\/es\/wp-content\/uploads\/sites\/11\/2016\/06\/Vincentian-Network-logo-big.png?fit=778%2C778","contentUrl":"https:\/\/i1.wp.com\/vincentians.com\/es\/wp-content\/uploads\/sites\/11\/2016\/06\/Vincentian-Network-logo-big.png?fit=778%2C778","width":778,"height":778,"caption":"The Vincentian Network"},"image":{"@id":"http:\/\/vincentians.com\/es\/#\/schema\/logo\/image\/"},"sameAs":["https:\/\/www.facebook.com\/WeAreVincentians\/","https:\/\/x.com\/WeVincentians"]},{"@type":"Person","@id":"http:\/\/vincentians.com\/es\/#\/schema\/person\/9623ef4d9aa3b2dfb8c061f1499288f2","name":"Francisco Javier Fern\u00e1ndez Chento","image":{"@type":"ImageObject","inLanguage":"es","@id":"https:\/\/secure.gravatar.com\/avatar\/497d5cde87b4c3d097d0315953521681ba2cd523ee66e5077c3711f7021e65de?s=96&d=mm&r=g","url":"https:\/\/secure.gravatar.com\/avatar\/497d5cde87b4c3d097d0315953521681ba2cd523ee66e5077c3711f7021e65de?s=96&d=mm&r=g","contentUrl":"https:\/\/secure.gravatar.com\/avatar\/497d5cde87b4c3d097d0315953521681ba2cd523ee66e5077c3711f7021e65de?s=96&d=mm&r=g","caption":"Francisco Javier Fern\u00e1ndez Chento"},"description":"Director General y cofundador de La Red de Formaci\u00f3n Vicenciana. Javier es laico vicenciano, afiliado a la Congregaci\u00f3n de la Misi\u00f3n y miembro del Equipo de Misiones Populares de la provincia can\u00f3nica de Zaragoza (Espa\u00f1a) de la Congregaci\u00f3n de la Misi\u00f3n. Graduado en la Universidad Oberta de Catalunya con cuatro grados (Asistente de direcci\u00f3n, Gesti\u00f3n Administrativa, Recursos Humanos y Contabilidad Avanzada). Bil\u00edng\u00fce Espa\u00f1ol\/Ingl\u00e9s. gestiona y mantiene varias p\u00e1ginas web cristianas y vicencianas, incluida including La Red de Formaci\u00f3n Vicenciana, de la que es cofundador. Actualmente es responsable del \u00e1rea de Espa\u00f1ol de .famvin, la Red de Noticias de la Familia Vicenciana. Tambi\u00e9n es m\u00fasico cat\u00f3lico y ha editado varios discos. Es Director General y cofundador de Trovador, una reconocida compa\u00f1\u00eda discogr\u00e1fica critiana de Espa\u00f1a. Trabaja en las Tecnolog\u00edas de la Informaci\u00f3n, ofreciendo servicios de alojamiento, dise\u00f1o y mantenimiento Web, as\u00ed como asesoramiento, formaci\u00f3n y soluciones inform\u00e1ticas, gesti\u00f3n documental y digitalizaci\u00f3n de textos, edici\u00f3n y maquetaci\u00f3n de libros, revistas, flyers, etc.","sameAs":["http:\/\/chento.org","https:\/\/www.facebook.com\/JavierChento","https:\/\/x.com\/https:\/\/twitter.com\/javierchento"],"url":"https:\/\/vincentians.com\/es\/author\/chento\/"}]}},"jetpack_publicize_connections":[],"jetpack_featured_media_url":"https:\/\/i0.wp.com\/vincentians.com\/es\/wp-content\/uploads\/sites\/11\/2016\/07\/reflexiones-ross.jpg?fit=1200%2C630&ssl=1","jetpack_sharing_enabled":true,"jetpack_shortlink":"https:\/\/wp.me\/p7ETMF-1GsG","jetpack-related-posts":[{"id":387706,"url":"https:\/\/vincentians.com\/es\/el-amor-de-jesus-para-con-su-padre-y-con-los-hombres\/","url_meta":{"origin":401554,"position":0},"title":"El amor de Jes\u00fas para con su Padre y con los hombres","author":"Mitxel Olabu\u00e9naga","date":"28\/08\/2016","format":false,"excerpt":"Tornamos de nuevo a Jes\u00fas de Nazaret, centro, raz\u00f3n y vida de los cristianos. Las explicaciones sobre el esp\u00edritu de Jes\u00fas proceden de la visi\u00f3n particular que tiene Vicente de Pa\u00fal de Cristo, el Mes\u00edas, del enviado para evangelizar a los pobres, del Hijo que guarda relaciones profundamente filiales con\u2026","rel":"","context":"En \u00abEspiritualidad\u00bb","block_context":{"text":"Espiritualidad","link":"https:\/\/vincentians.com\/es\/category\/espiritualidad\/"},"img":{"alt_text":"","src":"https:\/\/i0.wp.com\/vincentians.com\/es\/wp-content\/uploads\/sites\/11\/2016\/08\/jesus-ora.jpg?fit=1200%2C630&ssl=1&resize=350%2C200","width":350,"height":200,"srcset":"https:\/\/i0.wp.com\/vincentians.com\/es\/wp-content\/uploads\/sites\/11\/2016\/08\/jesus-ora.jpg?fit=1200%2C630&ssl=1&resize=350%2C200 1x, https:\/\/i0.wp.com\/vincentians.com\/es\/wp-content\/uploads\/sites\/11\/2016\/08\/jesus-ora.jpg?fit=1200%2C630&ssl=1&resize=525%2C300 1.5x, https:\/\/i0.wp.com\/vincentians.com\/es\/wp-content\/uploads\/sites\/11\/2016\/08\/jesus-ora.jpg?fit=1200%2C630&ssl=1&resize=700%2C400 2x, https:\/\/i0.wp.com\/vincentians.com\/es\/wp-content\/uploads\/sites\/11\/2016\/08\/jesus-ora.jpg?fit=1200%2C630&ssl=1&resize=1050%2C600 3x"},"classes":[]},{"id":116599,"url":"https:\/\/vincentians.com\/es\/dei-verbum\/","url_meta":{"origin":401554,"position":1},"title":"Dei Verbum","author":"Francisco Javier Fern\u00e1ndez Chento","date":"18\/10\/2018","format":false,"excerpt":"Comentario a \"Dei Verbum\" Autor: Jos\u00e9 Miguel Arr\u00e1iz La Dei Verbum o Constituci\u00f3n dogm\u00e1tica de la divina revelaci\u00f3n es otro de los documentos fundamentales del Concilio Vaticano II. Su valor doctrinal fue objeto de una notificaci\u00f3n el 15 de Noviembre de 1965 que reitera una dada el a\u00f1o anterior el\u2026","rel":"","context":"En \u00abConcilio Vaticano II\u00bb","block_context":{"text":"Concilio Vaticano II","link":"https:\/\/vincentians.com\/es\/category\/formacion-cristiana\/concilios-ecumenicos\/concilio-vaticano-ii\/"},"img":{"alt_text":"","src":"https:\/\/i0.wp.com\/vincentians.com\/es\/wp-content\/uploads\/sites\/11\/2016\/09\/sencillos-como-palomas.jpg?fit=1200%2C630&ssl=1&resize=350%2C200","width":350,"height":200,"srcset":"https:\/\/i0.wp.com\/vincentians.com\/es\/wp-content\/uploads\/sites\/11\/2016\/09\/sencillos-como-palomas.jpg?fit=1200%2C630&ssl=1&resize=350%2C200 1x, https:\/\/i0.wp.com\/vincentians.com\/es\/wp-content\/uploads\/sites\/11\/2016\/09\/sencillos-como-palomas.jpg?fit=1200%2C630&ssl=1&resize=525%2C300 1.5x, https:\/\/i0.wp.com\/vincentians.com\/es\/wp-content\/uploads\/sites\/11\/2016\/09\/sencillos-como-palomas.jpg?fit=1200%2C630&ssl=1&resize=700%2C400 2x, https:\/\/i0.wp.com\/vincentians.com\/es\/wp-content\/uploads\/sites\/11\/2016\/09\/sencillos-como-palomas.jpg?fit=1200%2C630&ssl=1&resize=1050%2C600 3x"},"classes":[]},{"id":119576,"url":"https:\/\/vincentians.com\/es\/la-fe-adhesion-personal-a-dios\/","url_meta":{"origin":401554,"position":2},"title":"La Fe, adhesi\u00f3n personal a Dios","author":"Francisco Javier Fern\u00e1ndez Chento","date":"08\/04\/2013","format":false,"excerpt":"Dice el Papa Benedicto XVI que \"la puerta de la fe est\u00e1 siempre abierta para nosotros\u2026 Atravesar esa puerta supone emprender un camino que dura toda la vida\" (P.F.1) Hace ya tiempo que todos nosotros traspasamos el umbral de esa puerta e iniciamos el camino. Pero nos llama la Iglesia\u2026","rel":"","context":"En \u00abFormaci\u00f3n Cristiana\u00bb","block_context":{"text":"Formaci\u00f3n Cristiana","link":"https:\/\/vincentians.com\/es\/category\/formacion-cristiana\/"},"img":{"alt_text":"paix","src":"https:\/\/i0.wp.com\/vicencianos.org\/wp-content\/2013\/04\/paix-300x300.jpg?resize=350%2C200","width":350,"height":200},"classes":[]},{"id":117335,"url":"https:\/\/vincentians.com\/es\/evangelizar-siguiendo-a-san-vicente\/","url_meta":{"origin":401554,"position":3},"title":"Evangelizar siguiendo a san Vicente","author":"Francisco Javier Fern\u00e1ndez Chento","date":"14\/11\/2018","format":false,"excerpt":"Una de las opciones en Misiones Populares, tal y como lo hacemos los vicencianos, es el trabajo en equipo, que se compone de Consagrados (Pa\u00fales, Hijas de la Caridad, sacerdotes diocesanos\u2026) y Seglares Vicencianos. No lo hacemos as\u00ed por \"moda\", sino que es una de las urgencias en nuestra sociedad\u2026","rel":"","context":"En \u00abFormaci\u00f3n Vicenciana\u00bb","block_context":{"text":"Formaci\u00f3n Vicenciana","link":"https:\/\/vincentians.com\/es\/category\/formacion-vicenciana\/"},"img":{"alt_text":"","src":"https:\/\/i0.wp.com\/vincentians.com\/es\/wp-content\/uploads\/sites\/11\/2016\/09\/sencillos-como-palomas.jpg?fit=1200%2C630&ssl=1&resize=350%2C200","width":350,"height":200,"srcset":"https:\/\/i0.wp.com\/vincentians.com\/es\/wp-content\/uploads\/sites\/11\/2016\/09\/sencillos-como-palomas.jpg?fit=1200%2C630&ssl=1&resize=350%2C200 1x, https:\/\/i0.wp.com\/vincentians.com\/es\/wp-content\/uploads\/sites\/11\/2016\/09\/sencillos-como-palomas.jpg?fit=1200%2C630&ssl=1&resize=525%2C300 1.5x, https:\/\/i0.wp.com\/vincentians.com\/es\/wp-content\/uploads\/sites\/11\/2016\/09\/sencillos-como-palomas.jpg?fit=1200%2C630&ssl=1&resize=700%2C400 2x, https:\/\/i0.wp.com\/vincentians.com\/es\/wp-content\/uploads\/sites\/11\/2016\/09\/sencillos-como-palomas.jpg?fit=1200%2C630&ssl=1&resize=1050%2C600 3x"},"classes":[]},{"id":136623,"url":"https:\/\/vincentians.com\/es\/399-anos-de-andadura-evangelizando-a-los-pobres\/","url_meta":{"origin":401554,"position":4},"title":"399 a\u00f1os de andadura evangelizando a los pobres","author":"Francisco Javier Fern\u00e1ndez Chento","date":"25\/01\/2016","format":false,"excerpt":"El d\u00eda 25 de enero el peque\u00f1o grupo de misioneros que logr\u00f3 reunir San Vicente cumple 399 a\u00f1os de andadura evangelizando a los pobres por todos los rincones de la tierra, hasta por los impensables e imposibles, como Madagascar, mientras el mismo Vicente dirig\u00eda la compa\u00f1\u00eda. As\u00ed pues, padres y\u2026","rel":"","context":"En \u00abCongregaci\u00f3n de la Misi\u00f3n\u00bb","block_context":{"text":"Congregaci\u00f3n de la Misi\u00f3n","link":"https:\/\/vincentians.com\/es\/category\/la-familia-vicenciana\/ramas\/congregacion-de-la-mision\/"},"img":{"alt_text":"cm","src":"https:\/\/i0.wp.com\/vicencianos.org\/wp-content\/uploads\/2016\/01\/cm-1024x700.jpg?resize=350%2C200","width":350,"height":200,"srcset":"https:\/\/i0.wp.com\/vicencianos.org\/wp-content\/uploads\/2016\/01\/cm-1024x700.jpg?resize=350%2C200 1x, https:\/\/i0.wp.com\/vicencianos.org\/wp-content\/uploads\/2016\/01\/cm-1024x700.jpg?resize=525%2C300 1.5x, https:\/\/i0.wp.com\/vicencianos.org\/wp-content\/uploads\/2016\/01\/cm-1024x700.jpg?resize=700%2C400 2x"},"classes":[]},{"id":387803,"url":"https:\/\/vincentians.com\/es\/jesus-ora-al-padre-movido-por-el-espiritu\/","url_meta":{"origin":401554,"position":5},"title":"Jes\u00fas ora al Padre, movido por el Esp\u00edritu","author":"Mitxel Olabu\u00e9naga","date":"08\/09\/2016","format":false,"excerpt":"Jes\u00fas de Nazaret es un trabajador fiel que hace de su vida oraci\u00f3n, y de la oraci\u00f3n compromiso de salvaci\u00f3n para los hombres. Trabajo y oraci\u00f3n se funden indisolublemente en su persona. Es inconcebible un Jes\u00fas que no ora expresamente al Padre y que no ense\u00f1a a sus disc\u00edpulos a\u2026","rel":"","context":"En \u00abOraci\u00f3n\u00bb","block_context":{"text":"Oraci\u00f3n","link":"https:\/\/vincentians.com\/es\/category\/espiritualidad\/oracion\/"},"img":{"alt_text":"","src":"https:\/\/i0.wp.com\/vincentians.com\/es\/wp-content\/uploads\/sites\/11\/2016\/09\/jesus-ora-al-padre.jpg?fit=1200%2C630&ssl=1&resize=350%2C200","width":350,"height":200,"srcset":"https:\/\/i0.wp.com\/vincentians.com\/es\/wp-content\/uploads\/sites\/11\/2016\/09\/jesus-ora-al-padre.jpg?fit=1200%2C630&ssl=1&resize=350%2C200 1x, https:\/\/i0.wp.com\/vincentians.com\/es\/wp-content\/uploads\/sites\/11\/2016\/09\/jesus-ora-al-padre.jpg?fit=1200%2C630&ssl=1&resize=525%2C300 1.5x, https:\/\/i0.wp.com\/vincentians.com\/es\/wp-content\/uploads\/sites\/11\/2016\/09\/jesus-ora-al-padre.jpg?fit=1200%2C630&ssl=1&resize=700%2C400 2x, https:\/\/i0.wp.com\/vincentians.com\/es\/wp-content\/uploads\/sites\/11\/2016\/09\/jesus-ora-al-padre.jpg?fit=1200%2C630&ssl=1&resize=1050%2C600 3x"},"classes":[]}],"_links":{"self":[{"href":"https:\/\/vincentians.com\/es\/wp-json\/wp\/v2\/posts\/401554","targetHints":{"allow":["GET"]}}],"collection":[{"href":"https:\/\/vincentians.com\/es\/wp-json\/wp\/v2\/posts"}],"about":[{"href":"https:\/\/vincentians.com\/es\/wp-json\/wp\/v2\/types\/post"}],"author":[{"embeddable":true,"href":"https:\/\/vincentians.com\/es\/wp-json\/wp\/v2\/users\/4"}],"replies":[{"embeddable":true,"href":"https:\/\/vincentians.com\/es\/wp-json\/wp\/v2\/comments?post=401554"}],"version-history":[{"count":5,"href":"https:\/\/vincentians.com\/es\/wp-json\/wp\/v2\/posts\/401554\/revisions"}],"predecessor-version":[{"id":401559,"href":"https:\/\/vincentians.com\/es\/wp-json\/wp\/v2\/posts\/401554\/revisions\/401559"}],"wp:featuredmedia":[{"embeddable":true,"href":"https:\/\/vincentians.com\/es\/wp-json\/wp\/v2\/media\/388397"}],"wp:attachment":[{"href":"https:\/\/vincentians.com\/es\/wp-json\/wp\/v2\/media?parent=401554"}],"wp:term":[{"taxonomy":"category","embeddable":true,"href":"https:\/\/vincentians.com\/es\/wp-json\/wp\/v2\/categories?post=401554"},{"taxonomy":"post_tag","embeddable":true,"href":"https:\/\/vincentians.com\/es\/wp-json\/wp\/v2\/tags?post=401554"}],"curies":[{"name":"wp","href":"https:\/\/api.w.org\/{rel}","templated":true}]}}