{"id":401490,"date":"2017-12-26T21:45:30","date_gmt":"2017-12-26T20:45:30","guid":{"rendered":"http:\/\/vincentians.com\/es\/?p=401490"},"modified":"2017-12-26T23:55:48","modified_gmt":"2017-12-26T22:55:48","slug":"sagrada-familia-dizonreyes-esperanza","status":"publish","type":"post","link":"https:\/\/vincentians.com\/es\/sagrada-familia-dizonreyes-esperanza\/","title":{"rendered":"Sagrada Familia (reflexi\u00f3n de Rosalino Dizon Reyes)"},"content":{"rendered":"<p><em>Esperanza de Israel y de todas las naciones<\/em><\/p>\n<h3><strong>Jes\u00fas es la esperanza de Israel y de todas las naciones.\u00a0 Quienes conf\u00edan en \u00e9l, y lo acogen, se levantan.\u00a0 Caen, en cambio, cuantos desconf\u00edan de \u00e9l y lo rechazan.<\/strong><\/h3>\n<p>Son jud\u00edos devotos Jos\u00e9 y Mar\u00eda.\u00a0 Por eso, vienen al templo con el ni\u00f1o Jes\u00fas para cumplir la ley de Mois\u00e9s.\u00a0 Se nos indica, pues, que lo que les infunde esperanza es Dios, su palabra, su ley.<\/p>\n<p>En el templo, se encuentra la Sagrada Familia con Sime\u00f3n y Ana.\u00a0 Tal vez les falte ya visi\u00f3n clara, pero mora en ellos el Esp\u00edritu Santo.\u00a0 Videntes por \u00e9l, pues, reconocen y reciben al ni\u00f1o Jes\u00fas como Salvador y Libertador.\u00a0 Y as\u00ed nos dan ejemplo para que lo acojamos tambi\u00e9n nosotros.<\/p>\n<p>Sime\u00f3n y Ana son modelos de esperanza.\u00a0 A\u00f1o tras a\u00f1o, por muchos a\u00f1os, aguardan el consuelo de Israel y la liberaci\u00f3n de Jerusal\u00e9n.\u00a0 Seguramente, sufren dificultades, pero las superan.\u00a0 Es que ambos hallan en la promesa de Dios esperanza y consuelo en la aflicci\u00f3n.\u00a0 Les resulta buena incluso la aflicci\u00f3n, que, debido a ella, aprenden ellos los mandamientos.<\/p>\n<p>As\u00ed que, como Jes\u00fas, Mar\u00eda y Jos\u00e9, se centran en Dios Sime\u00f3n y Ana y escuchan su palabra para cumplirla.\u00a0 Verdaderamente, son de la familia de Dios.\u00a0 Tambi\u00e9n son padre y madre, hermano y hermana, del que cumple plenamente la ley y los profetas.\u00a0 Como hijo e hija honorables de Dios, nacen de \u00e9l, no de deseo de carne o de var\u00f3n.<\/p>\n<h4><strong><em>Lo decisivo es que habite entre nosotros la palabra de Cristo en toda su riqueza y nos llene de esperanza.<\/em><\/strong><\/h4>\n<p>El esp\u00edritu, s\u00ed, es quien da vida; la carne sirve de nada.\u00a0 Y la Palabra de Dios es esp\u00edritu y vida.<\/p>\n<p>Esa Palabra es m\u00e1s tajante y penetrante que espada de doble filo.\u00a0 Y juzga lo que abriga el coraz\u00f3n, y as\u00ed queda clara la actitud de muchos corazones.\u00a0 Acoger a Jes\u00fas, por tanto, es dejar que sus palabras nos corten, poden, limpien dolorosamente.<\/p>\n<p>La Palabra de Dios nos ense\u00f1a a no ajustarnos al mundo ni desviarnos del camino de justicia, misericordia y fidelidad.\u00a0 Jes\u00fas nos quiere atentos a sus palabras, para que descubramos la voluntad de Dios y la hagamos.\u00a0 Y as\u00ed tendremos el alimento que da vida y consuelo.\u00a0 No sea que acojamos a Jes\u00fas, pues, perderemos toda esperanza; caeremos, en lugar de levantarnos.\u00a0 Y nos iremos de este mundo, s\u00ed, pero no en paz, sino defraudados.<\/p>\n<p><strong><em>Se\u00f1or Jes\u00fas, al igual que san Vicente de Pa\u00fal en ti y en tus palabras ponemos nuestra esperanza.\u00a0 No nos eng\u00e3nas jam\u00e1s ni nos defraudas.\u00a0 Alim\u00e9ntanos de la mesa de tu Palabra y tu Sacramento para que nos levantemos. <\/em><\/strong><\/p>\n<p><strong><em><span style=\"float: none;background-color: transparent;color: #333333;cursor: text;font-family: Georgia,'Times New Roman','Bitstream Charter',Times,serif;font-size: 16px;font-style: normal;font-variant: normal;font-weight: 400;letter-spacing: normal;line-height: 24px;text-align: left;text-decoration: none;text-indent: 0px\">31 Diciembre 2017<\/span><br \/>\n<span style=\"float: none;background-color: transparent;color: #333333;cursor: text;font-family: Georgia,'Times New Roman','Bitstream Charter',Times,serif;font-size: 16px;font-style: normal;font-variant: normal;font-weight: 400;letter-spacing: normal;line-height: 24px;text-align: left;text-decoration: none;text-indent: 0px\">Sagrada Familia (B)<\/span><br \/>\n<span style=\"float: none;background-color: transparent;color: #333333;cursor: text;font-family: Georgia,'Times New Roman','Bitstream Charter',Times,serif;font-size: 16px;font-style: normal;font-variant: normal;font-weight: 400;letter-spacing: normal;line-height: 24px;text-align: left;text-decoration: none;text-indent: 0px\">Eclo 3, 2-6. 12-14; Col 3, 12-21; Lc 2, 22-40<\/span><\/em><\/strong><\/p>\n","protected":false},"excerpt":{"rendered":"<p>Esperanza de Israel y de todas las naciones Jes\u00fas es la esperanza de Israel y de todas las naciones.\u00a0 Quienes conf\u00edan en \u00e9l, y lo acogen, se levantan.\u00a0 Caen, en cambio, cuantos desconf\u00edan de \u00e9l &#8230; <a href=\"https:\/\/vincentians.com\/es\/sagrada-familia-dizonreyes-esperanza\/\" class=\"more-link\">Read More<\/a><\/p>\n","protected":false},"author":3,"featured_media":388397,"comment_status":"open","ping_status":"open","sticky":false,"template":"","format":"standard","meta":{"jetpack_post_was_ever_published":false,"_jetpack_newsletter_access":"","_jetpack_dont_email_post_to_subs":false,"_jetpack_newsletter_tier_id":0,"_jetpack_memberships_contains_paywalled_content":false,"_jetpack_memberships_contains_paid_content":false,"footnotes":"","jetpack_publicize_message":"","jetpack_publicize_feature_enabled":true,"jetpack_social_post_already_shared":true,"jetpack_social_options":{"image_generator_settings":{"template":"highway","default_image_id":0,"font":"","enabled":false},"version":2}},"categories":[93],"tags":[],"class_list":["post-401490","post","type-post","status-publish","format-standard","has-post-thumbnail","hentry","category-homilias-y-reflexiones-ano-b"],"yoast_head":"<!-- This site is optimized with the Yoast SEO plugin v26.3 - https:\/\/yoast.com\/wordpress\/plugins\/seo\/ -->\n<title>Sagrada Familia (reflexi\u00f3n de Rosalino Dizon Reyes) - Somos Vicencianos<\/title>\n<meta name=\"description\" content=\"Jes\u00fas es la esperanza de Israel y de todas las naciones. Quienes conf\u00edan en \u00e9l, y lo acogen, se levantan. Pero caen cuantos desconf\u00edan de \u00e9l y lo rechazan.\" \/>\n<meta name=\"robots\" content=\"index, follow, max-snippet:-1, max-image-preview:large, max-video-preview:-1\" \/>\n<link rel=\"canonical\" href=\"https:\/\/vincentians.com\/es\/sagrada-familia-dizonreyes-esperanza\/\" \/>\n<meta property=\"og:locale\" content=\"es_ES\" \/>\n<meta property=\"og:type\" content=\"article\" \/>\n<meta property=\"og:title\" content=\"Sagrada Familia (reflexi\u00f3n de Rosalino Dizon Reyes) - Somos Vicencianos\" \/>\n<meta property=\"og:description\" content=\"Jes\u00fas es la esperanza de Israel y de todas las naciones. Quienes conf\u00edan en \u00e9l, y lo acogen, se levantan. Pero caen cuantos desconf\u00edan de \u00e9l y lo rechazan.\" \/>\n<meta property=\"og:url\" content=\"https:\/\/vincentians.com\/es\/sagrada-familia-dizonreyes-esperanza\/\" \/>\n<meta property=\"og:site_name\" content=\"Somos Vicencianos\" \/>\n<meta property=\"article:publisher\" content=\"https:\/\/www.facebook.com\/WeAreVincentians\/\" \/>\n<meta property=\"article:published_time\" content=\"2017-12-26T20:45:30+00:00\" \/>\n<meta property=\"article:modified_time\" content=\"2017-12-26T22:55:48+00:00\" \/>\n<meta property=\"og:image\" content=\"https:\/\/i0.wp.com\/vincentians.com\/es\/wp-content\/uploads\/sites\/11\/2016\/07\/reflexiones-ross.jpg?fit=1200%2C630&ssl=1\" \/>\n\t<meta property=\"og:image:width\" content=\"1200\" \/>\n\t<meta property=\"og:image:height\" content=\"630\" \/>\n\t<meta property=\"og:image:type\" content=\"image\/jpeg\" \/>\n<meta name=\"author\" content=\"Ross Reyes Dizon\" \/>\n<meta name=\"twitter:card\" content=\"summary_large_image\" \/>\n<meta name=\"twitter:creator\" content=\"@WeVincentians\" \/>\n<meta name=\"twitter:site\" content=\"@WeVincentians\" \/>\n<meta name=\"twitter:label1\" content=\"Escrito por\" \/>\n\t<meta name=\"twitter:data1\" content=\"Ross Reyes Dizon\" \/>\n\t<meta name=\"twitter:label2\" content=\"Tiempo de lectura\" \/>\n\t<meta name=\"twitter:data2\" content=\"2 minutos\" \/>\n<script type=\"application\/ld+json\" class=\"yoast-schema-graph\">{\"@context\":\"https:\/\/schema.org\",\"@graph\":[{\"@type\":\"Article\",\"@id\":\"https:\/\/vincentians.com\/es\/sagrada-familia-dizonreyes-esperanza\/#article\",\"isPartOf\":{\"@id\":\"https:\/\/vincentians.com\/es\/sagrada-familia-dizonreyes-esperanza\/\"},\"author\":{\"name\":\"Ross Reyes Dizon\",\"@id\":\"https:\/\/vincentians.com\/es\/#\/schema\/person\/6b250b52a52e7af2128e08c36145865d\"},\"headline\":\"Sagrada Familia (reflexi\u00f3n de Rosalino Dizon Reyes)\",\"datePublished\":\"2017-12-26T20:45:30+00:00\",\"dateModified\":\"2017-12-26T22:55:48+00:00\",\"mainEntityOfPage\":{\"@id\":\"https:\/\/vincentians.com\/es\/sagrada-familia-dizonreyes-esperanza\/\"},\"wordCount\":504,\"commentCount\":0,\"publisher\":{\"@id\":\"https:\/\/vincentians.com\/es\/#organization\"},\"image\":{\"@id\":\"https:\/\/vincentians.com\/es\/sagrada-familia-dizonreyes-esperanza\/#primaryimage\"},\"thumbnailUrl\":\"https:\/\/i0.wp.com\/vincentians.com\/es\/wp-content\/uploads\/sites\/11\/2016\/07\/reflexiones-ross.jpg?fit=1200%2C630&ssl=1\",\"articleSection\":[\"Homil\u00edas y reflexiones, A\u00f1o B\"],\"inLanguage\":\"es\",\"potentialAction\":[{\"@type\":\"CommentAction\",\"name\":\"Comment\",\"target\":[\"https:\/\/vincentians.com\/es\/sagrada-familia-dizonreyes-esperanza\/#respond\"]}]},{\"@type\":\"WebPage\",\"@id\":\"https:\/\/vincentians.com\/es\/sagrada-familia-dizonreyes-esperanza\/\",\"url\":\"https:\/\/vincentians.com\/es\/sagrada-familia-dizonreyes-esperanza\/\",\"name\":\"Sagrada Familia (reflexi\u00f3n de Rosalino Dizon Reyes) - Somos Vicencianos\",\"isPartOf\":{\"@id\":\"https:\/\/vincentians.com\/es\/#website\"},\"primaryImageOfPage\":{\"@id\":\"https:\/\/vincentians.com\/es\/sagrada-familia-dizonreyes-esperanza\/#primaryimage\"},\"image\":{\"@id\":\"https:\/\/vincentians.com\/es\/sagrada-familia-dizonreyes-esperanza\/#primaryimage\"},\"thumbnailUrl\":\"https:\/\/i0.wp.com\/vincentians.com\/es\/wp-content\/uploads\/sites\/11\/2016\/07\/reflexiones-ross.jpg?fit=1200%2C630&ssl=1\",\"datePublished\":\"2017-12-26T20:45:30+00:00\",\"dateModified\":\"2017-12-26T22:55:48+00:00\",\"description\":\"Jes\u00fas es la esperanza de Israel y de todas las naciones. Quienes conf\u00edan en \u00e9l, y lo acogen, se levantan. Pero caen cuantos desconf\u00edan de \u00e9l y lo rechazan.\",\"breadcrumb\":{\"@id\":\"https:\/\/vincentians.com\/es\/sagrada-familia-dizonreyes-esperanza\/#breadcrumb\"},\"inLanguage\":\"es\",\"potentialAction\":[{\"@type\":\"ReadAction\",\"target\":[\"https:\/\/vincentians.com\/es\/sagrada-familia-dizonreyes-esperanza\/\"]}]},{\"@type\":\"ImageObject\",\"inLanguage\":\"es\",\"@id\":\"https:\/\/vincentians.com\/es\/sagrada-familia-dizonreyes-esperanza\/#primaryimage\",\"url\":\"https:\/\/i0.wp.com\/vincentians.com\/es\/wp-content\/uploads\/sites\/11\/2016\/07\/reflexiones-ross.jpg?fit=1200%2C630&ssl=1\",\"contentUrl\":\"https:\/\/i0.wp.com\/vincentians.com\/es\/wp-content\/uploads\/sites\/11\/2016\/07\/reflexiones-ross.jpg?fit=1200%2C630&ssl=1\",\"width\":1200,\"height\":630},{\"@type\":\"BreadcrumbList\",\"@id\":\"https:\/\/vincentians.com\/es\/sagrada-familia-dizonreyes-esperanza\/#breadcrumb\",\"itemListElement\":[{\"@type\":\"ListItem\",\"position\":1,\"name\":\"Portada\",\"item\":\"https:\/\/vincentians.com\/es\/\"},{\"@type\":\"ListItem\",\"position\":2,\"name\":\"Sagrada Familia (reflexi\u00f3n de Rosalino Dizon Reyes)\"}]},{\"@type\":\"WebSite\",\"@id\":\"https:\/\/vincentians.com\/es\/#website\",\"url\":\"https:\/\/vincentians.com\/es\/\",\"name\":\"Somos Vicencianos\",\"description\":\"Know more to serve more\",\"publisher\":{\"@id\":\"https:\/\/vincentians.com\/es\/#organization\"},\"potentialAction\":[{\"@type\":\"SearchAction\",\"target\":{\"@type\":\"EntryPoint\",\"urlTemplate\":\"https:\/\/vincentians.com\/es\/?s={search_term_string}\"},\"query-input\":{\"@type\":\"PropertyValueSpecification\",\"valueRequired\":true,\"valueName\":\"search_term_string\"}}],\"inLanguage\":\"es\"},{\"@type\":\"Organization\",\"@id\":\"https:\/\/vincentians.com\/es\/#organization\",\"name\":\"The Vincentian Network\",\"url\":\"https:\/\/vincentians.com\/es\/\",\"logo\":{\"@type\":\"ImageObject\",\"inLanguage\":\"es\",\"@id\":\"https:\/\/vincentians.com\/es\/#\/schema\/logo\/image\/\",\"url\":\"https:\/\/i1.wp.com\/vincentians.com\/es\/wp-content\/uploads\/sites\/11\/2016\/06\/Vincentian-Network-logo-big.png?fit=778%2C778\",\"contentUrl\":\"https:\/\/i1.wp.com\/vincentians.com\/es\/wp-content\/uploads\/sites\/11\/2016\/06\/Vincentian-Network-logo-big.png?fit=778%2C778\",\"width\":778,\"height\":778,\"caption\":\"The Vincentian Network\"},\"image\":{\"@id\":\"https:\/\/vincentians.com\/es\/#\/schema\/logo\/image\/\"},\"sameAs\":[\"https:\/\/www.facebook.com\/WeAreVincentians\/\",\"https:\/\/x.com\/WeVincentians\"]},{\"@type\":\"Person\",\"@id\":\"https:\/\/vincentians.com\/es\/#\/schema\/person\/6b250b52a52e7af2128e08c36145865d\",\"name\":\"Ross Reyes Dizon\",\"image\":{\"@type\":\"ImageObject\",\"inLanguage\":\"es\",\"@id\":\"https:\/\/vincentians.com\/es\/#\/schema\/person\/image\/\",\"url\":\"https:\/\/secure.gravatar.com\/avatar\/84437f3208f798bde5b9b066b0f340b70134675aa8c7b7ec4464b9808a05c195?s=96&d=mm&r=g\",\"contentUrl\":\"https:\/\/secure.gravatar.com\/avatar\/84437f3208f798bde5b9b066b0f340b70134675aa8c7b7ec4464b9808a05c195?s=96&d=mm&r=g\",\"caption\":\"Ross Reyes Dizon\"},\"description\":\"Ross owes his formation to Filipino, Spanish and U.S. Vincentian missionaries. A native of the Philippines, he now lives in Vallejo, California, with his wife Melody. They have two grown-up sons, Vincent and Justin, and are full-time babysitters to grandchildren, Maximilian Fr\u00e9d\u00e9ric and Vivianna Louise. Ross volunteers at Margaret Todd Senior Center, Novato, California, teaching a free weekly citizenship class for mostly Spanish-speakers.\",\"url\":\"https:\/\/vincentians.com\/es\/author\/rosalino\/\"}]}<\/script>\n<!-- \/ Yoast SEO plugin. -->","yoast_head_json":{"title":"Sagrada Familia (reflexi\u00f3n de Rosalino Dizon Reyes) - Somos Vicencianos","description":"Jes\u00fas es la esperanza de Israel y de todas las naciones. Quienes conf\u00edan en \u00e9l, y lo acogen, se levantan. Pero caen cuantos desconf\u00edan de \u00e9l y lo rechazan.","robots":{"index":"index","follow":"follow","max-snippet":"max-snippet:-1","max-image-preview":"max-image-preview:large","max-video-preview":"max-video-preview:-1"},"canonical":"https:\/\/vincentians.com\/es\/sagrada-familia-dizonreyes-esperanza\/","og_locale":"es_ES","og_type":"article","og_title":"Sagrada Familia (reflexi\u00f3n de Rosalino Dizon Reyes) - Somos Vicencianos","og_description":"Jes\u00fas es la esperanza de Israel y de todas las naciones. Quienes conf\u00edan en \u00e9l, y lo acogen, se levantan. Pero caen cuantos desconf\u00edan de \u00e9l y lo rechazan.","og_url":"https:\/\/vincentians.com\/es\/sagrada-familia-dizonreyes-esperanza\/","og_site_name":"Somos Vicencianos","article_publisher":"https:\/\/www.facebook.com\/WeAreVincentians\/","article_published_time":"2017-12-26T20:45:30+00:00","article_modified_time":"2017-12-26T22:55:48+00:00","og_image":[{"width":1200,"height":630,"url":"https:\/\/i0.wp.com\/vincentians.com\/es\/wp-content\/uploads\/sites\/11\/2016\/07\/reflexiones-ross.jpg?fit=1200%2C630&ssl=1","type":"image\/jpeg"}],"author":"Ross Reyes Dizon","twitter_card":"summary_large_image","twitter_creator":"@WeVincentians","twitter_site":"@WeVincentians","twitter_misc":{"Escrito por":"Ross Reyes Dizon","Tiempo de lectura":"2 minutos"},"schema":{"@context":"https:\/\/schema.org","@graph":[{"@type":"Article","@id":"https:\/\/vincentians.com\/es\/sagrada-familia-dizonreyes-esperanza\/#article","isPartOf":{"@id":"https:\/\/vincentians.com\/es\/sagrada-familia-dizonreyes-esperanza\/"},"author":{"name":"Ross Reyes Dizon","@id":"https:\/\/vincentians.com\/es\/#\/schema\/person\/6b250b52a52e7af2128e08c36145865d"},"headline":"Sagrada Familia (reflexi\u00f3n de Rosalino Dizon Reyes)","datePublished":"2017-12-26T20:45:30+00:00","dateModified":"2017-12-26T22:55:48+00:00","mainEntityOfPage":{"@id":"https:\/\/vincentians.com\/es\/sagrada-familia-dizonreyes-esperanza\/"},"wordCount":504,"commentCount":0,"publisher":{"@id":"https:\/\/vincentians.com\/es\/#organization"},"image":{"@id":"https:\/\/vincentians.com\/es\/sagrada-familia-dizonreyes-esperanza\/#primaryimage"},"thumbnailUrl":"https:\/\/i0.wp.com\/vincentians.com\/es\/wp-content\/uploads\/sites\/11\/2016\/07\/reflexiones-ross.jpg?fit=1200%2C630&ssl=1","articleSection":["Homil\u00edas y reflexiones, A\u00f1o B"],"inLanguage":"es","potentialAction":[{"@type":"CommentAction","name":"Comment","target":["https:\/\/vincentians.com\/es\/sagrada-familia-dizonreyes-esperanza\/#respond"]}]},{"@type":"WebPage","@id":"https:\/\/vincentians.com\/es\/sagrada-familia-dizonreyes-esperanza\/","url":"https:\/\/vincentians.com\/es\/sagrada-familia-dizonreyes-esperanza\/","name":"Sagrada Familia (reflexi\u00f3n de Rosalino Dizon Reyes) - Somos Vicencianos","isPartOf":{"@id":"https:\/\/vincentians.com\/es\/#website"},"primaryImageOfPage":{"@id":"https:\/\/vincentians.com\/es\/sagrada-familia-dizonreyes-esperanza\/#primaryimage"},"image":{"@id":"https:\/\/vincentians.com\/es\/sagrada-familia-dizonreyes-esperanza\/#primaryimage"},"thumbnailUrl":"https:\/\/i0.wp.com\/vincentians.com\/es\/wp-content\/uploads\/sites\/11\/2016\/07\/reflexiones-ross.jpg?fit=1200%2C630&ssl=1","datePublished":"2017-12-26T20:45:30+00:00","dateModified":"2017-12-26T22:55:48+00:00","description":"Jes\u00fas es la esperanza de Israel y de todas las naciones. Quienes conf\u00edan en \u00e9l, y lo acogen, se levantan. Pero caen cuantos desconf\u00edan de \u00e9l y lo rechazan.","breadcrumb":{"@id":"https:\/\/vincentians.com\/es\/sagrada-familia-dizonreyes-esperanza\/#breadcrumb"},"inLanguage":"es","potentialAction":[{"@type":"ReadAction","target":["https:\/\/vincentians.com\/es\/sagrada-familia-dizonreyes-esperanza\/"]}]},{"@type":"ImageObject","inLanguage":"es","@id":"https:\/\/vincentians.com\/es\/sagrada-familia-dizonreyes-esperanza\/#primaryimage","url":"https:\/\/i0.wp.com\/vincentians.com\/es\/wp-content\/uploads\/sites\/11\/2016\/07\/reflexiones-ross.jpg?fit=1200%2C630&ssl=1","contentUrl":"https:\/\/i0.wp.com\/vincentians.com\/es\/wp-content\/uploads\/sites\/11\/2016\/07\/reflexiones-ross.jpg?fit=1200%2C630&ssl=1","width":1200,"height":630},{"@type":"BreadcrumbList","@id":"https:\/\/vincentians.com\/es\/sagrada-familia-dizonreyes-esperanza\/#breadcrumb","itemListElement":[{"@type":"ListItem","position":1,"name":"Portada","item":"https:\/\/vincentians.com\/es\/"},{"@type":"ListItem","position":2,"name":"Sagrada Familia (reflexi\u00f3n de Rosalino Dizon Reyes)"}]},{"@type":"WebSite","@id":"https:\/\/vincentians.com\/es\/#website","url":"https:\/\/vincentians.com\/es\/","name":"Somos Vicencianos","description":"Know more to serve more","publisher":{"@id":"https:\/\/vincentians.com\/es\/#organization"},"potentialAction":[{"@type":"SearchAction","target":{"@type":"EntryPoint","urlTemplate":"https:\/\/vincentians.com\/es\/?s={search_term_string}"},"query-input":{"@type":"PropertyValueSpecification","valueRequired":true,"valueName":"search_term_string"}}],"inLanguage":"es"},{"@type":"Organization","@id":"https:\/\/vincentians.com\/es\/#organization","name":"The Vincentian Network","url":"https:\/\/vincentians.com\/es\/","logo":{"@type":"ImageObject","inLanguage":"es","@id":"https:\/\/vincentians.com\/es\/#\/schema\/logo\/image\/","url":"https:\/\/i1.wp.com\/vincentians.com\/es\/wp-content\/uploads\/sites\/11\/2016\/06\/Vincentian-Network-logo-big.png?fit=778%2C778","contentUrl":"https:\/\/i1.wp.com\/vincentians.com\/es\/wp-content\/uploads\/sites\/11\/2016\/06\/Vincentian-Network-logo-big.png?fit=778%2C778","width":778,"height":778,"caption":"The Vincentian Network"},"image":{"@id":"https:\/\/vincentians.com\/es\/#\/schema\/logo\/image\/"},"sameAs":["https:\/\/www.facebook.com\/WeAreVincentians\/","https:\/\/x.com\/WeVincentians"]},{"@type":"Person","@id":"https:\/\/vincentians.com\/es\/#\/schema\/person\/6b250b52a52e7af2128e08c36145865d","name":"Ross Reyes Dizon","image":{"@type":"ImageObject","inLanguage":"es","@id":"https:\/\/vincentians.com\/es\/#\/schema\/person\/image\/","url":"https:\/\/secure.gravatar.com\/avatar\/84437f3208f798bde5b9b066b0f340b70134675aa8c7b7ec4464b9808a05c195?s=96&d=mm&r=g","contentUrl":"https:\/\/secure.gravatar.com\/avatar\/84437f3208f798bde5b9b066b0f340b70134675aa8c7b7ec4464b9808a05c195?s=96&d=mm&r=g","caption":"Ross Reyes Dizon"},"description":"Ross owes his formation to Filipino, Spanish and U.S. Vincentian missionaries. A native of the Philippines, he now lives in Vallejo, California, with his wife Melody. They have two grown-up sons, Vincent and Justin, and are full-time babysitters to grandchildren, Maximilian Fr\u00e9d\u00e9ric and Vivianna Louise. Ross volunteers at Margaret Todd Senior Center, Novato, California, teaching a free weekly citizenship class for mostly Spanish-speakers.","url":"https:\/\/vincentians.com\/es\/author\/rosalino\/"}]}},"jetpack_publicize_connections":[],"jetpack_featured_media_url":"https:\/\/i0.wp.com\/vincentians.com\/es\/wp-content\/uploads\/sites\/11\/2016\/07\/reflexiones-ross.jpg?fit=1200%2C630&ssl=1","jetpack_sharing_enabled":true,"jetpack_shortlink":"https:\/\/wp.me\/p7ETMF-1GrE","jetpack-related-posts":[{"id":134008,"url":"https:\/\/vincentians.com\/es\/la-sagrada-familia-reflexion-de-jose-cervantes-gabarron-3\/","url_meta":{"origin":401490,"position":0},"title":"La Sagrada Familia (reflexi\u00f3n de Jos\u00e9 Cervantes Gabarr\u00f3n)","author":"Francisco Javier Fern\u00e1ndez Chento","date":"26\/12\/2014","format":false,"excerpt":"La familia de Jes\u00fas: Mar\u00eda y Jos\u00e9 La fiesta de la Navidad nos acerca en el d\u00eda de la\u00a0Sagrada Familia\u00a0a la contemplaci\u00f3n de las tres figuras que la componen concentrando siempre la atenci\u00f3n en Jes\u00fas. Los relatos narrados en los dos primeros cap\u00edtulos de los evangelios de Mateo y Lucas\u2026","rel":"","context":"En \u00abHomil\u00edas y reflexiones, A\u00f1o B\u00bb","block_context":{"text":"Homil\u00edas y reflexiones, A\u00f1o B","link":"https:\/\/vincentians.com\/es\/category\/homilias-y-reflexiones-a-la-palabra-de-dios\/homilias-y-reflexiones-ano-b\/"},"img":{"alt_text":"","src":"https:\/\/i0.wp.com\/vincentians.com\/es\/wp-content\/uploads\/sites\/11\/2016\/07\/reflexiones-palabra-de-dios.jpg?fit=1200%2C630&ssl=1&resize=350%2C200","width":350,"height":200,"srcset":"https:\/\/i0.wp.com\/vincentians.com\/es\/wp-content\/uploads\/sites\/11\/2016\/07\/reflexiones-palabra-de-dios.jpg?fit=1200%2C630&ssl=1&resize=350%2C200 1x, https:\/\/i0.wp.com\/vincentians.com\/es\/wp-content\/uploads\/sites\/11\/2016\/07\/reflexiones-palabra-de-dios.jpg?fit=1200%2C630&ssl=1&resize=525%2C300 1.5x, https:\/\/i0.wp.com\/vincentians.com\/es\/wp-content\/uploads\/sites\/11\/2016\/07\/reflexiones-palabra-de-dios.jpg?fit=1200%2C630&ssl=1&resize=700%2C400 2x, https:\/\/i0.wp.com\/vincentians.com\/es\/wp-content\/uploads\/sites\/11\/2016\/07\/reflexiones-palabra-de-dios.jpg?fit=1200%2C630&ssl=1&resize=1050%2C600 3x"},"classes":[]},{"id":133773,"url":"https:\/\/vincentians.com\/es\/la-sagrada-familia-reflexion-de-jose-roman-flecha-2\/","url_meta":{"origin":401490,"position":1},"title":"La Sagrada Familia (reflexi\u00f3n de Jos\u00e9 Rom\u00e1n Flecha)","author":"Francisco Javier Fern\u00e1ndez Chento","date":"25\/12\/2014","format":false,"excerpt":"LA FAMILIA Y LA GRACIA Fiesta de la Sagrada Familia. B 28 de diciembre de 2014 \"El que honra a su padre exp\u00eda sus pecados, el que respeta a su madre acumula tesoros\". No deber\u00edamos dejar de leer el texto del libro b\u00edblico del Sir\u00e1cida, que se proclama en la\u2026","rel":"","context":"En \u00abHomil\u00edas y reflexiones, A\u00f1o B\u00bb","block_context":{"text":"Homil\u00edas y reflexiones, A\u00f1o B","link":"https:\/\/vincentians.com\/es\/category\/homilias-y-reflexiones-a-la-palabra-de-dios\/homilias-y-reflexiones-ano-b\/"},"img":{"alt_text":"","src":"https:\/\/i0.wp.com\/vincentians.com\/es\/wp-content\/uploads\/sites\/11\/2016\/07\/reflexiones-palabra-de-dios.jpg?fit=1200%2C630&ssl=1&resize=350%2C200","width":350,"height":200,"srcset":"https:\/\/i0.wp.com\/vincentians.com\/es\/wp-content\/uploads\/sites\/11\/2016\/07\/reflexiones-palabra-de-dios.jpg?fit=1200%2C630&ssl=1&resize=350%2C200 1x, https:\/\/i0.wp.com\/vincentians.com\/es\/wp-content\/uploads\/sites\/11\/2016\/07\/reflexiones-palabra-de-dios.jpg?fit=1200%2C630&ssl=1&resize=525%2C300 1.5x, https:\/\/i0.wp.com\/vincentians.com\/es\/wp-content\/uploads\/sites\/11\/2016\/07\/reflexiones-palabra-de-dios.jpg?fit=1200%2C630&ssl=1&resize=700%2C400 2x, https:\/\/i0.wp.com\/vincentians.com\/es\/wp-content\/uploads\/sites\/11\/2016\/07\/reflexiones-palabra-de-dios.jpg?fit=1200%2C630&ssl=1&resize=1050%2C600 3x"},"classes":[]},{"id":133963,"url":"https:\/\/vincentians.com\/es\/la-sagrada-familia-reflexion-de-julio-cesar-villalobos-c-m-2\/","url_meta":{"origin":401490,"position":2},"title":"La Sagrada Familia (reflexi\u00f3n de Julio C\u00e9sar Villalobos, C.M.)","author":"Francisco Javier Fern\u00e1ndez Chento","date":"26\/12\/2014","format":false,"excerpt":"\u00a1Qu\u00e9 bueno es tener una familia! Eran d\u00edas previos o cercanos a la navidad. Dos hermanos de una familia muy cat\u00f3lica, y muy comprometida con su parroquia, tuvieron un altercado tan fuerte que se dieron de golpes. Empezaron a encolerizarse. Ya estaban tirados, por los golpes, en el suelo. El\u2026","rel":"","context":"En \u00abHomil\u00edas y reflexiones, A\u00f1o B\u00bb","block_context":{"text":"Homil\u00edas y reflexiones, A\u00f1o B","link":"https:\/\/vincentians.com\/es\/category\/homilias-y-reflexiones-a-la-palabra-de-dios\/homilias-y-reflexiones-ano-b\/"},"img":{"alt_text":"","src":"https:\/\/i0.wp.com\/vincentians.com\/es\/wp-content\/uploads\/sites\/11\/2016\/07\/reflexiones-palabra-de-dios.jpg?fit=1200%2C630&ssl=1&resize=350%2C200","width":350,"height":200,"srcset":"https:\/\/i0.wp.com\/vincentians.com\/es\/wp-content\/uploads\/sites\/11\/2016\/07\/reflexiones-palabra-de-dios.jpg?fit=1200%2C630&ssl=1&resize=350%2C200 1x, https:\/\/i0.wp.com\/vincentians.com\/es\/wp-content\/uploads\/sites\/11\/2016\/07\/reflexiones-palabra-de-dios.jpg?fit=1200%2C630&ssl=1&resize=525%2C300 1.5x, https:\/\/i0.wp.com\/vincentians.com\/es\/wp-content\/uploads\/sites\/11\/2016\/07\/reflexiones-palabra-de-dios.jpg?fit=1200%2C630&ssl=1&resize=700%2C400 2x, https:\/\/i0.wp.com\/vincentians.com\/es\/wp-content\/uploads\/sites\/11\/2016\/07\/reflexiones-palabra-de-dios.jpg?fit=1200%2C630&ssl=1&resize=1050%2C600 3x"},"classes":[]},{"id":133646,"url":"https:\/\/vincentians.com\/es\/lectio-para-la-sagrada-familia-preparada-por-chuno-chavez-alva-c-m-2\/","url_meta":{"origin":401490,"position":3},"title":"Lectio para La Sagrada Familia (preparada por Chuno Ch\u00e1vez Alva, C.M.)","author":"Francisco Javier Fern\u00e1ndez Chento","date":"25\/12\/2014","format":false,"excerpt":"Dios se da a los ni\u00f1os LA PALABRA HOY: G\u00e9nesis 15,1-6; 21,1-3; Salmo 104; Hebreos 11,8-11-12.17-19; Lucas 2,22-40 Ambientaci\u00f3n: Cuadro de la Sagrada Familia; im\u00e1genes del nacimiento y al centro un cirio adornado. Cantos sugeridos: Vamos pastores vamos; Noche de paz Ambientaci\u00f3n La promesa hecha a Abrah\u00e1n encuentra su pleno\u2026","rel":"","context":"En \u00abHomil\u00edas y reflexiones, A\u00f1o B\u00bb","block_context":{"text":"Homil\u00edas y reflexiones, A\u00f1o B","link":"https:\/\/vincentians.com\/es\/category\/homilias-y-reflexiones-a-la-palabra-de-dios\/homilias-y-reflexiones-ano-b\/"},"img":{"alt_text":"","src":"https:\/\/i0.wp.com\/vincentians.com\/es\/wp-content\/uploads\/sites\/11\/2016\/07\/reflexiones-palabra-de-dios.jpg?fit=1200%2C630&ssl=1&resize=350%2C200","width":350,"height":200,"srcset":"https:\/\/i0.wp.com\/vincentians.com\/es\/wp-content\/uploads\/sites\/11\/2016\/07\/reflexiones-palabra-de-dios.jpg?fit=1200%2C630&ssl=1&resize=350%2C200 1x, https:\/\/i0.wp.com\/vincentians.com\/es\/wp-content\/uploads\/sites\/11\/2016\/07\/reflexiones-palabra-de-dios.jpg?fit=1200%2C630&ssl=1&resize=525%2C300 1.5x, https:\/\/i0.wp.com\/vincentians.com\/es\/wp-content\/uploads\/sites\/11\/2016\/07\/reflexiones-palabra-de-dios.jpg?fit=1200%2C630&ssl=1&resize=700%2C400 2x, https:\/\/i0.wp.com\/vincentians.com\/es\/wp-content\/uploads\/sites\/11\/2016\/07\/reflexiones-palabra-de-dios.jpg?fit=1200%2C630&ssl=1&resize=1050%2C600 3x"},"classes":[]},{"id":133901,"url":"https:\/\/vincentians.com\/es\/la-sagrada-familia-reflexion-de-jose-antonio-pagola-3\/","url_meta":{"origin":401490,"position":4},"title":"La Sagrada Familia (reflexi\u00f3n de Jos\u00e9 Antonio Pagola)","author":"Francisco Javier Fern\u00e1ndez Chento","date":"25\/12\/2014","format":false,"excerpt":"Bandera discutida Sime\u00f3n es un personaje entra\u00f1able. Lo imaginamos casi siempre como un sacerdote anciano del Templo, pero nada de esto se nos dice en el texto. Sime\u00f3n es un hombre bueno del pueblo, que guarda en su coraz\u00f3n la esperanza de ver un d\u00eda \"el consuelo\" que tanto necesitan.\u2026","rel":"","context":"En \u00abHomil\u00edas y reflexiones, A\u00f1o B\u00bb","block_context":{"text":"Homil\u00edas y reflexiones, A\u00f1o B","link":"https:\/\/vincentians.com\/es\/category\/homilias-y-reflexiones-a-la-palabra-de-dios\/homilias-y-reflexiones-ano-b\/"},"img":{"alt_text":"","src":"https:\/\/i0.wp.com\/vincentians.com\/es\/wp-content\/uploads\/sites\/11\/2016\/07\/reflexiones-pagola.jpg?fit=1200%2C630&ssl=1&resize=350%2C200","width":350,"height":200,"srcset":"https:\/\/i0.wp.com\/vincentians.com\/es\/wp-content\/uploads\/sites\/11\/2016\/07\/reflexiones-pagola.jpg?fit=1200%2C630&ssl=1&resize=350%2C200 1x, https:\/\/i0.wp.com\/vincentians.com\/es\/wp-content\/uploads\/sites\/11\/2016\/07\/reflexiones-pagola.jpg?fit=1200%2C630&ssl=1&resize=525%2C300 1.5x, https:\/\/i0.wp.com\/vincentians.com\/es\/wp-content\/uploads\/sites\/11\/2016\/07\/reflexiones-pagola.jpg?fit=1200%2C630&ssl=1&resize=700%2C400 2x, https:\/\/i0.wp.com\/vincentians.com\/es\/wp-content\/uploads\/sites\/11\/2016\/07\/reflexiones-pagola.jpg?fit=1200%2C630&ssl=1&resize=1050%2C600 3x"},"classes":[]},{"id":133922,"url":"https:\/\/vincentians.com\/es\/la-sagrada-familia-reflexion-de-la-s-s-v-p-en-espana-2\/","url_meta":{"origin":401490,"position":5},"title":"La Sagrada Familia (reflexi\u00f3n de la S.S.V.P. en Espa\u00f1a)","author":"Francisco Javier Fern\u00e1ndez Chento","date":"26\/12\/2014","format":false,"excerpt":"\u00a1Dios es familia! \u00a1Dios es comunidad y comuni\u00f3n de personas! Dios se humaniza encarn\u00e1ndose en una familia, la Familia de Nazareth. Y la familia humana se impregna de la familia divina, por el misterio de la Encarnaci\u00f3n. Al celebrar la tradicional fiesta lit\u00fargica de \"La Sagrada Familia\", hacemos memoria agradecida\u2026","rel":"","context":"En \u00abHomil\u00edas y reflexiones, A\u00f1o A\u00bb","block_context":{"text":"Homil\u00edas y reflexiones, A\u00f1o A","link":"https:\/\/vincentians.com\/es\/category\/homilias-y-reflexiones-a-la-palabra-de-dios\/homilias-y-reflexiones-ano-a\/"},"img":{"alt_text":"","src":"https:\/\/i0.wp.com\/vincentians.com\/es\/wp-content\/uploads\/sites\/11\/2016\/07\/reflexiones-palabra-de-dios.jpg?fit=1200%2C630&ssl=1&resize=350%2C200","width":350,"height":200,"srcset":"https:\/\/i0.wp.com\/vincentians.com\/es\/wp-content\/uploads\/sites\/11\/2016\/07\/reflexiones-palabra-de-dios.jpg?fit=1200%2C630&ssl=1&resize=350%2C200 1x, https:\/\/i0.wp.com\/vincentians.com\/es\/wp-content\/uploads\/sites\/11\/2016\/07\/reflexiones-palabra-de-dios.jpg?fit=1200%2C630&ssl=1&resize=525%2C300 1.5x, https:\/\/i0.wp.com\/vincentians.com\/es\/wp-content\/uploads\/sites\/11\/2016\/07\/reflexiones-palabra-de-dios.jpg?fit=1200%2C630&ssl=1&resize=700%2C400 2x, https:\/\/i0.wp.com\/vincentians.com\/es\/wp-content\/uploads\/sites\/11\/2016\/07\/reflexiones-palabra-de-dios.jpg?fit=1200%2C630&ssl=1&resize=1050%2C600 3x"},"classes":[]}],"_links":{"self":[{"href":"https:\/\/vincentians.com\/es\/wp-json\/wp\/v2\/posts\/401490","targetHints":{"allow":["GET"]}}],"collection":[{"href":"https:\/\/vincentians.com\/es\/wp-json\/wp\/v2\/posts"}],"about":[{"href":"https:\/\/vincentians.com\/es\/wp-json\/wp\/v2\/types\/post"}],"author":[{"embeddable":true,"href":"https:\/\/vincentians.com\/es\/wp-json\/wp\/v2\/users\/3"}],"replies":[{"embeddable":true,"href":"https:\/\/vincentians.com\/es\/wp-json\/wp\/v2\/comments?post=401490"}],"version-history":[{"count":4,"href":"https:\/\/vincentians.com\/es\/wp-json\/wp\/v2\/posts\/401490\/revisions"}],"predecessor-version":[{"id":401494,"href":"https:\/\/vincentians.com\/es\/wp-json\/wp\/v2\/posts\/401490\/revisions\/401494"}],"wp:featuredmedia":[{"embeddable":true,"href":"https:\/\/vincentians.com\/es\/wp-json\/wp\/v2\/media\/388397"}],"wp:attachment":[{"href":"https:\/\/vincentians.com\/es\/wp-json\/wp\/v2\/media?parent=401490"}],"wp:term":[{"taxonomy":"category","embeddable":true,"href":"https:\/\/vincentians.com\/es\/wp-json\/wp\/v2\/categories?post=401490"},{"taxonomy":"post_tag","embeddable":true,"href":"https:\/\/vincentians.com\/es\/wp-json\/wp\/v2\/tags?post=401490"}],"curies":[{"name":"wp","href":"https:\/\/api.w.org\/{rel}","templated":true}]}}