{"id":401481,"date":"2017-12-24T17:30:56","date_gmt":"2017-12-24T16:30:56","guid":{"rendered":"http:\/\/vincentians.com\/es\/?p=401481"},"modified":"2017-12-25T01:26:22","modified_gmt":"2017-12-25T00:26:22","slug":"natividad-del-senor-dizonreyes-alimento","status":"publish","type":"post","link":"https:\/\/vincentians.com\/es\/natividad-del-senor-dizonreyes-alimento\/","title":{"rendered":"Natividad del Se\u00f1or (reflexi\u00f3n de Rosalino Dizon Reyes)"},"content":{"rendered":"<p><em>Alimento vital y saludable para todos<\/em><\/p>\n<h3><strong>Nace Jes\u00fas ofreci\u00e9ndose como alimento vital y saludable.\u00a0 Si no comemos su carne y no bebemos su sangre, no tenemos vida en nosotros.<\/strong><\/h3>\n<p>No en una cuna acuesta Mar\u00eda a su ni\u00f1o.\u00a0 Lo acuesta m\u00e1s bien, envuelto en pa\u00f1ales, en un pesebre que es destinado al alimento de los animales.\u00a0 Es que a ella y a Jos\u00e9 no se les ha acogido en la posada.\u00a0 Nada m\u00e1s nacer, pues, Jes\u00fas se revela como el alimento necesario que desafortunadamente muchos toman por inaceptable.<\/p>\n<p>Y es clave esa revelaci\u00f3n, como nos lo se\u00f1ala el \u00e1ngel.\u00a0 La se\u00f1al que \u00e9l da a los pastores es el \u00abni\u00f1o envuelto en pa\u00f1ales y acostado en un pesebre\u00bb.\u00a0 En otras paladras, conocer al Salvador es conocerle como el excluido que, sin embargo, ama hasta el extremo.<\/p>\n<p>As\u00ed de sorprendente es el amor de Jes\u00fas.\u00a0 Este heredero del trono dav\u00eddico hace, sin embargo, algo desacostumbrado:\u00a0 nace pobre y humilde.\u00a0 Ni tiene siquiera donde alojarse al venir al mundo (<a href=\"http:\/\/via.library.depaul.edu\/cgi\/viewcontent.cgi?article=1008&amp;context=coste_sp\">SV.EN IX:77<\/a>).<\/p>\n<p>Ya desde su nacimiento, adem\u00e1s, no se identifica con los reyes que buscan apoderarse de todo para trag\u00e1rselo todo.\u00a0 Al contrario, se manifiesta dispuesto a hacerse nuestro alimento, a entregarse por nosotros para librarnos de toda impiedad.\u00a0 Desea Jes\u00fas que tengamos vida, y la tengamos abundante.\u00a0 Nos quiere gozando maravillosa y perpetuamente de sus consejos, de su paz, su justicia, su misericordia.<\/p>\n<p>Y no deslumbra el ni\u00f1o Jes\u00fas con su gloria, la que es propia del Hijo \u00fanico del Padre.\u00a0 Ella sirve simplemente para atraernos a \u00abun ni\u00f1o, un Dios d\u00e9bil e impotente\u00bb (<a href=\"http:\/\/via.library.depaul.edu\/cgi\/viewcontent.cgi?article=1011&amp;context=coste_sp\">SV.ES XI:486<\/a>).<\/p>\n<p>Tampoco usa Jes\u00fas su poder para infundir miedo, como lo hacen el emperador Augusto y el gobernador Cirino.\u00a0 Nos lo comparte m\u00e1s bien para que seamos sus \u00edntimos hermanos y hermanas, e hijos e hijas de Dios.<\/p>\n<h4><strong><em>Esto lo somos, abrazando humildes y asombrosos, como Mar\u00eda y Jos\u00e9, al ni\u00f1o Jes\u00fas.\u00a0 Y nuestro abrazo del ni\u00f1o que se nos ha nacido se acredita convertidos nosotros en alimento para los dem\u00e1s.<\/em><\/strong><\/h4>\n<p>Conocemos, s\u00ed, a Jes\u00fas, conoci\u00e9ndole como el que da su vida por nosotros.\u00a0 Y este conocimiento quiere decir que tambi\u00e9n nosotros debemos dar la vida por los hermanos y hermanas.\u00a0 As\u00ed de \u00abinfinitamente inventivo\u00bb ha de ser tambi\u00e9n nuestro amor (<a href=\"http:\/\/via.library.depaul.edu\/cgi\/viewcontent.cgi?article=1011&amp;context=coste_sp\">SV.ES XI:65<\/a>).<\/p>\n<p>De lo contrario, permaneceremos en la muerte.\u00a0 Nos contaremos asimismo entre los que dicen:\u00a0 \u00abEste modo de hablar es inaceptable, \u00bfqui\u00e9n puede hacerle caso?\u00bb.<\/p>\n<p><strong><em>Se\u00f1or Jes\u00fas, celebramos hoy tu nacimiento.\u00a0 Conc\u00e9denos verte, el Salvador del mundo, como anonadado bajo la forma de un ni\u00f1o, y haznos seguirte en tu humillaci\u00f3n (<\/em><\/strong><strong><em><a href=\"http:\/\/via.library.depaul.edu\/cgi\/viewcontent.cgi?article=1005&amp;context=coste_sp\">SV.ES VI:144<\/a>)<\/em><\/strong>.<strong><em>\u00a0 Convi\u00e9rtenos en alimento para los dem\u00e1s. <\/em><\/strong><\/p>\n<p>25 Diciembre 2017<br \/>\nNatividad del Se\u00f1or<br \/>\nIs 9, 1-6; Tit 2, 11-14; Lc 2, 1-14<\/p>\n","protected":false},"excerpt":{"rendered":"<p>Alimento vital y saludable para todos Nace Jes\u00fas ofreci\u00e9ndose como alimento vital y saludable.\u00a0 Si no comemos su carne y no bebemos su sangre, no tenemos vida en nosotros. No en una cuna acuesta Mar\u00eda &#8230; <a href=\"https:\/\/vincentians.com\/es\/natividad-del-senor-dizonreyes-alimento\/\" class=\"more-link\">Read More<\/a><\/p>\n","protected":false},"author":3,"featured_media":388397,"comment_status":"open","ping_status":"open","sticky":false,"template":"","format":"standard","meta":{"jetpack_post_was_ever_published":false,"_jetpack_newsletter_access":"","_jetpack_dont_email_post_to_subs":false,"_jetpack_newsletter_tier_id":0,"_jetpack_memberships_contains_paywalled_content":false,"_jetpack_memberships_contains_paid_content":false,"footnotes":"","jetpack_publicize_message":"","jetpack_publicize_feature_enabled":true,"jetpack_social_post_already_shared":true,"jetpack_social_options":{"image_generator_settings":{"template":"highway","default_image_id":0,"font":"","enabled":false},"version":2}},"categories":[93],"tags":[],"class_list":["post-401481","post","type-post","status-publish","format-standard","has-post-thumbnail","hentry","category-homilias-y-reflexiones-ano-b"],"yoast_head":"<!-- This site is optimized with the Yoast SEO plugin v26.3 - https:\/\/yoast.com\/wordpress\/plugins\/seo\/ -->\n<title>Natividad del Se\u00f1or (reflexi\u00f3n de Rosalino Dizon Reyes) - Somos Vicencianos<\/title>\n<meta name=\"description\" content=\"Nace Jes\u00fas ofreci\u00e9ndose como alimento vital y saludable. Si no comemos su carne y no bebemos su sangre, no tenemos vida en nosotros.\" \/>\n<meta name=\"robots\" content=\"index, follow, max-snippet:-1, max-image-preview:large, max-video-preview:-1\" \/>\n<link rel=\"canonical\" href=\"https:\/\/vincentians.com\/es\/natividad-del-senor-dizonreyes-alimento\/\" \/>\n<meta property=\"og:locale\" content=\"es_ES\" \/>\n<meta property=\"og:type\" content=\"article\" \/>\n<meta property=\"og:title\" content=\"Natividad del Se\u00f1or (reflexi\u00f3n de Rosalino Dizon Reyes) - Somos Vicencianos\" \/>\n<meta property=\"og:description\" content=\"Nace Jes\u00fas ofreci\u00e9ndose como alimento vital y saludable. Si no comemos su carne y no bebemos su sangre, no tenemos vida en nosotros.\" \/>\n<meta property=\"og:url\" content=\"https:\/\/vincentians.com\/es\/natividad-del-senor-dizonreyes-alimento\/\" \/>\n<meta property=\"og:site_name\" content=\"Somos Vicencianos\" \/>\n<meta property=\"article:publisher\" content=\"https:\/\/www.facebook.com\/WeAreVincentians\/\" \/>\n<meta property=\"article:published_time\" content=\"2017-12-24T16:30:56+00:00\" \/>\n<meta property=\"article:modified_time\" content=\"2017-12-25T00:26:22+00:00\" \/>\n<meta property=\"og:image\" content=\"https:\/\/i0.wp.com\/vincentians.com\/es\/wp-content\/uploads\/sites\/11\/2016\/07\/reflexiones-ross.jpg?fit=1200%2C630&ssl=1\" \/>\n\t<meta property=\"og:image:width\" content=\"1200\" \/>\n\t<meta property=\"og:image:height\" content=\"630\" \/>\n\t<meta property=\"og:image:type\" content=\"image\/jpeg\" \/>\n<meta name=\"author\" content=\"Ross Reyes Dizon\" \/>\n<meta name=\"twitter:card\" content=\"summary_large_image\" \/>\n<meta name=\"twitter:creator\" content=\"@WeVincentians\" \/>\n<meta name=\"twitter:site\" content=\"@WeVincentians\" \/>\n<meta name=\"twitter:label1\" content=\"Escrito por\" \/>\n\t<meta name=\"twitter:data1\" content=\"Ross Reyes Dizon\" \/>\n\t<meta name=\"twitter:label2\" content=\"Tiempo de lectura\" \/>\n\t<meta name=\"twitter:data2\" content=\"2 minutos\" \/>\n<script type=\"application\/ld+json\" class=\"yoast-schema-graph\">{\"@context\":\"https:\/\/schema.org\",\"@graph\":[{\"@type\":\"Article\",\"@id\":\"https:\/\/vincentians.com\/es\/natividad-del-senor-dizonreyes-alimento\/#article\",\"isPartOf\":{\"@id\":\"https:\/\/vincentians.com\/es\/natividad-del-senor-dizonreyes-alimento\/\"},\"author\":{\"name\":\"Ross Reyes Dizon\",\"@id\":\"https:\/\/vincentians.com\/es\/#\/schema\/person\/6b250b52a52e7af2128e08c36145865d\"},\"headline\":\"Natividad del Se\u00f1or (reflexi\u00f3n de Rosalino Dizon Reyes)\",\"datePublished\":\"2017-12-24T16:30:56+00:00\",\"dateModified\":\"2017-12-25T00:26:22+00:00\",\"mainEntityOfPage\":{\"@id\":\"https:\/\/vincentians.com\/es\/natividad-del-senor-dizonreyes-alimento\/\"},\"wordCount\":500,\"commentCount\":0,\"publisher\":{\"@id\":\"https:\/\/vincentians.com\/es\/#organization\"},\"image\":{\"@id\":\"https:\/\/vincentians.com\/es\/natividad-del-senor-dizonreyes-alimento\/#primaryimage\"},\"thumbnailUrl\":\"https:\/\/i0.wp.com\/vincentians.com\/es\/wp-content\/uploads\/sites\/11\/2016\/07\/reflexiones-ross.jpg?fit=1200%2C630&ssl=1\",\"articleSection\":[\"Homil\u00edas y reflexiones, A\u00f1o B\"],\"inLanguage\":\"es\",\"potentialAction\":[{\"@type\":\"CommentAction\",\"name\":\"Comment\",\"target\":[\"https:\/\/vincentians.com\/es\/natividad-del-senor-dizonreyes-alimento\/#respond\"]}]},{\"@type\":\"WebPage\",\"@id\":\"https:\/\/vincentians.com\/es\/natividad-del-senor-dizonreyes-alimento\/\",\"url\":\"https:\/\/vincentians.com\/es\/natividad-del-senor-dizonreyes-alimento\/\",\"name\":\"Natividad del Se\u00f1or (reflexi\u00f3n de Rosalino Dizon Reyes) - Somos Vicencianos\",\"isPartOf\":{\"@id\":\"https:\/\/vincentians.com\/es\/#website\"},\"primaryImageOfPage\":{\"@id\":\"https:\/\/vincentians.com\/es\/natividad-del-senor-dizonreyes-alimento\/#primaryimage\"},\"image\":{\"@id\":\"https:\/\/vincentians.com\/es\/natividad-del-senor-dizonreyes-alimento\/#primaryimage\"},\"thumbnailUrl\":\"https:\/\/i0.wp.com\/vincentians.com\/es\/wp-content\/uploads\/sites\/11\/2016\/07\/reflexiones-ross.jpg?fit=1200%2C630&ssl=1\",\"datePublished\":\"2017-12-24T16:30:56+00:00\",\"dateModified\":\"2017-12-25T00:26:22+00:00\",\"description\":\"Nace Jes\u00fas ofreci\u00e9ndose como alimento vital y saludable. Si no comemos su carne y no bebemos su sangre, no tenemos vida en nosotros.\",\"breadcrumb\":{\"@id\":\"https:\/\/vincentians.com\/es\/natividad-del-senor-dizonreyes-alimento\/#breadcrumb\"},\"inLanguage\":\"es\",\"potentialAction\":[{\"@type\":\"ReadAction\",\"target\":[\"https:\/\/vincentians.com\/es\/natividad-del-senor-dizonreyes-alimento\/\"]}]},{\"@type\":\"ImageObject\",\"inLanguage\":\"es\",\"@id\":\"https:\/\/vincentians.com\/es\/natividad-del-senor-dizonreyes-alimento\/#primaryimage\",\"url\":\"https:\/\/i0.wp.com\/vincentians.com\/es\/wp-content\/uploads\/sites\/11\/2016\/07\/reflexiones-ross.jpg?fit=1200%2C630&ssl=1\",\"contentUrl\":\"https:\/\/i0.wp.com\/vincentians.com\/es\/wp-content\/uploads\/sites\/11\/2016\/07\/reflexiones-ross.jpg?fit=1200%2C630&ssl=1\",\"width\":1200,\"height\":630},{\"@type\":\"BreadcrumbList\",\"@id\":\"https:\/\/vincentians.com\/es\/natividad-del-senor-dizonreyes-alimento\/#breadcrumb\",\"itemListElement\":[{\"@type\":\"ListItem\",\"position\":1,\"name\":\"Portada\",\"item\":\"https:\/\/vincentians.com\/es\/\"},{\"@type\":\"ListItem\",\"position\":2,\"name\":\"Natividad del Se\u00f1or (reflexi\u00f3n de Rosalino Dizon Reyes)\"}]},{\"@type\":\"WebSite\",\"@id\":\"https:\/\/vincentians.com\/es\/#website\",\"url\":\"https:\/\/vincentians.com\/es\/\",\"name\":\"Somos Vicencianos\",\"description\":\"Know more to serve more\",\"publisher\":{\"@id\":\"https:\/\/vincentians.com\/es\/#organization\"},\"potentialAction\":[{\"@type\":\"SearchAction\",\"target\":{\"@type\":\"EntryPoint\",\"urlTemplate\":\"https:\/\/vincentians.com\/es\/?s={search_term_string}\"},\"query-input\":{\"@type\":\"PropertyValueSpecification\",\"valueRequired\":true,\"valueName\":\"search_term_string\"}}],\"inLanguage\":\"es\"},{\"@type\":\"Organization\",\"@id\":\"https:\/\/vincentians.com\/es\/#organization\",\"name\":\"The Vincentian Network\",\"url\":\"https:\/\/vincentians.com\/es\/\",\"logo\":{\"@type\":\"ImageObject\",\"inLanguage\":\"es\",\"@id\":\"https:\/\/vincentians.com\/es\/#\/schema\/logo\/image\/\",\"url\":\"https:\/\/i1.wp.com\/vincentians.com\/es\/wp-content\/uploads\/sites\/11\/2016\/06\/Vincentian-Network-logo-big.png?fit=778%2C778\",\"contentUrl\":\"https:\/\/i1.wp.com\/vincentians.com\/es\/wp-content\/uploads\/sites\/11\/2016\/06\/Vincentian-Network-logo-big.png?fit=778%2C778\",\"width\":778,\"height\":778,\"caption\":\"The Vincentian Network\"},\"image\":{\"@id\":\"https:\/\/vincentians.com\/es\/#\/schema\/logo\/image\/\"},\"sameAs\":[\"https:\/\/www.facebook.com\/WeAreVincentians\/\",\"https:\/\/x.com\/WeVincentians\"]},{\"@type\":\"Person\",\"@id\":\"https:\/\/vincentians.com\/es\/#\/schema\/person\/6b250b52a52e7af2128e08c36145865d\",\"name\":\"Ross Reyes Dizon\",\"image\":{\"@type\":\"ImageObject\",\"inLanguage\":\"es\",\"@id\":\"https:\/\/vincentians.com\/es\/#\/schema\/person\/image\/\",\"url\":\"https:\/\/secure.gravatar.com\/avatar\/84437f3208f798bde5b9b066b0f340b70134675aa8c7b7ec4464b9808a05c195?s=96&d=mm&r=g\",\"contentUrl\":\"https:\/\/secure.gravatar.com\/avatar\/84437f3208f798bde5b9b066b0f340b70134675aa8c7b7ec4464b9808a05c195?s=96&d=mm&r=g\",\"caption\":\"Ross Reyes Dizon\"},\"description\":\"Ross owes his formation to Filipino, Spanish and U.S. Vincentian missionaries. A native of the Philippines, he now lives in Vallejo, California, with his wife Melody. They have two grown-up sons, Vincent and Justin, and are full-time babysitters to grandchildren, Maximilian Fr\u00e9d\u00e9ric and Vivianna Louise. Ross volunteers at Margaret Todd Senior Center, Novato, California, teaching a free weekly citizenship class for mostly Spanish-speakers.\",\"url\":\"https:\/\/vincentians.com\/es\/author\/rosalino\/\"}]}<\/script>\n<!-- \/ Yoast SEO plugin. -->","yoast_head_json":{"title":"Natividad del Se\u00f1or (reflexi\u00f3n de Rosalino Dizon Reyes) - Somos Vicencianos","description":"Nace Jes\u00fas ofreci\u00e9ndose como alimento vital y saludable. Si no comemos su carne y no bebemos su sangre, no tenemos vida en nosotros.","robots":{"index":"index","follow":"follow","max-snippet":"max-snippet:-1","max-image-preview":"max-image-preview:large","max-video-preview":"max-video-preview:-1"},"canonical":"https:\/\/vincentians.com\/es\/natividad-del-senor-dizonreyes-alimento\/","og_locale":"es_ES","og_type":"article","og_title":"Natividad del Se\u00f1or (reflexi\u00f3n de Rosalino Dizon Reyes) - Somos Vicencianos","og_description":"Nace Jes\u00fas ofreci\u00e9ndose como alimento vital y saludable. Si no comemos su carne y no bebemos su sangre, no tenemos vida en nosotros.","og_url":"https:\/\/vincentians.com\/es\/natividad-del-senor-dizonreyes-alimento\/","og_site_name":"Somos Vicencianos","article_publisher":"https:\/\/www.facebook.com\/WeAreVincentians\/","article_published_time":"2017-12-24T16:30:56+00:00","article_modified_time":"2017-12-25T00:26:22+00:00","og_image":[{"width":1200,"height":630,"url":"https:\/\/i0.wp.com\/vincentians.com\/es\/wp-content\/uploads\/sites\/11\/2016\/07\/reflexiones-ross.jpg?fit=1200%2C630&ssl=1","type":"image\/jpeg"}],"author":"Ross Reyes Dizon","twitter_card":"summary_large_image","twitter_creator":"@WeVincentians","twitter_site":"@WeVincentians","twitter_misc":{"Escrito por":"Ross Reyes Dizon","Tiempo de lectura":"2 minutos"},"schema":{"@context":"https:\/\/schema.org","@graph":[{"@type":"Article","@id":"https:\/\/vincentians.com\/es\/natividad-del-senor-dizonreyes-alimento\/#article","isPartOf":{"@id":"https:\/\/vincentians.com\/es\/natividad-del-senor-dizonreyes-alimento\/"},"author":{"name":"Ross Reyes Dizon","@id":"https:\/\/vincentians.com\/es\/#\/schema\/person\/6b250b52a52e7af2128e08c36145865d"},"headline":"Natividad del Se\u00f1or (reflexi\u00f3n de Rosalino Dizon Reyes)","datePublished":"2017-12-24T16:30:56+00:00","dateModified":"2017-12-25T00:26:22+00:00","mainEntityOfPage":{"@id":"https:\/\/vincentians.com\/es\/natividad-del-senor-dizonreyes-alimento\/"},"wordCount":500,"commentCount":0,"publisher":{"@id":"https:\/\/vincentians.com\/es\/#organization"},"image":{"@id":"https:\/\/vincentians.com\/es\/natividad-del-senor-dizonreyes-alimento\/#primaryimage"},"thumbnailUrl":"https:\/\/i0.wp.com\/vincentians.com\/es\/wp-content\/uploads\/sites\/11\/2016\/07\/reflexiones-ross.jpg?fit=1200%2C630&ssl=1","articleSection":["Homil\u00edas y reflexiones, A\u00f1o B"],"inLanguage":"es","potentialAction":[{"@type":"CommentAction","name":"Comment","target":["https:\/\/vincentians.com\/es\/natividad-del-senor-dizonreyes-alimento\/#respond"]}]},{"@type":"WebPage","@id":"https:\/\/vincentians.com\/es\/natividad-del-senor-dizonreyes-alimento\/","url":"https:\/\/vincentians.com\/es\/natividad-del-senor-dizonreyes-alimento\/","name":"Natividad del Se\u00f1or (reflexi\u00f3n de Rosalino Dizon Reyes) - Somos Vicencianos","isPartOf":{"@id":"https:\/\/vincentians.com\/es\/#website"},"primaryImageOfPage":{"@id":"https:\/\/vincentians.com\/es\/natividad-del-senor-dizonreyes-alimento\/#primaryimage"},"image":{"@id":"https:\/\/vincentians.com\/es\/natividad-del-senor-dizonreyes-alimento\/#primaryimage"},"thumbnailUrl":"https:\/\/i0.wp.com\/vincentians.com\/es\/wp-content\/uploads\/sites\/11\/2016\/07\/reflexiones-ross.jpg?fit=1200%2C630&ssl=1","datePublished":"2017-12-24T16:30:56+00:00","dateModified":"2017-12-25T00:26:22+00:00","description":"Nace Jes\u00fas ofreci\u00e9ndose como alimento vital y saludable. Si no comemos su carne y no bebemos su sangre, no tenemos vida en nosotros.","breadcrumb":{"@id":"https:\/\/vincentians.com\/es\/natividad-del-senor-dizonreyes-alimento\/#breadcrumb"},"inLanguage":"es","potentialAction":[{"@type":"ReadAction","target":["https:\/\/vincentians.com\/es\/natividad-del-senor-dizonreyes-alimento\/"]}]},{"@type":"ImageObject","inLanguage":"es","@id":"https:\/\/vincentians.com\/es\/natividad-del-senor-dizonreyes-alimento\/#primaryimage","url":"https:\/\/i0.wp.com\/vincentians.com\/es\/wp-content\/uploads\/sites\/11\/2016\/07\/reflexiones-ross.jpg?fit=1200%2C630&ssl=1","contentUrl":"https:\/\/i0.wp.com\/vincentians.com\/es\/wp-content\/uploads\/sites\/11\/2016\/07\/reflexiones-ross.jpg?fit=1200%2C630&ssl=1","width":1200,"height":630},{"@type":"BreadcrumbList","@id":"https:\/\/vincentians.com\/es\/natividad-del-senor-dizonreyes-alimento\/#breadcrumb","itemListElement":[{"@type":"ListItem","position":1,"name":"Portada","item":"https:\/\/vincentians.com\/es\/"},{"@type":"ListItem","position":2,"name":"Natividad del Se\u00f1or (reflexi\u00f3n de Rosalino Dizon Reyes)"}]},{"@type":"WebSite","@id":"https:\/\/vincentians.com\/es\/#website","url":"https:\/\/vincentians.com\/es\/","name":"Somos Vicencianos","description":"Know more to serve more","publisher":{"@id":"https:\/\/vincentians.com\/es\/#organization"},"potentialAction":[{"@type":"SearchAction","target":{"@type":"EntryPoint","urlTemplate":"https:\/\/vincentians.com\/es\/?s={search_term_string}"},"query-input":{"@type":"PropertyValueSpecification","valueRequired":true,"valueName":"search_term_string"}}],"inLanguage":"es"},{"@type":"Organization","@id":"https:\/\/vincentians.com\/es\/#organization","name":"The Vincentian Network","url":"https:\/\/vincentians.com\/es\/","logo":{"@type":"ImageObject","inLanguage":"es","@id":"https:\/\/vincentians.com\/es\/#\/schema\/logo\/image\/","url":"https:\/\/i1.wp.com\/vincentians.com\/es\/wp-content\/uploads\/sites\/11\/2016\/06\/Vincentian-Network-logo-big.png?fit=778%2C778","contentUrl":"https:\/\/i1.wp.com\/vincentians.com\/es\/wp-content\/uploads\/sites\/11\/2016\/06\/Vincentian-Network-logo-big.png?fit=778%2C778","width":778,"height":778,"caption":"The Vincentian Network"},"image":{"@id":"https:\/\/vincentians.com\/es\/#\/schema\/logo\/image\/"},"sameAs":["https:\/\/www.facebook.com\/WeAreVincentians\/","https:\/\/x.com\/WeVincentians"]},{"@type":"Person","@id":"https:\/\/vincentians.com\/es\/#\/schema\/person\/6b250b52a52e7af2128e08c36145865d","name":"Ross Reyes Dizon","image":{"@type":"ImageObject","inLanguage":"es","@id":"https:\/\/vincentians.com\/es\/#\/schema\/person\/image\/","url":"https:\/\/secure.gravatar.com\/avatar\/84437f3208f798bde5b9b066b0f340b70134675aa8c7b7ec4464b9808a05c195?s=96&d=mm&r=g","contentUrl":"https:\/\/secure.gravatar.com\/avatar\/84437f3208f798bde5b9b066b0f340b70134675aa8c7b7ec4464b9808a05c195?s=96&d=mm&r=g","caption":"Ross Reyes Dizon"},"description":"Ross owes his formation to Filipino, Spanish and U.S. Vincentian missionaries. A native of the Philippines, he now lives in Vallejo, California, with his wife Melody. They have two grown-up sons, Vincent and Justin, and are full-time babysitters to grandchildren, Maximilian Fr\u00e9d\u00e9ric and Vivianna Louise. Ross volunteers at Margaret Todd Senior Center, Novato, California, teaching a free weekly citizenship class for mostly Spanish-speakers.","url":"https:\/\/vincentians.com\/es\/author\/rosalino\/"}]}},"jetpack_publicize_connections":[],"jetpack_featured_media_url":"https:\/\/i0.wp.com\/vincentians.com\/es\/wp-content\/uploads\/sites\/11\/2016\/07\/reflexiones-ross.jpg?fit=1200%2C630&ssl=1","jetpack_sharing_enabled":true,"jetpack_shortlink":"https:\/\/wp.me\/p7ETMF-1Grv","jetpack-related-posts":[{"id":1096,"url":"https:\/\/vincentians.com\/es\/ciclo-b-natividad-del-senor-reflexion-de-jose-antonio-pagola\/","url_meta":{"origin":401481,"position":0},"title":"Natividad del Se\u00f1or (reflexi\u00f3n de Jos\u00e9 Antonio Pagola)","author":"Francisco Javier Fern\u00e1ndez Chento","date":"19\/12\/2011","format":false,"excerpt":"En un pesebre Seg\u00fan el relato de Lucas, es el mensaje del \u00c1ngel a los pastores el que nos ofrece las claves para leer desde la fe el misterio que se encierra en un ni\u00f1o nacido en extra\u00f1as circunstancias en las afueras de Bel\u00e9n. Es de noche. Una claridad desconocida\u2026","rel":"","context":"En \u00abHomil\u00edas y reflexiones, A\u00f1o B\u00bb","block_context":{"text":"Homil\u00edas y reflexiones, A\u00f1o B","link":"https:\/\/vincentians.com\/es\/category\/homilias-y-reflexiones-a-la-palabra-de-dios\/homilias-y-reflexiones-ano-b\/"},"img":{"alt_text":"","src":"https:\/\/i0.wp.com\/vincentians.com\/es\/wp-content\/uploads\/sites\/11\/2016\/07\/reflexiones-pagola.jpg?fit=1200%2C630&ssl=1&resize=350%2C200","width":350,"height":200,"srcset":"https:\/\/i0.wp.com\/vincentians.com\/es\/wp-content\/uploads\/sites\/11\/2016\/07\/reflexiones-pagola.jpg?fit=1200%2C630&ssl=1&resize=350%2C200 1x, https:\/\/i0.wp.com\/vincentians.com\/es\/wp-content\/uploads\/sites\/11\/2016\/07\/reflexiones-pagola.jpg?fit=1200%2C630&ssl=1&resize=525%2C300 1.5x, https:\/\/i0.wp.com\/vincentians.com\/es\/wp-content\/uploads\/sites\/11\/2016\/07\/reflexiones-pagola.jpg?fit=1200%2C630&ssl=1&resize=700%2C400 2x, https:\/\/i0.wp.com\/vincentians.com\/es\/wp-content\/uploads\/sites\/11\/2016\/07\/reflexiones-pagola.jpg?fit=1200%2C630&ssl=1&resize=1050%2C600 3x"},"classes":[]},{"id":134803,"url":"https:\/\/vincentians.com\/es\/epifania-del-senor-reflexion-de-javier-balda-c-m\/","url_meta":{"origin":401481,"position":1},"title":"Epifan\u00eda del Se\u00f1or (reflexi\u00f3n de Javier Balda, C.M.)","author":"Francisco Javier Fern\u00e1ndez Chento","date":"02\/01\/2015","format":false,"excerpt":"Los \u00e1ngeles han regresado al cielo. Los pastores caminan otra vez, junto a sus ovejas en busca de nuevos y buenos pastos. Una estrella brilla con nueva luz y corre por el firmamento. Es la estrella que ven los magos, como un \"signo milagroso\", signo milagroso que ellos interpretan como\u2026","rel":"","context":"En \u00abHomil\u00edas y reflexiones, A\u00f1o B\u00bb","block_context":{"text":"Homil\u00edas y reflexiones, A\u00f1o B","link":"https:\/\/vincentians.com\/es\/category\/homilias-y-reflexiones-a-la-palabra-de-dios\/homilias-y-reflexiones-ano-b\/"},"img":{"alt_text":"","src":"https:\/\/i0.wp.com\/vincentians.com\/es\/wp-content\/uploads\/sites\/11\/2016\/07\/reflexiones-palabra-de-dios.jpg?fit=1200%2C630&ssl=1&resize=350%2C200","width":350,"height":200,"srcset":"https:\/\/i0.wp.com\/vincentians.com\/es\/wp-content\/uploads\/sites\/11\/2016\/07\/reflexiones-palabra-de-dios.jpg?fit=1200%2C630&ssl=1&resize=350%2C200 1x, https:\/\/i0.wp.com\/vincentians.com\/es\/wp-content\/uploads\/sites\/11\/2016\/07\/reflexiones-palabra-de-dios.jpg?fit=1200%2C630&ssl=1&resize=525%2C300 1.5x, https:\/\/i0.wp.com\/vincentians.com\/es\/wp-content\/uploads\/sites\/11\/2016\/07\/reflexiones-palabra-de-dios.jpg?fit=1200%2C630&ssl=1&resize=700%2C400 2x, https:\/\/i0.wp.com\/vincentians.com\/es\/wp-content\/uploads\/sites\/11\/2016\/07\/reflexiones-palabra-de-dios.jpg?fit=1200%2C630&ssl=1&resize=1050%2C600 3x"},"classes":[]},{"id":132418,"url":"https:\/\/vincentians.com\/es\/ciclo-b-natividad-del-senor-reflexion-de-jose-roman-flecha\/","url_meta":{"origin":401481,"position":2},"title":"Natividad del Se\u00f1or (reflexi\u00f3n de Jos\u00e9 Rom\u00e1n Flecha)","author":"Francisco Javier Fern\u00e1ndez Chento","date":"22\/12\/2011","format":false,"excerpt":"En esta celebraci\u00f3n del nacimiento de Jes\u00fas, volvemos a leer las preciosas palabras que San Agust\u00edn pronunciaba en el serm\u00f3n 187: \"La Palabra, que era Dios antes del tiempo, se hizo carne al llegar el tiempo. El hacedor del sol se hizo bajo el sol. El que llena el mundo\u2026","rel":"","context":"En \u00abHomil\u00edas y reflexiones, A\u00f1o B\u00bb","block_context":{"text":"Homil\u00edas y reflexiones, A\u00f1o B","link":"https:\/\/vincentians.com\/es\/category\/homilias-y-reflexiones-a-la-palabra-de-dios\/homilias-y-reflexiones-ano-b\/"},"img":{"alt_text":"","src":"https:\/\/i0.wp.com\/vincentians.com\/es\/wp-content\/uploads\/sites\/11\/2016\/07\/reflexiones-palabra-de-dios.jpg?fit=1200%2C630&ssl=1&resize=350%2C200","width":350,"height":200,"srcset":"https:\/\/i0.wp.com\/vincentians.com\/es\/wp-content\/uploads\/sites\/11\/2016\/07\/reflexiones-palabra-de-dios.jpg?fit=1200%2C630&ssl=1&resize=350%2C200 1x, https:\/\/i0.wp.com\/vincentians.com\/es\/wp-content\/uploads\/sites\/11\/2016\/07\/reflexiones-palabra-de-dios.jpg?fit=1200%2C630&ssl=1&resize=525%2C300 1.5x, https:\/\/i0.wp.com\/vincentians.com\/es\/wp-content\/uploads\/sites\/11\/2016\/07\/reflexiones-palabra-de-dios.jpg?fit=1200%2C630&ssl=1&resize=700%2C400 2x, https:\/\/i0.wp.com\/vincentians.com\/es\/wp-content\/uploads\/sites\/11\/2016\/07\/reflexiones-palabra-de-dios.jpg?fit=1200%2C630&ssl=1&resize=1050%2C600 3x"},"classes":[]},{"id":233230,"url":"https:\/\/vincentians.com\/es\/19o-domingo-de-t-o-reflexion-de-jose-antonio-pagola\/","url_meta":{"origin":401481,"position":3},"title":"19\u00ba Domingo de T.O. (reflexi\u00f3n de Jos\u00e9 Antonio Pagola)","author":"Francisco Javier Fern\u00e1ndez Chento","date":"04\/08\/2015","format":false,"excerpt":"Atracci\u00f3n por Jes\u00fas El evangelista Juan repite una y otra vez expresiones e im\u00e1genes de gran fuerza para recordar a todos que han de acercarse a Jes\u00fas para descubrir en \u00e9l una fuente de vida nueva. Un principio vital que no es comparable con nada que hayan podido conocer con\u2026","rel":"","context":"En \u00abHomil\u00edas y reflexiones, A\u00f1o B\u00bb","block_context":{"text":"Homil\u00edas y reflexiones, A\u00f1o B","link":"https:\/\/vincentians.com\/es\/category\/homilias-y-reflexiones-a-la-palabra-de-dios\/homilias-y-reflexiones-ano-b\/"},"img":{"alt_text":"","src":"https:\/\/i0.wp.com\/vincentians.com\/es\/wp-content\/uploads\/sites\/11\/2016\/07\/reflexiones-pagola.jpg?fit=1200%2C630&ssl=1&resize=350%2C200","width":350,"height":200,"srcset":"https:\/\/i0.wp.com\/vincentians.com\/es\/wp-content\/uploads\/sites\/11\/2016\/07\/reflexiones-pagola.jpg?fit=1200%2C630&ssl=1&resize=350%2C200 1x, https:\/\/i0.wp.com\/vincentians.com\/es\/wp-content\/uploads\/sites\/11\/2016\/07\/reflexiones-pagola.jpg?fit=1200%2C630&ssl=1&resize=525%2C300 1.5x, https:\/\/i0.wp.com\/vincentians.com\/es\/wp-content\/uploads\/sites\/11\/2016\/07\/reflexiones-pagola.jpg?fit=1200%2C630&ssl=1&resize=700%2C400 2x, https:\/\/i0.wp.com\/vincentians.com\/es\/wp-content\/uploads\/sites\/11\/2016\/07\/reflexiones-pagola.jpg?fit=1200%2C630&ssl=1&resize=1050%2C600 3x"},"classes":[]},{"id":400948,"url":"https:\/\/vincentians.com\/es\/13-domingo-to-rdizonreyes-mejor\/","url_meta":{"origin":401481,"position":4},"title":"13\u00ba Domingo de T.O. (reflexi\u00f3n de Rosalino Dizon Reyes)","author":"Ross Reyes Dizon","date":"27\/06\/2017","format":false,"excerpt":"Mejor la repbrobaci\u00f3n que la aprobaci\u00f3n Jes\u00fas es la verdad en persona de que es mejor ser reprobado que aprobado por el mundo. El mundo no puede aceptar al Verbo. \u00a0Est\u00e1 el Verbo en el mundo, pero el mundo no lo conoce siquiera. \u00a0Y aun viniendo a los suyos, el\u2026","rel":"","context":"En \u00abHomil\u00edas y reflexiones, A\u00f1o A\u00bb","block_context":{"text":"Homil\u00edas y reflexiones, A\u00f1o A","link":"https:\/\/vincentians.com\/es\/category\/homilias-y-reflexiones-a-la-palabra-de-dios\/homilias-y-reflexiones-ano-a\/"},"img":{"alt_text":"","src":"https:\/\/i0.wp.com\/vincentians.com\/es\/wp-content\/uploads\/sites\/11\/2016\/07\/reflexiones-ross.jpg?fit=1200%2C630&ssl=1&resize=350%2C200","width":350,"height":200,"srcset":"https:\/\/i0.wp.com\/vincentians.com\/es\/wp-content\/uploads\/sites\/11\/2016\/07\/reflexiones-ross.jpg?fit=1200%2C630&ssl=1&resize=350%2C200 1x, https:\/\/i0.wp.com\/vincentians.com\/es\/wp-content\/uploads\/sites\/11\/2016\/07\/reflexiones-ross.jpg?fit=1200%2C630&ssl=1&resize=525%2C300 1.5x, https:\/\/i0.wp.com\/vincentians.com\/es\/wp-content\/uploads\/sites\/11\/2016\/07\/reflexiones-ross.jpg?fit=1200%2C630&ssl=1&resize=700%2C400 2x, https:\/\/i0.wp.com\/vincentians.com\/es\/wp-content\/uploads\/sites\/11\/2016\/07\/reflexiones-ross.jpg?fit=1200%2C630&ssl=1&resize=1050%2C600 3x"},"classes":[]},{"id":53001,"url":"https:\/\/vincentians.com\/es\/maria-en-la-infancia-de-jesus\/","url_meta":{"origin":401481,"position":5},"title":"Mar\u00eda en la infancia de Jes\u00fas","author":"Francisco Javier Fern\u00e1ndez Chento","date":"01\/05\/2015","format":false,"excerpt":"1 Hoy vamos a detenernos en el cap\u00edtulo 2 de San Lucas y en el cap\u00edtulo 2 de San Mateo. Los dos cap\u00edtulos nos cuentan todo lo que sabemos desde que nace Jes\u00fas hasta que tiene doce a\u00f1os. Resumamos brevemente el relato evang\u00e9lico. San Lucas se aprovecha de un censo\u2026","rel":"","context":"En \u00abVirgen Mar\u00eda\u00bb","block_context":{"text":"Virgen Mar\u00eda","link":"https:\/\/vincentians.com\/es\/category\/espiritualidad\/virgen-maria\/"},"img":{"alt_text":"Mary-and-Child-Jesus-Pierre-Mignard","src":"https:\/\/i0.wp.com\/vicencianos.org\/wp-content\/2015\/05\/Mary-and-Child-Jesus-Pierre-Mignard-300x225.jpg?resize=350%2C200","width":350,"height":200},"classes":[]}],"_links":{"self":[{"href":"https:\/\/vincentians.com\/es\/wp-json\/wp\/v2\/posts\/401481","targetHints":{"allow":["GET"]}}],"collection":[{"href":"https:\/\/vincentians.com\/es\/wp-json\/wp\/v2\/posts"}],"about":[{"href":"https:\/\/vincentians.com\/es\/wp-json\/wp\/v2\/types\/post"}],"author":[{"embeddable":true,"href":"https:\/\/vincentians.com\/es\/wp-json\/wp\/v2\/users\/3"}],"replies":[{"embeddable":true,"href":"https:\/\/vincentians.com\/es\/wp-json\/wp\/v2\/comments?post=401481"}],"version-history":[{"count":7,"href":"https:\/\/vincentians.com\/es\/wp-json\/wp\/v2\/posts\/401481\/revisions"}],"predecessor-version":[{"id":401489,"href":"https:\/\/vincentians.com\/es\/wp-json\/wp\/v2\/posts\/401481\/revisions\/401489"}],"wp:featuredmedia":[{"embeddable":true,"href":"https:\/\/vincentians.com\/es\/wp-json\/wp\/v2\/media\/388397"}],"wp:attachment":[{"href":"https:\/\/vincentians.com\/es\/wp-json\/wp\/v2\/media?parent=401481"}],"wp:term":[{"taxonomy":"category","embeddable":true,"href":"https:\/\/vincentians.com\/es\/wp-json\/wp\/v2\/categories?post=401481"},{"taxonomy":"post_tag","embeddable":true,"href":"https:\/\/vincentians.com\/es\/wp-json\/wp\/v2\/tags?post=401481"}],"curies":[{"name":"wp","href":"https:\/\/api.w.org\/{rel}","templated":true}]}}