{"id":401475,"date":"2017-12-19T20:00:12","date_gmt":"2017-12-19T19:00:12","guid":{"rendered":"http:\/\/vincentians.com\/es\/?p=401475"},"modified":"2017-12-19T20:51:08","modified_gmt":"2017-12-19T19:51:08","slug":"4-adviento-dizonreyes-casa","status":"publish","type":"post","link":"https:\/\/vincentians.com\/es\/4-adviento-dizonreyes-casa\/","title":{"rendered":"Domingo 4\u00ba de Adviento (reflexi\u00f3n de Rosalino Dizon Reyes)"},"content":{"rendered":"<p><em>Casa para pobres de todos los pueblos<\/em><\/p>\n<h3><strong>Jes\u00fas realiza la promesa de Dios al rey David de una casa real perdurable.\u00a0 Y este reino es para los pobres de todos los pueblos.<\/strong><\/h3>\n<p>Establecido en su palacio y gozando de paz y seguridad, el rey David piensa en construirle a Dios una casa.\u00a0 Pero la idea santa y piadosa del rey no parece entusiasmar a Dios.\u00a0 A \u00e9ste le interesa m\u00e1s construirle una casa a aqu\u00e9l.<\/p>\n<p>Y mejor, s\u00ed, que Dios nos construya una casa a los hombres que nosotros, a \u00e9l.\u00a0 Pues realmente, \u00bfqu\u00e9 casa podremos construirle al Creador de cielo y tierra?\u00a0 El cielo es su trono y la tierra, el estrado de sus pies.\u00a0 Adem\u00e1s, no habita en templos construidos por hombres el Se\u00f1or de la tierra y de cuanto la llena.<\/p>\n<p>Pero incluso construy\u00e9ndole algo a Dios como si lo necesitase, a\u00fan somos capaces de estropearlo y cuanto tocamos (<a href=\"http:\/\/via.library.depaul.edu\/cgi\/viewcontent.cgi?article=1011&amp;context=coste_sp\">SV.ES XI:236<\/a>). \u00a0No solo dejamos que los santuarios nos den falsas sensaciones de seguridad.\u00a0 Tambi\u00e9n convertimos las casas de oraci\u00f3n en mercados e, incluso, en cuevas de ladrones.<\/p>\n<h4><strong><em>Necesitamos a Alquien mayor y mejor que nosotros que construya una casa para todos los pueblos que dure para siempre.<\/em><\/strong><\/h4>\n<p>Dios es quien puede hacerlo.\u00a0 Si \u00e9l no construye la casa, en vano nos cansamos los hombres que la tratamos de construir.\u00a0 Y, de hecho, envi\u00e1ndonos a su \u00fanico Hijo, cumple Dios su promesa a David de una casa real eterna.<\/p>\n<p>Jes\u00fas es Hijo del Alt\u00edsimo, pero es hijo de David al mismo tiempo y heredero, por tanto, del trono dav\u00eddico.\u00a0 Siendo Hijo del Alt\u00edsimo, Jes\u00fas confiere perpetuidad al reino de David, su padre.\u00a0 Y este reino es de los pobres.<\/p>\n<p>En otras palabras, es de los que, como <a href=\"https:\/\/famvin.org\/en\/2017\/12\/16\/making-list-checking-twice-mindful-homeless\/\">san Vicente de Pa\u00fal<\/a> nada tienen sino su fe en Dios.\u00a0 Saben que \u00e9l est\u00e1 con ellos, y en \u00e9l conf\u00edan.\u00a0 Por eso, proclaman su grandeza, y se alegran en su Salvador que se fija en su humildad.\u00a0 Al \u00fanico sabio Dios dan la gloria por su revelaci\u00f3n por medio de Jesucristo.\u00a0 Humildes y abatidos se estremecen antes sus palabras.<\/p>\n<p>Pero no temen los pobres, pues Dios les fortalece.\u00a0 Para ellos, Dios es el Poderoso que hace obras grandes por ellos.\u00a0 Lo importante es la fuerza que los cubre como sombra, es decir, la presencia divina.\u00a0 No importa que una mujer no sea fecunda o no conozca var\u00f3n.\u00a0 Despu\u00e9s de todo, no hay nada imposible para Dios.<\/p>\n<h4><strong><em>En la casa que nos das, Se\u00f1or, preparas para todos los pueblos manjares exquisitos y vinos refinados.\u00a0 Haz que nuestra participaci\u00f3n en tu fest\u00edn entra\u00f1e de verdad un compromiso en favor de los necesitados. <\/em><\/strong><\/h4>\n<p><strong><em><span style=\"float: none;background-color: transparent;color: #333333;cursor: text;font-family: Georgia,'Times New Roman','Bitstream Charter',Times,serif;font-size: 16px;font-style: normal;font-variant: normal;font-weight: 400;letter-spacing: normal;line-height: 24px;text-align: left;text-decoration: none;text-indent: 0px\">24 Diciembre 2017<\/span><br \/>\n<span style=\"float: none;background-color: transparent;color: #333333;cursor: text;font-family: Georgia,'Times New Roman','Bitstream Charter',Times,serif;font-size: 16px;font-style: normal;font-variant: normal;font-weight: 400;letter-spacing: normal;line-height: 24px;text-align: left;text-decoration: none;text-indent: 0px\"> Domingo 4\u00ba<\/span><span style=\"float: none;background-color: transparent;color: #333333;cursor: text;font-family: Georgia,'Times New Roman','Bitstream Charter',Times,serif;font-size: 16px;font-style: normal;font-variant: normal;font-weight: 400;letter-spacing: normal;line-height: 24px;text-align: left;text-decoration: none;text-indent: 0px\"> de Adviento (B)<\/span><br \/>\n<span style=\"float: none;background-color: transparent;color: #333333;cursor: text;font-family: Georgia,'Times New Roman','Bitstream Charter',Times,serif;font-size: 16px;font-style: normal;font-variant: normal;font-weight: 400;letter-spacing: normal;line-height: 24px;text-align: left;text-decoration: none;text-indent: 0px\">2 Sam 7, 1-5. 8b-12. 14a. 16; Rom 16, 25-27; Lc 1, 26-38<\/span><\/em><\/strong><\/p>\n","protected":false},"excerpt":{"rendered":"<p>Casa para pobres de todos los pueblos Jes\u00fas realiza la promesa de Dios al rey David de una casa real perdurable.\u00a0 Y este reino es para los pobres de todos los pueblos. Establecido en su &#8230; <a href=\"https:\/\/vincentians.com\/es\/4-adviento-dizonreyes-casa\/\" class=\"more-link\">Read More<\/a><\/p>\n","protected":false},"author":3,"featured_media":388397,"comment_status":"open","ping_status":"open","sticky":false,"template":"","format":"standard","meta":{"jetpack_post_was_ever_published":false,"_jetpack_newsletter_access":"","_jetpack_dont_email_post_to_subs":false,"_jetpack_newsletter_tier_id":0,"_jetpack_memberships_contains_paywalled_content":false,"_jetpack_memberships_contains_paid_content":false,"footnotes":"","jetpack_publicize_message":"","jetpack_publicize_feature_enabled":true,"jetpack_social_post_already_shared":true,"jetpack_social_options":{"image_generator_settings":{"template":"highway","default_image_id":0,"font":"","enabled":false},"version":2}},"categories":[93],"tags":[],"class_list":["post-401475","post","type-post","status-publish","format-standard","has-post-thumbnail","hentry","category-homilias-y-reflexiones-ano-b"],"yoast_head":"<!-- This site is optimized with the Yoast SEO plugin v26.3 - https:\/\/yoast.com\/wordpress\/plugins\/seo\/ -->\n<title>Domingo 4\u00ba de Adviento (reflexi\u00f3n de Rosalino Dizon Reyes) - Somos Vicencianos<\/title>\n<meta name=\"description\" content=\"Jes\u00fas realiza la promesa de Dios al rey David de una casa real perdurable. Y este reino es para los pobres de todos los pueblos.\" \/>\n<meta name=\"robots\" content=\"index, follow, max-snippet:-1, max-image-preview:large, max-video-preview:-1\" \/>\n<link rel=\"canonical\" href=\"https:\/\/vincentians.com\/es\/4-adviento-dizonreyes-casa\/\" \/>\n<meta property=\"og:locale\" content=\"es_ES\" \/>\n<meta property=\"og:type\" content=\"article\" \/>\n<meta property=\"og:title\" content=\"Domingo 4\u00ba de Adviento (reflexi\u00f3n de Rosalino Dizon Reyes) - Somos Vicencianos\" \/>\n<meta property=\"og:description\" content=\"Jes\u00fas realiza la promesa de Dios al rey David de una casa real perdurable. Y este reino es para los pobres de todos los pueblos.\" \/>\n<meta property=\"og:url\" content=\"https:\/\/vincentians.com\/es\/4-adviento-dizonreyes-casa\/\" \/>\n<meta property=\"og:site_name\" content=\"Somos Vicencianos\" \/>\n<meta property=\"article:publisher\" content=\"https:\/\/www.facebook.com\/WeAreVincentians\/\" \/>\n<meta property=\"article:published_time\" content=\"2017-12-19T19:00:12+00:00\" \/>\n<meta property=\"article:modified_time\" content=\"2017-12-19T19:51:08+00:00\" \/>\n<meta property=\"og:image\" content=\"https:\/\/i0.wp.com\/vincentians.com\/es\/wp-content\/uploads\/sites\/11\/2016\/07\/reflexiones-ross.jpg?fit=1200%2C630&ssl=1\" \/>\n\t<meta property=\"og:image:width\" content=\"1200\" \/>\n\t<meta property=\"og:image:height\" content=\"630\" \/>\n\t<meta property=\"og:image:type\" content=\"image\/jpeg\" \/>\n<meta name=\"author\" content=\"Ross Reyes Dizon\" \/>\n<meta name=\"twitter:card\" content=\"summary_large_image\" \/>\n<meta name=\"twitter:creator\" content=\"@WeVincentians\" \/>\n<meta name=\"twitter:site\" content=\"@WeVincentians\" \/>\n<meta name=\"twitter:label1\" content=\"Escrito por\" \/>\n\t<meta name=\"twitter:data1\" content=\"Ross Reyes Dizon\" \/>\n\t<meta name=\"twitter:label2\" content=\"Tiempo de lectura\" \/>\n\t<meta name=\"twitter:data2\" content=\"2 minutos\" \/>\n<script type=\"application\/ld+json\" class=\"yoast-schema-graph\">{\"@context\":\"https:\/\/schema.org\",\"@graph\":[{\"@type\":\"Article\",\"@id\":\"https:\/\/vincentians.com\/es\/4-adviento-dizonreyes-casa\/#article\",\"isPartOf\":{\"@id\":\"https:\/\/vincentians.com\/es\/4-adviento-dizonreyes-casa\/\"},\"author\":{\"name\":\"Ross Reyes Dizon\",\"@id\":\"https:\/\/vincentians.com\/es\/#\/schema\/person\/6b250b52a52e7af2128e08c36145865d\"},\"headline\":\"Domingo 4\u00ba de Adviento (reflexi\u00f3n de Rosalino Dizon Reyes)\",\"datePublished\":\"2017-12-19T19:00:12+00:00\",\"dateModified\":\"2017-12-19T19:51:08+00:00\",\"mainEntityOfPage\":{\"@id\":\"https:\/\/vincentians.com\/es\/4-adviento-dizonreyes-casa\/\"},\"wordCount\":487,\"commentCount\":0,\"publisher\":{\"@id\":\"https:\/\/vincentians.com\/es\/#organization\"},\"image\":{\"@id\":\"https:\/\/vincentians.com\/es\/4-adviento-dizonreyes-casa\/#primaryimage\"},\"thumbnailUrl\":\"https:\/\/i0.wp.com\/vincentians.com\/es\/wp-content\/uploads\/sites\/11\/2016\/07\/reflexiones-ross.jpg?fit=1200%2C630&ssl=1\",\"articleSection\":[\"Homil\u00edas y reflexiones, A\u00f1o B\"],\"inLanguage\":\"es\",\"potentialAction\":[{\"@type\":\"CommentAction\",\"name\":\"Comment\",\"target\":[\"https:\/\/vincentians.com\/es\/4-adviento-dizonreyes-casa\/#respond\"]}]},{\"@type\":\"WebPage\",\"@id\":\"https:\/\/vincentians.com\/es\/4-adviento-dizonreyes-casa\/\",\"url\":\"https:\/\/vincentians.com\/es\/4-adviento-dizonreyes-casa\/\",\"name\":\"Domingo 4\u00ba de Adviento (reflexi\u00f3n de Rosalino Dizon Reyes) - Somos Vicencianos\",\"isPartOf\":{\"@id\":\"https:\/\/vincentians.com\/es\/#website\"},\"primaryImageOfPage\":{\"@id\":\"https:\/\/vincentians.com\/es\/4-adviento-dizonreyes-casa\/#primaryimage\"},\"image\":{\"@id\":\"https:\/\/vincentians.com\/es\/4-adviento-dizonreyes-casa\/#primaryimage\"},\"thumbnailUrl\":\"https:\/\/i0.wp.com\/vincentians.com\/es\/wp-content\/uploads\/sites\/11\/2016\/07\/reflexiones-ross.jpg?fit=1200%2C630&ssl=1\",\"datePublished\":\"2017-12-19T19:00:12+00:00\",\"dateModified\":\"2017-12-19T19:51:08+00:00\",\"description\":\"Jes\u00fas realiza la promesa de Dios al rey David de una casa real perdurable. Y este reino es para los pobres de todos los pueblos.\",\"breadcrumb\":{\"@id\":\"https:\/\/vincentians.com\/es\/4-adviento-dizonreyes-casa\/#breadcrumb\"},\"inLanguage\":\"es\",\"potentialAction\":[{\"@type\":\"ReadAction\",\"target\":[\"https:\/\/vincentians.com\/es\/4-adviento-dizonreyes-casa\/\"]}]},{\"@type\":\"ImageObject\",\"inLanguage\":\"es\",\"@id\":\"https:\/\/vincentians.com\/es\/4-adviento-dizonreyes-casa\/#primaryimage\",\"url\":\"https:\/\/i0.wp.com\/vincentians.com\/es\/wp-content\/uploads\/sites\/11\/2016\/07\/reflexiones-ross.jpg?fit=1200%2C630&ssl=1\",\"contentUrl\":\"https:\/\/i0.wp.com\/vincentians.com\/es\/wp-content\/uploads\/sites\/11\/2016\/07\/reflexiones-ross.jpg?fit=1200%2C630&ssl=1\",\"width\":1200,\"height\":630},{\"@type\":\"BreadcrumbList\",\"@id\":\"https:\/\/vincentians.com\/es\/4-adviento-dizonreyes-casa\/#breadcrumb\",\"itemListElement\":[{\"@type\":\"ListItem\",\"position\":1,\"name\":\"Portada\",\"item\":\"https:\/\/vincentians.com\/es\/\"},{\"@type\":\"ListItem\",\"position\":2,\"name\":\"Domingo 4\u00ba de Adviento (reflexi\u00f3n de Rosalino Dizon Reyes)\"}]},{\"@type\":\"WebSite\",\"@id\":\"https:\/\/vincentians.com\/es\/#website\",\"url\":\"https:\/\/vincentians.com\/es\/\",\"name\":\"Somos Vicencianos\",\"description\":\"Know more to serve more\",\"publisher\":{\"@id\":\"https:\/\/vincentians.com\/es\/#organization\"},\"potentialAction\":[{\"@type\":\"SearchAction\",\"target\":{\"@type\":\"EntryPoint\",\"urlTemplate\":\"https:\/\/vincentians.com\/es\/?s={search_term_string}\"},\"query-input\":{\"@type\":\"PropertyValueSpecification\",\"valueRequired\":true,\"valueName\":\"search_term_string\"}}],\"inLanguage\":\"es\"},{\"@type\":\"Organization\",\"@id\":\"https:\/\/vincentians.com\/es\/#organization\",\"name\":\"The Vincentian Network\",\"url\":\"https:\/\/vincentians.com\/es\/\",\"logo\":{\"@type\":\"ImageObject\",\"inLanguage\":\"es\",\"@id\":\"https:\/\/vincentians.com\/es\/#\/schema\/logo\/image\/\",\"url\":\"https:\/\/i1.wp.com\/vincentians.com\/es\/wp-content\/uploads\/sites\/11\/2016\/06\/Vincentian-Network-logo-big.png?fit=778%2C778\",\"contentUrl\":\"https:\/\/i1.wp.com\/vincentians.com\/es\/wp-content\/uploads\/sites\/11\/2016\/06\/Vincentian-Network-logo-big.png?fit=778%2C778\",\"width\":778,\"height\":778,\"caption\":\"The Vincentian Network\"},\"image\":{\"@id\":\"https:\/\/vincentians.com\/es\/#\/schema\/logo\/image\/\"},\"sameAs\":[\"https:\/\/www.facebook.com\/WeAreVincentians\/\",\"https:\/\/x.com\/WeVincentians\"]},{\"@type\":\"Person\",\"@id\":\"https:\/\/vincentians.com\/es\/#\/schema\/person\/6b250b52a52e7af2128e08c36145865d\",\"name\":\"Ross Reyes Dizon\",\"image\":{\"@type\":\"ImageObject\",\"inLanguage\":\"es\",\"@id\":\"https:\/\/vincentians.com\/es\/#\/schema\/person\/image\/\",\"url\":\"https:\/\/secure.gravatar.com\/avatar\/84437f3208f798bde5b9b066b0f340b70134675aa8c7b7ec4464b9808a05c195?s=96&d=mm&r=g\",\"contentUrl\":\"https:\/\/secure.gravatar.com\/avatar\/84437f3208f798bde5b9b066b0f340b70134675aa8c7b7ec4464b9808a05c195?s=96&d=mm&r=g\",\"caption\":\"Ross Reyes Dizon\"},\"description\":\"Ross owes his formation to Filipino, Spanish and U.S. Vincentian missionaries. A native of the Philippines, he now lives in Vallejo, California, with his wife Melody. They have two grown-up sons, Vincent and Justin, and are full-time babysitters to grandchildren, Maximilian Fr\u00e9d\u00e9ric and Vivianna Louise. Ross volunteers at Margaret Todd Senior Center, Novato, California, teaching a free weekly citizenship class for mostly Spanish-speakers.\",\"url\":\"https:\/\/vincentians.com\/es\/author\/rosalino\/\"}]}<\/script>\n<!-- \/ Yoast SEO plugin. -->","yoast_head_json":{"title":"Domingo 4\u00ba de Adviento (reflexi\u00f3n de Rosalino Dizon Reyes) - Somos Vicencianos","description":"Jes\u00fas realiza la promesa de Dios al rey David de una casa real perdurable. Y este reino es para los pobres de todos los pueblos.","robots":{"index":"index","follow":"follow","max-snippet":"max-snippet:-1","max-image-preview":"max-image-preview:large","max-video-preview":"max-video-preview:-1"},"canonical":"https:\/\/vincentians.com\/es\/4-adviento-dizonreyes-casa\/","og_locale":"es_ES","og_type":"article","og_title":"Domingo 4\u00ba de Adviento (reflexi\u00f3n de Rosalino Dizon Reyes) - Somos Vicencianos","og_description":"Jes\u00fas realiza la promesa de Dios al rey David de una casa real perdurable. Y este reino es para los pobres de todos los pueblos.","og_url":"https:\/\/vincentians.com\/es\/4-adviento-dizonreyes-casa\/","og_site_name":"Somos Vicencianos","article_publisher":"https:\/\/www.facebook.com\/WeAreVincentians\/","article_published_time":"2017-12-19T19:00:12+00:00","article_modified_time":"2017-12-19T19:51:08+00:00","og_image":[{"width":1200,"height":630,"url":"https:\/\/i0.wp.com\/vincentians.com\/es\/wp-content\/uploads\/sites\/11\/2016\/07\/reflexiones-ross.jpg?fit=1200%2C630&ssl=1","type":"image\/jpeg"}],"author":"Ross Reyes Dizon","twitter_card":"summary_large_image","twitter_creator":"@WeVincentians","twitter_site":"@WeVincentians","twitter_misc":{"Escrito por":"Ross Reyes Dizon","Tiempo de lectura":"2 minutos"},"schema":{"@context":"https:\/\/schema.org","@graph":[{"@type":"Article","@id":"https:\/\/vincentians.com\/es\/4-adviento-dizonreyes-casa\/#article","isPartOf":{"@id":"https:\/\/vincentians.com\/es\/4-adviento-dizonreyes-casa\/"},"author":{"name":"Ross Reyes Dizon","@id":"https:\/\/vincentians.com\/es\/#\/schema\/person\/6b250b52a52e7af2128e08c36145865d"},"headline":"Domingo 4\u00ba de Adviento (reflexi\u00f3n de Rosalino Dizon Reyes)","datePublished":"2017-12-19T19:00:12+00:00","dateModified":"2017-12-19T19:51:08+00:00","mainEntityOfPage":{"@id":"https:\/\/vincentians.com\/es\/4-adviento-dizonreyes-casa\/"},"wordCount":487,"commentCount":0,"publisher":{"@id":"https:\/\/vincentians.com\/es\/#organization"},"image":{"@id":"https:\/\/vincentians.com\/es\/4-adviento-dizonreyes-casa\/#primaryimage"},"thumbnailUrl":"https:\/\/i0.wp.com\/vincentians.com\/es\/wp-content\/uploads\/sites\/11\/2016\/07\/reflexiones-ross.jpg?fit=1200%2C630&ssl=1","articleSection":["Homil\u00edas y reflexiones, A\u00f1o B"],"inLanguage":"es","potentialAction":[{"@type":"CommentAction","name":"Comment","target":["https:\/\/vincentians.com\/es\/4-adviento-dizonreyes-casa\/#respond"]}]},{"@type":"WebPage","@id":"https:\/\/vincentians.com\/es\/4-adviento-dizonreyes-casa\/","url":"https:\/\/vincentians.com\/es\/4-adviento-dizonreyes-casa\/","name":"Domingo 4\u00ba de Adviento (reflexi\u00f3n de Rosalino Dizon Reyes) - Somos Vicencianos","isPartOf":{"@id":"https:\/\/vincentians.com\/es\/#website"},"primaryImageOfPage":{"@id":"https:\/\/vincentians.com\/es\/4-adviento-dizonreyes-casa\/#primaryimage"},"image":{"@id":"https:\/\/vincentians.com\/es\/4-adviento-dizonreyes-casa\/#primaryimage"},"thumbnailUrl":"https:\/\/i0.wp.com\/vincentians.com\/es\/wp-content\/uploads\/sites\/11\/2016\/07\/reflexiones-ross.jpg?fit=1200%2C630&ssl=1","datePublished":"2017-12-19T19:00:12+00:00","dateModified":"2017-12-19T19:51:08+00:00","description":"Jes\u00fas realiza la promesa de Dios al rey David de una casa real perdurable. Y este reino es para los pobres de todos los pueblos.","breadcrumb":{"@id":"https:\/\/vincentians.com\/es\/4-adviento-dizonreyes-casa\/#breadcrumb"},"inLanguage":"es","potentialAction":[{"@type":"ReadAction","target":["https:\/\/vincentians.com\/es\/4-adviento-dizonreyes-casa\/"]}]},{"@type":"ImageObject","inLanguage":"es","@id":"https:\/\/vincentians.com\/es\/4-adviento-dizonreyes-casa\/#primaryimage","url":"https:\/\/i0.wp.com\/vincentians.com\/es\/wp-content\/uploads\/sites\/11\/2016\/07\/reflexiones-ross.jpg?fit=1200%2C630&ssl=1","contentUrl":"https:\/\/i0.wp.com\/vincentians.com\/es\/wp-content\/uploads\/sites\/11\/2016\/07\/reflexiones-ross.jpg?fit=1200%2C630&ssl=1","width":1200,"height":630},{"@type":"BreadcrumbList","@id":"https:\/\/vincentians.com\/es\/4-adviento-dizonreyes-casa\/#breadcrumb","itemListElement":[{"@type":"ListItem","position":1,"name":"Portada","item":"https:\/\/vincentians.com\/es\/"},{"@type":"ListItem","position":2,"name":"Domingo 4\u00ba de Adviento (reflexi\u00f3n de Rosalino Dizon Reyes)"}]},{"@type":"WebSite","@id":"https:\/\/vincentians.com\/es\/#website","url":"https:\/\/vincentians.com\/es\/","name":"Somos Vicencianos","description":"Know more to serve more","publisher":{"@id":"https:\/\/vincentians.com\/es\/#organization"},"potentialAction":[{"@type":"SearchAction","target":{"@type":"EntryPoint","urlTemplate":"https:\/\/vincentians.com\/es\/?s={search_term_string}"},"query-input":{"@type":"PropertyValueSpecification","valueRequired":true,"valueName":"search_term_string"}}],"inLanguage":"es"},{"@type":"Organization","@id":"https:\/\/vincentians.com\/es\/#organization","name":"The Vincentian Network","url":"https:\/\/vincentians.com\/es\/","logo":{"@type":"ImageObject","inLanguage":"es","@id":"https:\/\/vincentians.com\/es\/#\/schema\/logo\/image\/","url":"https:\/\/i1.wp.com\/vincentians.com\/es\/wp-content\/uploads\/sites\/11\/2016\/06\/Vincentian-Network-logo-big.png?fit=778%2C778","contentUrl":"https:\/\/i1.wp.com\/vincentians.com\/es\/wp-content\/uploads\/sites\/11\/2016\/06\/Vincentian-Network-logo-big.png?fit=778%2C778","width":778,"height":778,"caption":"The Vincentian Network"},"image":{"@id":"https:\/\/vincentians.com\/es\/#\/schema\/logo\/image\/"},"sameAs":["https:\/\/www.facebook.com\/WeAreVincentians\/","https:\/\/x.com\/WeVincentians"]},{"@type":"Person","@id":"https:\/\/vincentians.com\/es\/#\/schema\/person\/6b250b52a52e7af2128e08c36145865d","name":"Ross Reyes Dizon","image":{"@type":"ImageObject","inLanguage":"es","@id":"https:\/\/vincentians.com\/es\/#\/schema\/person\/image\/","url":"https:\/\/secure.gravatar.com\/avatar\/84437f3208f798bde5b9b066b0f340b70134675aa8c7b7ec4464b9808a05c195?s=96&d=mm&r=g","contentUrl":"https:\/\/secure.gravatar.com\/avatar\/84437f3208f798bde5b9b066b0f340b70134675aa8c7b7ec4464b9808a05c195?s=96&d=mm&r=g","caption":"Ross Reyes Dizon"},"description":"Ross owes his formation to Filipino, Spanish and U.S. Vincentian missionaries. A native of the Philippines, he now lives in Vallejo, California, with his wife Melody. They have two grown-up sons, Vincent and Justin, and are full-time babysitters to grandchildren, Maximilian Fr\u00e9d\u00e9ric and Vivianna Louise. Ross volunteers at Margaret Todd Senior Center, Novato, California, teaching a free weekly citizenship class for mostly Spanish-speakers.","url":"https:\/\/vincentians.com\/es\/author\/rosalino\/"}]}},"jetpack_publicize_connections":[],"jetpack_featured_media_url":"https:\/\/i0.wp.com\/vincentians.com\/es\/wp-content\/uploads\/sites\/11\/2016\/07\/reflexiones-ross.jpg?fit=1200%2C630&ssl=1","jetpack_sharing_enabled":true,"jetpack_shortlink":"https:\/\/wp.me\/p7ETMF-1Grp","jetpack-related-posts":[{"id":132368,"url":"https:\/\/vincentians.com\/es\/ciclo-b-domingo-4%c2%ba-de-adviento-reflexion-de-jose-roman-flecha\/","url_meta":{"origin":401475,"position":0},"title":"Ciclo B, Domingo 4\u00ba de Adviento (reflexi\u00f3n de Jos\u00e9 Rom\u00e1n Flecha)","author":"Francisco Javier Fern\u00e1ndez Chento","date":"16\/12\/2011","format":false,"excerpt":"DIOS LE DAR\u00c1 EL TRONO DE DAVID Domingo 4\u00ba de Adviento. B 18 de diciembre de 2011 La figura de David es como un diamante con muchas facetas. En la primera lectura que hoy se proclama, aparece como un rey profundamente religioso y preocupado por el culto.\u00a0 Llama al profeta\u2026","rel":"","context":"En \u00abHomil\u00edas y reflexiones, A\u00f1o B\u00bb","block_context":{"text":"Homil\u00edas y reflexiones, A\u00f1o B","link":"https:\/\/vincentians.com\/es\/category\/homilias-y-reflexiones-a-la-palabra-de-dios\/homilias-y-reflexiones-ano-b\/"},"img":{"alt_text":"","src":"https:\/\/i0.wp.com\/vincentians.com\/es\/wp-content\/uploads\/sites\/11\/2016\/07\/reflexiones-palabra-de-dios.jpg?fit=1200%2C630&ssl=1&resize=350%2C200","width":350,"height":200,"srcset":"https:\/\/i0.wp.com\/vincentians.com\/es\/wp-content\/uploads\/sites\/11\/2016\/07\/reflexiones-palabra-de-dios.jpg?fit=1200%2C630&ssl=1&resize=350%2C200 1x, https:\/\/i0.wp.com\/vincentians.com\/es\/wp-content\/uploads\/sites\/11\/2016\/07\/reflexiones-palabra-de-dios.jpg?fit=1200%2C630&ssl=1&resize=525%2C300 1.5x, https:\/\/i0.wp.com\/vincentians.com\/es\/wp-content\/uploads\/sites\/11\/2016\/07\/reflexiones-palabra-de-dios.jpg?fit=1200%2C630&ssl=1&resize=700%2C400 2x, https:\/\/i0.wp.com\/vincentians.com\/es\/wp-content\/uploads\/sites\/11\/2016\/07\/reflexiones-palabra-de-dios.jpg?fit=1200%2C630&ssl=1&resize=1050%2C600 3x"},"classes":[]},{"id":132868,"url":"https:\/\/vincentians.com\/es\/domingo-4o-de-adviento-reflexion-de-jose-roman-flecha\/","url_meta":{"origin":401475,"position":1},"title":"Domingo 4\u00ba de Adviento (reflexi\u00f3n de Jos\u00e9 Rom\u00e1n Flecha)","author":"Francisco Javier Fern\u00e1ndez Chento","date":"16\/12\/2014","format":false,"excerpt":"EL REY Y LA SIERVA Domingo 4\u00ba de Adviento. B 21 de diciembre de 2014 \"Afirmar\u00e9 despu\u00e9s de ti la descendencia que saldr\u00e1 de tus entra\u00f1as y consolidar\u00e9 el trono de su realeza. Yo ser\u00e9 para \u00e9l un padre y \u00e9l ser\u00e1 para m\u00ed un hijo\". Esa es la promesa\u2026","rel":"","context":"En \u00abHomil\u00edas y reflexiones, A\u00f1o B\u00bb","block_context":{"text":"Homil\u00edas y reflexiones, A\u00f1o B","link":"https:\/\/vincentians.com\/es\/category\/homilias-y-reflexiones-a-la-palabra-de-dios\/homilias-y-reflexiones-ano-b\/"},"img":{"alt_text":"","src":"https:\/\/i0.wp.com\/vincentians.com\/es\/wp-content\/uploads\/sites\/11\/2016\/07\/reflexiones-palabra-de-dios.jpg?fit=1200%2C630&ssl=1&resize=350%2C200","width":350,"height":200,"srcset":"https:\/\/i0.wp.com\/vincentians.com\/es\/wp-content\/uploads\/sites\/11\/2016\/07\/reflexiones-palabra-de-dios.jpg?fit=1200%2C630&ssl=1&resize=350%2C200 1x, https:\/\/i0.wp.com\/vincentians.com\/es\/wp-content\/uploads\/sites\/11\/2016\/07\/reflexiones-palabra-de-dios.jpg?fit=1200%2C630&ssl=1&resize=525%2C300 1.5x, https:\/\/i0.wp.com\/vincentians.com\/es\/wp-content\/uploads\/sites\/11\/2016\/07\/reflexiones-palabra-de-dios.jpg?fit=1200%2C630&ssl=1&resize=700%2C400 2x, https:\/\/i0.wp.com\/vincentians.com\/es\/wp-content\/uploads\/sites\/11\/2016\/07\/reflexiones-palabra-de-dios.jpg?fit=1200%2C630&ssl=1&resize=1050%2C600 3x"},"classes":[]},{"id":132366,"url":"https:\/\/vincentians.com\/es\/domingo-4o-de-adviento-reflexion-de-jose-cervantes-gabarron\/","url_meta":{"origin":401475,"position":2},"title":"Domingo 4\u00ba de Adviento (reflexi\u00f3n de Jos\u00e9 Cervantes Gabarr\u00f3n)","author":"Francisco Javier Fern\u00e1ndez Chento","date":"16\/12\/2011","format":false,"excerpt":"Colmada de gracia El cuarto domingo de adviento anuncia la celebraci\u00f3n ya muy pr\u00f3xima del nacimiento de Jes\u00fas el Mes\u00edas, el misterio de Dios proclamado como Evangelio por el ap\u00f3stol Pablo. Los evangelios nos presentan dos figuras humanas preeminentes en los preludios de la Navidad, Mar\u00eda y Jos\u00e9, de las\u2026","rel":"","context":"En \u00abHomil\u00edas y reflexiones, A\u00f1o B\u00bb","block_context":{"text":"Homil\u00edas y reflexiones, A\u00f1o B","link":"https:\/\/vincentians.com\/es\/category\/homilias-y-reflexiones-a-la-palabra-de-dios\/homilias-y-reflexiones-ano-b\/"},"img":{"alt_text":"","src":"https:\/\/i0.wp.com\/vincentians.com\/es\/wp-content\/uploads\/sites\/11\/2016\/07\/reflexiones-palabra-de-dios.jpg?fit=1200%2C630&ssl=1&resize=350%2C200","width":350,"height":200,"srcset":"https:\/\/i0.wp.com\/vincentians.com\/es\/wp-content\/uploads\/sites\/11\/2016\/07\/reflexiones-palabra-de-dios.jpg?fit=1200%2C630&ssl=1&resize=350%2C200 1x, https:\/\/i0.wp.com\/vincentians.com\/es\/wp-content\/uploads\/sites\/11\/2016\/07\/reflexiones-palabra-de-dios.jpg?fit=1200%2C630&ssl=1&resize=525%2C300 1.5x, https:\/\/i0.wp.com\/vincentians.com\/es\/wp-content\/uploads\/sites\/11\/2016\/07\/reflexiones-palabra-de-dios.jpg?fit=1200%2C630&ssl=1&resize=700%2C400 2x, https:\/\/i0.wp.com\/vincentians.com\/es\/wp-content\/uploads\/sites\/11\/2016\/07\/reflexiones-palabra-de-dios.jpg?fit=1200%2C630&ssl=1&resize=1050%2C600 3x"},"classes":[]},{"id":114701,"url":"https:\/\/vincentians.com\/es\/novena-a-la-virgen-milagrosa-2012-dia-7o\/","url_meta":{"origin":401475,"position":3},"title":"Novena a la Virgen Milagrosa 2012: D\u00eda 7\u00ba","author":"Francisco Javier Fern\u00e1ndez Chento","date":"25\/11\/2012","format":false,"excerpt":"El Reino de Dios es muy realista MONICI\u00d3N DE ENTRADA Hoy celebramos el Domingo de Jesucristo Rey del Universo, el Puente de Fraternidad entre Pamplona y la Misi\u00f3n de los Padres Pa\u00fales en Honduras, y el D\u00eda S\u00e9ptimo de la Novena a la Virgen Milagrosa. La liturgia de hoy, que\u2026","rel":"","context":"En \u00abVirgen Mar\u00eda\u00bb","block_context":{"text":"Virgen Mar\u00eda","link":"https:\/\/vincentians.com\/es\/category\/espiritualidad\/virgen-maria\/"},"img":{"alt_text":"","src":"https:\/\/i0.wp.com\/vicencianos.org\/wp-content\/2012\/11\/novena_milagrosa_2012_portada-211x300.jpg?resize=350%2C200","width":350,"height":200},"classes":[]},{"id":132898,"url":"https:\/\/vincentians.com\/es\/domingo-4o-de-adviento-reflexion-de-jose-cervantes-gabarron-2\/","url_meta":{"origin":401475,"position":4},"title":"Domingo 4\u00ba de Adviento (reflexi\u00f3n de Jos\u00e9 Cervantes Gabarr\u00f3n)","author":"Francisco Javier Fern\u00e1ndez Chento","date":"19\/12\/2014","format":false,"excerpt":"La gracia y el am\u00e9n de Mar\u00eda Ya cercana la Navidad se anuncia la\u00a0proximidad del nacimiento de Jes\u00fas\u00a0el Mes\u00edas, el misterio de Dios proclamado como Evangelio por el ap\u00f3stol Pablo. Los evangelios nos presentan dos figuras humanas preeminentes de la Navidad, Mar\u00eda y Jos\u00e9, de las cuales el evangelio de\u2026","rel":"","context":"En \u00abHomil\u00edas y reflexiones, A\u00f1o B\u00bb","block_context":{"text":"Homil\u00edas y reflexiones, A\u00f1o B","link":"https:\/\/vincentians.com\/es\/category\/homilias-y-reflexiones-a-la-palabra-de-dios\/homilias-y-reflexiones-ano-b\/"},"img":{"alt_text":"","src":"https:\/\/i0.wp.com\/vincentians.com\/es\/wp-content\/uploads\/sites\/11\/2016\/07\/reflexiones-palabra-de-dios.jpg?fit=1200%2C630&ssl=1&resize=350%2C200","width":350,"height":200,"srcset":"https:\/\/i0.wp.com\/vincentians.com\/es\/wp-content\/uploads\/sites\/11\/2016\/07\/reflexiones-palabra-de-dios.jpg?fit=1200%2C630&ssl=1&resize=350%2C200 1x, https:\/\/i0.wp.com\/vincentians.com\/es\/wp-content\/uploads\/sites\/11\/2016\/07\/reflexiones-palabra-de-dios.jpg?fit=1200%2C630&ssl=1&resize=525%2C300 1.5x, https:\/\/i0.wp.com\/vincentians.com\/es\/wp-content\/uploads\/sites\/11\/2016\/07\/reflexiones-palabra-de-dios.jpg?fit=1200%2C630&ssl=1&resize=700%2C400 2x, https:\/\/i0.wp.com\/vincentians.com\/es\/wp-content\/uploads\/sites\/11\/2016\/07\/reflexiones-palabra-de-dios.jpg?fit=1200%2C630&ssl=1&resize=1050%2C600 3x"},"classes":[]},{"id":125540,"url":"https:\/\/vincentians.com\/es\/novena-a-la-virgen-milagrosa-2013-dia-sexto\/","url_meta":{"origin":401475,"position":5},"title":"Novena a la Virgen Milagrosa 2013: D\u00eda sexto","author":"Francisco Javier Fern\u00e1ndez Chento","date":"24\/11\/2013","format":false,"excerpt":"Siembra en nuestra fe la ALEGR\u00cdA DEL RESUCITADO. (Solemnidad de Cristo Rey) Clausura del A\u00f1o de la Fe - D\u00eda de la misi\u00f3n de Honduras MONICI\u00d3N DE ENTRADA Bienvenidos a la celebraci\u00f3n de la solemnidad de Cristo Rey. Jes\u00fas entra en Jerusal\u00e9n para morir en la cruz, pero tambi\u00e9n para\u2026","rel":"","context":"En \u00abVirgen Mar\u00eda\u00bb","block_context":{"text":"Virgen Mar\u00eda","link":"https:\/\/vincentians.com\/es\/category\/espiritualidad\/virgen-maria\/"},"img":{"alt_text":"Milagrosa_Pamplona_2013","src":"https:\/\/i0.wp.com\/vicencianos.org\/wp-content\/2012\/11\/Milagrosa_Pamplona_2013-201x300.jpg?resize=350%2C200","width":350,"height":200},"classes":[]}],"_links":{"self":[{"href":"https:\/\/vincentians.com\/es\/wp-json\/wp\/v2\/posts\/401475","targetHints":{"allow":["GET"]}}],"collection":[{"href":"https:\/\/vincentians.com\/es\/wp-json\/wp\/v2\/posts"}],"about":[{"href":"https:\/\/vincentians.com\/es\/wp-json\/wp\/v2\/types\/post"}],"author":[{"embeddable":true,"href":"https:\/\/vincentians.com\/es\/wp-json\/wp\/v2\/users\/3"}],"replies":[{"embeddable":true,"href":"https:\/\/vincentians.com\/es\/wp-json\/wp\/v2\/comments?post=401475"}],"version-history":[{"count":4,"href":"https:\/\/vincentians.com\/es\/wp-json\/wp\/v2\/posts\/401475\/revisions"}],"predecessor-version":[{"id":401479,"href":"https:\/\/vincentians.com\/es\/wp-json\/wp\/v2\/posts\/401475\/revisions\/401479"}],"wp:featuredmedia":[{"embeddable":true,"href":"https:\/\/vincentians.com\/es\/wp-json\/wp\/v2\/media\/388397"}],"wp:attachment":[{"href":"https:\/\/vincentians.com\/es\/wp-json\/wp\/v2\/media?parent=401475"}],"wp:term":[{"taxonomy":"category","embeddable":true,"href":"https:\/\/vincentians.com\/es\/wp-json\/wp\/v2\/categories?post=401475"},{"taxonomy":"post_tag","embeddable":true,"href":"https:\/\/vincentians.com\/es\/wp-json\/wp\/v2\/tags?post=401475"}],"curies":[{"name":"wp","href":"https:\/\/api.w.org\/{rel}","templated":true}]}}