{"id":401470,"date":"2017-12-12T20:00:32","date_gmt":"2017-12-12T19:00:32","guid":{"rendered":"http:\/\/vincentians.com\/es\/?p=401470"},"modified":"2017-12-12T08:15:01","modified_gmt":"2017-12-12T07:15:01","slug":"domingo-3-adviento-dizonreyes-testimonio","status":"publish","type":"post","link":"https:\/\/vincentians.com\/es\/domingo-3-adviento-dizonreyes-testimonio\/","title":{"rendered":"Domingo 3\u00ba de Adviento (reflexi\u00f3n de Rosalino Dizon Reyes)"},"content":{"rendered":"<p><em>Testimonio humilde y valiente a la vez<\/em><\/p>\n<h3><strong>Jes\u00fas, el Verbo encarnado, es la luz que alumbra a todo hombre.\u00a0 Los cristianos se acreditan por el testimonio humilde y valiente que dan de \u00e9l.<\/strong><\/h3>\n<p>Esta vez, queda presentado Juan Bautista como un deponente en un proceso judicial.\u00a0 Es que Juan da testimonio en favor de Jes\u00fas, lo que indica que el enjuiciado es Jes\u00fas.<\/p>\n<p>Pero no por ser mero testigo se salva Juan de los inquisidores.\u00a0 A todo testigo, claro, se le somete al interrogatorio y contrainterrogatorio.\u00a0 As\u00ed pues, el testigo de Jes\u00fas contesta las preguntas y las objecciones de los investigadores.<\/p>\n<p>Y contesta Juan sin reservas.\u00a0 Pero no le basta con esto.\u00a0 Pues al final, se vuelve acusador el que da testimonio de Jes\u00fas.\u00a0 Dice Juan a los interrogadores:\u00a0 \u00abEn medio de vosotros hay uno que no conoc\u00e9is\u00bb.<\/p>\n<p>En otras palabras, el Bautista acusa a los supuestos sabios y entendidos de desconocer a Jesucristo.\u00a0 Y considerando lo dicho en Dt 25, 9 y Rut 4, 7 sobre la sandalia, descubrimos un sentido m\u00e1s.\u00a0 Es decir, declar\u00e1ndose indigno de desatarle a Jes\u00fas las sandalias, Juan afirma, en efecto, que Jes\u00fas no es un incumplidor.\u00a0 Y les da a entender asimismo a los inquisidores que Jes\u00fas es quien tiene el derecho.<\/p>\n<h4><strong><em>Los seguidores de Jes\u00fas se acreditan por el testimonio humilde y valiente que dan de \u00e9l.<\/em><\/strong><\/h4>\n<p>Tambi\u00e9n hoy en d\u00eda sigue siendo enjuiciado Jes\u00fas.\u00a0 Y cuenta \u00e9l con sus seguidores para dar testimonio de \u00e9l, lo que, claro, supone conocimiento de Jes\u00fas.<\/p>\n<p>Los aut\u00e9nticos testigos de Jes\u00fas le conocen, s\u00ed, \u00edntima y personalmente, no de o\u00eddas solo.\u00a0 Arden sus corazones mientras les habla \u00e9l mediante las Escrituras.\u00a0 Lo ven con sus propios ojos en la fracci\u00f3n del pan.\u00a0 Inhalando y exhalando a Jesucristo, exhortan a los dem\u00e1s, dici\u00e9ndoles, al estilo de san Vicente de Pa\u00fal (<a href=\"http:\/\/via.library.depaul.edu\/cgi\/viewcontent.cgi?article=1000&amp;context=coste_sp\">SV.ES I:320<\/a>):<\/p>\n<blockquote><p>Acu\u00e9rdense de que vivimos en Jesucristo por la muerte de Jesucristo, y que hemos de morir en Jesucristo por la vida de Jesucristo, y que nuestra vida tiene que estar occulta en Jesucristo y llena de Jesucristo, y que, para morir como Jesucristo, hay que vivir como Jesucristo.<\/p><\/blockquote>\n<p>Los ense\u00f1ados y guidados por el Esp\u00edritu de la verdad tambi\u00e9n explican al desesperado la raz\u00f3n de su alegre esperanza.\u00a0 As\u00ed dan testimonio de que el Verbo encarnado habita entre ellos.\u00a0 No le hacen caso, pues, al incr\u00e9dulo que les repite burlonamente en momentos dif\u00edciles:\u00a0 \u00ab\u00bfD\u00f3nde est\u00e1 vuestro Dios?\u00bb.\u00a0 Adem\u00e1s, dan testimonio valiente de la verdad alumbradora ante l\u00edderes que socavan las instituciones democr\u00e1ticas con sus maldiciones, mentiras, amenazas.<\/p>\n<p>Y conocen a Jes\u00fas como el Evangelizador de los pobres.\u00a0 Por eso, les echan en cara a los pol\u00edticos, sumisos a los ricos pero indiferentes a los pobres, su injusticia y su desconocimiento.<\/p>\n<h4><strong><em>Se\u00f1or Jes\u00fas, haz que demos testimonio humilde y valiente de ti, a fin de que los dem\u00e1s vengan a la fe.<\/em><\/strong><\/h4>\n<p>17 Diciembre 2017<br \/>\nDomingo 3<span style=\"float: none;background-color: transparent;color: #333333;cursor: text;font-family: Georgia,'Times New Roman','Bitstream Charter',Times,serif;font-size: 16px;font-style: normal;font-variant: normal;font-weight: 400;letter-spacing: normal;line-height: 24px;text-align: left;text-decoration: none;text-indent: 0px\">\u00ba<\/span> de Adviento (B)<br \/>\nIs 61, 1-2a. 10-11; 1 Tes 5, 16-27; Jn 1, 6-8. 19-21<\/p>\n","protected":false},"excerpt":{"rendered":"<p>Testimonio humilde y valiente a la vez Jes\u00fas, el Verbo encarnado, es la luz que alumbra a todo hombre.\u00a0 Los cristianos se acreditan por el testimonio humilde y valiente que dan de \u00e9l. Esta vez, &#8230; <a href=\"https:\/\/vincentians.com\/es\/domingo-3-adviento-dizonreyes-testimonio\/\" class=\"more-link\">Read More<\/a><\/p>\n","protected":false},"author":3,"featured_media":388397,"comment_status":"open","ping_status":"open","sticky":false,"template":"","format":"standard","meta":{"jetpack_post_was_ever_published":false,"_jetpack_newsletter_access":"","_jetpack_dont_email_post_to_subs":false,"_jetpack_newsletter_tier_id":0,"_jetpack_memberships_contains_paywalled_content":false,"_jetpack_memberships_contains_paid_content":false,"footnotes":"","jetpack_publicize_message":"","jetpack_publicize_feature_enabled":true,"jetpack_social_post_already_shared":true,"jetpack_social_options":{"image_generator_settings":{"template":"highway","default_image_id":0,"font":"","enabled":false},"version":2}},"categories":[93],"tags":[],"class_list":["post-401470","post","type-post","status-publish","format-standard","has-post-thumbnail","hentry","category-homilias-y-reflexiones-ano-b"],"yoast_head":"<!-- This site is optimized with the Yoast SEO plugin v26.3 - https:\/\/yoast.com\/wordpress\/plugins\/seo\/ -->\n<title>Domingo 3\u00ba de Adviento (reflexi\u00f3n de Rosalino Dizon Reyes) - Somos Vicencianos<\/title>\n<meta name=\"description\" content=\"Jes\u00fas, el Verbo encarnado, es la luz que alumbra a todo hombre. Los cristianos se acreditan por el testimonio humilde y valiente que dan de \u00e9l.\" \/>\n<meta name=\"robots\" content=\"index, follow, max-snippet:-1, max-image-preview:large, max-video-preview:-1\" \/>\n<link rel=\"canonical\" href=\"https:\/\/vincentians.com\/es\/domingo-3-adviento-dizonreyes-testimonio\/\" \/>\n<meta property=\"og:locale\" content=\"es_ES\" \/>\n<meta property=\"og:type\" content=\"article\" \/>\n<meta property=\"og:title\" content=\"Domingo 3\u00ba de Adviento (reflexi\u00f3n de Rosalino Dizon Reyes) - Somos Vicencianos\" \/>\n<meta property=\"og:description\" content=\"Jes\u00fas, el Verbo encarnado, es la luz que alumbra a todo hombre. Los cristianos se acreditan por el testimonio humilde y valiente que dan de \u00e9l.\" \/>\n<meta property=\"og:url\" content=\"https:\/\/vincentians.com\/es\/domingo-3-adviento-dizonreyes-testimonio\/\" \/>\n<meta property=\"og:site_name\" content=\"Somos Vicencianos\" \/>\n<meta property=\"article:publisher\" content=\"https:\/\/www.facebook.com\/WeAreVincentians\/\" \/>\n<meta property=\"article:published_time\" content=\"2017-12-12T19:00:32+00:00\" \/>\n<meta property=\"og:image\" content=\"https:\/\/i0.wp.com\/vincentians.com\/es\/wp-content\/uploads\/sites\/11\/2016\/07\/reflexiones-ross.jpg?fit=1200%2C630&ssl=1\" \/>\n\t<meta property=\"og:image:width\" content=\"1200\" \/>\n\t<meta property=\"og:image:height\" content=\"630\" \/>\n\t<meta property=\"og:image:type\" content=\"image\/jpeg\" \/>\n<meta name=\"author\" content=\"Ross Reyes Dizon\" \/>\n<meta name=\"twitter:card\" content=\"summary_large_image\" \/>\n<meta name=\"twitter:creator\" content=\"@WeVincentians\" \/>\n<meta name=\"twitter:site\" content=\"@WeVincentians\" \/>\n<meta name=\"twitter:label1\" content=\"Escrito por\" \/>\n\t<meta name=\"twitter:data1\" content=\"Ross Reyes Dizon\" \/>\n\t<meta name=\"twitter:label2\" content=\"Tiempo de lectura\" \/>\n\t<meta name=\"twitter:data2\" content=\"3 minutos\" \/>\n<script type=\"application\/ld+json\" class=\"yoast-schema-graph\">{\"@context\":\"https:\/\/schema.org\",\"@graph\":[{\"@type\":\"Article\",\"@id\":\"https:\/\/vincentians.com\/es\/domingo-3-adviento-dizonreyes-testimonio\/#article\",\"isPartOf\":{\"@id\":\"https:\/\/vincentians.com\/es\/domingo-3-adviento-dizonreyes-testimonio\/\"},\"author\":{\"name\":\"Ross Reyes Dizon\",\"@id\":\"https:\/\/vincentians.com\/es\/#\/schema\/person\/6b250b52a52e7af2128e08c36145865d\"},\"headline\":\"Domingo 3\u00ba de Adviento (reflexi\u00f3n de Rosalino Dizon Reyes)\",\"datePublished\":\"2017-12-12T19:00:32+00:00\",\"mainEntityOfPage\":{\"@id\":\"https:\/\/vincentians.com\/es\/domingo-3-adviento-dizonreyes-testimonio\/\"},\"wordCount\":536,\"commentCount\":0,\"publisher\":{\"@id\":\"https:\/\/vincentians.com\/es\/#organization\"},\"image\":{\"@id\":\"https:\/\/vincentians.com\/es\/domingo-3-adviento-dizonreyes-testimonio\/#primaryimage\"},\"thumbnailUrl\":\"https:\/\/i0.wp.com\/vincentians.com\/es\/wp-content\/uploads\/sites\/11\/2016\/07\/reflexiones-ross.jpg?fit=1200%2C630&ssl=1\",\"articleSection\":[\"Homil\u00edas y reflexiones, A\u00f1o B\"],\"inLanguage\":\"es\",\"potentialAction\":[{\"@type\":\"CommentAction\",\"name\":\"Comment\",\"target\":[\"https:\/\/vincentians.com\/es\/domingo-3-adviento-dizonreyes-testimonio\/#respond\"]}]},{\"@type\":\"WebPage\",\"@id\":\"https:\/\/vincentians.com\/es\/domingo-3-adviento-dizonreyes-testimonio\/\",\"url\":\"https:\/\/vincentians.com\/es\/domingo-3-adviento-dizonreyes-testimonio\/\",\"name\":\"Domingo 3\u00ba de Adviento (reflexi\u00f3n de Rosalino Dizon Reyes) - Somos Vicencianos\",\"isPartOf\":{\"@id\":\"https:\/\/vincentians.com\/es\/#website\"},\"primaryImageOfPage\":{\"@id\":\"https:\/\/vincentians.com\/es\/domingo-3-adviento-dizonreyes-testimonio\/#primaryimage\"},\"image\":{\"@id\":\"https:\/\/vincentians.com\/es\/domingo-3-adviento-dizonreyes-testimonio\/#primaryimage\"},\"thumbnailUrl\":\"https:\/\/i0.wp.com\/vincentians.com\/es\/wp-content\/uploads\/sites\/11\/2016\/07\/reflexiones-ross.jpg?fit=1200%2C630&ssl=1\",\"datePublished\":\"2017-12-12T19:00:32+00:00\",\"description\":\"Jes\u00fas, el Verbo encarnado, es la luz que alumbra a todo hombre. Los cristianos se acreditan por el testimonio humilde y valiente que dan de \u00e9l.\",\"breadcrumb\":{\"@id\":\"https:\/\/vincentians.com\/es\/domingo-3-adviento-dizonreyes-testimonio\/#breadcrumb\"},\"inLanguage\":\"es\",\"potentialAction\":[{\"@type\":\"ReadAction\",\"target\":[\"https:\/\/vincentians.com\/es\/domingo-3-adviento-dizonreyes-testimonio\/\"]}]},{\"@type\":\"ImageObject\",\"inLanguage\":\"es\",\"@id\":\"https:\/\/vincentians.com\/es\/domingo-3-adviento-dizonreyes-testimonio\/#primaryimage\",\"url\":\"https:\/\/i0.wp.com\/vincentians.com\/es\/wp-content\/uploads\/sites\/11\/2016\/07\/reflexiones-ross.jpg?fit=1200%2C630&ssl=1\",\"contentUrl\":\"https:\/\/i0.wp.com\/vincentians.com\/es\/wp-content\/uploads\/sites\/11\/2016\/07\/reflexiones-ross.jpg?fit=1200%2C630&ssl=1\",\"width\":1200,\"height\":630},{\"@type\":\"BreadcrumbList\",\"@id\":\"https:\/\/vincentians.com\/es\/domingo-3-adviento-dizonreyes-testimonio\/#breadcrumb\",\"itemListElement\":[{\"@type\":\"ListItem\",\"position\":1,\"name\":\"Portada\",\"item\":\"https:\/\/vincentians.com\/es\/\"},{\"@type\":\"ListItem\",\"position\":2,\"name\":\"Domingo 3\u00ba de Adviento (reflexi\u00f3n de Rosalino Dizon Reyes)\"}]},{\"@type\":\"WebSite\",\"@id\":\"https:\/\/vincentians.com\/es\/#website\",\"url\":\"https:\/\/vincentians.com\/es\/\",\"name\":\"Somos Vicencianos\",\"description\":\"Know more to serve more\",\"publisher\":{\"@id\":\"https:\/\/vincentians.com\/es\/#organization\"},\"potentialAction\":[{\"@type\":\"SearchAction\",\"target\":{\"@type\":\"EntryPoint\",\"urlTemplate\":\"https:\/\/vincentians.com\/es\/?s={search_term_string}\"},\"query-input\":{\"@type\":\"PropertyValueSpecification\",\"valueRequired\":true,\"valueName\":\"search_term_string\"}}],\"inLanguage\":\"es\"},{\"@type\":\"Organization\",\"@id\":\"https:\/\/vincentians.com\/es\/#organization\",\"name\":\"The Vincentian Network\",\"url\":\"https:\/\/vincentians.com\/es\/\",\"logo\":{\"@type\":\"ImageObject\",\"inLanguage\":\"es\",\"@id\":\"https:\/\/vincentians.com\/es\/#\/schema\/logo\/image\/\",\"url\":\"https:\/\/i1.wp.com\/vincentians.com\/es\/wp-content\/uploads\/sites\/11\/2016\/06\/Vincentian-Network-logo-big.png?fit=778%2C778\",\"contentUrl\":\"https:\/\/i1.wp.com\/vincentians.com\/es\/wp-content\/uploads\/sites\/11\/2016\/06\/Vincentian-Network-logo-big.png?fit=778%2C778\",\"width\":778,\"height\":778,\"caption\":\"The Vincentian Network\"},\"image\":{\"@id\":\"https:\/\/vincentians.com\/es\/#\/schema\/logo\/image\/\"},\"sameAs\":[\"https:\/\/www.facebook.com\/WeAreVincentians\/\",\"https:\/\/x.com\/WeVincentians\"]},{\"@type\":\"Person\",\"@id\":\"https:\/\/vincentians.com\/es\/#\/schema\/person\/6b250b52a52e7af2128e08c36145865d\",\"name\":\"Ross Reyes Dizon\",\"image\":{\"@type\":\"ImageObject\",\"inLanguage\":\"es\",\"@id\":\"https:\/\/vincentians.com\/es\/#\/schema\/person\/image\/\",\"url\":\"https:\/\/secure.gravatar.com\/avatar\/84437f3208f798bde5b9b066b0f340b70134675aa8c7b7ec4464b9808a05c195?s=96&d=mm&r=g\",\"contentUrl\":\"https:\/\/secure.gravatar.com\/avatar\/84437f3208f798bde5b9b066b0f340b70134675aa8c7b7ec4464b9808a05c195?s=96&d=mm&r=g\",\"caption\":\"Ross Reyes Dizon\"},\"description\":\"Ross owes his formation to Filipino, Spanish and U.S. Vincentian missionaries. A native of the Philippines, he now lives in Vallejo, California, with his wife Melody. They have two grown-up sons, Vincent and Justin, and are full-time babysitters to grandchildren, Maximilian Fr\u00e9d\u00e9ric and Vivianna Louise. Ross volunteers at Margaret Todd Senior Center, Novato, California, teaching a free weekly citizenship class for mostly Spanish-speakers.\",\"url\":\"https:\/\/vincentians.com\/es\/author\/rosalino\/\"}]}<\/script>\n<!-- \/ Yoast SEO plugin. -->","yoast_head_json":{"title":"Domingo 3\u00ba de Adviento (reflexi\u00f3n de Rosalino Dizon Reyes) - Somos Vicencianos","description":"Jes\u00fas, el Verbo encarnado, es la luz que alumbra a todo hombre. Los cristianos se acreditan por el testimonio humilde y valiente que dan de \u00e9l.","robots":{"index":"index","follow":"follow","max-snippet":"max-snippet:-1","max-image-preview":"max-image-preview:large","max-video-preview":"max-video-preview:-1"},"canonical":"https:\/\/vincentians.com\/es\/domingo-3-adviento-dizonreyes-testimonio\/","og_locale":"es_ES","og_type":"article","og_title":"Domingo 3\u00ba de Adviento (reflexi\u00f3n de Rosalino Dizon Reyes) - Somos Vicencianos","og_description":"Jes\u00fas, el Verbo encarnado, es la luz que alumbra a todo hombre. Los cristianos se acreditan por el testimonio humilde y valiente que dan de \u00e9l.","og_url":"https:\/\/vincentians.com\/es\/domingo-3-adviento-dizonreyes-testimonio\/","og_site_name":"Somos Vicencianos","article_publisher":"https:\/\/www.facebook.com\/WeAreVincentians\/","article_published_time":"2017-12-12T19:00:32+00:00","og_image":[{"width":1200,"height":630,"url":"https:\/\/i0.wp.com\/vincentians.com\/es\/wp-content\/uploads\/sites\/11\/2016\/07\/reflexiones-ross.jpg?fit=1200%2C630&ssl=1","type":"image\/jpeg"}],"author":"Ross Reyes Dizon","twitter_card":"summary_large_image","twitter_creator":"@WeVincentians","twitter_site":"@WeVincentians","twitter_misc":{"Escrito por":"Ross Reyes Dizon","Tiempo de lectura":"3 minutos"},"schema":{"@context":"https:\/\/schema.org","@graph":[{"@type":"Article","@id":"https:\/\/vincentians.com\/es\/domingo-3-adviento-dizonreyes-testimonio\/#article","isPartOf":{"@id":"https:\/\/vincentians.com\/es\/domingo-3-adviento-dizonreyes-testimonio\/"},"author":{"name":"Ross Reyes Dizon","@id":"https:\/\/vincentians.com\/es\/#\/schema\/person\/6b250b52a52e7af2128e08c36145865d"},"headline":"Domingo 3\u00ba de Adviento (reflexi\u00f3n de Rosalino Dizon Reyes)","datePublished":"2017-12-12T19:00:32+00:00","mainEntityOfPage":{"@id":"https:\/\/vincentians.com\/es\/domingo-3-adviento-dizonreyes-testimonio\/"},"wordCount":536,"commentCount":0,"publisher":{"@id":"https:\/\/vincentians.com\/es\/#organization"},"image":{"@id":"https:\/\/vincentians.com\/es\/domingo-3-adviento-dizonreyes-testimonio\/#primaryimage"},"thumbnailUrl":"https:\/\/i0.wp.com\/vincentians.com\/es\/wp-content\/uploads\/sites\/11\/2016\/07\/reflexiones-ross.jpg?fit=1200%2C630&ssl=1","articleSection":["Homil\u00edas y reflexiones, A\u00f1o B"],"inLanguage":"es","potentialAction":[{"@type":"CommentAction","name":"Comment","target":["https:\/\/vincentians.com\/es\/domingo-3-adviento-dizonreyes-testimonio\/#respond"]}]},{"@type":"WebPage","@id":"https:\/\/vincentians.com\/es\/domingo-3-adviento-dizonreyes-testimonio\/","url":"https:\/\/vincentians.com\/es\/domingo-3-adviento-dizonreyes-testimonio\/","name":"Domingo 3\u00ba de Adviento (reflexi\u00f3n de Rosalino Dizon Reyes) - Somos Vicencianos","isPartOf":{"@id":"https:\/\/vincentians.com\/es\/#website"},"primaryImageOfPage":{"@id":"https:\/\/vincentians.com\/es\/domingo-3-adviento-dizonreyes-testimonio\/#primaryimage"},"image":{"@id":"https:\/\/vincentians.com\/es\/domingo-3-adviento-dizonreyes-testimonio\/#primaryimage"},"thumbnailUrl":"https:\/\/i0.wp.com\/vincentians.com\/es\/wp-content\/uploads\/sites\/11\/2016\/07\/reflexiones-ross.jpg?fit=1200%2C630&ssl=1","datePublished":"2017-12-12T19:00:32+00:00","description":"Jes\u00fas, el Verbo encarnado, es la luz que alumbra a todo hombre. Los cristianos se acreditan por el testimonio humilde y valiente que dan de \u00e9l.","breadcrumb":{"@id":"https:\/\/vincentians.com\/es\/domingo-3-adviento-dizonreyes-testimonio\/#breadcrumb"},"inLanguage":"es","potentialAction":[{"@type":"ReadAction","target":["https:\/\/vincentians.com\/es\/domingo-3-adviento-dizonreyes-testimonio\/"]}]},{"@type":"ImageObject","inLanguage":"es","@id":"https:\/\/vincentians.com\/es\/domingo-3-adviento-dizonreyes-testimonio\/#primaryimage","url":"https:\/\/i0.wp.com\/vincentians.com\/es\/wp-content\/uploads\/sites\/11\/2016\/07\/reflexiones-ross.jpg?fit=1200%2C630&ssl=1","contentUrl":"https:\/\/i0.wp.com\/vincentians.com\/es\/wp-content\/uploads\/sites\/11\/2016\/07\/reflexiones-ross.jpg?fit=1200%2C630&ssl=1","width":1200,"height":630},{"@type":"BreadcrumbList","@id":"https:\/\/vincentians.com\/es\/domingo-3-adviento-dizonreyes-testimonio\/#breadcrumb","itemListElement":[{"@type":"ListItem","position":1,"name":"Portada","item":"https:\/\/vincentians.com\/es\/"},{"@type":"ListItem","position":2,"name":"Domingo 3\u00ba de Adviento (reflexi\u00f3n de Rosalino Dizon Reyes)"}]},{"@type":"WebSite","@id":"https:\/\/vincentians.com\/es\/#website","url":"https:\/\/vincentians.com\/es\/","name":"Somos Vicencianos","description":"Know more to serve more","publisher":{"@id":"https:\/\/vincentians.com\/es\/#organization"},"potentialAction":[{"@type":"SearchAction","target":{"@type":"EntryPoint","urlTemplate":"https:\/\/vincentians.com\/es\/?s={search_term_string}"},"query-input":{"@type":"PropertyValueSpecification","valueRequired":true,"valueName":"search_term_string"}}],"inLanguage":"es"},{"@type":"Organization","@id":"https:\/\/vincentians.com\/es\/#organization","name":"The Vincentian Network","url":"https:\/\/vincentians.com\/es\/","logo":{"@type":"ImageObject","inLanguage":"es","@id":"https:\/\/vincentians.com\/es\/#\/schema\/logo\/image\/","url":"https:\/\/i1.wp.com\/vincentians.com\/es\/wp-content\/uploads\/sites\/11\/2016\/06\/Vincentian-Network-logo-big.png?fit=778%2C778","contentUrl":"https:\/\/i1.wp.com\/vincentians.com\/es\/wp-content\/uploads\/sites\/11\/2016\/06\/Vincentian-Network-logo-big.png?fit=778%2C778","width":778,"height":778,"caption":"The Vincentian Network"},"image":{"@id":"https:\/\/vincentians.com\/es\/#\/schema\/logo\/image\/"},"sameAs":["https:\/\/www.facebook.com\/WeAreVincentians\/","https:\/\/x.com\/WeVincentians"]},{"@type":"Person","@id":"https:\/\/vincentians.com\/es\/#\/schema\/person\/6b250b52a52e7af2128e08c36145865d","name":"Ross Reyes Dizon","image":{"@type":"ImageObject","inLanguage":"es","@id":"https:\/\/vincentians.com\/es\/#\/schema\/person\/image\/","url":"https:\/\/secure.gravatar.com\/avatar\/84437f3208f798bde5b9b066b0f340b70134675aa8c7b7ec4464b9808a05c195?s=96&d=mm&r=g","contentUrl":"https:\/\/secure.gravatar.com\/avatar\/84437f3208f798bde5b9b066b0f340b70134675aa8c7b7ec4464b9808a05c195?s=96&d=mm&r=g","caption":"Ross Reyes Dizon"},"description":"Ross owes his formation to Filipino, Spanish and U.S. Vincentian missionaries. A native of the Philippines, he now lives in Vallejo, California, with his wife Melody. They have two grown-up sons, Vincent and Justin, and are full-time babysitters to grandchildren, Maximilian Fr\u00e9d\u00e9ric and Vivianna Louise. Ross volunteers at Margaret Todd Senior Center, Novato, California, teaching a free weekly citizenship class for mostly Spanish-speakers.","url":"https:\/\/vincentians.com\/es\/author\/rosalino\/"}]}},"jetpack_publicize_connections":[],"jetpack_featured_media_url":"https:\/\/i0.wp.com\/vincentians.com\/es\/wp-content\/uploads\/sites\/11\/2016\/07\/reflexiones-ross.jpg?fit=1200%2C630&ssl=1","jetpack_sharing_enabled":true,"jetpack_shortlink":"https:\/\/wp.me\/p7ETMF-1Grk","jetpack-related-posts":[{"id":142760,"url":"https:\/\/vincentians.com\/es\/domingo-de-resurreccion-reflexion-de-jose-roman-flecha-3\/","url_meta":{"origin":401470,"position":0},"title":"Domingo de Resurrecci\u00f3n (reflexi\u00f3n de Jos\u00e9 Rom\u00e1n Flecha)","author":"Francisco Javier Fern\u00e1ndez Chento","date":"31\/03\/2015","format":false,"excerpt":"EL D\u00cdA DEL TESTIMONIO Domingo de Pascua de la Resurrecci\u00f3n del Se\u00f1or. B. 5 de abril de 2015 \u201cDios lo resucit\u00f3 al tercer d\u00eda y nos lo hizo ver, no a todo el pueblo sino a los testigos que \u00e9l hab\u00eda designado: a nosotros que hemos comido y bebido con\u2026","rel":"","context":"En \u00abHomil\u00edas y reflexiones, A\u00f1o B\u00bb","block_context":{"text":"Homil\u00edas y reflexiones, A\u00f1o B","link":"https:\/\/vincentians.com\/es\/category\/homilias-y-reflexiones-a-la-palabra-de-dios\/homilias-y-reflexiones-ano-b\/"},"img":{"alt_text":"","src":"https:\/\/i0.wp.com\/vincentians.com\/es\/wp-content\/uploads\/sites\/11\/2016\/07\/reflexiones-palabra-de-dios.jpg?fit=1200%2C630&ssl=1&resize=350%2C200","width":350,"height":200,"srcset":"https:\/\/i0.wp.com\/vincentians.com\/es\/wp-content\/uploads\/sites\/11\/2016\/07\/reflexiones-palabra-de-dios.jpg?fit=1200%2C630&ssl=1&resize=350%2C200 1x, https:\/\/i0.wp.com\/vincentians.com\/es\/wp-content\/uploads\/sites\/11\/2016\/07\/reflexiones-palabra-de-dios.jpg?fit=1200%2C630&ssl=1&resize=525%2C300 1.5x, https:\/\/i0.wp.com\/vincentians.com\/es\/wp-content\/uploads\/sites\/11\/2016\/07\/reflexiones-palabra-de-dios.jpg?fit=1200%2C630&ssl=1&resize=700%2C400 2x, https:\/\/i0.wp.com\/vincentians.com\/es\/wp-content\/uploads\/sites\/11\/2016\/07\/reflexiones-palabra-de-dios.jpg?fit=1200%2C630&ssl=1&resize=1050%2C600 3x"},"classes":[]},{"id":143751,"url":"https:\/\/vincentians.com\/es\/4o-domingo-de-pascua-reflexion-de-la-s-s-v-p-en-espana-2\/","url_meta":{"origin":401470,"position":1},"title":"4\u00ba Domingo de Pascua (reflexi\u00f3n de la S.S.V.P. en Espa\u00f1a)","author":"Francisco Javier Fern\u00e1ndez Chento","date":"22\/04\/2015","format":false,"excerpt":"\u201cUna buena forma de ejercitarnos en el amor a Cristo, es manteni\u00e9ndolo presente en nuestras mentes siempre que sea posible\u201d. (SvdeP) La palabra que nos convoca a celebrar la Eucarist\u00eda de este domingo, da testimonio de la fuerza trasformadora y liberadora del amor venido del mismo Dios. La fuerza del\u2026","rel":"","context":"En \u00abHomil\u00edas y reflexiones, A\u00f1o B\u00bb","block_context":{"text":"Homil\u00edas y reflexiones, A\u00f1o B","link":"https:\/\/vincentians.com\/es\/category\/homilias-y-reflexiones-a-la-palabra-de-dios\/homilias-y-reflexiones-ano-b\/"},"img":{"alt_text":"","src":"https:\/\/i0.wp.com\/vincentians.com\/es\/wp-content\/uploads\/sites\/11\/2016\/07\/reflexiones-palabra-de-dios.jpg?fit=1200%2C630&ssl=1&resize=350%2C200","width":350,"height":200,"srcset":"https:\/\/i0.wp.com\/vincentians.com\/es\/wp-content\/uploads\/sites\/11\/2016\/07\/reflexiones-palabra-de-dios.jpg?fit=1200%2C630&ssl=1&resize=350%2C200 1x, https:\/\/i0.wp.com\/vincentians.com\/es\/wp-content\/uploads\/sites\/11\/2016\/07\/reflexiones-palabra-de-dios.jpg?fit=1200%2C630&ssl=1&resize=525%2C300 1.5x, https:\/\/i0.wp.com\/vincentians.com\/es\/wp-content\/uploads\/sites\/11\/2016\/07\/reflexiones-palabra-de-dios.jpg?fit=1200%2C630&ssl=1&resize=700%2C400 2x, https:\/\/i0.wp.com\/vincentians.com\/es\/wp-content\/uploads\/sites\/11\/2016\/07\/reflexiones-palabra-de-dios.jpg?fit=1200%2C630&ssl=1&resize=1050%2C600 3x"},"classes":[]},{"id":135705,"url":"https:\/\/vincentians.com\/es\/lectio-para-2o-domingo-de-tiempo-ordinario-preparada-por-chuno-chavez-alva-c-m\/","url_meta":{"origin":401470,"position":2},"title":"Lectio para 2\u00ba domingo de T.O. (preparada por Chuno Ch\u00e1vez Alva, C.M.)","author":"Francisco Javier Fern\u00e1ndez Chento","date":"12\/01\/2015","format":false,"excerpt":"Vengan y lo ver\u00e1n LA PALABRA HOY: 1 Samuel 3, 3-10.19; Salmo 39; 1 Corintios 6,13-15.17-20; Juan 1, 35-42 Ambientaci\u00f3n: Imagen de Jes\u00fas, alrededor en trozos de cartulina los nombres de los participantes. Un cirio y varias velas peque\u00f1as. Cantos sugeridos: Jes\u00fas te seguir\u00e9; Canci\u00f3n del testigo. Ambientaci\u00f3n Jes\u00fas nos\u2026","rel":"","context":"En \u00abHomil\u00edas y reflexiones, A\u00f1o B\u00bb","block_context":{"text":"Homil\u00edas y reflexiones, A\u00f1o B","link":"https:\/\/vincentians.com\/es\/category\/homilias-y-reflexiones-a-la-palabra-de-dios\/homilias-y-reflexiones-ano-b\/"},"img":{"alt_text":"","src":"https:\/\/i0.wp.com\/vincentians.com\/es\/wp-content\/uploads\/sites\/11\/2016\/07\/reflexiones-palabra-de-dios.jpg?fit=1200%2C630&ssl=1&resize=350%2C200","width":350,"height":200,"srcset":"https:\/\/i0.wp.com\/vincentians.com\/es\/wp-content\/uploads\/sites\/11\/2016\/07\/reflexiones-palabra-de-dios.jpg?fit=1200%2C630&ssl=1&resize=350%2C200 1x, https:\/\/i0.wp.com\/vincentians.com\/es\/wp-content\/uploads\/sites\/11\/2016\/07\/reflexiones-palabra-de-dios.jpg?fit=1200%2C630&ssl=1&resize=525%2C300 1.5x, https:\/\/i0.wp.com\/vincentians.com\/es\/wp-content\/uploads\/sites\/11\/2016\/07\/reflexiones-palabra-de-dios.jpg?fit=1200%2C630&ssl=1&resize=700%2C400 2x, https:\/\/i0.wp.com\/vincentians.com\/es\/wp-content\/uploads\/sites\/11\/2016\/07\/reflexiones-palabra-de-dios.jpg?fit=1200%2C630&ssl=1&resize=1050%2C600 3x"},"classes":[]},{"id":132361,"url":"https:\/\/vincentians.com\/es\/ciclo-b-domingo-3%c2%ba-de-adviento-reflexion-de-jose-antonio-pagola\/","url_meta":{"origin":401470,"position":3},"title":"Ciclo B, Domingo 3\u00ba de Adviento (reflexi\u00f3n de Jos\u00e9 Antonio Pagola)","author":"Francisco Javier Fern\u00e1ndez Chento","date":"05\/12\/2011","format":false,"excerpt":"Testigos de la luz La fe cristiana ha nacido del encuentro sorprendente que ha vivido un grupo de hombres y mujeres con Jes\u00fas. Todo comienza cuando estos disc\u00edpulos y disc\u00edpulas se ponen en contacto con \u00e9l y experimentan \"la cercan\u00eda salvadora de Dios\". Esa experiencia liberadora, transformadora y humanizadora que\u2026","rel":"","context":"En \u00abHomil\u00edas y reflexiones, A\u00f1o B\u00bb","block_context":{"text":"Homil\u00edas y reflexiones, A\u00f1o B","link":"https:\/\/vincentians.com\/es\/category\/homilias-y-reflexiones-a-la-palabra-de-dios\/homilias-y-reflexiones-ano-b\/"},"img":{"alt_text":"","src":"https:\/\/i0.wp.com\/vincentians.com\/es\/wp-content\/uploads\/sites\/11\/2016\/07\/reflexiones-pagola.jpg?fit=1200%2C630&ssl=1&resize=350%2C200","width":350,"height":200,"srcset":"https:\/\/i0.wp.com\/vincentians.com\/es\/wp-content\/uploads\/sites\/11\/2016\/07\/reflexiones-pagola.jpg?fit=1200%2C630&ssl=1&resize=350%2C200 1x, https:\/\/i0.wp.com\/vincentians.com\/es\/wp-content\/uploads\/sites\/11\/2016\/07\/reflexiones-pagola.jpg?fit=1200%2C630&ssl=1&resize=525%2C300 1.5x, https:\/\/i0.wp.com\/vincentians.com\/es\/wp-content\/uploads\/sites\/11\/2016\/07\/reflexiones-pagola.jpg?fit=1200%2C630&ssl=1&resize=700%2C400 2x, https:\/\/i0.wp.com\/vincentians.com\/es\/wp-content\/uploads\/sites\/11\/2016\/07\/reflexiones-pagola.jpg?fit=1200%2C630&ssl=1&resize=1050%2C600 3x"},"classes":[]},{"id":132529,"url":"https:\/\/vincentians.com\/es\/domingo-3o-de-adviento-reflexion-de-antonio-elduayen-c-m\/","url_meta":{"origin":401470,"position":4},"title":"Domingo 3\u00ba de Adviento (reflexi\u00f3n de Antonio Elduayen, C.M.)","author":"Francisco Javier Fern\u00e1ndez Chento","date":"11\/12\/2014","format":false,"excerpt":"Queridos amigos y amigas, El evangelista Juan es, con Marcos, el otro hagi\u00f3grafo para quien el Jes\u00fas de la Navidad es m\u00e1s importante que la Navidad de Jes\u00fas. En efecto, sin hablar de la Navidad o Nacimiento de Jes\u00fas, su evangelio (Jn 1,6-8. 19-28) lo presenta ya hecho un hombre\u2026","rel":"","context":"En \u00abHomil\u00edas y reflexiones, A\u00f1o B\u00bb","block_context":{"text":"Homil\u00edas y reflexiones, A\u00f1o B","link":"https:\/\/vincentians.com\/es\/category\/homilias-y-reflexiones-a-la-palabra-de-dios\/homilias-y-reflexiones-ano-b\/"},"img":{"alt_text":"","src":"https:\/\/i0.wp.com\/vincentians.com\/es\/wp-content\/uploads\/sites\/11\/2016\/07\/reflexiones-palabra-de-dios.jpg?fit=1200%2C630&ssl=1&resize=350%2C200","width":350,"height":200,"srcset":"https:\/\/i0.wp.com\/vincentians.com\/es\/wp-content\/uploads\/sites\/11\/2016\/07\/reflexiones-palabra-de-dios.jpg?fit=1200%2C630&ssl=1&resize=350%2C200 1x, https:\/\/i0.wp.com\/vincentians.com\/es\/wp-content\/uploads\/sites\/11\/2016\/07\/reflexiones-palabra-de-dios.jpg?fit=1200%2C630&ssl=1&resize=525%2C300 1.5x, https:\/\/i0.wp.com\/vincentians.com\/es\/wp-content\/uploads\/sites\/11\/2016\/07\/reflexiones-palabra-de-dios.jpg?fit=1200%2C630&ssl=1&resize=700%2C400 2x, https:\/\/i0.wp.com\/vincentians.com\/es\/wp-content\/uploads\/sites\/11\/2016\/07\/reflexiones-palabra-de-dios.jpg?fit=1200%2C630&ssl=1&resize=1050%2C600 3x"},"classes":[]},{"id":142996,"url":"https:\/\/vincentians.com\/es\/lectio-para-3o-domingo-de-pascua-preparada-por-chuno-chavez-alva-c-m-2\/","url_meta":{"origin":401470,"position":5},"title":"Lectio para 3\u00ba Domingo de Pascua (preparada por Chuno Ch\u00e1vez Alva, C.M.)","author":"Francisco Javier Fern\u00e1ndez Chento","date":"13\/04\/2015","format":false,"excerpt":"Ustedes son testigo de estas cosas LA PALABRA HOY: Hechos Ap\u00f3stoles 3,13-15.17-19; Salmo 4; 1 Juan 2,1-5; Lucas 24, 35-38 Ambientaci\u00f3n: Cirio pascual, biblia grande, imagen del resucitado Cantos sugeridos: Cristo es nuestra paz; Te conocimos, Se\u00f1or Ambientaci\u00f3n Los textos de hoy establecen una estrecha relaci\u00f3n entre la experiencia pascual\u2026","rel":"","context":"En \u00abHomil\u00edas y reflexiones, A\u00f1o B\u00bb","block_context":{"text":"Homil\u00edas y reflexiones, A\u00f1o B","link":"https:\/\/vincentians.com\/es\/category\/homilias-y-reflexiones-a-la-palabra-de-dios\/homilias-y-reflexiones-ano-b\/"},"img":{"alt_text":"","src":"https:\/\/i0.wp.com\/vincentians.com\/es\/wp-content\/uploads\/sites\/11\/2016\/07\/reflexiones-palabra-de-dios.jpg?fit=1200%2C630&ssl=1&resize=350%2C200","width":350,"height":200,"srcset":"https:\/\/i0.wp.com\/vincentians.com\/es\/wp-content\/uploads\/sites\/11\/2016\/07\/reflexiones-palabra-de-dios.jpg?fit=1200%2C630&ssl=1&resize=350%2C200 1x, https:\/\/i0.wp.com\/vincentians.com\/es\/wp-content\/uploads\/sites\/11\/2016\/07\/reflexiones-palabra-de-dios.jpg?fit=1200%2C630&ssl=1&resize=525%2C300 1.5x, https:\/\/i0.wp.com\/vincentians.com\/es\/wp-content\/uploads\/sites\/11\/2016\/07\/reflexiones-palabra-de-dios.jpg?fit=1200%2C630&ssl=1&resize=700%2C400 2x, https:\/\/i0.wp.com\/vincentians.com\/es\/wp-content\/uploads\/sites\/11\/2016\/07\/reflexiones-palabra-de-dios.jpg?fit=1200%2C630&ssl=1&resize=1050%2C600 3x"},"classes":[]}],"_links":{"self":[{"href":"https:\/\/vincentians.com\/es\/wp-json\/wp\/v2\/posts\/401470","targetHints":{"allow":["GET"]}}],"collection":[{"href":"https:\/\/vincentians.com\/es\/wp-json\/wp\/v2\/posts"}],"about":[{"href":"https:\/\/vincentians.com\/es\/wp-json\/wp\/v2\/types\/post"}],"author":[{"embeddable":true,"href":"https:\/\/vincentians.com\/es\/wp-json\/wp\/v2\/users\/3"}],"replies":[{"embeddable":true,"href":"https:\/\/vincentians.com\/es\/wp-json\/wp\/v2\/comments?post=401470"}],"version-history":[{"count":4,"href":"https:\/\/vincentians.com\/es\/wp-json\/wp\/v2\/posts\/401470\/revisions"}],"predecessor-version":[{"id":401474,"href":"https:\/\/vincentians.com\/es\/wp-json\/wp\/v2\/posts\/401470\/revisions\/401474"}],"wp:featuredmedia":[{"embeddable":true,"href":"https:\/\/vincentians.com\/es\/wp-json\/wp\/v2\/media\/388397"}],"wp:attachment":[{"href":"https:\/\/vincentians.com\/es\/wp-json\/wp\/v2\/media?parent=401470"}],"wp:term":[{"taxonomy":"category","embeddable":true,"href":"https:\/\/vincentians.com\/es\/wp-json\/wp\/v2\/categories?post=401470"},{"taxonomy":"post_tag","embeddable":true,"href":"https:\/\/vincentians.com\/es\/wp-json\/wp\/v2\/tags?post=401470"}],"curies":[{"name":"wp","href":"https:\/\/api.w.org\/{rel}","templated":true}]}}