{"id":401456,"date":"2017-12-05T20:00:19","date_gmt":"2017-12-05T19:00:19","guid":{"rendered":"http:\/\/vincentians.com\/es\/?p=401456"},"modified":"2017-12-05T20:28:41","modified_gmt":"2017-12-05T19:28:41","slug":"2-adviento-dizonreyes-evangelio","status":"publish","type":"post","link":"https:\/\/vincentians.com\/es\/2-adviento-dizonreyes-evangelio\/","title":{"rendered":"Domingo 2\u00ba de Adviento (reflexi\u00f3n de Rosalino Dizon Reyes)"},"content":{"rendered":"<p><em>Evangelio de Jes\u00fas, Mes\u00edas e Hijo de Dios<\/em><\/p>\n<h3><strong>El Evangelio, la Buena Nueva, es Jes\u00fas, su predicaci\u00f3n, su ministerio.\u00a0 Por tanto, su presencia nos llena de consuelo, alegr\u00eda y esperanza.<\/strong><\/h3>\n<p>El Evangelio connota novedad, la que figura en el comienzo.\u00a0 Es que Juan Bautista es un profeta diferente, nuevo.<\/p>\n<p>En el desierto predica Juan.\u00a0 Es, pues, un excluido.\u00a0 All\u00ed proclama un bautismo de arrepentimiento.\u00a0 Es diferente adem\u00e1s su estilo de vida que nos recuerda al profeta El\u00edas.<\/p>\n<p>El Bautista llama, s\u00ed, a la gente a la conversi\u00f3n.\u00a0 Lo hace, sin embargo, con humildad.\u00a0 Primero, deja claro que no se trata de \u00e9l.\u00a0 Se\u00f1ala al que puede m\u00e1s que \u00e9l.\u00a0 Admite, adem\u00e1s, que \u00e9l bautiza con agua, mientras el que viene detr\u00e1s de \u00e9l bautizar\u00e1 con Esp\u00edritu Santo.<\/p>\n<p>En otras palabras, declara Juan con humildad que quien personifica el Evangelio no es \u00e9l, sino Jes\u00fas.\u00a0 Pero debido tambi\u00e9n a la misma humildad les resulta noticia alegre para los escuchadores de Juan la invitaci\u00f3n al arrepentimiento.<\/p>\n<p>Por eso, acude a \u00e9l toda la poblaci\u00f3n de Judea y de Jerusal\u00e9n.\u00a0 Confiesan ellos sus pecados y se bautizan. \u00a0All\u00ed en el desierto, el Se\u00f1or les habla al coraz\u00f3n, y responden como en su juventud (Os 2, 16-17).\u00a0 As\u00ed no ser\u00eda, si Juan fuera como los con pretensiones de superioridad que menosprecian y condenan a los dem\u00e1s.<\/p>\n<h4><strong><em>Preparamos el camino del Se\u00f1or, dando nosotros, como Juan Bautista, testimonio vivo del Evangelio. <\/em><\/strong><\/h4>\n<p>Como al Bautista, se nos manda por delante para que preparemos el camino de Jes\u00fas.\u00a0 Las reprensiones afrentosas y condenatorias no ser\u00e1n lo que nos ayude en nuestra misi\u00f3n.\u00a0 Para ganar a los dem\u00e1s, mejor que les hablemos con humildad y con respeto.\u00a0 Mejor a\u00fan si somos en persona el Evangelio, es decir, la atenci\u00f3n efectiva que los pobres necesitan.<\/p>\n<p>Y los disc\u00edpulos haremos lo que el mensajero austero.\u00a0 Nos apartaremos de las expectativas covencionales de los mundanos que sirven al dinero.\u00a0 Y anunciaremos un mensaje diferente que a los pobres se les convierta en Evangelio.\u00a0 Ser\u00e1, s\u00ed, nuestra proclamaci\u00f3n la del Maestro:\u00a0 \u00abBienaventurados los pobres\u00bb.<\/p>\n<p>Esto requerir\u00e1, claro, que, como Mar\u00eda y Jos\u00e9 y el Bautista, seamos del grupo de \u00ablos pobres de Yahv\u00e9\u00bb.\u00a0 \u00c9sos nada tienen sino su fe en Dios; de \u00e9l esperan el consuelo y la salvaci\u00f3n.\u00a0 Entre ellos se conserva la verdadera religi\u00f3n (<a href=\"http:\/\/via.library.depaul.edu\/cgi\/viewcontent.cgi?article=1011&amp;context=coste_sp\">SV.ES XI:120<\/a>).\u00a0 Nadie pasa hambre entre ellos, y se les respeta much\u00edsimo a los m\u00e1s pobres.\u00a0 Por eso, resulta consoladora, alegradora y esperanzadora su celebraci\u00f3n de la Cena del Se\u00f1or.\u00a0 Y as\u00ed apresuran tambi\u00e9n la venida del Se\u00f1or.<\/p>\n<h4><strong><em>Se\u00f1or Jes\u00fas, haz que, contigo, seamos el Evangelio para los pobres.\u00a0 Conc\u00e9denos, pues, ser portadores de consuelo, alegr\u00eda y esperanza a los pobres.<\/em><\/strong><\/h4>\n<p><span style=\"float: none;background-color: transparent;color: #333333;cursor: text;font-family: Georgia,'Times New Roman','Bitstream Charter',Times,serif;font-size: 16px;font-style: normal;font-variant: normal;font-weight: 400;letter-spacing: normal;line-height: 24px;text-align: left;text-decoration: none;text-indent: 0px\">10 Diciembre 2017<\/span><br \/>\n<span style=\"float: none;background-color: transparent;color: #333333;cursor: text;font-family: Georgia,'Times New Roman','Bitstream Charter',Times,serif;font-size: 16px;font-style: normal;font-variant: normal;font-weight: 400;letter-spacing: normal;line-height: 24px;text-align: left;text-decoration: none;text-indent: 0px\"> Domingo 2<\/span>\u00ba<span style=\"float: none;background-color: transparent;color: #333333;cursor: text;font-family: Georgia,'Times New Roman','Bitstream Charter',Times,serif;font-size: 16px;font-style: normal;font-variant: normal;font-weight: 400;letter-spacing: normal;line-height: 24px;text-align: left;text-decoration: none;text-indent: 0px\"> de Adviento (B)<\/span><br \/>\n<span style=\"float: none;background-color: transparent;color: #333333;cursor: text;font-family: Georgia,'Times New Roman','Bitstream Charter',Times,serif;font-size: 16px;font-style: normal;font-variant: normal;font-weight: 400;letter-spacing: normal;line-height: 24px;text-align: left;text-decoration: none;text-indent: 0px\"> Is 40, 1-5. 9-11; 2 Ped 3, 8-14; Mc 1, 1-8<\/span><\/p>\n","protected":false},"excerpt":{"rendered":"<p>Evangelio de Jes\u00fas, Mes\u00edas e Hijo de Dios El Evangelio, la Buena Nueva, es Jes\u00fas, su predicaci\u00f3n, su ministerio.\u00a0 Por tanto, su presencia nos llena de consuelo, alegr\u00eda y esperanza. El Evangelio connota novedad, la &#8230; <a href=\"https:\/\/vincentians.com\/es\/2-adviento-dizonreyes-evangelio\/\" class=\"more-link\">Read More<\/a><\/p>\n","protected":false},"author":3,"featured_media":388397,"comment_status":"open","ping_status":"open","sticky":false,"template":"","format":"standard","meta":{"jetpack_post_was_ever_published":false,"_jetpack_newsletter_access":"","_jetpack_dont_email_post_to_subs":false,"_jetpack_newsletter_tier_id":0,"_jetpack_memberships_contains_paywalled_content":false,"_jetpack_memberships_contains_paid_content":false,"footnotes":"","jetpack_publicize_message":"","jetpack_publicize_feature_enabled":true,"jetpack_social_post_already_shared":true,"jetpack_social_options":{"image_generator_settings":{"template":"highway","default_image_id":0,"font":"","enabled":false},"version":2}},"categories":[93],"tags":[],"class_list":["post-401456","post","type-post","status-publish","format-standard","has-post-thumbnail","hentry","category-homilias-y-reflexiones-ano-b"],"yoast_head":"<!-- This site is optimized with the Yoast SEO plugin v26.3 - https:\/\/yoast.com\/wordpress\/plugins\/seo\/ -->\n<title>Domingo 2\u00ba de Adviento (reflexi\u00f3n de Rosalino Dizon Reyes) - Somos Vicencianos<\/title>\n<meta name=\"description\" content=\"El Evangelio, la Buena Nueva, es Jes\u00fas, su predicaci\u00f3n, su ministerio. Por tanto, su presencia nos llena de consuelo, alegr\u00eda y esperanza.\" \/>\n<meta name=\"robots\" content=\"index, follow, max-snippet:-1, max-image-preview:large, max-video-preview:-1\" \/>\n<link rel=\"canonical\" href=\"https:\/\/vincentians.com\/es\/2-adviento-dizonreyes-evangelio\/\" \/>\n<meta property=\"og:locale\" content=\"es_ES\" \/>\n<meta property=\"og:type\" content=\"article\" \/>\n<meta property=\"og:title\" content=\"Domingo 2\u00ba de Adviento (reflexi\u00f3n de Rosalino Dizon Reyes) - Somos Vicencianos\" \/>\n<meta property=\"og:description\" content=\"El Evangelio, la Buena Nueva, es Jes\u00fas, su predicaci\u00f3n, su ministerio. Por tanto, su presencia nos llena de consuelo, alegr\u00eda y esperanza.\" \/>\n<meta property=\"og:url\" content=\"https:\/\/vincentians.com\/es\/2-adviento-dizonreyes-evangelio\/\" \/>\n<meta property=\"og:site_name\" content=\"Somos Vicencianos\" \/>\n<meta property=\"article:publisher\" content=\"https:\/\/www.facebook.com\/WeAreVincentians\/\" \/>\n<meta property=\"article:published_time\" content=\"2017-12-05T19:00:19+00:00\" \/>\n<meta property=\"article:modified_time\" content=\"2017-12-05T19:28:41+00:00\" \/>\n<meta property=\"og:image\" content=\"https:\/\/i0.wp.com\/vincentians.com\/es\/wp-content\/uploads\/sites\/11\/2016\/07\/reflexiones-ross.jpg?fit=1200%2C630&ssl=1\" \/>\n\t<meta property=\"og:image:width\" content=\"1200\" \/>\n\t<meta property=\"og:image:height\" content=\"630\" \/>\n\t<meta property=\"og:image:type\" content=\"image\/jpeg\" \/>\n<meta name=\"author\" content=\"Ross Reyes Dizon\" \/>\n<meta name=\"twitter:card\" content=\"summary_large_image\" \/>\n<meta name=\"twitter:creator\" content=\"@WeVincentians\" \/>\n<meta name=\"twitter:site\" content=\"@WeVincentians\" \/>\n<meta name=\"twitter:label1\" content=\"Escrito por\" \/>\n\t<meta name=\"twitter:data1\" content=\"Ross Reyes Dizon\" \/>\n\t<meta name=\"twitter:label2\" content=\"Tiempo de lectura\" \/>\n\t<meta name=\"twitter:data2\" content=\"3 minutos\" \/>\n<script type=\"application\/ld+json\" class=\"yoast-schema-graph\">{\"@context\":\"https:\/\/schema.org\",\"@graph\":[{\"@type\":\"Article\",\"@id\":\"https:\/\/vincentians.com\/es\/2-adviento-dizonreyes-evangelio\/#article\",\"isPartOf\":{\"@id\":\"https:\/\/vincentians.com\/es\/2-adviento-dizonreyes-evangelio\/\"},\"author\":{\"name\":\"Ross Reyes Dizon\",\"@id\":\"https:\/\/vincentians.com\/es\/#\/schema\/person\/6b250b52a52e7af2128e08c36145865d\"},\"headline\":\"Domingo 2\u00ba de Adviento (reflexi\u00f3n de Rosalino Dizon Reyes)\",\"datePublished\":\"2017-12-05T19:00:19+00:00\",\"dateModified\":\"2017-12-05T19:28:41+00:00\",\"mainEntityOfPage\":{\"@id\":\"https:\/\/vincentians.com\/es\/2-adviento-dizonreyes-evangelio\/\"},\"wordCount\":510,\"commentCount\":0,\"publisher\":{\"@id\":\"https:\/\/vincentians.com\/es\/#organization\"},\"image\":{\"@id\":\"https:\/\/vincentians.com\/es\/2-adviento-dizonreyes-evangelio\/#primaryimage\"},\"thumbnailUrl\":\"https:\/\/i0.wp.com\/vincentians.com\/es\/wp-content\/uploads\/sites\/11\/2016\/07\/reflexiones-ross.jpg?fit=1200%2C630&ssl=1\",\"articleSection\":[\"Homil\u00edas y reflexiones, A\u00f1o B\"],\"inLanguage\":\"es\",\"potentialAction\":[{\"@type\":\"CommentAction\",\"name\":\"Comment\",\"target\":[\"https:\/\/vincentians.com\/es\/2-adviento-dizonreyes-evangelio\/#respond\"]}]},{\"@type\":\"WebPage\",\"@id\":\"https:\/\/vincentians.com\/es\/2-adviento-dizonreyes-evangelio\/\",\"url\":\"https:\/\/vincentians.com\/es\/2-adviento-dizonreyes-evangelio\/\",\"name\":\"Domingo 2\u00ba de Adviento (reflexi\u00f3n de Rosalino Dizon Reyes) - Somos Vicencianos\",\"isPartOf\":{\"@id\":\"https:\/\/vincentians.com\/es\/#website\"},\"primaryImageOfPage\":{\"@id\":\"https:\/\/vincentians.com\/es\/2-adviento-dizonreyes-evangelio\/#primaryimage\"},\"image\":{\"@id\":\"https:\/\/vincentians.com\/es\/2-adviento-dizonreyes-evangelio\/#primaryimage\"},\"thumbnailUrl\":\"https:\/\/i0.wp.com\/vincentians.com\/es\/wp-content\/uploads\/sites\/11\/2016\/07\/reflexiones-ross.jpg?fit=1200%2C630&ssl=1\",\"datePublished\":\"2017-12-05T19:00:19+00:00\",\"dateModified\":\"2017-12-05T19:28:41+00:00\",\"description\":\"El Evangelio, la Buena Nueva, es Jes\u00fas, su predicaci\u00f3n, su ministerio. Por tanto, su presencia nos llena de consuelo, alegr\u00eda y esperanza.\",\"breadcrumb\":{\"@id\":\"https:\/\/vincentians.com\/es\/2-adviento-dizonreyes-evangelio\/#breadcrumb\"},\"inLanguage\":\"es\",\"potentialAction\":[{\"@type\":\"ReadAction\",\"target\":[\"https:\/\/vincentians.com\/es\/2-adviento-dizonreyes-evangelio\/\"]}]},{\"@type\":\"ImageObject\",\"inLanguage\":\"es\",\"@id\":\"https:\/\/vincentians.com\/es\/2-adviento-dizonreyes-evangelio\/#primaryimage\",\"url\":\"https:\/\/i0.wp.com\/vincentians.com\/es\/wp-content\/uploads\/sites\/11\/2016\/07\/reflexiones-ross.jpg?fit=1200%2C630&ssl=1\",\"contentUrl\":\"https:\/\/i0.wp.com\/vincentians.com\/es\/wp-content\/uploads\/sites\/11\/2016\/07\/reflexiones-ross.jpg?fit=1200%2C630&ssl=1\",\"width\":1200,\"height\":630},{\"@type\":\"BreadcrumbList\",\"@id\":\"https:\/\/vincentians.com\/es\/2-adviento-dizonreyes-evangelio\/#breadcrumb\",\"itemListElement\":[{\"@type\":\"ListItem\",\"position\":1,\"name\":\"Portada\",\"item\":\"https:\/\/vincentians.com\/es\/\"},{\"@type\":\"ListItem\",\"position\":2,\"name\":\"Domingo 2\u00ba de Adviento (reflexi\u00f3n de Rosalino Dizon Reyes)\"}]},{\"@type\":\"WebSite\",\"@id\":\"https:\/\/vincentians.com\/es\/#website\",\"url\":\"https:\/\/vincentians.com\/es\/\",\"name\":\"Somos Vicencianos\",\"description\":\"Know more to serve more\",\"publisher\":{\"@id\":\"https:\/\/vincentians.com\/es\/#organization\"},\"potentialAction\":[{\"@type\":\"SearchAction\",\"target\":{\"@type\":\"EntryPoint\",\"urlTemplate\":\"https:\/\/vincentians.com\/es\/?s={search_term_string}\"},\"query-input\":{\"@type\":\"PropertyValueSpecification\",\"valueRequired\":true,\"valueName\":\"search_term_string\"}}],\"inLanguage\":\"es\"},{\"@type\":\"Organization\",\"@id\":\"https:\/\/vincentians.com\/es\/#organization\",\"name\":\"The Vincentian Network\",\"url\":\"https:\/\/vincentians.com\/es\/\",\"logo\":{\"@type\":\"ImageObject\",\"inLanguage\":\"es\",\"@id\":\"https:\/\/vincentians.com\/es\/#\/schema\/logo\/image\/\",\"url\":\"https:\/\/i1.wp.com\/vincentians.com\/es\/wp-content\/uploads\/sites\/11\/2016\/06\/Vincentian-Network-logo-big.png?fit=778%2C778\",\"contentUrl\":\"https:\/\/i1.wp.com\/vincentians.com\/es\/wp-content\/uploads\/sites\/11\/2016\/06\/Vincentian-Network-logo-big.png?fit=778%2C778\",\"width\":778,\"height\":778,\"caption\":\"The Vincentian Network\"},\"image\":{\"@id\":\"https:\/\/vincentians.com\/es\/#\/schema\/logo\/image\/\"},\"sameAs\":[\"https:\/\/www.facebook.com\/WeAreVincentians\/\",\"https:\/\/x.com\/WeVincentians\"]},{\"@type\":\"Person\",\"@id\":\"https:\/\/vincentians.com\/es\/#\/schema\/person\/6b250b52a52e7af2128e08c36145865d\",\"name\":\"Ross Reyes Dizon\",\"image\":{\"@type\":\"ImageObject\",\"inLanguage\":\"es\",\"@id\":\"https:\/\/vincentians.com\/es\/#\/schema\/person\/image\/\",\"url\":\"https:\/\/secure.gravatar.com\/avatar\/84437f3208f798bde5b9b066b0f340b70134675aa8c7b7ec4464b9808a05c195?s=96&d=mm&r=g\",\"contentUrl\":\"https:\/\/secure.gravatar.com\/avatar\/84437f3208f798bde5b9b066b0f340b70134675aa8c7b7ec4464b9808a05c195?s=96&d=mm&r=g\",\"caption\":\"Ross Reyes Dizon\"},\"description\":\"Ross owes his formation to Filipino, Spanish and U.S. Vincentian missionaries. A native of the Philippines, he now lives in Vallejo, California, with his wife Melody. They have two grown-up sons, Vincent and Justin, and are full-time babysitters to grandchildren, Maximilian Fr\u00e9d\u00e9ric and Vivianna Louise. Ross volunteers at Margaret Todd Senior Center, Novato, California, teaching a free weekly citizenship class for mostly Spanish-speakers.\",\"url\":\"https:\/\/vincentians.com\/es\/author\/rosalino\/\"}]}<\/script>\n<!-- \/ Yoast SEO plugin. -->","yoast_head_json":{"title":"Domingo 2\u00ba de Adviento (reflexi\u00f3n de Rosalino Dizon Reyes) - Somos Vicencianos","description":"El Evangelio, la Buena Nueva, es Jes\u00fas, su predicaci\u00f3n, su ministerio. Por tanto, su presencia nos llena de consuelo, alegr\u00eda y esperanza.","robots":{"index":"index","follow":"follow","max-snippet":"max-snippet:-1","max-image-preview":"max-image-preview:large","max-video-preview":"max-video-preview:-1"},"canonical":"https:\/\/vincentians.com\/es\/2-adviento-dizonreyes-evangelio\/","og_locale":"es_ES","og_type":"article","og_title":"Domingo 2\u00ba de Adviento (reflexi\u00f3n de Rosalino Dizon Reyes) - Somos Vicencianos","og_description":"El Evangelio, la Buena Nueva, es Jes\u00fas, su predicaci\u00f3n, su ministerio. Por tanto, su presencia nos llena de consuelo, alegr\u00eda y esperanza.","og_url":"https:\/\/vincentians.com\/es\/2-adviento-dizonreyes-evangelio\/","og_site_name":"Somos Vicencianos","article_publisher":"https:\/\/www.facebook.com\/WeAreVincentians\/","article_published_time":"2017-12-05T19:00:19+00:00","article_modified_time":"2017-12-05T19:28:41+00:00","og_image":[{"width":1200,"height":630,"url":"https:\/\/i0.wp.com\/vincentians.com\/es\/wp-content\/uploads\/sites\/11\/2016\/07\/reflexiones-ross.jpg?fit=1200%2C630&ssl=1","type":"image\/jpeg"}],"author":"Ross Reyes Dizon","twitter_card":"summary_large_image","twitter_creator":"@WeVincentians","twitter_site":"@WeVincentians","twitter_misc":{"Escrito por":"Ross Reyes Dizon","Tiempo de lectura":"3 minutos"},"schema":{"@context":"https:\/\/schema.org","@graph":[{"@type":"Article","@id":"https:\/\/vincentians.com\/es\/2-adviento-dizonreyes-evangelio\/#article","isPartOf":{"@id":"https:\/\/vincentians.com\/es\/2-adviento-dizonreyes-evangelio\/"},"author":{"name":"Ross Reyes Dizon","@id":"https:\/\/vincentians.com\/es\/#\/schema\/person\/6b250b52a52e7af2128e08c36145865d"},"headline":"Domingo 2\u00ba de Adviento (reflexi\u00f3n de Rosalino Dizon Reyes)","datePublished":"2017-12-05T19:00:19+00:00","dateModified":"2017-12-05T19:28:41+00:00","mainEntityOfPage":{"@id":"https:\/\/vincentians.com\/es\/2-adviento-dizonreyes-evangelio\/"},"wordCount":510,"commentCount":0,"publisher":{"@id":"https:\/\/vincentians.com\/es\/#organization"},"image":{"@id":"https:\/\/vincentians.com\/es\/2-adviento-dizonreyes-evangelio\/#primaryimage"},"thumbnailUrl":"https:\/\/i0.wp.com\/vincentians.com\/es\/wp-content\/uploads\/sites\/11\/2016\/07\/reflexiones-ross.jpg?fit=1200%2C630&ssl=1","articleSection":["Homil\u00edas y reflexiones, A\u00f1o B"],"inLanguage":"es","potentialAction":[{"@type":"CommentAction","name":"Comment","target":["https:\/\/vincentians.com\/es\/2-adviento-dizonreyes-evangelio\/#respond"]}]},{"@type":"WebPage","@id":"https:\/\/vincentians.com\/es\/2-adviento-dizonreyes-evangelio\/","url":"https:\/\/vincentians.com\/es\/2-adviento-dizonreyes-evangelio\/","name":"Domingo 2\u00ba de Adviento (reflexi\u00f3n de Rosalino Dizon Reyes) - Somos Vicencianos","isPartOf":{"@id":"https:\/\/vincentians.com\/es\/#website"},"primaryImageOfPage":{"@id":"https:\/\/vincentians.com\/es\/2-adviento-dizonreyes-evangelio\/#primaryimage"},"image":{"@id":"https:\/\/vincentians.com\/es\/2-adviento-dizonreyes-evangelio\/#primaryimage"},"thumbnailUrl":"https:\/\/i0.wp.com\/vincentians.com\/es\/wp-content\/uploads\/sites\/11\/2016\/07\/reflexiones-ross.jpg?fit=1200%2C630&ssl=1","datePublished":"2017-12-05T19:00:19+00:00","dateModified":"2017-12-05T19:28:41+00:00","description":"El Evangelio, la Buena Nueva, es Jes\u00fas, su predicaci\u00f3n, su ministerio. Por tanto, su presencia nos llena de consuelo, alegr\u00eda y esperanza.","breadcrumb":{"@id":"https:\/\/vincentians.com\/es\/2-adviento-dizonreyes-evangelio\/#breadcrumb"},"inLanguage":"es","potentialAction":[{"@type":"ReadAction","target":["https:\/\/vincentians.com\/es\/2-adviento-dizonreyes-evangelio\/"]}]},{"@type":"ImageObject","inLanguage":"es","@id":"https:\/\/vincentians.com\/es\/2-adviento-dizonreyes-evangelio\/#primaryimage","url":"https:\/\/i0.wp.com\/vincentians.com\/es\/wp-content\/uploads\/sites\/11\/2016\/07\/reflexiones-ross.jpg?fit=1200%2C630&ssl=1","contentUrl":"https:\/\/i0.wp.com\/vincentians.com\/es\/wp-content\/uploads\/sites\/11\/2016\/07\/reflexiones-ross.jpg?fit=1200%2C630&ssl=1","width":1200,"height":630},{"@type":"BreadcrumbList","@id":"https:\/\/vincentians.com\/es\/2-adviento-dizonreyes-evangelio\/#breadcrumb","itemListElement":[{"@type":"ListItem","position":1,"name":"Portada","item":"https:\/\/vincentians.com\/es\/"},{"@type":"ListItem","position":2,"name":"Domingo 2\u00ba de Adviento (reflexi\u00f3n de Rosalino Dizon Reyes)"}]},{"@type":"WebSite","@id":"https:\/\/vincentians.com\/es\/#website","url":"https:\/\/vincentians.com\/es\/","name":"Somos Vicencianos","description":"Know more to serve more","publisher":{"@id":"https:\/\/vincentians.com\/es\/#organization"},"potentialAction":[{"@type":"SearchAction","target":{"@type":"EntryPoint","urlTemplate":"https:\/\/vincentians.com\/es\/?s={search_term_string}"},"query-input":{"@type":"PropertyValueSpecification","valueRequired":true,"valueName":"search_term_string"}}],"inLanguage":"es"},{"@type":"Organization","@id":"https:\/\/vincentians.com\/es\/#organization","name":"The Vincentian Network","url":"https:\/\/vincentians.com\/es\/","logo":{"@type":"ImageObject","inLanguage":"es","@id":"https:\/\/vincentians.com\/es\/#\/schema\/logo\/image\/","url":"https:\/\/i1.wp.com\/vincentians.com\/es\/wp-content\/uploads\/sites\/11\/2016\/06\/Vincentian-Network-logo-big.png?fit=778%2C778","contentUrl":"https:\/\/i1.wp.com\/vincentians.com\/es\/wp-content\/uploads\/sites\/11\/2016\/06\/Vincentian-Network-logo-big.png?fit=778%2C778","width":778,"height":778,"caption":"The Vincentian Network"},"image":{"@id":"https:\/\/vincentians.com\/es\/#\/schema\/logo\/image\/"},"sameAs":["https:\/\/www.facebook.com\/WeAreVincentians\/","https:\/\/x.com\/WeVincentians"]},{"@type":"Person","@id":"https:\/\/vincentians.com\/es\/#\/schema\/person\/6b250b52a52e7af2128e08c36145865d","name":"Ross Reyes Dizon","image":{"@type":"ImageObject","inLanguage":"es","@id":"https:\/\/vincentians.com\/es\/#\/schema\/person\/image\/","url":"https:\/\/secure.gravatar.com\/avatar\/84437f3208f798bde5b9b066b0f340b70134675aa8c7b7ec4464b9808a05c195?s=96&d=mm&r=g","contentUrl":"https:\/\/secure.gravatar.com\/avatar\/84437f3208f798bde5b9b066b0f340b70134675aa8c7b7ec4464b9808a05c195?s=96&d=mm&r=g","caption":"Ross Reyes Dizon"},"description":"Ross owes his formation to Filipino, Spanish and U.S. Vincentian missionaries. A native of the Philippines, he now lives in Vallejo, California, with his wife Melody. They have two grown-up sons, Vincent and Justin, and are full-time babysitters to grandchildren, Maximilian Fr\u00e9d\u00e9ric and Vivianna Louise. Ross volunteers at Margaret Todd Senior Center, Novato, California, teaching a free weekly citizenship class for mostly Spanish-speakers.","url":"https:\/\/vincentians.com\/es\/author\/rosalino\/"}]}},"jetpack_publicize_connections":[],"jetpack_featured_media_url":"https:\/\/i0.wp.com\/vincentians.com\/es\/wp-content\/uploads\/sites\/11\/2016\/07\/reflexiones-ross.jpg?fit=1200%2C630&ssl=1","jetpack_sharing_enabled":true,"jetpack_shortlink":"https:\/\/wp.me\/p7ETMF-1Gr6","jetpack-related-posts":[{"id":132529,"url":"https:\/\/vincentians.com\/es\/domingo-3o-de-adviento-reflexion-de-antonio-elduayen-c-m\/","url_meta":{"origin":401456,"position":0},"title":"Domingo 3\u00ba de Adviento (reflexi\u00f3n de Antonio Elduayen, C.M.)","author":"Francisco Javier Fern\u00e1ndez Chento","date":"11\/12\/2014","format":false,"excerpt":"Queridos amigos y amigas, El evangelista Juan es, con Marcos, el otro hagi\u00f3grafo para quien el Jes\u00fas de la Navidad es m\u00e1s importante que la Navidad de Jes\u00fas. En efecto, sin hablar de la Navidad o Nacimiento de Jes\u00fas, su evangelio (Jn 1,6-8. 19-28) lo presenta ya hecho un hombre\u2026","rel":"","context":"En \u00abHomil\u00edas y reflexiones, A\u00f1o B\u00bb","block_context":{"text":"Homil\u00edas y reflexiones, A\u00f1o B","link":"https:\/\/vincentians.com\/es\/category\/homilias-y-reflexiones-a-la-palabra-de-dios\/homilias-y-reflexiones-ano-b\/"},"img":{"alt_text":"","src":"https:\/\/i0.wp.com\/vincentians.com\/es\/wp-content\/uploads\/sites\/11\/2016\/07\/reflexiones-palabra-de-dios.jpg?fit=1200%2C630&ssl=1&resize=350%2C200","width":350,"height":200,"srcset":"https:\/\/i0.wp.com\/vincentians.com\/es\/wp-content\/uploads\/sites\/11\/2016\/07\/reflexiones-palabra-de-dios.jpg?fit=1200%2C630&ssl=1&resize=350%2C200 1x, https:\/\/i0.wp.com\/vincentians.com\/es\/wp-content\/uploads\/sites\/11\/2016\/07\/reflexiones-palabra-de-dios.jpg?fit=1200%2C630&ssl=1&resize=525%2C300 1.5x, https:\/\/i0.wp.com\/vincentians.com\/es\/wp-content\/uploads\/sites\/11\/2016\/07\/reflexiones-palabra-de-dios.jpg?fit=1200%2C630&ssl=1&resize=700%2C400 2x, https:\/\/i0.wp.com\/vincentians.com\/es\/wp-content\/uploads\/sites\/11\/2016\/07\/reflexiones-palabra-de-dios.jpg?fit=1200%2C630&ssl=1&resize=1050%2C600 3x"},"classes":[]},{"id":132362,"url":"https:\/\/vincentians.com\/es\/ciclo-b-domingo-3%c2%ba-de-adviento-reflexion-de-antonio-elduayen-c-m\/","url_meta":{"origin":401456,"position":1},"title":"Ciclo B, Domingo 3\u00ba de Adviento (reflexi\u00f3n de Antonio Elduayen, C.M.)","author":"Francisco Javier Fern\u00e1ndez Chento","date":"10\/12\/2011","format":false,"excerpt":"Queridos amigos: El evangelista Juan es, con Marcos, el otro hagi\u00f3grafo para quien el Jes\u00fas de la Navidad es m\u00e1s importante que la Navidad de Jes\u00fas. En efecto, dando por supuesta la Navidad o Nacimiento de Jes\u00fas, su evangelio lo presenta ya grande y rondando la Betania, al otro lado\u2026","rel":"","context":"En \u00abHomil\u00edas y reflexiones, A\u00f1o B\u00bb","block_context":{"text":"Homil\u00edas y reflexiones, A\u00f1o B","link":"https:\/\/vincentians.com\/es\/category\/homilias-y-reflexiones-a-la-palabra-de-dios\/homilias-y-reflexiones-ano-b\/"},"img":{"alt_text":"","src":"https:\/\/i0.wp.com\/vincentians.com\/es\/wp-content\/uploads\/sites\/11\/2016\/07\/reflexiones-palabra-de-dios.jpg?fit=1200%2C630&ssl=1&resize=350%2C200","width":350,"height":200,"srcset":"https:\/\/i0.wp.com\/vincentians.com\/es\/wp-content\/uploads\/sites\/11\/2016\/07\/reflexiones-palabra-de-dios.jpg?fit=1200%2C630&ssl=1&resize=350%2C200 1x, https:\/\/i0.wp.com\/vincentians.com\/es\/wp-content\/uploads\/sites\/11\/2016\/07\/reflexiones-palabra-de-dios.jpg?fit=1200%2C630&ssl=1&resize=525%2C300 1.5x, https:\/\/i0.wp.com\/vincentians.com\/es\/wp-content\/uploads\/sites\/11\/2016\/07\/reflexiones-palabra-de-dios.jpg?fit=1200%2C630&ssl=1&resize=700%2C400 2x, https:\/\/i0.wp.com\/vincentians.com\/es\/wp-content\/uploads\/sites\/11\/2016\/07\/reflexiones-palabra-de-dios.jpg?fit=1200%2C630&ssl=1&resize=1050%2C600 3x"},"classes":[]},{"id":132359,"url":"https:\/\/vincentians.com\/es\/domingo-2o-de-adviento-reflexion-de-jose-cervantes-gabarron-3\/","url_meta":{"origin":401456,"position":2},"title":"Domingo 2\u00ba de Adviento (reflexi\u00f3n de Jos\u00e9 Cervantes Gabarr\u00f3n)","author":"Francisco Javier Fern\u00e1ndez Chento","date":"04\/12\/2011","format":false,"excerpt":"La palabra de la esperanza Con la presentaci\u00f3n de Isa\u00edas y de Juan Bautista este domingo de Adviento proclama la esperanza mesi\u00e1nica cristiana haciendo una llamada a la conversi\u00f3n y transmitiendo un impulso espiritual orientado a apresurar el d\u00eda de un cielo nuevo y una tierra nueva en los que\u2026","rel":"","context":"En \u00abHomil\u00edas y reflexiones, A\u00f1o B\u00bb","block_context":{"text":"Homil\u00edas y reflexiones, A\u00f1o B","link":"https:\/\/vincentians.com\/es\/category\/homilias-y-reflexiones-a-la-palabra-de-dios\/homilias-y-reflexiones-ano-b\/"},"img":{"alt_text":"","src":"https:\/\/i0.wp.com\/vincentians.com\/es\/wp-content\/uploads\/sites\/11\/2016\/07\/reflexiones-palabra-de-dios.jpg?fit=1200%2C630&ssl=1&resize=350%2C200","width":350,"height":200,"srcset":"https:\/\/i0.wp.com\/vincentians.com\/es\/wp-content\/uploads\/sites\/11\/2016\/07\/reflexiones-palabra-de-dios.jpg?fit=1200%2C630&ssl=1&resize=350%2C200 1x, https:\/\/i0.wp.com\/vincentians.com\/es\/wp-content\/uploads\/sites\/11\/2016\/07\/reflexiones-palabra-de-dios.jpg?fit=1200%2C630&ssl=1&resize=525%2C300 1.5x, https:\/\/i0.wp.com\/vincentians.com\/es\/wp-content\/uploads\/sites\/11\/2016\/07\/reflexiones-palabra-de-dios.jpg?fit=1200%2C630&ssl=1&resize=700%2C400 2x, https:\/\/i0.wp.com\/vincentians.com\/es\/wp-content\/uploads\/sites\/11\/2016\/07\/reflexiones-palabra-de-dios.jpg?fit=1200%2C630&ssl=1&resize=1050%2C600 3x"},"classes":[]},{"id":134178,"url":"https:\/\/vincentians.com\/es\/2o-domingo-despues-de-navidad-reflexion-de-jose-antonio-pagola-2\/","url_meta":{"origin":401456,"position":3},"title":"2\u00ba Domingo despu\u00e9s de Navidad (reflexi\u00f3n de Jos\u00e9 Antonio Pagola)","author":"Francisco Javier Fern\u00e1ndez Chento","date":"31\/12\/2014","format":false,"excerpt":"Acoger a Dios Jes\u00fas apareci\u00f3 en Galilea cuando el pueblo jud\u00edo viv\u00eda una profunda crisis religiosa. Llevaban mucho tiempo sintiendo la lejan\u00eda de Dios. Los cielos estaban \"cerrados\". Una especie de muro invisible parec\u00eda impedir la comunicaci\u00f3n de Dios con su pueblo. Nadie era capaz de escuchar su voz. Ya\u2026","rel":"","context":"En \u00abHomil\u00edas y reflexiones, A\u00f1o B\u00bb","block_context":{"text":"Homil\u00edas y reflexiones, A\u00f1o B","link":"https:\/\/vincentians.com\/es\/category\/homilias-y-reflexiones-a-la-palabra-de-dios\/homilias-y-reflexiones-ano-b\/"},"img":{"alt_text":"","src":"https:\/\/i0.wp.com\/vincentians.com\/es\/wp-content\/uploads\/sites\/11\/2016\/07\/reflexiones-pagola.jpg?fit=1200%2C630&ssl=1&resize=350%2C200","width":350,"height":200,"srcset":"https:\/\/i0.wp.com\/vincentians.com\/es\/wp-content\/uploads\/sites\/11\/2016\/07\/reflexiones-pagola.jpg?fit=1200%2C630&ssl=1&resize=350%2C200 1x, https:\/\/i0.wp.com\/vincentians.com\/es\/wp-content\/uploads\/sites\/11\/2016\/07\/reflexiones-pagola.jpg?fit=1200%2C630&ssl=1&resize=525%2C300 1.5x, https:\/\/i0.wp.com\/vincentians.com\/es\/wp-content\/uploads\/sites\/11\/2016\/07\/reflexiones-pagola.jpg?fit=1200%2C630&ssl=1&resize=700%2C400 2x, https:\/\/i0.wp.com\/vincentians.com\/es\/wp-content\/uploads\/sites\/11\/2016\/07\/reflexiones-pagola.jpg?fit=1200%2C630&ssl=1&resize=1050%2C600 3x"},"classes":[]},{"id":132610,"url":"https:\/\/vincentians.com\/es\/domingo-2o-de-adviento-reflexion-de-jose-cervantes-gabarron-2\/","url_meta":{"origin":401456,"position":4},"title":"Domingo 3\u00ba de Adviento (reflexi\u00f3n de Jos\u00e9 Cervantes Gabarr\u00f3n)","author":"Francisco Javier Fern\u00e1ndez Chento","date":"12\/12\/2014","format":false,"excerpt":"La alegr\u00eda del Evangelio de Jesucristo \"La alegr\u00eda del Evangelio\u00a0llena el coraz\u00f3n y la vida entera de los que se encuentran con Jes\u00fas. Quienes se dejan salvar por \u00c9l son liberados del pecado, de la tristeza, del vac\u00edo interior, del aislamiento.\u00a0Con Jesucristo siempre nace y renace la alegr\u00eda\" (EG 1).\u2026","rel":"","context":"En \u00abHomil\u00edas y reflexiones, A\u00f1o B\u00bb","block_context":{"text":"Homil\u00edas y reflexiones, A\u00f1o B","link":"https:\/\/vincentians.com\/es\/category\/homilias-y-reflexiones-a-la-palabra-de-dios\/homilias-y-reflexiones-ano-b\/"},"img":{"alt_text":"","src":"https:\/\/i0.wp.com\/vincentians.com\/es\/wp-content\/uploads\/sites\/11\/2016\/07\/reflexiones-palabra-de-dios.jpg?fit=1200%2C630&ssl=1&resize=350%2C200","width":350,"height":200,"srcset":"https:\/\/i0.wp.com\/vincentians.com\/es\/wp-content\/uploads\/sites\/11\/2016\/07\/reflexiones-palabra-de-dios.jpg?fit=1200%2C630&ssl=1&resize=350%2C200 1x, https:\/\/i0.wp.com\/vincentians.com\/es\/wp-content\/uploads\/sites\/11\/2016\/07\/reflexiones-palabra-de-dios.jpg?fit=1200%2C630&ssl=1&resize=525%2C300 1.5x, https:\/\/i0.wp.com\/vincentians.com\/es\/wp-content\/uploads\/sites\/11\/2016\/07\/reflexiones-palabra-de-dios.jpg?fit=1200%2C630&ssl=1&resize=700%2C400 2x, https:\/\/i0.wp.com\/vincentians.com\/es\/wp-content\/uploads\/sites\/11\/2016\/07\/reflexiones-palabra-de-dios.jpg?fit=1200%2C630&ssl=1&resize=1050%2C600 3x"},"classes":[]},{"id":132360,"url":"https:\/\/vincentians.com\/es\/ciclo-b-domingo-3%c2%ba-de-adviento-reflexion-de-jose-roman-flecha\/","url_meta":{"origin":401456,"position":5},"title":"Ciclo B, Domingo 3\u00ba de Adviento (reflexi\u00f3n de Jos\u00e9 Rom\u00e1n Flecha)","author":"Francisco Javier Fern\u00e1ndez Chento","date":"05\/12\/2011","format":false,"excerpt":"MENSAJE DEL PRECURSOR Domingo 3\u00ba de Adviento.B 11 de diciembre de 2011 Los profetas son enviados por Dios para nuestra salvaci\u00f3n. Es verdad que demasiadas veces tienen que denunciar el mal y el pecado. Pero son llamados para ser pregoneros de esperanza: anuncian un mundo de paz y de armon\u00eda\u2026","rel":"","context":"En \u00abHomil\u00edas y reflexiones, A\u00f1o B\u00bb","block_context":{"text":"Homil\u00edas y reflexiones, A\u00f1o B","link":"https:\/\/vincentians.com\/es\/category\/homilias-y-reflexiones-a-la-palabra-de-dios\/homilias-y-reflexiones-ano-b\/"},"img":{"alt_text":"","src":"https:\/\/i0.wp.com\/vincentians.com\/es\/wp-content\/uploads\/sites\/11\/2016\/07\/reflexiones-palabra-de-dios.jpg?fit=1200%2C630&ssl=1&resize=350%2C200","width":350,"height":200,"srcset":"https:\/\/i0.wp.com\/vincentians.com\/es\/wp-content\/uploads\/sites\/11\/2016\/07\/reflexiones-palabra-de-dios.jpg?fit=1200%2C630&ssl=1&resize=350%2C200 1x, https:\/\/i0.wp.com\/vincentians.com\/es\/wp-content\/uploads\/sites\/11\/2016\/07\/reflexiones-palabra-de-dios.jpg?fit=1200%2C630&ssl=1&resize=525%2C300 1.5x, https:\/\/i0.wp.com\/vincentians.com\/es\/wp-content\/uploads\/sites\/11\/2016\/07\/reflexiones-palabra-de-dios.jpg?fit=1200%2C630&ssl=1&resize=700%2C400 2x, https:\/\/i0.wp.com\/vincentians.com\/es\/wp-content\/uploads\/sites\/11\/2016\/07\/reflexiones-palabra-de-dios.jpg?fit=1200%2C630&ssl=1&resize=1050%2C600 3x"},"classes":[]}],"_links":{"self":[{"href":"https:\/\/vincentians.com\/es\/wp-json\/wp\/v2\/posts\/401456","targetHints":{"allow":["GET"]}}],"collection":[{"href":"https:\/\/vincentians.com\/es\/wp-json\/wp\/v2\/posts"}],"about":[{"href":"https:\/\/vincentians.com\/es\/wp-json\/wp\/v2\/types\/post"}],"author":[{"embeddable":true,"href":"https:\/\/vincentians.com\/es\/wp-json\/wp\/v2\/users\/3"}],"replies":[{"embeddable":true,"href":"https:\/\/vincentians.com\/es\/wp-json\/wp\/v2\/comments?post=401456"}],"version-history":[{"count":9,"href":"https:\/\/vincentians.com\/es\/wp-json\/wp\/v2\/posts\/401456\/revisions"}],"predecessor-version":[{"id":401468,"href":"https:\/\/vincentians.com\/es\/wp-json\/wp\/v2\/posts\/401456\/revisions\/401468"}],"wp:featuredmedia":[{"embeddable":true,"href":"https:\/\/vincentians.com\/es\/wp-json\/wp\/v2\/media\/388397"}],"wp:attachment":[{"href":"https:\/\/vincentians.com\/es\/wp-json\/wp\/v2\/media?parent=401456"}],"wp:term":[{"taxonomy":"category","embeddable":true,"href":"https:\/\/vincentians.com\/es\/wp-json\/wp\/v2\/categories?post=401456"},{"taxonomy":"post_tag","embeddable":true,"href":"https:\/\/vincentians.com\/es\/wp-json\/wp\/v2\/tags?post=401456"}],"curies":[{"name":"wp","href":"https:\/\/api.w.org\/{rel}","templated":true}]}}