{"id":401448,"date":"2017-11-29T09:12:59","date_gmt":"2017-11-29T08:12:59","guid":{"rendered":"http:\/\/vincentians.com\/es\/?p=401448"},"modified":"2017-12-05T02:49:57","modified_gmt":"2017-12-05T01:49:57","slug":"domingo-1-adviento-dizonreyes-vigilantes","status":"publish","type":"post","link":"https:\/\/vincentians.com\/es\/domingo-1-adviento-dizonreyes-vigilantes\/","title":{"rendered":"Domingo 1\u00ba de Adviento (reflexi\u00f3n de Rosalino Dizon Reyes)"},"content":{"rendered":"<p><em>Vigilantes y diligentes siervos<\/em><\/p>\n<h3><strong>No dejar\u00e1 de volver en su gloria Jes\u00fas, quien resucit\u00f3 de entre los muertos y subi\u00f3 al cielo.\u00a0 Claro, \u00e9l nos quiere vigilantes siempre y diligentes.<\/strong><\/h3>\n<p>Nos exhorta Jes\u00fas a todos nosotros a mantenernos vigilantes.\u00a0 Y suena urgente la exhortaci\u00f3n, pues queda repetida de varias formas:\u00a0 \u00abMirad, vigilad, velad\u00bb.<\/p>\n<p>La urgencia indica, por supuesto, que estar vigilantes es cuesti\u00f3n de vida o muerte espiritual para nosotros.\u00a0 No sea que permanezcamos vigilantes, quedar\u00e1 apagada, muerta, nuestra fe.<\/p>\n<p>As\u00ed que se nos urge a estar vigilantes para que vivamos con viveza y gracia la fe, la esperanza y el amor.\u00a0 No, no podemos dejar que se apodere de nosotros <a href=\"http:\/\/vincentians.com\/es\/domingo-1o-de-adviento-reflexion-de-jose-antonio-pagola-2\/\">la indiferencia, la mediocridad, la apat\u00eda o el autoenga\u00f1o<\/a>.<\/p>\n<p>En otras palabras, en Jes\u00fas debemos centrarnos.\u00a0 Alrededor de \u00e9l y de su segunda venida ha de girar nuestra vida entera.\u00a0 Y nos har\u00e1 bien reconocer que el momento es apremiante y que la representaci\u00f3n de este mundo se termina.\u00a0 Este reconocimiento tal vez nos lleve a tomar en serio esta recomendaci\u00f3n (1 Cor 7, 29-31):<\/p>\n<blockquote><p>Quienes tienen mujer vivan como si no la tuvieran; los que lloran, como si no lloraran; cuantos est\u00e1n alegres, como si no lo estuvieran; los que compran, como si no poseyeran; quienes negocian en el mundo, como si no disfrutaran de \u00e9l.<\/p><\/blockquote>\n<p>Pero, cuidado con quienes se sirven de la inminente venida de Jes\u00fas como excusa para dejar de trabajar.\u00a0 Se merecen la amonestaci\u00f3n:\u00a0 \u00abSi alguno no quiere trabajar, que no coma\u00bb.\u00a0 De hecho, nuestro Se\u00f1or nos ha encargado ciertas tareas.\u00a0 No nos quiere dormidos, inertes.\u00a0 Nada m\u00e1s contrario a la exhortaci\u00f3n de Jes\u00fas que no hacer nada.\u00a0 No debemos ser como aquellos que, \u00abcon tal que haya de comer, no se preocupan de nada m\u00e1s\u00bb (<a href=\"http:\/\/via.library.depaul.edu\/cgi\/viewcontent.cgi?article=1011&amp;context=coste_sp\">SV.ES XI:397<\/a>).\u00a0 Tenemos que utilizar nuestros talentos.\u00a0 Hay que ayudar a los m\u00e1s peque\u00f1os hermanos y hermanas de Cristo.<\/p>\n<h4><strong><em>Sin la gracia de Dios, desde luego, no podemos mantenernos vigilantes.<\/em><\/strong><\/h4>\n<p>Sin Jes\u00fas, no podemos hacer nada.\u00a0 Reconoci\u00e9ndonos necesitados, pues, y dependientes de \u00e9l, viviremos con la mirada puesta en \u00e9l.<\/p>\n<p>Es que \u00e9l es nuestro Redentor.\u00a0 Por lo tanto, clamaremos a \u00e9l, diciendo:\u00a0 \u00abVu\u00e9lvete por amor a tus siervos y a las tribus de tu heredad\u00bb.\u00a0 \u00c9l, seguramente, los mantendr\u00e1 firmes hasta el final a los que aguardan su manifestaci\u00f3n.<\/p>\n<h4><strong><em>Se\u00f1or Jes\u00fas, est\u00e1s a la puerte y llamas.\u00a0 Haz que vigilantes y atentos te escuchemos y te abramos la puerta, para que podamos cenar juntos.<\/em><\/strong><\/h4>\n<p>3 Diciembre 2017<br \/>\nDomingo 1<span style=\"float: none;background-color: transparent;color: #333333;cursor: text;font-family: Georgia,'Times New Roman','Bitstream Charter',Times,serif;font-size: 16px;font-style: normal;font-variant: normal;font-weight: 400;letter-spacing: normal;line-height: 24px;text-align: left;text-decoration: none;text-indent: 0px\">\u00ba<\/span> de Adviento (B)<br \/>\nIs 63, 16b-17. 19b &#8211; 64, 2-7; 1 Cor 1, 3-9; Mc 13, 33-37<\/p>\n","protected":false},"excerpt":{"rendered":"<p>Vigilantes y diligentes siervos No dejar\u00e1 de volver en su gloria Jes\u00fas, quien resucit\u00f3 de entre los muertos y subi\u00f3 al cielo.\u00a0 Claro, \u00e9l nos quiere vigilantes siempre y diligentes. Nos exhorta Jes\u00fas a todos &#8230; <a href=\"https:\/\/vincentians.com\/es\/domingo-1-adviento-dizonreyes-vigilantes\/\" class=\"more-link\">Read More<\/a><\/p>\n","protected":false},"author":3,"featured_media":388397,"comment_status":"open","ping_status":"open","sticky":false,"template":"","format":"standard","meta":{"jetpack_post_was_ever_published":false,"_jetpack_newsletter_access":"","_jetpack_dont_email_post_to_subs":false,"_jetpack_newsletter_tier_id":0,"_jetpack_memberships_contains_paywalled_content":false,"_jetpack_memberships_contains_paid_content":false,"footnotes":"","jetpack_publicize_message":"","jetpack_publicize_feature_enabled":true,"jetpack_social_post_already_shared":true,"jetpack_social_options":{"image_generator_settings":{"template":"highway","default_image_id":0,"font":"","enabled":false},"version":2}},"categories":[93],"tags":[],"class_list":["post-401448","post","type-post","status-publish","format-standard","has-post-thumbnail","hentry","category-homilias-y-reflexiones-ano-b"],"yoast_head":"<!-- This site is optimized with the Yoast SEO plugin v26.3 - https:\/\/yoast.com\/wordpress\/plugins\/seo\/ -->\n<title>Domingo 1\u00ba de Adviento (reflexi\u00f3n de Rosalino Dizon Reyes) - Somos Vicencianos<\/title>\n<meta name=\"description\" content=\"No dejar\u00e1 de volver en su gloria Jes\u00fas, quien resucit\u00f3 de entre los muertos y subi\u00f3 al cielo. Claro, \u00e9l nos quiere vigilantes siempre y diligentes.\" \/>\n<meta name=\"robots\" content=\"index, follow, max-snippet:-1, max-image-preview:large, max-video-preview:-1\" \/>\n<link rel=\"canonical\" href=\"https:\/\/vincentians.com\/es\/domingo-1-adviento-dizonreyes-vigilantes\/\" \/>\n<meta property=\"og:locale\" content=\"es_ES\" \/>\n<meta property=\"og:type\" content=\"article\" \/>\n<meta property=\"og:title\" content=\"Domingo 1\u00ba de Adviento (reflexi\u00f3n de Rosalino Dizon Reyes) - Somos Vicencianos\" \/>\n<meta property=\"og:description\" content=\"No dejar\u00e1 de volver en su gloria Jes\u00fas, quien resucit\u00f3 de entre los muertos y subi\u00f3 al cielo. Claro, \u00e9l nos quiere vigilantes siempre y diligentes.\" \/>\n<meta property=\"og:url\" content=\"https:\/\/vincentians.com\/es\/domingo-1-adviento-dizonreyes-vigilantes\/\" \/>\n<meta property=\"og:site_name\" content=\"Somos Vicencianos\" \/>\n<meta property=\"article:publisher\" content=\"https:\/\/www.facebook.com\/WeAreVincentians\/\" \/>\n<meta property=\"article:published_time\" content=\"2017-11-29T08:12:59+00:00\" \/>\n<meta property=\"article:modified_time\" content=\"2017-12-05T01:49:57+00:00\" \/>\n<meta property=\"og:image\" content=\"https:\/\/i0.wp.com\/vincentians.com\/es\/wp-content\/uploads\/sites\/11\/2016\/07\/reflexiones-ross.jpg?fit=1200%2C630&ssl=1\" \/>\n\t<meta property=\"og:image:width\" content=\"1200\" \/>\n\t<meta property=\"og:image:height\" content=\"630\" \/>\n\t<meta property=\"og:image:type\" content=\"image\/jpeg\" \/>\n<meta name=\"author\" content=\"Ross Reyes Dizon\" \/>\n<meta name=\"twitter:card\" content=\"summary_large_image\" \/>\n<meta name=\"twitter:creator\" content=\"@WeVincentians\" \/>\n<meta name=\"twitter:site\" content=\"@WeVincentians\" \/>\n<meta name=\"twitter:label1\" content=\"Escrito por\" \/>\n\t<meta name=\"twitter:data1\" content=\"Ross Reyes Dizon\" \/>\n\t<meta name=\"twitter:label2\" content=\"Tiempo de lectura\" \/>\n\t<meta name=\"twitter:data2\" content=\"2 minutos\" \/>\n<script type=\"application\/ld+json\" class=\"yoast-schema-graph\">{\"@context\":\"https:\/\/schema.org\",\"@graph\":[{\"@type\":\"Article\",\"@id\":\"https:\/\/vincentians.com\/es\/domingo-1-adviento-dizonreyes-vigilantes\/#article\",\"isPartOf\":{\"@id\":\"https:\/\/vincentians.com\/es\/domingo-1-adviento-dizonreyes-vigilantes\/\"},\"author\":{\"name\":\"Ross Reyes Dizon\",\"@id\":\"https:\/\/vincentians.com\/es\/#\/schema\/person\/6b250b52a52e7af2128e08c36145865d\"},\"headline\":\"Domingo 1\u00ba de Adviento (reflexi\u00f3n de Rosalino Dizon Reyes)\",\"datePublished\":\"2017-11-29T08:12:59+00:00\",\"dateModified\":\"2017-12-05T01:49:57+00:00\",\"mainEntityOfPage\":{\"@id\":\"https:\/\/vincentians.com\/es\/domingo-1-adviento-dizonreyes-vigilantes\/\"},\"wordCount\":455,\"commentCount\":0,\"publisher\":{\"@id\":\"https:\/\/vincentians.com\/es\/#organization\"},\"image\":{\"@id\":\"https:\/\/vincentians.com\/es\/domingo-1-adviento-dizonreyes-vigilantes\/#primaryimage\"},\"thumbnailUrl\":\"https:\/\/i0.wp.com\/vincentians.com\/es\/wp-content\/uploads\/sites\/11\/2016\/07\/reflexiones-ross.jpg?fit=1200%2C630&ssl=1\",\"articleSection\":[\"Homil\u00edas y reflexiones, A\u00f1o B\"],\"inLanguage\":\"es\",\"potentialAction\":[{\"@type\":\"CommentAction\",\"name\":\"Comment\",\"target\":[\"https:\/\/vincentians.com\/es\/domingo-1-adviento-dizonreyes-vigilantes\/#respond\"]}]},{\"@type\":\"WebPage\",\"@id\":\"https:\/\/vincentians.com\/es\/domingo-1-adviento-dizonreyes-vigilantes\/\",\"url\":\"https:\/\/vincentians.com\/es\/domingo-1-adviento-dizonreyes-vigilantes\/\",\"name\":\"Domingo 1\u00ba de Adviento (reflexi\u00f3n de Rosalino Dizon Reyes) - Somos Vicencianos\",\"isPartOf\":{\"@id\":\"https:\/\/vincentians.com\/es\/#website\"},\"primaryImageOfPage\":{\"@id\":\"https:\/\/vincentians.com\/es\/domingo-1-adviento-dizonreyes-vigilantes\/#primaryimage\"},\"image\":{\"@id\":\"https:\/\/vincentians.com\/es\/domingo-1-adviento-dizonreyes-vigilantes\/#primaryimage\"},\"thumbnailUrl\":\"https:\/\/i0.wp.com\/vincentians.com\/es\/wp-content\/uploads\/sites\/11\/2016\/07\/reflexiones-ross.jpg?fit=1200%2C630&ssl=1\",\"datePublished\":\"2017-11-29T08:12:59+00:00\",\"dateModified\":\"2017-12-05T01:49:57+00:00\",\"description\":\"No dejar\u00e1 de volver en su gloria Jes\u00fas, quien resucit\u00f3 de entre los muertos y subi\u00f3 al cielo. Claro, \u00e9l nos quiere vigilantes siempre y diligentes.\",\"breadcrumb\":{\"@id\":\"https:\/\/vincentians.com\/es\/domingo-1-adviento-dizonreyes-vigilantes\/#breadcrumb\"},\"inLanguage\":\"es\",\"potentialAction\":[{\"@type\":\"ReadAction\",\"target\":[\"https:\/\/vincentians.com\/es\/domingo-1-adviento-dizonreyes-vigilantes\/\"]}]},{\"@type\":\"ImageObject\",\"inLanguage\":\"es\",\"@id\":\"https:\/\/vincentians.com\/es\/domingo-1-adviento-dizonreyes-vigilantes\/#primaryimage\",\"url\":\"https:\/\/i0.wp.com\/vincentians.com\/es\/wp-content\/uploads\/sites\/11\/2016\/07\/reflexiones-ross.jpg?fit=1200%2C630&ssl=1\",\"contentUrl\":\"https:\/\/i0.wp.com\/vincentians.com\/es\/wp-content\/uploads\/sites\/11\/2016\/07\/reflexiones-ross.jpg?fit=1200%2C630&ssl=1\",\"width\":1200,\"height\":630},{\"@type\":\"BreadcrumbList\",\"@id\":\"https:\/\/vincentians.com\/es\/domingo-1-adviento-dizonreyes-vigilantes\/#breadcrumb\",\"itemListElement\":[{\"@type\":\"ListItem\",\"position\":1,\"name\":\"Portada\",\"item\":\"https:\/\/vincentians.com\/es\/\"},{\"@type\":\"ListItem\",\"position\":2,\"name\":\"Domingo 1\u00ba de Adviento (reflexi\u00f3n de Rosalino Dizon Reyes)\"}]},{\"@type\":\"WebSite\",\"@id\":\"https:\/\/vincentians.com\/es\/#website\",\"url\":\"https:\/\/vincentians.com\/es\/\",\"name\":\"Somos Vicencianos\",\"description\":\"Know more to serve more\",\"publisher\":{\"@id\":\"https:\/\/vincentians.com\/es\/#organization\"},\"potentialAction\":[{\"@type\":\"SearchAction\",\"target\":{\"@type\":\"EntryPoint\",\"urlTemplate\":\"https:\/\/vincentians.com\/es\/?s={search_term_string}\"},\"query-input\":{\"@type\":\"PropertyValueSpecification\",\"valueRequired\":true,\"valueName\":\"search_term_string\"}}],\"inLanguage\":\"es\"},{\"@type\":\"Organization\",\"@id\":\"https:\/\/vincentians.com\/es\/#organization\",\"name\":\"The Vincentian Network\",\"url\":\"https:\/\/vincentians.com\/es\/\",\"logo\":{\"@type\":\"ImageObject\",\"inLanguage\":\"es\",\"@id\":\"https:\/\/vincentians.com\/es\/#\/schema\/logo\/image\/\",\"url\":\"https:\/\/i1.wp.com\/vincentians.com\/es\/wp-content\/uploads\/sites\/11\/2016\/06\/Vincentian-Network-logo-big.png?fit=778%2C778\",\"contentUrl\":\"https:\/\/i1.wp.com\/vincentians.com\/es\/wp-content\/uploads\/sites\/11\/2016\/06\/Vincentian-Network-logo-big.png?fit=778%2C778\",\"width\":778,\"height\":778,\"caption\":\"The Vincentian Network\"},\"image\":{\"@id\":\"https:\/\/vincentians.com\/es\/#\/schema\/logo\/image\/\"},\"sameAs\":[\"https:\/\/www.facebook.com\/WeAreVincentians\/\",\"https:\/\/x.com\/WeVincentians\"]},{\"@type\":\"Person\",\"@id\":\"https:\/\/vincentians.com\/es\/#\/schema\/person\/6b250b52a52e7af2128e08c36145865d\",\"name\":\"Ross Reyes Dizon\",\"image\":{\"@type\":\"ImageObject\",\"inLanguage\":\"es\",\"@id\":\"https:\/\/vincentians.com\/es\/#\/schema\/person\/image\/\",\"url\":\"https:\/\/secure.gravatar.com\/avatar\/84437f3208f798bde5b9b066b0f340b70134675aa8c7b7ec4464b9808a05c195?s=96&d=mm&r=g\",\"contentUrl\":\"https:\/\/secure.gravatar.com\/avatar\/84437f3208f798bde5b9b066b0f340b70134675aa8c7b7ec4464b9808a05c195?s=96&d=mm&r=g\",\"caption\":\"Ross Reyes Dizon\"},\"description\":\"Ross owes his formation to Filipino, Spanish and U.S. Vincentian missionaries. A native of the Philippines, he now lives in Vallejo, California, with his wife Melody. They have two grown-up sons, Vincent and Justin, and are full-time babysitters to grandchildren, Maximilian Fr\u00e9d\u00e9ric and Vivianna Louise. Ross volunteers at Margaret Todd Senior Center, Novato, California, teaching a free weekly citizenship class for mostly Spanish-speakers.\",\"url\":\"https:\/\/vincentians.com\/es\/author\/rosalino\/\"}]}<\/script>\n<!-- \/ Yoast SEO plugin. -->","yoast_head_json":{"title":"Domingo 1\u00ba de Adviento (reflexi\u00f3n de Rosalino Dizon Reyes) - Somos Vicencianos","description":"No dejar\u00e1 de volver en su gloria Jes\u00fas, quien resucit\u00f3 de entre los muertos y subi\u00f3 al cielo. Claro, \u00e9l nos quiere vigilantes siempre y diligentes.","robots":{"index":"index","follow":"follow","max-snippet":"max-snippet:-1","max-image-preview":"max-image-preview:large","max-video-preview":"max-video-preview:-1"},"canonical":"https:\/\/vincentians.com\/es\/domingo-1-adviento-dizonreyes-vigilantes\/","og_locale":"es_ES","og_type":"article","og_title":"Domingo 1\u00ba de Adviento (reflexi\u00f3n de Rosalino Dizon Reyes) - Somos Vicencianos","og_description":"No dejar\u00e1 de volver en su gloria Jes\u00fas, quien resucit\u00f3 de entre los muertos y subi\u00f3 al cielo. Claro, \u00e9l nos quiere vigilantes siempre y diligentes.","og_url":"https:\/\/vincentians.com\/es\/domingo-1-adviento-dizonreyes-vigilantes\/","og_site_name":"Somos Vicencianos","article_publisher":"https:\/\/www.facebook.com\/WeAreVincentians\/","article_published_time":"2017-11-29T08:12:59+00:00","article_modified_time":"2017-12-05T01:49:57+00:00","og_image":[{"width":1200,"height":630,"url":"https:\/\/i0.wp.com\/vincentians.com\/es\/wp-content\/uploads\/sites\/11\/2016\/07\/reflexiones-ross.jpg?fit=1200%2C630&ssl=1","type":"image\/jpeg"}],"author":"Ross Reyes Dizon","twitter_card":"summary_large_image","twitter_creator":"@WeVincentians","twitter_site":"@WeVincentians","twitter_misc":{"Escrito por":"Ross Reyes Dizon","Tiempo de lectura":"2 minutos"},"schema":{"@context":"https:\/\/schema.org","@graph":[{"@type":"Article","@id":"https:\/\/vincentians.com\/es\/domingo-1-adviento-dizonreyes-vigilantes\/#article","isPartOf":{"@id":"https:\/\/vincentians.com\/es\/domingo-1-adviento-dizonreyes-vigilantes\/"},"author":{"name":"Ross Reyes Dizon","@id":"https:\/\/vincentians.com\/es\/#\/schema\/person\/6b250b52a52e7af2128e08c36145865d"},"headline":"Domingo 1\u00ba de Adviento (reflexi\u00f3n de Rosalino Dizon Reyes)","datePublished":"2017-11-29T08:12:59+00:00","dateModified":"2017-12-05T01:49:57+00:00","mainEntityOfPage":{"@id":"https:\/\/vincentians.com\/es\/domingo-1-adviento-dizonreyes-vigilantes\/"},"wordCount":455,"commentCount":0,"publisher":{"@id":"https:\/\/vincentians.com\/es\/#organization"},"image":{"@id":"https:\/\/vincentians.com\/es\/domingo-1-adviento-dizonreyes-vigilantes\/#primaryimage"},"thumbnailUrl":"https:\/\/i0.wp.com\/vincentians.com\/es\/wp-content\/uploads\/sites\/11\/2016\/07\/reflexiones-ross.jpg?fit=1200%2C630&ssl=1","articleSection":["Homil\u00edas y reflexiones, A\u00f1o B"],"inLanguage":"es","potentialAction":[{"@type":"CommentAction","name":"Comment","target":["https:\/\/vincentians.com\/es\/domingo-1-adviento-dizonreyes-vigilantes\/#respond"]}]},{"@type":"WebPage","@id":"https:\/\/vincentians.com\/es\/domingo-1-adviento-dizonreyes-vigilantes\/","url":"https:\/\/vincentians.com\/es\/domingo-1-adviento-dizonreyes-vigilantes\/","name":"Domingo 1\u00ba de Adviento (reflexi\u00f3n de Rosalino Dizon Reyes) - Somos Vicencianos","isPartOf":{"@id":"https:\/\/vincentians.com\/es\/#website"},"primaryImageOfPage":{"@id":"https:\/\/vincentians.com\/es\/domingo-1-adviento-dizonreyes-vigilantes\/#primaryimage"},"image":{"@id":"https:\/\/vincentians.com\/es\/domingo-1-adviento-dizonreyes-vigilantes\/#primaryimage"},"thumbnailUrl":"https:\/\/i0.wp.com\/vincentians.com\/es\/wp-content\/uploads\/sites\/11\/2016\/07\/reflexiones-ross.jpg?fit=1200%2C630&ssl=1","datePublished":"2017-11-29T08:12:59+00:00","dateModified":"2017-12-05T01:49:57+00:00","description":"No dejar\u00e1 de volver en su gloria Jes\u00fas, quien resucit\u00f3 de entre los muertos y subi\u00f3 al cielo. Claro, \u00e9l nos quiere vigilantes siempre y diligentes.","breadcrumb":{"@id":"https:\/\/vincentians.com\/es\/domingo-1-adviento-dizonreyes-vigilantes\/#breadcrumb"},"inLanguage":"es","potentialAction":[{"@type":"ReadAction","target":["https:\/\/vincentians.com\/es\/domingo-1-adviento-dizonreyes-vigilantes\/"]}]},{"@type":"ImageObject","inLanguage":"es","@id":"https:\/\/vincentians.com\/es\/domingo-1-adviento-dizonreyes-vigilantes\/#primaryimage","url":"https:\/\/i0.wp.com\/vincentians.com\/es\/wp-content\/uploads\/sites\/11\/2016\/07\/reflexiones-ross.jpg?fit=1200%2C630&ssl=1","contentUrl":"https:\/\/i0.wp.com\/vincentians.com\/es\/wp-content\/uploads\/sites\/11\/2016\/07\/reflexiones-ross.jpg?fit=1200%2C630&ssl=1","width":1200,"height":630},{"@type":"BreadcrumbList","@id":"https:\/\/vincentians.com\/es\/domingo-1-adviento-dizonreyes-vigilantes\/#breadcrumb","itemListElement":[{"@type":"ListItem","position":1,"name":"Portada","item":"https:\/\/vincentians.com\/es\/"},{"@type":"ListItem","position":2,"name":"Domingo 1\u00ba de Adviento (reflexi\u00f3n de Rosalino Dizon Reyes)"}]},{"@type":"WebSite","@id":"https:\/\/vincentians.com\/es\/#website","url":"https:\/\/vincentians.com\/es\/","name":"Somos Vicencianos","description":"Know more to serve more","publisher":{"@id":"https:\/\/vincentians.com\/es\/#organization"},"potentialAction":[{"@type":"SearchAction","target":{"@type":"EntryPoint","urlTemplate":"https:\/\/vincentians.com\/es\/?s={search_term_string}"},"query-input":{"@type":"PropertyValueSpecification","valueRequired":true,"valueName":"search_term_string"}}],"inLanguage":"es"},{"@type":"Organization","@id":"https:\/\/vincentians.com\/es\/#organization","name":"The Vincentian Network","url":"https:\/\/vincentians.com\/es\/","logo":{"@type":"ImageObject","inLanguage":"es","@id":"https:\/\/vincentians.com\/es\/#\/schema\/logo\/image\/","url":"https:\/\/i1.wp.com\/vincentians.com\/es\/wp-content\/uploads\/sites\/11\/2016\/06\/Vincentian-Network-logo-big.png?fit=778%2C778","contentUrl":"https:\/\/i1.wp.com\/vincentians.com\/es\/wp-content\/uploads\/sites\/11\/2016\/06\/Vincentian-Network-logo-big.png?fit=778%2C778","width":778,"height":778,"caption":"The Vincentian Network"},"image":{"@id":"https:\/\/vincentians.com\/es\/#\/schema\/logo\/image\/"},"sameAs":["https:\/\/www.facebook.com\/WeAreVincentians\/","https:\/\/x.com\/WeVincentians"]},{"@type":"Person","@id":"https:\/\/vincentians.com\/es\/#\/schema\/person\/6b250b52a52e7af2128e08c36145865d","name":"Ross Reyes Dizon","image":{"@type":"ImageObject","inLanguage":"es","@id":"https:\/\/vincentians.com\/es\/#\/schema\/person\/image\/","url":"https:\/\/secure.gravatar.com\/avatar\/84437f3208f798bde5b9b066b0f340b70134675aa8c7b7ec4464b9808a05c195?s=96&d=mm&r=g","contentUrl":"https:\/\/secure.gravatar.com\/avatar\/84437f3208f798bde5b9b066b0f340b70134675aa8c7b7ec4464b9808a05c195?s=96&d=mm&r=g","caption":"Ross Reyes Dizon"},"description":"Ross owes his formation to Filipino, Spanish and U.S. Vincentian missionaries. A native of the Philippines, he now lives in Vallejo, California, with his wife Melody. They have two grown-up sons, Vincent and Justin, and are full-time babysitters to grandchildren, Maximilian Fr\u00e9d\u00e9ric and Vivianna Louise. Ross volunteers at Margaret Todd Senior Center, Novato, California, teaching a free weekly citizenship class for mostly Spanish-speakers.","url":"https:\/\/vincentians.com\/es\/author\/rosalino\/"}]}},"jetpack_publicize_connections":[],"jetpack_featured_media_url":"https:\/\/i0.wp.com\/vincentians.com\/es\/wp-content\/uploads\/sites\/11\/2016\/07\/reflexiones-ross.jpg?fit=1200%2C630&ssl=1","jetpack_sharing_enabled":true,"jetpack_shortlink":"https:\/\/wp.me\/p7ETMF-1GqY","jetpack-related-posts":[{"id":132357,"url":"https:\/\/vincentians.com\/es\/ciclo-b-domingo-1%c2%ba-de-adviento-reflexion-de-jose-roman-flecha\/","url_meta":{"origin":401448,"position":0},"title":"Ciclo B, Domingo 1\u00ba de Adviento (reflexi\u00f3n de Jos\u00e9 Rom\u00e1n Flecha)","author":"Francisco Javier Fern\u00e1ndez Chento","date":"23\/11\/2011","format":false,"excerpt":"EL ECLIPSE Y LA PRESENCIA Domingo 1\u00ba de Adviento. B 27 de noviembre de 2011 Con motivo de la Jornada Mundial de la Juventud, el papa Benedicto XVI ha repetido varias veces que nuestra sociedad parece haber aceptado tranquilamente la decisi\u00f3n de vivir el \"eclipse de Dios\". La respuesta cristiana\u2026","rel":"","context":"En \u00abHomil\u00edas y reflexiones, A\u00f1o B\u00bb","block_context":{"text":"Homil\u00edas y reflexiones, A\u00f1o B","link":"https:\/\/vincentians.com\/es\/category\/homilias-y-reflexiones-a-la-palabra-de-dios\/homilias-y-reflexiones-ano-b\/"},"img":{"alt_text":"","src":"","width":0,"height":0},"classes":[]},{"id":136970,"url":"https:\/\/vincentians.com\/es\/ciclo-a-domingo-de-resurreccion-reflexion-de-antonio-elduayen-c-m\/","url_meta":{"origin":401448,"position":1},"title":"Ciclo A, Domingo de Resurrecci\u00f3n (reflexi\u00f3n de Antonio Elduayen, C.M.)","author":"Francisco Javier Fern\u00e1ndez Chento","date":"22\/04\/2011","format":false,"excerpt":"Queridos amigos En esta noche\u00a0\u00a1JESUCRISTO RESUCITO\u2026! Muchos de nosotros le hemos acompa\u00f1ado en Vigilia Pascual, en vigilante espera, hasta que de repente se hizo la luz y todo fue alegr\u00eda, canto, palmas, abrazos\u2026\u00a0\u00a1ALELUYA!, es la palabra que m\u00e1s hemos repetido. En hebreo quiere decir \u00a1Alaben a Yav\u00e9!, y es como\u2026","rel":"","context":"En \u00abHomil\u00edas y reflexiones, A\u00f1o A\u00bb","block_context":{"text":"Homil\u00edas y reflexiones, A\u00f1o A","link":"https:\/\/vincentians.com\/es\/category\/homilias-y-reflexiones-a-la-palabra-de-dios\/homilias-y-reflexiones-ano-a\/"},"img":{"alt_text":"","src":"https:\/\/i0.wp.com\/vincentians.com\/es\/wp-content\/uploads\/sites\/11\/2016\/07\/reflexiones-palabra-de-dios.jpg?fit=1200%2C630&ssl=1&resize=350%2C200","width":350,"height":200,"srcset":"https:\/\/i0.wp.com\/vincentians.com\/es\/wp-content\/uploads\/sites\/11\/2016\/07\/reflexiones-palabra-de-dios.jpg?fit=1200%2C630&ssl=1&resize=350%2C200 1x, https:\/\/i0.wp.com\/vincentians.com\/es\/wp-content\/uploads\/sites\/11\/2016\/07\/reflexiones-palabra-de-dios.jpg?fit=1200%2C630&ssl=1&resize=525%2C300 1.5x, https:\/\/i0.wp.com\/vincentians.com\/es\/wp-content\/uploads\/sites\/11\/2016\/07\/reflexiones-palabra-de-dios.jpg?fit=1200%2C630&ssl=1&resize=700%2C400 2x, https:\/\/i0.wp.com\/vincentians.com\/es\/wp-content\/uploads\/sites\/11\/2016\/07\/reflexiones-palabra-de-dios.jpg?fit=1200%2C630&ssl=1&resize=1050%2C600 3x"},"classes":[]},{"id":120615,"url":"https:\/\/vincentians.com\/es\/una-vida-espiritual-cristiana-sin-rebajas-como-huir-de-las-medianias\/","url_meta":{"origin":401448,"position":2},"title":"Una vida espiritual cristiana sin rebajas. C\u00f3mo huir de las median\u00edas","author":"Francisco Javier Fern\u00e1ndez Chento","date":"24\/03\/2015","format":false,"excerpt":"I. La plegaria por la consumaci\u00f3n 1. La palabra Maran\u00e1 Tha El comienzo de nuestra reflexi\u00f3n toma como punto de partida el grito lit\u00fargico, proveniente de la primera hora y recogido por el Ap\u00f3stol Pablo, en su literalidad: Marana tha (1Cor 16,22). Este texto aparece en Pablo en el contexto\u2026","rel":"","context":"En \u00abEspiritualidad vicenciana\u00bb","block_context":{"text":"Espiritualidad vicenciana","link":"https:\/\/vincentians.com\/es\/category\/espiritualidad\/espiritualidad-vicenciana\/"},"img":{"alt_text":"sigo_a_jesus","src":"https:\/\/i0.wp.com\/vicencianos.org\/wp-content\/2013\/05\/sigo_a_jesus-300x242.jpg?resize=350%2C200","width":350,"height":200},"classes":[]},{"id":398900,"url":"https:\/\/vincentians.com\/es\/19o-domingo-t-jose-cervantes-gabarron\/","url_meta":{"origin":401448,"position":3},"title":"19\u00ba Domingo de T.O. (Jos\u00e9 Cervantes Gabarr\u00f3n)","author":"Francisco Javier Fern\u00e1ndez Chento","date":"06\/08\/2016","format":false,"excerpt":"\u201cAm\u00e9n\u201d significa acoger el Reino de Dios En dos palabras podr\u00edamos resumir el mensaje b\u00edblico de este domingo: Reino y Am\u00e9n. El Reino de Dios es el n\u00facleo fundamental del mensaje de Jes\u00fas. En ning\u00fan lugar evang\u00e9lico se nos da una definici\u00f3n del Reino, de manera que no podemos decir\u2026","rel":"","context":"En \u00abHomil\u00edas y reflexiones, A\u00f1o C\u00bb","block_context":{"text":"Homil\u00edas y reflexiones, A\u00f1o C","link":"https:\/\/vincentians.com\/es\/category\/homilias-y-reflexiones-a-la-palabra-de-dios\/homilias-y-reflexiones-ano-c\/"},"img":{"alt_text":"","src":"https:\/\/i0.wp.com\/vincentians.com\/es\/wp-content\/uploads\/sites\/11\/2016\/07\/reflexiones-jose-cervantes.jpg?fit=1200%2C630&ssl=1&resize=350%2C200","width":350,"height":200,"srcset":"https:\/\/i0.wp.com\/vincentians.com\/es\/wp-content\/uploads\/sites\/11\/2016\/07\/reflexiones-jose-cervantes.jpg?fit=1200%2C630&ssl=1&resize=350%2C200 1x, https:\/\/i0.wp.com\/vincentians.com\/es\/wp-content\/uploads\/sites\/11\/2016\/07\/reflexiones-jose-cervantes.jpg?fit=1200%2C630&ssl=1&resize=525%2C300 1.5x, https:\/\/i0.wp.com\/vincentians.com\/es\/wp-content\/uploads\/sites\/11\/2016\/07\/reflexiones-jose-cervantes.jpg?fit=1200%2C630&ssl=1&resize=700%2C400 2x, https:\/\/i0.wp.com\/vincentians.com\/es\/wp-content\/uploads\/sites\/11\/2016\/07\/reflexiones-jose-cervantes.jpg?fit=1200%2C630&ssl=1&resize=1050%2C600 3x"},"classes":[]},{"id":132363,"url":"https:\/\/vincentians.com\/es\/ciclo-b-domingo-3%c2%ba-de-adviento-reflexion-de-pedro-guillen-goni-c-m\/","url_meta":{"origin":401448,"position":4},"title":"Ciclo B, Domingo 3\u00ba de Adviento (reflexi\u00f3n de Pedro Guill\u00e9n Go\u00f1i, C.M.)","author":"Francisco Javier Fern\u00e1ndez Chento","date":"10\/12\/2011","format":false,"excerpt":"En el evangelio de hoy sigue adquiriendo protagonismo, en este tiempo de adviento, la figura de Juan Bautista. El pr\u00f3logo del 4\u00ba evangelio, el de San Juan que la liturgia nos propone como reflexi\u00f3n, destaca la presencia del Bautista como testigo de la Luz. Jes\u00fas es la luz verdadera porque\u2026","rel":"","context":"En \u00abHomil\u00edas y reflexiones, A\u00f1o B\u00bb","block_context":{"text":"Homil\u00edas y reflexiones, A\u00f1o B","link":"https:\/\/vincentians.com\/es\/category\/homilias-y-reflexiones-a-la-palabra-de-dios\/homilias-y-reflexiones-ano-b\/"},"img":{"alt_text":"","src":"https:\/\/i0.wp.com\/vincentians.com\/es\/wp-content\/uploads\/sites\/11\/2016\/07\/reflexiones-palabra-de-dios.jpg?fit=1200%2C630&ssl=1&resize=350%2C200","width":350,"height":200,"srcset":"https:\/\/i0.wp.com\/vincentians.com\/es\/wp-content\/uploads\/sites\/11\/2016\/07\/reflexiones-palabra-de-dios.jpg?fit=1200%2C630&ssl=1&resize=350%2C200 1x, https:\/\/i0.wp.com\/vincentians.com\/es\/wp-content\/uploads\/sites\/11\/2016\/07\/reflexiones-palabra-de-dios.jpg?fit=1200%2C630&ssl=1&resize=525%2C300 1.5x, https:\/\/i0.wp.com\/vincentians.com\/es\/wp-content\/uploads\/sites\/11\/2016\/07\/reflexiones-palabra-de-dios.jpg?fit=1200%2C630&ssl=1&resize=700%2C400 2x, https:\/\/i0.wp.com\/vincentians.com\/es\/wp-content\/uploads\/sites\/11\/2016\/07\/reflexiones-palabra-de-dios.jpg?fit=1200%2C630&ssl=1&resize=1050%2C600 3x"},"classes":[]},{"id":7260,"url":"https:\/\/vincentians.com\/es\/domingo-1o-de-adviento-reflexion-de-julio-cesar-villalobos-c-m-2\/","url_meta":{"origin":401448,"position":5},"title":"Domingo 1\u00ba de Adviento (reflexi\u00f3n de Julio C\u00e9sar Villalobos, C.M.)","author":"Francisco Javier Fern\u00e1ndez Chento","date":"29\/11\/2014","format":false,"excerpt":"El cristiano vigilante Hoy, querido hermano y hermana, empezamos un nuevo a\u00f1o lit\u00fargico con un tiempo especialmente hermoso, como es el tiempo de Adviento. \u00bfAlguna vez le has \"retado\" a Dios?, \u00bfc\u00f3mo te sentiste?, \u00bfqu\u00e9 le dijiste?, \u00bfpor qu\u00e9 lo hiciste? Isa\u00edas, en la primera lectura (IS.63,16b-17.19b; 64,2b-7), empieza reconociendo\u2026","rel":"","context":"En \u00abHomil\u00edas y reflexiones, A\u00f1o B\u00bb","block_context":{"text":"Homil\u00edas y reflexiones, A\u00f1o B","link":"https:\/\/vincentians.com\/es\/category\/homilias-y-reflexiones-a-la-palabra-de-dios\/homilias-y-reflexiones-ano-b\/"},"img":{"alt_text":"","src":"https:\/\/i0.wp.com\/vincentians.com\/es\/wp-content\/uploads\/sites\/11\/2016\/07\/reflexiones-palabra-de-dios.jpg?fit=1200%2C630&ssl=1&resize=350%2C200","width":350,"height":200,"srcset":"https:\/\/i0.wp.com\/vincentians.com\/es\/wp-content\/uploads\/sites\/11\/2016\/07\/reflexiones-palabra-de-dios.jpg?fit=1200%2C630&ssl=1&resize=350%2C200 1x, https:\/\/i0.wp.com\/vincentians.com\/es\/wp-content\/uploads\/sites\/11\/2016\/07\/reflexiones-palabra-de-dios.jpg?fit=1200%2C630&ssl=1&resize=525%2C300 1.5x, https:\/\/i0.wp.com\/vincentians.com\/es\/wp-content\/uploads\/sites\/11\/2016\/07\/reflexiones-palabra-de-dios.jpg?fit=1200%2C630&ssl=1&resize=700%2C400 2x, https:\/\/i0.wp.com\/vincentians.com\/es\/wp-content\/uploads\/sites\/11\/2016\/07\/reflexiones-palabra-de-dios.jpg?fit=1200%2C630&ssl=1&resize=1050%2C600 3x"},"classes":[]}],"_links":{"self":[{"href":"https:\/\/vincentians.com\/es\/wp-json\/wp\/v2\/posts\/401448","targetHints":{"allow":["GET"]}}],"collection":[{"href":"https:\/\/vincentians.com\/es\/wp-json\/wp\/v2\/posts"}],"about":[{"href":"https:\/\/vincentians.com\/es\/wp-json\/wp\/v2\/types\/post"}],"author":[{"embeddable":true,"href":"https:\/\/vincentians.com\/es\/wp-json\/wp\/v2\/users\/3"}],"replies":[{"embeddable":true,"href":"https:\/\/vincentians.com\/es\/wp-json\/wp\/v2\/comments?post=401448"}],"version-history":[{"count":7,"href":"https:\/\/vincentians.com\/es\/wp-json\/wp\/v2\/posts\/401448\/revisions"}],"predecessor-version":[{"id":401466,"href":"https:\/\/vincentians.com\/es\/wp-json\/wp\/v2\/posts\/401448\/revisions\/401466"}],"wp:featuredmedia":[{"embeddable":true,"href":"https:\/\/vincentians.com\/es\/wp-json\/wp\/v2\/media\/388397"}],"wp:attachment":[{"href":"https:\/\/vincentians.com\/es\/wp-json\/wp\/v2\/media?parent=401448"}],"wp:term":[{"taxonomy":"category","embeddable":true,"href":"https:\/\/vincentians.com\/es\/wp-json\/wp\/v2\/categories?post=401448"},{"taxonomy":"post_tag","embeddable":true,"href":"https:\/\/vincentians.com\/es\/wp-json\/wp\/v2\/tags?post=401448"}],"curies":[{"name":"wp","href":"https:\/\/api.w.org\/{rel}","templated":true}]}}