{"id":40127,"date":"2023-12-27T08:05:42","date_gmt":"2023-12-27T07:05:42","guid":{"rendered":"http:\/\/somos.vicencianos.org\/blog\/2011\/05\/fecha-numero-y-autenticidad-de-las-apariciones-de-la-virgen-milagrosa\/"},"modified":"2023-08-02T19:29:16","modified_gmt":"2023-08-02T17:29:16","slug":"fecha-numero-y-autenticidad-de-las-apariciones-de-la-virgen-milagrosa","status":"publish","type":"post","link":"https:\/\/vincentians.com\/es\/fecha-numero-y-autenticidad-de-las-apariciones-de-la-virgen-milagrosa\/","title":{"rendered":"Fecha, n\u00famero y autenticidad de las apariciones de la Virgen Milagrosa"},"content":{"rendered":"<p>Hace 150 a\u00f1os, Catalina Labour\u00e9, campesina borgo\u00f1ona que hab\u00eda entrado en el seminario de la rue du Bac el 21 de abril de 1830, tuvo visiones del coraz\u00f3n de Monsieur Vincent, desde el lunes 26 de abril hasta el 2 de mayo, y luego aparicio\u00adnes de la Virgen, quien pidi\u00f3 se hiciese acu\u00f1ar la Medalla Mi\u00adlagrosa.<\/p>\n<div>\n<p>Estas apariciones determinaron, en las dos familias funda\u00addas por san Vicente de Pa\u00fal (las \u00abfamilias vicencianas\u00bb, como hoy se dice) y en la Iglesia entera, una maravillosa corriente carism\u00e1tica, inspirada por un soplo de esperanza. As\u00ed fueron vencidas la morosidad, tibieza, decadencia que hab\u00edan seguido a la Revoluci\u00f3n. As\u00ed lleg\u00f3 un raudal inmenso de curaciones, conversiones, protecciones. La repercusi\u00f3n fue considerable. Ozanam no se content\u00f3 con dar cuenta del primer libro en que se hablaba de la Medalla Milagrosa, sino que llevaba esa Me\u00addalla, y el mismo Newman se la puso, el 2 de agosto de 1845, cuatro meses antes de su conversi\u00f3n.<\/p>\n<p>Un joven banquero, jud\u00edo alsaciano, Alfonso Ratisbona, se convirti\u00f3 de la forma m\u00e1s inesperada, el 20 de enero de 1842, por la aparici\u00f3n de la Medalla Milagrosa. De ello hizo proceso, para su constancia oficial, la di\u00f3cesis de Roma. Era preciso mencionar esta corriente carism\u00e1tica, pues da sentido a los hechos que tiene como fuente.<\/p>\n<\/div>\n<p>Pero mi tarea consiste en alumbrar esas fuentes : las apa\u00adriciones. Tarea dif\u00edcil, dado que, durante tres a\u00f1os (1830- 1833), falta toda documentaci\u00f3n, si se except\u00faa la Medalla misma, documento arqueol\u00f3gico y prehist\u00f3rico, de junio de 1832.<\/p>\n<div>\n<p>Ante ese vac\u00edo inicial y la falta de toda indagaci\u00f3n para precisar puntos tiempo ha inseguros, los historiadores de las apariciones han reconstruido \u00e9stas de modo endeble, divergen\u00adte, lleno de incertidumbres y contradicciones que han creado malestar en la intelectualidad, aun dentro de ambas familias vicencianas. La corriente esc\u00e9ptica es anterior a la muerte de Catalina. No era de prever que fuese canonizada, y su causa fue introducida gracias a la en\u00e9rgica voluntad del cardenal Gaetano Aloisi-Masella, prefecto de la Sagrada Congrega\u00adci\u00f3n de Ritos, en Roma.<\/p>\n<h2><em>Objeciones radicales<\/em><\/h2>\n<p>Aunque hab\u00eda una corriente de fervor incondicional, oral\u00admente quedaban planteadas algunas cuestiones. Y se me plan\u00adtearon a m\u00ed al comienzo del trabajo : \u00bfNo so\u00f1ar\u00eda Catalina? \u00bfNo aportar\u00eda algo propio ? \u00bfEstaba en sus cabales ? El Padre Coste, secretario y archivero de los Lazaristas (1873-1935), prest\u00f3 un servicio a la historia dando a esta corriente una expresi\u00f3n escrita (y confidencial). H\u00edzolo en una carta y 5 Memorias, que acometi\u00f3 sin desaliento una y otra vez, con una pasi\u00f3n y un rigor asombrosos, pues llega a decir, en carta del 2 de julio de 1930 a la Sagrada Congregaci\u00f3n de Ritos, para que \u00e9sta deseche la causa de canonizaci\u00f3n de Catalina:<\/p>\n<p style=\"padding-left: 30px\">Era impaciente, glotona, de una piedad muy ordinaria\u00a0 [&#8230;]. Hac\u00eda falsas predicciones [&#8230;]. Su palabra no es de garant\u00eda alguna. Vari\u00f3 en sus declaraciones, refiri\u00f3 extra\u00advagancias, y no acert\u00f3 en sus vaticinios m\u00e1s que cuando concern\u00edan a hechos consumados; siempre err\u00f3 en cuanto a acontecimientos venideros, etc&#8230;.<span id='easy-footnote-1-40127' class='easy-footnote-margin-adjust'><\/span><span class='easy-footnote'><a href='https:\/\/vincentians.com\/es\/fecha-numero-y-autenticidad-de-las-apariciones-de-la-virgen-milagrosa\/#easy-footnote-bottom-1-40127' title='Sobre todo eso, R. LAURENTIN, &lt;em&gt;Catherine Labour\u00e9 et la M\u00e9daille Mira&lt;\/em&gt;&lt;em&gt;culeuse, &lt;\/em&gt;Documents, tome 1 (en colaboraci\u00f3n con Ph. Roche), Paris, Lethie\u00adlleux, 1976, pp. 32-6.'><sup>1<\/sup><\/a><\/span>\n<\/div>\n<div>\n<p>Mas si digo que Coste tuvo el <em>m\u00e9rito <\/em>de poner sus objecio\u00adnes por escrito, no dejar\u00eda de ser injusta la sola noci\u00f3n de que <em>tuvo objeciones y <\/em>juicios severos para con Catalina. Pregunta\u00adr\u00edamos adem\u00e1s por el tenor, envergadura y gravedad de \u00e9stos. Que Monsieur Coste, maestro en punto a documentos y ar\u00adchivos, reuniese en 5 Memorias sucesivas todo lo hallado con\u00adtra Catalina y sus apariciones, da a las dificultades medida y peso justos, y yo quedo extra\u00f1ado ante la insignificancia de todo ello, sobre lo que no es \u00e9ste el momento de volver. Lo recuerdo al comienzo, para que se manifieste c\u00f3mo la auten\u00adticidad de la santidad de Catalina y la credibilidad del relato aut\u00f3grafo de sus apariciones son una cuesti\u00f3n discutida que importaba sacar a la luz en este CL aniversario, cosa que hago, con todas las aproximaciones y resultados, en <em>La Vie de <\/em><em>Catherine Labour\u00e9. Textes et preuves<\/em>.<span id='easy-footnote-2-40127' class='easy-footnote-margin-adjust'><\/span><span class='easy-footnote'><a href='https:\/\/vincentians.com\/es\/fecha-numero-y-autenticidad-de-las-apariciones-de-la-virgen-milagrosa\/#easy-footnote-bottom-2-40127' title='R. LAURENTIN, &lt;em&gt;Vie de Catherine, &lt;\/em&gt;Paris, DDB, 1980 (en prensa), ch. 3. note.'><sup>2<\/sup><\/a><\/span>\n<h2><em>Las apariciones de 1830<\/em><\/h2>\n<p>Delimitemos el tema. Excepto el sue\u00f1o de sus 18 a\u00f1os, cuando Catalina tuvo la visi\u00f3n impresionante y an\u00f3nima de Monsieur Vincent, y la visi\u00f3n de la Cruz en 1848,<span id='easy-footnote-3-40127' class='easy-footnote-margin-adjust'><\/span><span class='easy-footnote'><a href='https:\/\/vincentians.com\/es\/fecha-numero-y-autenticidad-de-las-apariciones-de-la-virgen-milagrosa\/#easy-footnote-bottom-3-40127' title='Ib. ch. 2, note: Visi\u00f3n y sue\u00f1o de san Vicente. Ch. 5, note: Visi\u00f3n de la Cruz en 1948. La visi\u00f3n de la Virgen en Reuilly durante la Comuna era, seg\u00fan testimonio de Catalina, un sue\u00f1o tambi\u00e9n, mas luego los testigos pensaron que hab\u00eda dicho \u00absue\u00f1o\u00bb &lt;em&gt;por humildad &lt;\/em&gt;(lb., ch. 7).'><sup>3<\/sup><\/a><\/span> Catalina no tuvo apariciones m\u00e1s que durante el seminario \u2014del 21 de abril, 1830 al 31 de enero, 1831\u2014, y esas visiones, lo vere\u00admos, caen en un \u00fanico a\u00f1o, 1830, entre abril y diciembre.<\/p>\n<\/div>\n<div>\n<p>Durante su vida, s\u00f3lo dos se divulgaron: las visiones del <em>coraz\u00f3n de Monsieur Vincent <\/em>y las de la Medalla; las primeras y las \u00faltimas. Entre unas y otras tuvo Catalina, durante todo el tiempo del seminario, visiones eucar\u00edsticas y, en la noche del 18 al 19 de julio de 1830, una primera visi\u00f3n de Nuestra Se\u00f1ora, en la que oy\u00f3 una larga confidencia centrada sobre su misi\u00f3n. Pero esas visiones se ignoraron hasta la muerte de Catalina, y s\u00f3lo se revelaron con sus aut\u00f3grafos.<\/p>\n<h2><em>Las visiones del coraz\u00f3n de san Vicente<\/em><\/h2>\n<p>Dichas visiones no se difundieron m\u00e1s que en forma oral con el apoyo de la iconograf\u00eda (cuadro de Lecerf, 1835) y luego el de las circulares del Padre Etienne, Superior General, des\u00adtinadas \u00fanicamente a los Padres de la Misi\u00f3n y a las Hijas de la Caridad. Son apariciones estrechamente unidas a las de la Virgen, y tuvieron importancia para la reforma y el esfuerzo de ambas familias vicencianas, que la Revoluci\u00f3n Francesa hab\u00eda disgregado.<\/p>\n<p>Hay que mencionarlas asimismo porque manifiestan las diferencias de interpretaci\u00f3n entre la versi\u00f3n oficial Aladel\u00adEtienne y los aut\u00f3grafos de Catalina. En una palabra, como m\u00e1s detalladamente lo establecimos en la <em>Vie de Catherine <\/em>(cap 3, nt 50), la versi\u00f3n oficial (muy antigua) difiere de la de Catalina en tres puntos principales:<span id='easy-footnote-4-40127' class='easy-footnote-margin-adjust'><\/span><span class='easy-footnote'><a href='https:\/\/vincentians.com\/es\/fecha-numero-y-autenticidad-de-las-apariciones-de-la-virgen-milagrosa\/#easy-footnote-bottom-4-40127' title='R. LAURENITN, &lt;em&gt;Vie de Catherine, &lt;\/em&gt;ch. 3, note. La aparici\u00f3n del Coraz\u00f3n.'><sup>4<\/sup><\/a><\/span>\n<\/div>\n<p>1.\u00b0 <em>La fecha:<\/em><\/p>\n<div>\n<ul>\n<li>Octava de la traslaci\u00f3n del cuerpo de san Vicente (25 de abril &#8211; 2 de mayo, 1830), seg\u00fan el aut\u00f3grafo de Catalina;<\/li>\n<li>Octava de la fiesta de san Vicente (19 de julio), seg\u00fan la versi\u00f3n oficial (Aladel-Etienne).<\/li>\n<\/ul>\n<p>2.\u00b0 <em>El n\u00famero y orden:<\/em><\/p>\n<ul>\n<li>Catalina habla de 3 apariciones, cuyos colores simb\u00f3licos son respectivamente <em>blanco, rojo y negro;<\/em><\/li>\n<li>La versi\u00f3n oficial estima 2 apariciones, la primera de color <em>negro, <\/em>anuncio de desgracias, la segunda de color <em>rojo, <\/em>anuncio de protecci\u00f3n.<\/li>\n<\/ul>\n<p>3.\u00b0 <em>Seg\u00fan Catalina, el mensaje es puramente simb\u00f3lico: el <\/em><em>coraz\u00f3n y los colores:<\/em><\/p>\n<ul>\n<li>Seg\u00fan Aladel-Etienne, va acompa\u00f1ado de palabras, que en la aparici\u00f3n oscura anuncian desgracias, y en la roja protecci\u00f3n a ambas familias vicencianas.<\/li>\n<\/ul>\n<p>El estudio cr\u00edtico da m\u00e1s bien la raz\u00f3n a la <em>fecha y circuns\u00ad<\/em><em>tancias <\/em>seg\u00fan la relaci\u00f3n ingenua de Catalina: abril, y julio. Y quiere demostrar a\u00fan algo m\u00e1s. Aladel y Etienne estaban muy impresionados por la Revoluci\u00f3n de julio. Las prediccio\u00adnes, en apariencia inveros\u00edmiles, de desgracias y de protecci\u00f3n, se hab\u00edan cumplido en ella. De ah\u00ed la presentaci\u00f3n sint\u00e9tica y simplificada de unas predicciones, que en Catalina son gra\u00adduales, seg\u00fan 3 apariciones :<\/p>\n<ul>\n<li>la del coraz\u00f3n de san Vicente en abril de 1830,<\/li>\n<li>la de Cristo en la Eucarist\u00eda el 6 de junio (s\u00edmbolo prof\u00e9\u00adtico de la Revoluci\u00f3n y de la deposici\u00f3n del Rey),<\/li>\n<li>la primera aparici\u00f3n de la Virgen (en la noche del 18 al 19 de julio, fiesta de san Vicente).<\/li>\n<\/ul>\n<\/div>\n<div>\n<p>Los documentos convencen m\u00e1s bien de que las dos pri\u00admeras predicciones no tuvieron sino <em>forma simb\u00f3lica, <\/em>y de que s\u00f3lo la tercera (la pl\u00e1tica con la Virgen en el sill\u00f3n, n.\u00b0 pp. 636-637) fue expl\u00edcita. Seg\u00fan los aut\u00f3grafos de Catalina, fue Nuestra Se\u00f1ora quien anunci\u00f3 expl\u00edcitamente, en el umbral de la Revoluci\u00f3n de julio, las perturbaciones y desgracias que iban a sobrevivir y la asombrosa protecci\u00f3n que iba a caber en suerte a las dos familias de Monsieur Vincent. El conjunto de esas movidas circunstancias, y el que Catalina tuviese la visi\u00f3n de Nuestra Se\u00f1ora precisamente en la fiesta de san Vi\u00adcente, contribuye a explicar por qu\u00e9 la visi\u00f3n abreviada de Aladel-Etienne pone las apariciones del coraz\u00f3n de san Vicen\u00adte en la fiesta de \u00e9ste, mientras guarda total silencio sobre la primera aparici\u00f3n de Mar\u00eda en esa misma fiesta.<\/p>\n<p>Tal interpretaci\u00f3n tiene el valor de una simplificaci\u00f3n sin\u00adt\u00e9tica, en la que se guarda el m\u00e1s completo silencio, ya sobre las visiones eucar\u00edsticas, ya sobre la primera aparici\u00f3n de la Virgen, que s\u00f3lo se revelaron muerta ya Catalina. Es una con\u00addensaci\u00f3n justa, pues desgracias y protecci\u00f3n fueron efectiva\u00admente anunciadas por Catalina de modo que provocaron es\u00adcepticismo, y se vinculan a la persona e intercesi\u00f3n, tanto de san Vicente, como de la Virgen Mar\u00eda.<\/p>\n<p>Pero el estudio del informe \u2014un ovillo, a primera vista\u2014nos ense\u00f1a el proceder de Aladel y Etienne en la comunicaci\u00f3n de un mensaje inefable. Consiste en estilizarlo todo y reducir\u00adlo a lo esencial. Importaba presentar estas conclusiones, tanto por raz\u00f3n de los lazos entre las apariciones de san Vicente y las de la Virgen, como por la luz que derraman sobre la l\u00ednea de acci\u00f3n y el g\u00e9nero literario t\u00edpicos de Etienne y Aladel.<\/p>\n<\/div>\n<h2><em>Nuestro itinerario<\/em><\/h2>\n<div>\n<p>No tardemos m\u00e1s y acometamos el tema: Las apariciones de la Medalla Milagrosa. Esta primera relaci\u00f3n tiene por ob\u00adjeto : La fecha, el n\u00famero, la cronolog\u00eda de las apariciones. El de la segunda ser\u00e1: Su contenido, principalmente la Virgen del Globo. Y el de la tercera: Sentido y autenticidad de las apariciones.<\/p>\n<p>Para el historiador son \u00e9stas unas cuestiones tan embrolla\u00addas, que yo cre\u00ed por largo tiempo no estar yendo a parte algu\u00adna. A la escasez de documentos se sumaba la falta de cr\u00edtica hist\u00f3rica que acentuaba a\u00fan el peso de ciertas convenciones, y uno dudaba de plantear las preguntas.<\/p>\n<p>Si han de rebasarse los prejuicios favorables (tales los de un Misermont), o los desfavorables (tales los de un Coste), hay que examinar la historia de las interpretaciones, aventura confusa cuya g\u00e9nesis precisa captar. Merced a este estudio g\u00e9\u00adn\u00e9tico acrisolaremos los verdaderos datos y quedar\u00e1 en eviden\u00adcia lo aprior\u00edstico de construcciones artificiosas que no estriban en los documentos. Una vez se exponga este <em>status quaestio\u00adnis, <\/em>nuestras conclusiones se impondr\u00e1n por s\u00ed mismas.<\/p>\n<h2><em>Estado de la cuesti\u00f3n<\/em><\/h2>\n<p>Para enjuiciar bien este informe, comprendamos la estruc\u00adtura de los testimonios. En materia de apariciones, Catalina es el \u00fanico testigo. De ella sola dependen todos los dem\u00e1s. Y sus relaciones aut\u00f3grafas datan de 1841.<\/p>\n<p>Los testimonios pr\u00f3ximos a los acontecimientos son, pues, indirectos. Aladel se expres\u00f3 en forma lac\u00f3nica y sint\u00e9tica, no como historiador, sino como pastor, ansioso por comunicar lo esencial de un mensaje al pueblo de Dios. El estudio que hemos hecho de la vida de Catalina nos convence de que s\u00f3lo rara y muy brevemente fue \u00e9sta por \u00e9l interrogada \u2014 \u00abmaligna avis\u00adpa\u00bb, la llama una vez,<span id='easy-footnote-5-40127' class='easy-footnote-margin-adjust'><\/span><span class='easy-footnote'><a href='https:\/\/vincentians.com\/es\/fecha-numero-y-autenticidad-de-las-apariciones-de-la-virgen-milagrosa\/#easy-footnote-bottom-5-40127' title='Ch. 5, note: Sobre el ap\u00f3strofe de Aladel a Catalina: \u00abMaligna avispa\u00bb.'><sup>5<\/sup><\/a><\/span> cuya presi\u00f3n carism\u00e1tica quiere esqui\u00advar\u2014. No filtraba m\u00e1s que lo esencial, guardando silencio so\u00adbre el resto, como en el caso de las visiones eucar\u00edsticas y de la primera aparici\u00f3n de la Virgen.<\/p>\n<\/div>\n<div>\n<h2><em>La Medalla<\/em><\/h2>\n<p>El primer documento es la Medalla misma, acu\u00f1ada a fi\u00adnales de junio de 1832. Aparece como un aerolito, como un documento arqueol\u00f3gico. Sus puntos fijos son, en el anverso, la Virgen de manos radiantes, los pies puestos sobre un globo y pisando la serpiente, con la inscripci\u00f3n invariable : <em>\u00a1Oh Mar\u00eda, <\/em><em>sin pecado concebida, rogad por nosotros que recurrimos a Vos! <\/em>En el reverso la M (monograma de Mar\u00eda) y la cruz entrelaza\u00adda sobre los dos corazones, el de Jes\u00fas coronado de espinas y el de Mar\u00eda atravesado por una espada (Lc 2, 35).<\/p>\n<p>He ah\u00ed los puntos bien establecidos. Ahora examinemos las variantes.<\/p>\n<h2><em>Aladel<\/em><\/h2>\n<p>Las primeras relaciones y testimonios sobre la aparici\u00f3n (que la Medalla no especifica en cuanto tal) provienen todos, durante m\u00e1s de diez a\u00f1os, s\u00f3lo del confesor de Catalina: Jean\u00ad-Marie Aladel. Este se expresa reiteradamente de 1834 a 1842:<\/p>\n<ul>\n<li>Por escrito, pp. 17, 38, 52, 515 de nuestro informe cro\u00adnol\u00f3gico (CLM 1).<\/li>\n<li>En interrogatorio: pp. 299, 315 (investigaci\u00f3n <em>Quentin) .<\/em><\/li>\n<li>En confidencias cuyo eco nos llega por Lamboley: n.\u00b0 4 (1833); Etienne, n.\u00b0 299; Quentin, n.\u00b0 368, etc.<\/li>\n<\/ul>\n<\/div>\n<div>\n<p>Nuestro testigo es pastor, no historiador, y manifiesta opi\u00adniones variables sobre:<\/p>\n<ul>\n<li>la fecha de la primera aparici\u00f3n,<\/li>\n<li>el intervalo entre las apariciones,<\/li>\n<li>por fin, el n\u00famero de \u00e9stas.<\/li>\n<\/ul>\n<p>Veamos uno tras otro estos tres puntos.<\/p>\n<h3><em>A) Fecha de la primera aparici\u00f3n de la Medalla<\/em><\/h3>\n<p>Aladel la pone sucesivamente:<\/p>\n<ol>\n<li><em>A comienzos de 1831, <\/em>n.\u00b0 4, Lambeloy (1833, CLM 1, p. 190) : con mucho el texto m\u00e1s antiguo, eco inmediato del propio Aladel.<\/li>\n<li><em>A finales de 1830, <\/em>seg\u00fan los primeros escritos de Ala-del: n.\u00b0 17, su carta a Le Guillou, 17 de marzo de 1834; n.\u00b0 38 (manuscrito suyo); n.\u00b0 52: las 7 primeras ediciones de su <em>Notice.<\/em><\/li>\n<li><em>A mediados de octubre de 1830, si <\/em>esta nota de Aladel al interrogatorio <em>Quentin <\/em>es traducida a fecha cierta, n.\u00b0 298 (1836, CLM 1, p. 236): \u00abHac\u00eda como 6 meses que Catalina estaba en el seminario\u00bb.<\/li>\n<li><em>En \u00abseptiembre de 1830\u00bb, <\/em>seg\u00fan respuesta de Aladel a Quentin, n.\u00b0 298 (1836, CLM 1, p. 235), matizando <em>\u00abhacia <\/em>el mes de septiembre\u00bb, \u00e9poca que Aladel precisa en la 8\u00aa edici\u00f3n: \u00abcuando transcurria el mes de septiembre del a\u00f1o 1830\u00bb (n.\u00b0 515, CLM 1, p. 218, nt 1).<\/li>\n<\/ol>\n<\/div>\n<div>\n<p>Aladel va subiendo gradualmente la fecha, de 1831 a sep\u00adtiembre de 1830, sin darnos la menor indicaci\u00f3n de lo que mo\u00adtiva una evoluci\u00f3n semejante.<\/p>\n<h3><em>B) El intervalo<\/em><\/h3>\n<p>Es asimismo variable. Fijo es s\u00f3lo que Aladel considera como equivalentes los dos intervalos entre las tres peticiones que Catalina hace despu\u00e9s de cada aparici\u00f3n.<\/p>\n<p>N.\u00b0 4 Lamboley (1833):<\/p>\n<p style=\"padding-left: 30px\">Intervalo 1 \u2014 \u00abalgunos meses despu\u00e9s\u00bb;<br \/>\nIntervalo 2 \u2014\u00bbde 5 a 6 meses despu\u00e9s\u00bb.<\/p>\n<p>N.\u00b0 17 Aladel (17 de marzo, 1834):<\/p>\n<p style=\"padding-left: 30px\">Intervalo 1 \u2014 \u00abalrededor de 6 meses\u00bb;<br \/>\nIntervalo 2 \u2014\u00bbid\u00e9ntico intervalo de 6 meses\u00bb.<\/p>\n<p>N.\u00b0 38 manuscrito Aladel (julio):<\/p>\n<p style=\"padding-left: 30px\">Intervalo 1 \u2014 \u00ab6 \u00f3 7 meses despu\u00e9s\u00bb;<br \/>\nIntervalo 2 \u2014 \u00abdespu\u00e9s de un intervalo m\u00e1s o menos si\u00admilar&#8230; id\u00e9ntica visi\u00f3n\u00bb.<\/p>\n<p>N.\u00b0 52 Aladel <em>Notice:<\/em><\/p>\n<p style=\"padding-left: 30px\">Intervalo 1 \u2014 \u00ab6 \u00f3 7 meses\u00bb;<br \/>\nIntervalo 2 \u2014\u00bben fin, despu\u00e9s de otro intervalo de 6 \u00f3 7 meses\u00bb.<\/p>\n<\/div>\n<p>Este \u00faltimo texto se recoge en las otras ediciones de Aladel. Es adaptado por Le Guillou (n.\u00b0 283a, edici\u00f3n italiana <em>y <\/em><em>Neuvaine <\/em>de 1837, etc.).<\/p>\n<div>\n<p>Aladel <em>prolonga el intervalo a medida que pasa el tiempo y <\/em>\u00e9l fecha antes la primera aparici\u00f3n. No tiene de hecho criterios precisos. Recuerda s\u00f3lo haberse dirigido al arzobispo a fina\u00adles de 1831, o puede que a comienzos de 1832, e intenta <em>repar\u00ad<\/em><em>tir los intervalos <\/em>entre la fecha del seminario de Catalina y la decisi\u00f3n por \u00e9l tomada cuando ella formula la tercera petici\u00f3n. En una palabra, edifica sus conjeturas variables partiendo del <em>terminus ad quem <\/em>(por desgracia no fechado) de su acceso al arzobispo, su recuerdo m\u00e1s exacto, aunque s\u00f3lo con algunos meses de aproximaci\u00f3n, con bastante probabilidad oto\u00f1o de 1831.<\/p>\n<h3><em>C) El n\u00famero de las apariciones<\/em><\/h3>\n<p>Lo que Aladel <em>recuerda <\/em>son las tres peticiones sucesivas de Catalina, con sus intervalos de 5 a 7 meses. Supone que Cata\u00adlina acudi\u00f3 a \u00e9l cada vez que tuvo una aparici\u00f3n. Mas ello parece ser simple conjetura que contradice a otros datos. Aladel habla de \u00abtres apariciones\u00bb (n.\u00b0 4, 17, 52), seg\u00fan todos los documentos antiguos (1834). Pero en el interrogatorio Quentin de 1836 (n.\u00b0 298) \u00abcree que esta visi\u00f3n hab\u00eda tenido lugar varias otras veces\u00bb. As\u00ed pues, 5 o m\u00e1s, un n\u00famero no definido de ellas. Aladel, por fin, no ve diferencia alguna entre las apariciones de que Catalina le ha hablado. Apenas si hace de \u00e9stas una relaci\u00f3n esquem\u00e1tica, como si <em>todas fuesen se\u00ad<\/em><em>mejantes.<\/em><\/p>\n<p>Es claro que <em>reconstruye <\/em>los hechos partiendo de las tres <em>conversaciones <\/em>que ha tenido con Catalina en el confesionario, conversaciones breves, en las que \u00e9l mismo nos dice haber sido disuasorio y severo.<span id='easy-footnote-6-40127' class='easy-footnote-margin-adjust'><\/span><span class='easy-footnote'><a href='https:\/\/vincentians.com\/es\/fecha-numero-y-autenticidad-de-las-apariciones-de-la-virgen-milagrosa\/#easy-footnote-bottom-6-40127' title='Ch. 4, note: Sobre Aladel y Catalina.'><sup>6<\/sup><\/a><\/span> No guard\u00f3 m\u00e1s que un esquema de la aparici\u00f3n: lo que le pareci\u00f3 esencial.<\/p>\n<\/div>\n<div>\n<h2><em>Catalina<\/em><\/h2>\n<p>Los aut\u00f3grafos de Catalina hablan con coherencia de <em>tres <\/em><em>apariciones de Mar\u00eda y solamente <\/em>de tres.<\/p>\n<ol>\n<li>La <em>primera, <\/em>la noche del 18 al 19 de julio, en la que le fue encomendada su misi\u00f3n (pp. 564, 635, 636); no ve toda\u00adv\u00eda la Medalla.<\/li>\n<li>La <em>segunda, <\/em>el 27 de noviembre, primera de la Medalla (nn. 455-457).<\/li>\n<li>La <em>tercera <\/em>(y \u00faltima), segunda de la Medalla, mencio\u00adnada en las dos relaciones de 1841 (nn. 455-457), CLM 1, p. 297. Es asimismo referida en las dos relaciones aut\u00f3grafas tituladas \u00abTercera aparici\u00f3n\u00bb (nn. 635-636, 1876, CLM 1, p. 350-352).<\/li>\n<\/ol>\n<p>En los dos \u00faltimos aut\u00f3grafos Catalina parece querer pre\u00adcisar lo que caracteriza a esta tercera aparici\u00f3n y la diferenren\u00adcia de la del 27 de noviembre, diferencias m\u00ednimas que son:<\/p>\n<p>a) El <em>lugar:<\/em><\/p>\n<ul>\n<li><em>segunda <\/em>aparici\u00f3n (27 de noviembre): \u00abJunto (o \u00aba la al\u00adtura\u00bb) del cuadro de san Jos\u00e9\u00bb (CLM 1, p. 291), a la dere\u00adcha, pues, seg\u00fan se mira hacia el altar, lado de la ep\u00edstola, donde pedir\u00e1 ella el altar y la Virgen con el globo en las manos;<\/li>\n<li><em>tercera <\/em>aparici\u00f3n: \u00abJunto al tabern\u00e1culo, por detr\u00e1s\u00bb, en el centro, pues (ib., p. 350).<\/li>\n<\/ul>\n<\/div>\n<div>\n<p>b) Detalles tocantes al <em>globo. <\/em>En la tercera aparici\u00f3n lleva encima una crucecita (n.\u00b0 635, CLM 1, p. 351), una cruz \u00abde oro\u00bb, precisa el n.\u00b0 636 (CLM 1p. 351, nt 14). En fin, la Virgen Santa <em>ofrece <\/em>el globo a Nuestro Se\u00f1or (CLM 1, p. 351, deta\u00adlle que no aparece en p. 294 para la aparici\u00f3n del 27 de noviem\u00adbre, donde tiene la Virgen un globo en las manos, sin que se aluda a la ofrenda de \u00e9l).<\/p>\n<p>c) Las <em>palabras: <\/em>\u00abEstos rayos son el s\u00edmbolo&#8230;\u00bb (f\u00f3rmula hallada en ambas relaciones) <em>y <\/em>que \u00abdeben formar una <em>leyen\u00adda <\/em>bajo la Virgen Santa\u00bb, de acuerdo con la relaci\u00f3n de la ter\u00adcera aparici\u00f3n (CLM 1, p. 352).<\/p>\n<h2><em>Cotejo entre Aladel y Catalina<\/em><\/h2>\n<p>Comparemos a ambos entre s\u00ed. En \u00e9l la fecha es variable, mientras que en ella es precisa \u2014para la primera aparici\u00f3n de la Medalla (\u00ab27 de noviembre\u00bb), no para la \u00faltima, \u00abcuyo tiem\u00adpo no observ\u00f3\u00bb, nota que manifiesta su lucidez\u2014.<\/p>\n<p>El n\u00famero es asimismo dudoso en Aladel y claro en Cata\u00adlina. Para ella hay <em>dos apariciones de la Medalla, <\/em>que son la <em>segunda <\/em>y la <em>tercera:<\/em><\/p>\n<ol>\n<li>18-19 de julio \u2014aparici\u00f3n de la Virgen en el sill\u00f3n (sin Medalla).<\/li>\n<li>Primera aparici\u00f3n de la Medalla \u201427 de noviembre.<\/li>\n<li>Segunda aparici\u00f3n de la Medalla \u2014no fechada, aun\u00adque evidentemente es del tiempo del seminario.<\/li>\n<\/ol>\n<\/div>\n<p>La serie propuesta por Catalina con su memoria de cam\u00adpesina, exacta en sus cuentas como en sus referencias crono\u00adl\u00f3gicas<span id='easy-footnote-7-40127' class='easy-footnote-margin-adjust'><\/span><span class='easy-footnote'><a href='https:\/\/vincentians.com\/es\/fecha-numero-y-autenticidad-de-las-apariciones-de-la-virgen-milagrosa\/#easy-footnote-bottom-7-40127' title='Ch. 3, note 1 et 120.'><sup>7<\/sup><\/a><\/span> (v\u00e9ase m\u00e1s abajo, nts. 1 y 120), se impone consiguien\u00adtemente. Es m\u00e1s: en sus dos testimonios m\u00e1s antiguos habla Aladel de \u00abtres visiones\u00bb, conforme a la cifra de Catalina:<\/p>\n<div>\n<p style=\"padding-left: 30px\">N.\u00b0 17, CLM 1, p. 201: \u00abHabl\u00e9 con Su Eminencia de las <em>\u00abtres visiones\u00bb. <\/em>N.\u00b0 52, CLM 1, p. 219, nt. 11 (de las dos primeras ediciones, adjunta en las pruebas de la primera, pues no figuraba en el manuscrito): \u00abSor M&#8230; dionos par\u00adte poco ha de una circunstancia por nosotros omitida al referir las <em>tres visiones\u00bb <\/em>(cf. n.\u00b0 298, ib., p. 237: <em>La triple <\/em><em>visi\u00f3n).<\/em><\/p>\n<p>Esta f\u00f3rmula parece ser <em>eco de Catalina misma. <\/em>Es en todo caso una referencia antigua y s\u00f3lida que por dos veces emerge en la memoria de Aladel y confluye con lo que Catalina de\u00adclara en todos sus aut\u00f3grafos. La hip\u00f3tesis de m\u00e1s apariciones se delata como conjetura tard\u00eda, vaga y sin fundamento.<\/p>\n<h2><em>Geoffre y Chevalier (1877)<\/em><\/h2>\n<p>Los dos primeros bi\u00f3grafos, Sor Geoffre y Chevalier, tu\u00advieron el m\u00e9rito de exhumar los aut\u00f3grafos de Catalina y to\u00admar en serio sus testimonios y cronolog\u00eda. Monsieur Fiat, Superior General, aceptar\u00e1 en 1880 la fecha del 27 de noviem\u00adbre, tanto con ocasi\u00f3n de celebrarse el cincuentenario, como en lo sucesivo, cuando se conmemore el aniversario de la aparici\u00f3n.<\/p>\n<p>Geoffre y Chevalier adoptan por consiguiente la serie de tres apariciones seg\u00fan Catalina (CLM 2, p. 79-93). Por desgracia Sor Geoffre, perpleja ante la versi\u00f3n Aladel, que ha di\u00adfundido la <em>Notice <\/em>oficial, prueba a suponer una <em>primer\u00edsima <\/em>aparici\u00f3n de la Medalla \u00aben el transcurso del mes de septiem\u00adbre de 1830\u00bb (CLM 2, p. 86). Esta aparici\u00f3n a\u00f1adida ser\u00eda as\u00ed la segunda de la Virgen; la primera de la Medalla, el 27 de noviembre, queda convertida en segunda. Ello no acontece sin cierta torpeza, distinguiendo dos apariciones que luego se de\u00adclaran semejantes:<\/p>\n<\/div>\n<div>\n<p>Al pronto, esta visi\u00f3n, que refiere la propia Hermana, parece diferir de la primera, referida s\u00f3lo por Monsieur Aladel. Nos chocaba, y hubimos de releer m\u00e1s atentamen\u00adte estos documentos, tan interesantes como aut\u00e9nticos, para decidir si una y otra visi\u00f3n difer\u00edan esencialmente, o bien eran en el fondo semejantes. Seg\u00fan [&#8230;] el Padre Aladel, las apariciones que afectan a la Medalla siempre habr\u00edan sido semejantes, etc.<\/p>\n<p>Varias razones hacen insostenible esta aparici\u00f3n de sep\u00adtiembre.<\/p>\n<ul>\n<li>Para Catalina, la aparici\u00f3n del 27 de noviembre es la <em>primera <\/em>aparici\u00f3n de la Medalla. Se convertir\u00e1 en <em>segunda <\/em>cuando, tard\u00edamente, feche la primera aparici\u00f3n en septiem\u00adbre.<\/li>\n<li>Esta dataci\u00f3n de Aladel no es s\u00f3lida, pues la hemos visto oscilar entre septiembre y \u00e9pocas posteriores, lo cual tiende a confirmar la dataci\u00f3n de Catalina.<\/li>\n<li>En la hip\u00f3tesis de Sor Geoffre llegar\u00edamos a una extra\u00f1a paradoja. <em>Aladel ignorar\u00eda las dos apariciones de Catalina <\/em>(27 de noviembre y diciembre, conforme a antiguos testigos que abajo se citan, nota 124, al comienzo de la s\u00edntesis). <em>Cata\u00ad<\/em><em>lina, <\/em>en cambio, <em>ignorar\u00eda del todo las tres apariciones que conjetura Aladel <\/em>(en su \u00faltima versi\u00f3n: septiembre 1830, marzo 1831&#8217;y septiembre 1831 \u2014las dos \u00faltimas se suponen a con\u00adsecuencia de una inducci\u00f3n defectuosa). Ser\u00eda artificial el intento de conciliaci\u00f3n por el que las dos apariciones de Cata\u00adlina corresponder\u00edan a las dos apariciones de fecha descono\u00adcida que supone Aladel, y ello agravar\u00eda a\u00fan las confusiones.<\/li>\n<li>En gracia al lector no se detallan m\u00e1s las contradicciones que resultar\u00edan de esta hip\u00f3tesis, a\u00fan para el mismo Aladel.<\/li>\n<\/ul>\n<\/div>\n<div>\n<h2><em>La rectificaci\u00f3n de Chevalier (1878, n.\u00b0 675)<\/em><\/h2>\n<p>Chevalier vio el error de esta soluci\u00f3n, consentida al re\u00advisar la vida de Sor Geoffre. En su libro, editado en 1878 (n.\u00b0 674), no habla ya de la aparici\u00f3n de septiembre. El vocablo <em>septiembre, <\/em>empleado por Sor Geoffre (CLM 2, p. 86), es ahora <em>noviembre <\/em>(Chevalier, p. 72), y la primera aparici\u00f3n de Aladel \u2014aunque sin insistencia por parte de Chevalier\u00adcoincide con la primera aparici\u00f3n de Catalina: la del 27 de noviembre (p. 74. Otras correcciones suyas complementarias: CLM 2, p. 50, nts. 181-187). He ah\u00ed un progreso que hace honor al sentido hist\u00f3rico de Chevalier. Si sigue perplejo, es porque su libro tiene la delicada misi\u00f3n de presentar una nueva edici\u00f3n de la <em>Notice <\/em>de Aladel, lo cual hac\u00eda insostenible su posici\u00f3n, pues deb\u00eda criticar aquello mismo que se le ordenaba prolongar y honrar.<\/p>\n<p>Sin embargo, cuando Chevalier habl\u00f3 bajo juramento, en el proceso de beatificaci\u00f3n, claramente manifest\u00f3 el fondo de su pensamiento y no vacil\u00f3 en criticar el error de Aladel:<\/p>\n<p style=\"padding-left: 30px\">Monsieur Aladel pone la visi\u00f3n en el mes de septiembre de 1830, cuando esa tuvo lugar el 27 de noviembre del mismo a\u00f1o (seg\u00fan el aut\u00f3grafo de Catalina).<\/p>\n<\/div>\n<p>Y explica la discrepancia, que entonces asombraba, a\u00f1a\u00addiendo:<\/p>\n<div>\n<p style=\"padding-left: 30px\">Puede explicarse en cuanto que, probablemente, Monsieur Aladel referir\u00eda el asunto de memoria.<\/p>\n<p>En pie sigue la dificultad que intenta sofocar yuxtaponien\u00addo a\u00fan los textos de Aladel y de Catalina. Pues Aladel habla \u00fanicamente de una aparici\u00f3n de la Virgen con las manos ex\u00adtendidas hacia abajo, mientras que Catalina habla siempre de la Virgen con un globo en las manos \u00aba la altura del est\u00f3ma\u00adgo\u00bb. Es el problema de la Virgen del Globo, que encontramos principalmente en dos momentos de la Vida de Catalina: 1839-1841 y 1876 (cap\u00edtulos 5 y 7).<\/p>\n<h2><em>Crapez<\/em><\/h2>\n<p>En 1911 Crapez confirma el progreso hecho por Chevalier: reconoce que la primera aparici\u00f3n de la Medalla es la del 27 de noviembre y la refiere seg\u00fan los aut\u00f3grafos de Catalina. Mas dando una oportunidad a la diferencia entre Aladel (ma\u00adnos extendidas) y Catalina (manos que sostienen el globo), presupone dos <em>fases, <\/em>o m\u00e1s bien dos <em>actitudes, <\/em>en el curso de la aparici\u00f3n (n.\u00b0 1404, <em>Vie, <\/em>p. 82):<\/p>\n<p style=\"padding-left: 30px\">Actitud orante, con el mundo en las manos, calde\u00e1ndolo&#8230; y solicitando&#8230; la misericordia divina.<\/p>\n<p style=\"padding-left: 30px\">La actitud de una reina, cuyas manos extendidas y llenas de riquezas invitan a la confianza y se abren&#8230;<\/p>\n<p>Mas nada fundamenta la articulaci\u00f3n de dos <em>fases <\/em>o <em>acti\u00ad<\/em><em>tudes <\/em>sucesivas, ni en la relaci\u00f3n de Aladel ni en las de Catalina. Desde el punto de vista de la cr\u00edtica hist\u00f3rica, es ese un concordismo para armonizar ambas descripciones. Crapez sufre un visible embarazo. No suministra apoyo documental ni ar\u00adgumento que fundamente su interpretaci\u00f3n, inspirada en la que Monsieur Fiat hab\u00eda propuesto en su carta circular del 1 de enero de 1895, p. 3 (Crapez, 1911, p. 82).<\/p>\n<\/div>\n<div>\n<p>En su libro de 1947, <em>Le Message, <\/em>Crapez intenta justificar ambas fases al precio de un montaje artificial de las infor\u00admaciones, y amalgama la relaci\u00f3n de Catalina (n.\u00b0 455-457) con los escritos de Aladel. Entonces, encubri\u00e9ndose bajo la cl\u00e1usula: \u00abcontin\u00faa la Hermana\u00bb (e. d. Catalina) a\u00f1ade de pronto (p. 36):<\/p>\n<p style=\"padding-left: 30px\">El globo de oro hab\u00eda <em>desparecido <\/em>tras el brillo de haces luminosos que brotaban por doquier.<\/p>\n<p>Crapez contin\u00faa ya sin otro fundamento en texto o docu\u00admento alguno :<\/p>\n<p style=\"padding-left: 30px\">Las manos hab\u00edan cedido y los brazos segu\u00edan extendidos a causa del peso de los tesoros de gracias obtenidas.<\/p>\n<p>Ahora bien, ning\u00fan documento, de Catalina o Aladel, nin\u00adguna fuente apoya esa desaparici\u00f3n, extensi\u00f3n o \u00abfase\u00bb di\u00adferente.<\/p>\n<h2><em>Misermont &#8211; 1933<\/em><\/h2>\n<p>En cuanto a Misermont, combina la soluci\u00f3n de Geoffre (dos apariciones diferentes) y la de Crapez (dos momentos o actitudes sucesivas), n.\u00b0 1660, <em>Misermont, Vie, <\/em>pp. 99-106-112 y n.\u00b0 1750, <em>Gr\u00e1ces, <\/em>pp. 106-113.<\/p>\n<p>1.\u00b0 Seg\u00fan la \u00fanica nota de Aladel en el n.\u00b0 298 (interroga\u00adtorio tard\u00edo de Quentin), admite que Catalina vio la aparici\u00f3n de la Medalla al \u00abmenos cinco veces\u00bb <em>(Gr\u00e1ces, <\/em>p. 107), siendo la primera la de septiembre. La aparici\u00f3n del <em>27 de noviembre, <\/em>pues, ser\u00eda tanto en \u00e9l como en Chevalier, la segunda aparici\u00f3n de la Medalla, soluci\u00f3n insostenible, como hemos visto.<\/p>\n<\/div>\n<div>\n<p>2.\u00b0 Pero tanto en la primera como en la segunda aparici\u00f3n habr\u00eda dos actitudes sucesivas:<\/p>\n<ul>\n<li>primera fase: la Virgen Poderosa&#8230; del globo;<\/li>\n<li>segunda fase : el anverso de la Medalla (manos abiertas).<\/li>\n<\/ul>\n<p>Pone \u00abal menos cinco\u00bb apariciones \u00aben doce meses, de septiembre de 1830 a septiembre de 1831\u00bb, cada una de las cuales comprende las tres fases :<\/p>\n<ul>\n<li>Virgen del Globo,<\/li>\n<li>Manos tendidas hacia la tierra,<\/li>\n<li>Reverso de la Medalla.<\/li>\n<\/ul>\n<p>Esta reconstrucci\u00f3n carece del menor apoyo hist\u00f3rico o documental. He aqu\u00ed c\u00f3mo describe Misermont la transici\u00f3n de acuerdo a un esquema puramente l\u00f3gico, sin el refrendo de los documentos:<\/p>\n<p style=\"padding-left: 30px\">La primera fase <em>(Virgen del Globo) <\/em>transcurre toda ella en lo alto, en direcci\u00f3n al cielo [&#8230;] en ofrecimiento del mundo a Dios.<\/p>\n<p style=\"padding-left: 30px\">La segunda va a transcurrir abajo, en direcci\u00f3n a la tierra, donde la Virgen contemplar\u00e1 a los hombres y les dar\u00e1 con amor su Medalla. Mientras Mar\u00eda se ostenta toda resplandeciente de luz, <em>muy suavemente hace que desapa\u00ad<\/em><em>rezca de sus manos el globo <\/em>ofrecido a Dios, dirige la mirada a su dichosa vidente y tiende los brazos hacia otro globo que hay bajo sus pies y sobre el que est\u00e1 escrito el nombre de Francia. Al mismo tiempo da a enten\u00adder a la Hermana que ese globo representa al mundo en\u00adtero, a Francia y a cada persona particular <em>(Vie, <\/em>p. 109-110).<\/p>\n<\/div>\n<div>\n<p>Una reconstrucci\u00f3n libre (l\u00f3gica, pero carente de funda\u00admento documental), no exenta de problemas.<\/p>\n<p>En su tercer volumen <em>(Gr\u00e1ces), <\/em>Misermont a\u00f1ade como argumento que los escritos de Catalina \u00abhacen sencillamente alusi\u00f3n\u00bb a la segunda fase (manos extendidas). Mas se buscar\u00e1 en vano semejante alusi\u00f3n en dichos escritos.<\/p>\n<p>A\u00f1ade (p. 108) que los textos de Sor Catalina y de Mon\u00adsieur Aladel \u00abse complementan\u00bb y deben ser \u00abcombinados\u00bb. La combinaci\u00f3n por \u00e9l propuesta es desgraciadamente arbi\u00adtraria, y no tiene fundamento textual. Muy facticia es esta p\u00e1\u00adgina 108, que subraya lo incompleto del texto de Catalina, quien habr\u00eda omitido algunas palabras del <strong><em>Oh <\/em><\/strong><em>Mar\u00eda sin pe\u00adcado concebida. <\/em>En realidad ella redujo a iniciales las \u00faltimas e inconfundibles palabras. Pero nada de <em>ininteligible <\/em>hay en las abreviaturas, como parece a Misermont.<\/p>\n<p>Toda la argumentaci\u00f3n de Misermont est\u00e1 polarizada por el empe\u00f1o en probar que Aladel hizo acu\u00f1ar escrupulosamente la Medalla, aun en los menores detalles que la Virgen indicara, pues de tomarse en ello alguna libertad, hubiese sido \u00abper\u00adjuro\u00bb (p. 123). Son aprioris que hacen violencia a los docu\u00admentos.<\/p>\n<p>Lo extra\u00f1o en la v\u00eda que sigue Misermont, y que vuelve una y otra vez en sus demostraciones, es que, para hacerlas veros\u00edmiles :<\/p>\n<ul>\n<li>insiste demasiado en el car\u00e1cter fragmentario de las de\u00adclaraciones de Catalina;<\/li>\n<li>proyecta sobre \u00e9stas, rasgos que no tienen y \u00e9l conjetural-mente les atribuye;<\/li>\n<li>elude aducir textos esenciales y de primer orden: Cheva\u00adlier, Chinchon, Tanguy, con las confidencias de Sor Du\u00adf\u00e9s, Cosnard, etc., incompatibles con su posici\u00f3n;<\/li>\n<li>desarrolla, por fin, de forma artificial la perspectiva jur\u00ed\u00addica: Monsieur Aladel hubiera incurrido en perjurio, de haber interpretado los datos aun m\u00ednimamente.<\/li>\n<\/ul>\n<\/div>\n<div>\n<p>Por el contrario, el futuro Superior General, Monsieur Villette, dec\u00eda:<\/p>\n<p style=\"padding-left: 30px\">Monsieur Aladel no dio necesariamente al p\u00fablico, ni siquiera manifest\u00f3 en la investigaci\u00f3n can\u00f3nica (de <em>1836), <\/em>todos los detalles de la aparici\u00f3n. En la <em>Notice <\/em>sobre la Medalla, de la que habl\u00e9 ya, Monsieur Gillou dice, en t\u00e9rminos propios, que la Hermana hab\u00eda autorizado a Monsieur Aladel para que, de la aparici\u00f3n, diese a cono\u00adcer <em>lo que juzgase \u00fatil para que se acu\u00f1ase la Medalla <\/em>e ins\u00adpirase confianza [&#8230;] El mismo autor, en el <em>Libro de Ma\u00ad<\/em><em>r\u00eda concebida sin pecado, <\/em>dice a\u00fan, sobre la relaci\u00f3n de la aparici\u00f3n: [&#8230;] \u00abEstamos al abrigo de cuanto pudiese oponer la cr\u00edtica, que ha de mostrarse siempre severa, sobre todo en esta especie de cosas\u00bb (Villette, 31 de mayo, 1912, PAspec 92, p. 1352).<\/p>\n<p>No arrojamos la piedra a Misermont. Como vicepostula\u00addor y encargado de promover la causa de Catalina, en con\u00addiciones dif\u00edciles y con la oposici\u00f3n tanto de los lazaristas (entre ellos Coste, Archivero y Secretario General) como en la Comisi\u00f3n, fue un luchador. Y justamente luch\u00f3, y venci\u00f3, con sus armas y m\u00e9todos, que no son los de un historiador.<\/p>\n<\/div>\n<h2>Conclusi\u00f3n<\/h2>\n<div>\n<p>Henos aqu\u00ed prestos para responder a las cuatro preguntas:<\/p>\n<ol>\n<li>Fecha de la primera aparici\u00f3n;<\/li>\n<li>N\u00famero y cronolog\u00eda de las siguientes;<\/li>\n<li>\u00bfVirgen de las manos extendidas o Virgen del Globo ?<\/li>\n<li>Descripci\u00f3n de la aparici\u00f3n, que recapitulo m\u00e1s cien\u00adt\u00edficamente con las notas 108 y 118.<\/li>\n<\/ol>\n<p>Las dem\u00e1s cuestiones son secundarias y en su mayor\u00eda se resuelven por a\u00f1adidura.<\/p>\n<h3><em>La primera aparici\u00f3n<\/em><\/h3>\n<p>La primera aparici\u00f3n de la Medalla es, fuera de duda, la indicada por Catalina \u2014del 27 de noviembre\u2014, fecha de la que Aladel nunca se hizo eco, ni siquiera en su \u00faltima edici\u00f3n, revisada y puesta al d\u00eda en 1842. Para esta fecha, sin embargo, ya dispon\u00eda \u00e9l de los aut\u00f3grafos de 1841, donde Catalina pide se instaure una comuni\u00f3n suplementaria para celebrar este aniversario (nn. 455-457, p.p 298-299). Monsieur Chinchon asegura adem\u00e1s que Catalina obtuvo que se celebrase ese mis\u00admo aniversario con una Exposici\u00f3n del Sant\u00edsimo Sacramento (CLM 2, p. 219). La celebraci\u00f3n del 27 de noviembre se hizo oficial para el cincuentenario, en 1880, a petici\u00f3n de Monsieur Fiat (CLM 2, p. 27). Y la fiesta lit\u00fargica se instaur\u00f3 en 1894, por iniciativa del Cardenal G. Aloisi Mazella (ib p. 31-32).<\/p>\n<h3><em>N\u00famero y cronolog\u00eda<\/em><\/h3>\n<p>En cuanto al n\u00famero, no hay m\u00e1s que <em>dos apariciones de la <\/em><em>Medalla, <\/em>seg\u00fan los aut\u00f3grafos de Catalina. Ninguna m\u00e1s ha\u00adlla fundamento o referencia de orden alguno.<\/p>\n<\/div>\n<div>\n<p>Si Aladel presupone otras dos en primavera y oto\u00f1o de 1831 (en su \u00faltima versi\u00f3n de 1842), d\u00e9bese a que atribuye las visitas que a \u00e9l hace Catalina a una reiteraci\u00f3n de la aparici\u00f3n, cuando la 2.<sup>a<\/sup> y 3.a visitas fueron motivadas por palabras inte\u00adriores (y por el \u00abtormento\u00bb de que era acuciada para que co\u00admunicase de nuevo un mensaje concluso desde diciembre de 1830). Las apariciones ulteriores no hallan ni fundamento ni encuadre. Contradicen el hecho admitido por la tradici\u00f3n y confirmado por algunos indicios, de que todas las apariciones tuvieron lugar en la capilla de la rue du Bac, \u00abdurante la misa o la oraci\u00f3n del seminario\u00bb, as\u00ed pues, durante el tiempo del seminario de Catalina<span id='easy-footnote-8-40127' class='easy-footnote-margin-adjust'><\/span><span class='easy-footnote'><a href='https:\/\/vincentians.com\/es\/fecha-numero-y-autenticidad-de-las-apariciones-de-la-virgen-milagrosa\/#easy-footnote-bottom-8-40127' title='Ch. 3, note 25.'><sup>8<\/sup><\/a><\/span> (m\u00e1s abajo, cap. 3, nt. 125).<\/p>\n<p>En cuanto a las apariciones suplementarias, cuyo n\u00famero y fechas se desconocen y que Aladel evasivamente supone, son tambi\u00e9n el resultado de una inducci\u00f3n mal fundada. Aladel piensa que s\u00f3lo una nueva aparici\u00f3n pudo motivar que Cata\u00adlina acudiese a \u00e9l una vez m\u00e1s, pese a sus temores \u2014mientras que para las fechas indicadas ha terminado el tiempo de las apariciones y del seminario, as\u00ed como los avisos interiores, \u00fanicos en cuesti\u00f3n. Al suponer esas otras apariciones, bien pudiera querer reparar la omisi\u00f3n consciente de la aparici\u00f3n del sill\u00f3n (noche del 18-19 de julio), sobre la que guarda un silencio riguroso toda su vida, salvo el aut\u00f3grafo de 1856.<\/p>\n<p>El supuesto de Aladel, de que las diferentes apariciones de la Medalla son id\u00e9nticas, est\u00e1 al menos matizado por los aut\u00f3grafos de Catalina, que manifiestan diferencias de empla\u00adzamiento y de detalles entre una y otra aparici\u00f3n de la Meda\u00adlla: una a la derecha del altar mayor, la otra detr\u00e1s del mismo altar, con algunas particularidades iconogr\u00e1ficas.<\/p>\n<\/div>\n<p>Lo que ha contribuido al embrollo de los autores<span id='easy-footnote-9-40127' class='easy-footnote-margin-adjust'><\/span><span class='easy-footnote'><a href='https:\/\/vincentians.com\/es\/fecha-numero-y-autenticidad-de-las-apariciones-de-la-virgen-milagrosa\/#easy-footnote-bottom-9-40127' title='EL D\u00c9DALO DE LAS CRONOLOG\u00cdAS&lt;\/p&gt;\n&lt;p&gt;No detallaremos m\u00e1s las diversas cronolog\u00edas de las apariciones de la Me\u00addalla; los diferentes autores las levantan sobre bases movedizas que, seg\u00fan los casos y con uno u otro montaje, toman de:&lt;\/p&gt;\n&lt;ul&gt;\n&lt;li&gt;Aladel: n\u00famero indefinido y variable de apariciones, tres de ellas asigna\u00addas, la primera a septiembre de 1830, o algo m\u00e1s tarde (finales de 1830\u2014co\u00admienzos de 1831), primavera y oto\u00f1o de 1830.&lt;\/li&gt;\n&lt;li&gt;Geoffre (1876): septiembre y luego 27 de noviembre de 1830, y un n\u00fa\u00admero indefinido de apariciones sucesivas.&lt;\/li&gt;\n&lt;li&gt;Chevalier (1878): 27 de noviembre y diciembre, con sensible vacilaci\u00f3n sobre si hubo despu\u00e9s otras apariciones.&lt;\/li&gt;\n&lt;li&gt;Crapez; 27 de noviembre, diciembre y luego otras.&lt;\/li&gt;\n&lt;li&gt;Misermont: \u00ab5 apariciones del mes de septiembre de 1830 a septiembre de 1831\u00bb.&lt;\/li&gt;\n&lt;\/ul&gt;\n&lt;p&gt;Los autores modulan sus diversos sistemas seg\u00fan diversas improvisaciones, todas las cuales encierran el defecto de las fuentes: falta de un an\u00e1lisis de con\u00adjunto :&lt;\/p&gt;\n&lt;ul&gt;\n&lt;li&gt;Colette Yver, por ejemplo, acepta el n\u00famero 3 para las apariciones (buena intuici\u00f3n), mas no se apercibe de que, seg\u00fan Catalina, son 3 apariciones de la Virgen, y las convierte en tres apariciones de la Medalla: 27 de noviembre, seg\u00fan Catalina, diciembre (p. 120), evidentemente seg\u00fan Chevalier. A \u00e9stas a\u00f1ade una tercera, que intenta situar, empleando un dato de Aladel, 6 meses despu\u00e9s de la primera. Pero esos meses, que en \u00e9l ilusoriamente comienzan en septiembre (seg\u00fan su \u00faltima versi\u00f3n), h\u00e1celos ella comen7Ar en noviembre y dice: \u00ab(p. 127). Se la pone generalmente en el mes de septiembre. Yo la ver\u00eda m\u00e1s bien en mayo\u00bb. Por ese mismo hecho, no admite ya la aparici\u00f3n que Aladel pon\u00eda en oto\u00f1o. Justa revisi\u00f3n, mas hubiese precisado asimismo suprimir la de primavera. Sobre todo, hab\u00eda que salir de una vez de la arena movediza en que nos hund\u00edamos a falta de bases s\u00f3lidas, y rechazar hip\u00f3tesis ilusorias.'><sup>9<\/sup><\/a><\/span> es que hay para Catalina tres apariciones <em>de la Virgen, y <\/em>s\u00f3lo las dos \u00faltimas lo son de la Medalla:<\/li>\n<\/ul>\n<blockquote>\n<ol>\n<li>La aparici\u00f3n del 27 de noviembre,<\/li>\n<li>La segunda y \u00faltima de ellas, seg\u00fan varios antiguos testimonios, en diciembre.<\/li>\n<\/ol>\n<\/blockquote>\n","protected":false},"excerpt":{"rendered":"<p>Hace 150 a\u00f1os, Catalina Labour\u00e9, campesina borgo\u00f1ona que hab\u00eda entrado en el seminario de la rue du Bac el 21 de abril de 1830, tuvo visiones del coraz\u00f3n de Monsieur Vincent, desde el lunes 26 &#8230; <a href=\"https:\/\/vincentians.com\/es\/fecha-numero-y-autenticidad-de-las-apariciones-de-la-virgen-milagrosa\/\" class=\"more-link\">Read More<\/a><\/p>\n","protected":false},"author":4,"featured_media":404166,"comment_status":"open","ping_status":"open","sticky":false,"template":"","format":"standard","meta":{"jetpack_post_was_ever_published":false,"_jetpack_newsletter_access":"","_jetpack_dont_email_post_to_subs":false,"_jetpack_newsletter_tier_id":0,"_jetpack_memberships_contains_paywalled_content":false,"_jetpack_memberships_contains_paid_content":false,"footnotes":"","jetpack_publicize_message":"","jetpack_publicize_feature_enabled":true,"jetpack_social_post_already_shared":true,"jetpack_social_options":{"image_generator_settings":{"template":"highway","default_image_id":0,"font":"","enabled":false},"version":2}},"categories":[8],"tags":[161,182,190],"class_list":["post-40127","post","type-post","status-publish","format-standard","has-post-thumbnail","hentry","category-virgen-maria","tag-etienne","tag-ratisbona","tag-rue-du-bac"],"yoast_head":"<!-- This site is optimized with the Yoast SEO plugin v26.3 - https:\/\/yoast.com\/wordpress\/plugins\/seo\/ -->\n<title>Fecha, n\u00famero y autenticidad de las apariciones de la Virgen Milagrosa - Somos Vicencianos<\/title>\n<meta name=\"robots\" content=\"index, follow, max-snippet:-1, max-image-preview:large, max-video-preview:-1\" \/>\n<link rel=\"canonical\" href=\"https:\/\/vincentians.com\/es\/fecha-numero-y-autenticidad-de-las-apariciones-de-la-virgen-milagrosa\/\" \/>\n<meta property=\"og:locale\" content=\"es_ES\" \/>\n<meta property=\"og:type\" content=\"article\" \/>\n<meta property=\"og:title\" content=\"Fecha, n\u00famero y autenticidad de las apariciones de la Virgen Milagrosa - Somos Vicencianos\" \/>\n<meta property=\"og:description\" content=\"Hace 150 a\u00f1os, Catalina Labour\u00e9, campesina borgo\u00f1ona que hab\u00eda entrado en el seminario de la rue du Bac el 21 de abril de 1830, tuvo visiones del coraz\u00f3n de Monsieur Vincent, desde el lunes 26 ... Read More\" \/>\n<meta property=\"og:url\" content=\"https:\/\/vincentians.com\/es\/fecha-numero-y-autenticidad-de-las-apariciones-de-la-virgen-milagrosa\/\" \/>\n<meta property=\"og:site_name\" content=\"Somos Vicencianos\" \/>\n<meta property=\"article:publisher\" content=\"https:\/\/www.facebook.com\/WeAreVincentians\/\" \/>\n<meta property=\"article:author\" content=\"https:\/\/www.facebook.com\/JavierChento\" \/>\n<meta property=\"article:published_time\" content=\"2023-12-27T07:05:42+00:00\" \/>\n<meta property=\"og:image\" content=\"https:\/\/i0.wp.com\/vincentians.com\/es\/wp-content\/uploads\/sites\/11\/2013\/05\/La-milagrosa3.jpg?fit=670%2C430&ssl=1\" \/>\n\t<meta property=\"og:image:width\" content=\"670\" \/>\n\t<meta property=\"og:image:height\" content=\"430\" \/>\n\t<meta property=\"og:image:type\" content=\"image\/jpeg\" \/>\n<meta name=\"author\" content=\"Francisco Javier Fern\u00e1ndez Chento\" \/>\n<meta name=\"twitter:card\" content=\"summary_large_image\" \/>\n<meta name=\"twitter:creator\" content=\"@https:\/\/twitter.com\/javierchento\" \/>\n<meta name=\"twitter:site\" content=\"@WeVincentians\" \/>\n<meta name=\"twitter:label1\" content=\"Escrito por\" \/>\n\t<meta name=\"twitter:data1\" content=\"Francisco Javier Fern\u00e1ndez Chento\" \/>\n\t<meta name=\"twitter:label2\" content=\"Tiempo de lectura\" \/>\n\t<meta name=\"twitter:data2\" content=\"27 minutos\" \/>\n<script type=\"application\/ld+json\" class=\"yoast-schema-graph\">{\"@context\":\"https:\/\/schema.org\",\"@graph\":[{\"@type\":\"Article\",\"@id\":\"https:\/\/vincentians.com\/es\/fecha-numero-y-autenticidad-de-las-apariciones-de-la-virgen-milagrosa\/#article\",\"isPartOf\":{\"@id\":\"https:\/\/vincentians.com\/es\/fecha-numero-y-autenticidad-de-las-apariciones-de-la-virgen-milagrosa\/\"},\"author\":{\"name\":\"Francisco Javier Fern\u00e1ndez Chento\",\"@id\":\"http:\/\/vincentians.com\/es\/#\/schema\/person\/9623ef4d9aa3b2dfb8c061f1499288f2\"},\"headline\":\"Fecha, n\u00famero y autenticidad de las apariciones de la Virgen Milagrosa\",\"datePublished\":\"2023-12-27T07:05:42+00:00\",\"mainEntityOfPage\":{\"@id\":\"https:\/\/vincentians.com\/es\/fecha-numero-y-autenticidad-de-las-apariciones-de-la-virgen-milagrosa\/\"},\"wordCount\":6281,\"commentCount\":0,\"publisher\":{\"@id\":\"http:\/\/vincentians.com\/es\/#organization\"},\"image\":{\"@id\":\"https:\/\/vincentians.com\/es\/fecha-numero-y-autenticidad-de-las-apariciones-de-la-virgen-milagrosa\/#primaryimage\"},\"thumbnailUrl\":\"https:\/\/i0.wp.com\/vincentians.com\/es\/wp-content\/uploads\/sites\/11\/2013\/05\/La-milagrosa3.jpg?fit=670%2C430&ssl=1\",\"keywords\":[\"Etienne\",\"Ratisbona\",\"Rue du Bac\"],\"articleSection\":[\"Virgen Mar\u00eda\"],\"inLanguage\":\"es\",\"potentialAction\":[{\"@type\":\"CommentAction\",\"name\":\"Comment\",\"target\":[\"https:\/\/vincentians.com\/es\/fecha-numero-y-autenticidad-de-las-apariciones-de-la-virgen-milagrosa\/#respond\"]}]},{\"@type\":\"WebPage\",\"@id\":\"https:\/\/vincentians.com\/es\/fecha-numero-y-autenticidad-de-las-apariciones-de-la-virgen-milagrosa\/\",\"url\":\"https:\/\/vincentians.com\/es\/fecha-numero-y-autenticidad-de-las-apariciones-de-la-virgen-milagrosa\/\",\"name\":\"Fecha, n\u00famero y autenticidad de las apariciones de la Virgen Milagrosa - Somos Vicencianos\",\"isPartOf\":{\"@id\":\"http:\/\/vincentians.com\/es\/#website\"},\"primaryImageOfPage\":{\"@id\":\"https:\/\/vincentians.com\/es\/fecha-numero-y-autenticidad-de-las-apariciones-de-la-virgen-milagrosa\/#primaryimage\"},\"image\":{\"@id\":\"https:\/\/vincentians.com\/es\/fecha-numero-y-autenticidad-de-las-apariciones-de-la-virgen-milagrosa\/#primaryimage\"},\"thumbnailUrl\":\"https:\/\/i0.wp.com\/vincentians.com\/es\/wp-content\/uploads\/sites\/11\/2013\/05\/La-milagrosa3.jpg?fit=670%2C430&ssl=1\",\"datePublished\":\"2023-12-27T07:05:42+00:00\",\"breadcrumb\":{\"@id\":\"https:\/\/vincentians.com\/es\/fecha-numero-y-autenticidad-de-las-apariciones-de-la-virgen-milagrosa\/#breadcrumb\"},\"inLanguage\":\"es\",\"potentialAction\":[{\"@type\":\"ReadAction\",\"target\":[\"https:\/\/vincentians.com\/es\/fecha-numero-y-autenticidad-de-las-apariciones-de-la-virgen-milagrosa\/\"]}]},{\"@type\":\"ImageObject\",\"inLanguage\":\"es\",\"@id\":\"https:\/\/vincentians.com\/es\/fecha-numero-y-autenticidad-de-las-apariciones-de-la-virgen-milagrosa\/#primaryimage\",\"url\":\"https:\/\/i0.wp.com\/vincentians.com\/es\/wp-content\/uploads\/sites\/11\/2013\/05\/La-milagrosa3.jpg?fit=670%2C430&ssl=1\",\"contentUrl\":\"https:\/\/i0.wp.com\/vincentians.com\/es\/wp-content\/uploads\/sites\/11\/2013\/05\/La-milagrosa3.jpg?fit=670%2C430&ssl=1\",\"width\":670,\"height\":430},{\"@type\":\"BreadcrumbList\",\"@id\":\"https:\/\/vincentians.com\/es\/fecha-numero-y-autenticidad-de-las-apariciones-de-la-virgen-milagrosa\/#breadcrumb\",\"itemListElement\":[{\"@type\":\"ListItem\",\"position\":1,\"name\":\"Portada\",\"item\":\"http:\/\/vincentians.com\/es\/\"},{\"@type\":\"ListItem\",\"position\":2,\"name\":\"Fecha, n\u00famero y autenticidad de las apariciones de la Virgen Milagrosa\"}]},{\"@type\":\"WebSite\",\"@id\":\"http:\/\/vincentians.com\/es\/#website\",\"url\":\"http:\/\/vincentians.com\/es\/\",\"name\":\"Somos Vicencianos\",\"description\":\"Know more to serve more\",\"publisher\":{\"@id\":\"http:\/\/vincentians.com\/es\/#organization\"},\"potentialAction\":[{\"@type\":\"SearchAction\",\"target\":{\"@type\":\"EntryPoint\",\"urlTemplate\":\"http:\/\/vincentians.com\/es\/?s={search_term_string}\"},\"query-input\":{\"@type\":\"PropertyValueSpecification\",\"valueRequired\":true,\"valueName\":\"search_term_string\"}}],\"inLanguage\":\"es\"},{\"@type\":\"Organization\",\"@id\":\"http:\/\/vincentians.com\/es\/#organization\",\"name\":\"The Vincentian Network\",\"url\":\"http:\/\/vincentians.com\/es\/\",\"logo\":{\"@type\":\"ImageObject\",\"inLanguage\":\"es\",\"@id\":\"http:\/\/vincentians.com\/es\/#\/schema\/logo\/image\/\",\"url\":\"https:\/\/i1.wp.com\/vincentians.com\/es\/wp-content\/uploads\/sites\/11\/2016\/06\/Vincentian-Network-logo-big.png?fit=778%2C778\",\"contentUrl\":\"https:\/\/i1.wp.com\/vincentians.com\/es\/wp-content\/uploads\/sites\/11\/2016\/06\/Vincentian-Network-logo-big.png?fit=778%2C778\",\"width\":778,\"height\":778,\"caption\":\"The Vincentian Network\"},\"image\":{\"@id\":\"http:\/\/vincentians.com\/es\/#\/schema\/logo\/image\/\"},\"sameAs\":[\"https:\/\/www.facebook.com\/WeAreVincentians\/\",\"https:\/\/x.com\/WeVincentians\"]},{\"@type\":\"Person\",\"@id\":\"http:\/\/vincentians.com\/es\/#\/schema\/person\/9623ef4d9aa3b2dfb8c061f1499288f2\",\"name\":\"Francisco Javier Fern\u00e1ndez Chento\",\"image\":{\"@type\":\"ImageObject\",\"inLanguage\":\"es\",\"@id\":\"http:\/\/vincentians.com\/es\/#\/schema\/person\/image\/\",\"url\":\"https:\/\/secure.gravatar.com\/avatar\/497d5cde87b4c3d097d0315953521681ba2cd523ee66e5077c3711f7021e65de?s=96&d=mm&r=g\",\"contentUrl\":\"https:\/\/secure.gravatar.com\/avatar\/497d5cde87b4c3d097d0315953521681ba2cd523ee66e5077c3711f7021e65de?s=96&d=mm&r=g\",\"caption\":\"Francisco Javier Fern\u00e1ndez Chento\"},\"description\":\"Director General y cofundador de La Red de Formaci\u00f3n Vicenciana. Javier es laico vicenciano, afiliado a la Congregaci\u00f3n de la Misi\u00f3n y miembro del Equipo de Misiones Populares de la provincia can\u00f3nica de Zaragoza (Espa\u00f1a) de la Congregaci\u00f3n de la Misi\u00f3n. Graduado en la Universidad Oberta de Catalunya con cuatro grados (Asistente de direcci\u00f3n, Gesti\u00f3n Administrativa, Recursos Humanos y Contabilidad Avanzada). Bil\u00edng\u00fce Espa\u00f1ol\/Ingl\u00e9s. gestiona y mantiene varias p\u00e1ginas web cristianas y vicencianas, incluida including La Red de Formaci\u00f3n Vicenciana, de la que es cofundador. Actualmente es responsable del \u00e1rea de Espa\u00f1ol de .famvin, la Red de Noticias de la Familia Vicenciana. Tambi\u00e9n es m\u00fasico cat\u00f3lico y ha editado varios discos. Es Director General y cofundador de Trovador, una reconocida compa\u00f1\u00eda discogr\u00e1fica critiana de Espa\u00f1a. Trabaja en las Tecnolog\u00edas de la Informaci\u00f3n, ofreciendo servicios de alojamiento, dise\u00f1o y mantenimiento Web, as\u00ed como asesoramiento, formaci\u00f3n y soluciones inform\u00e1ticas, gesti\u00f3n documental y digitalizaci\u00f3n de textos, edici\u00f3n y maquetaci\u00f3n de libros, revistas, flyers, etc.\",\"sameAs\":[\"http:\/\/chento.org\",\"https:\/\/www.facebook.com\/JavierChento\",\"https:\/\/x.com\/https:\/\/twitter.com\/javierchento\"],\"url\":\"https:\/\/vincentians.com\/es\/author\/chento\/\"}]}<\/script>\n<!-- \/ Yoast SEO plugin. -->","yoast_head_json":{"title":"Fecha, n\u00famero y autenticidad de las apariciones de la Virgen Milagrosa - Somos Vicencianos","robots":{"index":"index","follow":"follow","max-snippet":"max-snippet:-1","max-image-preview":"max-image-preview:large","max-video-preview":"max-video-preview:-1"},"canonical":"https:\/\/vincentians.com\/es\/fecha-numero-y-autenticidad-de-las-apariciones-de-la-virgen-milagrosa\/","og_locale":"es_ES","og_type":"article","og_title":"Fecha, n\u00famero y autenticidad de las apariciones de la Virgen Milagrosa - Somos Vicencianos","og_description":"Hace 150 a\u00f1os, Catalina Labour\u00e9, campesina borgo\u00f1ona que hab\u00eda entrado en el seminario de la rue du Bac el 21 de abril de 1830, tuvo visiones del coraz\u00f3n de Monsieur Vincent, desde el lunes 26 ... Read More","og_url":"https:\/\/vincentians.com\/es\/fecha-numero-y-autenticidad-de-las-apariciones-de-la-virgen-milagrosa\/","og_site_name":"Somos Vicencianos","article_publisher":"https:\/\/www.facebook.com\/WeAreVincentians\/","article_author":"https:\/\/www.facebook.com\/JavierChento","article_published_time":"2023-12-27T07:05:42+00:00","og_image":[{"width":670,"height":430,"url":"https:\/\/i0.wp.com\/vincentians.com\/es\/wp-content\/uploads\/sites\/11\/2013\/05\/La-milagrosa3.jpg?fit=670%2C430&ssl=1","type":"image\/jpeg"}],"author":"Francisco Javier Fern\u00e1ndez Chento","twitter_card":"summary_large_image","twitter_creator":"@https:\/\/twitter.com\/javierchento","twitter_site":"@WeVincentians","twitter_misc":{"Escrito por":"Francisco Javier Fern\u00e1ndez Chento","Tiempo de lectura":"27 minutos"},"schema":{"@context":"https:\/\/schema.org","@graph":[{"@type":"Article","@id":"https:\/\/vincentians.com\/es\/fecha-numero-y-autenticidad-de-las-apariciones-de-la-virgen-milagrosa\/#article","isPartOf":{"@id":"https:\/\/vincentians.com\/es\/fecha-numero-y-autenticidad-de-las-apariciones-de-la-virgen-milagrosa\/"},"author":{"name":"Francisco Javier Fern\u00e1ndez Chento","@id":"http:\/\/vincentians.com\/es\/#\/schema\/person\/9623ef4d9aa3b2dfb8c061f1499288f2"},"headline":"Fecha, n\u00famero y autenticidad de las apariciones de la Virgen Milagrosa","datePublished":"2023-12-27T07:05:42+00:00","mainEntityOfPage":{"@id":"https:\/\/vincentians.com\/es\/fecha-numero-y-autenticidad-de-las-apariciones-de-la-virgen-milagrosa\/"},"wordCount":6281,"commentCount":0,"publisher":{"@id":"http:\/\/vincentians.com\/es\/#organization"},"image":{"@id":"https:\/\/vincentians.com\/es\/fecha-numero-y-autenticidad-de-las-apariciones-de-la-virgen-milagrosa\/#primaryimage"},"thumbnailUrl":"https:\/\/i0.wp.com\/vincentians.com\/es\/wp-content\/uploads\/sites\/11\/2013\/05\/La-milagrosa3.jpg?fit=670%2C430&ssl=1","keywords":["Etienne","Ratisbona","Rue du Bac"],"articleSection":["Virgen Mar\u00eda"],"inLanguage":"es","potentialAction":[{"@type":"CommentAction","name":"Comment","target":["https:\/\/vincentians.com\/es\/fecha-numero-y-autenticidad-de-las-apariciones-de-la-virgen-milagrosa\/#respond"]}]},{"@type":"WebPage","@id":"https:\/\/vincentians.com\/es\/fecha-numero-y-autenticidad-de-las-apariciones-de-la-virgen-milagrosa\/","url":"https:\/\/vincentians.com\/es\/fecha-numero-y-autenticidad-de-las-apariciones-de-la-virgen-milagrosa\/","name":"Fecha, n\u00famero y autenticidad de las apariciones de la Virgen Milagrosa - Somos Vicencianos","isPartOf":{"@id":"http:\/\/vincentians.com\/es\/#website"},"primaryImageOfPage":{"@id":"https:\/\/vincentians.com\/es\/fecha-numero-y-autenticidad-de-las-apariciones-de-la-virgen-milagrosa\/#primaryimage"},"image":{"@id":"https:\/\/vincentians.com\/es\/fecha-numero-y-autenticidad-de-las-apariciones-de-la-virgen-milagrosa\/#primaryimage"},"thumbnailUrl":"https:\/\/i0.wp.com\/vincentians.com\/es\/wp-content\/uploads\/sites\/11\/2013\/05\/La-milagrosa3.jpg?fit=670%2C430&ssl=1","datePublished":"2023-12-27T07:05:42+00:00","breadcrumb":{"@id":"https:\/\/vincentians.com\/es\/fecha-numero-y-autenticidad-de-las-apariciones-de-la-virgen-milagrosa\/#breadcrumb"},"inLanguage":"es","potentialAction":[{"@type":"ReadAction","target":["https:\/\/vincentians.com\/es\/fecha-numero-y-autenticidad-de-las-apariciones-de-la-virgen-milagrosa\/"]}]},{"@type":"ImageObject","inLanguage":"es","@id":"https:\/\/vincentians.com\/es\/fecha-numero-y-autenticidad-de-las-apariciones-de-la-virgen-milagrosa\/#primaryimage","url":"https:\/\/i0.wp.com\/vincentians.com\/es\/wp-content\/uploads\/sites\/11\/2013\/05\/La-milagrosa3.jpg?fit=670%2C430&ssl=1","contentUrl":"https:\/\/i0.wp.com\/vincentians.com\/es\/wp-content\/uploads\/sites\/11\/2013\/05\/La-milagrosa3.jpg?fit=670%2C430&ssl=1","width":670,"height":430},{"@type":"BreadcrumbList","@id":"https:\/\/vincentians.com\/es\/fecha-numero-y-autenticidad-de-las-apariciones-de-la-virgen-milagrosa\/#breadcrumb","itemListElement":[{"@type":"ListItem","position":1,"name":"Portada","item":"http:\/\/vincentians.com\/es\/"},{"@type":"ListItem","position":2,"name":"Fecha, n\u00famero y autenticidad de las apariciones de la Virgen Milagrosa"}]},{"@type":"WebSite","@id":"http:\/\/vincentians.com\/es\/#website","url":"http:\/\/vincentians.com\/es\/","name":"Somos Vicencianos","description":"Know more to serve more","publisher":{"@id":"http:\/\/vincentians.com\/es\/#organization"},"potentialAction":[{"@type":"SearchAction","target":{"@type":"EntryPoint","urlTemplate":"http:\/\/vincentians.com\/es\/?s={search_term_string}"},"query-input":{"@type":"PropertyValueSpecification","valueRequired":true,"valueName":"search_term_string"}}],"inLanguage":"es"},{"@type":"Organization","@id":"http:\/\/vincentians.com\/es\/#organization","name":"The Vincentian Network","url":"http:\/\/vincentians.com\/es\/","logo":{"@type":"ImageObject","inLanguage":"es","@id":"http:\/\/vincentians.com\/es\/#\/schema\/logo\/image\/","url":"https:\/\/i1.wp.com\/vincentians.com\/es\/wp-content\/uploads\/sites\/11\/2016\/06\/Vincentian-Network-logo-big.png?fit=778%2C778","contentUrl":"https:\/\/i1.wp.com\/vincentians.com\/es\/wp-content\/uploads\/sites\/11\/2016\/06\/Vincentian-Network-logo-big.png?fit=778%2C778","width":778,"height":778,"caption":"The Vincentian Network"},"image":{"@id":"http:\/\/vincentians.com\/es\/#\/schema\/logo\/image\/"},"sameAs":["https:\/\/www.facebook.com\/WeAreVincentians\/","https:\/\/x.com\/WeVincentians"]},{"@type":"Person","@id":"http:\/\/vincentians.com\/es\/#\/schema\/person\/9623ef4d9aa3b2dfb8c061f1499288f2","name":"Francisco Javier Fern\u00e1ndez Chento","image":{"@type":"ImageObject","inLanguage":"es","@id":"http:\/\/vincentians.com\/es\/#\/schema\/person\/image\/","url":"https:\/\/secure.gravatar.com\/avatar\/497d5cde87b4c3d097d0315953521681ba2cd523ee66e5077c3711f7021e65de?s=96&d=mm&r=g","contentUrl":"https:\/\/secure.gravatar.com\/avatar\/497d5cde87b4c3d097d0315953521681ba2cd523ee66e5077c3711f7021e65de?s=96&d=mm&r=g","caption":"Francisco Javier Fern\u00e1ndez Chento"},"description":"Director General y cofundador de La Red de Formaci\u00f3n Vicenciana. Javier es laico vicenciano, afiliado a la Congregaci\u00f3n de la Misi\u00f3n y miembro del Equipo de Misiones Populares de la provincia can\u00f3nica de Zaragoza (Espa\u00f1a) de la Congregaci\u00f3n de la Misi\u00f3n. Graduado en la Universidad Oberta de Catalunya con cuatro grados (Asistente de direcci\u00f3n, Gesti\u00f3n Administrativa, Recursos Humanos y Contabilidad Avanzada). Bil\u00edng\u00fce Espa\u00f1ol\/Ingl\u00e9s. gestiona y mantiene varias p\u00e1ginas web cristianas y vicencianas, incluida including La Red de Formaci\u00f3n Vicenciana, de la que es cofundador. Actualmente es responsable del \u00e1rea de Espa\u00f1ol de .famvin, la Red de Noticias de la Familia Vicenciana. Tambi\u00e9n es m\u00fasico cat\u00f3lico y ha editado varios discos. Es Director General y cofundador de Trovador, una reconocida compa\u00f1\u00eda discogr\u00e1fica critiana de Espa\u00f1a. Trabaja en las Tecnolog\u00edas de la Informaci\u00f3n, ofreciendo servicios de alojamiento, dise\u00f1o y mantenimiento Web, as\u00ed como asesoramiento, formaci\u00f3n y soluciones inform\u00e1ticas, gesti\u00f3n documental y digitalizaci\u00f3n de textos, edici\u00f3n y maquetaci\u00f3n de libros, revistas, flyers, etc.","sameAs":["http:\/\/chento.org","https:\/\/www.facebook.com\/JavierChento","https:\/\/x.com\/https:\/\/twitter.com\/javierchento"],"url":"https:\/\/vincentians.com\/es\/author\/chento\/"}]}},"jetpack_publicize_connections":[],"jetpack_featured_media_url":"https:\/\/i0.wp.com\/vincentians.com\/es\/wp-content\/uploads\/sites\/11\/2013\/05\/La-milagrosa3.jpg?fit=670%2C430&ssl=1","jetpack_sharing_enabled":true,"jetpack_shortlink":"https:\/\/wp.me\/p7ETMF-ard","jetpack-related-posts":[{"id":117065,"url":"https:\/\/vincentians.com\/es\/la-basilica-de-la-milagrosa-madrid-tiene-larga-historia\/","url_meta":{"origin":40127,"position":0},"title":"La Bas\u00edlica de La Milagrosa en Madrid tiene larga historia","author":"Mitxel Olabu\u00e9naga","date":"03\/08\/2021","format":false,"excerpt":"Con motivo de sus Bodas de Oro vocacionales, el P. Eladio Ar\u00adn\u00e1iz hizo un viaje a Roma, y durante su estancia en la ciudad, el Papa P\u00edo X le recibi\u00f3 en audiencia. Luego, a su regreso a Espa\u00f1a, como Director de las Hijas de la Caridad de la entonces enorme\u2026","rel":"","context":"En \u00abHistoria de la Congregaci\u00f3n de la Misi\u00f3n en Espa\u00f1a\u00bb","block_context":{"text":"Historia de la Congregaci\u00f3n de la Misi\u00f3n en Espa\u00f1a","link":"https:\/\/vincentians.com\/es\/category\/historia-de-la-familia-vicenciana\/historia-de-la-congregacion-de-la-mision-en-espana\/"},"img":{"alt_text":"","src":"https:\/\/i0.wp.com\/vincentians.com\/es\/wp-content\/uploads\/sites\/11\/2016\/09\/enviados-evangelizar-pobres.jpg?fit=1200%2C630&ssl=1&resize=350%2C200","width":350,"height":200,"srcset":"https:\/\/i0.wp.com\/vincentians.com\/es\/wp-content\/uploads\/sites\/11\/2016\/09\/enviados-evangelizar-pobres.jpg?fit=1200%2C630&ssl=1&resize=350%2C200 1x, https:\/\/i0.wp.com\/vincentians.com\/es\/wp-content\/uploads\/sites\/11\/2016\/09\/enviados-evangelizar-pobres.jpg?fit=1200%2C630&ssl=1&resize=525%2C300 1.5x, https:\/\/i0.wp.com\/vincentians.com\/es\/wp-content\/uploads\/sites\/11\/2016\/09\/enviados-evangelizar-pobres.jpg?fit=1200%2C630&ssl=1&resize=700%2C400 2x, https:\/\/i0.wp.com\/vincentians.com\/es\/wp-content\/uploads\/sites\/11\/2016\/09\/enviados-evangelizar-pobres.jpg?fit=1200%2C630&ssl=1&resize=1050%2C600 3x"},"classes":[]},{"id":2522,"url":"https:\/\/vincentians.com\/es\/una-relectura-del-mensaje-de-la-rue-du-bac-para-nuestro-tiempo\/","url_meta":{"origin":40127,"position":1},"title":"Una relectura del mensaje de la Rue du Bac para nuestro tiempo","author":"Francisco Javier Fern\u00e1ndez Chento","date":"23\/12\/2023","format":false,"excerpt":"Introducci\u00f3n No es \u00e9sta la primera vez que se pide a alguien tratar este tema. \u00bfC\u00f3mo actualizar el mensaje de la Rue du Bac?. La preocupaci\u00f3n por este enfoque surgi\u00f3 especialmente a partir de la celebraci\u00f3n del 150 aniversario de las apariciones de la Virgen a Santa Catalina y desde\u2026","rel":"","context":"En \u00abVirgen Mar\u00eda\u00bb","block_context":{"text":"Virgen Mar\u00eda","link":"https:\/\/vincentians.com\/es\/category\/espiritualidad\/virgen-maria\/"},"img":{"alt_text":"","src":"https:\/\/i0.wp.com\/vincentians.com\/es\/wp-content\/uploads\/sites\/11\/2013\/05\/La-milagrosa3.jpg?fit=670%2C430&ssl=1&resize=350%2C200","width":350,"height":200,"srcset":"https:\/\/i0.wp.com\/vincentians.com\/es\/wp-content\/uploads\/sites\/11\/2013\/05\/La-milagrosa3.jpg?fit=670%2C430&ssl=1&resize=350%2C200 1x, https:\/\/i0.wp.com\/vincentians.com\/es\/wp-content\/uploads\/sites\/11\/2013\/05\/La-milagrosa3.jpg?fit=670%2C430&ssl=1&resize=525%2C300 1.5x"},"classes":[]},{"id":109333,"url":"https:\/\/vincentians.com\/es\/mision-historica-de-la-milagrosa\/","url_meta":{"origin":40127,"position":2},"title":"Misi\u00f3n hist\u00f3rica de La Milagrosa","author":"Francisco Javier Fern\u00e1ndez Chento","date":"27\/11\/2022","format":false,"excerpt":"Amadas Hermanas, se\u00f1ores y amados sacerdotes: El t\u00edtulo de la conferencia quiz\u00e1 pueda parecer a algunos ex\u00adcesivamente ambicioso: LA MISION HISTORICA DE LA MILA\u00adGROSA. En realidad a m\u00ed tambi\u00e9n me lo parece, sobre todo una vez que lo vi estampado en letras de molde; porque mi prop\u00f3sito es muy sencillo.\u2026","rel":"","context":"En \u00abVirgen Mar\u00eda\u00bb","block_context":{"text":"Virgen Mar\u00eda","link":"https:\/\/vincentians.com\/es\/category\/espiritualidad\/virgen-maria\/"},"img":{"alt_text":"","src":"https:\/\/i0.wp.com\/vincentians.com\/es\/wp-content\/uploads\/sites\/11\/2018\/11\/La-milagrosa3.jpg?fit=670%2C430&ssl=1&resize=350%2C200","width":350,"height":200,"srcset":"https:\/\/i0.wp.com\/vincentians.com\/es\/wp-content\/uploads\/sites\/11\/2018\/11\/La-milagrosa3.jpg?fit=670%2C430&ssl=1&resize=350%2C200 1x, https:\/\/i0.wp.com\/vincentians.com\/es\/wp-content\/uploads\/sites\/11\/2018\/11\/La-milagrosa3.jpg?fit=670%2C430&ssl=1&resize=525%2C300 1.5x"},"classes":[]},{"id":53285,"url":"https:\/\/vincentians.com\/es\/el-mensaje-de-rue-du-bac-v-la-vision\/","url_meta":{"origin":40127,"position":3},"title":"El mensaje de Rue du Bac (V. La visi\u00f3n)","author":"Francisco Javier Fern\u00e1ndez Chento","date":"07\/11\/2023","format":false,"excerpt":"En los documentos primeros m\u00e1s autorizados se describen las revelaciones de la Virgen a Santa Catalina usando la palabra \"vi\u00adsi\u00f3n\" con preferencia a \"aparici\u00f3n\". Tanto el Padre Aladel como los Padres Etienne y Lamboley tienen frases como \u00e9stas: \"vio\", \"crey\u00f3 haber visto\", \"tuvo otra visi\u00f3n\", etc. As\u00ed puede leerse en\u2026","rel":"","context":"En \u00abVirgen Mar\u00eda\u00bb","block_context":{"text":"Virgen Mar\u00eda","link":"https:\/\/vincentians.com\/es\/category\/espiritualidad\/virgen-maria\/"},"img":{"alt_text":"","src":"https:\/\/i0.wp.com\/vincentians.com\/es\/wp-content\/uploads\/sites\/11\/2022\/08\/imagen-1-2.jpg?fit=350%2C349&ssl=1&resize=350%2C200","width":350,"height":200},"classes":[]},{"id":53283,"url":"https:\/\/vincentians.com\/es\/el-mensaje-de-rue-du-bac-iv-palabras-de-la-virgen\/","url_meta":{"origin":40127,"position":4},"title":"El mensaje de Rue du Bac (IV. Palabras de la Virgen)","author":"Francisco Javier Fern\u00e1ndez Chento","date":"05\/11\/2023","format":false,"excerpt":"En M\u00edstica se habla de un lenguaje divino, de locuciones so\u00adbrenaturales, con el cual Dios manifiesta su pensamiento inefable a un alma. Esta comunicaci\u00f3n sobrenatural puede hacerse a tra\u00adv\u00e9s del o\u00eddo o de la imaginaci\u00f3n (fantas\u00eda), o por impresiones di\u00adrectas en el entendimiento. As\u00ed surge la cl\u00e1sica divisi\u00f3n de locu\u00adciones\u2026","rel":"","context":"En \u00abVirgen Mar\u00eda\u00bb","block_context":{"text":"Virgen Mar\u00eda","link":"https:\/\/vincentians.com\/es\/category\/espiritualidad\/virgen-maria\/"},"img":{"alt_text":"","src":"https:\/\/i0.wp.com\/vincentians.com\/es\/wp-content\/uploads\/sites\/11\/2022\/08\/imagen-1-2.jpg?fit=350%2C349&ssl=1&resize=350%2C200","width":350,"height":200},"classes":[]},{"id":53272,"url":"https:\/\/vincentians.com\/es\/el-mensaje-de-rue-du-bac-introduccion\/","url_meta":{"origin":40127,"position":5},"title":"El mensaje de Rue du Bac (Introducci\u00f3n)","author":"Francisco Javier Fern\u00e1ndez Chento","date":"27\/10\/2023","format":false,"excerpt":"Es dif\u00edcil precisar el significado y mensaje de las apariciones de la Virgen Mar\u00eda a Santa Catalina Labour\u00e9. Aunque fueron las primeras de todas las mariofan\u00edas modernas no han tenido a\u00fan ni un historiador ni un te\u00f3logo que las haya estudiado en profun\u00addidad. Cierto que las biograf\u00edas de la vidente\u2026","rel":"","context":"En \u00abVirgen Mar\u00eda\u00bb","block_context":{"text":"Virgen Mar\u00eda","link":"https:\/\/vincentians.com\/es\/category\/espiritualidad\/virgen-maria\/"},"img":{"alt_text":"","src":"https:\/\/i0.wp.com\/vincentians.com\/es\/wp-content\/uploads\/sites\/11\/2022\/08\/imagen-1-2.jpg?fit=350%2C349&ssl=1&resize=350%2C200","width":350,"height":200},"classes":[]}],"_links":{"self":[{"href":"https:\/\/vincentians.com\/es\/wp-json\/wp\/v2\/posts\/40127","targetHints":{"allow":["GET"]}}],"collection":[{"href":"https:\/\/vincentians.com\/es\/wp-json\/wp\/v2\/posts"}],"about":[{"href":"https:\/\/vincentians.com\/es\/wp-json\/wp\/v2\/types\/post"}],"author":[{"embeddable":true,"href":"https:\/\/vincentians.com\/es\/wp-json\/wp\/v2\/users\/4"}],"replies":[{"embeddable":true,"href":"https:\/\/vincentians.com\/es\/wp-json\/wp\/v2\/comments?post=40127"}],"version-history":[{"count":1,"href":"https:\/\/vincentians.com\/es\/wp-json\/wp\/v2\/posts\/40127\/revisions"}],"predecessor-version":[{"id":404915,"href":"https:\/\/vincentians.com\/es\/wp-json\/wp\/v2\/posts\/40127\/revisions\/404915"}],"wp:featuredmedia":[{"embeddable":true,"href":"https:\/\/vincentians.com\/es\/wp-json\/wp\/v2\/media\/404166"}],"wp:attachment":[{"href":"https:\/\/vincentians.com\/es\/wp-json\/wp\/v2\/media?parent=40127"}],"wp:term":[{"taxonomy":"category","embeddable":true,"href":"https:\/\/vincentians.com\/es\/wp-json\/wp\/v2\/categories?post=40127"},{"taxonomy":"post_tag","embeddable":true,"href":"https:\/\/vincentians.com\/es\/wp-json\/wp\/v2\/tags?post=40127"}],"curies":[{"name":"wp","href":"https:\/\/api.w.org\/{rel}","templated":true}]}}