{"id":401045,"date":"2017-07-11T22:30:33","date_gmt":"2017-07-11T20:30:33","guid":{"rendered":"http:\/\/vincentians.com\/es\/?p=401045"},"modified":"2017-07-12T07:21:32","modified_gmt":"2017-07-12T05:21:32","slug":"15o-to-rdizonreyes-cosas","status":"publish","type":"post","link":"https:\/\/vincentians.com\/es\/15o-to-rdizonreyes-cosas\/","title":{"rendered":"15\u00ba Domingo de T.O. (reflexi\u00f3n de Rosalino Dizon Reyes)"},"content":{"rendered":"<p><em>Cosas ordinarias, pero esclarecedoras<\/em><\/p>\n<h3>En Jes\u00fas habita toda la plenitud divina en forma corporal.\u00a0 \u00c9l es el m\u00e1s pleno sentido de las cosas y quien nos lo descubre.<\/h3>\n<p>Estando al tanto de las cosas y tomando conciencia de su alrededor, Jes\u00fas relata la par\u00e1bola del sembrador.\u00a0 Convierte al sembrador, el que forma parte de la experiencia de la gente, en \u00ab<a href=\"http:\/\/famvin.org\/en\/2017\/07\/05\/to-be-a-gospel-sign\/\">signo evang\u00e9lico<\/a>\u00bb.\u00a0 Luego, explica el Maestro a ciertas personas el m\u00e1s pleno significado de la par\u00e1bola.<\/p>\n<p>As\u00ed\u00ad de buen maestro es Jes\u00fas.\u00a0 Ense\u00f1a de tal modo que lo comprenden incluso, &#8211;o mejor dicho, <em>especialmente<\/em>&#8211;, las gentes sencillas.\u00a0 Utiliza par\u00e1bolas e imag\u00e1nes entretejidas de las cosas o ocurrencias de la vida.\u00a0 Sobre todo, \u00e9l descubre el m\u00e1s pleno significado de los acontecimientos.<\/p>\n<p>Y as\u00ed\u00ad de buen educador y formador es Jes\u00fas.\u00a0 Le sirven, s\u00ed\u00ad, como punto de partida las cosas de la experiencia popular.\u00a0 A continuaci\u00f3n, saca de tales cosas el significado relevante.\u00a0 Y lo utiliza adem\u00e1s para formar a cuantos se les concede conocer los secretos del reino.<\/p>\n<p>Es que Jes\u00fas desea enormemente que los disc\u00edpulos tengamos vida abundante.\u00a0 Y \u00e9sta la tendremos en la medida en que vivamos nosotros conforme al m\u00e1s pleno sentido de las cosas revelado por \u00e9l mismo.<\/p>\n<h4><em>As\u00ed que, al igual que Jes\u00fas, los que nos decimos seguidores suyos, hemos de quedarnos al tanto de las cosas.\u00a0 Y mucho nos importa ser conscientes de nuestro entorno.<\/em><\/h4>\n<p>Realmente, no hay nada ni nadie de poco valor; todas las cosas son significantes.\u00a0 Es que se\u00f1alan todas una realidad m\u00e1s plena y m\u00e1s profunda.\u00a0 Por eso, en momentos de oraci\u00f3n y reflexi\u00f3n, damos gracias no solo por lo bello, grande o santo.\u00a0 Damos gracias incluso por el dolor y el pecado, que \u00e9stos tanto nos ense\u00f1an<\/p>\n<p>Y la clave para captar el m\u00e1s pleno sentido de nuestras experiencias es Jes\u00fas.\u00a0 Caminando en comp\u00ada\u00f1\u00eda de Jes\u00fas, como san Ignacio, hallaremos a Dios en todos las cosas.\u00a0 Y si Jes\u00fas es nuestra \u00ab<a href=\"http:\/\/vincentians.com\/es\/el-cristo-de-vicente-de-paul-i\/\">fuerza motriz<\/a>\u00bb, la vida ordinaria nos indicar\u00e1 de forma imperceptible los designios de Dios.\u00a0 Tal es el caso de san Vicente de Pa\u00fal.<\/p>\n<p>Las cosas que ocurren, a nosotros o a nuestro alrededor, se\u00f1alan adem\u00e1s la gloria que un d\u00eda se nos descubrir\u00e1.\u00a0 Y de la misma gloria futura es prenda la Convivencia eucar\u00edstica sagrada que \u00abentra\u00f1a un compromiso en favor de los pobres\u00bb (<a href=\"http:\/\/www.vatican.va\/archive\/catechism_sp\/p2s2c1a3_sp.html#I%20La%20Eucarist%C3%ADa,%20fuente%20y%20cumbre%20de%20la%20vida%20eclesial\">CCC<\/a> 1397).\u00a0 As\u00ed\u00ad, pues, cristianos fecundos nos acreditaremos si ya no desestimamos a ning\u00fan m\u00e1s humilde hermano o hermana de Cristo.<\/p>\n<h4><em>Se\u00f1or, ens\u00e9\u00f1anos a hallarte en todas las cosas.\u00a0 Que te descubramos sobre todo en nuestros hermanos y hermanas menos \u00fatiles a los ojos del mundo.<\/em><\/h4>\n<p>16 Julio 2017<br \/>\n15\u00ba Domingo de T.O. (A)<br \/>\nIs 55, 10-11; Rom 8, 18-23; Mt 13, 1-23<\/p>\n","protected":false},"excerpt":{"rendered":"<p>Cosas ordinarias, pero esclarecedoras En Jes\u00fas habita toda la plenitud divina en forma corporal.\u00a0 \u00c9l es el m\u00e1s pleno sentido de las cosas y quien nos lo descubre. Estando al tanto de las cosas y &#8230; <a href=\"https:\/\/vincentians.com\/es\/15o-to-rdizonreyes-cosas\/\" class=\"more-link\">Read More<\/a><\/p>\n","protected":false},"author":3,"featured_media":388397,"comment_status":"open","ping_status":"open","sticky":false,"template":"","format":"standard","meta":{"jetpack_post_was_ever_published":false,"_jetpack_newsletter_access":"","_jetpack_dont_email_post_to_subs":false,"_jetpack_newsletter_tier_id":0,"_jetpack_memberships_contains_paywalled_content":false,"_jetpack_memberships_contains_paid_content":false,"footnotes":"","jetpack_publicize_message":"","jetpack_publicize_feature_enabled":true,"jetpack_social_post_already_shared":true,"jetpack_social_options":{"image_generator_settings":{"template":"highway","default_image_id":0,"font":"","enabled":false},"version":2}},"categories":[95],"tags":[],"class_list":["post-401045","post","type-post","status-publish","format-standard","has-post-thumbnail","hentry","category-homilias-y-reflexiones-ano-a"],"yoast_head":"<!-- This site is optimized with the Yoast SEO plugin v26.3 - https:\/\/yoast.com\/wordpress\/plugins\/seo\/ -->\n<title>15\u00ba Domingo de T.O. (reflexi\u00f3n de Rosalino Dizon Reyes) - Somos Vicencianos<\/title>\n<meta name=\"description\" content=\"En Jes\u00fas habita toda la plenitud de la divinidad en forma corporal. \u00c9l es el m\u00e1s pleno sentido de las cosas y quien nos lo descubre.\" \/>\n<meta name=\"robots\" content=\"index, follow, max-snippet:-1, max-image-preview:large, max-video-preview:-1\" \/>\n<link rel=\"canonical\" href=\"https:\/\/vincentians.com\/es\/15o-to-rdizonreyes-cosas\/\" \/>\n<meta property=\"og:locale\" content=\"es_ES\" \/>\n<meta property=\"og:type\" content=\"article\" \/>\n<meta property=\"og:title\" content=\"15\u00ba Domingo de T.O. (reflexi\u00f3n de Rosalino Dizon Reyes) - Somos Vicencianos\" \/>\n<meta property=\"og:description\" content=\"En Jes\u00fas habita toda la plenitud de la divinidad en forma corporal. \u00c9l es el m\u00e1s pleno sentido de las cosas y quien nos lo descubre.\" \/>\n<meta property=\"og:url\" content=\"https:\/\/vincentians.com\/es\/15o-to-rdizonreyes-cosas\/\" \/>\n<meta property=\"og:site_name\" content=\"Somos Vicencianos\" \/>\n<meta property=\"article:publisher\" content=\"https:\/\/www.facebook.com\/WeAreVincentians\/\" \/>\n<meta property=\"article:published_time\" content=\"2017-07-11T20:30:33+00:00\" \/>\n<meta property=\"article:modified_time\" content=\"2017-07-12T05:21:32+00:00\" \/>\n<meta property=\"og:image\" content=\"https:\/\/i0.wp.com\/vincentians.com\/es\/wp-content\/uploads\/sites\/11\/2016\/07\/reflexiones-ross.jpg?fit=1200%2C630&ssl=1\" \/>\n\t<meta property=\"og:image:width\" content=\"1200\" \/>\n\t<meta property=\"og:image:height\" content=\"630\" \/>\n\t<meta property=\"og:image:type\" content=\"image\/jpeg\" \/>\n<meta name=\"author\" content=\"Ross Reyes Dizon\" \/>\n<meta name=\"twitter:card\" content=\"summary_large_image\" \/>\n<meta name=\"twitter:creator\" content=\"@WeVincentians\" \/>\n<meta name=\"twitter:site\" content=\"@WeVincentians\" \/>\n<meta name=\"twitter:label1\" content=\"Escrito por\" \/>\n\t<meta name=\"twitter:data1\" content=\"Ross Reyes Dizon\" \/>\n\t<meta name=\"twitter:label2\" content=\"Tiempo de lectura\" \/>\n\t<meta name=\"twitter:data2\" content=\"2 minutos\" \/>\n<script type=\"application\/ld+json\" class=\"yoast-schema-graph\">{\"@context\":\"https:\/\/schema.org\",\"@graph\":[{\"@type\":\"Article\",\"@id\":\"https:\/\/vincentians.com\/es\/15o-to-rdizonreyes-cosas\/#article\",\"isPartOf\":{\"@id\":\"https:\/\/vincentians.com\/es\/15o-to-rdizonreyes-cosas\/\"},\"author\":{\"name\":\"Ross Reyes Dizon\",\"@id\":\"https:\/\/vincentians.com\/es\/#\/schema\/person\/6b250b52a52e7af2128e08c36145865d\"},\"headline\":\"15\u00ba Domingo de T.O. (reflexi\u00f3n de Rosalino Dizon Reyes)\",\"datePublished\":\"2017-07-11T20:30:33+00:00\",\"dateModified\":\"2017-07-12T05:21:32+00:00\",\"mainEntityOfPage\":{\"@id\":\"https:\/\/vincentians.com\/es\/15o-to-rdizonreyes-cosas\/\"},\"wordCount\":494,\"commentCount\":0,\"publisher\":{\"@id\":\"https:\/\/vincentians.com\/es\/#organization\"},\"image\":{\"@id\":\"https:\/\/vincentians.com\/es\/15o-to-rdizonreyes-cosas\/#primaryimage\"},\"thumbnailUrl\":\"https:\/\/i0.wp.com\/vincentians.com\/es\/wp-content\/uploads\/sites\/11\/2016\/07\/reflexiones-ross.jpg?fit=1200%2C630&ssl=1\",\"articleSection\":[\"Homil\u00edas y reflexiones, A\u00f1o A\"],\"inLanguage\":\"es\",\"potentialAction\":[{\"@type\":\"CommentAction\",\"name\":\"Comment\",\"target\":[\"https:\/\/vincentians.com\/es\/15o-to-rdizonreyes-cosas\/#respond\"]}]},{\"@type\":\"WebPage\",\"@id\":\"https:\/\/vincentians.com\/es\/15o-to-rdizonreyes-cosas\/\",\"url\":\"https:\/\/vincentians.com\/es\/15o-to-rdizonreyes-cosas\/\",\"name\":\"15\u00ba Domingo de T.O. (reflexi\u00f3n de Rosalino Dizon Reyes) - Somos Vicencianos\",\"isPartOf\":{\"@id\":\"https:\/\/vincentians.com\/es\/#website\"},\"primaryImageOfPage\":{\"@id\":\"https:\/\/vincentians.com\/es\/15o-to-rdizonreyes-cosas\/#primaryimage\"},\"image\":{\"@id\":\"https:\/\/vincentians.com\/es\/15o-to-rdizonreyes-cosas\/#primaryimage\"},\"thumbnailUrl\":\"https:\/\/i0.wp.com\/vincentians.com\/es\/wp-content\/uploads\/sites\/11\/2016\/07\/reflexiones-ross.jpg?fit=1200%2C630&ssl=1\",\"datePublished\":\"2017-07-11T20:30:33+00:00\",\"dateModified\":\"2017-07-12T05:21:32+00:00\",\"description\":\"En Jes\u00fas habita toda la plenitud de la divinidad en forma corporal. \u00c9l es el m\u00e1s pleno sentido de las cosas y quien nos lo descubre.\",\"breadcrumb\":{\"@id\":\"https:\/\/vincentians.com\/es\/15o-to-rdizonreyes-cosas\/#breadcrumb\"},\"inLanguage\":\"es\",\"potentialAction\":[{\"@type\":\"ReadAction\",\"target\":[\"https:\/\/vincentians.com\/es\/15o-to-rdizonreyes-cosas\/\"]}]},{\"@type\":\"ImageObject\",\"inLanguage\":\"es\",\"@id\":\"https:\/\/vincentians.com\/es\/15o-to-rdizonreyes-cosas\/#primaryimage\",\"url\":\"https:\/\/i0.wp.com\/vincentians.com\/es\/wp-content\/uploads\/sites\/11\/2016\/07\/reflexiones-ross.jpg?fit=1200%2C630&ssl=1\",\"contentUrl\":\"https:\/\/i0.wp.com\/vincentians.com\/es\/wp-content\/uploads\/sites\/11\/2016\/07\/reflexiones-ross.jpg?fit=1200%2C630&ssl=1\",\"width\":1200,\"height\":630},{\"@type\":\"BreadcrumbList\",\"@id\":\"https:\/\/vincentians.com\/es\/15o-to-rdizonreyes-cosas\/#breadcrumb\",\"itemListElement\":[{\"@type\":\"ListItem\",\"position\":1,\"name\":\"Portada\",\"item\":\"https:\/\/vincentians.com\/es\/\"},{\"@type\":\"ListItem\",\"position\":2,\"name\":\"15\u00ba Domingo de T.O. (reflexi\u00f3n de Rosalino Dizon Reyes)\"}]},{\"@type\":\"WebSite\",\"@id\":\"https:\/\/vincentians.com\/es\/#website\",\"url\":\"https:\/\/vincentians.com\/es\/\",\"name\":\"Somos Vicencianos\",\"description\":\"Know more to serve more\",\"publisher\":{\"@id\":\"https:\/\/vincentians.com\/es\/#organization\"},\"potentialAction\":[{\"@type\":\"SearchAction\",\"target\":{\"@type\":\"EntryPoint\",\"urlTemplate\":\"https:\/\/vincentians.com\/es\/?s={search_term_string}\"},\"query-input\":{\"@type\":\"PropertyValueSpecification\",\"valueRequired\":true,\"valueName\":\"search_term_string\"}}],\"inLanguage\":\"es\"},{\"@type\":\"Organization\",\"@id\":\"https:\/\/vincentians.com\/es\/#organization\",\"name\":\"The Vincentian Network\",\"url\":\"https:\/\/vincentians.com\/es\/\",\"logo\":{\"@type\":\"ImageObject\",\"inLanguage\":\"es\",\"@id\":\"https:\/\/vincentians.com\/es\/#\/schema\/logo\/image\/\",\"url\":\"https:\/\/i1.wp.com\/vincentians.com\/es\/wp-content\/uploads\/sites\/11\/2016\/06\/Vincentian-Network-logo-big.png?fit=778%2C778\",\"contentUrl\":\"https:\/\/i1.wp.com\/vincentians.com\/es\/wp-content\/uploads\/sites\/11\/2016\/06\/Vincentian-Network-logo-big.png?fit=778%2C778\",\"width\":778,\"height\":778,\"caption\":\"The Vincentian Network\"},\"image\":{\"@id\":\"https:\/\/vincentians.com\/es\/#\/schema\/logo\/image\/\"},\"sameAs\":[\"https:\/\/www.facebook.com\/WeAreVincentians\/\",\"https:\/\/x.com\/WeVincentians\"]},{\"@type\":\"Person\",\"@id\":\"https:\/\/vincentians.com\/es\/#\/schema\/person\/6b250b52a52e7af2128e08c36145865d\",\"name\":\"Ross Reyes Dizon\",\"image\":{\"@type\":\"ImageObject\",\"inLanguage\":\"es\",\"@id\":\"https:\/\/vincentians.com\/es\/#\/schema\/person\/image\/\",\"url\":\"https:\/\/secure.gravatar.com\/avatar\/84437f3208f798bde5b9b066b0f340b70134675aa8c7b7ec4464b9808a05c195?s=96&d=mm&r=g\",\"contentUrl\":\"https:\/\/secure.gravatar.com\/avatar\/84437f3208f798bde5b9b066b0f340b70134675aa8c7b7ec4464b9808a05c195?s=96&d=mm&r=g\",\"caption\":\"Ross Reyes Dizon\"},\"description\":\"Ross owes his formation to Filipino, Spanish and U.S. Vincentian missionaries. A native of the Philippines, he now lives in Vallejo, California, with his wife Melody. They have two grown-up sons, Vincent and Justin, and are full-time babysitters to grandchildren, Maximilian Fr\u00e9d\u00e9ric and Vivianna Louise. Ross volunteers at Margaret Todd Senior Center, Novato, California, teaching a free weekly citizenship class for mostly Spanish-speakers.\",\"url\":\"https:\/\/vincentians.com\/es\/author\/rosalino\/\"}]}<\/script>\n<!-- \/ Yoast SEO plugin. -->","yoast_head_json":{"title":"15\u00ba Domingo de T.O. (reflexi\u00f3n de Rosalino Dizon Reyes) - Somos Vicencianos","description":"En Jes\u00fas habita toda la plenitud de la divinidad en forma corporal. \u00c9l es el m\u00e1s pleno sentido de las cosas y quien nos lo descubre.","robots":{"index":"index","follow":"follow","max-snippet":"max-snippet:-1","max-image-preview":"max-image-preview:large","max-video-preview":"max-video-preview:-1"},"canonical":"https:\/\/vincentians.com\/es\/15o-to-rdizonreyes-cosas\/","og_locale":"es_ES","og_type":"article","og_title":"15\u00ba Domingo de T.O. (reflexi\u00f3n de Rosalino Dizon Reyes) - Somos Vicencianos","og_description":"En Jes\u00fas habita toda la plenitud de la divinidad en forma corporal. \u00c9l es el m\u00e1s pleno sentido de las cosas y quien nos lo descubre.","og_url":"https:\/\/vincentians.com\/es\/15o-to-rdizonreyes-cosas\/","og_site_name":"Somos Vicencianos","article_publisher":"https:\/\/www.facebook.com\/WeAreVincentians\/","article_published_time":"2017-07-11T20:30:33+00:00","article_modified_time":"2017-07-12T05:21:32+00:00","og_image":[{"width":1200,"height":630,"url":"https:\/\/i0.wp.com\/vincentians.com\/es\/wp-content\/uploads\/sites\/11\/2016\/07\/reflexiones-ross.jpg?fit=1200%2C630&ssl=1","type":"image\/jpeg"}],"author":"Ross Reyes Dizon","twitter_card":"summary_large_image","twitter_creator":"@WeVincentians","twitter_site":"@WeVincentians","twitter_misc":{"Escrito por":"Ross Reyes Dizon","Tiempo de lectura":"2 minutos"},"schema":{"@context":"https:\/\/schema.org","@graph":[{"@type":"Article","@id":"https:\/\/vincentians.com\/es\/15o-to-rdizonreyes-cosas\/#article","isPartOf":{"@id":"https:\/\/vincentians.com\/es\/15o-to-rdizonreyes-cosas\/"},"author":{"name":"Ross Reyes Dizon","@id":"https:\/\/vincentians.com\/es\/#\/schema\/person\/6b250b52a52e7af2128e08c36145865d"},"headline":"15\u00ba Domingo de T.O. (reflexi\u00f3n de Rosalino Dizon Reyes)","datePublished":"2017-07-11T20:30:33+00:00","dateModified":"2017-07-12T05:21:32+00:00","mainEntityOfPage":{"@id":"https:\/\/vincentians.com\/es\/15o-to-rdizonreyes-cosas\/"},"wordCount":494,"commentCount":0,"publisher":{"@id":"https:\/\/vincentians.com\/es\/#organization"},"image":{"@id":"https:\/\/vincentians.com\/es\/15o-to-rdizonreyes-cosas\/#primaryimage"},"thumbnailUrl":"https:\/\/i0.wp.com\/vincentians.com\/es\/wp-content\/uploads\/sites\/11\/2016\/07\/reflexiones-ross.jpg?fit=1200%2C630&ssl=1","articleSection":["Homil\u00edas y reflexiones, A\u00f1o A"],"inLanguage":"es","potentialAction":[{"@type":"CommentAction","name":"Comment","target":["https:\/\/vincentians.com\/es\/15o-to-rdizonreyes-cosas\/#respond"]}]},{"@type":"WebPage","@id":"https:\/\/vincentians.com\/es\/15o-to-rdizonreyes-cosas\/","url":"https:\/\/vincentians.com\/es\/15o-to-rdizonreyes-cosas\/","name":"15\u00ba Domingo de T.O. (reflexi\u00f3n de Rosalino Dizon Reyes) - Somos Vicencianos","isPartOf":{"@id":"https:\/\/vincentians.com\/es\/#website"},"primaryImageOfPage":{"@id":"https:\/\/vincentians.com\/es\/15o-to-rdizonreyes-cosas\/#primaryimage"},"image":{"@id":"https:\/\/vincentians.com\/es\/15o-to-rdizonreyes-cosas\/#primaryimage"},"thumbnailUrl":"https:\/\/i0.wp.com\/vincentians.com\/es\/wp-content\/uploads\/sites\/11\/2016\/07\/reflexiones-ross.jpg?fit=1200%2C630&ssl=1","datePublished":"2017-07-11T20:30:33+00:00","dateModified":"2017-07-12T05:21:32+00:00","description":"En Jes\u00fas habita toda la plenitud de la divinidad en forma corporal. \u00c9l es el m\u00e1s pleno sentido de las cosas y quien nos lo descubre.","breadcrumb":{"@id":"https:\/\/vincentians.com\/es\/15o-to-rdizonreyes-cosas\/#breadcrumb"},"inLanguage":"es","potentialAction":[{"@type":"ReadAction","target":["https:\/\/vincentians.com\/es\/15o-to-rdizonreyes-cosas\/"]}]},{"@type":"ImageObject","inLanguage":"es","@id":"https:\/\/vincentians.com\/es\/15o-to-rdizonreyes-cosas\/#primaryimage","url":"https:\/\/i0.wp.com\/vincentians.com\/es\/wp-content\/uploads\/sites\/11\/2016\/07\/reflexiones-ross.jpg?fit=1200%2C630&ssl=1","contentUrl":"https:\/\/i0.wp.com\/vincentians.com\/es\/wp-content\/uploads\/sites\/11\/2016\/07\/reflexiones-ross.jpg?fit=1200%2C630&ssl=1","width":1200,"height":630},{"@type":"BreadcrumbList","@id":"https:\/\/vincentians.com\/es\/15o-to-rdizonreyes-cosas\/#breadcrumb","itemListElement":[{"@type":"ListItem","position":1,"name":"Portada","item":"https:\/\/vincentians.com\/es\/"},{"@type":"ListItem","position":2,"name":"15\u00ba Domingo de T.O. (reflexi\u00f3n de Rosalino Dizon Reyes)"}]},{"@type":"WebSite","@id":"https:\/\/vincentians.com\/es\/#website","url":"https:\/\/vincentians.com\/es\/","name":"Somos Vicencianos","description":"Know more to serve more","publisher":{"@id":"https:\/\/vincentians.com\/es\/#organization"},"potentialAction":[{"@type":"SearchAction","target":{"@type":"EntryPoint","urlTemplate":"https:\/\/vincentians.com\/es\/?s={search_term_string}"},"query-input":{"@type":"PropertyValueSpecification","valueRequired":true,"valueName":"search_term_string"}}],"inLanguage":"es"},{"@type":"Organization","@id":"https:\/\/vincentians.com\/es\/#organization","name":"The Vincentian Network","url":"https:\/\/vincentians.com\/es\/","logo":{"@type":"ImageObject","inLanguage":"es","@id":"https:\/\/vincentians.com\/es\/#\/schema\/logo\/image\/","url":"https:\/\/i1.wp.com\/vincentians.com\/es\/wp-content\/uploads\/sites\/11\/2016\/06\/Vincentian-Network-logo-big.png?fit=778%2C778","contentUrl":"https:\/\/i1.wp.com\/vincentians.com\/es\/wp-content\/uploads\/sites\/11\/2016\/06\/Vincentian-Network-logo-big.png?fit=778%2C778","width":778,"height":778,"caption":"The Vincentian Network"},"image":{"@id":"https:\/\/vincentians.com\/es\/#\/schema\/logo\/image\/"},"sameAs":["https:\/\/www.facebook.com\/WeAreVincentians\/","https:\/\/x.com\/WeVincentians"]},{"@type":"Person","@id":"https:\/\/vincentians.com\/es\/#\/schema\/person\/6b250b52a52e7af2128e08c36145865d","name":"Ross Reyes Dizon","image":{"@type":"ImageObject","inLanguage":"es","@id":"https:\/\/vincentians.com\/es\/#\/schema\/person\/image\/","url":"https:\/\/secure.gravatar.com\/avatar\/84437f3208f798bde5b9b066b0f340b70134675aa8c7b7ec4464b9808a05c195?s=96&d=mm&r=g","contentUrl":"https:\/\/secure.gravatar.com\/avatar\/84437f3208f798bde5b9b066b0f340b70134675aa8c7b7ec4464b9808a05c195?s=96&d=mm&r=g","caption":"Ross Reyes Dizon"},"description":"Ross owes his formation to Filipino, Spanish and U.S. Vincentian missionaries. A native of the Philippines, he now lives in Vallejo, California, with his wife Melody. They have two grown-up sons, Vincent and Justin, and are full-time babysitters to grandchildren, Maximilian Fr\u00e9d\u00e9ric and Vivianna Louise. Ross volunteers at Margaret Todd Senior Center, Novato, California, teaching a free weekly citizenship class for mostly Spanish-speakers.","url":"https:\/\/vincentians.com\/es\/author\/rosalino\/"}]}},"jetpack_publicize_connections":[],"jetpack_featured_media_url":"https:\/\/i0.wp.com\/vincentians.com\/es\/wp-content\/uploads\/sites\/11\/2016\/07\/reflexiones-ross.jpg?fit=1200%2C630&ssl=1","jetpack_sharing_enabled":true,"jetpack_shortlink":"https:\/\/wp.me\/p7ETMF-1Gkt","jetpack-related-posts":[{"id":169008,"url":"https:\/\/vincentians.com\/es\/11o-domingo-de-t-o-reflexion-de-jose-roman-flecha\/","url_meta":{"origin":401045,"position":0},"title":"11\u00ba Domingo de T.O. (reflexi\u00f3n de Jos\u00e9 Rom\u00e1n Flecha)","author":"Francisco Javier Fern\u00e1ndez Chento","date":"09\/06\/2015","format":false,"excerpt":"\u00c1RBOLES Y AVES Domingo 11\u00ba del Tiempo Ordinario. B. 14 de junio de 2015 \u201cArrancar\u00e9 una rama del alto cedro y la plantar\u00e9\u2026Y todos los \u00e1rboles silvestres sabr\u00e1n que yo soy el Se\u00f1or, que humilla los \u00e1rboles altos y ensalza los \u00e1rboles humildes, seca los \u00e1rboles lozanos y hace florecer\u2026","rel":"","context":"En \u00abHomil\u00edas y reflexiones, A\u00f1o B\u00bb","block_context":{"text":"Homil\u00edas y reflexiones, A\u00f1o B","link":"https:\/\/vincentians.com\/es\/category\/homilias-y-reflexiones-a-la-palabra-de-dios\/homilias-y-reflexiones-ano-b\/"},"img":{"alt_text":"","src":"https:\/\/i0.wp.com\/vincentians.com\/es\/wp-content\/uploads\/sites\/11\/2016\/07\/reflexiones-palabra-de-dios.jpg?fit=1200%2C630&ssl=1&resize=350%2C200","width":350,"height":200,"srcset":"https:\/\/i0.wp.com\/vincentians.com\/es\/wp-content\/uploads\/sites\/11\/2016\/07\/reflexiones-palabra-de-dios.jpg?fit=1200%2C630&ssl=1&resize=350%2C200 1x, https:\/\/i0.wp.com\/vincentians.com\/es\/wp-content\/uploads\/sites\/11\/2016\/07\/reflexiones-palabra-de-dios.jpg?fit=1200%2C630&ssl=1&resize=525%2C300 1.5x, https:\/\/i0.wp.com\/vincentians.com\/es\/wp-content\/uploads\/sites\/11\/2016\/07\/reflexiones-palabra-de-dios.jpg?fit=1200%2C630&ssl=1&resize=700%2C400 2x, https:\/\/i0.wp.com\/vincentians.com\/es\/wp-content\/uploads\/sites\/11\/2016\/07\/reflexiones-palabra-de-dios.jpg?fit=1200%2C630&ssl=1&resize=1050%2C600 3x"},"classes":[]},{"id":135771,"url":"https:\/\/vincentians.com\/es\/11o-domingo-de-tiempo-ordinario-reflexion-de-jose-antonio-pagola\/","url_meta":{"origin":401045,"position":1},"title":"11\u00ba Domingo de Tiempo Ordinario (reflexi\u00f3n de Jos\u00e9 Antonio Pagola)","author":"Francisco Javier Fern\u00e1ndez Chento","date":"11\/06\/2012","format":false,"excerpt":"Con humildad y con confianza A Jes\u00fas le preocupaba mucho que sus seguidores terminaran un d\u00eda desalentados al ver que sus esfuerzos por un mundo m\u00e1s humano y dichoso no obten\u00edan el \u00e9xito esperado. \u00bfOlvidar\u00edan el reino de Dios? \u00bfMantendr\u00edan su confianza en el Padre? Lo m\u00e1s importante es que\u2026","rel":"","context":"En \u00abHomil\u00edas y reflexiones, A\u00f1o B\u00bb","block_context":{"text":"Homil\u00edas y reflexiones, A\u00f1o B","link":"https:\/\/vincentians.com\/es\/category\/homilias-y-reflexiones-a-la-palabra-de-dios\/homilias-y-reflexiones-ano-b\/"},"img":{"alt_text":"","src":"https:\/\/i0.wp.com\/vincentians.com\/es\/wp-content\/uploads\/sites\/11\/2016\/07\/reflexiones-pagola.jpg?fit=1200%2C630&ssl=1&resize=350%2C200","width":350,"height":200,"srcset":"https:\/\/i0.wp.com\/vincentians.com\/es\/wp-content\/uploads\/sites\/11\/2016\/07\/reflexiones-pagola.jpg?fit=1200%2C630&ssl=1&resize=350%2C200 1x, https:\/\/i0.wp.com\/vincentians.com\/es\/wp-content\/uploads\/sites\/11\/2016\/07\/reflexiones-pagola.jpg?fit=1200%2C630&ssl=1&resize=525%2C300 1.5x, https:\/\/i0.wp.com\/vincentians.com\/es\/wp-content\/uploads\/sites\/11\/2016\/07\/reflexiones-pagola.jpg?fit=1200%2C630&ssl=1&resize=700%2C400 2x, https:\/\/i0.wp.com\/vincentians.com\/es\/wp-content\/uploads\/sites\/11\/2016\/07\/reflexiones-pagola.jpg?fit=1200%2C630&ssl=1&resize=1050%2C600 3x"},"classes":[]},{"id":173794,"url":"https:\/\/vincentians.com\/es\/11o-domingo-de-t-o-reflexion-de-la-s-s-v-p-en-espana\/","url_meta":{"origin":401045,"position":2},"title":"11\u00ba Domingo de T.O. (reflexi\u00f3n de la S.S.V.P. en Espa\u00f1a)","author":"Francisco Javier Fern\u00e1ndez Chento","date":"13\/06\/2015","format":false,"excerpt":"\u201cLa caridad es el centro que une a la comunidad con Dios y con los dem\u00e1s\u201d (SvdeP) El Evangelio nos presenta dos par\u00e1bolas: la de la semilla que germina lentamente y la del grano de mostaza que crece hasta convertirse en arbusto. Estas par\u00e1bolas evocan el estado glorioso del Reino\u2026","rel":"","context":"En \u00abHomil\u00edas y reflexiones, A\u00f1o B\u00bb","block_context":{"text":"Homil\u00edas y reflexiones, A\u00f1o B","link":"https:\/\/vincentians.com\/es\/category\/homilias-y-reflexiones-a-la-palabra-de-dios\/homilias-y-reflexiones-ano-b\/"},"img":{"alt_text":"","src":"https:\/\/i0.wp.com\/vincentians.com\/es\/wp-content\/uploads\/sites\/11\/2016\/07\/reflexiones-palabra-de-dios.jpg?fit=1200%2C630&ssl=1&resize=350%2C200","width":350,"height":200,"srcset":"https:\/\/i0.wp.com\/vincentians.com\/es\/wp-content\/uploads\/sites\/11\/2016\/07\/reflexiones-palabra-de-dios.jpg?fit=1200%2C630&ssl=1&resize=350%2C200 1x, https:\/\/i0.wp.com\/vincentians.com\/es\/wp-content\/uploads\/sites\/11\/2016\/07\/reflexiones-palabra-de-dios.jpg?fit=1200%2C630&ssl=1&resize=525%2C300 1.5x, https:\/\/i0.wp.com\/vincentians.com\/es\/wp-content\/uploads\/sites\/11\/2016\/07\/reflexiones-palabra-de-dios.jpg?fit=1200%2C630&ssl=1&resize=700%2C400 2x, https:\/\/i0.wp.com\/vincentians.com\/es\/wp-content\/uploads\/sites\/11\/2016\/07\/reflexiones-palabra-de-dios.jpg?fit=1200%2C630&ssl=1&resize=1050%2C600 3x"},"classes":[]},{"id":144277,"url":"https:\/\/vincentians.com\/es\/5o-domingo-de-pascua-reflexion-de-alfonso-berrade-c-m\/","url_meta":{"origin":401045,"position":3},"title":"5\u00ba Domingo de Pascua (reflexi\u00f3n de Alfonso Berrade, C.M.)","author":"Francisco Javier Fern\u00e1ndez Chento","date":"03\/05\/2015","format":false,"excerpt":"Los campesinos s\u00ed le entienden Cuando yo empec\u00e9 a leer los evangelios al entrar en el colegio, me parec\u00eda que Jes\u00fas hab\u00eda vivido toda su vida en mi pueblo. Captaba bien lo del buen pastor, las ramas del \u00e1rbol que dan fruto, entend\u00eda lo de la poda, el sembrador que\u2026","rel":"","context":"En \u00abHomil\u00edas y reflexiones, A\u00f1o B\u00bb","block_context":{"text":"Homil\u00edas y reflexiones, A\u00f1o B","link":"https:\/\/vincentians.com\/es\/category\/homilias-y-reflexiones-a-la-palabra-de-dios\/homilias-y-reflexiones-ano-b\/"},"img":{"alt_text":"","src":"https:\/\/i0.wp.com\/vincentians.com\/es\/wp-content\/uploads\/sites\/11\/2016\/07\/reflexiones-palabra-de-dios.jpg?fit=1200%2C630&ssl=1&resize=350%2C200","width":350,"height":200,"srcset":"https:\/\/i0.wp.com\/vincentians.com\/es\/wp-content\/uploads\/sites\/11\/2016\/07\/reflexiones-palabra-de-dios.jpg?fit=1200%2C630&ssl=1&resize=350%2C200 1x, https:\/\/i0.wp.com\/vincentians.com\/es\/wp-content\/uploads\/sites\/11\/2016\/07\/reflexiones-palabra-de-dios.jpg?fit=1200%2C630&ssl=1&resize=525%2C300 1.5x, https:\/\/i0.wp.com\/vincentians.com\/es\/wp-content\/uploads\/sites\/11\/2016\/07\/reflexiones-palabra-de-dios.jpg?fit=1200%2C630&ssl=1&resize=700%2C400 2x, https:\/\/i0.wp.com\/vincentians.com\/es\/wp-content\/uploads\/sites\/11\/2016\/07\/reflexiones-palabra-de-dios.jpg?fit=1200%2C630&ssl=1&resize=1050%2C600 3x"},"classes":[]},{"id":172843,"url":"https:\/\/vincentians.com\/es\/11o-domingo-de-t-o-reflexion-de-antonio-elduayen-c-m\/","url_meta":{"origin":401045,"position":4},"title":"11\u00ba Domingo de T.O. (reflexi\u00f3n de Antonio Elduayen, C.M.)","author":"Francisco Javier Fern\u00e1ndez Chento","date":"11\/06\/2015","format":false,"excerpt":"Queridos amigos La par\u00e1bola del evangelio de hoy (Mc 4, 26-34) es un Canto a la Vida. Habla del hombre que echa una semilla en la tierra y germina y va creciendo y echa tallo, luego espiga y despu\u00e9s fruto. Sin que \u00e9l haga algo ni sepa c\u00f3mo\u2026 \u00bfNo es\u2026","rel":"","context":"En \u00abHomil\u00edas y reflexiones, A\u00f1o B\u00bb","block_context":{"text":"Homil\u00edas y reflexiones, A\u00f1o B","link":"https:\/\/vincentians.com\/es\/category\/homilias-y-reflexiones-a-la-palabra-de-dios\/homilias-y-reflexiones-ano-b\/"},"img":{"alt_text":"","src":"https:\/\/i0.wp.com\/vincentians.com\/es\/wp-content\/uploads\/sites\/11\/2016\/07\/reflexiones-palabra-de-dios.jpg?fit=1200%2C630&ssl=1&resize=350%2C200","width":350,"height":200,"srcset":"https:\/\/i0.wp.com\/vincentians.com\/es\/wp-content\/uploads\/sites\/11\/2016\/07\/reflexiones-palabra-de-dios.jpg?fit=1200%2C630&ssl=1&resize=350%2C200 1x, https:\/\/i0.wp.com\/vincentians.com\/es\/wp-content\/uploads\/sites\/11\/2016\/07\/reflexiones-palabra-de-dios.jpg?fit=1200%2C630&ssl=1&resize=525%2C300 1.5x, https:\/\/i0.wp.com\/vincentians.com\/es\/wp-content\/uploads\/sites\/11\/2016\/07\/reflexiones-palabra-de-dios.jpg?fit=1200%2C630&ssl=1&resize=700%2C400 2x, https:\/\/i0.wp.com\/vincentians.com\/es\/wp-content\/uploads\/sites\/11\/2016\/07\/reflexiones-palabra-de-dios.jpg?fit=1200%2C630&ssl=1&resize=1050%2C600 3x"},"classes":[]},{"id":175158,"url":"https:\/\/vincentians.com\/es\/11o-domingo-de-t-o-reflexion-de-jose-cervantes-gabarron\/","url_meta":{"origin":401045,"position":5},"title":"11\u00ba Domingo de T.O. (reflexi\u00f3n de Jos\u00e9 Cervantes Gabarr\u00f3n)","author":"Francisco Javier Fern\u00e1ndez Chento","date":"14\/06\/2015","format":false,"excerpt":"El crecimiento del Reino de Dios Al comienzo del Evangelio de Marcos, \u00e9ste presenta claves fundamentales para la lectura de su obra: \u201cJes\u00fas fue predicando el Evangelio de Dios y diciendo: Se ha cumplido el plazo y se ha acercado el Reino de Dios; convi\u00e9rtanse y crean en el Evangelio\u201d\u2026","rel":"","context":"En \u00abHomil\u00edas y reflexiones, A\u00f1o B\u00bb","block_context":{"text":"Homil\u00edas y reflexiones, A\u00f1o B","link":"https:\/\/vincentians.com\/es\/category\/homilias-y-reflexiones-a-la-palabra-de-dios\/homilias-y-reflexiones-ano-b\/"},"img":{"alt_text":"","src":"https:\/\/i0.wp.com\/vincentians.com\/es\/wp-content\/uploads\/sites\/11\/2016\/07\/reflexiones-palabra-de-dios.jpg?fit=1200%2C630&ssl=1&resize=350%2C200","width":350,"height":200,"srcset":"https:\/\/i0.wp.com\/vincentians.com\/es\/wp-content\/uploads\/sites\/11\/2016\/07\/reflexiones-palabra-de-dios.jpg?fit=1200%2C630&ssl=1&resize=350%2C200 1x, https:\/\/i0.wp.com\/vincentians.com\/es\/wp-content\/uploads\/sites\/11\/2016\/07\/reflexiones-palabra-de-dios.jpg?fit=1200%2C630&ssl=1&resize=525%2C300 1.5x, https:\/\/i0.wp.com\/vincentians.com\/es\/wp-content\/uploads\/sites\/11\/2016\/07\/reflexiones-palabra-de-dios.jpg?fit=1200%2C630&ssl=1&resize=700%2C400 2x, https:\/\/i0.wp.com\/vincentians.com\/es\/wp-content\/uploads\/sites\/11\/2016\/07\/reflexiones-palabra-de-dios.jpg?fit=1200%2C630&ssl=1&resize=1050%2C600 3x"},"classes":[]}],"_links":{"self":[{"href":"https:\/\/vincentians.com\/es\/wp-json\/wp\/v2\/posts\/401045","targetHints":{"allow":["GET"]}}],"collection":[{"href":"https:\/\/vincentians.com\/es\/wp-json\/wp\/v2\/posts"}],"about":[{"href":"https:\/\/vincentians.com\/es\/wp-json\/wp\/v2\/types\/post"}],"author":[{"embeddable":true,"href":"https:\/\/vincentians.com\/es\/wp-json\/wp\/v2\/users\/3"}],"replies":[{"embeddable":true,"href":"https:\/\/vincentians.com\/es\/wp-json\/wp\/v2\/comments?post=401045"}],"version-history":[{"count":9,"href":"https:\/\/vincentians.com\/es\/wp-json\/wp\/v2\/posts\/401045\/revisions"}],"predecessor-version":[{"id":401054,"href":"https:\/\/vincentians.com\/es\/wp-json\/wp\/v2\/posts\/401045\/revisions\/401054"}],"wp:featuredmedia":[{"embeddable":true,"href":"https:\/\/vincentians.com\/es\/wp-json\/wp\/v2\/media\/388397"}],"wp:attachment":[{"href":"https:\/\/vincentians.com\/es\/wp-json\/wp\/v2\/media?parent=401045"}],"wp:term":[{"taxonomy":"category","embeddable":true,"href":"https:\/\/vincentians.com\/es\/wp-json\/wp\/v2\/categories?post=401045"},{"taxonomy":"post_tag","embeddable":true,"href":"https:\/\/vincentians.com\/es\/wp-json\/wp\/v2\/tags?post=401045"}],"curies":[{"name":"wp","href":"https:\/\/api.w.org\/{rel}","templated":true}]}}